{"id":55935,"date":"2023-11-04T17:43:16","date_gmt":"2023-11-04T16:43:16","guid":{"rendered":"https:\/\/speyer24news.com\/?p=55935"},"modified":"2023-11-04T17:43:19","modified_gmt":"2023-11-04T16:43:19","slug":"polizeimeldungen-samstag-04-11-23","status":"publish","type":"post","link":"https:\/\/speyer24news.com\/?p=55935","title":{"rendered":"Polizeimeldungen Samstag (04.11.23)"},"content":{"rendered":"<style type=\"text\/css\">\r\n\t.ads_top_disp{}\r\n\t.ads_top_corner_disp{ float:left; margin:0px 10px 10px 0px; }\r\n\t.ads_first_p_disp{}\r\n\t.ads_bottom_disp{}\r\n\t<\/style>\n<h2 class=\"wp-block-heading\">Polizeimeldungen vom Samstag (04.11.23)<\/h2>\n\n\n<div class=\"wp-block-image\">\n<figure class=\"aligncenter size-full\"><img decoding=\"async\" loading=\"lazy\" width=\"375\" height=\"500\" src=\"https:\/\/speyer24news.com\/wp-content\/uploads\/2022\/03\/Aktuelles-Polizeilogo.jpg\" alt=\"\" class=\"wp-image-43591\" srcset=\"https:\/\/speyer24news.com\/wp-content\/uploads\/2022\/03\/Aktuelles-Polizeilogo.jpg 375w, https:\/\/speyer24news.com\/wp-content\/uploads\/2022\/03\/Aktuelles-Polizeilogo-225x300.jpg 225w\" sizes=\"(max-width: 375px) 100vw, 375px\" \/><\/figure><\/div>\n\n\n<h2 class=\"wp-block-heading\">(Speyer) &#8211; Verkehrsunfall mit Verletzten und hohem Sachschaden<\/h2>\n\n\n\n<p>Am Freitag, gegen 19:04 Uhr, kam es in Speyer zu einem Verkehrsunfall zwischen zwei Pkw. Der 28-j\u00e4hrige Verkehrsunfallverursacher wollte von der Theodor-Heuss-Stra\u00dfe nach links in die Heinrich-Heine-Stra\u00dfe abbiegen und \u00fcbersah den 22-j\u00e4hrigen entgegenkommenden Unfallgegner, welcher die Theodor-Heuss-Stra\u00dfe in Richtung Dudenhofener Stra\u00dfe befuhr. Es kam zum Zusammensto\u00df der beiden Fahrzeuge, sodass diese nicht mehr fahrbereit waren. Beide Fahrzeugf\u00fchrer wurden durch den Zusammensto\u00df leicht verletzt und anschlie\u00dfend medizinisch betreut. Die Unfall\u00f6rtlichkeit wurde mit Unterst\u00fctzung der Feuerwehr Speyer bis zum Abschleppen der Fahrzeuge abgesichert. An beiden Fahrzeugen entstand ein wirtschaftlicher Totalschaden von sch\u00e4tzungsweise 45.000 Euro.<\/p>\n\n\n\n<h2 class=\"wp-block-heading\">(R\u00f6merberg) &#8211; Verkehrsunfall unter Alkoholeinfluss<\/h2>\n\n\n\n<p>Am Freitagabend, um 22:07 Uhr, befuhr eine 30-j\u00e4hrige Frau mit ihrem Pkw die Bergh\u00e4user Stra\u00dfe in R\u00f6merberg. Hierbei verlor die Fahrerin die Kontrolle \u00fcber ihr Fahrzeug und kollidierte mit einem am rechten Fahrbahnrand geparkten Pkw, sodass dieser wiederrum auf einen weiteren Pkw aufgeschoben wurde. Bei der 30-J\u00e4hrigen konnte im Rahmen der Unfallaufnahme Alkoholgeruch festgestellt werden. Ein Atemalkoholtest ergab einen Wert von 1,27 Promille. An den drei beteiligten Fahrzeugen entstand ein Sachschaden im niedrigen f\u00fcnfstelligen Bereich. Der F\u00fchrerschein der Fahrerin wurde sichergestellt, zudem wird gegen sie ein Strafverfahren wegen einer Verkehrsgef\u00e4hrdung eingeleitet.<\/p>\n\n\n\n<h2 class=\"wp-block-heading\">(W\u00f6rth) &#8211; Auf frischer Tat gefasst<\/h2>\n\n\n\n<p>Am Freitagabend konnte in W\u00f6rth ein 48-j\u00e4hriger Mann beim Diebstahl von einem bef\u00fcllten Wasserkanister und einem Ladekabel aus zwei unverschlossenen LKW gefasst werden. Der Mann wurde durch aufmerksame B\u00fcrger bei seiner Tat beobachtet. Der 48-J\u00e4hrige wurde zur Durchf\u00fchrung weiterer Ma\u00dfnahmen zur Polizeiinspektion nach W\u00f6rth gebracht. Ein Atemalkoholtest ergab zudem 1,01 Promille. Da der Mann selbst mit seinem LKW in der N\u00e4he des Tatortes parkte und eine Fahrt unter Alkoholeinfluss ausgeschlossen werden sollte, wurde der Fahrzeugschl\u00fcssel sichergestellt.<\/p>\n\n\n\n<h2 class=\"wp-block-heading\">(Oberotterbach) &#8211; Unfall im Begegnungsverkehr<\/h2>\n\n\n\n<p>Am 3.11.23, gg. 15:10 Uhr kam es auf der Bundesstra\u00dfe 38, zwischen den Ortschaften Oberotterbach und Bad Bergzabern zu einem Unfall im Begegnungsverkehr. Hierbei stie\u00dfen die sich begegnenden PKW mit den Au\u00dfenspiegeln der Fahrerseiten zusammen. Beide gaben an, jeweils rechts gefahren zu sein. <\/p>\n\n\n\n<ul>\n<li><strong>F\u00fcr den Unfall soll es weitere Zeugen geben. Diese werden gebeten sich bei der Polizeiinspektion Bad Bergzabern Telefon 0634393340 zu melden.<\/strong><\/li>\n<\/ul>\n\n\n\n<h2 class=\"wp-block-heading\">(Klingenm\u00fcnster) &#8211; Wohnungseinbruch<\/h2>\n\n\n\n<p>Am 3.11.23 kam es in der Hilsengasse zu einem Einbruch in ein Einfamilienhaus. Zwischen 19:00 und 20:45 Uhr schlugen bisher unbekannte T\u00e4ter eine Scheibe der r\u00fcckw\u00e4rtigen Terassent\u00fcr ein und entwendeten Gegenst\u00e4nde. Der genaue Schaden muss noch erhoben werden. Die Kriminalpolizei Landau \u00fcbernahm sofort die Sachbearbeitung. <\/p>\n\n\n\n<ul>\n<li><strong>Zeugen k\u00f6nnen Hinweise an die Polizeiinspektion Bad Bergzabern oder die Kriminalinspektion Landau geben.<\/strong><\/li>\n<\/ul>\n\n\n\n<h2 class=\"wp-block-heading\">(Landau) &#8211; &#8222;Katapult&#8220; &#8211; Messe f\u00fcr Beruf und Bildung in der Jugendstil-Festhalle \/ Nachwuchswerber der Polizeidirektion Landau im Einsatz<a href=\"https:\/\/www.facebook.com\/sharer.php?u=https%3A%2F%2Fwww.presseportal.de%2Fblaulicht%2Fpm%2F117686%2F5641379%2F%3Futm_source%3Dfacebook%26utm_medium%3Dsocial\"><\/a><a href=\"https:\/\/twitter.com\/intent\/tweet?text=POL-PDLD%3A%20%22Katapult%22%20-%20Messe%20f%C3%BCr%20Beruf%20und%20Bildung%20in%20der%20Jugendstil-Festhalle%20-%20Nachwuchswerber%20der%20Polizeidirektion%20Landau%20im%20Einsatz&amp;url=https%3A%2F%2Fwww.presseportal.de%2Fblaulicht%2Fpm%2F117686%2F5641379%2F%3Futm_source%3Dtwitter%26utm_medium%3Dsocial&amp;hashtags=ots&amp;lang=de\"><\/a><a href=\"https:\/\/web.whatsapp.com\/send?text=POL-PDLD%3A%20%22Katapult%22%20-%20Messe%20f%C3%BCr%20Beruf%20und%20Bildung%20in%20der%20Jugendstil-Festhalle%20-%20Nachwuchswerber%20der%20Polizeidirektion%20Landau%20im%20Einsatz%0A%0Ahttps%3A%2F%2Fwww.presseportal.de%2Fblaulicht%2Fpm%2F117686%2F5641379%2F%3Futm_source%3Dwhatsapp%26utm_medium%3Dsocial\"><\/a><a href=\"https:\/\/www.xing.com\/app\/user?op=share;url=https%3A%2F%2Fwww.presseportal.de%2Fblaulicht%2Fpm%2F117686%2F5641379%2F%3Futm_source%3Dxing%26utm_medium%3Dsocial\"><\/a><a href=\"http:\/\/www.linkedin.com\/shareArticle?mini=true&amp;url=https%3A%2F%2Fwww.presseportal.de%2Fblaulicht%2Fpm%2F117686%2F5641379%2F%3Futm_source%3Dlinkedin%26utm_medium%3Dsocial&amp;title=POL-PDLD%3A+%22Katapult%22+-+Messe+f%C3%BCr+Beruf+und+Bildung+in+der+Jugendstil-Festhalle+-+Nachwuchswerber+der+Polizeidirektion+Landau+im+Einsatz\"><\/a><a href=\"mailto:?subject=POL-PDLD%3A%20%22Katapult%22%20-%20Messe%20f%C3%BCr%20Beruf%20und%20Bildung%20in%20der%20Jugendstil-Festhalle%20-%20Nachwuchswerber%20der%20Polizeidirektion%20Landau%20im%20Einsatz&amp;body=https:\/\/www.presseportal.de\/blaulicht\/pm\/117686\/5641379\"><\/a><\/h2>\n\n\n<div class=\"wp-block-image\">\n<figure class=\"aligncenter\"><a href=\"https:\/\/cache.pressmailing.net\/thumbnail\/story_hires\/a949d1f4-0af9-4e2e-a77b-24e825ad52fc\/Nachwuchsf%C3%B6rderung.jpg.jpg\"><img decoding=\"async\" src=\"https:\/\/cache.pressmailing.net\/thumbnail\/story_big\/a949d1f4-0af9-4e2e-a77b-24e825ad52fc\/pol-pdld-katapult-messe-f-r-beruf-und-bildung-in-der-jugendstil-festhalle-nachwuchswerber-der-polize\" alt=\"POL-PDLD: &quot;Katapult&quot; - Messe f\u00fcr Beruf und Bildung in der Jugendstil-Festhalle - Nachwuchswerber der Polizeidirektion Landau im Einsatz\"\/><\/a><\/figure><\/div>\n\n\n<p>&#8222;Dein Einsatz z\u00e4hlt. Komm ins Team!&#8220; Am heutigen Samstag, 04\/11\/2023, findet in der Landauer Jugendstil-Festhalle von 10-16 Uhr die diesj\u00e4hrige Katapult-Messe statt. Von 10-16 Uhr informieren die Einstellungsberater der S\u00fcdpfalz-Dienststellen \u00fcber den Polizeiberuf und das Studium zum Polizeikommissar bzw. der Polizeikommissarin an der Hochschule der Polizei. Au\u00dferdem beantworten wir alle Fragen zu den vorhandenen Aufstiegs- und Weiterbildungsm\u00f6glichkeiten.<\/p>\n\n\n\n<p>Wir freuen uns auf Ihren Besuch und stehen f\u00fcr Ihre Fragen bereit.<\/p>\n\n\n\n<h2 class=\"wp-block-heading\">(Sankt Martin) &#8211; Geparkter PKW verkratzt<\/h2>\n\n\n\n<p>Von Freitag auf Samstag stand ein silberner VW Multivan Am Pfarrgarten in Sankt Martin. Durch Unbekannte wurde an diesem Fahrzeug die Beifahrerseite verkratzt, wodurch ein Schaden in H\u00f6he von 2000 EUR entstand. <\/p>\n\n\n\n<ul>\n<li><strong>Zeugen, welche Hinweise zu der Tat geben k\u00f6nnen, werden gebeten, sich bei der PI Edenkoben per E-Mail:\u00a0<a href=\"mailto:%20piedenkoben@polizei.rlp.de\">piedenkoben@polizei.rlp.de<\/a>\u00a0oder telefonisch, 06323\/ 955-0, zu melden.<\/strong><\/li>\n<\/ul>\n\n\n\n<h2 class=\"wp-block-heading\">(Maikammer) &#8211; Geparkter PKW verkrtzt<\/h2>\n\n\n\n<p>Im Laufe des fr\u00fchen Samstags, wurde in Maikammer ein PKW besch\u00e4digt. Das Fahrzeug, ein schwarzer Audi, stand in der St.-Martiner-Stra\u00dfe in Maikammer. Durch Unbekannte wurden auf der Fahrerseite mehrere Kratzer verursacht, die Schadensh\u00f6he bel\u00e4uft sich auf ca. 2000 Euro. <\/p>\n\n\n\n<ul>\n<li><strong>Zeugen, welche Hinweise zu der Tat geben k\u00f6nnen, werden gebeten, sich bei der PI Edenkoben per E-Mail:\u00a0<a href=\"mailto:%20piedenkoben@polizei.rlp.de\">piedenkoben@polizei.rlp.de<\/a>\u00a0oder telefonisch, 06323\/ 955-0, zu melden.<\/strong><\/li>\n<\/ul>\n\n\n\n<h2 class=\"wp-block-heading\">(Weisenheim am Berg) &#8211; Bei Fahrzeugkontrolle Atemalkoholgeruch festgestellt<\/h2>\n\n\n\n<p>Im Rahmen einer Verkehrskontrolle am 03.11.2023, um 23:20 Uhr auf der Landesstra\u00dfe 517 in Weisenheim am Berg konnte bei der 58-j\u00e4hrigen Fahrerin, aus dem Landkreis Bad D\u00fcrkheim, eines Audis, Atemalkoholgeruch wahrgenommen werden. Bei der Kontrolle konnte eine Atemalkoholkonzentration von 0,55 Promille festgestellt werden. Die Weiterfahrt wurde der Frau untersagt. Diese erwartet nun ein Bu\u00dfgeld in H\u00f6he von 500 EUR und 1 Monat Fahrverbot.<\/p>\n\n\n\n<h2 class=\"wp-block-heading\">(Bad D\u00fcrkheim) &#8211; Fahrer verliert Kontrolle und landet im Wingert<\/h2>\n\n\n\n<p>Am 03.11.2023, um 16:25 Uhr befuhr der 29-j\u00e4hrige Fahrer aus dem Landkreis Bad D\u00fcrkheim mit seinem Cupra Born die Friedelsheimer Stra\u00dfe in Bad D\u00fcrkheim in Richtung Kreisstra\u00dfe 7.Beim Abbiegen nach links auf die K 7 beschleunigte der Fahrer so stark, dass er die Kontrolle \u00fcber sein Fahrzeug verlor und in Folge nach rechts von der Fahrbahn abkam, einen Graben durchfuhr und im Wingert zum Stillstand kam. Es entstand Sachschaden an dem Pkw und an den Wingertszeilen. Der Schaden d\u00fcrfte sich auf ca. 15.000 EUR belaufen.<\/p>\n\n\n\n<h2 class=\"wp-block-heading\">(A 6 \/ Neuleiningen) &#8211; 16-j\u00e4hriger auf Autobahn unterwegs<\/h2>\n\n\n\n<p>Am 03.11.2023 gegen 17:00 Uhr wurde durch eine Streife der Autobahnpolizei Ruchheim ein VW Passat mit britischen Kennzeichen auf der BAB 6 in Richtung Mannheim fahrend festgestellt und auf dem Parkplatz Binsenplatz einer Verkehrskontrolle unterzogen. Hierbei konnte festgestellt werden, dass der Fahrer des VW erst 16 Jahre alt war und dementsprechend auch \u00fcber keine g\u00fcltige Fahrerlaubnis verf\u00fcgte. Gegen den 16-j\u00e4hrigen Niederl\u00e4nder und dessen Vater, der sich auf dem Beifahrersitz befand und Halter des Fahrzeugs war, wurde ein Strafverfahren wegen Fahrens ohne Fahrerlaubnis bzw. Zulassen des Fahrens ohne Fahrerlaubnis eingeleitet. Nach Abschluss der polizeilichen Ma\u00dfnahmen konnte die Reise nach einem Fahrertausch fortgef\u00fchrt werden.<\/p>\n\n\n\n<h2 class=\"wp-block-heading\">(Kleinkarlbach) &#8211; Verkehrsunfallflucht mit besch\u00e4digter Sandsteinmauer<\/h2>\n\n\n\n<p>Am 03.11.2023 wurde der Polizeiinspektion Gr\u00fcnstadt eine Verkehrsunfallflucht in der Hauptstra\u00dfe in Kleinkarlbach gemeldet.<\/p>\n\n\n\n<p>Ein bislang unbekanntes Fahrzeug kollidierte im Zeitraum zwischen dem 02.11.2023, 16:30 Uhr bis 03.11.2023, 15:00 Uhr mit einer Sandsteinmauer und verursachte einen Sachschaden von circa 3000 Euro. Nach Einsch\u00e4tzung der Beamten steht zu vermuten, dass es sich bei dem Unfallfahrzeug um einen LKW mit Anh\u00e4nger handeln k\u00f6nnte.<\/p>\n\n\n\n<ul>\n<li><strong>Zeugen, die Hinweise zur Tat geben k\u00f6nnen, werden gebeten, sich mit der Polizeiinspektion Gr\u00fcnstadt in Verbindung zu setzen.<\/strong><\/li>\n<\/ul>\n\n\n\n<h2 class=\"wp-block-heading\">(Bockenheim) &#8211; Verkehrsunfallflucht \/ Zeugen gesucht<\/h2>\n\n\n\n<p>Im Zeitraum vom 30.10.2023, 08:30 Uhr bis zum 31.10.2023, 15:30 Uhr parkte die Gesch\u00e4digte mit ihrem grauen Hyundai auf dem \u00f6ffentlichen Parkplatz in der N\u00e4he des Sportplatzes in Bockenheim\/W. Ein bislang unbekanntes Fahrzeug besch\u00e4digte vermutlich bei einem Parkvorgang ihr Fahrzeug an der hinteren Sto\u00dfstange und entfernte sich daraufhin von der Unfall\u00f6rtlichkeit.<\/p>\n\n\n\n<p>Der Schaden d\u00fcrfte sich auf circa 700 Euro belaufen.<\/p>\n\n\n\n<ul>\n<li><strong>Zeugen, die Hinweise zur Tat geben k\u00f6nnen, werden gebeten, sich mit der Polizeiinspektion Gr\u00fcnstadt in Verbindung zu setzen.<\/strong><\/li>\n<\/ul>\n\n\n\n<h2 class=\"wp-block-heading\">(Frankenthal) &#8211; T\u00e4terfestnahme nach Diebstahl auf Wertstoffhof<\/h2>\n\n\n\n<p>Am Freitag, gegen 19:30 Uhr, wurde durch einen aufmerksamen Zeugen Taschenlampenschein auf dem Wertstoffhof in Frankenthal gemeldet. Bei Erblicken des Streifenwagens fl\u00fcchteten zwei Personen. Im Rahmen der Nahbereichsfahndung konnte ein in der N\u00e4he geparktes Auto mit ausl\u00e4ndischer L\u00e4nderkennung festgestellt werden. Im Kofferraum und neben dem Auto befand sich die Tatbeute. Ein T\u00e4ter, ein 21-J\u00e4hriger, konnte im Rahmen der Fahndungsma\u00dfnahmen festgestellt und festgenommen werden. Gegen ihn wurde ein Strafverfahren wegen des besonders schweren Falls des Diebstahls eingeleitet.<\/p>\n\n\n\n<h2 class=\"wp-block-heading\">(Frankenthal) &#8211; Auto mit Gartenmauer kollidiert \/ Fahrer leicht verletzt<\/h2>\n\n\n\n<p>Am Freitag, gegen 11:00 Uhr, kam es im Friedensring in Frankenthal zu einem Verkehrsunfall. Ein 19-J\u00e4hriger kollidierte mit seinem Auto beim Linksabbiegen aus bislang ungekl\u00e4rter Ursache zun\u00e4chst mit einem geparkten Auto und sodann mit einer Gartenmauer. Sowohl am Auto als auch an der Gartenmauer entstand Sachschaden. Die drei Mitfahrer blieben unverletzt. Der Autofahrer wurde leicht verletzt. Das Fahrzeug des Unfallverursachers war nicht mehr fahrbereit und musste abgeschleppt werden.<\/p>\n\n\n\n<h2 class=\"wp-block-heading\">(Ludwigshafen) &#8211; T\u00e4terfestnahme nach Einbruch in Kleingartenanlage<\/h2>\n\n\n<div class=\"wp-block-image\">\n<figure class=\"aligncenter size-full\"><img decoding=\"async\" loading=\"lazy\" width=\"800\" height=\"533\" src=\"https:\/\/speyer24news.com\/wp-content\/uploads\/2020\/06\/Zelle.jpg\" alt=\"\" class=\"wp-image-28203\" srcset=\"https:\/\/speyer24news.com\/wp-content\/uploads\/2020\/06\/Zelle.jpg 800w, https:\/\/speyer24news.com\/wp-content\/uploads\/2020\/06\/Zelle-300x200.jpg 300w, https:\/\/speyer24news.com\/wp-content\/uploads\/2020\/06\/Zelle-768x512.jpg 768w\" sizes=\"(max-width: 800px) 100vw, 800px\" \/><figcaption class=\"wp-element-caption\">Beispielbild Zelle \/ Verhaftung, dient lediglich der Visualisierung<\/figcaption><\/figure><\/div>\n\n\n<p>Durch einen aufmerksamen P\u00e4chter konnte in der Nacht auf den 04.11.2023 beobachtet werden, dass mehrere Personen mit Taschenlampen durch Parzellen der Kleingartenanlage im Bereich der Stifterstra\u00dfe liefen. Durch die Beamten konnten die beiden Personen, ein 20-j\u00e4hriger Ludwigshafener und ein 17-j\u00e4hriger Jugendlicher aus Hannover, schlie\u00dflich bei Absuche der Parzellen \u00fcberrascht und festgenommen werden. Bei Durchsuchung konnte diverses Einbruchswerkzeug und Diebesgut sichergestellt werden. Bei Begehung der Kleingartenanlage konnte eine Vielzahl angegangener Parzellen festgestellt werden. Zurzeit stehen die Ermittlungen der gesch\u00e4digten Parzellenbesitzer und die Zuordnung des Diebesguts jedoch noch aus.<\/p>\n\n\n\n<p>Die Polizei bittet betroffene Parzellenbesitzer, sich mit der Polizeiinspektion Ludwigshafen 1 unter der Telefonnummer 0621\/963-2122 oder per E-Mail&nbsp;<a href=\"mailto:%20piludwigshafen1@polizei.rlp.de\">piludwigshafen1@polizei.rlp.de<\/a>&nbsp;in Verbindung zu setzen.<\/p>\n\n\n\n<h2 class=\"wp-block-heading\">(A 61 \/ Ludwigshafen) &#8211; Mit gef\u00e4lschtem F\u00fchrerschein auf der A61 unterwegs<\/h2>\n\n\n\n<p>Am Freitag, den 03.11.2023, kontrollierten Beamte der Polizeiautobahnstation Ruchheim gegen 16:30 Uhr einen Audi auf dem Parkplatz &#8222;Bobelach&#8220; an der A61. Der 38-j\u00e4hrige Fahrer h\u00e4ndigte im Rahmen der Verkehrskontrolle auf Verlangen seinen F\u00fchrerschein aus, wobei er offensichtlich nicht mit dem geschulten Auge der Polizisten rechnete. Diese erkannten n\u00e4mlich umgehend, dass es sich bei seinem angeblichen griechischen F\u00fchrerschein um eine Totalf\u00e4lschung handelte. Der aus Essen stammende Fahrer r\u00e4umte anschlie\u00dfend seinen T\u00e4uschungsversuch ein. Zus\u00e4tzlich kam im Rahmen weiterer \u00dcberpr\u00fcfungen ans Licht, dass dem Fahrzeugf\u00fchrer hierzulande bereits die Fahrerlaubnis entzogen worden ist. Der Fahrer wurde einer erkennungsdienstlichen Behandlung unterzogen und anschlie\u00dfend zun\u00e4chst aus den polizeilichen Ma\u00dfnahmen entlassen. Er wird sich in einem Strafverfahren wegen des Fahrens ohne Fahrerlaubnis und wegen einer Urkundenf\u00e4lschung verantworten m\u00fcssen.<\/p>\n\n\n\n<h2 class=\"wp-block-heading\">(Ludwigshafen) &#8211; Verkehrsunfall mit verletztem Kind<\/h2>\n\n\n\n<p>Am Mittag des 03.11.2023 ereignete sich ein Unfall in der K\u00e4rntner Stra\u00dfe als ein 13-j\u00e4hriges Kind, nachdem es aus einem Schulbus ausgestiegen war, unvermittelt auf die Stra\u00dfe rannte. Es kam zu einem Zusammensto\u00df mit einem auf der gegen\u00fcberliegenden Fahrbahn fahrenden Pkw. Da der 28-j\u00e4hrige Fahrer bei vorausschauender Fahrweise aufgrund des haltenden Schulbusses bereits mit Schrittgeschwindigkeit gefahren war, erlitt das Kind gl\u00fccklicherweise nur leichte Verletzungen. Eine weitergehende \u00e4rztliche Behandlung war nicht erforderlich. Das Kind konnte an seine Mutter \u00fcbergeben werden.<\/p>\n\n\n\n<p>Die Polizei weist darauf hin, dass an Bussen, die an Haltestellen mit Warnblinklicht halten, lediglich mit Schrittgeschwindigkeit und ausreichendem Abstand vorbeigefahren werden darf. Selbiges gilt f\u00fcr Fahrzeuge des Gegenverkehrs.<\/p>\n\n\n\n<h2 class=\"wp-block-heading\">(Mannheim-Neckarau) &#8211; Fu\u00dfg\u00e4ngerin von Pkw erfasst<\/h2>\n\n\n\n<p>Am Freitagabend gegen 18.30 Uhr kam es im Bereich des Almenhof zu einem Verkehrsunfall zwischen einem Pkw und einer Fu\u00dfg\u00e4ngerin. Der 19-j\u00e4hrige Fahrzeugf\u00fchrer eines 1-er BMW befuhr hierbei die Neckarauer Stra\u00dfe in Fahrtrichtung Innenstadt. Auf H\u00f6he des Neckarauer Bahnhofes \u00fcbersah er die 33-j\u00e4hrige Fu\u00dfg\u00e4ngerin, welche dort verbotswidrig die Stra\u00dfe \u00fcberquerte. In der Folge kam es zu einer Kollision zwischen Fu\u00dfg\u00e4ngerin und Pkw. Die 33-J\u00e4hrige wurde hierbei leicht verletzt und nach erster medizinischer Versorgung vor Ort, in ein umliegendes Krankenhaus verbracht. An dem BMW entstand Sachschaden in H\u00f6he von ca. 800 Euro. Zu gr\u00f6\u00dferen Verkehrsbehinderungen kam es nicht.<\/p>\n\n\n\n<h2 class=\"wp-block-heading\">(Dossenheim \/ Rhein-Neckar-Kreis) &#8211; 72-J\u00e4hrige schl\u00e4gt R\u00e4uber in die Flucht<\/h2>\n\n\n<div class=\"wp-block-image\">\n<figure class=\"aligncenter size-full\"><img decoding=\"async\" loading=\"lazy\" width=\"801\" height=\"600\" src=\"https:\/\/speyer24news.com\/wp-content\/uploads\/2020\/05\/Zeugen-gesucht-Neutral.jpg\" alt=\"\" class=\"wp-image-26598\" srcset=\"https:\/\/speyer24news.com\/wp-content\/uploads\/2020\/05\/Zeugen-gesucht-Neutral.jpg 801w, https:\/\/speyer24news.com\/wp-content\/uploads\/2020\/05\/Zeugen-gesucht-Neutral-300x225.jpg 300w, https:\/\/speyer24news.com\/wp-content\/uploads\/2020\/05\/Zeugen-gesucht-Neutral-768x575.jpg 768w, https:\/\/speyer24news.com\/wp-content\/uploads\/2020\/05\/Zeugen-gesucht-Neutral-678x509.jpg 678w, https:\/\/speyer24news.com\/wp-content\/uploads\/2020\/05\/Zeugen-gesucht-Neutral-326x245.jpg 326w, https:\/\/speyer24news.com\/wp-content\/uploads\/2020\/05\/Zeugen-gesucht-Neutral-80x60.jpg 80w\" sizes=\"(max-width: 801px) 100vw, 801px\" \/><\/figure><\/div>\n\n\n<p>Ein bislang unbekannter, m\u00e4nnlicher T\u00e4ter betrat am Freitagabend gegen 17.45 Uhr ein Schreib- und Spielwarengesch\u00e4ft in Dossenheim und forderte unter Vorhalt eines spitzen Gegenstandes die 72-j\u00e4hrige Ladenbesitzerin zur Herausgabe von Bargeld auf. Entgegen der Vorstellung des T\u00e4ters bewaffnete sich die Gesch\u00e4digte mit umherliegenden Dekoartikeln ihres Ladens und warf diese in dessen Richtung. Mit entsprechender Gegenwehr hatte der T\u00e4ter wohl nicht gerechnet, weshalb er die \u00d6rtlichkeit fluchtartig und ohne Raubgut zu Fu\u00df wieder verlie\u00df.<\/p>\n\n\n\n<h4 class=\"wp-block-heading\">Der T\u00e4ter kann wie folgt beschrieben werden: <\/h4>\n\n\n\n<ul>\n<li><strong>m\u00e4nnlich<\/strong><\/li>\n\n\n\n<li><strong>ca. 20 &#8211; 30 Jahre alt<\/strong><\/li>\n\n\n\n<li><strong>schlank<\/strong><\/li>\n\n\n\n<li><strong>ca. 170 &#8211; 180 cm gro\u00df<\/strong><\/li>\n\n\n\n<li><strong>trug eine schwarze Wollm\u00fctze und einen Schal im Gesicht<\/strong><\/li>\n\n\n\n<li><strong>In den H\u00e4nden hielt er einen Gefrierbeutel und einen spitzen Gegenstand.<\/strong><\/li>\n<\/ul>\n\n\n\n<ul>\n<li><strong>Zeugen, welche sachdienliche Hinweise geben k\u00f6nnen, werden gebeten sich beim kriminalpolizeilichen Hinweistelefon, unter der Telefonnummer 0621\/174-4444, zu melden.<\/strong><\/li>\n<\/ul>\n\n\n\n<h2 class=\"wp-block-heading\">(A 5 \/ Weinheim \/ Rhein-Neckar-Kreis) &#8211;  Auffahrunfall \/ Zwei leicht verletzte Personen<\/h2>\n\n\n\n<p>Am Freitagabend gegen 20.00 Uhr ereignete sich auf der BAB5, H\u00f6he Weinheim, in Fahrtrichtung Darmstadt ein Verkehrsunfall, bei welchem zwei Personen leicht verletzt wurden. Der 21-j\u00e4hrige Fahrzeugf\u00fchrer eines Renault Trafic und sein 18-j\u00e4hrigen Beifahrer befuhren die linke Fahrspur der BAB5 in Richtung Norden. Auf H\u00f6he Weinheim fuhr der Renault einem Daimler-Benz, vermutlich aus Unachtsamkeit, hinten auf. Der 55-j\u00e4hrige Daimlerfahrer wurde hierbei nicht verletzt. Die beiden Insassen des Renault wurden beide leicht verletzt. Sie nahmen vor Ort \u00e4rztliche Hilfe in Anspruch. An dem Renault entstand Sachschaden in H\u00f6he von ca. 3.000 Euro. Dieser war nach der Kollision nicht mehr fahrbereit und musste abgeschleppt werden. An dem Daimler entstand Sachschaden in H\u00f6he von ca. 2.000 Euro. Er war noch fahrbereit. Zu gr\u00f6\u00dferen Verkehrsbehinderungen kam es w\u00e4hrend der Zeit der Unfallaufnahme nicht.<\/p>\n","protected":false},"excerpt":{"rendered":"<div class=\"mh-excerpt\"><p>Polizeimeldungen vom Samstag (04.11.23) (Speyer) &#8211; Verkehrsunfall mit Verletzten und hohem Sachschaden Am Freitag, gegen 19:04 Uhr, kam es in Speyer zu einem Verkehrsunfall zwischen zwei Pkw. Der 28-j\u00e4hrige Verkehrsunfallverursacher wollte von der Theodor-Heuss-Stra\u00dfe nach <a class=\"mh-excerpt-more\" href=\"https:\/\/speyer24news.com\/?p=55935\" title=\"Polizeimeldungen Samstag (04.11.23)\">[&#8230;]<\/a><\/p>\n<\/div>","protected":false},"author":3,"featured_media":26162,"comment_status":"open","ping_status":"open","sticky":false,"template":"","format":"standard","meta":{"_monsterinsights_skip_tracking":false,"_monsterinsights_sitenote_active":false,"_monsterinsights_sitenote_note":"","_monsterinsights_sitenote_category":0,"footnotes":""},"categories":[15659],"tags":[7273,7243,7244,10926,3614,350,14537,15084,15267,14538,15361,702,2555,14113,6955,6986,6263,63,105,11150,6987,53,13540,12967,102,13626,213,14325,14324,13553,13541],"aioseo_notices":[],"amp_enabled":true,"_links":{"self":[{"href":"https:\/\/speyer24news.com\/index.php?rest_route=\/wp\/v2\/posts\/55935"}],"collection":[{"href":"https:\/\/speyer24news.com\/index.php?rest_route=\/wp\/v2\/posts"}],"about":[{"href":"https:\/\/speyer24news.com\/index.php?rest_route=\/wp\/v2\/types\/post"}],"author":[{"embeddable":true,"href":"https:\/\/speyer24news.com\/index.php?rest_route=\/wp\/v2\/users\/3"}],"replies":[{"embeddable":true,"href":"https:\/\/speyer24news.com\/index.php?rest_route=%2Fwp%2Fv2%2Fcomments&post=55935"}],"version-history":[{"count":2,"href":"https:\/\/speyer24news.com\/index.php?rest_route=\/wp\/v2\/posts\/55935\/revisions"}],"predecessor-version":[{"id":55937,"href":"https:\/\/speyer24news.com\/index.php?rest_route=\/wp\/v2\/posts\/55935\/revisions\/55937"}],"wp:featuredmedia":[{"embeddable":true,"href":"https:\/\/speyer24news.com\/index.php?rest_route=\/wp\/v2\/media\/26162"}],"wp:attachment":[{"href":"https:\/\/speyer24news.com\/index.php?rest_route=%2Fwp%2Fv2%2Fmedia&parent=55935"}],"wp:term":[{"taxonomy":"category","embeddable":true,"href":"https:\/\/speyer24news.com\/index.php?rest_route=%2Fwp%2Fv2%2Fcategories&post=55935"},{"taxonomy":"post_tag","embeddable":true,"href":"https:\/\/speyer24news.com\/index.php?rest_route=%2Fwp%2Fv2%2Ftags&post=55935"}],"curies":[{"name":"wp","href":"https:\/\/api.w.org\/{rel}","templated":true}]}}