{"id":56047,"date":"2023-11-05T15:28:57","date_gmt":"2023-11-05T14:28:57","guid":{"rendered":"https:\/\/speyer24news.com\/?p=56047"},"modified":"2023-11-05T15:48:15","modified_gmt":"2023-11-05T14:48:15","slug":"polizeimeldungen-sonntag-05-11-23","status":"publish","type":"post","link":"https:\/\/speyer24news.com\/?p=56047","title":{"rendered":"Polizeimeldungen Sonntag (05.11.23)"},"content":{"rendered":"<style type=\"text\/css\">\r\n\t.ads_top_disp{}\r\n\t.ads_top_corner_disp{ float:left; margin:0px 10px 10px 0px; }\r\n\t.ads_first_p_disp{}\r\n\t.ads_bottom_disp{}\r\n\t<\/style>\n<h2 class=\"wp-block-heading\">Polizeimeldungen vom Sonntag (05.11.2023)<\/h2>\n\n\n<div class=\"wp-block-image\">\n<figure class=\"aligncenter size-full\"><img decoding=\"async\" loading=\"lazy\" width=\"375\" height=\"500\" src=\"https:\/\/speyer24news.com\/wp-content\/uploads\/2022\/03\/Aktuelles-Polizeilogo.jpg\" alt=\"\" class=\"wp-image-43591\" srcset=\"https:\/\/speyer24news.com\/wp-content\/uploads\/2022\/03\/Aktuelles-Polizeilogo.jpg 375w, https:\/\/speyer24news.com\/wp-content\/uploads\/2022\/03\/Aktuelles-Polizeilogo-225x300.jpg 225w\" sizes=\"(max-width: 375px) 100vw, 375px\" \/><\/figure><\/div>\n\n\n<h2 class=\"wp-block-heading\">(Speyer) &#8211; Zwei Fahrten unter Alkoholeinfluss<\/h2>\n\n\n\n<p>Im Zeitraum von Samstag bis Sonntag konnten durch die Polizei Speyer zwei Fahrten unter Alkoholeinfluss festgestellt werden. Am Samstag, gegen 11:25 Uhr, verursachte ein 50-j\u00e4hriger Mann Im Erlich mit seinem Pkw beim r\u00fcckw\u00e4rts Ausparken einen Verkehrsunfall. Im Rahmen der Unfallaufnahme konnten 1,09 Promille beim Verursacher festgestellt werden. In der Nacht zum Sonntag wurde in der Wormser Landstra\u00dfe eine Kontrollstelle eingerichtet. Hierbei wurde um 01:56 Uhr eine 49-j\u00e4hrige Pkw-Fahrerin einer Verkehrskontrolle unterzogen, wobei eine Atemalkoholkonzentration von 1,36 Promille festgestellt werden konnte. Beiden Fahrzeugf\u00fchrern wurde eine Blutprobe entnommen und der jeweilige F\u00fchrerschein sichergestellt. Au\u00dferdem wird gegen beide Personen ein entsprechendes Strafverfahren eingeleitet.<\/p>\n\n\n\n<h2 class=\"wp-block-heading\">(Speyer) &#8211; Verantwortlicher gesucht: Verkehrsunfall mit Personenschaden<\/h2>\n\n\n<div class=\"wp-block-image\">\n<figure class=\"aligncenter size-full\"><img decoding=\"async\" loading=\"lazy\" width=\"801\" height=\"600\" src=\"https:\/\/speyer24news.com\/wp-content\/uploads\/2020\/05\/Zeugen-gesucht-Neutral.jpg\" alt=\"\" class=\"wp-image-26598\" srcset=\"https:\/\/speyer24news.com\/wp-content\/uploads\/2020\/05\/Zeugen-gesucht-Neutral.jpg 801w, https:\/\/speyer24news.com\/wp-content\/uploads\/2020\/05\/Zeugen-gesucht-Neutral-300x225.jpg 300w, https:\/\/speyer24news.com\/wp-content\/uploads\/2020\/05\/Zeugen-gesucht-Neutral-768x575.jpg 768w, https:\/\/speyer24news.com\/wp-content\/uploads\/2020\/05\/Zeugen-gesucht-Neutral-678x509.jpg 678w, https:\/\/speyer24news.com\/wp-content\/uploads\/2020\/05\/Zeugen-gesucht-Neutral-326x245.jpg 326w, https:\/\/speyer24news.com\/wp-content\/uploads\/2020\/05\/Zeugen-gesucht-Neutral-80x60.jpg 80w\" sizes=\"(max-width: 801px) 100vw, 801px\" \/><\/figure><\/div>\n\n\n<p>Am Samstagmorgen, gegen 06:00 Uhr, kam es in der Kurt-Schumacher-Stra\u00dfe in Speyer zu einem Zusammensto\u00df zwischen einem Pkw und einem Fu\u00dfg\u00e4nger. Der 19-j\u00e4hrige Fu\u00dfg\u00e4nger querte auf H\u00f6he der Stra\u00dfe Im Erlich die Fahrbahn und \u00fcbersah hierbei den von links kommenden Pkw, sodass es zur Kollision kam. Der 19-J\u00e4hrige st\u00fcrzte zu Boden und verletzte sich leicht. Der m\u00e4nnliche Fahrer des wei\u00dfen Kleinwagens stieg aus und erkundigte sich noch nach dem Wohlbefinden des 19-J\u00e4hrigen. Anschlie\u00dfend entfernte er sich von der Unfallstelle. Der Pkw soll nach den Angaben des 19-J\u00e4hrigen nur mit geringer Geschwindigkeit unterwegs gewesen sein. Er lie\u00df seine leichten Verletzungen vorsorglich in einem Krankenhaus behandeln.<\/p>\n\n\n\n<ul>\n<li><strong>Da die Personalien des Pkw-Fahrers nicht bekannt sind, werden Zeugen und der verantwortliche Fahrzeugf\u00fchrer gebeten, sich mit der Polizei Speyer unter der Telefonnummer 06232\/137-0 oder per E-Mail (<a href=\"mailto:pispeyer@polizei.rlp.de\"><strong>pispeyer@polizei.rlp.de<\/strong><\/a>) in Verbindung zu setzen.<\/strong><\/li>\n<\/ul>\n\n\n\n<h2 class=\"wp-block-heading\">(Dienstgebiet Schifferstadt) &#8211; Trunkenheitsfahrten und Verkehrskontrollen<\/h2>\n\n\n\n<p>Am Abend des 04.11.2023 f\u00fchrten Polizeibeamte der Polizei Schifferstadt Schwerpunktkontrollen in Hinblick auf die Fahrt\u00fcchtigkeit von Kraftfahrzeugf\u00fchrern durch:<\/p>\n\n\n\n<p>In Mutterstadt wurde eine 56j\u00e4hriger Mofafahrer kontrolliert. Dieser stand eigenen Angaben nach unter dem Einfluss von Amphetamin, weshalb eine Blutprobe entnommen wurde. Au\u00dferdem wurden geringe Mengen mitgef\u00fchrter Bet\u00e4ubungsmittel sichergestellt.<\/p>\n\n\n\n<p>Ebenfalls in Mutterstadt wurde ein 23j\u00e4hriger PKW-Fahrer kontrolliert. Hier stellte sich heraus, dass kein g\u00fcltiger Versicherungsschutz f\u00fcr den PKW bestand, weshalb die Weiterfahrt untersagt und eine Strafanzeige erfasst wurde.<\/p>\n\n\n\n<p>In Altrip wurde ein 36j\u00e4hriger PKW-Fahrer kontrolliert. Auch dieser stand unter dem Einfluss von Bet\u00e4ubungsmittel, ein durchgef\u00fchrter Schnelltest belegte den Konsum von Kokain. Zur endg\u00fcltigen Beweisf\u00fchrung wurde eine Blutprobe entnommen.<\/p>\n\n\n\n<p>Kurz zuvor wurde ebenfalls in Altrip ein 38j\u00e4hriger PKW-Fahrer kontrolliert. Bei dieser Kontrolle stellte sich heraus, dass der PKW nicht zugelassen oder versichert war und zudem Kennzeichen angebracht waren, welche nicht zu dem kontrollierten Fahrzeug geh\u00f6rten. Der Fahrer war deutlich alkoholisiert und stand unter dem Einfluss von Amphetamin. Eine mitgef\u00fchrte geringe Menge Amphetamin wurde im Rahmen der Durchsuchung des PKW aufgefunden und sichergestellt. Zu guter Letzt stellte sich heraus, dass der Fahrer nicht im Besitz einer Fahrerlaubnis ist, diese war ihm bereits vor Jahren wegen des Konsums von Bet\u00e4ubungsmitteln entzogen worden. Den 38j\u00e4hrigen erwarten nun mehrere Strafanzeigen.<\/p>\n\n\n\n<h2 class=\"wp-block-heading\">(Neuhofen) &#8211; PKW-Aufbr\u00fcche mit hohem Schaden<\/h2>\n\n\n\n<p>In der Nacht vom 03.11. auf den 04.11. brachen unbekannte T\u00e4ter sowohl in der Ring- als auch in der Buschstra\u00dfe jeweils einen dort abgestellten PKW auf und bauten fachm\u00e4nnisch Bedienelemente und Bordelektronik aus den Fahrzeugen aus. Es entstand hierdurch Sachschaden im f\u00fcnfstelligen Bereich. <\/p>\n\n\n\n<ul>\n<li><strong>Hinweise bitte telefonisch unter 06235 &#8211; 495-0 oder per E-Mail (<a href=\"mailto:pischifferstadt@polizei.rlp.de\">pischifferstadt@polizei.rlp.de<\/a>) an die Polizeiinspektion Schifferstadt.<\/strong><\/li>\n<\/ul>\n\n\n\n<h2 class=\"wp-block-heading\">(Lustadt) &#8211; Einbruch in Wohnhaus<\/h2>\n\n\n\n<p>In dem Zeitraum vom 04.11.2023, 18:00 bis Mitternacht, brachen unbekannte T\u00e4ter gewaltsam \u00fcber ein Fenster in ein Wohnhaus in der Hohe Stra\u00dfe, Lustadt, ein. Im Haus betraten sie s\u00e4mtliche R\u00e4ume und durchw\u00fchlten Schr\u00e4nke und Schubladen. Ob etwas gestohlen wurde, ist noch nicht bekannt.<\/p>\n\n\n\n<ul>\n<li><strong>Wer hat im Tatzeitraum verd\u00e4chtige Personen oder Fahrzeuge im Bereich der Hohe Stra\u00dfe, Lustadt, gesehen? Hinweise nimmt die Kriminalpolizei Landau unter 06341 &#8211; 2870 oder die Polizeiinspektion Germersheim unter 07274 &#8211; 9580 entgegen.<\/strong><\/li>\n<\/ul>\n\n\n\n<h4 class=\"wp-block-heading\"><em>Eine gute Sicherung Ihres Geb\u00e4udes kann Einbr\u00fcche verhindern! Auf Wunsch geben wir Ihnen gerne, nat\u00fcrlich kostenlos, weitere Tipps in Sachen Einbruchschutz. Nach vorheriger Terminabsprache besuchen wir Sie und pr\u00fcfen die vorhandenen M\u00f6glichkeiten an Ihrem Anwesen. Wenden Sie sich hierf\u00fcr an:<\/em><\/h4>\n\n\n\n<ul>\n<li><strong>Polizeiinspektion Germersheim<\/strong><\/li>\n\n\n\n<li><strong>Friedrich-Ebert-Stra\u00dfe 5 76726 Germersheim Tel.: 07274 -9580<\/strong><\/li>\n<\/ul>\n\n\n\n<p>oder an<\/p>\n\n\n\n<ul>\n<li><strong>Polizeipr\u00e4sidium Rheinpfalz<\/strong><\/li>\n\n\n\n<li><strong>Zentrale Pr\u00e4vention Bismarckstra\u00dfe 116 67059 Ludwigshafen Tel.: 0621-963-2510<\/strong><\/li>\n<\/ul>\n\n\n\n<h4 class=\"wp-block-heading\">Weitere Informationen im Internet:&nbsp;<a href=\"https:\/\/www.polizei.rlp.de\/\" target=\"_blank\" rel=\"noreferrer noopener\">www.polizei.rlp.de<\/a>&nbsp;oder&nbsp;<a href=\"https:\/\/www.polizei-beratung.de\/\" target=\"_blank\" rel=\"noreferrer noopener\">www.polizei-beratung.de<\/a>.<\/h4>\n\n\n\n<h2 class=\"wp-block-heading\">(Schweighofen) &#8211; Schaden verursacht und weg<\/h2>\n\n\n\n<p>Erst gestern stellte ein Bewohner der Wiesenstra\u00dfe fest, dass w\u00e4hrend seiner Abwesenheit seit dem 27.10.23 das Eingangstor zum Grundst\u00fcck, die Tors\u00e4ulen und der Zaun augenscheinlich durch ein dort aufprallendes\/auffahrendes Fahrzeug besch\u00e4digt worden waren. Der Schaden betr\u00e4gt rund 4000.- EUR. Vom Verursacher ist bisher nichts bekannt. <\/p>\n\n\n\n<ul>\n<li><strong>Zeugen werden gebeten sich bei der Polizeiinspektion Bad Bergzabern, Tel.: 0634393340 zu melden.<\/strong><\/li>\n<\/ul>\n\n\n\n<h2 class=\"wp-block-heading\">(Birkenh\u00f6rdt) &#8211; Betrunken unterwegs<\/h2>\n\n\n\n<p>Am Sonntagmorgen, den 5,11,23, gg. 01:40 Uhr, wurde der 29 Jahre alte Fahrer eines PKWs aus Kandel in der Ortsdurchfahrt Birkenh\u00f6rdt gestoppt, da er zuvor viel zu schnell gefahren war. Bei der nachfolgenden Kontrolle wurde eine deutliche Alkohol Beeinflussung festgestellt. Daher wurde die Weiterfahrt untersagt, eine Blutprobe entnommen und der F\u00fchrerschein sichergestellt. Ein Strafverfahren wurde eingeleitet. Neben einem mehrmonatigen Entzug der Fahrerlaubnis und einer Geldstrafe droht auch eine MPU.<\/p>\n\n\n\n<h2 class=\"wp-block-heading\">(Ranschbach) &#8211; Alkoholisiert in der Probezeit<\/h2>\n\n\n\n<p>Am 04.11.2023 wurde gegen 03:50 Uhr in der Weinstra\u00dfe in Ranschbach ein 18-j\u00e4hriger BMW-Fahrer einer Verkehrskontrolle unterzogen. Es konnte Alkoholgeruch festgestellt werden. Ein durchgef\u00fchrter Alkoholtest ergab einen Wert von 0,28 Promille. In diesem Fall war das zu viel, der BMW-Fahrer befindet sich n\u00e4mlich noch in der Probezeit. Hiernach darf kein Kraftfahrzeug gef\u00fchrt werden, wenn man unter der Wirkung von Alkohol steht. Er wird sich nun in einem Ordnungswidrigkeitenverfahren verantworten m\u00fcssen. Auf ihn wird ein Bu\u00dfgeld in H\u00f6he von 250 Euro sowie ein Punkt in Flensburg zukommen. Auch wird die F\u00fchrerscheinstelle pr\u00fcfen, ob die Probezeit verl\u00e4ngert und ein Aufbauseminar angeordnet wird.<\/p>\n\n\n\n<h2 class=\"wp-block-heading\">(Landau) &#8211; Alkoholisiert und ohne F\u00fchrerschein<\/h2>\n\n\n\n<p>Am 04.11.2023 wurde gegen 00:10 Uhr in der Jahnstra\u00dfe in Landau ein 32-j\u00e4hriger VW-Fahrer einer Verkehrskontrolle unterzogen. Es konnte festgestellt werden, dass dieser nicht im Besitz einer g\u00fcltigen Fahrerlaubnis ist. Diese wurde ihm in der Vergangenheit aufgrund einer Trunkenheitsfahrt entzogen. Alkoholgeruch konnte ebenfalls festgestellt werden, ein durchgef\u00fchrter Alkoholtest ergab einen Wert von 0,6 Promille. Ein entsprechendes Strafverfahren wurde eingeleitet und die F\u00fchrerscheinstelle \u00fcber den Sachverhalt in Kenntnis gesetzt.<\/p>\n\n\n\n<h2 class=\"wp-block-heading has-text-align-left\">(Edenkoben) &#8211; Eine nicht ganz so gute Idee&#8230;<\/h2>\n\n\n<div class=\"wp-block-image\">\n<figure class=\"aligncenter size-full\"><img decoding=\"async\" loading=\"lazy\" width=\"500\" height=\"667\" src=\"https:\/\/speyer24news.com\/wp-content\/uploads\/2023\/11\/Lachen-Daemlich-Bloed.jpg\" alt=\"\" class=\"wp-image-56049\" srcset=\"https:\/\/speyer24news.com\/wp-content\/uploads\/2023\/11\/Lachen-Daemlich-Bloed.jpg 500w, https:\/\/speyer24news.com\/wp-content\/uploads\/2023\/11\/Lachen-Daemlich-Bloed-225x300.jpg 225w\" sizes=\"(max-width: 500px) 100vw, 500px\" \/><\/figure><\/div>\n\n\n<p>&#8230; hatten am Freitagabend (03.11.2023) zwei M\u00e4nner in Edenkoben. Gegen 17:20 Uhr betraten die 29- und 30-J\u00e4hrigen ein Gesch\u00e4ft, um einen Brief frankieren zu lassen. Die Ablenkung der Mitarbeiterin nutzten die beiden M\u00e4nner und entwendeten insgesamt etwa 50 Einweg E-Zigaretten und Feuerzeuge. Dankenswerterweise hatte der 29-J\u00e4hrige seinen Namen und seine Adresse als Absender auf dem Brief hinterlassen, was die Identifizierung erheblich erleichterte. Bei der anschlie\u00dfenden Durchsuchung seiner Wohnung wurden beide M\u00e4nner angetroffen und das Diebesgut aufgefunden. Zu allem \u00dcberfluss wurde der 29-J\u00e4hrige auch noch per Haftbefehl gesucht. Nachdem beide einer erkennungsdienstlichen Behandlung zugef\u00fchrt wurden, wurde der Gesuchte in eine Justizvollzugsanstalt verbracht, da er den offenen Betrag des Haftbefehls nicht begleichen konnte.<\/p>\n\n\n\n<h2 class=\"wp-block-heading\">(Maikammer) &#8211; Zeugenaufruf \/ Einbruch in ein Wohnhaus<\/h2>\n\n\n\n<p>Am Samstag, 04.11.2023 nutzten bislang unbekannte T\u00e4ter die Abwesenheit der Hausbewohner aus und brachen zwischen 15:00 Uhr und 20:00 Uhr in ein Einfamilienhaus im Burgunderweg in Maikammer ein. Die T\u00e4ter gelangten \u00fcber die Terrassent\u00fcre in das Anwesen. <\/p>\n\n\n\n<ul>\n<li><strong>Wir bitten Zeugen, die in dem angegebenen Zeitraum verd\u00e4chtige Personen oder Fahrzeuge in Maikammer beobachtet haben, sich bei der Polizeiinspektion in Edenkoben unter Tel: 06323-9550 oder per Email an&nbsp;<a href=\"mailto:%20piedenkoben@polizei.rlp.de\">piedenkoben@polizei.rlp.de<\/a>&nbsp;zu melden.<\/strong><\/li>\n<\/ul>\n\n\n\n<h4 class=\"wp-block-heading\">Leider muss mit Beginn der &#8222;dunklen Jahreszeit&#8220; auch dieses Jahr mit vermehrten Einbr\u00fcchen gerechnet werden. Daher beachten Sie folgende Tipps der Polizei, um sich vor einem Einbruch zu sch\u00fctzen:<\/h4>\n\n\n\n<ul>\n<li><strong>Verschlie\u00dfen Sie Fenster, Balkon- und Terrassent\u00fcren auch bei kurzer Abwesenheit.<\/strong><\/li>\n\n\n\n<li><strong>Wenn Sie Ihren Schl\u00fcssel verloren haben, wechseln Sie umgehend den Schlie\u00dfzylinder aus.<\/strong><\/li>\n\n\n\n<li><strong>Auch wenn Sie Haus und Wohnung nur kurz verlassen: Ziehen Sie nicht nur die T\u00fcr ins Schloss, sondern schlie\u00dfen Sie immer, am besten zweifach, ab.<\/strong><\/li>\n\n\n\n<li><strong>Deponieren Sie Ihren Haus- oder Wohnungsschl\u00fcssel niemals au\u00dferhalb Ihrer R\u00e4ume: Ein Einbrecher kennt jedes Versteck!<\/strong><\/li>\n\n\n\n<li><strong>Rolll\u00e4den sollten bei Dunkelheit geschlossen werden. Achten Sie darauf, dass Ihre Rolll\u00e4den gegen Hochschieben gesichert sind.<\/strong><\/li>\n\n\n\n<li><strong>Gekippte Fenster k\u00f6nnen von Einbrechern leicht ge\u00f6ffnet werden.<\/strong><\/li>\n<\/ul>\n\n\n\n<h4 class=\"wp-block-heading\">Weitere Tipps wie Sie sich vor Einbrechern sch\u00fctzen k\u00f6nnen, finden Sie unter&nbsp;<a href=\"https:\/\/www.polizei-beratung.de\/\" target=\"_blank\" rel=\"noreferrer noopener\">www.polizei-beratung.de<\/a>.<\/h4>\n\n\n\n<h2 class=\"wp-block-heading\">(Sankt Martin) &#8211; Zeugenaufruf \/ K\u00f6rperverletzung bei Martinusfest<\/h2>\n\n\n<div class=\"wp-block-image\">\n<figure class=\"aligncenter size-full\"><img decoding=\"async\" loading=\"lazy\" width=\"800\" height=\"533\" src=\"https:\/\/speyer24news.com\/wp-content\/uploads\/2021\/11\/Schlaegerei.jpg\" alt=\"\" class=\"wp-image-42366\" srcset=\"https:\/\/speyer24news.com\/wp-content\/uploads\/2021\/11\/Schlaegerei.jpg 800w, https:\/\/speyer24news.com\/wp-content\/uploads\/2021\/11\/Schlaegerei-300x200.jpg 300w, https:\/\/speyer24news.com\/wp-content\/uploads\/2021\/11\/Schlaegerei-768x512.jpg 768w\" sizes=\"(max-width: 800px) 100vw, 800px\" \/><figcaption class=\"wp-element-caption\">Beispielbild Schl\u00e4gerei \/ K\u00f6rperverletzung, dient lediglich der Visualisierung<\/figcaption><\/figure><\/div>\n\n\n<p>Am Samstag, 04.11.2023 gerieten gegen 23:50 Uhr ein 22 j\u00e4hriger Gast aus Baden-W\u00fcrttemberg und ein 60 j\u00e4hriger Mitarbeiter des Servicepersonals an der Theke eines Ausschanks in der Maikammererstra\u00dfe in Sankt Martin in einen Streit, der schlie\u00dflich in einem handfesten Handgemenge endete. Der Gast erlitt leichte Verletzungen, dem Mitarbeiter wurde die Bekleidung zerrissen. Zeugen, die den Vorfall beobachtet haben, setzen sich zur Sachverhaltskl\u00e4rung bitte mit der Polizei in Edenkoben unter Tel: 06323-9550 in Verbindung.<\/p>\n\n\n\n<h2 class=\"wp-block-heading\">(Neustadt) &#8211; Verkehrsunfall unter Alkoholeinfluss<\/h2>\n\n\n\n<p>Am 04.11.2023 gegen 09:00 Uhr ereignete sich ein Auffahrunfall in der Martin-Luther-Stra\u00dfe in 67433 Neustadt\/W.. Hierbei fuhr ein 52-j\u00e4hriger Neustadter mit seinem Nissan auf ein vor ihm fahrenden 62-j\u00e4hrigen VW-Fahrer auf. Im Rahmen der Unfallaufnahme konnte bei dem Unfallverursacher starker Atemalkoholgeruch festgestellt werden. Ein Vortest ergab einen Wert von 0,64 Promille. Daher musste der Neustadter eine Blutprobe, sowie seinen F\u00fchrerschein abgeben. Nun kommt auf diesen ein Strafverfahren wegen der Gef\u00e4hrdung des Stra\u00dfenverkehrs zu. Zudem wird die zust\u00e4ndige F\u00fchrerscheinstelle \u00fcber den Vorfall in Kenntnis gesetzt.<\/p>\n\n\n\n<h2 class=\"wp-block-heading\">(Neustadt) &#8211; Versuchter Einbruchdiebstahl in Kellerr\u00e4ume<\/h2>\n\n\n\n<p>Im Zeitraum vom 03.11.2023, 20:00 Uhr bis zum 04.11.2023, 06:00 Uhr versuchten bislang unbekannte T\u00e4ter in Kellerr\u00e4ume eines Mehrfamilienhauses in der Wiesenstra\u00dfe in 67433 Neustadt\/W. einzubrechen. Die T\u00e4ter betraten zun\u00e4chst \u00fcber den Hof des Anwesens durch die unverschlossene Kellert\u00fcr das Anwesen und versuchten hiernach gewaltsam die T\u00fcr zum Heizungskeller aufzubrechen. Da dies misslang, lie\u00dfen die T\u00e4ter von ihrer Tat ab und fl\u00fcchteten. <\/p>\n\n\n\n<ul>\n<li><strong>Hinweise zur Aufkl\u00e4rung der Tat nimmt die Polizei Neustadt\/W. unter Tel. 06321\/854-0 oder per Mail an&nbsp;<a href=\"mailto:%20pineustadt@polizei.rlp.de\">pineustadt@polizei.rlp.de<\/a>&nbsp;entgegen.<\/strong><\/li>\n<\/ul>\n\n\n\n<h2 class=\"wp-block-heading\">(Neustadt) &#8211; Bei der Vollstreckung eines Haftbefehls erneut eine Anzeige eingehandelt&#8230;<\/h2>\n\n\n<div class=\"wp-block-image\">\n<figure class=\"aligncenter size-full\"><img decoding=\"async\" loading=\"lazy\" width=\"800\" height=\"533\" src=\"https:\/\/speyer24news.com\/wp-content\/uploads\/2020\/06\/Zelle.jpg\" alt=\"\" class=\"wp-image-28203\" srcset=\"https:\/\/speyer24news.com\/wp-content\/uploads\/2020\/06\/Zelle.jpg 800w, https:\/\/speyer24news.com\/wp-content\/uploads\/2020\/06\/Zelle-300x200.jpg 300w, https:\/\/speyer24news.com\/wp-content\/uploads\/2020\/06\/Zelle-768x512.jpg 768w\" sizes=\"(max-width: 800px) 100vw, 800px\" \/><figcaption class=\"wp-element-caption\">Beispielbild Zelle \/ Verhaftung, dient lediglich der Visualisierung<\/figcaption><\/figure><\/div>\n\n\n<p>&#8230; hat sich ein 42-J\u00e4hriger aus Neustadt\/W. bereits am 03.11.2023 gegen 18:30 Uhr in 67433 Neustadt\/W.. Der Neustadter wurde durch die Kollegen der hiesigen Dienststelle an seiner Wohnanschrift aufgesucht. Da dieser den offenen Geldbetrag nicht begleichen konnte, wurde dieser letztlich in eine Justizvollzugsanstalt verbracht. Vor der Verbringung konnte im Rahmen der Durchsuchung des Mannes mehrere Ecstasy-Pillen aufgefunden und sichergestellt werden. Nun erwartet den 42-J\u00e4hrigen ein Strafverfahren wegen des Versto\u00dfes gegen das Bet\u00e4ubungsmittelgesetz.<\/p>\n\n\n\n<h2 class=\"wp-block-heading\">(Wachenheim an der Weinstra\u00dfe) &#8211; Verkehrsunfallflucht im Begegnungsverkehr<\/h2>\n\n\n\n<p>Am 04.11.2023, gegen 13.15 Uhr kam es im Begegnungsverkehr auf der Kreisstra\u00dfe 16 ca. 300 m nach dem Ortsausgang Wachenheim in Richtung Lindenberg zu einem Verkehrsunfall. Der Gesch\u00e4digte fuhr mit seinem Pkw aus Richtung Wachenheim kommend in Fahrtrichtung Kurpfalzpark. Der entgegenkommende Unfallverursacher fuhr hierbei zu weit in der Mitte der Fahrbahn, so dass es zum Ansto\u00df der beiden Au\u00dfenspiegel kam. Es entstand Sachschaden. Der Unfallverursacher entfernte sich unerlaubt von der Unfallstelle.<\/p>\n\n\n\n<ul>\n<li><strong>Der Unfallbeteiligte oder Zeugen werden gebeten sich bei der Polizei Bad D\u00fcrkheim unter der 06322-9630 oder per Email an&nbsp;<a href=\"mailto:%20pibadduerkheim@polizei.rlp.de\">pibadduerkheim@polizei.rlp.de<\/a>&nbsp;zu melden.<\/strong><\/li>\n<\/ul>\n\n\n\n<h2 class=\"wp-block-heading\">(Bad D\u00fcrkheim) &#8211; Verkehrsunfallflucht \/ Auto besch\u00e4digt und entfernt<\/h2>\n\n\n\n<p>In der Zeit von 03.11.2023,19:30 Uhr bis 04.11.2023, 10.00 Uhr besch\u00e4digte ein unbekanntes Fahrzeug, vermutlich beim Ein-oder Ausparken, einen wei\u00dfen Audi A 6 in der Prof-Otto-Dill-Stra\u00dfe in Bad D\u00fcrkheim. An dem Audi entstand ein Sachschaden an der vorderen linken Sto\u00dfstange. Der Schaden bel\u00e4uft sich auf ca, 1300 EUR.<\/p>\n\n\n\n<ul>\n<li><strong>Zeugen werden gebeten sich bei der Polizei Bad D\u00fcrkheim unter der 06322-9630 oder per Email an&nbsp;<a href=\"mailto:%20pibadduerkheim@polizei.rlp.de\">pibadduerkheim@polizei.rlp.de<\/a>&nbsp;zu melden.<\/strong><\/li>\n<\/ul>\n\n\n\n<h2 class=\"wp-block-heading\">(Beindersheim) &#8211; Brand einer Dachterrasse eines Rohbaugeb\u00e4udes<\/h2>\n\n\n\n<p>In der Danziger Stra\u00dfe kam es aus bislang ungekl\u00e4rter Ursache am 05.11.2023 gegen 03.00 Uhr, zum Brand einer Dachterrasse eines unbewohnten Rohbaus. Der entstandene Sachschaden wird derzeit auf 100.000 Euro gesch\u00e4tzt. Verletzt wurde niemand. Die Ermittlungen dauern weiter an.<\/p>\n\n\n\n<h2 class=\"wp-block-heading\">(Frankenthal) &#8211; Diebstahl von Altkleidern \/ T\u00e4ter gefasst<\/h2>\n\n\n\n<p>Am Samstag, gegen 23:00 Uhr, entwendeten drei Personen in der Eisenbahnstra\u00dfe Altkleider aus einem Altkleidercontainer. Die T\u00e4ter, zwei M\u00e4nner und eine Frau im Alter zwischen 20 und 34 Jahren, wurden durch die Beamten w\u00e4hrend der Streifent\u00e4tigkeit bei der Tat beobachtet. Bei Erblicken des Streifenwagens fl\u00fcchteten die M\u00e4nner und die Frau mit zwei S\u00e4cken voller Altkleider, konnten jedoch von dem Beamten eingeholt werden. Die Personalien der T\u00e4ter wurden festgestellt. Gegen sie wird nun wegen des Verdachtes des Diebstahls ermittelt.<\/p>\n\n\n\n<h2 class=\"wp-block-heading\">(Ludwigshafen) &#8211; Verkehrsunfall aufgrund Aquaplaning<\/h2>\n\n\n\n<p>Am Samstagabend, den 04.11.2023, verlor ein 25-j\u00e4hriger Fahrer, der die Gro\u00dfwiesenstra\u00dfe von Ludwigshafen in Richtung Altrip befuhr, in der &#8222;Rehbachkurve&#8220; aufgrund von Aquaplaning die Kontrolle \u00fcber seinen Pkw. Hierbei kam er von der Fahrbahn ab und rutschte die etwa ein Meter tiefe B\u00f6schung hinab. Hierbei besch\u00e4digte er einen Leitpfosten und ein dort verlegtes Hei\u00dfluftrohr. Der Pkw blieb augenscheinlich unbesch\u00e4digt, musste aber durch ein Abschleppunternehmen aus der B\u00f6schung geborgen werden.<\/p>\n\n\n\n<h2 class=\"wp-block-heading\">(Ludwigshafen) &#8211; Verkehrsunfallflucht unter Alkoholeinfluss<\/h2>\n\n\n\n<p>Am Samstag (04.11.2023) gegen 13:55 Uhr kam es zu einem Verkehrsunfall in der Rohrlachstra\u00dfe. Der 25-j\u00e4hrige BMW-Fahrer aus Ludwigshafen wollte am rechten Fahrbahnrand kurzzeitig halten. Hinter dem BMW-Fahrer fuhr der 35-j\u00e4hrige Alfa-Romeo-Fahrer, welcher die Situation falsch einsch\u00e4tzte und hierdurch auf den BMW auffuhr. Es entstand geringer Sachschaden im Gesamtwert von ca. 100EUR. Als der BMW-Fahrer die Polizei zwecks Verkehrsunfallaufnahme hinzuziehen wollte, fl\u00fcchtete der Alfa-Romeo-Fahrer von der Verkehrsunfall\u00f6rtlichkeit. Durch die Polizei konnte er kurz nach Mitteilung schnell ermittelt werden. Der Fahrer stand unter Alkoholeinfluss. Gegen ihn wurden Strafverfahren wegen Verkehrsunfallflucht und Gef\u00e4hrdung des Stra\u00dfenverkehrs aufgrund Alkoholgenuss eingeleitet und dessen F\u00fchrerschein sichergestellt. <\/p>\n\n\n\n<ul>\n<li><strong>Weitere Zeugenhinweise zu dem Unfallhergang nimmt die Polizeiinspektion Ludwigshafen 2 unter der Telefonnummer 0621\/963-2222 oder per Mail an&nbsp;<a href=\"mailto:%20piludwigshafen2@polizei.rlp.de\">piludwigshafen2@polizei.rlp.de<\/a>&nbsp;entgegen.<\/strong><\/li>\n<\/ul>\n\n\n\n<h2 class=\"wp-block-heading\">(Mannheim) &#8211; Einbruch in Reiseb\u00fcro \/ Zeugenaufruf<\/h2>\n\n\n\n<p>In der Nacht von Freitag auf Samstag kam es im Quadrat M 3 zu einem Einbruchsversuch in ein Reiseb\u00fcro. Die bislang unbekannte T\u00e4terschaft versuchte sich hierbei gewaltsam Zutritt \u00fcber die Haupteingangst\u00fcr zu verschaffen. Es entstand ein Sachschaden von ca. 300 Euro.<\/p>\n\n\n\n<ul>\n<li><strong>Zeugen, die sachdienliche Hinweise geben k\u00f6nnen, werden gebeten, sich beim Polizeirevier Mannheim-Innenstadt, unter der Telefonnummer 0621-12580, zu melden.<\/strong><\/li>\n<\/ul>\n\n\n\n<h2 class=\"wp-block-heading\">(A 5 \/ Heidelberg) &#8211; Pkw kracht in Leitplanke \/ Totalschaden<\/h2>\n\n\n\n<p>Am Samstag, gegen 09:25 Uhr, befuhr ein 68-J\u00e4hriger mit seinem Tesla die Autobahn A5 in n\u00f6rdliche Richtung. Beim Autobahnkreuz Heidelberg wollte er auf die A656 wechseln, kam aus bislang unbekannten Gr\u00fcnden nach links von der Fahrbahn ab und streifte die linke Fahrbahnbegrenzung. Dadurch verlor er die Kontrolle \u00fcber sein Fahrzeug, rutschte quer \u00fcber die Fahrbahn und prallte schlie\u00dflich in die rechte Leitplanke. Hierbei entstand an dem Tesla ein wirtschaftlicher Totalschaden in H\u00f6he von ca. 30.000 Euro. An der Leitplanke entstand ebenfalls Sachschaden.<\/p>\n\n\n\n<h2 class=\"wp-block-heading\">(Wiesloch \/ Rhein-Neckar-Kreis) &#8211; Motorradfahrer bei Unfall verletzt \/ Zeugen gesucht<\/h2>\n\n\n\n<p>Am Samstagabend, gegen 18:00 Uhr, befuhr ein 17-J\u00e4hriger mit seinem Motorrad die Hauptstra\u00dfe in Wiesloch. An der Einm\u00fcndung zur Steing\u00f6tter-Greiff-Stra\u00dfe missachtete ein noch unbekannter Audi-Fahrer die Vorfahrt des Zweiradfahrers, wodurch dieser zu Boden st\u00fcrzte und sich leicht verletzte. Der Pkw-Fahrer stieg aus seinem Fahrzeug aus, machte Fotos und notierte sich die Mobilfunknummer vom Gesch\u00e4digten. Im Anschluss entfernte er sich von der Unfallstelle, ohne seiner Feststellungspflicht als Unfallbeteiligter nachzukommen. Der entstandene Sachschaden ist noch nicht genau bekannt.<\/p>\n\n\n\n<ul>\n<li><strong>Das Polizeirevier Wiesloch hat die Ermittlungen wegen Verkehrsunfallflucht aufgenommen. Zeugen, die Hinweise auf den Unfallverursacher haben oder den Vorgang beobachten konnten, werden gebeten, sich beim Polizeirevier Wiesloch, Tel.-Nr.: 06222-57090 zu melden.<\/strong><\/li>\n<\/ul>\n","protected":false},"excerpt":{"rendered":"<div class=\"mh-excerpt\"><p>Polizeimeldungen vom Sonntag (05.11.2023) (Speyer) &#8211; Zwei Fahrten unter Alkoholeinfluss Im Zeitraum von Samstag bis Sonntag konnten durch die Polizei Speyer zwei Fahrten unter Alkoholeinfluss festgestellt werden. Am Samstag, gegen 11:25 Uhr, verursachte ein 50-j\u00e4hriger <a class=\"mh-excerpt-more\" href=\"https:\/\/speyer24news.com\/?p=56047\" title=\"Polizeimeldungen Sonntag (05.11.23)\">[&#8230;]<\/a><\/p>\n<\/div>","protected":false},"author":3,"featured_media":26162,"comment_status":"open","ping_status":"open","sticky":false,"template":"","format":"standard","meta":{"_monsterinsights_skip_tracking":false,"_monsterinsights_sitenote_active":false,"_monsterinsights_sitenote_note":"","_monsterinsights_sitenote_category":0,"footnotes":""},"categories":[15659],"tags":[7273,7243,7244,10926,3614,350,14537,15084,15267,14538,15361,702,61,2555,14113,6955,6986,6263,63,105,11150,6987,53,13540,4683,12967,11592,14705,102,13626,213,14325,14324,13553,13541],"aioseo_notices":[],"amp_enabled":true,"_links":{"self":[{"href":"https:\/\/speyer24news.com\/index.php?rest_route=\/wp\/v2\/posts\/56047"}],"collection":[{"href":"https:\/\/speyer24news.com\/index.php?rest_route=\/wp\/v2\/posts"}],"about":[{"href":"https:\/\/speyer24news.com\/index.php?rest_route=\/wp\/v2\/types\/post"}],"author":[{"embeddable":true,"href":"https:\/\/speyer24news.com\/index.php?rest_route=\/wp\/v2\/users\/3"}],"replies":[{"embeddable":true,"href":"https:\/\/speyer24news.com\/index.php?rest_route=%2Fwp%2Fv2%2Fcomments&post=56047"}],"version-history":[{"count":3,"href":"https:\/\/speyer24news.com\/index.php?rest_route=\/wp\/v2\/posts\/56047\/revisions"}],"predecessor-version":[{"id":56052,"href":"https:\/\/speyer24news.com\/index.php?rest_route=\/wp\/v2\/posts\/56047\/revisions\/56052"}],"wp:featuredmedia":[{"embeddable":true,"href":"https:\/\/speyer24news.com\/index.php?rest_route=\/wp\/v2\/media\/26162"}],"wp:attachment":[{"href":"https:\/\/speyer24news.com\/index.php?rest_route=%2Fwp%2Fv2%2Fmedia&parent=56047"}],"wp:term":[{"taxonomy":"category","embeddable":true,"href":"https:\/\/speyer24news.com\/index.php?rest_route=%2Fwp%2Fv2%2Fcategories&post=56047"},{"taxonomy":"post_tag","embeddable":true,"href":"https:\/\/speyer24news.com\/index.php?rest_route=%2Fwp%2Fv2%2Ftags&post=56047"}],"curies":[{"name":"wp","href":"https:\/\/api.w.org\/{rel}","templated":true}]}}