{"id":56095,"date":"2023-11-07T15:38:39","date_gmt":"2023-11-07T14:38:39","guid":{"rendered":"https:\/\/speyer24news.com\/?p=56095"},"modified":"2023-11-07T15:46:32","modified_gmt":"2023-11-07T14:46:32","slug":"stadtnotizen-verkehrsnotizen-aus-speyer-89","status":"publish","type":"post","link":"https:\/\/speyer24news.com\/?p=56095","title":{"rendered":"Stadtnotizen &amp; Verkehrsnotizen aus Speyer"},"content":{"rendered":"<style type=\"text\/css\">\r\n\t.ads_top_disp{}\r\n\t.ads_top_corner_disp{ float:left; margin:0px 10px 10px 0px; }\r\n\t.ads_first_p_disp{}\r\n\t.ads_bottom_disp{}\r\n\t<\/style>\n<h1 class=\"wp-block-heading has-text-align-center\">Stadtnotizen<\/h1>\n\n\n<div class=\"wp-block-image\">\n<figure class=\"aligncenter\"><img decoding=\"async\" loading=\"lazy\" width=\"800\" height=\"600\" src=\"https:\/\/speyer24news.com\/wp-content\/uploads\/2020\/01\/Speyer-Stadtnachrichten-2.jpg\" alt=\"\" class=\"wp-image-23901\" srcset=\"https:\/\/speyer24news.com\/wp-content\/uploads\/2020\/01\/Speyer-Stadtnachrichten-2.jpg 800w, https:\/\/speyer24news.com\/wp-content\/uploads\/2020\/01\/Speyer-Stadtnachrichten-2-300x225.jpg 300w, https:\/\/speyer24news.com\/wp-content\/uploads\/2020\/01\/Speyer-Stadtnachrichten-2-768x576.jpg 768w, https:\/\/speyer24news.com\/wp-content\/uploads\/2020\/01\/Speyer-Stadtnachrichten-2-678x509.jpg 678w, https:\/\/speyer24news.com\/wp-content\/uploads\/2020\/01\/Speyer-Stadtnachrichten-2-326x245.jpg 326w, https:\/\/speyer24news.com\/wp-content\/uploads\/2020\/01\/Speyer-Stadtnachrichten-2-80x60.jpg 80w\" sizes=\"(max-width: 800px) 100vw, 800px\" \/><\/figure><\/div>\n\n\n<h2 class=\"wp-block-heading\">Vorlesetag am 17. November 2023<\/h2>\n\n\n<div class=\"wp-block-image\">\n<figure class=\"aligncenter size-full\"><img decoding=\"async\" loading=\"lazy\" width=\"800\" height=\"534\" src=\"https:\/\/speyer24news.com\/wp-content\/uploads\/2023\/11\/Kathleen-Freitag_3000-Pixel-\u00a9-Sven-Wedemeyer.jpg\" alt=\"\" class=\"wp-image-56096\" srcset=\"https:\/\/speyer24news.com\/wp-content\/uploads\/2023\/11\/Kathleen-Freitag_3000-Pixel-\u00a9-Sven-Wedemeyer.jpg 800w, https:\/\/speyer24news.com\/wp-content\/uploads\/2023\/11\/Kathleen-Freitag_3000-Pixel-\u00a9-Sven-Wedemeyer-300x200.jpg 300w, https:\/\/speyer24news.com\/wp-content\/uploads\/2023\/11\/Kathleen-Freitag_3000-Pixel-\u00a9-Sven-Wedemeyer-768x513.jpg 768w\" sizes=\"(max-width: 800px) 100vw, 800px\" \/><figcaption class=\"wp-element-caption\">Portr\u00e4t von Kathleen Freitag<br><em>Foto: \u00a9 Sven Wedemeyer<\/em><\/figcaption><\/figure><\/div>\n\n\n<p>Bereits zum 20. Mal findet am <strong>Freitag, 17. November 2023<\/strong>, der Bundesweite Vorlesetag statt. In diesem Jahr steht der Aktionstag, der auf eine&nbsp;gemeinsame Initiative von DIE ZEIT, Stiftung Lesen und Deutsche Bahn Stiftung&nbsp;zur\u00fcckgeht, unter dem Motto \u201eVorlesen verbindet\u201c. In Speyer werden ebenfalls Aktionen angeboten, um Kinder wie Erwachsene f\u00fcr das Vorlesen zu begeistern.<\/p>\n\n\n\n<p>Michael St\u00f6ckel, Leiter der Abteilung Kindertagesst\u00e4tten und -tagespflege bei der Stadtverwaltung, liest an diesem Tag um 9 Uhr in der st\u00e4dtischen Kita Seek\u00e4tzchen f\u00fcr die \u00e4lteren Kinder aus dem Buch \u201eDer Biber von Anderswo\u201c von Henna Goudzand Nahar vor. Dabei handelt es sich um eine poetische Geschichte \u00fcber das Fremdsein und die \u00dcberwindung von Vorurteilen. Protagonisten sind ein Schwein und ein Elefant, die eines Tages einem wundersch\u00f6nen Lied lauschen. Gesungen wird es von einem Biber, der sich am Fluss der beiden niedergelassen hat. Das gef\u00e4llt dem Schwein und dem Elefanten \u00fcberhaupt nicht, sodass sie den Unruhestifter vertreiben \u2013 um bald darauf festzustellen, dass sie den Biber und sein sch\u00f6nes Lied einfach nicht vergessen k\u00f6nnen.<\/p>\n\n\n\n<p>Die Autorin Kathleen Freitag liest um 15.30 Uhr in der Stadtbibliothek Speyer aus ihrem Kinderbuch \u201ePia Pustelinchen\u201c vor. Die gleichnamige Hauptfigur ist das neugierigste und gro\u00dfherzigste Pusteblumenkind auf der ganzen Wiese, das mit seinen Freunden, Marienk\u00e4fer Mario und Ameise Frederick, viele Abenteuer erlebt. An einem Sommermorgen entdecken sie im dichten Gras ein verlassenes Ei und machen sich auf die Suche nach den Eltern. Doch f\u00fcr ein Ameisenei ist es zu gro\u00df, f\u00fcr ein Vogelei zu klein. Zu wem mag das Ei wohl geh\u00f6ren?<\/p>\n\n\n\n<p>Die Teilnahme an dieser Lesung ist kostenlos, ohne Anmeldung m\u00f6glich und f\u00fcr Kinder ab vier Jahren geeignet.<\/p>\n\n\n\n<p><em>Text: Stadt Speyer Foto: \u00a9 Sven Wedemeyer<br>07.11.2023<\/em><\/p>\n\n\n\n<h2 class=\"wp-block-heading\">Wasserzapfstellen auf dem Speyerer Friedhof gehen in die Winterpause<\/h2>\n\n\n<div class=\"wp-block-image\">\n<figure class=\"aligncenter size-full\"><img decoding=\"async\" loading=\"lazy\" width=\"800\" height=\"593\" src=\"https:\/\/speyer24news.com\/wp-content\/uploads\/2023\/11\/Wasser-Brunnen-Friedhof.jpg\" alt=\"\" class=\"wp-image-56097\" srcset=\"https:\/\/speyer24news.com\/wp-content\/uploads\/2023\/11\/Wasser-Brunnen-Friedhof.jpg 800w, https:\/\/speyer24news.com\/wp-content\/uploads\/2023\/11\/Wasser-Brunnen-Friedhof-300x222.jpg 300w, https:\/\/speyer24news.com\/wp-content\/uploads\/2023\/11\/Wasser-Brunnen-Friedhof-768x569.jpg 768w, https:\/\/speyer24news.com\/wp-content\/uploads\/2023\/11\/Wasser-Brunnen-Friedhof-80x60.jpg 80w\" sizes=\"(max-width: 800px) 100vw, 800px\" \/><\/figure><\/div>\n\n\n<p>In der kommenden Woche (KW 46) werden die rund 70 Wasserzapfstellen und Brunnen auf dem Speyerer Friedhof witterungsbedingt abgestellt und stehen bis zum Fr\u00fchjahr 2024 nicht mehr zur Verf\u00fcgung. Auch die Gie\u00dfkannen werden eingelagert.<br>An den drei Winterzapfstellen (am Friedhofsb\u00fcro, an der WC-Anlage am Eingang Landwehrstra\u00dfe und an der WC-Anlage Wormser Landstra\u00dfe) kann aber weiterhin \u2013 auch bei Frost \u2013 Wasser entnommen werden.<\/p>\n\n\n\n<p><em>Stadt Speyer<br>06.11.2023<\/em><\/p>\n\n\n\n<h2 class=\"wp-block-heading has-text-align-center\">Veranstaltungen des Seniorenb\u00fcros Speyer<\/h2>\n\n\n<div class=\"wp-block-image\">\n<figure class=\"aligncenter size-full\"><img decoding=\"async\" loading=\"lazy\" width=\"800\" height=\"491\" src=\"https:\/\/speyer24news.com\/wp-content\/uploads\/2022\/09\/Seniorenbuero-Speyer-1.jpg\" alt=\"\" class=\"wp-image-49163\" srcset=\"https:\/\/speyer24news.com\/wp-content\/uploads\/2022\/09\/Seniorenbuero-Speyer-1.jpg 800w, https:\/\/speyer24news.com\/wp-content\/uploads\/2022\/09\/Seniorenbuero-Speyer-1-300x184.jpg 300w, https:\/\/speyer24news.com\/wp-content\/uploads\/2022\/09\/Seniorenbuero-Speyer-1-768x471.jpg 768w\" sizes=\"(max-width: 800px) 100vw, 800px\" \/><\/figure><\/div>\n\n\n<h3 class=\"wp-block-heading\">Literaturfreunde des Seniorenb\u00fcros: \u201eDer Klang der W\u00e4lder\u201c von&nbsp;<strong>Natsu Miyashita am 10. November<\/strong><\/h3>\n\n\n\n<p>Dawn A. Dister stellt am Freitag, 10. November 2023, 16 Uhr,&nbsp;bei den Literaturfreunden des Seniorenb\u00fcros den Roman \u201eDer Klang der W\u00e4lder\u201c der japanischen Autorin&nbsp;Natsu Miyashita vor. Dabei handelt es sich um ein Buch voller Poesie, das von der alles ver\u00e4ndernden Kraft der Musik erz\u00e4hlt. Die Autorin erhielt daf\u00fcr den renommierten japanischen Buchh\u00e4ndlerpreis. Au\u00dferdem wurde der Roman im Jahr 2018 von Kojiro Hashimoto verfilmt.<\/p>\n\n\n\n<p>Der Literaturkreis trifft sich im Veranstaltungsraum des Seniorenb\u00fcros, Maulbronner Hof 1a. Eine Anmeldung ist nicht erforderlich.<\/p>\n\n\n\n<h3 class=\"wp-block-heading\">Beratung barrierefreies Bauen und Wohnen am 16. November<\/h3>\n\n\n\n<p>Der n\u00e4chste Beratungstermin zum barrierefreien Bauen und Wohnen wird am Donnerstag, 16. November 2023, 15 bis 18 Uhr, im Seniorenb\u00fcro, Maulbronner Hof 1a, angeboten. Interessierte B\u00fcrger*innen k\u00f6nnen sich bis Dienstag, 14. November 2023, telefonisch unter der Nummer 06232-14-2661 oder per E-Mail an&nbsp;<a href=\"mailto:seniorenbuero@stadt-speyer.de\" target=\"_blank\" rel=\"noreferrer noopener\">seniorenbuero@stadt-speyer.de<\/a>&nbsp;daf\u00fcr anmelden. Die Beratung wird von der Landesberatungsstelle Barrierefrei Bauen + Wohnen Rheinland-Pfalz, auf Anfrage auch zu den individuellen Wohnobjekten der Ratsuchenden, durchgef\u00fchrt.<\/p>\n\n\n\n<p>Die Beratung zum barrierefreien Bauen und Wohnen findet seit Oktober 2023 wieder an jedem dritten Donnerstag im Monat von 15 bis 18 Uhr im Seniorenb\u00fcro statt. Da die Pl\u00e4tze begrenzt sind, ist eine Anmeldung bis zum Dienstag vor dem jeweiligen Beratungstermin unter den oben genannten Kontaktdaten erforderlich.<\/p>\n\n\n\n<p><em>Stadt Speyer \/ Seniorenb\u00fcro Speyer<br>06.11.2023<\/em><\/p>\n\n\n\n<h2 class=\"wp-block-heading\">Dokumentarfilm THREE INSIGHTS INTO SHUM \u00fcber SchUM Artists in Residence am 12. November in Speyer<\/h2>\n\n\n\n<p><strong>Im Rahmen der SchUM-Kulturtage 2023 zeigt die Stadt am Sonntag, 12. November 2023 um 16 Uhr im Vortragssaal der Villa Ecarius den Dokumentarfilm THREE INSIGHTS INTO SHUM zum Stipendienprogramm SchUM Artist in Residence.<\/strong><\/p>\n\n\n<div class=\"wp-block-image\">\n<figure class=\"aligncenter size-full\"><img decoding=\"async\" loading=\"lazy\" width=\"800\" height=\"583\" src=\"https:\/\/speyer24news.com\/wp-content\/uploads\/2023\/11\/Ritual-Echoes-Foto-Klaus-Venus.jpg\" alt=\"\" class=\"wp-image-56098\" srcset=\"https:\/\/speyer24news.com\/wp-content\/uploads\/2023\/11\/Ritual-Echoes-Foto-Klaus-Venus.jpg 800w, https:\/\/speyer24news.com\/wp-content\/uploads\/2023\/11\/Ritual-Echoes-Foto-Klaus-Venus-300x219.jpg 300w, https:\/\/speyer24news.com\/wp-content\/uploads\/2023\/11\/Ritual-Echoes-Foto-Klaus-Venus-768x560.jpg 768w\" sizes=\"(max-width: 800px) 100vw, 800px\" \/><figcaption class=\"wp-element-caption\">Die Fl\u00f6tistin Avery Gosfield ist Artist in Residence beim Stipendien-Programm der SchUM-St\u00e4dte Speyer, Worms und Mainz und wird in Speyer mittelalterliche Kompsositionen erarbeiten.<br><em>Foto: Klaus Venus<\/em><\/figcaption><\/figure><\/div>\n\n\n<p>2022 realisierten die SchUM-St\u00e4dte erstmals ein gemeinsames Artist in Residence Programm. Wie sehr die mittelalterlichen SchUM-St\u00e4tten mit ihren Synagogen, Mikwen, Talmudschulen und Friedh\u00f6fen noch heute eine Faszination auf K\u00fcnstlerinnen und K\u00fcnstler weltweit aus\u00fcben, wird in dem Dokumentarfilm THREE INSIGHTS INTO SHUM deutlich herausgearbeitet. Internationale Kunstschaffende waren aufgefordert, sich in einem sechsw\u00f6chigen Arbeitsaufenthalt mit der reichen Tradition des j\u00fcdischen Gemeindebunds SchUM zu befassen. Eine hochkar\u00e4tige Jury entschied sich schlie\u00dflich f\u00fcr Avery Gosfield aus Italien, die Kompositionen auf der Grundlage j\u00fcdischer Text- und Musik\u00fcberlieferungen aus dem Mittelalter schuf, au\u00dferdem f\u00fcr Katya Oicherman, USA, die mit Handstickereien das Wormser \u201eMinhagbuch\u201c von Juspa Schammes illustrierte, und den Argentinier Germ\u00e1n Morales, der mit Zeichnungen und Fotos das architektonische Erbe der drei St\u00e4dte erfasste. Das Kamerateam Visualkey Filmproduktion Mainz begleitete die Arbeit der Stipendiaten.<\/p>\n\n\n\n<p>Nachdem die Filmdokumentation THREE INSIGHTS INTO SHUM in Mainz ihre Premiere am 5. November 2023 feiert, wird diese in Speyer und Worms erstmals am 12. November von G\u00fcnter Minas vorgestellt. Dar\u00fcber hinaus gibt der k\u00fcnstlerische Leiter des Projekts einen Ausblick \u00fcber das Stipendienprogramm SchUM Artist in Residence, das als Biennale weitergef\u00fchrt wird und 2024 wieder stattfindet.<\/p>\n\n\n\n<p>Die Veranstaltung bildet den Abschluss des Programms zu den SchUM-Kulturtagen in Speyer. Der Eintritt ist frei.<\/p>\n\n\n\n<h3 class=\"wp-block-heading\">SchUM<\/h3>\n\n\n<div class=\"wp-block-image\">\n<figure class=\"aligncenter size-full\"><img decoding=\"async\" loading=\"lazy\" width=\"500\" height=\"667\" src=\"https:\/\/speyer24news.com\/wp-content\/uploads\/2021\/09\/UNESCO-Weltkulturerbe-SchUM-Speyer-2.jpg\" alt=\"\" class=\"wp-image-40505\" srcset=\"https:\/\/speyer24news.com\/wp-content\/uploads\/2021\/09\/UNESCO-Weltkulturerbe-SchUM-Speyer-2.jpg 500w, https:\/\/speyer24news.com\/wp-content\/uploads\/2021\/09\/UNESCO-Weltkulturerbe-SchUM-Speyer-2-225x300.jpg 225w\" sizes=\"(max-width: 500px) 100vw, 500px\" \/><\/figure><\/div>\n\n\n<p>Bereits im 10. Jahrhundert begann die Bl\u00fctezeit der in Speyer, Worms und Mainz ans\u00e4ssigen j\u00fcdischen Gemeinden (damals nach ihren hebr\u00e4ischen Anfangsbuchstaben als \u201eSchUM\u201c-Gemeinden benannt), welche die&nbsp;Architektur der Synagogen und Ritualb\u00e4der sowie die Grabkultur f\u00fcr das gesamte mitteleurop\u00e4ische, also aschkenasische Judentum ma\u00dfgeblich pr\u00e4gten. Dar\u00fcber hinaus etablierten sie mit ihren Gelehrten liturgische Ges\u00e4nge und Gebete, die heute noch f\u00fcr Juden und J\u00fcdinnen weltweit Relevanz haben. 2021 wurde das reiche Erbe der SchUM-St\u00e4tten mit dem Welterbetitel der UNESCO ausgezeichnet.<\/p>\n\n\n\n<p>Die drei SchUM-St\u00e4dte Speyer, Worms und Mainz vermitteln jeden Herbst lebendige j\u00fcdische Kultur jeweils mit einem eigenen \u201eSchUM Kulturtage\u201c-Programm.&nbsp;<\/p>\n\n\n\n<p><em>Text: Stadt Speyer Foto: (1) \u00a9 Klaus Venus; (2) \u00a9 Speyer 24 NEWS<br>06.11.2023<\/em><\/p>\n\n\n\n<h2 class=\"wp-block-heading\">Aus medien+bildung.com wird Medien und Bildung RLP!<\/h2>\n\n\n<div class=\"wp-block-image\">\n<figure class=\"aligncenter size-full\"><img decoding=\"async\" loading=\"lazy\" width=\"800\" height=\"536\" src=\"https:\/\/speyer24news.com\/wp-content\/uploads\/2023\/11\/Medien-und-Bildung-RLP.jpg\" alt=\"\" class=\"wp-image-56099\" srcset=\"https:\/\/speyer24news.com\/wp-content\/uploads\/2023\/11\/Medien-und-Bildung-RLP.jpg 800w, https:\/\/speyer24news.com\/wp-content\/uploads\/2023\/11\/Medien-und-Bildung-RLP-300x201.jpg 300w, https:\/\/speyer24news.com\/wp-content\/uploads\/2023\/11\/Medien-und-Bildung-RLP-768x515.jpg 768w\" sizes=\"(max-width: 800px) 100vw, 800px\" \/><\/figure><\/div>\n\n\n<h4 class=\"wp-block-heading\">Neuer Name, neues Design:<\/h4>\n\n\n\n<p>Aus medien+bildung.com gGmbH wird Medien und Bildung RLP gGmbH. Damit reiht sich die medienp\u00e4dagogische Einrichtung als 100-prozentige Tochtergesellschaft der Medienanstalt Rheinland-Pfalz in deren Dachmarkenstrategie ein.<\/p>\n\n\n\n<p>Seit nunmehr 16 Jahren qualifizieren die Medienp\u00e4dadog*innen von Medien und Bildung RLP p\u00e4dagogische Fachkr\u00e4fte vor Ort in Kindertagesst\u00e4tten, Schulen, Hochschulen, Bibliotheken und mehr. Mit Seminaren und Workshops hat das Team bereits rund 100.000 Teilnehmende erreicht. Auch die Publikation von p\u00e4dagogischen Handreichungen geh\u00f6rt zum Bildungsauftrag von Medien und Bildung RLP. Diese finden sich ebenso wie weiterf\u00fchrende Informationen auf der neu gestalteten Webseite <a href=\"http:\/\/www.medienundbildung-rlp.de\" title=\"\">www.medienundbildung-rlp.de<\/a>.<\/p>\n\n\n\n<p>Christian Kleinhan\u00df, Gesch\u00e4ftsf\u00fchrer von Medien und Bildung RLP, m\u00f6chte diese Erfolgsgeschichte weiterschreiben und mit der Umfirmierung der gGmbH nun ein neues Kapitel ihres p\u00e4dagogischen Auftrags bestreiten: \u201eGerade in Zeiten von K\u00fcnstlicher Intelligenz erreicht die Relevanz von Medienkompetenz einen neuen H\u00f6hepunkt. Umso wichtiger ist es, den Umgang mit Medien vom fr\u00fchkindlichen bis ins hohe Alter zu schulen.\u201c<\/p>\n\n\n\n<p>Hierf\u00fcr hat Medien und Bildung RLP f\u00fcnf Thementeams eingerichtet: Fr\u00fchkindliche Medienbildung, Schulische Medienbildung, Erwachsenenbildung, Demokratiekompetenz und Jugendmedienschutz sowie Orte der medialen Teilhabe.<br>Albrecht B\u00e4hr, Aufsichtsratsvorsitzender von Medien und Bildung RLP und Versammlungsvorsitzender der Medienanstalt Rheinland-Pfalz, unterstreicht: \u201eMit dem neuen Markenauftritt wird deutlich, dass die Medienanstalt Rheinland-Pfalz und Medien und Bildung RLP zusammengeh\u00f6ren. Gemeinsam leisten wir einen wichtigen Beitrag zur St\u00e4rkung der Demokratie, denn Medienkompetenz ist Demokratiekompetenz.\u201c<\/p>\n\n\n\n<p>Der Direktor der Medienanstalt Rheinland-Pfalz, Dr. Marc Jan Eumann, erg\u00e4nzt:<br>\u201eMedien und Bildung RLP unterst\u00fctzt Menschen dabei, Medien zu verstehen und kritisch zu hinterfragen. Das neue Design hilft, die starken Bildungsangebote im ganzen Land sichtbarer zu machen.\u201c<\/p>\n\n\n\n<p><em>Medien und Bildung RLP gGmbH<br>02.11.2023<\/em><\/p>\n\n\n\n<h1 class=\"wp-block-heading has-text-align-center\">Verkehrsnotizen<\/h1>\n\n\n<div class=\"wp-block-image\">\n<figure class=\"aligncenter\"><img decoding=\"async\" loading=\"lazy\" width=\"800\" height=\"565\" src=\"https:\/\/speyer24news.com\/wp-content\/uploads\/2020\/01\/Baustelle-2.jpg\" alt=\"\" class=\"wp-image-23900\" srcset=\"https:\/\/speyer24news.com\/wp-content\/uploads\/2020\/01\/Baustelle-2.jpg 800w, https:\/\/speyer24news.com\/wp-content\/uploads\/2020\/01\/Baustelle-2-300x212.jpg 300w, https:\/\/speyer24news.com\/wp-content\/uploads\/2020\/01\/Baustelle-2-768x542.jpg 768w\" sizes=\"(max-width: 800px) 100vw, 800px\" \/><\/figure><\/div>\n\n\n<h2 class=\"wp-block-heading\">Wormser Stra\u00dfe: Zweiter Bauabschnitt steht bevor<\/h2>\n\n\n<div class=\"wp-block-image\">\n<figure class=\"aligncenter\"><img decoding=\"async\" loading=\"lazy\" width=\"600\" height=\"617\" src=\"https:\/\/speyer24news.com\/wp-content\/uploads\/2023\/11\/Wormser-Landstrasse-Abschnitt-2.jpg\" alt=\"\" class=\"wp-image-55785\" srcset=\"https:\/\/speyer24news.com\/wp-content\/uploads\/2023\/11\/Wormser-Landstrasse-Abschnitt-2.jpg 600w, https:\/\/speyer24news.com\/wp-content\/uploads\/2023\/11\/Wormser-Landstrasse-Abschnitt-2-292x300.jpg 292w\" sizes=\"(max-width: 600px) 100vw, 600px\" \/><\/figure><\/div>\n\n\n<p>Nach Abschluss des ersten Bauabschnitts erfolgt, sofern es die Witterungsverh\u00e4ltnisse zulassen, am&nbsp;Dienstag, 31. Oktober 2023,&nbsp;die Umstellung zum zweiten und letzten Bauabschnitt. Die Gesamtma\u00dfnahme kann voraussichtlich&nbsp;zum 17. November 2023&nbsp;abgeschlossen werden.<\/p>\n\n\n\n<p>Im zweiten Bauabschnitt ergibt sich f\u00fcr den Kfz-Verkehr eine Vollsperrung der Wormser Stra\u00dfe im Einm\u00fcndungsbereich Gutenbergstra\u00dfe. Die Gehwege sind von der Ma\u00dfnahme nicht betroffen. Radfahrende werden gebeten, bei der Nutzung des Gehwegs abzusteigen.<\/p>\n\n\n\n<h4 class=\"wp-block-heading\">W\u00e4hrend des zweiten Bauabschnitts ergeben sich f\u00fcr den Kfz-Verkehr die folgenden Regelungen:<\/h4>\n\n\n\n<ul>\n<li><strong>Der von Hirschgraben, Wormser Landstra\u00dfe und Petschengasse kommende Kfz-Verkehr wird mittels Vorwegweisern \u00fcber den Kreisverkehr wie folgt umgeleitet: Petschengasse \u2013 Eselsdamm \u2013 Gr\u00fcner Winkel \u2013 Pfaugasse \u2013 Johannesstra\u00dfe \u2013 Hagedornsgasse \u2013 Wormser Stra\u00dfe. Die Einbahnregelung der Hagedornsgasse wird zwischen Kleiner Greifengasse und Wormser Stra\u00dfe gedreht. Weiterhin werden in der Hagedornsgasse zur Sicherstellung der Befahrbarkeit Haltverbote ausgewiesen.<\/strong><\/li>\n\n\n\n<li><strong>\u00dcber die vorgenannte Umleitungsstrecke k\u00f6nnen die Parkpl\u00e4tze des Amtsgerichts und des Finanzamts sowie die Tiefgarage Kornmarkt angefahren werden. Der Parkplatz L\u00f6ffelgasse kann \u00fcber die Bahnhof- und Math\u00e4us-Hotz-Stra\u00dfe erreicht werden.<\/strong><\/li>\n\n\n\n<li><strong>Da die vorgenannte Umleitungsstrecke nicht f\u00fcr Lkw befahrbar ist, wird folgende gesonderte Umleitung f\u00fcr Lkw-Anliegerverkehre ausgewiesen: Petschengasse \u2013 Eselsdamm \u2013 Am Heringsee \u2013 Hafenstra\u00dfe \u2013 Schillerweg \u2013 Klipfelsau \u2013 Domplatz \u2013 Maximilianstra\u00dfe \u2013 Wormser Stra\u00dfe<\/strong><\/li>\n\n\n\n<li><strong>Die kleinr\u00e4umigen Umleitungen U und U2 im Bereich R\u00fctzhaub- und St.-Guido-Stra\u00dfe bleiben wie im ersten Bauabschnitt bestehen.<\/strong><\/li>\n\n\n\n<li><strong>Die Augustiner- und Eurichsgasse sind wieder wie gewohnt befahrbar.<\/strong><\/li>\n\n\n\n<li><strong>Der Sparkassen-Parkplatz mit der Zufahrt an der Wormser Stra\u00dfe ist weiterhin geschlossen. Die Zufahrt zu den Parkierungsanlagen der Sparkasse kann \u00fcber die Augustinergasse oder die Armbruststra\u00dfe erfolgen.<\/strong><\/li>\n<\/ul>\n\n\n\n<p>Auf der Projektseite&nbsp;<a href=\"https:\/\/deref-web.de\/mail\/client\/WE3fA1XUYgc\/dereferrer\/?redirectUrl=http%3A%2F%2Fwww.speyer.de%2Fwormser-strasse\">www.speyer.de\/wormser-strasse<\/a>&nbsp;k\u00f6nnen sich Verkehrsteilnehmende, Gewerbetreibende und Anwohnende einen \u00dcberblick \u00fcber die Ma\u00dfnahme verschaffen. Zudem erfolgen w\u00f6chentlich aktualisierte Informationen zu den Baustellen in und um Speyer im News-Ticker auf&nbsp;<a href=\"https:\/\/deref-web.de\/mail\/client\/3ijpjqX5a1s\/dereferrer\/?redirectUrl=http%3A%2F%2Fwww.speyer.de%2Fbaustellen\">www.speyer.de\/baustellen<\/a>.<\/p>\n\n\n\n<p>Bei Unklarheiten zu den Verkehrsregelungen sind die Mitarbeitenden der Stra\u00dfenverkehrsbeh\u00f6rde unter der Telefonnummer 06232-14-2938 oder per E-Mail an&nbsp;<a href=\"mailto:strassenverkehr@stadt-speyer.de\" target=\"_blank\" rel=\"noreferrer noopener\">strassenverkehr@stadt-speyer.de<\/a>&nbsp;erreichbar. Zudem k\u00f6nnen Fragen auch an den st\u00e4dtischen B\u00fcrgerservice beziehungsweise das Beschwerdemanagement unter der Telefonnummer 06232-14-2836 gerichtet werden.<\/p>\n\n\n\n<p>Die Stadtverwaltung Speyer bittet die betroffenen Verkehrsteilnehmenden, Gewerbetreibenden und Anwohnenden um Verst\u00e4ndnis f\u00fcr die Beeintr\u00e4chtigungen.<\/p>\n\n\n\n<p><em>Text: Stadtverwaltung Speyer Grafik: \u00a9 Modus Consult<br>30.10.2023<\/em><\/p>\n\n\n\n<h2 class=\"wp-block-heading\">Spaldinger Stra\u00dfe halbseitig gesperrt<\/h2>\n\n\n\n<p>Aufgrund von Arbeiten im Auftrag der Entsorgungsbetriebe Speyer wird die Spaldinger Stra\u00dfe ab der Kreuzung Nu\u00dfbaumweg&nbsp;<strong>von Montag, 6. November bis voraussichtlich Montag, 20. November 2023<\/strong>&nbsp;f\u00fcr den Verkehr in Fahrtrichtung stadteinw\u00e4rts gesperrt.<\/p>\n\n\n\n<p>Eine Umleitung wird eingerichtet. Der Verkehr in Fahrtrichtung stadtausw\u00e4rts bleibt frei.<\/p>\n\n\n\n<p>F\u00fcr R\u00fcckfragen steht die Stra\u00dfenverkehrsbeh\u00f6rde unter der Rufnummer 14-2938 zur Verf\u00fcgung.<\/p>\n\n\n\n<p><em>Stadtverwaltung Speyer<br>26.10.2023<\/em><\/p>\n\n\n\n<h2 class=\"wp-block-heading\">Vollsperrung Im Erlich<\/h2>\n\n\n\n<p>Aufgrund von Kanalarbeiten im Auftrag der Entsorgungsbetriebe Speyer wird die Stra\u00dfe Im Erlich auf H\u00f6he der Hausnummern 106 bis 114&nbsp;<strong>ab Montag, 30. Oktober 2023, bis voraussichtlich Donnerstag, 30. November 2023<\/strong>, f\u00fcr den Verkehr voll gesperrt.<\/p>\n\n\n\n<p>Die Stra\u00dfe wird beidseitig als Sackgasse ausgewiesen; eine Umleitung wird eingerichtet. Der Durchgang f\u00fcr Fu\u00dfg\u00e4ngerinnen und Fu\u00dfg\u00e4nger ist weiterhin m\u00f6glich.<\/p>\n\n\n\n<p>F\u00fcr R\u00fcckfragen steht die Stra\u00dfenverkehrsbeh\u00f6rde unter der Rufnummer 06232-14-2938 zur Verf\u00fcgung.<\/p>\n\n\n\n<p><em>Stadtverwaltung Speyer<br>25.10.2023<\/em><\/p>\n\n\n\n<h2 class=\"wp-block-heading\">Kolpingstra\u00dfe gesperrt<\/h2>\n\n\n\n<p>Aufgrund von Arbeiten an der Strom- und Gasleitung im Auftrag der Stadtwerke Speyer wird die Kolpingstra\u00dfe&nbsp;<strong>ab Montag, 16. Oktober bis voraussichtlich Freitag, 1. Dezember 2023<\/strong>&nbsp;f\u00fcr den Verkehr voll gesperrt.<\/p>\n\n\n\n<p>Die Einbahnstra\u00dfenregelung in der Kolpingstra\u00dfe wird f\u00fcr diese Zeit aufgehoben und beidseitig als Sackgasse ausgewiesen<\/p>\n\n\n\n<p>F\u00fcr R\u00fcckfragen steht die Stra\u00dfenverkehrsbeh\u00f6rde unter der Rufnummer 14-2938 zur Verf\u00fcgung.<\/p>\n\n\n\n<p><em>Stadtverwaltung Speyer<br>12.10.2023<\/em><\/p>\n\n\n\n<h2 class=\"wp-block-heading\">Ge\u00e4nderte Verkehrsf\u00fchrung am Bahn\u00fcbergang Sch\u00fctzenstra\u00dfe nach Modernisierung durch die Deutsche Bahn<\/h2>\n\n\n\n<p>Wie am 13. Juli 2022 im gemeinsamen Verkehrsausschuss und Ausschuss f\u00fcr Stadtentwicklung, Bauen und Konversion mitgeteilt wurde, m\u00fcssen im Zuge der Modernisierung des Bahn\u00fcbergangs Sch\u00fctzenstra\u00dfe die derzeit bundesweit g\u00fcltigen Sicherheitsanforderungen umgesetzt werden. Hierbei gilt es, das Risiko eines R\u00fcckstaus auf den Gleisen auszuschlie\u00dfen.<\/p>\n\n\n\n<p>Hierzu bestehen gem\u00e4\u00df Planungen der Deutschen Bahn zwei M\u00f6glichkeiten: Ein sogenanntes vorgeschaltetes Lichtzeichen oder ein Verbot des Linksabbiegens mittels Verkehrszeichen. Wie sich im Verlauf der Modernisierungsarbeiten herausstellte, konnte die Deutsche Bahn das urspr\u00fcnglich bevorzugte vorgeschaltete Lichtzeichen nicht wie geplant bis zur Wiederinbetriebnahme des Bahn\u00fcbergangs installieren, da der Mast des vorgeschalteten Lichtzeichens aufgrund von Konflikten mit vorhandenen unterirdischen Leitungen nicht im \u00f6ffentlichen Stra\u00dfenraum platziert werden konnte. Bis eine L\u00f6sung zur Platzierung des Masts gefunden ist, muss demnach die Alternativvariante umgesetzt werden.<\/p>\n\n\n\n<p>Daher ist ab sofort ein Linksabbiegen von der Sch\u00fctzenstra\u00dfe in die Hasenstra\u00dfe nicht mehr zul\u00e4ssig. Die Zufahrt zum Oberk\u00e4mmerer-Gebiet erfolgt von S\u00fcden \u00fcber die Holzstra\u00dfe und die Br\u00fccke \u00fcber den Gie\u00dfh\u00fcbelbach oder \u00fcber den Bahn\u00fcbergang Alte Schwegenheimer Stra\u00dfe.<\/p>\n\n\n\n<p>Die Stadt Speyer bittet im Namen der Deutschen Bahn die Verkehrsteilnehmenden und Anwohnenden um Verst\u00e4ndnis f\u00fcr die Beeintr\u00e4chtigungen.<\/p>\n\n\n\n<p><em>Stadtverwaltung Speyer<br>02.09.2022<\/em><\/p>\n\n\n\n<h2 class=\"wp-block-heading\">Baustellen\u00fcbersicht der Stadt Speyer<\/h2>\n\n\n<div class=\"wp-block-image\">\n<figure class=\"aligncenter\"><img decoding=\"async\" loading=\"lazy\" width=\"800\" height=\"384\" src=\"https:\/\/speyer24news.com\/wp-content\/uploads\/2022\/03\/Baustelle-Speyer-Facebook.jpg\" alt=\"\" class=\"wp-image-43610\" srcset=\"https:\/\/speyer24news.com\/wp-content\/uploads\/2022\/03\/Baustelle-Speyer-Facebook.jpg 800w, https:\/\/speyer24news.com\/wp-content\/uploads\/2022\/03\/Baustelle-Speyer-Facebook-300x144.jpg 300w, https:\/\/speyer24news.com\/wp-content\/uploads\/2022\/03\/Baustelle-Speyer-Facebook-768x369.jpg 768w\" sizes=\"(max-width: 800px) 100vw, 800px\" \/><\/figure><\/div>\n\n\n<p>Ab sofort stellt die Stadt Speyer eine neue Baustellenliste zur Verf\u00fcgung, die die bisherige Kommunikation von laufenden und kommenden Baustellen erweitert und b\u00fcrgerfreundlicher gestaltet.<\/p>\n\n\n\n<p>Die bisher zur Verf\u00fcgung gestellte Liste \u201eAlle Baustellen\u201c f\u00fchrt alle Baustellen, die sich innerhalb des Speyerer Stadtgebiets befinden, stichpunktartig auf. Diese technische Liste gibt auch einen \u00dcberblick \u00fcber die betroffenen Sparten wie Strom, Gas, oder Wasser.<\/p>\n\n\n\n<p>Die nun neu hinzugekommene Liste \u201eWichtigste Baustellen\u201c beinhaltet Baustellen, von denen ein bedeutender Teil der Verkehrsteilnehmenden in Speyer signifikant betroffen ist, beispielsweise wegen ihrer lange Dauer und\/oder weil wichtige Stra\u00dfen im Netz betroffen sind. Es werden zus\u00e4tzlich zu den Baustellen im Speyerer Stadtgebiet auch wichtige Baustellen in der n\u00e4heren Umgebung aufgef\u00fchrt, beispielsweise auf der B9 und B39. Dar\u00fcber hinaus soll auch der in den Jahren 2023 und 2024 geplante Verkehrsversuch zum Postplatz Eingang in diese Auflistung finden. Neben dem voraussichtlichen Zeitraum und der Ursache werden auch die Umleitungen f\u00fcr die verschiedenen Verkehrsarten und bei Bedarf erg\u00e4nzende Informationen dargestellt. Am Ende der Liste findet sich ferner eine \u00dcbersicht zu m\u00f6glichen Ansprechpartner*innen.<\/p>\n\n\n\n<p>Die neue Baustellenliste ist chronologisch sortiert, sodass die B\u00fcrger*innen auf den ersten Blick neu hinzukommende Baustellen erkennen und f\u00fcr ihre n\u00e4chste Fahrt ber\u00fccksichtigen k\u00f6nnen \u2013 ohne frustriert erst an der Baustellenabsperrung wenden m\u00fcssen. Zeit- und nervenschonend f\u00fcr die B\u00fcrgerschaft \u2013 aber auch gut f\u00fcr die Umwelt, da unn\u00f6tiger Verkehr vermieden wird.<\/p>\n\n\n\n<p>Die \u00dcbersicht \u00fcber die Baustellensituation wird immer freitags aktualisiert und ist unter&nbsp;<a href=\"http:\/\/www.speyer.de\/baustellen\"><strong>www.speyer.de\/baustellen<\/strong><\/a>&nbsp;im NEWS-TICKER zu finden.<br>Des Weiteren gibt es auf der Baustellenseite der Stadt Speyer wie gewohnt detaillierte Informationen zu laufenden und kommenden Gro\u00dfbaustellen.<\/p>\n\n\n\n<p><em>Stadtverwaltung Speyer<br>18.03.2022<\/em><\/p>\n","protected":false},"excerpt":{"rendered":"<div class=\"mh-excerpt\"><p>Stadtnotizen Vorlesetag am 17. November 2023 Bereits zum 20. Mal findet am Freitag, 17. November 2023, der Bundesweite Vorlesetag statt. In diesem Jahr steht der Aktionstag, der auf eine&nbsp;gemeinsame Initiative von DIE ZEIT, Stiftung Lesen <a class=\"mh-excerpt-more\" href=\"https:\/\/speyer24news.com\/?p=56095\" title=\"Stadtnotizen &amp; Verkehrsnotizen aus Speyer\">[&#8230;]<\/a><\/p>\n<\/div>","protected":false},"author":3,"featured_media":46477,"comment_status":"open","ping_status":"open","sticky":false,"template":"","format":"standard","meta":{"_monsterinsights_skip_tracking":false,"_monsterinsights_sitenote_active":false,"_monsterinsights_sitenote_note":"","_monsterinsights_sitenote_category":0,"footnotes":""},"categories":[47],"tags":[15307,16814,16764,13163,14555,7119,16674,7484,15295,16817,16816,7737,5874,6,7262,13124,657,14546,1296,16815,9617,9636,658,1114,8834,4385,11386],"aioseo_notices":[],"amp_enabled":true,"_links":{"self":[{"href":"https:\/\/speyer24news.com\/index.php?rest_route=\/wp\/v2\/posts\/56095"}],"collection":[{"href":"https:\/\/speyer24news.com\/index.php?rest_route=\/wp\/v2\/posts"}],"about":[{"href":"https:\/\/speyer24news.com\/index.php?rest_route=\/wp\/v2\/types\/post"}],"author":[{"embeddable":true,"href":"https:\/\/speyer24news.com\/index.php?rest_route=\/wp\/v2\/users\/3"}],"replies":[{"embeddable":true,"href":"https:\/\/speyer24news.com\/index.php?rest_route=%2Fwp%2Fv2%2Fcomments&post=56095"}],"version-history":[{"count":2,"href":"https:\/\/speyer24news.com\/index.php?rest_route=\/wp\/v2\/posts\/56095\/revisions"}],"predecessor-version":[{"id":56114,"href":"https:\/\/speyer24news.com\/index.php?rest_route=\/wp\/v2\/posts\/56095\/revisions\/56114"}],"wp:featuredmedia":[{"embeddable":true,"href":"https:\/\/speyer24news.com\/index.php?rest_route=\/wp\/v2\/media\/46477"}],"wp:attachment":[{"href":"https:\/\/speyer24news.com\/index.php?rest_route=%2Fwp%2Fv2%2Fmedia&parent=56095"}],"wp:term":[{"taxonomy":"category","embeddable":true,"href":"https:\/\/speyer24news.com\/index.php?rest_route=%2Fwp%2Fv2%2Fcategories&post=56095"},{"taxonomy":"post_tag","embeddable":true,"href":"https:\/\/speyer24news.com\/index.php?rest_route=%2Fwp%2Fv2%2Ftags&post=56095"}],"curies":[{"name":"wp","href":"https:\/\/api.w.org\/{rel}","templated":true}]}}