{"id":56234,"date":"2023-11-12T11:13:29","date_gmt":"2023-11-12T10:13:29","guid":{"rendered":"https:\/\/speyer24news.com\/?p=56234"},"modified":"2023-11-12T11:13:30","modified_gmt":"2023-11-12T10:13:30","slug":"stadtnotizen-verkehrsnotizen-aus-speyer-90","status":"publish","type":"post","link":"https:\/\/speyer24news.com\/?p=56234","title":{"rendered":"Stadtnotizen &amp; Verkehrsnotizen aus Speyer"},"content":{"rendered":"<style type=\"text\/css\">\r\n\t.ads_top_disp{}\r\n\t.ads_top_corner_disp{ float:left; margin:0px 10px 10px 0px; }\r\n\t.ads_first_p_disp{}\r\n\t.ads_bottom_disp{}\r\n\t<\/style>\n<h1 class=\"wp-block-heading has-text-align-center\">Stadtnotizen<\/h1>\n\n\n<div class=\"wp-block-image\">\n<figure class=\"aligncenter\"><img decoding=\"async\" loading=\"lazy\" width=\"800\" height=\"600\" src=\"https:\/\/speyer24news.com\/wp-content\/uploads\/2020\/01\/Speyer-Stadtnachrichten-2.jpg\" alt=\"\" class=\"wp-image-23901\" srcset=\"https:\/\/speyer24news.com\/wp-content\/uploads\/2020\/01\/Speyer-Stadtnachrichten-2.jpg 800w, https:\/\/speyer24news.com\/wp-content\/uploads\/2020\/01\/Speyer-Stadtnachrichten-2-300x225.jpg 300w, https:\/\/speyer24news.com\/wp-content\/uploads\/2020\/01\/Speyer-Stadtnachrichten-2-768x576.jpg 768w, https:\/\/speyer24news.com\/wp-content\/uploads\/2020\/01\/Speyer-Stadtnachrichten-2-678x509.jpg 678w, https:\/\/speyer24news.com\/wp-content\/uploads\/2020\/01\/Speyer-Stadtnachrichten-2-326x245.jpg 326w, https:\/\/speyer24news.com\/wp-content\/uploads\/2020\/01\/Speyer-Stadtnachrichten-2-80x60.jpg 80w\" sizes=\"(max-width: 800px) 100vw, 800px\" \/><\/figure><\/div>\n\n\n<h2 class=\"wp-block-heading\">Spielenachmittag in der Stadtbibliothek am 18. November<\/h2>\n\n\n<div class=\"wp-block-image\">\n<figure class=\"aligncenter size-full\"><img decoding=\"async\" loading=\"lazy\" width=\"800\" height=\"603\" src=\"https:\/\/speyer24news.com\/wp-content\/uploads\/2021\/05\/Wuerfel-Spiele-Dice.png\" alt=\"\" class=\"wp-image-37290\" srcset=\"https:\/\/speyer24news.com\/wp-content\/uploads\/2021\/05\/Wuerfel-Spiele-Dice.png 800w, https:\/\/speyer24news.com\/wp-content\/uploads\/2021\/05\/Wuerfel-Spiele-Dice-300x226.png 300w, https:\/\/speyer24news.com\/wp-content\/uploads\/2021\/05\/Wuerfel-Spiele-Dice-768x579.png 768w, https:\/\/speyer24news.com\/wp-content\/uploads\/2021\/05\/Wuerfel-Spiele-Dice-326x245.png 326w, https:\/\/speyer24news.com\/wp-content\/uploads\/2021\/05\/Wuerfel-Spiele-Dice-80x60.png 80w\" sizes=\"(max-width: 800px) 100vw, 800px\" \/><\/figure><\/div>\n\n\n<p>Unter dem Motto \u201eHeute wird gespielt!\u201c stellt der Spiele-Experte Michael Martin vom Entdeckerladen \u201eSpiele-Cosmos\u201c in Speyer am Samstag, 18. November 2023, in der Stadtbibliothek Speyer neue tolle Spiele f\u00fcr Familien mit Kindern ab f\u00fcnf Jahren vor.<\/p>\n\n\n\n<p>Der Spielenachmittag findet von 15 bis 18 Uhr bei freiem Eintritt statt. Spiele der Stadtbibliothek k\u00f6nnen ebenfalls vor Ort ausprobiert und entliehen werden.<\/p>\n\n\n\n<p><em>Stadtverwaltung Speyer<br>10.11.2023<\/em><\/p>\n\n\n\n<h2 class=\"wp-block-heading\">Unterst\u00fctzung f\u00fcr den Volksbund Deutsche Kriegsgr\u00e4berf\u00fcrsorge \u2013 Prominentensammlung im Rahmen des Volkstrauertages 2023<\/h2>\n\n\n\n<figure class=\"wp-block-image size-large\"><img decoding=\"async\" loading=\"lazy\" width=\"1024\" height=\"768\" src=\"https:\/\/speyer24news.com\/wp-content\/uploads\/2023\/11\/Kriegsgraebersammlung-2019-1024x768.jpg\" alt=\"\" class=\"wp-image-56236\" srcset=\"https:\/\/speyer24news.com\/wp-content\/uploads\/2023\/11\/Kriegsgraebersammlung-2019-1024x768.jpg 1024w, https:\/\/speyer24news.com\/wp-content\/uploads\/2023\/11\/Kriegsgraebersammlung-2019-300x225.jpg 300w, https:\/\/speyer24news.com\/wp-content\/uploads\/2023\/11\/Kriegsgraebersammlung-2019-768x576.jpg 768w, https:\/\/speyer24news.com\/wp-content\/uploads\/2023\/11\/Kriegsgraebersammlung-2019-1536x1152.jpg 1536w, https:\/\/speyer24news.com\/wp-content\/uploads\/2023\/11\/Kriegsgraebersammlung-2019-2048x1536.jpg 2048w, https:\/\/speyer24news.com\/wp-content\/uploads\/2023\/11\/Kriegsgraebersammlung-2019-678x509.jpg 678w, https:\/\/speyer24news.com\/wp-content\/uploads\/2023\/11\/Kriegsgraebersammlung-2019-326x245.jpg 326w, https:\/\/speyer24news.com\/wp-content\/uploads\/2023\/11\/Kriegsgraebersammlung-2019-80x60.jpg 80w\" sizes=\"(max-width: 1024px) 100vw, 1024px\" \/><\/figure>\n\n\n\n<p>Der Volksbund Deutsche Kriegsgr\u00e4berf\u00fcrsorge, ein eingetragener gemeinn\u00fctziger Verein und gleichzeitig eine der \u00e4ltesten B\u00fcrgerinitiativen des Landes, f\u00fchrt in diesem Jahr wieder seine traditionelle Haus- und Stra\u00dfensammlung durch.<\/p>\n\n\n\n<p>\u201eDer anhaltende Krieg in der Ukraine zeigt uns auf schmerzliche Weise, dass Frieden in Europa nicht selbstverst\u00e4ndlich ist. Verst\u00e4ndigung und Vers\u00f6hnung braucht Menschen, die sich daf\u00fcr einsetzen. Der Volksbund Deutsche Kriegsgr\u00e4berf\u00fcrsorge e.V. engagiert sich f\u00fcr ein friedvolles Miteinander und wirkt selbst mit zahlreichen Partnern grenz\u00fcberschreitend zusammen.<\/p>\n\n\n\n<p>Jede Spende hilft, den Kriegsopfern der Vergangenheit zu gedenken und Projekte zu f\u00f6rdern, die sich f\u00fcr ein friedliches Zusammenleben einsetzen\u201c, bittet Oberb\u00fcrgermeisterin Stefanie Seiler, stellvertretend f\u00fcr den gesamten Stadtvorstand, durch einen Spendenaufruf f\u00fcr die bevorstehende Prominentensammlung am Samstag, 18. November 2023 diese wertvolle Arbeit ideell und materiell zu unterst\u00fctzen.<\/p>\n\n\n\n<p>Der Volksbund betreut unter anderem 832 Kriegsgr\u00e4berst\u00e4tten in 46 Staaten mit etwa 2,8 Millionen Kriegstoten. Sein Bem\u00fchen ist es, den Opfern von Krieg und Gewaltherrschaft eine w\u00fcrdige Ruhest\u00e4tte im Ausland zu erbauen und zu erhalten. Dar\u00fcber hinaus hilft er Angeh\u00f6rigen bei der Gr\u00e4bersuche und entwickelt die Kriegsgr\u00e4berst\u00e4tten zu Lernorten der Geschichte.<\/p>\n\n\n<div class=\"wp-block-image\">\n<figure class=\"aligncenter size-full\"><img decoding=\"async\" loading=\"lazy\" width=\"800\" height=\"600\" src=\"https:\/\/speyer24news.com\/wp-content\/uploads\/2023\/11\/Kriegsgraebersammlung-Volksbund.jpg\" alt=\"\" class=\"wp-image-56237\" srcset=\"https:\/\/speyer24news.com\/wp-content\/uploads\/2023\/11\/Kriegsgraebersammlung-Volksbund.jpg 800w, https:\/\/speyer24news.com\/wp-content\/uploads\/2023\/11\/Kriegsgraebersammlung-Volksbund-300x225.jpg 300w, https:\/\/speyer24news.com\/wp-content\/uploads\/2023\/11\/Kriegsgraebersammlung-Volksbund-768x576.jpg 768w, https:\/\/speyer24news.com\/wp-content\/uploads\/2023\/11\/Kriegsgraebersammlung-Volksbund-678x509.jpg 678w, https:\/\/speyer24news.com\/wp-content\/uploads\/2023\/11\/Kriegsgraebersammlung-Volksbund-326x245.jpg 326w, https:\/\/speyer24news.com\/wp-content\/uploads\/2023\/11\/Kriegsgraebersammlung-Volksbund-80x60.jpg 80w\" sizes=\"(max-width: 800px) 100vw, 800px\" \/><\/figure><\/div>\n\n\n<p>Neben der Pflege von Kriegsgr\u00e4bern in Ost und West organisiert der Volksbund Deutscher Kriegsgr\u00e4berf\u00fcrsorge Jugendbegegnungen im In- und Ausland. Mit diesen internationalen Jugendcamps wird das Erinnern und Gedenken an die Opfer des Krieges bei der jungen Generation wachgehalten und f\u00fcr Toleranz und Frieden geworben.<\/p>\n\n\n\n<h4 class=\"wp-block-heading\">Auch unterj\u00e4hrig kann jederzeit gespendet werden. M\u00f6glich ist das direkt auf das <strong>Konto des Volksbundes Deutsche Kriegsgr\u00e4berf\u00fcrsorge: IBAN DE23 5204 0021 0322 2999 00, BIC COBADEFFXXX bei der Commerzbank Kassel<\/strong>.<\/h4>\n\n\n\n<p><em>Text: Stadtverwaltung Speyer Foto: \u00a9 Speyer 24 NEWS<br>10.11.2023<\/em><\/p>\n\n\n\n<h2 class=\"wp-block-heading\">Volkstrauertag 2023<\/h2>\n\n\n<div class=\"wp-block-image\">\n<figure class=\"aligncenter size-full is-resized\"><img decoding=\"async\" loading=\"lazy\" width=\"500\" height=\"708\" src=\"https:\/\/speyer24news.com\/wp-content\/uploads\/2022\/10\/Trauerflor-RLP-DE-2.jpg\" alt=\"\" class=\"wp-image-49844\" style=\"aspect-ratio:0.7062146892655368;width:840px;height:auto\" srcset=\"https:\/\/speyer24news.com\/wp-content\/uploads\/2022\/10\/Trauerflor-RLP-DE-2.jpg 500w, https:\/\/speyer24news.com\/wp-content\/uploads\/2022\/10\/Trauerflor-RLP-DE-2-212x300.jpg 212w\" sizes=\"(max-width: 500px) 100vw, 500px\" \/><\/figure><\/div>\n\n\n<p>Am <strong>Volkstrauertag, Sonntag, 19. November 2023 um 11 Uhr<\/strong> wird auf dem st\u00e4dtischen Friedhof der Toten von Krieg und Gewaltherrschaft gedacht. Dieser nationale Gedenktag f\u00fcr die Opfer der beiden Weltkriege und des Nationalsozialismus findet jeweils zwei Sonntage vor dem ersten Advent statt.<\/p>\n\n\n\n<p>Die Gedenkrede h\u00e4lt Pfarrer Dr. Ulrich Kronenberg.<\/p>\n\n\n\n<p>Rafael Dietrich und Leni M\u00fcller, Sch\u00fcler*innen des Nikolaus-von-Weis-Gymnasiums tragen Texte vor und das Speyerer Kammerorchester begleitet die Feierstunde musikalisch unter dem Dirigat von Matthias Metzger.<\/p>\n\n\n\n<p>Oberb\u00fcrgermeisterin Stefanie Seiler wird zum Totengedenken aufrufen.<\/p>\n\n\n<div class=\"wp-block-image\">\n<figure class=\"aligncenter size-full\"><img decoding=\"async\" loading=\"lazy\" width=\"800\" height=\"600\" src=\"https:\/\/speyer24news.com\/wp-content\/uploads\/2023\/11\/Franz-Dudenhoeffer-Speyer.jpg\" alt=\"\" class=\"wp-image-56238\" srcset=\"https:\/\/speyer24news.com\/wp-content\/uploads\/2023\/11\/Franz-Dudenhoeffer-Speyer.jpg 800w, https:\/\/speyer24news.com\/wp-content\/uploads\/2023\/11\/Franz-Dudenhoeffer-Speyer-300x225.jpg 300w, https:\/\/speyer24news.com\/wp-content\/uploads\/2023\/11\/Franz-Dudenhoeffer-Speyer-768x576.jpg 768w, https:\/\/speyer24news.com\/wp-content\/uploads\/2023\/11\/Franz-Dudenhoeffer-Speyer-678x509.jpg 678w, https:\/\/speyer24news.com\/wp-content\/uploads\/2023\/11\/Franz-Dudenhoeffer-Speyer-326x245.jpg 326w, https:\/\/speyer24news.com\/wp-content\/uploads\/2023\/11\/Franz-Dudenhoeffer-Speyer-80x60.jpg 80w\" sizes=\"(max-width: 800px) 100vw, 800px\" \/><\/figure><\/div>\n\n\n<p>Nach einem Dank von Franz Dudenh\u00f6ffer, dem ehrenamtlichen Beauftragten des Volksbundes Deutsche Kriegsgr\u00e4berf\u00fcrsorge e.V. f\u00fcr Speyer, wird der anschlie\u00dfende Gang zu den Ehrenfriedh\u00f6fen durch Trompetensoli von Marvin Deuschle untermalt.<\/p>\n\n\n\n<p><em>Text: Stadtverwaltung Speyer Foto: \u00a9 Speyer 24 NEWS<br>10.11.2023<\/em><\/p>\n\n\n\n<h2 class=\"wp-block-heading\">KulturPass: Vielf\u00e4ltige Angebote f\u00fcr 18-J\u00e4hrige<\/h2>\n\n\n<div class=\"wp-block-image\">\n<figure class=\"aligncenter size-full\"><a href=\"www.kulturpass.de\"><img decoding=\"async\" loading=\"lazy\" width=\"800\" height=\"476\" src=\"https:\/\/speyer24news.com\/wp-content\/uploads\/2023\/11\/Kulturpass.jpg\" alt=\"\" class=\"wp-image-56239\" srcset=\"https:\/\/speyer24news.com\/wp-content\/uploads\/2023\/11\/Kulturpass.jpg 800w, https:\/\/speyer24news.com\/wp-content\/uploads\/2023\/11\/Kulturpass-300x179.jpg 300w, https:\/\/speyer24news.com\/wp-content\/uploads\/2023\/11\/Kulturpass-768x457.jpg 768w\" sizes=\"(max-width: 800px) 100vw, 800px\" \/><\/a><\/figure><\/div>\n\n\n<p>Kostenlos Kultur genie\u00dfen, Kontakte zu Gleichaltrigen pflegen und neue Freizeitaktivit\u00e4ten ausprobieren: Das sind die Gedanken hinter dem in diesem Jahr auf den Weg gebrachten KulturPass. Auch in Speyer k\u00f6nnen alle 18-J\u00e4hrigen, die sich daf\u00fcr registrieren, vielf\u00e4ltige Kulturangebote wahrnehmen.<\/p>\n\n\n\n<p>Der KulturPass ist ein Angebot der Bundesregierung. Gedacht ist er f\u00fcr alle, die in Deutschland leben und im Jahr 2023 ihren 18. Geburtstag feiern. Mit dem KulturPass erhalten die jungen Erwachsenen ein virtuelles Budget in H\u00f6he von 200 Euro, das sie beispielsweise f\u00fcr Konzerte, Kino-, Museums- und Theaterbesuche oder f\u00fcr den Kauf von B\u00fcchern, Tontr\u00e4gern und Musikinstrumenten verwenden k\u00f6nnen. Das gew\u00fcnschte Ticket oder der ausgew\u00e4hlte Artikel wird \u00fcber die KulturPass-App reserviert und kann anschlie\u00dfend vor Ort beim jeweiligen Anbieter abgeholt werden.<\/p>\n\n\n\n<p>In Speyer k\u00f6nnen die Nutzer*innen den KulturPass aktuell f\u00fcr einen Besuch der Sonderausstellung \u201eFreundespaare der Moderne. Karl Schmidt-Rottluff \u2013 Emy Roeder \u2013 Hans Purrmann\u201c im Museum Purrmann-Haus und k\u00fcnftig auch f\u00fcr alle Veranstaltungsreihen des Kulturb\u00fcros wie beispielsweise Speyer.Lit, Jazz im Rathaushof, das Kulturbeutel-Festival, die SchUM-Kulturtage und Ausstellungen im Museum Purrmann-Haus einsetzen.<\/p>\n\n\n\n<p>\u201eMit dem KulturPass k\u00f6nnen wir gezielt junge Menschen f\u00fcr die breit gef\u00e4cherte Kunst- und Kulturszene in unserer Stadt begeistern. Ihnen einen m\u00f6glichst einfachen Zugang zu Theater-, Musik- und Ausstellungsangeboten zu bieten und die Erfahrung zu erm\u00f6glichen, wie bereichernd sich Kulturerlebnisse auf das eigene Leben auswirken k\u00f6nnen, ist auch mit Blick auf die langfristige Publikumsentwicklung und -bindung von gro\u00dfem Wert\u201c, z\u00e4hlt Oberb\u00fcrgermeisterin Stefanie Seiler verschiedene Vorteile des Angebots auf.<\/p>\n\n\n\n<p>\u201eDer KulturPass bedeutet f\u00fcr die Jugendlichen eine&nbsp;gute&nbsp;Gelegenheit herauszufinden, welche kulturellen Angebote sie ganz pers\u00f6nlich interessieren \u2013 und das, ohne den eigenen Geldbeutel zus\u00e4tzlich zu belasten.&nbsp;Zugleich w\u00e4re es aus unserer Sicht w\u00fcnschenswert, dass der KulturPass weiterentwickelt und sich die Handhabung f\u00fcr Veranstalterinnen und Veranstalter k\u00fcnftig leichter gestalten wird\u201c, f\u00fchrt B\u00fcrgermeisterin und Kulturdezernentin Monika Kabs aus.&nbsp;\u201eWir hoffen, dass aber schon jetzt viele junge Speyerinnen und Speyerer von diesem grunds\u00e4tzlich tollen Angebot Gebrauch machen werden.\u201c<\/p>\n\n\n\n<h4 class=\"wp-block-heading\">Wie man sich f\u00fcr die KulturPass-App registrieren und das Budget von 200 Euro freischalten kann, steht auf\u00a0<a href=\"https:\/\/deref-web.de\/mail\/client\/oniNkJL9sRg\/dereferrer\/?redirectUrl=http%3A%2F%2Fwww.kulturpass.de\" target=\"_blank\" rel=\"noreferrer noopener\"><strong>www.kulturpass.de<\/strong><\/a>.<\/h4>\n\n\n\n<p><em>Stadtverwaltung Speyer<br>10.11.2023<\/em><\/p>\n\n\n\n<h2 class=\"wp-block-heading\">Einladung zum Workshop f\u00fcr neues Jugendcaf\u00e9 in Speyer-S\u00fcd am 23. November sowie zur Gel\u00e4ndebegehung am 14. November<\/h2>\n\n\n<div class=\"wp-block-image\">\n<figure class=\"aligncenter size-full\"><img decoding=\"async\" loading=\"lazy\" width=\"800\" height=\"600\" src=\"https:\/\/speyer24news.com\/wp-content\/uploads\/2023\/11\/Gelaende-Kirschweg_Ecke-Alte-Rheinhaeuser-Strasse_2_\u00a9-Stadt-Speyer.jpg\" alt=\"\" class=\"wp-image-56240\" srcset=\"https:\/\/speyer24news.com\/wp-content\/uploads\/2023\/11\/Gelaende-Kirschweg_Ecke-Alte-Rheinhaeuser-Strasse_2_\u00a9-Stadt-Speyer.jpg 800w, https:\/\/speyer24news.com\/wp-content\/uploads\/2023\/11\/Gelaende-Kirschweg_Ecke-Alte-Rheinhaeuser-Strasse_2_\u00a9-Stadt-Speyer-300x225.jpg 300w, https:\/\/speyer24news.com\/wp-content\/uploads\/2023\/11\/Gelaende-Kirschweg_Ecke-Alte-Rheinhaeuser-Strasse_2_\u00a9-Stadt-Speyer-768x576.jpg 768w, https:\/\/speyer24news.com\/wp-content\/uploads\/2023\/11\/Gelaende-Kirschweg_Ecke-Alte-Rheinhaeuser-Strasse_2_\u00a9-Stadt-Speyer-678x509.jpg 678w, https:\/\/speyer24news.com\/wp-content\/uploads\/2023\/11\/Gelaende-Kirschweg_Ecke-Alte-Rheinhaeuser-Strasse_2_\u00a9-Stadt-Speyer-326x245.jpg 326w, https:\/\/speyer24news.com\/wp-content\/uploads\/2023\/11\/Gelaende-Kirschweg_Ecke-Alte-Rheinhaeuser-Strasse_2_\u00a9-Stadt-Speyer-80x60.jpg 80w\" sizes=\"(max-width: 800px) 100vw, 800px\" \/><figcaption class=\"wp-element-caption\">Gel\u00e4nde Kirschweg\/Ecke Alte Rheinh\u00e4user Stra\u00dfe<br><em>Foto: \u00a9 Stadt Speyer<\/em><\/figcaption><\/figure><\/div>\n\n\n<p>Im Rahmen des St\u00e4dtebauf\u00f6rderprogramms \u201eSozialer Zusammenhalt Speyer-S\u00fcd\u201c plant die Stadt Speyer, ein Jugendcaf\u00e9 mit dazugeh\u00f6riger Jugendfreizeitfl\u00e4che auf dem Gel\u00e4nde Kirschweg\/Ecke Alte Rheinh\u00e4user Stra\u00dfe zu errichten.&nbsp;<\/p>\n\n\n\n<p>Um Anregungen von Jugendlichen in die Planung miteinflie\u00dfen zu lassen, veranstaltet der Fachbereich f\u00fcr Jugend, Familie, Senioren und Soziales in Zusammenarbeit mit dem Fachbereich Stadtentwicklung und Bauwesen sowie dem Quartiersmanagement \u201eSoziale Stadt Speyer-S\u00fcd\u201c am <strong>Donnerstag, 23. November 2023, \u00a017 bis 19 Uhr, einen Workshop f\u00fcr Jugendliche<\/strong>. Daf\u00fcr sind alle Interessierten <strong>zwischen 11 und 17 Jahren<\/strong> in die Jugendf\u00f6rderung in der Seekatzstra\u00dfe 5 eingeladen. Die Teilnehmenden des Workshops werden an diesem Abend \u00fcber den Planungsprozess informiert, k\u00f6nnen Fragen stellen und ihre Ideen einbringen. F\u00fcr Pizza und Getr\u00e4nke ist gesorgt.<\/p>\n\n\n\n<p>Au\u00dferdem bietet die Stadtverwaltung Speyer am <strong>Dienstag, 14. November 2023, \u00a016.30 bis 18 Uhr<\/strong>, eine <strong>Begehung des Gel\u00e4ndes Kirschweg\/Ecke Alte Rheinh\u00e4user Stra\u00dfe<\/strong> an, um interessierte Anwohnende \u00fcber den Beteiligungs- und Planungsprozess zu informieren.<\/p>\n\n\n\n<h4 class=\"wp-block-heading\">Weitere Informationen zum Vorhaben k\u00f6nnen auf der Website der Stadt Speyer unter\u00a0<a href=\"https:\/\/deref-web.de\/mail\/client\/qCYsk1fhDmg\/dereferrer\/?redirectUrl=http%3A%2F%2Fwww.speyer.de%2Fjugendcafesued\" target=\"_blank\" rel=\"noreferrer noopener\"><strong>www.speyer.de\/jugendcafesued<\/strong><\/a>\u00a0abgerufen werden.<\/h4>\n\n\n\n<p><em>Text: Stadtverwaltung Speyer Foto: \u00a9 Stadt Speyer<br>09.11.2023<\/em><\/p>\n\n\n\n<h2 class=\"wp-block-heading\">Statement von Oberb\u00fcrgermeisterin Stefanie Seiler zur Pressemitteilung der kommunalen Spitzenverb\u00e4nde: Finanzierung der Fluchtaufnahme<\/h2>\n\n\n<div class=\"wp-block-image\">\n<figure class=\"aligncenter size-full\"><img decoding=\"async\" loading=\"lazy\" width=\"800\" height=\"601\" src=\"https:\/\/speyer24news.com\/wp-content\/uploads\/2020\/07\/Seiler-Stefanie-Oberb\u00fcrgermeisterin-Speyer.jpg\" alt=\"\" class=\"wp-image-29126\" srcset=\"https:\/\/speyer24news.com\/wp-content\/uploads\/2020\/07\/Seiler-Stefanie-Oberb\u00fcrgermeisterin-Speyer.jpg 800w, https:\/\/speyer24news.com\/wp-content\/uploads\/2020\/07\/Seiler-Stefanie-Oberb\u00fcrgermeisterin-Speyer-300x225.jpg 300w, https:\/\/speyer24news.com\/wp-content\/uploads\/2020\/07\/Seiler-Stefanie-Oberb\u00fcrgermeisterin-Speyer-768x577.jpg 768w, https:\/\/speyer24news.com\/wp-content\/uploads\/2020\/07\/Seiler-Stefanie-Oberb\u00fcrgermeisterin-Speyer-678x509.jpg 678w, https:\/\/speyer24news.com\/wp-content\/uploads\/2020\/07\/Seiler-Stefanie-Oberb\u00fcrgermeisterin-Speyer-326x245.jpg 326w, https:\/\/speyer24news.com\/wp-content\/uploads\/2020\/07\/Seiler-Stefanie-Oberb\u00fcrgermeisterin-Speyer-80x60.jpg 80w\" sizes=\"(max-width: 800px) 100vw, 800px\" \/><\/figure><\/div>\n\n\n<p>Oberb\u00fcrgermeisterin Stefanie Seiler begr\u00fc\u00dft grunds\u00e4tzlich die getroffenen Vereinbarungen hinsichtlich der Fl\u00fcchtlingsfinanzierung: \u201eInsbesondere die Aussicht, dass die Leistungsanhebung f\u00fcr Asylsuchende und Menschen mit befristeter Duldung erst nach 36 Monaten statt bislang 18 Monaten erfolgen soll, verschafft uns Kommunen etwas Luft bei der Haushaltsplanung. Auch dass sich die Finanzierung an der Anzahl an aufgenommenen Gefl\u00fcchteten orientieren wird, ist gerade f\u00fcr Speyer positiv.\u201c &nbsp;&nbsp;&nbsp;&nbsp;&nbsp;&nbsp;&nbsp;&nbsp;&nbsp;&nbsp;&nbsp;&nbsp;&nbsp;&nbsp;<br>Die Stadtchefin bekr\u00e4ftigt aber auch: \u201eMit diesen zus\u00e4tzlichen Bundesmitteln ist es aber nicht getan. Die 100-prozentige Kostenerstattung der kommunalen Ausgaben bleibt weiterhin dringend notwendig, und gerade die Integration der Gefl\u00fcchteten auf dem Arbeits- und Wohnungsmarkt ebenso wie die F\u00f6rderung von Kita- und Schulpl\u00e4tzen erfordert eine aktivere Beteiligung seitens des Landes. Nur so k\u00f6nnen wir als Kommune unserem Beitrag zur Integration von Gefl\u00fcchteten bestm\u00f6glich gerecht werden.<\/p>\n\n\n\n<p>Die versch\u00e4rfte Situation der Kommunen wurde damit wiederholt nicht vollumf\u00e4nglich behandelt. Gerade die Beratung zur Erh\u00f6hung von Aufnahmekapazit\u00e4ten auf Bundes-, Landes- und kommunaler Ebene blieb bislang leider aus. Dabei handelt es sich jedoch um die Hauptaufgabe der Kommunen, denn die dringendste Frage, die wir uns stellen m\u00fcssen, ist: Wo und wie lange k\u00f6nnen die Menschen, die zu uns kommen, gut untergebracht werden? Die Wohnraumlage ist auch in unserer Stadt massiv angespannt und die Notunterk\u00fcnfte bereits nahezu ausgelastet. Zum Teil leben dort noch Menschen, die bereits im Jahr 2015 nach Speyer kamen. Daher w\u00e4re es ein wichtiger Schritt, dass den Kommunen nur noch Menschen mit einer guten Bleibeperspektive zugewiesen werden d\u00fcrfen und diese dann schnellstm\u00f6glich auf den Wohnmarkt integriert werden k\u00f6nnen.\u201c<\/p>\n\n\n\n<p><em>Text: Stadtverwaltung Speyer Foto: \u00a9 Speyer 24 NEWS<br>08.11.2023<\/em><\/p>\n\n\n\n<h1 class=\"wp-block-heading has-text-align-center\">Verkehrsnotizen<\/h1>\n\n\n<div class=\"wp-block-image\">\n<figure class=\"aligncenter\"><img decoding=\"async\" loading=\"lazy\" width=\"800\" height=\"565\" src=\"https:\/\/speyer24news.com\/wp-content\/uploads\/2020\/01\/Baustelle-2.jpg\" alt=\"\" class=\"wp-image-23900\" srcset=\"https:\/\/speyer24news.com\/wp-content\/uploads\/2020\/01\/Baustelle-2.jpg 800w, https:\/\/speyer24news.com\/wp-content\/uploads\/2020\/01\/Baustelle-2-300x212.jpg 300w, https:\/\/speyer24news.com\/wp-content\/uploads\/2020\/01\/Baustelle-2-768x542.jpg 768w\" sizes=\"(max-width: 800px) 100vw, 800px\" \/><\/figure><\/div>\n\n\n<h2 class=\"wp-block-heading\"><strong>NEU: <\/strong>Webergasse gesperrt<\/h2>\n\n\n\n<p>Aufgrund von Arbeiten im Auftrag der Stadtwerke Speyer wird die Webergasse auf H\u00f6he der Hausnummer 5 <strong>ab Montag, 13. November bis voraussichtlich 20. November 2023<\/strong> f\u00fcr den Verkehr voll gesperrt. \u00a0\u00a0\u00a0\u00a0\u00a0\u00a0\u00a0\u00a0<br>Die Einbahnstra\u00dfe aus Richtung Gro\u00dfe Pfaffengasse wird aufgehoben und eine Umleitung eingerichtet.<\/p>\n\n\n\n<p>F\u00fcr R\u00fcckfragen steht die Stra\u00dfenverkehrsbeh\u00f6rde unter der Telefonnummer 14-2938 zur Verf\u00fcgung.<\/p>\n\n\n\n<p><em>Stadtverwaltung Speyer<br>08.11.2023<\/em><\/p>\n\n\n\n<h2 class=\"wp-block-heading\">Wormser Stra\u00dfe: Zweiter Bauabschnitt steht bevor<\/h2>\n\n\n<div class=\"wp-block-image\">\n<figure class=\"aligncenter\"><img decoding=\"async\" loading=\"lazy\" width=\"600\" height=\"617\" src=\"https:\/\/speyer24news.com\/wp-content\/uploads\/2023\/11\/Wormser-Landstrasse-Abschnitt-2.jpg\" alt=\"\" class=\"wp-image-55785\" srcset=\"https:\/\/speyer24news.com\/wp-content\/uploads\/2023\/11\/Wormser-Landstrasse-Abschnitt-2.jpg 600w, https:\/\/speyer24news.com\/wp-content\/uploads\/2023\/11\/Wormser-Landstrasse-Abschnitt-2-292x300.jpg 292w\" sizes=\"(max-width: 600px) 100vw, 600px\" \/><\/figure><\/div>\n\n\n<p>Nach Abschluss des ersten Bauabschnitts erfolgt, sofern es die Witterungsverh\u00e4ltnisse zulassen, am&nbsp;Dienstag, 31. Oktober 2023,&nbsp;die Umstellung zum zweiten und letzten Bauabschnitt. Die Gesamtma\u00dfnahme kann voraussichtlich&nbsp;zum 17. November 2023&nbsp;abgeschlossen werden.<\/p>\n\n\n\n<p>Im zweiten Bauabschnitt ergibt sich f\u00fcr den Kfz-Verkehr eine Vollsperrung der Wormser Stra\u00dfe im Einm\u00fcndungsbereich Gutenbergstra\u00dfe. Die Gehwege sind von der Ma\u00dfnahme nicht betroffen. Radfahrende werden gebeten, bei der Nutzung des Gehwegs abzusteigen.<\/p>\n\n\n\n<h4 class=\"wp-block-heading\">W\u00e4hrend des zweiten Bauabschnitts ergeben sich f\u00fcr den Kfz-Verkehr die folgenden Regelungen:<\/h4>\n\n\n\n<ul>\n<li><strong>Der von Hirschgraben, Wormser Landstra\u00dfe und Petschengasse kommende Kfz-Verkehr wird mittels Vorwegweisern \u00fcber den Kreisverkehr wie folgt umgeleitet: Petschengasse \u2013 Eselsdamm \u2013 Gr\u00fcner Winkel \u2013 Pfaugasse \u2013 Johannesstra\u00dfe \u2013 Hagedornsgasse \u2013 Wormser Stra\u00dfe. Die Einbahnregelung der Hagedornsgasse wird zwischen Kleiner Greifengasse und Wormser Stra\u00dfe gedreht. Weiterhin werden in der Hagedornsgasse zur Sicherstellung der Befahrbarkeit Haltverbote ausgewiesen.<\/strong><\/li>\n\n\n\n<li><strong>\u00dcber die vorgenannte Umleitungsstrecke k\u00f6nnen die Parkpl\u00e4tze des Amtsgerichts und des Finanzamts sowie die Tiefgarage Kornmarkt angefahren werden. Der Parkplatz L\u00f6ffelgasse kann \u00fcber die Bahnhof- und Math\u00e4us-Hotz-Stra\u00dfe erreicht werden.<\/strong><\/li>\n\n\n\n<li><strong>Da die vorgenannte Umleitungsstrecke nicht f\u00fcr Lkw befahrbar ist, wird folgende gesonderte Umleitung f\u00fcr Lkw-Anliegerverkehre ausgewiesen: Petschengasse \u2013 Eselsdamm \u2013 Am Heringsee \u2013 Hafenstra\u00dfe \u2013 Schillerweg \u2013 Klipfelsau \u2013 Domplatz \u2013 Maximilianstra\u00dfe \u2013 Wormser Stra\u00dfe<\/strong><\/li>\n\n\n\n<li><strong>Die kleinr\u00e4umigen Umleitungen U und U2 im Bereich R\u00fctzhaub- und St.-Guido-Stra\u00dfe bleiben wie im ersten Bauabschnitt bestehen.<\/strong><\/li>\n\n\n\n<li><strong>Die Augustiner- und Eurichsgasse sind wieder wie gewohnt befahrbar.<\/strong><\/li>\n\n\n\n<li><strong>Der Sparkassen-Parkplatz mit der Zufahrt an der Wormser Stra\u00dfe ist weiterhin geschlossen. Die Zufahrt zu den Parkierungsanlagen der Sparkasse kann \u00fcber die Augustinergasse oder die Armbruststra\u00dfe erfolgen.<\/strong><\/li>\n<\/ul>\n\n\n\n<p>Auf der Projektseite&nbsp;<a href=\"https:\/\/deref-web.de\/mail\/client\/WE3fA1XUYgc\/dereferrer\/?redirectUrl=http%3A%2F%2Fwww.speyer.de%2Fwormser-strasse\">www.speyer.de\/wormser-strasse<\/a>&nbsp;k\u00f6nnen sich Verkehrsteilnehmende, Gewerbetreibende und Anwohnende einen \u00dcberblick \u00fcber die Ma\u00dfnahme verschaffen. Zudem erfolgen w\u00f6chentlich aktualisierte Informationen zu den Baustellen in und um Speyer im News-Ticker auf&nbsp;<a href=\"https:\/\/deref-web.de\/mail\/client\/3ijpjqX5a1s\/dereferrer\/?redirectUrl=http%3A%2F%2Fwww.speyer.de%2Fbaustellen\">www.speyer.de\/baustellen<\/a>.<\/p>\n\n\n\n<p>Bei Unklarheiten zu den Verkehrsregelungen sind die Mitarbeitenden der Stra\u00dfenverkehrsbeh\u00f6rde unter der Telefonnummer 06232-14-2938 oder per E-Mail an&nbsp;<a href=\"mailto:strassenverkehr@stadt-speyer.de\" target=\"_blank\" rel=\"noreferrer noopener\">strassenverkehr@stadt-speyer.de<\/a>&nbsp;erreichbar. Zudem k\u00f6nnen Fragen auch an den st\u00e4dtischen B\u00fcrgerservice beziehungsweise das Beschwerdemanagement unter der Telefonnummer 06232-14-2836 gerichtet werden.<\/p>\n\n\n\n<p>Die Stadtverwaltung Speyer bittet die betroffenen Verkehrsteilnehmenden, Gewerbetreibenden und Anwohnenden um Verst\u00e4ndnis f\u00fcr die Beeintr\u00e4chtigungen.<\/p>\n\n\n\n<p><em>Text: Stadtverwaltung Speyer Grafik: \u00a9 Modus Consult<br>30.10.2023<\/em><\/p>\n\n\n\n<h2 class=\"wp-block-heading\">Spaldinger Stra\u00dfe halbseitig gesperrt<\/h2>\n\n\n\n<p>Aufgrund von Arbeiten im Auftrag der Entsorgungsbetriebe Speyer wird die Spaldinger Stra\u00dfe ab der Kreuzung Nu\u00dfbaumweg&nbsp;<strong>von Montag, 6. November bis voraussichtlich Montag, 20. November 2023<\/strong>&nbsp;f\u00fcr den Verkehr in Fahrtrichtung stadteinw\u00e4rts gesperrt.<\/p>\n\n\n\n<p>Eine Umleitung wird eingerichtet. Der Verkehr in Fahrtrichtung stadtausw\u00e4rts bleibt frei.<\/p>\n\n\n\n<p>F\u00fcr R\u00fcckfragen steht die Stra\u00dfenverkehrsbeh\u00f6rde unter der Rufnummer 14-2938 zur Verf\u00fcgung.<\/p>\n\n\n\n<p><em>Stadtverwaltung Speyer<br>26.10.2023<\/em><\/p>\n\n\n\n<h2 class=\"wp-block-heading\">Vollsperrung Im Erlich<\/h2>\n\n\n\n<p>Aufgrund von Kanalarbeiten im Auftrag der Entsorgungsbetriebe Speyer wird die Stra\u00dfe Im Erlich auf H\u00f6he der Hausnummern 106 bis 114&nbsp;<strong>ab Montag, 30. Oktober 2023, bis voraussichtlich Donnerstag, 30. November 2023<\/strong>, f\u00fcr den Verkehr voll gesperrt.<\/p>\n\n\n\n<p>Die Stra\u00dfe wird beidseitig als Sackgasse ausgewiesen; eine Umleitung wird eingerichtet. Der Durchgang f\u00fcr Fu\u00dfg\u00e4ngerinnen und Fu\u00dfg\u00e4nger ist weiterhin m\u00f6glich.<\/p>\n\n\n\n<p>F\u00fcr R\u00fcckfragen steht die Stra\u00dfenverkehrsbeh\u00f6rde unter der Rufnummer 06232-14-2938 zur Verf\u00fcgung.<\/p>\n\n\n\n<p><em>Stadtverwaltung Speyer<br>25.10.2023<\/em><\/p>\n\n\n\n<h2 class=\"wp-block-heading\">Kolpingstra\u00dfe gesperrt<\/h2>\n\n\n\n<p>Aufgrund von Arbeiten an der Strom- und Gasleitung im Auftrag der Stadtwerke Speyer wird die Kolpingstra\u00dfe&nbsp;<strong>ab Montag, 16. Oktober bis voraussichtlich Freitag, 1. Dezember 2023<\/strong>&nbsp;f\u00fcr den Verkehr voll gesperrt.<\/p>\n\n\n\n<p>Die Einbahnstra\u00dfenregelung in der Kolpingstra\u00dfe wird f\u00fcr diese Zeit aufgehoben und beidseitig als Sackgasse ausgewiesen<\/p>\n\n\n\n<p>F\u00fcr R\u00fcckfragen steht die Stra\u00dfenverkehrsbeh\u00f6rde unter der Rufnummer 14-2938 zur Verf\u00fcgung.<\/p>\n\n\n\n<p><em>Stadtverwaltung Speyer<br>12.10.2023<\/em><\/p>\n\n\n\n<h2 class=\"wp-block-heading\">Ge\u00e4nderte Verkehrsf\u00fchrung am Bahn\u00fcbergang Sch\u00fctzenstra\u00dfe nach Modernisierung durch die Deutsche Bahn<\/h2>\n\n\n\n<p>Wie am 13. Juli 2022 im gemeinsamen Verkehrsausschuss und Ausschuss f\u00fcr Stadtentwicklung, Bauen und Konversion mitgeteilt wurde, m\u00fcssen im Zuge der Modernisierung des Bahn\u00fcbergangs Sch\u00fctzenstra\u00dfe die derzeit bundesweit g\u00fcltigen Sicherheitsanforderungen umgesetzt werden. Hierbei gilt es, das Risiko eines R\u00fcckstaus auf den Gleisen auszuschlie\u00dfen.<\/p>\n\n\n\n<p>Hierzu bestehen gem\u00e4\u00df Planungen der Deutschen Bahn zwei M\u00f6glichkeiten: Ein sogenanntes vorgeschaltetes Lichtzeichen oder ein Verbot des Linksabbiegens mittels Verkehrszeichen. Wie sich im Verlauf der Modernisierungsarbeiten herausstellte, konnte die Deutsche Bahn das urspr\u00fcnglich bevorzugte vorgeschaltete Lichtzeichen nicht wie geplant bis zur Wiederinbetriebnahme des Bahn\u00fcbergangs installieren, da der Mast des vorgeschalteten Lichtzeichens aufgrund von Konflikten mit vorhandenen unterirdischen Leitungen nicht im \u00f6ffentlichen Stra\u00dfenraum platziert werden konnte. Bis eine L\u00f6sung zur Platzierung des Masts gefunden ist, muss demnach die Alternativvariante umgesetzt werden.<\/p>\n\n\n\n<p>Daher ist ab sofort ein Linksabbiegen von der Sch\u00fctzenstra\u00dfe in die Hasenstra\u00dfe nicht mehr zul\u00e4ssig. Die Zufahrt zum Oberk\u00e4mmerer-Gebiet erfolgt von S\u00fcden \u00fcber die Holzstra\u00dfe und die Br\u00fccke \u00fcber den Gie\u00dfh\u00fcbelbach oder \u00fcber den Bahn\u00fcbergang Alte Schwegenheimer Stra\u00dfe.<\/p>\n\n\n\n<p>Die Stadt Speyer bittet im Namen der Deutschen Bahn die Verkehrsteilnehmenden und Anwohnenden um Verst\u00e4ndnis f\u00fcr die Beeintr\u00e4chtigungen.<\/p>\n\n\n\n<p><em>Stadtverwaltung Speyer<br>02.09.2022<\/em><\/p>\n\n\n\n<h2 class=\"wp-block-heading\">Baustellen\u00fcbersicht der Stadt Speyer<\/h2>\n\n\n<div class=\"wp-block-image\">\n<figure class=\"aligncenter\"><img decoding=\"async\" loading=\"lazy\" width=\"800\" height=\"384\" src=\"https:\/\/speyer24news.com\/wp-content\/uploads\/2022\/03\/Baustelle-Speyer-Facebook.jpg\" alt=\"\" class=\"wp-image-43610\" srcset=\"https:\/\/speyer24news.com\/wp-content\/uploads\/2022\/03\/Baustelle-Speyer-Facebook.jpg 800w, https:\/\/speyer24news.com\/wp-content\/uploads\/2022\/03\/Baustelle-Speyer-Facebook-300x144.jpg 300w, https:\/\/speyer24news.com\/wp-content\/uploads\/2022\/03\/Baustelle-Speyer-Facebook-768x369.jpg 768w\" sizes=\"(max-width: 800px) 100vw, 800px\" \/><\/figure><\/div>\n\n\n<p>Ab sofort stellt die Stadt Speyer eine neue Baustellenliste zur Verf\u00fcgung, die die bisherige Kommunikation von laufenden und kommenden Baustellen erweitert und b\u00fcrgerfreundlicher gestaltet.<\/p>\n\n\n\n<p>Die bisher zur Verf\u00fcgung gestellte Liste \u201eAlle Baustellen\u201c f\u00fchrt alle Baustellen, die sich innerhalb des Speyerer Stadtgebiets befinden, stichpunktartig auf. Diese technische Liste gibt auch einen \u00dcberblick \u00fcber die betroffenen Sparten wie Strom, Gas, oder Wasser.<\/p>\n\n\n\n<p>Die nun neu hinzugekommene Liste \u201eWichtigste Baustellen\u201c beinhaltet Baustellen, von denen ein bedeutender Teil der Verkehrsteilnehmenden in Speyer signifikant betroffen ist, beispielsweise wegen ihrer lange Dauer und\/oder weil wichtige Stra\u00dfen im Netz betroffen sind. Es werden zus\u00e4tzlich zu den Baustellen im Speyerer Stadtgebiet auch wichtige Baustellen in der n\u00e4heren Umgebung aufgef\u00fchrt, beispielsweise auf der B9 und B39. Dar\u00fcber hinaus soll auch der in den Jahren 2023 und 2024 geplante Verkehrsversuch zum Postplatz Eingang in diese Auflistung finden. Neben dem voraussichtlichen Zeitraum und der Ursache werden auch die Umleitungen f\u00fcr die verschiedenen Verkehrsarten und bei Bedarf erg\u00e4nzende Informationen dargestellt. Am Ende der Liste findet sich ferner eine \u00dcbersicht zu m\u00f6glichen Ansprechpartner*innen.<\/p>\n\n\n\n<p>Die neue Baustellenliste ist chronologisch sortiert, sodass die B\u00fcrger*innen auf den ersten Blick neu hinzukommende Baustellen erkennen und f\u00fcr ihre n\u00e4chste Fahrt ber\u00fccksichtigen k\u00f6nnen \u2013 ohne frustriert erst an der Baustellenabsperrung wenden m\u00fcssen. Zeit- und nervenschonend f\u00fcr die B\u00fcrgerschaft \u2013 aber auch gut f\u00fcr die Umwelt, da unn\u00f6tiger Verkehr vermieden wird.<\/p>\n\n\n\n<p>Die \u00dcbersicht \u00fcber die Baustellensituation wird immer freitags aktualisiert und ist unter&nbsp;<a href=\"http:\/\/www.speyer.de\/baustellen\"><strong>www.speyer.de\/baustellen<\/strong><\/a>&nbsp;im NEWS-TICKER zu finden.<br>Des Weiteren gibt es auf der Baustellenseite der Stadt Speyer wie gewohnt detaillierte Informationen zu laufenden und kommenden Gro\u00dfbaustellen.<\/p>\n\n\n\n<p><em>Stadtverwaltung Speyer<br>18.03.2022<\/em><\/p>\n","protected":false},"excerpt":{"rendered":"<div class=\"mh-excerpt\"><p>Stadtnotizen Spielenachmittag in der Stadtbibliothek am 18. November Unter dem Motto \u201eHeute wird gespielt!\u201c stellt der Spiele-Experte Michael Martin vom Entdeckerladen \u201eSpiele-Cosmos\u201c in Speyer am Samstag, 18. November 2023, in der Stadtbibliothek Speyer neue tolle <a class=\"mh-excerpt-more\" href=\"https:\/\/speyer24news.com\/?p=56234\" title=\"Stadtnotizen &amp; Verkehrsnotizen aus Speyer\">[&#8230;]<\/a><\/p>\n<\/div>","protected":false},"author":3,"featured_media":46477,"comment_status":"open","ping_status":"open","sticky":false,"template":"","format":"standard","meta":{"_monsterinsights_skip_tracking":false,"_monsterinsights_sitenote_active":false,"_monsterinsights_sitenote_note":"","_monsterinsights_sitenote_category":0,"footnotes":""},"categories":[47],"tags":[15307,16764,13163,14555,13640,16841,16674,16840,7484,1297,1298,699,5874,6,4006,4250,13889,771,1434,7262,13124,657,14546,1296,9617,1114,13266,16839,16838,15828,11386],"aioseo_notices":[],"amp_enabled":true,"_links":{"self":[{"href":"https:\/\/speyer24news.com\/index.php?rest_route=\/wp\/v2\/posts\/56234"}],"collection":[{"href":"https:\/\/speyer24news.com\/index.php?rest_route=\/wp\/v2\/posts"}],"about":[{"href":"https:\/\/speyer24news.com\/index.php?rest_route=\/wp\/v2\/types\/post"}],"author":[{"embeddable":true,"href":"https:\/\/speyer24news.com\/index.php?rest_route=\/wp\/v2\/users\/3"}],"replies":[{"embeddable":true,"href":"https:\/\/speyer24news.com\/index.php?rest_route=%2Fwp%2Fv2%2Fcomments&post=56234"}],"version-history":[{"count":2,"href":"https:\/\/speyer24news.com\/index.php?rest_route=\/wp\/v2\/posts\/56234\/revisions"}],"predecessor-version":[{"id":56242,"href":"https:\/\/speyer24news.com\/index.php?rest_route=\/wp\/v2\/posts\/56234\/revisions\/56242"}],"wp:featuredmedia":[{"embeddable":true,"href":"https:\/\/speyer24news.com\/index.php?rest_route=\/wp\/v2\/media\/46477"}],"wp:attachment":[{"href":"https:\/\/speyer24news.com\/index.php?rest_route=%2Fwp%2Fv2%2Fmedia&parent=56234"}],"wp:term":[{"taxonomy":"category","embeddable":true,"href":"https:\/\/speyer24news.com\/index.php?rest_route=%2Fwp%2Fv2%2Fcategories&post=56234"},{"taxonomy":"post_tag","embeddable":true,"href":"https:\/\/speyer24news.com\/index.php?rest_route=%2Fwp%2Fv2%2Ftags&post=56234"}],"curies":[{"name":"wp","href":"https:\/\/api.w.org\/{rel}","templated":true}]}}