{"id":56546,"date":"2023-11-21T10:26:32","date_gmt":"2023-11-21T09:26:32","guid":{"rendered":"https:\/\/speyer24news.com\/?p=56546"},"modified":"2023-11-21T10:26:33","modified_gmt":"2023-11-21T09:26:33","slug":"radarfallen-blitzer-fuer-die-kw-47-20-11-26-11-2023","status":"publish","type":"post","link":"https:\/\/speyer24news.com\/?p=56546","title":{"rendered":"Radarfallen \/ Blitzer f\u00fcr die KW 47 (20.11. &#8211; 26.11.2023)"},"content":{"rendered":"<style type=\"text\/css\">\r\n\t.ads_top_disp{}\r\n\t.ads_top_corner_disp{ float:left; margin:0px 10px 10px 0px; }\r\n\t.ads_first_p_disp{}\r\n\t.ads_bottom_disp{}\r\n\t<\/style>\n<h2 class=\"wp-block-heading\"><strong>(Mannheim) \u2013\u00a0<\/strong>Geschwindigkeitskontrollen f\u00fcr die Woche vom 20. &#8211; 24. November<\/h2>\n\n\n<div class=\"wp-block-image\">\n<figure class=\"aligncenter\"><img decoding=\"async\" loading=\"lazy\" width=\"640\" height=\"497\" src=\"https:\/\/speyer24news.com\/wp-content\/uploads\/2020\/12\/Blitzer-2.jpg\" alt=\"\" class=\"wp-image-31937\" srcset=\"https:\/\/speyer24news.com\/wp-content\/uploads\/2020\/12\/Blitzer-2.jpg 640w, https:\/\/speyer24news.com\/wp-content\/uploads\/2020\/12\/Blitzer-2-300x233.jpg 300w\" sizes=\"(max-width: 640px) 100vw, 640px\" \/><\/figure><\/div>\n\n\n<h3 class=\"wp-block-heading\">Die Stadt Mannheim f\u00fchrt vom 20. bis 24. November in folgenden Stra\u00dfen mobile Geschwindigkeitskontrollen durch:<\/h3>\n\n\n\n<ul>\n<li><strong>Ausgasse<\/strong><\/li>\n\n\n\n<li><strong>Domstiftstra\u00dfe<\/strong><\/li>\n\n\n\n<li><strong>E-Quadrate<\/strong><\/li>\n\n\n\n<li><strong>Fahrgasse<\/strong><\/li>\n\n\n\n<li><strong>Garnstra\u00dfe<\/strong><\/li>\n\n\n\n<li><strong>Hafenstra\u00dfe<\/strong><\/li>\n\n\n\n<li><strong>Insterburger Weg<\/strong><\/li>\n\n\n\n<li><strong>K-Quadrate (mit Johannes-Kepler-Schule)<\/strong><\/li>\n\n\n\n<li><strong>Kattowitzer Zeile (Sch\u00f6nauschule)<\/strong><\/li>\n\n\n\n<li><strong>Kriegerstra\u00dfe (mit Gustav-Wiederkehr-Schule)<\/strong><\/li>\n\n\n\n<li><strong>K\u00f6nigsberger Allee<\/strong><\/li>\n\n\n\n<li><strong>Lilienthalstra\u00dfe<\/strong><\/li>\n\n\n\n<li><strong>Luisenring<\/strong><\/li>\n\n\n\n<li><strong>Memeler Stra\u00dfe<\/strong><\/li>\n\n\n\n<li><strong>Q-Quadrate<\/strong><\/li>\n\n\n\n<li><strong>Rottfeldstra\u00dfe<\/strong><\/li>\n\n\n\n<li><strong>R-Quadrate (mit Mozartschule)<\/strong><\/li>\n\n\n\n<li><strong>Rudolf-Maus-Stra\u00dfe (Hans-Christian-Andersen-Schule)<\/strong><\/li>\n\n\n\n<li><strong>Sch\u00f6nauer Stra\u00dfe<\/strong><\/li>\n\n\n\n<li><strong>Sonderburger Stra\u00dfe<\/strong><\/li>\n\n\n\n<li><strong>Wilhelm-Liebknecht-Stra\u00dfe (Almenhofschule)<\/strong><\/li>\n<\/ul>\n\n\n\n<p>Kurzfristige \u00c4nderungen oder zus\u00e4tzliche Messstellen sind aus aktuellem Anlass m\u00f6glich.<\/p>\n\n\n\n<p><em>Stadt Mannheim<br>16.11.2023<\/em><\/p>\n\n\n\n<h2 class=\"wp-block-heading\"><strong>(Ludwigshafen) \u2013\u00a0<\/strong>Radarkontrollen f\u00fcr die Woche vom 20. November bis 26. November 2023<\/h2>\n\n\n<div class=\"wp-block-image\">\n<figure class=\"aligncenter\"><img decoding=\"async\" loading=\"lazy\" width=\"800\" height=\"600\" src=\"https:\/\/speyer24news.com\/wp-content\/uploads\/2020\/03\/Blitzer-1.jpg\" alt=\"\" class=\"wp-image-25724\" srcset=\"https:\/\/speyer24news.com\/wp-content\/uploads\/2020\/03\/Blitzer-1.jpg 800w, https:\/\/speyer24news.com\/wp-content\/uploads\/2020\/03\/Blitzer-1-300x225.jpg 300w, https:\/\/speyer24news.com\/wp-content\/uploads\/2020\/03\/Blitzer-1-768x576.jpg 768w, https:\/\/speyer24news.com\/wp-content\/uploads\/2020\/03\/Blitzer-1-678x509.jpg 678w, https:\/\/speyer24news.com\/wp-content\/uploads\/2020\/03\/Blitzer-1-326x245.jpg 326w, https:\/\/speyer24news.com\/wp-content\/uploads\/2020\/03\/Blitzer-1-80x60.jpg 80w\" sizes=\"(max-width: 800px) 100vw, 800px\" \/><\/figure><\/div>\n\n\n<h3 class=\"wp-block-heading\">Die Stadt Ludwigshafen nimmt in folgenden Stadtteilen Radarkontrollen vor:<\/h3>\n\n\n\n<ul>\n<li><strong>Montag, 20. November: Oggersheim, S\u00fcd und Pfingstweide<\/strong><\/li>\n\n\n\n<li><strong>Dienstag, 21. November: Mitte, Ruchheim und Gartenstadt<\/strong><\/li>\n\n\n\n<li><strong>Mittwoch, 22. November: Nord, Friesenheim und Edigheim<\/strong><\/li>\n\n\n\n<li><strong>Donnerstag, 23. November: Mundenheim, Maudach und S\u00fcd<\/strong><\/li>\n\n\n\n<li><strong>Freitag, 24. November: Friesenheim, West und Oppau<\/strong><\/li>\n<\/ul>\n\n\n\n<p>Kurzfristige \u00c4nderungen beh\u00e4lt sich der Bereich Stra\u00dfenverkehr vor. Kontrollen k\u00f6nnen auch kurzfristig an anderen Stellen stattfinden.<\/p>\n\n\n\n<p><em>Stadt Ludwigshafen am Rhein<br>16.11.2023<\/em><\/p>\n\n\n\n<h2 class=\"wp-block-heading\"><strong>(Polizeipr\u00e4sidium Rheinpfalz) \u2013\u00a0<\/strong>Geschwindigkeitsmessungen im November 2023<\/h2>\n\n\n<div class=\"wp-block-image\">\n<figure class=\"aligncenter\"><img decoding=\"async\" loading=\"lazy\" width=\"800\" height=\"450\" src=\"https:\/\/speyer24news.com\/wp-content\/uploads\/2020\/12\/Blitzer-Logo.jpg\" alt=\"\" class=\"wp-image-31938\" srcset=\"https:\/\/speyer24news.com\/wp-content\/uploads\/2020\/12\/Blitzer-Logo.jpg 800w, https:\/\/speyer24news.com\/wp-content\/uploads\/2020\/12\/Blitzer-Logo-300x169.jpg 300w, https:\/\/speyer24news.com\/wp-content\/uploads\/2020\/12\/Blitzer-Logo-768x432.jpg 768w, https:\/\/speyer24news.com\/wp-content\/uploads\/2020\/12\/Blitzer-Logo-678x381.jpg 678w\" sizes=\"(max-width: 800px) 100vw, 800px\" \/><\/figure><\/div>\n\n\n<p>\u00dcberh\u00f6hte beziehungsweise nicht angepasste Geschwindigkeit bleibt weiter eine Hauptunfallursache: 2022 wurden im Zust\u00e4ndigkeitsbereich des Polizeipr\u00e4sidiums Rheinpfalz wegen nicht angepasster oder \u00fcberh\u00f6hter Geschwindigkeit 1.896 Verkehrsunf\u00e4lle registriert. Im Jahr 2021 waren dies noch 1.792 Verkehrsunf\u00e4lle.<\/p>\n\n\n\n<h4 class=\"wp-block-heading\"><em>Die Verkehrsunfallstatistik 2022 mit ausf\u00fchrlichen Informationen zur Unfalllage und unseren Ma\u00dfnahmen finden Sie auf unserer Internetseite&nbsp;<a href=\"https:\/\/s.rlp.de\/YSXrl\">https:\/\/s.rlp.de\/YSXrl<\/a>&nbsp;.<\/em><\/h4>\n\n\n\n<p>Die Verkehrs\u00fcberwachung mittels Verkehrskontrollen geh\u00f6rt zu den zentralen Aufgaben der Polizei.<\/p>\n\n\n\n<h3 class=\"wp-block-heading\"><strong>Im Monat November finden daher im Bezirk des Polizeipr\u00e4sidiums Rheinpfalz wie folgt Geschwindigkeitskontrollen statt:<\/strong><\/h3>\n\n\n\n<h3 class=\"wp-block-heading\">Im Gebiet der Polizeidirektion\u00a0<strong>Landau<\/strong>:<\/h3>\n\n\n\n<ul>\n<li><strong>21.11.2023 im Bereich Hochstadt<\/strong><\/li>\n\n\n\n<li><strong>24.11.2023 im Bereich Edenkoben<\/strong><\/li>\n<\/ul>\n\n\n\n<h3 class=\"wp-block-heading\">Im Gebiet der Polizeidirektion&nbsp;<strong>Neustadt<\/strong>:<\/h3>\n\n\n\n<ul>\n<li><strong>22.11.2023 im Bereich Neuleiningen<\/strong><\/li>\n\n\n\n<li><strong>23.11.2023 im Bereich Bad D\u00fcrkheim<\/strong><\/li>\n\n\n\n<li><strong>28.11.2023 im Bereich Neustadt<\/strong><\/li>\n<\/ul>\n\n\n\n<p>Die Polizei weist ausdr\u00fccklich darauf hin, dass Kontrollen auch au\u00dferhalb der genannten Zeiten und \u00d6rtlichkeiten stattfinden.<\/p>\n\n\n\n<p><em>Polizeipr\u00e4sidium Rheinpfalz<br>02.11.2023<\/em><\/p>\n","protected":false},"excerpt":{"rendered":"<div class=\"mh-excerpt\"><p>(Mannheim) \u2013\u00a0Geschwindigkeitskontrollen f\u00fcr die Woche vom 20. &#8211; 24. November Die Stadt Mannheim f\u00fchrt vom 20. bis 24. November in folgenden Stra\u00dfen mobile Geschwindigkeitskontrollen durch: Kurzfristige \u00c4nderungen oder zus\u00e4tzliche Messstellen sind aus aktuellem Anlass m\u00f6glich. <a class=\"mh-excerpt-more\" href=\"https:\/\/speyer24news.com\/?p=56546\" title=\"Radarfallen \/ Blitzer f\u00fcr die KW 47 (20.11. &#8211; 26.11.2023)\">[&#8230;]<\/a><\/p>\n<\/div>","protected":false},"author":3,"featured_media":33649,"comment_status":"open","ping_status":"open","sticky":false,"template":"","format":"standard","meta":{"_monsterinsights_skip_tracking":false,"_monsterinsights_sitenote_active":false,"_monsterinsights_sitenote_note":"","_monsterinsights_sitenote_category":0,"footnotes":""},"categories":[64],"tags":[18,7702,4819,4814,7703,15144,14960,19,5148,4822,4817,5149,15147,16228,4228,947,5146,4820,4815,15148,227,17,7699,7068,7004,7700,15142,16227,949,5150,4818,4813,5151,15909,15908],"aioseo_notices":[],"amp_enabled":true,"_links":{"self":[{"href":"https:\/\/speyer24news.com\/index.php?rest_route=\/wp\/v2\/posts\/56546"}],"collection":[{"href":"https:\/\/speyer24news.com\/index.php?rest_route=\/wp\/v2\/posts"}],"about":[{"href":"https:\/\/speyer24news.com\/index.php?rest_route=\/wp\/v2\/types\/post"}],"author":[{"embeddable":true,"href":"https:\/\/speyer24news.com\/index.php?rest_route=\/wp\/v2\/users\/3"}],"replies":[{"embeddable":true,"href":"https:\/\/speyer24news.com\/index.php?rest_route=%2Fwp%2Fv2%2Fcomments&post=56546"}],"version-history":[{"count":2,"href":"https:\/\/speyer24news.com\/index.php?rest_route=\/wp\/v2\/posts\/56546\/revisions"}],"predecessor-version":[{"id":56548,"href":"https:\/\/speyer24news.com\/index.php?rest_route=\/wp\/v2\/posts\/56546\/revisions\/56548"}],"wp:featuredmedia":[{"embeddable":true,"href":"https:\/\/speyer24news.com\/index.php?rest_route=\/wp\/v2\/media\/33649"}],"wp:attachment":[{"href":"https:\/\/speyer24news.com\/index.php?rest_route=%2Fwp%2Fv2%2Fmedia&parent=56546"}],"wp:term":[{"taxonomy":"category","embeddable":true,"href":"https:\/\/speyer24news.com\/index.php?rest_route=%2Fwp%2Fv2%2Fcategories&post=56546"},{"taxonomy":"post_tag","embeddable":true,"href":"https:\/\/speyer24news.com\/index.php?rest_route=%2Fwp%2Fv2%2Ftags&post=56546"}],"curies":[{"name":"wp","href":"https:\/\/api.w.org\/{rel}","templated":true}]}}