{"id":56600,"date":"2023-11-22T08:54:03","date_gmt":"2023-11-22T07:54:03","guid":{"rendered":"https:\/\/speyer24news.com\/?p=56600"},"modified":"2023-11-22T08:54:06","modified_gmt":"2023-11-22T07:54:06","slug":"polizeimeldungen-dienstag-21-11-23","status":"publish","type":"post","link":"https:\/\/speyer24news.com\/?p=56600","title":{"rendered":"Polizeimeldungen Dienstag (21.11.23)"},"content":{"rendered":"<style type=\"text\/css\">\r\n\t.ads_top_disp{}\r\n\t.ads_top_corner_disp{ float:left; margin:0px 10px 10px 0px; }\r\n\t.ads_first_p_disp{}\r\n\t.ads_bottom_disp{}\r\n\t<\/style>\n<h2 class=\"wp-block-heading\">Polizeimeldungen vom Dienstag (21.11.2023)<\/h2>\n\n\n<div class=\"wp-block-image\">\n<figure class=\"aligncenter size-full\"><img decoding=\"async\" loading=\"lazy\" width=\"375\" height=\"500\" src=\"https:\/\/speyer24news.com\/wp-content\/uploads\/2022\/03\/Aktuelles-Polizeilogo.jpg\" alt=\"\" class=\"wp-image-43591\" srcset=\"https:\/\/speyer24news.com\/wp-content\/uploads\/2022\/03\/Aktuelles-Polizeilogo.jpg 375w, https:\/\/speyer24news.com\/wp-content\/uploads\/2022\/03\/Aktuelles-Polizeilogo-225x300.jpg 225w\" sizes=\"(max-width: 375px) 100vw, 375px\" \/><\/figure><\/div>\n\n\n<h2 class=\"wp-block-heading\">(Speyer) &#8211; Mehrere Ladendiebst\u00e4hle in der Innenstadt<\/h2>\n\n\n\n<p>Am 20.11.2023 kam es in der Maximilianstra\u00dfe zu mehreren Ladendiebst\u00e4hlen in unterschiedlichen Gesch\u00e4ften.<\/p>\n\n\n\n<p>Kurz vor 12 Uhr beobachtete eine Mitarbeiterin eines Bekleidungsgesch\u00e4fts eine 13-J\u00e4hrige als diese ein Etikett eines Bekleidungsteils abriss. Anschlie\u00dfend bezahlte das M\u00e4dchen an der Kasse ein anderes Teil, jedoch nicht das Teil ohne Etikett, und wurde schlie\u00dflich durch die Mitarbeiterin am Ausgang des Gesch\u00e4fts bis zum Eintreffen der Polizei aufgehalten. Das M\u00e4dchen befand sich zu diesem Zeitpunkt auf Klassenfahrt und wurde in die Obhut der verantwortlichen Lehrkraft \u00fcbergeben. Der Schaden bel\u00e4uft sich auf eine mittlere einstellige Summe.<\/p>\n\n\n\n<p>Gegen 13:20 Uhr meldet der Ladendetektiv eines Kaufhauses zwei weibliche Ladendiebe. Er konnte sie dabei beim Einstecken eines Schmuckst\u00fccks beobachten und beim Verlassen des Gesch\u00e4fts bis zum Eintreffen der Polizei aufhalten. Bei der Durchsuchung der beiden 27-j\u00e4hrigen und 39-j\u00e4hrigen Frauen konnte weiteres Diebesgut in Form von mehreren Bekleidungsteilen festgestellt werden. Der Gesamtwert der entwendeten Ware bel\u00e4uft sich auf knapp 300 Euro. Die beiden Frauen wurden zun\u00e4chst f\u00fcr weitere Ma\u00dfnahmen zur Dienststelle verbracht und im Anschluss wieder entlassen.<\/p>\n\n\n\n<p>Mitarbeiter eines Bekleidungsgesch\u00e4fts meldeten kurz vor 16 Uhr drei weibliche Jugendliche, welche im Gesch\u00e4ft Kleidung entwendet h\u00e4tten. Eine der drei jeweils 14-j\u00e4hrigen Jugendlichen hatte versucht in dem Gesch\u00e4ft ein Bekleidungsteil im Wert von ca. 25 Euro zu stehlen. Bei der Durchsuchung der Jugendlichen und deren mitgef\u00fchrten Sachen konnten diverse Schminkutensilien aufgefunden werden. Zwei der 14-J\u00e4hrigen r\u00e4umten ein die Schminkutensilien im Gesamtwert von ca. 125 Euro zuvor aus zwei Drogeriem\u00e4rkten entwendet und in einen Rucksack gesteckt zu haben. Die dritte 14-J\u00e4hrige war mit anwesend, nach derzeitigem Stand jedoch an keiner der drei Taten zuvor aktiv beteiligt.<\/p>\n\n\n\n<p>S\u00e4mtliche entwendeten Waren aus den Ladendiebst\u00e4hlen wurden den Gesch\u00e4ften wieder ausgeh\u00e4ndigt.<\/p>\n\n\n\n<h2 class=\"wp-block-heading\">(Speyer) &#8211; Verkehrsunfall mit verletzten Radfahrer<\/h2>\n\n\n<div class=\"wp-block-image\">\n<figure class=\"aligncenter size-full\"><img decoding=\"async\" loading=\"lazy\" width=\"801\" height=\"600\" src=\"https:\/\/speyer24news.com\/wp-content\/uploads\/2020\/05\/Zeugen-gesucht-Neutral.jpg\" alt=\"\" class=\"wp-image-26598\" srcset=\"https:\/\/speyer24news.com\/wp-content\/uploads\/2020\/05\/Zeugen-gesucht-Neutral.jpg 801w, https:\/\/speyer24news.com\/wp-content\/uploads\/2020\/05\/Zeugen-gesucht-Neutral-300x225.jpg 300w, https:\/\/speyer24news.com\/wp-content\/uploads\/2020\/05\/Zeugen-gesucht-Neutral-768x575.jpg 768w, https:\/\/speyer24news.com\/wp-content\/uploads\/2020\/05\/Zeugen-gesucht-Neutral-678x509.jpg 678w, https:\/\/speyer24news.com\/wp-content\/uploads\/2020\/05\/Zeugen-gesucht-Neutral-326x245.jpg 326w, https:\/\/speyer24news.com\/wp-content\/uploads\/2020\/05\/Zeugen-gesucht-Neutral-80x60.jpg 80w\" sizes=\"(max-width: 801px) 100vw, 801px\" \/><\/figure><\/div>\n\n\n<p>Am Montag gegen 14 Uhr fuhr ein 17-j\u00e4hriger Radfahrer vom Hirschgraben in den Kreisverkehr in Richtung Petschengasse. Ein unbekannter PKW-Fahrer fuhr vom St.-Guido-Stifts-Platz in den selben Kreisverkehr und nahm dem bereits im Kreisverkehr befindlichen Radfahrer die Vorfahrt. Der Radfahrer leitete eine starke Bremsung ein um eine Kollision zu verhindern, wodurch er jedoch st\u00fcrzte und sich eine Prellung im H\u00fcftbereich zuzog. Zu einer Ber\u00fchrung des Fahrrades und des PKW kam es nicht. Der PKW entfernte sich anschlie\u00dfend in unbekannte Richtung. Der Radfahrer hatte sich im Anschluss eigenst\u00e4ndig ins Krankenhaus begeben und am Abend die Anzeige bei der Polizei erstattet.<\/p>\n\n\n\n<ul>\n<li><strong>Bei dem PKW hat es sich um einen schwarzen Opel Kleinwagen mit HD-Kennzeichen gehandelt.<\/strong><\/li>\n\n\n\n<li><strong>Der Fahrer wird als m\u00e4nnlich, 18-20 Jahre, dunkle-gelockte Haare und Ziegenbart beschrieben.<\/strong><\/li>\n\n\n\n<li><strong>Das Fahrzeug sei mit vier Personen besetzt gewesen.<\/strong><\/li>\n<\/ul>\n\n\n\n<ul>\n<li><strong>Wer kann Hinweise zu dem Unfall oder dem Opel Kleinwagen geben? Zeugen, oder der Opel-Fahrer selbst, werden gebeten, sich mit der Polizei Speyer telefonisch oder per E-Mail (Tel. 06232 \/ 137-0, E-Mail an\u00a0<a href=\"mailto:%20pispeyer@polizei.rlp.de\">pispeyer@polizei.rlp.de<\/a>) in Verbindung zu setzen.<\/strong><\/li>\n<\/ul>\n\n\n\n<h2 class=\"wp-block-heading\">(Speyer) &#8211; LKW mit Kranaufbau besch\u00e4digt Ampel<\/h2>\n\n\n<div class=\"wp-block-image\">\n<figure class=\"aligncenter size-full\"><img decoding=\"async\" loading=\"lazy\" width=\"800\" height=\"533\" src=\"https:\/\/speyer24news.com\/wp-content\/uploads\/2023\/11\/Ampel-Speyer.jpg\" alt=\"\" class=\"wp-image-56604\" srcset=\"https:\/\/speyer24news.com\/wp-content\/uploads\/2023\/11\/Ampel-Speyer.jpg 800w, https:\/\/speyer24news.com\/wp-content\/uploads\/2023\/11\/Ampel-Speyer-300x200.jpg 300w, https:\/\/speyer24news.com\/wp-content\/uploads\/2023\/11\/Ampel-Speyer-768x512.jpg 768w\" sizes=\"(max-width: 800px) 100vw, 800px\" \/><\/figure><\/div>\n\n\n<p>Kurz vor 11 Uhr am Montag fuhr ein 63-j\u00e4hriger LKW-Fahrer in der Dudenhofer Stra\u00dfe Richtung B39\/Dudenhofen. Auf H\u00f6he der Einm\u00fcndung zur Freiherr-vom-Stein-Stra\u00dfe kollidierte der Kranaufbau des LKW mit der dortigen Ampel. Der Fahrer hatte zuvor vergessen den Kran wieder einzufahren. Die Ampel wurde dadurch komplett zerst\u00f6rt und fiel auf einen danebenstehenden Baum, welcher ebenfalls umknickte. Bei der Kollision platzte ein Hydraulikschlauch des Krans, dadurch verteilte sich gro\u00dffl\u00e4chig \u00d6l auf der Fahrbahn, weshalb diese fachm\u00e4nnisch gereinigt werden musste. Die Unfallstelle und die Richtungsfahrbahn zur B39\/Dudenhofen musste zur Unfallaufnahme und bis zur Beendigung der Fahrbahnreinigung bis ca. 15 Uhr gesperrt werden. Der Gesamtschaden wird derzeit auf ca. 20000 Euro gesch\u00e4tzt.<\/p>\n\n\n\n<h2 class=\"wp-block-heading\">(Speyer) &#8211; Einbruch in Lottogesch\u00e4ft<\/h2>\n\n\n\n<p>In der Nacht vom Sonntag auf Montag brachen unbekannte T\u00e4ter in ein Lottogesch\u00e4ft im Wei\u00dfdornweg ein. Zun\u00e4chst warfen sie ein Glaselement der Eingangst\u00fcr mit einem Pflasterstein ein und gelangten dadurch ins Ladeninnere. Anschlie\u00dfend entwendeten sie mehrere Zigarettenpackungen, ca. 100 Euro Bargeld und mehrere Rubbellose. Im Laufe des Tages teilte Lotto Rheinland-Pfalz der Polizei mit, dass eine m\u00e4nnliche Person versuchte die Gewinne aus den entwendeten Rubbellosen in einem Lottogesch\u00e4ft in Landau abzuholen. Aufgrund der Individualisierung waren die Lose jedoch bereits gesperrt, weshalb der unbekannte Mann die Lose nicht mehr einl\u00f6sen konnte und das Gesch\u00e4ft fluchtartig verlie\u00df. Bei der Handlung im Gesch\u00e4ft in Landau wurde der unbekannte Mann von einer \u00dcberwachungsanlage gefilmt. Die Ermittlungen dauern an. Der Gesamtschaden bel\u00e4uft sich auf ca. 3000 Euro, wobei das Diebesgut einem Wert von ca. 1850 Euro entspricht.<\/p>\n\n\n\n<h2 class=\"wp-block-heading\">(Waldsee) &#8211; Unfallflucht<\/h2>\n\n\n\n<p>Am Montagmorgen, gegen 07:25 Uhr, fuhr ein 45-j\u00e4hriger Fahrer eines Feuerwehrfahrzeugs unter Nutzung von Blaulicht und Martinshorn die K13 von Altrip in Richtung Waldsee. Ein entgegenkommender wei\u00dfer Absetzkipper fuhr laut dem 45-J\u00e4hrigen zu weit links, sodass sich die Spiegel der beiden LKW H\u00f6he des Campinggebiets ber\u00fchrten. An dem Einsatzfahrzeug entstand am Au\u00dfenspiegel Sachschaden von etwa 500 Euro. Der wei\u00dfe Absetzkipper fuhr ohne anzuhalten weiter. <\/p>\n\n\n\n<ul>\n<li><strong>Hinweise zu dem fl\u00fcchtenden Fahrzeug bitte telefonisch unter 06235 \/ 495-0 oder per E-Mail (<a href=\"mailto:pischifferstadt@polizei.rlp.de\">pischifferstadt@polizei.rlp.de<\/a>) an die Polizeiinspektion in Schifferstadt.<\/strong><\/li>\n<\/ul>\n\n\n\n<h2 class=\"wp-block-heading\">(Mutterstadt \/ Schifferstadt\/  Dannstadt-Schauernheim) &#8211; Verkehrssicherheitsarbeit<\/h2>\n\n\n\n<p>Am Montagvormittag wurden bei Kontrollen in der Ludwigshafener Stra\u00dfe in Mutterstadt, der Speyerer Stra\u00dfe in Schifferstadt und Am Rathausplatz in Dannstadt-Schauernheim durch die Bereitschaftspolizei Kontrollstellen eingerichtet. Es wurden insgesamt 5 Handy- und 7 Gurtverst\u00f6\u00dfe (darunter ein nicht vorschriftsm\u00e4\u00dfig gesichertes Kind) geahndet. Die Polizei weist daraufhin, dass auch nur ein kurzer Blick auf das Handy zu einer Unaufmerksamkeit im Stra\u00dfenverkehr f\u00fchrt. Die verkehrswidrige Nutzung eines Mobiltelefons wird mit 100 Euro und einem Punkt sanktioniert.<\/p>\n\n\n\n<h2 class=\"wp-block-heading\">(Germersheim \/ Bellheim) &#8211; Verkehrskontrollen<\/h2>\n\n\n\n<p>Montagvormittag f\u00fchrte die Germersheimer Polizei mehrere Verkehrskontrollen durch. Auf der Bundesstra\u00dfe 9 gingen den Beamten insgesamt drei Autofahrer mit dem Handy am Ohr ins Netz. Bei Geschwindigkeitskontrollen in der Postgrabenstra\u00dfe in Bellheim waren 15 Autofahrer zu schnell. Zudem war ein Kind nicht ordnungsgem\u00e4\u00df gesichert.<\/p>\n\n\n\n<h2 class=\"wp-block-heading\">(Herxheim) &#8211; Unfallflucht gekl\u00e4rt I<\/h2>\n\n\n\n<p>Zwei aufmerksame Zeuginnen konnten am 20.11.2023 gegen 15:08 Uhr einen Verkehrsunfall beobachten, welcher sich in Herxheim auf dem Parkplatz der Sparkasse ereignete. Hierbei besch\u00e4digte beim Ausparken ein 85-j\u00e4hriger Mercedes-Fahrer einen geparkten PKW. Im Anschluss entfernte er sich unerlaubt von der Unfallstelle. Die Zeuginnen konnten sich das Kennzeichen des fl\u00fcchtenden Mercedes-Fahrers notieren. Dieser konnte im Rahmen der durchgef\u00fchrten Ermittlungen zu Hause angetroffen werden. Ein korrespondierender Schaden wurde festgestellt. Die Schadensh\u00f6he bel\u00e4uft sich auf circa 750 Euro. Der 85-J\u00e4hrige wird sich nun in einem Strafverfahren wegen Verkehrsunfallflucht verantworten m\u00fcssen.<\/p>\n\n\n\n<h2 class=\"wp-block-heading\">(Bad Bergzabern) &#8211; Vorfahrt missachtet \/ Mitfahrer leicht verletzt<\/h2>\n\n\n\n<p>Am Dienstag, 21.11.2023, gegen 07:00 Uhr, kam es an der Kreuzung Friedrich-Ebert-Stra\u00dfe\/Pestalozzistra\u00dfe, zu einem Verkehrsunfall. Der Fahrer eines Pkw VW Transporters befuhr die Friedrich-Ebert-Stra\u00dfe in Fahrtrichtung Schulzentrum. Die Fahrerin eines Pkw VW befuhr die Pestalozzistra\u00dfe in Richtung Weinstra\u00dfe. Im Kreuzungsbereich missachtete der 62-j\u00e4hrige Transporter-Fahrer die Vorfahrtsregelung &#8222;rechts vor links&#8220;, sodass es zum Zusammensto\u00df der beiden Fahrzeuge kam. Im PKW des Unfallgegners wurde ein 35-j\u00e4hriger Insasse leicht verletzt und zur Behandlung durch den Rettungsdienst in ein Krankenhaus transportiert. Der Gesamtschaden wird auf 12000.-EUR gesch\u00e4tzt. Beide Fahrzeuge wurden abgeschleppt.<\/p>\n\n\n\n<h2 class=\"wp-block-heading\">(Bad Bergzabern) &#8211; K\u00f6rperverletzung \/ Zeugen gesucht<\/h2>\n\n\n<div class=\"wp-block-image\">\n<figure class=\"aligncenter size-full\"><img decoding=\"async\" loading=\"lazy\" width=\"800\" height=\"533\" src=\"https:\/\/speyer24news.com\/wp-content\/uploads\/2021\/11\/Schlaegerei.jpg\" alt=\"\" class=\"wp-image-42366\" srcset=\"https:\/\/speyer24news.com\/wp-content\/uploads\/2021\/11\/Schlaegerei.jpg 800w, https:\/\/speyer24news.com\/wp-content\/uploads\/2021\/11\/Schlaegerei-300x200.jpg 300w, https:\/\/speyer24news.com\/wp-content\/uploads\/2021\/11\/Schlaegerei-768x512.jpg 768w\" sizes=\"(max-width: 800px) 100vw, 800px\" \/><figcaption class=\"wp-element-caption\">Beispielbild Schl\u00e4gerei \/ K\u00f6rperverletzung, dient lediglich der Visualisierung<\/figcaption><\/figure><\/div>\n\n\n<p>Am 20.11.2023 gegen 18:30 Uhr wurde der Polizeiinspektion Bad Bergzabern eine K\u00f6rperverletzung im Bereich der Altenbergschule gemeldet. Aufgrund einer Meinungsverschiedenheiten kam es zu einer Auseinandersetzung zwischen einem 40-j\u00e4hrigen Beschuldigten und dem 27-j\u00e4hrigen Gesch\u00e4digten. Der beschuldigte Fu\u00dfg\u00e4nger habe unvermittelt auf den Gesch\u00e4digten eingeschlagen, sodass dieser zu Boden ging. Anschlie\u00dfend habe dieser noch auf den Gesch\u00e4digten eingeschlagen und getreten. Nachdem durch einen Zeugen die Polizei informiert wurde, fl\u00fcchtete der T\u00e4ter zu Fu\u00df. Im Rahmen der Fahndung konnte der Beschuldigte in seiner Wohnung festgestellt und widerstandlos festgenommen werden. Der Gesch\u00e4digte wurde zur weiteren Untersuchung in ein umliegendes Krankenhaus verbracht. <\/p>\n\n\n\n<ul>\n<li><strong>Zeugen, welche den Vorfall beobachteten, werden gebeten sich mit der Polizeiinspektion Bad Bergzabern unter 06343\/93340 oder per Mail unter\u00a0<a href=\"mailto:%20pibadbergzabern@polizei.rlp.de\">pibadbergzabern@polizei.rlp.de<\/a>\u00a0in Verbindung zu setzen.<\/strong><\/li>\n<\/ul>\n\n\n\n<h2 class=\"wp-block-heading\">(Landau) &#8211; Unfallflucht gekl\u00e4rt II<\/h2>\n\n\n\n<p>Am 20.11.2023 besch\u00e4digte gegen 17:25 Uhr eine 85-j\u00e4hrige Fiat-Fahrerin einen geparkten PKW Dacia auf einem Parkplatz in der Gilletstra\u00dfe in Landau. Die Fiat-Fahrerin entfernte sich im Anschluss unerlaubt von der Unfallstelle. Auch in diesem Fall konnten Zeuginnen den Verkehrsunfall beobachten und sich das Kennzeichen der fl\u00fcchtenden Fiat-Fahrerin notieren. Diese konnte im Nachgang an ihrer Wohnanschrift angetroffen werden. Korrespondierender Schaden wurde festgestellt, die Gesamtschadensh\u00f6he betr\u00e4gt circa 2000. Ein Strafverfahren wegen Verkehrsunfallflucht wurde eingeleitet.<\/p>\n\n\n\n<h2 class=\"wp-block-heading\">(Walsheim) &#8211; Fahrender Weihnachtsbaum<\/h2>\n\n\n<div class=\"wp-block-image\">\n<figure class=\"aligncenter size-full\"><img decoding=\"async\" loading=\"lazy\" width=\"600\" height=\"600\" src=\"https:\/\/speyer24news.com\/wp-content\/uploads\/2021\/02\/question-2309042_1920.jpg\" alt=\"\" class=\"wp-image-33695\" srcset=\"https:\/\/speyer24news.com\/wp-content\/uploads\/2021\/02\/question-2309042_1920.jpg 600w, https:\/\/speyer24news.com\/wp-content\/uploads\/2021\/02\/question-2309042_1920-150x150.jpg 150w, https:\/\/speyer24news.com\/wp-content\/uploads\/2021\/02\/question-2309042_1920-300x300.jpg 300w\" sizes=\"(max-width: 600px) 100vw, 600px\" \/><\/figure><\/div>\n\n\n<p>Montagmorgen (20.11.2023), gegen 11.00 Uhr, staunte ein PKW-Fahrer nicht schlecht, als vor ihm auf der L516 in H\u00f6he Walsheim ein gelber Jeep unterwegs war, der wie ein Weihnachtsbaum geschm\u00fcckt war. Es waren bunte Kugeln und Lametta angebracht und rechts und links befand sich jeweils ein Horn. W\u00e4hrend der Fahrt l\u00f6ste sich eine Plastikkugel und fiel auf die Frontscheibe des nachfolgenden PKW.<\/p>\n\n\n\n<ul>\n<li><strong>Zeugen, die Hinweise zu dem Fahrzeug geben k\u00f6nnen, werden gebeten, sich bei der Polizei Edenkoben zu melden.<\/strong><\/li>\n<\/ul>\n\n\n\n<h2 class=\"wp-block-heading\">(Walsheim) &#8211; Bei Auffahrunfall verletzt<a href=\"https:\/\/www.facebook.com\/sharer.php?u=https%3A%2F%2Fwww.presseportal.de%2Fblaulicht%2Fpm%2F117686%2F5654132%2F%3Futm_source%3Dfacebook%26utm_medium%3Dsocial\"><\/a><a href=\"https:\/\/twitter.com\/intent\/tweet?text=POL-PDLD%3A%20Walsheim%20-%20Bei%20Auffahrunfall%20verletzt&amp;url=https%3A%2F%2Fwww.presseportal.de%2Fblaulicht%2Fpm%2F117686%2F5654132%2F%3Futm_source%3Dtwitter%26utm_medium%3Dsocial&amp;hashtags=ots&amp;lang=de\"><\/a><a href=\"https:\/\/web.whatsapp.com\/send?text=POL-PDLD%3A%20Walsheim%20-%20Bei%20Auffahrunfall%20verletzt%0A%0Ahttps%3A%2F%2Fwww.presseportal.de%2Fblaulicht%2Fpm%2F117686%2F5654132%2F%3Futm_source%3Dwhatsapp%26utm_medium%3Dsocial\"><\/a><a href=\"https:\/\/www.xing.com\/app\/user?op=share;url=https%3A%2F%2Fwww.presseportal.de%2Fblaulicht%2Fpm%2F117686%2F5654132%2F%3Futm_source%3Dxing%26utm_medium%3Dsocial\"><\/a><a href=\"http:\/\/www.linkedin.com\/shareArticle?mini=true&amp;url=https%3A%2F%2Fwww.presseportal.de%2Fblaulicht%2Fpm%2F117686%2F5654132%2F%3Futm_source%3Dlinkedin%26utm_medium%3Dsocial&amp;title=POL-PDLD%3A+Walsheim+-+Bei+Auffahrunfall+verletzt\"><\/a><a href=\"mailto:?subject=POL-PDLD%3A%20Walsheim%20-%20Bei%20Auffahrunfall%20verletzt&amp;body=https:\/\/www.presseportal.de\/blaulicht\/pm\/117686\/5654132\"><\/a><\/h2>\n\n\n<div class=\"wp-block-image\">\n<figure class=\"aligncenter\"><a href=\"https:\/\/cache.pressmailing.net\/thumbnail\/story_hires\/9168efa2-465a-4c3f-8c7a-95f55e2ff8c6\/4.jpg.jpg\"><img decoding=\"async\" src=\"https:\/\/cache.pressmailing.net\/thumbnail\/story_big\/9168efa2-465a-4c3f-8c7a-95f55e2ff8c6\/pol-pdld-walsheim-bei-auffahrunfall-verletzt\" alt=\"POL-PDLD: Walsheim - Bei Auffahrunfall verletzt\"\/><\/a><\/figure><\/div>\n\n\n<p>Am 20.11.2023 befuhr gegen 08:00 Uhr eine 42-j\u00e4hrige Citroen-Fahrerin die L516 bei Walsheim in Fahrtrichtung Edenkoben. Aufgrund eines abbiegenden vorausfahrenden Peugeot-Fahrers musste die 42-J\u00e4hrige bremsen. Dies erkannte ein nachfolgender 55-j\u00e4hriger Toyota-Fahrer zu sp\u00e4t und fuhr auf die Citroen-Fahrerin auf. Beide wurden durch den Unfall leicht verletzt und wurden zur weiteren Behandlung mittels Rettungswagen in ein umliegendes Krankenhaus verbracht. Beide Fahrzeuge mussten zudem abgeschleppt werden. Die Gesamtschadenh\u00f6he betr\u00e4gt circa 9000 Euro. Bis zum Eintreffen des Abschleppunternehmens musste der Verkehr durch die Polizei geregelt werden. Der Toyota-Fahrer wird sich nun in einem Strafverfahren wegen fahrl\u00e4ssiger K\u00f6rperverletzung verantworten m\u00fcssen.<\/p>\n\n\n\n<h2 class=\"wp-block-heading\">(A 65 \/ Edenkoben) &#8211; Falschfahrer<\/h2>\n\n\n\n<p>In den fr\u00fchen Morgenstunden des 21.11.2023, gegen 03.00 Uhr, wurde ein Falschfahrer auf der A65, Richtungsfahrbahn Ludwigshafen, in H\u00f6he der Anschlussstelle Edenkoben, gemeldet. Ein Fahrzeugf\u00fchrer konnte erst kurz vor dem entgegenkommenden PKW durch ein Ausweichman\u00f6ver einen Zusammensto\u00df verhindern. In H\u00f6he der Abfahrt Landau-Dammheim konnte das Fahrzeug, ein Audi A3, angehalten werden. Der 82-j\u00e4hrige Fahrer war desorientiert und leidet an einer Demenz. Er wurde anschlie\u00dfend seiner Tochter \u00fcberstellt. Die Fahrerlaubnisbeh\u00f6rde wurde entsprechend unterrichtet.<\/p>\n\n\n\n<ul>\n<li><strong>Weitere Zeugen, bzw. Verkehrsteilnehmer, die durch die Fahrweise gef\u00e4hrdet wurden, m\u00f6gen sich bitte mit der Polizei Edenkoben in Verbindung setzen.<\/strong><\/li>\n<\/ul>\n\n\n\n<h2 class=\"wp-block-heading\">(Bad D\u00fcrkheim) &#8211; Baucontainer aufgebrochen<\/h2>\n\n\n\n<p>Im Zeitraum vom 17.11.2023 bis 20.11.2023 kam es zu einem Einbruch in einen Baucontainer auf einer Baustelle in der Kurbrunnenstra\u00dfe in Bad D\u00fcrkheim. Bislang unbekannte T\u00e4ter hebelten das Vorh\u00e4ngeschloss an dem Container auf und durchw\u00fchlten diesen im Anschluss. Konkrete Angaben \u00fcber das Stehlgut liegen noch nicht vor. Es ist lediglich bekannt, dass mehrere Baumaschinen und Elektrokabel im Gesamtwert von 15000 Euro entwendet wurden. Weiterhin wurde eine Palette mit Stahlblech im Wert von 2000 Euro entwendet. <\/p>\n\n\n\n<ul>\n<li><strong>Zeugen, welche im genannten Zeitraum verd\u00e4chtigte Personen oder Fahrzeuge wahrgenommen haben, werden gebeten sich mit der Polizeiinspektion Bad D\u00fcrkheim unter der Tel. 06322\/963-0 oder per E-Mail\u00a0<a href=\"mailto:%20pibadduerkheim@polizei.rlp.de\">pibadduerkheim@polizei.rlp.de<\/a>\u00a0in Verbindung zu setzen.<\/strong><\/li>\n<\/ul>\n\n\n\n<h2 class=\"wp-block-heading\">(Wattenheim) &#8211; Verkehrsunfall \/ Pkw und Linienbus beteiligt<\/h2>\n\n\n\n<p>Wegen einer Verkehrsunfallaufnahme kommt es derzeit auf der L 520 zwischen Wattenheim und Carlsberg zu Behinderungen. Ein Pkw ist gegen 14:10 Uhr etwa in H\u00f6he des Hetschm\u00fchlweihers mit einem Linienbus zusammengesto\u00dfen. Eine im Pkw eingeklemmte Person muss aus dem Fahrzeug befreit werden. Es wird nachberichtet.<\/p>\n\n\n\n<h3 class=\"wp-block-heading has-text-align-center\">Nachtragsmeldung<\/h3>\n\n\n\n<p>Am Dienstag gegen 14:10 Uhr befuhr heute ein Pkw-Fahrer die L 520 von Carlsberg kommend in Richtung Wattenheim. Im Auslauf einer Rechtskurve geriet er auf die Gegenfahrbahn und stie\u00df dort mit einem Linienbus zusammen. Der Pkw wurde nach der Kollision auf ein angrenzendes Feld geschleudert. Fahrer und Beifahrer im Pkw trugen schwere Verletzungen davon. Der Beifahrer war in dem Pkw eingeklemmt und musste von der Feuerwehr aus dem Fahrzeug befreit werden. Ein ebenfalls im Pkw mitfahrendes Kleinkind wurde leicht verletzt. Der Fahrer des Linienbusses blieb unverletzt. Zwei Sch\u00fcler, die als Fahrg\u00e4ste in dem Linienbus mitfuhren, wurden leicht verletzt. Beide Fahrzeuge waren nach dem Unfall nicht mehr fahrbereit und mussten abgeschleppt werden. Die Sachschadensh\u00f6he kann derzeit nicht beziffert werden. Die Bergungsarbeiten sind gegenw\u00e4rtig noch nicht abgeschlossen. Wegen ausgelaufener Betriebsfl\u00fcssigkeiten mussten Reinigungsarbeiten durchgef\u00fchrt und Erdreich abgetragen werden.<\/p>\n\n\n\n<h2 class=\"wp-block-heading\">(Gr\u00fcnstadt) &#8211; Trunkenheitsfahrt<\/h2>\n\n\n\n<p>Am 21.11.2023 gegen 23:00 Uhr kontrollierten Beamte der Polizeiinspektion Gr\u00fcnstadt einen 45-j\u00e4hrigen BMW-Fahrer in der Bitzenstra\u00dfe in Gr\u00fcnstadt. Bei dem Fahrzeugf\u00fchrer konnte Atemalkoholgeruch wahrgenommen werden. Ein im Anschluss durchgef\u00fchrter gerichtsverwertbarer Atemalkoholtest ergab einen Wert knapp unter 1 Promille. Die Weiterfahrt wurde dem 45-J\u00e4hrigen untersagt und dessen F\u00fchrerschein und Fahrzeugschl\u00fcssel pr\u00e4ventiv sichergestellt. Ein Ordnungswidrigkeitenverfahren wurde eingeleitet. Den Mann erwarten ein Bu\u00dfgeld in H\u00f6he von 500,-EUR, 2 Punkte im Fahreignungsregister sowie ein einmonatiges Fahrverbot.<\/p>\n\n\n\n<h2 class=\"wp-block-heading\">(Gr\u00fcnstadt) &#8211; Versto\u00df gegen das Bet\u00e4ubungsmittelgesetz<\/h2>\n\n\n\n<p>Wegen zu lauter Musik wurde die Polizei am 20.11.23 gegen 20:30 Uhr in die Stra\u00dfe &#8222;In der Haarschnur&#8220; gerufen. Dort, im Bereich der &#8222;alla hopp!-Anlage&#8220;, trafen die Polizeibeamten acht Personen an, die bereits mit Verst\u00f6\u00dfen gegen das Bet\u00e4ubungsmittelgesetz in Erscheinung getreten sind. Bei einem 22-J\u00e4hrigen Mann aus der Gruppe wurde bei einer Durchsuchung eine geringe Menge Marihuana aufgefunden und sichergestellt. Die \u00fcbrigen sieben Personen f\u00fchrten nichts Verbotenes mit.<\/p>\n\n\n\n<h2 class=\"wp-block-heading\">(Gr\u00fcnstadt) &#8211; Zwei drogenbeeinflusste Autofahrer<\/h2>\n\n\n\n<p>Am 20.11.23 wurde eine Kontrollstelle auf dem Parkplatz der Polizeiinspektion Gr\u00fcnstadt betrieben, im Rahmen derer zwei drogenbeeinflusste Autofahrer aus dem Verkehr gezogen wurden: Gegen 17:45 Uhr zeigte ein 40 Jahre alter Mann im Rahmen der Kontrolle Auff\u00e4lligkeiten, die auf einen vorangegangenen Drogenkonsum hindeuten. Ein entsprechender Vortest reagierte positiv auf THC. Genau eine Stunde sp\u00e4ter, um 18:45 Uhr, wurde ein 21-j\u00e4hriger kontrolliert, bei dem ebenfalls unbeeinflussbare k\u00f6rperliche Anzeichen darauf hindeuteten, dass vorher Drogen konsumiert wurden. Auch hier zeigte der Test THC positiv an. Dementsprechend wurde beiden die Weiterfahrt untersagt und die Autofahrer musste eine Blutprobe abgeben. Deren Untersuchungsergebnis wird gerichtsverwertbar f\u00fcr das Ordnungswidrigkeitenverfahren die Konzentration der Stoffgruppe zeigen.<\/p>\n\n\n\n<h2 class=\"wp-block-heading\">(Gr\u00fcnstadt) &#8211; Diebstahl aus Pkw<\/h2>\n\n\n\n<p>Aus einem unverschlossenen Pkw wurde am Montag (20.11.23) gegen 11:00 Uhr eine Handtasche entwendet. Der Pkw war auf dem Parkplatz der Einkaufsm\u00e4rkte in der Weinstra\u00dfe geparkt. Die Gesch\u00e4digte hatte ihren Einkaufswagen nach dem Einr\u00e4umen der Eink\u00e4ufe in ihr Auto zur\u00fcckgestellt. Diesen kurzen Zeitraum nutzte\/n unbekannte Person\/en, um die Handtasche aus dem Beifahrerfu\u00dfraum zu stehlen. Die Schadensh\u00f6he wird mit 350 Euro beziffert. <\/p>\n\n\n\n<ul>\n<li><strong>Hinweise zur Tat und dem\/den unbekannten T\u00e4ter\/n nimmt die Polizeiinspektion Gr\u00fcnstadt (06359\/9312-0) entgegen.<\/strong><\/li>\n<\/ul>\n\n\n\n<h2 class=\"wp-block-heading\">(Gr\u00fcnstadt) &#8211; Zwei Einbr\u00fcche in eine Firma<\/h2>\n\n\n\n<p>Wie der Polizeiinspektion Gr\u00fcnstadt am Montag  angezeigt wurde, wurde in den Zeitr\u00e4umen 16.-17.11.23 und 18.-20.11.23 zwei Mal in eine Firma in der Ferdinand-Porsche-Stra\u00dfe eingebrochen. Bei der ersten Tat erlangten die unbekannten T\u00e4ter Bargeld in H\u00f6he von ca. 100 Euro. Au\u00dferdem wurden aus einem Firmen-LKW ca. 40 Liter Dieselkraftstoff abgezapft. Bei der zweiten Tat gingen die Unbekannten einen Transporter der Firma an. Dieser wurde aufgebrochen und das Lenkrad und ein Bedienelement f\u00fcr die Innnenbeleuchtung entwendet. <\/p>\n\n\n\n<ul>\n<li><strong>Hinweise zur Tat und zur T\u00e4terschaft nimmt die Polizeiinspektion Gr\u00fcnstadt (06359\/9312-0) entgegen.<\/strong><\/li>\n<\/ul>\n\n\n\n<h2 class=\"wp-block-heading\">(Laumersheim) &#8211; Schulwegkontrolle<\/h2>\n\n\n\n<p>Zwischen 07:30 Uhr und 08:15 Uhr wurden am Montag (20.11.23) in Laumersheim Schulwegkontrollen durchgef\u00fchrt. Drei Autofahrer mussten beanstandet werden, weil sie Kinder ohne jede Sicherung bef\u00f6rderten.<\/p>\n\n\n\n<h4 class=\"wp-block-heading\">Die Polizei r\u00e4t:<\/h4>\n\n\n\n<ul>\n<li><strong>Wenn Sie ihr Kind mit dem Auto zur Schule bringen, sichern Sie es mit einem geeigneten R\u00fcckhaltesystem\/Kindersitz.<\/strong><\/li>\n\n\n\n<li><strong>Niemals die Schultasche auf dem R\u00fccken des Kindes lassen, wenn es sich anschnallt, oder angeschnallt wird.<\/strong><\/li>\n\n\n\n<li><strong>Bei Fahrgemeinschaften muss f\u00fcr alle Kinder der entsprechende Sitz vorhanden sein.<\/strong><\/li>\n\n\n\n<li><strong>Am Ziel halten Sie so, dass Kinder keine Fahrbahn \u00fcberqueren m\u00fcssen.<\/strong><\/li>\n\n\n\n<li><strong>Kinder sollen grunds\u00e4tzlich auf der rechten Seite ein- bzw. aussteigen.<\/strong><\/li>\n\n\n\n<li><strong>Aktivieren Sie die &#8222;Kindersicherung&#8220; der hinteren T\u00fcren, wenn die Kinder die T\u00fcren nicht selbstst\u00e4ndig \u00f6ffnen sollen. <\/strong><\/li>\n\n\n\n<li><strong>Zeigen Sie ihnen das richtige Ein- und Aussteigen.<\/strong><\/li>\n<\/ul>\n\n\n\n<h2 class=\"wp-block-heading\">(Ludwigshafen) &#8211; Caf\u00e9 ausgeraubt \/ Zeugen gesucht<\/h2>\n\n\n<div class=\"wp-block-image\">\n<figure class=\"aligncenter size-full\"><img decoding=\"async\" loading=\"lazy\" width=\"801\" height=\"600\" src=\"https:\/\/speyer24news.com\/wp-content\/uploads\/2020\/05\/Zeugen-gesucht-Neutral.jpg\" alt=\"\" class=\"wp-image-26598\" srcset=\"https:\/\/speyer24news.com\/wp-content\/uploads\/2020\/05\/Zeugen-gesucht-Neutral.jpg 801w, https:\/\/speyer24news.com\/wp-content\/uploads\/2020\/05\/Zeugen-gesucht-Neutral-300x225.jpg 300w, https:\/\/speyer24news.com\/wp-content\/uploads\/2020\/05\/Zeugen-gesucht-Neutral-768x575.jpg 768w, https:\/\/speyer24news.com\/wp-content\/uploads\/2020\/05\/Zeugen-gesucht-Neutral-678x509.jpg 678w, https:\/\/speyer24news.com\/wp-content\/uploads\/2020\/05\/Zeugen-gesucht-Neutral-326x245.jpg 326w, https:\/\/speyer24news.com\/wp-content\/uploads\/2020\/05\/Zeugen-gesucht-Neutral-80x60.jpg 80w\" sizes=\"(max-width: 801px) 100vw, 801px\" \/><\/figure><\/div>\n\n\n<p>Am sp\u00e4ten Montagabend (20.11.2023), gegen 23:50 Uhr, betrat ein maskierter Unbekannter ein Caf\u00e9 in der Hemshofstra\u00dfe und forderte unter Vorhalt einer Schusswaffe die Herausgabe die Kasse. Eine Angestellte \u00fcbergab dem Mann zwei Beutel mit insgesamt knapp 5.000 Euro Bargeld. Im Anschluss verspr\u00fchte der Mann Pfefferspray und fl\u00fcchtete in unbekannte Richtung. Die Angestellte und ein Gast wurden durch das Pfefferspray leicht verletzt und mussten durch den Rettungsdienst versorgt werden. <\/p>\n\n\n\n<h4 class=\"wp-block-heading\">Der T\u00e4ter wurde wie folgt beschrieben:<\/h4>\n\n\n\n<ul>\n<li><strong>ca. 1,80-1,85 m gro\u00df<\/strong><\/li>\n\n\n\n<li><strong>eher heller Hauttyp<\/strong><\/li>\n\n\n\n<li><strong>Er trug komplett dunkle Kleidung und eine schwarze Sturmmaske.<\/strong><\/li>\n<\/ul>\n\n\n\n<ul>\n<li><strong>Wer kann Hinweise auf die Identit\u00e4t des Mannes geben? Hinweise nimmt die Kriminalpolizei Ludwigshafen unter der Telefonnummer 0621 963-2773 oder per E-Mail\u00a0<a href=\"mailto:%20kiludwigshafen.k1.kdd@polizei.rlp.de\">kiludwigshafen.k1.kdd@polizei.rlp.de<\/a>\u00a0entgegen.<\/strong><\/li>\n<\/ul>\n\n\n\n<h2 class=\"wp-block-heading\">(Ludwigshafen) &#8211; Tankstelle \u00fcberfallen \/ Zeugen gesucht<\/h2>\n\n\n<div class=\"wp-block-image\">\n<figure class=\"aligncenter size-large\"><img decoding=\"async\" loading=\"lazy\" width=\"1024\" height=\"941\" src=\"https:\/\/speyer24news.com\/wp-content\/uploads\/2020\/07\/Maskierter-T\u00e4ter-1024x941-1024x941.jpg\" alt=\"\" class=\"wp-image-28719\" srcset=\"https:\/\/speyer24news.com\/wp-content\/uploads\/2020\/07\/Maskierter-T\u00e4ter-1024x941.jpg 1024w, https:\/\/speyer24news.com\/wp-content\/uploads\/2020\/07\/Maskierter-T\u00e4ter-1024x941-300x276.jpg 300w, https:\/\/speyer24news.com\/wp-content\/uploads\/2020\/07\/Maskierter-T\u00e4ter-1024x941-768x706.jpg 768w\" sizes=\"(max-width: 1024px) 100vw, 1024px\" \/><figcaption class=\"wp-element-caption\">Symbolbild \u00dcberfall \/ Zeugen gesucht, dient lediglich der Visualisierung<\/figcaption><\/figure><\/div>\n\n\n<p>Am sp\u00e4ten Montagabend (20.11.2023), gegen 22:15 Uhr, betrat ein Unbekannter den Verkaufsraum einer Tankstelle in der Budapester Stra\u00dfe, bedrohte einen Angestellten mit einer Schusswaffe und forderte die Herausgabe von Bargeld. Der Angestellte \u00fcbergab ihm den Inhalt der Kasse. Im Anschluss fl\u00fcchtete der T\u00e4ter zu Fu\u00df in Richtung Prager Stra\u00dfe. <\/p>\n\n\n\n<h4 class=\"wp-block-heading\">Der T\u00e4ter wurde wie folgt beschrieben:<\/h4>\n\n\n\n<ul>\n<li><strong>circa 1,80 &#8211; 1,90 Meter gro\u00df<\/strong><\/li>\n\n\n\n<li><strong>sehr schlank<\/strong><\/li>\n\n\n\n<li><strong>vermutlich dunkelh\u00e4utig<\/strong><\/li>\n\n\n\n<li><strong>Er trug eine schwarze Hose, schwarze Schuhe, einen schwarzen Pullover mit wei\u00dfem Streifen bis zu den Ellenbogen, eine schwarze Skimaske, eine schwarze Sonnenbrille, schwarze Handschuhe und sprach akzentfreies Deutsch. Er f\u00fchrte eine bunte Plastikt\u00fcte mit sich.<\/strong><\/li>\n<\/ul>\n\n\n\n<ul>\n<li><strong>Wer kann Hinweise auf die Identit\u00e4t des Mannes geben? Hinweise nimmt die Kriminalpolizei Ludwigshafen unter der Telefonnummer 0621 963-2773 oder per E-Mail\u00a0<a href=\"mailto:%20kiludwigshafen.k1.kdd@polizei.rlp.de\">kiludwigshafen.k1.kdd@polizei.rlp.de<\/a>\u00a0entgegen.<\/strong><\/li>\n<\/ul>\n\n\n\n<h2 class=\"wp-block-heading\">(Ludwigshafen) &#8211; Pedelecfahrer bei Unfall verletzt \/ Zeugen gesucht<\/h2>\n\n\n\n<p>Am Montagnachmittag (20.11.2023), gegen 17:25 Uhr, kam es im Bereich der Einm\u00fcndung der Hemshofstra\u00dfe und der Kurzen Stra\u00dfe zu einem Verkehrsunfall zwischen einem 59-j\u00e4hrigen Pedelecfahrer und einem 29-j\u00e4hrigen Autofahrer. Der 59-J\u00e4hrige st\u00fcrzte und musste durch den Rettungsdienst in ein Krankenhaus gebracht werden.<\/p>\n\n\n\n<ul>\n<li><strong>Wer hat Vorfall beobachtet und kann Angaben zum Unfallhergang machen? Hinweise bitte an die Polizeiinspektion Ludwigshafen 2, Telefonnummer 0621 963-2222 oder per E-Mail\u00a0<a href=\"mailto:%20piludwigshafen2@polizei.rlp.de\">piludwigshafen2@polizei.rlp.de<\/a>\u00a0.<\/strong><\/li>\n<\/ul>\n\n\n\n<h2 class=\"wp-block-heading\">(Ludwigshafen) &#8211; Unfallflucht \/ Zeugen gesucht<\/h2>\n\n\n\n<p>Am Montagnachmittag (20.11.2023), gegen 13:25 Uhr, besch\u00e4digte ein unbekannter Fahrzeugf\u00fchrer mehrere in der Rottstra\u00dfe abgestellte Fahrzeuge. Vermutlich beim Rangieren schob der Unfallverursacher einen am Fahrbahnrand abgestellten Motorroller auf ein dahinter geparktes Auto, welches wiederum auf das dahinter abgestellte Auto geschoben wurde. Es entstand Sachschaden in H\u00f6he von circa 3.000 Euro.<\/p>\n\n\n\n<ul>\n<li><strong>Wer hat den Vorfall beobachtet und kann Hinweise auf den Unfallverursacher geben? Hinweise bitte an die Polizeiinspektion Ludwigshafen 1, Telefonnummer 0621 963-2122 oder per E-Mail\u00a0<a href=\"mailto:%20piludwigshafen1@polizei.rlp.de\">piludwigshafen1@polizei.rlp.de<\/a>\u00a0.<\/strong><\/li>\n<\/ul>\n\n\n\n<h2 class=\"wp-block-heading\">(Ludwigshafen) &#8211; Einbr\u00fcche im Stadtgebiet \/ Zeugen gesucht<\/h2>\n\n\n\n<p>Vermutlich in der Nacht zum Montag (20.11.2023) versuchten Unbekannte in ein Optiker-Gesch\u00e4ft in der Carl-Bosch-Stra\u00dfe einzubrechen und verursachten hierbei einen Sachschaden in H\u00f6he von circa 2.500 Euro.<\/p>\n\n\n\n<p>Im gleichen Zeitraum wurde in ein Imbiss-Restaurant in der Carl-Bosch-Stra\u00dfe Ecke Arnimstra\u00dfe eingebrochen. Die T\u00e4ter entwendeten Bargeld und ein Smartphone. Der Schaden bel\u00e4uft sich auf circa 1.100 Euro.<\/p>\n\n\n\n<ul>\n<li><strong>Wer hat die Taten beobachtet und kann Hinweise auf die T\u00e4ter geben? Hinweise nimmt die Kriminalpolizei Ludwigshafen unter der Telefonnummer 0621 963-2773 oder per E-Mail\u00a0<a href=\"mailto:%20kiludwigshafen.k1.kdd@polizei.rlp.de\">kiludwigshafen.k1.kdd@polizei.rlp.de<\/a>\u00a0entgegen.<\/strong><\/li>\n<\/ul>\n\n\n\n<h2 class=\"wp-block-heading\">(Mannheim) &#8211; Gr\u00f6\u00dferer Polizeieinsatz in Mannheimer Innenstadt \/ Einsatz beendet<\/h2>\n\n\n<div class=\"wp-block-image\">\n<figure class=\"aligncenter size-full\"><img decoding=\"async\" loading=\"lazy\" width=\"678\" height=\"381\" src=\"https:\/\/speyer24news.com\/wp-content\/uploads\/2021\/04\/Polizei-678x381.jpg\" alt=\"\" class=\"wp-image-35265\" srcset=\"https:\/\/speyer24news.com\/wp-content\/uploads\/2021\/04\/Polizei-678x381.jpg 678w, https:\/\/speyer24news.com\/wp-content\/uploads\/2021\/04\/Polizei-678x381-300x169.jpg 300w\" sizes=\"(max-width: 678px) 100vw, 678px\" \/><\/figure><\/div>\n\n\n<p>Am Dienstagvormittag ergaben sich Hinweise auf die Androhung einer schweren Straftat in der Mannheimer Innenstadt. Daraufhin wurden starke Kr\u00e4fte zusammengezogen. Der Tatverd\u00e4chtige konnte nach kurzer Zeit ermittelt und festgenommen werden. Der Einsatz wurde beendet. Weitere Informationen erfolgen in den n\u00e4chsten Tagen. Die Kriminalpolizei des Polizeipr\u00e4sidiums Mannheim hat die Ermittlungen aufgenommen.<\/p>\n\n\n\n<h3 class=\"wp-block-heading has-text-align-center\">Weitere Informationen \/ Nachtragsmeldung<\/h3>\n\n\n<div class=\"wp-block-image\">\n<figure class=\"aligncenter size-full\"><img decoding=\"async\" loading=\"lazy\" width=\"800\" height=\"533\" src=\"https:\/\/speyer24news.com\/wp-content\/uploads\/2021\/10\/Festnahme-Handschellen.jpg\" alt=\"\" class=\"wp-image-41224\" srcset=\"https:\/\/speyer24news.com\/wp-content\/uploads\/2021\/10\/Festnahme-Handschellen.jpg 800w, https:\/\/speyer24news.com\/wp-content\/uploads\/2021\/10\/Festnahme-Handschellen-300x200.jpg 300w, https:\/\/speyer24news.com\/wp-content\/uploads\/2021\/10\/Festnahme-Handschellen-768x512.jpg 768w\" sizes=\"(max-width: 800px) 100vw, 800px\" \/><figcaption class=\"wp-element-caption\">Beispielbild Handschelle \/ Verhaftung, dient lediglich der Visualisierung<\/figcaption><\/figure><\/div>\n\n\n<p>Ausgel\u00f6st wurde dieser, da ein 13-J\u00e4hriger zuvor auf einer Gamingplattform androhte, zwei seiner ehemaligen Mitsch\u00fcler zu verletzen. Die zwei betroffenen Mitsch\u00fcler vertrauten sich am heutigen Vormittag ihrer Schulleiterin an, welche wiederum die Polizei \u00fcber den Sachverhalt informierte.<\/p>\n\n\n\n<p>Durch das Polizeipr\u00e4sidium Mannheim wurde u.a. im Bereich des Wasserturmes eine Kr\u00e4ftesammelstelle eingerichtet.<\/p>\n\n\n\n<p>Parallel wurde die Wohnanschrift des 13-j\u00e4hrigen Strafunm\u00fcndigen \u00fcberpr\u00fcft. An dieser konnte er festgenommen werden konnte.<\/p>\n\n\n\n<p>Eine konkrete Gefahr f\u00fcr B\u00fcrgerinnen und B\u00fcrger bestand zu keinem Zeitpunkt.<\/p>\n\n\n\n<p>Es waren bis zu 60 Beamtinnen und Beamte in den Einsatz involviert.<\/p>\n\n\n\n<p>Bez\u00fcglich der Hintergr\u00fcnde der Androhungen und des Tatmotivs bedarf es weiterer Aufkl\u00e4rungsma\u00dfnahmen durch die Kriminalpolizei des Polizeipr\u00e4sidiums Mannheim.<\/p>\n\n\n\n<h2 class=\"wp-block-heading\">(Mannheim \/ B 38) &#8211; Person von LKW erfasst<\/h2>\n\n\n\n<p>Am Dienstagmorgen gegen kurz vor 07 Uhr kam es aus noch nicht gekl\u00e4rter Ursache auf der B38 in Fahrtrichtung Innenstadt zu einem Verkehrsunfall, bei welchem ersten Ermittlungen zufolge eine Person von einem LKW erfasst wurde. \u00dcber das Ausma\u00df der Verletzungen ist noch nichts bekannt. Die Rettungsma\u00dfnahmen sowie die Unfallaufnahme laufen derzeit noch. Aufgrund der Einsatzma\u00dfnahmen kann es zu Verkehrsbeeintr\u00e4chtigungen kommen.<\/p>\n\n\n\n<h3 class=\"wp-block-heading has-text-align-center\">Pressemitteilung Nr. 2<\/h3>\n\n\n\n<p>Nachdem es auf der B38 in Fahrtrichtung Innenstadt kurz vor der Abfahrt zur Waldstra\u00dfe zu einer Kollision zwischen einem LKW und einem Fu\u00dfg\u00e4nger kam, liegen nun erste Ermittlungsergebnisse zu dem Unfall vor. Ein 35-j\u00e4hriger Mann versuchte zu Fu\u00df von der dortigen Tankstelle kommend rechtswidrig die hier siebenspurige Fahrbahn zu \u00fcberqueren. Als er auf der letzten Fahrspur angelangte, n\u00e4herte sich dem Mann ein 63-j\u00e4hriger LKW-Fahrer. Aufgrund der Dunkelheit und der dunklen Kleidung des Passanten erkannte der Fahrer des LKWs den Fu\u00dfg\u00e4nger zu sp\u00e4t und konnte trotz einer umgehend eingeleiteten Notbremsung einen Zusammensto\u00df nicht verhindern. Ein Streifenteam, welches zeitnah nach der Alarmierung an der Unfallstelle ankam, leitete unverz\u00fcglich Reanimationsma\u00dfnahmen bei dem leblosen Verunfallten ein, welche diesem mitunter das Leben retteten. Durch den Aufprall erlitt der 35-J\u00e4hrige schwerste Verletzungen und musste unter Begleitung eines Notarztes durch den Rettungsdienst in ein nahegelegenes Krankenhaus gebracht werden. Lebensgefahr besteht jedoch nicht mehr. Da sich w\u00e4hrend der Unfallaufnahme Hinweise darauf ergaben, dass der 35-J\u00e4hrige unter dem Einfluss von Alkohol stand, wurde diesem eine Blutprobe entnommen. Der LKW-Fahrer blieb bei dem Unfall unverletzt, musste jedoch von einem Notfallseelsorger betreut und in ein nahegelegenes Krankenhaus gebracht werden. W\u00e4hrend der Unfallaufnahme musste der Verkehr stadteinw\u00e4rts auf einem Fahrstreifen an der Unfallstelle vorbeigeleitet werden. Um 09:13 Uhr war die Unfallstelle schlie\u00dflich ger\u00e4umt. Es entstand ein R\u00fcckstau von mehr als zwei Kilometern.<\/p>\n\n\n\n<p>Bereits am 05.11.2023 wurde der 35-J\u00e4hrige Fu\u00dfg\u00e4nger an gleicher \u00d6rtlichkeit von einem Auto erfasst und verletzt ( wir berichteten&nbsp;<a target=\"_blank\" rel=\"noreferrer noopener\" href=\"https:\/\/www.presseportal.de\/blaulicht\/pm\/14915\/5641931\">https:\/\/www.presseportal.de\/blaulicht\/pm\/14915\/5641931<\/a>&nbsp;).<\/p>\n\n\n\n<h2 class=\"wp-block-heading\">(Mannheim) &#8211; Streit m\u00fcndet in k\u00f6rperliche Auseinandersetzung<\/h2>\n\n\n\n<p>Aus bislang ungekl\u00e4rten Gr\u00fcnden gerieten am Montag um 13 Uhr ein 41-J\u00e4hriger und 54-j\u00e4hriger Mann im innerst\u00e4dtischen Quadrat K 1 zun\u00e4chst in verbale Streitigkeiten. Im Laufe der Auseinandersetzung zog der 41-J\u00e4hrige ein K\u00fcchenmesser, bedrohte den 54-J\u00e4hrigen mit diesem und verletzte ihn leicht an der Hand. Ein unbeteiligter Zeuge wurde auf die Situation aufmerksam und versuchte, die beiden Kontrahenten zu trennen. W\u00e4hrend der andauernden Auseinandersetzung zwischen den Parteien griff der Zeuge zu einer abgebrochenen Glasflasche und verletzte den 41-J\u00e4hrigen mit dieser leicht. Den hinzugezogenen Beamten\/-innen gelang es letztlich, die Beteiligten zu trennen. Das Polizeirevier Mannheim-Innenstadt hat nun die Ermittlungen wegen der gef\u00e4hrlichen K\u00f6rperverletzung aufgenommen.<\/p>\n\n\n\n<h2 class=\"wp-block-heading\">(Mannheim) &#8211; Revierleiterwechsel beim Polizeirevier Mannheim-K\u00e4fertal<a href=\"https:\/\/www.facebook.com\/sharer.php?u=https%3A%2F%2Fwww.presseportal.de%2Fblaulicht%2Fpm%2F14915%2F5653806%2F%3Futm_source%3Dfacebook%26utm_medium%3Dsocial\"><\/a><a href=\"https:\/\/twitter.com\/intent\/tweet?text=POL-MA%3A%20Mannheim%3A%20Revierleiterwechsel%20beim%20Polizeirevier%20Mannheim-K%C3%A4fertal&amp;url=https%3A%2F%2Fwww.presseportal.de%2Fblaulicht%2Fpm%2F14915%2F5653806%2F%3Futm_source%3Dtwitter%26utm_medium%3Dsocial&amp;hashtags=ots&amp;lang=de\"><\/a><a href=\"https:\/\/web.whatsapp.com\/send?text=POL-MA%3A%20Mannheim%3A%20Revierleiterwechsel%20beim%20Polizeirevier%20Mannheim-K%C3%A4fertal%0A%0Ahttps%3A%2F%2Fwww.presseportal.de%2Fblaulicht%2Fpm%2F14915%2F5653806%2F%3Futm_source%3Dwhatsapp%26utm_medium%3Dsocial\"><\/a><a href=\"https:\/\/www.xing.com\/app\/user?op=share;url=https%3A%2F%2Fwww.presseportal.de%2Fblaulicht%2Fpm%2F14915%2F5653806%2F%3Futm_source%3Dxing%26utm_medium%3Dsocial\"><\/a><a href=\"http:\/\/www.linkedin.com\/shareArticle?mini=true&amp;url=https%3A%2F%2Fwww.presseportal.de%2Fblaulicht%2Fpm%2F14915%2F5653806%2F%3Futm_source%3Dlinkedin%26utm_medium%3Dsocial&amp;title=POL-MA%3A+Mannheim%3A+Revierleiterwechsel+beim+Polizeirevier+Mannheim-K%C3%A4fertal\"><\/a><a href=\"mailto:?subject=POL-MA%3A%20Mannheim%3A%20Revierleiterwechsel%20beim%20Polizeirevier%20Mannheim-K%C3%A4fertal&amp;body=https:\/\/www.presseportal.de\/blaulicht\/pm\/14915\/5653806\"><\/a><\/h2>\n\n\n<div class=\"wp-block-image\">\n<figure class=\"aligncenter\"><a href=\"https:\/\/cache.pressmailing.net\/thumbnail\/story_hires\/b150cc89-df4b-4d44-8043-91eff6fa2b14\/AH5A4735.JPG.jpg\"><img decoding=\"async\" src=\"https:\/\/cache.pressmailing.net\/thumbnail\/story_big\/b150cc89-df4b-4d44-8043-91eff6fa2b14\/pol-ma-mannheim-revierleiterwechsel-beim-polizeirevier-mannheim-k-fertal\" alt=\"POL-MA: Mannheim: Revierleiterwechsel beim Polizeirevier Mannheim-K\u00e4fertal\"\/><\/a><\/figure><\/div>\n\n\n<p>Amts\u00fcbergabe beim Polizeirevier Mannheim-K\u00e4fertal: Der bisherige Leiter des Polizeireviers Mannheim-K\u00e4fertal, Erster Polizeihauptkommissar J\u00fcrgen Schwehm verabschiedet sich in den Ruhestand &#8211; Erster Polizeihauptkommissar Bernd Kilian tritt die Nachfolge an.<\/p>\n\n\n\n<p>Die offizielle \u00dcbergabe fand bei einer feierlichen Veranstaltung im Polizeipr\u00e4sidium Mannheim am 20.11.23 statt.<\/p>\n\n\n\n<p>Anl\u00e4sslich des Amtswechsels bemerkte Polizeipr\u00e4sident Siegfried Kollmar, dass im Polizeipr\u00e4sidium Mannheim im Jahr 2023 einige Wechsel in den Spitzen\u00e4mtern stattgefunden haben und zog eine durchweg positive Bilanz. Er lobte das Engagement und das breite Wissensspektrum von J\u00fcrgen Schwehm und bedankte sich f\u00fcr seine hervorragende Arbeit als Revierleiter in den letzten Jahren. Er sei durchweg beliebt bei seinen Mitarbeiterinnen und Mitarbeitern und ginge mit diesen stets besonnen und respektvoll um.<\/p>\n\n\n\n<p>In seinem Nachfolger, Erster Polizeihauptkommissar Bernd Kilian, sieht Siegfried Kollmar einen herausragenden Beamten, der zuk\u00fcnftig als Revierleiter mit viel Verantwortung betraut wird. Bernd Kilian konnte in den vergangenen Jahren bereits einige Erfahrungen in der Arbeit einer Revierleitung sammeln. Sowohl als ehemaliger Leiter der F\u00fchrungsgruppe, als auch als Leiter des Ermittlungsdienstes beim Polizeirevier Weinheim war er in F\u00fchrungsentscheidungen eingebunden. Zudem bringt er aufgrund seiner Erfahrungen ein gro\u00dfes Fachwissen mit. Er setzte sich stets f\u00fcr die Interessen und Belange seiner Mitarbeiterinnen und Mitarbeiter ein und zeigt sich bereits nach kurzer Zeit in seinem neuen Amt hoch erfreut \u00fcber die gute Zusammenarbeit und das bestehende Teamwork auf dem Polizeirevier Mannheim-K\u00e4fertal. Bernd Kilian sieht die \u00dcbertragung der Aufgabe des Revierleiters als ehrenvoll und sehr verantwortungsvoll an und m\u00f6chte diese Position hochmotiviert annehmen. &#8222;Die B\u00fcrgerinnen und B\u00fcrger sollen wissen, dass wir immer f\u00fcr Sie da sind&#8220;, teilte er den G\u00e4sten mit und will sich stets an diesem Leitsatz orientieren. Er will den B\u00fcrgerinnen und B\u00fcrgern durchweg ein gutes Sicherheitsgef\u00fchl vermitteln.<\/p>\n\n\n\n<p>Der B\u00fcrgermeister der Stadt Mannheim, Dr. Volker Proffen, war ebenfalls bei der Veranstaltung zu Gast. Er begr\u00fc\u00dfte die anwesenden G\u00e4ste und sprach J\u00fcrgen Schwehm ein gro\u00dfes Dankesch\u00f6n f\u00fcr sein jahrelanges Engagement bei der Polizei Mannheim und vor allem auf dem Polizeirevier Mannheim-K\u00e4fertal aus. Ein spannendes Revier mit vielen unterschiedlichen T\u00e4tigkeitsfeldern und Anforderungen, die es zu bew\u00e4ltigen gab. Dessen Nachfolger, Erster Polizeihauptkommissar Bernd Kilian, hie\u00df er herzlich willkommen und bot sich als stetigen Ansprechpartner in Sicherheitsfragen der Stadt Mannheim an. Herr Dr. Proffen sieht die Sicherheit in Mannheim als ein Ergebnis guter Zusammenarbeit der unterschiedlichen Sicherheitsbeh\u00f6rden. Nur durch ein verzahntes Miteinander k\u00f6nne dieses Sicherheitsgef\u00fchl weiter optimiert werden.<\/p>\n\n\n\n<p>Das Polizeipr\u00e4sidium verabschiedet J\u00fcrgen Schwehm in seinen Ruhestand und w\u00fcnscht ihm hierf\u00fcr alles Liebe und Gute. In seinem Nachfolger, EPHK Bernd Kilian, hat das Polizeirevier Mannheim-K\u00e4fertal einen herausragenden Nachfolger gewonnen.<\/p>\n\n\n\n<h2 class=\"wp-block-heading\">(Mannheim) &#8211; Einbruch in Autohaus \/ Polizei sucht Zeugen<\/h2>\n\n\n\n<p>Zu einem nicht n\u00e4her bestimmbaren Zeitpunkt zwischen Samstagmittag und Montagfr\u00fch brach eine bislang unbekannte T\u00e4terschaft in ein Autohaus in der Viehhofstra\u00dfe ein. Dort wurden mehrere B\u00fcrot\u00fcren aufgehebelt und die R\u00e4umlichkeiten durchsucht. Zudem verspr\u00fchte die T\u00e4terschaft den Inhalt eines Feuerl\u00f6schers. Was genau bei dem Einbruch gestohlen wurde, ist Gegenstand der nun eingeleiteten Ermittlungen wegen des besonders schweren Falls des Diebstahls. Der entstandene Sachschaden wird auf knapp 5.000 Euro gesch\u00e4tzt.<\/p>\n\n\n\n<ul>\n<li><strong>Zeugen, die sachdienliche Hinweise geben k\u00f6nnen, werden gebeten, sich beim Polizeirevier Mannheim-Innenstadt unter der Telefonnummer 0621-1258-0 zu melden.<\/strong><\/li>\n<\/ul>\n\n\n\n<h2 class=\"wp-block-heading\">(Mannheim) &#8211; Raub einer Jacke \/ Zeugenaufruf<\/h2>\n\n\n<div class=\"wp-block-image\">\n<figure class=\"aligncenter size-full\"><img decoding=\"async\" loading=\"lazy\" width=\"800\" height=\"621\" src=\"https:\/\/speyer24news.com\/wp-content\/uploads\/2021\/07\/Messer-Angriff-Bedrohung-2.jpg\" alt=\"\" class=\"wp-image-38504\" srcset=\"https:\/\/speyer24news.com\/wp-content\/uploads\/2021\/07\/Messer-Angriff-Bedrohung-2.jpg 800w, https:\/\/speyer24news.com\/wp-content\/uploads\/2021\/07\/Messer-Angriff-Bedrohung-2-300x233.jpg 300w, https:\/\/speyer24news.com\/wp-content\/uploads\/2021\/07\/Messer-Angriff-Bedrohung-2-768x596.jpg 768w\" sizes=\"(max-width: 800px) 100vw, 800px\" \/><figcaption class=\"wp-element-caption\">Symbolbild &#8222;\u00dcberfall Messer&#8220;, dient lediglich der Visualisierung<\/figcaption><\/figure><\/div>\n\n\n<p>Am Sonntagabend, um 18:50 Uhr, befand sich ein 25-J\u00e4hriger auf dem Weg zu seinem Auto, welches im Bereich der Mensa \/ Bismarckstra\u00dfe geparkt war. Auf der Mensawiese wurde er von drei jungen M\u00e4nnern angesprochen und in ein Gespr\u00e4ch verwickelt. W\u00e4hrend des Gespr\u00e4ches hielten die drei M\u00e4nner pl\u00f6tzlich den 25-J\u00e4hrigen fest. Einer der Unbekannten zog ihm seine offene stehende schwarz gelbe Daunen-Jacke im Wert von mehreren hundert Euro aus und rannte mit dieser sodann in Richtung Mannheim Jungbusch.<\/p>\n\n\n\n<p>Als der 25-J\u00e4hrige dem Mann mit der Jacke hinterhereilen wollte, wurde er von den beiden anderen M\u00e4nnern weiter festgehalten. Zudem zog einer der M\u00e4nner hierauf ein silbernes Taschenmesser hervor und bedrohte den 25-J\u00e4hrigen. Der 25-J\u00e4hrige konnte sich jedoch losrei\u00dfen und in die entgegengesetzte Richtung wegrennen.<\/p>\n\n\n\n<p>Die beiden anderen M\u00e4nner fl\u00fcchteten dann ebenfalls.<\/p>\n\n\n\n<p>Nach der Tat suchte der Mann ein Polizeirevier auf und brachte den Sachverhalt zur Anzeige.<\/p>\n\n\n\n<h4 class=\"wp-block-heading\">Die Kriminalpolizei des Polizeipr\u00e4sidiums Mannheim hat die Ermittlungen aufgenommen und ist nun auf der Suche nach Zeugen, die Angaben zum Sachverhalt und zu den drei Tatverd\u00e4chtigen machen k\u00f6nnen, die folgenderma\u00dfen beschrieben werden:<\/h4>\n\n\n\n<ol>\n<li><strong>Tatverd\u00e4chtiger, der die Jacke entwendet hat: 20-25 Jahre alt, d\u00fcnne Statur, ca. 175 cm &#8211; 180 cm gro\u00df, dunkle Haare, seitlich sehr kurz, 9 mm, kurzer Vollbart, Haar l\u00e4nger nach hinten gelegt, s\u00fcd- bzw. s\u00fcdosteurop\u00e4isches Erscheinungsbild<\/strong><\/li>\n\n\n\n<li><strong>Tatverd\u00e4chtiger, welche das Messer zog: 20-25 Jahre alt, d\u00fcnne Statur, ca. 175 cm &#8211; 180 cm gro\u00df, schwarze Haare, seitlich kurz, hatte an der Seite ein Muster reinrasiert, gestyltes Oberhaar, eher kurz, s\u00fcd- bzw. s\u00fcdosteurop\u00e4isches Erscheinungsbild<\/strong><\/li>\n\n\n\n<li><strong>Tatverd\u00e4chtiger der den Gesch\u00e4digten vorerst in ein Gespr\u00e4ch verwickelte: 20-25 Jahre alt, d\u00fcnne Statur, ca. 175 cm &#8211; 180 cm gro\u00df, schwarze Haare, seitlich auf 1-2 Zentimeter rasiert, s\u00fcd- bzw. s\u00fcdosteurop\u00e4isches Erscheinungsbild.<\/strong><\/li>\n<\/ol>\n\n\n\n<ul>\n<li><strong>Alle Tatverd\u00e4chtigen trugen dunkle bzw. graue Bekleidung.<\/strong><\/li>\n<\/ul>\n\n\n\n<ul>\n<li><strong>Zeugen, die sachdienliche Hinweise geben k\u00f6nnen, werden gebeten, sich unter der Tel.-Nr.: 0621\/174-4444 beim kriminalpolizeilichen Hinweistelefon zu melden.<\/strong><\/li>\n<\/ul>\n\n\n\n<h2 class=\"wp-block-heading\">(Mannheim-Rheinau) &#8211; Wohnungseinbruch in Reihenhaus \/ Zeugen gesucht<\/h2>\n\n\n\n<p>Montag, in dem Zeitraum zwischen 10 Uhr bis 19 Uhr, verschaffte sich eine bislang unbekannte T\u00e4terschaft wom\u00f6glich gewaltsam Zutritt \u00fcber ein Fenster in das Innere eines Anwesens in der Billingstra\u00dfe. Die Unbekannten entwendeten Schmuck und Wertgegenst\u00e4nde. Die genaue Schadens- und Diebstahlsh\u00f6he kann bislang nicht genau beziffert werden.<\/p>\n\n\n\n<ul>\n<li><strong>Die Ermittlungsgruppe Eigentum der Kriminalpolizeidirektion Heidelberg hat die weiteren Ermittlungen \u00fcbernommen und die Spuren werden derzeit kriminaltechnisch ausgewertet. Zeugen, die sachdienliche Hinweise geben k\u00f6nnen, werden gebeten, sich unter der Telefonnummer 0621\/174-4444 zu melden.<\/strong><\/li>\n<\/ul>\n\n\n\n<h2 class=\"wp-block-heading\">(B 535 \/ Heidelberg-Kirchheim) &#8211; Schwerer Unfall<\/h2>\n\n\n\n<p>Auf der B 535 kam es Dienstagnacht, auf H\u00f6he der Sandh\u00e4user Stra\u00dfe, zu einem Zusammensto\u00df zweier Fahrzeuge. Hierbei wurden zwei Personen zum Teil schwer verletzt. Aufgrund der Unfallaufnahme kommt es derzeit zu Verkehrsbeeintr\u00e4chtigungen im dortigen Bereich. Die Einsatzma\u00dfnahmen dauern an.<\/p>\n\n\n\n<h3 class=\"wp-block-heading has-text-align-center\">Pressemitteilung Nr. 2<\/h3>\n\n\n\n<p>Gegen 22:17 Uhr befuhr der Unfallverursacher die B 535 in Richtung der B 3. Letztlich geriet der 49-j\u00e4hrige Unfallverursacher mit seinem Audi &#8211; H\u00f6he der Sandh\u00e4user Stra\u00dfe &#8211; auf die Gegenfahrbahn und kollidierte frontal mit dem entgegenkommenden Audi des 29-j\u00e4hrigen Gesch\u00e4digten. Durch das Unfallgeschehen erlitten beide Beteiligten nicht unerhebliche Verletzungen und mussten zum Zwecke der weiteren Behandlung in ein umliegendes Krankenhaus verbracht werden. Zur \u00dcberpr\u00fcfung der Verkehrst\u00fcchtigkeit wurde dem Unfallverursacher eine Blutprobe entnommen. Die Unfallaufnahme ist unter Hinzuziehung eines Gutachters mittlerweile abgeschlossen, sodass die Verkehrssperrungen gegen 02:30 Uhr aufgehoben werden konnten. Der genaue Unfallhergang ist Gegenstand der weiteren Ermittlungen. Die beiden Fahrzeuge waren nicht mehr fahrbereit und mussten durch eine Fachfirma abgeschleppt werden. Der Sachschaden bel\u00e4uft sich auf etwa 65.000EUR.<\/p>\n\n\n\n<h2 class=\"wp-block-heading\">(Schwetzingen \/ Rhein-Neckar-Kreis) &#8211; Senior bestohlen \/ Polizei sucht Zeugen<\/h2>\n\n\n<div class=\"wp-block-image\">\n<figure class=\"aligncenter size-full\"><img decoding=\"async\" loading=\"lazy\" width=\"640\" height=\"426\" src=\"https:\/\/speyer24news.com\/wp-content\/uploads\/2020\/12\/Taschendiebstahl.jpg\" alt=\"\" class=\"wp-image-31455\" srcset=\"https:\/\/speyer24news.com\/wp-content\/uploads\/2020\/12\/Taschendiebstahl.jpg 640w, https:\/\/speyer24news.com\/wp-content\/uploads\/2020\/12\/Taschendiebstahl-300x200.jpg 300w\" sizes=\"(max-width: 640px) 100vw, 640px\" \/><figcaption class=\"wp-element-caption\">Beispielbild Diebstahl, dient lediglich der Visualisierung.<\/figcaption><\/figure><\/div>\n\n\n<p>Ein bislang unbekannter T\u00e4ter sprach am Montag um kurz vor 11:30 Uhr im Bereich der Mannheimer Stra\u00dfe\/ Ecke Dreik\u00f6nigstra\u00dfe einen 80-J\u00e4hrigen an. Er bat den Senior ihm einen 20 Euro-Schein in Kleingeld f\u00fcr den Parkautomaten zu wechseln, was der hilfsbereite Mann auch tat. Dem Unbekannten gelang es dabei, den 80-J\u00e4hrigen abzulenken und ihm unbemerkt Geldscheine aus der Brieftasche zu stehlen. Nach der Tat entfernte sich der Trickdieb in Richtung Fu\u00dfg\u00e4ngerzone. Dem Bestohlenen fiel das Fehlen des Geldes erst nach einiger Zeit auf. Dies meldete er anschlie\u00dfend der Polizei. Das Polizeirevier Schwetzingen nahm die Ermittlungen hinsichtlich des Trickdiebstahls auf.<\/p>\n\n\n\n<h4 class=\"wp-block-heading\">Der Tatverd\u00e4chtige wird beschrieben als:<\/h4>\n\n\n\n<ul>\n<li><strong>Mitte 30<\/strong><\/li>\n\n\n\n<li><strong>knapp 170 cm gro\u00df<\/strong><\/li>\n\n\n\n<li><strong>schlank<\/strong><\/li>\n\n\n\n<li><strong>Er hatte blonde, kurze Haare und trug einen dunklen, langen Wollmantel. <\/strong><\/li>\n\n\n\n<li><strong>Er unterhielt sich mit dem \u00e4lteren Mann auf Deutsch.<\/strong><\/li>\n<\/ul>\n\n\n\n<ul>\n<li><strong>Zeugen, die sachdienliche Hinweise geben k\u00f6nnen, werden gebeten, sich beim Polizeirevier Schwetzingen unter der Telefonnummer 06202-288-0 zu melden.<\/strong><\/li>\n<\/ul>\n\n\n\n<h2 class=\"wp-block-heading\">(Walldorf \/ Rhein-Neckar-Kreis) &#8211; Brand in Mehrfamilienhaus<\/h2>\n\n\n\n<p>Am Montag ging um kurz nach 20:30 Uhr bei der Polizei die Meldung eines Brandes in einem Mehrfamilienhaus im Alemannenweg ein. Nach ersten Erkenntnissen kam es in der K\u00fcche einer Wohnung im Erdgeschoss beim Kochen zur Entstehung eines Fettbrandes. Die Flammen gingen vom Herd auf die Dunstabzugshaube und einen K\u00fchlschrank \u00fcber. Nach den L\u00f6schma\u00dfnahmen der Feuerwehr zeigte sich, dass die K\u00fcche komplett verru\u00dft war. Der Brand hatte sich zum Gl\u00fcck nicht auf andere R\u00e4ume ausgeweitet. Eine Schadensh\u00f6he steht bis dato nicht fest. Die beiden Bewohner der Wohnung verletzten sich durch das Einatmen von Rauchgas leicht und kamen zur weiteren medizinischen Behandlung in ein Krankenhaus.<\/p>\n\n\n\n<h2 class=\"wp-block-heading\">(Wiesloch \/ Rhein-Neckar-Kreis) &#8211; Vorl\u00e4ufiges Ermittlungsergebnis nach Brand in Schultoilette<\/h2>\n\n\n\n<p>Nachdem es am Montag um kurz vor 14 Uhr zu einem Brand auf einer Toilette im Erdgeschoss des Fachtrakts der Realschule in der Gerbersruhstra\u00dfe gekommen war, geht die Polizei nach derzeitigem Ermittlungsstand von einer vors\u00e4tzlichen Brandlegung aus. In Brand gerieten ein mit Papiert\u00fcchern gef\u00fcllter M\u00fclleimer sowie der dar\u00fcber h\u00e4ngende Papiertuchspender. Dar\u00fcber hinaus breiteten sich die Flammen nicht aus, jedoch betraf der Schaden durch den Rauch- und Ru\u00dfniederschlag den kompletten Toilettenbereich. Der Schulbetrieb konnte am Folgetag wiederaufgenommen werden, der betroffene Sanit\u00e4rbereich ist allerdings nicht mehr nutzbar. Nach ersten Sch\u00e4tzungen bel\u00e4uft sich der Gesamtschaden auf mindestens 10.000 Euro. Das Polizeirevier Wiesloch ermittelt nun wegen gemeinsch\u00e4dlicher Sachbesch\u00e4digung durch Feuer.<\/p>\n\n\n\n<h2 class=\"wp-block-heading\">(Waibstadt \/ Rhein-Neckar-Kreis) &#8211; Starker Regen f\u00fchrt zu Verkehrsunfall<\/h2>\n\n\n\n<p>Am Montagabend um 20:47 Uhr befuhr ein 18-j\u00e4hriger Audi-Fahrer die Epfenbacher Stra\u00dfe in \u00f6stliche Richtung. Kurz vor dem Fu\u00dfg\u00e4nger\u00fcbergang verlor der 18-J\u00e4hrige die Kontrolle \u00fcber das Fahrzeug und kam nach links auf die Gegenfahrbahn. Dort prallte er gegen den Bordstein und wurde in der Folge mit der rechten Fahrzeugseite abgewiesen. Durch eine weitere Kollision mit der Ampel wurde er abermals abgewiesen und kam dann linksseitig im Wiesenbereich zum Stehen. Verletzt wurde gl\u00fccklicherweise niemand. Der Sachschaden bel\u00e4uft sich auf mehrere tausend Euro im vierstelligen Bereich.<\/p>\n\n\n\n<p>Die Ermittlungen des Polizeireviers Sinsheim dauern an.<\/p>\n\n\n\n<h2 class=\"wp-block-heading\">(Waibstadt \/ Rhein-Neckar-Kreis) &#8211; Fahrerflucht auf Parkplatz eines Einkaufsmarkts \/ Polizei sucht Zeugen<\/h2>\n\n\n\n<p>Am Montag meldete sich ein 30-j\u00e4hriger Mann beim Polizeirevier Sinsheim, um eine Unfallflucht zu seinem Nachteil zu melden. Gegen 20 Uhr war er auf dem Parkplatz eines Einkaufsmarktes in der Neidensteiner Stra\u00dfe von zwei Unbekannten angesprochen worden, die ihn nach Drogen fragten. Als er dies laut verneinte, rannten die zwei M\u00e4nner zu einem dort geparkten wei\u00dfen Kastenwagen und stiegen ein. Dessen Fahrer legte panikartig den R\u00fcckw\u00e4rtsgang ein. Der Wagen prallte beim Ausparken gegen den geparkten Toyota des 30-J\u00e4hrigen und raste anschlie\u00dfend in Richtung Neidenstein davon. Nach derzeitigen Erkenntnissen handelte es sich um einen wei\u00dfen Fiat Ducato mit bulgarischer Zulassung, der mit drei Personen besetzt war.<\/p>\n\n\n\n<ul>\n<li><strong>Zeugen, die sachdienliche Hinweise geben k\u00f6nnen oder denen der Fiat im Bereich Waibstadt oder Neidenstein aufgefallen war, werden gebeten, sich beim Polizeirevier Sinsheim unter der Telefonnummer 07261-690-0 zu melden.<\/strong><\/li>\n<\/ul>\n\n\n\n<h2 class=\"wp-block-heading\">(Hirschberg an der Bergstra\u00dfe \/ Rhein-Neckar-Kreis) &#8211; LKW missachtet Vorfahrt im Kreisverkehr und fl\u00fcchtet \/ Zeugen gesucht<\/h2>\n\n\n\n<p>Am Montagmorgen ereignete sich auf der L541 in einem Kreisverkehr ein Unfall, woraufhin sich der Unfallverursacher unerkannt von der Unfallstelle entfernte. Um kurz nach 08 Uhr befuhr ein 69-j\u00e4hriger VW-Fahrer den dortigen Kreisverkehr, als pl\u00f6tzlich ein bisher unbekannter LKW-Fahrer oder eine Lkw-Fahrerin in den Kreisverkehr einfuhr, ohne die Vorfahrt des 69-J\u00e4hrigen zu beachten. Um einen Zusammensto\u00df zu verhindern bremste der Mann bis zum Stillstand ab. Der Lkw scherte jedoch so weit aus, dass dieser mit der Fahrzeugfront des VW kollidierte. Der oder die Unbekannte setzte die Weiterfahrt fort. Der VW-Fahrer blieb gl\u00fccklicherweise unverletzt. Der Schaden an dem Pkw wird auf rund 5.000 Euro gesch\u00e4tzt.<\/p>\n\n\n\n<ul>\n<li><strong>Das Polizeirevier Weinheim hat nun die Ermittlungen wegen Verkehrsunfallflucht aufgenommen und bittet Zeugen, welche das Geschehen beobachten konnten und Hinweise zum Fahrer\/zur Fahrerin geben k\u00f6nnen, sich unter der Tel.: 06201\/1003-0 zu melden.<\/strong><\/li>\n<\/ul>\n\n\n\n<h2 class=\"wp-block-heading\">(Ladenburg \/ Rhein-Neckar-Kreis) &#8211; Einbruch in Firmengel\u00e4nde \/ Mehrere Baumaschinen und Elektrokabel entwendet<\/h2>\n\n\n\n<p>Eine bisher unbekannte T\u00e4terschaft verschaffte sich in der Zeit von Freitag, 17:00 Uhr, bis Montag, 06:30 Uhr, Zutritt auf ein Firmengel\u00e4nde in der Stra\u00dfe Neuzeilsheim. Dort entwendeten die Unbekannten gleich mehrere in Fahrzeugen gelagerte Baumaschinen sowie Elektro -und Kommunikationskabel. \u00dcber die H\u00f6he des Diebstahlsschadens kann noch keine Aussage getroffen werden.<\/p>\n\n\n\n<ul>\n<li><strong>Zeugen, die sachdienliche Hinweise geben k\u00f6nnen bzw. verd\u00e4chtige Personen in Tatortn\u00e4he beobachten konnten, werden gebeten, sich beim Polizeirevier Ladenburg (Tel.: 06203\/9305-0) zu melden.<\/strong><\/li>\n<\/ul>\n","protected":false},"excerpt":{"rendered":"<div class=\"mh-excerpt\"><p>Polizeimeldungen vom Dienstag (21.11.2023) (Speyer) &#8211; Mehrere Ladendiebst\u00e4hle in der Innenstadt Am 20.11.2023 kam es in der Maximilianstra\u00dfe zu mehreren Ladendiebst\u00e4hlen in unterschiedlichen Gesch\u00e4ften. Kurz vor 12 Uhr beobachtete eine Mitarbeiterin eines Bekleidungsgesch\u00e4fts eine 13-J\u00e4hrige <a class=\"mh-excerpt-more\" href=\"https:\/\/speyer24news.com\/?p=56600\" title=\"Polizeimeldungen Dienstag (21.11.23)\">[&#8230;]<\/a><\/p>\n<\/div>","protected":false},"author":3,"featured_media":26162,"comment_status":"open","ping_status":"open","sticky":false,"template":"","format":"standard","meta":{"_monsterinsights_skip_tracking":false,"_monsterinsights_sitenote_active":false,"_monsterinsights_sitenote_note":"","_monsterinsights_sitenote_category":0,"footnotes":""},"categories":[15659],"tags":[7273,7243,7244,10926,13554,350,14537,15084,15267,14538,15361,702,61,2555,14113,6955,6986,6263,63,105,11150,6987,53,13540,16956,4683,14958,12967,102,13626,213,14325,14324,13553,13541,16955,2625,380],"aioseo_notices":[],"amp_enabled":true,"_links":{"self":[{"href":"https:\/\/speyer24news.com\/index.php?rest_route=\/wp\/v2\/posts\/56600"}],"collection":[{"href":"https:\/\/speyer24news.com\/index.php?rest_route=\/wp\/v2\/posts"}],"about":[{"href":"https:\/\/speyer24news.com\/index.php?rest_route=\/wp\/v2\/types\/post"}],"author":[{"embeddable":true,"href":"https:\/\/speyer24news.com\/index.php?rest_route=\/wp\/v2\/users\/3"}],"replies":[{"embeddable":true,"href":"https:\/\/speyer24news.com\/index.php?rest_route=%2Fwp%2Fv2%2Fcomments&post=56600"}],"version-history":[{"count":2,"href":"https:\/\/speyer24news.com\/index.php?rest_route=\/wp\/v2\/posts\/56600\/revisions"}],"predecessor-version":[{"id":56605,"href":"https:\/\/speyer24news.com\/index.php?rest_route=\/wp\/v2\/posts\/56600\/revisions\/56605"}],"wp:featuredmedia":[{"embeddable":true,"href":"https:\/\/speyer24news.com\/index.php?rest_route=\/wp\/v2\/media\/26162"}],"wp:attachment":[{"href":"https:\/\/speyer24news.com\/index.php?rest_route=%2Fwp%2Fv2%2Fmedia&parent=56600"}],"wp:term":[{"taxonomy":"category","embeddable":true,"href":"https:\/\/speyer24news.com\/index.php?rest_route=%2Fwp%2Fv2%2Fcategories&post=56600"},{"taxonomy":"post_tag","embeddable":true,"href":"https:\/\/speyer24news.com\/index.php?rest_route=%2Fwp%2Fv2%2Ftags&post=56600"}],"curies":[{"name":"wp","href":"https:\/\/api.w.org\/{rel}","templated":true}]}}