{"id":56924,"date":"2023-12-15T09:31:21","date_gmt":"2023-12-15T08:31:21","guid":{"rendered":"https:\/\/speyer24news.com\/?p=56924"},"modified":"2024-01-02T14:03:01","modified_gmt":"2024-01-02T13:03:01","slug":"oeffentlichkeitsfahndung-fahndung","status":"publish","type":"post","link":"https:\/\/speyer24news.com\/?p=56924","title":{"rendered":"\u00d6ffentlichkeitsfahndung \/ Fahndung"},"content":{"rendered":"<style type=\"text\/css\">\r\n\t.ads_top_disp{}\r\n\t.ads_top_corner_disp{ float:left; margin:0px 10px 10px 0px; }\r\n\t.ads_first_p_disp{}\r\n\t.ads_bottom_disp{}\r\n\t<\/style>\n<h2 class=\"wp-block-heading\">Polizeieinsatz nach fl\u00fcchtigem Gefangenen \/ 3. Nachtragsmeldung \u2013 Tatverd\u00e4chtiger der Gefangenenbefreiung in Untersuchungshaft<\/h2>\n\n\n\n<h3 class=\"wp-block-heading\">Gemeinsame Pressemeldung von Staatsanwaltschaft Frankenthal (Pfalz) und Polizeipr\u00e4sidium Rheinpfalz<\/h3>\n\n\n\n<h4 class=\"wp-block-heading has-text-align-center\">Nachtrag zu den Meldungen vom 14.12.2023 unter&nbsp;<a href=\"https:\/\/s.rlp.de\/ewS7U\">https:\/\/s.rlp.de\/ewS7U<\/a>,&nbsp;<a href=\"https:\/\/s.rlp.de\/GZP95\">https:\/\/s.rlp.de\/GZP95<\/a>&nbsp;und&nbsp;<a href=\"https:\/\/s.rlp.de\/aWEqT\">https:\/\/s.rlp.de\/aWEqT<\/a>.<\/h4>\n\n\n<div class=\"wp-block-image\">\n<figure class=\"aligncenter\"><img decoding=\"async\" loading=\"lazy\" width=\"800\" height=\"533\" src=\"https:\/\/speyer24news.com\/wp-content\/uploads\/2020\/06\/Zelle.jpg\" alt=\"\" class=\"wp-image-28203\" srcset=\"https:\/\/speyer24news.com\/wp-content\/uploads\/2020\/06\/Zelle.jpg 800w, https:\/\/speyer24news.com\/wp-content\/uploads\/2020\/06\/Zelle-300x200.jpg 300w, https:\/\/speyer24news.com\/wp-content\/uploads\/2020\/06\/Zelle-768x512.jpg 768w\" sizes=\"(max-width: 800px) 100vw, 800px\" \/><figcaption class=\"wp-element-caption\">Beispielbild Zelle \/ Verhaftung, dient lediglich der Visualisierung<\/figcaption><\/figure><\/div>\n\n\n<p><strong>(Mannheim \/ Ludwigshafen \/ Weinheim) &#8211; <\/strong>Im Zusammenhang mit der Festnahme des am 14.12.2023 in Ludwigshafen gefl\u00fcchteten 25-j\u00e4hrigen Strafgefangenen (siehe Pressemeldung des Polizeipr\u00e4sidiums Mannheim unter\u00a0<a href=\"https:\/\/s.rlp.de\/Cw79o\">https:\/\/s.rlp.de\/Cw79o<\/a>) wurde ein 21-J\u00e4hriger vorl\u00e4ufig festgenommen. Nach intensiven und umfangreichen Ermittlungen von Staatsanwaltschaft Frankenthal und Kriminalpolizei Ludwigshafen ist er der Gefangenenbefreiung dringend verd\u00e4chtig.<\/p>\n\n\n\n<p>Der 21-J\u00e4hrige wurde am Samstag (30.12.2023) dem Haftrichter beim Amtsgericht Frankenthal vorgef\u00fchrt. Dieser erlie\u00df auf Antrag der Staatsanwaltschaft Frankenthal Untersuchungshaftbefehl wegen des dringenden Verdachts der Gefangenenbefreiung; als Haftgr\u00fcnde wurden Flucht- und Verdunklungsgefahr angenommen.<\/p>\n\n\n\n<p>Der 21-J\u00e4hrige kam in eine Justizvollzugsanstalt.<\/p>\n\n\n\n<p>Die Ermittlungen der Staatsanwaltschaft Frankenthal und der Kriminalpolizei Ludwigshafen dauern an.<\/p>\n\n\n\n<p><em>Staatsanwaltschaft Frankenthal (Pfalz) und Polizeipr\u00e4sidium Rheinpfalz<br>30.12.2023<\/em><\/p>\n\n\n\n<h2 class=\"wp-block-heading\">\u00d6ffentlichkeitsfahndung mit Lichtbild nach entwichenem Strafgefangenen<\/h2>\n\n\n\n<p><strong>(Mannheim \/ Ludwigshafen) &#8211; <\/strong>Am 14.12.23 entwich um 09.45 Uhr der 25-j\u00e4hrige Yusuf Aykac nach einem Arztbesuches in einem Ludwigshafener Krankenhaus. Der Yusuf Aykac ist derzeit als Strafgefangener in der Justizvollzugsanstalt Mannheim untergebracht.<\/p>\n\n\n\n<p>Seit heute Mittag wird der 25-J\u00e4hrige per Vollstreckungshaftbefehl gesucht.<\/p>\n\n\n\n<p>Die Staatsanwaltschaft Mannheim berichtet hierzu:<\/p>\n\n\n\n<p><a href=\"https:\/\/staatsanwaltschaft-mannheim.justiz-bw.de\/pb\/,Lde\/Vollstreckungshaftbefehl+gegen+fluechtigen+Gefangenen+erlassen\/?LISTPAGE=1229636\">https:\/\/staatsanwaltschaft-mannheim.justiz-bw.de\/pb\/,Lde\/Vollstreckungshaftbefehl+gegen+fluechtigen+Gefangenen+erlassen\/?LISTPAGE=1229636<\/a><\/p>\n\n\n\n<h3 class=\"wp-block-heading\">Yusuf Aykac ist:<\/h3>\n\n\n\n<ul>\n<li><strong>ca. 190 cm gro\u00df <\/strong><\/li>\n\n\n\n<li><strong>und 80 Kilogramm schwer. <\/strong><\/li>\n\n\n\n<li><strong>Seine Statur wird als athletisch beschrieben. <\/strong><\/li>\n\n\n\n<li><strong>W\u00e4hrend des Ausgangs war der Gesuchte mit einer schwarzen Hose, schwarzen Schuhen und einem olivfarbenem Parka bekleidet.<\/strong><\/li>\n<\/ul>\n\n\n\n<h4 class=\"wp-block-heading\">Die Polizei ver\u00f6ffentlicht zum Zweck der Vermisstenfahndung Fotos des Mannes, die unter folgendem Link abgerufen werden k\u00f6nnen:<\/h4>\n\n\n\n<figure class=\"wp-block-embed is-type-wp-embed is-provider-fahndung wp-block-embed-fahndung\"><div class=\"wp-block-embed__wrapper\">\nhttps:\/\/fahndung.polizei-bw.de\/tracing\/ludwigshafen-mannheim-oeffentlichkeitsfahndung-mit-lichtbild-nach-entwichenem-strafgefangenen\/\n<\/div><\/figure>\n\n\n\n<p>Die Polizei bittet die Bev\u00f6lkerung um Mithilfe bei der Fahndung: -Wer kann Hinweise zu den fl\u00fcchtenden Personen geben? -Wer hat die Personen bei der Flucht beobachtet?<\/p>\n\n\n\n<p>Der Polizei liegen keine Hinweise auf eine Gefahr f\u00fcr Unbeteiligte vor. Jedoch befindet sich der Fl\u00fcchtige vermutlich in einer Ausnahmesituation, weshalb wir weiterhin darum bitten keine Anhalter mitzunehmen.<\/p>\n\n\n\n<p>Zeugen, die Angaben zu der Person oder sonstige sachdienliche Hinweise geben k\u00f6nnen, werden gebeten, sich unter der Tel-Nr.: 0621\/174-4444, beim kriminalpolizeilichen Hinweistelefon zu melden.<\/p>\n\n\n\n<p><em>Polizeipr\u00e4sidium Mannheim<br>14.12.2023<\/em><\/p>\n\n\n\n<h1 class=\"wp-block-heading\">Polizeieinsatz nach fl\u00fcchtigem Gefangenen<\/h1>\n\n\n<div class=\"wp-block-image\">\n<figure class=\"aligncenter size-full\"><img decoding=\"async\" loading=\"lazy\" width=\"800\" height=\"533\" src=\"https:\/\/speyer24news.com\/wp-content\/uploads\/2022\/06\/Blaulicht.jpg\" alt=\"\" class=\"wp-image-46705\" srcset=\"https:\/\/speyer24news.com\/wp-content\/uploads\/2022\/06\/Blaulicht.jpg 800w, https:\/\/speyer24news.com\/wp-content\/uploads\/2022\/06\/Blaulicht-300x200.jpg 300w, https:\/\/speyer24news.com\/wp-content\/uploads\/2022\/06\/Blaulicht-768x512.jpg 768w\" sizes=\"(max-width: 800px) 100vw, 800px\" \/><\/figure><\/div>\n\n\n<p><strong>(Ludwigshafen) &#8211; <\/strong>Aktuell kommt es in Ludwigshafen zu einem gr\u00f6\u00dferen Polizeieinsatz am st\u00e4dtischen Klinikum. Kurz vor 10 Uhr wurde dir Polizei alarmiert, da ein Strafgefangener am Klinikum vor den begleitenden Beamten der Justizvollzugsanstalt gefl\u00fcchtet war.<\/p>\n\n\n\n<ul>\n<li><strong>Der Gefangene fl\u00fcchtete mit einem schwarzen Roller ohne Kennzeichen. <\/strong><\/li>\n\n\n\n<li><strong>Er ist mit schwarzen Hosen, schwarzen Schuhen olivfarbenem Parka bekleidet und trug einen Helm. <\/strong><\/li>\n\n\n\n<li><strong>Bei der Flucht war er in Begleitung einer weiteren Person, diese soll die JVA Beamten mit einer Waffe bedroht haben. <\/strong><\/li>\n<\/ul>\n\n\n\n<p>Es soll auch geschossen worden sein. Derzeit fahndet die Polizei mit starken Kr\u00e4ften. <\/p>\n\n\n\n<p><strong>Hinweis an die Bev\u00f6lkerung: <\/strong>Nehmen Sie keine Anhalter im Stadtgebiet Ludwigshafen mit. Wenn Sie die fl\u00fcchtige Person sehen w\u00e4hlen Sie sofort den Notruf 110. (<em>14.12.2023 \u2013 10:34<\/em>)<\/p>\n\n\n\n<p><em>Polizeipr\u00e4sidium Rheinpfalz<br>14.12.2023<\/em><\/p>\n\n\n\n<h3 class=\"wp-block-heading has-text-align-center\">1. Nachtragsmeldung<\/h3>\n\n\n\n<p><strong>(Ludwigshafen) &#8211; <\/strong>Die ersten Ermittlungen haben ergeben, dass der 25-j\u00e4hrige Strafgefangene gegen 9:45 Uhr nach einem Arztbesuch im Klinikum gefl\u00fcchtet war. Eine zweite Person hatte auf einem Roller am Krankenhaus gewartet, drohte mit einer Pistole den Justizbeamten und schoss in die Luft. Der an den H\u00e4nden gefesselte Fl\u00fcchtige sprang auf den Roller auf und beide fuhren gemeinsam in Richtung Hohenzollernstra\u00dfe weg. Die zweite Person war vermummt. Der entflohene Strafgefangene war mit schwarzen Hosen, schwarzen Schuhen und olivfarbenem Parka bekleidet und trug einen Helm. Die Justizvollzugsbeamten konnten dem fl\u00fcchtenden Roller noch ein kurzes St\u00fcck folgen, bevor sie ihn aus den Augen verloren.<\/p>\n\n\n\n<p>Die Polizei fahndet weiter mit starken Kr\u00e4ften nach dem fl\u00fcchtigen Strafgefangenen und der zweiten Person. Hierbei wird auch ein Polizeihubschrauber eingesetzt. Am Tatort konnte die H\u00fclse einer Schreckschusswaffe gefunden werden.<\/p>\n\n\n\n<p>Zwischenzeitlich wurde ein schwarzer Roller vor einem Anwesen in der Erzbergerstra\u00dfe aufgefunden. Ob es sich hierbei das Fluchtfahrzeug handelt, ist Gegenstand der laufenden Ermittlungen.<\/p>\n\n\n\n<h4 class=\"wp-block-heading\">Die Polizei bittet die Bev\u00f6lkerung um Mithilfe bei der Fahndung:<\/h4>\n\n\n\n<ul>\n<li><strong>Wer kann Hinweise zu den fl\u00fcchtenden Personen geben?<\/strong><\/li>\n\n\n\n<li><strong>Wer hat die Personen bei der Flucht beobachtet?<\/strong><\/li>\n\n\n\n<li><strong>Wer kann Hinweise zu dem schwarzen Roller in der Erzberger Stra\u00dfe geben?<\/strong><\/li>\n<\/ul>\n\n\n\n<h4 class=\"wp-block-heading\"><em>Wenn Sie die fl\u00fcchtigen Personen sehen, w\u00e4hlen Sie sofort den Notruf 110.<\/em><\/h4>\n\n\n\n<p>Der Polizei liegen keine Hinweise auf eine Gefahr f\u00fcr Unbeteiligte vor. Jedoch befindet sich der Fl\u00fcchtige vermutlich in einer Ausnahmesituation, weshalb wir weiterhin darum bitten keine Anhalter im Stadtgebiet Ludwigshafen mitzunehmen.<\/p>\n\n\n\n<h4 class=\"wp-block-heading\">Die Polizei Ludwigshafen hat ein Hinweistelefon geschaltet und bittet Zeugen, die Hinweise zu den fl\u00fcchtigen Personen geben k\u00f6nnen, sich unter 0621\/963 &#8211; 2771 zu melden.<\/h4>\n\n\n\n<p><em>Polizeipr\u00e4sidium Rheinpfalz<br>14.12.2023<\/em><\/p>\n\n\n\n<h3 class=\"wp-block-heading has-text-align-center\">2. Nachtragsmeldung \/ \u00d6ffentlichkeitsfahndung mit Bild<\/h3>\n\n\n\n<p><strong>(Ludwigshafen) &#8211; <\/strong>Das f\u00fcr die Justizvollzugsanstalt zust\u00e4ndige Polizeipr\u00e4sidium Mannheim hat die Ermittlungen \u00fcbernommen und eine \u00d6ffentlichkeitsfahndung mit Bild ver\u00f6ffentlicht:&nbsp;<a href=\"https:\/\/www.presseportal.de\/blaulicht\/pm\/14915\/5672711\" target=\"_blank\" rel=\"noreferrer noopener\">https:\/\/www.presseportal.de\/blaulicht\/pm\/14915\/5672711<\/a><\/p>\n\n\n\n<p>Zeugen, die Angaben zu der Person oder sonstige sachdienliche Hinweise geben k\u00f6nnen, werden gebeten, sich unter der Telefonnummer 0621 174-4444, beim kriminalpolizeilichen Hinweistelefon des Polizeipr\u00e4sidiums Mannheim zu melden.<\/p>\n\n\n\n<p><em>Polizeipr\u00e4sidium Rheinpfalz<br>14.12.2023<\/em><\/p>\n","protected":false},"excerpt":{"rendered":"<div class=\"mh-excerpt\"><p>Polizeieinsatz nach fl\u00fcchtigem Gefangenen \/ 3. Nachtragsmeldung \u2013 Tatverd\u00e4chtiger der Gefangenenbefreiung in Untersuchungshaft Gemeinsame Pressemeldung von Staatsanwaltschaft Frankenthal (Pfalz) und Polizeipr\u00e4sidium Rheinpfalz Nachtrag zu den Meldungen vom 14.12.2023 unter&nbsp;https:\/\/s.rlp.de\/ewS7U,&nbsp;https:\/\/s.rlp.de\/GZP95&nbsp;und&nbsp;https:\/\/s.rlp.de\/aWEqT. (Mannheim \/ Ludwigshafen \/ Weinheim) &#8211; <a class=\"mh-excerpt-more\" href=\"https:\/\/speyer24news.com\/?p=56924\" title=\"\u00d6ffentlichkeitsfahndung \/ Fahndung\">[&#8230;]<\/a><\/p>\n<\/div>","protected":false},"author":3,"featured_media":34196,"comment_status":"open","ping_status":"open","sticky":false,"template":"","format":"standard","meta":{"_monsterinsights_skip_tracking":false,"_monsterinsights_sitenote_active":false,"_monsterinsights_sitenote_note":"","_monsterinsights_sitenote_category":0,"footnotes":""},"categories":[15659],"tags":[1751,10660,8604,10728,16256,17034,17035,17036,153,56,2388,10661,7967,8199,13425,13853,17033],"aioseo_notices":[],"amp_enabled":true,"_links":{"self":[{"href":"https:\/\/speyer24news.com\/index.php?rest_route=\/wp\/v2\/posts\/56924"}],"collection":[{"href":"https:\/\/speyer24news.com\/index.php?rest_route=\/wp\/v2\/posts"}],"about":[{"href":"https:\/\/speyer24news.com\/index.php?rest_route=\/wp\/v2\/types\/post"}],"author":[{"embeddable":true,"href":"https:\/\/speyer24news.com\/index.php?rest_route=\/wp\/v2\/users\/3"}],"replies":[{"embeddable":true,"href":"https:\/\/speyer24news.com\/index.php?rest_route=%2Fwp%2Fv2%2Fcomments&post=56924"}],"version-history":[{"count":4,"href":"https:\/\/speyer24news.com\/index.php?rest_route=\/wp\/v2\/posts\/56924\/revisions"}],"predecessor-version":[{"id":57055,"href":"https:\/\/speyer24news.com\/index.php?rest_route=\/wp\/v2\/posts\/56924\/revisions\/57055"}],"wp:featuredmedia":[{"embeddable":true,"href":"https:\/\/speyer24news.com\/index.php?rest_route=\/wp\/v2\/media\/34196"}],"wp:attachment":[{"href":"https:\/\/speyer24news.com\/index.php?rest_route=%2Fwp%2Fv2%2Fmedia&parent=56924"}],"wp:term":[{"taxonomy":"category","embeddable":true,"href":"https:\/\/speyer24news.com\/index.php?rest_route=%2Fwp%2Fv2%2Fcategories&post=56924"},{"taxonomy":"post_tag","embeddable":true,"href":"https:\/\/speyer24news.com\/index.php?rest_route=%2Fwp%2Fv2%2Ftags&post=56924"}],"curies":[{"name":"wp","href":"https:\/\/api.w.org\/{rel}","templated":true}]}}