{"id":56978,"date":"2023-12-21T07:53:05","date_gmt":"2023-12-21T06:53:05","guid":{"rendered":"https:\/\/speyer24news.com\/?p=56978"},"modified":"2023-12-21T07:57:59","modified_gmt":"2023-12-21T06:57:59","slug":"polizeimeldungen-dienstag-18-12-23","status":"publish","type":"post","link":"https:\/\/speyer24news.com\/?p=56978","title":{"rendered":"Polizeimeldungen Dienstag (19.12.23)"},"content":{"rendered":"<style type=\"text\/css\">\r\n\t.ads_top_disp{}\r\n\t.ads_top_corner_disp{ float:left; margin:0px 10px 10px 0px; }\r\n\t.ads_first_p_disp{}\r\n\t.ads_bottom_disp{}\r\n\t<\/style>\n<h2 class=\"wp-block-heading\">Polizeimeldungen vom Dienstag (19.12.2023)<\/h2>\n\n\n<div class=\"wp-block-image\">\n<figure class=\"aligncenter size-full\"><img decoding=\"async\" loading=\"lazy\" width=\"375\" height=\"500\" src=\"https:\/\/speyer24news.com\/wp-content\/uploads\/2022\/03\/Aktuelles-Polizeilogo.jpg\" alt=\"\" class=\"wp-image-43591\" srcset=\"https:\/\/speyer24news.com\/wp-content\/uploads\/2022\/03\/Aktuelles-Polizeilogo.jpg 375w, https:\/\/speyer24news.com\/wp-content\/uploads\/2022\/03\/Aktuelles-Polizeilogo-225x300.jpg 225w\" sizes=\"(max-width: 375px) 100vw, 375px\" \/><\/figure><\/div>\n\n\n<h2 class=\"wp-block-heading\">(Speyer) &#8211; Wohnungsbrand<\/h2>\n\n\n<div class=\"wp-block-image\">\n<figure class=\"aligncenter size-full\"><img decoding=\"async\" loading=\"lazy\" width=\"800\" height=\"600\" src=\"https:\/\/speyer24news.com\/wp-content\/uploads\/2023\/12\/23-12-19-17-33-10-7969.jpg\" alt=\"\" class=\"wp-image-56965\" srcset=\"https:\/\/speyer24news.com\/wp-content\/uploads\/2023\/12\/23-12-19-17-33-10-7969.jpg 800w, https:\/\/speyer24news.com\/wp-content\/uploads\/2023\/12\/23-12-19-17-33-10-7969-300x225.jpg 300w, https:\/\/speyer24news.com\/wp-content\/uploads\/2023\/12\/23-12-19-17-33-10-7969-768x576.jpg 768w, https:\/\/speyer24news.com\/wp-content\/uploads\/2023\/12\/23-12-19-17-33-10-7969-678x509.jpg 678w, https:\/\/speyer24news.com\/wp-content\/uploads\/2023\/12\/23-12-19-17-33-10-7969-326x245.jpg 326w, https:\/\/speyer24news.com\/wp-content\/uploads\/2023\/12\/23-12-19-17-33-10-7969-80x60.jpg 80w\" sizes=\"(max-width: 800px) 100vw, 800px\" \/><\/figure><\/div>\n\n\n<p>Am Dienstagnachmittag (19.12.2023), gegen 15:10 Uhr, brach in einem Mehrfamilienhaus in der Eugen-J\u00e4ger-Stra\u00dfe in der Wohnung einer 93-J\u00e4hrigen ein Brand aus. Bei Eintreffen der Einsatzkr\u00e4fte stand die Wohnung bereits in Vollbrand. Die 93-J\u00e4hrige, sowie die weiteren Bewohnerinnen und Bewohner wurden durch die Feuerwehr evakuiert. Auch die angrenzenden H\u00e4user wurden aus Sicherheitsgr\u00fcnden ger\u00e4umt. Nach derzeitigem Ermittlungsstand wurde die 93-J\u00e4hrige leichtverletzt und musste in ein Krankenhaus gebracht werden. Zwei weitere Personen erlitten Rauchgasintoxikationen und wurden ebenfalls vorsorglich in ein Krankenhaus verbracht. Die genaue Schadensh\u00f6he ist derzeit noch nicht bekannt. Die Kriminalpolizei Ludwigshafen hat die Ermittlungen zur Brandursache aufgenommen.<\/p>\n\n\n\n<h2 class=\"wp-block-heading\">(Speyer) &#8211; Einbruch in Wohnhaus<\/h2>\n\n\n\n<p>Am Montag, den 18.12.2023 zwischen 17:00 Uhr und 21:45 Uhr brachen unbekannte T\u00e4ter in ein Einfamilienhaus in Speyer-Nord ein. Sie verschafften sich durch Einschlagen eines Fensters im r\u00fcckw\u00e4rtigen Bereich des Hauses Zugang zum Geb\u00e4udeinneren. Dort \u00f6ffneten die unbekannten T\u00e4ter diverse Schubladen und Schr\u00e4nke im Keller, sowie zwei weiteren Stockwerken des Hauses und durchsuchten diese.<\/p>\n\n\n\n<p>Aus dem Geb\u00e4ude wurde Schmuck in H\u00f6he eines mittleren vierstelligen Betrages entwendet. Am Tatort wurden diverse Spuren gesichert, deren Umfang und Auswertung ist Gegenstand der laufenden Ermittlungen.<\/p>\n\n\n\n<ul>\n<li><strong>Wer hat zu oben genannten Zeitr\u00e4umen in der N\u00e4he zum Buchenweg verd\u00e4chtige Wahrnehmungen gemacht, kann T\u00e4terhinweise oder sonstige sachdienliche Hinweise geben? Die Polizei bittet Zeugen um Mitteilung an Tel. 06232\/137-0 oder per E-Mail an&nbsp;<a href=\"mailto:%20pispeyer@polizei.rlp.de\">pispeyer@polizei.rlp.de<\/a><\/strong><\/li>\n<\/ul>\n\n\n\n<h2 class=\"wp-block-heading\">(Speyer) &#8211; Lebensmittel gestohlen, Flucht misslingt<\/h2>\n\n\n\n<p>Am Montag, den 18.12.2023 gegen 13:15 Uhr entwendete ein 45-j\u00e4hriger Mann Lebensmittel im Gesamtwert von ca. 11 Euro aus einem Lebensmitteldiscounter in der Dudenhofer Stra\u00dfe. Ein Ladendetektiv beobachtete den Mann bei der Tatausf\u00fchrung und sprach ihn darauf an. Der Mann nahm sich dann sein Fahrrad und ergriff darauf die Flucht. Auf H\u00f6he einer Bushaltestelle konnte der Ladendetektiv den 45-J\u00e4hrigen anhalten. Ein Versuch den Ladendetektiv wegzusto\u00dfen und durch einen Sto\u00df des Fahrrades an die Beine des Ladendetektives sich diesem zu entziehen misslang dem T\u00e4ter. Er wurde bis zum Eintreffen der Polizei festgehalten und anschlie\u00dfend f\u00fcr weitere Ma\u00dfnahmen zur Dienststelle gebracht. Gegen den 45-j\u00e4hrigen Mann wurden Verfahren wegen r\u00e4uberischen Diebstahls und K\u00f6rperverletzung eingeleitet.<\/p>\n\n\n\n<h2 class=\"wp-block-heading\">(Schifferstadt \/ Mutterstadt) &#8211; Taschendiebstahl \/ Pr\u00e4ventionshinweise<\/h2>\n\n\n<div class=\"wp-block-image\">\n<figure class=\"aligncenter size-full\"><img decoding=\"async\" loading=\"lazy\" width=\"800\" height=\"490\" src=\"https:\/\/speyer24news.com\/wp-content\/uploads\/2022\/12\/SymbolfotoSpruehkreideTaschendiebstahl.jpg\" alt=\"\" class=\"wp-image-50249\" srcset=\"https:\/\/speyer24news.com\/wp-content\/uploads\/2022\/12\/SymbolfotoSpruehkreideTaschendiebstahl.jpg 800w, https:\/\/speyer24news.com\/wp-content\/uploads\/2022\/12\/SymbolfotoSpruehkreideTaschendiebstahl-300x184.jpg 300w, https:\/\/speyer24news.com\/wp-content\/uploads\/2022\/12\/SymbolfotoSpruehkreideTaschendiebstahl-768x470.jpg 768w\" sizes=\"(max-width: 800px) 100vw, 800px\" \/><\/figure><\/div>\n\n\n<p>Am Montagmittag, zwischen 12:30 Uhr und 13:00 Uhr, wurde der Geldbeutel einer 74-J\u00e4hrigen in einem Einkaufsmarkt in der Oggersheimer Stra\u00dfe in Mutterstadt entwendet. Zwischen 14:15 Uhr und 14:30 Uhr entwendeten Unbekannte den Geldbeutel einer 70-J\u00e4hrigen in einem Einkaufsmarkt im Waldspitzweg in Schifferstadt. Der Geldbeutel der 70-J\u00e4hrigen wurde in einem M\u00fclleimer in der Luitpoldstra\u00dfe in Mutterstadt aufgefunden. Das Bargeld war entwendet. Der Sachschaden von beiden Taten betr\u00e4gt etwa 360 Euro. <\/p>\n\n\n\n<ul>\n<li><strong>Hinweise nimmt die Polizeiinspektion Schifferstadt unter der Telefonnummer 06235 &#8211; 495-0 oder per E-Mail (<a href=\"mailto:pischifferstadt@polizei.rlp.de\">pischifferstadt@polizei.rlp.de<\/a>) entgegen. <\/strong><\/li>\n<\/ul>\n\n\n\n<h4 class=\"wp-block-heading\">Um sich vor Taschendieben zu sch\u00fctzen, gibt die Polizei folgende Tipps:<\/h4>\n\n\n\n<ul>\n<li><strong>Lassen Sie Ihre Tasche oder Jacke niemals unbeaufsichtigt und tragen Sie Ihre Hand oder Umh\u00e4ngetasche immer mit der Verschlussseite zum K\u00f6rper. Taschen sollten auch stets geschlossen sein.<\/strong><\/li>\n\n\n\n<li><strong>Werden Sie misstrauisch, wenn Sie pl\u00f6tzlich angerempelt werden.<\/strong><\/li>\n\n\n\n<li><strong>Nehmen Sie nur so viel Bargeld mit, wie Sie tats\u00e4chlich ben\u00f6tigen.<\/strong><\/li>\n\n\n\n<li><strong>Kontrollieren Sie in engen Zeitabst\u00e4nden, ob Ihre Wertgegenst\u00e4nde noch vorhanden sind.<\/strong><\/li>\n\n\n\n<li><strong>Lassen Sie entwendete Bankkarten sofort unter der zentralen Sperrnummer 116 116 sperren.<\/strong><\/li>\n<\/ul>\n\n\n\n<h2 class=\"wp-block-heading\">(Neuhofen) &#8211; Lebensgef\u00e4hrte greift Partnerin an<\/h2>\n\n\n<div class=\"wp-block-image\">\n<figure class=\"aligncenter size-full\"><img decoding=\"async\" loading=\"lazy\" width=\"500\" height=\"751\" src=\"https:\/\/speyer24news.com\/wp-content\/uploads\/2020\/03\/05.03.2020-LU-haeusliche-gewalt.jpg\" alt=\"\" class=\"wp-image-25739\" srcset=\"https:\/\/speyer24news.com\/wp-content\/uploads\/2020\/03\/05.03.2020-LU-haeusliche-gewalt.jpg 500w, https:\/\/speyer24news.com\/wp-content\/uploads\/2020\/03\/05.03.2020-LU-haeusliche-gewalt-200x300.jpg 200w\" sizes=\"(max-width: 500px) 100vw, 500px\" \/><figcaption class=\"wp-element-caption\">Beispielfoto H\u00e4usliche Gewalt, dient lediglich der Visualisierung. Foto: www.polizei-beratung.de<\/figcaption><\/figure><\/div>\n\n\n<p>Am Montagabend, gegen 22:10 Uhr, wurde eine 32-J\u00e4hrige vor einem Mehrparteienhaus durch ihren 32-j\u00e4hrigen Partner k\u00f6rperlich angegangen. Der 32-J\u00e4hrige nahm seiner Partnerin ein Mobiltelefon sowie einen Schl\u00fcsselbund mit Gewalt weg und fl\u00fcchtete. Die Frau wurde durch den k\u00f6rperlichen Angriff leicht verletzt. Der T\u00e4ter konnte im Umfeld aufgegriffen und kontrolliert werden. Hierbei wurden die beiden entwendeten Gegenst\u00e4nde sichergestellt. Nach einer erkennungsdienstlichen Behandlung wurde der Mann auf freien Fu\u00df gesetzt und ihm ein polizeiliches Kontakt- und Ann\u00e4herungsverbot f\u00fcr 10 Tage ausgestellt. In der Nacht klingelte der Mann erneut bei seiner Partnerin und verstie\u00df gegen das Kontaktverbot. Es erfolgte eine Ingewahrsamnahme zur Verhinderung weiterer Straftaten. Der Polizei kommt im Umgang mit h\u00e4uslicher Gewalt als st\u00e4ndig erreichbare und schnell verf\u00fcgbare Organisation eine entscheidende Rolle zu. Pr\u00e4vention, konsequente Strafverfolgung sowie weitreichender Opferschutz und Opferhilfe sollen Opfern von h\u00e4uslicher Gewalt effektiven Schutz gew\u00e4hren. Wenn auch Sie von h\u00e4uslicher Gewalt betroffen sind, nehmen Sie Kontakt mit uns auf. Bei allen Polizeidienststellen stehen Ihnen speziell geschulte Ansprechpartner zur Verf\u00fcgung.<\/p>\n\n\n\n<h2 class=\"wp-block-heading\">(Germersheim) &#8211; Radfahrer nach Verkehrsunfall gefl\u00fcchtet<\/h2>\n\n\n\n<p>Zum Zusammensto\u00df zwischen zwei Radfahrern kam es am Montagabend gegen 19 Uhr im Bereich der Einm\u00fcndung Lilienstra\u00dfe \/ K\u00f6nigstra\u00dfe. Unfallurs\u00e4chlich war die Vorfahrtsmissachtung &#8222;rechts &#8211; vor &#8211; links&#8220; an der besagten Einm\u00fcndung. Die Polizei Germersheim sucht nun nach dem unbekannten Unfallverursacher. Hierbei solle es sich um eine m\u00e4nnliche dunkel gekleidete Person handeln, welche mit einem silbernen Rad unterwegs war und sich im Anschluss unerlaubt von der Unfallstelle entfernte. Der Fl\u00fcchtige war zuvor mit einem 16 -j\u00e4hrigen zusammengesto\u00dfen, welcher in der Folge mit seinem Rad auf die Fahrbahn st\u00fcrzte. Durch den Sturz zog sich der Jugendliche eine Platzwunde bzw. Sch\u00fcrfverletzungen zu. Er kam zu weiteren medizinischen Versorgung in ein Krankenhaus.<\/p>\n\n\n\n<ul>\n<li><strong>Hinweise zu dem Unfallhergang bzw. zu dem bislang unbekannten Unfallverursacher nimmt die Polizeiinspektion Germersheim telefonisch unter 07274 &#8211; 9580 oder per Mail an&nbsp;<a href=\"mailto:%20pigermersheim@polizei.rlp.de\">pigermersheim@polizei.rlp.de<\/a>&nbsp;entgegen.<\/strong><\/li>\n<\/ul>\n\n\n\n<h2 class=\"wp-block-heading\">(Germersheim) &#8211; Verkehrs\u00fcberwachung<\/h2>\n\n\n\n<p>Zwischen 8.30 und 10.30 Uhr \u00fcberwachten Polizeibeamte der PI Germersheim am Montag den Verkehr in der Rheinbr\u00fcckenstra\u00dfe und stellten hierbei gleich mehrere Verkehrsverst\u00f6\u00dfe fest. F\u00fcnf Fahrer hatten keinen Sicherheitsgurt angelegt und zehn Fahrzeuge mussten auf Grund technischer M\u00e4ngel beanstandet werden.<\/p>\n\n\n\n<h2 class=\"wp-block-heading\">(Herxheimweyher) &#8211; Kaminbrand<\/h2>\n\n\n\n<p>Am Montag (18.12.2023) wurde gegen 10:45 Uhr ein Kaminbrand in einem Einfamilienhaus mit erheblicher Rauchbildung gemeldet. Eine Frau konnte rechtzeitig aus dem Anwesen fl\u00fcchten. Kr\u00e4fte der Polizei Landau sicherten den Schadensort ab und die FFW Herxheim konnte den Brand schnell l\u00f6schen. Es entstand weder Personen- noch Geb\u00e4udeschaden.<\/p>\n\n\n\n<h2 class=\"wp-block-heading\">(Herxheim) &#8211; Autoscheibe eingeschlagen \/ Zeugengesucht<\/h2>\n\n\n\n<p>In der Nacht von Sonntag (17.12.23) auf Montag (18.12.2023) schlug ein unbekannter T\u00e4ter im Westring in Herxheim die Beifahrerscheibe eines Autos ein. Aus dem Auto wurde ein Geldbeutel aus der Fahrert\u00fcrablage entwendet. Der Gesamtschaden betr\u00e4gt rund 500 Euro.<\/p>\n\n\n\n<ul>\n<li><strong>Die Polizei bittet Zeugen, die Hinweise zu der Tat oder dem T\u00e4ter geben k\u00f6nnen sich per Email an&nbsp;<a href=\"mailto:%20pilandau@polizei.rlp.de\">pilandau@polizei.rlp.de<\/a>&nbsp;oder telefonisch unter 06341\/2870 bei der Polizeiinspektion Landau zu melden.<\/strong><\/li>\n<\/ul>\n\n\n\n<h2 class=\"wp-block-heading\">(Kandel) &#8211; Unfallflucht<\/h2>\n\n\n\n<p>Am Dienstag, den 19.12.2023, gegen 15:15 Uhr stellte die Halterin eines wei\u00dfen Ford Fiesta eine Besch\u00e4digung an der Beifahrert\u00fcr ihres Fahrzeugs fest. Dieses hatte sie f\u00fcr kurze Zeit auf dem Parkplatz hinter der Sparkasse in Kandel geparkt. Der Sachschaden wird auf ca. 500,- Euro gesch\u00e4tzt.<\/p>\n\n\n\n<ul>\n<li><strong>Hinweise bitte an die Polizei W\u00f6rth am Rhein unter 07271\/9221-0 oder&nbsp;<a href=\"mailto:%20piwoerth@polizei.rlp.de\">piwoerth@polizei.rlp.de<\/a>.<\/strong><\/li>\n<\/ul>\n\n\n\n<h2 class=\"wp-block-heading\">(W\u00f6rth) &#8211; Benimmregeln nicht befolgt<\/h2>\n\n\n\n<p>Weil ein Gast in einer Spielhalle in W\u00f6rth am 18.12.23 gegen 14:45h nicht den Anweisungen des Personals Folge leistete, erhielt er Hausverbot. Der Gast sollte lediglich seinen Ausweis nochmals vorzeigen, nachdem er f\u00fcr eine kurze Pause die Spielhalle verlassen hatte und wieder zur\u00fcckkehrte. Da ihm dies missfiel und er mit dem Personal diskutierte, wurde ihm ein Hausverbot ausgesprochen. Auch der Aufforderung die Spielhalle zu verlassen, sah er nicht ein und blieb. Das Personal verst\u00e4ndigte die Polizei, die den mittlerweile ungebetenen Gast nach drau\u00dfen brachte. Eine Anzeige wegen Hausfriedensbruch wurde aufgenommen.<\/p>\n\n\n\n<h2 class=\"wp-block-heading\">(Hagenbach) &#8211; Essen brennt an<\/h2>\n\n\n\n<p>Ein vergessener Kochtopf auf dem Herd l\u00f6ste am 18.12.23 gegen 15:00h einen Feuerwehr- und Polizeieinsatz in Hagenbach aus. Aufmerksame Nachbarn bemerkten eine starke Rauchentwicklung in einem Haus in der Drachenfelsstra\u00dfe und w\u00e4hlten den Notruf. Die Feuerwehr konnte die Ursache des Rauches schnell finden und den Topf nach drau\u00dfen bringen. Verletzte oder ein Geb\u00e4udeschaden gab es nicht.<\/p>\n\n\n\n<h2 class=\"wp-block-heading\">(Landau) &#8211; Autoscheibe eingeschlagen \/ Zeugen gesucht<\/h2>\n\n\n\n<p>Im Zeitraum Samstagabend (16.12.2023) bis Montagabend (18.12.2023) schlug ein bislang unbekannter T\u00e4ter die Beifahrerscheibe eines in der Hartmannstra\u00dfe in Landau am Stra\u00dfenrand abgestellten Autos ein. Gestohlen wurde ein Ortungsger\u00e4t und eine Kettens\u00e4ge, welche offen auf dem Beifahrersitz lagen. Es entstand ein Gesamtschaden von rund 850 Euro.<\/p>\n\n\n\n<ul>\n<li><strong>Zeugen werden gebeten sich bei der Polizeiinspektion Landau unter der Telefonnummer 06341-287-0 oder per E-Mail&nbsp;<a href=\"mailto:%20pilandau@polizei.rlp.de\">pilandau@polizei.rlp.de<\/a>&nbsp;zu melden<\/strong><\/li>\n<\/ul>\n\n\n\n<h2 class=\"wp-block-heading\">(Landau) &#8211; Diebstahl aus Auto \/ Zeugen gesucht<\/h2>\n\n\n\n<p>Einem 78-j\u00e4hrigen Mann wurde am Montag (18.12.23) gegen 16 Uhr im Nordring in Landau der Geldbeutel aus dem Auto gestohlen. Der Mann bewegte sich aufgrund Arbeiten zwischen Wohnung und Auto, als bislang unbekannte Diebe die Gelegenheit nutzten und den Geldbeutel vom Beifahrersitz des unverschlossenen Autos klauten. Es entstand ein Schaden im zweistelligen Bereich.<\/p>\n\n\n\n<ul>\n<li><strong>Wer hat etwas gesehen?<\/strong><\/li>\n\n\n\n<li><strong>Hinweise nimmt die Polizeiinspektion Landau unter der Telefonnummer 06341-287-0 oder per E-Mail&nbsp;<a href=\"mailto:%20pilandau@polizei.rlp.de\">pilandau@polizei.rlp.de<\/a>&nbsp;entgegen.<\/strong><\/li>\n<\/ul>\n\n\n\n<h2 class=\"wp-block-heading\">(Burrweiler) &#8211; Starke Rauchentwicklung in einem Wohnhaus<\/h2>\n\n\n\n<p>Am Dienstagmittag wurde in in der Hauptstra\u00dfe in Burrweiler ein vermeintlicher Hausbrand gemeldet, der sich letztlich und zum gro\u00dfen Gl\u00fcck f\u00fcr die Bewohnerin nur als starke Rauchentwicklung in einem Kamin darstellte.<\/p>\n\n\n\n<p>Durch eine m\u00f6gliche fehlerhafte Bedienung kam es in dem alten \u00d6lofen zu einer solch starken Rauchentwicklung, dass die ersten Anrufer des Notrufes von einem Hausbrand ausgingen.<\/p>\n\n\n\n<p>Die Bewohnerin konnte sich bis zum Eintreffen der Feuerwehr eigenst\u00e4ndig aus dem Haus begeben. Personen wurden nicht verletzt und es entstand kein Sachschaden am Geb\u00e4ude.<\/p>\n\n\n\n<h2 class=\"wp-block-heading\">(Neustadt) &#8211; Die Polizeidirektion Neustadt verst\u00e4rkt Kontrollen in der dunklen Jahreszeit<\/h2>\n\n\n<div class=\"wp-block-image\">\n<figure class=\"aligncenter size-full\"><img decoding=\"async\" loading=\"lazy\" width=\"800\" height=\"516\" src=\"https:\/\/speyer24news.com\/wp-content\/uploads\/2021\/07\/Diebstahl.jpg\" alt=\"\" class=\"wp-image-39167\" srcset=\"https:\/\/speyer24news.com\/wp-content\/uploads\/2021\/07\/Diebstahl.jpg 800w, https:\/\/speyer24news.com\/wp-content\/uploads\/2021\/07\/Diebstahl-300x194.jpg 300w, https:\/\/speyer24news.com\/wp-content\/uploads\/2021\/07\/Diebstahl-768x495.jpg 768w\" sizes=\"(max-width: 800px) 100vw, 800px\" \/><\/figure><\/div>\n\n\n<p>Mit dem \u00dcbergang zur dunklen Jahreszeit steigt auch die Anzahl der Wohnungseinbr\u00fcche. Um dieser Entwicklung entgegenzuwirken, f\u00fchrt die Kriminalinspektion Neustadt gemeinsam mit den Polizeiinspektionen und der Bereitschaftspolizei Kontrollma\u00dfnahmen durch.<\/p>\n\n\n\n<p>Am Montagabend wurden hierzu gemeinsam mit der Bereitschaftspolizei zahlreiche Personen- und Fahrzeugkontrollen sowie Pr\u00e4senzstreifen im Stadtgebiet Neustadt durchgef\u00fchrt. Im Rahmen einer Personenkontrolle wurden hierbei bei einem 42-j\u00e4hrigen Neustadter geringe Mengen an Marihuana aufgefunden und sichergestellt.<\/p>\n\n\n\n<p>Die verst\u00e4rkte Bestreifung der Innenstadtbereiche und der Wohngebiete, insbesondere in den Abendstunden, im gesamten Dienstgebiet, soll sowohl potentielle Einbrecher abschrecken als auch das Sicherheitsgef\u00fchl der B\u00fcrgerinnen und B\u00fcrger st\u00e4rken .<\/p>\n\n\n\n<p>Zur Bek\u00e4mpfung dieses Ph\u00e4nomenbereichs ist die Polizei erheblich auf die Unterst\u00fctzung und auf Hinweise aus der Bev\u00f6lkerung angewiesen. Machen Sie verd\u00e4chtige Wahrnehmungen, kontaktieren Sie bitte umgehend ihre \u00f6rtlich zust\u00e4ndige Polizeidienststelle.<\/p>\n\n\n\n<h4 class=\"wp-block-heading\">Um sich vor einem Einbruch zu sch\u00fctzen, beachten Sie folgende Tipps der Polizei:<\/h4>\n\n\n\n<ul>\n<li><strong>Verschlie\u00dfen Sie Fenster, Balkon- und Terrassent\u00fcren auch bei kurzer Abwesenheit.<\/strong><\/li>\n\n\n\n<li><strong>Wenn Sie Ihren Schl\u00fcssel verloren haben, wechseln Sie umgehend den Schlie\u00dfzylinder aus.<\/strong><\/li>\n\n\n\n<li><strong>Auch, wenn Sie Haus und Wohnung nur kurz verlassen: Ziehen Sie nicht nur die T\u00fcr ins Schloss, sondern schlie\u00dfen Sie immer, am besten zweifach, ab.<\/strong><\/li>\n\n\n\n<li><strong>Sorgen Sie tempor\u00e4r f\u00fcr Beleuchtung.<\/strong><\/li>\n\n\n\n<li><strong>Deponieren Sie Ihren Haus- oder Wohnungsschl\u00fcssel niemals au\u00dferhalb Ihre R\u00e4ume: Ein Einbrecher kennt jedes Versteck!<\/strong><\/li>\n\n\n\n<li><strong>Schlie\u00dfen Sie zur Nachtzeit Ihre Rolll\u00e4den und sichern Sie diese gegen &#8222;Hochschieben&#8220;.<\/strong><\/li>\n\n\n\n<li><strong>Gekippte Fenster k\u00f6nnen von Einbrechern leicht ge\u00f6ffnet werden.<\/strong><\/li>\n<\/ul>\n\n\n\n<p>Eine gute Sicherung Ihres Geb\u00e4udes kann Einbr\u00fcche verhindern! Auf Wunsch geben wir Ihnen gerne kostenlose Tipps in Sachen Einbruchschutz. Nach vorheriger Terminabsprache besuchen wir Sie und pr\u00fcfen die vorhandenen M\u00f6glichkeiten an Ihrem Anwesen. Wenden Sie sich hierf\u00fcr an:<\/p>\n\n\n\n<ul>\n<li>Polizeipr\u00e4sidium Rheinpfalz<\/li>\n\n\n\n<li>Zentrale Pr\u00e4vention Wittelsbachstra\u00dfe 3 67061 Ludwigshafen Tel.: 0621 963-1151<\/li>\n<\/ul>\n\n\n\n<h4 class=\"wp-block-heading\"><em>Weitere Informationen im Internet:&nbsp;<a href=\"https:\/\/www.polizei-beratung.de\/\" target=\"_blank\" rel=\"noreferrer noopener\">www.polizei-beratung.de<\/a>&nbsp;oder&nbsp;<a href=\"https:\/\/www.k-einbruch.de\/\" target=\"_blank\" rel=\"noreferrer noopener\">www.k-einbruch.de<\/a><\/em><\/h4>\n\n\n\n<h2 class=\"wp-block-heading\">(Weisenheim a.S.) &#8211; T\u00e4ter bei Einbruch gest\u00f6rt<\/h2>\n\n\n\n<p>Im Zeitraum vom 16.12.2023, 17:00 Uhr, bis 17.12.2023, 20:00 Uhr, kam es zu einem Einbruch in ein Einfamilienhaus in der Friedrich-Ebert-Stra\u00dfe in Weisenheim am Sand. Bislang unbekannte T\u00e4ter hebelten ein Kellerfenster auf und gelangten so in das Haus. Vermutlich wurden sie von den gerade nach Hause kommenden Bewohnern gest\u00f6rt und verlie\u00dfen ohne Diebesgut das Anwesen. Die Bewohner bemerkten den Einbruch erst am n\u00e4chsten Tag. <\/p>\n\n\n\n<ul>\n<li><strong>Zeugen, welche im genannten Zeitraum verd\u00e4chtigte Personen oder Fahrzeuge wahrgenommen haben, werden gebeten sich mit der Polizeiinspektion Bad D\u00fcrkheim unter der Tel. 06322\/963-0 oder per E-Mail&nbsp;<a href=\"mailto:%20pibadduerkheim@polizei.rlp.de\">pibadduerkheim@polizei.rlp.de<\/a>&nbsp;in Verbindung zu setzen.<\/strong><\/li>\n<\/ul>\n\n\n\n<h2 class=\"wp-block-heading\">(Weisenheim a.S.) &#8211; Tresor aufgehebelt<\/h2>\n\n\n\n<p>Ebenfalls am im Zeitraum vom 16.12.2023, 17:00 Uhr bis 19:00 Uhr, kam es zu einem Einbruch in ein Einfamilienhaus in der Schillerstra\u00dfe in Weisenheim am Sand. Bislang unbekannte T\u00e4ter hebelten eine Terassent\u00fcr des Anwesens auf und durchw\u00fchlten im Anschluss das gesamte Haus. Im Anwesen wurde ein Tresor aufgehebelt. Konkrete Angaben \u00fcber das Stehlgut liegen noch nicht vor. Es ist lediglich bekannt, dass zum Teil Schmuck entwendet wurde. <\/p>\n\n\n\n<ul>\n<li><strong>Zeugen, welche im genannten Zeitraum verd\u00e4chtigte Personen oder Fahrzeuge wahrgenommen haben, werden gebeten sich mit der Polizeiinspektion Bad D\u00fcrkheim unter der Tel. 06322\/963-0 oder per E-Mail&nbsp;<a href=\"mailto:%20pibadduerkheim@polizei.rlp.de\">pibadduerkheim@polizei.rlp.de<\/a>&nbsp;in Verbindung zu setzen.<\/strong><\/li>\n<\/ul>\n\n\n\n<h2 class=\"wp-block-heading\">(Weisenheim a.B.) &#8211; Terassent\u00fcr aufgehebelt<\/h2>\n\n\n\n<p>Zu einem weiteren Einbruch in ein Einfamilienhaus kam es im Zeitraum vom 16.12.2023, 10:00 Uhr bis 22:00 Uhr, Am Wingertsweg in Weisenheim am Berg. Bislang unbekannte T\u00e4ter hebelten eine Terassent\u00fcr des Anwesens auf und durchw\u00fchlten im Anschluss das gesamte Haus. Konkrete Angaben \u00fcber das Stehlgut liegen noch nicht vor. Es ist lediglich bekannt, dass zum Teil Schmuck entwendet wurde. Bei der Spurensicherung konnte festgestellt werden, dass die T\u00e4ter scheinbar erfolglos versucht hatten die Hauseingangst\u00fcr aufzuhebeln, bevor sie sich an der Terassent\u00fcr zu schaffen machten. <\/p>\n\n\n\n<ul>\n<li><strong>Zeugen, welche im genannten Zeitraum verd\u00e4chtigte Personen oder Fahrzeuge wahrgenommen haben, werden gebeten sich mit der Polizeiinspektion Bad D\u00fcrkheim unter der Tel. 06322\/963-0 oder per E-Mail&nbsp;<a href=\"mailto:%20pibadduerkheim@polizei.rlp.de\">pibadduerkheim@polizei.rlp.de<\/a>&nbsp;in Verbindung zu setzen.<\/strong><\/li>\n<\/ul>\n\n\n\n<h2 class=\"wp-block-heading\">(Gr\u00fcnstadt) &#8211; Verkehrsunfallflucht<\/h2>\n\n\n\n<p>Am Montag, den 18.12.2023, kam es zwischen 11:30 &#8211; 13:00 Uhr zu einer Verkehrsunfallflucht im Bereich der Friedhofstra\u00dfe in Gr\u00fcnstadt. Ein noch unbekannter Fahrzeugf\u00fchrer stie\u00df vermutlich beim Vorbeifahren gegen einen ordnungsgem\u00e4\u00df am rechten Fahrbahnrand abgestellten Audi A5. Dieser wurde hierbei im Bereich der linken Fahrzeugfront besch\u00e4digt. Der entstandene Sachschaden wird auf ca. 2000,-EUR gesch\u00e4tzt. <\/p>\n\n\n\n<ul>\n<li><strong>Aufgrund der an dem Audi A5 festgestellten Lackanhaftungen, d\u00fcrfte der Unfallverursacher ein hellblaues Fahrzeug gefahren sein. <\/strong><\/li>\n<\/ul>\n\n\n\n<ul>\n<li><strong>Weitere Hinweise nimmt die Polizeiinspektion Gr\u00fcnstadt unter der Telefonnummer: 06359-93120 oder per Mail:&nbsp;<a href=\"mailto:%20pigruenstadt@polizei.rlp.de\">pigruenstadt@polizei.rlp.de<\/a>&nbsp;entgegen.<\/strong><\/li>\n<\/ul>\n\n\n\n<h2 class=\"wp-block-heading\">(Frankenthal) &#8211; Brand in Stadtklinik<\/h2>\n\n\n\n<h3 class=\"wp-block-heading has-text-align-center\">Erstmeldung<\/h3>\n\n\n<div class=\"wp-block-image\">\n<figure class=\"aligncenter size-full\"><img decoding=\"async\" loading=\"lazy\" width=\"800\" height=\"533\" src=\"https:\/\/speyer24news.com\/wp-content\/uploads\/2023\/02\/Symboldbild-Feuerwehr.jpg\" alt=\"\" class=\"wp-image-50884\" srcset=\"https:\/\/speyer24news.com\/wp-content\/uploads\/2023\/02\/Symboldbild-Feuerwehr.jpg 800w, https:\/\/speyer24news.com\/wp-content\/uploads\/2023\/02\/Symboldbild-Feuerwehr-300x200.jpg 300w, https:\/\/speyer24news.com\/wp-content\/uploads\/2023\/02\/Symboldbild-Feuerwehr-768x512.jpg 768w\" sizes=\"(max-width: 800px) 100vw, 800px\" \/><\/figure><\/div>\n\n\n<p>Am Montagabend (18.12.2023) wurde gegen 20:25 Uhr ein Brand in der Stadtklinik Frankenthal im 2. Obergescho\u00df gemeldet. Bei den L\u00f6scharbeiten wurden zwei tote Personen gefunden, deren Identit\u00e4t zurzeit noch nicht feststeht. Weiter wurden durch den Brand nach derzeitigem Ermittlungsstand drei Personen schwer verletzt und weitere Personen verletzt, darunter auch Personal der Stadtklinik. Die genaue Anzahl der Verletzten und die Art der Verletzungen steht derzeit noch nicht fest.<\/p>\n\n\n\n<p>Das Feuer wurde mittlerweile gel\u00f6scht. Durch den Brand wurden nach ersten Erkenntnissen zwei Stationen der Klinik in Mitleidenschaft gezogen. Zur H\u00f6he des Sachschadens k\u00f6nnen noch keine Angaben gemacht werden. Der restliche Klinikbetrieb ist vom Brand NICHT betroffen.<\/p>\n\n\n<div class=\"wp-block-image\">\n<figure class=\"aligncenter size-full\"><img decoding=\"async\" loading=\"lazy\" width=\"800\" height=\"533\" src=\"https:\/\/speyer24news.com\/wp-content\/uploads\/2021\/01\/Ruhe-in-Frieden.jpg\" alt=\"\" class=\"wp-image-32361\" srcset=\"https:\/\/speyer24news.com\/wp-content\/uploads\/2021\/01\/Ruhe-in-Frieden.jpg 800w, https:\/\/speyer24news.com\/wp-content\/uploads\/2021\/01\/Ruhe-in-Frieden-300x200.jpg 300w, https:\/\/speyer24news.com\/wp-content\/uploads\/2021\/01\/Ruhe-in-Frieden-768x512.jpg 768w\" sizes=\"(max-width: 800px) 100vw, 800px\" \/><\/figure><\/div>\n\n\n<p>Die Kriminalpolizei hat die Ermittlungen zur Kl\u00e4rung der Brand- und Todesursache aufgenommen.<\/p>\n\n\n\n<p>Feuerwehr und Polizei sind mit einem Gro\u00dfaufgebot vor Ort. Der Bereich um die Stadtklinik ist abgesperrt. Die Ma\u00dfnahmen dauern derzeit noch an.<\/p>\n\n\n\n<p>Weitere Ausk\u00fcnfte sind nicht vor Dienstagmorgen (19.12.2023) zu erwarten.<\/p>\n\n\n\n<ul>\n<li><strong>Hinweise nimmt die Kriminalpolizei Ludwigshafen unter der Telefonnummer 0621 963-2773 oder per E-Mail&nbsp;<a href=\"mailto:%20kiludwigshafen.k1.kdd@polizei.rlp.de\">kiludwigshafen.k1.kdd@polizei.rlp.de<\/a>&nbsp;entgegen.<\/strong><\/li>\n<\/ul>\n\n\n\n<h3 class=\"wp-block-heading has-text-align-center\">1.Nachtragsmeldung<\/h3>\n\n\n\n<h3 class=\"wp-block-heading\">Gemeinsame Pressemitteilung der Staatsanwaltschaft Frankenthal (Pfalz) und des Polizeipr\u00e4sidiums Rheinpfalz<\/h3>\n\n\n\n<p>Nachdem es am Montagabend (18.12.2023), gegen 20:25 Uhr, zu einem Brand mit zwei Toten in der Stadtklinik in Frankenthal gekommen war, haben die Staatsanwaltschaft Frankenthal und die Kriminalpolizei Ludwigshafen die Ermittlungen \u00fcbernommen. Nach derzeitigem Ermittlungsstand brach das Feuer in einem mit drei Patientinnen belegten Zimmer im zweiten Obergescho\u00df des Krankenhauses aus. Hierbei kamen eine 72-J\u00e4hrige und eine 80-J\u00e4hrige zu Tode. Die dritte, 79-j\u00e4hrige Patientin konnte sich aus dem Zimmer retten und wurde leicht verletzt. Dar\u00fcber hinaus wurden durch Rauchgasintoxikationen sechs weitere Personen verletzt. Eine 29-J\u00e4hrige und ein 82-J\u00e4hriger mussten station\u00e4r in einem Krankenhaus aufgenommen werden. 30 Personen wurden vor Ort, unter anderem durch Polizeikr\u00e4fte, betreut. Der entstandene Sachschaden wird nach ersten Sch\u00e4tzungen auf circa 50.000 Euro beziffert.<\/p>\n\n\n\n<p>Mit der Kl\u00e4rung der Brandursache wurde durch die Staatsanwaltschaft Frankenthal ein Sachverst\u00e4ndiger beauftragt, der voraussichtlich am Mittwoch (20.12.2023) zusammen mit Brandermittlern der Kriminalpolizei Ludwigshafen den Brandort begutachteten wird. Zur Feststellung der Todesursache sollen die beiden Verstorbenen obduziert werden.<\/p>\n\n\n\n<h2 class=\"wp-block-heading\">(Frankenthal) &#8211; Unter Drogen auf E-Scooter unterwegs<\/h2>\n\n\n\n<p>Am 18.12.2023, gegen 08.50 Uhr, kontrollierte eine Streife hiesiger Inspektion in der Johann-Klein-Stra\u00dfe einen 29-j\u00e4hrigen Mann aus Bobenheim-Roxheim auf seinem E-Scooter. Im Rahmen der Kontrolle konnten bei diesem drogentypische Auffallerscheinungen festgestellt werden. Ein Drogenvortest verlief positiv auf THC. Ihm wurde auf der Dienststelle eine Blutprobe entnommen und ein Strafverfahren eingeleitet.<\/p>\n\n\n\n<h2 class=\"wp-block-heading\">(Pr\u00e4sidialbereich Rheinpfalz) &#8211; Ergebnisse der Kontrollwoche Alkohol und Drogen im Stra\u00dfenverkehr<\/h2>\n\n\n<div class=\"wp-block-image\">\n<figure class=\"aligncenter size-full\"><img decoding=\"async\" loading=\"lazy\" width=\"800\" height=\"447\" src=\"https:\/\/speyer24news.com\/wp-content\/uploads\/2022\/09\/Kontrolle-2.jpg\" alt=\"\" class=\"wp-image-49124\" srcset=\"https:\/\/speyer24news.com\/wp-content\/uploads\/2022\/09\/Kontrolle-2.jpg 800w, https:\/\/speyer24news.com\/wp-content\/uploads\/2022\/09\/Kontrolle-2-300x168.jpg 300w, https:\/\/speyer24news.com\/wp-content\/uploads\/2022\/09\/Kontrolle-2-768x429.jpg 768w\" sizes=\"(max-width: 800px) 100vw, 800px\" \/><\/figure><\/div>\n\n\n<p>Das Polizeipr\u00e4sidium Rheinpfalz beteiligte sich vom 11.12.2023 bis zum 17.12.2023 erneut an der europaweiten Kontrollwoche zur Bek\u00e4mpfung und Verhinderung von Alkohol und Drogen im Stra\u00dfenverkehr. In diesem Zeitraum wurde bei den Verkehrskontrollen ein besonderer Schwerpunkt auf Fahrzeugfahrende gelegt, die unter dem Einfluss von Alkohol- oder Drogen standen. Neben der Erh\u00f6hung der Verkehrssicherheit durch die Kontrollen, sollten auch die Risiken von Alkohol und Drogen im Stra\u00dfenverkehr erneut ins \u00f6ffentliche Bewusstsein ger\u00fcckt werden. Daher f\u00fchrten die Polizistinnen und Polizisten mit allen Kontrollierten auch pr\u00e4ventive Gespr\u00e4che, um Fahrten unter Alkohol- und\/oder Drogeneinfluss zu verhindern. W\u00e4hrend der Kontrollwoche wurden insgesamt 1909 Fahrzeugf\u00fchrerinnen und -f\u00fchrer kontrolliert. Dabei stellten die Polizeikr\u00e4fte 27 Alkoholverst\u00f6\u00dfe und 32 Drogenverst\u00f6\u00dfe fest. Au\u00dferdem konnten f\u00fcnf kontrollierte Personen keine g\u00fcltige Fahrerlaubnis vorweisen.<\/p>\n\n\n\n<p>Die Verkehrsunfallstatistiken der vergangenen Jahre zeigt deutlich, dass Alkohol und Drogen im Stra\u00dfenverkehr nach wie vor relevante Verkehrsunfallursachen darstellen. So kam es im Zust\u00e4ndigkeitsbereich des Polizeipr\u00e4sidiums Rheinpfalz im Jahr 2022 zu insgesamt 623 Verkehrsunf\u00e4llen unter Alkoholeinfluss. Die Zahl der Verkehrsunf\u00e4lle bei denen eine Drogenbeeinflussung unfallurs\u00e4chlich war belief sich im Gesamtjahr 2022 auf 110. Vielen ist nicht bewusst, dass im Gegensatz zu Alkohol die konsumierte Droge noch mehrere Tage und abh\u00e4ngig von der Substanz, der Stoffwechselt\u00e4tigkeit des Konsumenten und der H\u00e4ufigkeit des Drogenkonsums sogar mehrere Wochen die Fahrt\u00fcchtigkeit negativ beeinflussen kann und in strafbarer Menge im K\u00f6rper nachweisbar ist.<\/p>\n\n\n\n<p>Die Polizei weist ausdr\u00fccklich darauf hin: Wer unter Alkohol- oder Drogeneinfluss f\u00e4hrt, gef\u00e4hrdet nicht nur sich, sondern auch andere und begeht eine Ordnungswidrigkeit oder sogar eine Straftat. Lassen Sie deshalb immer Ihr Auto stehen, wenn Sie nicht n\u00fcchtern sind!<\/p>\n\n\n\n<p>Der Kontrolltag war ein Teil von Ma\u00dfnahmen des europaweiten Polizeinetzwerks ROADPOL&nbsp;<a target=\"_blank\" rel=\"noreferrer noopener\" href=\"https:\/\/www.roadpol.eu\/\">www.roadpol.eu<\/a>&nbsp;, dessen Ziel es ist, die Zahl der Verkehrsunfallopfer deutlich zu senken.<\/p>\n\n\n\n<p>Das Polizeipr\u00e4sidium Rheinpfalz mit Sitz in Ludwigshafen am Rhein ist zust\u00e4ndig f\u00fcr die Sicherheit von rund 900.000 Menschen. Der Dienstbezirk der Beh\u00f6rde mit ihren rund 2.200 Mitarbeiterinnen und Mitarbeitern umfasst auf etwa 2.400 Quadratkilometern die komplette Vorder- und S\u00fcdpfalz mit den Landkreisen Bad D\u00fcrkheim, Germersheim, Rhein-Pfalz-Kreis und S\u00fcdliche Weinstra\u00dfe sowie die kreisfreien St\u00e4dte Frankenthal (Pfalz), Landau in der Pfalz, Ludwigshafen am Rhein, Neustadt a.d.W. und Speyer.<\/p>\n\n\n\n<h2 class=\"wp-block-heading\">(Ludwigshafen) &#8211; Roller gestohlen<a href=\"https:\/\/www.facebook.com\/sharer.php?u=https%3A%2F%2Fwww.presseportal.de%2Fblaulicht%2Fpm%2F117696%2F5675776%2F%3Futm_source%3Dfacebook%26utm_medium%3Dsocial\"><\/a><a href=\"https:\/\/web.whatsapp.com\/send?text=POL-PPRP%3A%20Roller%20gestohlen%0A%0Ahttps%3A%2F%2Fwww.presseportal.de%2Fblaulicht%2Fpm%2F117696%2F5675776%2F%3Futm_source%3Dwhatsapp%26utm_medium%3Dsocial\"><\/a><a href=\"https:\/\/www.xing.com\/app\/user?op=share;url=https%3A%2F%2Fwww.presseportal.de%2Fblaulicht%2Fpm%2F117696%2F5675776%2F%3Futm_source%3Dxing%26utm_medium%3Dsocial\"><\/a><a href=\"http:\/\/www.linkedin.com\/shareArticle?mini=true&amp;url=https%3A%2F%2Fwww.presseportal.de%2Fblaulicht%2Fpm%2F117696%2F5675776%2F%3Futm_source%3Dlinkedin%26utm_medium%3Dsocial&amp;title=POL-PPRP%3A+Roller+gestohlen\"><\/a><a href=\"mailto:?subject=POL-PPRP%3A%20Roller%20gestohlen&amp;body=https:\/\/www.presseportal.de\/blaulicht\/pm\/117696\/5675776\"><\/a><\/h2>\n\n\n\n<p>Unbekannte entwendeten am Montag (18.12.2023) zwischen 14 und 18 Uhr einen vor einem Wohnhaus in der Sternstra\u00dfe abgestellten Roller. Der Roller hatte noch einen Wert von 1.200 Euro. <\/p>\n\n\n\n<ul>\n<li><strong>Hinweise bitte an die Polizeiinspektion Ludwigshafen 2, Telefonnummer 0621 963-2222 oder per E-Mail&nbsp;<a href=\"mailto:%20piludwigshafen2@polizei.rlp.de\">piludwigshafen2@polizei.rlp.de<\/a>&nbsp;.<\/strong><\/li>\n<\/ul>\n\n\n\n<h2 class=\"wp-block-heading\">(Ludwigshafen) &#8211; Falsches Gewinnversprechen<\/h2>\n\n\n\n<p>Eine 73-J\u00e4hrige wurde am Montagvormittag (18.12.2023) von einer unbekannten Person angerufen und \u00fcber einen angeblichen Gewinn in H\u00f6he von 39.600 Euro. Um den Gewinn zu erhalten sollte sie 900 Euro in Form von Paysafe-Karten an einen Abholer \u00fcbergeben. Gl\u00fccklicherweise bekam der Sohn der 73-J\u00e4hrigen den Betrugsversuch mit, sodass kein finanzieller Schaden entstand.<\/p>\n\n\n\n<h2 class=\"wp-block-heading\">(Ludwigshafen) &#8211; Einbruch in Gartenlaube<\/h2>\n\n\n\n<p>Unbekannte gelangten in dem Zeitraum vom 09.12.2023 bis 18.12.2023 auf ein Gartengrundst\u00fcck im Bereich des Br\u00fcckweges und brachen dort eine Gartenlaube auf. Aus der Gartenlaube wurden ein Stromaggregat und eine Wasserpumpe entwendet. Der Gesamtschaden wird derzeit auf circa 400 Euro gesch\u00e4tzt. <\/p>\n\n\n\n<ul>\n<li><strong>Hinweise bitte an die Polizeiinspektion Ludwigshafen 1, Telefonnummer 0621 963-2122 oder per E-Mail&nbsp;<a href=\"mailto:%20piludwigshafen1@polizei.rlp.de\">piludwigshafen1@polizei.rlp.de<\/a>&nbsp;.<\/strong><\/li>\n<\/ul>\n\n\n\n<h2 class=\"wp-block-heading\">(Mannheim) &#8211; Mit mehr als 1,2 Promille Unfall verursacht<\/h2>\n\n\n\n<p>Am Montagabend gegen 22 Uhr verursachte ein 30-j\u00e4hriger Chevrolet-Fahrer mit mehr als 1,2 Promille einen Unfall auf der Waldstra\u00dfe. Der 30-J\u00e4hrige war in Richtung Sandhofen unterwegs, als er einer vorausfahrenden 48-j\u00e4hrigen BMW-Fahrerin ins Heck fuhr. Die Frau war kurz zuvor von Lutzenberg kommend auf die Waldstra\u00dfe aufgefahren. Verletzt wurde bei dem Unfall gl\u00fccklicherweise niemand. Es entstand jedoch ein Sachschaden in H\u00f6he von mehreren tausend Euro. W\u00e4hrend der Unfallaufnahme stellten die eingesetzten Beamten bei dem 30-J\u00e4hrigen k\u00f6rperliche Anzeichen fest, welche auf den Konsum von berauschenden Mitteln deuteten. Ein Atemalkoholtest best\u00e4tigte schlie\u00dflich den Verdacht und ergab einen Wert von 1,22 Promille. Der Unfallverursacher musste schlie\u00dflich mit zur Dienststelle, wo ihm eine Blutprobe entnommen wurde. Den F\u00fchrerschein des Mannes stellten die Beamten sicher. Nachdem die polizeilichen Ma\u00dfnahmen abgeschlossen waren, durfte er gehen.<\/p>\n\n\n\n<h2 class=\"wp-block-heading\">(Mannheim) &#8211; Steine von Br\u00fccke auf Auto geworfen \/ Zeugen gesucht!<\/h2>\n\n\n<div class=\"wp-block-image\">\n<figure class=\"aligncenter size-full\"><img decoding=\"async\" loading=\"lazy\" width=\"800\" height=\"592\" src=\"https:\/\/speyer24news.com\/wp-content\/uploads\/2023\/02\/Achtung.jpeg\" alt=\"\" class=\"wp-image-51381\" srcset=\"https:\/\/speyer24news.com\/wp-content\/uploads\/2023\/02\/Achtung.jpeg 800w, https:\/\/speyer24news.com\/wp-content\/uploads\/2023\/02\/Achtung-300x222.jpeg 300w, https:\/\/speyer24news.com\/wp-content\/uploads\/2023\/02\/Achtung-768x568.jpeg 768w, https:\/\/speyer24news.com\/wp-content\/uploads\/2023\/02\/Achtung-80x60.jpeg 80w\" sizes=\"(max-width: 800px) 100vw, 800px\" \/><\/figure><\/div>\n\n\n<p>Am Montagabend gegen 21:30 Uhr warfen zwei derzeit noch unbekannte T\u00e4ter Steine vom Neckarauer \u00dcbergang auf darunter durchfahrende Fahrzeuge und trafen mindestens ein Auto. Gl\u00fccklicherweise wurde das Fahrzeug lediglich im Bereich der vorderen Sto\u00dfstange besch\u00e4digt. Der 31-j\u00e4hrige Fahrer blieb unverletzt. Den beiden T\u00e4tern gelang es, unerkannt zu fl\u00fcchten. <\/p>\n\n\n\n<ul>\n<li><strong>Das Polizeirevier Mannheim-Neckarau sucht nun Zeugen, die Hinweise zur Identit\u00e4t der Tatverd\u00e4chtigen geben k\u00f6nnen und bittet diese, sich unter der Telefonnummer 0621\/83397-0 zu melden.<\/strong><\/li>\n<\/ul>\n\n\n\n<h2 class=\"wp-block-heading\">(Mannheim) &#8211; Pfiffige Seniorin entlarvt Betr\u00fcgerin; Haftvorf\u00fchrung<\/h2>\n\n\n<div class=\"wp-block-image\">\n<figure class=\"aligncenter size-full\"><img decoding=\"async\" loading=\"lazy\" width=\"800\" height=\"533\" src=\"https:\/\/speyer24news.com\/wp-content\/uploads\/2020\/06\/Zelle.jpg\" alt=\"\" class=\"wp-image-28203\" srcset=\"https:\/\/speyer24news.com\/wp-content\/uploads\/2020\/06\/Zelle.jpg 800w, https:\/\/speyer24news.com\/wp-content\/uploads\/2020\/06\/Zelle-300x200.jpg 300w, https:\/\/speyer24news.com\/wp-content\/uploads\/2020\/06\/Zelle-768x512.jpg 768w\" sizes=\"(max-width: 800px) 100vw, 800px\" \/><figcaption class=\"wp-element-caption\">Beispielbild Zelle \/ Verhaftung, dient lediglich der Visualisierung<\/figcaption><\/figure><\/div>\n\n\n<p>Durch das Vort\u00e4uschen falscher Tatsachen versuchte eine Betr\u00fcgerbande am Montag gegen 13:05 Uhr eine 73-J\u00e4hrige um ihr Erspartes zu bringen. Ein unbekannter Anrufer, der sich als Polizeibeamter ausgab, suggerierte der Seniorin, dass man im Rahmen eines Polizeieinsatzes ihren Namen auf einer Liste ausfindig machen konnte und die Gefahr eines Raub\u00fcberfalls zu ihrem Nachteil best\u00fcnde. Im weiteren Gespr\u00e4chsverlauf wiesen die Betr\u00fcger die Seniorin an, Bargeld in H\u00f6he von 13.000 Euro abzuheben. Die Seniorin wurde misstrauisch, folgte jedoch den weiteren Forderungen der Betr\u00fcger. Die 73-J\u00e4hrige suchte daraufhin ihre Bank auf und befand sich \u00fcber diese Dauer weiterhin im Telefongespr\u00e4ch mit den Betr\u00fcgern. In ihrer Bank angekommen, reagierte die Seniorin jedoch ganz sch\u00f6n clever. Noch w\u00e4hrend des Telefonats zeigte die Dame der Bankangestellten eine Notiz vor, mit dem Hinweis, den Polizeinotruf zu w\u00e4hlen. Im weiteren Verlauf gaben die Betr\u00fcger an, dass es sich bei dem abgehobenen Geld um Falschgeld handeln w\u00fcrde, weshalb eine weibliche Person unter Nennung eines vereinbarten Passwortes das Geld sowie ihren Schmuck an ihrer Wohnanschrift im Lindenhof in Empfang nehmen w\u00fcrde. Als eine 25-J\u00e4hrige gegen 16 Uhr die Wertgegenst\u00e4nde entgegennehmen wollte, wurde sie durch die &#8222;richtige&#8220; Polizei vorl\u00e4ufig festgenommen und am Folgetag dem Haftrichter\/-in am Amtsgericht Mannheim vorgef\u00fchrt. Anschlie\u00dfend wurde sie in eine Justizvollzugsanstalt eingeliefert.<\/p>\n\n\n\n<p>Die Ermittlungen, insbesondere zu den weiteren beteiligten Personen, dauern an.<\/p>\n\n\n\n<h2 class=\"wp-block-heading\">(Mannheim) &#8211; 64-J\u00e4hrige wurde Opfer eines Raubes<\/h2>\n\n\n<div class=\"wp-block-image\">\n<figure class=\"aligncenter size-full\"><img decoding=\"async\" loading=\"lazy\" width=\"801\" height=\"600\" src=\"https:\/\/speyer24news.com\/wp-content\/uploads\/2020\/05\/Zeugen-gesucht-Neutral.jpg\" alt=\"\" class=\"wp-image-26598\" srcset=\"https:\/\/speyer24news.com\/wp-content\/uploads\/2020\/05\/Zeugen-gesucht-Neutral.jpg 801w, https:\/\/speyer24news.com\/wp-content\/uploads\/2020\/05\/Zeugen-gesucht-Neutral-300x225.jpg 300w, https:\/\/speyer24news.com\/wp-content\/uploads\/2020\/05\/Zeugen-gesucht-Neutral-768x575.jpg 768w, https:\/\/speyer24news.com\/wp-content\/uploads\/2020\/05\/Zeugen-gesucht-Neutral-678x509.jpg 678w, https:\/\/speyer24news.com\/wp-content\/uploads\/2020\/05\/Zeugen-gesucht-Neutral-326x245.jpg 326w, https:\/\/speyer24news.com\/wp-content\/uploads\/2020\/05\/Zeugen-gesucht-Neutral-80x60.jpg 80w\" sizes=\"(max-width: 801px) 100vw, 801px\" \/><\/figure><\/div>\n\n\n<p>Eine 64-J\u00e4hrige befand sich am Sonntagabend, um 18:10 Uhr im Bereich des Werderplatzes und beabsichtigte, die Werderstra\u00dfe zu \u00fcberqueren. Pl\u00f6tzlich versuchte ein bislang unbekannter m\u00e4nnlicher T\u00e4ter der Dame die Handtasche zu entrei\u00dfen. Nachdem die Dame jedoch an der Tasche festhielt, ri\u00df der Tatverd\u00e4chtige noch fester daran und konnte sich diese so aneignen. Die Dame wurde hierdurch leicht verletzt. Gemeinsam mit einem weiteren unbekannten Mann entkam der Tatverd\u00e4chtige und fl\u00fcchtete in unbekannte Richtung.<\/p>\n\n\n\n<h4 class=\"wp-block-heading\">Der junge Mann, der die Tasche entri\u00df, wurde folgenderma\u00dfen beschrieben:<\/h4>\n\n\n\n<ul>\n<li><strong>ca. 16-20 Jahre<\/strong><\/li>\n\n\n\n<li><strong>ca. 175 cm<\/strong><\/li>\n\n\n\n<li><strong>schlank<\/strong><\/li>\n\n\n\n<li><strong>arabisches Erscheinungsbild<\/strong><\/li>\n\n\n\n<li><strong>dunkel gekleidet<\/strong><\/li>\n<\/ul>\n\n\n\n<ul>\n<li><strong>Zu dem Begleiter liegt keinerlei Beschreibung vor.<\/strong><\/li>\n<\/ul>\n\n\n\n<ul>\n<li><strong>Zeugen, die Hinweise zu dem T\u00e4ter und seinem Begleiter geben k\u00f6nnen, werden gebeten, sich bei dem kriminalpolizeilichen Hinweistelefon, unter der Tel.-Nr.: 0621\/174-4444, zu melden.<\/strong><\/li>\n<\/ul>\n\n\n\n<h2 class=\"wp-block-heading\">(Mannheim) &#8211; Aggressiver Diskobesucher verletzt Polizeibeamte<\/h2>\n\n\n<div class=\"wp-block-image\">\n<figure class=\"aligncenter size-full\"><img decoding=\"async\" loading=\"lazy\" width=\"800\" height=\"533\" src=\"https:\/\/speyer24news.com\/wp-content\/uploads\/2021\/10\/Festnahme-Handschellen.jpg\" alt=\"\" class=\"wp-image-41224\" srcset=\"https:\/\/speyer24news.com\/wp-content\/uploads\/2021\/10\/Festnahme-Handschellen.jpg 800w, https:\/\/speyer24news.com\/wp-content\/uploads\/2021\/10\/Festnahme-Handschellen-300x200.jpg 300w, https:\/\/speyer24news.com\/wp-content\/uploads\/2021\/10\/Festnahme-Handschellen-768x512.jpg 768w\" sizes=\"(max-width: 800px) 100vw, 800px\" \/><figcaption class=\"wp-element-caption\">Beispielbild Handschelle \/ Verhaftung, dient lediglich der Visualisierung<\/figcaption><\/figure><\/div>\n\n\n<p>Am Sonntagmorgen gegen 04 Uhr verst\u00e4ndigte der Sicherheitsdienst einer Diskothek in den T-Quadraten die Polizei, nachdem ein aggressiver 31-j\u00e4hriger Gast einen Spiegel des Inventars besch\u00e4digt hatte. Als die Polizeibeamtinnen und Polizeibeamten den Mann aus der Diskothek f\u00fchren wollten, weigerte sich dieser bereits zu Beginn, an den polizeilichen Ma\u00dfnahmen mitzuwirken und trat den Polizeibeamtinnen und Polizeibeamten aggressiv entgegen. Unter anderem versuchte er, sich aus den Festhaltegriffen zu befreien und trat gegen die Polizeibeamtinnen und Polizeibeamten. Als er zu Boden gebracht wurde und letztendlich mittels Handschellen gefesselt werden konnte, kam ihm ein unbeteiligter 33-j\u00e4hriger Soldat der amerikanischen Streitkr\u00e4fte zur Hilfe. Dieser zerrte die Polizeibeamten, von dem 31-J\u00e4hrigen weg und begann auf die festnehmenden Polizeibeamten einzuschlagen. Dies hatte zur Folge, dass sie zwar durch die Schl\u00e4ge zun\u00e4chst nicht verletzt wurden, jedoch ihren sicheren Stand verloren und gemeinsam mit dem Soldaten die Treppe hinabst\u00fcrzten. Durch weitere eingesetzte Polizeibeamte konnte der Soldat \u00fcberw\u00e4ltigt und ebenfalls festgenommen werden. Durch den Sturz verletzten sich die beiden Polizeibeamten und mussten zur weiteren medizinischen Versorgung in ein Krankenhaus eingeliefert werden.<\/p>\n\n\n\n<p>Ein Polizeibeamter musste zun\u00e4chst station\u00e4r aufgenommen werden, wurde jedoch zwischenzeitlich wieder entlassen. Der zweite Beamte wurde erheblich an der Hand verletzt, so dass eine Aufnahme des Dienstes in absehbarer Zeit nicht m\u00f6glich ist.<\/p>\n\n\n\n<p>Beide Tatverd\u00e4chtige wurden zur Durchf\u00fchrung der weiteren polizeilichen Ma\u00dfnahmen auf das Revier gebracht. Dort stellte sich heraus, dass beide Tatverd\u00e4chtige Alkohol konsumiert hatten. Ein durchgef\u00fchrter Alkoholtest wies bei dem 31-J\u00e4hrigen einen Wert von \u00fcber 1 Promille auf, bei dem Soldaten mehr als 0,9 Promille. Eine Blutentnahme erfolgte bei beiden Tatverd\u00e4chtigen. Der 33-J\u00e4hrige wurde nach Abschluss der Ma\u00dfnahmen an die zust\u00e4ndige MP Kaiserslautern \u00fcberstellt, welche die weiteren Ma\u00dfnahmen in eigener Zust\u00e4ndigkeit veranlassten. Der 31-J\u00e4hrige wurde nach Beendigung der Ma\u00dfnahmen von der Dienststelle entlassen. Das Polizeirevier Mannheim Innenstadt hat die weiteren Ermittlungen aufgenommen.<\/p>\n\n\n\n<ul>\n<li><strong>Zeugen, die sachdienliche Hinweise geben k\u00f6nnen, werden gebeten, sich bei dem Polizeirevier Mannheim-Innenstadt, unter der Tel.-Nr.: 0621\/12580 zu melden.<\/strong><\/li>\n<\/ul>\n\n\n\n<h2 class=\"wp-block-heading\">(Mannheim) &#8211; 32-j\u00e4hriger Mann wegen des Verdachts des versuchten Totschlags in Untersuchungshaft \/ Zeugenaufruf<\/h2>\n\n\n\n<h3 class=\"wp-block-heading\">Gemeinsame Presseerkl\u00e4rung der Staatsanwaltschaft Mannheim und des Polizeipr\u00e4sidiums Mannheim<\/h3>\n\n\n<div class=\"wp-block-image\">\n<figure class=\"aligncenter size-full\"><img decoding=\"async\" loading=\"lazy\" width=\"801\" height=\"600\" src=\"https:\/\/speyer24news.com\/wp-content\/uploads\/2020\/05\/Zeugen-gesucht-Neutral.jpg\" alt=\"\" class=\"wp-image-26598\" srcset=\"https:\/\/speyer24news.com\/wp-content\/uploads\/2020\/05\/Zeugen-gesucht-Neutral.jpg 801w, https:\/\/speyer24news.com\/wp-content\/uploads\/2020\/05\/Zeugen-gesucht-Neutral-300x225.jpg 300w, https:\/\/speyer24news.com\/wp-content\/uploads\/2020\/05\/Zeugen-gesucht-Neutral-768x575.jpg 768w, https:\/\/speyer24news.com\/wp-content\/uploads\/2020\/05\/Zeugen-gesucht-Neutral-678x509.jpg 678w, https:\/\/speyer24news.com\/wp-content\/uploads\/2020\/05\/Zeugen-gesucht-Neutral-326x245.jpg 326w, https:\/\/speyer24news.com\/wp-content\/uploads\/2020\/05\/Zeugen-gesucht-Neutral-80x60.jpg 80w\" sizes=\"(max-width: 801px) 100vw, 801px\" \/><\/figure><\/div>\n\n\n<p>Ein 32 Jahre alter Mann soll am 15.12.2023 gegen 01:14 Uhr in Mannheim in der Schwetzinger Stra\u00dfe an einer Haltestelle zun\u00e4chst in eine verbale Auseinandersetzung mit einem 28-j\u00e4hrigen Bekannten geraten sein. Im Laufe des Streitgespr\u00e4ches soll er sodann ein Messer gezogen und mehrfach auf den Oberk\u00f6rper seines Bekannten eingestochen haben.<\/p>\n\n\n\n<p>W\u00e4hrenddessen kam es aus bislang unbekannten Gr\u00fcnden zu einer Schussabgabe, wodurch der 32-j\u00e4hrige Tatverd\u00e4chtige schwer verletzt wurde. Die Herkunft und der Gebrauch der Schusswaffe ist derzeit noch Gegenstand der Ermittlungen der Kriminalpolizei des Polizeipr\u00e4sidiums Mannheim.<\/p>\n\n\n\n<p>Der 32-j\u00e4hrige Tatverd\u00e4chtige und zwei bislang unbekannte Zeugen sollen daraufhin gemeinsam in Richtung Mannheimer Hauptbahnhof gefl\u00fcchtet sein. Von dort verst\u00e4ndigte der 32-J\u00e4hrige selbst\u00e4ndig die Rettungsleitstelle und teilte mit, angeschossen worden zu sein. Die beiden unbekannten Zeugen fl\u00fcchteten in unbekannte Richtung. Der 28-j\u00e4hrige Gesch\u00e4digte blieb verletzt an der Haltestelle und alarmierte ebenfalls den Notruf. Beide M\u00e4nner wurden mit lebensgef\u00e4hrlichen Verletzungen in ein Mannheimer Krankenhaus eingeliefert. Lebensgefahr besteht nicht mehr.<\/p>\n\n\n\n<p>Auf Antrag der Staatsanwaltschaft Mannheim wurde gegen den 32-j\u00e4hrigen Tatverd\u00e4chtigen durch das Amtsgericht Mannheim am 15.12.2023 Haftbefehl wegen des Verdachts des versuchten Totschlages erlassen und in Vollzug gesetzt. Der Tatverd\u00e4chtige bleibt bis zur Erlangung der Transportf\u00e4higkeit unter Bewachung im Krankenhaus.<\/p>\n\n\n\n<ul>\n<li><strong>Zur Kl\u00e4rung der weiteren Tatumst\u00e4nde bitten die Beamtinnen und Beamten des Kriminalkommissariats Mannheim Zeugen, die Angaben zum Sachverhalt, zu den beiden bislang unbekannten Zeugen oder zur Tatwaffe machen k\u00f6nnen, sich bei dem kriminalpolizeilichen Hinweistelefon, Tel.-Nr.: 0621\/174-4444, zu melden.<\/strong><\/li>\n<\/ul>\n\n\n\n<p>Die Ermittlungen der Staatsanwaltschaft Mannheim und des Kriminalkommissariats Mannheim dauern an.<\/p>\n\n\n\n<h2 class=\"wp-block-heading\">(Mannheim \/ Heidelberg \/ Rhein-Neckar-Kreis) &#8211; Die Verkehrspolizeiinspektion des Polizeipr\u00e4sidiums Mannheim startet die Fahrrad-Kontrollwochen<\/h2>\n\n\n<div class=\"wp-block-image\">\n<figure class=\"aligncenter size-full\"><img decoding=\"async\" loading=\"lazy\" width=\"800\" height=\"600\" src=\"https:\/\/speyer24news.com\/wp-content\/uploads\/2019\/04\/Fahrradkontrollwoche.jpg\" alt=\"\" class=\"wp-image-12351\" srcset=\"https:\/\/speyer24news.com\/wp-content\/uploads\/2019\/04\/Fahrradkontrollwoche.jpg 800w, https:\/\/speyer24news.com\/wp-content\/uploads\/2019\/04\/Fahrradkontrollwoche-300x225.jpg 300w, https:\/\/speyer24news.com\/wp-content\/uploads\/2019\/04\/Fahrradkontrollwoche-768x576.jpg 768w, https:\/\/speyer24news.com\/wp-content\/uploads\/2019\/04\/Fahrradkontrollwoche-678x509.jpg 678w, https:\/\/speyer24news.com\/wp-content\/uploads\/2019\/04\/Fahrradkontrollwoche-326x245.jpg 326w, https:\/\/speyer24news.com\/wp-content\/uploads\/2019\/04\/Fahrradkontrollwoche-80x60.jpg 80w\" sizes=\"(max-width: 800px) 100vw, 800px\" \/><figcaption class=\"wp-element-caption\">Fahrradkontrollwoche<\/figcaption><\/figure><\/div>\n\n\n<p>Vor dem Hintergrund eines landesweiten Trends steigender Zahlen von Fahrradunf\u00e4llen begann am Montag die Umsetzung der &#8222;Kontrollwoche Fahrradfahrer&#8220; der Verkehrspolizeiinspektion des Polizeipr\u00e4sidiums Mannheim. Dabei verfolgt die Polizei das Ziel, besonders jene Verkehrsverst\u00f6\u00dfe niederschwellig und konsequent zu ahnden, bei denen sich Radfahrerinnen und Radfahrer selbst oder andere Verkehrsteilnehmer gef\u00e4hrden. Neben dem Missachten von Ampeln z\u00e4hlt hierzu die Verkehrssicherheit der Fahrr\u00e4der. Mangelnde Sichtbarkeit aufgrund ungen\u00fcgender oder fehlender Beleuchtung stellt gerade in den dunklen Wintermonaten eine nicht unerhebliche Gefahr dar und hat immer wieder schwere Verkehrsunf\u00e4lle zur Folge. Zudem stehen im Mittelpunkt der spezialisierten Kontrollen auch manipulierte oder unzul\u00e4ssige Pedelecs. Durch die h\u00f6here Geschwindigkeit bei mangelhafter Technik steigt ganz erheblich die Unfallgefahr. In diesen F\u00e4llen kann bei einem Unfall auf Grund der vors\u00e4tzlichen Ver\u00e4nderungen der Schutz einer Haftpflichtversicherung entfallen, was mitunter sehr teuer werden kann. Doch auch die Unfallpr\u00e4vention steht im Mittelpunkt der Kontrollwochen. In ihren verkehrserzieherischen Gespr\u00e4chen sensibilisiert die Verkehrspolizeiinspektion deshalb hinsichtlich der lebensrettenden Schutzwirkung von Fahrradhelmen und empfiehlt Fahrradfahrerinnen und -fahrern: &#8222;Helm drauf&#8220;. Die ersten Kontrollaktionen zum Wochenanfang fanden w\u00e4hrend des Berufsverkehrs in Mannheim und in Heidelberg statt. Dabei mussten bereits \u00fcber 100 Verwarnungen wegen M\u00e4ngeln bei der Beleuchtung ausgesprochen werden. Hinzu kamen mehr als 50 Anzeigen wegen Missachtens des Rotlichts an Ampeln. Eine 45-j\u00e4hrige Fahrradfahrerin wurde in Heidelberg mit einem frisierten Pedelec aus dem Verkehr gezogen, das eine Geschwindigkeit von \u00fcber 45 km\/h erreichte. Unzul\u00e4ssige Pedelecs wurden zudem in Mannheim-Neckarstadt sowie in Sandhausen festgestellt und aus dem Verkehr gezogen. Die Fahrerinnen und Fahrer erwarten Strafanzeigen wegen Verst\u00f6\u00dfen gegen das Pflichtversicherungsgesetz sowie Fahren ohne Fahrerlaubnis. Im Aktionszeitraum bis zum 12.01.2024 werden zahlreiche weitere Kontrollen in Mannheim, Heidelberg und dem Rhein-Neckar-Kreis folgen.<\/p>\n\n\n\n<h2 class=\"wp-block-heading\">(Heidelberg) &#8211; Ungesicherte Ladung und riskante Fahrweise gef\u00e4hrden Verkehr<\/h2>\n\n\n\n<p>Am Montag fiel einem Zeugen um kurz nach 15 Uhr ein schwarzer VW Touran in der R\u00f6merstra\u00dfe auf, da aus der ge\u00f6ffneten Heckklappe Holzbohlen und Metallprofile herausragten. Die Gegenst\u00e4nde waren nicht gesichert oder gekennzeichnet. Als der Zeuge, der mit einem Fahrrad unterwegs war, an einer roten Ampel zu dem VW aufschloss und den Fahrer auf die Gefahren der Ladung ansprach, fuhr der Autofahrer unger\u00fchrt weiter. An der Einm\u00fcndung zur Franz-Knauff-Stra\u00dfe missachtete der VW-Fahrer eine rote Ampel und fuhr mit \u00fcberh\u00f6hter Geschwindigkeit in Richtung Weststadt. Der Radfahrer verlor das Fahrzeug aus den Augen, bemerkte aber auf der Z\u00e4hringer Stra\u00dfe drei massive, knapp drei Meter lange Metallprofile im Kurvenbereich auf der Fahrbahn liegend. Die Gegenst\u00e4nde stellten eine unmittelbare Gefahr f\u00fcr andere Verkehrsteilnehmende dar und geh\u00f6rten augenscheinlich zur Ladung des VW. Der Verkehrsdienst Heidelberg \u00fcbernahm die weiteren Ermittlungen hinsichtlich des verantwortlichen Fahrers. <\/p>\n\n\n\n<ul>\n<li><strong>Dabei soll es sich um einen knapp 50-j\u00e4hrigen Mann mit Halbglatze handeln, der in einem \u00e4lteren Modell eines schwarzen VW Tourans mit HD-Kennzeichen unterwegs war.<\/strong><\/li>\n<\/ul>\n\n\n\n<ul>\n<li><strong>Zeugen, die sachdienliche Hinweise geben k\u00f6nnen, oder Personen, die durch die Fahrweise oder die verlorene Ladung gef\u00e4hrdet wurden, werden gebeten, sich beim Verkehrsdienst Heidelberg unter der Telefonnummer 0621-1744111 zu melden.<\/strong><\/li>\n<\/ul>\n\n\n\n<h2 class=\"wp-block-heading\">(Heidelberg) &#8211; Auto in Neuenheim aufgebrochen \/ Polizei sucht Zeugen<\/h2>\n\n\n\n<p>An einem nicht n\u00e4her bestimmbaren Zeitpunkt zwischen Sonntagabend und Montagfr\u00fch schlug eine bislang unbekannte T\u00e4terschaft eine Seitenscheibe an einem in der Bergstra\u00dfe geparkten Auto ein. Als die 20-j\u00e4hrige Besitzerin ihr so besch\u00e4digtes Fahrzeug am Montagmorgen vorfand, bemerkte sie auch, dass das Innere des Autos durchw\u00fchlt worden war und M\u00fcnzgeld im Fu\u00dfraum verstreut lag. Ob etwas entwendet wurde, ist bis dato unklar. Das Polizeirevier Heidelberg-Nord \u00fcbernahm die weiteren Ermittlungen hinsichtlich des Verdachts des besonders schweren Falls des Diebstahls. <\/p>\n\n\n\n<ul>\n<li><strong>Zeugen, die sachdienliche Hinweise geben k\u00f6nnen, werden gebeten, sich beim Polizeirevier Heidelberg-Nord unter der Telefonnummer 06221-4569-0 zu melden.<\/strong><\/li>\n<\/ul>\n\n\n\n<h2 class=\"wp-block-heading\">(Altlu\u00dfheim \/ Rhein-Neckar-Kreis) &#8211; Rehe verursachen Wildunf\u00e4lle<\/h2>\n\n\n<div class=\"wp-block-image\">\n<figure class=\"aligncenter size-full\"><img decoding=\"async\" loading=\"lazy\" width=\"500\" height=\"441\" src=\"https:\/\/speyer24news.com\/wp-content\/uploads\/2019\/11\/Achtung-Wild.jpg\" alt=\"\" class=\"wp-image-21975\" srcset=\"https:\/\/speyer24news.com\/wp-content\/uploads\/2019\/11\/Achtung-Wild.jpg 500w, https:\/\/speyer24news.com\/wp-content\/uploads\/2019\/11\/Achtung-Wild-300x265.jpg 300w\" sizes=\"(max-width: 500px) 100vw, 500px\" \/><\/figure><\/div>\n\n\n<p>Gleich zu zwei Wildunf\u00e4llen kam es bei Altlu\u00dfheim im Laufe des Montags. Um kurz nach 8 Uhr \u00fcberquerten pl\u00f6tzlich vier Rehe die B 39. Der 32-J\u00e4hrige Fahrer eines VW konnte nicht mehr rechtzeitig abbremsen, beziehungsweise ausweichen und touchierte eines der Tiere mit dem Au\u00dfenspiegel des Fahrzeugs. Das Reh lief in Richtung eines Feldes weiter. Die H\u00f6he des Schadens am Auto steht noch nicht fest. Um kurz vor 13 Uhr meldete ein 56-J\u00e4hriger, dass er mit seinem Volvo auf der Rheinh\u00e4user Stra\u00dfe zwischen Bruchgarten und dem Ortsrand ein Reh erfasst hatte. Da das Tier ganz unvermittelt die Stra\u00dfe \u00fcberquerte, konnte er einen Zusammensto\u00df nicht mehr verhindern. An seinem Auto entstand ein Schaden von 2.000 Euro. Das verletzte Tier verstarb an der Unfallstelle. Der zust\u00e4ndige Jagdp\u00e4chter wurde informiert.<\/p>\n\n\n\n<p>Die Polizei weist in diesem Zusammenhang auf die erh\u00f6hte Gefahr von Wildunf\u00e4llen gerade in der kalten und dunklen Jahreszeit hin. Insbesondere zwischen Feldern und Waldst\u00fccken kann es auch tags\u00fcber zu einem \u00fcberraschenden Wildwechsel kommen. Entsprechend sollte die Fahrweise angepasst und entsprechende Warnschilder ber\u00fccksichtigt werden.<\/p>\n\n\n\n<h2 class=\"wp-block-heading\">(Eberbach \/ Rhein-Neckar-Kreis) &#8211; Unter Drogen auf E-Scooter unterwegs<\/h2>\n\n\n\n<p>Ein 37-J\u00e4hriger fuhr am Montag mit einem E-Scooter in Richtung der Hohenstaufen-Sporthalle. Eine Streife des Polizeireviers Eberbach bemerkte den Mann um kurz nach 21:30 Uhr im Karlstalweg und kontrollierte ihn. Bei genauer Inaugenscheinnahme des Fahrers ergaben sich Hinweise darauf, dass der Mann unter dem Einfluss von Drogen stand. Ein Urintest, der positiv auf einen Cannabiswirkstoff anschlug, best\u00e4tigte die Verdachtsmomente. Der 37-J\u00e4hrige gab an, das Bet\u00e4ubungsmittel \u00e4rztlich verschrieben bekommen zu haben. Belegen konnte er seine Behauptung jedoch nicht und auch erste Ermittlungen ergaben keine Hinweise hierauf, weshalb der Mann eine Blutprobe abgeben musste und auch nicht mehr weiterfahren durfte. Sollte sich der Verdacht einer Fahrt unter dem Einfluss unerlaubter Bet\u00e4ubungsmittel best\u00e4tigen, muss der Mann neben einem erheblichen Bu\u00dfgeld auch mit f\u00fchrerscheinrechtlichen Konsequenzen rechnen.<\/p>\n","protected":false},"excerpt":{"rendered":"<div class=\"mh-excerpt\"><p>Polizeimeldungen vom Dienstag (19.12.2023) (Speyer) &#8211; Wohnungsbrand Am Dienstagnachmittag (19.12.2023), gegen 15:10 Uhr, brach in einem Mehrfamilienhaus in der Eugen-J\u00e4ger-Stra\u00dfe in der Wohnung einer 93-J\u00e4hrigen ein Brand aus. Bei Eintreffen der Einsatzkr\u00e4fte stand die Wohnung <a class=\"mh-excerpt-more\" href=\"https:\/\/speyer24news.com\/?p=56978\" title=\"Polizeimeldungen Dienstag (19.12.23)\">[&#8230;]<\/a><\/p>\n<\/div>","protected":false},"author":3,"featured_media":26162,"comment_status":"open","ping_status":"open","sticky":false,"template":"","format":"standard","meta":{"_monsterinsights_skip_tracking":false,"_monsterinsights_sitenote_active":false,"_monsterinsights_sitenote_note":"","_monsterinsights_sitenote_category":0,"footnotes":""},"categories":[15659],"tags":[7273,7243,7244,3614,13554,350,14537,15084,15267,14538,15361,61,2555,14113,6955,6986,6263,63,105,11150,6987,53,13540,16956,4683,14958,12967,13626,213,14325,14324,13553,2625,380],"aioseo_notices":[],"amp_enabled":true,"_links":{"self":[{"href":"https:\/\/speyer24news.com\/index.php?rest_route=\/wp\/v2\/posts\/56978"}],"collection":[{"href":"https:\/\/speyer24news.com\/index.php?rest_route=\/wp\/v2\/posts"}],"about":[{"href":"https:\/\/speyer24news.com\/index.php?rest_route=\/wp\/v2\/types\/post"}],"author":[{"embeddable":true,"href":"https:\/\/speyer24news.com\/index.php?rest_route=\/wp\/v2\/users\/3"}],"replies":[{"embeddable":true,"href":"https:\/\/speyer24news.com\/index.php?rest_route=%2Fwp%2Fv2%2Fcomments&post=56978"}],"version-history":[{"count":5,"href":"https:\/\/speyer24news.com\/index.php?rest_route=\/wp\/v2\/posts\/56978\/revisions"}],"predecessor-version":[{"id":56983,"href":"https:\/\/speyer24news.com\/index.php?rest_route=\/wp\/v2\/posts\/56978\/revisions\/56983"}],"wp:featuredmedia":[{"embeddable":true,"href":"https:\/\/speyer24news.com\/index.php?rest_route=\/wp\/v2\/media\/26162"}],"wp:attachment":[{"href":"https:\/\/speyer24news.com\/index.php?rest_route=%2Fwp%2Fv2%2Fmedia&parent=56978"}],"wp:term":[{"taxonomy":"category","embeddable":true,"href":"https:\/\/speyer24news.com\/index.php?rest_route=%2Fwp%2Fv2%2Fcategories&post=56978"},{"taxonomy":"post_tag","embeddable":true,"href":"https:\/\/speyer24news.com\/index.php?rest_route=%2Fwp%2Fv2%2Ftags&post=56978"}],"curies":[{"name":"wp","href":"https:\/\/api.w.org\/{rel}","templated":true}]}}