{"id":56992,"date":"2023-12-27T12:20:01","date_gmt":"2023-12-27T11:20:01","guid":{"rendered":"https:\/\/speyer24news.com\/?p=56992"},"modified":"2023-12-28T06:11:46","modified_gmt":"2023-12-28T05:11:46","slug":"polizeimeldungen-weihnachten-2023","status":"publish","type":"post","link":"https:\/\/speyer24news.com\/?p=56992","title":{"rendered":"Polizeimeldungen Weihnachten 2023"},"content":{"rendered":"<style type=\"text\/css\">\r\n\t.ads_top_disp{}\r\n\t.ads_top_corner_disp{ float:left; margin:0px 10px 10px 0px; }\r\n\t.ads_first_p_disp{}\r\n\t.ads_bottom_disp{}\r\n\t<\/style>\n<h2 class=\"wp-block-heading\">Polizeimeldungen der Weihnachtsfeiertage 2023<\/h2>\n\n\n<div class=\"wp-block-image\">\n<figure class=\"aligncenter size-full\"><img decoding=\"async\" loading=\"lazy\" width=\"375\" height=\"500\" src=\"https:\/\/speyer24news.com\/wp-content\/uploads\/2022\/03\/Aktuelles-Polizeilogo.jpg\" alt=\"\" class=\"wp-image-43591\" srcset=\"https:\/\/speyer24news.com\/wp-content\/uploads\/2022\/03\/Aktuelles-Polizeilogo.jpg 375w, https:\/\/speyer24news.com\/wp-content\/uploads\/2022\/03\/Aktuelles-Polizeilogo-225x300.jpg 225w\" sizes=\"(max-width: 375px) 100vw, 375px\" \/><\/figure><\/div>\n\n\n<h2 class=\"wp-block-heading\">(Speyer) &#8211; Polizeibeamte beleidigt und bedroht<\/h2>\n\n\n<div class=\"wp-block-image\">\n<figure class=\"aligncenter size-full\"><img decoding=\"async\" loading=\"lazy\" width=\"800\" height=\"600\" src=\"https:\/\/speyer24news.com\/wp-content\/uploads\/2019\/06\/Ausn\u00fcchterungszelle.jpg\" alt=\"\" class=\"wp-image-15212\" srcset=\"https:\/\/speyer24news.com\/wp-content\/uploads\/2019\/06\/Ausn\u00fcchterungszelle.jpg 800w, https:\/\/speyer24news.com\/wp-content\/uploads\/2019\/06\/Ausn\u00fcchterungszelle-300x225.jpg 300w, https:\/\/speyer24news.com\/wp-content\/uploads\/2019\/06\/Ausn\u00fcchterungszelle-768x576.jpg 768w, https:\/\/speyer24news.com\/wp-content\/uploads\/2019\/06\/Ausn\u00fcchterungszelle-678x509.jpg 678w, https:\/\/speyer24news.com\/wp-content\/uploads\/2019\/06\/Ausn\u00fcchterungszelle-326x245.jpg 326w, https:\/\/speyer24news.com\/wp-content\/uploads\/2019\/06\/Ausn\u00fcchterungszelle-80x60.jpg 80w\" sizes=\"(max-width: 800px) 100vw, 800px\" \/><figcaption class=\"wp-element-caption\">Beispielbild Zelle \/ Verhaftung, dient lediglich der Visualisierung<\/figcaption><\/figure><\/div>\n\n\n<p>Am 25.12.23 gegen 21:00 Uhr kam es auf dem &#8222;K\u00f6nigsplatz&#8220; in Speyer zu einer K\u00f6rperverletzung zwischen zwei Personen. Vor Ort konnten die eingesetzten Beamten einen aggressiven 22-J\u00e4hrigen antreffen. Da sich dieser nicht beruhigen lie\u00df, wurde er gefesselt. Dabei beleidigte und bedrohte er die Beamten. Im Anschluss wurde er in Gewahrsam genommen und auf die Dienststelle transportiert.<\/p>\n\n\n\n<h2 class=\"wp-block-heading\">(Speyer) &#8211; Streitigkeiten f\u00fchren zum Auffinden von Waffen<\/h2>\n\n\n\n<p>Am 25.12.2023 gegen 18:30 Uhr wurde die Polizei Speyer zu Streitigkeiten zwischen zwei Personen in der Stra\u00dfe &#8222;Im Ehrlich&#8220; in Speyer gerufen. Dort konnten sie einen 60-j\u00e4hrigen Mann antreffen. Im Rahmen der Durchsuchung konnten bei dem Mann ein Elektroschocker, eine Schreckschusswaffe mit Patronen, ein Ersatzmagazin, ein Messer und drei Pfeffersprays aufgefunden und sichergestellt werden. Gegen den Mann wird ein Strafverfahren eingeleitet.<\/p>\n\n\n\n<h2 class=\"wp-block-heading\">(Speyer) &#8211; Verkehrsunfall mit fl\u00fcchtigem Fahrradfahrer<\/h2>\n\n\n\n<p>In der Nacht vom Samstag, 23.12.2023, auf Sonntag, 24.12.2023, befuhr ein bisher unbekannter Fahrradfahrer die Schandeinstra\u00dfe in Fahrtrichtung der Stra\u00dfe &#8222;Am Woogbach&#8220; und touchierte auf H\u00f6he der Hausnummer 42 einen ordnungsgem\u00e4\u00df, am rechten Fahrbahnrand, geparkten PKW. Anschlie\u00dfend entfernte sich der Fahrradfahrer von der Unfallstelle ohne seinen Pflichten als Verkehrsunfallbeteiligter nachzukommen. An der Unfall\u00f6rtlichkeit konnten eine zerbrochene Glasflasche, ein Fahrradschloss und ein Fahrradkorb aufgefunden und sichergestellt werden. Ob der Fahrradfahrer Verletzungen erlitten hat ist derzeit nicht bekannt. An dem PKW entstand ein Sachschaden in H\u00f6he von ca. 1500 Euro.<\/p>\n\n\n\n<ul>\n<li><strong>Wer kann Hinweise zu dem Unfall geben? Zeugen, oder der Fahrradfahrer selbst, werden gebeten, sich mit der Polizei Speyer telefonisch oder per E-Mail (Tel. 06232 \/ 137-0, E-Mail an&nbsp;<a href=\"mailto:%20pispeyer@polizei.rlp.de\">pispeyer@polizei.rlp.de<\/a>) in Verbindung zu setzen.<\/strong><\/li>\n<\/ul>\n\n\n\n<h2 class=\"wp-block-heading\">(Speyer) &#8211; Verkehrsunfall mit hohem Sachschaden durch alkoholisierten Pkw-Fahrer<\/h2>\n\n\n\n<p>Am Samstagabend gegen 22:50 Uhr befuhr ein 25-J\u00e4hriger mit seinem Pkw die Stra\u00dfe St-Guido-Stifts-Platz in Richtung Wormser Stra\u00dfe in Speyer. Hierbei kam der Fahrer nach rechts von der Fahrbahn ab und touchierte zun\u00e4chst einen am Fahrbahnrand geparkten Pkw. Anschlie\u00dfend setzte der Mann seine Fahrt fort und touchierte einen ebenfalls am rechten Fahrbahnrand geparkten Pkw, welcher dadurch auf zwei weitere Fahrzeuge aufgeschoben wurde. Hierbei entstand Sachschaden in H\u00f6he von ca. 43.000 Euro. Beim Verkehrsunfallverursacher konnte eine Atemalkoholkonzentration von 2,69 Promille festgestellt werden. Es wurde eine Blutprobe entnommen und der F\u00fchrerschein beschlagnahmt.<\/p>\n\n\n\n<h2 class=\"wp-block-heading\">(Speyer) &#8211; Verkehrsunfall mit leichtverletzten Motorradfahrer<\/h2>\n\n\n\n<p>Am Samstag gegen 17:00 Uhr \u00fcbersah eine 18-j\u00e4hrige Pkw-Fahrerin beim Spurwechsel in der Bahnhofstra\u00dfe in Speyer einen nachfolgenden Motorradfahrer, weshalb dieser eine Vollbremsung vollziehen musste und so zu Fall kam. Der 16-j\u00e4hrige Motorradfahrer verletzte sich hierbei leicht und wurde zur weiteren medizinischen Abkl\u00e4rung in ein nahgelegenes Krankenhaus verbracht.<\/p>\n\n\n\n<h2 class=\"wp-block-heading\">(Speyer) &#8211; Alkoholisierter Fahrradfahrer verursacht Verkehrsunfall<\/h2>\n\n\n\n<p>Am Samstagmittag befuhr ein 29-j\u00e4hriger Fahrradfahrer die Hellergasse in Speyer entgegen der Einbahnstra\u00dfe. Beim Rechtsabbiegen kam es zu einem Frontalzusammensto\u00df zwischen dem Fahrradfahrer und einem entgegenkommenden abbiegenden 36-j\u00e4hrigen Pkw-Fahrer, sodass der Fahrradfahrer st\u00fcrzte. Bei dem Radfahrer konnte deutlicher Atemalkoholgeruch wahrgenommen werden, weshalb ihm nach der Unfallaufnahme eine Blutprobe entnommen wurde. Es entstand Sachschaden in H\u00f6he von ca. 1.050 Euro, verletzt wurde augenscheinlich niemand.<\/p>\n\n\n\n<h2 class=\"wp-block-heading\">(B\u00f6hl-Iggelheim) &#8211; Einbruch in mehrere PKW<\/h2>\n\n\n\n<p>Am Abend des 25.12.2023, gegen 22:10 Uhr, teilte eine Zeugin mit, dass im Bereich des Bahnhofs in B\u00f6hl-Iggelheim, mehrere Fahrzeuge mit eingeschlagenen Scheiben stehen w\u00fcrden. Dies konnte durch die Polizei vor Ort best\u00e4tigt werden. So kam es an insgesamt vier Fahrzeugen zu Besch\u00e4digungen in Form von eingeschlagenen Scheiben. In den Fahrzeugen wurden teilweise die Handschuhf\u00e4cher durchw\u00fchlt und offenbar nach Wertgegenst\u00e4nden durchsucht. Wie gro\u00df der entstandene Schaden insgesamt ist, ist noch Teil der Ermittlungen. An allen Fahrzeugen wurde jeweils eine Spurensuche durchgef\u00fchrt. <\/p>\n\n\n\n<ul>\n<li><strong>Hinweise nimmt die Polizeiinspektion Schifferstadt unter der Telefonnummer 06235 &#8211; 495-0 oder per E-Mail (<a href=\"mailto:pischifferstadt@polizei.rlp.de\">pischifferstadt@polizei.rlp.de<\/a>) entgegen. <\/strong><\/li>\n<\/ul>\n\n\n\n<p><strong>Die Polizei r\u00e4t grunds\u00e4tzlich keine Wertgegenst\u00e4nde im Fahrzeug aufzubewahren. Auch bei einer kurzen Rast sollten Wertsachen, Smartphone oder die teure Kamera nicht im Wagen bleiben.<\/strong><\/p>\n\n\n\n<h2 class=\"wp-block-heading\">(L 528 \/ B\u00f6hl-Iggelheim) &#8211; Unfallflucht mit \u00fcberschlagenem Pkw auf der L 528 \/ Fahrer fl\u00fcchtet fu\u00dfl\u00e4ufig<\/h2>\n\n\n<div class=\"wp-block-image\">\n<figure class=\"aligncenter size-full\"><img decoding=\"async\" loading=\"lazy\" width=\"801\" height=\"600\" src=\"https:\/\/speyer24news.com\/wp-content\/uploads\/2020\/05\/Zeugen-gesucht-Neutral.jpg\" alt=\"\" class=\"wp-image-26598\" srcset=\"https:\/\/speyer24news.com\/wp-content\/uploads\/2020\/05\/Zeugen-gesucht-Neutral.jpg 801w, https:\/\/speyer24news.com\/wp-content\/uploads\/2020\/05\/Zeugen-gesucht-Neutral-300x225.jpg 300w, https:\/\/speyer24news.com\/wp-content\/uploads\/2020\/05\/Zeugen-gesucht-Neutral-768x575.jpg 768w, https:\/\/speyer24news.com\/wp-content\/uploads\/2020\/05\/Zeugen-gesucht-Neutral-678x509.jpg 678w, https:\/\/speyer24news.com\/wp-content\/uploads\/2020\/05\/Zeugen-gesucht-Neutral-326x245.jpg 326w, https:\/\/speyer24news.com\/wp-content\/uploads\/2020\/05\/Zeugen-gesucht-Neutral-80x60.jpg 80w\" sizes=\"(max-width: 801px) 100vw, 801px\" \/><\/figure><\/div>\n\n\n<p>In der Nacht von Sonntag, 24.12.2023, auf Montag, 25.12.2023, befuhr ein dunkelblauer BMW-Kombi die L 528, von B\u00f6hl-Iggelheim in Fahrtrichtung Speyer, kam ca. 150 m nach dem Ortsausgang aus bis dato ungekl\u00e4rter Ursache nach links von der Fahrbahn ab und \u00fcberschlug sich im Gr\u00fcnbereich. Der Pkw war daraufhin nicht mehr fahrbereit. Der unbekannte Fahrer fl\u00fcchtete vor dem Eintreffen der Rettungskr\u00e4fte in unbekannte Richtung. Der Pkw wurde sichergestellt und den Fahrer erwartet eine Strafanzeige wegen unerlaubten Entfernens von der Unfall\u00f6rtlichkeit. <\/p>\n\n\n\n<ul>\n<li><strong>Zeugen werden gebeten sich unter der Telefonnummer 06235 \/ 495-0 oder per E-Mail (<a href=\"mailto:pischifferstadt@polizei.rlp.de\">pischifferstadt@polizei.rlp.de<\/a>) an die Polizeiinspektion in Schifferstadt zu wenden.<\/strong><\/li>\n<\/ul>\n\n\n\n<h2 class=\"wp-block-heading\">(Bellheim) &#8211; Mehrere Diebst\u00e4hle in Wohngebiet<\/h2>\n\n\n\n<p>In der Nacht vom 22.12.2023 auf den 23.12.2023 kam es in Bellheim im Bereich der Karl-Silbernagel-Stra\u00dfe, der H\u00f6rdter Stra\u00dfe und der Bellemer-Heiner-Stra\u00dfe zu mehreren Diebst\u00e4hlen. Die T\u00e4terschaft verschaffte sich Zutritt zu unverschlossenen H\u00e4usern bzw. Kellerr\u00e4umen. Ebenso durchsuchten die unbekannten T\u00e4ter mehrere unverschlossenen Fahrzeuge nach Wertgegenst\u00e4nde. Es entstand ein Gesamtschaden in H\u00f6he von 1680 EUR.<\/p>\n\n\n\n<ul>\n<li><strong>Wer sachdienliche Hinweise zu den F\u00e4llen geben kann oder Auff\u00e4lligkeiten in dieser Nacht festgestellt hat, wird gebeten sich mit der Polizeiinspektion Germersheim unter der 07274\/9580 oder&nbsp;<a href=\"mailto:%20pigermersheim@polizei.rlp.de\">pigermersheim@polizei.rlp.de<\/a>&nbsp;in Verbindung zu setzen.<\/strong><\/li>\n<\/ul>\n\n\n\n<h2 class=\"wp-block-heading\">(Knittelsheim) &#8211; Verkehrsunfall unter Alkoholeinfluss<\/h2>\n\n\n\n<p>Am Abend des 24.12.2023 wurde ein 33-j\u00e4hriger Fahrzeugf\u00fchrer in Knittelsheim einer Verkehrskontrolle unterzogen. Dieser war im Vorfeld durch seine unsichere Fahrweise aufgefallen. Bei der Kontrolle konnte bei dem Fahrer deutlicher Atemalkoholgeruch festgestellt werden. Ein Atemalkoholtest ergab einen Wert von rund 2,2 Promille. Dem Mann wurde eine Blutprobe entnommen. Weiter wurde bei der Kontrolle festgestellt, dass das Fahrzeug einen frischen Unfallschaden aufwies und der Fahrer keinen F\u00fchrerschein hat. Es wurde zwar umgehend die m\u00f6gliche Fahrtstrecke des 33-j\u00e4hrigen zwischen Bellheim und Landau abgefahren, jedoch konnte bislang kein besch\u00e4digtes Fahrzeug mit einem korrespondierenden Schaden festgestellt werden. Die Polizei sucht noch den gesch\u00e4digten Unfallbeteiligten bzw. m\u00f6glichen Zeugen.<\/p>\n\n\n\n<p>Wer sachdienliche Hinweise zu dem Unfall geben kann, wird gebeten sich mit der Polizeiinspektion Germersheim unter der 07274\/9580 oder&nbsp;<a href=\"mailto:%20pigermersheim@polizei.rlp.de\">pigermersheim@polizei.rlp.de<\/a>&nbsp;in Verbindung zu setzen.<\/p>\n\n\n\n<p>Den Mann erwartet ein Strafverfahren wegen Gef\u00e4hrdung des Stra\u00dfenverkehrs, unerlaubtes Entfernen vom Unfallort und Fahren ohne Fahrerlaubnis.<\/p>\n\n\n\n<h2 class=\"wp-block-heading\">(R\u00fclzheim) &#8211; Einbruch in Wohnhaus<\/h2>\n\n\n\n<p>In der Zeit vom 16.12.2023 und 24.12.2023 brachen unbekannte T\u00e4ter gewaltsam \u00fcber eine Kellert\u00fcr in ein Wohnhaus im Siemensring in R\u00fclzheim ein. Im Haus betraten sie s\u00e4mtliche R\u00e4ume und es wurde Bargeld entwendet. Es entstand ein Gesamtschaden in H\u00f6he von ca. 2000EUR. <\/p>\n\n\n\n<ul>\n<li><strong>Wer hat im Tatzeitraum verd\u00e4chtige Personen oder Fahrzeuge im Bereich des Siemensringes in R\u00fclzheim gesehen? Hinweise nimmt der Kriminaldienst der Polizeiinspektion Germersheim unter 07274\/9580 oder&nbsp;<a href=\"mailto:%20pigermersheim@polizei.rlp.de\">pigermersheim@polizei.rlp.de<\/a>&nbsp;entgegen.<\/strong><\/li>\n<\/ul>\n\n\n\n<h2 class=\"wp-block-heading\">(Neupotz) &#8211; Einbruch<\/h2>\n\n\n\n<p>Am Heiligabend, zwischen 18 und 24 Uhr, brachen Unbekannte in ein Einfamilienhaus in Neupotz ein. Sie brachen im r\u00fcckw\u00e4rtigen Bereich des Hauses das Wohnzimmerfenster auf, gelangten jedoch nicht ins Hausinnere. Es blieb beim Sachschaden. Sachdienliche Hinweise werden erbeten.<\/p>\n\n\n\n<h2 class=\"wp-block-heading\">(Kandel) &#8211; Unangemessenes Verhalten am Heiligabend<\/h2>\n\n\n\n<p>Am sp\u00e4ten Nachmittag entwendete ein 23-J\u00e4hriger ein unverschlossenes Auslieferungsauto eines Imbisses in Kandel und fuhr Richtung Bahnhof weg. Dies bemerkte ein Angestellter und nahm die Verfolgung auf. Kurz darauf meldete ein Verkehrsteilnehmer einen Unfall an der Einm\u00fcndung Georg-Todt-Stra\u00dfe\/Bahnhofstra\u00dfe. Der Dieb hatte an der Einm\u00fcndung angehalten, unvermittelt die T\u00fcr ge\u00f6ffnet und einen vorbeifahrenden Motorradfahrer vom Motorrad gesto\u00dfen. Da der augenscheinlich betrunkene Pkw-Fahrer fl\u00fcchten wollte, wurde er von Passanten und dem hinzu geeilten Angestellten bis zum Eintreffen der Polizei festgehalten. Hierbei biss der Mann dem Angestellten in die Hand. Bei der erforderlichen Fesselung durch die Polizeibeamten beleidigte der Betrunkene in \u00fcbelster Weise die Beamten und setzte sich massiv zur Wehr; einem Polizisten trat er gegen ein Bein. Anschlie\u00dfend wurde dem 23-J\u00e4hrigen, der keinen Alkoholtest durchf\u00fchrte, eine Blutprobe entnommen. Die Einbehaltung des F\u00fchrerscheins er\u00fcbrigte sich, da er nicht mehr im Besitz der Fahrerlaubnis ist. Wegen seiner anhaltenden Aggressivit\u00e4t musste er vor\u00fcbergehend in Gewahrsam genommen werden.<\/p>\n\n\n\n<h2 class=\"wp-block-heading\">(W\u00f6rth am Rhein) &#8211; Verkehrsunfall unter Alkoholeinwirkung<a href=\"https:\/\/www.facebook.com\/sharer.php?u=https%3A%2F%2Fwww.presseportal.de%2Fblaulicht%2Fpm%2F117686%2F5679355%2F%3Futm_source%3Dfacebook%26utm_medium%3Dsocial\"><\/a><a href=\"https:\/\/web.whatsapp.com\/send?text=POL-PDLD%3A%20Verkehrsunfall%20unter%20Alkoholeinwirkung%0A%0Ahttps%3A%2F%2Fwww.presseportal.de%2Fblaulicht%2Fpm%2F117686%2F5679355%2F%3Futm_source%3Dwhatsapp%26utm_medium%3Dsocial\"><\/a><a href=\"https:\/\/www.xing.com\/app\/user?op=share;url=https%3A%2F%2Fwww.presseportal.de%2Fblaulicht%2Fpm%2F117686%2F5679355%2F%3Futm_source%3Dxing%26utm_medium%3Dsocial\"><\/a><a href=\"http:\/\/www.linkedin.com\/shareArticle?mini=true&amp;url=https%3A%2F%2Fwww.presseportal.de%2Fblaulicht%2Fpm%2F117686%2F5679355%2F%3Futm_source%3Dlinkedin%26utm_medium%3Dsocial&amp;title=POL-PDLD%3A+Verkehrsunfall+unter+Alkoholeinwirkung\"><\/a><a href=\"mailto:?subject=POL-PDLD%3A%20Verkehrsunfall%20unter%20Alkoholeinwirkung&amp;body=https:\/\/www.presseportal.de\/blaulicht\/pm\/117686\/5679355\"><\/a><\/h2>\n\n\n\n<p>Am Sonntag, 24.12.2023, gegen 01:30 Uhr kam es in der Abtswaldstra\u00dfe in W\u00f6rth zu einem Verkehrsunfall. Ein 23-j\u00e4hriger Pkw-Fahrer kam im Stra\u00dfenverlauf in einer Rechtskurve nach links von der Fahrbahn ab und im Gr\u00fcnstreifen zum Stehen. Anschlie\u00dfend entfernte er sich unerlaubt von der Unfallstelle, was durch neutrale Zeugen beobachtet werden konnte. Im Verlauf der Unfallaufnahme konnte der Fahrer an seiner Wohnanschrift angetroffen werden. Dabei ergab sich, dass dieser deutlich unter Alkoholeinwirkung stand und auch drogentypische Auffallerscheinungen vorlagen. Auf der Dienststelle wurde dem Fahrer eine Blutprobe entnommen und ein Strafverfahren er\u00f6ffnet.<\/p>\n\n\n\n<h2 class=\"wp-block-heading\">(Landau) &#8211; Trunkenheit im Verkehr<\/h2>\n\n\n\n<p>In der Nacht zum Montag fiel einer Streife der PI Landau in der Queichstra\u00dfe ein auff\u00e4llig fahrender Fahrradfahrer auf. Der junge Mann querte zun\u00e4chst direkt vor einem PKW die Horststra\u00dfe und fuhr extreme Schlangenlinien. Kurz vor seiner Wohnanschrift wollte der Mann absteigen und fiel hierbei vom Fahrrad. Den kontrollierenden Beamten schlug direkt starker Alkoholgeruch entgegen. Nach Erl\u00e4uterung des Tatvorwurfs einer Straftat der Trunkenheit im Verkehr zeigte sich der Mann zunehmend unkooperativ, woraufhin eine Blutprobe angeordnet wurde. Diese wurde im Anschluss auf der PI Landau entnommen. Ein kure Zeit sp\u00e4ter durchgef\u00fchrter Atemalkoholtest ergab einen Wert von knapp 2 Promille.<\/p>\n\n\n\n<h2 class=\"wp-block-heading\">(Landau) &#8211; Einbruch in Pfalzwerke<\/h2>\n\n\n\n<p>In der Nacht zum 25.12.2023 kam es zu einem Einbruch in ein Geb\u00e4ude der Pfalzwerke in der Oskar-Miller Stra\u00dfe in Landau. Bisher unbekannte T\u00e4ter drangen \u00fcber ein Fenster in das Geb\u00e4ude ein und durchw\u00fchlten dort s\u00e4mtliche Schr\u00e4nke und B\u00fcror\u00e4ume. Die H\u00f6he des Sachschadens kann bisher noch nicht beziffert werden. <\/p>\n\n\n\n<ul>\n<li><strong>Hinweise nimmt die Polizei Landau unter der Tel. Nr. 06341\/2870<\/strong><\/li>\n<\/ul>\n\n\n\n<h2 class=\"wp-block-heading\">(Landau &amp; Herxheim) &#8211; PKW Aufbr\u00fcche<\/h2>\n\n\n\n<p>In der Nacht auf den 24.12.2023 kam es sowohl im Stadtgebiet Landau, als auch in Herxheim zu insgesamt 5 PKW Aufbr\u00fcchen. Schwerpunkt waren hierbei die S\u00fcdstadt in Landau als auch der Bereich Theresia-Ohmer-Stra\u00dfe in Herxheim. An den Fahrzeugen wurde jeweils eine Scheibe eingeschlagen und Wertsachen entwendet. Die Gesamtschadensh\u00f6he d\u00fcrfte sich auf ungef\u00e4hr 4500 Euro belaufen. Bei einem weiteren PKW blieb es lediglich beim Versuch, da der T\u00e4ter offenbar bei der Tatausf\u00fchrung gest\u00f6rt wurde.<\/p>\n\n\n\n<h2 class=\"wp-block-heading\">(Landau) &#8211; Trunkenheit im Stra\u00dfenverkehr<a href=\"mailto:?subject=POL-PDLD%3A%20Trunkenheit%20im%20Stra%C3%9Fenverkehr%20Landau%20in%20der%20Pfalz%2C%20B272%20Sonntag%2C%2024.12.2023%2C%2000%3A10%20Uhr&amp;body=https:\/\/www.presseportal.de\/blaulicht\/pm\/117686\/5679188\"><\/a><\/h2>\n\n\n\n<p>In der Nacht von Samstag auf Sonntag konnte ein 33-j\u00e4hriger Fahrzeugf\u00fchrer einer Trunkenheitsfahrt \u00fcberf\u00fchrt werden.<\/p>\n\n\n\n<p>Im Rahmen der Streifenfahrt wurde der 33-J\u00e4hrige auf Grund seiner auff\u00e4lligen Fahrweise auf der B272 einer Verkehrskontrolle unterzogen. Bereits beim \u00d6ffnen des Fensters konnten die eingesetzten Beamten Alkoholgeruch aus dem Fahrzeuginneren wahrnehmen. Zwar behauptete der Fahrzeugf\u00fchrer zun\u00e4chst noch, dass er keinen Alkohol konsumiert habe, ein freiwilliger Atemalkoholtest ergab jedoch einen Wert von 1,7 Promille. Dem 33-J\u00e4hrigen wurde darauf die Weiterfahrt untersagt. Weiter wurde ihm eine Blutprobe entnommen und sein F\u00fchrerschein sichergestellt.<\/p>\n\n\n\n<p>Er muss sich nun in einem Strafverfahren wegen des F\u00fchrens eines Fahrzeugs unter Alkoholeinfluss verantworten.<\/p>\n\n\n\n<h2 class=\"wp-block-heading\">(A65 &#8211; H\u00f6he AS Landau-Zentrum) &#8211; Unfall auf nasser Fahrbahn<\/h2>\n\n\n\n<p>Am Vormittag des 23.12.2023 gegen 10:00 Uhr wollte der 41-j\u00e4hrige Fahrer eines hochmotorisierten Alfa Giulia unmittelbar nach der der Anschlussstelle Landau-Zentrum in Fahrtrichtung Ludwigshafen sein Fahrzeug beschleunigen. Auf der regennassen Fahrbahn brach das Heck des Fahrzeugs allerdings prompt aus. Erst kollidierte der Alfa mit der Mitteilleitplanke, anschlie\u00dfend mit dem Heck eines Aufliegers auf der rechten Fahrbahn. Der Alfa war infolge des Unfalls nicht mehr fahrbereit und musste abgeschleppt werden. Dabei wurde der rechte Fahrstreifen kurzzeitig gesperrt. Den Fahrer erwartet nun ein Bu\u00dfgeld in H\u00f6he von 145 Euro.<\/p>\n\n\n\n<h2 class=\"wp-block-heading\">(Landau) &#8211; Auf frischer Tat gleich doppelt ertappt<a href=\"https:\/\/www.facebook.com\/sharer.php?u=https%3A%2F%2Fwww.presseportal.de%2Fblaulicht%2Fpm%2F117686%2F5679190%2F%3Futm_source%3Dfacebook%26utm_medium%3Dsocial\"><\/a><a href=\"https:\/\/web.whatsapp.com\/send?text=POL-PDLD%3A%20Auf%20frischer%20Tat%20gleich%20doppelt%20ertappt%20Landau%20in%20der%20Pfalz%2C%20Johannes-Kopp-Stra%C3%9Fe%20Samstag%2C%2023.12.2023%2C%2009%3A30%20Uhr%0A%0Ahttps%3A%2F%2Fwww.presseportal.de%2Fblaulicht%2Fpm%2F117686%2F5679190%2F%3Futm_source%3Dwhatsapp%26utm_medium%3Dsocial\"><\/a><a href=\"https:\/\/www.xing.com\/app\/user?op=share;url=https%3A%2F%2Fwww.presseportal.de%2Fblaulicht%2Fpm%2F117686%2F5679190%2F%3Futm_source%3Dxing%26utm_medium%3Dsocial\"><\/a><a href=\"http:\/\/www.linkedin.com\/shareArticle?mini=true&amp;url=https%3A%2F%2Fwww.presseportal.de%2Fblaulicht%2Fpm%2F117686%2F5679190%2F%3Futm_source%3Dlinkedin%26utm_medium%3Dsocial&amp;title=POL-PDLD%3A+Auf+frischer+Tat+gleich+doppelt+ertappt+Landau+in+der+Pfalz%2C+Johannes-Kopp-Stra%C3%9Fe+Samstag%2C+23.12.2023%2C+09%3A30+Uhr\"><\/a><a href=\"mailto:?subject=POL-PDLD%3A%20Auf%20frischer%20Tat%20gleich%20doppelt%20ertappt%20Landau%20in%20der%20Pfalz%2C%20Johannes-Kopp-Stra%C3%9Fe%20Samstag%2C%2023.12.2023%2C%2009%3A30%20Uhr&amp;body=https:\/\/www.presseportal.de\/blaulicht\/pm\/117686\/5679190\"><\/a><\/h2>\n\n\n\n<p>Am Samstagmorgen konnte ein 52-j\u00e4hriger Mann gleich mehreren Straftaten \u00fcberf\u00fchrt werden.<\/p>\n\n\n\n<p>Zun\u00e4chst meldete ein Anwohner aus der Johannes-Kopp-Stra\u00dfe, dass der 52-J\u00e4hrige gerade eben versucht habe, einen Fahrradanh\u00e4nger von seinem Grundst\u00fcck zu klauen. Hierbei wurde er aber von der \u00dcberwachungskamera des Anwohners entdeckt und dann schlie\u00dflich noch durch den Anwohner selbst gestellt. Im Rahmen der Anzeigenaufnahme konnten bei dem 52-J\u00e4hrigen dann noch drogentypisches Auffallerscheinungen festgestellt werden. Ein durchgef\u00fchrter Urintest verlief dazu passend positiv auf THC. Da der 52-J\u00e4hrige mit dem Fahrzeug in die Johannes-Kopp-Stra\u00dfe fuhr, hatte er sich dabei wohl auch noch strafbar gemacht. Er wurde daher anschlie\u00dfend zur Dienststelle verbracht, wo ihm eine Blutprobe entnommen wurde und der Fahrzeugschl\u00fcssel sowie F\u00fchrerschein sichergestellt wurden.<\/p>\n\n\n\n<p>Der 52-J\u00e4hrige muss sich nun wegen Diebstahls und F\u00fchren eines Fahrzeuges unter Bet\u00e4ubungsmitteleinflusses verantworten.<\/p>\n\n\n\n<h2 class=\"wp-block-heading\">(B 10 \/ Birkweiler) &#8211; Trunkenheit im Verkehr <\/h2>\n\n\n\n<p>Am 25.12.2023 gegen Mitternacht fiel einer Streife der PI Landau ein sehr langsam und Schlangenlinien fahrendes Fahrzeug auf der B10 bei Birkweiler auf. Bei der folgenden Verkehrskontrolle wurde direkt Alkoholgeruch und eine verwaschene Aussprache der Fahrerin festgestellt. Ein Atemalkoholtest ergab einen Wert von 1,45 Promille. Nach der obligatorischen Blutprobe wurde der F\u00fchrerschein sichergestellt.<\/p>\n\n\n\n<h2 class=\"wp-block-heading\">(Edenkoben) &#8211; Polizei kann spontanen Weihnachtswunsch erf\u00fcllen<a href=\"https:\/\/www.facebook.com\/sharer.php?u=https%3A%2F%2Fwww.presseportal.de%2Fblaulicht%2Fpm%2F117686%2F5679499%2F%3Futm_source%3Dfacebook%26utm_medium%3Dsocial\"><\/a><a href=\"https:\/\/web.whatsapp.com\/send?text=POL-PDLD%3A%20Polizei%20kann%20spontanen%20Weihnachtswunsch%20erf%C3%BCllen%0A%0Ahttps%3A%2F%2Fwww.presseportal.de%2Fblaulicht%2Fpm%2F117686%2F5679499%2F%3Futm_source%3Dwhatsapp%26utm_medium%3Dsocial\"><\/a><a href=\"https:\/\/www.xing.com\/app\/user?op=share;url=https%3A%2F%2Fwww.presseportal.de%2Fblaulicht%2Fpm%2F117686%2F5679499%2F%3Futm_source%3Dxing%26utm_medium%3Dsocial\"><\/a><a href=\"http:\/\/www.linkedin.com\/shareArticle?mini=true&amp;url=https%3A%2F%2Fwww.presseportal.de%2Fblaulicht%2Fpm%2F117686%2F5679499%2F%3Futm_source%3Dlinkedin%26utm_medium%3Dsocial&amp;title=POL-PDLD%3A+Polizei+kann+spontanen+Weihnachtswunsch+erf%C3%BCllen\"><\/a><a href=\"mailto:?subject=POL-PDLD%3A%20Polizei%20kann%20spontanen%20Weihnachtswunsch%20erf%C3%BCllen&amp;body=https:\/\/www.presseportal.de\/blaulicht\/pm\/117686\/5679499\"><\/a><\/h2>\n\n\n<div class=\"wp-block-image\">\n<figure class=\"aligncenter\"><a href=\"https:\/\/cache.pressmailing.net\/thumbnail\/story_hires\/4a424e41-8220-4013-817c-4554a144dbde\/Pressefoto.jpg.jpg\"><img decoding=\"async\" src=\"https:\/\/cache.pressmailing.net\/thumbnail\/story_big\/4a424e41-8220-4013-817c-4554a144dbde\/pol-pdld-polizei-kann-spontanen-weihnachtswunsch-erf-llen\" alt=\"POL-PDLD: Polizei kann spontanen Weihnachtswunsch erf\u00fcllen\"\/><\/a><\/figure><\/div>\n\n\n<p>Einen nicht allt\u00e4glichen Einsatz galt es am ersten Weihnachtsfeiertag f\u00fcr die Polizei in Edenkoben zu bew\u00e4ltigen.<\/p>\n\n\n\n<p>Da man an Weihnachten mit diversen Polizeispielzeugen ausgestattet wurde, wollten die beiden gro\u00dfen Polizeifans Henri und Benno nun am ersten Feiertag auch einmal die &#8222;echte Polizei&#8220; kennenlernen.<\/p>\n\n\n\n<p>Solch gro\u00dfes Interesse wurde am Ende mit der Vorf\u00fchrung eines Streifenwagens belohnt.<\/p>\n\n\n\n<p>Hast Du auch den Traum Polizistin oder Polizist zu werden? Du hast Interesse an einem vielf\u00e4ltigen, krisensicheren und spannenden Job, der dir immer wieder Abwechslung bietet? Dann bewirb dich jetzt! Starte mit Abitur, Fachabitur oder einem vergleichbaren Bildungsabschluss ein dreij\u00e4hriges Polizei-Studium und lerne alle Facetten des Polizeiberufes kennen. Nach deinem Abschluss &#8222;Bachelor of Arts&#8220; hast du unz\u00e4hlige M\u00f6glichkeiten: Ob Kriminalpolizei, Schutzpolizei, Wasserschutzpolizei oder Bereitschaftspolizei, es gibt viele M\u00f6glichkeiten &#8211; du entscheidest. Dabei kannst du Dir sicher sein: Polizei ist mehr als nur ein Job! Daneben kannst du dich bis zum 01. M\u00e4rz 2024 auch mit Mittlerer Reife an der H\u00f6heren Berufsfachschule in Ludwigshafen f\u00fcr den Bildungsgang Polizeidienst und Verwaltung bewerben. Innerhalb von zwei Jahren kannst du dort dein Fachabitur und somit die Studienberechtigung f\u00fcr das Studium an der Hochschule der Polizei erlangen.<\/p>\n\n\n\n<p>Alles klar? Gerne beantworten wir dir deine Fragen telefonisch 0621 963-1699 oder per E-Mail&nbsp;<a href=\"mailto:%20pprheinpfalz.einstellungen@polizei.rlp.de\">pprheinpfalz.einstellungen@polizei.rlp.de<\/a>. Weitere Informationen zur Karriere bei der Polizei RLP findest du auch unter&nbsp;<a target=\"_blank\" rel=\"noreferrer noopener\" href=\"https:\/\/www.polizei.rlp.de\/de\/karriere\">www.polizei.rlp.de\/de\/karriere<\/a><\/p>\n\n\n\n<p>Wir freuen uns auf engagierte neue Kolleginnen und Kollegen! Auch wenn ein paar Interessierte noch ein paar Jahre mit der Bewerbung warten m\u00fcssen&#8230;<\/p>\n\n\n\n<h2 class=\"wp-block-heading\">(A 6 \/ A 61 \/ A 65 &#8211; Frankenthal \/ Edenkoben) -Schlangenlinienfahrender PKW \/ Zeugen gesucht!<a href=\"https:\/\/www.facebook.com\/sharer.php?u=https%3A%2F%2Fwww.presseportal.de%2Fblaulicht%2Fpm%2F117686%2F5679133%2F%3Futm_source%3Dfacebook%26utm_medium%3Dsocial\"><\/a><a href=\"https:\/\/web.whatsapp.com\/send?text=POL-PDLD%3A%20Schlangenlinienfahrender%20PKW-%20Zeugen%20gesucht%21%0A%0Ahttps%3A%2F%2Fwww.presseportal.de%2Fblaulicht%2Fpm%2F117686%2F5679133%2F%3Futm_source%3Dwhatsapp%26utm_medium%3Dsocial\"><\/a><a href=\"https:\/\/www.xing.com\/app\/user?op=share;url=https%3A%2F%2Fwww.presseportal.de%2Fblaulicht%2Fpm%2F117686%2F5679133%2F%3Futm_source%3Dxing%26utm_medium%3Dsocial\"><\/a><a href=\"http:\/\/www.linkedin.com\/shareArticle?mini=true&amp;url=https%3A%2F%2Fwww.presseportal.de%2Fblaulicht%2Fpm%2F117686%2F5679133%2F%3Futm_source%3Dlinkedin%26utm_medium%3Dsocial&amp;title=POL-PDLD%3A+Schlangenlinienfahrender+PKW-+Zeugen+gesucht%21\"><\/a><a href=\"mailto:?subject=POL-PDLD%3A%20Schlangenlinienfahrender%20PKW-%20Zeugen%20gesucht%21&amp;body=https:\/\/www.presseportal.de\/blaulicht\/pm\/117686\/5679133\"><\/a><\/h2>\n\n\n\n<p>Dank der Mitteilung zweier aufmerksamer Zeugen konnte die Edenkobener Polizei am Sonntagfr\u00fch um 00:55 Uhr einen 34-j\u00e4hrigen PKW-Fahrer aus dem Verkehr ziehen. Der Mann befuhr mit seinem gr\u00fcnen Peugeot 206 die A6 von Mannheim kommend in Fahrtrichtung Frankenthal. Bereits hier fiel er den Zeugen durch seine extrem unsichere Fahrweise auf. Sein Weg f\u00fchrte ihn am Autobahnkreuz Frankenthal weiter \u00fcber die BAB 61 bis zum Autobahnkreuz Mutterstadt, wo er auf die BAB 65 in Fahrtrichtung Karlsruhe auffuhr. An der Anschlussstelle Edenkoben konnte er letztlich von der Autobahn geleitet und einer Verkehrskontrolle unterzogen werden. Aufgrund deutlicher Hinweise auf eine Beeinflussung durch Alkohol wurde ihm die Weiterfahrt untersagt und eine Blutprobe entnommen. Nach Angaben der Zeugen soll der Fahrer mehrere andere Verkehrsteilnehmer durch seine Fahrweise gef\u00e4hrdet haben. Zeugen die durch dieses Fahrzeug gef\u00e4hrdet wurden oder sachdienliche Angaben machen k\u00f6nnen, werden daher gebeten sich bei der Polizeiinspektion Edenkoben zu melden.<\/p>\n\n\n\n<h2 class=\"wp-block-heading\">(Maikammer) &#8211; Besch\u00e4digtes Verkehrsschild<a href=\"https:\/\/www.facebook.com\/sharer.php?u=https%3A%2F%2Fwww.presseportal.de%2Fblaulicht%2Fpm%2F117686%2F5679878%2F%3Futm_source%3Dfacebook%26utm_medium%3Dsocial\"><\/a><a href=\"https:\/\/web.whatsapp.com\/send?text=POL-PDLD%3A%20Besch%C3%A4digtes%20Verkehrsschild%0A%0Ahttps%3A%2F%2Fwww.presseportal.de%2Fblaulicht%2Fpm%2F117686%2F5679878%2F%3Futm_source%3Dwhatsapp%26utm_medium%3Dsocial\"><\/a><a href=\"https:\/\/www.xing.com\/app\/user?op=share;url=https%3A%2F%2Fwww.presseportal.de%2Fblaulicht%2Fpm%2F117686%2F5679878%2F%3Futm_source%3Dxing%26utm_medium%3Dsocial\"><\/a><a href=\"http:\/\/www.linkedin.com\/shareArticle?mini=true&amp;url=https%3A%2F%2Fwww.presseportal.de%2Fblaulicht%2Fpm%2F117686%2F5679878%2F%3Futm_source%3Dlinkedin%26utm_medium%3Dsocial&amp;title=POL-PDLD%3A+Besch%C3%A4digtes+Verkehrsschild\"><\/a><a href=\"mailto:?subject=POL-PDLD%3A%20Besch%C3%A4digtes%20Verkehrsschild&amp;body=https:\/\/www.presseportal.de\/blaulicht\/pm\/117686\/5679878\"><\/a><\/h2>\n\n\n<div class=\"wp-block-image\">\n<figure class=\"aligncenter\"><a href=\"https:\/\/cache.pressmailing.net\/thumbnail\/story_hires\/df9f9d3c-9d6f-4997-a11a-93b3add457b8\/Verkehrsschild.jpg.jpg\"><img decoding=\"async\" src=\"https:\/\/cache.pressmailing.net\/thumbnail\/story_big\/df9f9d3c-9d6f-4997-a11a-93b3add457b8\/pol-pdld-besch-digtes-verkehrsschild\" alt=\"POL-PDLD: Besch\u00e4digtes Verkehrsschild\"\/><\/a><\/figure><\/div>\n\n\n<p>Vermutlich in der Nacht vom 25.12.2023 auf den 26.12.2023 besch\u00e4digte ein unbekannter T\u00e4ter ein Geschwindigkeitsschild am Frantzplatz in Maikammer. Aufgrund des Schadensbildes besteht Grund zur Annahme, dass er im Anschluss das Schild entwenden wollte.<\/p>\n\n\n\n<ul>\n<li><strong>Die Polizei Edenkoben bittet darum, verd\u00e4chtige Wahrnehmungen telefonisch unter 06323\/955-0 oder per E-Mail an&nbsp;<a href=\"mailto:%20piedenkoben@polizei.rlp.de\">piedenkoben@polizei.rlp.de<\/a>&nbsp;zu melden.<\/strong><\/li>\n<\/ul>\n\n\n\n<h2 class=\"wp-block-heading\">(Neustadt) &#8211; Trunkenheit im Verkehr<\/h2>\n\n\n\n<p>Am 1. Weihnachtsfeiertag stellten Polizeibeamte gegen 20:00 Uhr einen schlangenlinienfahrenden PKW fest und unterzogen den Fahrzeugf\u00fchrer einer Verkehrskontrolle. Fahrerin des PKW war eine 59-J\u00e4hrige Dame aus Neustadt. Durch die eingesetzten Beamten konnte bei der Frau deutlicher Atemalkoholgeruch wahrgenommen werden. Ein im Anschluss durchgef\u00fchrter Atemalkoholtest ergab einen Wert von 1,14 Promille. Ihr wurde daraufhin eine Blutprobe entnommen und ihr F\u00fchrerschein sichergestellt. Es wurden entsprechende Strafverfahren gegen die Frau eingeleitet.<\/p>\n\n\n\n<h2 class=\"wp-block-heading\">(Neustadt) &#8211; Fahrraddiebstahl<\/h2>\n\n\n\n<p>Ein 20-J\u00e4hriger aus Neustadt stellte sein Fahrrad am 24.12.2023 um 02:30 Uhr in der Winzinger Stra\u00dfe gegen\u00fcber der Diskothek SOKU ab und schloss es an einem Zaun ab. Als er gegen 13:00 Uhr zur\u00fcckkehrte, musste er feststellen, dass unbekannte T\u00e4ter sein Fahrrad im Wert von 3000 Euro entwendet hatten. <\/p>\n\n\n\n<ul>\n<li><strong>Es handelt sich bei dem Fahrrad um ein schwarzes Herrenfahrrad der Marke Cross-Country. <\/strong><\/li>\n\n\n\n<li><strong>Zeugenhinweise nimmt die Polizei Neustadt unter 06321 854-0 oder per Mail an&nbsp;<a href=\"mailto:%20pineustadt@polizei.rlp.de\">pineustadt@polizei.rlp.de<\/a>&nbsp;entgegen.<\/strong><\/li>\n<\/ul>\n\n\n\n<h2 class=\"wp-block-heading\">(Elmstein) &#8211; Einbruchsdiebstahl<\/h2>\n\n\n\n<p>Am 25.12.2023 konnte der 60-J\u00e4hriger Gesch\u00e4digte um 08:30 Uhr feststellen, dass unbekannte T\u00e4ter seine Garage in der Hauptstra\u00dfe in Elmstein aufgebrochen und diverse gebrauchte Autoteile aus dieser entwendet haben. Auch ein PKW des 60-J\u00e4hrigen, welcher auf dem Grundst\u00fcck abgestellt war, wurde aufgebrochen. Aus diesem wurde Radio und Lenkrad entwendet. Der entstandene Schaden bel\u00e4uft sich auf circa. 5000 Euro. Der Tatzeitraum liegt zwischen dem 11.12.2023 und dem 25.12.2023. <\/p>\n\n\n\n<ul>\n<li><strong>Zeugenhinweise nimmt die Polizei Neustadt unter 06321 854-0 oder per Mail an&nbsp;<a href=\"mailto:%20pineustadt@polizei.rlp.de\">pineustadt@polizei.rlp.de<\/a>&nbsp;entgegen.<\/strong><\/li>\n<\/ul>\n\n\n\n<h2 class=\"wp-block-heading\">(Ha\u00dfloch) &#8211; Serie von PKW-Aufbr\u00fcchen<\/h2>\n\n\n<div class=\"wp-block-image\">\n<figure class=\"aligncenter size-full\"><img decoding=\"async\" loading=\"lazy\" width=\"800\" height=\"533\" src=\"https:\/\/speyer24news.com\/wp-content\/uploads\/2023\/04\/Auto-Aufbruch.jpg\" alt=\"\" class=\"wp-image-52011\" srcset=\"https:\/\/speyer24news.com\/wp-content\/uploads\/2023\/04\/Auto-Aufbruch.jpg 800w, https:\/\/speyer24news.com\/wp-content\/uploads\/2023\/04\/Auto-Aufbruch-300x200.jpg 300w, https:\/\/speyer24news.com\/wp-content\/uploads\/2023\/04\/Auto-Aufbruch-768x512.jpg 768w\" sizes=\"(max-width: 800px) 100vw, 800px\" \/><\/figure><\/div>\n\n\n<p>In der Nacht vom 25.12.2023 auf 26.12.2023 kam es im Ortsbereich von Ha\u00dfloch (Raiffeisenstra\u00dfe\/Am Schachtelgraben\/Gottlieb-Duttenh\u00f6fer-Stra\u00dfe\/D\u00fcrerstra\u00dfe\/B\u00f6hler Stra\u00dfe\/Bahnhofsvorplatz) zu einer Serie von PKW-Aufbr\u00fcchen. Bislang wurden 8 F\u00e4lle bekannt. An den betreffenden Fahrzeugen wurden durch unbekannte T\u00e4terschaft jeweils Scheiben eingeschlagen und offen liegende Gegenst\u00e4nde aus dem Fahrzeuginnern entwendet. Die Gesamtschadensh\u00f6he kann noch nicht genau beziffert werden, d\u00fcrfte sich jedoch auf mehrere Tausend Euro belaufen. <\/p>\n\n\n\n<ul>\n<li><strong>Eventuelle Zeugen\/-innen werden gebeten, sich bei der Polizeiinspektion Ha\u00dfloch zu melden! <\/strong><\/li>\n<\/ul>\n\n\n\n<h4 class=\"wp-block-heading\"><em>In diesem Zusammenhang weist die Polizei darauf hin, Wertgegenst\u00e4nde niemals offen im Fahrzeug liegen zu lassen. Auch wenn man nur ganz kurz das Fahrzeug verl\u00e4sst, sollten die Wertsachen immer mitgenommen werden.<\/em><\/h4>\n\n\n\n<h2 class=\"wp-block-heading\">(L 530 \/ Meckenheim) &#8211; Unfall auf der L530 \/ Alkoholisierter f\u00e4hrt gegen Mauer an Friedhofsparkplatz<a href=\"https:\/\/www.facebook.com\/sharer.php?u=https%3A%2F%2Fwww.presseportal.de%2Fblaulicht%2Fpm%2F117687%2F5679164%2F%3Futm_source%3Dfacebook%26utm_medium%3Dsocial\"><\/a><a href=\"https:\/\/web.whatsapp.com\/send?text=POL-PDNW%3A%20Unfall%20auf%20der%20L530%20-%20Alkoholisierter%20f%C3%A4hrt%20gegen%20Mauer%20an%20Friedhofsparkplatz%0A%0Ahttps%3A%2F%2Fwww.presseportal.de%2Fblaulicht%2Fpm%2F117687%2F5679164%2F%3Futm_source%3Dwhatsapp%26utm_medium%3Dsocial\"><\/a><a href=\"https:\/\/www.xing.com\/app\/user?op=share;url=https%3A%2F%2Fwww.presseportal.de%2Fblaulicht%2Fpm%2F117687%2F5679164%2F%3Futm_source%3Dxing%26utm_medium%3Dsocial\"><\/a><a href=\"http:\/\/www.linkedin.com\/shareArticle?mini=true&amp;url=https%3A%2F%2Fwww.presseportal.de%2Fblaulicht%2Fpm%2F117687%2F5679164%2F%3Futm_source%3Dlinkedin%26utm_medium%3Dsocial&amp;title=POL-PDNW%3A+Unfall+auf+der+L530+-+Alkoholisierter+f%C3%A4hrt+gegen+Mauer+an+Friedhofsparkplatz\"><\/a><a href=\"mailto:?subject=POL-PDNW%3A%20Unfall%20auf%20der%20L530%20-%20Alkoholisierter%20f%C3%A4hrt%20gegen%20Mauer%20an%20Friedhofsparkplatz&amp;body=https:\/\/www.presseportal.de\/blaulicht\/pm\/117687\/5679164\"><\/a><\/h2>\n\n\n<div class=\"wp-block-image\">\n<figure class=\"aligncenter\"><a href=\"https:\/\/cache.pressmailing.net\/thumbnail\/story_hires\/1548c8cc-935f-4dcb-8f2f-60896440f89f\/Presse.jpg.jpg\"><img decoding=\"async\" src=\"https:\/\/cache.pressmailing.net\/thumbnail\/story_big\/1548c8cc-935f-4dcb-8f2f-60896440f89f\/pol-pdnw-unfall-auf-der-l530-alkoholisierter-f-hrt-gegen-mauer-an-friedhofsparkplatz\" alt=\"POL-PDNW: Unfall auf der L530 - Alkoholisierter f\u00e4hrt gegen Mauer an Friedhofsparkplatz\"\/><\/a><\/figure><\/div>\n\n\n<p>Am Morgen des 24.12.2023, gegen 05:00 Uhr, kam es auf der L530 von Hochdorf-Assenheim kommend in Richtung Ortseingang Meckenheim zu einem Verkehrsunfall. Der 22-j\u00e4hrigen Fahrer kam mit seinem PKW zun\u00e4chst nach rechts von der Fahrbahn ab, durchpfl\u00fcgte den Gr\u00fcnstreifen und durchbrach einen Zaun, bevor er am Parkplatz des Friedhofs in Meckenheim gegen eine Mauer prallte. Da der Streifenbesatzung die Angaben des alleinigen Unfallbeteiligten vor Ort seltsam vorkamen, wurde mit ihm ein Atemalkoholtest durchgef\u00fchrt. Dieser ergab einen Wert von 0,48 Promille. Aufgrund dessen wurde der Fahrer zur Polizeiinspektion Ha\u00dfloch verbracht wo ihm durch einen Arzt eine Blutprobe entnommen wurde. Es entstand Sachschaden in H\u00f6he von insgesamt ca. 40000 Euro.<\/p>\n\n\n\n<h2 class=\"wp-block-heading\">(Bad D\u00fcrkheim) &#8211; Trickdiebstahl \/ Zeugen gesucht<\/h2>\n\n\n<div class=\"wp-block-image\">\n<figure class=\"aligncenter size-full\"><img decoding=\"async\" loading=\"lazy\" width=\"801\" height=\"600\" src=\"https:\/\/speyer24news.com\/wp-content\/uploads\/2020\/05\/Zeugen-gesucht-Neutral.jpg\" alt=\"\" class=\"wp-image-26598\" srcset=\"https:\/\/speyer24news.com\/wp-content\/uploads\/2020\/05\/Zeugen-gesucht-Neutral.jpg 801w, https:\/\/speyer24news.com\/wp-content\/uploads\/2020\/05\/Zeugen-gesucht-Neutral-300x225.jpg 300w, https:\/\/speyer24news.com\/wp-content\/uploads\/2020\/05\/Zeugen-gesucht-Neutral-768x575.jpg 768w, https:\/\/speyer24news.com\/wp-content\/uploads\/2020\/05\/Zeugen-gesucht-Neutral-678x509.jpg 678w, https:\/\/speyer24news.com\/wp-content\/uploads\/2020\/05\/Zeugen-gesucht-Neutral-326x245.jpg 326w, https:\/\/speyer24news.com\/wp-content\/uploads\/2020\/05\/Zeugen-gesucht-Neutral-80x60.jpg 80w\" sizes=\"(max-width: 801px) 100vw, 801px\" \/><\/figure><\/div>\n\n\n<p>Ein 70-j\u00e4hriger Mann aus Bad D\u00fcrkheim wurde am Samstag, den 23.12.2023, gegen 11:00 Uhr zum Opfer eines Trickdiebstahls. Der bisher unbekannte, m\u00e4nnliche T\u00e4ter verwickelte den Gesch\u00e4digten im Bereich des Kurparks in ein Gespr\u00e4ch und bat diesen darum, ihm Geld zu wechseln. Nach dem erfolgten Geldwechsel fiel dem Gesch\u00e4digten auf, dass 150,- Euro Bargeld aus seinem Geldbeutel fehlten. <\/p>\n\n\n\n<h4 class=\"wp-block-heading\">Der T\u00e4ter wurde wie folgt beschrieben: <\/h4>\n\n\n\n<ul>\n<li><strong>ca. 185cm gro\u00df<\/strong><\/li>\n\n\n\n<li><strong>ca. 30-35 Jahre alt<\/strong><\/li>\n\n\n\n<li><strong>ca. 85kg schwer <\/strong><\/li>\n\n\n\n<li><strong>bekleidet mit einer schwarzen Jacke mit Kapuze<\/strong><\/li>\n<\/ul>\n\n\n\n<ul>\n<li><strong>M\u00f6gliche Zeugen, die den T\u00e4ter vor oder nach der Tat im Bereich des Kurparks oder im n\u00e4heren Umfeld beobachtet haben, werden gebeten, sich bei der Polizei in Bad D\u00fcrkheim unter 06322-9630 oder per E-Mail an&nbsp;<a href=\"mailto:%20pibadduerkheim@polizei.rlp.de\">pibadduerkheim@polizei.rlp.de<\/a>&nbsp;zu melden.<\/strong><\/li>\n<\/ul>\n\n\n\n<h2 class=\"wp-block-heading\">(Kleinkarlbach \/ Quirnheim) &#8211; Diebst\u00e4hle auf Friedh\u00f6fen<\/h2>\n\n\n\n<p>Im Zeitraum vom 17.12.2023, 14:30 Uhr, bis 23.12.2023, 09:40 Uhr, wurden von einem Grab auf dem Friedhof in <strong>Kleinkarlbach <\/strong>eine Blumenvase aus Kupfer sowie eine Grabschale aus Kupfer samt Granitsockel entwendet. Die entwendeten Gegenst\u00e4nde hatten einen Wert von ca. 1000,-EUR.<\/p>\n\n\n\n<p>Im Zeitraum vom 16.12.2023 bis 23.12.2023, 13:45 Uhr, wurde au\u00dferdem von einem Grab auf dem Friedhof in <strong>Quirnheim <\/strong>eine Bronzeschale mit Marmorplatte sowie eine Vase aus Bronze entwendet. Die entwendeten Gegenst\u00e4nde hatten einen Wert von ca. 500,-EUR.<\/p>\n\n\n\n<ul>\n<li><strong>Sachdienliche Hinweise bitte an die Polizeiinspektion Gr\u00fcnstadt.<\/strong><\/li>\n<\/ul>\n\n\n\n<h2 class=\"wp-block-heading\">(Gr\u00fcnstadt) &#8211; Einbruch in eine Firma in der Siemensstra\u00dfe<\/h2>\n\n\n\n<p>In der Nacht von Samstag, 23.12.2023 gegen 19:00 Uhr, auf Sonntag gegen 09:10 Uhr, wurde in eine Firma in der Siemensstra\u00dfe in Gr\u00fcnstadt eingebrochen. Unbekannte T\u00e4ter verschafften sich vermutlich durch Einschlagen eines Fensters Zutritt zu den Lagerr\u00e4umlichkeiten. Entwendet wurden nach ersten Ermittlungen verschiedene Werkzeuge und Elektroartikel. Die Polizei sucht Zeugen. <\/p>\n\n\n\n<ul>\n<li><strong>Wer hat im genannten Zeitraum im Bereich der Siemensstra\u00dfe auff\u00e4llige Personen oder Fahrzeuge gesehen? Hinweise nimmt die Polizeiinspektion Gr\u00fcnstadt unter der Telefonnummer: 06359-93120 oder per Mail:&nbsp;<a href=\"mailto:%20pigruenstadt@polizei.rlp.de\">pigruenstadt@polizei.rlp.de<\/a>&nbsp;entgegen.<\/strong><\/li>\n<\/ul>\n\n\n\n<h2 class=\"wp-block-heading\">(Gr\u00fcnstadt) &#8211; Trickdiebstahl durch angebliche Telekommitarbeiter<\/h2>\n\n\n\n<p>Am 23.12.2023, gg. 16:00 Uhr, kam es in Gr\u00fcnstadt zu einem Trickdiebstahl. Zwei M\u00e4nner stellten sich einem Wohnungsinhaber als Telekommitarbeiter vor. W\u00e4hrend der eine das Opfer ablenkte, entwendete der andere einen Briefumschlag mit 800EUR Bargeld von der Kommode im Flur.<\/p>\n\n\n\n<ul>\n<li><strong>Hinweise auf die T\u00e4ter nimmt die Polizeiinspektion Gr\u00fcnstadt (06359\/9312-0) entgegen.<\/strong><\/li>\n<\/ul>\n\n\n\n<h2 class=\"wp-block-heading\">(Obrigheim) &#8211; Einbruch in Einfamilienhaus<a href=\"https:\/\/www.facebook.com\/sharer.php?u=https%3A%2F%2Fwww.presseportal.de%2Fblaulicht%2Fpm%2F117687%2F5679291%2F%3Futm_source%3Dfacebook%26utm_medium%3Dsocial\"><\/a><a href=\"https:\/\/web.whatsapp.com\/send?text=POL-PDNW%3A%20Obrigheim%20-%20Einbruch%20in%20Einfamilienhaus%0A%0Ahttps%3A%2F%2Fwww.presseportal.de%2Fblaulicht%2Fpm%2F117687%2F5679291%2F%3Futm_source%3Dwhatsapp%26utm_medium%3Dsocial\"><\/a><a href=\"https:\/\/www.xing.com\/app\/user?op=share;url=https%3A%2F%2Fwww.presseportal.de%2Fblaulicht%2Fpm%2F117687%2F5679291%2F%3Futm_source%3Dxing%26utm_medium%3Dsocial\"><\/a><a href=\"http:\/\/www.linkedin.com\/shareArticle?mini=true&amp;url=https%3A%2F%2Fwww.presseportal.de%2Fblaulicht%2Fpm%2F117687%2F5679291%2F%3Futm_source%3Dlinkedin%26utm_medium%3Dsocial&amp;title=POL-PDNW%3A+Obrigheim+-+Einbruch+in+Einfamilienhaus\"><\/a><a href=\"mailto:?subject=POL-PDNW%3A%20Obrigheim%20-%20Einbruch%20in%20Einfamilienhaus&amp;body=https:\/\/www.presseportal.de\/blaulicht\/pm\/117687\/5679291\"><\/a><\/h2>\n\n\n\n<p>Im Zeitraum vom 18.12.2023 bis zum 23.12.2023 verschafften sich noch unbekannte T\u00e4ter Zutritt zu einem Einfamilienhaus in der Gr\u00fcnstadter Stra\u00dfe in Obrigheim. Die unbekannten T\u00e4ter durchw\u00fchlten mehrere Wohnr\u00e4ume und konnten nach derzeitigem Ermittlungsstand Bargeld sowie Wertgegenst\u00e4nde entwenden. Die Polizei sucht Zeugen. <\/p>\n\n\n\n<ul>\n<li><strong>Wer hat im genannten Zeitraum im Bereich der Gr\u00fcnstadter Stra\u00dfe auff\u00e4llige Personen oder Fahrzeuge gesehen? Hinweise nimmt die Polizeiinspektion Gr\u00fcnstadt unter der Telefonnummer: 06359-93120 oder per Mail:&nbsp;<a href=\"mailto:%20pigruenstadt@polizei.rlp.de\">pigruenstadt@polizei.rlp.de<\/a>&nbsp;entgegen.<\/strong><\/li>\n<\/ul>\n\n\n\n<h2 class=\"wp-block-heading\">(Dirmstein) &#8211; Fahrer eines E-Scooters unter Drogeneinfluss<\/h2>\n\n\n\n<p>Am Samstag, den 23.12.2023 um 18:45 Uhr, f\u00fchrten Beamte der Polizeiinspektion Gr\u00fcnstadt eine Verkehrskontrolle mit einem 27-j\u00e4hrigen Fahrer eines E-Scooters in der Gerolsheimer Stra\u00dfe in Dirmstein durch. Nachdem beim Fahrer drogentypische Auff\u00e4lligkeiten festgestellt werden konnten, wurde ein entsprechender Drogenvortest durchgef\u00fchrt. Dieser verlief positiv auf THC, weshalb ihm die Weiterfahrt untersagt wurde. Er wurde zur Entnahme einer Blutprobe zur Polizeiinspektion Gr\u00fcnstadt verbracht. Da es sich hierbei um den Erstversto\u00df handelt, erwarten den Mann gem\u00e4\u00df dem bundeseinheitlichen Tatbestands- und Bu\u00dfgeldkatalog ein Bu\u00dfgeld in H\u00f6he von 500 Euro, zwei Punkte in Flensburg sowie ein einmonatiges Fahrverbot.<\/p>\n\n\n\n<h2 class=\"wp-block-heading\">(Frankenthal-Heuchelheim) &#8211; Alkoholisierter Fahrzeugf\u00fchrer<\/h2>\n\n\n\n<p>Nach einem vorausgegangenen verbalen Streit zwischen einem P\u00e4rchen am fr\u00fchen Morgen des 26.12.2023, gegen 01:30 Uhr, meldete eine Zeugin der Polizeiinspektion Frankenthal, dass die alkoholisierte, m\u00e4nnliche Person, die in den Streit involviert war, mit einem Fahrzeug weggefahren sei. Das besagte Fahrzeug wurde im Rahmen der Bestreifung festgestellt. Der alkoholisierte Mann wurde auf dem Fahrersitz festgestellt und einer Kontrolle unterzogen. Ein bereits im Zuge des Streites freiwillig durchgef\u00fchrter Atemalkoholtest ergab einen Wert von 1,85 Promille. Im Anschluss wurde ihm eine Blutprobe entnommen und der F\u00fchrerschein sichergestellt. Gegen den unter Alkoholeinfluss stehenden Fahrzeugf\u00fchrer wurde ein Ermittlungsverfahren wegen Trunkenheit im Verkehr eingeleitet.<\/p>\n\n\n\n<ul>\n<li><strong>Zeugen werden gebeten sich an die Polizeiinspektion Frankenthal unter der Tel.-Nr.: 06233\/313-0 oder an die Polizeiwache Maxdorf unter der Tel.-Nr.: 06237\/934-1100 zu wenden. Gerne nehmen wir Ihre Hinweise auch per E-Mail unter&nbsp;<a href=\"mailto:%20pifrankenthal@polizei.rlp.de\">pifrankenthal@polizei.rlp.de<\/a>&nbsp;entgegen.<\/strong><\/li>\n<\/ul>\n\n\n\n<h2 class=\"wp-block-heading\">(Frankenthal-Beindersheim) &#8211; Andere Verkehrsteilnehmer gef\u00e4hrdet \/ Zeugen gesucht<a href=\"https:\/\/www.facebook.com\/sharer.php?u=https%3A%2F%2Fwww.presseportal.de%2Fblaulicht%2Fpm%2F117688%2F5679192%2F%3Futm_source%3Dfacebook%26utm_medium%3Dsocial\"><\/a><a href=\"https:\/\/web.whatsapp.com\/send?text=POL-PDLU%3A%20Andere%20Verkehrsteilnehmer%20gef%C3%A4hrdet%20-%20Zeugen%20gesucht%0A%0Ahttps%3A%2F%2Fwww.presseportal.de%2Fblaulicht%2Fpm%2F117688%2F5679192%2F%3Futm_source%3Dwhatsapp%26utm_medium%3Dsocial\"><\/a><a href=\"https:\/\/www.xing.com\/app\/user?op=share;url=https%3A%2F%2Fwww.presseportal.de%2Fblaulicht%2Fpm%2F117688%2F5679192%2F%3Futm_source%3Dxing%26utm_medium%3Dsocial\"><\/a><a href=\"http:\/\/www.linkedin.com\/shareArticle?mini=true&amp;url=https%3A%2F%2Fwww.presseportal.de%2Fblaulicht%2Fpm%2F117688%2F5679192%2F%3Futm_source%3Dlinkedin%26utm_medium%3Dsocial&amp;title=POL-PDLU%3A+Andere+Verkehrsteilnehmer+gef%C3%A4hrdet+-+Zeugen+gesucht\"><\/a><a href=\"mailto:?subject=POL-PDLU%3A%20Andere%20Verkehrsteilnehmer%20gef%C3%A4hrdet%20-%20Zeugen%20gesucht&amp;body=https:\/\/www.presseportal.de\/blaulicht\/pm\/117688\/5679192\"><\/a><\/h2>\n\n\n\n<p>Aufgrund deutlich \u00fcberh\u00f6hter Geschwindigkeit kam es am gestrigen 23.12.2023 gegen 15:20 Uhr zu einem Beinahe-Unfall zwischen Frankenthal und Beindersheim. Wie die 18-j\u00e4hrige Gesch\u00e4digte mitteilte, befuhr sie mit ihrem PKW (grauer Mazda 6) die K5 von Beindersheim in Richtung Frankenthal. Auf der Autobahnbr\u00fccke kam ihr ein wei\u00dfer Mercedes AMG mit niederl\u00e4ndischer Zulassung und deutlich \u00fcberh\u00f6hter Geschwindigkeit entgegen. Wohl aufgrund der Geschwindigkeit verlor der Mercedes-Fahrer die Kontrolle \u00fcber sein Fahrzeug und fuhr in den Gegenverkehr. Nur durch das schnelle Reagieren der 18-J\u00e4hrigen konnte ein Unfall verhindert werden. Die Identit\u00e4t des Mercedes-Fahrers konnte durch die Polizeibeamten im Nachgang festgestellt werden.<\/p>\n\n\n\n<ul>\n<li><strong>Wer hat die K5 in diesem Zeitraum ebenfalls passiert? Wer kann Angaben zu dem Fahrverhalten der Beteiligten machen?<\/strong><\/li>\n<\/ul>\n\n\n\n<ul>\n<li><strong>Zeugen werden gebeten sich an die Polizeiinspektion Frankenthal unter der Tel.-Nr.: 06233\/313-0 oder an die Polizeiwache Maxdorf unter der Tel.-Nr.: 06237\/934-1100 zu wenden. Gerne nehmen wir Ihre Hinweise auch per E-Mail unter&nbsp;<a href=\"mailto:%20pifrankenthal@polizei.rlp.de\">pifrankenthal@polizei.rlp.de<\/a>&nbsp;entgegen.<\/strong><\/li>\n<\/ul>\n\n\n\n<h2 class=\"wp-block-heading\">(Ludwigshafen-Friesenheim) &#8211; Brand an einem Reihenhaus<\/h2>\n\n\n\n<p>Am Montag, den 25.12.2023, gegen 04:00 Uhr ereignete sich im Stadtteil Friesenheim ein Brand auf der Holzterrasse eines Reihenhauses. Durch das Feuer entstand Schaden an der Hausfassade; der Sachschaden wird auf 75.000 Euro beziffert. Es wurde niemand verletzt. Als m\u00f6glicher Brandausl\u00f6ser wird eine nicht g\u00e4nzlich gel\u00f6schte Zigarette in Betracht gezogen. Die Kriminalpolizei Ludwigshafen hat die Ermittlungen aufgenommen.<\/p>\n\n\n\n<h2 class=\"wp-block-heading\">(Ludwigshafen-Mundenheim und -Mitte) &#8211; Einbr\u00fcche in geparkte Fahrzeuge<\/h2>\n\n\n\n<p>Durch unbekannte T\u00e4ter wurde im Zeitraum vom 23.12.2023, 18:00 Uhr, bis zum 24.12.2023, 10:45 Uhr, in der Pfarrer-Krebs-Stra\u00dfe und am 24.12.2023, von 16:30 Uhr bis 22:30 Uhr, in der Heinigstra\u00dfe in Fahrzeuge eingebrochen. Hierbei wurden die Fahrzeuge besch\u00e4digt.<\/p>\n\n\n\n<ul>\n<li><strong>Wer hat in den genannten Zeitr\u00e4umen verd\u00e4chtige Personen oder Fahrzeuge wahrgenommen? Sachdienliche Hinweise nimmt die Polizeiinspektion Ludwigshafen 1 unter der Telefonnummer 0621\/963-2122 oder per E-Mail&nbsp;<a href=\"mailto:%20piludwigshafen1@polizei.rlp.de\">piludwigshafen1@polizei.rlp.de<\/a>&nbsp;entgegen.<\/strong><\/li>\n<\/ul>\n\n\n\n<h2 class=\"wp-block-heading\">(Ludwigshafen-S\u00fcd) &#8211; Verkehrsteilnehmer unter Alkoholeinfluss<\/h2>\n\n\n\n<p>In der Nacht zu Sonntag, 24.12.2023, um 0:10 Uhr fiel einer Funkstreifenwagenbesatzung der Polizeiinspektion Ludwigshafen 1 ein PKW auf, welcher ohne Licht, daf\u00fcr aber mit Schlangenlinien die Wittelsbachstra\u00dfe, 67061 Ludwigshafen am Rhein befuhr. W\u00e4hrend der Kontrolle des PKW erh\u00e4rtete sich der Verdacht, dass der Fahrzeugf\u00fchrer alkoholische Getr\u00e4nke konsumiert haben k\u00f6nnte. Ein durchgef\u00fchrter Atemalkoholtest ergab einen Wert von 0,77 Promille. Beim Fahrzeugf\u00fchrer wurde eine Blutprobe entnommen und dessen F\u00fchrerschein sowie Fahrzeugschl\u00fcssel sichergestellt. Ihn erwartet ein Strafverfahren wegen Trunkenheit im Verkehr.<\/p>\n\n\n\n<h2 class=\"wp-block-heading\">(Ludwigshafen-Mitte) &#8211; Betrunken auf Motorrad<\/h2>\n\n\n\n<p>Am Samstagabend, 23.12.2023, gegen 21:45 Uhr, musste eine Verkehrsteilnehmerin einem Motorrad im Gegenverkehr auf der Mundenheimer Stra\u00dfe in Ludwigshafen ausweichen, da dieses Schlangenlinien fuhr und hierbei auf die Gegenfahrbahn kam. Als sie den Motorradfahrer zur Rede stellte, wurde sie durch diesen auch noch beleidigt. Durch die Polizeibeamten wurde bei der anschlie\u00dfenden Kontrolle festgestellt, dass der Motorradfahrer so deutlich alkoholisiert war, dass er nur noch schwankend stehen konnte. Ein Atemalkoholtest ergab 1,41 Promille. Ihm wurde eine Blutprobe entnommen und ein Strafverfahren wegen Stra\u00dfenverkehrsgef\u00e4hrdung und Beleidigung eingeleitet.<\/p>\n\n\n\n<ul>\n<li><strong>Sollten weitere Verkehrsteilnehmer durch den Motorradfahrer gef\u00e4hrdet worden sein, werden diese gebeten, sich bei der Polizeiinspektion Ludwigshafen 1 unter der Telefonnummer 0621 963-2122 oder per Email&nbsp;<a href=\"mailto:%20piludwigshafen1@polizei.rlp.de\">piludwigshafen1@polizei.rlp.de<\/a>&nbsp;zu melden.<\/strong><\/li>\n<\/ul>\n\n\n\n<h2 class=\"wp-block-heading\">(Mannheim) &#8211; Drogen bei renitentem Fahrgast sichergestellt<\/h2>\n\n\n\n<p>Am sp\u00e4ten Heiligabend gegen 23:30 Uhr fiel ein 34-j\u00e4hriger Mann in der Stra\u00dfenbahn in Richtung Heddesheim auf, indem er andere Fahrg\u00e4ste anschrie und wiederholt auf Gegenst\u00e4nde in der Bahn eintrat. An der Haltestelle &#8222;Nationaltheater&#8220; wurde die Stra\u00dfenbahn schlie\u00dflich aufgrund des Verhaltens des Mannes gestoppt. Der Verd\u00e4chtige wurde schlie\u00dflich durch die verst\u00e4ndigten Polizistinnen und Polizisten angesprochen. Der 34-J\u00e4hrige, welcher vermutlich erheblich unter Drogeneinfluss stand, konnte nicht beruhigt werden, sodass er in Gewahrsam genommen werden musste. Dabei schlug er einer Beamtin ins Gesicht und wehrte sich massiv. Bei der anschlie\u00dfenden Durchsuchung des Mannes wurden schlie\u00dflich Amphetamine und mehrere LSD-Trips aufgefunden. Gegen ihn wird nun wegen t\u00e4tlichen Angriffs gegen Vollstreckungsbeamte und wegen des Besitzes von Drogen ermittelt. Da er au\u00dferdem keinen g\u00fcltigen Fahrschein vorweisen konnte, erwartet ihn au\u00dferdem eine Anzeige wegen Erschleichens von Leistungen.<\/p>\n\n\n\n<h2 class=\"wp-block-heading\">(Mannheim) &#8211; 60-J\u00e4hriger mit 1,1 Promille und viel zu schnell unterwegs<\/h2>\n\n\n\n<p>Am Sonntagnachmittag, gg. 16 Uhr, fiel einer Streife des Polizeireviers Mannheim-K\u00e4fertal ein BMW auf, welcher beginnend ab der Stra\u00dfe Auf dem Sand mit unangepasster Geschwindigkeit fuhr. Teilweise waren die Stra\u00dfen sehr eng und es handelte sich um eine Tempo-30-Zone. In der Enzianstra\u00dfe konnte das Fahrzeug schlie\u00dflich einer Kontrolle unterzogen werden. Bei der anschlie\u00dfenden Verkehrskontrolle ergaben sich mehrere Verdachtsmomente, dass der Fahrer nicht unerheblich unter Alkoholeinfluss stehen k\u00f6nnte. Ein durchgef\u00fchrter Alkoholtest ergab einen Wert von ca. 1,1 Promille. Dem BMW-Fahrer wurde hierauf eine Blutprobe entnommen und sein F\u00fchrerschein beschlagnahmt. Ihn erwartet nun ein Strafverfahren wegen Trunkenheit im Stra\u00dfenverkehr.<\/p>\n\n\n\n<h2 class=\"wp-block-heading\">(Mannheim) &#8211; 46-J\u00e4hriger mit Glasflasche geschlagen \/ Zeugen gesucht!<\/h2>\n\n\n<div class=\"wp-block-image\">\n<figure class=\"aligncenter size-full\"><img decoding=\"async\" loading=\"lazy\" width=\"801\" height=\"600\" src=\"https:\/\/speyer24news.com\/wp-content\/uploads\/2020\/05\/Zeugen-gesucht-Neutral.jpg\" alt=\"\" class=\"wp-image-26598\" srcset=\"https:\/\/speyer24news.com\/wp-content\/uploads\/2020\/05\/Zeugen-gesucht-Neutral.jpg 801w, https:\/\/speyer24news.com\/wp-content\/uploads\/2020\/05\/Zeugen-gesucht-Neutral-300x225.jpg 300w, https:\/\/speyer24news.com\/wp-content\/uploads\/2020\/05\/Zeugen-gesucht-Neutral-768x575.jpg 768w, https:\/\/speyer24news.com\/wp-content\/uploads\/2020\/05\/Zeugen-gesucht-Neutral-678x509.jpg 678w, https:\/\/speyer24news.com\/wp-content\/uploads\/2020\/05\/Zeugen-gesucht-Neutral-326x245.jpg 326w, https:\/\/speyer24news.com\/wp-content\/uploads\/2020\/05\/Zeugen-gesucht-Neutral-80x60.jpg 80w\" sizes=\"(max-width: 801px) 100vw, 801px\" \/><\/figure><\/div>\n\n\n<p>Am fr\u00fchen Sonntagmorgen kurz nach 0 Uhr wurde ein 46-j\u00e4hriger Mann von einem bisher unbekannten T\u00e4ter in einer Bar in der B\u00fcrgermeister-Fuchs-Stra\u00dfe angesprochen und gebeten mit ihm das Lokal zu verlassen. Auf der Stra\u00dfe behauptete der Unbekannte, dass der 46-J\u00e4hrige seine Eltern beleidigt h\u00e4tte und schlug ihm pl\u00f6tzlich mit einer Glasflasche auf den Kopf. Der Mann erlitt dadurch eine Platzwunde und musste in ein nahegelegenes Krankenhaus gebracht werden. Der T\u00e4ter fl\u00fcchtete kurz nach dem Geschehen. <\/p>\n\n\n\n<h4 class=\"wp-block-heading\">Er wird wie folgt beschrieben:<\/h4>\n\n\n\n<ul>\n<li><strong>1,85 &#8211; 1,90 m gro\u00df<\/strong><\/li>\n\n\n\n<li><strong>lange\/braune Haare zu einem Zopf gebunden<\/strong><\/li>\n\n\n\n<li><strong>Er soll dunkle Kleidung getragen haben<\/strong><\/li>\n<\/ul>\n\n\n\n<ul>\n<li><strong>Zeugen, welche die Tat beobachtet haben, werden gebeten, das Polizeirevier Mannheim-Neckarstadt unter Tel.: 0621\/3301-0 zu kontaktieren.<\/strong><\/li>\n<\/ul>\n\n\n\n<h2 class=\"wp-block-heading\">(Mannheim) &#8211; 42-J\u00e4hriger nach versuchtem Mord auf Antrag der Staatsanwaltschaft Mannheim vorl\u00e4ufig untergebracht<\/h2>\n\n\n\n<h3 class=\"wp-block-heading\">Gemeinsame Pressemitteilung der Staatsanwaltschaft Mannheim und des Polizeipr\u00e4sidium Mannheim.<\/h3>\n\n\n<div class=\"wp-block-image\">\n<figure class=\"aligncenter size-full\"><img decoding=\"async\" loading=\"lazy\" width=\"800\" height=\"533\" src=\"https:\/\/speyer24news.com\/wp-content\/uploads\/2020\/06\/Zelle.jpg\" alt=\"\" class=\"wp-image-28203\" srcset=\"https:\/\/speyer24news.com\/wp-content\/uploads\/2020\/06\/Zelle.jpg 800w, https:\/\/speyer24news.com\/wp-content\/uploads\/2020\/06\/Zelle-300x200.jpg 300w, https:\/\/speyer24news.com\/wp-content\/uploads\/2020\/06\/Zelle-768x512.jpg 768w\" sizes=\"(max-width: 800px) 100vw, 800px\" \/><figcaption class=\"wp-element-caption\">Beispielbild Zelle \/ Verhaftung, dient lediglich der Visualisierung<\/figcaption><\/figure><\/div>\n\n\n<p>Am Freitagabend, dem 22.12.2023, konnte ein 42-j\u00e4hriger Tatverd\u00e4chtiger vorl\u00e4ufig festgenommen werden, nachdem er gegen 18 Uhr unberechtigt in die Wohnung eines Ehepaares in der Cheliusstrra\u00dfe eingedrungen sein soll und dort unvermittelt auf den anwesenden 40-j\u00e4hrigen Mann und die 44-j\u00e4hrige Frau eingestochen habe. Beide Personen wurden durch den Angriff schwer verletzt und zur medizinischen Versorgung in ein nahegelegenes Krankenhaus gebracht. Der Tatverd\u00e4chtige konnte noch in der Wohnung durch die alarmierte Polizei festgenommen werden. Durch die Staatanwaltschaft Mannheim wurde gegen den 42-j\u00e4hrigen Tatverd\u00e4chtigen ein Unterbringungsbefehl beantragt, welcher am 23.12.23 nach einer Vorf\u00fchrung des Tatverd\u00e4chtigen beim zust\u00e4ndigen Haftrichter des Amtsgericht Mannheim in Vollzug gesetzt wurde. Der Tatverd\u00e4chtige wurde im Anschluss an eine psychiatrische Einrichtung \u00fcberstellt. Im Zuge der polizeilichen Ermittlungen wurde eine 73-J\u00e4hrige aus dem gleichen Anwesen in der Cheliustra\u00dfe bei der Polizei als vermisst gemeldet. Bei der Wohnungs\u00fcberpr\u00fcfung konnte die Frau nur noch leblos in ihrer Wohnung aufgefunden werden. Inwieweit zwischen dem Messerangriff und dem Auffinden der Person ein m\u00f6glicher Zusammenhang besteht, ist Gegenstand der Ermittlungen.<\/p>\n\n\n\n<p>Die Ermittlungen der Staatsanwaltschaft Mannheim und des Kriminalkommissariat Mannheim dauern weiter an.<\/p>\n\n\n\n<h2 class=\"wp-block-heading\">(Mannheim) &#8211; Streit im Stra\u00dfenverkehr eskaliert<\/h2>\n\n\n\n<p>Am Freitagnachmittag, um kurz nach 14 Uhr geraten ein 23-J\u00e4hriger und ein bislang unbekannter Autofahrer aufgrund dessen Fahrverhalten bei dem es beinahe zu einem Verkehrsunfall gekommen sei, zun\u00e4chst in Streit. In dessen Verlauf fallen mehrere Beleidigungen seitens des unbekannten Autofahrers. Nach derzeitigen Erkenntnissen sei der Autofahrer dann unvermittelt aus seinem Fahrzeug ausgestiegen, habe ein Messer gezogen und es dem 23-J\u00e4hrigen an den Hals gehalten. Dabei habe er Drohungen ausgesprochen. Umstehende Passanten griffen daraufhin in die Situation ein, woraufhin der unbekannte T\u00e4ter von dem 23-J\u00e4hrigen ablie\u00df und sich entfernte.<\/p>\n\n\n\n<ul>\n<li><strong>Die Ermittlungen wurden durch das Polizeirevier Mannheim-K\u00e4fertal eingeleitet. Personen, die sachdienliche Hinweise zu dem Vorfall machen k\u00f6nnen, werden gebeten sich beim Polizeirevier Mannheim-K\u00e4fertal telefonisch unter Tel: 0621\/ 718490 zu melden.<\/strong><\/li>\n<\/ul>\n\n\n\n<h2 class=\"wp-block-heading\">(Mannheim-Sch\u00f6nau) &#8211; Schusswaffengebrauch im Zusammenhang mit polizeilichem Einsatz<\/h2>\n\n\n<div class=\"wp-block-image\">\n<figure class=\"aligncenter size-full\"><img decoding=\"async\" loading=\"lazy\" width=\"800\" height=\"533\" src=\"https:\/\/speyer24news.com\/wp-content\/uploads\/2021\/01\/Ruhe-in-Frieden.jpg\" alt=\"\" class=\"wp-image-32361\" srcset=\"https:\/\/speyer24news.com\/wp-content\/uploads\/2021\/01\/Ruhe-in-Frieden.jpg 800w, https:\/\/speyer24news.com\/wp-content\/uploads\/2021\/01\/Ruhe-in-Frieden-300x200.jpg 300w, https:\/\/speyer24news.com\/wp-content\/uploads\/2021\/01\/Ruhe-in-Frieden-768x512.jpg 768w\" sizes=\"(max-width: 800px) 100vw, 800px\" \/><\/figure><\/div>\n\n\n<p>Nachdem es am 23.Dezember zu einem Schusswaffengebrauch durch die Polizei kam, verstarb der 49-J\u00e4hrige wenig sp\u00e4ter in einem Krankenhaus. Nach einem Telefonat von Polizeipr\u00e4sident Kollmar mit dem Pr\u00e4sidenten des Landeskriminalamtes Baden W\u00fcrttemberg (LKA) wurden die Ermittlungen umgehend durch das LKA \u00fcbernommen und in den n\u00e4chsten Tagen fortgef\u00fchrt.<\/p>\n\n\n\n<p>Vor Ort wurde die Familie des verstorbenen 49-J\u00e4hrigen durch Seelsorger betreut. Auch die am Einsatz beteiligten Polizeibeamtinnen und -beamten werden von Seiten einer Psychologin des Polizeipr\u00e4sidium Mannheim betreut. Polizeipr\u00e4sident Siegfried Kollmar dr\u00fcckt den Angeh\u00f6rigen des Verstorbenen seine Anteilnahme aus. &#8222;Der Tod eines Menschen im Rahmen eines polizeilichen Einsatzes ist an Tragik kaum zu \u00fcberbieten. Meine Gedanken sind bei der Familie des Verstorbenen sowie bei den eingesetzten Polizeibeamtinnen und -beamten.&#8220;<\/p>\n\n\n\n<h2 class=\"wp-block-heading\">(Mannheim-Rheinau) &#8211; Bei BMW Scheibe eingeschlagen \/ Zeugen gesucht<\/h2>\n\n\n\n<p>Ein oder mehrere Unbekannte schlugen am Montag, zwischen 14.30 und 15.30 Uhr, die Fensterscheibe eines am Wasserwerk Rheinau geparkten BMW ein, gelangten so ins Innere und durchw\u00fchlten diesen. Aus dem Fahrzeug wurde nach derzeitigem Ermittlungsstand nichts entwendet. <\/p>\n\n\n\n<ul>\n<li><strong>Zeugen und\/oder Anwohner, die zur fraglichen Zeit verd\u00e4chtige Wahrnehmungen gemacht haben, werden gebeten Kontakt mit dem Polizeirevier Mannheim-Neckarau, Tel.: 0621\/83397-0, aufzunehmen.<\/strong><\/li>\n<\/ul>\n\n\n\n<h2 class=\"wp-block-heading\">(Mannheim-Sandhofen) &#8211; Hubschrauberbesatzung mit Laser geblendet \/ Festnahme<\/h2>\n\n\n<div class=\"wp-block-image\">\n<figure class=\"aligncenter size-full\"><img decoding=\"async\" loading=\"lazy\" width=\"800\" height=\"562\" src=\"https:\/\/speyer24news.com\/wp-content\/uploads\/2023\/10\/Laser-Pointer-Gruen.jpg\" alt=\"\" class=\"wp-image-55358\" srcset=\"https:\/\/speyer24news.com\/wp-content\/uploads\/2023\/10\/Laser-Pointer-Gruen.jpg 800w, https:\/\/speyer24news.com\/wp-content\/uploads\/2023\/10\/Laser-Pointer-Gruen-300x211.jpg 300w, https:\/\/speyer24news.com\/wp-content\/uploads\/2023\/10\/Laser-Pointer-Gruen-768x540.jpg 768w\" sizes=\"(max-width: 800px) 100vw, 800px\" \/><\/figure><\/div>\n\n\n<p>Im Rahmen eines Polizeieinsatzes war in der Nacht von Samstag auf den Heiligen Abend im Bereich Mannheim-Sandhofen ein Polizeihubschrauber eingesetzt. Kurz nach Mitternacht wurde die Besatzung vom Boden aus mit einem Laserpointer geblendet.<\/p>\n\n\n\n<p>Nur durch das schnelle Handeln der Beamten an Bord blieben diese gl\u00fccklicherweise unverletzt und konnten den Hubschrauber unter Kontrolle halten. Nachdem sie sich weiter gesch\u00fctzt hatten, konnte der betreffende Laserstrahl am Boden eindeutig lokalisiert werden.<\/p>\n\n\n\n<p>Durch das eingespielte Zusammenarbeiten mit den Polizeikr\u00e4ften am Boden konnte das verd\u00e4chtige Wohnwesen aufgesucht und die betreffende Wohnung betreten werden.<\/p>\n\n\n\n<p>Dort wurde ein 25-J\u00e4hriger angetroffen und auch der Laserpointer aufgefunden, der durch die Beamten sichergestellt wurde. Nach Abschluss der Ma\u00dfnahmen wurde der 25-j\u00e4hrige Beschuldigte wieder entlassen.<\/p>\n\n\n\n<p>Er sieht nun einem Strafverfahren wegen Gef\u00e4hrlichen Eingriffs in den Luftverkehr entgegen. Die Ermittlungen hierzu hat das Kriminalkommissariat Mannheim \u00fcbernommen.<\/p>\n\n\n\n<h2 class=\"wp-block-heading\">(Heidelberg) &#8211; Radfahrer f\u00e4hrt \u00fcber Rot, verursacht einen Unfall und fl\u00fcchtet anschlie\u00dfend<\/h2>\n\n\n\n<p>Am Samstagnachmittag, um 16 Uhr, \u00fcberquerte ein Fahrradfahrer die Mittermaierstra\u00dfe in H\u00f6he der Vangerowstra\u00dfe an der dortigen Ampel bei Rotlicht. Hierbei kollidierte er mit einem Mercedes, welcher zu diesem Zeitpunkt auf der Mittermaierstra\u00dfe fuhr und von einem 66-j\u00e4hrigem Mann gelenkt wurde. Durch den Zusammensto\u00df kam der Fahrradfahrer zu Fall und verletzte sich im Gesicht. Anschlie\u00dfend stieg er zun\u00e4chst kurz von seinem Fahrrad ab und sprach mit dem Fahrer des Mercedes, fl\u00fcchtete dann aber unerlaubt von der Unfallstelle, ohne seine Personalien ausgeh\u00e4ndigt zu haben. An dem Mercedes des 66-J\u00e4hrigen entstand ein Sachschaden in H\u00f6he von 10.000 Euro. Das Polizeirevier Heidelberg- Mitte hat die Ermittlungen zu der Verkehrsunfallflucht eingeleitet.<\/p>\n\n\n\n<h2 class=\"wp-block-heading\">(Heidelberg) &#8211; Rollerfahrer bei Verkehrsunfall verletzt<\/h2>\n\n\n\n<p>Am Samstagmorgen, um kurz nach 8 Uhr, kollidierte ein 67-j\u00e4hriger Mann, der mit seinem Roller auf der Br\u00fcckenstra\u00dfe fuhr, mit dem VW eines 72-J\u00e4hrigen. Dieser war zum Unfallzeitpunkt gerade dabei, sein Fahrzeug in eine vorhandene Parkl\u00fccke einzuparken. Der Rollerfahrer fuhr aus bislang unbekannten Gr\u00fcnden direkt in die schr\u00e4g stehende Front des VW, kam dabei zu Fall und blieb anschlie\u00dfend regungslos auf dem Boden liegen. Durch die eingesetzten Polizeistreifen der Polizeireviere Heidelberg-Mitte und Heidelberg-Nord wurden umgehend Erste-Hilfe- Ma\u00dfnahmen eingeleitet. Im Anschluss wurde der 67-J\u00e4hrige zur weiteren medizinischen Versorgung in ein nahegelegenes Krankenhaus gebracht. Zu dessen Verletzungen liegen keine Erkenntnisse vor. An beiden Fahrzeugen entstand ein Sachschaden in H\u00f6he eines niedrigen vierstelligen Betrages. W\u00e4hrend der Unfallaufnahme musste der Schienenverkehr in Fahrtrichtung Dossenheim zeitweise gesperrt werden.<\/p>\n\n\n\n<p>Die Ermittlungen zum genauen Unfallhergang wurden durch das Polizeirevier Heidelberg-Nord eingeleitet.<\/p>\n\n\n\n<h2 class=\"wp-block-heading\">(Schwetzingen \/ Rhein-Neckar-Kreis) &#8211; \u00dcberfahren einer roten Ampel f\u00fchrt zum Unfall<\/h2>\n\n\n\n<p>Eine 63-J\u00e4hrige Citroen-Fahrerin befuhr am Samstag gegen 8.40 Uhr die Kurf\u00fcrstenstra\u00dfe in Fahrtrichtung Beethovenstra\u00dfe. An der Kreuzung zur Nadlerstra\u00dfe stand sie zun\u00e4chst an der dortigen roten Ampel. Pl\u00f6tzlich fuhr sie aus unerkl\u00e4rlichen Gr\u00fcnden bei Rotlicht los, sodass es in der Folge zum Zusammensto\u00df mit einer kreuzenden 49-j\u00e4hrigen BMW-Fahrerin kam. Beide Fahrzeuge wurden nach dem Unfall abgeschleppt. Es entstand ein Sachschaden in H\u00f6he von ca. 20.000 Euro. Verletzt wurde nach ersten Erkenntnissen keine der beteiligten Verkehrsteilnehmerinnen.<\/p>\n\n\n\n<h2 class=\"wp-block-heading\">(Leimen \/ Rhein-Neckar-Kreis) &#8211; Unbekannter nimmt Rollerfahrer die Vorfahrt und fl\u00fcchtet \/ Zeugenaufruf!<\/h2>\n\n\n\n<p>Am Samstag gegen 17 Uhr fuhr ein bisher unbekannter Verkehrsteilnehmer von der Kaiserstra\u00dfe auf die St. Ilgener Stra\u00dfe. Hierbei missachtete der bzw. die Unbekannte die Vorfahrt eines 32-j\u00e4hrigen Rollerfahrers, welcher nur durch ein starkes Bremsman\u00f6ver einen Zusammensto\u00df verhindern konnte. Dies hatte zur Folge, dass der Mann st\u00fcrzte und sich leichte Verletzungen zuzog. Der bzw. die Fl\u00fcchtige fuhr in Richtung St. Ilgen davon. Nach den bisherigen Ermittlungen k\u00f6nnte es sich bei dem Fahrzeug des Verursachers oder der Verursacherin um einen <strong>silber\/grauen Audi mit Heidelberger Zulassung<\/strong> gehandelt haben. <\/p>\n\n\n\n<ul>\n<li><strong>Das Polizeirevier Wiesloch hat die Ermittlungen wegen Unfallflucht aufgenommen. Zeugen, welche sachdienliche Hinweise geben k\u00f6nnen, werden gebeten sich unter Tel.: 06222\/5709-0 zu melden.<\/strong><\/li>\n<\/ul>\n\n\n\n<h2 class=\"wp-block-heading\">(Walldorf \/ Rhein-Neckar-Kreis) &#8211; Radfahrer st\u00fcrzt und verletzt sich schwer \/ Zeugen gesucht<\/h2>\n\n\n\n<p>Am Montagvormittag, gegen 11.00 Uhr, fanden Passanten einen 86-J\u00e4hrigen schwer verletzt im Bereich der Rennbahnstra\u00dfe auf. Nach derzeitigem Ermittlungsstand befuhr er mit seinem Pedelec vom Steubenhof kommend die Rennbahnstra\u00dfe. Im Bereich der dortigen Unterf\u00fchrung kam der 86-J\u00e4hrige, der keinen Helm trug, aus bislang noch ungekl\u00e4rter Ursache zu Sturz, zog sich u.a. anderem schwere Kopfverletzungen zu und wurde umgehend in eine umliegende Klinik verbracht. Der genaue Unfallhergang ist noch Gegenstand der Ermittlungen, die der Verkehrsdienst Mannheim aufgenommen hat. <\/p>\n\n\n\n<ul>\n<li><strong>Zeugen oder Passanten die Hinweise auf das Unfallgeschehen geben k\u00f6nnen werden gebeten sich mit dem Verkehrsdienst Mannheim, Tel: 0621\/174-4220, in Verbindung zu setzen.<\/strong><\/li>\n<\/ul>\n\n\n\n<h2 class=\"wp-block-heading\">(Hockenheim \/ Rhein-Neckar-Kreis) &#8211; Kopfplatzwunde nach Streit auf Supermarktparkplatz \/ Zeugen gesucht!<\/h2>\n\n\n\n<p>Am Samstag kurz vor 12 Uhr sprach ein 66-j\u00e4hriger Mann einen anderen Mann auf einem Supermarktparkplatz in der Lussheimer Stra\u00dfe an, da dieser ohne erkennbaren Grund einen Mutter-Kind-Parkplatz f\u00fcr sich in Anspruch genommen haben soll. Hieraus entwickelte sich ein Streit, welcher wenig sp\u00e4ter innerhalb des Supermarktes erneut aufflammte. Der Verd\u00e4chtige soll den 66-J\u00e4hrigen daraufhin im Bereich der Obst- und Gem\u00fcseabteilung mit dem Kopf gesto\u00dfen haben, wodurch dieser verletzt wurde. Die Auseinandersetzung d\u00fcrfte nach dem Stand der derzeitigen Ermittlungen von weiteren Kundinnen und Kunden des Supermarkts wahrgenommen worden sein. <\/p>\n\n\n\n<ul>\n<li><strong>Zur weiteren Aufhellung der Tat werden diese Zeugen gebeten, sich telefonisch beim Polizeirevier Hockenheim unter Tel.: 06205\/2860-0 zu melden.<\/strong><\/li>\n<\/ul>\n\n\n\n<h2 class=\"wp-block-heading\">(Wiesloch \/ Rhein-Neckar-Kreis) &#8211; Brandausbruch im Gewerbegebiet<\/h2>\n\n\n\n<p>Zurzeit ist die Feuerwehr Wiesloch mit starken Kr\u00e4ften aufgrund eines Brandausbruchs im Gewerbegebiet im Eichelweg im Einsatz. Die Polizei ist ebenfalls vor Ort. Momentan kann noch nichts \u00fcber das Ausma\u00df gesagt werden. Es ist jedoch eine Rauchentwicklung nach au\u00dfen feststellbar. (<em>24.12.2023 \u2013 21:05<\/em>)<\/p>\n\n\n\n<h3 class=\"wp-block-heading has-text-align-center\">Pressemeldung Nr. 2<\/h3>\n\n\n\n<p>Zwischenzeitlich konnte der Brand durch die Feuerwehr Wiesloch vollst\u00e4ndig gel\u00f6scht werden. Ersten Erkenntnissen nach ist der Brand im Bereich einer vorgelagerten B\u00e4ckerei-Filiale eines Lebensmittelmarktes ausgebrochen. Durch den Brand wurde das Inventar der B\u00e4ckerei in Mitleidenschaft gezogen. Hieran entstand lediglich geringer Sachschaden von ca. 1.000 EUR. Da sich durch den Brand eine gr\u00f6\u00dfere Menge Rauch ausbreitete, kann infolgedessen ein gr\u00f6\u00dferer Sachschaden innerhalb des Lebensmittelmarktes entstanden sein. Dieser l\u00e4sst sich zum jetzigen Zeitpunkt noch nicht absch\u00e4tzen.<\/p>\n\n\n\n<p>Diese Ermittlungen und die der Ursache des Brandausbruchs sind nun Aufgabe des Polizeireviers Wiesloch.<\/p>\n\n\n\n<p>Momentan ist die Feuerwehr Wiesloch mit den letzten Aufr\u00e4umarbeiten besch\u00e4ftigt.<\/p>\n\n\n\n<h2 class=\"wp-block-heading\">(A 6 \/ Dielheim \/ Rhein-Neckar-Kreis) &#8211; Verkehrsunfall mit Personenschaden auf nasser Fahrbahn<\/h2>\n\n\n\n<p>Am Sonntag, gegen 10:30 Uhr, verlor ein 21-J\u00e4hriger, der mit seinem Peugeot auf der A 6 in Fahrtrichtung Mannheim unterwegs war, die Kontrolle \u00fcber sein Fahrzeug. Aufgrund von nicht vorschriftsm\u00e4\u00dfiger Bereifung und nasser Fahrbahn kam der Fahrer von der Fahrbahn ab, touchierte zun\u00e4chst die Betongleitwand auf der linken Fahrbahnseite und schleuderte anschlie\u00dfend gegen die Schutzplanke auf der rechten Fahrbahnseite. Gl\u00fccklicherweise wurde der Fahrer nur leicht verletzt. Am Pkw entstand ein Schaden von ca. 2.000 Euro.<\/p>\n\n\n\n<p>Der Verkehrsunfall wurde durch den Verkehrsdienst Heidelberg, Au\u00dfenstelle Walldorf, aufgenommen.<\/p>\n\n\n\n<h2 class=\"wp-block-heading\">(Bammental \/ Rhein-Neckar-Kreis) &#8211; Vandalismus in Tiefgarage durch Unbekannte<\/h2>\n\n\n\n<p>Sprachlos rief eine Zeugin am Samstagmorgen gegen 6.30 Uhr bei der Polizei an und informierte die Beamten, dass es in einer Tiefgarage am Vertusplatz zu Vandalismus durch eine bislang unbekannte T\u00e4terschaft gekommen sei. Vor Ort stellten die Polizisten fest, dass mehrere Fahrzeuge mit dem Inhalt eines Feuerl\u00f6schers bespr\u00fcht und anschlie\u00dfend besch\u00e4digt wurden. Aus den Fahrzeugen wurde diverses Fahrzeugzubeh\u00f6r entwendet. Nebst den Fahrzeugen, wurden ebenfalls mehrere Deckenlampen heruntergerissen und besch\u00e4digt, sodass die Beleuchtung vorerst nicht funktionierte. Einige Deckenlampen konnten noch vor Ort repariert und eine notd\u00fcrftige Beleuchtung hergestellt werden. Aus der Tiefgarage wurden zwei Feuerl\u00f6scher entwendet, von denen einer in unmittelbarer N\u00e4he wieder aufgefunden werden konnte. Wie hoch der entstandene Sach- sowie Diebstahlschaden ist, ist bislang noch unbekannt.<\/p>\n\n\n\n<p>Die Ermittlungen wurden aufgenommen und werden durch den Polizeiposten Meckesheim gef\u00fchrt. Der Vorfall muss sich zwischen dem 22.12.2023, 14:30 Uhr und dem 23.12.2023, 06:30 Uhr, ereignet haben. <\/p>\n\n\n\n<ul>\n<li><strong>Zeugen, die sachdienliche Hinweise geben k\u00f6nnen, werden gebeten sich beim Polizeiposten Meckesheim zu melden, unter: 06226-1336.<\/strong><\/li>\n<\/ul>\n\n\n\n<h2 class=\"wp-block-heading\">(Sinsheim \/ Rhein-Neckar-Kreis) &#8211; Zeugen nach Einbruch gesucht!<\/h2>\n\n\n\n<p>Am Sonntag zwischen 13 und 24 Uhr brach eine bisher unbekannte T\u00e4terschaft in ein Wohnhaus in der N\u00f6rdlichen Ringstra\u00dfe ein. Die Unbekannten gelangten ersten Ermittlungen zufolge \u00fcber den Keller in das Geb\u00e4ude ein, durchw\u00fchlten mehrere Schr\u00e4nke im Haus und entwendeten schlie\u00dflich einen Tresor mit diversem Schmuck, Bargeld und Goldbarren. Die Schadensh\u00f6he ist derzeit noch nicht bekannt und wird im Laufe der weiteren Ermittlungen beziffert. <\/p>\n\n\n\n<ul>\n<li><strong>Zeugenhinweise nimmt das Polizeirevier Sinsheim unter 07261\/690-0 entgegen.<\/strong><\/li>\n<\/ul>\n\n\n\n<h2 class=\"wp-block-heading\">(A 6 \/ Sinsheim \/ Rhein-Neckar-Kreis) &#8211; F\u00fcnf Fahrzeuge bei Unfall auf der Autobahn besch\u00e4digt \/ Zeugen gesucht!<\/h2>\n\n\n\n<p>Am Freitagmorgen gegen 7 Uhr verlor eine 24-j\u00e4hrige Renault-Fahrerin auf der A6 in Fahrtrichtung Mannheim, vermutlich aufgrund eines Gegenstandes auf der Fahrbahn, die Kontrolle \u00fcber ihren Kleintransporter und kollidierte zun\u00e4chst mit einem auf der rechten Fahrspur fahrenden LKW. Durch die Kollision geriet der Renault ins Schleudern und blieb schlie\u00dflich auf der mittleren Fahrspur stehen. Ein nachfolgender 29-j\u00e4hriger BMW-Fahrer musste daraufhin stark abbremsen, um einen weiteren Unfall zu vermeiden. Ein weiterer LKW-Fahrer erkannte die Situation zu sp\u00e4t und fuhr auf den bremsenden BMW auf. Durch umherfliegende Tr\u00fcmmerteile wurde zudem ein herannahender VW besch\u00e4digt. Der Gesamtschaden liegt bei 30.000 Euro. Sowohl die Renault-Fahrerin, als auch der BMW-Fahrer erlitten leichte Verletzungen. <\/p>\n\n\n\n<ul>\n<li><strong>Zeugen, welche Hinweise zum Unfallhergang geben k\u00f6nnen, wenden sich an die Autobahnpolizei in Walldorf unter Tel.: 06227\/35826-0.<\/strong><\/li>\n<\/ul>\n\n\n\n<h2 class=\"wp-block-heading\">(Schriesheim \/ Rhein-Neckar-Kreis) &#8211; Autofahrer kollidiert mit einer Stra\u00dfenbahn<\/h2>\n\n\n\n<p>Am Sonntag kam es gegen 13 Uhr zu einem Verkehrsunfall zwischen einem PKW und einer Stra\u00dfenbahn. Ein 69-j\u00e4hriger Ford-Fahrer befuhr die Talstra\u00dfe in Richtung B3. An der dortigen Einm\u00fcndung missachtete er das Rotlicht und stie\u00df mit einer, nach Heidelberg fahrenden, Stra\u00dfenbahn zusammen. Trotz einer eingeleiteten Notbremsung des 25-j\u00e4hrigen Stra\u00dfenbahnfahrers konnte der Unfall nicht verhindert werden. Gl\u00fccklicherweise wurden hierbei weder die beiden Fahrer, noch die ca. 30 Fahrg\u00e4ste, verletzt.<\/p>\n\n\n\n<p>Sowohl am PKW, als auch an der Stra\u00dfenbahn, entstand ein Sachschaden von mehreren tausend Euro. Der Ford war nicht mehr fahrbereit und musste abgeschleppt werden.<\/p>\n\n\n\n<p>Der Verkehrsunfall wurde durch das Polizeirevier Weinheim aufgenommen.<\/p>\n\n\n\n<h2 class=\"wp-block-heading\">(Laudenbach \/ Rhein-Neckar-Kreis) &#8211; Dreister Diebstahl mehrerer Weihnachtsb\u00e4ume vor dem Weihnachtsfest<\/h2>\n\n\n\n<p>Kurz vor dem Weihnachtsfest wurden in der Zeit von Freitag, 10 Uhr, bis Samstag, 10 Uhr, ca. 30 Tannenb\u00e4ume von einem Verkaufsstand an der K 4229 entwendet. Der Verkaufsstand war durch einen Bauzaun gesichert, welcher f\u00fcr den Abtransport der Tannen unbefugt ge\u00f6ffnet wurde. Die unbekannten T\u00e4ter konnten mit ihrem Diebesgut in unbekannte Richtung entkommen. Die H\u00f6he des Diebstahlschadens ist bislang unbekannt.<\/p>\n\n\n\n<ul>\n<li><strong>Zeugen, die Hinweise auf den Tathergang oder die unbekannten T\u00e4ter geben k\u00f6nnen, werden gebeten sich beim Polizeirevier Weinheim zu melden, unter: 066201-10030.<\/strong><\/li>\n<\/ul>\n","protected":false},"excerpt":{"rendered":"<div class=\"mh-excerpt\"><p>Polizeimeldungen der Weihnachtsfeiertage 2023 (Speyer) &#8211; Polizeibeamte beleidigt und bedroht Am 25.12.23 gegen 21:00 Uhr kam es auf dem &#8222;K\u00f6nigsplatz&#8220; in Speyer zu einer K\u00f6rperverletzung zwischen zwei Personen. Vor Ort konnten die eingesetzten Beamten einen <a class=\"mh-excerpt-more\" href=\"https:\/\/speyer24news.com\/?p=56992\" title=\"Polizeimeldungen Weihnachten 2023\">[&#8230;]<\/a><\/p>\n<\/div>","protected":false},"author":3,"featured_media":26162,"comment_status":"open","ping_status":"open","sticky":false,"template":"","format":"standard","meta":{"_monsterinsights_skip_tracking":false,"_monsterinsights_sitenote_active":false,"_monsterinsights_sitenote_note":"","_monsterinsights_sitenote_category":0,"footnotes":""},"categories":[15659],"tags":[7243,7244,10926,3614,350,14537,15084,15267,14538,15361,702,61,2555,14113,6955,6986,6263,63,105,11150,6987,53,13540,16956,4683,14958,12967,102,13626,213,14325,14324,13553,13541,16955,2625,380],"aioseo_notices":[],"amp_enabled":true,"_links":{"self":[{"href":"https:\/\/speyer24news.com\/index.php?rest_route=\/wp\/v2\/posts\/56992"}],"collection":[{"href":"https:\/\/speyer24news.com\/index.php?rest_route=\/wp\/v2\/posts"}],"about":[{"href":"https:\/\/speyer24news.com\/index.php?rest_route=\/wp\/v2\/types\/post"}],"author":[{"embeddable":true,"href":"https:\/\/speyer24news.com\/index.php?rest_route=\/wp\/v2\/users\/3"}],"replies":[{"embeddable":true,"href":"https:\/\/speyer24news.com\/index.php?rest_route=%2Fwp%2Fv2%2Fcomments&post=56992"}],"version-history":[{"count":4,"href":"https:\/\/speyer24news.com\/index.php?rest_route=\/wp\/v2\/posts\/56992\/revisions"}],"predecessor-version":[{"id":57010,"href":"https:\/\/speyer24news.com\/index.php?rest_route=\/wp\/v2\/posts\/56992\/revisions\/57010"}],"wp:featuredmedia":[{"embeddable":true,"href":"https:\/\/speyer24news.com\/index.php?rest_route=\/wp\/v2\/media\/26162"}],"wp:attachment":[{"href":"https:\/\/speyer24news.com\/index.php?rest_route=%2Fwp%2Fv2%2Fmedia&parent=56992"}],"wp:term":[{"taxonomy":"category","embeddable":true,"href":"https:\/\/speyer24news.com\/index.php?rest_route=%2Fwp%2Fv2%2Fcategories&post=56992"},{"taxonomy":"post_tag","embeddable":true,"href":"https:\/\/speyer24news.com\/index.php?rest_route=%2Fwp%2Fv2%2Ftags&post=56992"}],"curies":[{"name":"wp","href":"https:\/\/api.w.org\/{rel}","templated":true}]}}