{"id":57014,"date":"2023-12-28T08:36:10","date_gmt":"2023-12-28T07:36:10","guid":{"rendered":"https:\/\/speyer24news.com\/?p=57014"},"modified":"2023-12-28T08:36:12","modified_gmt":"2023-12-28T07:36:12","slug":"stadtnotizen-verkehrsnotizen-aus-speyer-95","status":"publish","type":"post","link":"https:\/\/speyer24news.com\/?p=57014","title":{"rendered":"Stadtnotizen &amp; Verkehrsnotizen aus Speyer"},"content":{"rendered":"<style type=\"text\/css\">\r\n\t.ads_top_disp{}\r\n\t.ads_top_corner_disp{ float:left; margin:0px 10px 10px 0px; }\r\n\t.ads_first_p_disp{}\r\n\t.ads_bottom_disp{}\r\n\t<\/style>\n<h1 class=\"wp-block-heading has-text-align-center\">Stadtnotizen<\/h1>\n\n\n<div class=\"wp-block-image\">\n<figure class=\"aligncenter\"><img decoding=\"async\" loading=\"lazy\" width=\"800\" height=\"600\" src=\"https:\/\/speyer24news.com\/wp-content\/uploads\/2020\/01\/Speyer-Stadtnachrichten-2.jpg\" alt=\"\" class=\"wp-image-23901\" srcset=\"https:\/\/speyer24news.com\/wp-content\/uploads\/2020\/01\/Speyer-Stadtnachrichten-2.jpg 800w, https:\/\/speyer24news.com\/wp-content\/uploads\/2020\/01\/Speyer-Stadtnachrichten-2-300x225.jpg 300w, https:\/\/speyer24news.com\/wp-content\/uploads\/2020\/01\/Speyer-Stadtnachrichten-2-768x576.jpg 768w, https:\/\/speyer24news.com\/wp-content\/uploads\/2020\/01\/Speyer-Stadtnachrichten-2-678x509.jpg 678w, https:\/\/speyer24news.com\/wp-content\/uploads\/2020\/01\/Speyer-Stadtnachrichten-2-326x245.jpg 326w, https:\/\/speyer24news.com\/wp-content\/uploads\/2020\/01\/Speyer-Stadtnachrichten-2-80x60.jpg 80w\" sizes=\"(max-width: 800px) 100vw, 800px\" \/><\/figure><\/div>\n\n\n<h2 class=\"wp-block-heading\">2.550 Euro f\u00fcr einen guten Zweck<\/h2>\n\n\n<div class=\"wp-block-image\">\n<figure class=\"aligncenter size-full\"><img decoding=\"async\" loading=\"lazy\" width=\"800\" height=\"597\" src=\"https:\/\/speyer24news.com\/wp-content\/uploads\/2023\/12\/231219_Spendenuebergabe-Ladies-Circle-MA_Bauenmarkt.jpg\" alt=\"\" class=\"wp-image-57015\" srcset=\"https:\/\/speyer24news.com\/wp-content\/uploads\/2023\/12\/231219_Spendenuebergabe-Ladies-Circle-MA_Bauenmarkt.jpg 800w, https:\/\/speyer24news.com\/wp-content\/uploads\/2023\/12\/231219_Spendenuebergabe-Ladies-Circle-MA_Bauenmarkt-300x224.jpg 300w, https:\/\/speyer24news.com\/wp-content\/uploads\/2023\/12\/231219_Spendenuebergabe-Ladies-Circle-MA_Bauenmarkt-768x573.jpg 768w, https:\/\/speyer24news.com\/wp-content\/uploads\/2023\/12\/231219_Spendenuebergabe-Ladies-Circle-MA_Bauenmarkt-80x60.jpg 80w\" sizes=\"(max-width: 800px) 100vw, 800px\" \/><figcaption class=\"wp-element-caption\"><em>v.l.: <\/em>Thomas Scherner, Vorsitzender des Bauernmarkt Speyer e. V., Lisa Seitz von Ladies Circle, Matthias Folz vom Kinder- und Jugendtheater Speyer, Jessica M\u00fcnzer und Johanna Baumg\u00e4rtner, Pr\u00e4sidentin von Ladies Circle Mannheim, Oberb\u00fcrgermeisterin Stefanie Seiler, Lena Biedermann vom Frauenhaus Speyer und Franz Stamm, stellvertretender Vorsitzender Bauernmarkt e. V..<br><em>Foto: \u00a9 Stadt Speyer<\/em><\/figcaption><\/figure><\/div>\n\n\n<p>2.550 Euro \u2013 so hoch fiel der Erl\u00f6s durch den Verkauf von Feldfr\u00fcchten aus, den die Vertreterinnen des Ladies&#8216; Circle 97 Mannheim auch in diesem Jahr im Rahmen des Bauernmarktes in Speyer organisiert hatten. Die Einnahmen wurden wie gewohnt im Nachgang f\u00fcr soziale Zwecke gespendet. In diesem Jahr wurden das Frauenhaus Speyer sowie das Kinder- und Jugendtheater Speyer als gl\u00fcckliche Empf\u00e4nger auserw\u00e4hlt und erhielten jeweils 1.275 Euro.<\/p>\n\n\n\n<p>Entsprechend gel\u00f6st und gl\u00fccklich war die Stimmung bei der offiziellen Spenden\u00fcbergabe, die kurz vor Weihnachten im B\u00fcro von Oberb\u00fcrgermeisterin Stefanie Seiler stattfand. Bereits seit \u00fcber zehn Jahren betreut der Ladies\u00b4 Circle, vormals Vorderpfalz, seit 2022 Mannheim, den Verkaufsstand mit gespendeten Feldfr\u00fcchten auf dem Bauernmarkt, der jedes Jahr im September auf der Maximilianstra\u00dfe stattfindet und an zwei Tagen rund 20.000 Menschen nach Speyer lockt.<\/p>\n\n\n\n<p>F\u00fcr weitere Informationen und R\u00fcckfragen steht der Bauernmarkt e. V. in Person seines Vorsitzenden Thomas Scherner gerne zur Verf\u00fcgung.<\/p>\n\n\n\n<p><em>Text: Stadtverwaltung Speyer Foto: \u00a9 Stadt Speyer<br>22.12.2023<\/em><\/p>\n\n\n\n<h2 class=\"wp-block-heading\">Freude \u00fcber SchUM-Sonderbriefmarke<\/h2>\n\n\n\n<h3 class=\"wp-block-heading\">Fuhr und Seiler: Wertsch\u00e4tzung f\u00fcr j\u00fcdisches Leben und j\u00fcdische Kultur<\/h3>\n\n\n<div class=\"wp-block-image\">\n<figure class=\"aligncenter size-full\"><img decoding=\"async\" loading=\"lazy\" width=\"500\" height=\"667\" src=\"https:\/\/speyer24news.com\/wp-content\/uploads\/2021\/09\/UNESCO-Weltkulturerbe-SchUM-Speyer-2.jpg\" alt=\"\" class=\"wp-image-40505\" srcset=\"https:\/\/speyer24news.com\/wp-content\/uploads\/2021\/09\/UNESCO-Weltkulturerbe-SchUM-Speyer-2.jpg 500w, https:\/\/speyer24news.com\/wp-content\/uploads\/2021\/09\/UNESCO-Weltkulturerbe-SchUM-Speyer-2-225x300.jpg 225w\" sizes=\"(max-width: 500px) 100vw, 500px\" \/><\/figure><\/div>\n\n\n<p>\u201eBundesfinanzminister Christian Lindner hat unseren Vorschlag, eine Sonderbriefmarke zu den SchUM-St\u00e4tten in Speyer, Worms und Mainz herauszugeben, aufgegriffen. Das ist eine wunderbare Nachricht, \u00fcber die wir uns sehr freuen.\u201c Mit diesen Worten kommentierten die Oberb\u00fcrgermeisterin von Speyer, Stefanie Seiler, die auch Vorsitzende des Vereins der SchUM-St\u00e4dte Speyer, Worms und Mainz ist, und Monika Fuhr, Beauftragte der Ministerpr\u00e4sidentin f\u00fcr j\u00fcdisches Leben und Antisemitismusfragen, das Schreiben, das der Minister an seine rheinland-pf\u00e4lzische Amtskollegin, Finanzministerin Doris Ahnen, geschickt hat.<\/p>\n\n\n\n<p>\u201eDie Herausgabe einer solchen Sonderbriefmarke ist ein sehr wichtiges Zeichen und eine Wertsch\u00e4tzung f\u00fcr j\u00fcdisches Leben und j\u00fcdische Kultur in Rheinland-Pfalz und in Deutschland\u201c, sagten Seiler und Fuhr. \u201eSie ist auch ein deutliches Signal gegen Antisemitismus und Intoleranz.\u201c<\/p>\n\n\n\n<p>Innenminister Michael Ebling, in dessen Zust\u00e4ndigkeitsbereich die SchUM-St\u00e4tten liegen, und Finanzministerin Doris Ahnen erg\u00e4nzten: \u201eMit einer solchen Sonderbriefmarke bietet sich die wunderbare M\u00f6glichkeit, die Welterbest\u00e4tten auch \u00fcber Rheinland-Pfalz hinaus noch bekannter zu machen. Auch kann sie dazu beitragen, weiteres Interesse f\u00fcr das aktuelle j\u00fcdische Leben in unserem Land zu wecken.\u201c<\/p>\n\n\n\n<p>Seiler und Fuhr bedankten sich bei allen, die ihre Idee gegen\u00fcber dem Bundesfinanzminister unterst\u00fctzt haben. Unter anderem hatte der Beauftragte der Bundesregierung f\u00fcr j\u00fcdisches Leben in Deutschland und den Kampf gegen Antisemitismus, Dr. Felix Klein, f\u00fcr die Idee geworben ebenso wie Bundestagsabgeordnete aus Rheinland-Pfalz.<\/p>\n\n\n\n<p>Aktuell findet ein Wettbewerb \u2013 der vom Bundesfinanzministerium ausgeschrieben wurde \u2013 unter Beteiligung von sieben Grafikerinnen und Grafikern statt. Geplant ist die Vorstellung der Sonderbriefmarke im kommenden Jahr. \u201eSomit k\u00f6nnen dann im Jahr 2024 die Weihnachtsbriefe mit einer SchUM-Briefmarke frankiert werden,\u201c sagten Fuhr und Seiler.<\/p>\n\n\n\n<p>Die Beauftragte der Ministerpr\u00e4sidentin f\u00fcr j\u00fcdisches Leben und Antisemitismusfragen, Monika Fuhr, und die Vorsitzende des Vereins der SchUM-St\u00e4dte, Oberb\u00fcrgermeisterin Stefanie Seiler, hatten sich im August dieses Jahres mit der Bitte der Herausgabe einer Sonderbriefmarke zu den SchUM-St\u00e4tten in Speyer, Worms und Mainz an den Bundesfinanzminister gewandt.<\/p>\n\n\n\n<p><em>Text: Staatskanzlei Rheinland-Pfalz Foto: \u00a9 Speyer 24 NEWS<br>21.12.2023<\/em><\/p>\n\n\n\n<h2 class=\"wp-block-heading\">Beteiligungsm\u00f6glichkeiten f\u00fcr Kinder und Jugendliche<\/h2>\n\n\n<div class=\"wp-block-image\">\n<figure class=\"aligncenter size-full\"><img decoding=\"async\" loading=\"lazy\" width=\"800\" height=\"583\" src=\"https:\/\/speyer24news.com\/wp-content\/uploads\/2023\/12\/Kind-spielen-Drachen-Fahrrad-Natur.jpg\" alt=\"\" class=\"wp-image-57016\" srcset=\"https:\/\/speyer24news.com\/wp-content\/uploads\/2023\/12\/Kind-spielen-Drachen-Fahrrad-Natur.jpg 800w, https:\/\/speyer24news.com\/wp-content\/uploads\/2023\/12\/Kind-spielen-Drachen-Fahrrad-Natur-300x219.jpg 300w, https:\/\/speyer24news.com\/wp-content\/uploads\/2023\/12\/Kind-spielen-Drachen-Fahrrad-Natur-768x560.jpg 768w\" sizes=\"(max-width: 800px) 100vw, 800px\" \/><\/figure><\/div>\n\n\n<p>Die Stadtverwaltung Speyer bietet \u00fcber die Weihnachtsferien zwei Beteiligungen an, bei denen Kinder und Jugendliche eingeladen sind, ihre Ideen zu \u00e4u\u00dfern. <strong>Eine Teilnahme ist in beiden F\u00e4llen bis Sonntag, 14. Januar 2024, m\u00f6glich.<\/strong><\/p>\n\n\n\n<p>Jugendliche, die im November nicht am Workshop zum geplanten Jugendcaf\u00e9 Speyer-S\u00fcd teilnehmen konnten, haben die M\u00f6glichkeit, ihre Anregungen f\u00fcr den neuen Treff \u00fcber eine Online-Umfrage einzubringen. &nbsp;Die Umfrage und alle weiteren Informationen stehen auf&nbsp;<a href=\"https:\/\/deref-web.de\/mail\/client\/qCYsk1fhDmg\/dereferrer\/?redirectUrl=http%3A%2F%2Fwww.speyer.de%2Fjugendcafesued\" target=\"_blank\" rel=\"noreferrer noopener\">www.speyer.de\/jugendcafesued<\/a>.<\/p>\n\n\n\n<p>An Kinder und Familien richtet sich eine Mitmach-Aktion unter dem Motto \u201eZeigt uns, auf welchem Spielplatz ihr gerne spielen m\u00f6chtet!\u201c. Dabei werden Ideen f\u00fcr die beiden Spielpl\u00e4tze im Feuerbachpark und im Melchior-Hess-Park gesucht, die im Zuge der Weiterentwicklung der beiden Anlagen neu gestaltet werden sollen.<\/p>\n\n\n\n<p>Die Kinder k\u00f6nnen ihre Vorschl\u00e4ge malen, basteln, aufschreiben oder fotografieren und daf\u00fcr entweder eigenes Papier nutzen oder auf vorgefertigte Pl\u00e4ne der Spielpl\u00e4tze zur\u00fcckgreifen, die zu den jeweiligen \u00d6ffnungszeiten in der Tourist-Info, im Bademaxx Speyer und in der Tafel Speyer ausliegen und auch als PDF auf&nbsp;<a href=\"https:\/\/deref-web.de\/mail\/client\/7wuIDlr0K1k\/dereferrer\/?redirectUrl=http%3A%2F%2Fwww.speyer.de%2Fbeteiligung\" target=\"_blank\" rel=\"noreferrer noopener\">www.speyer.de\/beteiligung<\/a>&nbsp;heruntergeladen werden k\u00f6nnen.<\/p>\n\n\n\n<p>Die Vorschl\u00e4ge k\u00f6nnen per Post an die Stadtverwaltung Speyer, B\u00fcrgerbeteiligung, Maximilianstra\u00dfe 100, 67346 Speyer, oder per E-Mail an&nbsp;<a href=\"mailto:beteiligung@stadt-speyer.de\" target=\"_blank\" rel=\"noreferrer noopener\">beteiligung@stadt-speyer.de<\/a>&nbsp;gesendet werden.<\/p>\n\n\n\n<p>Unter allen Teilnehmenden, die ihre Kontaktdaten angeben, werden insgesamt f\u00fcnf Preise verlost, die das Kinder- und Jugendtheater Speyer, die Stadtwerke Speyer, das Technik Museum Speyer, das SEA LIFE Speyer und das Historische Museum der Pfalz zur Verf\u00fcgung stellen.<\/p>\n\n\n\n<p>Alle Informationen zur Mitmach-Aktion, die detaillierten Teilnahmebedingungen und die Spielplatz-Pl\u00e4ne zum Download k\u00f6nnen auf\u00a0<a href=\"https:\/\/deref-web.de\/mail\/client\/7wuIDlr0K1k\/dereferrer\/?redirectUrl=http%3A%2F%2Fwww.speyer.de%2Fbeteiligung\" target=\"_blank\" rel=\"noreferrer noopener\">www.speyer.de\/beteiligung<\/a>\u00a0unter \u201eAktuelle Beteiligungsformate\u201c abgerufen werden.<\/p>\n\n\n\n<p><em>Stadtverwaltung Speyer<br>20.12.2023<\/em><\/p>\n\n\n\n<h2 class=\"wp-block-heading\">Volkshochschule startet nachhaltig und breit aufgestellt ins Fr\u00fchjahrssemester<\/h2>\n\n\n<div class=\"wp-block-image\">\n<figure class=\"aligncenter size-full\"><img decoding=\"async\" loading=\"lazy\" width=\"500\" height=\"712\" src=\"https:\/\/speyer24news.com\/wp-content\/uploads\/2023\/12\/Cover_Programmheft_Volkshochschule-Speyer_Fruehjahr-2024.jpg\" alt=\"\" class=\"wp-image-57017\" srcset=\"https:\/\/speyer24news.com\/wp-content\/uploads\/2023\/12\/Cover_Programmheft_Volkshochschule-Speyer_Fruehjahr-2024.jpg 500w, https:\/\/speyer24news.com\/wp-content\/uploads\/2023\/12\/Cover_Programmheft_Volkshochschule-Speyer_Fruehjahr-2024-211x300.jpg 211w\" sizes=\"(max-width: 500px) 100vw, 500px\" \/><\/figure><\/div>\n\n\n<p>Die Volkshochschule Speyer geht mit einem klaren Fokus auf Nachhaltigkeit und einem vielf\u00e4ltigen Veranstaltungsangebot ins neue Semester. Um einen Beitrag zum Umweltschutz und f\u00fcr eine nachhaltige Zukunft zu leisten, hat die VHS das Format ihres Programmhefts umgestellt. Zudem setzt sie auf mit dem Umweltzeichen Blauer Engel zertifiziertes Papier und verwendet beim Druck ausschlie\u00dflich umweltschonende Farben.<\/p>\n\n\n\n<p>Das aktuelle Angebot umfasst ein breites Spektrum an Veranstaltungen, die von informativen Vortr\u00e4gen \u00fcber kreative Workshops bis zu entspannenden Yoga-Stunden reichen. Ein Highlight ist der Semesterer\u00f6ffnungsvortrag \u201eNatur im Garten\u201c mit Roland G\u00fcnter am Donnerstag, 18. Januar 2024, 19.30 Uhr, im Kleinen Saal der Stadthalle Speyer, der den Auftakt f\u00fcr die Kampagne \u201eTausende G\u00e4rten \u2013 Tausende Arten \u2013 Speyer bl\u00fcht\u201c bildet. Diese Initiative ruft dazu auf, sich aktiv f\u00fcr Insektenschutz und Artenvielfalt einzusetzen, sei es im eigenen Garten oder auf dem Balkon. Zahlreiche Vortr\u00e4ge, Kurse und Workshops bieten die Gelegenheit, sich \u00fcber dieses wichtige Themenfeld ausf\u00fchrlich zu informieren und selbst aktiv zu werden.<\/p>\n\n\n\n<p>Zu den weiteren H\u00f6hepunkten z\u00e4hlen eine Vortragsreihe zu \u201e75 Jahre Grundgesetz\u201c mit Dr. Alessandro Bellardita am 20. M\u00e4rz, 3. und 10. April 2024, jeweils mittwochs um 19.30 Uhr, in der Villa Ecarius, ein deutsch-deutscher Briefwechsel zur geteilten Vergangenheit Deutschlands mit Klaus Stenzel am Montag, 18. M\u00e4rz 2024, 19.30 Uhr, in der Villa Ecarius und ein Vortrag zur inneren Verfassung Chinas mit Prof. Dr. Thomas Heberer, einem renommierten Chinaexperten, am Donnerstag, 15. Februar 2024, 19 Uhr, in der Villa Ecarius. Der internationale Frauentag am Freitag, 8. M\u00e4rz 2024, wird mit dem Film \u201eWoman\u201c und einer Lesung aus dem Buch \u201eGegen Frauenhass\u201c mit der Autorin Christina Clemm besonders gew\u00fcrdigt.<\/p>\n\n\n<div class=\"wp-block-image\">\n<figure class=\"aligncenter size-full\"><img decoding=\"async\" loading=\"lazy\" width=\"667\" height=\"500\" src=\"https:\/\/speyer24news.com\/wp-content\/uploads\/2019\/10\/Villa-Ecarius.jpg\" alt=\"\" class=\"wp-image-20878\" srcset=\"https:\/\/speyer24news.com\/wp-content\/uploads\/2019\/10\/Villa-Ecarius.jpg 667w, https:\/\/speyer24news.com\/wp-content\/uploads\/2019\/10\/Villa-Ecarius-300x225.jpg 300w, https:\/\/speyer24news.com\/wp-content\/uploads\/2019\/10\/Villa-Ecarius-326x245.jpg 326w, https:\/\/speyer24news.com\/wp-content\/uploads\/2019\/10\/Villa-Ecarius-80x60.jpg 80w\" sizes=\"(max-width: 667px) 100vw, 667px\" \/><\/figure><\/div>\n\n\n<p>Kulturinteressierte sind zudem eingeladen, das Museum Purrmann-Haus in entspannter Atmosph\u00e4re bei einem \u201eArt after Work\u201c-Besuch zu erleben. Das Aquarellieren widmet sich den Themen Flower-Power, Meer, Strand und Sonne. Fotografie-Fans d\u00fcrfen sich auf spannende Entdeckungen im Fr\u00fchjahr in Speyer freuen.<\/p>\n\n\n\n<p>Bewegung und Entspannung stehen ebenso auf dem Programm, sei es beim Waldbaden, beim Stand-up-Paddling, bei einem Seminar f\u00fcr gl\u00fcckliche F\u00fc\u00dfe oder beim Yoga.<\/p>\n\n\n\n<p>Im Bereich Ern\u00e4hrung dreht sich alles um regionale Superfoods, vegane K\u00f6stlichkeiten und vegetarische Tapas. Kulinarisch reisen die Teilnehmenden von der Pfalz \u00fcber den Mittelmeerraum nach Asien und Mexiko. Sprachbegeisterte haben die M\u00f6glichkeit, ihre Kenntnisse in Englisch, Franz\u00f6sisch, Italienisch, Spanisch, Japanisch und Schwedisch zu vertiefen. Im Bereich Beruf bietet sich beispielsweise die Gelegenheit, in die Nutzung des Chatbots ChatGPT einzusteigen.<\/p>\n\n\n\n<p>Das vollst\u00e4ndige Programm des Fr\u00fchjahrssemesters mit Informationen zu den Veranstaltungsorten, Terminen und Geb\u00fchren ist in gedruckter Form bei der Volkshochschule sowie in allen Buchhandlungen, Banken und Apotheken in Speyer erh\u00e4ltlich. Online kann das Programm unter&nbsp;<a href=\"https:\/\/deref-web.de\/mail\/client\/B0XjTwx5fcQ\/dereferrer\/?redirectUrl=http%3A%2F%2Fwww.vhs-speyer.de%2Fprogramm\" target=\"_blank\" rel=\"noreferrer noopener\">www.vhs-speyer.de\/programm<\/a>&nbsp;abgerufen werden.<\/p>\n\n\n\n<p><em>Text: Stadtverwaltung Speyer Foto: \u00a9\u00a0Reinhild G\u00fcnther<br>20.12.2023<\/em><\/p>\n\n\n\n<h2 class=\"wp-block-heading\">Jugendstadtrat \u2013 Neuwahl und Bilanz<\/h2>\n\n\n<div class=\"wp-block-image\">\n<figure class=\"aligncenter size-full\"><img decoding=\"async\" loading=\"lazy\" width=\"800\" height=\"601\" src=\"https:\/\/speyer24news.com\/wp-content\/uploads\/2023\/12\/Oeffentliche-Sitzung-Siebter-Jugendstadtrat_\u00a9-JSR.png\" alt=\"\" class=\"wp-image-57018\" srcset=\"https:\/\/speyer24news.com\/wp-content\/uploads\/2023\/12\/Oeffentliche-Sitzung-Siebter-Jugendstadtrat_\u00a9-JSR.png 800w, https:\/\/speyer24news.com\/wp-content\/uploads\/2023\/12\/Oeffentliche-Sitzung-Siebter-Jugendstadtrat_\u00a9-JSR-300x225.png 300w, https:\/\/speyer24news.com\/wp-content\/uploads\/2023\/12\/Oeffentliche-Sitzung-Siebter-Jugendstadtrat_\u00a9-JSR-768x577.png 768w, https:\/\/speyer24news.com\/wp-content\/uploads\/2023\/12\/Oeffentliche-Sitzung-Siebter-Jugendstadtrat_\u00a9-JSR-678x509.png 678w, https:\/\/speyer24news.com\/wp-content\/uploads\/2023\/12\/Oeffentliche-Sitzung-Siebter-Jugendstadtrat_\u00a9-JSR-326x245.png 326w, https:\/\/speyer24news.com\/wp-content\/uploads\/2023\/12\/Oeffentliche-Sitzung-Siebter-Jugendstadtrat_\u00a9-JSR-80x60.png 80w\" sizes=\"(max-width: 800px) 100vw, 800px\" \/><\/figure><\/div>\n\n\n<p>Nachdem am 14. Dezember 2023 der achte Jugendstadtrat in Speyer gew\u00e4hlt wurde, stehen nach erfolgreicher Durchf\u00fchrung der Wahl an insgesamt elf weiterf\u00fchrenden Schulen und der Pr\u00fcfung des Wahlergebnisses die neuen Jugendstadtr\u00e4tinnen und Jugendstadtr\u00e4te fest. \u00dcber die Jugendversammlung konnte eine weitere Kandidatin in den Jugendstadtrat einziehen.<\/p>\n\n\n\n<p>Oberb\u00fcrgermeisterin Stefanie Seiler spricht den gew\u00e4hlten Kandidat*innen ihre Gl\u00fcckw\u00fcnsche aus: \u201eDie Beteiligung von Kindern und Jugendlichen an kommunalen Entscheidungen ist eine der tragenden S\u00e4ulen demokratischen Zusammenlebens. Die M\u00f6glichkeit, mitzureden und mitzubestimmen zeigt, dass sie und ihre Belange ernst genommen werden. Dar\u00fcber hinaus er\u00f6ffnet diese Form der Partizipation uns als Stadt eine zus\u00e4tzliche Perspektive, weshalb ich mich besonders freue, dass nun 23 motivierte junge Menschen diesen Schritt in die politische Beteiligung gehen.\u201c<\/p>\n\n\n\n<p>Insgesamt waren rund 3.200 Kinder und Jugendliche zwischen zw\u00f6lf und 18 Jahren zur Wahl aufgerufen. &nbsp;&nbsp;&nbsp;&nbsp;&nbsp;&nbsp;&nbsp;&nbsp;&nbsp;&nbsp;&nbsp;&nbsp;&nbsp; &nbsp;&nbsp;&nbsp;&nbsp;<br>Von den 31 Kandidat*innen konnten zw\u00f6lf weibliche und elf m\u00e4nnliche Jugendliche in den Jugendstadtrat gew\u00e4hlt werden, welcher sich am 5. Februar 2024 um 17 Uhr im Stadtratssitzungssaal konstituieren wird. &nbsp;&nbsp;&nbsp;&nbsp;&nbsp;&nbsp;&nbsp;&nbsp;&nbsp;&nbsp;&nbsp; &nbsp;&nbsp;&nbsp;&nbsp;<br>Zuvor werden die gew\u00e4hlten Jugendstadtr\u00e4te in einem Wochenendseminar auf ihre T\u00e4tigkeit vorbereitet.<\/p>\n\n\n\n<h4 class=\"wp-block-heading\">Gew\u00e4hlt wurden:<\/h4>\n\n\n\n<p>Burgfeld Realschule plus: <\/p>\n\n\n\n<ul>\n<li><strong>Sophie-Marie Renk<\/strong><\/li>\n\n\n\n<li><strong>Luca Renk<\/strong><\/li>\n\n\n\n<li><strong>Oskar Zielonka<\/strong><\/li>\n<\/ul>\n\n\n\n<p>Siedlungsschule Realschule Plus: <\/p>\n\n\n\n<ul>\n<li><strong>Isabel Breitling<\/strong><\/li>\n\n\n\n<li><strong>Nikita Levikins<\/strong><\/li>\n\n\n\n<li><strong>Ben Stever<\/strong><\/li>\n<\/ul>\n\n\n\n<p>IGS Georg-Friedrich-Kolb: <\/p>\n\n\n\n<ul>\n<li><strong>Monika Franz<\/strong><\/li>\n<\/ul>\n\n\n\n<p>Hans-Purrmann-Gymnasium: <\/p>\n\n\n\n<ul>\n<li><strong>Ilja Levikins<\/strong><\/li>\n\n\n\n<li><strong>Niklas Misske<\/strong><\/li>\n\n\n\n<li><strong>Karina Wicke<\/strong><\/li>\n<\/ul>\n\n\n\n<p>Friedrich-Magnus-Schwerd-Gymnasium: <\/p>\n\n\n\n<ul>\n<li><strong>Christina Maier<\/strong><\/li>\n\n\n\n<li><strong>Simon Nolasco<\/strong><\/li>\n\n\n\n<li><strong>Tjark-Finn Tischler<\/strong><\/li>\n<\/ul>\n\n\n\n<p>Gymnasium am Kaiserdom: <\/p>\n\n\n\n<ul>\n<li><strong>Sophie Gerdsmeier<\/strong><\/li>\n\n\n\n<li><strong>Marlen Sattel<\/strong><\/li>\n\n\n\n<li><strong>Vera Sch\u00f6nbach<\/strong><\/li>\n<\/ul>\n\n\n\n<p>Edith-Stein Gymnasium: <\/p>\n\n\n\n<ul>\n<li><strong>Paula Hemmerich<\/strong><\/li>\n<\/ul>\n\n\n\n<p>Edith-Stein-Realschule: <\/p>\n\n\n\n<ul>\n<li><strong>Rebeca de Souza Batista<\/strong><\/li>\n<\/ul>\n\n\n\n<p>Johann-Joachim-Becher-Schule: <\/p>\n\n\n\n<ul>\n<li><strong>Maurice Lochbrunner<\/strong><\/li>\n<\/ul>\n\n\n\n<p>Nikolaus-von-Weis-Gymnasium: <\/p>\n\n\n\n<p><strong>Christian H\u00e4user<\/strong><\/p>\n\n\n\n<p>Realschule Plus Nikolaus-von-Weis: <\/p>\n\n\n\n<ul>\n<li><strong>Sherine Dubois<\/strong><\/li>\n\n\n\n<li><strong>Alexander Salonek<\/strong><\/li>\n<\/ul>\n\n\n\n<p>Jugendversammlung:<\/p>\n\n\n\n<ul>\n<li><strong>Zorana Vujicic<\/strong><\/li>\n<\/ul>\n\n\n\n<h3 class=\"wp-block-heading\">Bilanz des siebten Jugendstadtrats<\/h3>\n\n\n\n<p>In einer \u00f6ffentlichen Sitzung am 11. Dezember 2023 stellte der siebte Jugendstadtrat nach zwei Jahren Amtszeit die Arbeit und vielf\u00e4ltigen Projekte der vergangenen Legislaturperiode vor. F\u00fcr den Vorstand und einige Mitglieder war es die letzte Sitzung im Rahmen ihres ehrenamtlichen Amtes als Jugendstadtrat.<\/p>\n\n\n\n<p>Der Vorsitzende des Jugendstadtrates, Alexander Martirosyan, sowie seine Stellvertretenden Lenya Misselwitz und Bastian Bubbel, dankten den Mitgliedern des Rates f\u00fcr die tolle Zusammenarbeit sowie der st\u00e4dtischen Mitarbeiterin Sabina Hecht, die die Gesch\u00e4ftsstelle des Jugendstadtrates nach zw\u00f6lf Jahren im M\u00e4rz 2023 an ihren Nachfolger Michel Salzer \u00fcbergeben hatte. Gemeinsam konnte ein vielf\u00e4ltiges, umfangreiches und erfolgreiches Programm auf die Beine gestellt werden, so die positive Abschlussbilanz.<\/p>\n\n\n\n<p>\u201eWir brauchen in unserer Stadt junge Menschen, die gemeinsam etwas bewegen und f\u00fcr Kinder und Jugendliche tolle Angebote schaffen\u201c, erkl\u00e4rt B\u00fcrgermeisterin Monika Kabs. \u201eZus\u00e4tzlich zu der aktiven Gestaltung der Lebensrealit\u00e4t von Kindern und Jugendlichen in Speyer f\u00f6rdert die Jugendbeteiligung auch den Austausch zwischen den Generationen und sorgt so f\u00fcr eine lebendige Stadt\u201c, so die Sozialdezernentin weiter.<\/p>\n\n\n\n<p>Beigeordnete Irmgard M\u00fcnch-Weinmann sprach in der Sitzung am 11. Dezember dem Jugendstadtrat im Namen des gesamten Stadtvorstandes ihre Anerkennung und ihren Respekt f\u00fcr die geleistete Arbeit aus. \u201eEs ist toll zu sehen, was f\u00fcr ein vielf\u00e4ltiges Programm der Jugendstadtrat in den letzten zwei Jahren umgesetzt hat.\u201c<\/p>\n\n\n\n<p>Besonders die gro\u00df angelegte Flyeraktion an den Schulen mit Informationen zum Anruf-Sammel-Taxi (AST) sowie die Organisation von Gro\u00dfveranstaltungen wie dem Freiluftkino oder der \u201eSchool\u2019s out\u201c-Party f\u00fcr Jugendliche konnten als Erfolg verbucht werden. Dar\u00fcber hinaus geh\u00f6rte die regelm\u00e4\u00dfige Teilnahme an Bundes- und Landesnetzwerktreffen zum Programm mit der Gelegenheit zum Austausch mit anderen Kinder- und Jugendvertretungen, aber auch Politiker*innen. Politische Bildungsreisen nach Stra\u00dfburg und Berlin rundeten die Amtszeit ab.<\/p>\n\n\n\n<p>Der siebte Jugendstadtrat wurde am 9. Dezember 2021 gew\u00e4hlt und konstituierte sich am 16. Februar 2022 in einer Sitzung unter der Leitung von Oberb\u00fcrgermeisterin Stefanie Seiler.<\/p>\n\n\n\n<p><em>Text: Stadtverwaltung Speyer Foto: \u00a9\u00a0JSR Speyer<br>18.12.2023<\/em><\/p>\n\n\n\n<h2 class=\"wp-block-heading\">Umweltpreis 2023\/2024 ausgeschrieben<\/h2>\n\n\n\n<p>Die Stadt Speyer verleiht in der Regel alle zwei Jahre einen Umweltpreis. Dank einer privaten Zuwendung bel\u00e4uft sich das Preisgeld dieses Mal auf 1.500 Euro. <strong>Bewerbungen sind bis zum 12. Juli 2024 m\u00f6glich.<\/strong><\/p>\n\n\n\n<p>Mit der Auslobung des Preises sollen Aktivit\u00e4ten zum Schutz der Lebensgrundlagen angeregt und gef\u00f6rdert werden. Ziel ist es, das Verst\u00e4ndnis f\u00fcr die Belange der Umwelt zu wecken und die Bereitschaft zu st\u00e4rken, selbst im Umweltschutz aktiv zu werden.<\/p>\n\n\n\n<p>\u201eMit der erneuten Ausschreibung des Umweltpreises m\u00f6chten wir Menschen aller Altersstufen ermutigen, sich f\u00fcr den Schutz und Erhalt unseres nat\u00fcrlichen Umfeldes einzusetzen\u201c, ruft Oberb\u00fcrgermeisterin Stefanie Seiler die B\u00fcrgerschaft zum Mitmachen auf. \u201eDamit wollen wir auch zeigen, dass das Engagement jedes und jeder Einzelnen in der Summe einiges bewirken kann.\u201c<\/p>\n\n\n\n<p>\u201eEs macht nicht nur Spa\u00df, sich zum Beispiel mit der Flora oder Fauna vor der eigenen Haust\u00fcr intensiver auseinanderzusetzen. Durch die Besch\u00e4ftigung l\u00e4sst sich auch besser verstehen, warum Umweltschutz&nbsp;sowie Artenvielfalt und Biodiversit\u00e4t&nbsp;so wichtig sind und zu unserem eigenen Wohlbefinden beitragen\u201c, f\u00fchrt Beigeordnete und Umweltdezernentin Irmgard M\u00fcnch-Weinmann weiter aus. \u201eWir freuen uns deshalb auf viele ideenreiche Einsendungen.\u201c<\/p>\n\n\n\n<p>Bewerbungen f\u00fcr den Umweltpreis 2023\/2024 m\u00fcssen bis sp\u00e4testens 12. Juli 2024 bei der Stadtverwaltung Speyer, Abteilung Umwelt, Forsten, Nachhaltigkeit und Klimaschutz, Maximilianstra\u00dfe 12, 67346 Speyer, eingereicht werden. Bewerben k\u00f6nnen sich sowohl Einzelpersonen als auch Gruppen oder Vereine.<\/p>\n\n\n\n<p>Die Stadtverwaltung bittet um eine aussagekr\u00e4ftige Beschreibung des Projekts. Anlagen wie Zeichnungen, Fotos und die Kontaktdaten der Projektbeteiligten sind der Bewerbung beizulegen. Die Jury setzt sich aus den Mitgliedern des Ausschusses f\u00fcr Stadtklima, Umwelt und Nachhaltigkeit zusammen. Aufgrund der Kommunalwahlen im Juni 2024 wird die Jury erst bei der Ausschusssitzung am 25. September 2024 tagen und \u00fcber die Preisvergabe entscheiden.<\/p>\n\n\n\n<p>F\u00fcr weitere Ausk\u00fcnfte zum Umweltpreis ist Dr. Bernd Schwarz, Abteilung Umwelt, Forsten, Nachhaltigkeit und Klimaschutz, telefonisch unter der Nummer \u00a006232-14-2456 und per E-Mail an\u00a0<a href=\"mailto:bernd.schwarz@stadt-speyer.de\" target=\"_blank\" rel=\"noreferrer noopener\">bernd.schwarz@stadt-speyer.de<\/a>\u00a0zu erreichen.<\/p>\n\n\n\n<p><em>Stadtverwaltung Speyer<br>14.12.2023<\/em><\/p>\n\n\n\n<h2 class=\"wp-block-heading\">Stadtverwaltung zwischen den Jahren geschlossen<\/h2>\n\n\n<div class=\"wp-block-image\">\n<figure class=\"aligncenter size-full\"><img decoding=\"async\" loading=\"lazy\" width=\"800\" height=\"501\" src=\"https:\/\/speyer24news.com\/wp-content\/uploads\/2020\/12\/Closed.jpg\" alt=\"\" class=\"wp-image-31838\" srcset=\"https:\/\/speyer24news.com\/wp-content\/uploads\/2020\/12\/Closed.jpg 800w, https:\/\/speyer24news.com\/wp-content\/uploads\/2020\/12\/Closed-300x188.jpg 300w, https:\/\/speyer24news.com\/wp-content\/uploads\/2020\/12\/Closed-768x481.jpg 768w\" sizes=\"(max-width: 800px) 100vw, 800px\" \/><\/figure><\/div>\n\n\n<p>Die Stadtverwaltung Speyer hat zwischen Weihnachten und Neujahr, also <strong>von Mittwoch, 27. Dezember, bis Freitag, 29. Dezember 2023<\/strong>, geschlossen.\u00a0F\u00fcr einzelne Fachbereiche und Einrichtungen gelten folgende zus\u00e4tzliche Regeln.<\/p>\n\n\n\n<h4 class=\"wp-block-heading\">Stadtbibliothek<\/h4>\n\n\n\n<p>Die Villa Ecarius ist <strong>von Samstag, 23. Dezember 2023, bis Montag, 1. Januar 2024<\/strong>, geschlossen. Der R\u00fcckgabekasten steht in dieser Zeit nicht zur Verf\u00fcgung.<\/p>\n\n\n\n<h4 class=\"wp-block-heading\">Standesamt<\/h4>\n\n\n\n<p>Aufgrund der Schlie\u00dfung k\u00f6nnen <strong>vom 27. bis zum 29. Dezember 2023<\/strong> keine Beurkundungen vorgenommen und keine Personenstandsurkunden ausgestellt werden. F\u00fcr Bestattungsinstitute gibt es am Mittwoch, 27. Dezember, und Donnerstag, 28. Dezember 2023, jeweils von 9 bis 13 Uhr einen Notdienst mit Anmeldung unter der Telefonnummer 06232-14-2504 oder per E-Mail an\u00a0<a href=\"mailto:standesamt@stadt-speyer.de\" target=\"_blank\" rel=\"noreferrer noopener\">standesamt@stadt-speyer.de<\/a>.<\/p>\n\n\n\n<h4 class=\"wp-block-heading\">Geburtenregister im Diakonissen-Krankenhaus<\/h4>\n\n\n\n<p>Das Geburtenregister im Diakonissen-Krankenhaus ist <strong>von Montag, 25. Dezember 2023, bis Sonntag, 7. Januar 2024<\/strong>, nicht besetzt. Am Montag, 8. Januar 2024, ganztags, und am Mittwoch, 10. Januar 2024, vormittags, ist wieder eine Standesbeamtin vor Ort. B\u00fcrger*innen werden gebeten, sich f\u00fcr Ausk\u00fcnfte, Termine, die Zusendung von Unterlagen etc. per E-Mail an\u00a0<a href=\"mailto:neugeborene@stadt-speyer.de\" target=\"_blank\" rel=\"noreferrer noopener\">neugeborene@stadt-speyer.de<\/a>\u00a0zu wenden.<\/p>\n\n\n\n<h4 class=\"wp-block-heading\">Museum Purrmann-Haus und Kulturhof Flachsgasse<\/h4>\n\n\n\n<p>\u00dcber die Weihnachtstage und den Jahreswechsel gelten in den st\u00e4dtischen Kultureinrichtungen abweichende \u00d6ffnungszeiten. Regul\u00e4r haben das Museum Purrmann-Haus und der Kulturhof Flachsgasse von Donnerstag bis Sonntag sowie an Feiertagen von 11 bis 18 Uhr ge\u00f6ffnet. Am Sonntag, 24. Dezember, und Montag, 25. Dezember, sowie am Sonntag, 31. Dezember 2023, und am Montag, 1. Januar 2024, sind beide H\u00e4user geschlossen.<\/p>\n\n\n\n<p>Im Museum Purrmann-Haus ist die Sonderausstellung \u201eFreundespaare der Moderne &#8211; Karl Schmidt-Rottluff | Emy Roeder | Hans Purrmann\u201c zu sehen. Im Kulturhof Flachsgasse laufen die Ausstellungen \u201eAbi Shek: Von der Kraft des Holzschnitts\u201c (St\u00e4dtische Galerie) sowie \u201eMartin Scholten &amp; Hauke Jessen\u201c (Kunstverein).<\/p>\n\n\n\n<h4 class=\"wp-block-heading\">Tourist-Information Speyer<\/h4>\n\n\n\n<p>Die\u00a0Tourist-Information Speyer\u00a0hat zus\u00e4tzlich am Samstag, 30. Dezember 2023, nicht ge\u00f6ffnet. Sie ist <strong>von Sonntag, 24. Dezember 2023, bis Montag, 1. Januar 2024<\/strong>, geschlossen und ab Dienstag, 2. Januar 2024, wieder f\u00fcr den Publikumsverkehr ge\u00f6ffnet.<\/p>\n\n\n\n<p>Die Stadtverwaltung Speyer w\u00fcnscht allen B\u00fcrgerinnen und B\u00fcrgern sch\u00f6ne Feiertage und ein gutes neues Jahr 2024!<\/p>\n\n\n\n<p><em>Stadtverwaltung Speyer<br>13.12.2023<\/em><\/p>\n\n\n\n<h2 class=\"wp-block-heading\">Bebauungsplan Bauschuttrecyclinganlage: Beteiligung der \u00d6ffentlichkeit<\/h2>\n\n\n\n<p>Nachdem der Bebauungsplanvorentwurf f\u00fcr die Bauschuttrecyclinganlage Speyer erstellt wurde, beginnt die Stadtverwaltung nach Beschluss des Stadtrats mit der fr\u00fchzeitigen Beteiligung der \u00d6ffentlichkeit. Dabei werden die Ziele und Zwecke der Planung in einer \u00f6ffentlichen Ausstellung des Planentwurfs <strong>von Montag, 4. Dezember 2023, bis einschlie\u00dflich Freitag, 12. Januar 2024<\/strong>, vorgestellt.<\/p>\n\n\n\n<p>Der Planentwurf ist in dieser Zeit online unter\u00a0<a href=\"https:\/\/deref-web.de\/mail\/client\/7wuIDlr0K1k\/dereferrer\/?redirectUrl=http%3A%2F%2Fwww.speyer.de%2Fbeteiligung\" target=\"_blank\" rel=\"noreferrer noopener\">www.speyer.de\/beteiligung<\/a>, im Stadthaus in der Maximilianstra\u00dfe 100 an der Informationstafel im Erdgeschoss und bei der Abteilung Stadtplanung \u2013 w\u00e4hrend der Dienststunden montags bis donnerstags von 8 bis 12 Uhr und von 14 bis 16 Uhr sowie freitags von 8 bis 12 Uhr und nach Vereinbarung \u2013 einsehbar. Die Stadt bittet dabei zu beachten, dass die Verwaltung <em><strong>von\u00a0Montag, 25. Dezember 2023,\u00a0bis einschlie\u00dflich Montag, 1. Januar 2024<\/strong><\/em>, geschlossen ist. Es besteht die M\u00f6glichkeit, Ausk\u00fcnfte zu den Entw\u00fcrfen zu erhalten, den Plan zu er\u00f6rtern, sich zu \u00e4u\u00dfern und Stellungnahmen dazu abzugeben.<\/p>\n\n\n\n<p>Weitere Informationen k\u00f6nnen online ebenfalls unter\u00a0<a href=\"https:\/\/deref-web.de\/mail\/client\/7wuIDlr0K1k\/dereferrer\/?redirectUrl=http%3A%2F%2Fwww.speyer.de%2Fbeteiligung\" target=\"_blank\" rel=\"noreferrer noopener\">www.speyer.de\/beteiligung<\/a>\u00a0abgerufen werden. Interessierte k\u00f6nnen au\u00dferdem telefonisch unter der Nummer 06232-14-2408 Ausk\u00fcnfte einholen.<\/p>\n\n\n\n<p><em>Stadtverwaltung Speyer<br>30.11.2023<\/em><\/p>\n\n\n\n<h1 class=\"wp-block-heading has-text-align-center\">Verkehrsnotizen<\/h1>\n\n\n<div class=\"wp-block-image\">\n<figure class=\"aligncenter\"><img decoding=\"async\" loading=\"lazy\" width=\"800\" height=\"565\" src=\"https:\/\/speyer24news.com\/wp-content\/uploads\/2020\/01\/Baustelle-2.jpg\" alt=\"\" class=\"wp-image-23900\" srcset=\"https:\/\/speyer24news.com\/wp-content\/uploads\/2020\/01\/Baustelle-2.jpg 800w, https:\/\/speyer24news.com\/wp-content\/uploads\/2020\/01\/Baustelle-2-300x212.jpg 300w, https:\/\/speyer24news.com\/wp-content\/uploads\/2020\/01\/Baustelle-2-768x542.jpg 768w\" sizes=\"(max-width: 800px) 100vw, 800px\" \/><\/figure><\/div>\n\n\n<h2 class=\"wp-block-heading\"><strong>NEU:<\/strong>\u00a0Geibstra\u00dfe halbseitig gesperrt<\/h2>\n\n\n\n<p>Aufgrund von Arbeiten im Auftrag der Stadtwerke Speyer wird die Geibstra\u00dfe vom 8. Januar bis voraussichtlich 1. M\u00e4rz 2024 auf H\u00f6he der Br\u00fccke B39 in Fahrtrichtung S\u00fcden gesperrt und eine Einbahnstra\u00dfe eingerichtet.<\/p>\n\n\n\n<p>Der Verkehr aus Richtung Norden, Hafenstra\u00dfe, wird \u00fcber die Klipfelsau umgeleitet.<\/p>\n\n\n\n<p>F\u00fcr R\u00fcckfragen steht die Stra\u00dfenverkehrsbeh\u00f6rde unter der Telefonnummer 14-2938 zur Verf\u00fcgung.<\/p>\n\n\n\n<p><em>Stadtverwaltung Speyer<br>21.12.2023<\/em><\/p>\n\n\n\n<h2 class=\"wp-block-heading\">Weihnachts- und Neujahrsmarkt: Verkehrsregelungen vom 20. November 2023 bis zum 10. Januar 2024<\/h2>\n\n\n<div class=\"wp-block-image\">\n<figure class=\"aligncenter\"><img decoding=\"async\" loading=\"lazy\" width=\"800\" height=\"600\" src=\"https:\/\/speyer24news.com\/wp-content\/uploads\/2021\/11\/Weihnachtsmarkt-Speyer-9.jpg\" alt=\"\" class=\"wp-image-41989\" srcset=\"https:\/\/speyer24news.com\/wp-content\/uploads\/2021\/11\/Weihnachtsmarkt-Speyer-9.jpg 800w, https:\/\/speyer24news.com\/wp-content\/uploads\/2021\/11\/Weihnachtsmarkt-Speyer-9-300x225.jpg 300w, https:\/\/speyer24news.com\/wp-content\/uploads\/2021\/11\/Weihnachtsmarkt-Speyer-9-768x576.jpg 768w, https:\/\/speyer24news.com\/wp-content\/uploads\/2021\/11\/Weihnachtsmarkt-Speyer-9-678x509.jpg 678w, https:\/\/speyer24news.com\/wp-content\/uploads\/2021\/11\/Weihnachtsmarkt-Speyer-9-326x245.jpg 326w, https:\/\/speyer24news.com\/wp-content\/uploads\/2021\/11\/Weihnachtsmarkt-Speyer-9-80x60.jpg 80w\" sizes=\"(max-width: 800px) 100vw, 800px\" \/><\/figure><\/div>\n\n\n<p><strong>Von Montag, 27. November 2023, bis einschlie\u00dflich Sonntag, 7. Januar 2024<\/strong>, findet in der Maximilianstra\u00dfe zwischen Domplatz und Altp\u00f6rtel der Weihnachts- und Neujahrsmarkt statt. Au\u00dferdem wird wieder eine Schlittschuhbahn vor dem Altp\u00f6rtel aufgebaut. In dieser Zeit kommt es zu Beeintr\u00e4chtigungen des motorisierten Lieferverkehrs in der Maximilianstra\u00dfe.<\/p>\n\n\n\n<p>Der Weihnachts- und Neujahrsmarkt wird sich auch in diesem Jahr \u00fcber die gesamte Maximilianstra\u00dfe erstrecken. Die St\u00e4nde werden so aufgebaut, dass diese entlang der Maximilianstra\u00dfe stehen und der Verkauf Richtung Gehweg\/Geb\u00e4ude erfolgt.<\/p>\n\n\n\n<p>Bereits beim Aufbau des Marktes&nbsp;<strong>von Montag, 20. November 2023, bis Sonntag, 26. November 2023<\/strong>, kommt es zwischen Domplatz und Altp\u00f6rtel zu Beeintr\u00e4chtigungen.<\/p>\n\n\n\n<p>W\u00e4hrend der Lieferverkehrszeiten (Montag bis Freitag von 23 bis 11 Uhr) kann der Lieferverkehr zwischen Domplatz und Altp\u00f6rtel die Maximilianstra\u00dfe nur noch vom Domplatz in Richtung Altp\u00f6rtel im Einbahnverkehr befahren, da durch den Aufbau der St\u00e4nde die Stra\u00dfe nicht mehr in ihrer gesamten Breite zur Verf\u00fcgung steht.<\/p>\n\n\n\n<p><strong>Von Montag, 27. November 2023, bis einschlie\u00dflich Sonntag, 7. Januar 2024<\/strong>, werden die Maximilianstra\u00dfe und alle Zufahrten zur Maximilianstra\u00dfe au\u00dferhalb der Lieferverkehrszeiten (das hei\u00dft von Montag bis Freitag von 11 bis 23 Uhr sowie am Samstag und am Sonntag) f\u00fcr den motorisierten Verkehr vollst\u00e4ndig gesperrt. Menschen, die zu Fu\u00df oder mit dem Fahrrad unterwegs sind, k\u00f6nnen diese Bereiche weiterhin passieren.<\/p>\n\n\n\n<p>Die Zufahrt zur Korngasse wird \u00fcber die Gro\u00dfe Himmelsgasse\/Salzgasse gew\u00e4hrleistet.<\/p>\n\n\n\n<p>Der Abbau des Weihnachts- und Neujahrsmarktes dauert&nbsp;<strong>von Montag, 8., bis einschlie\u00dflich Mittwoch, 10. Januar 2024<\/strong>, weshalb auch an diesen Tagen mit Beeintr\u00e4chtigungen zu rechnen ist.<\/p>\n\n\n\n<p>Die Stadtverwaltung bittet um Verst\u00e4ndnis und alle Betroffenen, ihre An- und Auslieferungen entsprechend zu planen.<\/p>\n\n\n\n<p><em>Stadtverwaltung Speyer<br>15.11.2023<\/em><\/p>\n\n\n\n<h2 class=\"wp-block-heading\">Ge\u00e4nderte Verkehrsf\u00fchrung am Bahn\u00fcbergang Sch\u00fctzenstra\u00dfe nach Modernisierung durch die Deutsche Bahn<\/h2>\n\n\n\n<p>Wie am 13. Juli 2022 im gemeinsamen Verkehrsausschuss und Ausschuss f\u00fcr Stadtentwicklung, Bauen und Konversion mitgeteilt wurde, m\u00fcssen im Zuge der Modernisierung des Bahn\u00fcbergangs Sch\u00fctzenstra\u00dfe die derzeit bundesweit g\u00fcltigen Sicherheitsanforderungen umgesetzt werden. Hierbei gilt es, das Risiko eines R\u00fcckstaus auf den Gleisen auszuschlie\u00dfen.<\/p>\n\n\n\n<p>Hierzu bestehen gem\u00e4\u00df Planungen der Deutschen Bahn zwei M\u00f6glichkeiten: Ein sogenanntes vorgeschaltetes Lichtzeichen oder ein Verbot des Linksabbiegens mittels Verkehrszeichen. Wie sich im Verlauf der Modernisierungsarbeiten herausstellte, konnte die Deutsche Bahn das urspr\u00fcnglich bevorzugte vorgeschaltete Lichtzeichen nicht wie geplant bis zur Wiederinbetriebnahme des Bahn\u00fcbergangs installieren, da der Mast des vorgeschalteten Lichtzeichens aufgrund von Konflikten mit vorhandenen unterirdischen Leitungen nicht im \u00f6ffentlichen Stra\u00dfenraum platziert werden konnte. Bis eine L\u00f6sung zur Platzierung des Masts gefunden ist, muss demnach die Alternativvariante umgesetzt werden.<\/p>\n\n\n\n<p>Daher ist ab sofort ein Linksabbiegen von der Sch\u00fctzenstra\u00dfe in die Hasenstra\u00dfe nicht mehr zul\u00e4ssig. Die Zufahrt zum Oberk\u00e4mmerer-Gebiet erfolgt von S\u00fcden \u00fcber die Holzstra\u00dfe und die Br\u00fccke \u00fcber den Gie\u00dfh\u00fcbelbach oder \u00fcber den Bahn\u00fcbergang Alte Schwegenheimer Stra\u00dfe.<\/p>\n\n\n\n<p>Die Stadt Speyer bittet im Namen der Deutschen Bahn die Verkehrsteilnehmenden und Anwohnenden um Verst\u00e4ndnis f\u00fcr die Beeintr\u00e4chtigungen.<\/p>\n\n\n\n<p><em>Stadtverwaltung Speyer<br>02.09.2022<\/em><\/p>\n\n\n\n<h2 class=\"wp-block-heading\">Baustellen\u00fcbersicht der Stadt Speyer<\/h2>\n\n\n<div class=\"wp-block-image\">\n<figure class=\"aligncenter\"><img decoding=\"async\" loading=\"lazy\" width=\"800\" height=\"384\" src=\"https:\/\/speyer24news.com\/wp-content\/uploads\/2022\/03\/Baustelle-Speyer-Facebook.jpg\" alt=\"\" class=\"wp-image-43610\" srcset=\"https:\/\/speyer24news.com\/wp-content\/uploads\/2022\/03\/Baustelle-Speyer-Facebook.jpg 800w, https:\/\/speyer24news.com\/wp-content\/uploads\/2022\/03\/Baustelle-Speyer-Facebook-300x144.jpg 300w, https:\/\/speyer24news.com\/wp-content\/uploads\/2022\/03\/Baustelle-Speyer-Facebook-768x369.jpg 768w\" sizes=\"(max-width: 800px) 100vw, 800px\" \/><\/figure><\/div>\n\n\n<p>Ab sofort stellt die Stadt Speyer eine neue Baustellenliste zur Verf\u00fcgung, die die bisherige Kommunikation von laufenden und kommenden Baustellen erweitert und b\u00fcrgerfreundlicher gestaltet.<\/p>\n\n\n\n<p>Die bisher zur Verf\u00fcgung gestellte Liste \u201eAlle Baustellen\u201c f\u00fchrt alle Baustellen, die sich innerhalb des Speyerer Stadtgebiets befinden, stichpunktartig auf. Diese technische Liste gibt auch einen \u00dcberblick \u00fcber die betroffenen Sparten wie Strom, Gas, oder Wasser.<\/p>\n\n\n\n<p>Die nun neu hinzugekommene Liste \u201eWichtigste Baustellen\u201c beinhaltet Baustellen, von denen ein bedeutender Teil der Verkehrsteilnehmenden in Speyer signifikant betroffen ist, beispielsweise wegen ihrer lange Dauer und\/oder weil wichtige Stra\u00dfen im Netz betroffen sind. Es werden zus\u00e4tzlich zu den Baustellen im Speyerer Stadtgebiet auch wichtige Baustellen in der n\u00e4heren Umgebung aufgef\u00fchrt, beispielsweise auf der B9 und B39. Dar\u00fcber hinaus soll auch der in den Jahren 2023 und 2024 geplante Verkehrsversuch zum Postplatz Eingang in diese Auflistung finden. Neben dem voraussichtlichen Zeitraum und der Ursache werden auch die Umleitungen f\u00fcr die verschiedenen Verkehrsarten und bei Bedarf erg\u00e4nzende Informationen dargestellt. Am Ende der Liste findet sich ferner eine \u00dcbersicht zu m\u00f6glichen Ansprechpartner*innen.<\/p>\n\n\n\n<p>Die neue Baustellenliste ist chronologisch sortiert, sodass die B\u00fcrger*innen auf den ersten Blick neu hinzukommende Baustellen erkennen und f\u00fcr ihre n\u00e4chste Fahrt ber\u00fccksichtigen k\u00f6nnen \u2013 ohne frustriert erst an der Baustellenabsperrung wenden m\u00fcssen. Zeit- und nervenschonend f\u00fcr die B\u00fcrgerschaft \u2013 aber auch gut f\u00fcr die Umwelt, da unn\u00f6tiger Verkehr vermieden wird.<\/p>\n\n\n\n<p>Die \u00dcbersicht \u00fcber die Baustellensituation wird immer freitags aktualisiert und ist unter&nbsp;<a href=\"http:\/\/www.speyer.de\/baustellen\"><strong>www.speyer.de\/baustellen<\/strong><\/a>&nbsp;im NEWS-TICKER zu finden.<br>Des Weiteren gibt es auf der Baustellenseite der Stadt Speyer wie gewohnt detaillierte Informationen zu laufenden und kommenden Gro\u00dfbaustellen.<\/p>\n\n\n\n<p><em>Stadtverwaltung Speyer<br>18.03.2022<\/em><\/p>\n","protected":false},"excerpt":{"rendered":"<div class=\"mh-excerpt\"><p>Stadtnotizen 2.550 Euro f\u00fcr einen guten Zweck 2.550 Euro \u2013 so hoch fiel der Erl\u00f6s durch den Verkauf von Feldfr\u00fcchten aus, den die Vertreterinnen des Ladies&#8216; Circle 97 Mannheim auch in diesem Jahr im Rahmen <a class=\"mh-excerpt-more\" href=\"https:\/\/speyer24news.com\/?p=57014\" title=\"Stadtnotizen &amp; Verkehrsnotizen aus Speyer\">[&#8230;]<\/a><\/p>\n<\/div>","protected":false},"author":3,"featured_media":46477,"comment_status":"open","ping_status":"open","sticky":false,"template":"","format":"standard","meta":{"_monsterinsights_skip_tracking":false,"_monsterinsights_sitenote_active":false,"_monsterinsights_sitenote_note":"","_monsterinsights_sitenote_category":0,"footnotes":""},"categories":[47],"tags":[15307,3458,17050,16764,13163,13640,17049,17045,17044,17043,7101,11292,17046,6430,1198,1416,652,4018,17041,17051,4583,3361,17042,6,657,14546,1296,17048,17047,13369,658,1114,513,3132,4582],"aioseo_notices":[],"amp_enabled":true,"_links":{"self":[{"href":"https:\/\/speyer24news.com\/index.php?rest_route=\/wp\/v2\/posts\/57014"}],"collection":[{"href":"https:\/\/speyer24news.com\/index.php?rest_route=\/wp\/v2\/posts"}],"about":[{"href":"https:\/\/speyer24news.com\/index.php?rest_route=\/wp\/v2\/types\/post"}],"author":[{"embeddable":true,"href":"https:\/\/speyer24news.com\/index.php?rest_route=\/wp\/v2\/users\/3"}],"replies":[{"embeddable":true,"href":"https:\/\/speyer24news.com\/index.php?rest_route=%2Fwp%2Fv2%2Fcomments&post=57014"}],"version-history":[{"count":1,"href":"https:\/\/speyer24news.com\/index.php?rest_route=\/wp\/v2\/posts\/57014\/revisions"}],"predecessor-version":[{"id":57019,"href":"https:\/\/speyer24news.com\/index.php?rest_route=\/wp\/v2\/posts\/57014\/revisions\/57019"}],"wp:featuredmedia":[{"embeddable":true,"href":"https:\/\/speyer24news.com\/index.php?rest_route=\/wp\/v2\/media\/46477"}],"wp:attachment":[{"href":"https:\/\/speyer24news.com\/index.php?rest_route=%2Fwp%2Fv2%2Fmedia&parent=57014"}],"wp:term":[{"taxonomy":"category","embeddable":true,"href":"https:\/\/speyer24news.com\/index.php?rest_route=%2Fwp%2Fv2%2Fcategories&post=57014"},{"taxonomy":"post_tag","embeddable":true,"href":"https:\/\/speyer24news.com\/index.php?rest_route=%2Fwp%2Fv2%2Ftags&post=57014"}],"curies":[{"name":"wp","href":"https:\/\/api.w.org\/{rel}","templated":true}]}}