{"id":57023,"date":"2023-12-29T09:14:50","date_gmt":"2023-12-29T08:14:50","guid":{"rendered":"https:\/\/speyer24news.com\/?p=57023"},"modified":"2023-12-29T09:19:52","modified_gmt":"2023-12-29T08:19:52","slug":"polizeimeldungen-donnerstag-28-12-23","status":"publish","type":"post","link":"https:\/\/speyer24news.com\/?p=57023","title":{"rendered":"Polizeimeldungen Donnerstag (28.12.23)"},"content":{"rendered":"<style type=\"text\/css\">\r\n\t.ads_top_disp{}\r\n\t.ads_top_corner_disp{ float:left; margin:0px 10px 10px 0px; }\r\n\t.ads_first_p_disp{}\r\n\t.ads_bottom_disp{}\r\n\t<\/style>\n<h2 class=\"wp-block-heading\">Polizeimeldungen vom Donnerstag (28.12.2023)<\/h2>\n\n\n<div class=\"wp-block-image\">\n<figure class=\"aligncenter size-full\"><img decoding=\"async\" loading=\"lazy\" width=\"375\" height=\"500\" src=\"https:\/\/speyer24news.com\/wp-content\/uploads\/2022\/03\/Aktuelles-Polizeilogo.jpg\" alt=\"\" class=\"wp-image-43591\" srcset=\"https:\/\/speyer24news.com\/wp-content\/uploads\/2022\/03\/Aktuelles-Polizeilogo.jpg 375w, https:\/\/speyer24news.com\/wp-content\/uploads\/2022\/03\/Aktuelles-Polizeilogo-225x300.jpg 225w\" sizes=\"(max-width: 375px) 100vw, 375px\" \/><\/figure><\/div>\n\n\n<h2 class=\"wp-block-heading\">(Speyer &amp; R\u00f6merberg) &#8211; Diebstahl und Hausfriedensbruch in Einfamilienh\u00e4user mit T\u00e4terfestnahme<\/h2>\n\n\n<div class=\"wp-block-image\">\n<figure class=\"aligncenter size-full\"><img decoding=\"async\" loading=\"lazy\" width=\"800\" height=\"533\" src=\"https:\/\/speyer24news.com\/wp-content\/uploads\/2021\/10\/Festnahme-Handschellen.jpg\" alt=\"\" class=\"wp-image-41224\" srcset=\"https:\/\/speyer24news.com\/wp-content\/uploads\/2021\/10\/Festnahme-Handschellen.jpg 800w, https:\/\/speyer24news.com\/wp-content\/uploads\/2021\/10\/Festnahme-Handschellen-300x200.jpg 300w, https:\/\/speyer24news.com\/wp-content\/uploads\/2021\/10\/Festnahme-Handschellen-768x512.jpg 768w\" sizes=\"(max-width: 800px) 100vw, 800px\" \/><figcaption class=\"wp-element-caption\">Beispielbild Handschelle \/ Verhaftung, dient lediglich der Visualisierung<\/figcaption><\/figure><\/div>\n\n\n<p>In den fr\u00fchen Morgenstunden am Donnerstag betrat ein 28-j\u00e4hriger Mann unbefugt zwei Einfamilienh\u00e4user und entwendete aus einem der H\u00e4user diverse Gegenst\u00e4nde.<\/p>\n\n\n\n<p>Gegen 02:30 Uhr gelangte der Tatverd\u00e4chtige mit einem versteckten Originalschl\u00fcssel, welchen er zuvor auffand, \u00fcber die Haust\u00fcr ins Innere eines Einfamilienhauses Am Narrenberg in R\u00f6merberg. W\u00e4hrend die anwesenden Bewohner schliefen betrat er mehrere Zimmer und entwendete diverse Gegenst\u00e4nde im Gesamtwert eines niedrigen, vierstelligen Betrages, einen dreistelligen Bargeldbetrag sowie mehrere Bankkarten. Nachdem die Bewohner wach wurden, stellten sie mehrere ge\u00f6ffnete Schr\u00e4nke und die ge\u00f6ffnete Haust\u00fcr fest und informierten die Polizei.<\/p>\n\n\n\n<p>Gegen 03:30 Uhr meldete ein Anwohner in der Jahnstra\u00dfe in Speyer eine m\u00e4nnliche Person mit einer Taschenlampe im Flur seines Hauses. Der Mann war nach einer Ansprache durch den Anwohner davongelaufen. Wie der Mann ins Geb\u00e4udeinnere gelangte ist Gegenstand der laufenden Ermittlungen.<\/p>\n\n\n\n<p>Schlie\u00dflich erblickte eine eingesetzte Streifenwagenbesatzung in der Paul-Egell-Stra\u00dfe einen Mann, welcher der Personenbeschreibung entsprach und wollte diesen einer Personenkontrolle unterziehen. Beim Erblicken des Streifenwagens warf der Mann diverse Gegenst\u00e4nde weg und versuchte sich erfolglos der Kontrolle zu entziehen.<\/p>\n\n\n\n<p>Bei dem Mann handelte es sich um den 28-j\u00e4hrigen Tatverd\u00e4chtigen, der f\u00fcr weiterer Ma\u00dfnahmen zur Dienststelle verbracht wurde. Unter den weggeworfenen Gegenst\u00e4nden befand sich Diebesgut aus dem Diebstahl in R\u00f6merberg sowie 8,5 Gramm Haschisch. Gegen den Mann wurden diverse Strafverfahren eingeleitet.<\/p>\n\n\n\n<h2 class=\"wp-block-heading\">(Speyer) &#8211; Versuchter Einbruch in Reihenhaus<\/h2>\n\n\n\n<p>Im Zeitraum vom 21.12.2023 bis 27.12.2023 versuchten unbekannte T\u00e4ter vergeblich Zugang zu einem Reihenhaus im Parkweg zu erlangen. Zun\u00e4chst versuchten die unbekannten T\u00e4ter vergeblich mit einem unbekannten Hebelwerkzeug die Eingangst\u00fcr des Hauses gewaltsam zu \u00f6ffnen um anschlie\u00dfend den Rollladen der r\u00fcckw\u00e4rtigen Terrassent\u00fcr hochzuschieben und die dahinter befindliche Scheibe einzuschlagen. Es misslang den unbekannten T\u00e4tern jedoch die T\u00fcr zu \u00f6ffnen, somit gelangten sie nicht in das Geb\u00e4udeinnere. An der Hauseingangs- und Terrassent\u00fcr entstand ein Gesamtschaden in H\u00f6he von ca. 1000 Euro.<\/p>\n\n\n\n<ul>\n<li><strong>Wer hat im genannten Zeitraum im Parkweg oder der n\u00e4heren Umgebung verd\u00e4chtige Wahrnehmungen gemacht, kann T\u00e4terhinweise oder sonstige sachdienliche Hinweise geben? Die Polizei bittet Zeugen um Mitteilung an Tel. 06232\/137-0 oder per E-Mail an&nbsp;<a href=\"mailto:%20pispeyer@polizei.rlp.de\">pispeyer@polizei.rlp.de<\/a><\/strong><\/li>\n<\/ul>\n\n\n\n<h2 class=\"wp-block-heading\">(Hochdorf-Assenheim) &#8211; Aufbruch Zigarettenautomat<\/h2>\n\n\n\n<p>In der Nacht von Mittwoch (27.12.2023) auf Donnerstag (28.12.2023) haben Unbekannte einen Zigarettenautomaten in der Hauptstra\u00dfe gewaltsam aufgebrochen. Die Schadensh\u00f6he steht bislang nicht fest. <\/p>\n\n\n\n<ul>\n<li><strong>Hinweise nimmt die Polizeiinspektion Schifferstadt unter der Telefonnummer 06235 &#8211; 495-0 oder per E-Mail (<a href=\"mailto:pischifferstadt@polizei.rlp.de\">pischifferstadt@polizei.rlp.de<\/a>) entgegen.<\/strong><\/li>\n<\/ul>\n\n\n\n<h2 class=\"wp-block-heading\">(Schwegenheim \/ Lingenfeld) &#8211; Wildunf\u00e4lle<\/h2>\n\n\n\n<p>Am Mittwoch ereigneten sich auf der Landstra\u00dfe 537 und der Kreisstra\u00dfe 31 gleich zwei Wildunf\u00e4lle. Der Sachschaden bel\u00e4uft sich auf ca. 5000 Euro. Die Autofahrer wurden dabei gl\u00fccklicherweise nicht verletzt. Fahren Sie insbesondere in den Abend- und fr\u00fchen Morgenstunden in Waldabschnitten und Feldr\u00e4ndern vorausschauend und vorsichtig.<\/p>\n\n\n\n<h2 class=\"wp-block-heading\">(Germersheim) &#8211; Verdacht des versuchten T\u00f6tungsdeliktes<\/h2>\n\n\n\n<h3 class=\"wp-block-heading\">Gemeinsame Pressemeldung der Staatsanwaltschaft Landau in der Pfalz und des Polizeipr\u00e4sidiums Rheinpfalz<\/h3>\n\n\n<div class=\"wp-block-image\">\n<figure class=\"aligncenter size-full\"><img decoding=\"async\" loading=\"lazy\" width=\"800\" height=\"533\" src=\"https:\/\/speyer24news.com\/wp-content\/uploads\/2020\/06\/Zelle.jpg\" alt=\"\" class=\"wp-image-28203\" srcset=\"https:\/\/speyer24news.com\/wp-content\/uploads\/2020\/06\/Zelle.jpg 800w, https:\/\/speyer24news.com\/wp-content\/uploads\/2020\/06\/Zelle-300x200.jpg 300w, https:\/\/speyer24news.com\/wp-content\/uploads\/2020\/06\/Zelle-768x512.jpg 768w\" sizes=\"(max-width: 800px) 100vw, 800px\" \/><figcaption class=\"wp-element-caption\">Beispielbild Zelle \/ Verhaftung, dient lediglich der Visualisierung<\/figcaption><\/figure><\/div>\n\n\n<p>Am Mittwochmittag (27.12.2023) gegen 11:45 Uhr fuhr eine 66-J\u00e4hrige auf einer Stra\u00dfe im Landkreis Germersheim mit ihrem Auto auf einen ihr bekannten 60-J\u00e4hrigen zu. Der Mann konnte sich hinter seinen dort geparkten PKW fl\u00fcchten und wurde dabei leicht verletzt. Im weiteren Verlauf fuhr die Frau gegen das Auto des Mannes. Nach ersten Sch\u00e4tzungen entstand an beiden Fahrzeugen ein Schaden von insgesamt ca. 25.000 Euro.<\/p>\n\n\n\n<p>Die 66-J\u00e4hrige \u00e4u\u00dferte, dass sie den 60-J\u00e4hrigen habe umbringen wollen. Sie wurde von den alarmierten Polizeikr\u00e4ften vorl\u00e4ufig festgenommen und dem Ermittlungsrichter vorgef\u00fchrt. Dieser erlie\u00df auf Antrag der Staatsanwaltschaft Landau Unterbringungsbefehl wegen des dringenden Tatverdachts des versuchten Totschlags. Die Tatverd\u00e4chtige wurde in ein psychiatrisches Krankenhaus gebracht.<\/p>\n\n\n\n<p>Ein Unterbringungsbefehl und kein Haftbefehl war deshalb zu erlassen, da dringende Gr\u00fcnde f\u00fcr die Annahme vorliegen, dass die Beschuldigte aufgrund einer psychischen Erkrankung f\u00fcr ihr Tun im strafrechtlichen Sinne nicht voll verantwortlich war und aufgrund ihrer Gef\u00e4hrlichkeit in dem sp\u00e4teren Verfahren die Unterbringung in einem psychiatrischen Krankenhaus angeordnet werden wird.<\/p>\n\n\n\n<p>Die Ermittlungen, auch zu den Hintergr\u00fcnden der Tat, dauern an.<\/p>\n\n\n\n<h2 class=\"wp-block-heading\">(R\u00fclzheim) &#8211; Drogen, Versto\u00df Waffengesetz und keinen F\u00fchrerschein<\/h2>\n\n\n\n<p>Am 27.12.23 gegen 21.45h kontrollierten Beamte der Polizei W\u00f6rth einen PKW auf einem Feldweg zwischen R\u00fclzheim und Rheinzabern. Der 28-j\u00e4hrige Fahrer aus Karlsruhe gab im Rahmen der Kontrolle an, sowohl keinen F\u00fchrerschein zu besitzen als auch Drogen genommen zu haben. Ihm wurde eine Blutprobe entnommen. Bei seinem 26-j\u00e4hrigen Mitfahrer, ebenfalls aus Karlsruhe, wurde ein Einhandmesser aufgefunden. Gegen den Mitfahrer wurde eine Anzeige wegen Versto\u00dfes gegen das Waffengesetz aufgenommen. Gegen den Fahrer wurde eine Strafanzeige wegen Fahren ohne Fahrerlaubnis und eine Anzeige wegen Trunkenheit im Verkehr aufgenommen.<\/p>\n\n\n\n<h2 class=\"wp-block-heading\">(W\u00f6rth am Rhein) &#8211; Einbruch in Elektrofachmarkt<\/h2>\n\n\n\n<p>In der Nacht von 26.12.2023 auf 27.12.2023 verschafften sich unbekannte T\u00e4ter gewaltsam Zutritt zu einem Elektrofachmarkt in der Hauptstra\u00dfe in W\u00f6rth. W\u00e4hrend sich das Diebesgut auf einen Bargeldbetrag im niedrigen dreistelligen Bereich bel\u00e4uft, entstand ein Sachschaden in H\u00f6he von ca. 4000 Euro. <\/p>\n\n\n\n<ul>\n<li><strong>Zeugen, welche verd\u00e4chtige Wahrnehmungen gemacht haben, sollen sich bitte mit der Polizei W\u00f6rth unter 07271 92210 oder&nbsp;<a href=\"mailto:%20piwoerth@polizei.rlp.de\">piwoerth@polizei.rlp.de<\/a>&nbsp;in Verbindung setzen.<\/strong><\/li>\n<\/ul>\n\n\n\n<h2 class=\"wp-block-heading\">(Oberotterbach) &#8211; Unbekannte \u00fcbermalen Parkbuchtmarkierung \/ Zeugen gesucht<a href=\"https:\/\/www.facebook.com\/sharer.php?u=https%3A%2F%2Fwww.presseportal.de%2Fblaulicht%2Fpm%2F117686%2F5681155%2F%3Futm_source%3Dfacebook%26utm_medium%3Dsocial\"><\/a><a href=\"https:\/\/web.whatsapp.com\/send?text=POL-PDLD%3A%20Unbekannte%20%C3%BCbermalen%20Parkbuchtmarkierung%20-%20Zeugen%20gesucht%0A%0Ahttps%3A%2F%2Fwww.presseportal.de%2Fblaulicht%2Fpm%2F117686%2F5681155%2F%3Futm_source%3Dwhatsapp%26utm_medium%3Dsocial\"><\/a><a href=\"https:\/\/www.xing.com\/app\/user?op=share;url=https%3A%2F%2Fwww.presseportal.de%2Fblaulicht%2Fpm%2F117686%2F5681155%2F%3Futm_source%3Dxing%26utm_medium%3Dsocial\"><\/a><a href=\"http:\/\/www.linkedin.com\/shareArticle?mini=true&amp;url=https%3A%2F%2Fwww.presseportal.de%2Fblaulicht%2Fpm%2F117686%2F5681155%2F%3Futm_source%3Dlinkedin%26utm_medium%3Dsocial&amp;title=POL-PDLD%3A+Unbekannte+%C3%BCbermalen+Parkbuchtmarkierung+-+Zeugen+gesucht\"><\/a><a href=\"mailto:?subject=POL-PDLD%3A%20Unbekannte%20%C3%BCbermalen%20Parkbuchtmarkierung%20-%20Zeugen%20gesucht&amp;body=https:\/\/www.presseportal.de\/blaulicht\/pm\/117686\/5681155\"><\/a><\/h2>\n\n\n\n<p>In der Unterdorfstra\u00dfe vor dem Anwesen Nr. 42 wurde am 28.12.23 eine mit schwarzer Farbe \u00fcberspr\u00fchte Parkbuchtmarkierung festgestellt. Die H\u00f6he des Sachschadens kann derzeit noch nicht beziffert werden. Wer sachdienliche Hinweise zu der Sachbesch\u00e4digung geben kann, wird gebeten, sich mit der Polizeiinspektion Bad Bergzabern unter 06343\/93340 oder&nbsp;<a href=\"mailto:%20pibadbergzabern@polizei.rlp.de\">pibadbergzabern@polizei.rlp.de<\/a>&nbsp;in Verbindung zu setzen.<\/p>\n\n\n\n<h2 class=\"wp-block-heading\">(Landau) &#8211; Offensichtlich gestohlenes Fahrrad sichergestellt<a href=\"https:\/\/www.facebook.com\/sharer.php?u=https%3A%2F%2Fwww.presseportal.de%2Fblaulicht%2Fpm%2F117686%2F5681447%2F%3Futm_source%3Dfacebook%26utm_medium%3Dsocial\"><\/a><a href=\"https:\/\/web.whatsapp.com\/send?text=POL-PDLD%3A%20Offensichtlich%20gestohlenes%20Fahrrad%20sichergestellt%0A%0Ahttps%3A%2F%2Fwww.presseportal.de%2Fblaulicht%2Fpm%2F117686%2F5681447%2F%3Futm_source%3Dwhatsapp%26utm_medium%3Dsocial\"><\/a><a href=\"https:\/\/www.xing.com\/app\/user?op=share;url=https%3A%2F%2Fwww.presseportal.de%2Fblaulicht%2Fpm%2F117686%2F5681447%2F%3Futm_source%3Dxing%26utm_medium%3Dsocial\"><\/a><a href=\"http:\/\/www.linkedin.com\/shareArticle?mini=true&amp;url=https%3A%2F%2Fwww.presseportal.de%2Fblaulicht%2Fpm%2F117686%2F5681447%2F%3Futm_source%3Dlinkedin%26utm_medium%3Dsocial&amp;title=POL-PDLD%3A+Offensichtlich+gestohlenes+Fahrrad+sichergestellt\"><\/a><a href=\"mailto:?subject=POL-PDLD%3A%20Offensichtlich%20gestohlenes%20Fahrrad%20sichergestellt&amp;body=https:\/\/www.presseportal.de\/blaulicht\/pm\/117686\/5681447\"><\/a><\/h2>\n\n\n<div class=\"wp-block-image\">\n<figure class=\"aligncenter\"><a href=\"https:\/\/cache.pressmailing.net\/thumbnail\/story_hires\/44d4e385-a681-457a-99ba-422ae445d470\/Fahrrad.jpg.jpg\"><img decoding=\"async\" src=\"https:\/\/cache.pressmailing.net\/thumbnail\/story_big\/44d4e385-a681-457a-99ba-422ae445d470\/pol-pdld-offensichtlich-gestohlenes-fahrrad-sichergestellt\" alt=\"POL-PDLD: Offensichtlich gestohlenes Fahrrad sichergestellt\"\/><\/a><\/figure><\/div>\n\n\n<p>Im Rahmen einer Personenkontrolle konnte ein offensichtlich entwendetes Fahrrad sichergestellt werden. Die beiden der Polizei als Fahrraddiebe bekannten Personen, f\u00fchrten ein h\u00f6herwertiges Fahrrad mit sich, f\u00fcr welches sie keine Eigentumsnachweise erbringen konnten. Da sie sich bei Fragen zur Herkunft und den eigentlichen Eigentumsverh\u00e4ltnissen in Widerspr\u00fcche verwickelten, wurde das Rad in amtliche Verwahrung genommen. Dieses konnte bis dato jedoch keinem angezeigtem Diebstahl zugeordnet werden. Bei dem Rad handelt es sich um ein schwarzrotes Sportrad der Marke Xplicit. Der bisher der Polizei unbekannte Gesch\u00e4digte, kann sein Fahrrad, mit entsprechendem Eigentumsnachweis, auf der Polizeiinspektion in Landau abholen.<\/p>\n\n\n\n<h2 class=\"wp-block-heading\">(Edenkoben) &#8211; Dixi-Toilette besch\u00e4digt<a href=\"https:\/\/www.facebook.com\/sharer.php?u=https%3A%2F%2Fwww.presseportal.de%2Fblaulicht%2Fpm%2F117686%2F5681206%2F%3Futm_source%3Dfacebook%26utm_medium%3Dsocial\"><\/a><a href=\"https:\/\/web.whatsapp.com\/send?text=POL-PDLD%3A%20Dixi-Toilette%20besch%C3%A4digt%0A%0Ahttps%3A%2F%2Fwww.presseportal.de%2Fblaulicht%2Fpm%2F117686%2F5681206%2F%3Futm_source%3Dwhatsapp%26utm_medium%3Dsocial\"><\/a><a href=\"https:\/\/www.xing.com\/app\/user?op=share;url=https%3A%2F%2Fwww.presseportal.de%2Fblaulicht%2Fpm%2F117686%2F5681206%2F%3Futm_source%3Dxing%26utm_medium%3Dsocial\"><\/a><a href=\"http:\/\/www.linkedin.com\/shareArticle?mini=true&amp;url=https%3A%2F%2Fwww.presseportal.de%2Fblaulicht%2Fpm%2F117686%2F5681206%2F%3Futm_source%3Dlinkedin%26utm_medium%3Dsocial&amp;title=POL-PDLD%3A+Dixi-Toilette+besch%C3%A4digt\"><\/a><a href=\"mailto:?subject=POL-PDLD%3A%20Dixi-Toilette%20besch%C3%A4digt&amp;body=https:\/\/www.presseportal.de\/blaulicht\/pm\/117686\/5681206\"><\/a><\/h2>\n\n\n\n<figure class=\"wp-block-image\"><a href=\"https:\/\/cache.pressmailing.net\/thumbnail\/story_hires\/fe3301ef-cc40-4059-b3ed-08d3cb4f0f3c\/Dixi.jpg.jpg\"><img decoding=\"async\" src=\"https:\/\/cache.pressmailing.net\/thumbnail\/story_big\/fe3301ef-cc40-4059-b3ed-08d3cb4f0f3c\/pol-pdld-dixi-toilette-besch-digt\" alt=\"POL-PDLD: Dixi-Toilette besch\u00e4digt\"\/><\/a><\/figure>\n\n\n\n<p>Am Ortsausgang in Richtung Maikammer wurde am Mittwoch (27.12.2023, gegen 15.00 Uhr) eine Dixi-Toilette von Unbekannten versucht anzuz\u00fcnden. Die Eingangst\u00fcr schmolz hierbei und eine danebenstehende Toilette wurde umgeworfen.<\/p>\n\n\n\n<ul>\n<li><strong>Zeugen, die Hinweise auf verd\u00e4chtige Personen geben k\u00f6nnen, m\u00f6gen sich bitte bei der Polizei Edenkoben melden.<\/strong><\/li>\n<\/ul>\n\n\n\n<h2 class=\"wp-block-heading\">(Gr\u00fcnstadt) &#8211; Pkw mit falschen Kennzeichen gefahren<a href=\"https:\/\/www.facebook.com\/sharer.php?u=https%3A%2F%2Fwww.presseportal.de%2Fblaulicht%2Fpm%2F117687%2F5681044%2F%3Futm_source%3Dfacebook%26utm_medium%3Dsocial\"><\/a><a href=\"https:\/\/web.whatsapp.com\/send?text=POL-PDNW%3A%20Pkw%20mit%20falschen%20Kennzeichen%20gefahren%0A%0Ahttps%3A%2F%2Fwww.presseportal.de%2Fblaulicht%2Fpm%2F117687%2F5681044%2F%3Futm_source%3Dwhatsapp%26utm_medium%3Dsocial\"><\/a><a href=\"https:\/\/www.xing.com\/app\/user?op=share;url=https%3A%2F%2Fwww.presseportal.de%2Fblaulicht%2Fpm%2F117687%2F5681044%2F%3Futm_source%3Dxing%26utm_medium%3Dsocial\"><\/a><a href=\"http:\/\/www.linkedin.com\/shareArticle?mini=true&amp;url=https%3A%2F%2Fwww.presseportal.de%2Fblaulicht%2Fpm%2F117687%2F5681044%2F%3Futm_source%3Dlinkedin%26utm_medium%3Dsocial&amp;title=POL-PDNW%3A+Pkw+mit+falschen+Kennzeichen+gefahren\"><\/a><a href=\"mailto:?subject=POL-PDNW%3A%20Pkw%20mit%20falschen%20Kennzeichen%20gefahren&amp;body=https:\/\/www.presseportal.de\/blaulicht\/pm\/117687\/5681044\"><\/a><\/h2>\n\n\n\n<p>Bei einer Verkehrskontrolle am 28.12.23 gegen 01:20 Uhr konnte die 36 Jahre alte Fahrerin eines Pkw Peugeot keinen Fahrzeugschein vorzeigen. Eine Recherche in polizeilichen Informationssystemen ergab, dass die Kennzeichen auf ein anderes Fahrzeug ausgegeben sind, welches bereits 2021 au\u00dfer Betrieb gesetzt wurde. Der kontrollierte Peugeot ist nicht zugelassen. Nun wird wegen Urkundenf\u00e4lschung und Verst\u00f6\u00dfen gg. Pflichtversicherungsgesetz und Kraftfahrzeugsteuergesetz ermittelt.<\/p>\n\n\n\n<h2 class=\"wp-block-heading\">(Gr\u00fcnstadt) &#8211; Einbruch und Einbruchsversuch<\/h2>\n\n\n\n<p>In dem Zeitraum 22.12.23 bis 27.12.23 verschafften sich unbekannte T\u00e4ter auf unbekannte Art und Weise Zutritt in den Geb\u00e4udekomplex &#8222;Weinstra\u00dfencenter&#8220;. Im Inneren wurden mehrere T\u00fcren aufgebrochen. Entwendet wurden Beschallungssysteme. Im selben Geb\u00e4udekomplex versuchten unbekannte T\u00e4ter vom 24.12.23 auf den 25.12.23 eine Kellert\u00fcr aufzubrechen. <\/p>\n\n\n\n<ul>\n<li><strong>Die Polizei sucht Zeugen: Wer hat in den fraglichen Zeitr\u00e4umen Verd\u00e4chtiges beobachtet? Hinweise nimmt die Polizeiinspektion Gr\u00fcnstadt (06359\/9312-0) entgegen.<\/strong><\/li>\n<\/ul>\n\n\n\n<h2 class=\"wp-block-heading\">(Frankenthal) &#8211; Einbruch in Firma<\/h2>\n\n\n\n<p>In der Zeit von 22.12.2023 bis 24.12.2023 brachen bisher unbekannte T\u00e4ter in eine Fensterbaufirma in der Carl-Zeiss-Stra\u00dfe ein. Nachdem sie zun\u00e4chst ein Rolltor aufbrachen, hebelten sie im Innern der Produktionshalle mehrere Werkzeugschr\u00e4nke und B\u00fcror\u00e4ume auf. Die Schadensh\u00f6he und das Diebesgut sind derzeit noch nicht bekannt.<\/p>\n\n\n\n<ul>\n<li><strong>Zeugen werden gebeten sich an die Polizeiinspektion Frankenthal unter der Tel.-Nr.: 06233\/313-0 oder an die Polizeiwache Maxdorf unter der Tel.-Nr.: 06237\/934-1100 zu wenden. Gerne nehmen wir Ihre Hinweise auch per E-Mail unter&nbsp;<a href=\"mailto:%20pifrankenthal@polizei.rlp.de\">pifrankenthal@polizei.rlp.de<\/a>&nbsp;entgegen.<\/strong><\/li>\n<\/ul>\n\n\n\n<h2 class=\"wp-block-heading\">(Bobenheim-Roxheim) &#8211; Diebstahl von E-Scooter<\/h2>\n\n\n\n<p>Am 27.12.2023, in der Zeit von 13.30 Uhr bis 15.30 Uhr, entwendeten bislang unbekannte T\u00e4ter einen schwarzen E-Scooter, welcher mittels eines Kabelschlosses gesichert an der Ladestation eines Einkaufszentrums im S\u00fcdring stand. Der Schaden wird auf etwa 1300 Euro gesch\u00e4tzt.<\/p>\n\n\n\n<ul>\n<li><strong>Zeugen werden gebeten sich an die Polizeiinspektion Frankenthal unter der Tel.-Nr.: 06233\/313-0 oder an die Polizeiwache Maxdorf unter der Tel.-Nr.: 06237\/934-1100 zu wenden. Gerne nehmen wir Ihre Hinweise auch per E-Mail unter&nbsp;<a href=\"mailto:%20pifrankenthal@polizei.rlp.de\">pifrankenthal@polizei.rlp.de<\/a>&nbsp;entgegen.<\/strong><\/li>\n<\/ul>\n\n\n\n<h2 class=\"wp-block-heading\">(Pr\u00e4sidialbereich&nbsp;Rheinpfalz) &#8211; Silvester 2023<\/h2>\n\n\n<div class=\"wp-block-image\">\n<figure class=\"aligncenter size-full\"><img decoding=\"async\" loading=\"lazy\" width=\"640\" height=\"443\" src=\"https:\/\/speyer24news.com\/wp-content\/uploads\/2019\/03\/Abschlussfeuerwerk-29.jpg\" alt=\"\" class=\"wp-image-11354\" srcset=\"https:\/\/speyer24news.com\/wp-content\/uploads\/2019\/03\/Abschlussfeuerwerk-29.jpg 640w, https:\/\/speyer24news.com\/wp-content\/uploads\/2019\/03\/Abschlussfeuerwerk-29-300x208.jpg 300w\" sizes=\"(max-width: 640px) 100vw, 640px\" \/><\/figure><\/div>\n\n\n<p>Auch 2023 ist uns die Sicherheit an Silvester ein wichtiges Anliegen. Obwohl die Feierlichkeiten in den vergangenen Jahren im Bereich des PP Rheinpfalz weitestgehend friedlich verliefen, haben wir uns erneut intensiv auf den Jahreswechsel vorbereitet und sind in der Silvesternacht f\u00fcr Ihre Sicherheit im Einsatz.<\/p>\n\n\n\n<p>Unsere Einsatzkr\u00e4fte werden in der gesamten Vorder- und S\u00fcdpfalz verst\u00e4rkt Pr\u00e4senz zeigen. Vor allem an Orten, an denen traditionell viele Feiernde zusammenkommen, sind wir f\u00fcr Sie da. Wenn Sie Hilfe ben\u00f6tigen, sprechen Sie unsere Kolleginnen und Kollegen gerne an.<\/p>\n\n\n\n<p>Damit alle auch nach dem Feiern wieder sicher nach Hause kommen, f\u00fchren wir verst\u00e4rkt Verkehrskontrollen durch. Denn wer unter Alkohol- oder Drogeneinfluss f\u00e4hrt, gef\u00e4hrdet nicht nur sich, sondern auch andere. Er begeht eine Ordnungswidrigkeit oder sogar eine Straftat. Lassen Sie deshalb immer Ihr Fahrzeug stehen, wenn Sie nicht n\u00fcchtern sind.<\/p>\n\n\n\n<p>Leider kommt es immer wieder bei unsachgem\u00e4\u00dfem Umgang mit Silvesterfeuerwerk zu Verletzungen und Ungl\u00fccksf\u00e4llen. Deshalb m\u00f6chten wir Sie auf die Pressemeldung des Landeskriminalamtes Rheinland-Pfalz (LKA) unter&nbsp;<a target=\"_blank\" rel=\"noreferrer noopener\" href=\"https:\/\/s.rlp.de\/XFRTl\">https:\/\/s.rlp.de\/XFRTl<\/a>&nbsp;hinweisen, in der die Sprengstoffexperten des LKA Tipps zum sicheren Umgang mit Silvesterfeuerwerk geben.<\/p>\n\n\n\n<p>Unsere Kolleginnen und Kollegen setzen sich mit gro\u00dfem Engagement f\u00fcr Ihre Sicherheit ein, um allen B\u00fcrgerinnen und B\u00fcrgern einen fr\u00f6hlichen und unbeschwerten Abend zu erm\u00f6glichen. Uns ist dabei besonders wichtig, an einen friedlichen und respektvollen Umgang miteinander zu appellieren.<\/p>\n\n\n\n<p>Wir w\u00fcnschen allen B\u00fcrgerinnen und B\u00fcrgern einen sch\u00f6nen Jahreswechsel und einen guten sowie sicheren Start ins Jahr 2024.<\/p>\n\n\n\n<p>Das Polizeipr\u00e4sidium Rheinpfalz mit Sitz in Ludwigshafen am Rhein ist zust\u00e4ndig f\u00fcr die Sicherheit von rund 900.000 Menschen. Der Dienstbezirk der Beh\u00f6rde mit ihren rund 2.200 Mitarbeiterinnen und Mitarbeitern umfasst auf etwa 2.400 Quadratkilometern die komplette Vorder- und S\u00fcdpfalz mit den Landkreisen Bad D\u00fcrkheim, Germersheim, Rhein-Pfalz-Kreis und S\u00fcdliche Weinstra\u00dfe sowie die kreisfreien St\u00e4dte Frankenthal (Pfalz), Landau in der Pfalz, Ludwigshafen am Rhein, Neustadt a.d.W. und Speyer.<\/p>\n\n\n\n<h2 class=\"wp-block-heading\">(Ludwigshafen) &#8211; Unfallflucht \/ Zeugen gesucht<\/h2>\n\n\n\n<p>In der Zeit vom 27.12.2023, 20:30 Uhr, und 28.12.2023, 12 Uhr, wurde ein Auto in der Karolinenstra\u00dfe (Einm\u00fcndung Br\u00e4ndstr\u00f6mstra\u00dfe) besch\u00e4digt. Der rote Golf parkte zu dieser Zeit auf der Fahrbahn. Ein unbekannter Verursacher streifte das Auto entweder beim Ein-\/Ausparken oder beim Vorbeifahren am Heck. Der Verursacher entfernte sich vom Unfallort, ohne sich um den entstandenen Schaden in H\u00f6he von rund 1.500 Euro zu k\u00fcmmern.<\/p>\n\n\n\n<ul>\n<li><strong>Haben Sie den Unfall beobachtet oder k\u00f6nnen Sie Hinweis auf den Verursacher geben?<\/strong><\/li>\n\n\n\n<li><strong>Hinweise bitte an die Polizeiinspektion Ludwigshafen 2, Telefonnummer 0621 963-2222 oder per E-Mail&nbsp;<a href=\"mailto:%20piludwigshafen2@polizei.rlp.de\">piludwigshafen2@polizei.rlp.de<\/a>&nbsp;.<\/strong><\/li>\n<\/ul>\n\n\n\n<h2 class=\"wp-block-heading\">(Ludwigshafen) &#8211; Mann mit Auto auf Gleisen unterwegs<\/h2>\n\n\n\n<p>Am Mittwochabend (27.12.2023) gegen 20 Uhr fuhr ein 79-J\u00e4hriger mit seinem Auto auf den Stra\u00dfenbahnschienen von der Ludwigstra\u00dfe in Richtung Rathauscenter. Hierbei besch\u00e4digte er ein Rohr, einen Betonsockel und sein Auto. Mitarbeiter der RNV konnten den Mann anhalten und die Polizei verst\u00e4ndigen. Das Auto stellte der Fahrer neben den Gleisen ab. Den Polizeikr\u00e4ften gegen\u00fcber verweigerte der Mann die Angabe seiner Personalien und die Herausgabe seiner Dokumente. Als der Mann wieder losfahren wollte, stellten die Polzisten den Autoschl\u00fcssel sicher. Hierbei versuchte der Mann einen Polizisten zu schlagen, verfehlte diesen aber. Er versuchte anschlie\u00dfend gewaltsam in sein Auto zu kommen und musste von den Polizeibeamten festgehalten und gefesselt werden. Dabei trat er einem Polizisten ans Bein. Dar\u00fcber hinaus beleidigte er die Polizeikr\u00e4fte. Der Mann wurde zu Polizeidienststelle gebracht. Verletzt wurde bei dem Einsatz niemand. Durch Angeh\u00f6rige konnte in Erfahrung gebracht werden, dass der 79-J\u00e4hrige an Demenz erkrankt sei. Die verst\u00e4ndigten Angeh\u00f6rigen konnten den Mann schlie\u00dflich beruhigen und mit nach Hause nehmen.<\/p>\n\n\n\n<h2 class=\"wp-block-heading\">(Ludwigshafen) &#8211; Widerstand gegen Polizeikr\u00e4fte<\/h2>\n\n\n<div class=\"wp-block-image\">\n<figure class=\"aligncenter size-full\"><img decoding=\"async\" loading=\"lazy\" width=\"800\" height=\"600\" src=\"https:\/\/speyer24news.com\/wp-content\/uploads\/2019\/06\/Ausn\u00fcchterungszelle.jpg\" alt=\"\" class=\"wp-image-15212\" srcset=\"https:\/\/speyer24news.com\/wp-content\/uploads\/2019\/06\/Ausn\u00fcchterungszelle.jpg 800w, https:\/\/speyer24news.com\/wp-content\/uploads\/2019\/06\/Ausn\u00fcchterungszelle-300x225.jpg 300w, https:\/\/speyer24news.com\/wp-content\/uploads\/2019\/06\/Ausn\u00fcchterungszelle-768x576.jpg 768w, https:\/\/speyer24news.com\/wp-content\/uploads\/2019\/06\/Ausn\u00fcchterungszelle-678x509.jpg 678w, https:\/\/speyer24news.com\/wp-content\/uploads\/2019\/06\/Ausn\u00fcchterungszelle-326x245.jpg 326w, https:\/\/speyer24news.com\/wp-content\/uploads\/2019\/06\/Ausn\u00fcchterungszelle-80x60.jpg 80w\" sizes=\"(max-width: 800px) 100vw, 800px\" \/><figcaption class=\"wp-element-caption\">Beispielbild Zelle \/ Verhaftung, dient lediglich der Visualisierung<\/figcaption><\/figure><\/div>\n\n\n<p>Am Mittwochnachmittag (27.12.2023, gegen 17:30 Uhr) wird die Polizei Ludwigshafen an den Berliner Platz gerufen, da dort ein Mann mit einer Frau streite und der Streit zu eskalieren drohe. Die alarmierten Polizeikr\u00e4fte konnten einen 35-J\u00e4hrigen und seine Begleiterin kontrollieren. Der Mann war weiterhin aggressiv und lie\u00df sich durch die Polizeibeamten nicht beruhigen. Der Mann sollte gefesselt werden, wogegen er sich wehrte und die Polizisten mehrfach beleidigte. Der 35-J\u00e4hrige konnte letztendlich von den Polizeikr\u00e4ften zu Boden gebracht und gefesselt werden. Da er sich weiter aggressiv verhielt, musste er die Nacht im Polizeigewahrsam verbringen. Ein Atemalkoholtest ergab einen Wert von 1,6 Promille. Verletzt wurde bei dem Einsatz niemand. Der Mann muss sich nun wegen Widerstands gegen Vollstreckungsbeamte und Beleidigung verantworten.<\/p>\n\n\n\n<h2 class=\"wp-block-heading\">(Ludwigshafen) &#8211; Auseinandersetzung in Discounter<\/h2>\n\n\n\n<p>Die Polizei Ludwigshafen wurde am Mittwochnachmittag (27.12.2023, gegen 16:30 Uhr) zu einer Schl\u00e4gerei in einen Discounter in der Bismarckstra\u00dfe gerufen. Polizeikr\u00e4fte konnten vor Ort einen 31-J\u00e4hrigen und einen 37-J\u00e4hrigen kontrollieren, die zuvor im Markt in Streit geraten waren. Beide wollten der Polizei gegen\u00fcber nicht angeben, was geschehen war. Durch Zeugen konnte in Erfahrung gebracht werden, dass die beiden M\u00e4nner zun\u00e4chst in einen verbalen Streit geraten sind und dieser derart eskalierte, dass sie sich gegenseitig schlugen. Gegen beide M\u00e4nner wird nun wegen K\u00f6rperverletzung ermittelt und sie erhielten einen Platzverweis f\u00fcr den Discounter.<\/p>\n\n\n\n<h2 class=\"wp-block-heading\">(Ludwigshafen) &#8211; Trickdiebstahl<\/h2>\n\n\n<div class=\"wp-block-image\">\n<figure class=\"aligncenter size-full\"><img decoding=\"async\" loading=\"lazy\" width=\"801\" height=\"600\" src=\"https:\/\/speyer24news.com\/wp-content\/uploads\/2020\/05\/Zeugen-gesucht-Neutral.jpg\" alt=\"\" class=\"wp-image-26598\" srcset=\"https:\/\/speyer24news.com\/wp-content\/uploads\/2020\/05\/Zeugen-gesucht-Neutral.jpg 801w, https:\/\/speyer24news.com\/wp-content\/uploads\/2020\/05\/Zeugen-gesucht-Neutral-300x225.jpg 300w, https:\/\/speyer24news.com\/wp-content\/uploads\/2020\/05\/Zeugen-gesucht-Neutral-768x575.jpg 768w, https:\/\/speyer24news.com\/wp-content\/uploads\/2020\/05\/Zeugen-gesucht-Neutral-678x509.jpg 678w, https:\/\/speyer24news.com\/wp-content\/uploads\/2020\/05\/Zeugen-gesucht-Neutral-326x245.jpg 326w, https:\/\/speyer24news.com\/wp-content\/uploads\/2020\/05\/Zeugen-gesucht-Neutral-80x60.jpg 80w\" sizes=\"(max-width: 801px) 100vw, 801px\" \/><\/figure><\/div>\n\n\n<p>Am Mittwochnachmittag (27.12.2023, gegen 16:30 Uhr) sprach eine Unbekannte eine 38-J\u00e4hrige im Untergeschoss eines Bekleidungsgesch\u00e4fts in der Rheingalerie an. Vermutlich nutzte die Unbekannte das Gespr\u00e4ch als Ablenkung und stahl den Geldbeutel der 38-J\u00e4hrigen aus ihrer Handtasche.<\/p>\n\n\n\n<h4 class=\"wp-block-heading\">Die Tatverd\u00e4chtige wird wie folgt beschrieben: <\/h4>\n\n\n\n<ul>\n<li><strong>weiblich<\/strong><\/li>\n\n\n\n<li><strong>etwa 25 &#8211; 30 Jahre alt<\/strong><\/li>\n\n\n\n<li><strong>ungef\u00e4hr 1,70 m gro\u00df<\/strong><\/li>\n\n\n\n<li><strong>Sie war zur Tatzeit schwarz bekleidet und trug eine M\u00fctze.<\/strong><\/li>\n<\/ul>\n\n\n\n<ul>\n<li><strong>Hinweise zu der Tat oder der Verd\u00e4chtigen nimmt die an die Polizeiinspektion Ludwigshafen 1, Telefonnummer 0621 963-2122 oder per E-Mail&nbsp;<a href=\"mailto:%20piludwigshafen1@polizei.rlp.de\">piludwigshafen1@polizei.rlp.de<\/a>&nbsp;entgegen.<\/strong><\/li>\n<\/ul>\n\n\n\n<p>Trickdiebe sind erfinderisch und schauspielerisch begabt. Seien Sie deshalb immer misstrauisch, wenn Sie von Fremden angesprochen werden. Verhindern Sie den Zugriff auf Ihre Wertsachen und halten Sie Abstand. Wenn Ihnen eine Situation verd\u00e4chtig vorkommt oder Sie sich unwohl f\u00fchlen, beenden Sie das Gespr\u00e4ch und gehen Sie weg. Rufen Sie die Polizei, unter der 110 wenn Sie bedr\u00e4ngt werden oder sich in einer Gefahr befinden.<\/p>\n\n\n\n<h2 class=\"wp-block-heading\">(Ludwigshafen) &#8211; Einbruch in Schule \/ Zeugen gesucht<\/h2>\n\n\n\n<p>Am Morgen des 27.12.2023 stellte der Hausmeister der Albert-Schweitzer-Schule (Georg-Herwegh-Stra\u00dfe) fest, dass dort eingebrochen worden war. Unbekannte brachen mehrere Klassenr\u00e4ume auf. Ob etwas gestohlen wurde, ist noch unbekannt. Derzeit wird der Schaden auf rund 1.500 Euro gesch\u00e4tzt?<\/p>\n\n\n\n<ul>\n<li><strong>Wer hat in den vergangenen Tagen etwas Verd\u00e4chtiges an der Albert-Schweitzer-Schule wahrgenommen oder kann Hinweise zur Tat geben?<\/strong><\/li>\n\n\n\n<li><strong>Hinweise nimmt die Kriminalpolizei Ludwigshafen unter der Telefonnummer 0621 963-2773 oder per E-Mail&nbsp;<a href=\"mailto:%20kiludwigshafen.k1.kdd@polizei.rlp.de\">kiludwigshafen.k1.kdd@polizei.rlp.de<\/a>&nbsp;entgegen.<\/strong><\/li>\n<\/ul>\n\n\n\n<h2 class=\"wp-block-heading\">(Ludwigshafen) &#8211; Erneut Transporter aufgebrochen<\/h2>\n\n\n\n<p>Am Mittwoch wurden der Polizei Ludwigshafen zwei Einbr\u00fcche in Transporter gemeldet.<\/p>\n\n\n\n<p>In der Zeit vom 26.12.2023, 16 Uhr, bis zum 27.12.2023, 5:30 Uhr, brachen Unbekannte einen Toyota Kleintransporter auf dem Otto-Thiele-Platz auf. Aus dem Transporter wurde ein Schwei\u00dfger\u00e4t im Wert von rund 7.000 Euro gestohlen.<\/p>\n\n\n\n<p>In der Zeit vom 26.12.2023, 22 Uhr, bis zum 27.12.2023, 6 Uhr, brachen Unbekannte einen Mercedes-Benz Transporter in der Raschigstra\u00dfe auf und stahlen einen Baustellenstaubsauger. Der Schaden wird auf rund 800 Euro gesch\u00e4tzt.<\/p>\n\n\n\n<ul>\n<li><strong>Haben Sie etwas Verd\u00e4chtiges auf dem Otto-Thiele-Platz oder in der Raschigstra\u00dfe gesehen?<\/strong><\/li>\n\n\n\n<li><strong>Hinweise nimmt die Kriminalpolizei Ludwigshafen unter der Telefonnummer 0621 963-2773 oder per E-Mail&nbsp;<a href=\"mailto:%20kiludwigshafen.k1.kdd@polizei.rlp.de\">kiludwigshafen.k1.kdd@polizei.rlp.de<\/a>&nbsp;entgegen.<\/strong><\/li>\n<\/ul>\n\n\n\n<h2 class=\"wp-block-heading\">(Mannheim) &#8211; 32-J\u00e4hriger Gesch\u00e4digter eines Raubes \/ Zeugen gesucht<\/h2>\n\n\n<div class=\"wp-block-image\">\n<figure class=\"aligncenter size-full\"><img decoding=\"async\" loading=\"lazy\" width=\"800\" height=\"621\" src=\"https:\/\/speyer24news.com\/wp-content\/uploads\/2021\/07\/Messer-Angriff-Bedrohung-2.jpg\" alt=\"\" class=\"wp-image-38504\" srcset=\"https:\/\/speyer24news.com\/wp-content\/uploads\/2021\/07\/Messer-Angriff-Bedrohung-2.jpg 800w, https:\/\/speyer24news.com\/wp-content\/uploads\/2021\/07\/Messer-Angriff-Bedrohung-2-300x233.jpg 300w, https:\/\/speyer24news.com\/wp-content\/uploads\/2021\/07\/Messer-Angriff-Bedrohung-2-768x596.jpg 768w\" sizes=\"(max-width: 800px) 100vw, 800px\" \/><figcaption class=\"wp-element-caption\">Symbolbild &#8222;\u00dcberfall Messer&#8220;, dient lediglich der Visualisierung<\/figcaption><\/figure><\/div>\n\n\n<p>Am Mittwoch wurde ein 32-J\u00e4hriger zwischen den Quadraten L 12 und L 14 Gesch\u00e4digter eines Raubes. Eine bislang unbekannte Person hielt dem 32-J\u00e4hrigen gegen 23 Uhr von hinten ein Messer vor, griff ihm in die Jackentasche und entwendete ein Deutschlandticket. Anschlie\u00dfend rannte die Person in Richtung Mannheimer Innenstadt.<\/p>\n\n\n\n<ul>\n<li><strong>Der 32-J\u00e4hrige sah von der Person nur die R\u00fcckansicht, weshalb lediglich bekannt ist, dass die unbekannte Person mit Sturmhaube, schwarzem Hoodie, schwarzer Jeans, schwarzen Reebok-Schuhen und schwarzen Handschuhen bekleidet war. Au\u00dferdem war die Person ca. 170-175 cm gro\u00df.<\/strong><\/li>\n<\/ul>\n\n\n\n<p>Das Kriminalpolizei des Polizeipr\u00e4sidiums Mannheim hat die Ermittlungen aufgenommen. Es ist auf der Suche nach Zeugen, die Hinweise zur unbekannten Person sowie zur Tathandlung machen k\u00f6nnen. Diese werden gebeten, sich unter der Tel.-Nr.: 0621\/174-4444, beim kriminalpolizeilichen Hinweistelefon zu melden.<\/p>\n\n\n\n<h2 class=\"wp-block-heading\">(Mannheim) &#8211; Duo entwendet Bargeld aus Weinladen \/ Zeugen gesucht<\/h2>\n\n\n\n<p>Am Mittwochabend kurz vor 19 Uhr betraten ein bislang unbekannter Mann und eine unbekannte Frau ein Weingesch\u00e4ft in der Spreewaldallee. W\u00e4hrend der m\u00e4nnliche Verd\u00e4chtige die Verk\u00e4uferin ansprach, blieb seine Komplizin im Bereich des Gesch\u00e4ftseingangs stehen. Der Mann gab vor auf der Suche nach alten Euroscheinmodellen zu sein und bat die Verk\u00e4uferin in ihrer Kasse nach diesen Scheinen zu suchen. Die Verk\u00e4uferin legte hierbei einige Scheine auf dem Tresen ab. Als der Verd\u00e4chtige darum bat, selbst einige Banknoten durchzusehen, wurde die Verk\u00e4uferin misstrauisch. Das Duo verlie\u00df daraufhin den Laden. Wenig sp\u00e4ter fiel auf, dass der auf dem Tresen angelegte Betrag von rund 180 Euro fehlte. <\/p>\n\n\n\n<h4 class=\"wp-block-heading\">Die Unbekannten werden wie folgt beschrieben:<\/h4>\n\n\n\n<ol>\n<li><strong>Person: m\u00e4nnlich, englischsprechend, gut gekleidet, ca. 45 Jahre, ca. 175 &#8211; 180 cm gro\u00df, dunkle kurze Haare, kurzer\/dunkler\/gepflegter Bar, dick, dunkler Hautteint, wei\u00dfes Hemd und Stoffhose.<\/strong><\/li>\n\n\n\n<li><strong>Person: weiblich, ca. 30 &#8211; 40 Jahre, ca. 170 cm gro\u00df, lange\/dunkle\/hochgesteckten Haare, dunkler Hautteint <\/strong><\/li>\n<\/ol>\n\n\n\n<p>Zeugen, welche Hinweise auf die Tat oder den T\u00e4ter geben k\u00f6nnen, oder gegebenenfalls selbst bereits von dem Duo angesprochen wurden, werden gebeten, das Polizeirevier Mannheim-K\u00e4fertal unter Tel.: 0621\/71849-0 zu kontaktieren.<\/p>\n\n\n\n<h2 class=\"wp-block-heading\">(Mannheim) &#8211; Rund 11.000 Euro Sachschaden nach Unfall auf einem Supermarktparkplatz<\/h2>\n\n\n\n<p>Nachdem ein 57-j\u00e4hriger Lkw-Fahrer am Mittwochmittag gegen 12:15 Uhr auf einen Supermarktplatz in der Maybachstra\u00dfe fuhr, besch\u00e4digte dieser mit seinem Anh\u00e4nger in einer Kurve einen auf dem Parkplatz geparkten Mercedes-Benz. W\u00e4hrend des Unfalls befand sich der 26-j\u00e4hrige Fahrer des Mercedes im Auto, wurde jedoch nicht verletzt. Beide Fahrzeuge wurden besch\u00e4digt. Der Gesamtschaden wird auf ca. 11.000 Euro gesch\u00e4tzt.<\/p>\n\n\n\n<h2 class=\"wp-block-heading\">(Mannheim) &#8211; Einbruch in Brillengesch\u00e4ft \/ Zeugen gesucht<\/h2>\n\n\n\n<p>In den F 2 -Quadraten verschaffte sich eine bislang unbekannte T\u00e4terschaft in dem Zeitraum von Samstag, 18:30 Uhr, bis Mittwoch, 10:35 Uhr, gewaltsam \u00fcber ein K\u00fcchenfenster Zutritt zu den Gesch\u00e4ftsr\u00e4umen eines Brillenladens. Dort entwendeten sie mehrere Brillen, Mobiltelefone und ein Tablet. Die Diebstahls- und Sachschadensh\u00f6he liegt im mittleren f\u00fcnfstelligen Bereich.<\/p>\n\n\n\n<p>Das Polizeirevier Mannheim-Innenstadt hat die weiteren Ermittlungen \u00fcbernommen. Spuren werden derzeit durch die Kriminaltechnik ausgewertet.<\/p>\n\n\n\n<p>Zeugen, die in diesem Zusammenhang Wahrnehmungen get\u00e4tigt oder etwaige sachdienliche Hinweise geben k\u00f6nnen, werden gebeten, sich beim Polizeirevier Mannheim-Innenstadt, unter der Telefonnummer 0621\/174-3310, zu melden.<\/p>\n\n\n\n<h2 class=\"wp-block-heading\">(Mannheim-Sch\u00f6nau) &#8211; Pkw brennt \/ Feuerwehr im Einsatz<\/h2>\n\n\n\n<p>In der Ortelsburger Stra\u00dfe im Stadtteil Sch\u00f6nau ist gerade die Feuerwehr im Einsatz. Dort ist es zu einem Fahrzeugbrand gekommen. Einzelheiten zur Ursache sind noch nicht bekannt. Die Polizei ist ebenfalls am Ereignisort. \u00dcber Verletzte ist bislang noch nichts bekannt.<\/p>\n\n\n\n<h3 class=\"wp-block-heading has-text-align-center\">Pressemeldung Nr. 2<\/h3>\n\n\n\n<p>Wie bereits berichtet, kam es am 28.12.2023 gegen 18:00 Uhr zu einem Fahrzeugbrand.&nbsp;<a href=\"https:\/\/www.presseportal.de\/blaulicht\/pm\/14915\/5681445\" target=\"_blank\" rel=\"noreferrer noopener\">www.presseportal.de\/blaulicht\/pm\/14915\/5681445<\/a>&nbsp;Durch die Feuerwehr konnte der Brand des PKW, Smart schnell gel\u00f6scht werden. Verletzt wurde bei dem Brandgeschehen niemand. Die H\u00f6he des Sachschadens ist Gegenstand der der weiteren Ermittlungen. Nach derzeitigem Stand der Ermittlungen wird davon ausgegangen, dass ein B\u00f6ller als Brandursache im Raum steht. <\/p>\n\n\n\n<p><strong>Zeugen die sachdienliche Hinweise geben k\u00f6nnen, werden gebeten sich mit dem Polizeirevier Mannheim-Sandhofen, Tel.: 0621-777690, in Verbindung zu setzen.<\/strong><\/p>\n\n\n\n<h2 class=\"wp-block-heading\">(Mannheim-Sch\u00f6nau) &#8211; Heizungsnotdienst versucht Not einer Seniorin auszunutzen \/ Zeugen gesucht<\/h2>\n\n\n\n<p>Da eine Seniorin Mittwochabend feststellte, dass ihr Boiler im Badezimmer defekt war, bat sie Bekannte darum, einen Heizungsnotdienst ausfindig zu machen. Diese suchten im Internet nach einem geeigneten Notdienst im Raum Mannheim und wurden f\u00fcndig. Im Glauben, dass es sich hierbei um eine seri\u00f6se Firma handelt, gaben sie der Seniorin eine Handy-Nummer weiter, die diese auch anrief. Zwei angebliche Handwerker betraten gegen 21 Uhr die Wohnung in der Thorner Stra\u00dfe. Danach suchten sie das Badezimmer der Seniorin auf, verschlossen aber die T\u00fcr, um ihr so den Blick auf die angeblichen Reparaturarbeiten zu verwehren. Nachdem die zwei bislang Unbekannten ihre vorget\u00e4uschte Arbeit beendet haben, verlangten sie 1.500 Euro von der Seniorin. Gl\u00fccklicherweise verst\u00e4ndigte diese sofort eine Vertrauensperson, woraufhin die zwei M\u00e4nner fl\u00fcchteten und mit einem silberfarbenen Pkw die Tat\u00f6rtlichkeit verlie\u00dfen. Auf ihrer Flucht entwendeten sie noch Bargeld aus dem Flur der Seniorin im unteren zweistelligen Bereich.<\/p>\n\n\n\n<p><strong>\u00dcber die T\u00e4ter ist lediglich bekannt, dass sie gebrochenes Deutsch gesprochen haben sollen, circa 45 Jahre alt waren und schwarze Kleidung trugen.<\/strong><\/p>\n\n\n\n<p>Die weiteren Ermittlungen wurden durch das Polizeirevier Sandhofen \u00fcbernommen. Zeugen, die sachdienliche Hinweise geben k\u00f6nnen, werden gebeten, sich unter der Telefonnummer 0621\/77769-0 zu melden.<\/p>\n\n\n\n<h2 class=\"wp-block-heading\">(L 597 \/ Mannheim-Friedrichsfeld) &#8211; Motorradfahrer gest\u00fcrzt \/ Rettungskr\u00e4fte im Einsatz<\/h2>\n\n\n\n<p>Zur Zeit ist die Landesstra\u00dfe 597 zwischen Schwetzingen-Hirschacker und Mannheim-Friedrichsfeld aufgrund eines schweren Unfalls gesperrt. Ersten Erkenntnissen nach ist ein Motorradfahrer und weiteres Fahrzeug am Unfall beteiligt. Der Verkehr wird durch Polizeikr\u00e4fte \u00f6rtlich umgeleitet. Rettungsdienst, Polizei und Feuerwehr sind im Einsatz. N\u00e4here Einzelheiten sind noch nicht bekannt.<\/p>\n\n\n\n<h3 class=\"wp-block-heading has-text-align-center\">T\u00f6dlicher Verkehrsunfall auf Landesstra\u00dfe 597 &#8211; Pressemitteilung Nr. 2<\/h3>\n\n\n<div class=\"wp-block-image\">\n<figure class=\"aligncenter size-full\"><img decoding=\"async\" loading=\"lazy\" width=\"800\" height=\"533\" src=\"https:\/\/speyer24news.com\/wp-content\/uploads\/2021\/01\/Ruhe-in-Frieden.jpg\" alt=\"\" class=\"wp-image-32361\" srcset=\"https:\/\/speyer24news.com\/wp-content\/uploads\/2021\/01\/Ruhe-in-Frieden.jpg 800w, https:\/\/speyer24news.com\/wp-content\/uploads\/2021\/01\/Ruhe-in-Frieden-300x200.jpg 300w, https:\/\/speyer24news.com\/wp-content\/uploads\/2021\/01\/Ruhe-in-Frieden-768x512.jpg 768w\" sizes=\"(max-width: 800px) 100vw, 800px\" \/><\/figure><\/div>\n\n\n<p>Am Donnerstag gegen 17:00 Uhr kam es auf der L 597 zwischen Schwetzingen-Hirschacker und Mannheim-Friedrichsfeld zu einem folgenschweren Unfall, bei welchem ein Unfallbeteiligte ums Leben kamen. Nach derzeitigem Stand der Unfallermittlungen, kam ein 16-j\u00e4hriger Leichtkraftradfahrer aufgrund \u00fcberh\u00f6hter Geschwindigkeit in einer Rechtskurve in den Gegenverkehr. Hier kam es zum Zusammensto\u00df mit einem entgegenkommenden PKW, BMW, der in Richtung Schwetzingen fuhr. Durch den Unfall erlitt der 16-j\u00e4hrige Leichtkraftradfahrer schwere Verletzungen, an denen er noch an der Unfallstelle verstarb. Der 56-j\u00e4hrige Fahrer des PKW wurde durch den Unfall nicht verletzt. Die Verkehrspolizei und Staatsanwaltschaft Mannheim haben in enger Zusammenarbeit mit einem Unfallsachverst\u00e4ndigen die weiteren Ermittlungen aufgenommen. F\u00fcr die Unfallbeteiligten, Ersthelfer, Zeugen aber auch die Einsatzkr\u00e4fte standen umgehend Notfallseelsorger zur Verf\u00fcgung, welche die weitere Betreuung der Beteiligten \u00fcbernahmen. W\u00e4hrend der Unfallaufnahme musste die L 597 bis 20:40 Uhr voll gesperrt werden. Eine \u00f6rtliche Umleitung wurde eingerichtet. Es liegen keine Meldungen bez\u00fcglich gr\u00f6\u00dferer Verkehrsst\u00f6rungen vor. Die Ermittlungen dauern zum Berichtszeitpunkt noch an.<\/p>\n\n\n\n<h2 class=\"wp-block-heading\">(Heidelberg) &#8211; Lkw-Fahrer verursacht Unfall und fl\u00fcchtet; Frau leicht verletzt \/ Zeugen gesucht<\/h2>\n\n\n<div class=\"wp-block-image\">\n<figure class=\"aligncenter size-full\"><img decoding=\"async\" loading=\"lazy\" width=\"801\" height=\"600\" src=\"https:\/\/speyer24news.com\/wp-content\/uploads\/2020\/05\/Zeugen-gesucht-Neutral.jpg\" alt=\"\" class=\"wp-image-26598\" srcset=\"https:\/\/speyer24news.com\/wp-content\/uploads\/2020\/05\/Zeugen-gesucht-Neutral.jpg 801w, https:\/\/speyer24news.com\/wp-content\/uploads\/2020\/05\/Zeugen-gesucht-Neutral-300x225.jpg 300w, https:\/\/speyer24news.com\/wp-content\/uploads\/2020\/05\/Zeugen-gesucht-Neutral-768x575.jpg 768w, https:\/\/speyer24news.com\/wp-content\/uploads\/2020\/05\/Zeugen-gesucht-Neutral-678x509.jpg 678w, https:\/\/speyer24news.com\/wp-content\/uploads\/2020\/05\/Zeugen-gesucht-Neutral-326x245.jpg 326w, https:\/\/speyer24news.com\/wp-content\/uploads\/2020\/05\/Zeugen-gesucht-Neutral-80x60.jpg 80w\" sizes=\"(max-width: 801px) 100vw, 801px\" \/><\/figure><\/div>\n\n\n<p>Am Mittwoch um 21:55 Uhr befuhr ein bisher unbekannter Lkw-Fahrer die B 37 von Heidelberg kommend in Richtung Mannheim. An der Anschlussstelle Heidelberg-Wieblingen befuhr der Lkw-Fahrer nunmehr die Ausfahrtsspur nach Heidelberg. Aus bislang unbekannten Gr\u00fcnden kam der Lkw-Fahrer nach links von der Fahrbahn ab und lenkte in den Gegenverkehr. Eine entgegenkommende 47-j\u00e4hrige Audi-Fahrerin konnte durch schnelles Ausweichen und einem Abbremsman\u00f6ver einen Zusammensto\u00df verhindern. Gleichzeitig lenkte auch der Lkw-Fahrer wieder auf seine Fahrspur zur\u00fcck. In der Folge des Ausweichman\u00f6vers geriet die 47-J\u00e4hrige jedoch in den dortigen Gr\u00fcnstreifen und kollidierte mit der Schutzplanke. Die Frau zog sich hierbei leichte Verletzungen zu. Eine medizinische Versorgung vor Ort war nicht erforderlich. Der Lkw-Fahrer hingegen entfernte sich von der \u00d6rtlichkeit. Es entstand ein Gesamtschaden von ca. 12.000 Euro. Der Audi musste abgeschleppt werden.<\/p>\n\n\n\n<ul>\n<li><strong>Zeugen, welche Hinweise auf den Lkw-Fahrer oder das Fahrzeug geben k\u00f6nnen, werden gebeten, sich beim Polizeirevier Heidelberg-S\u00fcd, unter der Tel.: 06221\/3418-0, zu melden.<\/strong><\/li>\n<\/ul>\n\n\n\n<h2 class=\"wp-block-heading\">(B 535 \/ Heidelberg) &#8211; Unfall mit vier Fahrzeugen \/ Zeugen gesucht!<\/h2>\n\n\n\n<p>Vier Fahrzeuge wurden am Mittwochnachmittag um 15:15 Uhr auf der B535 in H\u00f6he des Einf\u00e4delungsstreifens, welcher von der B3 kommt, bei einem Verkehrsunfall besch\u00e4digt. Der genaue Unfallhergang ist derzeit noch nicht abschlie\u00dfend gekl\u00e4rt. Ersten Ermittlungen zufolge kollidierte der Mercedes eines 32-j\u00e4hrigen Mannes mit dem Heck des Mercedes eines 51-J\u00e4hrigen. Der Mercedes des 51-J\u00e4hrigen kollidierte durch die Wucht des Aufpralls mit einem vorausfahrenden VW. Dieser wurde wiederum auf den vor ihm befindlichen Audi geschoben. Es entstand ein Gesamtsachschaden von 20.000 Euro. Die Fahrbahn musste bis etwa 15:45 Uhr zur Beseitigung der Unfallfahrzeuge und Tr\u00fcmmerteile gesperrt werden. <\/p>\n\n\n\n<ul>\n<li><strong>Da sich die Angaben der Unfallbeteiligten unterscheiden, werden Zeugen des Unfalls gebeten, sich beim Polizeirevier Heidelberg-S\u00fcd, unter Tel.: 06221\/3418-0 zu melden.<\/strong><\/li>\n<\/ul>\n\n\n\n<h2 class=\"wp-block-heading\">(Sandhausen \/ Rhein-Neckar-Kreis) &#8211; Verkehrsunfall mit t\u00f6dlich verletztem Radfahrer<\/h2>\n\n\n<div class=\"wp-block-image\">\n<figure class=\"aligncenter size-full\"><img decoding=\"async\" loading=\"lazy\" width=\"800\" height=\"533\" src=\"https:\/\/speyer24news.com\/wp-content\/uploads\/2021\/01\/Ruhe-in-Frieden.jpg\" alt=\"\" class=\"wp-image-32361\" srcset=\"https:\/\/speyer24news.com\/wp-content\/uploads\/2021\/01\/Ruhe-in-Frieden.jpg 800w, https:\/\/speyer24news.com\/wp-content\/uploads\/2021\/01\/Ruhe-in-Frieden-300x200.jpg 300w, https:\/\/speyer24news.com\/wp-content\/uploads\/2021\/01\/Ruhe-in-Frieden-768x512.jpg 768w\" sizes=\"(max-width: 800px) 100vw, 800px\" \/><\/figure><\/div>\n\n\n<p>Ein 66-j\u00e4hriger Radfahrer befuhr am Mittwoch gegen 12:35 Uhr den Feldweg Kirchheimer M\u00fchle von Sandhausen kommend in Richtung Osten. Er \u00fcberquerte die L 598 und \u00fcbersah den herannahenden Pkw eines 23-j\u00e4hrigen Hyundai-Fahrers.<\/p>\n\n\n\n<p>Der Radfahrer wurde bei dem Zusammensto\u00df frontal erfasst und kam auf der Fahrbahn zum Liegen.<\/p>\n\n\n\n<p>Durch die eingesetzten Rettungskr\u00e4fte wurde der 66-J\u00e4hrige notfallmedizinisch betreut, verstarb jedoch an der Unfallstelle.<\/p>\n\n\n\n<p>W\u00e4hrend der Unfallaufnahme musste der Bereich bis 18 Uhr gesperrt werden. Es kam zu Verkehrsbeeintr\u00e4chtigungen.<\/p>\n\n\n\n<p>Die Staatsanwaltschaft Heidelberg und der Verkehrsdienst Heidelberg haben die Ermittlungen zum Unfallgeschehen eingeleitet.<\/p>\n\n\n\n<h2 class=\"wp-block-heading\">(Walldorf \/ Rhein-Neckar-Kreis) &#8211; Feuerwerksk\u00f6rper im Wert von knapp 300 Euro entwendet \/ Zeugen gesucht<\/h2>\n\n\n\n<p>In der Zeit zwischen Donnerstag, den 07.12.2023 und dem gestrigen Mittwoch, 08:30 Uhr, \u00f6ffnete eine bisher unbekannte T\u00e4terschaft gewaltsam einen verschlossenen Container und entwendete hieraus mehrere Feuerwerksk\u00f6rper. Der Container war auf einem Parkplatz in der Bahnhofstra\u00dfe abgestellt und mit einem Vorh\u00e4ngeschloss verriegelt. T\u00e4terhinweise sind bislang nicht bekannt. Der Gesamtschaden liegt im hohen dreistelligen Bereich. <\/p>\n\n\n\n<ul>\n<li><strong>Der Polizeiposten Walldorf hat die Ermittlungen \u00fcbernommen und bittet Zeugen, welche sachdienliche Hinweise geben k\u00f6nnen, sich unter der Tel.: 06227\/841999-0 zu melden.<\/strong><\/li>\n<\/ul>\n\n\n\n<h2 class=\"wp-block-heading\">(Sinsheim \/ Rhein-Neckar-Kreis) &#8211; 19-J\u00e4hriger mit Drogen aber ohne F\u00fchrerschein Auto gefahren<\/h2>\n\n\n\n<p>Am fr\u00fchen Donnerstag um kurz nach 02 Uhr kontrollierte ein Streifenteam des Polizeirevier Sinsheim im Froschwiesenweg einen 19-j\u00e4hrigen Mercedes-Benz-Fahrer. W\u00e4hrend des Kontrollgespr\u00e4chs konnten die Beamten aus dem Fahrzeug deutlichen Marihuana-Geruch wahrnehmen. Bei einer anschlie\u00dfenden Durchsuchung stellten die Beamten eine geringe Menge Marihuana im Fahrzeug des 19-J\u00e4hrigen fest. Weiterhin verlief ein durchgef\u00fchrter Drogentest positiv auf THC. Nach einer Abfrage im polizeilichen Systemen stellte sich au\u00dferdem heraus, dass der 19-J\u00e4hrige nicht im Besitz einer Fahrerlaubnis ist. Dem Fahrer wurde die Weiterfahrt untersagt und in einem Krankenhaus eine Blutprobe entnommen. Sein Fahrzeugschl\u00fcssel wurde einbehalten. Ihn erwartet nun eine Anzeige wegen des Versto\u00dfes gegen das Bet\u00e4ubungsmittelgesetz, das Fahren unter Drogenbeeinflussung sowie des Fahrens ohne Fahrerlaubnis.<\/p>\n\n\n\n<h2 class=\"wp-block-heading\">(Eberbach \/ Rhein-Neckar-Kreis) &#8211; Unbekannte entwenden Flagge \/ Zeugen gesucht<\/h2>\n\n\n\n<p>In dem Zeitraum von Freitag, zu einem nicht n\u00e4her bestimmbaren Zeitpunkt, bis Montagnachmittag, 16 Uhr, entwendeten bislang unbekannte T\u00e4ter\/ T\u00e4terinnen auf dem Leopoldplatz vor dem Rathaus in Eberbach eine israelische Flagge. Im Zuge dessen wurde die Halterung der Flagge besch\u00e4digt. Der Diebstahlsschaden bel\u00e4uft sich auf einen niedrigen dreistelligen Betrag. Die H\u00f6he des Sachschadens ist bislang nicht bekannt. Dieser, die genauen Tatumst\u00e4nde und ob ein Tatzusammenhang zu einer \u00e4hnlichen Tat besteht (siehe PM&nbsp;<a target=\"_blank\" rel=\"noreferrer noopener\" href=\"http:\/\/presseportal.de\/blaulicht\/pm\/14915\/5665488\">http:\/\/presseportal.de\/blaulicht\/pm\/14915\/5665488<\/a>), ist Gegenstand der aktuellen Ermittlungen.<\/p>\n\n\n\n<ul>\n<li><strong>Diese werden durch das Polizeirevier Eberbach gef\u00fchrt. In diesem Zusammenhang werden Zeugen, die sachdienliche Hinweise geben k\u00f6nnen, gebeten, sich beim Polizeirevier Eberbach, unter der Telefonnummer 06271\/9210-0, zu melden.<\/strong><\/li>\n<\/ul>\n\n\n\n<h2 class=\"wp-block-heading\">(L 596 \/ Schriesheim \/ Rhein-Neckar-Kreis) &#8211; Fahrzeug \u00fcberschlagen &#8211; Einsatzkr\u00e4fte des Rettungsdienstes und Polizei im Einsatz<\/h2>\n\n\n\n<p>Derzeit kommt es aufgrund einer laufenden Unfallaufnahme auf der L 596 zwischen Altenbach und Schriesheim, auf H\u00f6he der Ortsstra\u00dfe, zur Sperrung beider Fahrtrichtungen. Zu Verletzungen und zur Schadensh\u00f6he k\u00f6nnen derzeit noch keine Aussagen getroffen werden. Aufgrund der Unfallaufnahme und der einhergehenden Bergungsma\u00dfnahmen kann es zu Verkehrsbehinderungen kommen. Es wird nachberichtet.<\/p>\n\n\n\n<h3 class=\"wp-block-heading has-text-align-center\">Pressemitteilung Nr. 2<a href=\"https:\/\/www.facebook.com\/sharer.php?u=https%3A%2F%2Fwww.presseportal.de%2Fblaulicht%2Fpm%2F14915%2F5681488%2F%3Futm_source%3Dfacebook%26utm_medium%3Dsocial\"><\/a><a href=\"https:\/\/web.whatsapp.com\/send?text=POL-MA%3A%20Schriesheim%20L%20596%20-%20Fahrzeug%20%C3%BCberschlagen%20-%20Einsatzkr%C3%A4fte%20des%20Rettungsdienstes%20und%20Polizei%20im%20Einsatz%2C%20PM%20Nr.2%0A%0Ahttps%3A%2F%2Fwww.presseportal.de%2Fblaulicht%2Fpm%2F14915%2F5681488%2F%3Futm_source%3Dwhatsapp%26utm_medium%3Dsocial\"><\/a><a href=\"https:\/\/www.xing.com\/app\/user?op=share;url=https%3A%2F%2Fwww.presseportal.de%2Fblaulicht%2Fpm%2F14915%2F5681488%2F%3Futm_source%3Dxing%26utm_medium%3Dsocial\"><\/a><a href=\"http:\/\/www.linkedin.com\/shareArticle?mini=true&amp;url=https%3A%2F%2Fwww.presseportal.de%2Fblaulicht%2Fpm%2F14915%2F5681488%2F%3Futm_source%3Dlinkedin%26utm_medium%3Dsocial&amp;title=POL-MA%3A+Schriesheim+L+596+-+Fahrzeug+%C3%BCberschlagen+-+Einsatzkr%C3%A4fte+des+Rettungsdienstes+und+Polizei+im+Einsatz%2C+PM+Nr.2\"><\/a><a href=\"mailto:?subject=POL-MA%3A%20Schriesheim%20L%20596%20-%20Fahrzeug%20%C3%BCberschlagen%20-%20Einsatzkr%C3%A4fte%20des%20Rettungsdienstes%20und%20Polizei%20im%20Einsatz%2C%20PM%20Nr.2&amp;body=https:\/\/www.presseportal.de\/blaulicht\/pm\/14915\/5681488\"><\/a><\/h3>\n\n\n\n<p>Am 28.12.23 gegen 20:00 Uhr fuhr der 20-j\u00e4hrige Unfallverursacher mit seinem Renault auf der L596 zwischen Schriesheim-Altenbach und Schriesheim. N\u00e4he der Ortsstra\u00dfe kam er nach derzeitigem Erkenntnisstand aufgrund nicht angepasster Geschwindigkeit nach links von der Fahrbahn ab und \u00fcberschlug sich mehrfach. Durch das Unfallgeschehen wurden sowohl der Unfallverursacher, als auch dessen 17-j\u00e4hriger Mitfahrer leicht verletzt und zur weiteren Abkl\u00e4rung in umliegende Krankenh\u00e4user gebracht. Der Gesamtschaden bel\u00e4uft sich auf mindestens 10.000EUR. Die, durch die Verkehrsunfallaufnahme und Bergung bedingte, Sperrung konnte letztlich gegen 21:56 Uhr vollst\u00e4ndig aufgehoben werden. Einsatzbedingte Verkehrsbeeintr\u00e4chtigungen bestehen nicht mehr.<\/p>\n\n\n\n<h2 class=\"wp-block-heading\">(Weinheim \/ Rhein-Neckar-Kreis) &#8211; Zeugen nach unklarem Unfallhergang gesucht<\/h2>\n\n\n\n<p>Am Mittwochvormittag gegen 10 Uhr ereignete sich im Kreuzungsbereich der Ahornstra\u00dfe\/Pappelallee ein Verkehrsunfall zwischen einem Ford und einem Audi. Ersten Ermittlungen zufolge fuhr der 21-j\u00e4hrige Mann im Audi von der Ahornstra\u00dfe in den Kreuzungsbereich ein. Aufgrund der geschlossenen Bahnschranke der in der N\u00e4he gelegenen Blumenstra\u00dfe stockte der Verkehr im Kreuzungsbereich der sp\u00e4teren Unfallstelle. Der Audifahrer tastete sich in die Kreuzung. Hierbei kollidierte der Audi mit dem Ford einer 71-j\u00e4hrigen Frau, welche von der Blumenstra\u00dfe kommend ebenfalls den Kreuzungsbereich passierte. <\/p>\n\n\n\n<ul>\n<li><strong>Da sich die Angaben der Unfallbeteiligten bislang deutlich unterscheiden, werden Zeugen, insbesondere Verkehrsteilnehmer der wartenden Fahrzeuge am Bahn\u00fcbergang, gebeten, sich mit dem Polizeirevier Weinheim unter Tel.: 06201\/1003-0 in Verbindung zu setzen.<\/strong><\/li>\n<\/ul>\n\n\n\n<h2 class=\"wp-block-heading\">(Weinheim \/ Rhein-Neckar-Kreis) &#8211; Unbekannte brechen in Imbisswagen ein \/ Zeugen gesucht<\/h2>\n\n\n\n<p>Bislang unbekannte T\u00e4ter\/T\u00e4terinnen hebelten in dem Zeitraum von Samstagmittag, 15 Uhr, bis Mittwochvormittag, 09 Uhr, die T\u00fcr eines Imbisswagens auf. Dieser stand auf dem Parkplatz eines Baumarktes in der Vierheimer Stra\u00dfe. Der\/die Unbekannten entwendeten eine leere Metallkassette.<\/p>\n\n\n\n<p>Die H\u00f6he des Sachschadens kann bislang nicht beziffert werden.<\/p>\n\n\n\n<ul>\n<li><strong>Das Polizeirevier Weinheim hat die weiteren Ermittlungen \u00fcbernommen und sucht in diesem Zusammenhang Zeugen, die sachdienliche Hinweise geben k\u00f6nnen. Diese werden gebeten, sich unter der Telefonnummer 06201\/ 1003-0 beim Polizeirevier Weinheim zu melden.<\/strong><\/li>\n<\/ul>\n","protected":false},"excerpt":{"rendered":"<div class=\"mh-excerpt\"><p>Polizeimeldungen vom Donnerstag (28.12.2023) (Speyer &amp; R\u00f6merberg) &#8211; Diebstahl und Hausfriedensbruch in Einfamilienh\u00e4user mit T\u00e4terfestnahme In den fr\u00fchen Morgenstunden am Donnerstag betrat ein 28-j\u00e4hriger Mann unbefugt zwei Einfamilienh\u00e4user und entwendete aus einem der H\u00e4user diverse <a class=\"mh-excerpt-more\" href=\"https:\/\/speyer24news.com\/?p=57023\" title=\"Polizeimeldungen Donnerstag (28.12.23)\">[&#8230;]<\/a><\/p>\n<\/div>","protected":false},"author":3,"featured_media":26162,"comment_status":"open","ping_status":"open","sticky":false,"template":"","format":"standard","meta":{"_monsterinsights_skip_tracking":false,"_monsterinsights_sitenote_active":false,"_monsterinsights_sitenote_note":"","_monsterinsights_sitenote_category":0,"footnotes":""},"categories":[15659],"tags":[7273,7243,7244,3614,13554,350,14537,15084,15267,14538,15361,702,61,2555,14113,6955,6986,6263,63,105,11150,6987,53,13540,16956,4683,14958,12967,102,13626,213,14325,14324,13553,13541,16955,2625,380],"aioseo_notices":[],"amp_enabled":true,"_links":{"self":[{"href":"https:\/\/speyer24news.com\/index.php?rest_route=\/wp\/v2\/posts\/57023"}],"collection":[{"href":"https:\/\/speyer24news.com\/index.php?rest_route=\/wp\/v2\/posts"}],"about":[{"href":"https:\/\/speyer24news.com\/index.php?rest_route=\/wp\/v2\/types\/post"}],"author":[{"embeddable":true,"href":"https:\/\/speyer24news.com\/index.php?rest_route=\/wp\/v2\/users\/3"}],"replies":[{"embeddable":true,"href":"https:\/\/speyer24news.com\/index.php?rest_route=%2Fwp%2Fv2%2Fcomments&post=57023"}],"version-history":[{"count":3,"href":"https:\/\/speyer24news.com\/index.php?rest_route=\/wp\/v2\/posts\/57023\/revisions"}],"predecessor-version":[{"id":57027,"href":"https:\/\/speyer24news.com\/index.php?rest_route=\/wp\/v2\/posts\/57023\/revisions\/57027"}],"wp:featuredmedia":[{"embeddable":true,"href":"https:\/\/speyer24news.com\/index.php?rest_route=\/wp\/v2\/media\/26162"}],"wp:attachment":[{"href":"https:\/\/speyer24news.com\/index.php?rest_route=%2Fwp%2Fv2%2Fmedia&parent=57023"}],"wp:term":[{"taxonomy":"category","embeddable":true,"href":"https:\/\/speyer24news.com\/index.php?rest_route=%2Fwp%2Fv2%2Fcategories&post=57023"},{"taxonomy":"post_tag","embeddable":true,"href":"https:\/\/speyer24news.com\/index.php?rest_route=%2Fwp%2Fv2%2Ftags&post=57023"}],"curies":[{"name":"wp","href":"https:\/\/api.w.org\/{rel}","templated":true}]}}