{"id":57029,"date":"2024-01-02T12:59:03","date_gmt":"2024-01-02T11:59:03","guid":{"rendered":"https:\/\/speyer24news.com\/?p=57029"},"modified":"2024-01-02T13:09:58","modified_gmt":"2024-01-02T12:09:58","slug":"polizeimeldungen-wochenende-neujahr","status":"publish","type":"post","link":"https:\/\/speyer24news.com\/?p=57029","title":{"rendered":"Polizeimeldungen Wochenende &#038; Neujahr"},"content":{"rendered":"<style type=\"text\/css\">\r\n\t.ads_top_disp{}\r\n\t.ads_top_corner_disp{ float:left; margin:0px 10px 10px 0px; }\r\n\t.ads_first_p_disp{}\r\n\t.ads_bottom_disp{}\r\n\t<\/style>\n<h2 class=\"wp-block-heading\">Polizeimeldungen vom Wochenende &amp; Neujahr (29.12.23 &#8211; 01.01.24)<\/h2>\n\n\n<div class=\"wp-block-image\">\n<figure class=\"aligncenter size-full\"><img decoding=\"async\" loading=\"lazy\" width=\"375\" height=\"500\" src=\"https:\/\/speyer24news.com\/wp-content\/uploads\/2022\/03\/Aktuelles-Polizeilogo.jpg\" alt=\"\" class=\"wp-image-43591\" srcset=\"https:\/\/speyer24news.com\/wp-content\/uploads\/2022\/03\/Aktuelles-Polizeilogo.jpg 375w, https:\/\/speyer24news.com\/wp-content\/uploads\/2022\/03\/Aktuelles-Polizeilogo-225x300.jpg 225w\" sizes=\"(max-width: 375px) 100vw, 375px\" \/><\/figure><\/div>\n\n\n<h2 class=\"wp-block-heading\">(Speyer) &#8211; Eins\u00e4tze der Polizei Speyer in der Silvesternacht<\/h2>\n\n\n<div class=\"wp-block-image\">\n<figure class=\"aligncenter size-full\"><img decoding=\"async\" loading=\"lazy\" width=\"800\" height=\"542\" src=\"https:\/\/speyer24news.com\/wp-content\/uploads\/2024\/01\/2024-Silvester.jpg\" alt=\"\" class=\"wp-image-57042\" srcset=\"https:\/\/speyer24news.com\/wp-content\/uploads\/2024\/01\/2024-Silvester.jpg 800w, https:\/\/speyer24news.com\/wp-content\/uploads\/2024\/01\/2024-Silvester-300x203.jpg 300w, https:\/\/speyer24news.com\/wp-content\/uploads\/2024\/01\/2024-Silvester-768x520.jpg 768w\" sizes=\"(max-width: 800px) 100vw, 800px\" \/><\/figure><\/div>\n\n\n<p>Bei einer Verkehrskontrolle in der Landwehrstra\u00dfe um 22.20 Uhr f\u00fchrte der 27-j\u00e4hrige PKW-Fahrer eine frisch abgeschossene Schreckschusspistole mit 91 Patronen und 13 nicht gekennzeichneten Feuerwerksk\u00f6rpern mit sich. \u00dcber einen zum F\u00fchren einer Schreckschusswaffe erforderlichen kleinen Waffenschein verf\u00fcgte er nicht. Ebenfalls keinen kleinen Waffenschein hatte ein 37-j\u00e4hriger Vater, der zusammen mit seinem 15-j\u00e4hrigen Sohn nach einer Schussabgabe um 23.20 Uhr in der Klipfelsau einer Kontrolle unterzogen wurde. Die Schreckschusswaffe deponierten sie vor der Kontrolle in einem M\u00fclleimer.<\/p>\n\n\n\n<p>Am Ortsrand von Speyer in der Heinrich-Heine-Stra\u00dfe wurden um 01.50 Uhr zwei Taschen mit professionellen Feuerwerksk\u00f6rpern, Eigenbaupr\u00e4paraten und PVC-Rohren als Abschusseinrichtung gefunden. Die Eigenbaupr\u00e4parate wurden von den Delaborierern des Landeskriminalamtes Mainz als so gef\u00e4hrlich eingestuft, dass sie vor Ort kontrolliert gesprengt wurden.<\/p>\n\n\n\n<p>Zwischen 01.45 und 02.26 Uhr brannten \u00fcberwiegend in Speyer-West 5 M\u00fclltonnen, in denen Feuerwerksm\u00fcll entsorgt wurde. In einem Fall in der Dudenhofer Stra\u00dfe besch\u00e4digten die Flammen das danebenstehende Wohngeb\u00e4ude. Der Schaden wird hier auf etwa 10.000 Euro gesch\u00e4tzt. In allen F\u00e4llen musste die Feuerwehr ausr\u00fccken.<\/p>\n\n\n\n<h2 class=\"wp-block-heading\">(Speyer) &#8211; K\u00f6rperverletzung und Ingewahrsamnahme<\/h2>\n\n\n<div class=\"wp-block-image\">\n<figure class=\"aligncenter size-full\"><img decoding=\"async\" loading=\"lazy\" width=\"800\" height=\"600\" src=\"https:\/\/speyer24news.com\/wp-content\/uploads\/2019\/06\/Ausn\u00fcchterungszelle.jpg\" alt=\"\" class=\"wp-image-15212\" srcset=\"https:\/\/speyer24news.com\/wp-content\/uploads\/2019\/06\/Ausn\u00fcchterungszelle.jpg 800w, https:\/\/speyer24news.com\/wp-content\/uploads\/2019\/06\/Ausn\u00fcchterungszelle-300x225.jpg 300w, https:\/\/speyer24news.com\/wp-content\/uploads\/2019\/06\/Ausn\u00fcchterungszelle-768x576.jpg 768w, https:\/\/speyer24news.com\/wp-content\/uploads\/2019\/06\/Ausn\u00fcchterungszelle-678x509.jpg 678w, https:\/\/speyer24news.com\/wp-content\/uploads\/2019\/06\/Ausn\u00fcchterungszelle-326x245.jpg 326w, https:\/\/speyer24news.com\/wp-content\/uploads\/2019\/06\/Ausn\u00fcchterungszelle-80x60.jpg 80w\" sizes=\"(max-width: 800px) 100vw, 800px\" \/><figcaption class=\"wp-element-caption\">Beispielbild Zelle \/ Verhaftung, dient lediglich der Visualisierung<\/figcaption><\/figure><\/div>\n\n\n<p>Am Samstagabend kam es in der Auestra\u00dfe zu einem K\u00f6rperverletzungsdelikt mit anschlie\u00dfender Ingewahrsamnahme. Der 34-j\u00e4hrige Tatverd\u00e4chtige schlug ersten Ermittlungen zufolge dem 47-j\u00e4hrigen Gesch\u00e4digten zwei Mal mit der flachen Hand gegen die Wange. Bei Ankunft der Streifenwagenbesatzungen versuchte der Tatverd\u00e4chtige nach den eingesetzten Kollegen zu spucken. Da er sich partout nicht beruhigen lie\u00df wurde er dem polizeilichen Gewahrsam zugef\u00fchrt. Ein Strafverfahren wegen K\u00f6rperverletzung wurde eingeleitet.<\/p>\n\n\n\n<h2 class=\"wp-block-heading\">(Speyer) &#8211; Durch Reizstoff verletzt<\/h2>\n\n\n<div class=\"wp-block-image\">\n<figure class=\"aligncenter size-full\"><img decoding=\"async\" loading=\"lazy\" width=\"800\" height=\"605\" src=\"https:\/\/speyer24news.com\/wp-content\/uploads\/2023\/10\/Pfefferspray-Spray-Reizgas.jpg\" alt=\"\" class=\"wp-image-55357\" srcset=\"https:\/\/speyer24news.com\/wp-content\/uploads\/2023\/10\/Pfefferspray-Spray-Reizgas.jpg 800w, https:\/\/speyer24news.com\/wp-content\/uploads\/2023\/10\/Pfefferspray-Spray-Reizgas-300x227.jpg 300w, https:\/\/speyer24news.com\/wp-content\/uploads\/2023\/10\/Pfefferspray-Spray-Reizgas-768x581.jpg 768w, https:\/\/speyer24news.com\/wp-content\/uploads\/2023\/10\/Pfefferspray-Spray-Reizgas-80x60.jpg 80w\" sizes=\"(max-width: 800px) 100vw, 800px\" \/><\/figure><\/div>\n\n\n<p>Am 28.12.2023, gegen ca. 18:30 Uhr kam es im Bereich der Kreuzung Hilgardstra\u00dfe \/ Ludwigstra\u00dfe zwischen einem 55-j\u00e4hrigen PKW-Fahrer und einem unbekannten, m\u00e4nnlichen Fahrradfahrer zu einer unklaren Verkehrssituation, weshalb der Autofahrer dem Radfahrer zun\u00e4chst einige Meter nachfuhr um ihn dann in der Ludwigstra\u00dfe anzusprechen. Nachdem der 55-J\u00e4hrige aus seinem PKW ausgestiegen und zu dem Radfahrer gegangen war, bespr\u00fchte ihn der Radfahrer mit einem Reizstoff und entfernte sich anschlie\u00dfend in Richtung Innenstadt. Hierdurch erlitt der Autofahrer eine starke Hautreaktion im Gesicht in Form von R\u00f6tung und einem andauernden Liedschluss.<\/p>\n\n\n\n<h4 class=\"wp-block-heading\">Der Radfahrer wird beschrieben, als:<\/h4>\n\n\n\n<ul>\n<li><strong>m\u00e4nnlich<\/strong><\/li>\n\n\n\n<li><strong>h\u00f6chstens 30 Jahre alt<\/strong><\/li>\n\n\n\n<li><strong>Oberlippenbart<\/strong><\/li>\n\n\n\n<li><strong>bekleidet mit einem grauen Hoodie<\/strong><\/li>\n<\/ul>\n\n\n\n<ul>\n<li><strong>Wer hat den Vorfall beobachtet oder hat zu oben genannter Zeit in der Ludwigstra\u00dfe verd\u00e4chtige Wahrnehmungen gemacht, kann T\u00e4terhinweise oder sonstige sachdienliche Hinweise geben? Die Polizei bittet Zeugen um Mitteilung an Tel. 06232\/137-0 oder per E-Mail an&nbsp;<a href=\"mailto:%20pispeyer@polizei.rlp.de\">pispeyer@polizei.rlp.de<\/a><\/strong><\/li>\n<\/ul>\n\n\n\n<h2 class=\"wp-block-heading\">(Speyer) &#8211; Unfall mit verletztem Pedelecfahrer<\/h2>\n\n\n\n<p>Am Donnerstag, kurz vor 11 Uhr fuhren eine 62-j\u00e4hrige PKW-Fahrerin und ein 72-j\u00e4hriger Pedelecfahrer in der Dudenhofer Stra\u00dfe in gleicher Richtung. Der Pedelecfahrer fuhr auf dem Radweg und passierte die Einm\u00fcndung zu Theodor-Heuss-Stra\u00dfe auf dem vorgeschriebenen \u00dcberweg. Die Autofahrerin bog ihrerseits nach rechts in die Theodor-Heuss-Stra\u00dfe ab und \u00fcbersah dabei den bevorrechtigten Pedelecfahrer, welcher infolge der Kollision zu Boden st\u00fcrzte und Schmerzen im R\u00fcckenbereich erlitt. Der 72-J\u00e4hrige wurde vom Rettungsdienst vor Ort erstversorgt, lehnte eine weitere Behandlung jedoch ab.<\/p>\n\n\n\n<h2 class=\"wp-block-heading\">(Schifferstadt) &#8211; Verkehrskontrolle \/ Verdacht auf Drogenkonsum<\/h2>\n\n\n\n<p>Am Sonntag dem 31.12.2023, gegen 04:00 Uhr wurden im Rahmen einer allgemeinen Verkehrskontrolle in Schifferstadt, beim Fahrer eines Pkw Hinweise auf Drogenkonsum festgestellt. Der durchgef\u00fchrte Drogenvortest reagierte beim 19-J\u00e4hrigen positiv auf THC, weswegen ihm eine Blutprobe entnommen und die Weiterfahrt untersagt wurde.<\/p>\n\n\n\n<h2 class=\"wp-block-heading\">(Schifferstadt) &#8211; Betrunkener Radfahrer<\/h2>\n\n\n\n<p>Am Samstag, dem 30.12.2023, gegen 20:00 Uhr fiel Beamten der Polizeiinspektion Schifferstadt ein Radfahrer auf, welcher ohne jegliche Beleuchtung in Schifferstadt unterwegs war. Erst im Rahmen der folgenden Kontrolle, wurden erhebliche Ausfallerscheinungen und Alkoholgeruch festgestellt. Ein Atemalkoholtest ergab beim 24-j\u00e4hrigen Radfahrer einen Wert von 2,83 Promille, weshalb ihm eine Blutprobe auf der Dienststelle entnommen werden musste.<\/p>\n\n\n\n<h2 class=\"wp-block-heading\">(A 61 \/ Gemarkung Schifferstadt) &#8211; Fahren ohne Fahrerlaubnis<\/h2>\n\n\n\n<p>Am 30.12.2023 gegen 00:20 Uhr kontrollierte eine Streifenwagenbesatzung der Polizeiautobahnstation Ruchheim auf der A61 in Fahrtrichtung Norden, in der Gemarkung Schifferstadt einen PKW der Marke Audi. Im Rahmen der Kontrolle stellte sich heraus, dass dem 39-j\u00e4hrigen Fahrer in Deutschland die Fahrerlaubnis entzogen wurde und es ihm nicht gestattet ist einen PKW in zu f\u00fchren. Aus diesem Grund wurde gegen den Fahrer ein Strafverfahren wegen Fahren ohne Fahrerlaubnis eingeleitet. Die Weiterfahrt wurde ihm untersagt.<\/p>\n\n\n\n<h2 class=\"wp-block-heading\">(Dienstgebiet Schifferstadt) &#8211; Polizei Schifferstadt zieht Silvesterbilanz<\/h2>\n\n\n\n<p>Nach bisherigem Erkenntnisstand kann die Polizeiinspektion Schifferstadt von einem &#8211; aus polizeilicher Sicht &#8211; &#8222;ruhig&#8220; verlaufenen Silvester 2023 ausgehen. In <strong>Altrip <\/strong>kam es bereits gegen 20:30 Uhr auf dem Gel\u00e4nde des Lidl-Marktes am Ludwigplatz zu einem Brand in einer M\u00fcllpresse. Vermutlich wurde der Brand durch Feuerwerksk\u00f6rper ausgel\u00f6st. Der entstandene Rauch zog in den Markt und l\u00f6ste den dortigen Rauchmelder aus. Die Feuerwehr konnte das Feuer l\u00f6schen und ein Schaden am Markt verhindern. <\/p>\n\n\n\n<ul>\n<li><strong>Hinweise bitte telefonisch unter der 06235 \/ 495-0 oder per E-Mail (<a href=\"mailto:pischifferstadt@polizei.rlp.de\">pischifferstadt@polizei.rlp.de<\/a>) an die Polizeiinspektion Schifferstadt. <\/strong><\/li>\n<\/ul>\n\n\n\n<p>Gegen Mitternacht kam es zu einem Einsatz in <strong>Neuhofen<\/strong>. Hier wurde eine Person durch den Schuss eines sogenannten &#8222;Starenschrecks&#8220; mit einer Schreckschusswaffe leicht verletzt.<\/p>\n\n\n\n<h2 class=\"wp-block-heading\">(Altrip) &#8211; Aufbruch von zwei Zigarettenautomaten<\/h2>\n\n\n\n<p>In der Nacht von Mittwoch (27.12.2023) auf Donnerstag (28.12.2023) haben Unbekannte zwei Zigarettenautomaten in der Speyerer Stra\u00dfe gewaltsam aufgebrochen. Die Schadensh\u00f6he steht bislang nicht fest. <\/p>\n\n\n\n<ul>\n<li><strong>Hinweise nimmt die Polizeiinspektion Schifferstadt unter der Telefonnummer 06235 &#8211; 495-0 oder per E-Mail (<a href=\"mailto:pischifferstadt@polizei.rlp.de\">pischifferstadt@polizei.rlp.de<\/a>) entgegen.<\/strong><\/li>\n<\/ul>\n\n\n\n<h2 class=\"wp-block-heading\">(R\u00f6merberg-Berghausen) &#8211; Einbruch in Angelsportverein<\/h2>\n\n\n\n<p>In der Nacht vom 28.12.2023 auf den 29.12.2023 brachen unbekannte T\u00e4ter in das Vereinsheim des Angelsportvereins in Berghausen ein. In weiser Voraussicht wurden keine Wertgegenst\u00e4nde in dem Vereinsheim aufbewahrt, weshalb die T\u00e4ter schlie\u00dflich leer ausgingen.<\/p>\n\n\n\n<ul>\n<li><strong>Die Polizei bittet Zeugen, die sachdienlichen Hinweise zu den T\u00e4tern oder verd\u00e4chtigen Personen in der Gro\u00dfen Hohl geben k\u00f6nnen, sich bei der Polizeiinspektion Speyer unter Tel. 06232\/137-0 oder E-Mail an&nbsp;<a href=\"mailto:%20pispeyer@polizei.rlp.de\">pispeyer@polizei.rlp.de<\/a>&nbsp;zu melden.<\/strong><\/li>\n<\/ul>\n\n\n\n<h2 class=\"wp-block-heading\">(Dienstgebiet Germersheim) &#8211; Abriss einer Silvesternacht<\/h2>\n\n\n<div class=\"wp-block-image\">\n<figure class=\"aligncenter size-full\"><img decoding=\"async\" loading=\"lazy\" width=\"800\" height=\"542\" src=\"https:\/\/speyer24news.com\/wp-content\/uploads\/2024\/01\/2024-Silvester.jpg\" alt=\"\" class=\"wp-image-57042\" srcset=\"https:\/\/speyer24news.com\/wp-content\/uploads\/2024\/01\/2024-Silvester.jpg 800w, https:\/\/speyer24news.com\/wp-content\/uploads\/2024\/01\/2024-Silvester-300x203.jpg 300w, https:\/\/speyer24news.com\/wp-content\/uploads\/2024\/01\/2024-Silvester-768x520.jpg 768w\" sizes=\"(max-width: 800px) 100vw, 800px\" \/><\/figure><\/div>\n\n\n<p>Vier Br\u00e4nde zum Teil mit hohem Sachschaden, ein Streit unter Freunden welcher mit einer blutigen Stirn und des Verlustes des F\u00fchrerscheins endete und einer \u00dcbernachtung bei der Polizei, waren das Ergebnis der Silvesternacht.<\/p>\n\n\n\n<p>Zwischen 22.00 Uhr bis etwa 01.00 Uhr kam es im Dienstgebiet zu mehreren Kleinstbr\u00e4nden von Hecken oder Str\u00e4uchern, die durch Feuerwerksk\u00f6rper in Brand geraten sind. Diese konnten allesamt durch die umliegenden Feuerwehren gel\u00f6scht werden. Um 00:15 Uhr geriet, vermutlich ebenfalls bedingt durch ein Feuerwerk, ein Holzanbau an einem Einfamilienhaus in Freisbach im Bereich der Gartenstra\u00dfe in Brand. Bedingt durch das dort gelagerte Kaminholz geriet der Dachstuhl der Garage in Brand. Letztlich entstand ein Schaden von etwa 50 000 Euro. Das Wohnhaus selbst wurde nicht besch\u00e4digt.<\/p>\n\n\n\n<p>Weiterhin gerieten noch am 31.12.2023 gegen 23.30 Uhr auf einer privaten Silvesterfeier zwei Freundinnen in <strong>Lingenfeld <\/strong>in Streit. Danach soll eine 58 Jahre alte Frau ihrer 40 Jahre alten Bekannten ein Weinglas ins Gesicht geworfen und diese an der Stirn verletzt haben. Dem nicht genug wollte die verletzte Frau die T\u00e4terin beanzeigen und kam mit ihrem PKW zur hiesigen Dienststelle gefahren. Ein Atemalkoholtest war aufgrund ihrer Alkoholisierung nicht m\u00f6glich. Der Frau wurde eine Blutprobe entnommen. Die Fahrerlaubnis wurde einbehalten.<\/p>\n\n\n\n<p>Weil sich ihr Ehemann ihr gegen\u00fcber um 05:15 Uhr aufgrund seines Alkoholisierungsgrades hochaggressiv verhielt, bat eine 35 Jahre alte Frau aus <strong>Ottersheim <\/strong>die Polizei um Hilfe. Da sich der 40- J\u00e4hrige selbst durch die Polizei nicht beruhigen lie\u00df, musste er zur Ausn\u00fcchterung seinen Vormittag bei der Polizei verbringen.<\/p>\n\n\n\n<p><strong><em>Die Polizei Germersheim w\u00fcnscht der Bev\u00f6lkerung ein frohes neues Jahr!<\/em><\/strong><\/p>\n\n\n\n<h2 class=\"wp-block-heading\">(Germersheim) &#8211; Diebstahl auf Germersheimer Friedhof<\/h2>\n\n\n\n<p>Im Zeitraum von 24.12.-28.12.2023 entwendeten bislang unbekannte T\u00e4ter von einem Grab auf dem Friedhof in Germersheim (Am Vogelpark) Grabschmuck im Wert von etwa 500 Euro. <\/p>\n\n\n\n<ul>\n<li><strong>Zeugen werden gebeten, sich bei der Polizeiinspektion Germersheim unter Tel. 07274\/9580 oder per E-Mail&nbsp;<a href=\"mailto:%20pigermersheim@polizei.rlp.de\">pigermersheim@polizei.rlp.de<\/a>&nbsp;zu melden.<\/strong><\/li>\n<\/ul>\n\n\n\n<h2 class=\"wp-block-heading\">(Bellheim &amp; R\u00fclzheim) &#8211; Trunkenheitsfahrten<\/h2>\n\n\n\n<p>Zu tief ins Glas geschaut hatte eine 32-J\u00e4hrige aus Ettlingen, die deshalb am Samstag gegen 20 Uhr zun\u00e4chst mit ihrem PKW aufgrund ihrer unsicheren Fahrweise im Bereich <strong>Bellheim <\/strong>auffiel.<\/p>\n\n\n\n<p>Mehrere Verkehrsteilnehmer meldeten das deutlich Schlangenlinien fahrende Fahrzeug, welches durch eine Streife auf der B9 festgestellt werden konnte.<\/p>\n\n\n\n<p>In <strong>R\u00fclzheim <\/strong>endete die Fahrt nach einem Alkoholtest der einen Wert von 1,77 Promille ergab. Die Fahrzeugf\u00fchrerin wurde zur Dienststelle verbracht, wo ihr eine Blutprobe entnommen und der F\u00fchrerschein einbehalten wurde. Ein Strafverfahren wurde eingeleitet.<\/p>\n\n\n\n<ul>\n<li><strong>Hinweise bitte an die Polizei Germersheim unter 07274\/958-0 oder&nbsp;<a href=\"mailto:%20pigermersheim@polizei.rlp.de\">pigermersheim@polizei.rlp.de<\/a><\/strong><\/li>\n<\/ul>\n\n\n\n<h2 class=\"wp-block-heading\">(A 65 \/ W\u00f6rth) &#8211; Versucht der Kontrolle zu Entziehen<\/h2>\n\n\n\n<p>Am Morgen des 01.01.2024 sollte eine 42-j\u00e4hrige Fahrzeugf\u00fchrerin auf der A65 einer Verkehrskontrolle unterzogen werden. Hierbei ignorierte sie mehrmals die Aufforderung Anzuhalten und versuchte ihre Fahrt in Richtung Baden-W\u00fcrttemberg fortzusetzen. Schlussendlich konnte sie durch Versperren der Fahrbahn angehalten und kontrolliert werden. Schnell war klar warum sie sich der Kontrolle entziehen wollte. Bei der Fahrerin konnte Alkoholgeruch wahrgenommen werden, was der anschlie\u00dfende Test best\u00e4tigte. Die Weiterfahrt wurde ihr untersagt, eine Blutprobe entnommen und der F\u00fchrerschein sichergestellt.<\/p>\n\n\n\n<h2 class=\"wp-block-heading\">(W\u00f6rth) &#8211; Wasserrohrbruch<\/h2>\n\n\n\n<p>Durch ein geplatztes Rohr lief am Samstag, 30.12.23 in der Ottstra\u00dfe in W\u00f6rth ein Keller voller Wasser. Durch das schnelle Eingreifen der Feuerwehr konnte ein gr\u00f6\u00dferer Schaden verhindert werden. Die Stra\u00dfe musste w\u00e4hrend des Einsatzes kurzfristig gesperrt werden.<\/p>\n\n\n\n<h2 class=\"wp-block-heading\">(B 9 \/ W\u00f6rth) &#8211; Trunkenheitsfahrt<\/h2>\n\n\n\n<p>Am Samstag 30.12.23, gegen 00:10 Uhr wurde ein 20-j\u00e4hriger PKW-Fahrer, auf der B9 im Bereich W\u00f6rth am Rhein, einer Verkehrskontrolle unterzogen. Im Rahmen dieser konnten die Beamten feststellen, dass der Fahrer unter Einfluss von Bet\u00e4ubungsmitteln stand, was auch ein freiwilliger Urintest best\u00e4tigte. Deshalb wurde dem Fahrer eine Blutprobe entnommen und ein Ermittlungsverfahren eingeleitet.<\/p>\n\n\n\n<h2 class=\"wp-block-heading\">(W\u00f6rth) &#8211; Mann schl\u00e4gt mit Beil auf Hund ein<\/h2>\n\n\n\n<p>Am 28.12.23 gegen 08.30h kam es im W\u00f6rth im Bereich des Wiesengrunds zu einer Konfliktsituation zwischen zwei Hundebesitzern. Ein 48-j\u00e4hriger Mann ging mit seinem ungarischen Vorsteherhund zu Fu\u00df Gassi, als ein 52-j\u00e4hriger Mann auf einem Fahrrad mit seinem Hund in der Art eines Fox-Terriers entgegenkam. Der ungarische Vorsteherhund l\u00f6ste sich aus der Leine und lief auf den Fahrradfahrer zu. Das Verhalten des ungarischen Vorsteherhundes soll &#8211; den ersten Ermittlungen zufolge &#8211; begr\u00fc\u00dfend und nicht aggressiv gewesen sein. Der Fahrradfahrer holte jedoch ein Beil mit aufgesetztem Klingenschutz hervor und schlug ohne Vorwarnung mehrmals auf dem ungarischen Vorsteherhund ein. Der Hund erlitt leichte Verletzungen am Kopf. Ob die Handlung des Fahrradfahrers als Verteidigung oder als \u00dcberreaktion zu werten ist und ob beiderseits gegen Hundehalterpflichten versto\u00dfen wurde, ist Gegenstand der polizeilichen Ermittlungen.<\/p>\n\n\n\n<h2 class=\"wp-block-heading\">(Berg) &#8211; Einbruch in Wohnhaus<\/h2>\n\n\n\n<p>In der Ludwigstra\u00dfe in Berg (Pfalz) kam es zwischen dem 31.12.2023, 18:00 Uhr und dem 01.01.2024, ca. 01:00 Uhr zu einem Einbruch in ein Wohnhaus. Hierbei wurde zun\u00e4chst ein Rollladen hochgedr\u00fcckt und das dahinterliegende Fenster eingeschlagen. Anschlie\u00dfend wurde das Haus durchw\u00fchlt. <\/p>\n\n\n\n<ul>\n<li><strong>Zeugen die im genannten Zeitraum verd\u00e4chtige Wahrnehmungen gemacht haben werden gebeten sich bei der Polizeiinspektion W\u00f6rth unter 07271-92210oder per E-Mail&nbsp;<a href=\"mailto:%20piwoerth@polizei.rlp.de\">piwoerth@polizei.rlp.de<\/a>&nbsp;zu melden.<\/strong><\/li>\n<\/ul>\n\n\n\n<h2 class=\"wp-block-heading\">(Kandel) &#8211; Verkehrsunfall mit Verletzter Person<\/h2>\n\n\n<div class=\"wp-block-image\">\n<figure class=\"aligncenter size-full\"><img decoding=\"async\" loading=\"lazy\" width=\"801\" height=\"600\" src=\"https:\/\/speyer24news.com\/wp-content\/uploads\/2020\/05\/Zeugen-gesucht-Neutral.jpg\" alt=\"\" class=\"wp-image-26598\" srcset=\"https:\/\/speyer24news.com\/wp-content\/uploads\/2020\/05\/Zeugen-gesucht-Neutral.jpg 801w, https:\/\/speyer24news.com\/wp-content\/uploads\/2020\/05\/Zeugen-gesucht-Neutral-300x225.jpg 300w, https:\/\/speyer24news.com\/wp-content\/uploads\/2020\/05\/Zeugen-gesucht-Neutral-768x575.jpg 768w, https:\/\/speyer24news.com\/wp-content\/uploads\/2020\/05\/Zeugen-gesucht-Neutral-678x509.jpg 678w, https:\/\/speyer24news.com\/wp-content\/uploads\/2020\/05\/Zeugen-gesucht-Neutral-326x245.jpg 326w, https:\/\/speyer24news.com\/wp-content\/uploads\/2020\/05\/Zeugen-gesucht-Neutral-80x60.jpg 80w\" sizes=\"(max-width: 801px) 100vw, 801px\" \/><\/figure><\/div>\n\n\n<p>Am Freitag, 29.12.23 kam es gegen 16:05 Uhr auf der L 549 bei Kandel zu einem Verkehrsunfall zwischen zwei PKW. Ein schwarzer Ford Mondeo fuhr vom Hatzenb\u00fchler Kreisel kommend in Richtung Kandel. Hierbei missachtete er das Rechtsfahrgebot und kam auf die Gegenfahrbahn, wo er den entgegenkommenden PKW streifte. Durch die Kollision wurde der 34-j\u00e4hrige Gesch\u00e4digte leicht an der Hand verletzt. Der Unfallverursacher verlie\u00df hierauf die Unfall\u00f6rtlichkeit ohne seinen Pflichten nachzukommen. Aufgrund dessen wurde ein Ermittlungsverfahren wegen Verkehrsunfallflucht, Gef\u00e4hrdung des Stra\u00dfenverkehrs sowie fahrl\u00e4ssiger K\u00f6rperverletzung, derzeit noch gegen Unbekannt, eingeleitet. Die Polizei bittet um Zeugen, welche Aussagen zum Kennzeichen des unfallverursachenden Fahrzeugs machen k\u00f6nnen. Es handelt sich um einen <strong>schwarzen Ford Mondeo<\/strong>, welcher auf der vorderen linken Seite erheblich besch\u00e4digt sein d\u00fcrfte. <\/p>\n\n\n\n<ul>\n<li><strong>Zeugen werden gebeten sich bei der Polizeiinspektion W\u00f6rth unter 07271-92210 oder per E-Mail&nbsp;<a href=\"mailto:%20piwoerth@polizei.rlp.de\">piwoerth@polizei.rlp.de<\/a>&nbsp;zu melden.<\/strong><\/li>\n<\/ul>\n\n\n\n<h2 class=\"wp-block-heading\">(Kandel) &#8211; Versuchter Einbruch beim TSV Kandel<\/h2>\n\n\n\n<p>\u00dcber die Weihnachtsfeiertage versuchten bisher unbekannte T\u00e4ter in einen Lagerraum des TSV Kandel auf dem Sportgel\u00e4nde einzudringen. Dazu besch\u00e4digten sie zuerst den Zaun am Sportgel\u00e4nde und danach die T\u00fcr zum Lagerraum. Es gelang den T\u00e4tern jedoch nicht, in das Innere zu gelangen. <\/p>\n\n\n\n<ul>\n<li><strong>Zeugen, welche verd\u00e4chtige Wahrnehmungen gemacht haben, sollen sich bitte mit der Polizei W\u00f6rth unter 07271 92210 oder&nbsp;<a href=\"mailto:%20piwoerth@polizei.rlp.de\">piwoerth@polizei.rlp.de<\/a>&nbsp;in Verbindung setzen.<\/strong><\/li>\n<\/ul>\n\n\n\n<h2 class=\"wp-block-heading\">(Impflingen) &#8211; Brand eines Schuppens<\/h2>\n\n\n\n<p>Vermutlich durch einen fehlgeleiteten Feuerwerksk\u00f6rper geriet ein Schuppen in Impflingen in der Bruchgasse in Brand. Dieser konnte durch Anwohner noch vor Eintreffen der Feuerwehr gel\u00f6scht werden. Hinweise auf den Verursacher bestehen nicht. Die Schadensh\u00f6he betr\u00e4gt circa 1000 Euro. Es wurde niemand verletzt.<\/p>\n\n\n\n<h2 class=\"wp-block-heading\">(B 38 \/ Billigheim-Ingenheim) &#8211; Kurve verpasst<\/h2>\n\n\n\n<p>Am 01.01.2024 befuhr ein 40-j\u00e4hriger Mercedes-Fahrer gegen 03:35 Uhr die B38 von Niederhorbach kommend in Richtung Billigheim-Ingenheim. Vermutlich aufgrund seiner Alkoholisierung von knapp 1,5 Promille fuhr er in einer Linkskurve geradeaus weiter. Hiernach \u00fcberschlug er sich und kam auf der Seite zum Liegen. Der Unfallverursacher konnte durch Ersthelfer aus seinem Fahrzeug befreit werden. Er wurde durch den Unfall leicht verletzt. Am PKW Mercedes entstand Totalschaden in H\u00f6he von circa 40.000 Euro. Im Krankenhaus wurde eine Blutprobe entnommen und sein F\u00fchrerschein sichergestellt. Er wird sich nun in einem Strafverfahren wegen Stra\u00dfenverkehrsgef\u00e4hrdung verantworten m\u00fcssen. F\u00fcr die Dauer der Unfallaufnahme musste die B38 voll gesperrt werden.<\/p>\n\n\n\n<h2 class=\"wp-block-heading\">(Steinfeld) &#8211; Einbruch in ein Wohnhaus<\/h2>\n\n\n\n<p>Am 29.12.23, zwischen 17.45-22.54 Uhr, wurde in Steinfeld, In der s\u00fcdlichen Au, in ein Wohnhaus eingebrochen. Durch Einschlagen der Scheibe an einer Seitent\u00fcr, gelangten der\/die T\u00e4ter ins Wohnhaus. Hier wurde alles durchw\u00fchlt. Ob und was entwendet wurde, ist bisher unklar. Obwohl sich ein Hund im Wohnhaus befand, schreckte dies den\/die T\u00e4ter nicht ab. Falls in dem Zeitraum verd\u00e4chtige Wahrnehmungen gemacht wurden, bitte Mitteilung an die Polizei machen.<\/p>\n\n\n\n<h2 class=\"wp-block-heading\">(Kapsweyer) &#8211; Einbruch in Wohnhaus<\/h2>\n\n\n\n<p>Zwischen dem 29.12.2023, 10:00 Uhr &#8211; 30.12.2023, 19:20 Uhr, kam es in Kapsweyer, in der Bahnhofstra\u00dfe, zu einem Einbruch in ein Wohnhaus. Durch ein Fenster gelangten der\/die T\u00e4ter ins Innere und durchw\u00fchlten s\u00e4mtliche Schr\u00e4nke. Die Schadensh\u00f6he kann noch nicht beziffert werden. Verd\u00e4chtige Wahrnehmungen bitte bei der Polizei melden.<\/p>\n\n\n\n<h2 class=\"wp-block-heading\">(Bad Bergzabern) &#8211; Berufsinformationsabend der PI Bad Bergzabern<a href=\"https:\/\/www.facebook.com\/sharer.php?u=https%3A%2F%2Fwww.presseportal.de%2Fblaulicht%2Fpm%2F117686%2F5681556%2F%3Futm_source%3Dfacebook%26utm_medium%3Dsocial\"><\/a><a href=\"https:\/\/web.whatsapp.com\/send?text=POL-PDLD%3A%20Berufsinformationsabend%20der%20PI%20Bad%20Bergzabern%0A%0Ahttps%3A%2F%2Fwww.presseportal.de%2Fblaulicht%2Fpm%2F117686%2F5681556%2F%3Futm_source%3Dwhatsapp%26utm_medium%3Dsocial\"><\/a><a href=\"https:\/\/www.xing.com\/app\/user?op=share;url=https%3A%2F%2Fwww.presseportal.de%2Fblaulicht%2Fpm%2F117686%2F5681556%2F%3Futm_source%3Dxing%26utm_medium%3Dsocial\"><\/a><a href=\"http:\/\/www.linkedin.com\/shareArticle?mini=true&amp;url=https%3A%2F%2Fwww.presseportal.de%2Fblaulicht%2Fpm%2F117686%2F5681556%2F%3Futm_source%3Dlinkedin%26utm_medium%3Dsocial&amp;title=POL-PDLD%3A+Berufsinformationsabend+der+PI+Bad+Bergzabern\"><\/a><a href=\"mailto:?subject=POL-PDLD%3A%20Berufsinformationsabend%20der%20PI%20Bad%20Bergzabern&amp;body=https:\/\/www.presseportal.de\/blaulicht\/pm\/117686\/5681556\"><\/a><\/h2>\n\n\n<div class=\"wp-block-image\">\n<figure class=\"aligncenter\"><a href=\"https:\/\/cache.pressmailing.net\/thumbnail\/story_hires\/87029900-3d7e-4fb8-a9cf-830d2934af51\/InfoabendPPRPPIBadBergzabern.jpg.jpg\"><img decoding=\"async\" src=\"https:\/\/cache.pressmailing.net\/thumbnail\/story_big\/87029900-3d7e-4fb8-a9cf-830d2934af51\/pol-pdld-berufsinformationsabend-der-pi-bad-bergzabern\" alt=\"POL-PDLD: Berufsinformationsabend der PI Bad Bergzabern\"\/><\/a><\/figure><\/div>\n\n\n<p>Am Mittwoch dem 07.02.2024, um 18:00 Uhr, l\u00e4dt die Polizeiinspektion Bad Bergzabern zu einem Berufsinformationsabend in ihren R\u00e4umlichkeiten, Weinstra\u00dfe 43 in 76887 Bad Bergzabern, ein. Sie informiert \u00fcber die zahlreichen M\u00f6glichkeiten und Perspektiven die der Polizeiberuf im Land Rheinland-Pfalz bietet. Au\u00dferdem werden Einstellungsvoraussetzungen und das Bewerbungsverfahren vorgestellt. Der Berufseinstieg ist sowohl f\u00fcr Abiturienten und Realsch\u00fcler, als auch f\u00fcr Quereinsteiger m\u00f6glich. <\/p>\n\n\n\n<p><strong>Die Bewerbungsfrist f\u00fcr den n\u00e4chsten Einstellungstermin im Mai 2024 endet voraussichtlich am 29.02.2024. Ergreift also Eure Chance und kommt vorbei! <\/strong><\/p>\n\n\n\n<h4 class=\"wp-block-heading\">Anmeldungen f\u00fcr die Teilnahme der interessierten Berufseinsteiger inkl. Eltern werden unter Angaben des vollst\u00e4ndigen Namens sowie der Erreichbarkeit unter&nbsp;<a href=\"mailto:%20pibadbergzabern.einstellungen@polizei.rlp.de\">pibadbergzabern.einstellungen@polizei.rlp.de<\/a>&nbsp;entgegengenommen. <strong>Anmeldeschluss ist der 31.01.2024.<\/strong><\/h4>\n\n\n\n<h2 class=\"wp-block-heading\">(Vorderweidenthal) &#8211; Brand eines Balkons<a href=\"https:\/\/www.facebook.com\/sharer.php?u=https%3A%2F%2Fwww.presseportal.de%2Fblaulicht%2Fpm%2F117686%2F5682132%2F%3Futm_source%3Dfacebook%26utm_medium%3Dsocial\"><\/a><a href=\"https:\/\/web.whatsapp.com\/send?text=POL-PDLD%3A%20Brand%20eines%20Balkons%0A%0Ahttps%3A%2F%2Fwww.presseportal.de%2Fblaulicht%2Fpm%2F117686%2F5682132%2F%3Futm_source%3Dwhatsapp%26utm_medium%3Dsocial\"><\/a><a href=\"https:\/\/www.xing.com\/app\/user?op=share;url=https%3A%2F%2Fwww.presseportal.de%2Fblaulicht%2Fpm%2F117686%2F5682132%2F%3Futm_source%3Dxing%26utm_medium%3Dsocial\"><\/a><a href=\"http:\/\/www.linkedin.com\/shareArticle?mini=true&amp;url=https%3A%2F%2Fwww.presseportal.de%2Fblaulicht%2Fpm%2F117686%2F5682132%2F%3Futm_source%3Dlinkedin%26utm_medium%3Dsocial&amp;title=POL-PDLD%3A+Brand+eines+Balkons\"><\/a><a href=\"mailto:?subject=POL-PDLD%3A%20Brand%20eines%20Balkons&amp;body=https:\/\/www.presseportal.de\/blaulicht\/pm\/117686\/5682132\"><\/a><\/h2>\n\n\n\n<p>Am 30.12.23, gegen 4.26 Uhr, wurde ein Brand eines Balkons, in Vorderweidenthal, Waldstra\u00dfe, gemeldet. Vor Ort konnte ermittelt werden, dass der \u00fcberdachte Holzbalkon gebrannt hatte. Die Hauswand musste durch die Feuerwehr ge\u00f6ffnet werden, um eine Brandausbreitung auf das Geb\u00e4ude zu verhindern. Der Hausbewohner hatte teilweise den Brand selbst gel\u00f6scht und in diesem Zusammenhang viel Rauch eingeatmet, so dass er medizinisch versorgt werden musste. \u00dcber die Schadensh\u00f6he und die Brandursache ist bislang nichts bekannt.<\/p>\n\n\n\n<h2 class=\"wp-block-heading\">(Annweiler) &#8211; Gesch\u00e4digter gesucht<\/h2>\n\n\n\n<p>Am 30.12.2023 kam es gegen 11 Uhr zu einem Verkehrsunfall auf dem Parkplatz des Wasgau-Marktes in Annweiler. Hiernach touchierte ein 83-j\u00e4hriger Mercedes-Fahrer beim Einparken einen anderen PKW. Dieser konnte vor Ort nicht mehr festgestellt werden, das Kennzeichen ist unbekannt. <\/p>\n\n\n\n<ul>\n<li><strong>Die Polizei bittet Zeugen, die Hinweise zum Unfallgeschehen geben k\u00f6nnen, sich per Email an&nbsp;<a href=\"mailto:%20pilandau@polizei.rlp.de\">pilandau@polizei.rlp.de<\/a>&nbsp;oder telefonisch unter 06341-287-0 bei der Polizeiinspektion Landau zu melden.<\/strong><\/li>\n<\/ul>\n\n\n\n<h2 class=\"wp-block-heading\">(Landau) &#8211; Trunkenheit im Verkehr<\/h2>\n\n\n<div class=\"wp-block-image\">\n<figure class=\"aligncenter size-full\"><img decoding=\"async\" loading=\"lazy\" width=\"800\" height=\"600\" src=\"https:\/\/speyer24news.com\/wp-content\/uploads\/2019\/06\/Ausn\u00fcchterungszelle.jpg\" alt=\"\" class=\"wp-image-15212\" srcset=\"https:\/\/speyer24news.com\/wp-content\/uploads\/2019\/06\/Ausn\u00fcchterungszelle.jpg 800w, https:\/\/speyer24news.com\/wp-content\/uploads\/2019\/06\/Ausn\u00fcchterungszelle-300x225.jpg 300w, https:\/\/speyer24news.com\/wp-content\/uploads\/2019\/06\/Ausn\u00fcchterungszelle-768x576.jpg 768w, https:\/\/speyer24news.com\/wp-content\/uploads\/2019\/06\/Ausn\u00fcchterungszelle-678x509.jpg 678w, https:\/\/speyer24news.com\/wp-content\/uploads\/2019\/06\/Ausn\u00fcchterungszelle-326x245.jpg 326w, https:\/\/speyer24news.com\/wp-content\/uploads\/2019\/06\/Ausn\u00fcchterungszelle-80x60.jpg 80w\" sizes=\"(max-width: 800px) 100vw, 800px\" \/><figcaption class=\"wp-element-caption\">Beispielbild Zelle \/ Verhaftung, dient lediglich der Visualisierung<\/figcaption><\/figure><\/div>\n\n\n<p>Am 01.01.2024 wurde gegen 02:05 Uhr ein 21-j\u00e4hriger Audi-Fahrer in Landau in der Adolf-Kessler-Stra\u00dfe einer Verkehrskontrolle unterzogen. Es konnte Alkoholgeruch festgestellt werden, ein durchgef\u00fchrter Vortest ergab einen Wert von 1,25 Promille. Als ihm die Mitnahme zur Dienststelle erkl\u00e4rt wurde, versuchter er erfolglos zu Fu\u00df zu fl\u00fcchten. Auf der Dienststelle wurde ihm eine Blutprobe entnommen. Sein F\u00fchrerschein wurde sichergestellt. Hierbei beleidigte er unentwegt die eingesetzten Beamten unfl\u00e4tig. Den Rest der Nacht musste er aufgrund seines Gebarens in der Zelle verbringen. Gegen den 21-J\u00e4hrigen wurden Strafverfahren wegen Trunkenheit im Verkehr und Beleidigung eingeleitet. Auch wird er f\u00fcr die Kosten der \u00dcbernachtung im polizeilichen Gewahrsam aufkommen m\u00fcssen.<\/p>\n\n\n\n<h2 class=\"wp-block-heading\">(B 10 \/ Landau) &#8211; PKW \u00fcberschl\u00e4gt sich<\/h2>\n\n\n<div class=\"wp-block-image\">\n<figure class=\"aligncenter size-full\"><img decoding=\"async\" loading=\"lazy\" width=\"800\" height=\"611\" src=\"https:\/\/speyer24news.com\/wp-content\/uploads\/2024\/01\/IMG-20231231-WA0028.jpg\" alt=\"\" class=\"wp-image-57043\" srcset=\"https:\/\/speyer24news.com\/wp-content\/uploads\/2024\/01\/IMG-20231231-WA0028.jpg 800w, https:\/\/speyer24news.com\/wp-content\/uploads\/2024\/01\/IMG-20231231-WA0028-300x229.jpg 300w, https:\/\/speyer24news.com\/wp-content\/uploads\/2024\/01\/IMG-20231231-WA0028-768x587.jpg 768w, https:\/\/speyer24news.com\/wp-content\/uploads\/2024\/01\/IMG-20231231-WA0028-80x60.jpg 80w\" sizes=\"(max-width: 800px) 100vw, 800px\" \/><\/figure><\/div>\n\n\n<p>Gl\u00fccklicherweise nicht verletzt wurde die 24-j\u00e4hrige Fahrerin eines Fiat Punto am Sonntagnachmittag auf der B10 bei Landau. Der PKW kam in der Auffahrt auf die B10 in Fahrtrichtung BAB 65 bei Landau-Nu\u00dfdorf, anzunehmend aufgrund nicht angepasster Geschwindigkeit in Verbindung mit regennasser Fahrbahn, nach rechts von der Fahrbahn ab und \u00fcberschlug sich. Die Fahrerin, die sich alleine in dem Fahrzeug befand, konnte sich eigenst\u00e4ndig aus diesem befreien. Sie wurde vorsorglich in ein nahegelegenes Krankenhaus verbracht, aber nach ersten Erkenntnissen nicht verletzt. Der PKW wurde durch den Verkehrsunfall total besch\u00e4digt und musste abgeschleppt werden. Zur Bergung des PKW musste die Auffahrt auf die B10 kurzzeitig gesperrt werden.<\/p>\n\n\n\n<h2 class=\"wp-block-heading\">(Landau) &#8211; Autofahrer mit Alkohol unterwegs<\/h2>\n\n\n\n<p>Am Sonntag, 31.12.2023, 02:58 Uhr, wurde in der An 44 ein 21-j\u00e4hriger Autofahrer aus Leinsweiler einer Verkehrskontrolle unterzogen. Hierbei nahmen die Polizeibeamten Alkoholgeruch wahr. Zudem fiel der Mann durch einen unsicheren Stand auf. Ein Atemalkoholtest ergab einen Wert von 2,24 Promille. Dem Autofahrer wurde eine Blutprobe entnommen. Ihn erwartet nun ein Strafverfahren wegen Trunkenheit im Verkehr.<\/p>\n\n\n\n<h2 class=\"wp-block-heading\">(Landau) &#8211; Scheibe eingeschlagen<\/h2>\n\n\n\n<p>In der Nacht vom 30.12.2023 auf den 31.12.2023 wurde durch unbekannte T\u00e4ter in der Arzheimer Hauptstra\u00dfe in Landau die Scheibe eines geparkten PKW Hyundai eingeschlagen. Entwendet wurde nichts. Die Schadensh\u00f6he betr\u00e4gt circa 100 Euro. <\/p>\n\n\n\n<ul>\n<li><strong>Die Polizei bittet Zeugen, die Hinweise zu der Tat oder dem T\u00e4ter geben k\u00f6nnen, sich per Email an&nbsp;<a href=\"mailto:%20pilandau@polizei.rlp.de\">pilandau@polizei.rlp.de<\/a>&nbsp;oder telefonisch unter 06341-287-0 bei der Polizeiinspektion Landau zu melden.<\/strong><\/li>\n<\/ul>\n\n\n\n<h2 class=\"wp-block-heading\">(Landau) &#8211; Nach Unfall gefl\u00fcchtet<\/h2>\n\n\n\n<p>Zu einem Verkehrsunfall mit Fahrerflucht kam es am 29.12.2023 zwischen 10:00Uhr und 10:30Uhr auf dem Parkplatz eines Landauer Supermarkts in der Damm\u00fchlstra\u00dfe. Ein Unbekannter streifte im genannten Zeitraum, vermutlich beim Einparken, das links neben ihm geparkte Fahrzeug eines 24J\u00e4hrigen aus Landau und entfernte sich anschlie\u00dfend von der Unfallstelle, ohne sich um den entstandenen Schaden zu k\u00fcmmern. Der Sachschaden wird auf etwa 300 Euro gesch\u00e4tzt. Die Polizei Landau ermittelt nun wegen Verkehrsunfallflucht.<\/p>\n\n\n\n<ul>\n<li><strong>Zeugen, die Hinweise zu dem gesuchten Fahrzeug geben k\u00f6nnen oder den Verkehrsunfall gar beobachtet haben, werden gebeten sich telefonisch unter 06341-287-0 oder per Mail unter&nbsp;<a href=\"mailto:%20pilandau@polizei.rlp.de\">pilandau@polizei.rlp.de<\/a>&nbsp;bei der Polizeiinspektion Landau zu melden.<\/strong><\/li>\n<\/ul>\n\n\n\n<h2 class=\"wp-block-heading\">(Gro\u00dffischlingen) &#8211; Verkehrsbehinderungen durch \u00d6lspur<a href=\"https:\/\/www.facebook.com\/sharer.php?u=https%3A%2F%2Fwww.presseportal.de%2Fblaulicht%2Fpm%2F117686%2F5682213%2F%3Futm_source%3Dfacebook%26utm_medium%3Dsocial\"><\/a><a href=\"https:\/\/web.whatsapp.com\/send?text=POL-PDLD%3A%20Verkehrsbehinderungen%20durch%20%C3%96lspur%0A%0Ahttps%3A%2F%2Fwww.presseportal.de%2Fblaulicht%2Fpm%2F117686%2F5682213%2F%3Futm_source%3Dwhatsapp%26utm_medium%3Dsocial\"><\/a><a href=\"https:\/\/www.xing.com\/app\/user?op=share;url=https%3A%2F%2Fwww.presseportal.de%2Fblaulicht%2Fpm%2F117686%2F5682213%2F%3Futm_source%3Dxing%26utm_medium%3Dsocial\"><\/a><a href=\"http:\/\/www.linkedin.com\/shareArticle?mini=true&amp;url=https%3A%2F%2Fwww.presseportal.de%2Fblaulicht%2Fpm%2F117686%2F5682213%2F%3Futm_source%3Dlinkedin%26utm_medium%3Dsocial&amp;title=POL-PDLD%3A+Verkehrsbehinderungen+durch+%C3%96lspur\"><\/a><a href=\"mailto:?subject=POL-PDLD%3A%20Verkehrsbehinderungen%20durch%20%C3%96lspur&amp;body=https:\/\/www.presseportal.de\/blaulicht\/pm\/117686\/5682213\"><\/a><\/h2>\n\n\n<div class=\"wp-block-image\">\n<figure class=\"aligncenter\"><a href=\"https:\/\/cache.pressmailing.net\/thumbnail\/story_hires\/20f3bdfa-f0e2-4a52-b13e-ab0ba2bd974d\/poMMes_2023-12-30_11-11-22_1.jpeg.jpg\"><img decoding=\"async\" src=\"https:\/\/cache.pressmailing.net\/thumbnail\/story_big\/20f3bdfa-f0e2-4a52-b13e-ab0ba2bd974d\/pol-pdld-verkehrsbehinderungen-durch-lspur\" alt=\"POL-PDLD: Verkehrsbehinderungen durch \u00d6lspur\"\/><\/a><\/figure><\/div>\n\n\n<p>Aktuell kommt es wegen einer \u00d6lspur in der Hauptstra\u00dfe in Gro\u00dffischlingen und den angrenzenden Seitenstra\u00dfen zu Verkehrsbehinderungen. Aufgrund eines technischen Defektes verlor ein Lastkraftwagen eine gro\u00dfe Menge \u00d6l. Eine durch den Verursacher beauftragte Firma ist mit einem Spezialfahrzeug bereits vor Ort und hat mit der Reinigung begonnen. Da die \u00d6lspur sich \u00fcber die gesamte Hauptstra\u00dfe erstreckt, muss diese teilweise gesperrt werden. Die Sperrung wird durch die Beamten der Polizeiinspektion Edenkoben und der Freiwilligen Feuerwehr \u00fcbernommen.<\/p>\n\n\n\n<p>Die Reinigung der Stra\u00dfe wird voraussichtlich noch mehrere Stunden andauern. (<em>30.12.2023 \u2013 11:50<\/em>)<\/p>\n\n\n\n<h2 class=\"wp-block-heading\">(Edenkoben) &#8211; Aggressiv nach Dauerzocken<\/h2>\n\n\n\n<p>Weil er nach knapp f\u00fcnf Stunden &#8222;Zockerei&#8220; immer noch kein Geld aus einem Spielautomaten gewonnen hatte, wurde ein 47 Jahre alter Mann in einer Spielothek anderen G\u00e4sten gegen\u00fcber aggressiv, weshalb die Polizei vor Ort erscheinen musste. Sie erteilte dem Mann einen Platzverweis. Grummelnd packte er seine Sachen und verlie\u00df die \u00d6rtlichkeit.<\/p>\n\n\n\n<h2 class=\"wp-block-heading\">(Edenkoben) &#8211; Versuchter Einbruchsdiebstahl ins Gymnasium<\/h2>\n\n\n\n<p>\u00dcber eine Eingangst\u00fcr im r\u00fcckw\u00e4rtigen Bereich sind Unbekannte in der Nacht von Donnerstag auf Freitag (TZ: 28.12.2023, 23.20 Uhr bis 29.12.2023, 01.30 Uhr) in das Gymnasium in der Weinstra\u00dfe eingebrochen. Was genau entwendet wurde, steht derzeit nicht fest. Ersten Ermittlungen zufolge kann nicht ausgeschlossen werden, dass sich Jugendliche Zugang in das Objekt verschafften. Die Ermittlungen laufen. <\/p>\n\n\n\n<ul>\n<li><strong>Hinweise nimmt die Polizei Edenkoben unter der Telefonnummer 06323 9550 entgegen.<\/strong><\/li>\n<\/ul>\n\n\n\n<h2 class=\"wp-block-heading\">(Edenkoben) &#8211; M\u00fcllsack angez\u00fcndet<\/h2>\n\n\n\n<p>Unbekannte haben am Donnerstagabend (28.12.2023, 17.30 Uhr) einen M\u00fcllsack an der Bushaltestelle in Brand gesetzt. Durch die hinzugerufene Feuerwehr konnte der Brand schnell gel\u00f6scht und somit ein Sachschaden verhindert werden. Hinweise nimmt die Polizei Edenkoben unter der Telefonnummer 06323 9550 entgegen.<\/p>\n\n\n\n<h2 class=\"wp-block-heading\">(Edenkoben) &#8211; Abbrennen von Feuerwerksk\u00f6rper<\/h2>\n\n\n\n<p>In der Edesheimer Stra\u00dfe beschwerten sich am Donnerstagmittag (28.12.2023, 16 Uhr) Anwohner \u00fcber Unbekannte, die Silvesterb\u00f6ller abfeuerten. Die Polizei weist darauf hin, dass das Abfeuern von pyrotechnischen Gegenst\u00e4nden grunds\u00e4tzlich nur in der Zeit zwischen dem 31.12.2023 und 01.01.2024 erlaubt ist. Das Abbrennen von Feuerwerksk\u00f6rpern in unmittelbarer N\u00e4he von Kirchen, Krankenh\u00e4usern, Kinder- und Altenheimen sowie besonders brandempfindlichen Geb\u00e4uden oder Anlagen ist verboten.<\/p>\n\n\n\n<h2 class=\"wp-block-heading\">(Neustadt-OT Mu\u00dfbach) &#8211; Mit Drogencocktail im Blut ins neue Jahr gestartet&#8230;<\/h2>\n\n\n\n<p>&#8230; ist am 01.01.2024 um 03:00 Uhr ein 32-J\u00e4hriger aus R\u00f6dersheim-Gronau, welcher zu diesem Zeitpunkt in der Meckenheimer Stra\u00dfe in 67435 Neustadt\/W.-Mu\u00dfbach mit seinem Legacy einer Verkehrskontrolle unterzogen wurde. Im Verlauf der \u00dcberpr\u00fcfung der Verkehrst\u00fcchtigkeit des Mannes konnten bei diesen Auff\u00e4lligkeiten festgestellt werden, welche auf eine aktuelle Bet\u00e4ubungsmittelbeeinflussung schlie\u00dfen lie\u00dfen. Ein entsprechender Vortest reagierte positiv auf die Stoffgruppen Amfetamin, Metamfetamin und THC. Daher wurde dem 32-J\u00e4hrigen eine Blutprobe entnommen und dessen Fahrzeugschl\u00fcssel sichergestellt. Nun kommt auf diesen eine Straf-, sowie ein Ordnungswidrigkeitenverfahren zu. Au0erem wird die zust\u00e4ndige F\u00fchrerscheinstelle \u00fcber den Vorfall informiert.<\/p>\n\n\n\n<h2 class=\"wp-block-heading\">(Neustadt) &#8211; Kinder durch Feuerwerk verletzt<\/h2>\n\n\n\n<p>Am 01.01.2024, kurz nach Mitternacht, wurden vier Kinder im Alter zwischen 7 und 10 Jahren durch eine explodierende Feuerwerksrakete in Neustadt an der Weinstra\u00dfe leicht verletzt. Die Kinder standen auf einem Balkon eines Mehrfamilienhauses in der Neusatzstra\u00dfe, als in diesem Bereich durch Jugendliche Feuerwerksk\u00f6rper gez\u00fcndet wurden. Eine der Raketen flog in Richtung des Balkons und z\u00fcndete \u00fcber den K\u00f6pfen der Kinder. Die Kinder erlitten hierdurch leichte Verletzungen. Es war lediglich eine ambulante Behandlung erforderlich. Die Raketen d\u00fcrften zuvor von einem 17j\u00e4hrigen Jugendlichen abgefeuert worden sein. Die polizeilichen Ermittlungen dauern an, ein Strafverfahren wegen fahrl\u00e4ssiger K\u00f6rperverletzung wurde eingeleitet.<\/p>\n\n\n\n<h2 class=\"wp-block-heading\">(Neustadt) &#8211; Kurz vor der Haust\u00fcr eine Anzeige eingehandelt&#8230;<\/h2>\n\n\n\n<p>&#8230; hat sich ein 62-j\u00e4hriger Neustadter, als er mit seinem Fahrrad in der Kurt-Schumacher-Stra\u00dfe in 67433 Neustadt\/W. am 31.12.2023 um 22:05 Uhr einer Verkehrskontrolle unterzogen wurde. Der Mann fuhr zuvor starke Schlangenlinien und befand sich wenige Meter von seiner Wohnadresse entfernt. Da von dem Neustadter starker Atemalkoholgeruch ausging, wurde ein Vortest durchgef\u00fchrt, welcher einen Wert von 1,87 Promille erbrachte. Daher wurde das Fahrrad abgeschlossen und der Schl\u00fcssel des Schlosses sichergestellt. Dem 62-J\u00e4hrigen wurde eine Blutprobe entnommen. Nun kommt auf diesen ein Strafverfahren wegen der begangenen Trunkenheitsfahrt zu.<\/p>\n\n\n\n<h2 class=\"wp-block-heading\">(Neustadt) &#8211; Schwankend sein Fahrrad geschoben&#8230;<\/h2>\n\n\n\n<p>&#8230; hat ein 45-J\u00e4hriger aus Neustadt\/W. am 31.12.2023 um 19:00 Uhr, als er durch eine Streifenbesatzung in der Konrad-Adenauer-Stra\u00dfe einer Kontrolle unterzogen wurde. Hierbei konnte festgestellt werden, dass der Mann unter dem Einfluss von Cannabis und Amfetamin steht, weshalb dieser sein Fahrrad an die eingesetzten Beamten \u00fcbergeben musste. Die zust\u00e4ndige F\u00fchrerscheinstelle wird nun \u00fcber den Vorfall in Kenntnis gesetzt.<\/p>\n\n\n\n<h2 class=\"wp-block-heading\">(Neustadt) &#8211; Bereits zum zweiten Mal negativ aufgefallen&#8230;<\/h2>\n\n\n\n<p>&#8230; 43-J\u00e4hriger aus Pfinztal, welcher am 31.12.2023 um 18:20 Uhr in der Chemnitzer Stra\u00dfe in 67433 Neustadt\/W. mit seinem VW Passat einer Verkehrskontrolle unterzogen wurde. W\u00e4hrend er Kontrolle konnte n\u00e4mlich festgestellt werden, dass der Fahrer unter dem Einfluss von Cannabis stand, weshalb diesem eine Blutprobe entnommen und der Fahrzeugschl\u00fcssel sichergestellt wurde. Der Mann fiel bereits Ende letzten Monats wegen einer gleichgelagerten Tat auf, weshalb auf diesen nun abermals ein Straf-, sowie ein Ordnungswidrigkeitenverfahren zukommt. Zudem wird die zust\u00e4ndige F\u00fchrerscheinstelle \u00fcber den Vorfall informiert.<\/p>\n\n\n\n<h2 class=\"wp-block-heading\">(Neustadt) &#8211; Volltrunken durch das Stadtgebiet<\/h2>\n\n\n\n<p>Am 30.12.2023 fuhr ein 33-J\u00e4hriger aus Neustadt\/W. mit seinem VW-Golf von seiner Wohnanschrift auf der Hambacher H\u00f6he durch das Stadtgebiet Neustadt\/W.. Hierbei touchierte der Fahrer mit seinem PKW in der Fr\u00f6belstra\u00dfe zwei geparkte Fahrzeuge und setzte seine Fahrt unbehelligt fort. Im weiteren Verlauf \u00fcberfuhr der Neustadter den geschlossenen Bahn\u00fcbergang in der Amalienstra\u00dfe\/ Karolinenstra\u00dfe, ohne die Schranken zu besch\u00e4digen. Eine Streife konnte den 33-J\u00e4hrigen letztlich in der Saarlandstra\u00dfe stoppen und einer Verkehrskontrolle unterziehen. Der Grund f\u00fcr das Fahrverhalten war schnell gefunden, da der Mann stark alkoholisiert war. Ein durchgef\u00fchrter Vortest ergab einen Wert von 1,88 Promille. Abschlie\u00dfend wurde dem Golf-Fahrer eine Blutprobe entnommen und dessen F\u00fchrerschein beschlagnahmt. Durch den Vorfall waren zwei der drei beteiligten Fahrzeuge nicht mehr fahrbereit. Es entstand ein Gesamtschaden in H\u00f6he von circa 8500 Euro. W\u00e4hrend der polizeilichen Ma\u00dfnahmen wurden zudem die eingesetzten Beamten durch den Neustadter mehrfach beleidigt. Nun kommt auf diesen mehrere Strafverfahren zu. Au\u00dferdem wird die zust\u00e4ndige F\u00fchrerscheinstelle \u00fcber den Sachverhalt in Kenntnis gesetzt.<\/p>\n\n\n\n<h2 class=\"wp-block-heading\">(Neustadt) &#8211; T\u00f6tungsdelikt \/ Tatverd\u00e4chtiger vorl\u00e4ufig festgenommen<\/h2>\n\n\n\n<h3 class=\"wp-block-heading\">Gemeinsame Pressemitteilung von Staatsanwaltschaft Frankenthal (Pfalz) und Polizeipr\u00e4sidium Rheinpfalz<\/h3>\n\n\n<div class=\"wp-block-image\">\n<figure class=\"aligncenter size-full\"><img decoding=\"async\" loading=\"lazy\" width=\"800\" height=\"533\" src=\"https:\/\/speyer24news.com\/wp-content\/uploads\/2020\/06\/Zelle.jpg\" alt=\"\" class=\"wp-image-28203\" srcset=\"https:\/\/speyer24news.com\/wp-content\/uploads\/2020\/06\/Zelle.jpg 800w, https:\/\/speyer24news.com\/wp-content\/uploads\/2020\/06\/Zelle-300x200.jpg 300w, https:\/\/speyer24news.com\/wp-content\/uploads\/2020\/06\/Zelle-768x512.jpg 768w\" sizes=\"(max-width: 800px) 100vw, 800px\" \/><figcaption class=\"wp-element-caption\">Beispielbild Zelle \/ Verhaftung, dient lediglich der Visualisierung<\/figcaption><\/figure><\/div>\n\n\n<p>Am Freitagmorgen (29.12.2023) wurde in einem Wohnhaus in Neustadt an der Weinstra\u00dfe ein toter Mann aufgefunden. Bei dem Verstorbenen handelt es sich um den 88-j\u00e4hrigen Hausbewohner. Die festgestellten Verletzungen und die Spurenlage lassen auf ein T\u00f6tungsdelikt schlie\u00dfen. Die Staatsanwaltschaft Frankenthal und die Kriminalpolizei Ludwigshafen haben die Ermittlungen aufgenommen. Ein 56-j\u00e4hriger Tatverd\u00e4chtiger wurde vorl\u00e4ufig festgenommen und wird im Laufe des Tages dem Haftrichter vorgef\u00fchrt. Bei dem 56-J\u00e4hrigen handelt es sich um den Sohn des 88-J\u00e4hrigen. Aus ermittlungstaktischen Gr\u00fcnden k\u00f6nnen derzeit keine weiteren Informationen ver\u00f6ffentlicht werden. Es wird unaufgefordert nachberichtet. <\/p>\n\n\n\n<ul>\n<li><strong>Sachdienliche Hinweise nimmt die Kriminalpolizei Ludwigshafen unter der Telefonnummer 0621\/963-2773 oder per E-Mail&nbsp;<a href=\"mailto:%20kiludwigshafen.k1.kdd@polizei.rlp.de\">kiludwigshafen.k1.kdd@polizei.rlp.de<\/a>&nbsp;entgegen.<\/strong><\/li>\n<\/ul>\n\n\n\n<h3 class=\"wp-block-heading has-text-align-center\">1. Nachtrag zur Pressemeldung vom 29.12.2023, 12:10 Uhr,&nbsp;<a href=\"https:\/\/s.rlp.de\/86q\" target=\"_blank\" rel=\"noreferrer noopener\">https:\/\/s.rlp.de\/86q<\/a><\/h3>\n\n\n\n<p>Der 56-j\u00e4hrige Tatverd\u00e4chtige wurde noch am 29.12.2023 dem Haftrichter beim Amtsgericht Frankenthal vorgef\u00fchrt. Dieser erlie\u00df auf Antrag der Staatsanwaltschaft Frankenthal Untersuchungshaftbefehl wegen des dringenden Verdachts des Totschlags.<\/p>\n\n\n\n<p>Der 56-J\u00e4hrige kam in eine Justizvollzugsanstalt. Die Ermittlungen der Staatsanwaltschaft Frankenthal und der Kriminalpolizei Ludwigshafen dauern an.<\/p>\n\n\n\n<h2 class=\"wp-block-heading\">(Neustadt) &#8211; Ladendiebstahl im &#8222;gro\u00dfen Stil&#8220;<\/h2>\n\n\n\n<p>Bereits am 28.12.2023 um kurz nach 18 Uhr betraten zwei Frauen und drei M\u00e4nner aus Pirmasens einen Supermarkt in der Adolf-Kolping-Stra\u00dfe in 67433 Neustadt\/W. und beluden einen Einkaufswagen mit Ware. Diesen Einkaufswagen schoben sodann die Personen \u00fcber den Eingang des Marktes, um die Ware in den abgestellten PKW zu laden. Die M\u00e4nner begaben sich anschlie\u00dfend wieder in den Markt, wo sie erneut einen Einkaufswagen beluden. Hiernach wurden die f\u00fcnf Personen durch die zwischenzeitlich eingetroffenen Beamten angetroffen. Der Gesamtwert der entwendeten Ware belief sich auf circa 790 Euro. Alle Personen m\u00fcssen sich nun wegen des begangenen Ladendiebstahls strafrechtlich verantworten. Im Verlauf der Ermittlungen konnte festgestellt werden, dass der 41-j\u00e4hrige Fahrer des geparkten PKW unter dem Einfluss von Amfetamin stand, weshalb diesem eine Blutprobe entnommen wurde. Diesen erwartet nun zus\u00e4tzlich ein Straf-, sowie ein Ordnungswidrigkeitenverfahren.<\/p>\n\n\n\n<h2 class=\"wp-block-heading\">(Polizeiinspektion Bad D\u00fcrkheim) &#8211; Polizei Bad D\u00fcrkheim zieht Silvesterbilanz<\/h2>\n\n\n\n<p>Die Polizeiinspektion Bad D\u00fcrkheim zieht nach dem Jahreswechsel eine positive Bilanz der Silvesternacht. In der Nacht kam es zu keinen besonderen Vorkommnissen. Der Gro\u00dfteil der B\u00fcrgerinnen und B\u00fcrger feierte friedlich den Jahreswechsel. Ersten Auswertungen zufolge kam es im Zust\u00e4ndigkeitsbereich der Polizeiinspektion Bad D\u00fcrkheim insgesamt zu einer Straftat (K\u00f6rperverletzung) und drei Ordnungswidrigkeiten (2 Ruhest\u00f6rungen, 1 vermutlich nicht angemeldetes Feuerwerk), die im Zusammenhang mit den Silvesterfeierlichkeiten stehen.<\/p>\n\n\n\n<h2 class=\"wp-block-heading\">(Gr\u00fcnstadt) &#8211; Betrunken Fahrrad gefahren<\/h2>\n\n\n\n<p>Ein 49 Jahre alter Fahrradfahrer geriet am Donnerstag aufgrund unsicherer Fahrweise ins Visier einer Polizeistreife. Gegen 23:50 Uhr wurde der Mann einer Verkehrskontrolle unterzogen. Die Polizeibeamten konnten deutlichen Atemalkoholgeruch bei dem Mann wahrnehmen. Ein freiwillig durchgef\u00fchrter Alcotest zeigte 2,17 Promille, weshalb der 49-J\u00e4hrige die Polizeibeamten zur Blutprobenentnahme begleiten musste. Das Untersuchungsergebnis der Blutprobe ist f\u00fcr das Strafverfahren der Trunkenheit im Verkehr beweiserheblich.<\/p>\n\n\n\n<h2 class=\"wp-block-heading\">(Gr\u00fcnstadt) &#8211; Container aufgebrochen und B\u00f6ller gestohlen<\/h2>\n\n\n\n<p>Eine unbekannte Menge an Feuerwerksk\u00f6rpern wurde am Donnerstag aus einem Container der Gr\u00fcnstadter Kaufland-Filiale entwendet. Die Tatzeit wird zwischen 0:00 Uhr und 04:30 Uhr vermutet. Die Schadensh\u00f6he d\u00fcrfte sich auf mehrere Tausend Euro belaufen. <\/p>\n\n\n\n<ul>\n<li><strong>Hinweise zur Tat und T\u00e4terschaft nimmt die Polizeiinspektion Gr\u00fcnstadt (06359\/9312-0) entgegen.<\/strong><\/li>\n<\/ul>\n\n\n\n<h2 class=\"wp-block-heading\">(Eistalstra\u00dfe zw. Mertesheim und Asselheim) &#8211; Mit Pkw \u00fcberschlagen \/ Fahrer leicht verletzt<a href=\"https:\/\/www.facebook.com\/sharer.php?u=https%3A%2F%2Fwww.presseportal.de%2Fblaulicht%2Fpm%2F117687%2F5682605%2F%3Futm_source%3Dfacebook%26utm_medium%3Dsocial\"><\/a><a href=\"https:\/\/web.whatsapp.com\/send?text=POL-PDNW%3A%20Mit%20Pkw%20%C3%BCberschlagen%20-%20Fahrer%20leicht%20verletzt%0A%0Ahttps%3A%2F%2Fwww.presseportal.de%2Fblaulicht%2Fpm%2F117687%2F5682605%2F%3Futm_source%3Dwhatsapp%26utm_medium%3Dsocial\"><\/a><a href=\"https:\/\/www.xing.com\/app\/user?op=share;url=https%3A%2F%2Fwww.presseportal.de%2Fblaulicht%2Fpm%2F117687%2F5682605%2F%3Futm_source%3Dxing%26utm_medium%3Dsocial\"><\/a><a href=\"http:\/\/www.linkedin.com\/shareArticle?mini=true&amp;url=https%3A%2F%2Fwww.presseportal.de%2Fblaulicht%2Fpm%2F117687%2F5682605%2F%3Futm_source%3Dlinkedin%26utm_medium%3Dsocial&amp;title=POL-PDNW%3A+Mit+Pkw+%C3%BCberschlagen+-+Fahrer+leicht+verletzt\"><\/a><a href=\"mailto:?subject=POL-PDNW%3A%20Mit%20Pkw%20%C3%BCberschlagen%20-%20Fahrer%20leicht%20verletzt&amp;body=https:\/\/www.presseportal.de\/blaulicht\/pm\/117687\/5682605\"><\/a><\/h2>\n\n\n<div class=\"wp-block-image\">\n<figure class=\"aligncenter\"><a href=\"https:\/\/cache.pressmailing.net\/thumbnail\/story_hires\/d10ccfcc-5e0f-4cfe-8815-19b71659e972\/poMMes_2023-12-31_17-16-17_2.jpeg.jpg\"><img decoding=\"async\" src=\"https:\/\/cache.pressmailing.net\/thumbnail\/story_big\/d10ccfcc-5e0f-4cfe-8815-19b71659e972\/pol-pdnw-mit-pkw-berschlagen-fahrer-leicht-verletzt\" alt=\"POL-PDNW: Mit Pkw \u00fcberschlagen - Fahrer leicht verletzt\"\/><\/a><\/figure><\/div>\n\n\n<p>Am Sonntag, den 31.12.2023, kam es gegen 12:40 Uhr zu einem Verkehrsunfall auf der Eistalstra\u00dfe zwischen Mertesheim und Asselheim. Der 28-j\u00e4hrige Fahrer eines Hyundai i30N befuhr mit seinem Pkw die Eistalstra\u00dfe in Richtung Asselheim. Im Bereich einer Rechtskurve kurz vor Asselheim \u00fcberholte der 28-J\u00e4hrige trotz \u00dcberholverbots gleich mehrere Fahrzeuge und kam aufgrund \u00fcberh\u00f6hter Geschwindigkeit und der regennassen Fahrbahn nach links von dieser ab. Der Pkw \u00fcberschlug sich dabei und landete in einem angrenzenden Acker. Am Pkw entstand Totalschaden in H\u00f6he von ca. 30000,-EUR. Der Fahrer erlitt gl\u00fccklicherweise nur eine leichte Verletzung im Kopfbereich. Zur weiteren Behandlung wurde er in ein nahegelegenes Krankenhaus verbracht.<\/p>\n\n\n\n<p>Zeugen des Verkehrsunfalls werden gebeten sich mit der Polizeiinspektion Gr\u00fcnstadt in Verbindung zu setzen.<\/p>\n\n\n\n<h2 class=\"wp-block-heading\">(L 453 \/ Dirmstein) &#8211; Fahren ohne Fahrerlaubnis, Beifahrerin war im Besitz eines F\u00fchrerscheins<a href=\"https:\/\/www.facebook.com\/sharer.php?u=https%3A%2F%2Fwww.presseportal.de%2Fblaulicht%2Fpm%2F117687%2F5682337%2F%3Futm_source%3Dfacebook%26utm_medium%3Dsocial\"><\/a><a href=\"https:\/\/web.whatsapp.com\/send?text=POL-PDNW%3A%20Fahren%20ohne%20Fahrerlaubnis%2C%20Beifahrerin%20war%20im%20Besitz%20eines%20F%C3%BChrerscheins%0A%0Ahttps%3A%2F%2Fwww.presseportal.de%2Fblaulicht%2Fpm%2F117687%2F5682337%2F%3Futm_source%3Dwhatsapp%26utm_medium%3Dsocial\"><\/a><a href=\"https:\/\/www.xing.com\/app\/user?op=share;url=https%3A%2F%2Fwww.presseportal.de%2Fblaulicht%2Fpm%2F117687%2F5682337%2F%3Futm_source%3Dxing%26utm_medium%3Dsocial\"><\/a><a href=\"http:\/\/www.linkedin.com\/shareArticle?mini=true&amp;url=https%3A%2F%2Fwww.presseportal.de%2Fblaulicht%2Fpm%2F117687%2F5682337%2F%3Futm_source%3Dlinkedin%26utm_medium%3Dsocial&amp;title=POL-PDNW%3A+Fahren+ohne+Fahrerlaubnis%2C+Beifahrerin+war+im+Besitz+eines+F%C3%BChrerscheins\"><\/a><a href=\"mailto:?subject=POL-PDNW%3A%20Fahren%20ohne%20Fahrerlaubnis%2C%20Beifahrerin%20war%20im%20Besitz%20eines%20F%C3%BChrerscheins&amp;body=https:\/\/www.presseportal.de\/blaulicht\/pm\/117687\/5682337\"><\/a><\/h2>\n\n\n\n<p>In der Nacht von Samstag auf Sonntag wurde ein Fahrzeug auf der L 453 einer allgemeinen Verkehrskontrolle unterzogen. Der 26-J\u00e4hrige Fahrer h\u00e4ndigte auf Verlangen der kontrollierenden Polizeibeamten lediglich den Fahrzeugschein aus. Auf Nachfrage gab dieser an, seinen F\u00fchrerschein nicht mitzuf\u00fchren. Eine \u00dcberpr\u00fcfung des Fahrers ergab, dass dieser nicht im Besitz einer g\u00fcltigen Fahrerlaubnis war. Daraufhin gab der Fahrer zu, dass er nie im Besitz einer Fahrerlaubnis war. Im Fahrzeug befand sich weiterhin auf dem Beifahrersitz die 24-J\u00e4hrige Fahrzeughalterin. Da sie im Besitz einer g\u00fcltigen Fahrerlaubnis war, durfte sie die Fahrt fortsetzen.<\/p>\n\n\n\n<p>Gegen den Fahrer wurde ein Strafverfahren wegen Fahren ohne Fahrerlaubnis eingeleitet. Weiterhin droht der Beifahrerin als Fahrzeughalterin ein Strafverfahren wegen Zulassen des F\u00fchrens eines Kraftfahrzeuges ohne Fahrerlaubnis.<\/p>\n\n\n\n<h2 class=\"wp-block-heading\">(K 24 \/ Gerolsheim) &#8211; Herausgerissene Warnbarken und entfernte Absperrung<\/h2>\n\n\n\n<p>Unbekannte T\u00e4ter haben in der Nacht von Samstag auf Sonntag auf der K24 zwischen Gerolsheim und Dirmstein mehrere Warnbarken neben der Fahrbahn aus dem Boden herausgerissen. Weiterhin wurde eine Absperrung an einer dortigen Gefahrenstelle entfernt.<\/p>\n\n\n\n<p>Durch die Stra\u00dfenmeisterei konnte die Verkehrssicherheit wiederhergestellt werden.<\/p>\n\n\n\n<p>Gegen die unbekannten T\u00e4ter wurde ein Strafverfahren wegen Beeintr\u00e4chtigungen von Unfallverh\u00fctungsmitteln eingeleitet. Die Ermittlungen dauern an.<\/p>\n\n\n\n<ul>\n<li><strong>Fall Sie Hinweise zur Tat oder zu den T\u00e4tern haben, melden Sie sich bitte unverz\u00fcglich bei der Polizeiinspektion in Gr\u00fcnstadt.<\/strong><\/li>\n<\/ul>\n\n\n\n<h2 class=\"wp-block-heading\">(Frankenthal) &#8211; Balkonbrand<\/h2>\n\n\n\n<p>Am Morgen des 01.01.2024, gegen 04:20 Uhr, kam es in der Flomersheimer Stra\u00dfe in Frankenthal auf einem Balkon im Erdgeschoss eines Mehrfamilienhauses zu einem Brand. Die 70-j\u00e4hrige Bewohnerin der dazugeh\u00f6rigen Wohnung nahm zun\u00e4chst den Knall eines Feuerwerksk\u00f6rpers wahr und stellte anschlie\u00dfend das Feuer auf ihrem Balkon fest. Ein \u00dcbergreifen des Feuers auf weitere Teile des Mehrfamilienhauses konnte durch die Feuerwehr verhindert werden. Verletzt wurde niemand. Es entstand ein Sachschaden von ca. 10.000EUR.<\/p>\n\n\n\n<ul>\n<li><strong>Zeugen werden gebeten sich an die Polizeiinspektion Frankenthal unter der Tel.-Nr.: 06233\/313-0 oder an die Polizeiwache Maxdorf unter der Tel.-Nr.: 06237\/934-1100 zu wenden. Gerne nehmen wir Ihre Hinweise auch per E-Mail unter&nbsp;<a href=\"mailto:%20pifrankenthal@polizei.rlp.de\">pifrankenthal@polizei.rlp.de<\/a>&nbsp;entgegen.<\/strong><\/li>\n<\/ul>\n\n\n\n<h2 class=\"wp-block-heading\">(Frankenthal) &#8211; K\u00f6rperverletzung<\/h2>\n\n\n<div class=\"wp-block-image\">\n<figure class=\"aligncenter size-full\"><img decoding=\"async\" loading=\"lazy\" width=\"801\" height=\"600\" src=\"https:\/\/speyer24news.com\/wp-content\/uploads\/2020\/05\/Zeugen-gesucht-Neutral.jpg\" alt=\"\" class=\"wp-image-26598\" srcset=\"https:\/\/speyer24news.com\/wp-content\/uploads\/2020\/05\/Zeugen-gesucht-Neutral.jpg 801w, https:\/\/speyer24news.com\/wp-content\/uploads\/2020\/05\/Zeugen-gesucht-Neutral-300x225.jpg 300w, https:\/\/speyer24news.com\/wp-content\/uploads\/2020\/05\/Zeugen-gesucht-Neutral-768x575.jpg 768w, https:\/\/speyer24news.com\/wp-content\/uploads\/2020\/05\/Zeugen-gesucht-Neutral-678x509.jpg 678w, https:\/\/speyer24news.com\/wp-content\/uploads\/2020\/05\/Zeugen-gesucht-Neutral-326x245.jpg 326w, https:\/\/speyer24news.com\/wp-content\/uploads\/2020\/05\/Zeugen-gesucht-Neutral-80x60.jpg 80w\" sizes=\"(max-width: 801px) 100vw, 801px\" \/><\/figure><\/div>\n\n\n<p>Am 31.12.2023, gegen 23:00 Uhr, \u00f6ffnete ein 70-j\u00e4hriger Anwohner in der Kanalstra\u00dfe in Frankenthal ein Fenster seiner Wohnung. Zu diesem Zeitpunkt befanden sich 3 M\u00e4nner auf der Stra\u00dfe vor der Wohnung. Einer der M\u00e4nner rief dem 70-J\u00e4hrigen etwas zu und warf unvermittelt einen B\u00f6ller durch das ge\u00f6ffnete Fenster in die Wohnung hinein. Dieser explodierte anschlie\u00dfend in der Wohnung. Die 3 M\u00e4nner entfernten sich daraufhin von der \u00d6rtlichkeit. Der 70-j\u00e4hrige Gesch\u00e4digte wurde leicht verletzt.<\/p>\n\n\n\n<ul>\n<li><strong>Zeugen werden gebeten sich an die Polizeiinspektion Frankenthal unter der Tel.-Nr.: 06233\/313-0 oder an die Polizeiwache Maxdorf unter der Tel.-Nr.: 06237\/934-1100 zu wenden. Gerne nehmen wir Ihre Hinweise auch per E-Mail unter&nbsp;<a href=\"mailto:%20pifrankenthal@polizei.rlp.de\">pifrankenthal@polizei.rlp.de<\/a>&nbsp;entgegen.<\/strong><\/li>\n<\/ul>\n\n\n\n<h2 class=\"wp-block-heading\">(Frankenthal) &#8211; Fahrl\u00e4ssige Brandstiftung<\/h2>\n\n\n\n<p>Am 31.12.2023, gegen 20:30 Uhr, rauchten ein 18-J\u00e4hriger und ein 19-J\u00e4hriger aus Frankenthal gemeinsam in einer Garage in der Max-Friedrich-Stra\u00dfe in Frankenthal. Hierbei wurden in der Garage gelagerte Feuerwerksk\u00f6rper entz\u00fcndet, welche wiederum Teile der Garage in Brand setzten. Der Brand konnte durch die Feuerwehr gel\u00f6scht werden. Verletzt wurde niemand. Eine genaue Schadensh\u00f6he ist bisher nicht bekannt.<\/p>\n\n\n\n<h2 class=\"wp-block-heading\">(A 61 \/ Frankenthal) &#8211; Unter Drogeneinfluss auf der Autobahn unterwegs<\/h2>\n\n\n\n<p>Unter dem Einfluss von Drogen war am 30.12.2023, um 16.30 Uhr, ein 22-J\u00e4hriger mit seinem Peugeot unterwegs. Der Wagen wurde von Beamten der Polizeiautobahnstation Ruchheim auf der A61, am Autobahnkreuz Frankenthal, einer Verkehrskontrolle unterzogen. Hierbei zeigte der Fahrer deutliche Anzeichen auf einen Drogenkonsum. Ein Drogenschnelltest best\u00e4tigte den Verdacht, der Mann stand unter dem Einfluss von Cannabis. Bei der Durchsuchung des Pkws fanden die Beamten au\u00dferdem noch mehrere Haschbrownies. Dem 22-J\u00e4hrigen wurde eine Blutprobe entnommen. Gegen ihn wurde ein Ermittlungsverfahren wegen Trunkenheit im Stra\u00dfenverkehr und Versto\u00df gegen das Bet\u00e4ubungsmittelgesetz eingeleitet.<\/p>\n\n\n\n<h2 class=\"wp-block-heading\">(Pr\u00e4sidialbereich Rheinpfalz) &#8211; Bilanz des Polizeipr\u00e4sidiums Rheinpfalz zur Silvesternacht 2023 \/ 2024<\/h2>\n\n\n<div class=\"wp-block-image\">\n<figure class=\"aligncenter size-full\"><img decoding=\"async\" loading=\"lazy\" width=\"800\" height=\"542\" src=\"https:\/\/speyer24news.com\/wp-content\/uploads\/2024\/01\/2024-Silvester.jpg\" alt=\"\" class=\"wp-image-57042\" srcset=\"https:\/\/speyer24news.com\/wp-content\/uploads\/2024\/01\/2024-Silvester.jpg 800w, https:\/\/speyer24news.com\/wp-content\/uploads\/2024\/01\/2024-Silvester-300x203.jpg 300w, https:\/\/speyer24news.com\/wp-content\/uploads\/2024\/01\/2024-Silvester-768x520.jpg 768w\" sizes=\"(max-width: 800px) 100vw, 800px\" \/><\/figure><\/div>\n\n\n<p>Das Polizeipr\u00e4sidium Rheinpfalz zieht nach dem Jahreswechsel eine positive Bilanz der Silvesternacht.<\/p>\n\n\n\n<p>In der Nacht kam es zu keinen besonderen Vorkommnissen. Der Gro\u00dfteil der B\u00fcrgerinnen und B\u00fcrger feierte friedlich den Jahreswechsel.<\/p>\n\n\n\n<p>Ersten Auswertungen zufolge kam es im Zust\u00e4ndigkeitsbereich des Polizeipr\u00e4sidiums in der gesamten Vorder- und S\u00fcdpfalz zu insgesamt 45 Straftaten und 9 Ordnungswidrigkeiten, die im Zusammenhang mit den Silvesterfeierlichkeiten stehen.<\/p>\n\n\n\n<p>Es wurden 15 Strafanzeigen wegen K\u00f6rperverletzungsdelikten, 4 wegen Sachbesch\u00e4digung und 4 wegen Beleidigungen aufgenommen.<\/p>\n\n\n\n<p>Bei 10 Fahrzeugf\u00fchrenden stellten Polizeikr\u00e4fte 6 Alkoholverst\u00f6\u00dfe und 4 Drogenverst\u00f6\u00dfe fest.<\/p>\n\n\n\n<p>Es kam zu 2 Widerstandshandlungen bei polizeilichen Eins\u00e4tzen. Dabei wurden 1 Polizeikr\u00e4fte verletzt.<\/p>\n\n\n\n<p>Im Zust\u00e4ndigkeitsbereich kam es vermutlich durch umherfliegende Feuerwerksk\u00f6rper zu 31 Br\u00e4nden \/ Balkonbr\u00e4nden, die von der Feuerwehr gel\u00f6scht werden mussten. Hierbei entstand ein Gesamtschaden von ca. 99.000 Euro.<\/p>\n\n\n\n<p>Das Polizeipr\u00e4sidium Rheinpfalz mit Sitz in Ludwigshafen am Rhein ist zust\u00e4ndig f\u00fcr die Sicherheit von rund 900.000 Menschen. Der Dienstbezirk der Beh\u00f6rde mit ihren rund 2.200 Mitarbeiterinnen und Mitarbeitern umfasst auf etwa 2.400 Quadratkilometern die komplette Vorder- und S\u00fcdpfalz mit den Landkreisen Bad D\u00fcrkheim, Germersheim, Rhein-Pfalz-Kreis und S\u00fcdliche Weinstra\u00dfe sowie die kreisfreien St\u00e4dte Frankenthal (Pfalz), Landau in der Pfalz, Ludwigshafen am Rhein, Neustadt a.d.W. und Speyer.<\/p>\n\n\n\n<h2 class=\"wp-block-heading\">(Pr\u00e4sidialbereich Rheinpfalz) &#8211; Geschwindigkeitskontrollen im Januar 2024<\/h2>\n\n\n<div class=\"wp-block-image\">\n<figure class=\"aligncenter size-full\"><img decoding=\"async\" loading=\"lazy\" width=\"800\" height=\"450\" src=\"https:\/\/speyer24news.com\/wp-content\/uploads\/2020\/12\/Blitzer-Logo.jpg\" alt=\"\" class=\"wp-image-31938\" srcset=\"https:\/\/speyer24news.com\/wp-content\/uploads\/2020\/12\/Blitzer-Logo.jpg 800w, https:\/\/speyer24news.com\/wp-content\/uploads\/2020\/12\/Blitzer-Logo-300x169.jpg 300w, https:\/\/speyer24news.com\/wp-content\/uploads\/2020\/12\/Blitzer-Logo-768x432.jpg 768w, https:\/\/speyer24news.com\/wp-content\/uploads\/2020\/12\/Blitzer-Logo-678x381.jpg 678w\" sizes=\"(max-width: 800px) 100vw, 800px\" \/><\/figure><\/div>\n\n\n<p>\u00dcberh\u00f6hte beziehungsweise nicht angepasste Geschwindigkeit bleibt weiter eine Hauptunfallursache: 2022 wurden im Zust\u00e4ndigkeitsbereich des Polizeipr\u00e4sidiums Rheinpfalz wegen nicht angepasster oder \u00fcberh\u00f6hter Geschwindigkeit 1.896 Verkehrsunf\u00e4lle registriert. Im Jahr 2021 waren dies noch 1.792 Verkehrsunf\u00e4lle.<\/p>\n\n\n\n<p><strong>Die Verkehrsunfallstatistik 2022 mit ausf\u00fchrlichen Informationen zur Unfalllage und unseren Ma\u00dfnahmen finden Sie auf unserer Internetseite&nbsp;<a href=\"https:\/\/s.rlp.de\/YSXrl\" target=\"_blank\" rel=\"noreferrer noopener\">https:\/\/s.rlp.de\/YSXrl<\/a>&nbsp;.<\/strong><\/p>\n\n\n\n<p>Die Verkehrs\u00fcberwachung mittels Verkehrskontrollen geh\u00f6rt zu den zentralen Aufgaben der Polizei.<\/p>\n\n\n\n<h4 class=\"wp-block-heading\">Im Monat Januar finden daher im Bezirk des Polizeipr\u00e4sidiums Rheinpfalz wie folgt Geschwindigkeitskontrollen statt:<\/h4>\n\n\n\n<h4 class=\"wp-block-heading\">Im Gebiet der <strong>Polizeidirektion Landau<\/strong>:<\/h4>\n\n\n\n<ul>\n<li><strong>02.01.2024 im Bereich Kandel-H\u00f6fen<\/strong><\/li>\n\n\n\n<li><strong>11.01.2024 im Bereich Eschbach<\/strong><\/li>\n\n\n\n<li><strong>17.01.2024 im Bereich Kandel-H\u00f6fen<\/strong><\/li>\n\n\n\n<li><strong>23.01.2024 im Bereich Eschbach<\/strong><\/li>\n<\/ul>\n\n\n\n<h4 class=\"wp-block-heading\">Im Gebiet der <strong>Polizeidirektion Ludwigshafen<\/strong>:<\/h4>\n\n\n\n<ul>\n<li><strong>04.01.2024 im Bereich Speyer<\/strong><\/li>\n\n\n\n<li><strong>09.01.2024 im Bereich Ludwigshafen<\/strong><\/li>\n\n\n\n<li><strong>19.01.2024 im Bereich Maxdorf<\/strong><\/li>\n\n\n\n<li><strong>29.01.2024 im Bereich Frankenthal<\/strong><\/li>\n<\/ul>\n\n\n\n<h4 class=\"wp-block-heading\">Im Gebiet der <strong>Polizeidirektion Neustadt<\/strong>:<\/h4>\n\n\n\n<ul>\n<li><strong>12.01.2024 im Bereich Gr\u00fcnstadt<\/strong><\/li>\n\n\n\n<li><strong>15.01.2024 im Bereich Bockenheim<\/strong><\/li>\n\n\n\n<li><strong>24.01.2024 im Bereich Bad D\u00fcrkheim<\/strong><\/li>\n\n\n\n<li><strong>30.01.2024 im Bereich Ha\u00dfloch<\/strong><\/li>\n<\/ul>\n\n\n\n<p>Die Polizei weist ausdr\u00fccklich darauf hin, dass Kontrollen auch au\u00dferhalb der genannten Zeiten und \u00d6rtlichkeiten stattfinden.<\/p>\n\n\n\n<h2 class=\"wp-block-heading\">(Ludwigshafen) &#8211; Einbruch in Wohnung<\/h2>\n\n\n\n<p>Am Sonntag, den 31.12.2023, zwischen 18:00 Uhr und 21:20 Uhr brachen unbekannte T\u00e4ter in eine Wohnung in einem Mehrfamilienhaus im Br\u00fcsseler Ring ein. Die T\u00e4ter gelangten auf bisher ungekl\u00e4rte Weise ins Haus. An einer Wohnung, deren Bewohner kurzzeitig abwesend waren, wurde dann die Wohnungst\u00fcr aufgehebelt. Aus dieser Wohnung entwendeten die T\u00e4ter einen kleinen Tresor und ein Laptop. <\/p>\n\n\n\n<ul>\n<li><strong>Bei Hinweisen wenden sie sich bitte an die Polizei Ludwigshafen unter der Tel. 0621-9632222 oder per Mail&nbsp;<a href=\"mailto:%20piludwigshafen2@polizei.rlp.de\">piludwigshafen2@polizei.rlp.de<\/a>.<\/strong><\/li>\n<\/ul>\n\n\n\n<h2 class=\"wp-block-heading\">(B 44 \/ B 9 \/ Ludwigshafen-Schifferstadt) &#8211; Verfolgungsfahrt \/ Hinweise gesucht<\/h2>\n\n\n<div class=\"wp-block-image\">\n<figure class=\"aligncenter size-full\"><img decoding=\"async\" loading=\"lazy\" width=\"800\" height=\"533\" src=\"https:\/\/speyer24news.com\/wp-content\/uploads\/2021\/08\/Polizei-Blaulicht-Nacht.jpg\" alt=\"\" class=\"wp-image-39755\" srcset=\"https:\/\/speyer24news.com\/wp-content\/uploads\/2021\/08\/Polizei-Blaulicht-Nacht.jpg 800w, https:\/\/speyer24news.com\/wp-content\/uploads\/2021\/08\/Polizei-Blaulicht-Nacht-300x200.jpg 300w, https:\/\/speyer24news.com\/wp-content\/uploads\/2021\/08\/Polizei-Blaulicht-Nacht-768x512.jpg 768w\" sizes=\"(max-width: 800px) 100vw, 800px\" \/><figcaption class=\"wp-element-caption\">Autobahnpolizei<\/figcaption><\/figure><\/div>\n\n\n<p>Am Sonntag, den 31.12.2023, gegen 09:15 Uhr befuhr ein Fahrzeug mit \u00fcberh\u00f6hter Geschwindigkeit die B44 \/ B9 zwischen Ludwigshafen und Schifferstadt und sollte daher durch ein Zivilfahrzeug der Polizei einer Verkehrskontrolle unterzogen werden. Um sich der angestrebten Verkehrskontrolle zu entziehen, beschleunigte der Fahrzeugf\u00fchrer sein Fahrzeug auf bis zu 200 km\/h und fuhr an der Abfahrt Schifferstadt-S\u00fcd von der B9 ab und auf die K30 in Fahrtrichtung Schifferstadt auf. In einer langgezogenen Rechtskurve \u00fcberholte der Fahrzeugf\u00fchrer einen roten Kleinwagen und kollidierte beinahe mit einem im Gegenverkehr befindlichen wei\u00dfen Lieferwagen. Ein Verkehrsunfall konnte nur durch die schnelle Reaktion des Lieferwagenfahrers verhindert werden. In Schifferstad fuhr der Fahrzeugf\u00fchrer noch immer mit stark \u00fcberh\u00f6hter Geschwindigkeit (bis zu 100 km\/h), sodass der Blickkontakt von dem Zivilfahrzeug abriss. Bei dem fl\u00fcchtigen Fahrzeug handelt es sich um einen <strong>blauen Hyundai i20 mit Stadtkennung WI (Wiesbaden)<\/strong>. <\/p>\n\n\n\n<ul>\n<li><strong>Zeugen, die Hinweise auf das Fahrzeug oder den Fahrzeugf\u00fchrer geben k\u00f6nnen oder durch die Fahrweise gef\u00e4hrdet wurden, insbesondere die Fahrzeugf\u00fchrer des roten Kleinwagens und des wei\u00dfen Transporters, werden gebeten, sich mit der Polizeiinspektion Ludwigshafen 1, Tel.: 0621-963-2122 oder per Mail&nbsp;<a href=\"mailto:%20piludwigshafen1@polizei.rlp.de\">piludwigshafen1@polizei.rlp.de<\/a>&nbsp;in Verbindung zu setzen.<\/strong><\/li>\n<\/ul>\n\n\n\n<h2 class=\"wp-block-heading\">(Ludwigshafen) &#8211; Versuchtes T\u00f6tungsdelikt \/ Tatverd\u00e4chtiger in Untersuchungshaft<\/h2>\n\n\n\n<h3 class=\"wp-block-heading\">Gemeinsame Pressemitteilung von Staatsanwaltschaft Frankenthal (Pfalz) und Polizeipr\u00e4sidium Rheinpfalz<\/h3>\n\n\n<div class=\"wp-block-image\">\n<figure class=\"aligncenter size-full\"><img decoding=\"async\" loading=\"lazy\" width=\"800\" height=\"533\" src=\"https:\/\/speyer24news.com\/wp-content\/uploads\/2020\/06\/Zelle.jpg\" alt=\"\" class=\"wp-image-28203\" srcset=\"https:\/\/speyer24news.com\/wp-content\/uploads\/2020\/06\/Zelle.jpg 800w, https:\/\/speyer24news.com\/wp-content\/uploads\/2020\/06\/Zelle-300x200.jpg 300w, https:\/\/speyer24news.com\/wp-content\/uploads\/2020\/06\/Zelle-768x512.jpg 768w\" sizes=\"(max-width: 800px) 100vw, 800px\" \/><figcaption class=\"wp-element-caption\">Beispielbild Zelle \/ Verhaftung, dient lediglich der Visualisierung<\/figcaption><\/figure><\/div>\n\n\n<p>Am sp\u00e4ten Samstagabend kam es zwischen einem 18-j\u00e4hrigen Heranwachsenden aus Ludwigshafen und einem 21-j\u00e4hrigen Mann aus Limburgerhof zu Streitigkeiten, in deren Verlauf der 18-J\u00e4hrige sein Gegen\u00fcber so stark verletzte, dass dieser in ein Krankenhaus eingeliefert werden musste. Aufgrund der Tatumst\u00e4nde wurde der Sachverhalt als versuchtes T\u00f6tungsdelikt eingeordnet. Der 18-j\u00e4hrige Tatverd\u00e4chtige konnte im Rahmen der Fahndungsma\u00dfnahmen festgenommen werden. Er wurde am Sonntag dem Haftrichter beim Amtsgericht Frankenthal vorgef\u00fchrt, welcher einen Untersuchungshaftbefehl auf Antrag der Staatsanwaltschaft Frankenthal aufgrund des dringenden Tatverdachts des versuchten Totschlags erlie\u00df.<\/p>\n\n\n\n<p>Der Mann wurde in eine Jugendstrafanstalt verbracht.<\/p>\n\n\n\n<p>Die Ermittlungen der Staatsanwaltschaft Frankenthal und der Kriminalpolizei Ludwigshafen dauern an. Es wird nachberichtet.<\/p>\n\n\n\n<h2 class=\"wp-block-heading\">(Ludwigshafen) &#8211; Polizeieinsatz nach fl\u00fcchtigem Gefangenen \/ 3. Nachtragsmeldung &#8211; Tatverd\u00e4chtiger der Gefangenenbefreiung in Untersuchungshaft<\/h2>\n\n\n\n<h3 class=\"wp-block-heading\">Gemeinsame Pressemeldung von Staatsanwaltschaft Frankenthal (Pfalz) und Polizeipr\u00e4sidium Rheinpfalz<\/h3>\n\n\n\n<h4 class=\"wp-block-heading has-text-align-center\">Nachtrag zu den Meldungen vom 14.12.2023 unter&nbsp;<a href=\"https:\/\/s.rlp.de\/ewS7U\" target=\"_blank\" rel=\"noreferrer noopener\">https:\/\/s.rlp.de\/ewS7U<\/a>,&nbsp;<a href=\"https:\/\/s.rlp.de\/GZP95\" target=\"_blank\" rel=\"noreferrer noopener\">https:\/\/s.rlp.de\/GZP95<\/a>&nbsp;und&nbsp;<a href=\"https:\/\/s.rlp.de\/aWEqT\" target=\"_blank\" rel=\"noreferrer noopener\">https:\/\/s.rlp.de\/aWEqT<\/a>.<\/h4>\n\n\n<div class=\"wp-block-image\">\n<figure class=\"aligncenter size-full\"><img decoding=\"async\" loading=\"lazy\" width=\"800\" height=\"533\" src=\"https:\/\/speyer24news.com\/wp-content\/uploads\/2020\/06\/Zelle.jpg\" alt=\"\" class=\"wp-image-28203\" srcset=\"https:\/\/speyer24news.com\/wp-content\/uploads\/2020\/06\/Zelle.jpg 800w, https:\/\/speyer24news.com\/wp-content\/uploads\/2020\/06\/Zelle-300x200.jpg 300w, https:\/\/speyer24news.com\/wp-content\/uploads\/2020\/06\/Zelle-768x512.jpg 768w\" sizes=\"(max-width: 800px) 100vw, 800px\" \/><figcaption class=\"wp-element-caption\">Beispielbild Zelle \/ Verhaftung, dient lediglich der Visualisierung<\/figcaption><\/figure><\/div>\n\n\n<p>Im Zusammenhang mit der Festnahme des am 14.12.2023 in Ludwigshafen gefl\u00fcchteten 25-j\u00e4hrigen Strafgefangenen (siehe Pressemeldung des Polizeipr\u00e4sidiums Mannheim unter&nbsp;<a target=\"_blank\" rel=\"noreferrer noopener\" href=\"https:\/\/s.rlp.de\/Cw79o\">https:\/\/s.rlp.de\/Cw79o<\/a>) wurde ein 21-J\u00e4hriger vorl\u00e4ufig festgenommen. Nach intensiven und umfangreichen Ermittlungen von Staatsanwaltschaft Frankenthal und Kriminalpolizei Ludwigshafen ist er der Gefangenenbefreiung dringend verd\u00e4chtig.<\/p>\n\n\n\n<p>Der 21-J\u00e4hrige wurde am Samstag (30.12.2023) dem Haftrichter beim Amtsgericht Frankenthal vorgef\u00fchrt. Dieser erlie\u00df auf Antrag der Staatsanwaltschaft Frankenthal Untersuchungshaftbefehl wegen des dringenden Verdachts der Gefangenenbefreiung; als Haftgr\u00fcnde wurden Flucht- und Verdunklungsgefahr angenommen.<\/p>\n\n\n\n<p>Der 21-J\u00e4hrige kam in eine Justizvollzugsanstalt.<\/p>\n\n\n\n<p>Die Ermittlungen der Staatsanwaltschaft Frankenthal und der Kriminalpolizei Ludwigshafen dauern an.<\/p>\n\n\n\n<h2 class=\"wp-block-heading\">(Ludwigshafen) &#8211; Mehrere LKW besch\u00e4digt<\/h2>\n\n\n\n<p>Durch unbekannte T\u00e4ter wurden in der Nacht vom 29.12.2023 auf den 30.12.2023 mehrere LKW in der N\u00e4he des Hauptbahnhof Ludwigshafen besch\u00e4digt. Die LKW wurden ersten Ermittlungen zufolge mit Graffiti bespr\u00fcht und es entstand erheblicher Sachschaden. <\/p>\n\n\n\n<ul>\n<li><strong>Sachdienliche Hinweise bitte an die Polizeiinspektion Ludwigshafen 1, Telefonnummer 0621 963-2122 oder per E-Mail&nbsp;<a href=\"mailto:%20piludwigshafen1@polizei.rlp.de\">piludwigshafen1@polizei.rlp.de<\/a>&nbsp;.<\/strong><\/li>\n<\/ul>\n\n\n\n<h2 class=\"wp-block-heading\">(Ludwigshafen) &#8211; Verkehrsunfall zwischen Stra\u00dfenbahn und Fu\u00dfg\u00e4nger<\/h2>\n\n\n\n<p>Am Freitagnachmittag kam es am Ludwigsplatz zu einem Konflikt zwischen einer Stra\u00dfenbahn und einem Fu\u00dfg\u00e4nger. Die 49-j\u00e4hrige Lenkerin einer Stra\u00dfenbahn war mit dieser am Ludwigsplatz in Richtung Rathaus-Center unterwegs, als ein 37-j\u00e4hriger Mann die Gleise querte. Hierbei kollidierte der Mann seitlich mit der Stra\u00dfenbahn und verletzte sich leicht. An der Stra\u00dfenbahn entstand kein sichtbarer Sachschaden. Ersten Ermittlungen zur Folge k\u00f6nnte der Mann durch sein Mobiltelefon abgelenkt gewesen sein und hierdurch die herannahende Stra\u00dfenbahn \u00fcbersehen haben.<\/p>\n\n\n\n<h4 class=\"wp-block-heading\">Zum Thema Handy im Stra\u00dfenverkehr r\u00e4t die Polizei:<\/h4>\n\n\n\n<p>Die Nutzung eines Mobiltelefons im Stra\u00dfenverkehr f\u00fchrt zur Ablenkung. Dies gilt sowohl f\u00fcr Autofahrer, aber auch f\u00fcr Radfahrer oder, wie im vorliegenden Fall, f\u00fcr Fu\u00dfg\u00e4nger. Bereits kurze Momente der Ablenkung k\u00f6nnen lebensgef\u00e4hrlich sein. Deshalb gilt: Aufmerksam im Stra\u00dfenverkehr, Ablenkungen vermeiden.<\/p>\n\n\n\n<h2 class=\"wp-block-heading\">(Ludwigshafen) &#8211; Ohne F\u00fchrerschein und Versicherung unterwegs \/ Zeugen gesucht<\/h2>\n\n\n\n<p>Am Donnerstagabend (28.12.2023), gegen 18:00 Uhr, informierte ein Zeuge die Polizei, da in der Hartmannstra\u00dfe ein Auto in einem Baum gefahren sei. Vor Ort konnte ein 19-J\u00e4hriger mit seinem verunfallten BMW festgestellt werden. Das Auto war nicht mehr fahrbereit und bereits im Begriff, abgeschleppt zu werden. Auch an dem Baum entstand Sachschaden. Der 19-J\u00e4hrige gab an, aufgrund eines technischen Defektes die Kontrolle \u00fcber sein Fahrzeug verloren zu haben. Die Polizei habe er nicht verst\u00e4ndigen wollen. Der Grund hierf\u00fcr konnte schnell gefunden werden: Weder war der junge Mann im Besitz eines F\u00fchrerscheins, noch war sein Fahrzeug versichert. Ihn erwarten nun mehrere Strafanzeigen. Die Gesamtschadensh\u00f6he bel\u00e4uft sich auf circa 650 Euro.<\/p>\n\n\n\n<ul>\n<li><strong>Wer hat den Unfall beobachtet und kann Angaben zum Unfallhergang machen? Hinweise bitte an die Polizeiinspektion Ludwigshafen 2, Telefonnummer 0621 963-2222 oder per E-Mail&nbsp;<a href=\"mailto:%20piludwigshafen2@polizei.rlp.de\">piludwigshafen2@polizei.rlp.de<\/a>&nbsp;.<\/strong><\/li>\n<\/ul>\n\n\n\n<h2 class=\"wp-block-heading\">(Ludwigshafen) &#8211; Balkonbrand \/ Zeugen gesucht<\/h2>\n\n\n\n<p>Am Donnerstagnachmittag (28.12.2023), gegen 17:00 Uhr, kam es zu einem Brand auf einem Balkon eines Mehrfamilienhauses in der Bl\u00fccherstra\u00dfe. Das Feuer konnte durch die Feuerwehr gel\u00f6scht werden, bevor es auf die Hausfassade \u00fcbergriff. Durch den Brand wurde ein auf dem Balkon befindlicher Grill besch\u00e4digt.<\/p>\n\n\n\n<p>Ein Anwohner hatte vor Ausbruch des Feuers mehrere Jugendliche beobachtet, die vor dem Haus mit Feuerwerksk\u00f6rper hantierten.<\/p>\n\n\n\n<ul>\n<li><strong>Der Anwohner konnte zwei Jugendliche n\u00e4her beschreiben. Einer war circa 1,90 Meter gro\u00df, trug eine schwarze \u00e4rmellose Jacke, einen grauen Pullover, Jeans und wei\u00dfe Sneaker. Der Andere war circa 1,50 Meter gro\u00df und trug eine schwarze Jacke, Jeans und eine Kappe. Ob hierbei ein Bezug zu dem Brand besteht, ist Gegenstand der Ermittlungen.<\/strong><\/li>\n<\/ul>\n\n\n\n<ul>\n<li><strong>Wer hat den Vorfall beobachtet oder kann Hinweise auf die Identit\u00e4t der Jugendlichen geben? Hinweise bitte an die Polizeiinspektion Ludwigshafen 2, Telefonnummer 0621 963-2222 oder per E-Mail&nbsp;<a href=\"mailto:%20piludwigshafen2@polizei.rlp.de\">piludwigshafen2@polizei.rlp.de<\/a>&nbsp;.<\/strong><\/li>\n<\/ul>\n\n\n\n<h2 class=\"wp-block-heading\">(Ludwigshafen) &#8211; Zigarettenautomat aufgebrochen \/ Zeugen gesucht<\/h2>\n\n\n\n<p>In der Nacht von Mittwoch auf Donnerstag (27.12.2023 &#8211; 28.12.2023) brachen Unbekannte einen Zigarettenautomaten in der Riedlangstra\u00dfe auf. Die genaue Schadensh\u00f6he ist noch nicht bekannt.<\/p>\n\n\n\n<ul>\n<li><strong>Wer hat die Tat beobachtet oder kann Hinweise auf die T\u00e4ter geben? Hinweise bitte an die Polizeiinspektion Ludwigshafen 1, Telefonnummer 0621 963-2122 oder per E-Mail&nbsp;<a href=\"mailto:%20piludwigshafen1@polizei.rlp.de\">piludwigshafen1@polizei.rlp.de<\/a>&nbsp;.<\/strong><\/li>\n<\/ul>\n\n\n\n<h2 class=\"wp-block-heading\">(Mannheim \/ Heidelberg \/ Rhein-Neckar-Kreis) &#8211; Vorl\u00e4ufige Bilanz zum Jahreswechsel<\/h2>\n\n\n<div class=\"wp-block-image\">\n<figure class=\"aligncenter size-full\"><img decoding=\"async\" loading=\"lazy\" width=\"800\" height=\"542\" src=\"https:\/\/speyer24news.com\/wp-content\/uploads\/2024\/01\/2024-Silvester.jpg\" alt=\"\" class=\"wp-image-57042\" srcset=\"https:\/\/speyer24news.com\/wp-content\/uploads\/2024\/01\/2024-Silvester.jpg 800w, https:\/\/speyer24news.com\/wp-content\/uploads\/2024\/01\/2024-Silvester-300x203.jpg 300w, https:\/\/speyer24news.com\/wp-content\/uploads\/2024\/01\/2024-Silvester-768x520.jpg 768w\" sizes=\"(max-width: 800px) 100vw, 800px\" \/><\/figure><\/div>\n\n\n<p>Polizeipr\u00e4sident Siegfried Kollmar: &#8222;Der Jahreswechsel hat sich f\u00fcr die Polizei in den letzten Jahren immer mehr zur Herausforderung entwickelt. Gro\u00dfe Gruppen die an neuralgischen Punkten feierten, forderten auch in diesem Jahr unseren Einsatzkr\u00e4ften viel Fingerspitzengef\u00fchl ab. Gemessen an der Anzahl der Personen und den bew\u00e4ltigten Eins\u00e4tzen, k\u00f6nnen wir mit dem Verlauf der Silvester-Nacht zufrieden sein.&#8220;<\/p>\n\n\n\n<p>Das Polizeipr\u00e4sidium Mannheim war zum Jahreswechsel 2023\/24 mit einer zus\u00e4tzlichen dreistelligen Anzahl an Polizeibeamtinnen und -beamten im Einsatz um lageangepasst an den verschiedenen Brennpunkten reagieren zu k\u00f6nnen. Nach einem eher ruhigen Start in die Silvesternacht stieg die Anzahl der Eins\u00e4tze kurz vor dem Jahreswechsel deutlich an. So hielten vermehrt kleinere als auch gr\u00f6\u00dfere Br\u00e4nde die Einsatzkr\u00e4fte in Atem. Es fielen eine Vielzahl an M\u00fclleimern und -containern sowie Gr\u00fcnbewuchs verschiedenen vors\u00e4tzlich und versehentlich gelegten Feuern zum Opfer. Mehrere Personen in Heidelberg, Mannheim und dem Rhein-Neckar-Kreis wurden durch Pyrotechnik verletzt. Auch kam es in Mannheim, Heddesheim, Altenbach und Sandhausen durch Feuerwerksgebrauch zu Fahrzeugbr\u00e4nden. Mit einsetzendem Regen gegen 00:30 Uhr reduzierten sich die Feierlichkeiten im \u00f6ffentlichen Raum deutlich. Insgesamt waren im F\u00fchrungs- und Lagezentrum des Polizeipr\u00e4sidiums Mannheim zwischen 21:00 und 05:00 Uhr 327 Eins\u00e4tze zu verzeichnen. Im Vorjahr waren es im Vergleichszeitraum 292 Eins\u00e4tze.<\/p>\n\n\n\n<h4 class=\"wp-block-heading\">Mannheim<\/h4>\n\n\n\n<p>In Mannheim kam es vor allem im Bereich des Wasserturms zu einer gr\u00f6\u00dferen Ansammlung von Feiernden. Die Lage blieb hierbei gr\u00f6\u00dftenteils ruhig. In der Spitze befanden sich ca. 4.000 Personen vor Ort. Gegen 02:40 Uhr kam es im Bereich der Innenstadt zu einer Auseinandersetzung zweier Gruppen in deren Verlauf eine Person mittels eines Messers verletzt wurde. Ein Tatverd\u00e4chtiger konnte festgenommen werden. Die Ermittlungen hierzu dauern an. Im Laufe der Nacht wurden innerhalb der Waffen- und Messerverbotszone Mannheim 20 Schreckschusswaffen und ein Messer sichergestellt. Die Besitzer sehen nun Anzeigen wegen Versto\u00dfes gegen das Waffengesetz bzw. gegen die Waffen- und Messerverbotszone entgegen. &#8222;Die Vielzahl der sichergestellten Waffen ist ein Ergebnis der Waffen- und Messerverbotszone und zeigt, dass wir hier auf dem richtigen Weg sind.&#8220; so Polizeipr\u00e4sident Siegfried Kollmar.<\/p>\n\n\n\n<h4 class=\"wp-block-heading\">Heidelberg<\/h4>\n\n\n\n<p>Der Gro\u00dfteil der Feiernden fand sich rund um die Alte Br\u00fccke in Heidelberg ein. Hier kamen in der Spitze \u00fcber 2.000 Personen zusammen. Aufgrund des gro\u00dfen Personenandrangs wurden die Alte Br\u00fccke sowie die Theodor-Heuss-Br\u00fccke gegen 23:45 Uhr f\u00fcr weitere zustr\u00f6mende Personen gesperrt. Die Sperrungen konnten bereits gegen 00:30 Uhr wieder aufgehoben werden, nachdem viele Personen in die Altstadt weiterzogen.<\/p>\n\n\n\n<h4 class=\"wp-block-heading\">Rhein-Neckar-Kreis<\/h4>\n\n\n\n<p>Auch im Rhein-Neckar-Kreis gestaltete sich die Lage f\u00fcr die Polizei vergleichsweise ruhig. In Hockenheim mussten Polizei und Feuerwehr kurz nach 00:00 Uhr zu einem Brand in der 2. Industriestra\u00dfe ausr\u00fccken. Hier gerieten mehrere Paletten mit Baumaterialien in Brand. In Ober-Flockenbach geriet aus bislang unbekannter Ursache eine Pergola\/H\u00fctte in Brand. Hierbei entstand nach ersten Erkenntnissen ein Schaden von ca. 20.000 Euro. Der Brand konnte durch die Feuerwehr schnell gel\u00f6scht werden. Durch einen fehlgeleiteten B\u00f6llerwurf wurde die Scheibe eine PKW in Nu\u00dfloch besch\u00e4digt. Die Ermittlungen hinsichtlich der Verursacher wurden durch das Polizeirevier Wiesloch \u00fcbernommen. Im Bereich der Drehscheibe Walldorf kamen in der Spitze ca. 250 Personen zusammen. Hier kam es immer wieder zu Ordnungsst\u00f6rungen und den unsachgem\u00e4\u00dfen Umgang mit Pyrotechnik durch vor allem j\u00fcngeres Publikum.<\/p>\n\n\n\n<p>Im Rahmen der Einsatzma\u00dfnahmen wurden drei Polizeibeamtinnen und -beamte leicht verletzt. Die Verletzungen entstanden durch fehlgeleitete oder gezielt gegen die Einsatzkr\u00e4fte gerichtete Pyrotechnik sowie den Verdacht eines Knalltraumas. Es kam w\u00e4hrend des Einsatzes zu zwei Widerstandshandlungen\/t\u00e4tlichen Angriffen.<\/p>\n\n\n\n<p>&#8222;Wir hatten zum Jahreswechsel drei, zum Gl\u00fcck nur leicht, verletzte Polizeibeamtinnen und -beamte zu beklagen. Das sind ganz klar drei zu viel, jeder Angriff auf Einsatzkr\u00e4fte, egal ob von Feuerwehr, Rettungsdienst oder Polizei wird von uns, wo m\u00f6glich, konsequent verfolgt. Ich bedanke mich bei allen eingesetzten Einsatzkr\u00e4ften f\u00fcr deren Engagement zum Jahreswechsel.&#8220; so Polizeipr\u00e4sident Siegfried Kollmar.<\/p>\n\n\n\n<h2 class=\"wp-block-heading\">(Mannheim) &#8211; Alkohol abermals Unfallursache<\/h2>\n\n\n\n<p>Neujahrmorgen um 05:25 Uhr beabsichtigte ein 23-j\u00e4hriger Jaguar-Fahrer von L 7 in Richtung Bismarckstra\u00dfe zu fahren. Aus bislang unbekannten Gr\u00fcnden kam er von der Fahrbahn ab und fuhr gegen einen auf der Bismarckstra\u00dfe, in H\u00f6he L 6, befindlichen Baum. Die Polizeibeamtinnen und Polizeibeamten des Polizeireviers Mannheim Oststadt stellten w\u00e4hrend der Unfallaufnahme fest, dass der 23-J\u00e4hrige deutlich unter dem Einfluss von Alkohol stand. Ein Alkoholtest ergab einen Wert von \u00fcber 1,1 Promille. Zudem stellten die Beamten fest, dass f\u00fcr den Pkw bereits seit dem Sommer 2023 kein g\u00fcltiger Versicherungsschutz mehr bestand.<\/p>\n\n\n\n<p>Der alkoholisierte 23-J\u00e4hrige wurde zum nahegelegenen Revier gebracht, wo ihm Blut genommen wurde. Der F\u00fchrerschein wurde einbehalten.<\/p>\n\n\n\n<p>Der Sachschaden am Jaguar und an dem Baum bel\u00e4uft sich auf mehrere tausend Euro. Der Pkw musste abgeschleppt werden.<\/p>\n\n\n\n<p>Das Polizeirevier Mannheim-Oststadt hat die Ermittlungen wegen Stra\u00dfenverkehrsgef\u00e4hrdung und Versto\u00dfes gegen das Pflichtversicherungsgesetz eingeleitet.<\/p>\n\n\n\n<h2 class=\"wp-block-heading\">(Mannheim) &#8211; Partygast vergessen und eingeschlossen<\/h2>\n\n\n\n<p>Am Montag vernahm ein Anwohner der Stolzeneckstra\u00dfe gegen 5 Uhr Hilferufe aus Richtung der nahegelegenen Kleingartenanlage und verst\u00e4ndigte die Polizei. Als eine Streife des Polizeireviers Mannheim-Neckarau der Meldung nachging, entdeckte sie einen jungen Mann, der in einer Gartenanlage eingesperrt war. Der 17-j\u00e4hrige erz\u00e4hlte, dass er w\u00e4hrend einer Feier eingeschlafen war und dann offensichtlich von seinen Freunden vergessen wurde. Da das Gel\u00e4nde mit einem hohen Zaun und Stacheldraht umschlossen ist und das Tor verschlossen wurde, war er im Garten gefangen, weshalb er laut um Hilfe rief. Mittels einer Leiter konnte der junge Mann aus seiner misslichen Lage befreit werden. Bis auf eine leichte Unterk\u00fchlung kam er nur mit einem Schrecken davon. Die Streife brachte den 17-J\u00e4hrigen nach Hause, der sich bei den Freunden und Helfern von der Polizei bedankte.<\/p>\n\n\n\n<h2 class=\"wp-block-heading\">(Mannheim) &#8211; 1,4 Promille f\u00fchren zu Unfall mit Lichtmast<\/h2>\n\n\n\n<p>Eine 48-j\u00e4hrige Mitsubishi-Fahrerin befuhr die Seckenheimer Landstra\u00dfe. Vermutlich aufgrund des \u00fcberm\u00e4\u00dfigen Alkoholgenusses kam es zur Kollision mit einem Lichtmast der MVV Energie, welcher im Kreisel der Seckenheimer Landstra\u00dfe\/ Will-Sohl-Stra\u00dfe in Fahrtrichtung Seckenheim befestigt war. Als die Polizeibeamtinnen und Polizeibeamten des Polizeireviers Mannheim-Oststadt an der Unfallstelle eintrafen, stand der Mitsubishi stark besch\u00e4digt am Fahrbahnrand. Die 48-J\u00e4hrige befand sich unverletzt neben ihrem Fahrzeug. W\u00e4hrend der Unfallaufnahme bemerkten die Polizeibeamtinnen und Polizeibeamten einen Alkoholgeruch, der von der 48-J\u00e4hrigen ausging. Ein Alkoholtest ergab \u00fcber 1,4 Promille. Die Frau wurde auf das Revier gebracht, wo ihr Blut genommen wurde. Ihr F\u00fchrerschein wurde sichergestellt.<\/p>\n\n\n\n<p>Der Schaden am Fahrzeug sowie am Lichtmast bel\u00e4uft sich auf mehrere tausend Euro. Die 48-J\u00e4hrige muss sich nun wegen Stra\u00dfenverkehrsgef\u00e4hrdung verantworten.<\/p>\n\n\n\n<h2 class=\"wp-block-heading\">(Mannheim) &#8211; Mehrfamilienhaus nach Brand unbewohnbar<\/h2>\n\n\n\n<p>In der Silvesternacht kam es gegen 23.00 Uhr zum Ausbruch eines Brandes in einem Mehrfamilienhaus in der Gau\u00dfstra\u00dfe. Aus bislang noch unbekannter Ursache fing die Inneneinrichtung einer Wohnung Feuer. Im weiteren Verlauf brannte die Wohnung vollst\u00e4ndig aus. Die Feuerwehr konnte den Brand l\u00f6schen und die Bewohner des Hauses auf die Stra\u00dfe geleiten. Ein Feuerwehrmann verletzte sich hierbei leicht an der Hand. Die 70-j\u00e4hrige Bewohnerin der Brandwohnung zog sich eine Rauchgasintoxikation zu und wurde in ein Mannheimer Krankenhaus eingeliefert. Das Mehrfamilienhaus ist durch das Feuer und das L\u00f6schwasser derzeit nicht bewohnbar. Der Schaden d\u00fcrfte sich auf einen mittleren sechsstelligen Betrag belaufen. Das Polizeirevier Mannheim-Oststadt hat die Ermittlungen aufgenommen.<\/p>\n\n\n\n<h2 class=\"wp-block-heading\">(Mannheim) &#8211; Versammlung verl\u00e4uft friedlich<\/h2>\n\n\n<div class=\"wp-block-image\">\n<figure class=\"aligncenter size-large\"><img decoding=\"async\" loading=\"lazy\" width=\"1024\" height=\"512\" src=\"https:\/\/speyer24news.com\/wp-content\/uploads\/2022\/01\/Demonstration-1024x512.png\" alt=\"\" class=\"wp-image-43221\" srcset=\"https:\/\/speyer24news.com\/wp-content\/uploads\/2022\/01\/Demonstration-1024x512.png 1024w, https:\/\/speyer24news.com\/wp-content\/uploads\/2022\/01\/Demonstration-300x150.png 300w, https:\/\/speyer24news.com\/wp-content\/uploads\/2022\/01\/Demonstration-768x384.png 768w, https:\/\/speyer24news.com\/wp-content\/uploads\/2022\/01\/Demonstration.png 1200w\" sizes=\"(max-width: 1024px) 100vw, 1024px\" \/><\/figure><\/div>\n\n\n<p>Samstagnachmittag zwischen 15 Uhr und 16:12 Uhr kam es im Bereich der O 7 Quadrate zu einer angemeldeten Versammlung zum Thema Polizeigewalt. Die Kundgebung verlief ruhig und st\u00f6rungsfrei. An ihr nahmen in der Spitze bis zu 200 Personen teil. Zu Beeintr\u00e4chtigungen der Stra\u00dfen- und Schienenverkehrs kam es nicht.<\/p>\n\n\n\n<h2 class=\"wp-block-heading\">(Mannheim) &#8211; Vorfahrt missachtet \/ Eine Person leicht verletzt<\/h2>\n\n\n\n<p>Am fr\u00fchen Samstagmorgen, gegen 01:40 Uhr, ereignete sich in der Breiten Stra\u00dfe, H\u00f6he E1, ein Verkehrsunfall mit zwei Pkw. Ein 25-j\u00e4hriger BMW-Fahrer befuhr ordnungswidrig die Breite Stra\u00dfe (Fu\u00dfg\u00e4ngerzone) in Richtung Kurpfalzkreisel. Hierbei missachtete er die Vorfahrt eines von rechts kommenden VW Golfs, in der Folge kam es zur Kollision. Der 20-j\u00e4hrige Beifahrer im VW wurde bei dem Unfall leicht verletzt. Der entstandene Sachschaden an beiden Fahrzeugen bel\u00e4uft sich auf ca. 9.000 Euro. Der 25-j\u00e4hrige Unfallverursacher musste die Beamten nach der Unfallaufnahme mit aufs Revier begleiten und eine Sicherheitsleistung in H\u00f6he von mehreren Hundert Euro hinterlassen.<\/p>\n\n\n\n<h2 class=\"wp-block-heading\">(Mannheim \/ Ludwigshafen \/ Weinheim) &#8211; Entwichener Strafgefangener im Rahmen der Fahndung festgenommen \/ R\u00fccknahme der \u00d6ffentlichkeitsfahndung<\/h2>\n\n\n\n<h3 class=\"wp-block-heading has-text-align-center\">Pressemeldung Nr. 2<\/h3>\n\n\n\n<p>Wie berichtet (<a href=\"https:\/\/www.presseportal.de\/blaulicht\/pm\/14915\/5672711\" target=\"_blank\" rel=\"noreferrer noopener\">https:\/\/www.presseportal.de\/blaulicht\/pm\/14915\/5672711<\/a>) entwich am 14.12.2023 ein 25-j\u00e4hriger Strafgefangener der JVA Mannheim im Rahmen eines Arztbesuches in Ludwigshafen. Im Rahmen der umfangreichen Fahndungsma\u00dfnahmen der Kriminalpolizeidirektion Heidelberg konnte der Fl\u00fcchtige heute in einem Hotel in Weinheim widerstandslos festgenommen und in eine Justizvollzugsanstalt \u00fcberstellt werden. Die \u00d6ffentlichkeitsfahndung wird daher zur\u00fcckgenommen.<\/p>\n\n\n\n<h2 class=\"wp-block-heading\">(Mannheim) &#8211; Glasscheibe einer Haltestelle zerst\u00f6rt \/ Zeugen gesucht<\/h2>\n\n\n\n<p>An einer Stra\u00dfenbahnhaltestelle in der Kattowitzer Zeile besch\u00e4digte eine bisher unbekannte T\u00e4terschaft am Donnerstagabend eine Glasscheibe des Haltestellenh\u00e4uschens. Gegen 20:15 Uhr h\u00f6rte ein Zeuge einen lauten Knall. Kurz darauf konnte er beobachten wie vier dunkelgekleidete Personen in Richtung Siedlerheim davonrannten. Der Sachschaden wird auf einen mittleren vierstelligen Betrag gesch\u00e4tzt.<\/p>\n\n\n\n<ul>\n<li><strong>Das Polizeirevier Mannheim-Sandhofen hat die Ermittlungen aufgenommen und bittet weitere Zeugen, welche Hinweise zu den T\u00e4tern oder der Tat geben k\u00f6nnen, sich unter der Tel.: 0621\/777769-0 zu melden.<\/strong><\/li>\n<\/ul>\n\n\n\n<h2 class=\"wp-block-heading\">(Mannheim) &#8211; Aggressive Fahrweise f\u00fchrt zu Strafanzeige<\/h2>\n\n\n\n<p>Am Donnerstagmittag gegen 12:30 Uhr fiel Polizeibeamtinnen und -beatmen des Reviers Mannheim-Innenstadt ein Mercedes in der Dynamostra\u00dfe auf, da dieser immer wieder auf kurzen Strecken stark beschleunigte und seine Reifen durchdrehen lie\u00df. Aufgrund seiner Fahrweise kontrollierten die Beamtinnen und Beamten den Autofahrer schlie\u00dflich in der M\u00fchldorferstra\u00dfe. Im Gespr\u00e4ch mit der Polizei machte der 29-J\u00e4hrige einen \u00e4u\u00dferst nerv\u00f6sen Eindruck. Au\u00dferdem zeigte der Mann drogentypische Auff\u00e4lligkeiten. Ein sp\u00e4terer Schnelltest verlief positiv auf Kokain. Der Mann musste schlie\u00dflich auf der Dienststelle eine Blutprobe abgeben. Gegen ihn wird nun wegen des Verdachts des Drogenbesitzes und der Teilnahme unter Drogeneinfluss am Stra\u00dfenverkehr ermittelt. Zudem muss er mit Konsequenzen f\u00fchrerscheinrechtlicher Art rechnen.<\/p>\n\n\n\n<h2 class=\"wp-block-heading\">(Mannheim) &#8211; Rund 5.000 Euro Sachschaden; Unbekannter besch\u00e4digt Fahrzeug \/ Zeugen gesucht<\/h2>\n\n\n\n<p>In der Zeit zwischen Sonntag, 12:00 Uhr, und Donnerstag, 11:30 Uhr, besch\u00e4digte ein bisher unbekannter T\u00e4ter bzw. T\u00e4terin einen in der Gralsstra\u00dfe geparkten Ford. Mit einem bisher unbekannten Gegenstand zerkratzte der oder die Unbekannte die gesamte rechte Fahrzeugseite und zerstach au\u00dferdem den linken vorderen Reifen. Der Sachschaden wird auf einen mittleren vierstelligen Betrag gesch\u00e4tzt. Die Ermittlungen wegen Sachbesch\u00e4digung wurden eingeleitet, welche durch das Polizeirevier Mannheim-Neckarau gef\u00fchrt werden. <\/p>\n\n\n\n<ul>\n<li><strong>Zeugenhinweise werden unter der Tel.: 0621\/83397-0 entgegengenommen.<\/strong><\/li>\n<\/ul>\n\n\n\n<h2 class=\"wp-block-heading\">(Mannheim \/ Stuttgart) &#8211; Schusswaffengebrauch im Zusammenhang mit polizeilichem Einsatz am 23. Dezember in Mannheim<\/h2>\n\n\n\n<h3 class=\"wp-block-heading\">Gemeinsame Pressemitteilung der Staatsanwaltschaft Mannheim und des LKA BW<\/h3>\n\n\n\n<h4 class=\"wp-block-heading has-text-align-center\">Nachtrag zur Pressemitteilung vom 23. Dezember 2023 (<a target=\"_blank\" rel=\"noreferrer noopener\" href=\"https:\/\/www.presseportal.de\/blaulicht\/pm\/110980\/5679079\">https:\/\/www.presseportal.de\/blaulicht\/pm\/110980\/5679079<\/a>)<\/h4>\n\n\n\n<p>Am Samstagmittag, 23. Dezember 2023, kam es in Mannheim-Sch\u00f6nau zu einem polizeilichen Schusswaffengebrauch. Nach dem derzeitigen Stand der Ermittlungen hat ein 49-j\u00e4hriger Mann zun\u00e4chst \u00fcber Notruf bei der Polizei angerufen und mitgeteilt, dass in seiner Wohnung in der Johann-Sch\u00fctte-Stra\u00dfe eine tote Person liegen w\u00fcrde. Die herbeigerufenen Polizeibeamten trafen vor dem angegebenen Wohngeb\u00e4ude auf den mit einem Messer bewaffneten Anrufer. Der 49-j\u00e4hrige Mann bedrohte die eingesetzten Kr\u00e4fte mehrfach mit dem Messer und lie\u00df sich auch durch vielfache Aufforderungen nicht dazu bewegen, dieses abzulegen. Als sich der 49-J\u00e4hrige schlie\u00dflich mit dem Messer in der Hand auf die Polizeikr\u00e4fte zubewegte, machte einer der eingesetzten Polizeibeamten von seiner Dienstwaffe Gebrauch. Durch die Sch\u00fcsse aus der Dienstwaffe wurde der 49-J\u00e4hrige schwer verletzt und verstarb in der Folge. Eine tote Person konnte im Nachhinein bei der \u00dcberpr\u00fcfung in der Wohnung nicht festgestellt werden.<\/p>\n\n\n\n<p>Zur Kl\u00e4rung der genauen Todesursache ordnete die Ermittlungsrichterin am Amtsgericht Mannheim eine Obduktion an. Das vorl\u00e4ufige Obduktionsergebnis der Rechtsmedizin Heidelberg ergab, dass der 49-J\u00e4hrige an den Schussfolgen gestorben ist. Das endg\u00fcltige Obduktionsergebnis sowie das Ergebnis erg\u00e4nzend in Auftrag gegebener Untersuchungen stehen noch aus. Mit deren Vorlage ist erst in mehreren Wochen zu rechnen.<\/p>\n\n\n\n<p>Bei dem Verstorbenen handelt es sich um einen in Mannheim geborenen 49-j\u00e4hrigen Mann mit t\u00fcrkischer Staatsangeh\u00f6rigkeit, der in der Vergangenheit bereits mehrfach polizeilich in Erscheinung getreten war.<\/p>\n\n\n\n<p>Im Fokus der Ermittlungen der Staatsanwaltschaft Mannheim und des Landeskriminalamtes Baden-W\u00fcrttemberg (LKA BW) steht insbesondere eine detaillierte Rekonstruktion des gesamten Geschehensablaufs. Hierf\u00fcr wurden der Ereignisort sowie insbesondere die kriminalistisch relevanten Spuren unter anderem durch die Spezialistinnen und Spezialisten des LKA BW mittels 3D-Scan umfassend digital dokumentiert.<\/p>\n\n\n\n<p>Ein weiterer Schwerpunkt der Ermittlungen fokussiert sich auf den Bereich der Feststellung und Vernehmung von mittelbaren und unmittelbaren Zeugen der Geschehnisse. Bislang konnten die Ermittlerinnen und Ermittler des LKA BW bereits \u00fcber 20 Zeugen zu ihren Wahrnehmungen anh\u00f6ren. Zur Rekonstruktion der Abl\u00e4ufe werden zudem aktuell die bislang \u00fcber 130 mit mehreren Gigabyte Datenvolumen \u00fcbermittelten Videos ausgewertet. Parallel dazu werden umfangreiche und umfassende ballistische Untersuchungen von den forensischen Sachverst\u00e4ndigen durchgef\u00fchrt, um die weiteren Details des Schusswaffeneinsatzes l\u00fcckenlos aufzuhellen. Die gesamte Spurenanalyse erfolgt beim Kriminaltechnischen Institut des LKA BW, um einen umfassenden objektiven Befund zu erlangen.<\/p>\n\n\n\n<p>Nach wie vor werden potentielle Zeugen gebeten, sich beim LKA BW zu melden und es ist auch weiterhin m\u00f6glich, Videos des Geschehens \u00fcber das Hinweisportal der Polizei Baden-W\u00fcrttemberg (<a target=\"_blank\" rel=\"noreferrer noopener\" href=\"https:\/\/bw.hinweisportal.de\/schusswaffengebrauch-mannheim\">https:\/\/bw.hinweisportal.de\/schusswaffengebrauch-mannheim<\/a>) direkt an das LKA BW zu \u00fcbermitteln.<\/p>\n\n\n\n<p>Die Staatsanwaltschaft Mannheim und das Landeskriminalamt Baden-W\u00fcrttemberg f\u00fchren die Ermittlungen fort.<\/p>\n\n\n\n<h2 class=\"wp-block-heading\">(Mannheim-Rheinau) &#8211; Verkehrsunfall auf der Relaisstra\u00dfe zwischen Pkw und einer Stra\u00dfenbahn<\/h2>\n\n\n\n<p>Freitagabend, gegen 18:50 Uhr, kam es auf der Relaisstra\u00dfe zu einem Verkehrsunfall zwischen einer Stra\u00dfenbahn und einem Pkw. Neben der Polizei und dem Rettungsdienst ist ebenfalls die Berufsfeuerwehr Mannheim am Unfallort eingesetzt, um mit schwerem technischen Ger\u00e4t die Insassen aus dem Pkw zu befreien. Inwieweit diese Verletzungen durch den Zusammensto\u00df davongetragen haben, kann bislang noch nicht gesagt werden. Der Stra\u00dfenbahnverkehr ist zurzeit beeintr\u00e4chtigt.<\/p>\n\n\n\n<h3 class=\"wp-block-heading has-text-align-center\">Pressemeldung Nr. 2<\/h3>\n\n\n\n<p>Am Freitagabend, gegen 18:50 Uhr, befuhr ein 59-J\u00e4hriger mit seinem Opel die Otterstadter Stra\u00dfe und kollidierte im Kreuzungsbereich zur Relaisstra\u00dfe mit einer Stra\u00dfenbahn, welche in Richtung Mannheim-Rheinau Endstelle unterwegs war. Ersten Ermittlungen zu Folge missachtete der Pkw-F\u00fchrer die bevorrechtigte Stra\u00dfenbahn, weshalb es zur Kollision kam. Aufgrund des Zusammensto\u00dfes wurde der Opel noch gegen einen weiteren Pkw geschleudert. Der Opel wurde hierdurch so stark deformiert, dass es den beiden Insassen nicht mehr m\u00f6glich war die T\u00fcren zu \u00f6ffnen. Die Berufsfeuerwehr Mannheim musste mit technischem Rettungsger\u00e4t das Fahrzeug \u00f6ffnen, um die beiden Insassen zu befreien und sie dem Rettungsdienst zu \u00fcbergeben.<\/p>\n\n\n\n<p>Die beiden Fahrzeuginsassen, der 59-J\u00e4hrige und seine 58-j\u00e4hrige Beifahrerin, verletzten sich beide, weshalb sie zur weiteren Behandlung in ein nahegelegenes Krankenhaus gebracht werden mussten. Der Stra\u00dfenbahnf\u00fchrer erlitt durch den Zusammensto\u00df einen Schock.<\/p>\n\n\n\n<p>Es stand gesch\u00e4tzter Gesamtsachschaden in H\u00f6he von 20.000 EUR.<\/p>\n\n\n\n<p>Aufgrund der Rettungsma\u00dfnahmen und der anschlie\u00dfenden Bergema\u00dfnahmen war der Stra\u00dfen-\/Bahnverkehr der Linie 1 bis gegen 20:50 Uhr beeintr\u00e4chtigt.<\/p>\n\n\n\n<h2 class=\"wp-block-heading\">(Heidelberg-Kirchheim) &#8211; Brand in Mehrfamilienhaus Am Dorf<\/h2>\n\n\n\n<p>Die Feuerwehr bek\u00e4mpft derzeit einen Brand in einem Mehrfamilienhaus Am Dorf in HD-Kirchheim. Polizei und Feuerwehr sind mit einem Gro\u00dfaufgebot vor Ort. Es gibt zum aktuellen Zeitpunkt keine Hinweise auf Brandursache oder Verletzte. (<em>01.01.2024 \u2013 09:30<\/em>)<\/p>\n\n\n\n<h3 class=\"wp-block-heading has-text-align-center\">Pressemeldung Nr. 2<\/h3>\n\n\n\n<p>Durch Anwohner wurde gegen 09:10 Uhr ein Balkonbrand an einem Mehrfamilienhaus in Heidelberg-Kirchheim gemeldet. Aus bisher unbekannter Ursache brach im 3. Stock ein Feuer aus, das schnell auf die angrenzenden Balkone und das Dach \u00fcbergriff. Die Anwohner wurden alarmiert und konnten alle unverletzt das Haus verlassen. Sie wurden am Kerweplatz gesammelt und letztendlich im B\u00fcrgerzentrum betreut. Die Berufsfeuerwehr Heidelberg konnte den Brand schnell unter Kontrolle bringen. Dennoch sind drei Wohnungen nach jetzigem Stand nicht mehr bewohnbar und der Dachstuhl wurde durch den Brand stark in Mitleidenschaft gezogen. Erst grobe Sch\u00e4tzungen gehen von einem Schaden von \u00fcber 50.000 Euro aus. Die weiteren Ermittlungen zu dem Brand werden vom Polizeirevier Heidelberg-S\u00fcd aufgenommen.<\/p>\n\n\n\n<h2 class=\"wp-block-heading\">(Heidelberg) &#8211; Betrunkene Jugendliche rast mit Auto durch Silvesternacht<\/h2>\n\n\n\n<p>Einen sehr schlechten Start ins neue Jahr hatte eine 16-J\u00e4hrige in Heidelberg-Wieblingen. Um kurz vor 00:30 Uhr beobachtete ein Zeuge an Neujahr, wie ein Mercedes mit \u00fcberh\u00f6hter Geschwindigkeit und quietschenden Reifen von der Stra\u00dfe Neckarhamm in die Klappergasse abbog. Dabei streifte das Auto einen 26-j\u00e4hrigen Passanten, prallte gegen ein geparktes Auto und kam schlie\u00dflich an einer Mauer zum Stehen. Auf Grund der Wucht der Kollision l\u00f6sten an dem Mercedes die Airbags aus und die Fahrerin wurde leicht verletzt. Der Passant, welcher am linken Arm erfasst wurde, erlitt ebenfalls eine leichte Verletzung. Das Auto musste abgeschleppt werden. Die H\u00f6he des entstandenen Schadens steht noch nicht fest. Es stellte sich heraus, dass die Fahrerin erst 16 Jahre alt war, keinen F\u00fchrerschein besa\u00df und stark alkoholisiert das Auto gelenkt hatte. Ein Atemtest ergab einen Wert von fast zwei Promille. Wie die junge Frau an den Autoschl\u00fcssel des 54-j\u00e4hrigen Fahrzeughalters gelangte, ist Gegenstand der aktuellen Ermittlungen gegen die Jugendliche wegen der Gef\u00e4hrdung des Stra\u00dfenverkehrs unter Alkoholeinwirkung sowie des Fahrens ohne Fahrerlaubnis.<\/p>\n\n\n\n<h2 class=\"wp-block-heading\">(Heidelberg-Weststadt) &#8211; E-Scooter Fahrer mit 1,5 Promille unterwegs<\/h2>\n\n\n\n<p>Am Sonntagmorgen, gegen 03.30 Uhr, unterzog eine Streife des Polizeireviers Heidelberg-S\u00fcd einen 21-j\u00e4hriger E-Scooter Fahrer, der die Speyrer Stra\u00dfe in Richtung Schwetzingen befuhr. Im Verlauf der Kontrolle bemerkten die Beamten bei dem Mann, dass dieser nach Alkohol roch. Ein Atemalkoholtest f\u00f6rderte einen Atemalkoholwert von 1,5 Promille zu Tage. Dem 21-J\u00e4hrigen wurde eine Blutprobe entnommen. Er sieht jetzt einem Verfahren wegen der Trunkenheit im Verkehr entgegen.<\/p>\n\n\n\n<h2 class=\"wp-block-heading\">(Heidelberg) &#8211; Brand eines Toilettenh\u00e4uschens<\/h2>\n\n\n\n<p>Am Donnerstag teilte eine aufmerksame Zeugin um 17:45 Uhr mit, dass in der Handschuhsheimer Landstra\u00dfe mehrere Jugendliche die T\u00fcr eines Toilettenh\u00e4uschens ge\u00f6ffnet, einen Feuerwerksk\u00f6rper gez\u00fcndet und reingeschmissen h\u00e4tten. In der Folge fingen Teile des Bodens und der Seitenwand Feuer. Die Jugendlichen fl\u00fcchteten daraufhin in Richtung Kapellenweg. Durch die Berufsfeuerwehr der Stadt Heidelberg konnte der Brand z\u00fcgig gel\u00f6scht werden. Der Sachschaden wird auf einen mittleren dreistelligen Bereich gesch\u00e4tzt.<\/p>\n\n\n\n<p>Das Polizeirevier Heidelberg-Nord hat die Ermittlungen aufgenommen.<\/p>\n\n\n\n<h2 class=\"wp-block-heading\">(Heidelberg) &#8211; Meinungsverschiedenheit zwischen Fu\u00dfg\u00e4nger und Radfahrer endet in Handgreiflichkeiten \/ Polizei sucht Zeugen<\/h2>\n\n\n<div class=\"wp-block-image\">\n<figure class=\"aligncenter size-full\"><img decoding=\"async\" loading=\"lazy\" width=\"800\" height=\"533\" src=\"https:\/\/speyer24news.com\/wp-content\/uploads\/2021\/11\/Schlaegerei.jpg\" alt=\"\" class=\"wp-image-42366\" srcset=\"https:\/\/speyer24news.com\/wp-content\/uploads\/2021\/11\/Schlaegerei.jpg 800w, https:\/\/speyer24news.com\/wp-content\/uploads\/2021\/11\/Schlaegerei-300x200.jpg 300w, https:\/\/speyer24news.com\/wp-content\/uploads\/2021\/11\/Schlaegerei-768x512.jpg 768w\" sizes=\"(max-width: 800px) 100vw, 800px\" \/><figcaption class=\"wp-element-caption\">Beispielbild Schl\u00e4gerei \/ K\u00f6rperverletzung, dient lediglich der Visualisierung<\/figcaption><\/figure><\/div>\n\n\n<p>Am Dienstagabend schlug ein bisher unbekannter Radfahrer einem 66-J\u00e4hrigen Fu\u00dfg\u00e4nger ins Gesicht. Vorausgegangen war eine verbale Auseinandersetzung zwischen den beiden Beteiligten. Um 20:30 Uhr stand der 66-J\u00e4hrige an der Kreuzung R\u00f6merstra\u00dfe \/Feuerbachstra\u00dfe an der rotzeigenden Fu\u00dfg\u00e4ngerampel. Zeitgleich n\u00e4herte sich ein Radfahrer, der von der dortigen Unterf\u00fchrung kommend in die Feuerbachstra\u00dfe einbog. Hierbei gerieten die beiden zun\u00e4chst in verbale Streitigkeiten, in der Folge der unbekannte Radfahrer dem 66-J\u00e4hrigen zwei Mal in das Gesicht schlug. Durch die Schl\u00e4ge st\u00fcrzte der 66-J\u00e4hrige zu Boden. Bevor der Radfahrer seine Weiterfahrt in die Feuerbachstra\u00dfe fortsetzte, trat er nochmal auf die Hand des am bodenliegenden Mannes und entfernte sich.<\/p>\n\n\n\n<h4 class=\"wp-block-heading\">Der Radfahrer kann wie folgt beschrieben werden:<\/h4>\n\n\n\n<ul>\n<li><strong>M\u00e4nnlich<\/strong><\/li>\n\n\n\n<li><strong>ca. 180- 185 cm gro\u00df<\/strong><\/li>\n\n\n\n<li><strong>schlanke<\/strong><\/li>\n\n\n\n<li><strong>sportliche K\u00f6rperstatur<\/strong><\/li>\n\n\n\n<li><strong>das Alter wird auf Ende 30 \/ Anfang 40 gesch\u00e4tzt<\/strong><\/li>\n\n\n\n<li><strong>Drei-Tage-Bart<\/strong><\/li>\n\n\n\n<li><strong>dunkler Fahrradhelm<\/strong><\/li>\n\n\n\n<li><strong>gelbe Fahrradjacke<\/strong><\/li>\n\n\n\n<li><strong>dunkle Winterhandschuhe<\/strong><\/li>\n<\/ul>\n\n\n\n<ul>\n<li><strong>Zeugen, welche Hinweise zu dem Radfahrer geben k\u00f6nnen oder das Geschehen beobachten konnten, werden gebeten, sich mit dem Polizeirevier Heidelberg-S\u00fcd, Tel.: 06221 \/ 3418-0, in Verbindung zu setzen.<\/strong><\/li>\n<\/ul>\n\n\n\n<h2 class=\"wp-block-heading\">(Ketsch \/ Rhein-Neckar-Kreis) &#8211; Radfahrer bei Unfall schwer verletzt<\/h2>\n\n\n\n<p>Am Samstagnachmittag, gegen 17.00 Uhr, befuhr eine 63-j\u00e4hrige Mercedes Fahrerin die Br\u00fchler Stra\u00dfe von Ketsch kommend in Richtung Br\u00fchl. Aus bislang noch nicht gekl\u00e4rter Ursache touchierte die 63-J\u00e4hrige mit ihrem Pkw einen, in gleicher Richtung fahrenden, 40-j\u00e4hrigen Rennradfahrer. Dieser kam dadurch zu Sturz und zog sich mehrere Br\u00fcche wie auch Kopfverletzungen zu. Gl\u00fccklicherweise trug der Radfahrer zum Unfallzeitpunkt einen Helm, der wohl Schlimmeres verhinderte. Er wurde mit seinen schweren, jedoch nicht lebensgef\u00e4hrlichen, Verletzungen in eine Mannheimer Klinik eingeliefert. Die Ermittlungen zum Unfall hat der Verkehrsdienst Heidelberg aufgenommen.<\/p>\n\n\n\n<h2 class=\"wp-block-heading\">(Ketsch \/ Rhein-Neckar-Kreis) &#8211; Unbekannter leert Farbeimer aus \/ Zeugen gesucht<\/h2>\n\n\n\n<p>Zwischen Dienstagabend, 18 Uhr und Mittwochvormittag, 8 Uhr, leerte ein bisher unbekannter T\u00e4ter einen Farbeimer mit wei\u00dfer Dispersionsfarbe im Bereich der Leipziger Stra\u00dfe an der Einm\u00fcndung J\u00e4gerndorfer Stra\u00dfe aus. Durch die Freiwillige Feuerwehr Ketsch konnten die Farblache weitestgehend beseitigt werden. Dennoch d\u00fcrfte an der Stra\u00dfe ein Schaden von rund 1.000 Euro entstanden sein. Die Polizei hat die Ermittlungen wegen gemeinsch\u00e4dlicher Sachbesch\u00e4digung aufgenommen und vor Ort erste Spuren gesichert. <\/p>\n\n\n\n<ul>\n<li><strong>Zeugen, welche sachdienliche Hinweise auf den oder die Verursacher geben k\u00f6nnen, werden gebeten, das Polizeirevier Schwetzingen unter Tel.: 06202\/2880 zu informieren.<\/strong><\/li>\n<\/ul>\n\n\n\n<h2 class=\"wp-block-heading\">(Leimen-St.Ilgen \/ Rhein-Neckar-Kreis) &#8211; Unbekannte setzen M\u00fclltonnen in Brand \/ Zeugen gesucht<\/h2>\n\n\n\n<p>Bislang unbekannte T\u00e4ter\/ T\u00e4terinnen haben Freitagfr\u00fch gegen 04 Uhr wom\u00f6glich Feuerwerksk\u00f6rper gez\u00fcndet, wodurch zwei M\u00fclltonnen in der Wittelsbacherallee in Brand gesetzt worden sind. Die Freiwillige Feuerwehr Leimen, St. Ilgen konnte den Brand gl\u00fccklicherweise schnell l\u00f6schen. Wohnh\u00e4user waren durch den Brand nicht gef\u00e4hrdet. Die H\u00f6he des Sachschadens kann bislang nicht beziffert werden. <\/p>\n\n\n\n<ul>\n<li><strong>Der Polizeiposten Leimen hat nun die weiteren Ermittlungen \u00fcbernommen und bittet in diesem Zusammenhang Zeugen, die verd\u00e4chtige Wahrnehmungen gemacht haben oder sonstige sachdienliche Hinweise geben k\u00f6nnen, sich bitte unter der Telefonnummer 06224\/1749-0 zu melden.<\/strong><\/li>\n<\/ul>\n\n\n\n<h2 class=\"wp-block-heading\">(Nu\u00dfloch \/ Rhein-Neckar-Kreis) &#8211; Diebstahl von Kupferkabel \/ Zeugenaufruf<\/h2>\n\n\n\n<p>Zwischen Freitag, den 22.12.23 und Donnerstagmittag entwendete eine bislang unbekannte T\u00e4terschaft aus dem Nu\u00dflocher Steinbruch mehrere Kupferkabel. Die Unbekannten gelangten auf das Gel\u00e4nde, indem sie das Schloss eines Zugangstores gewaltsam \u00f6ffneten. Wie hoch der entstandene Schaden ist, wird derzeit noch ermittelt. <\/p>\n\n\n\n<ul>\n<li><strong>Das Polizeirevier Wiesloch nimmt Zeugenhinweise unter Tel.: 06222\/5709-0 entgegen.<\/strong><\/li>\n<\/ul>\n\n\n\n<h2 class=\"wp-block-heading\">(B 3 \/ Wiesloch \/ Rhein-Neckar-Kreis) &#8211; Frontalzusammensto\u00df \/ Einsatzkr\u00e4fte von Polizei und Rettungsdienst vor Ort<\/h2>\n\n\n\n<p>Derzeit ist die Parkstra\u00dfe in Wiesloch, die \u00fcber die B3 f\u00fchrt, auf der Br\u00fccke gesperrt, da nach einem Verkehrsunfall Einsatzma\u00dfnahmen von Polizei und Rettungsdienst laufen. Nach bisherigen Erkenntnissen kam es zum Frontalzusammensto\u00df zwischen zwei Pkw. \u00dcber verletzte Personen liegen noch keine Erkenntnisse vor. Die Auf- bzw. Abfahrt der B3 ist in diesem Bereich nur beschr\u00e4nkt m\u00f6glich.<\/p>\n\n\n\n<h2 class=\"wp-block-heading\">(Sinsheim \/ Rhein-Neckar-Kreis) &#8211; Schl\u00e4gerei vor Diskothek \/ Polizei sucht Zeugen<\/h2>\n\n\n<div class=\"wp-block-image\">\n<figure class=\"aligncenter size-full\"><img decoding=\"async\" loading=\"lazy\" width=\"800\" height=\"533\" src=\"https:\/\/speyer24news.com\/wp-content\/uploads\/2021\/11\/Schlaegerei.jpg\" alt=\"\" class=\"wp-image-42366\" srcset=\"https:\/\/speyer24news.com\/wp-content\/uploads\/2021\/11\/Schlaegerei.jpg 800w, https:\/\/speyer24news.com\/wp-content\/uploads\/2021\/11\/Schlaegerei-300x200.jpg 300w, https:\/\/speyer24news.com\/wp-content\/uploads\/2021\/11\/Schlaegerei-768x512.jpg 768w\" sizes=\"(max-width: 800px) 100vw, 800px\" \/><figcaption class=\"wp-element-caption\">Beispielbild Schl\u00e4gerei \/ K\u00f6rperverletzung, dient lediglich der Visualisierung<\/figcaption><\/figure><\/div>\n\n\n<p>Am Montag kam es um kurz vor 5 Uhr auf dem Parkplatz einer Diskothek in der Neulandstra\u00dfe zu einer Schl\u00e4gerei zwischen knapp 20 Personen. Dem vorausgegangen war eine verbale Auseinandersetzung zwischen zwei Gruppen innerhalb der Disko, die sich dann nach drau\u00dfen verlagerte, nachdem die Streitparteien aus den R\u00e4umlichkeiten verwiesen wurden. Nach bisherigen Erkenntnissen eskalierten die gegenseitigen Beleidigungen schlie\u00dflich in eine Schl\u00e4gerei, in deren Verlauf ein 18-J\u00e4hriger durch einen Unbekannten mit einer Glasflasche am Kopf getroffen und dadurch leicht verletzt wurde. Der junge Mann musste zur Behandlung seiner Verletzung in ein Krankenhaus gebracht werden. Die genauen Hintergr\u00fcnde der Schl\u00e4gerei sowie die jeweiligen Tathandlungen der daran beteiligten Personen ist Gegenstand der durch das Polizeirevier Sinsheim gef\u00fchrten Ermittlungen wegen gef\u00e4hrlicher K\u00f6rperverletzung.<\/p>\n\n\n\n<ul>\n<li><strong>Zeugen, die sachdienliche Hinweise geben k\u00f6nnen, werden gebeten, sich beim Polizeirevier Sinsheim unter der Telefonnummer 07261-690-0 zu melden.<\/strong><\/li>\n<\/ul>\n\n\n\n<h2 class=\"wp-block-heading\">(Sinsheim \/ Rhein-Neckar-Kreis) &#8211; Unfall unter Alkohol, Polizei sucht Zeugen<\/h2>\n\n\n\n<p>In der Nacht zum Montag, in den fr\u00fchen Morgenstunden, zwischen 04:30 Uhr und 05:30 Uhr fuhr ein 31-J\u00e4hriger alkoholisierter Fahrzeugf\u00fchrer mit seinem grauen Renault Megan mit polnischer Zulassung im Bereich Sinsheim-Steinsfurt und verursachte hierbei einen Verkehrsunfall. Nach derzeitigem Stand der Ermittlungen fuhr der Mann die Steinsfurter Stra\u00dfe von der Stadtmitte kommend in Richtung Rohrbach, als er die Kontrolle \u00fcber sein Fahrzeug verlor und \u00fcber einen Bordstein in ein angrenzendes Feld fuhr. Nachdem es ihm gelang wieder aus dem Feld heraus zu fahren, setzte er nun seine Fahrt in Richtung Neulandstra\u00dfe fort. Die eintreffende Streife der Polizei Sinsheim konnte den Fahrzeugf\u00fchrer an der Tankstelle ausfindig machen. Dieser hatte zuvor sein stark verdrecktes und besch\u00e4digtes Fahrzeug hinter der Tankstelle abgestellt. Eine Nachschau im Bereich ergab, dass das Fahrzeug durch den Unfall so besch\u00e4digt wurde, dass eine gr\u00f6\u00dfere \u00d6lspur festzustellen war. Da der Fahrzeugf\u00fchrer bei einem Atemalkoholtest \u00fcber 2 Promille als Ergebnis erbracht, wurde er nun unter anderem zur Durchf\u00fchrung einer Blutprobe zum Revier Sinsheim gefahren. Das Polizeirevier Sinsheim sucht nun Zeugen, die Angaben zum Unfallgeschehen bzw. zur Fahrt des 31-J\u00e4hrigen Fahrzeugf\u00fchrers machen k\u00f6nne. Zeugen werden gebeten, sich mit dem Polizeirevier Sinsheim, Telefon 07261\/690-0, in Verbindung zu setzen.<\/p>\n\n\n\n<h2 class=\"wp-block-heading\">(Eberbach \/ Rhein-Neckar-Kreis) &#8211; Unter Alkoholeinfluss Unfall gebaut<\/h2>\n\n\n\n<p>Am Donnerstag, um 12:10 Uhr, parkte eine 51-J\u00e4hrige auf einem Parkplatz eines Supermarktes in der G\u00fcterbahnhofstra\u00dfe aus, und besch\u00e4digte hierbei einen geparkten Volvo.<\/p>\n\n\n\n<p>Da der Halter des Fahrzeuges nicht zugegen war, verst\u00e4ndigte sie die Polizei. W\u00e4hrend der Unfallaufnahme kam der Volvo-Besitzer hinzu. Die Polizeibeamtinnen und Polizeibeamten des Polizeireviers Eberbach stellten im weiteren Verlauf der Unfallaufnahme fest, dass die Unfallverursacherin unter Alkoholbeeinflussung stand. Ein Alkoholtest zeigte \u00fcber 2 Promille an. Die 51-J\u00e4hrige wurde auf das Polizeirevier gebracht, wo ihr zun\u00e4chst Blut und anschlie\u00dfend der F\u00fchrerschein abgenommen wurden.<\/p>\n\n\n\n<p>Der Schaden am Volvo bel\u00e4uft sich auf mehrere tausend Euro im vierstelligen Bereich.<\/p>\n\n\n\n<p>Das Polizeirevier Eberbach hat nun die Ermittlungen wegen Stra\u00dfenverkehrsgef\u00e4hrdung gegen die 51-J\u00e4hrige eingeleitet.<\/p>\n\n\n\n<h2 class=\"wp-block-heading\">(Heddesheim \/ Rhein-Neckar-Kreis) &#8211; Unfall nach Vorfahrtmissachtung<\/h2>\n\n\n\n<p>Am sp\u00e4ten Donnerstagabend gegen 23:15 Uhr bog eine 60-j\u00e4hrige Opel-Fahrerin von der Raiffeisenstra\u00dfe kommend auf die L541 in Richtung Heddesheim ab. Hierbei \u00fcbersah die Frau eine 21-j\u00e4hrige KIA-Fahrerin, welche auf der L541 in Richtung der A5 unterwegs war. Im Einm\u00fcndungsbereich kollidierten die beiden Fahrzeuge, welche stark besch\u00e4digt und sp\u00e4ter abgeschleppt wurden. Der Gesamtschaden liegt bei 40.000 Euro. Die KIA-Fahrerin erlitt leichte Verletzungen.<\/p>\n\n\n\n<h2 class=\"wp-block-heading\">(Weinheim \/ Rhein-Neckar-Kreis) &#8211; Unfall im Einm\u00fcndungsbereich \/ Polizei sucht Zeugen<\/h2>\n\n\n\n<p>Freitagnachmittag, gegen 15 Uhr, ereignete sich in der Breslauer Stra\u00dfe, Ecke Stettiner Stra\u00dfe, ein Verkehrsunfall mit zwei Pkw im Einm\u00fcndungsbereich. Eine 25-j\u00e4hrige Fahrerin eines Mercedes wurde bei dem Unfall leicht verletzt. Beide Fahrzeuge waren noch fahrbereit, es entstand ein Gesamtschaden in H\u00f6he von ca. 12.000 Euro.<\/p>\n\n\n\n<ul>\n<li><strong>Der genaue Unfallhergang ist noch Gegenstand der Ermittlungen, da die Angaben der Beteiligten widerspr\u00fcchlich sind. Zeugen, welche Hinweise auf das Unfallgeschehen geben k\u00f6nnen, werden gebeten sich mit dem Verkehrsdienst Mannheim, Tel.: 0621\/174-4220, in Verbindung zu setzen.<\/strong><\/li>\n<\/ul>\n","protected":false},"excerpt":{"rendered":"<div class=\"mh-excerpt\"><p>Polizeimeldungen vom Wochenende &amp; Neujahr (29.12.23 &#8211; 01.01.24) (Speyer) &#8211; Eins\u00e4tze der Polizei Speyer in der Silvesternacht Bei einer Verkehrskontrolle in der Landwehrstra\u00dfe um 22.20 Uhr f\u00fchrte der 27-j\u00e4hrige PKW-Fahrer eine frisch abgeschossene Schreckschusspistole mit <a class=\"mh-excerpt-more\" href=\"https:\/\/speyer24news.com\/?p=57029\" title=\"Polizeimeldungen Wochenende &#038; Neujahr\">[&#8230;]<\/a><\/p>\n<\/div>","protected":false},"author":3,"featured_media":26162,"comment_status":"open","ping_status":"open","sticky":false,"template":"","format":"standard","meta":{"_monsterinsights_skip_tracking":false,"_monsterinsights_sitenote_active":false,"_monsterinsights_sitenote_note":"","_monsterinsights_sitenote_category":0,"footnotes":""},"categories":[15659],"tags":[3614,13554,350,14537,15084,15267,14538,15361,61,2555,14113,6955,6986,6263,63,105,11150,6987,53,13540,16956,4683,14958,102,13626,213,14325,14324,13553,13541,16955,2625,380],"aioseo_notices":[],"amp_enabled":true,"_links":{"self":[{"href":"https:\/\/speyer24news.com\/index.php?rest_route=\/wp\/v2\/posts\/57029"}],"collection":[{"href":"https:\/\/speyer24news.com\/index.php?rest_route=\/wp\/v2\/posts"}],"about":[{"href":"https:\/\/speyer24news.com\/index.php?rest_route=\/wp\/v2\/types\/post"}],"author":[{"embeddable":true,"href":"https:\/\/speyer24news.com\/index.php?rest_route=\/wp\/v2\/users\/3"}],"replies":[{"embeddable":true,"href":"https:\/\/speyer24news.com\/index.php?rest_route=%2Fwp%2Fv2%2Fcomments&post=57029"}],"version-history":[{"count":4,"href":"https:\/\/speyer24news.com\/index.php?rest_route=\/wp\/v2\/posts\/57029\/revisions"}],"predecessor-version":[{"id":57046,"href":"https:\/\/speyer24news.com\/index.php?rest_route=\/wp\/v2\/posts\/57029\/revisions\/57046"}],"wp:featuredmedia":[{"embeddable":true,"href":"https:\/\/speyer24news.com\/index.php?rest_route=\/wp\/v2\/media\/26162"}],"wp:attachment":[{"href":"https:\/\/speyer24news.com\/index.php?rest_route=%2Fwp%2Fv2%2Fmedia&parent=57029"}],"wp:term":[{"taxonomy":"category","embeddable":true,"href":"https:\/\/speyer24news.com\/index.php?rest_route=%2Fwp%2Fv2%2Fcategories&post=57029"},{"taxonomy":"post_tag","embeddable":true,"href":"https:\/\/speyer24news.com\/index.php?rest_route=%2Fwp%2Fv2%2Ftags&post=57029"}],"curies":[{"name":"wp","href":"https:\/\/api.w.org\/{rel}","templated":true}]}}