{"id":57048,"date":"2024-01-02T13:52:14","date_gmt":"2024-01-02T12:52:14","guid":{"rendered":"https:\/\/speyer24news.com\/?p=57048"},"modified":"2024-01-02T13:52:15","modified_gmt":"2024-01-02T12:52:15","slug":"speyer-stadtnotiz-2","status":"publish","type":"post","link":"https:\/\/speyer24news.com\/?p=57048","title":{"rendered":"Speyer Stadtnotiz"},"content":{"rendered":"<style type=\"text\/css\">\r\n\t.ads_top_disp{}\r\n\t.ads_top_corner_disp{ float:left; margin:0px 10px 10px 0px; }\r\n\t.ads_first_p_disp{}\r\n\t.ads_bottom_disp{}\r\n\t<\/style>\n<h2 class=\"wp-block-heading\">Neuausrichtung des SchUM-Vereins 2024: Fokus liegt auf \u00d6ffentlichkeitsarbeit und Vermittlung<\/h2>\n\n\n\n<h3 class=\"wp-block-heading\">Birgit Kita \u00fcbernimmt die Gesch\u00e4ftsf\u00fchrung des Vereins SchUM-St\u00e4dte Speyer, Worms und Mainz e.V.<\/h3>\n\n\n<div class=\"wp-block-image\">\n<figure class=\"aligncenter size-full\"><img decoding=\"async\" loading=\"lazy\" width=\"800\" height=\"600\" src=\"https:\/\/speyer24news.com\/wp-content\/uploads\/2024\/01\/Birgit-Kita.jpg\" alt=\"\" class=\"wp-image-57049\" srcset=\"https:\/\/speyer24news.com\/wp-content\/uploads\/2024\/01\/Birgit-Kita.jpg 800w, https:\/\/speyer24news.com\/wp-content\/uploads\/2024\/01\/Birgit-Kita-300x225.jpg 300w, https:\/\/speyer24news.com\/wp-content\/uploads\/2024\/01\/Birgit-Kita-768x576.jpg 768w, https:\/\/speyer24news.com\/wp-content\/uploads\/2024\/01\/Birgit-Kita-678x509.jpg 678w, https:\/\/speyer24news.com\/wp-content\/uploads\/2024\/01\/Birgit-Kita-326x245.jpg 326w, https:\/\/speyer24news.com\/wp-content\/uploads\/2024\/01\/Birgit-Kita-80x60.jpg 80w\" sizes=\"(max-width: 800px) 100vw, 800px\" \/><\/figure><\/div>\n\n\n<p><strong>Speyer \/ Worms \/ Mainz &#8211; <\/strong>Mit Birgit Kita erh\u00e4lt der Verein der SchUM-St\u00e4dte Speyer, Worms und Mainz e.V. eine ausgewiesene Fachfrau in Sachen Vermittlung und Welterbe als neue Gesch\u00e4ftsf\u00fchrerin. Die Wahl-Mainzerin \u00fcbernimmt am 01. Januar 2024 die Gesch\u00e4ftsf\u00fchrung des Vereins und die Welterbekoordination f\u00fcr die SchUM-St\u00e4tten Speyer, Worms und Mainz. Der Sitz der Gesch\u00e4ftsstelle des Vereins ist Worms.<\/p>\n\n\n\n<p>\u201eDie drei alten Reichsst\u00e4dte Speyer, Worms und Mainz bewahren mit den SchUM-St\u00e4tten ein gemeinsames kulturelles Erbe von au\u00dfergew\u00f6hnlichem universellem Wert. Die Manifestation dieses Wertes in einer seriellen St\u00e4tte mit insgesamt vier Bestandteilen birgt ganz besondere Herausforderungen in Bezug auf Erhalt, Management, Vermittlung und touristische Erschlie\u00dfung. Die Entwicklung einer einheitlichen Strategie f\u00fcr die Interpretation und Pr\u00e4sentation der gesamten St\u00e4tte ist daher eine besonders reizvolle Aufgabe\u201c, erkl\u00e4rt Birgit Kita bei Ihrem Amtsantritt.<\/p>\n\n\n\n<p>Birgit Kita hat Kunstgeschichte, Klassische Arch\u00e4ologie und Christliche Arch\u00e4ologie &amp; Byzantinische Kunstgeschichte an der Johannes-Gutenberg-Universit\u00e4t in Mainz studiert. Anschlie\u00dfend arbeitete sie als freie Kuratorin, Autorin und Bauforscherin f\u00fcr verschiedene Institutionen in Limburg, Mainz und Wiesbaden, wo sie u. a. mitwirkte an der Vorbereitung des Welterbe-Antrags der Stadt Wiesbaden zu \u201eGreat Spas of Europe\u201c. In Vorbereitung der Welterbe-Nominierung im Auftrag der Generaldirektion Kulturelles Erbe Rheinland-Pfalz (GDKE) und in Kooperation mit dem Landesmuseum Mainz, der Landesdenkmalpflege Mainz, dem Stadtarchiv und der J\u00fcdischen Gemeinde Mainz erarbeitete Birgit Kita die Ausstellung \u201e\u2026es ist Licht geworden nach langer Nacht. Mainzer Synagogen \u2013 Architektur und Geschichte\u201c. Dar\u00fcber hinaus konzipierte sie die Tafel-Ausstellung \u201eK\u00fcnstler sehen SchUM. Ein Blick auf das j\u00fcdische Erbe am Rhein. Werke von Manuel Herz, Klaus Krier und Wolf Spitzer\u201c. 2015 bis 2023 leitete Birgit Kita die Vermittlung und Museumsp\u00e4dagogik am Bisch\u00f6flichen Dom- und Di\u00f6zesanmuseum Mainz, wo sie auch als Kuratorin t\u00e4tig war.<\/p>\n\n\n<div class=\"wp-block-image\">\n<figure class=\"alignright size-full\"><img decoding=\"async\" loading=\"lazy\" width=\"500\" height=\"667\" src=\"https:\/\/speyer24news.com\/wp-content\/uploads\/2021\/09\/UNESCO-Weltkulturerbe-SchUM-Speyer-2.jpg\" alt=\"\" class=\"wp-image-40505\" srcset=\"https:\/\/speyer24news.com\/wp-content\/uploads\/2021\/09\/UNESCO-Weltkulturerbe-SchUM-Speyer-2.jpg 500w, https:\/\/speyer24news.com\/wp-content\/uploads\/2021\/09\/UNESCO-Weltkulturerbe-SchUM-Speyer-2-225x300.jpg 225w\" sizes=\"(max-width: 500px) 100vw, 500px\" \/><\/figure><\/div>\n\n\n<p>\u201eWir freuen uns sehr, dass wir mit Birgit Kita eine renommierte Expertin sowohl in der Vermittlungsarbeit als auch in Sachen Welterbe f\u00fcr den SchUM Verein gewinnen konnten\u201c, betont Stefanie Seiler, Vorstandsvorsitzende des SchUM Vereins und Oberb\u00fcrgermeisterin der Stadt Speyer. \u201eReligi\u00f6se Themen in einer s\u00e4kularen Gesellschaft sicht- und erlebbar zu machen, war jahrzehntelang ein Schwerpunkt ihrer Arbeit. Daher ist Birgit Kita die perfekte Besetzung f\u00fcr die Gesch\u00e4ftsf\u00fchrung des SchUM Vereins, um das Thema deutschlandweit bekannt zu machen und die Strahlkraft der SchUM-St\u00e4tten Speyer, Worms und Mainz \u00fcber die Region hinaus zu tragen.\u201c<\/p>\n\n\n\n<p>Um dem zuk\u00fcnftigen Schwerpunkt auf \u00d6ffentlichkeitsarbeit und Vermittlung gerecht zu werden, wurde zus\u00e4tzlich eine Projektmanagement-Stelle f\u00fcr diesen Bereich geschaffen, die im November 2023 mit Laura Karnasch besetzt wurde. Nach ihrem Master-Studium der Kulturanthropologie\/ Volkskunde an der Johannes-Gutenberg-Universit\u00e4t Mainz mit dem Schwerpunkt Erinnerungs- und Denkmalkultur sammelte die geb\u00fcrtige Wormserin Erfahrung im Bereich Bildung sowie im Ausstellungsmanagement am Technoseum \u2013 Landesmuseum f\u00fcr Technik und Arbeit in Mannheim und unterst\u00fctzte zuletzt als Volont\u00e4rin der Kulturkoordination das B\u00fcro des Oberb\u00fcrgermeisters der Stadt Worms. Dort war sie u.a. verantwortlich f\u00fcr das Vermittlungskonzept des \u201eSchUMobil\u201c, einem ersten Modul aus verschiedenen beweglichen Informations- und Erlebnisplattformen, die sukzessive und tempor\u00e4r im \u00f6ffentlichen Raum zur Auseinandersetzung mit dem UNESCO-Welterbe SchUM einladen.<\/p>\n\n\n<div class=\"wp-block-image\">\n<figure class=\"alignleft size-full\"><img decoding=\"async\" loading=\"lazy\" width=\"450\" height=\"410\" src=\"https:\/\/speyer24news.com\/wp-content\/uploads\/2020\/01\/SchUM-Logo.png\" alt=\"\" class=\"wp-image-24183\" srcset=\"https:\/\/speyer24news.com\/wp-content\/uploads\/2020\/01\/SchUM-Logo.png 450w, https:\/\/speyer24news.com\/wp-content\/uploads\/2020\/01\/SchUM-Logo-300x273.png 300w\" sizes=\"(max-width: 450px) 100vw, 450px\" \/><\/figure><\/div>\n\n\n<h4 class=\"wp-block-heading\">Zum Hintergrund:<\/h4>\n\n\n\n<p>Die SchUM-St\u00e4tten Speyer, Worms und Mainz wurden im Juli 2021 von der UNESCO zum ersten j\u00fcdischen Welterbe Deutschlands ernannt. Die drei eng miteinander verbundenen j\u00fcdischen SchUM-Gemeinden beeinflussten im Mittelalter ma\u00dfgeblich die Kultur, die liturgische Dichtung und das religi\u00f6se Recht des aschkenasischen Judentums. Die Monumente und Friedh\u00f6fe sind herausragende Zeugnisse der Geschichten von J\u00fcdinnen und Juden n\u00f6rdlich der Alpen. Der Begriff SchUM setzt sich aus den Anfangsbuchstaben der mittelalterlichen hebr\u00e4ischen St\u00e4dtenamen zusammen.<\/p>\n\n\n\n<p>Der Verein \u201eSchUM-St\u00e4dte Speyer, Worms, Mainz e.V.\u201c widmet sich unter anderem dem Schutz, dem Erhalt und der Erforschung des j\u00fcdischen Erbes in den St\u00e4dten Speyer, Worms und Mainz. Durch seine vielf\u00e4ltigen Aktivit\u00e4ten und Projekte tr\u00e4gt der Verein dazu bei, das Bewusstsein f\u00fcr die reiche j\u00fcdische Geschichte und Kultur in der Region zu st\u00e4rken und den interkulturellen Dialog zu f\u00f6rdern. Die Aufgaben des Vereins umfassen unter anderem den Erhalt und die Restaurierung von j\u00fcdischen Denkm\u00e4lern, Friedh\u00f6fen und historischen Geb\u00e4uden. Durch gezielte Ma\u00dfnahmen sollen diese wichtigen Zeugnisse der Vergangenheit bewahrt und f\u00fcr zuk\u00fcnftige Generationen zug\u00e4nglich gemacht werden.<\/p>\n\n\n\n<p><em>Text: Gemeinsame Pressemitteilung der SchUM-St\u00e4dte Speyer, Worms und Mainz Foto: \u00a9 SchUM-St\u00e4dte e.V.<br>02.01.2024<\/em><\/p>\n","protected":false},"excerpt":{"rendered":"<div class=\"mh-excerpt\"><p>Neuausrichtung des SchUM-Vereins 2024: Fokus liegt auf \u00d6ffentlichkeitsarbeit und Vermittlung Birgit Kita \u00fcbernimmt die Gesch\u00e4ftsf\u00fchrung des Vereins SchUM-St\u00e4dte Speyer, Worms und Mainz e.V. Speyer \/ Worms \/ Mainz &#8211; Mit Birgit Kita erh\u00e4lt der Verein <a class=\"mh-excerpt-more\" href=\"https:\/\/speyer24news.com\/?p=57048\" title=\"Speyer Stadtnotiz\">[&#8230;]<\/a><\/p>\n<\/div>","protected":false},"author":3,"featured_media":46477,"comment_status":"open","ping_status":"open","sticky":false,"template":"","format":"standard","meta":{"_monsterinsights_skip_tracking":false,"_monsterinsights_sitenote_active":false,"_monsterinsights_sitenote_note":"","_monsterinsights_sitenote_category":0,"footnotes":""},"categories":[47],"tags":[17057,17058,17059,178,3361,17056,17054,17055,3015,17053,6,12631,2304],"aioseo_notices":[],"amp_enabled":true,"_links":{"self":[{"href":"https:\/\/speyer24news.com\/index.php?rest_route=\/wp\/v2\/posts\/57048"}],"collection":[{"href":"https:\/\/speyer24news.com\/index.php?rest_route=\/wp\/v2\/posts"}],"about":[{"href":"https:\/\/speyer24news.com\/index.php?rest_route=\/wp\/v2\/types\/post"}],"author":[{"embeddable":true,"href":"https:\/\/speyer24news.com\/index.php?rest_route=\/wp\/v2\/users\/3"}],"replies":[{"embeddable":true,"href":"https:\/\/speyer24news.com\/index.php?rest_route=%2Fwp%2Fv2%2Fcomments&post=57048"}],"version-history":[{"count":1,"href":"https:\/\/speyer24news.com\/index.php?rest_route=\/wp\/v2\/posts\/57048\/revisions"}],"predecessor-version":[{"id":57050,"href":"https:\/\/speyer24news.com\/index.php?rest_route=\/wp\/v2\/posts\/57048\/revisions\/57050"}],"wp:featuredmedia":[{"embeddable":true,"href":"https:\/\/speyer24news.com\/index.php?rest_route=\/wp\/v2\/media\/46477"}],"wp:attachment":[{"href":"https:\/\/speyer24news.com\/index.php?rest_route=%2Fwp%2Fv2%2Fmedia&parent=57048"}],"wp:term":[{"taxonomy":"category","embeddable":true,"href":"https:\/\/speyer24news.com\/index.php?rest_route=%2Fwp%2Fv2%2Fcategories&post=57048"},{"taxonomy":"post_tag","embeddable":true,"href":"https:\/\/speyer24news.com\/index.php?rest_route=%2Fwp%2Fv2%2Ftags&post=57048"}],"curies":[{"name":"wp","href":"https:\/\/api.w.org\/{rel}","templated":true}]}}