{"id":57210,"date":"2024-01-04T12:11:22","date_gmt":"2024-01-04T11:11:22","guid":{"rendered":"https:\/\/speyer24news.com\/?p=57210"},"modified":"2024-01-04T12:17:07","modified_gmt":"2024-01-04T11:17:07","slug":"radarfallen-blitzer-geschwindigkeitsmessung-fuer-die-kw-02-08-01-14-01-2024","status":"publish","type":"post","link":"https:\/\/speyer24news.com\/?p=57210","title":{"rendered":"Radarfallen \/ Blitzer \/ Geschwindigkeitsmessung f\u00fcr die KW 02 (08.01. \u2013 14.01.2024)"},"content":{"rendered":"<style type=\"text\/css\">\r\n\t.ads_top_disp{}\r\n\t.ads_top_corner_disp{ float:left; margin:0px 10px 10px 0px; }\r\n\t.ads_first_p_disp{}\r\n\t.ads_bottom_disp{}\r\n\t<\/style>\n<h2 class=\"wp-block-heading\"><strong>(Mannheim) \u2013&nbsp;<\/strong>Geschwindigkeitskontrollen f\u00fcr die Woche vom 8. bis 12. Januar<\/h2>\n\n\n<div class=\"wp-block-image\">\n<figure class=\"aligncenter\"><img decoding=\"async\" loading=\"lazy\" width=\"640\" height=\"497\" src=\"https:\/\/speyer24news.com\/wp-content\/uploads\/2020\/12\/Blitzer-2.jpg\" alt=\"\" class=\"wp-image-31937\" srcset=\"https:\/\/speyer24news.com\/wp-content\/uploads\/2020\/12\/Blitzer-2.jpg 640w, https:\/\/speyer24news.com\/wp-content\/uploads\/2020\/12\/Blitzer-2-300x233.jpg 300w\" sizes=\"(max-width: 640px) 100vw, 640px\" \/><\/figure><\/div>\n\n\n<h3 class=\"wp-block-heading\">Die Stadt Mannheim f\u00fchrt vom 8. bis 12. Januar in folgenden Stra\u00dfen mobile Geschwindigkeitskontrollen durch:<\/h3>\n\n\n\n<ul>\n<li><strong>Am Brunnengarten<\/strong><\/li>\n\n\n\n<li><strong>Buchener Stra\u00dfe<\/strong><\/li>\n\n\n\n<li><strong>Helmertstra\u00dfe<\/strong><\/li>\n\n\n\n<li><strong>K\u00fclsheimer Stra\u00dfe<\/strong><\/li>\n\n\n\n<li><strong>Mosbacher Stra\u00dfe<\/strong><\/li>\n\n\n\n<li><strong> Mudauer Ring<\/strong><\/li>\n\n\n\n<li><strong>Mutterstadter Platz (Rheinauschule)<\/strong><\/li>\n\n\n\n<li><strong>Relaisstra\u00dfe<\/strong><\/li>\n\n\n\n<li><strong>R\u00f6merstra\u00dfe (Wallstadtschule)<\/strong><\/li>\n\n\n\n<li><strong>Sophienstra\u00dfe<\/strong><\/li>\n\n\n\n<li><strong>Winterstra\u00dfe (Pfingstbergschule)<\/strong><\/li>\n\n\n\n<li><strong>Zum Herrenried (K\u00e4the-Kollwitz-Schule)<\/strong><\/li>\n<\/ul>\n\n\n\n<p>Kurzfristige \u00c4nderungen oder zus\u00e4tzliche Messstellen sind aus aktuellem Anlass m\u00f6glich.<\/p>\n\n\n\n<p><em>Stadt Mannheim<br>04.01.2024<\/em><\/p>\n\n\n\n<h2 class=\"wp-block-heading\"><strong>(Ludwigshafen) \u2013&nbsp;<\/strong>Radarkontrollen f\u00fcr die Woche vom 8. Januar bis 14. Januar 2024<\/h2>\n\n\n<div class=\"wp-block-image\">\n<figure class=\"aligncenter\"><img decoding=\"async\" loading=\"lazy\" width=\"800\" height=\"600\" src=\"https:\/\/speyer24news.com\/wp-content\/uploads\/2020\/03\/Blitzer-1.jpg\" alt=\"\" class=\"wp-image-25724\" srcset=\"https:\/\/speyer24news.com\/wp-content\/uploads\/2020\/03\/Blitzer-1.jpg 800w, https:\/\/speyer24news.com\/wp-content\/uploads\/2020\/03\/Blitzer-1-300x225.jpg 300w, https:\/\/speyer24news.com\/wp-content\/uploads\/2020\/03\/Blitzer-1-768x576.jpg 768w, https:\/\/speyer24news.com\/wp-content\/uploads\/2020\/03\/Blitzer-1-678x509.jpg 678w, https:\/\/speyer24news.com\/wp-content\/uploads\/2020\/03\/Blitzer-1-326x245.jpg 326w, https:\/\/speyer24news.com\/wp-content\/uploads\/2020\/03\/Blitzer-1-80x60.jpg 80w\" sizes=\"(max-width: 800px) 100vw, 800px\" \/><\/figure><\/div>\n\n\n<h3 class=\"wp-block-heading\">Die Stadt Ludwigshafen nimmt in folgenden Stadtteilen Radarkontrollen vor:<\/h3>\n\n\n\n<ul>\n<li><strong>Montag, 8. Januar: Gartenstadt, Edigheim und Friesenheim<\/strong><\/li>\n\n\n\n<li><strong>Dienstag, 9. Januar: Maudach, Mitte und Mundenheim<\/strong><\/li>\n\n\n\n<li><strong>Mittwoch, 10. Januar: Nord, Oppau und Oggersheim<\/strong><\/li>\n\n\n\n<li><strong>Donnerstag, 11. Januar: Pfingstweide, Rheing\u00f6nheim und S\u00fcd<\/strong><\/li>\n\n\n\n<li><strong>Freitag, 12. Januar: Ruchheim, West und Edigheim<\/strong><\/li>\n\n\n\n<li><strong>Samstag,13. Januar: Friesenheim, Oggersheim und Gartenstadt<\/strong><\/li>\n<\/ul>\n\n\n\n<p>Kurzfristige \u00c4nderungen beh\u00e4lt sich der Bereich Stra\u00dfenverkehr vor. Kontrollen k\u00f6nnen auch kurzfristig an anderen Stellen stattfinden.<\/p>\n\n\n\n<p><em>Stadt Ludwigshafen am Rhein<br>04.01.2024<\/em><\/p>\n\n\n\n<h2 class=\"wp-block-heading\"><strong>(Polizeipr\u00e4sidium Rheinpfalz) \u2013\u00a0<\/strong>Geschwindigkeitsmessungen im Januar 2024<\/h2>\n\n\n<div class=\"wp-block-image\">\n<figure class=\"aligncenter\"><img decoding=\"async\" loading=\"lazy\" width=\"800\" height=\"450\" src=\"https:\/\/speyer24news.com\/wp-content\/uploads\/2020\/12\/Blitzer-Logo.jpg\" alt=\"\" class=\"wp-image-31938\" srcset=\"https:\/\/speyer24news.com\/wp-content\/uploads\/2020\/12\/Blitzer-Logo.jpg 800w, https:\/\/speyer24news.com\/wp-content\/uploads\/2020\/12\/Blitzer-Logo-300x169.jpg 300w, https:\/\/speyer24news.com\/wp-content\/uploads\/2020\/12\/Blitzer-Logo-768x432.jpg 768w, https:\/\/speyer24news.com\/wp-content\/uploads\/2020\/12\/Blitzer-Logo-678x381.jpg 678w\" sizes=\"(max-width: 800px) 100vw, 800px\" \/><\/figure><\/div>\n\n\n<p>\u00dcberh\u00f6hte beziehungsweise nicht angepasste Geschwindigkeit bleibt weiter eine Hauptunfallursache: 2022 wurden im Zust\u00e4ndigkeitsbereich des Polizeipr\u00e4sidiums Rheinpfalz wegen nicht angepasster oder \u00fcberh\u00f6hter Geschwindigkeit 1.896 Verkehrsunf\u00e4lle registriert. Im Jahr 2021 waren dies noch 1.792 Verkehrsunf\u00e4lle.<\/p>\n\n\n\n<h4 class=\"wp-block-heading\"><em>Die Verkehrsunfallstatistik 2022 mit ausf\u00fchrlichen Informationen zur Unfalllage und unseren Ma\u00dfnahmen finden Sie auf unserer Internetseite&nbsp;<a href=\"https:\/\/s.rlp.de\/YSXrl\">https:\/\/s.rlp.de\/YSXrl<\/a>&nbsp;.<\/em><\/h4>\n\n\n\n<p>Die Verkehrs\u00fcberwachung mittels Verkehrskontrollen geh\u00f6rt zu den zentralen Aufgaben der Polizei.<\/p>\n\n\n\n<h3 class=\"wp-block-heading\"><strong>Im Monat Dezember&nbsp;finden daher im Bezirk des Polizeipr\u00e4sidiums Rheinpfalz wie folgt Geschwindigkeitskontrollen statt:<\/strong><\/h3>\n\n\n\n<h3 class=\"wp-block-heading\">Im Gebiet der Polizeidirektion&nbsp;<strong>Ludwigshafen<\/strong>:<\/h3>\n\n\n\n<ul>\n<li><strong>11.01.2024 im Bereich Eschbach<\/strong><\/li>\n\n\n\n<li><strong>17.01.2024 im Bereich Kandel-H\u00f6fen<\/strong><\/li>\n\n\n\n<li><strong>23.01.2024 im Bereich Eschbach<\/strong><\/li>\n<\/ul>\n\n\n\n<h3 class=\"wp-block-heading\">Im Gebiet der Polizeidirektion&nbsp;<strong>Landau<\/strong>:<\/h3>\n\n\n\n<ul>\n<li><strong>09.01.2024 im Bereich Ludwigshafen<\/strong><\/li>\n\n\n\n<li><strong>19.01.2024 im Bereich Maxdorf<\/strong><\/li>\n\n\n\n<li><strong>29.01.2024 im Bereich Frankenthal<\/strong><\/li>\n<\/ul>\n\n\n\n<h3 class=\"wp-block-heading\">Im Gebiet der Polizeidirektion&nbsp;<strong>Neustadt<\/strong>:<\/h3>\n\n\n\n<ul>\n<li><strong>12.01.2024 im Bereich Gr\u00fcnstadt<\/strong><\/li>\n\n\n\n<li><strong>15.01.2024 im Bereich Bockenheim<\/strong><\/li>\n\n\n\n<li><strong>24.01.2024 im Bereich Bad D\u00fcrkheim<\/strong><\/li>\n\n\n\n<li><strong>30.01.2024 im Bereich Ha\u00dfloch<\/strong><\/li>\n<\/ul>\n\n\n\n<p>Die Polizei weist ausdr\u00fccklich darauf hin, dass Kontrollen auch au\u00dferhalb der genannten Zeiten und \u00d6rtlichkeiten stattfinden.<\/p>\n\n\n\n<p><em>Polizeipr\u00e4sidium Rheinpfalz<br>29.12.2023<\/em><\/p>\n","protected":false},"excerpt":{"rendered":"<div class=\"mh-excerpt\"><p>(Mannheim) \u2013&nbsp;Geschwindigkeitskontrollen f\u00fcr die Woche vom 8. bis 12. Januar Die Stadt Mannheim f\u00fchrt vom 8. bis 12. Januar in folgenden Stra\u00dfen mobile Geschwindigkeitskontrollen durch: Kurzfristige \u00c4nderungen oder zus\u00e4tzliche Messstellen sind aus aktuellem Anlass m\u00f6glich. <a class=\"mh-excerpt-more\" href=\"https:\/\/speyer24news.com\/?p=57210\" title=\"Radarfallen \/ Blitzer \/ Geschwindigkeitsmessung f\u00fcr die KW 02 (08.01. \u2013 14.01.2024)\">[&#8230;]<\/a><\/p>\n<\/div>","protected":false},"author":3,"featured_media":31938,"comment_status":"open","ping_status":"open","sticky":false,"template":"","format":"standard","meta":{"_monsterinsights_skip_tracking":false,"_monsterinsights_sitenote_active":false,"_monsterinsights_sitenote_note":"","_monsterinsights_sitenote_category":0,"footnotes":""},"categories":[64],"tags":[18,7702,4819,4814,7703,15144,19,5148,4822,4817,5149,5146,4820,4815,5147,58,28,779,5152,4821,4816,5153,15146,153,56,59,227,17,7699,7068,7004,7700,15142,949,5150,4818,4813,5151,15909,1310],"aioseo_notices":[],"amp_enabled":true,"_links":{"self":[{"href":"https:\/\/speyer24news.com\/index.php?rest_route=\/wp\/v2\/posts\/57210"}],"collection":[{"href":"https:\/\/speyer24news.com\/index.php?rest_route=\/wp\/v2\/posts"}],"about":[{"href":"https:\/\/speyer24news.com\/index.php?rest_route=\/wp\/v2\/types\/post"}],"author":[{"embeddable":true,"href":"https:\/\/speyer24news.com\/index.php?rest_route=\/wp\/v2\/users\/3"}],"replies":[{"embeddable":true,"href":"https:\/\/speyer24news.com\/index.php?rest_route=%2Fwp%2Fv2%2Fcomments&post=57210"}],"version-history":[{"count":2,"href":"https:\/\/speyer24news.com\/index.php?rest_route=\/wp\/v2\/posts\/57210\/revisions"}],"predecessor-version":[{"id":57213,"href":"https:\/\/speyer24news.com\/index.php?rest_route=\/wp\/v2\/posts\/57210\/revisions\/57213"}],"wp:featuredmedia":[{"embeddable":true,"href":"https:\/\/speyer24news.com\/index.php?rest_route=\/wp\/v2\/media\/31938"}],"wp:attachment":[{"href":"https:\/\/speyer24news.com\/index.php?rest_route=%2Fwp%2Fv2%2Fmedia&parent=57210"}],"wp:term":[{"taxonomy":"category","embeddable":true,"href":"https:\/\/speyer24news.com\/index.php?rest_route=%2Fwp%2Fv2%2Fcategories&post=57210"},{"taxonomy":"post_tag","embeddable":true,"href":"https:\/\/speyer24news.com\/index.php?rest_route=%2Fwp%2Fv2%2Ftags&post=57210"}],"curies":[{"name":"wp","href":"https:\/\/api.w.org\/{rel}","templated":true}]}}