{"id":57239,"date":"2024-01-04T16:11:18","date_gmt":"2024-01-04T15:11:18","guid":{"rendered":"https:\/\/speyer24news.com\/?p=57239"},"modified":"2024-01-04T20:22:52","modified_gmt":"2024-01-04T19:22:52","slug":"polizeimeldungen-donnerstag-04-01-24","status":"publish","type":"post","link":"https:\/\/speyer24news.com\/?p=57239","title":{"rendered":"Polizeimeldungen Donnerstag (04.01.24)"},"content":{"rendered":"<style type=\"text\/css\">\r\n\t.ads_top_disp{}\r\n\t.ads_top_corner_disp{ float:left; margin:0px 10px 10px 0px; }\r\n\t.ads_first_p_disp{}\r\n\t.ads_bottom_disp{}\r\n\t<\/style>\n<h2 class=\"wp-block-heading\">Polizeimeldungen vom Donnerstag (04.01.2024)<\/h2>\n\n\n<div class=\"wp-block-image\">\n<figure class=\"aligncenter size-full\"><img decoding=\"async\" loading=\"lazy\" width=\"375\" height=\"500\" src=\"https:\/\/speyer24news.com\/wp-content\/uploads\/2022\/03\/Aktuelles-Polizeilogo.jpg\" alt=\"\" class=\"wp-image-43591\" srcset=\"https:\/\/speyer24news.com\/wp-content\/uploads\/2022\/03\/Aktuelles-Polizeilogo.jpg 375w, https:\/\/speyer24news.com\/wp-content\/uploads\/2022\/03\/Aktuelles-Polizeilogo-225x300.jpg 225w\" sizes=\"(max-width: 375px) 100vw, 375px\" \/><\/figure><\/div>\n\n\n<h2 class=\"wp-block-heading\">(Speyer) &#8211; Verkehrskontrolle mit Folgen<\/h2>\n\n\n\n<p>Am Mittwoch, kurz vor 11 Uhr bemerkte eine Streife einen Fiat Kleinwagen, der vom Mausbergweg entgegen der freigegebenen Fahrtrichtung in die Wormser Landstra\u00dfe einfuhr. Der PKW wurde daraufhin einer Verkehrskontrolle unterzogen. Der kontrollierte 29-j\u00e4hrige Autofahrer war nicht im Besitz einer g\u00fcltigen Fahrerlaubnis, au\u00dferdem stellten die Beamten bei ihm drogentypische Auff\u00e4lligkeiten fest, der anschlie\u00dfend mit ihm durchgef\u00fchrte Drogenschnelltest reagierte positiv auf Kokain. Dem Mann wurde folglich durch einen Arzt eine Blutprobe entnommen. Der PKW, welcher auf den 29-J\u00e4hrigen angemeldet ist, wurde eingezogen. Gegen den Mann wurden Strafverfahren wegen Trunkenheit im Verkehr und Fahren ohne Fahrerlaubnis eingeleitet.<\/p>\n\n\n\n<h2 class=\"wp-block-heading\">(Neuhofen) &#8211; Verletzung nach Hundebiss<\/h2>\n\n\n\n<p>Am Mittwochmorgen, gegen 08:20 Uhr, f\u00fchrte eine 43-J\u00e4hrige ihren Hund in der Jahnstra\u00dfe aus. Hierbei griff ein freilaufender Rottweiler den Hund der 43-J\u00e4hrigen an. Beim Versuch, den Rottweiler von ihrem Hund abzuhalten, wurde die Frau durch den freilaufenden Hund gebissen. Hierdurch trug die 43-J\u00e4hrige eine leichte Verletzung an der Hand davon. Der Hund der Frau wurde ebenfalls verletzt. Eine vorbeilaufende Passantin nahm den Rottweiler an sich, dieser wurde dem Ordnungsamt \u00fcbergeben. Bei dem Hundehalter handelt es sich um einen 21-J\u00e4hrigen. Ein Strafverfahren wegen Fahrl\u00e4ssiger K\u00f6rperverletzung wurde eingeleitet. Warum der Hund freiherumlief, ist derzeit unbekannt.<\/p>\n\n\n\n<h2 class=\"wp-block-heading\">(Bellheim) &#8211; Auseinandersetzung bei Fu\u00dfballhallenturnier<\/h2>\n\n\n\n<p>Wegen einer Auseinandersetzung beim Fu\u00dfballhallenturnier in Bellheim kam es am Mittwochabend gegen 19 Uhr zu einem Polizeieinsatz. Nach ersten Erkenntnissen hatte ein Spieler den Schiedsrichter angegriffen. Der 34 &#8211; j\u00e4hrige Tatverd\u00e4chtige hatte w\u00e4hrend des Spiels eine rote Karte erhalten und dem 25 &#8211; j\u00e4hrigen Gesch\u00e4digten nach dem Spiel ins Gesicht geschlagen. Der Schiedsrichter erlitt hierdurch Kopfschmerzen und eine R\u00f6tung im Gesicht. Ein Ermittlungsverfahren wegen K\u00f6rperverletzung wurde eingeleitet.<\/p>\n\n\n\n<h2 class=\"wp-block-heading\">(Herxheim) &#8211; Zu schnell aus dem Kreisverkehr<\/h2>\n\n\n\n<p>Am 03.01.2024 befuhr gegen 10:25 Uhr ein 29-j\u00e4hriger BMW-Fahrer die L493 vom Gewerbegebiet West kommend in Herxheim. Beim Ausfahren aus dem dortigen Kreisverkehr kam er bei regennasser Fahrbahn aufgrund nicht angepasster Geschwindigkeit von der Fahrbahn ab, \u00fcberfuhr eine Metallstange und landete schlie\u00dflich im Graben. Am PKW BMW entstand Totalschaden in H\u00f6he von circa 8000 Euro. Der 29-J\u00e4hrige wird sich auf ein Bu\u00dfgeld in H\u00f6he von 145 Euro sowie einen Punkt in der Verkehrss\u00fcnderdatei einstellen m\u00fcssen.<\/p>\n\n\n\n<h2 class=\"wp-block-heading\">(Landau) &#8211; \u00dcbung der Polizei Landau an der Konrad-Adenauer-Realschule Plus<\/h2>\n\n\n<div class=\"wp-block-image\">\n<figure class=\"aligncenter size-full\"><img decoding=\"async\" loading=\"lazy\" width=\"800\" height=\"600\" src=\"https:\/\/speyer24news.com\/wp-content\/uploads\/2021\/04\/SEK-Beispielbild.jpg\" alt=\"\" class=\"wp-image-35457\" srcset=\"https:\/\/speyer24news.com\/wp-content\/uploads\/2021\/04\/SEK-Beispielbild.jpg 800w, https:\/\/speyer24news.com\/wp-content\/uploads\/2021\/04\/SEK-Beispielbild-300x225.jpg 300w, https:\/\/speyer24news.com\/wp-content\/uploads\/2021\/04\/SEK-Beispielbild-768x576.jpg 768w, https:\/\/speyer24news.com\/wp-content\/uploads\/2021\/04\/SEK-Beispielbild-678x509.jpg 678w, https:\/\/speyer24news.com\/wp-content\/uploads\/2021\/04\/SEK-Beispielbild-326x245.jpg 326w, https:\/\/speyer24news.com\/wp-content\/uploads\/2021\/04\/SEK-Beispielbild-80x60.jpg 80w\" sizes=\"(max-width: 800px) 100vw, 800px\" \/><figcaption class=\"wp-element-caption\">Beispielbild eines Sondereinsatzkommandos (SEK) &#8211; Bild dient lediglich der Visualisierung<\/figcaption><\/figure><\/div>\n\n\n<p>Am 04.01.2024 wurde eine \u00dcbung der Polizei Landau an der Konrad Adenauer Realschule Plus in Landau durchgef\u00fchrt. Hierbei wurde das taktische Vorgehen von Polizeikr\u00e4ften an Schulen erprobt. In diesem Zusammenhang weist die Polizei Landau darauf hin, dass keine tats\u00e4chliche Gefahrenlage f\u00fcr die Bev\u00f6lkerung bestand.<\/p>\n\n\n\n<h2 class=\"wp-block-heading\">(Landau) &#8211; Aufgrund Panne \u00fcberf\u00fchrt<\/h2>\n\n\n\n<p>Am 04.01.2024 wurde der Polizei Landau gegen 3 Uhr ein Pannenfahrzeug im Bereich der Carl-Bosch-Stra\u00dfe in Landau gemeldet. Bei der 60-j\u00e4hrigen Opel-Fahrerin konnte zu allem \u00dcberfluss Alkoholgeruch wahrgenommen werden. Ein durchgef\u00fchrter Test ergab einen Wert von knapp 0,9 Promille. Auf sie wird nun ein Bu\u00dfgeld in H\u00f6he von 500 Euro, 2 Punkte in der Verkehrss\u00fcnderdatei sowie ein einmonatiges Fahrverbot zukommen.<\/p>\n\n\n\n<h2 class=\"wp-block-heading\">(A 65 \/ Landau) &#8211; Unter Drogeneinfluss<\/h2>\n\n\n\n<p>Mit stark zitternden H\u00e4nden und verengten Pupillen wurde am Mittwochabend (03.01.2024, 23.30 Uhr) ein 36 Jahre alter Mercedesfahrer auf der A65 bei der AS Landau-Nord angehalten und einer Verkehrskontrolle unterzogen. Bei einem durchgef\u00fchrten Schnelltest konnte festgestellt werden, dass er vor Fahrtantritt Amphetamine konsumiert hatte. Eine Blutprobe wurde angeordnet und ein Strafverfahren eingeleitet.<\/p>\n\n\n\n<h2 class=\"wp-block-heading\">(Landau) &#8211; Erneut ohne Versicherungsschutz erwischt<\/h2>\n\n\n\n<p>Am 03.01.2024 wurde gegen 15:25 Uhr ein 25-j\u00e4hriger Hyundai-Fahrer in Landau in der Maximilianstra\u00dfe einer Verkehrskontrolle unterzogen. Es stellte sich heraus, dass f\u00fcr das Fahrzeug keine g\u00fcltige Haftpflichtversicherung bestand. Da der 25-J\u00e4hrige in der Vergangenheit bereits mit einem gleich gelagerten Fall in Erscheinung getreten war, wurde der PKW Hyundai zwecks Einziehung sichergestellt. Gegen den Hyundai-Fahrer wurde ein erneutes Strafverfahren wegen eines Versto\u00dfes gegen das Pflichtversicherungsgesetz eingeleitet.<\/p>\n\n\n\n<h2 class=\"wp-block-heading\">(Landau) &#8211; Beleidigt, bedroht und geschlagen<\/h2>\n\n\n<div class=\"wp-block-image\">\n<figure class=\"aligncenter size-full\"><img decoding=\"async\" loading=\"lazy\" width=\"800\" height=\"533\" src=\"https:\/\/speyer24news.com\/wp-content\/uploads\/2021\/10\/Festnahme-Handschellen.jpg\" alt=\"\" class=\"wp-image-41224\" srcset=\"https:\/\/speyer24news.com\/wp-content\/uploads\/2021\/10\/Festnahme-Handschellen.jpg 800w, https:\/\/speyer24news.com\/wp-content\/uploads\/2021\/10\/Festnahme-Handschellen-300x200.jpg 300w, https:\/\/speyer24news.com\/wp-content\/uploads\/2021\/10\/Festnahme-Handschellen-768x512.jpg 768w\" sizes=\"(max-width: 800px) 100vw, 800px\" \/><figcaption class=\"wp-element-caption\">Beispielbild Handschelle \/ Verhaftung, dient lediglich der Visualisierung<\/figcaption><\/figure><\/div>\n\n\n<p>Am 03.01.2024 wurde der Polizei Landau eine m\u00e4nnliche Person gemeldet, welche am Hauptbahnhof rechte Parolen herumschreien w\u00fcrde. Auch soll es hierbei zu einer k\u00f6rperlichen Auseinandersetzung mit einer Personengruppe gekommen sein. Vor Ort konnte ein 46-J\u00e4hriger festgestellt werden, welcher aggressiv herumschrie und auch die anwesenden Beamten beleidigte und bedrohte. Er musste gefesselt werden. Da er sich augenscheinlich in einer psychischen Ausnahmesituation befand wurde er einem psychiatrischen Krankenhaus vorgestellt. Gegen den 46-J\u00e4hrigen wurden diverse Strafverfahren eingeleitet.<\/p>\n\n\n\n<h2 class=\"wp-block-heading\">(Edenkoben) &#8211; Sachbesch\u00e4digung durch Farbschmiererei<\/h2>\n\n\n\n<p>Am Platz der Begegnung haben Unbekannte eine Steinskulptur mit Farbe beschmiert. Die Sachbesch\u00e4digung wurde in der zur\u00fcckliegenden Silvesternacht festgestellt. <\/p>\n\n\n\n<ul>\n<li><strong>Die Polizei hat die Ermittlungen aufgenommen und sucht Zeugen, die Hinweise auf den Unbekannten geben k\u00f6nnen. Diese sollen sich unter der Telefonnummer 06323 9550 an die Polizei Edenkoben wenden.<\/strong><\/li>\n<\/ul>\n\n\n\n<h2 class=\"wp-block-heading\">(Neustadt) &#8211; Aus Fehlern wird man klug&#8230;<a href=\"https:\/\/www.facebook.com\/sharer.php?u=https%3A%2F%2Fwww.presseportal.de%2Fblaulicht%2Fpm%2F117687%2F5685128%2F%3Futm_source%3Dfacebook%26utm_medium%3Dsocial\"><\/a><a href=\"https:\/\/web.whatsapp.com\/send?text=POL-PDNW%3A%20Aus%20Fehlern%20wird%20man%20klug...%0A%0Ahttps%3A%2F%2Fwww.presseportal.de%2Fblaulicht%2Fpm%2F117687%2F5685128%2F%3Futm_source%3Dwhatsapp%26utm_medium%3Dsocial\"><\/a><a href=\"https:\/\/www.xing.com\/app\/user?op=share;url=https%3A%2F%2Fwww.presseportal.de%2Fblaulicht%2Fpm%2F117687%2F5685128%2F%3Futm_source%3Dxing%26utm_medium%3Dsocial\"><\/a><a href=\"http:\/\/www.linkedin.com\/shareArticle?mini=true&amp;url=https%3A%2F%2Fwww.presseportal.de%2Fblaulicht%2Fpm%2F117687%2F5685128%2F%3Futm_source%3Dlinkedin%26utm_medium%3Dsocial&amp;title=POL-PDNW%3A+Aus+Fehlern+wird+man+klug...\"><\/a><a href=\"mailto:?subject=POL-PDNW%3A%20Aus%20Fehlern%20wird%20man%20klug...&amp;body=https:\/\/www.presseportal.de\/blaulicht\/pm\/117687\/5685128\"><\/a><\/h2>\n\n\n\n<p>Dieses Sprichwort trifft wohl nicht auf einen 25-J\u00e4hrigen aus Neustadt\/W. zu, welcher am 04.01.2024 um 10:10 Uhr in der Stra\u00dfe Am Speyerbach in 67433 Neustadt\/W. mit dem Citroen seiner Bekannten einer Verkehrskontrolle unterzogen wurde. W\u00e4hrend der Kontrolle wurde n\u00e4mlich bekannt, dass der Mann schon mehrmals mit dem Fahrzeug seiner Bekannten gefahren ist, obwohl dieser nicht im Besitz einer Fahrerlaubnis ist. Ferner stand der 25-J\u00e4hrige am heutigen Tag unter dem Einfluss von Cannabis. Daher wurde dem Fahrer eine Blutprobe entnommen und das Fahrzeug mit dem Ziel der Einziehung sichergestellt. Nun kommt auf den Neustadter erneut ein Strafverfahren, sowie ein Ordnungswidrigkeitenverfahren wegen der Trunkenheitsfahrt zu. Auch die Bekannte erwartet erneut ein Verfahren wegen des Zulassens des Fahrens ohne Fahrerlaubnis. Zudem wird die F\u00fchrerscheinstelle \u00fcber den Vorfall informiert.<\/p>\n\n\n\n<h2 class=\"wp-block-heading\">(Bad D\u00fcrkheim) &#8211; Betrunken mit gestohlenem E-Scooter unterwegs<a href=\"https:\/\/www.facebook.com\/sharer.php?u=https%3A%2F%2Fwww.presseportal.de%2Fblaulicht%2Fpm%2F117687%2F5685089%2F%3Futm_source%3Dfacebook%26utm_medium%3Dsocial\"><\/a><a href=\"https:\/\/web.whatsapp.com\/send?text=POL-PDNW%3A%20Betrunken%20mit%20gestohlenem%20E-Scooter%20unterwegs%0A%0Ahttps%3A%2F%2Fwww.presseportal.de%2Fblaulicht%2Fpm%2F117687%2F5685089%2F%3Futm_source%3Dwhatsapp%26utm_medium%3Dsocial\"><\/a><a href=\"https:\/\/www.xing.com\/app\/user?op=share;url=https%3A%2F%2Fwww.presseportal.de%2Fblaulicht%2Fpm%2F117687%2F5685089%2F%3Futm_source%3Dxing%26utm_medium%3Dsocial\"><\/a><a href=\"http:\/\/www.linkedin.com\/shareArticle?mini=true&amp;url=https%3A%2F%2Fwww.presseportal.de%2Fblaulicht%2Fpm%2F117687%2F5685089%2F%3Futm_source%3Dlinkedin%26utm_medium%3Dsocial&amp;title=POL-PDNW%3A+Betrunken+mit+gestohlenem+E-Scooter+unterwegs\"><\/a><a href=\"mailto:?subject=POL-PDNW%3A%20Betrunken%20mit%20gestohlenem%20E-Scooter%20unterwegs&amp;body=https:\/\/www.presseportal.de\/blaulicht\/pm\/117687\/5685089\"><\/a><\/h2>\n\n\n\n<p>Im Triftweg stoppten Beamte der Polizeiinspektion Bad D\u00fcrkheim am 03.01.2024 den Fahrer eines E-Scooters, nachdem ihnen dieser gegen 22:00 Uhr wegen seiner unsicheren Fahrweise aufgefallen war. W\u00e4hrend der Kontrolle stellte sich heraus, dass der 25-j\u00e4hrige Fahrer deutlich alkoholisiert war und eine Atemalkoholkonzentration von 2,01 Promille aufwies. Da der E-Scooter nicht auf den Fahrer zugelassen war, wurde die nahegelegene Halteranschrift \u00fcberpr\u00fcft. Dort stellte sich schlie\u00dflich heraus, dass das Fahrzeug vor der Fahrt aus dem Treppenhaus des Mehrfamilienhauses entwendet wurde. Dem 25-j\u00e4hrigen, gegen den nun wegen Diebstahls und Trunkenheit im Verkehr ermittelt wird, wurde eine Blutprobe entnommen. Der E-Scooter konnte der rechtm\u00e4\u00dfigen Besitzerin zwischenzeitlich wieder ausgeh\u00e4ndigt werden.<\/p>\n\n\n\n<h2 class=\"wp-block-heading\">(Ebertsheim) &#8211; Wohnungsbrand<\/h2>\n\n\n\n<p>Am Dienstag den 04.01.2024 kam es gegen 03:50 Uhr zu einem Brand in einem Einfamilienhaus in der Neugasse in Ebertsheim. Das Feuer brach im Wohnzimmer aus, in welchem auch der gr\u00f6\u00dfte Sachschaden entstand. Die eingetroffene Feuerwehr konnte den Brand schnell l\u00f6schen. Der Rauch und die Hitze setzten aber zuvor auch den anderen R\u00e4umen im Haus stark zu. Da die Bewohnerin, welche von angebrachten Rauchmeldern aus dem Schlaf gerissen wurde, Rauch einatmete, wurde sie zur medizinischen Versorgung in ein umliegendes Krankenhaus verbracht. Die Brandursache ist bisher unklar. Die Kriminalinspektion in Neustadt an der Weinstra\u00dfe hat die Ermittlungen aufgenommen.<\/p>\n\n\n\n<h2 class=\"wp-block-heading\">(Ludwigshafen) &#8211; Versuchter Zigarettenautomatenaufbruch \/ Tatverd\u00e4chtige gefasst<\/h2>\n\n\n\n<p>In der Nacht auf Donnerstag (04.01.2024) meldete ein Zeuge der Polizei Ludwigshafen, gegen 3:30 Uhr, dass er drei Personen dabei beobachte, wie diese einen Zigarettenautomaten in der Ludwig-B\u00f6rne-Stra\u00dfe aufbrechen. Als die alarmierten Polizeikr\u00e4fte vor Ort eintrafen, fl\u00fcchteten die drei Personen zu Fu\u00df. Die drei M\u00e4nner (2 x 19 Jahre, 1x 21 Jahre alt) konnten nach kurzer Verfolgung jedoch gestoppt und kontrolliert werden. Sie m\u00fcssen sich nun wegen des versuchten besonders schweren Fall des Diebstahls verantworten. Der Zigarettenautomat wurde durch die Tat besch\u00e4digt. Er konnte jedoch nicht ge\u00f6ffnet werden. Die genaue Schadensh\u00f6he wird derzeit noch ermittelt.<\/p>\n\n\n\n<h2 class=\"wp-block-heading\">(Ludwigshafen) &#8211; Autofahrer unter Drogeneinfluss<\/h2>\n\n\n\n<p>In der Nacht zum Donnerstag (04.01.2024), gegen 00:15 Uhr, kontrollierten Polizeikr\u00e4fte in der Friedrichstra\u00dfe einen 27-j\u00e4hrigen Autofahrer. W\u00e4hrend der Kontrolle ergaben sich Hinweise darauf, dass der Mann unter Drogeneinfluss steht. Ein freiwilliger Urintest reagierte positiv auf Kokain und Cannabis. Der 27-J\u00e4hrige wurde zu einer Polizeidienststelle gebracht, wo ihm eine Blutprobe entnommen wurde.<\/p>\n\n\n\n<p>Der Einfluss von Alkohol oder anderen berauschenden Mitteln stellt eine Hauptunfallursache dar. Wer berauscht f\u00e4hrt, gef\u00e4hrdet nicht nur sich, sondern auch Andere. Gegen den unter Drogeneinfluss stehenden Fahrzeugf\u00fchrer wurde ein Ordnungswidrigkeitenverfahren eingeleitet. Au\u00dferdem wird die F\u00fchrerscheinstelle die Geeignetheit des Unfallverursachers \u00fcberpr\u00fcfen.<\/p>\n\n\n\n<h2 class=\"wp-block-heading\">(Ludwigshafen) &#8211; Einbruch in Wohnhaus \/ Zeugen gesucht<\/h2>\n\n\n\n<p>Im Laufe des Mittwochs (03.01.2024), zwischen 7 Uhr und 18 Uhr, brachen Unbekannte in ein Wohnhaus in der Theodor-Storm-Stra\u00dfe in Limburgerhof ein und entwendeten Schmuck und mehrere Bilder. Der entstandene Sachschaden bel\u00e4uft sich auf circa 500 Euro. Der Wert des Diebesgutes ist derzeit noch nicht bekannt.<\/p>\n\n\n\n<ul>\n<li><strong>Wer hat die Tat beobachtet oder kann Hinweise auf die T\u00e4ter geben? Hinweise nimmt die Kriminalpolizei Ludwigshafen unter der Telefonnummer 0621 963-2773 oder per E-Mail&nbsp;<a href=\"mailto:%20kiludwigshafen.k1.kdd@polizei.rlp.de\">kiludwigshafen.k1.kdd@polizei.rlp.de<\/a>&nbsp;entgegen.<\/strong><\/li>\n<\/ul>\n\n\n\n<h2 class=\"wp-block-heading\">(Ludwigshafen) &#8211; Autofahrer bei Unfall leicht verletzt<\/h2>\n\n\n\n<p>Am Mittwochmittag (03.01.2024), gegen 12:30 Uhr, kam es zum Unfall zwischen zwei Autos an der Einm\u00fcndung Wasgaustra\u00dfe\/Madenburgstra\u00dfe. Ein 36-J\u00e4hriger VW-Fahrer missachtete die Vorfahrt eines ebenfalls 36-j\u00e4hrigen Fahrers eines Fords. Der Fahrer des Fords wurde durch den Zusammensto\u00df leicht verletzt. Durch den Unfall entstand zudem ein Schaden in H\u00f6he von rund 4.500 Euro.<\/p>\n\n\n\n<h2 class=\"wp-block-heading\">(Mannheim) &#8211; Nach Verkehrsunfallflucht in der Innenstadt Zeugen gesucht<\/h2>\n\n\n\n<p>Ein bislang unbekannter Autofahrer bzw. Autofahrerin besch\u00e4digte am Mittwoch, in der Zeit zwischen 17:00 Uhr und 17:34 Uhr, einen im innerst\u00e4dtischen Quadrat B 7 geparkten Fiat und fl\u00fcchtete von der Unfallstelle. Nach bisherigem Ermittlungsstand befuhr der oder die Unbekannte die Stra\u00dfe zwischen B 7 und dem C-Quadrat. Die H\u00f6he des Sachschadens kann derzeit noch nicht beziffert werden.<\/p>\n\n\n\n<ul>\n<li><strong>Das Polizeirevier Mannheim-Innenstadt hat die Ermittlungen wegen Verkehrsunfallflucht aufgenommen und bittet nun Zeugen, die das Geschehen beobachten konnten bzw. Hinweise zu dem Fahrer \/ die Fahrerin und\/oder dem Fahrzeug geben k\u00f6nnen, sich unter der Tel.: 0621\/1258-0 zu melden.<\/strong><\/li>\n<\/ul>\n\n\n\n<h2 class=\"wp-block-heading\">(Mannheim) &#8211; Diebstahl aus Fahrzeug \/ Zeugen gesucht<\/h2>\n\n\n\n<p>In dem Zeitraum von Dienstagabend, 21 Uhr, und Mittwochvormittag, 08 Uhr, wurde die Plastikheckscheibe eines in der Johannes-Hoffart-Stra\u00dfe abgestellten Alfa Romeo mit einem bislang unbekannten Gegenstand aufgeschlitzt. Nachdem die bislang unbekannte T\u00e4terschaft hiernach auf die Heckklappe stieg, konnte diese in das Innere des Fahrzeugs gelangen. Aus dem Alfa Romeo wurden dann eine Werkzeugkiste und ein alter CD-Player entwendet. Der Diebstahls- und Sachschaden belaufen sich auf circa 2.500 Euro.<\/p>\n\n\n\n<ul>\n<li><strong>Der Polizeiposten Neuostheim\/Flughafen hat die weiteren Ermittlungen \u00fcbernommen und bittet Zeugen, die sachdienliche Hinweise geben k\u00f6nnen, sich bitte unter der Telefonnummer 0621\/ 4236638 zu melden.<\/strong><\/li>\n<\/ul>\n\n\n\n<h2 class=\"wp-block-heading\">(A 6 \/ Mannheim) &#8211; Unbekannter Autofahrer verursacht Unfall und fl\u00fcchtet; Renault prallt gegen Leitplanke \/ Zeugen gesucht<\/h2>\n\n\n<div class=\"wp-block-image\">\n<figure class=\"aligncenter size-full\"><img decoding=\"async\" loading=\"lazy\" width=\"801\" height=\"600\" src=\"https:\/\/speyer24news.com\/wp-content\/uploads\/2020\/05\/Zeugen-gesucht-Neutral.jpg\" alt=\"\" class=\"wp-image-26598\" srcset=\"https:\/\/speyer24news.com\/wp-content\/uploads\/2020\/05\/Zeugen-gesucht-Neutral.jpg 801w, https:\/\/speyer24news.com\/wp-content\/uploads\/2020\/05\/Zeugen-gesucht-Neutral-300x225.jpg 300w, https:\/\/speyer24news.com\/wp-content\/uploads\/2020\/05\/Zeugen-gesucht-Neutral-768x575.jpg 768w, https:\/\/speyer24news.com\/wp-content\/uploads\/2020\/05\/Zeugen-gesucht-Neutral-678x509.jpg 678w, https:\/\/speyer24news.com\/wp-content\/uploads\/2020\/05\/Zeugen-gesucht-Neutral-326x245.jpg 326w, https:\/\/speyer24news.com\/wp-content\/uploads\/2020\/05\/Zeugen-gesucht-Neutral-80x60.jpg 80w\" sizes=\"(max-width: 801px) 100vw, 801px\" \/><\/figure><\/div>\n\n\n<p>Am Dienstagnachmittag gegen 18 Uhr ereignete sich auf der BAB 6 ein Unfall, bei dem eine 57-j\u00e4hrige Renault-Fahrerin gegen eine Leitplanke prallte. Ein bisher unbekannter Autofahrer bzw. Autofahrerin fuhr gegen 18 Uhr die BAB 6 von Walldorf kommend in Richtung Frankfurt entlang. Kurz vor dem Autobahnkreuz Mannheim wechselte der oder die Unbekannte von der linken auf die rechte Fahrspur und \u00fcbersieht hierbei die 57-j\u00e4hrige Renault-Fahrerin. Um einen Zusammensto\u00df zu vermeiden, wich die Frau nach rechts aus und kollidierte hierbei mit der dortigen Leitplanke. Der oder die Unbekannte setzte die Weiterfahrt fort. Die 57-J\u00e4hrige blieb gl\u00fccklicherweise unverletzt. Der Gesamtschaden wird auf rund 15.000 Euro gesch\u00e4tzt.<\/p>\n\n\n\n<ul>\n<li><strong>Die Verkehrsgruppe Bundesautobahn Mannheim hat die Ermittlungen aufgenommen und bittet in diesem Zusammenhang Zeugen, welche Hinweise zum Fahrer\/zur Fahrerin oder das Fahrzeug geben k\u00f6nnen, sich unter der Tel.: 0621 \/ 47093-0 zu melden.<\/strong><\/li>\n<\/ul>\n\n\n\n<h2 class=\"wp-block-heading\">(Heidelberg) &#8211; Motorradfahrer st\u00fcrzt ohne g\u00fcltigen F\u00fchrerschein<\/h2>\n\n\n\n<p>Am Mittwoch um 15:45 Uhr st\u00fcrzte ein 41-J\u00e4hriger Motorradfahrer alleinbeteiligt bei einem Wendevorgang im Molkenkurweg und brach sich hierbei sein Schienbein. Zur weiteren Versorgung wurde dieser in ein Krankenhaus gebracht. Im Rahmen der weiteren Ermittlungen konnte festgestellt werden, dass der 41-J\u00e4hrige keinen g\u00fcltigen F\u00fchrerschein besa\u00df, um ein Motorrad \u00fcberhaupt fahren zu d\u00fcrfen. Daher muss er mit einer Anzeige wegen Fahrens ohne Fahrerlaubnis rechnen sowie mit f\u00fchrerscheinrechtlichen Konsequenzen.<\/p>\n\n\n\n<h2 class=\"wp-block-heading\">(Heidelberg) &#8211; Gartenhausaufbruchsserie in Kirchheim \/ Polizei sucht Zeugen<\/h2>\n\n\n<div class=\"wp-block-image\">\n<figure class=\"aligncenter size-full\"><img decoding=\"async\" loading=\"lazy\" width=\"800\" height=\"516\" src=\"https:\/\/speyer24news.com\/wp-content\/uploads\/2021\/07\/Diebstahl.jpg\" alt=\"\" class=\"wp-image-39167\" srcset=\"https:\/\/speyer24news.com\/wp-content\/uploads\/2021\/07\/Diebstahl.jpg 800w, https:\/\/speyer24news.com\/wp-content\/uploads\/2021\/07\/Diebstahl-300x194.jpg 300w, https:\/\/speyer24news.com\/wp-content\/uploads\/2021\/07\/Diebstahl-768x495.jpg 768w\" sizes=\"(max-width: 800px) 100vw, 800px\" \/><\/figure><\/div>\n\n\n<p>Eine bislang unbekannte T\u00e4terschaft brach zwischen Dienstagnachmittag und Mittwochmorgen die Schl\u00f6sser an den Toren mehrerer Parzellen der Schrebergartenanlage am Leimer Weg auf, um sich Zutritt auf die jeweiligen Grundst\u00fccke zu verschaffen. Die T\u00e4terschaft drang in mindestens acht Gartenh\u00e4user beziehungsweise Ger\u00e4teschuppen ein und stahl Werkzeuge, Arbeitsger\u00e4te sowie alkoholische Getr\u00e4nke. Die genaue Schadensh\u00f6he steht bis dato nicht fest. Das Polizeirevier Heidelberg-S\u00fcd \u00fcbernahm die weiteren Ermittlungen hinsichtlich der besonders schweren F\u00e4lle des Diebstahls. <\/p>\n\n\n\n<ul>\n<li><strong>Zeugen, die sachdienliche Hinweise geben k\u00f6nnen, werden gebeten, sich beim Polizeirevier Heidelberg-S\u00fcd unter der Telefonnummer 06221\/3418-0 zu melden.<\/strong><\/li>\n<\/ul>\n\n\n\n<h2 class=\"wp-block-heading\">(Schwetzingen \/ Rhein-Neckar-Kreis) &#8211; Reifenstecher unterwegs \/ Polizei sucht Zeugen<\/h2>\n\n\n\n<p>Zu einem nicht n\u00e4her bestimmbaren Zeitpunkt in der Nacht von Dienstag auf Mittwoch zerstach eine bislang unbekannte T\u00e4terschaft die Reifen auf der Beifahrerseite eines Skodas im Kastanienweg. Das Polizeirevier Schwetzingen leitete die Ermittlungen wegen Sachbesch\u00e4digung ein. Die H\u00f6he des Schadens steht bisher nicht fest.<\/p>\n\n\n\n<ul>\n<li><strong>Zeugen, die sachdienliche Hinweise geben k\u00f6nnen, werden gebeten, sich beim Polizeirevier Schwetzingen unter der Telefonnummer 06202-288-0 zu melden.<\/strong><\/li>\n<\/ul>\n\n\n\n<h2 class=\"wp-block-heading\">(Ketsch \/ Rhein-Neckar-Kreis) &#8211; Unbekannte versucht VW kurzzuschlie\u00dfen \/ Zeugen gesucht<\/h2>\n\n\n<div class=\"wp-block-image\">\n<figure class=\"aligncenter size-full\"><img decoding=\"async\" loading=\"lazy\" width=\"801\" height=\"600\" src=\"https:\/\/speyer24news.com\/wp-content\/uploads\/2020\/05\/Zeugen-gesucht-Neutral.jpg\" alt=\"\" class=\"wp-image-26598\" srcset=\"https:\/\/speyer24news.com\/wp-content\/uploads\/2020\/05\/Zeugen-gesucht-Neutral.jpg 801w, https:\/\/speyer24news.com\/wp-content\/uploads\/2020\/05\/Zeugen-gesucht-Neutral-300x225.jpg 300w, https:\/\/speyer24news.com\/wp-content\/uploads\/2020\/05\/Zeugen-gesucht-Neutral-768x575.jpg 768w, https:\/\/speyer24news.com\/wp-content\/uploads\/2020\/05\/Zeugen-gesucht-Neutral-678x509.jpg 678w, https:\/\/speyer24news.com\/wp-content\/uploads\/2020\/05\/Zeugen-gesucht-Neutral-326x245.jpg 326w, https:\/\/speyer24news.com\/wp-content\/uploads\/2020\/05\/Zeugen-gesucht-Neutral-80x60.jpg 80w\" sizes=\"(max-width: 801px) 100vw, 801px\" \/><\/figure><\/div>\n\n\n<p>Am Donnerstag um 04.35 Uhr versuchte ein bislang unbekannter T\u00e4ter die Z\u00fcndung eines in der Hockenheimer Stra\u00dfe abgestellten VW kurzzuschlie\u00dfen. Wie der T\u00e4ter in das Fahrzeug gelangen konnte ist bislang unklar.<\/p>\n\n\n\n<p>Die Besitzer des VW wurden rechtzeitig durch die Startger\u00e4usche des Motors aufmerksam und konnten in dem vor ihrer Wohnung abgestellten VW den Unbekannten im Fahrzeug sitzend feststellen. Nachdem einer der Besitzer den T\u00e4ter zur Rede stellen wollte, ergriff dieser in Richtung Werderstra\u00dfe die Flucht. <\/p>\n\n\n\n<h4 class=\"wp-block-heading\">Der T\u00e4ter wird wie folgt beschrieben:<\/h4>\n\n\n\n<ul>\n<li><strong>m\u00e4nnlich<\/strong><\/li>\n\n\n\n<li><strong>20 &#8211; 30 Jahre alt<\/strong><\/li>\n\n\n\n<li><strong>circa 185 cm gro\u00df<\/strong><\/li>\n\n\n\n<li><strong>schlank<\/strong><\/li>\n\n\n\n<li><strong>er trug eine schwarze Kappe und einen hellgrauen Kapuzenpullover.<\/strong><\/li>\n<\/ul>\n\n\n\n<p>Eine sofort eingeleitete Fahndung nach dem T\u00e4ter verlief negativ.<\/p>\n\n\n\n<ul>\n<li><strong>Die Kriminalpolizeidirektion Heidelberg hat die weiteren Ermittlungen \u00fcbernommen. Zeugen, die sachdienliche Hinweise geben k\u00f6nnen, werden gebeten, sich unter der Telefonnummer 0621\/174-4444 zu melden.<\/strong><\/li>\n<\/ul>\n\n\n\n<h2 class=\"wp-block-heading\">(Hockenheim \/ Rhein-Neckar-Kreis) &#8211; Unbekannte brechen Zigarettenautomat auf \/ Zeugen gesucht<\/h2>\n\n\n<div class=\"wp-block-image\">\n<figure class=\"aligncenter size-full\"><img decoding=\"async\" loading=\"lazy\" width=\"801\" height=\"600\" src=\"https:\/\/speyer24news.com\/wp-content\/uploads\/2020\/05\/Zeugen-gesucht-Neutral.jpg\" alt=\"\" class=\"wp-image-26598\" srcset=\"https:\/\/speyer24news.com\/wp-content\/uploads\/2020\/05\/Zeugen-gesucht-Neutral.jpg 801w, https:\/\/speyer24news.com\/wp-content\/uploads\/2020\/05\/Zeugen-gesucht-Neutral-300x225.jpg 300w, https:\/\/speyer24news.com\/wp-content\/uploads\/2020\/05\/Zeugen-gesucht-Neutral-768x575.jpg 768w, https:\/\/speyer24news.com\/wp-content\/uploads\/2020\/05\/Zeugen-gesucht-Neutral-678x509.jpg 678w, https:\/\/speyer24news.com\/wp-content\/uploads\/2020\/05\/Zeugen-gesucht-Neutral-326x245.jpg 326w, https:\/\/speyer24news.com\/wp-content\/uploads\/2020\/05\/Zeugen-gesucht-Neutral-80x60.jpg 80w\" sizes=\"(max-width: 801px) 100vw, 801px\" \/><\/figure><\/div>\n\n\n<p>Drei bislang unbekannte T\u00e4ter hebelten in der Nacht von Mittwoch auf Donnerstag gegen 01:45 Uhr einen Zigarettenautomaten im Einm\u00fcndungsbereich der Wilhelm-Herz-Stra\u00dfe\/ Werner-Haas-Stra\u00dfe auf. Nachdem eine Zeugin durch die Aufbruchger\u00e4usche aufmerksam geworden ist, sprach diese die Drei an. Die ergriffen sodann die Flucht mit einem unbekannten Fahrzeug in Fahrtrichtung des Kreisels am S\u00fcdring.<\/p>\n\n\n\n<p>Ob die T\u00e4ter etwas entwendeten sowie die genaue H\u00f6he des Sachschadens ist bislang nicht bekannt und Gegenstand der aktuellen Ermittlungen. <\/p>\n\n\n\n<h4 class=\"wp-block-heading\">Die T\u00e4ter k\u00f6nnen wie folgt beschrieben werden:<\/h4>\n\n\n\n<ol>\n<li><strong>T\u00e4ter: m\u00e4nnlich, gro\u00df, schwarz gekleidet mit einer Sturmhaube und Hebelwerkzeug <\/strong><\/li>\n\n\n\n<li><strong>T\u00e4ter: m\u00e4nnlich, kleiner als T\u00e4ter 1, er trug eine helle Jeansjacke mit hellem Innenfutter und eine dunkle Hose <\/strong><\/li>\n\n\n\n<li><strong>T\u00e4ter: m\u00e4nnlich, helle Kleidung<\/strong><\/li>\n<\/ol>\n\n\n\n<ul>\n<li><strong>Das Polizeirevier Hockenheim hat die weiteren Ermittlungen aufgenommen und bittet in diesem Zusammenhang Zeugen, die verd\u00e4chtige Wahrnehmungen gemacht haben, Angaben zum Fluchtfahrzeug oder den T\u00e4tern geben k\u00f6nnen, sich unter der Telefonnummer 06205\/2860-0 zu melden.<\/strong><\/li>\n<\/ul>\n\n\n\n<h2 class=\"wp-block-heading\">(Leimen \/ St. Ilgen \/ Rhein-Neckar-Kreis) &#8211; Rosenkranz in aufgebrochenen Auto gefunden \/ Zeugen oder wom\u00f6glich Gesch\u00e4digte gesucht<\/h2>\n\n\n\n<p>Bereits kurz vor Weihnachten wurden drei in der Welfenallee geparkte Fahrzeuge auf bislang unbekannte Art ge\u00f6ffnet und nach Wertgegenst\u00e4nden durchsucht. In dem Zeitraum vom 22. Dezember 2023, 18 Uhr, bis 23. Dezember 2023, 10 Uhr, wurden die Beifahrert\u00fcren zweier VW und einem Mitsubishi ge\u00f6ffnet, um so in das Fahrzeuginnere zu gelangen. Ein Sachschaden entstand hierbei nicht. Lediglich aus einem VW wurde ein Reisekoffer, eine Jacke und ein Laptop entwendet. Allerdings befand sich im Fu\u00dfraum des Fahrzeugs auch ein Rosenkranz, der nicht aus dem Besitz des Fahrzeugf\u00fchrers stammt. Der Diebstahlsschaden wird auf einen niedrigen vierstelligen Betrag gesch\u00e4tzt.<\/p>\n\n\n\n<p>Der Polizeiposten Leimen hat die weiteren Ermittlungen \u00fcbernommen. Wom\u00f6glich geh\u00f6rt der Rosenkranz einem Fahrzeugf\u00fchrer\/ einer Fahrzeugf\u00fchrerin, der\/die den Einbruch in sein\/ihr Fahrzeug bislang nicht zur Anzeige gebracht hat. <\/p>\n\n\n\n<ul>\n<li><strong>M\u00f6gliche Gesch\u00e4digte, aber auch Zeugen, die hierzu Angaben machen k\u00f6nnen oder sonstige sachdienliche Hinweise geben k\u00f6nnen, werden gebeten, sich mit dem Polizeiposten Leimen, unter der Telefonnummer 06224\/1749-0, zu melden.<\/strong><\/li>\n<\/ul>\n\n\n\n<h2 class=\"wp-block-heading\">(Sch\u00f6nbrunn \/ Rhein-Neckar-Kreis) &#8211; Frau f\u00e4hrt unter Drogen Auto<\/h2>\n\n\n\n<p>Am Mittwoch gegen 23:30 Uhr wurde durch eine Polizeistreife aus Eberbach in der Heidelberger Stra\u00dfe in Sch\u00f6nbrunn eine 26-J\u00e4hrige Audi-Fahrerin einer allgemeinen Verkehrskontrolle unterzogen. Im Rahmen dieser wurde augenscheinlich eine Beeinflussung von Drogen festgestellt, weshalb ein freiwilliger Urintest durchgef\u00fchrt wurde. Dieser zeigte sich positiv auf Cannabis. Die 26-J\u00e4hrige musste in der Folge Blut abgeben und durfte auch nicht mehr weiterfahren. Sie muss mit f\u00fchrerscheinrechtlichen Konsequenzen sowie mit einer Anzeige wegen Fahrens unter berauschender Mittel rechnen. Zudem besteht der Verdacht, dass sie Cannabis vor dem Eigenkonsum besessen hat.<\/p>\n\n\n\n<h2 class=\"wp-block-heading\">(Eppelheim \/ Rhein-Neckar-Kreis) &#8211; Betrunkener LKW-Fahrer fl\u00fcchtet nach Unfall<\/h2>\n\n\n\n<p>Am Mittwoch beobachtete ein Zeuge, wie ein LKW um kurz nach 20:30 Uhr beim R\u00fcckw\u00e4rtsfahren in der Rathenaustra\u00dfe gegen einen Zaun fuhr und diesen teilweise umriss. Der Fahrer stieg aus und versuchte einen Pfosten wiederaufzurichten. Der Zeuge sprach den Unfallverursacher an und bat ihn auf das Eintreffen der Polizei zu warten. Das tat der Mann jedoch nicht, sondern fl\u00fcchtete mit seinem LKW in Richtung Autobahn. Eine Polizeistreife, die nach dem Fahrzeug fahndete, konnte den Lastwagen kurze Zeit sp\u00e4ter im Grasweg ausfindig machen und kontrollieren. Als die Streife mit dem Fahrer das Gespr\u00e4ch suchte, wurde schnell klar, warum der Mann zuvor geflohen war. Der 57-Fahrer stand ganz erheblich unter Alkoholeinfluss. Ein Atemtest ergab einen Wert von fast 2,6 Promille. Der Mann musste eine Blutprobe sowie seinen F\u00fchrerschein abgeben. Eine Weiterfahrt wurde ihm untersagt. Der Schaden am Zaun wird auf mehrere hundert Euro gesch\u00e4tzt. Der 57-J\u00e4hrige sich muss nun wegen Trunkenheit im Stra\u00dfenverkehr und Unfallflucht verantworten.<\/p>\n","protected":false},"excerpt":{"rendered":"<div class=\"mh-excerpt\"><p>Polizeimeldungen vom Donnerstag (04.01.2024) (Speyer) &#8211; Verkehrskontrolle mit Folgen Am Mittwoch, kurz vor 11 Uhr bemerkte eine Streife einen Fiat Kleinwagen, der vom Mausbergweg entgegen der freigegebenen Fahrtrichtung in die Wormser Landstra\u00dfe einfuhr. Der PKW <a class=\"mh-excerpt-more\" href=\"https:\/\/speyer24news.com\/?p=57239\" title=\"Polizeimeldungen Donnerstag (04.01.24)\">[&#8230;]<\/a><\/p>\n<\/div>","protected":false},"author":3,"featured_media":26162,"comment_status":"open","ping_status":"open","sticky":false,"template":"","format":"standard","meta":{"_monsterinsights_skip_tracking":false,"_monsterinsights_sitenote_active":false,"_monsterinsights_sitenote_note":"","_monsterinsights_sitenote_category":0,"footnotes":""},"categories":[15659],"tags":[7273,7243,7244,10926,13554,350,14537,15084,15267,14538,15361,702,61,2555,14113,6955,6986,6263,63,105,11150,6987,53,13540,16956,4683,14958,12967,102,13626,213,14325,14324,13553,13541,16955,2625,380],"aioseo_notices":[],"amp_enabled":true,"_links":{"self":[{"href":"https:\/\/speyer24news.com\/index.php?rest_route=\/wp\/v2\/posts\/57239"}],"collection":[{"href":"https:\/\/speyer24news.com\/index.php?rest_route=\/wp\/v2\/posts"}],"about":[{"href":"https:\/\/speyer24news.com\/index.php?rest_route=\/wp\/v2\/types\/post"}],"author":[{"embeddable":true,"href":"https:\/\/speyer24news.com\/index.php?rest_route=\/wp\/v2\/users\/3"}],"replies":[{"embeddable":true,"href":"https:\/\/speyer24news.com\/index.php?rest_route=%2Fwp%2Fv2%2Fcomments&post=57239"}],"version-history":[{"count":3,"href":"https:\/\/speyer24news.com\/index.php?rest_route=\/wp\/v2\/posts\/57239\/revisions"}],"predecessor-version":[{"id":57243,"href":"https:\/\/speyer24news.com\/index.php?rest_route=\/wp\/v2\/posts\/57239\/revisions\/57243"}],"wp:featuredmedia":[{"embeddable":true,"href":"https:\/\/speyer24news.com\/index.php?rest_route=\/wp\/v2\/media\/26162"}],"wp:attachment":[{"href":"https:\/\/speyer24news.com\/index.php?rest_route=%2Fwp%2Fv2%2Fmedia&parent=57239"}],"wp:term":[{"taxonomy":"category","embeddable":true,"href":"https:\/\/speyer24news.com\/index.php?rest_route=%2Fwp%2Fv2%2Fcategories&post=57239"},{"taxonomy":"post_tag","embeddable":true,"href":"https:\/\/speyer24news.com\/index.php?rest_route=%2Fwp%2Fv2%2Ftags&post=57239"}],"curies":[{"name":"wp","href":"https:\/\/api.w.org\/{rel}","templated":true}]}}