{"id":57265,"date":"2024-01-05T12:41:55","date_gmt":"2024-01-05T11:41:55","guid":{"rendered":"https:\/\/speyer24news.com\/?p=57265"},"modified":"2024-01-05T12:41:56","modified_gmt":"2024-01-05T11:41:56","slug":"stadtnotiz-veranstaltung","status":"publish","type":"post","link":"https:\/\/speyer24news.com\/?p=57265","title":{"rendered":"Stadtnotiz \/ Veranstaltung"},"content":{"rendered":"<style type=\"text\/css\">\r\n\t.ads_top_disp{}\r\n\t.ads_top_corner_disp{ float:left; margin:0px 10px 10px 0px; }\r\n\t.ads_first_p_disp{}\r\n\t.ads_bottom_disp{}\r\n\t<\/style>\n<h2 class=\"wp-block-heading\">Semesterer\u00f6ffnungsvortrag der VHS zeigt faszinierende Welt der \u201eNatur im Garten\u201c<\/h2>\n\n\n<div class=\"wp-block-image\">\n<figure class=\"aligncenter size-full\"><img decoding=\"async\" loading=\"lazy\" width=\"667\" height=\"500\" src=\"https:\/\/speyer24news.com\/wp-content\/uploads\/2019\/10\/Villa-Ecarius.jpg\" alt=\"\" class=\"wp-image-20878\" srcset=\"https:\/\/speyer24news.com\/wp-content\/uploads\/2019\/10\/Villa-Ecarius.jpg 667w, https:\/\/speyer24news.com\/wp-content\/uploads\/2019\/10\/Villa-Ecarius-300x225.jpg 300w, https:\/\/speyer24news.com\/wp-content\/uploads\/2019\/10\/Villa-Ecarius-326x245.jpg 326w, https:\/\/speyer24news.com\/wp-content\/uploads\/2019\/10\/Villa-Ecarius-80x60.jpg 80w\" sizes=\"(max-width: 667px) 100vw, 667px\" \/><\/figure><\/div>\n\n\n<p>Die Volkshochschule (VHS) der Stadt Speyer l\u00e4dt f\u00fcr <strong>Donnerstag, 18. Januar 2024, um 19.30 Uhr<\/strong>, zu einem beeindruckenden Semesterer\u00f6ffnungsvortrag im Kleinen Saal der Stadthalle ein. Unter dem Titel \u201eNatur im Garten\u201c nimmt der renommierte Makrofotograf und Forstingenieur Roland G\u00fcnter die Zuschauenden mit auf eine visuelle Reise durch die einzigartige Formen- und Farbenwelt eines Gartens und dessen Lebewesen.<\/p>\n\n\n\n<p>In Kooperation mit verschiedenen Organisationen, Institutionen und Vereinen, darunter die Forschungswerkstatt Natur-Kunst-Technik e. V., die Bieneninitiative Speyer, der Natur- und Vogelschutzverein Dudenhofen e. V., die Pollichia Ortsgruppe Speyer, die BUND Kreisgruppe Speyer, der Verein der Freunde und F\u00f6rderer der Rucksackschule e. V., die Stadtbibliothek und das Nachhaltigkeitsmanagement Speyer, pr\u00e4sentiert die Volkshochschule diesen au\u00dfergew\u00f6hnlichen Vortrag im Rahmen der Kampagne \u201eTausende G\u00e4rten \u2013 Tausende Arten\u201c.<\/p>\n\n\n<div class=\"wp-block-image\">\n<figure class=\"aligncenter size-full\"><img decoding=\"async\" loading=\"lazy\" width=\"800\" height=\"534\" src=\"https:\/\/speyer24news.com\/wp-content\/uploads\/2021\/04\/nature-5070680_1920.jpg\" alt=\"\" class=\"wp-image-35062\" srcset=\"https:\/\/speyer24news.com\/wp-content\/uploads\/2021\/04\/nature-5070680_1920.jpg 800w, https:\/\/speyer24news.com\/wp-content\/uploads\/2021\/04\/nature-5070680_1920-300x200.jpg 300w, https:\/\/speyer24news.com\/wp-content\/uploads\/2021\/04\/nature-5070680_1920-768x513.jpg 768w\" sizes=\"(max-width: 800px) 100vw, 800px\" \/><\/figure><\/div>\n\n\n<p>G\u00e4rten sind nicht nur Treffpunkte f\u00fcr Menschen, sondern auch faszinierende Lebensr\u00e4ume und Oasen der Ruhe und Erholung. Roland G\u00fcnter zeigt in seinem Multivisionsvortrag auf eindrucksvolle Weise, wie selbst kleine G\u00e4rten Tiere anziehen k\u00f6nnen, wenn sie nur entsprechend dazu ermutigt werden.<\/p>\n\n\n\n<p>Der Vortrag verspricht ein Fest f\u00fcr die Sinne, bei dem die Besuchenden auf humorvolle Art und Weise erfahren, wann und warum Natur im Garten einen entscheidenden Beitrag zur Artenvielfalt leistet. Ein Abend zum Zur\u00fccklehnen, Genie\u00dfen und Staunen wartet auf das Publikum.<\/p>\n\n\n\n<h3 class=\"wp-block-heading\"><em>Der Eintritt zum Vortrag (Kursnummer 10400) ist frei. Eine Anmeldung unter der Telefonnummer 06232-14-1360 oder \u00fcber die Website der Volkshochschule unter\u00a0<a href=\"https:\/\/deref-web.de\/mail\/client\/ohzr0M7jvUA\/dereferrer\/?redirectUrl=http%3A%2F%2Fwww.vhs-speyer.de%2Fvortraege\" target=\"_blank\" rel=\"noreferrer noopener\">www.vhs-speyer.de\/vortraege<\/a>\u00a0ist n\u00f6tig.<\/em><\/h3>\n\n\n\n<p><em>Text: Stadtverwaltung Speyer, VHS Speyer Foto: Speyer 24 NEWS<br>05.01.2024<\/em><\/p>\n","protected":false},"excerpt":{"rendered":"<div class=\"mh-excerpt\"><p>Semesterer\u00f6ffnungsvortrag der VHS zeigt faszinierende Welt der \u201eNatur im Garten\u201c Die Volkshochschule (VHS) der Stadt Speyer l\u00e4dt f\u00fcr Donnerstag, 18. Januar 2024, um 19.30 Uhr, zu einem beeindruckenden Semesterer\u00f6ffnungsvortrag im Kleinen Saal der Stadthalle ein. <a class=\"mh-excerpt-more\" href=\"https:\/\/speyer24news.com\/?p=57265\" title=\"Stadtnotiz \/ Veranstaltung\">[&#8230;]<\/a><\/p>\n<\/div>","protected":false},"author":3,"featured_media":46477,"comment_status":"open","ping_status":"open","sticky":false,"template":"","format":"standard","meta":{"_monsterinsights_skip_tracking":false,"_monsterinsights_sitenote_active":false,"_monsterinsights_sitenote_note":"","_monsterinsights_sitenote_category":0,"footnotes":""},"categories":[47,13],"tags":[17106,1386,17107,4378,1055,17102,17100,17099,9944,17104,11169,17108,17101,17103,6,1434,513,459,3132],"aioseo_notices":[],"amp_enabled":true,"_links":{"self":[{"href":"https:\/\/speyer24news.com\/index.php?rest_route=\/wp\/v2\/posts\/57265"}],"collection":[{"href":"https:\/\/speyer24news.com\/index.php?rest_route=\/wp\/v2\/posts"}],"about":[{"href":"https:\/\/speyer24news.com\/index.php?rest_route=\/wp\/v2\/types\/post"}],"author":[{"embeddable":true,"href":"https:\/\/speyer24news.com\/index.php?rest_route=\/wp\/v2\/users\/3"}],"replies":[{"embeddable":true,"href":"https:\/\/speyer24news.com\/index.php?rest_route=%2Fwp%2Fv2%2Fcomments&post=57265"}],"version-history":[{"count":1,"href":"https:\/\/speyer24news.com\/index.php?rest_route=\/wp\/v2\/posts\/57265\/revisions"}],"predecessor-version":[{"id":57266,"href":"https:\/\/speyer24news.com\/index.php?rest_route=\/wp\/v2\/posts\/57265\/revisions\/57266"}],"wp:featuredmedia":[{"embeddable":true,"href":"https:\/\/speyer24news.com\/index.php?rest_route=\/wp\/v2\/media\/46477"}],"wp:attachment":[{"href":"https:\/\/speyer24news.com\/index.php?rest_route=%2Fwp%2Fv2%2Fmedia&parent=57265"}],"wp:term":[{"taxonomy":"category","embeddable":true,"href":"https:\/\/speyer24news.com\/index.php?rest_route=%2Fwp%2Fv2%2Fcategories&post=57265"},{"taxonomy":"post_tag","embeddable":true,"href":"https:\/\/speyer24news.com\/index.php?rest_route=%2Fwp%2Fv2%2Ftags&post=57265"}],"curies":[{"name":"wp","href":"https:\/\/api.w.org\/{rel}","templated":true}]}}