{"id":57280,"date":"2024-01-05T14:13:39","date_gmt":"2024-01-05T13:13:39","guid":{"rendered":"https:\/\/speyer24news.com\/?p=57280"},"modified":"2024-01-05T14:13:40","modified_gmt":"2024-01-05T13:13:40","slug":"verkehrsbeeintraechtigungen-durch-versammlungen-am-08-01-2024","status":"publish","type":"post","link":"https:\/\/speyer24news.com\/?p=57280","title":{"rendered":"Verkehrsbeeintr\u00e4chtigungen durch Versammlungen am 08.01.2024"},"content":{"rendered":"<style type=\"text\/css\">\r\n\t.ads_top_disp{}\r\n\t.ads_top_corner_disp{ float:left; margin:0px 10px 10px 0px; }\r\n\t.ads_first_p_disp{}\r\n\t.ads_bottom_disp{}\r\n\t<\/style>\n<h2 class=\"wp-block-heading\">Erhebliche Verkehrsbeeintr\u00e4chtigungen durch Versammlungen am 08.01.2024 erwartet<\/h2>\n\n\n<div class=\"wp-block-image\">\n<figure class=\"aligncenter size-large\"><img decoding=\"async\" loading=\"lazy\" width=\"1024\" height=\"512\" src=\"https:\/\/speyer24news.com\/wp-content\/uploads\/2022\/01\/Demonstration-1024x512.png\" alt=\"\" class=\"wp-image-43221\" srcset=\"https:\/\/speyer24news.com\/wp-content\/uploads\/2022\/01\/Demonstration-1024x512.png 1024w, https:\/\/speyer24news.com\/wp-content\/uploads\/2022\/01\/Demonstration-300x150.png 300w, https:\/\/speyer24news.com\/wp-content\/uploads\/2022\/01\/Demonstration-768x384.png 768w, https:\/\/speyer24news.com\/wp-content\/uploads\/2022\/01\/Demonstration.png 1200w\" sizes=\"(max-width: 1024px) 100vw, 1024px\" \/><\/figure><\/div>\n\n\n<p><strong>(Mannheim \/ Heidelberg \/ Rhein-Neckar Kreis) &#8211; <\/strong>Am kommenden Montag, dem 08.01.2024, werden aufgrund landesweit angek\u00fcndigter Proteste auch Versammlungen im Zust\u00e4ndigkeitsbereich des Polizeipr\u00e4sidium Mannheim stattfinden. Die Aufz\u00fcge sollen in Form von sogenannten Sternfahrten mittels Traktoren stattfinden. Dar\u00fcber hinaus kann es ebenfalls zu station\u00e4ren Versammlungen kommen. Durch Kooperationsgespr\u00e4che mit den jeweiligen Versammlungsbeh\u00f6rden, wurde versucht die Auswirkungen f\u00fcr den \u00f6ffentlichen Stra\u00dfenverkehr so gering wie m\u00f6glich zu halten. Aufgrund der anfahrenden Versammlungsteilnehmerinnen und -teilnehmer, aber auch aufgrund der Versammlungen selbst muss im gesamten Tagesverlauf mit erheblichen Verkehrsbeeintr\u00e4chtigungen in <strong>Heidelberg, Mannheim und dem Rhein-Neckar-Kreis <\/strong>gerechnet werden. <\/p>\n\n\n\n<ul>\n<li>Bereits in den fr\u00fchen Morgenstunden kommt es zu einer Fahrt mehrerer Traktoren im Stadtgebiet <strong>Heidelberg<\/strong>. <\/li>\n\n\n\n<li>Weiterhin ist eine Traktorenfahrt im Bereich <strong>Hockenheim <\/strong>angemeldet, welche sich im Anschluss aber in Richtung <strong>Bruchsal <\/strong>auf den Weg machen wird. <\/li>\n\n\n\n<li>Beginnend am Nachmittag werden sich Versammlungsteilnehmerinnen- und teilnehmer mit ihren Fahrzeugen durch das Stadtgebiet <strong>Mannheim <\/strong>bewegen und in den Abendstunden im Rahmen der Aktionen nach derzeitigem Stand ein Mahnfeuer, angrenzend an die B 44 zwischen <strong>Mannheim-Sandhofen und Lampertheim<\/strong>, veranstalten. <\/li>\n\n\n\n<li>Im Zeitraum von 12 Uhr bis 20 Uhr ist zudem eine Sternfahrt mit mehreren hundert Traktoren zwischen <strong>Sinsheim und Heidelberg<\/strong> angemeldet worden.<\/li>\n<\/ul>\n\n\n\n<p>Die Polizei bittet alle Verkehrsteilnehmenden dies &#8211; insbesondere im Berufsverkehr &#8211; bei ihren Reiseplanungen zu beachten. Verkehrsteilnehmerinnen und -teilnehmer die von entsprechenden Verkehrsbeeintr\u00e4chtigungen und -verz\u00f6gerungen betroffen sind, werden gebeten die notwendige Vorsicht und R\u00fccksichtnahme walten zu lassen, um eine Gef\u00e4hrdung oder gar Sch\u00e4digung zu vermeiden.<\/p>\n\n\n\n<p><em>Polizeipr\u00e4sidium Mannheim<br>05.01.2024<\/em><\/p>\n","protected":false},"excerpt":{"rendered":"<div class=\"mh-excerpt\"><p>Erhebliche Verkehrsbeeintr\u00e4chtigungen durch Versammlungen am 08.01.2024 erwartet (Mannheim \/ Heidelberg \/ Rhein-Neckar Kreis) &#8211; Am kommenden Montag, dem 08.01.2024, werden aufgrund landesweit angek\u00fcndigter Proteste auch Versammlungen im Zust\u00e4ndigkeitsbereich des Polizeipr\u00e4sidium Mannheim stattfinden. Die Aufz\u00fcge sollen <a class=\"mh-excerpt-more\" href=\"https:\/\/speyer24news.com\/?p=57280\" title=\"Verkehrsbeeintr\u00e4chtigungen durch Versammlungen am 08.01.2024\">[&#8230;]<\/a><\/p>\n<\/div>","protected":false},"author":3,"featured_media":51381,"comment_status":"open","ping_status":"open","sticky":false,"template":"","format":"standard","meta":{"_monsterinsights_skip_tracking":false,"_monsterinsights_sitenote_active":false,"_monsterinsights_sitenote_note":"","_monsterinsights_sitenote_category":0,"footnotes":""},"categories":[15659],"tags":[17121,17120,5471,391,13537,57,108,56,103,2944,17122,17124,17123,11217,17119],"aioseo_notices":[],"amp_enabled":true,"_links":{"self":[{"href":"https:\/\/speyer24news.com\/index.php?rest_route=\/wp\/v2\/posts\/57280"}],"collection":[{"href":"https:\/\/speyer24news.com\/index.php?rest_route=\/wp\/v2\/posts"}],"about":[{"href":"https:\/\/speyer24news.com\/index.php?rest_route=\/wp\/v2\/types\/post"}],"author":[{"embeddable":true,"href":"https:\/\/speyer24news.com\/index.php?rest_route=\/wp\/v2\/users\/3"}],"replies":[{"embeddable":true,"href":"https:\/\/speyer24news.com\/index.php?rest_route=%2Fwp%2Fv2%2Fcomments&post=57280"}],"version-history":[{"count":1,"href":"https:\/\/speyer24news.com\/index.php?rest_route=\/wp\/v2\/posts\/57280\/revisions"}],"predecessor-version":[{"id":57281,"href":"https:\/\/speyer24news.com\/index.php?rest_route=\/wp\/v2\/posts\/57280\/revisions\/57281"}],"wp:featuredmedia":[{"embeddable":true,"href":"https:\/\/speyer24news.com\/index.php?rest_route=\/wp\/v2\/media\/51381"}],"wp:attachment":[{"href":"https:\/\/speyer24news.com\/index.php?rest_route=%2Fwp%2Fv2%2Fmedia&parent=57280"}],"wp:term":[{"taxonomy":"category","embeddable":true,"href":"https:\/\/speyer24news.com\/index.php?rest_route=%2Fwp%2Fv2%2Fcategories&post=57280"},{"taxonomy":"post_tag","embeddable":true,"href":"https:\/\/speyer24news.com\/index.php?rest_route=%2Fwp%2Fv2%2Ftags&post=57280"}],"curies":[{"name":"wp","href":"https:\/\/api.w.org\/{rel}","templated":true}]}}