{"id":57284,"date":"2024-01-05T16:55:54","date_gmt":"2024-01-05T15:55:54","guid":{"rendered":"https:\/\/speyer24news.com\/?p=57284"},"modified":"2024-01-05T16:55:55","modified_gmt":"2024-01-05T15:55:55","slug":"verkehrsbeeintraechtigungen-durch-versammlungen-der-landwirte-am-08-01-2024","status":"publish","type":"post","link":"https:\/\/speyer24news.com\/?p=57284","title":{"rendered":"Verkehrsbeeintr\u00e4chtigungen durch Versammlungen der Landwirte am 08.01.2024"},"content":{"rendered":"<style type=\"text\/css\">\r\n\t.ads_top_disp{}\r\n\t.ads_top_corner_disp{ float:left; margin:0px 10px 10px 0px; }\r\n\t.ads_first_p_disp{}\r\n\t.ads_bottom_disp{}\r\n\t<\/style>\n<h2 class=\"wp-block-heading\">Auf Grund bundesweiter Versammlungen und Aufz\u00fcge am Montag (08.01.2024) werden auch in der Vorder- und S\u00fcdpfalz Verkehrsbeeintr\u00e4chtigungen erwartet \/ Hinweise der Polizei<\/h2>\n\n\n<div class=\"wp-block-image\">\n<figure class=\"aligncenter size-large\"><img decoding=\"async\" loading=\"lazy\" width=\"1024\" height=\"512\" src=\"https:\/\/speyer24news.com\/wp-content\/uploads\/2022\/01\/Demonstration-1024x512.png\" alt=\"\" class=\"wp-image-43221\" srcset=\"https:\/\/speyer24news.com\/wp-content\/uploads\/2022\/01\/Demonstration-1024x512.png 1024w, https:\/\/speyer24news.com\/wp-content\/uploads\/2022\/01\/Demonstration-300x150.png 300w, https:\/\/speyer24news.com\/wp-content\/uploads\/2022\/01\/Demonstration-768x384.png 768w, https:\/\/speyer24news.com\/wp-content\/uploads\/2022\/01\/Demonstration.png 1200w\" sizes=\"(max-width: 1024px) 100vw, 1024px\" \/><\/figure><\/div>\n\n\n<p><strong>(Pr\u00e4sidialbereich Rheinpfalz) \u2013 <\/strong>Im Zusammenhang mit bundesweiten Aktionen haben der Bauernverband und andere Organisationen f\u00fcr kommenden Montag (08.01.2024) zahlreiche Demonstrationen im Bereich der Vorder- und S\u00fcdpfalz angemeldet.<\/p>\n\n\n\n<p>Obwohl die Polizei die Versammlungen und Aktionen begleitet, wird es wahrscheinlich zu erheblichen Verkehrsbehinderungen kommen, insbesondere im fr\u00fchmorgendlichen Berufsverkehr.<\/p>\n\n\n\n<h4 class=\"wp-block-heading\">Regionale Protestaktionen sollen am Montagmorgen an folgenden Orten durchgef\u00fchrt werden:<\/h4>\n\n\n\n<ul>\n<li><strong>an der Autobahn 6 an den Anschlussstellen Gr\u00fcnstadt und Wattenheim<\/strong><\/li>\n\n\n\n<li><strong>an der Autobahn 65 an den Anschlussstellen Edenkoben, Rohrbach, Kandel-Nord und -S\u00fcd<\/strong><\/li>\n\n\n\n<li><strong>an der B 9 an den Anschlussstellen R\u00fclzheim-Nord und Jockgrim (Industriegebiet)<\/strong><\/li>\n\n\n\n<li><strong>an der B 10 an der Auffahrt Landau-Godramstein<\/strong><\/li>\n\n\n\n<li><strong>auf der L 512 in Richtung B 10 bzw. Richtung A 65<\/strong><\/li>\n\n\n\n<li><strong>an den Auffahrten zur B 38 bei Landau-Ebenberg<\/strong><\/li>\n<\/ul>\n\n\n\n<p>An diesen Stra\u00dfenabschnitten ist ein Auffahren auf diese&nbsp;<strong>ab voraussichtlich 6 Uhr bzw. 6:30 Uhr f\u00fcr die Dauer von einer Stunde<\/strong>&nbsp;nicht m\u00f6glich. Auch wenn die Ausfahrten frei bleiben, m\u00fcssen sie dennoch mit sp\u00fcrbaren Verkehrsbeeintr\u00e4chtigungen rechnen.<\/p>\n\n\n\n<p>Dabei wird es nicht nur w\u00e4hrend der Dauer der Versammlungen zu Behinderungen kommen, sondern auch davor und danach wegen der An- und Abreise der Versammlungsteilnehmenden mit ihren Traktoren.<\/p>\n\n\n\n<p>Neben diesen regionalen Versammlungen ist am&nbsp;<strong>Montagmorgen ab 8 Uhr auch eine Sternfahrt<\/strong>&nbsp;mit mehreren hundert Traktoren nach&nbsp;<strong>Ludwigshafen&nbsp;<\/strong>\u00fcber folgende Stra\u00dfen geplant:<\/p>\n\n\n\n<ul>\n<li><strong>aus dem S\u00fcden ab der Anschlussstelle Schwegenheim (B272) \u00fcber die B 9<\/strong><\/li>\n\n\n\n<li><strong>aus westlicher Richtung ab der Anschlussstelle Neustadt-S\u00fcd \u00fcber die Autobahn 65 und vom Wurstmarktplatz in Bad D\u00fcrkheim \u00fcber die A 650<\/strong><\/li>\n\n\n\n<li><strong>aus dem Norden vom Festplatz Worms \u00fcber die L 523 durch Frankenthal und danach auf die B 9 in Richtung Oggersheimer Kreuz<\/strong><\/li>\n<\/ul>\n\n\n\n<p>Die Sternfahrt endet an der&nbsp;<strong>Friedrich-Ebert-Halle<\/strong>&nbsp;in der Erzbergerstra\u00dfe in&nbsp;<strong>Ludwigshafen<\/strong>, wo am Vormittag&nbsp;<strong>ab 10:30 Uhr<\/strong>&nbsp;eine Kundgebung geplant ist, die&nbsp;<strong>voraussichtlich gegen 13:30 Uhr enden<\/strong>&nbsp;soll.<\/p>\n\n\n\n<h4 class=\"wp-block-heading\">Die Traktoren der Sternfahrt nach Ludwigshafen werden zentral \u00fcber folgende Strecke zur Friedrich-Ebert-Halle polizeilich begleitet:<\/h4>\n\n\n\n<ul>\n<li><strong>aus allen Richtungen zum Oggersheimer Kreuz (A 650 \/ B 9)<\/strong><\/li>\n\n\n\n<li><strong>A 650 bis zur Abfahrt Ludwigshafen-Oggersheim-S\u00fcd<\/strong><\/li>\n\n\n\n<li><strong>Kreisstra\u00dfe 3 bis zur Mannheimer Stra\u00dfe<\/strong><\/li>\n\n\n\n<li><strong>Mannheimer Stra\u00dfe bzw. Frankenthaler Stra\u00dfe bis Bayreuther Stra\u00dfe<\/strong><\/li>\n\n\n\n<li><strong>Kopernikusstra\u00dfe bis zur Sternstra\u00dfe<\/strong><\/li>\n\n\n\n<li><strong>Sternstra\u00dfe bis zur Erzbergerstra\u00dfe<\/strong><\/li>\n<\/ul>\n\n\n\n<p><strong>Die Kopernikusstra\u00dfe wird am fr\u00fchen Montagmorgen f\u00fcr den Stra\u00dfenverkehr komplett gesperrt und steht als erg\u00e4nzender Parkraum f\u00fcr Traktoren zur Verf\u00fcgung.<\/strong><\/p>\n\n\n\n<p>Insbesondere w\u00e4hrend der Anreise der erwarteten mehreren hundert Traktoren ab voraussichtlich 9 Uhr und w\u00e4hrend der Abreise der Traktoren&nbsp;<strong>ab voraussichtlich 13:30 Uhr<\/strong>&nbsp;ist mit&nbsp;<strong>erheblichen Verkehrsbeeintr\u00e4chtigungen im Stadtgebiet Ludwigshafen, insbesondere im Umfeld der Friedrich-Ebert-Halle<\/strong>, zu rechnen.<\/p>\n\n\n\n<p>Bei der R\u00fcckfahrt der Traktoren d\u00fcrfen diese nicht mehr die Autobahnen oder Kraftfahrstra\u00dfen benutzen, so dass es auch abseits der Hauptverkehrswege auf den Landstra\u00dfen und in Gemeinden zu sp\u00fcrbaren Verkehrsbeeintr\u00e4chtigungen kommen d\u00fcrfte.<\/p>\n\n\n\n<p>Bitte rechnen Sie ganzt\u00e4gig mit starken Verkehrsbehinderungen in der Region. Die Polizei r\u00e4t allen B\u00fcrgerinnen und B\u00fcrgern, dies bei der Planung des Arbeits- und Schulwegs bzw. bei sonstigen Fahrten zu ber\u00fccksichtigen.<\/p>\n\n\n\n<p>Wir bitten alle Verkehrs- und auch Versammlungsteilnehmende, unbedingt Not- und Rettungswege freizuhalten, damit Rettungsfahrzeuge, Feuerwehren und die Polizei ungehindert zu ihren Einsatzstellen gelangen k\u00f6nnen.<\/p>\n\n\n\n<p>Das Polizeipr\u00e4sidium Rheinpfalz mit Sitz in Ludwigshafen am Rhein ist zust\u00e4ndig f\u00fcr die Sicherheit von rund 900.000 Menschen. Der Dienstbezirk der Beh\u00f6rde mit ihren rund 2200 Mitarbeiterinnen und Mitarbeitern umfasst auf etwa 2.400 Quadratkilometern die Vorder- und S\u00fcdpfalz mit den Landkreisen Bad D\u00fcrkheim, Germersheim, Rhein-Pfalz-Kreis und S\u00fcdliche Weinstra\u00dfe sowie die kreisfreien St\u00e4dte Frankenthal (Pfalz), Landau in der Pfalz, Ludwigshafen am Rhein, Neustadt a.d.W. und Speyer.<\/p>\n\n\n\n<p><em>Polizeipr\u00e4sidium Rheinpfalz<br>05.01.2024<\/em><\/p>\n","protected":false},"excerpt":{"rendered":"<div class=\"mh-excerpt\"><p>Auf Grund bundesweiter Versammlungen und Aufz\u00fcge am Montag (08.01.2024) werden auch in der Vorder- und S\u00fcdpfalz Verkehrsbeeintr\u00e4chtigungen erwartet \/ Hinweise der Polizei (Pr\u00e4sidialbereich Rheinpfalz) \u2013 Im Zusammenhang mit bundesweiten Aktionen haben der Bauernverband und andere <a class=\"mh-excerpt-more\" href=\"https:\/\/speyer24news.com\/?p=57284\" title=\"Verkehrsbeeintr\u00e4chtigungen durch Versammlungen der Landwirte am 08.01.2024\">[&#8230;]<\/a><\/p>\n<\/div>","protected":false},"author":3,"featured_media":51381,"comment_status":"open","ping_status":"open","sticky":false,"template":"","format":"standard","meta":{"_monsterinsights_skip_tracking":false,"_monsterinsights_sitenote_active":false,"_monsterinsights_sitenote_note":"","_monsterinsights_sitenote_category":0,"footnotes":""},"categories":[15659],"tags":[15106,15556,17120,17126,17127,391,17132,17129,225,60,159,1668,211,58,8956,17135,17125,153,59,17133,17134,1205,223,451,11217,17128,302,2304],"aioseo_notices":[],"amp_enabled":true,"_links":{"self":[{"href":"https:\/\/speyer24news.com\/index.php?rest_route=\/wp\/v2\/posts\/57284"}],"collection":[{"href":"https:\/\/speyer24news.com\/index.php?rest_route=\/wp\/v2\/posts"}],"about":[{"href":"https:\/\/speyer24news.com\/index.php?rest_route=\/wp\/v2\/types\/post"}],"author":[{"embeddable":true,"href":"https:\/\/speyer24news.com\/index.php?rest_route=\/wp\/v2\/users\/3"}],"replies":[{"embeddable":true,"href":"https:\/\/speyer24news.com\/index.php?rest_route=%2Fwp%2Fv2%2Fcomments&post=57284"}],"version-history":[{"count":1,"href":"https:\/\/speyer24news.com\/index.php?rest_route=\/wp\/v2\/posts\/57284\/revisions"}],"predecessor-version":[{"id":57290,"href":"https:\/\/speyer24news.com\/index.php?rest_route=\/wp\/v2\/posts\/57284\/revisions\/57290"}],"wp:featuredmedia":[{"embeddable":true,"href":"https:\/\/speyer24news.com\/index.php?rest_route=\/wp\/v2\/media\/51381"}],"wp:attachment":[{"href":"https:\/\/speyer24news.com\/index.php?rest_route=%2Fwp%2Fv2%2Fmedia&parent=57284"}],"wp:term":[{"taxonomy":"category","embeddable":true,"href":"https:\/\/speyer24news.com\/index.php?rest_route=%2Fwp%2Fv2%2Fcategories&post=57284"},{"taxonomy":"post_tag","embeddable":true,"href":"https:\/\/speyer24news.com\/index.php?rest_route=%2Fwp%2Fv2%2Ftags&post=57284"}],"curies":[{"name":"wp","href":"https:\/\/api.w.org\/{rel}","templated":true}]}}