{"id":57363,"date":"2024-01-09T10:52:55","date_gmt":"2024-01-09T09:52:55","guid":{"rendered":"https:\/\/speyer24news.com\/?p=57363"},"modified":"2024-01-09T10:57:23","modified_gmt":"2024-01-09T09:57:23","slug":"stadtnotizen-verkehrsnotizen-aus-speyer-96","status":"publish","type":"post","link":"https:\/\/speyer24news.com\/?p=57363","title":{"rendered":"Stadtnotizen &amp; Verkehrsnotizen aus Speyer"},"content":{"rendered":"<style type=\"text\/css\">\r\n\t.ads_top_disp{}\r\n\t.ads_top_corner_disp{ float:left; margin:0px 10px 10px 0px; }\r\n\t.ads_first_p_disp{}\r\n\t.ads_bottom_disp{}\r\n\t<\/style>\n<h1 class=\"wp-block-heading has-text-align-center\">Stadtnotizen<\/h1>\n\n\n<div class=\"wp-block-image\">\n<figure class=\"aligncenter\"><img decoding=\"async\" loading=\"lazy\" width=\"800\" height=\"600\" src=\"https:\/\/speyer24news.com\/wp-content\/uploads\/2020\/01\/Speyer-Stadtnachrichten-2.jpg\" alt=\"\" class=\"wp-image-23901\" srcset=\"https:\/\/speyer24news.com\/wp-content\/uploads\/2020\/01\/Speyer-Stadtnachrichten-2.jpg 800w, https:\/\/speyer24news.com\/wp-content\/uploads\/2020\/01\/Speyer-Stadtnachrichten-2-300x225.jpg 300w, https:\/\/speyer24news.com\/wp-content\/uploads\/2020\/01\/Speyer-Stadtnachrichten-2-768x576.jpg 768w, https:\/\/speyer24news.com\/wp-content\/uploads\/2020\/01\/Speyer-Stadtnachrichten-2-678x509.jpg 678w, https:\/\/speyer24news.com\/wp-content\/uploads\/2020\/01\/Speyer-Stadtnachrichten-2-326x245.jpg 326w, https:\/\/speyer24news.com\/wp-content\/uploads\/2020\/01\/Speyer-Stadtnachrichten-2-80x60.jpg 80w\" sizes=\"(max-width: 800px) 100vw, 800px\" \/><\/figure><\/div>\n\n\n<h2 class=\"wp-block-heading\">Stadt beauftragt Mietwerterhebung<\/h2>\n\n\n<div class=\"wp-block-image\">\n<figure class=\"aligncenter size-full\"><img decoding=\"async\" loading=\"lazy\" width=\"800\" height=\"572\" src=\"https:\/\/speyer24news.com\/wp-content\/uploads\/2024\/01\/Pruefung-Fragen-Test-Schule.jpg\" alt=\"\" class=\"wp-image-57365\" srcset=\"https:\/\/speyer24news.com\/wp-content\/uploads\/2024\/01\/Pruefung-Fragen-Test-Schule.jpg 800w, https:\/\/speyer24news.com\/wp-content\/uploads\/2024\/01\/Pruefung-Fragen-Test-Schule-300x215.jpg 300w, https:\/\/speyer24news.com\/wp-content\/uploads\/2024\/01\/Pruefung-Fragen-Test-Schule-768x549.jpg 768w\" sizes=\"(max-width: 800px) 100vw, 800px\" \/><\/figure><\/div>\n\n\n<p>Die Stadt Speyer l\u00e4sst eine Mietwerterhebung durchf\u00fchren. Mit der Erhebung, welche zuletzt vor rund vier Jahren stattgefunden hat, sollen angemessene Wohnkosten f\u00fcr Personen festgelegt werden, die Leistungen nach dem Zweiten und Zw\u00f6lften Sozialgesetzbuch beziehen. Den Auftrag hat die Verwaltung in diesem Jahr an die Hamburger Firma Koopmann Analytics KG vergeben.<\/p>\n\n\n\n<p>\u201eWohnen ist ein elementares Grundbed\u00fcrfnis\u201c, betont B\u00fcrgermeisterin Monika Kabs. \u201eEs muss sich dabei auch gefragt werden, wie hoch die Mieten f\u00fcr Menschen sein d\u00fcrfen, die Sozialleistungen wie B\u00fcrgergeld, Grundsicherung im Alter und bei Erwerbsminderung beziehen. Mit der Befragung von Vermieterinnen und Vermietern in Speyer wollen wir das orts\u00fcbliche Mietniveau bestimmen, damit anhand dessen ein schl\u00fcssiges Konzept zur Ermittlung von angemessenen Wohnkosten f\u00fcr diese Personengruppen erarbeitet werden kann\u201c, erl\u00e4utert die Sozialdezernentin.<\/p>\n\n\n\n<p>Neben der Nettokaltmiete werden auch Daten zur Gr\u00f6\u00dfe der Wohnung, zu den Nebenkosten sowie zur Ausstattung der Wohnung erhoben. Diese werden anonymisiert verarbeitet und die Belange des Datenschutzes eingehalten.<\/p>\n\n\n\n<p>Der Fragebogen wurde ausgew\u00e4hlten Vermieter*innen aus Speyer und den gro\u00dfen Wohnungsbaugesellschaften postalisch zugestellt. Sie werden gebeten, an der Erhebung teilzunehmen, damit ein repr\u00e4sentatives Ergebnis erzielt werden kann. Die R\u00fccksendung der Schreiben ist <strong>bis zum 29. Januar 2024<\/strong> m\u00f6glich.<\/p>\n\n\n\n<p><em>Stadtverwaltung Speyer<br>09.01.2024<\/em><\/p>\n\n\n\n<h1 class=\"wp-block-heading has-text-align-center\">Verkehrsnotizen<\/h1>\n\n\n<div class=\"wp-block-image\">\n<figure class=\"aligncenter\"><img decoding=\"async\" loading=\"lazy\" width=\"800\" height=\"565\" src=\"https:\/\/speyer24news.com\/wp-content\/uploads\/2020\/01\/Baustelle-2.jpg\" alt=\"\" class=\"wp-image-23900\" srcset=\"https:\/\/speyer24news.com\/wp-content\/uploads\/2020\/01\/Baustelle-2.jpg 800w, https:\/\/speyer24news.com\/wp-content\/uploads\/2020\/01\/Baustelle-2-300x212.jpg 300w, https:\/\/speyer24news.com\/wp-content\/uploads\/2020\/01\/Baustelle-2-768x542.jpg 768w\" sizes=\"(max-width: 800px) 100vw, 800px\" \/><\/figure><\/div>\n\n\n<h2 class=\"wp-block-heading\"><strong>NEU:<\/strong>&nbsp;Carl-Goerdeler-Stra\u00dfe gesperrt<\/h2>\n\n\n\n<p>Aufgrund von Kanalarbeiten im Auftrag der Entsorgungsbetriebe Speyer wird die Carl-Goerdeler-Stra\u00dfe auf H\u00f6he der Hausnummern 4\u201312 <strong>seit Montag, 8. Januar bis voraussichtlich 28. M\u00e4rz 2024<\/strong> f\u00fcr den Verkehr voll gesperrt.<\/p>\n\n\n\n<p>Die Stra\u00dfe wird beidseitig als Sackgasse ausgewiesen. Der Durchgang f\u00fcr Zufu\u00dfgehende ist weiterhin m\u00f6glich.<\/p>\n\n\n\n<p>F\u00fcr R\u00fcckfragen steht die Stra\u00dfenverkehrsbeh\u00f6rde unter der Rufnummer 14-2938 zur Verf\u00fcgung.<\/p>\n\n\n\n<p><em>Stadtverwaltung Speyer<br>08.01.2024<\/em><\/p>\n\n\n\n<h2 class=\"wp-block-heading\">Geibstra\u00dfe halbseitig gesperrt<\/h2>\n\n\n\n<p>Aufgrund von Arbeiten im Auftrag der Stadtwerke Speyer wird die Geibstra\u00dfe<strong> vom 8. Januar bis voraussichtlich 1. M\u00e4rz 2024<\/strong> auf H\u00f6he der Br\u00fccke B39 in Fahrtrichtung S\u00fcden gesperrt und eine Einbahnstra\u00dfe eingerichtet.<\/p>\n\n\n\n<p>Der Verkehr aus Richtung Norden, Hafenstra\u00dfe, wird \u00fcber die Klipfelsau umgeleitet.<\/p>\n\n\n\n<p>F\u00fcr R\u00fcckfragen steht die Stra\u00dfenverkehrsbeh\u00f6rde unter der Telefonnummer 14-2938 zur Verf\u00fcgung.<\/p>\n\n\n\n<p><em>Stadtverwaltung Speyer<br>21.12.2023<\/em><\/p>\n\n\n\n<h2 class=\"wp-block-heading\">Ge\u00e4nderte Verkehrsf\u00fchrung am Bahn\u00fcbergang Sch\u00fctzenstra\u00dfe nach Modernisierung durch die Deutsche Bahn<\/h2>\n\n\n\n<p>Wie am 13. Juli 2022 im gemeinsamen Verkehrsausschuss und Ausschuss f\u00fcr Stadtentwicklung, Bauen und Konversion mitgeteilt wurde, m\u00fcssen im Zuge der Modernisierung des Bahn\u00fcbergangs Sch\u00fctzenstra\u00dfe die derzeit bundesweit g\u00fcltigen Sicherheitsanforderungen umgesetzt werden. Hierbei gilt es, das Risiko eines R\u00fcckstaus auf den Gleisen auszuschlie\u00dfen.<\/p>\n\n\n\n<p>Hierzu bestehen gem\u00e4\u00df Planungen der Deutschen Bahn zwei M\u00f6glichkeiten: Ein sogenanntes vorgeschaltetes Lichtzeichen oder ein Verbot des Linksabbiegens mittels Verkehrszeichen. Wie sich im Verlauf der Modernisierungsarbeiten herausstellte, konnte die Deutsche Bahn das urspr\u00fcnglich bevorzugte vorgeschaltete Lichtzeichen nicht wie geplant bis zur Wiederinbetriebnahme des Bahn\u00fcbergangs installieren, da der Mast des vorgeschalteten Lichtzeichens aufgrund von Konflikten mit vorhandenen unterirdischen Leitungen nicht im \u00f6ffentlichen Stra\u00dfenraum platziert werden konnte. Bis eine L\u00f6sung zur Platzierung des Masts gefunden ist, muss demnach die Alternativvariante umgesetzt werden.<\/p>\n\n\n\n<p>Daher ist ab sofort ein Linksabbiegen von der Sch\u00fctzenstra\u00dfe in die Hasenstra\u00dfe nicht mehr zul\u00e4ssig. Die Zufahrt zum Oberk\u00e4mmerer-Gebiet erfolgt von S\u00fcden \u00fcber die Holzstra\u00dfe und die Br\u00fccke \u00fcber den Gie\u00dfh\u00fcbelbach oder \u00fcber den Bahn\u00fcbergang Alte Schwegenheimer Stra\u00dfe.<\/p>\n\n\n\n<p>Die Stadt Speyer bittet im Namen der Deutschen Bahn die Verkehrsteilnehmenden und Anwohnenden um Verst\u00e4ndnis f\u00fcr die Beeintr\u00e4chtigungen.<\/p>\n\n\n\n<p><em>Stadtverwaltung Speyer<br>02.09.2022<\/em><\/p>\n\n\n\n<h2 class=\"wp-block-heading\">Baustellen\u00fcbersicht der Stadt Speyer<\/h2>\n\n\n<div class=\"wp-block-image\">\n<figure class=\"aligncenter\"><img decoding=\"async\" loading=\"lazy\" width=\"800\" height=\"384\" src=\"https:\/\/speyer24news.com\/wp-content\/uploads\/2022\/03\/Baustelle-Speyer-Facebook.jpg\" alt=\"\" class=\"wp-image-43610\" srcset=\"https:\/\/speyer24news.com\/wp-content\/uploads\/2022\/03\/Baustelle-Speyer-Facebook.jpg 800w, https:\/\/speyer24news.com\/wp-content\/uploads\/2022\/03\/Baustelle-Speyer-Facebook-300x144.jpg 300w, https:\/\/speyer24news.com\/wp-content\/uploads\/2022\/03\/Baustelle-Speyer-Facebook-768x369.jpg 768w\" sizes=\"(max-width: 800px) 100vw, 800px\" \/><\/figure><\/div>\n\n\n<p>Ab sofort stellt die Stadt Speyer eine neue Baustellenliste zur Verf\u00fcgung, die die bisherige Kommunikation von laufenden und kommenden Baustellen erweitert und b\u00fcrgerfreundlicher gestaltet.<\/p>\n\n\n\n<p>Die bisher zur Verf\u00fcgung gestellte Liste \u201eAlle Baustellen\u201c f\u00fchrt alle Baustellen, die sich innerhalb des Speyerer Stadtgebiets befinden, stichpunktartig auf. Diese technische Liste gibt auch einen \u00dcberblick \u00fcber die betroffenen Sparten wie Strom, Gas, oder Wasser.<\/p>\n\n\n\n<p>Die nun neu hinzugekommene Liste \u201eWichtigste Baustellen\u201c beinhaltet Baustellen, von denen ein bedeutender Teil der Verkehrsteilnehmenden in Speyer signifikant betroffen ist, beispielsweise wegen ihrer lange Dauer und\/oder weil wichtige Stra\u00dfen im Netz betroffen sind. Es werden zus\u00e4tzlich zu den Baustellen im Speyerer Stadtgebiet auch wichtige Baustellen in der n\u00e4heren Umgebung aufgef\u00fchrt, beispielsweise auf der B9 und B39. Dar\u00fcber hinaus soll auch der in den Jahren 2023 und 2024 geplante Verkehrsversuch zum Postplatz Eingang in diese Auflistung finden. Neben dem voraussichtlichen Zeitraum und der Ursache werden auch die Umleitungen f\u00fcr die verschiedenen Verkehrsarten und bei Bedarf erg\u00e4nzende Informationen dargestellt. Am Ende der Liste findet sich ferner eine \u00dcbersicht zu m\u00f6glichen Ansprechpartner*innen.<\/p>\n\n\n\n<p>Die neue Baustellenliste ist chronologisch sortiert, sodass die B\u00fcrger*innen auf den ersten Blick neu hinzukommende Baustellen erkennen und f\u00fcr ihre n\u00e4chste Fahrt ber\u00fccksichtigen k\u00f6nnen \u2013 ohne frustriert erst an der Baustellenabsperrung wenden m\u00fcssen. Zeit- und nervenschonend f\u00fcr die B\u00fcrgerschaft \u2013 aber auch gut f\u00fcr die Umwelt, da unn\u00f6tiger Verkehr vermieden wird.<\/p>\n\n\n\n<p>Die \u00dcbersicht \u00fcber die Baustellensituation wird immer freitags aktualisiert und ist unter&nbsp;<a href=\"http:\/\/www.speyer.de\/baustellen\"><strong>www.speyer.de\/baustellen<\/strong><\/a>&nbsp;im NEWS-TICKER zu finden.<br>Des Weiteren gibt es auf der Baustellenseite der Stadt Speyer wie gewohnt detaillierte Informationen zu laufenden und kommenden Gro\u00dfbaustellen.<\/p>\n\n\n\n<p><em>Stadtverwaltung Speyer<br>18.03.2022<\/em><\/p>\n","protected":false},"excerpt":{"rendered":"<div class=\"mh-excerpt\"><p>Stadtnotizen Stadt beauftragt Mietwerterhebung Die Stadt Speyer l\u00e4sst eine Mietwerterhebung durchf\u00fchren. Mit der Erhebung, welche zuletzt vor rund vier Jahren stattgefunden hat, sollen angemessene Wohnkosten f\u00fcr Personen festgelegt werden, die Leistungen nach dem Zweiten und <a class=\"mh-excerpt-more\" href=\"https:\/\/speyer24news.com\/?p=57363\" title=\"Stadtnotizen &amp; Verkehrsnotizen aus Speyer\">[&#8230;]<\/a><\/p>\n<\/div>","protected":false},"author":3,"featured_media":46477,"comment_status":"open","ping_status":"open","sticky":false,"template":"","format":"standard","meta":{"_monsterinsights_skip_tracking":false,"_monsterinsights_sitenote_active":false,"_monsterinsights_sitenote_note":"","_monsterinsights_sitenote_category":0,"footnotes":""},"categories":[47],"tags":[15307,16764,13163,14555,13640,15429,17170,6430,4805,17169,6,657,14546,1296,658,1114],"aioseo_notices":[],"amp_enabled":true,"_links":{"self":[{"href":"https:\/\/speyer24news.com\/index.php?rest_route=\/wp\/v2\/posts\/57363"}],"collection":[{"href":"https:\/\/speyer24news.com\/index.php?rest_route=\/wp\/v2\/posts"}],"about":[{"href":"https:\/\/speyer24news.com\/index.php?rest_route=\/wp\/v2\/types\/post"}],"author":[{"embeddable":true,"href":"https:\/\/speyer24news.com\/index.php?rest_route=\/wp\/v2\/users\/3"}],"replies":[{"embeddable":true,"href":"https:\/\/speyer24news.com\/index.php?rest_route=%2Fwp%2Fv2%2Fcomments&post=57363"}],"version-history":[{"count":2,"href":"https:\/\/speyer24news.com\/index.php?rest_route=\/wp\/v2\/posts\/57363\/revisions"}],"predecessor-version":[{"id":57368,"href":"https:\/\/speyer24news.com\/index.php?rest_route=\/wp\/v2\/posts\/57363\/revisions\/57368"}],"wp:featuredmedia":[{"embeddable":true,"href":"https:\/\/speyer24news.com\/index.php?rest_route=\/wp\/v2\/media\/46477"}],"wp:attachment":[{"href":"https:\/\/speyer24news.com\/index.php?rest_route=%2Fwp%2Fv2%2Fmedia&parent=57363"}],"wp:term":[{"taxonomy":"category","embeddable":true,"href":"https:\/\/speyer24news.com\/index.php?rest_route=%2Fwp%2Fv2%2Fcategories&post=57363"},{"taxonomy":"post_tag","embeddable":true,"href":"https:\/\/speyer24news.com\/index.php?rest_route=%2Fwp%2Fv2%2Ftags&post=57363"}],"curies":[{"name":"wp","href":"https:\/\/api.w.org\/{rel}","templated":true}]}}