{"id":57438,"date":"2024-01-14T06:56:45","date_gmt":"2024-01-14T05:56:45","guid":{"rendered":"https:\/\/speyer24news.com\/?p=57438"},"modified":"2024-01-14T06:56:47","modified_gmt":"2024-01-14T05:56:47","slug":"polizeimeldungen-samstag-13-01-24","status":"publish","type":"post","link":"https:\/\/speyer24news.com\/?p=57438","title":{"rendered":"Polizeimeldungen Samstag (13.01.24)"},"content":{"rendered":"<style type=\"text\/css\">\r\n\t.ads_top_disp{}\r\n\t.ads_top_corner_disp{ float:left; margin:0px 10px 10px 0px; }\r\n\t.ads_first_p_disp{}\r\n\t.ads_bottom_disp{}\r\n\t<\/style>\n<h2 class=\"wp-block-heading\">Polizeimeldungen vom Samstag (13.01.2024)<\/h2>\n\n\n<div class=\"wp-block-image\">\n<figure class=\"aligncenter size-full\"><img decoding=\"async\" loading=\"lazy\" width=\"375\" height=\"500\" src=\"https:\/\/speyer24news.com\/wp-content\/uploads\/2022\/03\/Aktuelles-Polizeilogo.jpg\" alt=\"\" class=\"wp-image-43591\" srcset=\"https:\/\/speyer24news.com\/wp-content\/uploads\/2022\/03\/Aktuelles-Polizeilogo.jpg 375w, https:\/\/speyer24news.com\/wp-content\/uploads\/2022\/03\/Aktuelles-Polizeilogo-225x300.jpg 225w\" sizes=\"(max-width: 375px) 100vw, 375px\" \/><\/figure><\/div>\n\n\n<h2 class=\"wp-block-heading\">(Speyer) &#8211; Diebstahl aus PKW<\/h2>\n\n\n\n<p>Am Freitag kam es zwischen 17:50 &#8211; 18:00 Uhr zu einem Diebstahl aus einem PKW auf dem Parkplatz eines Baumarktes in der Iggelheimer Stra\u00dfe in Speyer. W\u00e4hrend der Gesch\u00e4digte einen Einkauf erledigte, entwendeten unbekannte T\u00e4ter zwei Laptops, ein Tablet und ein Kopfh\u00f6rer im Gesamtwert von ca. 2.300 EUR aus dem Fahrzeug.<\/p>\n\n\n\n<h4 class=\"wp-block-heading\">Die Polizei r\u00e4t:<\/h4>\n\n\n\n<p>Lassen Sie keine Wertgegenst\u00e4nde sichtbar in Ihrem Fahrzeug liegen. Achten Sie darauf, dass Ihr Fahrzeug das Verriegeln der T\u00fcren mit der Funkfernbedienung durch ein optisches Signal quittiert. Funkblocker k\u00f6nnen das Funksignal Ihrer Fernbedienung st\u00f6ren, so dass Ihr Fahrzeug dann nicht verschlossen ist.<\/p>\n\n\n\n<ul>\n<li><strong>Wer hat zum oben genannten Zeitraum an der Tat\u00f6rtlichkeit verd\u00e4chtige Wahrnehmungen gemacht, kann T\u00e4terhinweise oder sonstige sachdienliche Hinweise geben? Die Polizei bittet Zeugen um Mitteilung an Tel. 06232\/137-0 oder per E-Mail an\u00a0<a href=\"mailto:%20pispeyer@polizei.rlp.de\">pispeyer@polizei.rlp.de<\/a><\/strong><\/li>\n<\/ul>\n\n\n\n<h2 class=\"wp-block-heading\">(Germersheim) &#8211; Illegales Kraftfahrzeugrennen endet in Verkehrsunfall mit Flucht<\/h2>\n\n\n\n<p>Am 12.01.24 gegen 11:10 Uhr befuhren zwei Fahrzeugf\u00fchrer mit ihren PKW mit \u00fcberh\u00f6hter Geschwindigkeit die Stra\u00dfe An der Lunette in Germersheim in Fahrtrichtung der Zeppelinstra\u00dfe. Aufgrund eines entgegenkommenden LKW musste der vordere Fahrzeugf\u00fchrer abbremsen und der nachfolgende Fahrzeugf\u00fchrer f\u00fchrte zur Vermeidung eines Auffahrunfalls ein Ausweichman\u00f6ver nach links durch. Infolge dessen kollidierte der PKW mit dem Umfriedungszaun des dortigen Kindergartens, wodurch der Frontbereich des PKW sowie der Umfriedungszaun besch\u00e4digt wurden. Nachdem die Fahrzeuginsassen beider PKW Fahrzeugteile von der Fahrbahn beseitigten, entfernten sich die Fahrzeugf\u00fchrer von der Unfall\u00f6rtlichkeit. Im Zuge der Unfallaufnahme wurden die Kennzeichen der beiden PKW bekannt und am Unfallort konnten Fahrzeugteile eines VW Passat aufgefunden werden. Nachfolgende Ermittlungen ergaben, dass beide PKW vor wenigen Tagen an einen 54-J\u00e4hrigen aus dem Kreis Germersheim verkauft wurden. Bei anschlie\u00dfenden Fahndungsma\u00dfnahmen konnte der unfallbeteiligte VW Passat in Germersheim festgestellt und sichergestellt werden.<\/p>\n\n\n\n<p>Entsprechende Strafverfahren wegen eines illegalen Kraftfahrzeugrennens sowie des unerlaubten Entfernens vom Unfallort wurden eingeleitet. Die Ermittlungen bez\u00fcglich der Fahrzeugf\u00fchrer dauern an. Die H\u00f6he des entstandenen Sachschadens ist derzeit nicht bekannt.<\/p>\n\n\n\n<ul>\n<li><strong>Zeugen des Verkehrsunfalls oder Personen, die zum Tatzeitpunkt einen im Frontbereich besch\u00e4digten VW Passat im Bereich der Ortslage Germersheim gesehen haben, werden gebeten sich unter 07274\/958-0 oder per E-Mail unter\u00a0<a href=\"mailto:%20pigermersheim@polizei.rlp.de\">pigermersheim@polizei.rlp.de<\/a>\u00a0bei der Polizei Germersheim zu melden.<\/strong><\/li>\n<\/ul>\n\n\n\n<h2 class=\"wp-block-heading\">(Herxheim) &#8211; Einbr\u00fcche in Tabakschuppen, Motiv unklar<\/h2>\n\n\n\n<p>Im Zeitraum 09.01.2024 &#8211; 12.01.2024 wurden 3 Tabakschuppen in Herxheim bei Landau aufgebrochen. Die Schuppen befinden sich in Ortsrandlage im Bereich Alzheimer Weg. Bisher konnte nicht festgestellt werden, dass die T\u00e4ter etwas entwendet haben. Mit welcher Zielrichtung die unbekannten T\u00e4ter die Schuppen aufgebrochen haben, bleibt daher unklar. <\/p>\n\n\n\n<ul>\n<li><strong>Die Polizei Landau bittet Zeugen, sich mit verd\u00e4chtigen Wahrnehmungen im Tatzeitraum an die Polizei Landau zu wenden: 06341-287-0 oder\u00a0<a href=\"mailto:%20pilandau@polizei.rlp.de\">pilandau@polizei.rlp.de<\/a>.<\/strong><\/li>\n<\/ul>\n\n\n\n<h2 class=\"wp-block-heading\">(W\u00f6rth) &#8211; Versuchter Kupferdiebstahl<\/h2>\n\n\n\n<p>Einen Sachschaden von ca. 25000 Euro verursachten bislang unbekannte Diebe auf dem W\u00f6rther Friedhof. Demnach wurden in der vergangenen Nacht vom Dach der Leichenhalle und einem angrenzenden Pavillon die nahezu komplette Kupfereindeckung abgebaut und zum Abtransport bereitgelegt. M\u00f6glicherweise wurden die T\u00e4ter auch gest\u00f6rt. <\/p>\n\n\n\n<ul>\n<li><strong>In diesem Zusammenhang bittet die Polizei um sachdienliche Hinweise, telefonisch unter der 07271\/9221-0 oder per E-Mail unter\u00a0<a href=\"mailto:%20piwoerth@polizei.rlp.de\">piwoerth@polizei.rlp.de<\/a>.<\/strong><\/li>\n<\/ul>\n\n\n\n<h2 class=\"wp-block-heading\">(Oberhausen) &#8211; Bei Gl\u00e4tteunfall verletzt<\/h2>\n\n\n\n<p>Am 12.1.24, gg. 07:45 Uhr, befuhr ein 28 Jahre alter PKW-Fahrer die Landstra\u00dfe 544 vom Kreisel Oberhausen in Rtg. Dierbach. In einer Linkskurve verlor er auf eisglatter Fahrbahn die Gewalt \u00fcber seinen PKW, schlug in der B\u00f6schung ein und wurde drehende zur Fahrbahnmitte zur\u00fcck geschleudert. Dort blieb der PKW fahrunf\u00e4hig stehen. Der Fahrer verletzte sich hierbei und wurde vorsorglich ins Krankenhaus verbracht. Am PKW entstand wirtschaftlicher Totalschaden von rund 6000.- EUR.<\/p>\n\n\n\n<h2 class=\"wp-block-heading\">(Neustadt) &#8211; Seit circa acht Monaten keinen Kontakt zu Drogen&#8230;<\/h2>\n\n\n\n<p>&#8230; hatte laut eigener Aussage ein 23-J\u00e4hriger aus der VG Maikammer, welcher am 13.01.2024 um 12:00 Uhr mit seinem E-Scooter in der Hindenburgstra\u00dfe in 67433 Neustadt\/W. einer Verkehrskontrolle unterzogen wurde. Da bei dem Fahrer trotz dessen Aussage drogenbedingte Auff\u00e4lligkeiten festgestellt werden konnten, wurde ein Vortest mit diesem durchgef\u00fchrt, welcher letztlich positiv auf THC verlief. Dem jungen Mann wurde eine Blutprobe entnommen und dessen E-Scooter sichergestellt. Nun kommt auf diesen ein Straf-, sowie ein Ordnungswidrigkeitenverfahren zu. Au\u00dferdem wird die zust\u00e4ndige F\u00fchrerscheinstelle \u00fcber den Vorfall informiert.<\/p>\n\n\n\n<h2 class=\"wp-block-heading\">(Neustadt) &#8211; Unter Bet\u00e4ubungsmitteleinfluss&#8230;<\/h2>\n\n\n\n<p>&#8230; stand am 13.01.2024 um 08:00 Uhr ein 29-J\u00e4hriger, welcher mit seinem Ford in der Landauer Stra\u00dfe in 67433 Neustadt\/W. einer Verkehrskontrolle unterzogen wurde. W\u00e4hrend der Kontrolle konnten bei dem Mann drogenbedingte Auff\u00e4lligkeiten festgestellt werden. Ein Vortest reagierte letztlich positiv auf die Stoffgruppe THC. Zu dieser Tatsache kam hinzu, dass dem Fahrer bereits 2018 untersagt wurde von seiner europ\u00e4ischen, jedoch nichtdeutschen Fahrerlaubnis in der Bundesrepublik Gebrauch zu machen. Grund hierf\u00fcr war ebenfalls eine Trunkenheitsfahrt mit Bet\u00e4ubungsmitteln. Dem 29-J\u00e4hrigen wurde eine Blutprobe entnommen und der Fahrzeugschl\u00fcssel einem Bekannten \u00fcbergeben. Nun kommen auf den Ford-Fahrer zwei Strafverfahren wegen des Fahrens ohne Fahrerlaubnis, sowie wegen des Versto\u00dfes gegen das BtMG zu. Ferner wird er sich wegen der begangenen Trunkenheitsfahrt verantworten m\u00fcssen.<\/p>\n\n\n\n<h2 class=\"wp-block-heading\">(Neustadt) &#8211; Zeugenaufruf nach Containerbrand<\/h2>\n\n\n\n<p>Am 13.01.2024 im Zeitraum zwischen 01:15 Uhr und 02:00 Uhr geriet aus bislang ungekl\u00e4rter Ursache ein an einem Supermarkt in der Stra\u00dfe &#8222;Am Speyerbach&#8220; in 67433 Neustadt\/W. abgestellter Container in Vollbrand. Ein \u00dcbergreifen der Flammen auf angrenzende Geb\u00e4udeteile war zu keinem Zeitpunkt m\u00f6glich, da dieser weit genug von diesen entfernt stand und die verst\u00e4ndige Feuerwehr den Brand innerhalb k\u00fcrzester Zeit unter Kontrolle bringen konnte. Inwieweit durch den Vorfall ein Schaden an dem Container entstanden ist, bedarf weiterer Ermittlungen. <\/p>\n\n\n\n<ul>\n<li><strong>Die Polizei Neustadt\/W. bitte Personen, welche sachdienliche Angaben zu diesem Vorfall machen k\u00f6nnen, sich mit dieser unter Tel. 06321\/854-0 oder per Mail an\u00a0<a href=\"mailto:%20pineustadt@polizei.rlp.de\">pineustadt@polizei.rlp.de<\/a><\/strong>\u00a0zu wenden.<\/li>\n<\/ul>\n\n\n\n<h2 class=\"wp-block-heading\">(Neustadt) &#8211; In zu engem Bogen die Kurve genommen&#8230;<\/h2>\n\n\n\n<p>&#8230; hat ein 31-J\u00e4hriger aus Neustadt\/W. mit seinem Hyundai am 12.01.2024 um 17:30 Uhr, als er von der Vogelsangstra\u00dfe in die Sauterstra\u00dfe in 67433 Neustadt\/W. einbiegen wollte. Eine 22-J\u00e4hrige Radfahrerin hielt zuvor an der Einm\u00fcndung Sauterstra\u00dfe\/ Vogelsangstra\u00dfe aufgrund der Verkehrsregelung &#8222;Rechts vor Links&#8220; an, um den PKW-Fahrer gew\u00e4hren zu lassen. Da dieser jedoch die Kurve in einem zu engen Bogen nahm, touchierte er die Radlerin, welche dadurch zu Boden fiel und sich leicht verletzte. Beide Fahrzeuge blieben weiterhin fahrbereit.<\/p>\n\n\n\n<h2 class=\"wp-block-heading\">(Neustadt-OT Lachen-Speyerdorf) &#8211; Ohne erforderliche Fahrerlaubnis unterwegs&#8230;<\/h2>\n\n\n\n<p>&#8230; war bereits am 11.01.2024 um 18:45 Uhr ein 16-J\u00e4hriger aus Neustadt\/W. mit einem Kleinkraftrad im Industriegebiet &#8222;Im Altenschemel&#8220; in 67435 Neustadt\/W. unterwegs, als einer durch eine Streife einer Kontrolle unterzogen wurde. Zuvor wurde durch die Beamten festgestellt, dass das Kleinkraftrad eine Geschwindigkeit von bis zu 70 km\/h erreichen konnte. Die vorgelegte Fahrerlaubnisklasse AM des jungen Mannes war hierf\u00fcr nicht mehr ausreichend, weshalb das Kleinkraftrad sichergestellt wurde. Nun erwarten diesen Strafverfahren wegen des Fahrens ohne Fahrerlaubnis und wegen Versto\u00dfes gegen das Pflichtversicherungsgesetz. Auch die F\u00fchrerscheinstelle wird \u00fcber den Vorfall informiert. Auch die Halterin des Kleinkraftrades erwartet nun Strafverfahren, weil sie zulie\u00df, dass dieses durch den Neustadter gef\u00fchrt wurde.<\/p>\n\n\n\n<h2 class=\"wp-block-heading\">(Neustadt) &#8211; Alkoholisiert mit einem E-Scooter gefahren&#8230;<\/h2>\n\n\n\n<p>&#8230; ist ein 38-J\u00e4hriger aus Neustadt\/W. am 11.01.2024 um 00:05 Uhr, als er in der Hauptstra\u00dfe in 67433 Neustadt\/W. einer Verkehrskontrolle unterzogen wurde. Der Mann wies hierbei eine Atemalkoholkonzentration von 1,25 Promille vor, weshalb ihm eine Blutprobe entnommen und dessen F\u00fchrerschein vorbeugend sichergestellt wurde. Nun kommt auf diesen ein Strafverfahren wegen Trunkenheit im Verkehr zu. Zudem wird die zust\u00e4ndige F\u00fchrerscheinstelle \u00fcber den Vorfall in Kenntnis gesetzt.<\/p>\n\n\n\n<h2 class=\"wp-block-heading\">(Ha\u00dfloch) &#8211; Serie von PKW-Aufbr\u00fcchen<\/h2>\n\n\n\n<p>In der Nacht von 11.01.2024 auf den 12.01.2024 kam es im Bereich Ha\u00dfloch durch unbekannte T\u00e4terschaft zu einer Serie von PKW-Aufbr\u00fcchen sowie einem Diebstahl aus einem unverschlossenen Fahrzeug. In der Wilhelm-Busch-Stra\u00dfe wurden gegen 04:00 Uhr bis 04:30 Uhr insgesamt 4 Fahrzeuge angegangen. An zwei Fahrzeugen wurde jeweils eine Scheibe eingeschlagen und aus einem dieser Fahrzeuge eine Sonnenbrille entwendet. Im anderen Fahrzeug wurde augenscheinlich nach Wertgegenst\u00e4nden gesucht, jedoch nichts gestohlen. In einem Fall blieb es beim Versuch. Hier wurden Besch\u00e4digungen an einer Scheibe festgestellt, ohne dass in den PKW eingedrungen werden konnte. In einem weiteren Fall wurde ein geringer Betrag offenliegender Geldm\u00fcnzen aus einem unverschlossenen Fahrzeug entwendet.<\/p>\n\n\n\n<p>Ein weiterer PKW mit eingeschlagenem Seitenfenster, ohne dass aus dem Fahrzeuginnern etwas entwendet wurde, konnte in der Neustadter Stra\u00dfe festgestellt werden. Der Tatzeitraum wurde hier mit 11.01.24, 18:00 Uhr bis 12.01.2024, 08:00 Uhr angegeben.<\/p>\n\n\n\n<p>Am 12.01.2024, gegen 11:30 Uhr kam es dann zu einer weiteren Tat. In diesem Fall wurde die Scheibe der Beifahrert\u00fcr an einem PKW eingeschlagen, welcher auf einem Waldparkplatz an der K 14 (Ha\u00dfloch\/Lachen-Speyerdorf) abgestellt war. Hier wurden zwei offenliegende Handtaschen aus dem Fahrzeuginnern entwendet. Die Gesamtschadensh\u00f6he steht noch nicht genau fest, d\u00fcrfte jedoch mehrere Tausend Euro betragen. Eventuelle Zeugen\/-innen werden gebeten, sich bei der Polizeiinspektion Ha\u00dfloch zu melden.<\/p>\n\n\n\n<h4 class=\"wp-block-heading\"><strong>Hinweis der Polizei: <\/strong>Lassen Sie niemals Wertgegenst\u00e4nde oder Beh\u00e4ltnisse, in denen Wertgegenst\u00e4nde vermutet werden k\u00f6nnten, offen im Fahrzeug liegen und schlie\u00dfen sie ihr Fahrzeug immer ordnungsgem\u00e4\u00df ab!<\/h4>\n\n\n\n<h2 class=\"wp-block-heading\">(Bad D\u00fcrkheim) &#8211; Bei Verkehrskontrollen Atemalkoholgeruch festgestellt<\/h2>\n\n\n\n<p>Bei der Verkehrskontrolle eines Hyundai am 13.01.2024, gegen 03.30 Uhr in Bad D\u00fcrkheim am Wurstmarktsplatz konnte bei der 55-j\u00e4hrigen Fahrerin Atemalkoholgeruch festgestellt werden. Ein durchgef\u00fchrter freiwilliger Atemalkoholtest ergab einen Wert von 1,02 Promille. Der Frau wurde die Weiterfahrt untersagt. Sie erwartet nun ein Bu\u00dfgeld in H\u00f6he von 500 EUR und 1 Monat Fahrverbot.<\/p>\n\n\n\n<p>Bei einer weiteren Verkehrskontrolle am 13.01.2024, gegen 03.50 Uhr in Bad D\u00fcrkheim am Wurstmarktsplatz konnte bei dem 38-j\u00e4hrigen Fahrer eines Audi ebenfalls Atemalkoholgeruch festgestellt werden. Dieser lehnte jedoch einen Atemalkoholtest ab. Dem Fahrer wurde auf der Dienststelle eine Blutprobe entnommen. Weiterhin wurde ihm die Weiterfahrt untersagt und der F\u00fchrerschein beschlagnahmt.<\/p>\n\n\n\n<h2 class=\"wp-block-heading\">(Bad D\u00fcrkheim) &#8211; Bei Verkehrskontrollen Bet\u00e4ubungsmittel festgestellt<\/h2>\n\n\n\n<p>Am 12.01.2024, um 23.15 Uhr wurde im Rahmen einer Verkehrskontrolle eines Peugeot in Bad D\u00fcrkheim in der Dresdener Stra\u00dfe Cannabisgeruch aus dem Fahrzeuginneren wahrgenommen. Bei der Kontrolle des 22-j\u00e4hrigen Fahrers konnte ein T\u00fctchen mit Cannabis festgestellt werden. Weiterhin hatte der Fahrer drogentypische Auffallerscheinungen. Diesem wurde auf der Dienststelle eine Blutprobe entnommen. Den jungen Mann erwartet nun ein Bu\u00dfgeld in H\u00f6he von 500 EUR und 1 Monat Fahrverbot.<\/p>\n\n\n\n<h2 class=\"wp-block-heading\">(Bad D\u00fcrkheim) &#8211; Von Kupplung abgerutscht und gegen Mauer gefahren<\/h2>\n\n\n\n<p>Ein 18-j\u00e4hriger aus dem Kreis Bad D\u00fcrkheim befuhr mit seinem Pkw Skoda den Parkplatz neben dem Busbahnhof in der Philipp-Fauth-Stra\u00dfe. Beim Einparken in die dortige Parkl\u00fccke rutschte der Fahranf\u00e4nger von der Bremse ab. Anschlie\u00dfend versuchte er den Pkw zum Stillstand zu bringen. Hierbei verwechselte er das Gas mit der Bremse. Es kam zum Ansto\u00df an die dortige Mauer. An dem Pkw l\u00f6sten die Airbags aus. Es entstand ein Sachschaden von ca. 3000 EUR.<\/p>\n\n\n\n<h2 class=\"wp-block-heading\">(Kleinkarlbach) &#8211; Diebstahl von Grabschale<\/h2>\n\n\n\n<p>Im Tatzeitraum vom 08.01.2024 bis 11.01.2024 wurde auf dem Friedhof in Kleinkarlbach durch unbekannte T\u00e4ter von einem Grab eine Aluminium Grabschale mit Marmorsockel entwendet. Der Wert des Diebesguts bel\u00e4uft sich auf circa 450 Euro.<\/p>\n\n\n\n<ul>\n<li><strong>Sachdienliche Hinweise bitte an die Polizeiinspektion Gr\u00fcnstadt.<\/strong><\/li>\n<\/ul>\n\n\n\n<h2 class=\"wp-block-heading\">(Dienstgebiet PI Gr\u00fcnstadt) &#8211; Vereiste Fahrbahn f\u00fchrte zu Verkehrsunf\u00e4llen<a href=\"mailto:?subject=POL-PDNW%3A%20Vereiste%20Fahrbahn%20f%C3%BChrte%20zu%20Verkehrsunf%C3%A4llen&amp;body=https:\/\/www.presseportal.de\/blaulicht\/pm\/117687\/5690912\"><\/a><\/h2>\n\n\n\n<p>Aufgrund von nicht angepasster Geschwindigkeit bei vereister Fahrbahn kam es am vergangenen Tag, 12.01.2024, zu zwei Verkehrsunf\u00e4llen im Dienstgebiet der Polizeiinspektion Gr\u00fcnstadt.<\/p>\n\n\n\n<p>Gegen 11:02 Uhr geriet ein 30-j\u00e4hriger Fahrzeugf\u00fchrer in der Stra\u00dfe &#8222;Lochberg&#8220; in Wattenheim ins Rutschen, verlor die Kontrolle \u00fcber das Fahrzeug und stie\u00df gegen einen am Fahrbahnrand geparkten PKW. Das Fahrzeug des Unfallverursachers war nach dem Verkehrsunfall nicht mehr fahrbereit. Der Sachschaden bel\u00e4uft sich insgesamt auf circa 8000 Euro.<\/p>\n\n\n\n<p>Gegen 14:59 Uhr kam es in dem &#8222;St.-Georg-Weg&#8220; in Tiefenthal zu einem weiteren Verkehrsunfall. Hier geriet ein 35 Jahre alter PKW Fahrer ebenfalls ins Rutschen und konnte sein Fahrzeug nicht mehr bremsen. An der Einm\u00fcndung &#8222;Eidechsenweg&#8220; \/ &#8222;St-Georg-Weg&#8220; rutschte er dann mit dem PKW gegen eine Begrenzungsmauer eines Wohnanwesens. Am PKW entstand Sachschaden in H\u00f6he von circa 3000 Euro, die Mauer blieb augenscheinlich unbesch\u00e4digt.<\/p>\n\n\n\n<p>Die Polizei r\u00e4t: Passen Sie Ihre Geschwindigkeit immer den Stra\u00dfen-, Sicht- und Witterungsverh\u00e4ltnissen an. Ihre angepasste Geschwindigkeit hilft Unf\u00e4llen vorzubeugen.<\/p>\n\n\n\n<h2 class=\"wp-block-heading\">(Frankenthal) &#8211; Verkehrsunfall mit Personenschaden<\/h2>\n\n\n\n<p>Am 12. Januar 2024 befuhr gegen 17:30 Uhr eine 59-j\u00e4hrige Fahrzeugf\u00fchrerin mit ihrem Pkw die L 453 von He\u00dfheim in Richtung Frankenthal. An der Kreisverkehr-Ausfahrt auf den Nordring \u00fcbersieht die Fahrerin einen querenden Fu\u00dfg\u00e4nger, welcher vom Fahrzeug frontal erfasst und hierdurch verletzt wird. Der 49-j\u00e4hrige Fu\u00dfg\u00e4nger war zum Unfallzeitpunkt alkoholisiert. Der Fu\u00dfg\u00e4nger wurde in ein umliegendes Krankenhaus verbracht. Am Fahrzeug entstand kein Sachschaden.<\/p>\n\n\n\n<h2 class=\"wp-block-heading\">(Bobenheim-Roxheim) &#8211; Diebstahl von Elektroger\u00e4ten \/ Zeugen gesucht<\/h2>\n\n\n\n<p>Am 12.01.2024 zwischen 14:00 Uhr und 16:00 Uhr wurden in Bobenheim-Roxheim sowohl in der Raiffeisenstra\u00dfe, als auch in der Danziger Stra\u00dfe mehrere Elektroger\u00e4te entwendet, welche durch dortige Anwohner auf die Stra\u00dfe verbracht wurden. Der Gesamtwert der entwendeten Gegenst\u00e4nde wird auf ca. 550EUR gesch\u00e4tzt.<\/p>\n\n\n\n<ul>\n<li><strong>Zeugen werden gebeten sich an die Polizeiinspektion Frankenthal unter der Tel.-Nr.: 06233\/313-0 oder an die Polizeiwache Maxdorf unter der Tel.-Nr.: 06237\/934-1100 zu wenden. Gerne nehmen wir Ihre Hinweise auch per E-Mail unter\u00a0<a href=\"mailto:%20pifrankenthal@polizei.rlp.de\">pifrankenthal@polizei.rlp.de<\/a>\u00a0entgegen.<\/strong><\/li>\n<\/ul>\n\n\n\n<h2 class=\"wp-block-heading\">(Ludwigshafen) &#8211; Polizeieinsatz am Ludwigshafener Hauptbahnhof<\/h2>\n\n\n\n<p><a href=\"https:\/\/www.facebook.com\/sharer.php?u=https%3A%2F%2Fwww.presseportal.de%2Fblaulicht%2Fpm%2F117696%2F5691049%2F%3Futm_source%3Dfacebook%26utm_medium%3Dsocial\"><\/a><a href=\"https:\/\/web.whatsapp.com\/send?text=POL-PPRP%3A%20Polizeieinsatz%20am%20Ludwigshafener%20Hauptbahnhof%0A%0Ahttps%3A%2F%2Fwww.presseportal.de%2Fblaulicht%2Fpm%2F117696%2F5691049%2F%3Futm_source%3Dwhatsapp%26utm_medium%3Dsocial\"><\/a><a href=\"https:\/\/www.xing.com\/app\/user?op=share;url=https%3A%2F%2Fwww.presseportal.de%2Fblaulicht%2Fpm%2F117696%2F5691049%2F%3Futm_source%3Dxing%26utm_medium%3Dsocial\"><\/a><a href=\"http:\/\/www.linkedin.com\/shareArticle?mini=true&amp;url=https%3A%2F%2Fwww.presseportal.de%2Fblaulicht%2Fpm%2F117696%2F5691049%2F%3Futm_source%3Dlinkedin%26utm_medium%3Dsocial&amp;title=POL-PPRP%3A+Polizeieinsatz+am+Ludwigshafener+Hauptbahnhof\"><\/a><a href=\"mailto:?subject=POL-PPRP%3A%20Polizeieinsatz%20am%20Ludwigshafener%20Hauptbahnhof&amp;body=https:\/\/www.presseportal.de\/blaulicht\/pm\/117696\/5691049\"><\/a><\/p>\n\n\n<div class=\"wp-block-image\">\n<figure class=\"aligncenter size-full\"><img decoding=\"async\" loading=\"lazy\" width=\"800\" height=\"533\" src=\"https:\/\/speyer24news.com\/wp-content\/uploads\/2022\/06\/Blaulicht.jpg\" alt=\"\" class=\"wp-image-46705\" srcset=\"https:\/\/speyer24news.com\/wp-content\/uploads\/2022\/06\/Blaulicht.jpg 800w, https:\/\/speyer24news.com\/wp-content\/uploads\/2022\/06\/Blaulicht-300x200.jpg 300w, https:\/\/speyer24news.com\/wp-content\/uploads\/2022\/06\/Blaulicht-768x512.jpg 768w\" sizes=\"(max-width: 800px) 100vw, 800px\" \/><\/figure><\/div>\n\n\n<p>Wegen einer derzeit noch unkonkreten Bedrohungslage am Hauptbahnhof Ludwigshafen ist dieser, sowie der Vorplatz, derzeit gesperrt. Es kommt daher zu Zug- und auch Busausf\u00e4llen. Die Polizei sowie weitere Rettungskr\u00e4fte sind vor Ort.<\/p>\n\n\n\n<p>Es wird nachberichtet sobald valide Informationen vorliegen oder Entwarnung gegeben werden kann.<\/p>\n\n\n\n<h3 class=\"wp-block-heading has-text-align-center\">Pressemeldung Nr. 2 &#8211; Polizeieinsatz am Hauptbahnhof Ludwigshafen beendet<\/h3>\n\n\n\n<p>Die Sperrung des Hauptbahnhofes Ludwigshafen wurde um 18:30 Uhr aufgehoben. Zuvor hatte eine bislang unbekannte m\u00e4nnliche Person eine Gewalttat am Hauptbahnhof telefonisch bei der Polizei angek\u00fcndigt.<\/p>\n\n\n\n<p>Aus diesem Grund mussten der Hauptbahnhof und die angrenzenden Au\u00dfenbereiche zur Sicherheit ger\u00e4umt und \u00fcberwacht werden.<\/p>\n\n\n\n<p>Die polizeilichen Ermittlungen ergaben keine Hinweise auf eine tats\u00e4chliche Gefahrensituation, weshalb die Sperrungen aufgehoben wurden. Die Polizei Ludwigshafen wird gemeinsam mit der Bundespolizei weiterhin verst\u00e4rkt Pr\u00e4senz am Hauptbahnhof zeigen.<\/p>\n\n\n\n<p>Die Kriminalpolizei hat die Ermittlungen wegen St\u00f6rung des \u00f6ffentlichen Friedens durch Androhung von Straftaten aufgenommen.<\/p>\n\n\n\n<h2 class=\"wp-block-heading\">(Ludwigshafen) &#8211; Randalierer am Hauptbahnhof<\/h2>\n\n\n<div class=\"wp-block-image\">\n<figure class=\"aligncenter size-full\"><img decoding=\"async\" loading=\"lazy\" width=\"800\" height=\"600\" src=\"https:\/\/speyer24news.com\/wp-content\/uploads\/2019\/06\/Ausn\u00fcchterungszelle.jpg\" alt=\"\" class=\"wp-image-15212\" srcset=\"https:\/\/speyer24news.com\/wp-content\/uploads\/2019\/06\/Ausn\u00fcchterungszelle.jpg 800w, https:\/\/speyer24news.com\/wp-content\/uploads\/2019\/06\/Ausn\u00fcchterungszelle-300x225.jpg 300w, https:\/\/speyer24news.com\/wp-content\/uploads\/2019\/06\/Ausn\u00fcchterungszelle-768x576.jpg 768w, https:\/\/speyer24news.com\/wp-content\/uploads\/2019\/06\/Ausn\u00fcchterungszelle-678x509.jpg 678w, https:\/\/speyer24news.com\/wp-content\/uploads\/2019\/06\/Ausn\u00fcchterungszelle-326x245.jpg 326w, https:\/\/speyer24news.com\/wp-content\/uploads\/2019\/06\/Ausn\u00fcchterungszelle-80x60.jpg 80w\" sizes=\"(max-width: 800px) 100vw, 800px\" \/><figcaption class=\"wp-element-caption\">Beispielbild Zelle \/ Verhaftung, dient lediglich der Visualisierung<\/figcaption><\/figure><\/div>\n\n\n<p>Am Samstag, 13.01.2024, kurz nach 0:00 Uhr, wurde ein herumschreiender Mann am Hauptbahnhof Ludwigshafen gemeldet. Als die Polizeibeamten am Bahnhof eintrafen, konnte ein alkoholisierter 27-j\u00e4hriger Tourist angetroffen werden, der eigentlich zum Flughafen nach Frankfurt wollte, jedoch nicht wusste wie er dort hinkommen k\u00f6nnte und deshalb herumgeschrien h\u00e4tte. Die Polizeibeamten halfen ihm beim Ticketkauf und brachten ihn zu dem Abfahrtsgleis am Hauptbahnhof.<\/p>\n\n\n\n<p>Gegen 01:05 Uhr wurde gemeldet, dass ein Mann am Hauptbahnhof eine Kiosk-T\u00fcr eintreten w\u00fcrde. Vor Ort konnten die Polizisten erneut den 27-j\u00e4hrigen Touristen antreffen. Der Mann hatte so fest gegen die Glasschiebet\u00fcr getreten, dass diese aus der Verankerung gerissen wurde. Als Grund hierf\u00fcr nannte der Mann, dass er die Polizei wieder am Bahnhof haben wollte, damit ihn diese nach Frankfurt fahren.<\/p>\n\n\n\n<p>Der alkoholisierte Mann (1,2 Promille Atemalkoholwert) wurde von den Polizeibeamten mitgenommen, jedoch nicht nach Frankfurt, sondern in die Gewahrsamszellen der Polizeiinspektion Ludwigshafen 1. Nachdem er seinen Rausch ausgeschlafen hatte, wurde er wieder entlassen.<\/p>\n\n\n\n<p>Gegen den Mann wurde ein Strafverfahren wegen Sachbesch\u00e4digung eingeleitet.<\/p>\n\n\n\n<h2 class=\"wp-block-heading\">(Heidelberg) &#8211; Verbale Streitigkeiten enden in gef\u00e4hrlicher K\u00f6rperverletzung \/ Zeugen gesucht!<\/h2>\n\n\n<div class=\"wp-block-image\">\n<figure class=\"aligncenter size-full\"><img decoding=\"async\" loading=\"lazy\" width=\"800\" height=\"533\" src=\"https:\/\/speyer24news.com\/wp-content\/uploads\/2021\/11\/Schlaegerei.jpg\" alt=\"\" class=\"wp-image-42366\" srcset=\"https:\/\/speyer24news.com\/wp-content\/uploads\/2021\/11\/Schlaegerei.jpg 800w, https:\/\/speyer24news.com\/wp-content\/uploads\/2021\/11\/Schlaegerei-300x200.jpg 300w, https:\/\/speyer24news.com\/wp-content\/uploads\/2021\/11\/Schlaegerei-768x512.jpg 768w\" sizes=\"(max-width: 800px) 100vw, 800px\" \/><figcaption class=\"wp-element-caption\">Beispielbild Schl\u00e4gerei \/ K\u00f6rperverletzung, dient lediglich der Visualisierung<\/figcaption><\/figure><\/div>\n\n\n<p>Am Samstagmorgen gegen kurz vor 01.00 Uhr wurde der Polizeinotruf \u00fcber eine k\u00f6rperliche Auseinandersetzung zwischen zwei Personengruppen im Bereich der Schwanenteichanlage in Heidelberg in Kenntnis gesetzt. Beim Eintreffen der Polizeibeamten des Reviers Heidelberg-Mitte konnte zun\u00e4chst lediglich der Anzeigeerstatter angetroffen werden. \u00dcber diesen wurde in Erfahrung gebracht, dass es sich bei den T\u00e4tern um eine drei- bis vierk\u00f6pfige m\u00e4nnliche Gruppe handelte, welche zuvor u.a. gemeinschaftlich auf einen der insgesamt vier Gesch\u00e4digten eingetreten hatte. Die Gesch\u00e4digten konnten kurze Zeit sp\u00e4ter im Rahmen der ersten Ermittlungen unweit der Tat\u00f6rtlichkeit angetroffen werden. Sie zeigten sich gegen\u00fcber den eingesetzten Beamten jedoch wenig kooperativ. Alle vier wiesen Verletzungen auf, welche von der unmittelbar zuvor stattgefundenen Schl\u00e4gerei stammten. Aufgrund der Alkoholisierung der Gesch\u00e4digten sowie der Tatsache, dass diese allesamt kein Interesse an einer weiteren Strafverfolgung zeigten, konnten bislang keine weiteren Erkenntnisse zu den T\u00e4tern erlangt werden.<\/p>\n\n\n\n<ul>\n<li><strong>Zeugen, welche Hinweise oder sachdienliche Angaben zur oben genannten Tat geben k\u00f6nnen werden gebeten, sich mit dem Polizeirevier Heidelberg-Mitte, Tel. 06221\/1857-0, in Verbindung zu setzen.<\/strong><\/li>\n<\/ul>\n\n\n\n<h2 class=\"wp-block-heading\">(Hockenheim \/ Rhein-Neckar-Kreis) &#8211; Brandstiftung an Lkw \/ 30.000 Euro Schaden<\/h2>\n\n\n<div class=\"wp-block-image\">\n<figure class=\"aligncenter size-full\"><img decoding=\"async\" loading=\"lazy\" width=\"801\" height=\"600\" src=\"https:\/\/speyer24news.com\/wp-content\/uploads\/2020\/05\/Zeugen-gesucht-Neutral.jpg\" alt=\"\" class=\"wp-image-26598\" srcset=\"https:\/\/speyer24news.com\/wp-content\/uploads\/2020\/05\/Zeugen-gesucht-Neutral.jpg 801w, https:\/\/speyer24news.com\/wp-content\/uploads\/2020\/05\/Zeugen-gesucht-Neutral-300x225.jpg 300w, https:\/\/speyer24news.com\/wp-content\/uploads\/2020\/05\/Zeugen-gesucht-Neutral-768x575.jpg 768w, https:\/\/speyer24news.com\/wp-content\/uploads\/2020\/05\/Zeugen-gesucht-Neutral-678x509.jpg 678w, https:\/\/speyer24news.com\/wp-content\/uploads\/2020\/05\/Zeugen-gesucht-Neutral-326x245.jpg 326w, https:\/\/speyer24news.com\/wp-content\/uploads\/2020\/05\/Zeugen-gesucht-Neutral-80x60.jpg 80w\" sizes=\"(max-width: 801px) 100vw, 801px\" \/><\/figure><\/div>\n\n\n<p>Am Samstagmorgen gegen 02.40 Uhr wurde ein brennender Lkw im Bereich der Lussheimer Stra\u00dfe in Hockenheim gemeldet. Beim Eintreffen der ersten Polizeikr\u00e4fte standen die beiden Reifen der Hinterachse der Zugmaschine bereits in Flammen. Diese griffen in der Folge auf das gesamte Heck des Fahrzeuges \u00fcber. Der zugeh\u00f6rige Auflieger befand sich zum Zeitpunkt des Brandausbruches gl\u00fccklicherweise nicht in der N\u00e4he. Der Brand an der Zugmaschine konnte durch die freiwillige Feuerwehr Hockenheim, welche mit 13 Einsatzkr\u00e4ften und vier Fahrzeugen vor Ort war, schnell unter Kontrolle gebracht und schlie\u00dflich gel\u00f6scht werden. An der Zugmaschine entstand Sachschaden in H\u00f6he von ca. 30.000 Euro. An den abgebrannten Reifen konnten R\u00fcckst\u00e4nde von Brandbeschleunigern festgestellt werden, weshalb derzeit von vors\u00e4tzlicher Brandstiftung ausgegangen werden muss.<\/p>\n\n\n\n<ul>\n<li><strong>Zeugen, welche sachdienliche Hinweise geben k\u00f6nnen werden gebeten, sich mit dem Kriminaldauerdienst, Tel. 0621\/174-4444 der Kriminalpolizeidirektion Heidelberg in Verbindung zu setzen. Die Endsachbearbeitung erfolgt durch das Kriminalkommissariat Mannheim.<\/strong><\/li>\n<\/ul>\n\n\n\n<h2 class=\"wp-block-heading\">(Rauenberg \/ Rhein-Neckar-Kreis) &#8211; Verkehrsunfall fordert zwei Totalsch\u00e4den und eine verletzte Person<\/h2>\n\n\n\n<p>Am Freitagabend gegen 21.00 Uhr kam es auf der B39 zwischen Rauenberg und M\u00fchlhausen zu einem Verkehrsunfall, an welchem zwei Pkw beteiligt waren. Der 18-j\u00e4hrige Fahrzeugf\u00fchrer eines KIA Stonic befuhr die B39 von M\u00fchlhausen kommend in Richtung Rauenberg. Kurz vor Rauenberg war der 18-J\u00e4hrige an der Einm\u00fcndung zur K4169 \/ Malschenberger Stra\u00dfe im Begriff nach links abzubiegen, als er die ihm entgegenkommende Fahrzeuglenkerin eines Daimler-Benz \u00fcbersah. In der Folge kam es zur Kollision zwischen den beiden Pkw. Die 45-J\u00e4hrige, welche mit ihrer A-Klasse von Rauenberg in Richtung M\u00fchlhausen untwerwegs war, wurde hierbei leicht verletzt und zur weiteren medizinischen Versorgung mittels eines Rettungswagens in ein umliegendes Krankenhaus verbracht. An beiden Fahrzeugen entstand Totalschaden in H\u00f6he von insgesamt ca. 34.000 Euro. Die Fahrzeuge mussten im Anschluss an die Unfallaufnahme abgeschleppt werden. Die Unfallaufnahme durch die Beamten des Polizeireviers Wiesloch dauerte bis ca. 22.30 Uhr an. Zu gr\u00f6\u00dferen Verkehrsbehinderungen kam es nicht.<\/p>\n","protected":false},"excerpt":{"rendered":"<div class=\"mh-excerpt\"><p>Polizeimeldungen vom Samstag (13.01.2024) (Speyer) &#8211; Diebstahl aus PKW Am Freitag kam es zwischen 17:50 &#8211; 18:00 Uhr zu einem Diebstahl aus einem PKW auf dem Parkplatz eines Baumarktes in der Iggelheimer Stra\u00dfe in Speyer. <a class=\"mh-excerpt-more\" href=\"https:\/\/speyer24news.com\/?p=57438\" title=\"Polizeimeldungen Samstag (13.01.24)\">[&#8230;]<\/a><\/p>\n<\/div>","protected":false},"author":3,"featured_media":26162,"comment_status":"open","ping_status":"open","sticky":false,"template":"","format":"standard","meta":{"_monsterinsights_skip_tracking":false,"_monsterinsights_sitenote_active":false,"_monsterinsights_sitenote_note":"","_monsterinsights_sitenote_category":0,"footnotes":""},"categories":[15659],"tags":[7273,7243,7244,10926,3614,13554,350,14537,15084,15267,14538,15361,702,61,2555,14113,6955,6986,6263,63,105,11150,6987,53,13540,16956,4683,14958,12967,102,13626,213,14325,14324,13553,13541,16955,2625,380],"aioseo_notices":[],"amp_enabled":true,"_links":{"self":[{"href":"https:\/\/speyer24news.com\/index.php?rest_route=\/wp\/v2\/posts\/57438"}],"collection":[{"href":"https:\/\/speyer24news.com\/index.php?rest_route=\/wp\/v2\/posts"}],"about":[{"href":"https:\/\/speyer24news.com\/index.php?rest_route=\/wp\/v2\/types\/post"}],"author":[{"embeddable":true,"href":"https:\/\/speyer24news.com\/index.php?rest_route=\/wp\/v2\/users\/3"}],"replies":[{"embeddable":true,"href":"https:\/\/speyer24news.com\/index.php?rest_route=%2Fwp%2Fv2%2Fcomments&post=57438"}],"version-history":[{"count":4,"href":"https:\/\/speyer24news.com\/index.php?rest_route=\/wp\/v2\/posts\/57438\/revisions"}],"predecessor-version":[{"id":57442,"href":"https:\/\/speyer24news.com\/index.php?rest_route=\/wp\/v2\/posts\/57438\/revisions\/57442"}],"wp:featuredmedia":[{"embeddable":true,"href":"https:\/\/speyer24news.com\/index.php?rest_route=\/wp\/v2\/media\/26162"}],"wp:attachment":[{"href":"https:\/\/speyer24news.com\/index.php?rest_route=%2Fwp%2Fv2%2Fmedia&parent=57438"}],"wp:term":[{"taxonomy":"category","embeddable":true,"href":"https:\/\/speyer24news.com\/index.php?rest_route=%2Fwp%2Fv2%2Fcategories&post=57438"},{"taxonomy":"post_tag","embeddable":true,"href":"https:\/\/speyer24news.com\/index.php?rest_route=%2Fwp%2Fv2%2Ftags&post=57438"}],"curies":[{"name":"wp","href":"https:\/\/api.w.org\/{rel}","templated":true}]}}