{"id":57478,"date":"2024-01-18T13:00:38","date_gmt":"2024-01-18T12:00:38","guid":{"rendered":"https:\/\/speyer24news.com\/?p=57478"},"modified":"2024-01-18T13:00:41","modified_gmt":"2024-01-18T12:00:41","slug":"radarfallen-blitzer-geschwindigkeitsmessung-fuer-die-kw-04-22-01-28-01-2024","status":"publish","type":"post","link":"https:\/\/speyer24news.com\/?p=57478","title":{"rendered":"Radarfallen \/ Blitzer \/ Geschwindigkeitsmessung f\u00fcr die KW 04 (22.01. \u2013 28.01.2024)"},"content":{"rendered":"<style type=\"text\/css\">\r\n\t.ads_top_disp{}\r\n\t.ads_top_corner_disp{ float:left; margin:0px 10px 10px 0px; }\r\n\t.ads_first_p_disp{}\r\n\t.ads_bottom_disp{}\r\n\t<\/style>\n<h2 class=\"wp-block-heading\"><strong>(Mannheim) \u2013\u00a0<\/strong>Geschwindigkeitskontrollen f\u00fcr die Woche vom 22. bis 26. Januar<\/h2>\n\n\n<div class=\"wp-block-image\">\n<figure class=\"aligncenter\"><img decoding=\"async\" loading=\"lazy\" width=\"640\" height=\"497\" src=\"https:\/\/speyer24news.com\/wp-content\/uploads\/2020\/12\/Blitzer-2.jpg\" alt=\"\" class=\"wp-image-31937\" srcset=\"https:\/\/speyer24news.com\/wp-content\/uploads\/2020\/12\/Blitzer-2.jpg 640w, https:\/\/speyer24news.com\/wp-content\/uploads\/2020\/12\/Blitzer-2-300x233.jpg 300w\" sizes=\"(max-width: 640px) 100vw, 640px\" \/><\/figure><\/div>\n\n\n<h3 class=\"wp-block-heading\">Die Stadt Mannheim f\u00fchrt vom 22. bis 26. Januar in folgenden Stra\u00dfen mobile Geschwindigkeitskontrollen durch:<\/h3>\n\n\n\n<ul>\n<li><strong>Eberswalder Weg<\/strong><\/li>\n\n\n\n<li><strong>Eisenacher Stra\u00dfe (Vogelstangschule)<\/strong><\/li>\n\n\n\n<li><strong>Elsa-Br\u00e4ndstr\u00f6m-Stra\u00dfe<\/strong><\/li>\n\n\n\n<li><strong>George-Sullivan-Ring<\/strong><\/li>\n\n\n\n<li><strong>Kloppenheimer Stra\u00dfe<\/strong><\/li>\n\n\n\n<li><strong>Mannheimer Stra\u00dfe<\/strong><\/li>\n\n\n\n<li><strong>M\u00fclhauser Stra\u00dfe (Friedrichsfeldschule)<\/strong><\/li>\n\n\n\n<li><strong>Neudorfstra\u00dfe<\/strong><\/li>\n\n\n\n<li><strong>Neustadter Stra\u00dfe<\/strong><\/li>\n\n\n\n<li><strong>Rostocker Weg<\/strong><\/li>\n\n\n\n<li><strong>Seckenheimer Hauptstra\u00dfe<\/strong><\/li>\n\n\n\n<li><strong>Thomas-Jefferson-Stra\u00dfe<\/strong><\/li>\n\n\n\n<li><strong>Wormser Stra\u00dfe (K\u00e4fertalschule)<\/strong><\/li>\n\n\n\n<li><strong>Z\u00e4hringer Stra\u00dfe (Seckenheimschule)<\/strong><\/li>\n<\/ul>\n\n\n\n<p>Kurzfristige \u00c4nderungen oder zus\u00e4tzliche Messstellen sind aus aktuellem Anlass m\u00f6glich.<\/p>\n\n\n\n<p><em>Stadt Mannheim<br>18.01.2024<\/em><\/p>\n\n\n\n<h2 class=\"wp-block-heading\"><strong>(Ludwigshafen) \u2013\u00a0<\/strong>Radarkontrollen f\u00fcr die Woche vom 22. Januar bis 28. Januar 2024<\/h2>\n\n\n<div class=\"wp-block-image\">\n<figure class=\"aligncenter\"><img decoding=\"async\" loading=\"lazy\" width=\"800\" height=\"600\" src=\"https:\/\/speyer24news.com\/wp-content\/uploads\/2020\/03\/Blitzer-1.jpg\" alt=\"\" class=\"wp-image-25724\" srcset=\"https:\/\/speyer24news.com\/wp-content\/uploads\/2020\/03\/Blitzer-1.jpg 800w, https:\/\/speyer24news.com\/wp-content\/uploads\/2020\/03\/Blitzer-1-300x225.jpg 300w, https:\/\/speyer24news.com\/wp-content\/uploads\/2020\/03\/Blitzer-1-768x576.jpg 768w, https:\/\/speyer24news.com\/wp-content\/uploads\/2020\/03\/Blitzer-1-678x509.jpg 678w, https:\/\/speyer24news.com\/wp-content\/uploads\/2020\/03\/Blitzer-1-326x245.jpg 326w, https:\/\/speyer24news.com\/wp-content\/uploads\/2020\/03\/Blitzer-1-80x60.jpg 80w\" sizes=\"(max-width: 800px) 100vw, 800px\" \/><\/figure><\/div>\n\n\n<h3 class=\"wp-block-heading\">Die Stadt Ludwigshafen nimmt in folgenden Stadtteilen Radarkontrollen vor:<\/h3>\n\n\n\n<ul>\n<li><strong>Montag, 22. Januar: Pfingstweide, Friesenheim und Oggersheim<\/strong><\/li>\n\n\n\n<li><strong>Dienstag, 23. Januar: Rheing\u00f6nheim, Oppau und S\u00fcd<\/strong><\/li>\n\n\n\n<li><strong>Mittwoch, 24. Januar: Mundenheim, Mitte und Nord<\/strong><\/li>\n\n\n\n<li><strong>Donnerstag, 25. Januar: Friesenheim, Edigheim und West<\/strong><\/li>\n\n\n\n<li><strong>Freitag, 26. Januar: Mundenheim, Gartenstadt und Maudach<\/strong><\/li>\n<\/ul>\n\n\n\n<p>Kurzfristige \u00c4nderungen beh\u00e4lt sich der Bereich Stra\u00dfenverkehr vor. Kontrollen k\u00f6nnen auch kurzfristig an anderen Stellen stattfinden.<\/p>\n\n\n\n<p><em>Stadt Ludwigshafen am Rhein<br>18.01.2024<\/em><\/p>\n\n\n\n<h2 class=\"wp-block-heading\"><strong>(Polizeipr\u00e4sidium Rheinpfalz) \u2013&nbsp;<\/strong>Geschwindigkeitsmessungen im Januar 2024<\/h2>\n\n\n<div class=\"wp-block-image\">\n<figure class=\"aligncenter\"><img decoding=\"async\" loading=\"lazy\" width=\"800\" height=\"450\" src=\"https:\/\/speyer24news.com\/wp-content\/uploads\/2020\/12\/Blitzer-Logo.jpg\" alt=\"\" class=\"wp-image-31938\" srcset=\"https:\/\/speyer24news.com\/wp-content\/uploads\/2020\/12\/Blitzer-Logo.jpg 800w, https:\/\/speyer24news.com\/wp-content\/uploads\/2020\/12\/Blitzer-Logo-300x169.jpg 300w, https:\/\/speyer24news.com\/wp-content\/uploads\/2020\/12\/Blitzer-Logo-768x432.jpg 768w, https:\/\/speyer24news.com\/wp-content\/uploads\/2020\/12\/Blitzer-Logo-678x381.jpg 678w\" sizes=\"(max-width: 800px) 100vw, 800px\" \/><\/figure><\/div>\n\n\n<p>\u00dcberh\u00f6hte beziehungsweise nicht angepasste Geschwindigkeit bleibt weiter eine Hauptunfallursache: 2022 wurden im Zust\u00e4ndigkeitsbereich des Polizeipr\u00e4sidiums Rheinpfalz wegen nicht angepasster oder \u00fcberh\u00f6hter Geschwindigkeit 1.896 Verkehrsunf\u00e4lle registriert. Im Jahr 2021 waren dies noch 1.792 Verkehrsunf\u00e4lle.<\/p>\n\n\n\n<h4 class=\"wp-block-heading\"><em>Die Verkehrsunfallstatistik 2022 mit ausf\u00fchrlichen Informationen zur Unfalllage und unseren Ma\u00dfnahmen finden Sie auf unserer Internetseite&nbsp;<a href=\"https:\/\/s.rlp.de\/YSXrl\">https:\/\/s.rlp.de\/YSXrl<\/a>&nbsp;.<\/em><\/h4>\n\n\n\n<p>Die Verkehrs\u00fcberwachung mittels Verkehrskontrollen geh\u00f6rt zu den zentralen Aufgaben der Polizei.<\/p>\n\n\n\n<h3 class=\"wp-block-heading\"><strong>Im Monat Dezember&nbsp;finden daher im Bezirk des Polizeipr\u00e4sidiums Rheinpfalz wie folgt Geschwindigkeitskontrollen statt:<\/strong><\/h3>\n\n\n\n<h3 class=\"wp-block-heading\">Im Gebiet der Polizeidirektion\u00a0<strong>Ludwigshafen<\/strong>:<\/h3>\n\n\n\n<ul>\n<li><strong>23.01.2024 im Bereich Eschbach<\/strong><\/li>\n<\/ul>\n\n\n\n<h3 class=\"wp-block-heading\">Im Gebiet der Polizeidirektion\u00a0<strong>Landau<\/strong>:<\/h3>\n\n\n\n<ul>\n<li><strong>29.01.2024 im Bereich Frankenthal<\/strong><\/li>\n<\/ul>\n\n\n\n<h3 class=\"wp-block-heading\">Im Gebiet der Polizeidirektion\u00a0<strong>Neustadt<\/strong>:<\/h3>\n\n\n\n<ul>\n<li><strong>24.01.2024 im Bereich Bad D\u00fcrkheim<\/strong><\/li>\n\n\n\n<li><strong>30.01.2024 im Bereich Ha\u00dfloch<\/strong><\/li>\n<\/ul>\n\n\n\n<p>Die Polizei weist ausdr\u00fccklich darauf hin, dass Kontrollen auch au\u00dferhalb der genannten Zeiten und \u00d6rtlichkeiten stattfinden.<\/p>\n\n\n\n<p><em>Polizeipr\u00e4sidium Rheinpfalz<br>29.12.2023<\/em><\/p>\n","protected":false},"excerpt":{"rendered":"<div class=\"mh-excerpt\"><p>(Mannheim) \u2013\u00a0Geschwindigkeitskontrollen f\u00fcr die Woche vom 22. bis 26. Januar Die Stadt Mannheim f\u00fchrt vom 22. bis 26. Januar in folgenden Stra\u00dfen mobile Geschwindigkeitskontrollen durch: Kurzfristige \u00c4nderungen oder zus\u00e4tzliche Messstellen sind aus aktuellem Anlass m\u00f6glich. <a class=\"mh-excerpt-more\" href=\"https:\/\/speyer24news.com\/?p=57478\" title=\"Radarfallen \/ Blitzer \/ Geschwindigkeitsmessung f\u00fcr die KW 04 (22.01. \u2013 28.01.2024)\">[&#8230;]<\/a><\/p>\n<\/div>","protected":false},"author":3,"featured_media":33649,"comment_status":"open","ping_status":"open","sticky":false,"template":"","format":"standard","meta":{"_monsterinsights_skip_tracking":false,"_monsterinsights_sitenote_active":false,"_monsterinsights_sitenote_note":"","_monsterinsights_sitenote_category":0,"footnotes":""},"categories":[64],"tags":[18,7702,4819,4814,7703,19,5148,4822,4817,5149,15147,16228,5146,4820,4815,5147,15148,58,28,15145,779,5152,4821,4816,5153,15146,153,56,59,17,7699,7068,7004,7700,15142,16227,16990,16992,16991,16993,16994,949,5150,4818,4813,5151,15909,1310,11898,16995,16997,16996,948,13173,10894,10893,13174,15143],"aioseo_notices":[],"amp_enabled":true,"_links":{"self":[{"href":"https:\/\/speyer24news.com\/index.php?rest_route=\/wp\/v2\/posts\/57478"}],"collection":[{"href":"https:\/\/speyer24news.com\/index.php?rest_route=\/wp\/v2\/posts"}],"about":[{"href":"https:\/\/speyer24news.com\/index.php?rest_route=\/wp\/v2\/types\/post"}],"author":[{"embeddable":true,"href":"https:\/\/speyer24news.com\/index.php?rest_route=\/wp\/v2\/users\/3"}],"replies":[{"embeddable":true,"href":"https:\/\/speyer24news.com\/index.php?rest_route=%2Fwp%2Fv2%2Fcomments&post=57478"}],"version-history":[{"count":2,"href":"https:\/\/speyer24news.com\/index.php?rest_route=\/wp\/v2\/posts\/57478\/revisions"}],"predecessor-version":[{"id":57503,"href":"https:\/\/speyer24news.com\/index.php?rest_route=\/wp\/v2\/posts\/57478\/revisions\/57503"}],"wp:featuredmedia":[{"embeddable":true,"href":"https:\/\/speyer24news.com\/index.php?rest_route=\/wp\/v2\/media\/33649"}],"wp:attachment":[{"href":"https:\/\/speyer24news.com\/index.php?rest_route=%2Fwp%2Fv2%2Fmedia&parent=57478"}],"wp:term":[{"taxonomy":"category","embeddable":true,"href":"https:\/\/speyer24news.com\/index.php?rest_route=%2Fwp%2Fv2%2Fcategories&post=57478"},{"taxonomy":"post_tag","embeddable":true,"href":"https:\/\/speyer24news.com\/index.php?rest_route=%2Fwp%2Fv2%2Ftags&post=57478"}],"curies":[{"name":"wp","href":"https:\/\/api.w.org\/{rel}","templated":true}]}}