{"id":57480,"date":"2024-01-18T08:50:00","date_gmt":"2024-01-18T07:50:00","guid":{"rendered":"https:\/\/speyer24news.com\/?p=57480"},"modified":"2024-01-18T08:50:03","modified_gmt":"2024-01-18T07:50:03","slug":"umwelt-natur-speyer-3","status":"publish","type":"post","link":"https:\/\/speyer24news.com\/?p=57480","title":{"rendered":"Umwelt &#038; Natur \/ Speyer"},"content":{"rendered":"<style type=\"text\/css\">\r\n\t.ads_top_disp{}\r\n\t.ads_top_corner_disp{ float:left; margin:0px 10px 10px 0px; }\r\n\t.ads_first_p_disp{}\r\n\t.ads_bottom_disp{}\r\n\t<\/style>\n<h2 class=\"wp-block-heading\">Kampagne \u201eTausende G\u00e4rten \u2013 Tausende Arten\u201c: Veranstaltungsprogramm in Speyer<\/h2>\n\n\n<div class=\"wp-block-image\">\n<figure class=\"aligncenter size-full\"><img decoding=\"async\" loading=\"lazy\" width=\"800\" height=\"462\" src=\"https:\/\/speyer24news.com\/wp-content\/uploads\/2024\/01\/Tausende-Gaerten-Tausende-Arten.jpg\" alt=\"\" class=\"wp-image-57481\" srcset=\"https:\/\/speyer24news.com\/wp-content\/uploads\/2024\/01\/Tausende-Gaerten-Tausende-Arten.jpg 800w, https:\/\/speyer24news.com\/wp-content\/uploads\/2024\/01\/Tausende-Gaerten-Tausende-Arten-300x173.jpg 300w, https:\/\/speyer24news.com\/wp-content\/uploads\/2024\/01\/Tausende-Gaerten-Tausende-Arten-768x444.jpg 768w\" sizes=\"(max-width: 800px) 100vw, 800px\" \/><\/figure><\/div>\n\n\n<p>Wiesen-Salbei, Wilde Malve und andere Wildpflanzen statt Kies und Schotter: Speyer m\u00f6chte ein Zeichen f\u00fcr die biologische Vielfalt setzen und unterst\u00fctzt die bundesweite Kampagne \u201eTausende G\u00e4rten \u2013 Tausende Arten\u201c. Mit heimischen Wildpflanzen sollen im Projekt naturnahe G\u00e4rten, Balkone und Biotope vor dem Fenster entstehen und die biologische Vielfalt gef\u00f6rdert werden.<\/p>\n\n\n<div class=\"wp-block-image\">\n<figure class=\"aligncenter size-full\"><img decoding=\"async\" loading=\"lazy\" width=\"800\" height=\"567\" src=\"https:\/\/speyer24news.com\/wp-content\/uploads\/2024\/01\/Saatgutbibliothek-Speyer.jpg\" alt=\"\" class=\"wp-image-57482\" srcset=\"https:\/\/speyer24news.com\/wp-content\/uploads\/2024\/01\/Saatgutbibliothek-Speyer.jpg 800w, https:\/\/speyer24news.com\/wp-content\/uploads\/2024\/01\/Saatgutbibliothek-Speyer-300x213.jpg 300w, https:\/\/speyer24news.com\/wp-content\/uploads\/2024\/01\/Saatgutbibliothek-Speyer-768x544.jpg 768w\" sizes=\"(max-width: 800px) 100vw, 800px\" \/><\/figure><\/div>\n\n\n<p>\u201eDie B\u00fcrgerinnen und B\u00fcrger k\u00f6nnen im eigenen Garten oder vor dem Fenster selbst aktiv f\u00fcr den Insektenschutz werden und damit einen wertvollen Beitrag f\u00fcr die Artenvielfalt leisten\u201c, erkl\u00e4rt Oberb\u00fcrgermeisterin Stefanie Seiler und weist auf das Ziel der Kampagne hin: \u201eSo wollen wir auch hier vor Ort in Speyer die naturnahe Gartengestaltung gemeinsam vorantreiben.\u201c<\/p>\n\n\n\n<p>In Speyer gibt es viele M\u00f6glichkeiten, sich zu beteiligen und vielf\u00e4ltige Veranstaltungen rund um das Thema nachhaltige Entwicklung.<br>Den Veranstaltungsstart bildet der\u00a0<strong>vhs-Semesterer\u00f6ffnungsvortrag<\/strong>\u00a0\u201eNatur im Garten\u201c von Roland G\u00fcnter am morgigen Donnerstag, 18. Januar 2024 ab 19.30 Uhr in der Stadthalle Speyer. \u00dcber weitere interessante Vortr\u00e4ge und Praxisworkshops informiert die Homepage der vhs Speyer unter\u00a0<a href=\"https:\/\/deref-web.de\/mail\/client\/OZQli-6lJ98\/dereferrer\/?redirectUrl=http%3A%2F%2Fwww.vhs-speyer.de\" target=\"_blank\" rel=\"noreferrer noopener\">www.vhs-speyer.de<\/a>.<\/p>\n\n\n<div class=\"wp-block-image\">\n<figure class=\"aligncenter size-full\"><img decoding=\"async\" loading=\"lazy\" width=\"500\" height=\"667\" src=\"https:\/\/speyer24news.com\/wp-content\/uploads\/2024\/01\/\u00a9-Roland-Guenter.jpg\" alt=\"\" class=\"wp-image-57483\" srcset=\"https:\/\/speyer24news.com\/wp-content\/uploads\/2024\/01\/\u00a9-Roland-Guenter.jpg 500w, https:\/\/speyer24news.com\/wp-content\/uploads\/2024\/01\/\u00a9-Roland-Guenter-225x300.jpg 225w\" sizes=\"(max-width: 500px) 100vw, 500px\" \/><figcaption class=\"wp-element-caption\">Blaumeise frisst reife Beeren des Gemeinen Ligusters (Ligustrum vulgare).<br><em>Foto: Roland G\u00fcnter<\/em><\/figcaption><\/figure><\/div>\n\n\n<p>\u201eEs ist toll zu sehen, wie viele Menschen sich in diesem Bereich engagieren\u201c, freut sich Beigeordnete Irmgard M\u00fcnch-Weinmann und dankt allen Ehrenamtlichen und Privatinitiativen in Speyer, insbesondere den Vertreter*innen vom BUND und der Bieneninitiative, die das Veranstaltungsprogramm in Zusammenarbeit mit der Stadt auf die Beine gestellt haben.<\/p>\n\n\n\n<p>\u201eWir wollen attraktive Angebote schaffen, um noch mehr Menschen f\u00fcr die F\u00f6rderung der Artenvielfalt im heimischen Garten oder auf dem Balkon zu begeistern. Ein eigener Garten oder ein Schrebergarten sind etwas Tolles, diese m\u00fcssen aber auch entsprechend gestaltet werden\u201c, unterstreicht die Umweltdezernentin, auch im Hinblick auf sogenannte Schotterg\u00e4rten. \u201eNaturnahe G\u00e4rten k\u00f6nnen ein echter Blickfang sein und tun \u00fcberdies Gutes f\u00fcr Mensch und Umwelt.\u201c<\/p>\n\n\n<div class=\"wp-block-image\">\n<figure class=\"aligncenter size-full\"><img decoding=\"async\" loading=\"lazy\" width=\"800\" height=\"599\" src=\"https:\/\/speyer24news.com\/wp-content\/uploads\/2024\/01\/PK_1_\u00a9-Stadt-Speyer.jpg\" alt=\"\" class=\"wp-image-57484\" srcset=\"https:\/\/speyer24news.com\/wp-content\/uploads\/2024\/01\/PK_1_\u00a9-Stadt-Speyer.jpg 800w, https:\/\/speyer24news.com\/wp-content\/uploads\/2024\/01\/PK_1_\u00a9-Stadt-Speyer-300x225.jpg 300w, https:\/\/speyer24news.com\/wp-content\/uploads\/2024\/01\/PK_1_\u00a9-Stadt-Speyer-768x575.jpg 768w, https:\/\/speyer24news.com\/wp-content\/uploads\/2024\/01\/PK_1_\u00a9-Stadt-Speyer-678x509.jpg 678w, https:\/\/speyer24news.com\/wp-content\/uploads\/2024\/01\/PK_1_\u00a9-Stadt-Speyer-326x245.jpg 326w, https:\/\/speyer24news.com\/wp-content\/uploads\/2024\/01\/PK_1_\u00a9-Stadt-Speyer-80x60.jpg 80w\" sizes=\"(max-width: 800px) 100vw, 800px\" \/><figcaption class=\"wp-element-caption\"><em>v.l.: <\/em>Beigeordnete Irmgard M\u00fcnch-Weinmann, Anke Mertens (Leiterin Bildungszentrum Villa Ecarius, Stadt Speyer), Sandra Gehrlein (Nachhaltigkeitsmanagerin Stadt Speyer und Projektkoordinatorin), Doris Hoffmann (Bieneninitiative), Christoph Kohler (BUND), Albert Schmid (Stadtbibliothek), Fiona Zein (FSJlerin Villa Ecarius)<\/figcaption><\/figure><\/div>\n\n\n<p>Wer in seinem Garten oder auf dem Balkon die Artenvielfalt f\u00f6rdern m\u00f6chte, kann in der&nbsp;<strong>Saatgutbibliothek Speyer<\/strong>&nbsp;vorbeikommen und samenfestes Saatgut verschiedener Nutz- und Bl\u00fchpflanzen \u201eausleihen\u201c.<\/p>\n\n\n\n<p>Die Saatgutbibliothek wurde im Jahr 2023 ins Leben gerufen und konnte schon in kurzer Zeit gro\u00dfe Erfolge erzielen. So war der Saatgut-Bestand, zu Beginn aus 65 T\u00fcten bestehend und gr\u00f6\u00dftenteils aus Spenden der Bieneninitiative Speyer und Freie-Saaten e.V. zusammengesetzt, in k\u00fcrzester Zeit aufgebraucht.<\/p>\n\n\n<div class=\"wp-block-image\">\n<figure class=\"aligncenter size-full\"><img decoding=\"async\" loading=\"lazy\" width=\"800\" height=\"567\" src=\"https:\/\/speyer24news.com\/wp-content\/uploads\/2024\/01\/Saatgutbibliothek-2-Speyer.jpg\" alt=\"\" class=\"wp-image-57485\" srcset=\"https:\/\/speyer24news.com\/wp-content\/uploads\/2024\/01\/Saatgutbibliothek-2-Speyer.jpg 800w, https:\/\/speyer24news.com\/wp-content\/uploads\/2024\/01\/Saatgutbibliothek-2-Speyer-300x213.jpg 300w, https:\/\/speyer24news.com\/wp-content\/uploads\/2024\/01\/Saatgutbibliothek-2-Speyer-768x544.jpg 768w\" sizes=\"(max-width: 800px) 100vw, 800px\" \/><\/figure><\/div>\n\n\n<p>Ebenso erfreulich gestaltete sich der R\u00fccklauf. Bis heute wurde Saatgut von 46 unterschiedlichen Pflanzensorten f\u00fcr 228 T\u00fcten von B\u00fcrger*innen aus Speyer und der Umgebung in der Stadtbibliothek abgegeben. Einen gro\u00dfen Anteil am Bestand zum Jahresende 2023 hat Saatgut der Acker-Ringelblume, die auf roten Liste der vom Aussterben bedrohten Pflanzenarten in Deutschland steht.<\/p>\n\n\n\n<h4 class=\"wp-block-heading\">Weitere Informationen zu dem Projekt sind unter&nbsp;<a href=\"https:\/\/deref-web.de\/mail\/client\/BL78PGPb87o\/dereferrer\/?redirectUrl=http%3A%2F%2Fwww.speyer.de%2Fde%2Fbildung%2Fstadtbibliothek%2Fsaatgutbibliothek\" target=\"_blank\" rel=\"noreferrer noopener\">www.speyer.de\/de\/bildung\/stadtbibliothek\/saatgutbibliothek<\/a>&nbsp;abrufbar.<\/h4>\n\n\n\n<p>Im Rahmen dieses Projekts sucht die Stadt in diesem Jahr gute Beispiele und ruft daher die Speyererinnen und Speyerer dazu auf, bis zum 30. August 2024 an einem\u00a0<strong>Foto-Wettbewerb<\/strong>\u00a0teilzunehmen: Interessierte k\u00f6nnen der Stadtverwaltung Fotos schicken, die zeigen, was aus dem Saatgut w\u00e4chst und was sie f\u00fcr die Artenvielfalt in ihrem Garten, auf dem Balkon oder vor dem Fenster tun. \u201eJede und jeder kann mitmachen\u201c, motiviert Nachhaltigkeitsmanagerin und Projektkoordinatorin Sandra Gehrlein, sich an der niedrigschwelligen Aktion zu beteiligen. Die Aufnahmen k\u00f6nnen per E-Mail an\u00a0<a href=\"mailto:albert.schmid@stadt-speyer.de\" target=\"_blank\" rel=\"noreferrer noopener\">albert.schmid@stadt-speyer.de<\/a>\u00a0gesendet werden.<\/p>\n\n\n<div class=\"wp-block-image\">\n<figure class=\"aligncenter size-full\"><img decoding=\"async\" loading=\"lazy\" width=\"500\" height=\"667\" src=\"https:\/\/speyer24news.com\/wp-content\/uploads\/2024\/01\/PK_4_Stadt-Speyer.jpg\" alt=\"\" class=\"wp-image-57486\" srcset=\"https:\/\/speyer24news.com\/wp-content\/uploads\/2024\/01\/PK_4_Stadt-Speyer.jpg 500w, https:\/\/speyer24news.com\/wp-content\/uploads\/2024\/01\/PK_4_Stadt-Speyer-225x300.jpg 225w\" sizes=\"(max-width: 500px) 100vw, 500px\" \/><\/figure><\/div>\n\n\n<p>Zudem k\u00f6nnen sich Interessierte beim&nbsp;<strong>Gartentreff am \u201eHummelgarten\u201c<\/strong>&nbsp;der Bieneninitiative Speyer Interessierte zum naturnahen G\u00e4rtnern austauschen: von Mai bis September jeweils am ersten Donnerstag im Monat ab 18 Uhr.<\/p>\n\n\n\n<p>Weitere Informationen zur Kampagne und dem dazugeh\u00f6rigen Veranstaltungsprogramm in Speyer gibt es auf der st\u00e4dtischen Homepage unter\u00a0<a href=\"https:\/\/deref-web.de\/mail\/client\/SoiZpRfa1Ss\/dereferrer\/?redirectUrl=http%3A%2F%2Fwww.speyer.de%2Ftausende-gaerten\" target=\"_blank\" rel=\"noreferrer noopener\">www.speyer.de\/tausende-gaerten<\/a>.<\/p>\n\n\n<div class=\"wp-block-image\">\n<figure class=\"aligncenter size-full\"><img decoding=\"async\" loading=\"lazy\" width=\"800\" height=\"600\" src=\"https:\/\/speyer24news.com\/wp-content\/uploads\/2024\/01\/PK_2_\u00a9-Stadt-Speyer.jpg\" alt=\"\" class=\"wp-image-57487\" srcset=\"https:\/\/speyer24news.com\/wp-content\/uploads\/2024\/01\/PK_2_\u00a9-Stadt-Speyer.jpg 800w, https:\/\/speyer24news.com\/wp-content\/uploads\/2024\/01\/PK_2_\u00a9-Stadt-Speyer-300x225.jpg 300w, https:\/\/speyer24news.com\/wp-content\/uploads\/2024\/01\/PK_2_\u00a9-Stadt-Speyer-768x576.jpg 768w, https:\/\/speyer24news.com\/wp-content\/uploads\/2024\/01\/PK_2_\u00a9-Stadt-Speyer-678x509.jpg 678w, https:\/\/speyer24news.com\/wp-content\/uploads\/2024\/01\/PK_2_\u00a9-Stadt-Speyer-326x245.jpg 326w, https:\/\/speyer24news.com\/wp-content\/uploads\/2024\/01\/PK_2_\u00a9-Stadt-Speyer-80x60.jpg 80w\" sizes=\"(max-width: 800px) 100vw, 800px\" \/><\/figure><\/div>\n\n\n<p>\u201eTausende G\u00e4rten \u2013 Tausende Arten\u201c wird im Bundesprogramm Biologische Vielfalt mit Mitteln des Bundesumweltministeriums und des Bundesamtes f\u00fcr Naturschutz gef\u00f6rdert. Geleitet wird das Projekt von der Deutschen Gartenbau-Gesellschaft 1822 (DGG), die es gemeinsam mit den Projektpartnern WILA Bonn und der Agentur f\u00fcr nachhaltige Kommunikation tippingpoints realisiert. Kooperationspartner sind der Naturgarten e. V., der Verband deutscher Wildsamen- und Wildpflanzenproduzenten (VWW) und die Heinz-Sielmann-Stiftung.<\/p>\n\n\n\n<p><em>Stadtverwaltung Speyer<br>17.01.2024<\/em><\/p>\n","protected":false},"excerpt":{"rendered":"<div class=\"mh-excerpt\"><p>Kampagne \u201eTausende G\u00e4rten \u2013 Tausende Arten\u201c: Veranstaltungsprogramm in Speyer Wiesen-Salbei, Wilde Malve und andere Wildpflanzen statt Kies und Schotter: Speyer m\u00f6chte ein Zeichen f\u00fcr die biologische Vielfalt setzen und unterst\u00fctzt die bundesweite Kampagne \u201eTausende G\u00e4rten <a class=\"mh-excerpt-more\" href=\"https:\/\/speyer24news.com\/?p=57480\" title=\"Umwelt &#038; Natur \/ Speyer\">[&#8230;]<\/a><\/p>\n<\/div>","protected":false},"author":3,"featured_media":44012,"comment_status":"open","ping_status":"open","sticky":false,"template":"","format":"standard","meta":{"_monsterinsights_skip_tracking":false,"_monsterinsights_sitenote_active":false,"_monsterinsights_sitenote_note":"","_monsterinsights_sitenote_category":0,"footnotes":""},"categories":[47,13721,13],"tags":[4378,8867,1055,17216,17214,10822,17213,17215,15945,17212,6287,13831,14055,14238,458,17217,513,459,3132],"aioseo_notices":[],"amp_enabled":true,"_links":{"self":[{"href":"https:\/\/speyer24news.com\/index.php?rest_route=\/wp\/v2\/posts\/57480"}],"collection":[{"href":"https:\/\/speyer24news.com\/index.php?rest_route=\/wp\/v2\/posts"}],"about":[{"href":"https:\/\/speyer24news.com\/index.php?rest_route=\/wp\/v2\/types\/post"}],"author":[{"embeddable":true,"href":"https:\/\/speyer24news.com\/index.php?rest_route=\/wp\/v2\/users\/3"}],"replies":[{"embeddable":true,"href":"https:\/\/speyer24news.com\/index.php?rest_route=%2Fwp%2Fv2%2Fcomments&post=57480"}],"version-history":[{"count":1,"href":"https:\/\/speyer24news.com\/index.php?rest_route=\/wp\/v2\/posts\/57480\/revisions"}],"predecessor-version":[{"id":57488,"href":"https:\/\/speyer24news.com\/index.php?rest_route=\/wp\/v2\/posts\/57480\/revisions\/57488"}],"wp:featuredmedia":[{"embeddable":true,"href":"https:\/\/speyer24news.com\/index.php?rest_route=\/wp\/v2\/media\/44012"}],"wp:attachment":[{"href":"https:\/\/speyer24news.com\/index.php?rest_route=%2Fwp%2Fv2%2Fmedia&parent=57480"}],"wp:term":[{"taxonomy":"category","embeddable":true,"href":"https:\/\/speyer24news.com\/index.php?rest_route=%2Fwp%2Fv2%2Fcategories&post=57480"},{"taxonomy":"post_tag","embeddable":true,"href":"https:\/\/speyer24news.com\/index.php?rest_route=%2Fwp%2Fv2%2Ftags&post=57480"}],"curies":[{"name":"wp","href":"https:\/\/api.w.org\/{rel}","templated":true}]}}