{"id":57495,"date":"2024-01-18T10:39:10","date_gmt":"2024-01-18T09:39:10","guid":{"rendered":"https:\/\/speyer24news.com\/?p=57495"},"modified":"2024-01-18T10:39:12","modified_gmt":"2024-01-18T09:39:12","slug":"stadtnotizen-speyer-30","status":"publish","type":"post","link":"https:\/\/speyer24news.com\/?p=57495","title":{"rendered":"Stadtnotizen Speyer"},"content":{"rendered":"<style type=\"text\/css\">\r\n\t.ads_top_disp{}\r\n\t.ads_top_corner_disp{ float:left; margin:0px 10px 10px 0px; }\r\n\t.ads_first_p_disp{}\r\n\t.ads_bottom_disp{}\r\n\t<\/style><div class=\"wp-block-image\">\n<figure class=\"aligncenter size-full\"><img decoding=\"async\" loading=\"lazy\" width=\"800\" height=\"600\" src=\"https:\/\/speyer24news.com\/wp-content\/uploads\/2020\/01\/Speyer-Stadtnachrichten-2.jpg\" alt=\"\" class=\"wp-image-23901\" srcset=\"https:\/\/speyer24news.com\/wp-content\/uploads\/2020\/01\/Speyer-Stadtnachrichten-2.jpg 800w, https:\/\/speyer24news.com\/wp-content\/uploads\/2020\/01\/Speyer-Stadtnachrichten-2-300x225.jpg 300w, https:\/\/speyer24news.com\/wp-content\/uploads\/2020\/01\/Speyer-Stadtnachrichten-2-768x576.jpg 768w, https:\/\/speyer24news.com\/wp-content\/uploads\/2020\/01\/Speyer-Stadtnachrichten-2-678x509.jpg 678w, https:\/\/speyer24news.com\/wp-content\/uploads\/2020\/01\/Speyer-Stadtnachrichten-2-326x245.jpg 326w, https:\/\/speyer24news.com\/wp-content\/uploads\/2020\/01\/Speyer-Stadtnachrichten-2-80x60.jpg 80w\" sizes=\"(max-width: 800px) 100vw, 800px\" \/><\/figure><\/div>\n\n\n<h2 class=\"wp-block-heading\">Erneuter Streik im Speyerer Busverkehr<\/h2>\n\n\n<div class=\"wp-block-image\">\n<figure class=\"aligncenter size-full\"><img decoding=\"async\" loading=\"lazy\" width=\"600\" height=\"605\" src=\"https:\/\/speyer24news.com\/wp-content\/uploads\/2022\/05\/Streik-Logo.png\" alt=\"\" class=\"wp-image-45817\" srcset=\"https:\/\/speyer24news.com\/wp-content\/uploads\/2022\/05\/Streik-Logo.png 600w, https:\/\/speyer24news.com\/wp-content\/uploads\/2022\/05\/Streik-Logo-298x300.png 298w, https:\/\/speyer24news.com\/wp-content\/uploads\/2022\/05\/Streik-Logo-150x150.png 150w\" sizes=\"(max-width: 600px) 100vw, 600px\" \/><\/figure><\/div>\n\n\n<p>Wie die DB Regio Bus Mitte GmbH informiert, wird das Linienb\u00fcndel Speyer nach dem Streik am vergangenen Montag auch <strong>von Donnerstag, 18. Januar bis einschlie\u00dflich Freitag, 19. Januar 2024<\/strong> vom zweit\u00e4gigen Streikaufruf der Gewerkschaft ver.di in Rheinland-Pfalz betroffen sein.<\/p>\n\n\n\n<p>An den beiden Tagen ist mit massiven Einschr\u00e4nkungen und Ausf\u00e4llen im Speyerer Stadtbusverkehr zu rechnen.<\/p>\n\n\n\n<p><em>Stadtverwaltung Speyer<br>17.01.2024 (17:12 Uhr)<\/em><\/p>\n\n\n\n<h2 class=\"wp-block-heading\">Sportler des Jahres 2023 \u2013 Nominierungen stehen fest<\/h2>\n\n\n<div class=\"wp-block-image\">\n<figure class=\"aligncenter size-full\"><img decoding=\"async\" loading=\"lazy\" width=\"380\" height=\"214\" src=\"https:\/\/speyer24news.com\/wp-content\/uploads\/2020\/12\/Sport-Logo.jpg\" alt=\"\" class=\"wp-image-31941\" srcset=\"https:\/\/speyer24news.com\/wp-content\/uploads\/2020\/12\/Sport-Logo.jpg 380w, https:\/\/speyer24news.com\/wp-content\/uploads\/2020\/12\/Sport-Logo-300x169.jpg 300w\" sizes=\"(max-width: 380px) 100vw, 380px\" \/><\/figure><\/div>\n\n\n<p>Die Stadt Speyer sucht auch in diesem Jahr traditionsgem\u00e4\u00df die Sportlerin, den Sportler, die Mannschaft und den Nachwuchspreis Sport des Jahres. Geehrt werden besondere sportliche Leistungen.<\/p>\n\n\n\n<p>Bis zum 11. Januar 2024 konnten Nominierungsvorschl\u00e4ge bei der st\u00e4dtischen Abteilung f\u00fcr Schule und Sport eingereicht werden. Aus den zehn eingegangenen Vorschl\u00e4gen wird am 7. Februar 2024 eine Jury unter dem Vorsitz von Oberb\u00fcrgermeisterin Stefanie Seiler und unter Beteiligung der Stadtratsfraktionen, des Stadtsportverbands und weiterer Vertreter*innen \u00fcber die Ehrungen entscheiden.<\/p>\n\n\n\n<p>Auch die B\u00fcrger*innen k\u00f6nnen ihre Stimme abgeben: Die RHEINPFALZ wird eine Leser-Befragung durchf\u00fchren und vorab dar\u00fcber informieren.<\/p>\n\n\n\n<h3 class=\"wp-block-heading\">Nominiert sind in diesem Jahr:<\/h3>\n\n\n\n<h4 class=\"wp-block-heading\">Sportlerin des Jahres<\/h4>\n\n\n\n<ul>\n<li><strong>Jill Trenz, Judo (Judosportverein Speyer)<\/strong><\/li>\n\n\n\n<li><strong>Josephine Huck, Boxen (AV 03 Speyer)<\/strong><\/li>\n<\/ul>\n\n\n\n<h4 class=\"wp-block-heading\">Sportler des Jahres<\/h4>\n\n\n\n<ul>\n<li><strong>Tim Streib, Rudern (Rudergesellschaft Speyer)<\/strong><\/li>\n\n\n\n<li><strong>Jaron G\u00f6tz, Schwimmsport (Wassersportverein Speyer)<\/strong><\/li>\n\n\n\n<li><strong>Frank Erk, Triathlon und Radsport (RC Vorw\u00e4rts)<\/strong><\/li>\n<\/ul>\n\n\n\n<h4 class=\"wp-block-heading\">Mannschaft des Jahres<\/h4>\n\n\n\n<ul>\n<li><strong>Rudermannschaft (Rudergesellschaft Speyer)<\/strong><\/li>\n\n\n\n<li><strong>Frauen-Team JSV Speyer, Judo (Judosportverein Speyer)<\/strong><\/li>\n\n\n\n<li><strong>Karate-Team (Karate Club Speyer)<\/strong><\/li>\n<\/ul>\n\n\n\n<h4 class=\"wp-block-heading\">Nachwuchspreis Sport des Jahres<\/h4>\n\n\n\n<ul>\n<li><strong>Lorin Sayim, Boxen (AV 03 Speyer)<\/strong><\/li>\n\n\n\n<li><strong>Luisa Schaudig, Karate (Karate Club Speyer)<\/strong><\/li>\n<\/ul>\n\n\n\n<h4 class=\"wp-block-heading\">Die Ehrungen werden beim <strong>\u201eBall des Sports\u201c am 2. M\u00e4rz 2024<\/strong> erfolgen.<\/h4>\n\n\n\n<p><em>Stadtverwaltung Speyer<br>17.01.2024<\/em><\/p>\n","protected":false},"excerpt":{"rendered":"<div class=\"mh-excerpt\"><p>Erneuter Streik im Speyerer Busverkehr Wie die DB Regio Bus Mitte GmbH informiert, wird das Linienb\u00fcndel Speyer nach dem Streik am vergangenen Montag auch von Donnerstag, 18. Januar bis einschlie\u00dflich Freitag, 19. Januar 2024 vom <a class=\"mh-excerpt-more\" href=\"https:\/\/speyer24news.com\/?p=57495\" title=\"Stadtnotizen Speyer\">[&#8230;]<\/a><\/p>\n<\/div>","protected":false},"author":3,"featured_media":46477,"comment_status":"open","ping_status":"open","sticky":false,"template":"","format":"standard","meta":{"_monsterinsights_skip_tracking":false,"_monsterinsights_sitenote_active":false,"_monsterinsights_sitenote_note":"","_monsterinsights_sitenote_category":0,"footnotes":""},"categories":[47],"tags":[2593,6579,6,4573,17218,6183,7262,13124,657,17220,17219,8584,14067],"aioseo_notices":[],"amp_enabled":true,"_links":{"self":[{"href":"https:\/\/speyer24news.com\/index.php?rest_route=\/wp\/v2\/posts\/57495"}],"collection":[{"href":"https:\/\/speyer24news.com\/index.php?rest_route=\/wp\/v2\/posts"}],"about":[{"href":"https:\/\/speyer24news.com\/index.php?rest_route=\/wp\/v2\/types\/post"}],"author":[{"embeddable":true,"href":"https:\/\/speyer24news.com\/index.php?rest_route=\/wp\/v2\/users\/3"}],"replies":[{"embeddable":true,"href":"https:\/\/speyer24news.com\/index.php?rest_route=%2Fwp%2Fv2%2Fcomments&post=57495"}],"version-history":[{"count":1,"href":"https:\/\/speyer24news.com\/index.php?rest_route=\/wp\/v2\/posts\/57495\/revisions"}],"predecessor-version":[{"id":57496,"href":"https:\/\/speyer24news.com\/index.php?rest_route=\/wp\/v2\/posts\/57495\/revisions\/57496"}],"wp:featuredmedia":[{"embeddable":true,"href":"https:\/\/speyer24news.com\/index.php?rest_route=\/wp\/v2\/media\/46477"}],"wp:attachment":[{"href":"https:\/\/speyer24news.com\/index.php?rest_route=%2Fwp%2Fv2%2Fmedia&parent=57495"}],"wp:term":[{"taxonomy":"category","embeddable":true,"href":"https:\/\/speyer24news.com\/index.php?rest_route=%2Fwp%2Fv2%2Fcategories&post=57495"},{"taxonomy":"post_tag","embeddable":true,"href":"https:\/\/speyer24news.com\/index.php?rest_route=%2Fwp%2Fv2%2Ftags&post=57495"}],"curies":[{"name":"wp","href":"https:\/\/api.w.org\/{rel}","templated":true}]}}