{"id":57499,"date":"2024-01-18T13:39:06","date_gmt":"2024-01-18T12:39:06","guid":{"rendered":"https:\/\/speyer24news.com\/?p=57499"},"modified":"2024-01-18T13:39:09","modified_gmt":"2024-01-18T12:39:09","slug":"wirtschaft-finanzen-rente-34","status":"publish","type":"post","link":"https:\/\/speyer24news.com\/?p=57499","title":{"rendered":"Wirtschaft \/ Finanzen \/ Rente"},"content":{"rendered":"<style type=\"text\/css\">\r\n\t.ads_top_disp{}\r\n\t.ads_top_corner_disp{ float:left; margin:0px 10px 10px 0px; }\r\n\t.ads_first_p_disp{}\r\n\t.ads_bottom_disp{}\r\n\t<\/style>\n<h1 class=\"wp-block-heading has-text-align-center\">Bundesagentur f\u00fcr Arbeit<\/h1>\n\n\n<div class=\"wp-block-image\">\n<figure class=\"aligncenter size-full\"><img decoding=\"async\" loading=\"lazy\" width=\"800\" height=\"533\" src=\"https:\/\/speyer24news.com\/wp-content\/uploads\/2021\/02\/Agentur-f\u00fcr-Arbeit.jpg\" alt=\"\" class=\"wp-image-33223\" srcset=\"https:\/\/speyer24news.com\/wp-content\/uploads\/2021\/02\/Agentur-f\u00fcr-Arbeit.jpg 800w, https:\/\/speyer24news.com\/wp-content\/uploads\/2021\/02\/Agentur-f\u00fcr-Arbeit-300x200.jpg 300w, https:\/\/speyer24news.com\/wp-content\/uploads\/2021\/02\/Agentur-f\u00fcr-Arbeit-768x512.jpg 768w\" sizes=\"(max-width: 800px) 100vw, 800px\" \/><\/figure><\/div>\n\n\n<h2 class=\"wp-block-heading\">R\u00fcckgang bei Klagen und leichter Anstieg der Widerspr\u00fcche in der Grundsicherung<\/h2>\n\n\n\n<ul>\n<li><strong>Zahl der Klagen im Jahr 2023 erneut gesunken, leichter Anstieg bei Widerspr\u00fcchen<\/strong><\/li>\n\n\n\n<li><strong>Widerspruchsquote in Jobcentern in gemeinsamer Einrichtung (gE) liegt bei rund 1,7 Prozent<\/strong><\/li>\n<\/ul>\n\n\n\n<p>Im Jahr 2023 wurden 47.934 Klagen und 425.359 Widerspr\u00fcche eingereicht. Das waren 2.959 Klagen weniger als in 2022 (50.893) bzw. 21.503 Widerspr\u00fcche mehr als in 2022 (403.856).<\/p>\n\n\n\n<p>Vor allem Klagen in Bezug auf Aufhebung und Erstattung, Sonstige Gr\u00fcnde (zu denen u.a. Aufrechnung, Abf\u00fchrung an Dritte und Mitwirkung geh\u00f6ren) und Regelbedarf\/Mehrbedarfe gingen weiter zur\u00fcck. Bei Widerspr\u00fcchen gab es nach Jahren des R\u00fcckgangs wieder einen leichten Anstieg, insbesondere in Hinblick auf Sonstige Gr\u00fcnde, Zugangsvoraussetzungen zum SGB II und Leistungsminderung. Hintergrund ist auch ein Anstieg der Bedarfsgemeinschaften um 40.000 auf 2.897.000.<\/p>\n\n\n\n<p>Die Zahl der Klagen und Widerspr\u00fcche gegen Leistungsminderungen ist weiterhin niedrig und bewegt sich unter dem Niveau von 2020. W\u00e4hrend vor der Corona-Pandemie im Jahr 2019 noch knapp 3.927 Klagen und 39.894 Widerspr\u00fcche eingelegt wurden, sank die Zahl auf 274 Klagen und 4.678 Widerspr\u00fcche im vergangenen Jahr. Die Jobcenter haben im Jahr 2023 aber auch deutlich weniger Leistungsminderungen ausgesprochen, weil sich mit Einf\u00fchrung des B\u00fcrgergeldes die gesetzlichen Voraussetzungen ge\u00e4ndert haben.<\/p>\n\n\n\n<h4 class=\"wp-block-heading\">Widerspruchs- und Klagequoten in Jobcentern in gemeinsamer Einrichtung gering<\/h4>\n\n\n\n<p>Die Quote f\u00fcr Widerspr\u00fcche und Klagen kann nur f\u00fcr die im vergangenen noch 301 gE \u2013 also Jobcenter, die von der BA und den Kommunen in gemeinsamer Tr\u00e4gerschaft verantwortet werden, \u2013 ermittelt werden. 2023 haben diese 21,7 Millionen Leistungsbescheide versendet, gegen die 365.482 Widerspr\u00fcche und 38.648 Klagen eingereicht wurden. Die Widerspruchsquote stieg von 1,5 Prozent im Jahr 2022 auf 1,7 Prozent im Jahr 2023, die Klagequote blieb bei 0,2 Prozent. Die Quote ist ein N\u00e4herungswert, da etwa gegen denselben Bescheid auch mehrere Widerspr\u00fcche eingelegt werden k\u00f6nnen.<\/p>\n\n\n\n<h4 class=\"wp-block-heading\">Erledigte Widerspr\u00fcche und Klagen<\/h4>\n\n\n\n<p>Die Jobcenter haben im letzten Jahr \u00fcber 419.552 Widerspr\u00fcche entschieden. Zwei Drittel der erledigten Widerspr\u00fcche wurden zur\u00fcckgewiesen oder durch Kunden zur\u00fcckgezogen. Bei 138.470 Widerspr\u00fcchen wurde die Entscheidung ge\u00e4ndert, am h\u00e4ufigsten deswegen, weil fehlende Unterlagen nachgereicht wurden (62.123). Fehlerhafte Rechtsanwendung wurde bei 40.158 Widerspr\u00fcchen festgestellt.<\/p>\n\n\n\n<p>60.057 Klagen wurden durch die Gerichte abgeschlossen. Davon wurden rund 65 Prozent abgewiesen oder vom Kl\u00e4ger zur\u00fcckgenommen, rund 35 Prozent f\u00fchrten zu einer neuen Entscheidung.<\/p>\n\n\n\n<p><em>Bundesagentur f\u00fcr Arbeit<br>10.01.2024<\/em><\/p>\n\n\n\n<h2 class=\"wp-block-heading\">Galeria Karstadt Kaufhof: BA zahlt bei Insolvenzer\u00f6ffnung Insolvenzgeld<\/h2>\n\n\n<div class=\"wp-block-image\">\n<figure class=\"aligncenter size-full\"><img decoding=\"async\" loading=\"lazy\" width=\"800\" height=\"600\" src=\"https:\/\/speyer24news.com\/wp-content\/uploads\/2024\/01\/insolvency-593750.jpg\" alt=\"\" class=\"wp-image-57506\" srcset=\"https:\/\/speyer24news.com\/wp-content\/uploads\/2024\/01\/insolvency-593750.jpg 800w, https:\/\/speyer24news.com\/wp-content\/uploads\/2024\/01\/insolvency-593750-300x225.jpg 300w, https:\/\/speyer24news.com\/wp-content\/uploads\/2024\/01\/insolvency-593750-768x576.jpg 768w, https:\/\/speyer24news.com\/wp-content\/uploads\/2024\/01\/insolvency-593750-678x509.jpg 678w, https:\/\/speyer24news.com\/wp-content\/uploads\/2024\/01\/insolvency-593750-326x245.jpg 326w, https:\/\/speyer24news.com\/wp-content\/uploads\/2024\/01\/insolvency-593750-80x60.jpg 80w\" sizes=\"(max-width: 800px) 100vw, 800px\" \/><\/figure><\/div>\n\n\n<p>Die Warenhauskette Galeria Karstadt Kaufhof hat heute beim Amtsgericht Essen einen Antrag gestellt, erneut ein Insolvenzverfahren einzuleiten.<\/p>\n\n\n\n<p>Die BA hat nach intensiven Beratungen mit dem Unternehmen und einer detaillierten Pr\u00fcfung der Voraussetzungen festgestellt, dass bei einer erneuten Insolvenzer\u00f6ffnung die Besch\u00e4ftigten Insolvenzgeld erhalten k\u00f6nnen.<\/p>\n\n\n\n<p>\u00dcber die Er\u00f6ffnung des Insolvenzverfahrens entscheidet das Insolvenzgericht. Den entsprechenden Antrag hat das Unternehmen nach eigener Aussage heute eingereicht. Die BA zahlt f\u00fcr die Besch\u00e4ftigten des Unternehmens Insolvenzgeld, sobald das Insolvenzverfahren er\u00f6ffnet wurde. Besch\u00e4ftigte m\u00fcssen f\u00fcr den Bezug des Insolvenzgelds zum gegenw\u00e4rtigen Zeitpunkt nichts unternehmen.<\/p>\n\n\n\n<h4 class=\"wp-block-heading\">Zum Insolvenzgeld<\/h4>\n\n\n\n<p>Das Insolvenzgeld wird f\u00fcr die letzten drei Monate des Arbeitsverh\u00e4ltnisses vor der Insolvenzer\u00f6ffnung gezahlt. Es entspricht der H\u00f6he nach dem Nettoentgelt und wird maximal bis zur H\u00f6he der Beitragsbemessungsgrenze f\u00fcr die Rentenversicherung gezahlt. Diese liegt aktuell bei 7.550 Euro in Westdeutschland sowie 7.450 Euro in Ostdeutschland.<\/p>\n\n\n\n<p><em>Bundesagentur f\u00fcr Arbeit<br>09.01.2024<\/em><\/p>\n\n\n\n<h1 class=\"wp-block-heading has-text-align-center\">Stadtwerke Speyer (SWS) GmbH<\/h1>\n\n\n<div class=\"wp-block-image\">\n<figure class=\"aligncenter size-full\"><img decoding=\"async\" loading=\"lazy\" width=\"640\" height=\"421\" src=\"https:\/\/speyer24news.com\/wp-content\/uploads\/2021\/03\/SWS-Kundenzentrum.jpg\" alt=\"\" class=\"wp-image-34058\" srcset=\"https:\/\/speyer24news.com\/wp-content\/uploads\/2021\/03\/SWS-Kundenzentrum.jpg 640w, https:\/\/speyer24news.com\/wp-content\/uploads\/2021\/03\/SWS-Kundenzentrum-300x197.jpg 300w\" sizes=\"(max-width: 640px) 100vw, 640px\" \/><\/figure><\/div>\n\n\n<h2 class=\"wp-block-heading\">Trotz staatlicher\u00a0Erh\u00f6hungen: Niedrigere Preise bei Strom und Erdgas als 2023<\/h2>\n\n\n<div class=\"wp-block-image\">\n<figure class=\"aligncenter size-full\"><img decoding=\"async\" loading=\"lazy\" width=\"800\" height=\"600\" src=\"https:\/\/speyer24news.com\/wp-content\/uploads\/2022\/08\/Gas-Gasflamme-Gasherd.jpg\" alt=\"\" class=\"wp-image-48122\" srcset=\"https:\/\/speyer24news.com\/wp-content\/uploads\/2022\/08\/Gas-Gasflamme-Gasherd.jpg 800w, https:\/\/speyer24news.com\/wp-content\/uploads\/2022\/08\/Gas-Gasflamme-Gasherd-300x225.jpg 300w, https:\/\/speyer24news.com\/wp-content\/uploads\/2022\/08\/Gas-Gasflamme-Gasherd-768x576.jpg 768w, https:\/\/speyer24news.com\/wp-content\/uploads\/2022\/08\/Gas-Gasflamme-Gasherd-678x509.jpg 678w, https:\/\/speyer24news.com\/wp-content\/uploads\/2022\/08\/Gas-Gasflamme-Gasherd-326x245.jpg 326w, https:\/\/speyer24news.com\/wp-content\/uploads\/2022\/08\/Gas-Gasflamme-Gasherd-80x60.jpg 80w\" sizes=\"(max-width: 800px) 100vw, 800px\" \/><\/figure><\/div>\n\n\n<p>Auch die Stadtwerke Speyer (SWS) m\u00fcssen zu Beginn des Jahres staatlich bedingte Abgaben und Entgelte bei Strom und Erdgas an ihre Kundinnen und Kunden weitergeben.&nbsp;&nbsp;&nbsp;<\/p>\n\n\n\n<p>\u201eErst Mitte November hatten wir angek\u00fcndigt, dass wir die Konditionen f\u00fcr Strom, Erdgas und Fernw\u00e4rme zum 1. Januar deutlich senken werden\u201c informiert SWS-Gesch\u00e4ftsf\u00fchrer Wolfgang B\u00fchring. \u201eMitte Dezember hat sich die Bundesregierung jedoch auf einen neuen Haushaltsplan geeinigt, der auch die Strom- und Erdgaspreise f\u00fcr 2024 beeinflusst\u201c, f\u00fchrt Wolfgang B\u00fchring weiter aus und erg\u00e4nzt: \u201eStaatliche Abgaben wie Netzentgelte, Umlagen, CO<sub>2<\/sub>-Preis und Gasspeicherumlage erh\u00f6hen die Preise. Diese Komponenten gelten f\u00fcr alle Energielieferanten gleicherma\u00dfen und k\u00f6nnen durch die Stadtwerke nicht beeinflusst werden. Gemeinsam mit unserem Gesellschafter, der Stadt Speyer, setzen wir alles daran, faire und bezahlbare Preise f\u00fcr unsere Kundinnen und Kunden zu bieten.\u201c&nbsp;<\/p>\n\n\n\n<p>Bei der komplexen Diskussion um Energiepreise in den Medien, ist es Wolfgang B\u00fchring besonders wichtig zu betonen, dass die Konditionen der SWS aktuell \u2013 trotz h\u00f6herer gesetzlicher Entgelte \u2013 deutlich niedriger liegen als 2023. \u201eDie Preissenkung zum 1. Januar bei Strom und Erdgas wurde durch die staatlichen Erh\u00f6hungen ein St\u00fcck weit gemindert\u201c, so der SWS-Chef.<\/p>\n\n\n\n<p>In Sondervertr\u00e4gen f\u00fcr Privat- und Gewerbekunden der SWS werden die h\u00f6heren Entgelte zum 1. Januar weiterberechnet. Grundversorgungskunden erhalten in diesen Tagen eine\u00a0schriftliche Mitteilung mit den neuen Preisen. Die Erh\u00f6hung betr\u00e4gt bei Durchschnittshaushalten im Netzgebiet der SWS bei Strom und Erdgas jeweils zwischen zwei und drei Euro im Monat. F\u00fcr Sondervertragskunden in anderen Netzgebieten fallen die Erh\u00f6hungen unterschiedlich aus. Die Konditionen k\u00f6nnen im Detail auf der Homepage der SWS eingesehen werden:\u00a0<a href=\"https:\/\/deref-web.de\/mail\/client\/zbtAR6oGEeM\/dereferrer\/?redirectUrl=http%3A%2F%2Fwww.stadtwerke-speyer.de%2Fenergiemarkt\" target=\"_blank\" rel=\"noreferrer noopener\">www.stadtwerke-speyer.de\/energiemarkt<\/a><\/p>\n\n\n\n<p><em>Stadtwerke Speyer GmbH<br>17.01.2024<\/em><\/p>\n\n\n\n<h2 class=\"wp-block-heading\">SWS mit Stand auf Messe meinZuhause!<\/h2>\n\n\n\n<h3 class=\"wp-block-heading\">Beratung rund um E-Mobilit\u00e4t<\/h3>\n\n\n<div class=\"wp-block-image\">\n<figure class=\"aligncenter size-full\"><img decoding=\"async\" loading=\"lazy\" width=\"800\" height=\"553\" src=\"https:\/\/speyer24news.com\/wp-content\/uploads\/2024\/01\/230204Baumesse22kl.jpg\" alt=\"\" class=\"wp-image-57500\" srcset=\"https:\/\/speyer24news.com\/wp-content\/uploads\/2024\/01\/230204Baumesse22kl.jpg 800w, https:\/\/speyer24news.com\/wp-content\/uploads\/2024\/01\/230204Baumesse22kl-300x207.jpg 300w, https:\/\/speyer24news.com\/wp-content\/uploads\/2024\/01\/230204Baumesse22kl-768x531.jpg 768w\" sizes=\"(max-width: 800px) 100vw, 800px\" \/><figcaption class=\"wp-element-caption\">Beratungsgespr\u00e4ch am SWS-Stand im Februar 2023. Nach wie vor ist das Interesse an E-Mobilen und Ladeinfrastruktur gro\u00df.<\/figcaption><\/figure><\/div>\n\n\n<p>Mit voller Energie wird ein Team der Stadtwerke Speyer (SWS) den Besucherinnen und Besuchern der <strong>Bau- und Immobilienmesse meinZuhause! am 27. und 28. Januar<\/strong> in der Eventhalle \u201eHangar 10\u201c des Technik Museums Speyer mit neuesten Informationen rund um den Themenkomplex E-Mobilit\u00e4t zur Verf\u00fcgung stehen. Aktuell bauen die SWS die Ladeinfrastruktur in Speyer und in der Region weiter aus. Durch das fl\u00e4chendeckende Netz von Ladestationen sollen noch mehr Menschen dazu animiert werden, auf die umweltbewusste und klimaneutrale Variante der Fortbewegung umzusteigen.<\/p>\n\n\n\n<p>Die Fachleute der SWS beraten am Messestand mit der Nummer 38 zu allen Bereichen der E-Mobilit\u00e4t, beginnend vom \u201eTanken\u201c der Elektrofahrzeuge unterwegs und daheim bis zu Konzepten f\u00fcr Mehrfamilienh\u00e4user und Unternehmen. Voraussetzungen und Umsetzbarkeit von Smart- und Wallboxen werden beleuchtet sowie M\u00f6glichkeiten f\u00fcr Autostromvertr\u00e4ge \u2013 f\u00fcr Privat- und Gesch\u00e4ftskunden &#8211; aufgezeigt.<\/p>\n\n\n\n<p>Auch im Vortragsprogramm sind die SWS vertreten. Michael Nett spricht am <strong>Samstag, 27. Januar, 11.15 Uhr<\/strong>, zu \u201e<strong>Elektromobilit\u00e4t zu Hause \u2013 innovativ und vernetzt<\/strong>\u201c. Selbstverst\u00e4ndlich stehen die Berater*innen der SWS auch f\u00fcr alle anderen Fragen, das Energiedienstleistungsunternehmen betreffend, an den beiden Messetagen zur Verf\u00fcgung.<\/p>\n\n\n\n<ul>\n<li><strong>Technik Museum Speyer, Eventhalle \u201eHangar 10\u201c, Am Technik Museum 1, 67346 Speyer<\/strong><\/li>\n\n\n\n<li><strong>27.\/28. Januar 2024, Samstag\/Sonntag: 10 bis 17 Uhr, Eintritt 5 Euro, Freikarten sind im Kundenzentrum der SWS, Industriestra\u00dfe 23 und im bademaxx, Geibstra\u00dfe 3 erh\u00e4ltlich.<\/strong><\/li>\n<\/ul>\n\n\n\n<h4 class=\"wp-block-heading\"><em>Weitere Informationen zur Messe meinZuhause! sind\u00a0hier\u00a0(<a href=\"https:\/\/deref-web.de\/mail\/client\/YHNkltx98qI\/dereferrer\/?redirectUrl=https%3A%2F%2Fwww.meinzuhause.ag%2FSpeyer%2FBesucher\" target=\"_blank\" rel=\"noreferrer noopener\">https:\/\/www.meinzuhause.ag\/Speyer\/Besucher<\/a>) zu finden.<\/em><\/h4>\n\n\n\n<p><em>Stadtwerke Speyer GmbH<br>15.01.2024<\/em><\/p>\n\n\n\n<h1 class=\"wp-block-heading has-text-align-center\">Sparkasse Vorderpfalz<\/h1>\n\n\n<div class=\"wp-block-image\">\n<figure class=\"aligncenter size-large\"><img decoding=\"async\" loading=\"lazy\" width=\"1024\" height=\"768\" src=\"https:\/\/speyer24news.com\/wp-content\/uploads\/2019\/10\/Sparkasse-Vorderpfalz-1-1024x768-1-1024x768.jpg\" alt=\"\" class=\"wp-image-20972\" srcset=\"https:\/\/speyer24news.com\/wp-content\/uploads\/2019\/10\/Sparkasse-Vorderpfalz-1-1024x768-1.jpg 1024w, https:\/\/speyer24news.com\/wp-content\/uploads\/2019\/10\/Sparkasse-Vorderpfalz-1-1024x768-1-300x225.jpg 300w, https:\/\/speyer24news.com\/wp-content\/uploads\/2019\/10\/Sparkasse-Vorderpfalz-1-1024x768-1-768x576.jpg 768w, https:\/\/speyer24news.com\/wp-content\/uploads\/2019\/10\/Sparkasse-Vorderpfalz-1-1024x768-1-678x509.jpg 678w, https:\/\/speyer24news.com\/wp-content\/uploads\/2019\/10\/Sparkasse-Vorderpfalz-1-1024x768-1-326x245.jpg 326w, https:\/\/speyer24news.com\/wp-content\/uploads\/2019\/10\/Sparkasse-Vorderpfalz-1-1024x768-1-80x60.jpg 80w\" sizes=\"(max-width: 1024px) 100vw, 1024px\" \/><\/figure><\/div>\n\n\n<h2 class=\"wp-block-heading\">Regionaler Immobilienmarkt und energetisches Sanieren im Fokus<\/h2>\n\n\n<div class=\"wp-block-image\">\n<figure class=\"aligncenter size-full\"><img decoding=\"async\" loading=\"lazy\" width=\"800\" height=\"616\" src=\"https:\/\/speyer24news.com\/wp-content\/uploads\/2023\/06\/Schulz-Christopher_2023_.jpg\" alt=\"\" class=\"wp-image-52464\" srcset=\"https:\/\/speyer24news.com\/wp-content\/uploads\/2023\/06\/Schulz-Christopher_2023_.jpg 800w, https:\/\/speyer24news.com\/wp-content\/uploads\/2023\/06\/Schulz-Christopher_2023_-300x231.jpg 300w, https:\/\/speyer24news.com\/wp-content\/uploads\/2023\/06\/Schulz-Christopher_2023_-768x591.jpg 768w\" sizes=\"(max-width: 800px) 100vw, 800px\" \/><figcaption class=\"wp-element-caption\">Christopher Schulz, Leiter Immobilienvermittlung der Sparkasse Vorderpfalz, l\u00e4dt zur Informationsveranstaltung am <strong>25. Januar 2024<\/strong> nach Schifferstadt ein.<\/figcaption><\/figure><\/div>\n\n\n<p>Die Sparkasse Vorderpfalz veranstaltet am 25. Januar 2024 eine Informationsveranstaltung zum Thema &#8222;Regionaler Immobilienmarkt und energetisches Sanieren&#8220;. Die Veranstaltung findet im Pfarrheim Herz Jesu, Salierstr. 98a, 67115 Schifferstadt, statt und beginnt um 18.30 Uhr (Einlass ab 18 Uhr). Im Mittelpunkt stehen Schifferstadt und die umliegenden Gemeinden. Die Veranstaltung bietet Einblicke in die lokale Immobiliensituation sowie wichtige Informationen zum Thema energetische Sanierung. Der Eintritt ist frei, jedoch ist aufgrund begrenzter Platzkapazit\u00e4t eine vorherige Anmeldung telefonisch unter 0621 5992 2777 oder per E-Mail an&nbsp;<a href=\"mailto:immobilien@sparkasse-vorderpfalz.de\" target=\"_blank\" rel=\"noreferrer noopener\">immobilien@sparkasse-vorderpfalz.de<\/a>&nbsp;erforderlich.<\/p>\n\n\n\n<h4 class=\"wp-block-heading\">Expertenreferate zu relevanten Themen<\/h4>\n\n\n\n<p>Die Informationsveranstaltung wird von Dr. Peter Hettenbach, Gr\u00fcnder des iib-Instituts Schwetzingen, und Axel H\u00e4rtel, Gesch\u00e4ftsf\u00fchrer des Bau-Pr\u00fcfverbandes S\u00fcdwest e.V., mit Fachvortr\u00e4gen begleitet. Die beiden Experten teilen ihr fundiertes Wissen, um einen umfassenden Einblick in die lokale Immobiliensituation sowie in die Aspekte der energetischen Sanierung zu gew\u00e4hren.<\/p>\n\n\n\n<h4 class=\"wp-block-heading\">Fokus auf Energetisches Sanieren<\/h4>\n\n\n\n<p>Ein besonderes Augenmerk liegt auf dem Thema &#8222;Energetisches Sanieren&#8220;, bei dem die Veranstaltung darauf abzielt, mehr Transparenz und Verst\u00e4ndnis zu schaffen. Christopher Schulz, Leiter Immobilienvermittlung der Sparkasse Vorderpfalz, erkl\u00e4rt: &#8222;Die Informationsveranstaltung wird Antworten auf Fragen rund um energetische Sanierung liefern, wie zum Beispiel: &#8218;Welche Ma\u00dfnahme sollte wann angegangen werden und was muss \u00fcberhaupt zwingend getan werden?&#8216; Ziel ist es, eine klare Orientierung und praktische Handlungsempfehlungen zu bieten. Wir freuen uns auf zahlreiche Teilnehmer und einen informativen Abend rund um die Themen &#8218;Regionaler Immobilienmarkt&#8216; und &#8218;Energetisches Sanieren&#8216;.&#8220;<\/p>\n\n\n\n<p><em>Sparkasse Vorderpfalz<br>17.01.2024<\/em><\/p>\n\n\n\n<h2 class=\"wp-block-heading\">BAU- UND IMMOBILIENMESSE MEINZUHAUSE! SPEYER<\/h2>\n\n\n\n<h3 class=\"wp-block-heading\">Neue Perspektiven und Expertenrat f\u00fcr 2024<\/h3>\n\n\n<div class=\"wp-block-image\">\n<figure class=\"aligncenter size-full\"><img decoding=\"async\" loading=\"lazy\" width=\"800\" height=\"598\" src=\"https:\/\/speyer24news.com\/wp-content\/uploads\/2024\/01\/kl230204Baumesse37.jpg\" alt=\"\" class=\"wp-image-57501\" srcset=\"https:\/\/speyer24news.com\/wp-content\/uploads\/2024\/01\/kl230204Baumesse37.jpg 800w, https:\/\/speyer24news.com\/wp-content\/uploads\/2024\/01\/kl230204Baumesse37-300x224.jpg 300w, https:\/\/speyer24news.com\/wp-content\/uploads\/2024\/01\/kl230204Baumesse37-768x574.jpg 768w, https:\/\/speyer24news.com\/wp-content\/uploads\/2024\/01\/kl230204Baumesse37-326x245.jpg 326w, https:\/\/speyer24news.com\/wp-content\/uploads\/2024\/01\/kl230204Baumesse37-80x60.jpg 80w\" sizes=\"(max-width: 800px) 100vw, 800px\" \/><figcaption class=\"wp-element-caption\">Christopher Schulz, Leiter Immobilienvermittlung der Sparkasse Vorderpfalz betont: \u201eDie Experten der Sparkasse Vorderpfalz informieren und beraten auf der \u201eBAU- UND IMMOBILIENMESSE MEINZUHAUSE! SPEYER\u201c.<\/figcaption><\/figure><\/div>\n\n\n<p>Die &#8222;BAU- UND IMMOBILIENMESSE MEINZUHAUSE! SPEYER&#8220; kehrt am 27. und 28. Januar 2024 ins Technik Museum Speyer zur\u00fcck, um allen Interessierten einen umfassenden \u00dcberblick \u00fcber die neuesten Entwicklungen im Bau- und Immobiliensektor zu bieten.<\/p>\n\n\n\n<h4 class=\"wp-block-heading\">Vielfalt erleben: Vom Eigenheim bis zur Kapitalanlage<\/h4>\n\n\n\n<p>Mit einem besonderen Fokus auf pers\u00f6nliche Beratung und Expertenrat erm\u00f6glicht die Messe den Besuchern, direkt mit Immobilienexperten der Sparkasse Vorderpfalz in Kontakt zu treten. Christopher Schulz, Leiter Immobilienvermittlung der Sparkasse Vorderpfalz, hebt die Vielfalt der pr\u00e4sentierten Objekte hervor: &#8222;Unser Stand bietet einen umfassenden Einblick von preisg\u00fcnstigen Eigentumswohnungen \u00fcber attraktive Baugrundst\u00fccke bis hin zu exklusiven, freistehenden Einfamilienh\u00e4usern und Kapitalanlagen.&#8220;<\/p>\n\n\n\n<h4 class=\"wp-block-heading\">Individuelle Beratung f\u00fcr ma\u00dfgeschneiderte Projekte<\/h4>\n\n\n\n<p>Trotz grundlegender Regeln im Immobiliensektor betont Schulz die Notwendigkeit einer individuellen Vorbereitung f\u00fcr jedes Projekt und jede Situation. &#8222;Kauf oder Verkauf einer Immobilie stellen Beteiligte vor zahlreiche Herausforderungen. Preisverhandlungen, Bonit\u00e4tspr\u00fcfungen, Vertragsangelegenheiten und die Vorbereitung auf den Notartermin erfordern eine ma\u00dfgeschneiderte Herangehensweise. Unsere Experten geben auf der Bau- und Immobilienmesse Antworten zu diesen Themen und vielen weiteren&#8220;, erkl\u00e4rt Schulz.<\/p>\n\n\n<div class=\"wp-block-image\">\n<figure class=\"aligncenter size-full\"><img decoding=\"async\" loading=\"lazy\" width=\"800\" height=\"601\" src=\"https:\/\/speyer24news.com\/wp-content\/uploads\/2024\/01\/kl230204Baumesse42.jpg\" alt=\"\" class=\"wp-image-57502\" srcset=\"https:\/\/speyer24news.com\/wp-content\/uploads\/2024\/01\/kl230204Baumesse42.jpg 800w, https:\/\/speyer24news.com\/wp-content\/uploads\/2024\/01\/kl230204Baumesse42-300x225.jpg 300w, https:\/\/speyer24news.com\/wp-content\/uploads\/2024\/01\/kl230204Baumesse42-768x577.jpg 768w, https:\/\/speyer24news.com\/wp-content\/uploads\/2024\/01\/kl230204Baumesse42-678x509.jpg 678w, https:\/\/speyer24news.com\/wp-content\/uploads\/2024\/01\/kl230204Baumesse42-326x245.jpg 326w, https:\/\/speyer24news.com\/wp-content\/uploads\/2024\/01\/kl230204Baumesse42-80x60.jpg 80w\" sizes=\"(max-width: 800px) 100vw, 800px\" \/><figcaption class=\"wp-element-caption\">04.02.23 Die Bau- und Immobilienmesse meinZuhause! Speyer findet bereits zum 16. mal (teilweise unter anderem Namen und an anderen Orten) im Hangar 10 des Technik Museum Speyer statt und informiert die Besucher umfassend \u00fcber zahlreiche Themen rund um das Haus wie Hausbau, Finanzierung, Baustoffe, Energie- und Haustechnik, Renovierung und Sanierung. Die Sparkasse Vorderpfalz ist ebenfalls mit einem Stand vertreten und informiert u.a. mit Andrea Fischer und Thomas Hahl \u00fcber ihr umfangreiches Immobilienangebot, ihre Finanzierungsm\u00f6glichkeiten und Energieeinsparung<\/figcaption><\/figure><\/div>\n\n\n<h4 class=\"wp-block-heading\">Einzigartige Gelegenheit f\u00fcr pers\u00f6nliche Einblicke<\/h4>\n\n\n\n<p>Besucher der &#8222;BAU- UND IMMOBILIENMESSE MEINZUHAUSE! SPEYER&#8220; erwartet somit nicht nur ein umfassender \u00dcberblick \u00fcber die aktuellen Immobilientrends, sondern auch die M\u00f6glichkeit, direkt mit erfahrenen Experten in Kontakt zu treten und ihre individuellen Fragen zu kl\u00e4ren. Schulz betont: &#8222;Die BAU- UND IMMOBILIENMESSE MEINZUHAUSE! SPEYER ist eine einzigartige Gelegenheit, pers\u00f6nlich mit unseren Experten ins Gespr\u00e4ch zu kommen und wertvolle Einblicke in die Welt der Immobilien zu erhalten. Wir legen gro\u00dfen Wert darauf, individuelle Beratung zu bieten, um sicherzustellen, dass die Bed\u00fcrfnisse und Anforderungen jedes Einzelnen bestm\u00f6glich erf\u00fcllt werden.&#8220;<\/p>\n\n\n\n<h4 class=\"wp-block-heading\">Informationsquelle f\u00fcr Immobilieninteressierte<\/h4>\n\n\n\n<p>Die Messe verspricht, eine gute Informationsquelle f\u00fcr alle zu sein, die sich mit dem Gedanken an den Kauf oder Verkauf einer Immobilie tragen. Neben bew\u00e4hrten Inhalten erwarten die Besucher neue Aspekte und Informationen, die sich mit den aktuellen Trends und Entwicklungen im Immobilienmarkt auseinandersetzen. Die &#8222;BAU- UND IMMOBILIENMESSE MEINZUHAUSE! SPEYER&#8220; bietet somit eine ideale Plattform f\u00fcr alle, die ihre Wohntr\u00e4ume in die Realit\u00e4t umsetzen m\u00f6chten.<\/p>\n\n\n\n<p><em>Sparkasse Vorderpfalz<br>15.01.2024<\/em><\/p>\n\n\n\n<h2 class=\"wp-block-heading\">Erfolgreicher Einstieg in die Welt der Geldanlage: Tipps von Sparkassenvorstand Oliver Kolb<\/h2>\n\n\n<div class=\"wp-block-image\">\n<figure class=\"aligncenter size-full\"><img decoding=\"async\" loading=\"lazy\" width=\"500\" height=\"628\" src=\"https:\/\/speyer24news.com\/wp-content\/uploads\/2021\/05\/csm_Kolb_Oliver_1_7bffdb4594.jpg\" alt=\"\" class=\"wp-image-37103\" srcset=\"https:\/\/speyer24news.com\/wp-content\/uploads\/2021\/05\/csm_Kolb_Oliver_1_7bffdb4594.jpg 500w, https:\/\/speyer24news.com\/wp-content\/uploads\/2021\/05\/csm_Kolb_Oliver_1_7bffdb4594-239x300.jpg 239w\" sizes=\"(max-width: 500px) 100vw, 500px\" \/><figcaption class=\"wp-element-caption\">Oliver Kolb, Vorstandsmitglied der Sparkasse Vorderpfalz, gibt Tipps, um den Einstieg in die Welt der Geldanlage zu erleichtern und erfolgreiche erste Schritte zu unternehmen.<\/figcaption><\/figure><\/div>\n\n\n<p>Die Zeiten sind g\u00fcnstig f\u00fcr eine kluge Geldanlage, da sich in allen Anlageklassen attraktive Renditen erzielen lassen. Dieser \u00dcberzeugung ist Oliver Kolb, Vorstandsmitglied der Sparkasse Vorderpfalz. In Zusammenhang mit einem erfolgreichen Einstieg in die Geldanlagewelt gibt er Ratschl\u00e4ge f\u00fcr einen soliden Start.<\/p>\n\n\n\n<h4 class=\"wp-block-heading\">Festlegung von Sparzielen: Individuelle Bed\u00fcrfnisse als Leitfaden<\/h4>\n\n\n\n<p>Die Definition konkreter Sparziele ist ein wichtiger Schritt. &#8222;\u00dcberlegen Sie, ob Sie f\u00fcr die Altersvorsorge, den Verm\u00f6gensaufbau oder spezifische Anschaffungen sparen m\u00f6chten. Diese Ziele bestimmen auch den optimalen Anlagehorizont&#8220;, betont Oliver Kolb. Die Ausrichtung der Geldanlage richtet sich somit nach den individuellen Bed\u00fcrfnissen und dem gew\u00fcnschten Zeithorizont.<\/p>\n\n\n\n<h4 class=\"wp-block-heading\">Risikobereitschaft pr\u00fcfen: Langfristige Perspektive im Blick behalten<\/h4>\n\n\n\n<p>Die pers\u00f6nliche Risikoeinstellung ist ausschlaggebend f\u00fcr die Auswahl der richtigen Anlagestrategie. &#8222;Es ist wichtig zu \u00fcberlegen, ob man bereit ist, h\u00f6here Risiken f\u00fcr potenziell h\u00f6here Renditen einzugehen. Hierbei spielt die langfristige Perspektive eine entscheidende Rolle&#8220;, erkl\u00e4rt Oliver Kolb. Eine individuelle Beratung durch Experten der Sparkasse Vorderpfalz kann dabei helfen, die richtige Balance zu finden.<\/p>\n\n\n\n<h4 class=\"wp-block-heading\">Auswahl passender Anlageprodukte: Diversifikation als Erfolgsrezept<\/h4>\n\n\n\n<p>Sobald Ziele und Risikobereitschaft klar sind, gilt es, geeignete Anlageprodukte zu finden. &#8222;Ber\u00fccksichtigen Sie verschiedene Anlagem\u00f6glichkeiten wie Aktien, Immobilien oder Anleihen. Diversifikation ist der Schl\u00fcssel f\u00fcr eine erfolgreiche Geldanlage&#8220;, empfiehlt Oliver Kolb. Die Auswahl sollte sich an den definierten Zielen und der individuellen Risikotoleranz orientieren.<\/p>\n\n\n\n<h4 class=\"wp-block-heading\">Risikostreuung als Grundprinzip: Breite Streuung f\u00fcr mehr Sicherheit<\/h4>\n\n\n\n<p>Oliver Kolb betont die Bedeutung der Risikostreuung: &#8222;Setzen Sie nicht alles auf eine Karte, sondern diversifizieren Sie Ihre Investments. Neben den klassischen Einlagen und einer ausgewogenen Mischung der Anlageklassen k\u00f6nnen auch Wertpapiere und Fondsparpl\u00e4ne dazu beitragen, sowohl gegen die Auswirkungen der Inflation als auch gegen die als Realzinsfalle bekannte Geldentwertung wirksam vorzugehen.&#8220; Diese breite Streuung minimiert das Risiko und sch\u00fctzt das Portfolio vor gr\u00f6\u00dferen Verlusten.<\/p>\n\n\n\n<h4 class=\"wp-block-heading\">Zeit als Erfolgsfaktor: Langfristiges Denken f\u00fcr nachhaltige Renditen<\/h4>\n\n\n\n<p>&#8222;Die L\u00e4nge des Anlagehorizonts beeinflusst ma\u00dfgeblich die Wahl der Anlageprodukte&#8220;, erkl\u00e4rt Oliver Kolb. Langfristige Ziele erfordern oft eine langfristige Geldanlage, w\u00e4hrend kurzfristige Ziele eine flexiblere Strategie erfordern. &#8222;Geben Sie Ihren Investments genug Zeit, um Schwankungen auszugleichen und langfristig Rendite zu generieren.&#8220;<\/p>\n\n\n\n<h4 class=\"wp-block-heading\">Transparenz und Seriosit\u00e4t im Fokus<\/h4>\n\n\n\n<p>Oliver Kolb betont die Wichtigkeit von Transparenz bei der Geldanlage. &#8222;Es ist entscheidend, zu wissen, wo Ihr Geld angelegt wird, und die damit verbundenen Kosten im Blick zu behalten&#8220;, erkl\u00e4rt er. Die Sparkasse Vorderpfalz steht f\u00fcr Seriosit\u00e4t und Transparenz in allen Finanzangelegenheiten. Das neue Jahr bietet eine ausgezeichnete Gelegenheit, sich umfassend \u00fcber die vielf\u00e4ltigen Geldanlagem\u00f6glichkeiten zu informieren. Oliver Kolb ermutigt dazu, das Fachwissen der Experten der Sparkasse Vorderpfalz in Anspruch zu nehmen. &#8222;Unsere Experten stehen Ihnen gerne zur Verf\u00fcgung, um Sie individuell zu beraten und Ihnen dabei zu helfen, Ihre finanziellen Ziele zu erreichen&#8220;, hebt er hervor.<\/p>\n\n\n\n<p><em>Sparkasse Vorderpfalz<br>12.01.2024<\/em><\/p>\n\n\n\n<h1 class=\"wp-block-heading has-text-align-center\">MAG Mannheimer Ausstellungs-GmbH<\/h1>\n\n\n<div class=\"wp-block-image\">\n<figure class=\"aligncenter size-full\"><img decoding=\"async\" loading=\"lazy\" width=\"640\" height=\"480\" src=\"https:\/\/speyer24news.com\/wp-content\/uploads\/2019\/03\/Maimarkt-Eingang.jpg\" alt=\"\" class=\"wp-image-10700\" srcset=\"https:\/\/speyer24news.com\/wp-content\/uploads\/2019\/03\/Maimarkt-Eingang.jpg 640w, https:\/\/speyer24news.com\/wp-content\/uploads\/2019\/03\/Maimarkt-Eingang-300x225.jpg 300w, https:\/\/speyer24news.com\/wp-content\/uploads\/2019\/03\/Maimarkt-Eingang-326x245.jpg 326w, https:\/\/speyer24news.com\/wp-content\/uploads\/2019\/03\/Maimarkt-Eingang-80x60.jpg 80w\" sizes=\"(max-width: 640px) 100vw, 640px\" \/><\/figure><\/div>\n\n\n<h2 class=\"wp-block-heading\">Jobs for Future: Berufe mit Zukunft<\/h2>\n\n\n\n<h3 class=\"wp-block-heading\">Vom 22. bis 24. Februar l\u00e4dt die Messe f\u00fcr Arbeitspl\u00e4tze, Aus- und Weiterbildung, Studium in die Maimarkthalle Mannheim ein \u2013 Eintritt frei<\/h3>\n\n\n<div class=\"wp-block-image\">\n<figure class=\"alignleft size-full\"><img decoding=\"async\" loading=\"lazy\" width=\"450\" height=\"393\" src=\"https:\/\/speyer24news.com\/wp-content\/uploads\/2022\/07\/Jobs-for-future-Logo-allgemein.jpg\" alt=\"\" class=\"wp-image-47432\" srcset=\"https:\/\/speyer24news.com\/wp-content\/uploads\/2022\/07\/Jobs-for-future-Logo-allgemein.jpg 450w, https:\/\/speyer24news.com\/wp-content\/uploads\/2022\/07\/Jobs-for-future-Logo-allgemein-300x262.jpg 300w\" sizes=\"(max-width: 450px) 100vw, 450px\" \/><\/figure><\/div>\n\n\n<p>Tausende von M\u00f6glichkeiten nach dem Schulabschluss, Personalmangel in vielen Branchen und eine Welt, in der Digitalisierung und K\u00fcnstliche Intelligenz eine immer gr\u00f6\u00dfere Rolle spielen: Da braucht es Orientierung und pers\u00f6nliche Beratung, um den passenden Weg einzuschlagen! Genau das bietet die Jobs for Future vom 22. bis 24. Februar in der Maimarkthalle Mannheim. Dabei hat die Messe f\u00fcr Arbeitspl\u00e4tze, Aus- und Weiterbildung, Studium nicht nur Sch\u00fclerinnen und Sch\u00fcler im Blick, sondern auch Studierende und Berufst\u00e4tige, die sich weiterqualifizieren oder neu orientieren m\u00f6chten. Das bedeutet vielf\u00e4ltige Chancen f\u00fcr Menschen in allen Phasen des Berufslebens. Entsprechend gro\u00df ist das Interesse der rund 320 Aussteller: Die Jobs for Future ist ausgebucht, es gibt eine Warteliste. Die Messe ist an allen drei Tagen von 9 bis 17 Uhr ge\u00f6ffnet. Der Eintritt ist frei.<\/p>\n\n\n\n<p>Zahlreiche Branchen wie Hotellerie, Bau oder Pflege suchen h\u00e4nderingend nach Personal. Sie bieten auf der Jobs for Future ihre aktuellen Stellen sowie Ausbildungspl\u00e4tze mit sehr guten Konditionen an. Vor allem aber k\u00f6nnen Unentschlossene herausfinden, welche F\u00e4higkeiten und Interessen in den Berufsbildern gefragt sind, wie sie ihre Kenntnisse auf den neuesten Stand bringen k\u00f6nnen und welche Aufgaben in Ausbildung und Alltag anfallen. An den Messest\u00e4nden stehen auch Azubis und Studierende, die aus eigener Erfahrung schildern, wie der Einstieg gelingt, an welchen Projekten man arbeitet und was ihnen an dem Unternehmen oder der Hochschule besonders gut gef\u00e4llt. Einen \u00dcberblick geben die starken Kooperationspartner der Messe: die Handwerkskammer Mannheim Rhein-Neckar-Odenwald, die Agentur f\u00fcr Arbeit Mannheim und das Regionalb\u00fcro f\u00fcr berufliche Fortbildung Mannheim-Heidelberg.<\/p>\n\n\n<div class=\"wp-block-image\">\n<figure class=\"aligncenter size-full\"><img decoding=\"async\" loading=\"lazy\" width=\"800\" height=\"534\" src=\"https:\/\/speyer24news.com\/wp-content\/uploads\/2019\/02\/Jobs-for-Future-Maimarkthalle-1.jpg\" alt=\"\" class=\"wp-image-7293\" srcset=\"https:\/\/speyer24news.com\/wp-content\/uploads\/2019\/02\/Jobs-for-Future-Maimarkthalle-1.jpg 800w, https:\/\/speyer24news.com\/wp-content\/uploads\/2019\/02\/Jobs-for-Future-Maimarkthalle-1-300x200.jpg 300w, https:\/\/speyer24news.com\/wp-content\/uploads\/2019\/02\/Jobs-for-Future-Maimarkthalle-1-768x513.jpg 768w\" sizes=\"(max-width: 800px) 100vw, 800px\" \/><\/figure><\/div>\n\n\n<p>Wer erfolgreich und gl\u00fccklich im Beruf werden will, muss sich selbst gut kennen. Familienbetrieb oder Weltkonzern? Kundenkontakt oder Werkstatt? F\u00fcr die Forschung oder eher anwendungsbezogen studieren? Die Personalberater loten gemeinsam mit den Interessierten aus, ob Teamstrukturen und Unternehmenskultur passen und f\u00fcr welche Aufgabengebiete die Bewerber \u201ebrennen\u201c. Wichtig dabei: Es gibt oft mehr interessante Ausbildungswege und Jobs, als den Besuchern bewusst ist, schon allein deshalb lohnt sich das pers\u00f6nliche Gespr\u00e4ch. Auch Quereinsteigende sind herzlich willkommen.<\/p>\n\n\n\n<p>Erst fragen, dann \u00fcben: An den St\u00e4nden kann man zum Beispiel Blutdruck messen, einen Berufseignungstest machen, virtuell in die Rolle eines Chemikanten schl\u00fcpfen und in ein Dutzend Handwerksberufe hineinschnuppern. In Vortr\u00e4gen und Workshops stellen Studienberater Zukunftsperspektiven vor, Ausbildungsbotschafter berichten \u00fcber Karrierem\u00f6glichkeiten im Handwerk und Coaches laden zum Bewerbertraining ein.<\/p>\n\n\n\n<h3 class=\"wp-block-heading\">info:<\/h3>\n\n\n\n<h4 class=\"wp-block-heading\">Jobs for Future \u2013 Messe f\u00fcr Arbeitspl\u00e4tze, Aus- und Weiterbildung, Studium<\/h4>\n\n\n\n<p>22. bis 24. Februar 2024, Maimarkthalle Mannheim<\/p>\n\n\n\n<p>Ge\u00f6ffnet t\u00e4glich von 9 bis 17 Uhr<\/p>\n\n\n\n<p>Eintritt frei<\/p>\n\n\n\n<p>Weitere Infos unter&nbsp;<a href=\"https:\/\/deref-web.de\/mail\/client\/6rQ1pOMkjBk\/dereferrer\/?redirectUrl=http%3A%2F%2Fwww.jobsforfuture-mannheim.de&amp;lm\" target=\"_blank\" rel=\"noreferrer noopener\">www.jobsforfuture-mannheim.de<\/a><\/p>\n\n\n\n<p><a href=\"http:\/\/www.facebook.com\/JobsForFuture.MA\" title=\"\">facebook.com\/JobsForFuture.MA<\/a><\/p>\n\n\n\n<p><a href=\"http:\/\/www.instagram.com\/jobsforfuture_mannheim\" title=\"\">instagram.com\/jobsforfuture_mannheim<\/a><\/p>\n\n\n\n<p><em>MAG Mannheimer Ausstellungs-GmbH<br>15.01.2024<\/em><\/p>\n","protected":false},"excerpt":{"rendered":"<div class=\"mh-excerpt\"><p>Bundesagentur f\u00fcr Arbeit R\u00fcckgang bei Klagen und leichter Anstieg der Widerspr\u00fcche in der Grundsicherung Im Jahr 2023 wurden 47.934 Klagen und 425.359 Widerspr\u00fcche eingereicht. Das waren 2.959 Klagen weniger als in 2022 (50.893) bzw. 21.503 <a class=\"mh-excerpt-more\" href=\"https:\/\/speyer24news.com\/?p=57499\" title=\"Wirtschaft \/ Finanzen \/ Rente\">[&#8230;]<\/a><\/p>\n<\/div>","protected":false},"author":3,"featured_media":30614,"comment_status":"open","ping_status":"open","sticky":false,"template":"","format":"standard","meta":{"_monsterinsights_skip_tracking":false,"_monsterinsights_sitenote_active":false,"_monsterinsights_sitenote_note":"","_monsterinsights_sitenote_category":0,"footnotes":""},"categories":[29],"tags":[551,17221,1446,17238,17239,1088,6612,17225,17226,17230,17244,5174,17224,17240,17241,17236,17227,17228,5787,17246,17247,14834,17222,17245,17242,303,17243,31,11044,17237,1442,17229,17223,1087,12488,14831],"aioseo_notices":[],"amp_enabled":true,"_links":{"self":[{"href":"https:\/\/speyer24news.com\/index.php?rest_route=\/wp\/v2\/posts\/57499"}],"collection":[{"href":"https:\/\/speyer24news.com\/index.php?rest_route=\/wp\/v2\/posts"}],"about":[{"href":"https:\/\/speyer24news.com\/index.php?rest_route=\/wp\/v2\/types\/post"}],"author":[{"embeddable":true,"href":"https:\/\/speyer24news.com\/index.php?rest_route=\/wp\/v2\/users\/3"}],"replies":[{"embeddable":true,"href":"https:\/\/speyer24news.com\/index.php?rest_route=%2Fwp%2Fv2%2Fcomments&post=57499"}],"version-history":[{"count":1,"href":"https:\/\/speyer24news.com\/index.php?rest_route=\/wp\/v2\/posts\/57499\/revisions"}],"predecessor-version":[{"id":57507,"href":"https:\/\/speyer24news.com\/index.php?rest_route=\/wp\/v2\/posts\/57499\/revisions\/57507"}],"wp:featuredmedia":[{"embeddable":true,"href":"https:\/\/speyer24news.com\/index.php?rest_route=\/wp\/v2\/media\/30614"}],"wp:attachment":[{"href":"https:\/\/speyer24news.com\/index.php?rest_route=%2Fwp%2Fv2%2Fmedia&parent=57499"}],"wp:term":[{"taxonomy":"category","embeddable":true,"href":"https:\/\/speyer24news.com\/index.php?rest_route=%2Fwp%2Fv2%2Fcategories&post=57499"},{"taxonomy":"post_tag","embeddable":true,"href":"https:\/\/speyer24news.com\/index.php?rest_route=%2Fwp%2Fv2%2Ftags&post=57499"}],"curies":[{"name":"wp","href":"https:\/\/api.w.org\/{rel}","templated":true}]}}