{"id":57546,"date":"2024-01-19T19:07:16","date_gmt":"2024-01-19T18:07:16","guid":{"rendered":"https:\/\/speyer24news.com\/?p=57546"},"modified":"2024-01-19T19:07:18","modified_gmt":"2024-01-19T18:07:18","slug":"polizeimeldungen-freitag-19-01-24","status":"publish","type":"post","link":"https:\/\/speyer24news.com\/?p=57546","title":{"rendered":"Polizeimeldungen Freitag (19.01.24)"},"content":{"rendered":"<style type=\"text\/css\">\r\n\t.ads_top_disp{}\r\n\t.ads_top_corner_disp{ float:left; margin:0px 10px 10px 0px; }\r\n\t.ads_first_p_disp{}\r\n\t.ads_bottom_disp{}\r\n\t<\/style>\n<h2 class=\"wp-block-heading\">Polizeimeldungen vom Freitag (19.01.2024)<\/h2>\n\n\n<div class=\"wp-block-image\">\n<figure class=\"aligncenter size-full\"><img decoding=\"async\" loading=\"lazy\" width=\"375\" height=\"500\" src=\"https:\/\/speyer24news.com\/wp-content\/uploads\/2022\/03\/Aktuelles-Polizeilogo.jpg\" alt=\"\" class=\"wp-image-43591\" srcset=\"https:\/\/speyer24news.com\/wp-content\/uploads\/2022\/03\/Aktuelles-Polizeilogo.jpg 375w, https:\/\/speyer24news.com\/wp-content\/uploads\/2022\/03\/Aktuelles-Polizeilogo-225x300.jpg 225w\" sizes=\"(max-width: 375px) 100vw, 375px\" \/><\/figure><\/div>\n\n\n<h2 class=\"wp-block-heading\">(Speyer) &#8211; Versuchter Einbruch in Keller<\/h2>\n\n\n\n<p>Im Zeitraum von Mittwoch, 21:30 Uhr bis Donnerstag, 19:50 Uhr verschafften sich unbekannte T\u00e4ter zun\u00e4chst gewaltsam mit einem unbekannten Hebelwerkzeug Zugang zum Hausflur eines Mehrfamilienhauses im Emanuel-Geibel-Weg. Anschlie\u00dfend versuchten sie vergeblich sich gewaltsam Zugang zu mindestens zwei Kellerabteilen zu verschaffen. Anhaltspunkte auf entwendete Gegenst\u00e4nde liegen derzeit nicht vor. Die Ermittlungen dauern an.<\/p>\n\n\n\n<ul>\n<li><strong>Wer hat im genannten Zeitraum in der N\u00e4he des Emanuel-Geibel-Weges verd\u00e4chtige Wahrnehmungen gemacht, kann T\u00e4terhinweise oder sonstige sachdienliche Hinweise geben? Die Polizei bittet Zeugen um Mitteilung an Tel. 06232\/137-0 oder per E-Mail an\u00a0<a href=\"mailto:%20pispeyer@polizei.rlp.de\">pispeyer@polizei.rlp.de<\/a><\/strong><\/li>\n<\/ul>\n\n\n\n<h2 class=\"wp-block-heading\">(Speyer) &#8211; Pedelecdiebstahl aus Keller<\/h2>\n\n\n\n<p>Im Zeitraum von Mittwoch, 17 Uhr bis Donnerstag, 14:30 Uhr entwendeten unbekannte T\u00e4ter ein Pedelec der Marke KTM im Wert von 2000 aus einem Keller eines Mehrfamilienhauses in der Hetzelstra\u00dfe. Anhaltspunkte, wie die T\u00e4ter ins Geb\u00e4udeinnere gelangten liegen nicht vor.<\/p>\n\n\n\n<ul>\n<li><strong>Wer hat im genannten Zeitraum in der N\u00e4he der Tat\u00f6rtlichkeit verd\u00e4chtige Wahrnehmungen gemacht, kann T\u00e4terhinweise oder sonstige sachdienliche Hinweise geben? Die Polizei bittet Zeugen um Mitteilung an Tel. 06232\/137-0 oder per E-Mail an\u00a0<a href=\"mailto:%20pispeyer@polizei.rlp.de\">pispeyer@polizei.rlp.de<\/a><\/strong><\/li>\n<\/ul>\n\n\n\n<h2 class=\"wp-block-heading\">(Speyer) &#8211; Betrug durch falschen Bankmitarbeiter<\/h2>\n\n\n<div class=\"wp-block-image\">\n<figure class=\"aligncenter size-full\"><img decoding=\"async\" loading=\"lazy\" width=\"800\" height=\"588\" src=\"https:\/\/speyer24news.com\/wp-content\/uploads\/2021\/01\/Telefonbetrug.jpg\" alt=\"\" class=\"wp-image-32080\" srcset=\"https:\/\/speyer24news.com\/wp-content\/uploads\/2021\/01\/Telefonbetrug.jpg 800w, https:\/\/speyer24news.com\/wp-content\/uploads\/2021\/01\/Telefonbetrug-300x221.jpg 300w, https:\/\/speyer24news.com\/wp-content\/uploads\/2021\/01\/Telefonbetrug-768x564.jpg 768w, https:\/\/speyer24news.com\/wp-content\/uploads\/2021\/01\/Telefonbetrug-80x60.jpg 80w\" sizes=\"(max-width: 800px) 100vw, 800px\" \/><figcaption class=\"wp-element-caption\">Symbolbild Telefonbetrug<\/figcaption><\/figure><\/div>\n\n\n<p>Am Mittwoch, den 17.01.2024, erhielt ein 66-j\u00e4hriger Mann einen Anruf eines vermeintlichen Sicherheitsbeauftragten einer Bank. Der falsche Bankmitarbeiter wollte die Zugangsdaten zum Konto des 66-J\u00e4hrigen, hiermit wollte man dem Gesch\u00e4digten einen Betrag eines mehrere Monate zur\u00fcckliegenden Betruges wieder auf sein Konto \u00fcberweisen. Die unbekannten T\u00e4ter legitimierten sich \u00fcber eine fingierte E-Mail an den Gesch\u00e4digten und erhielten von ihm die Zugangsdaten zu zwei Konten unterschiedlicher Banken. Ein telefonischer Interventionsversuch eines echten Bankmitarbeiters scheiterte. Es wurden insgesamt 16000 Euro von den Konten des Gesch\u00e4digten abgebucht.<\/p>\n\n\n\n<p>Es kommt immer wieder zu Anrufen durch falsche Bankmitarbeiter.<\/p>\n\n\n\n<h4 class=\"wp-block-heading\">Die Polizei r\u00e4t zu folgenden Verhaltenshinweisen:<\/h4>\n\n\n\n<ul>\n<li><strong>Geben Sie keine pers\u00f6nlichen Daten wie Name, Geburtsdatum, Bankverbindungen, Verm\u00f6gensverh\u00e4ltnisse an fremde Personen heraus.<\/strong><\/li>\n\n\n\n<li><strong>Lassen Sie Ihre Telefonnummer aus den Telefonverzeichnissen l\u00f6schen.<\/strong><\/li>\n\n\n\n<li><strong>Bringen Sie den Anruf bei der n\u00e4chsten Polizeidienststelle oder per Onlinewache zur Anzeige.<\/strong><\/li>\n<\/ul>\n\n\n\n<h2 class=\"wp-block-heading\">(Rhein-Pfalz-Kreis) -Witterungsbedingt Unf\u00e4lle halten sich in Grenzen<\/h2>\n\n\n\n<p>Witterungsbedingt mussten Beamte der Polizeiinspektion Schifferstadt am verschneiten Donnerstagmorgen mehrfach ausr\u00fccken. Insgesamt kam es in B\u00f6hl-Iggelheim, Mutterstadt, Limburgerhof und Waldsee zu vier witterungsbedingten Verkehrsunf\u00e4llen, bei denen es zum Gl\u00fcck haupts\u00e4chlich bei Blechsch\u00e4den blieb. Bei einem Unfall auf der L524 bei Mutterstadt hatte ein Unfallverursacher Sommerreifen montiert, so dass er aufgrund der schneeglatten Fahrbahn auf seinen Vordermann auffuhr. Bei einem Unfall auf der K22 in B\u00f6hl-Iggelheim verlor ein 23-j\u00e4hriger in einem Kurvenbereich die Kontrolle \u00fcber sein Fahrzeug und prallte in der Folge an einem Baum. Gl\u00fccklicherweise wurden hierbei der Fahrer selbst und der 25-j\u00e4hrige Beifahrer leicht verletzt. Insgesamt entstand an allen unfallbeteiligten Fahrzeugen ein Gesamtschaden in H\u00f6he von circa 19.000 Euro.<\/p>\n\n\n\n<h2 class=\"wp-block-heading\">(A 65 \/ Insheim) &#8211; Unfallflucht unter Alkoholeinwirkung<a href=\"https:\/\/www.facebook.com\/sharer.php?u=https%3A%2F%2Fwww.presseportal.de%2Fblaulicht%2Fpm%2F117686%2F5695842%2F%3Futm_source%3Dfacebook%26utm_medium%3Dsocial\"><\/a><a href=\"https:\/\/twitter.com\/intent\/tweet?text=POL-PDLD%3A%20Insheim%2C%20BAB65%20-%20Unfallflucht%20unter%20Alkoholeinwirkung&amp;url=https%3A%2F%2Fwww.presseportal.de%2Fblaulicht%2Fpm%2F117686%2F5695842%2F%3Futm_source%3Dtwitter%26utm_medium%3Dsocial&amp;hashtags=ots&amp;lang=de\"><\/a><a href=\"https:\/\/web.whatsapp.com\/send?text=POL-PDLD%3A%20Insheim%2C%20BAB65%20-%20Unfallflucht%20unter%20Alkoholeinwirkung%0A%0Ahttps%3A%2F%2Fwww.presseportal.de%2Fblaulicht%2Fpm%2F117686%2F5695842%2F%3Futm_source%3Dwhatsapp%26utm_medium%3Dsocial\"><\/a><a href=\"https:\/\/www.xing.com\/app\/user?op=share;url=https%3A%2F%2Fwww.presseportal.de%2Fblaulicht%2Fpm%2F117686%2F5695842%2F%3Futm_source%3Dxing%26utm_medium%3Dsocial\"><\/a><a href=\"http:\/\/www.linkedin.com\/shareArticle?mini=true&amp;url=https%3A%2F%2Fwww.presseportal.de%2Fblaulicht%2Fpm%2F117686%2F5695842%2F%3Futm_source%3Dlinkedin%26utm_medium%3Dsocial&amp;title=POL-PDLD%3A+Insheim%2C+BAB65+-+Unfallflucht+unter+Alkoholeinwirkung\"><\/a><a href=\"mailto:?subject=POL-PDLD%3A%20Insheim%2C%20BAB65%20-%20Unfallflucht%20unter%20Alkoholeinwirkung&amp;body=https:\/\/www.presseportal.de\/blaulicht\/pm\/117686\/5695842\"><\/a><\/h2>\n\n\n<div class=\"wp-block-image\">\n<figure class=\"aligncenter\"><a href=\"https:\/\/cache.pressmailing.net\/thumbnail\/story_hires\/8ee81cc8-a578-43a4-90f3-0be49e7fa47f\/poMMes_2024-01-19_16-30-02_1.jpeg.jpg\"><img decoding=\"async\" src=\"https:\/\/cache.pressmailing.net\/thumbnail\/story_big\/8ee81cc8-a578-43a4-90f3-0be49e7fa47f\/pol-pdld-insheim-bab65-unfallflucht-unter-alkoholeinwirkung\" alt=\"POL-PDLD: Insheim, BAB65 - Unfallflucht unter Alkoholeinwirkung\"\/><\/a><\/figure><\/div>\n\n\n<p>Am Freitagnachmittag befuhr ein 60-j\u00e4hriger Landauer mit seinem blauen VW Tiguan die BAB65 in Fahrtrichtung Ludwigshafen. Kurz nach der Anschlussstelle Insheim schlug in sein Heck mit gesch\u00e4tzten 180-200km\/h ein wei\u00dfer PKW Skoda Octavia ein, wodurch beide PKW erheblich besch\u00e4digt wurden. Dem 60-J\u00e4hrigen gelang es mit viel Gl\u00fcck, sich noch in eine Nothaltebucht zu retten, wohingegen der Unfallfahrer das Weite suchte und sich von der Unfall\u00f6rtlichkeit unerlaubt entfernte. Da sein Kennzeichen abgelesen werden konnte, konnte der Unfallfl\u00fcchtige jedoch schnell ermittelt und an seiner Wohnanschrift angetroffen werden. Der stark besch\u00e4digte Skoda stand ebenfalls vor der Haust\u00fcr. Der Grund der Unfallflucht war schnell festgestellt: Der Fahrer stand unter Alkoholeinfluss, ein Vortest ergab beim 33-J\u00e4hrigen um 15:30 Uhr einen Wert von mehr als 1,9 Promille. Den Fahrer erwartet ein Strafverfahren wegen unerlaubten Entfernens vom Unfallort und Stra\u00dfenverkehrsgef\u00e4hrdung. Sein F\u00fchrerschein wurde mit dem Ziel der Entziehung der Fahrerlaubnis sichergestellt.<\/p>\n\n\n\n<h2 class=\"wp-block-heading\">(Landau) &#8211; Verkehrskontrolle<\/h2>\n\n\n\n<p>Gleich 21 Verkehrsteilnehmer wurden Freitagmorgen (19.01.2024) innerhalb von 3 Stunden im Bereich Landau sanktioniert, weil davon 11 Autofahrer w\u00e4hrend der Fahrt ihr Mobiltelefon benutzten, 6 Verkehrsteilnehmer nicht angeschnallt waren und bei 4 Fahrzeugen keine der Witterung angepasster Winterreifen aufgezogen waren. Bei einem Fahrzeug wurde die Weiterfahrt sogar untersagt, da vorne M+S Reifen und hinten Sommerreifen aufgezogen waren.<\/p>\n\n\n\n<p>Die Handyverst\u00f6\u00dfe werden jeweils mit einem Bu\u00dfgeld in H\u00f6he von 100 Euro sanktioniert und weiterhin mit einem Punkt in der Flensburger Verkehrss\u00fcnderkartei gutgeschrieben.<\/p>\n\n\n\n<p>Die Polizei empfiehlt, Winterreifen von O wie Oktober bis O wie Ostern oder bei Temperaturen unter sieben Grad aufzuziehen. Winterreifen sind bei winterlichen Stra\u00dfenverh\u00e4ltnissen Pflicht. Die auf niedrige Temperaturen abgestimmte Gummimischung und das spezielle Reifenprofil haben in der kalten Jahreszeit gegen\u00fcber Sommerreifen klare Vorteile. Der Bremsweg verringert sich deutlich und die Fahrstabilit\u00e4t ist wesentlich h\u00f6her. Beides kann unter Umst\u00e4nden Leben retten. Experten raten zu einer Profiltiefe von mindestens vier Millimeter<\/p>\n\n\n\n<h2 class=\"wp-block-heading\">(Landau) &#8211; Alkoholisiert am Stra\u00dfenverkehr teilgenommen<\/h2>\n\n\n\n<p>In den fr\u00fchen Morgenstunden des 19.01.2024, gegen 00:45 Uhr wurde ein 23-j\u00e4hriger Skoda-Fahrer in der Godramsteiner Stra\u00dfe in Landau durch Kr\u00e4fte der Polizeiinspektion Landau kontrolliert. Im Rahmen der Kontrolle ergab sich der Verdacht des Konsums von Alkohol durch den Fahrer. Ein durchgef\u00fchrter Atemalkoholtest ergab einen Wert von 0,94 Promille. Der 23-J\u00e4hrige wurde mit zur Polizeidienststelle genommen, wo mit ihm ein weiterer gerichtsverwertbarer Atemalkoholtest durchgef\u00fchrt wurde. Die Weiterfahrt wurde ihm untersagt. Der Fahrzeugschl\u00fcssel sowie der F\u00fchrerschein wurden sichergestellt. Gegen den Fahrer wurde ein Ordnungswidrigkeitenverfahren gem\u00e4\u00df \u00a724a StVG eingeleitet.<\/p>\n\n\n\n<h2 class=\"wp-block-heading\">(Landau) &#8211; Auff\u00e4llige Fahrweise wegen Alkoholkonsum<\/h2>\n\n\n\n<p>Am 18.01.2024 wurde der Polizei Landau gegen 18:00 Uhr ein BMW-Fahrer gemeldet, welcher auff\u00e4llig die A65 in Fahrtrichtung Karlsruhe befahren w\u00fcrde. Der BMW konnte in H\u00f6he Autobahnabfahrt Kandel-Nord durch die Kr\u00e4fte der Polizei festgestellt und einer Kontrolle unterzogen werden. Der Grund f\u00fcr die auff\u00e4llige Fahrweise konnte schnell ermittelt werden. Ein durchgef\u00fchrter Alkoholtest ergab einen Wert von 2,54 Promille. Der 44-J\u00e4hrige wurde sodann zur Dienststelle verbracht, wo ihm eine Blutprobe entnommen wurde. Sein F\u00fchrerschein und die Fahrzeugschl\u00fcssel wurden sichergestellt. Er wird sich nun in einem Strafverfahren wegen Trunkenheit im Verkehr verantworten m\u00fcssen. Auch die F\u00fchrerscheinstelle wurde hier\u00fcber informiert.<\/p>\n\n\n\n<h2 class=\"wp-block-heading\">(Landau) &#8211; Unfall unter Alkoholeinfluss<\/h2>\n\n\n\n<p>Am Donnerstag (18.01.2024), gegen 17:05 Uhr, befuhr eine 51-j\u00e4hrige Autofahrerin die Adolf-Kessler-Stra\u00dfe in Godramstein. Beim Wenden auf der Stra\u00dfe stie\u00df diese gegen einen Baum neben der Fahrbahn. Bei der Verkehrsunfallaufnahme stellten die Polizeikr\u00e4fte fest, dass die Frau mit 2,33 Promille unter Alkoholeinfluss stand. Der F\u00fchrerschein der 51-J\u00e4hrigen wurde sichergestellt und ihr wurde eine Blutprobe auf der Dienststelle entnommen. Sie muss sich nun in einem Strafverfahren wegen Gef\u00e4hrdung des Stra\u00dfenverkehrs verantworten.<\/p>\n\n\n\n<h2 class=\"wp-block-heading\">(Annweiler) &#8211; Unfallflucht vor dem Klinikum<\/h2>\n\n\n\n<p>Am Freitag wurde im Zeitraum zwischen 07:45h und 08:25h vor dem Haupteingang des Klinikums in Annweiler durch einen noch unbekannten Fahrzeugf\u00fchrer ein blauer Ford Focus besch\u00e4digt. Nach derzeitigem Ermittlungsstand d\u00fcrfte davon auszugehen sein, dass die T\u00fcr eines neben dem Ford parkenden Autos gegen diesen geschlagen wurde. Hinweise erbittet diesbez\u00fcglich die Polizeiwache Annweiler.<\/p>\n\n\n\n<h2 class=\"wp-block-heading\">(Annweiler) &#8211; Unfallflucht auf dem Aldi-Parkplatz<\/h2>\n\n\n\n<p>Am Donnerstag wurde auf dem Aldi-Parkplatz in Annweiler zwischen 11 und 12 Uhr ein schwarzer VW UP! besch\u00e4digt. Aufgrund entsprechender Lackanhaftungen kann davon ausgegangen werden, dass ein wei\u00dfes Fahrzeug gegen den VW gefahren war und sich von der Unfall\u00f6rtlichkeit entfernte, ohne die notwendigen Feststellungen zu erm\u00f6glichen. Die Polizei Annweiler bittet um Hinweise in der Sache.<\/p>\n\n\n\n<h2 class=\"wp-block-heading\">(Edenkoben) &#8211; Wintergefahren im Blick<a href=\"https:\/\/www.facebook.com\/sharer.php?u=https%3A%2F%2Fwww.presseportal.de%2Fblaulicht%2Fpm%2F117686%2F5695550%2F%3Futm_source%3Dfacebook%26utm_medium%3Dsocial\"><\/a><a href=\"https:\/\/twitter.com\/intent\/tweet?text=POL-PDLD%3A%20Wintergefahren%20im%20Blick&amp;url=https%3A%2F%2Fwww.presseportal.de%2Fblaulicht%2Fpm%2F117686%2F5695550%2F%3Futm_source%3Dtwitter%26utm_medium%3Dsocial&amp;hashtags=ots&amp;lang=de\"><\/a><a href=\"https:\/\/web.whatsapp.com\/send?text=POL-PDLD%3A%20Wintergefahren%20im%20Blick%0A%0Ahttps%3A%2F%2Fwww.presseportal.de%2Fblaulicht%2Fpm%2F117686%2F5695550%2F%3Futm_source%3Dwhatsapp%26utm_medium%3Dsocial\"><\/a><a href=\"https:\/\/www.xing.com\/app\/user?op=share;url=https%3A%2F%2Fwww.presseportal.de%2Fblaulicht%2Fpm%2F117686%2F5695550%2F%3Futm_source%3Dxing%26utm_medium%3Dsocial\"><\/a><a href=\"http:\/\/www.linkedin.com\/shareArticle?mini=true&amp;url=https%3A%2F%2Fwww.presseportal.de%2Fblaulicht%2Fpm%2F117686%2F5695550%2F%3Futm_source%3Dlinkedin%26utm_medium%3Dsocial&amp;title=POL-PDLD%3A+Wintergefahren+im+Blick\"><\/a><a href=\"mailto:?subject=POL-PDLD%3A%20Wintergefahren%20im%20Blick&amp;body=https:\/\/www.presseportal.de\/blaulicht\/pm\/117686\/5695550\"><\/a><\/h2>\n\n\n<div class=\"wp-block-image\">\n<figure class=\"aligncenter\"><a href=\"https:\/\/cache.pressmailing.net\/thumbnail\/story_hires\/eb6f1fca-9515-4515-a7f4-546b8bbeddb0\/001.jpg.jpg\"><img decoding=\"async\" src=\"https:\/\/cache.pressmailing.net\/thumbnail\/story_big\/eb6f1fca-9515-4515-a7f4-546b8bbeddb0\/pol-pdld-wintergefahren-im-blick\" alt=\"POL-PDLD: Wintergefahren im Blick\"\/><\/a><\/figure><\/div>\n\n\n<p>Vor dem Hintergrund der anhaltenden winterlichen Witterung hat die Polizei Edenkoben am Freitagvormittag zahlreiche Verkehrskontrollen durchgef\u00fchrt, um eine verkehrssichere Teilnahme am Stra\u00dfenverkehr zu gew\u00e4hrleisten. Hierbei wurden mehrere Verkehrsteilnehmer festgestellt, die ihre Fahrt erst wenige Minuten vor der Kontrolle antraten und demnach mit vereisten und verschneiten Scheiben sowie nicht lesbarer Kennzeichen angetroffen wurden.<\/p>\n\n\n\n<p>Sieben Fahrzeugf\u00fchrer nutzen verbotswidrig ihr Mobiltelefon w\u00e4hrend der Fahrt, des Weiteren wurden sieben Verst\u00f6\u00dfe gegen die Gurtpflicht und drei vers\u00e4umte Hauptuntersuchungstermine festgestellt.<\/p>\n\n\n\n<h2 class=\"wp-block-heading\">(Dienstbezirk PI Gr\u00fcnstadt) &#8211; Witterungsbedingte Ereignisse vom 18.01.2024<\/h2>\n\n\n\n<p>Am Donnerstag, den 18.01.2024, kam es im Dienstgebiet der Polizeiinspektion Gr\u00fcnstadt aufgrund des starken Schneefalls zu insgesamt 7 witterungsbedingten Verkehrsunf\u00e4llen. Gl\u00fccklicherweise wurden keinen Personen verletzt. Um 07:25 Uhr ereignete sich ein Auffahrunfall auf schneebedeckter Fahrbahn in der Weinstra\u00dfe in Gr\u00fcnstadt. Es entstand dabei Sachschaden in H\u00f6he von etwa 800 Euro. Auf der Obers\u00fclzer Stra\u00dfe in Gr\u00fcnstadt kam es gegen 07:55 Uhr zu einem Verkehrsunfall im Begegnungsverkehr. Im Verlauf einer Rechtskurve rutschte das Heck eines Pkw nach links weg und stie\u00df mit einem in dem Moment entgegenkommenden Pkw zusammen. Zur Schadensh\u00f6he k\u00f6nnen, nicht zuletzt, weil der Unfallverursacher sich von der Unfallstelle entfernte, keine abschlie\u00dfenden Angaben gemacht werden. Um 08:30 Uhr wollte ein Fahrer eines mit Sommerreifen ausgestatteten Pkw von der Eistalstra\u00dfe in Asselheim nach rechts in die Weinstra\u00dfe einbiegen. Aufgrund der ungeeigneten Bereifung in Verbindung mit winterlichen Stra\u00dfenverh\u00e4ltnissen geriet er hierbei ins Rutschen und stie\u00df mit zwei auf der Linksabbiegerspur der Weinstra\u00dfe wartenden Pkw zusammen. Der Sachschaden betr\u00e4gt ca. 1800 Euro. Dem Unfallverursacher wurde die Weiterfahrt aufgrund der ungeeigneten Bereifung untersagt. Um 10:45 Uhr befuhr ein Pkw-Fahrer die Kirchheimer Stra\u00dfe von Gr\u00fcnstadt kommend in Richtung Kirchheim. Am Kreisverkehr an der Autobahnanschlussstelle bremste er ab und geriet dabei auf winterglatter Fahrbahn ins Rutschen. Dabei stie\u00df er mit einem im Kreisverkehr fahrenden Pkw zusammen. Schadensh\u00f6he hier: etwa 3.500 Euro. Um 11:10 Uhr parkte ein Fahrer eines Sattelzug-Gespanns am Verladeplatz r\u00fcckw\u00e4rts aus. Aufgrund Gl\u00e4tte kam das Gespann ins Rutschen und stie\u00df gegen eine Laterne und ein Verkehrszeichen. Es entstand Sachschaden in H\u00f6he von insgesamt etwa 600 Euro. In Battenberg (Pfalz) kam es an der Einm\u00fcndung Kirchgasse\/Hauptstra\u00dfe gegen 12:50 zu einem Verkerhsunfall. Ein aus der Kirchgasse in die Hauptstra\u00dfe einbiegender Pkw-Fahrer geriet ins Rutschen und stie\u00df gegen einen auf der Hauptstra\u00dfe stehenden Pkw. Schadensh\u00f6he hier: etwa 200 Euro. Zwischen Ebertsheim und Kerzenheim kam es gegen 13:10 Uhr auf der L452 aufgrund nicht angepasster Geschwindigkeit bei winterlichen Stra\u00dfenverh\u00e4ltnissen zum Verkehrsunfall. Hier verlor ein Transporterfahrer die Kontrolle \u00fcber sein Fahrzeug und kam nach rechts von der Fahrbahn ab. Dabei entstand Schaden am Fahrzeug und an einem Schildermast in H\u00f6he von ca. 2000 Euro.<\/p>\n\n\n\n<h2 class=\"wp-block-heading\">(Ludwigshafen) &#8211; 25-J\u00e4hriger randaliert in Gastst\u00e4tte<\/h2>\n\n\n<div class=\"wp-block-image\">\n<figure class=\"aligncenter size-full\"><img decoding=\"async\" loading=\"lazy\" width=\"800\" height=\"600\" src=\"https:\/\/speyer24news.com\/wp-content\/uploads\/2019\/06\/Ausn\u00fcchterungszelle.jpg\" alt=\"\" class=\"wp-image-15212\" srcset=\"https:\/\/speyer24news.com\/wp-content\/uploads\/2019\/06\/Ausn\u00fcchterungszelle.jpg 800w, https:\/\/speyer24news.com\/wp-content\/uploads\/2019\/06\/Ausn\u00fcchterungszelle-300x225.jpg 300w, https:\/\/speyer24news.com\/wp-content\/uploads\/2019\/06\/Ausn\u00fcchterungszelle-768x576.jpg 768w, https:\/\/speyer24news.com\/wp-content\/uploads\/2019\/06\/Ausn\u00fcchterungszelle-678x509.jpg 678w, https:\/\/speyer24news.com\/wp-content\/uploads\/2019\/06\/Ausn\u00fcchterungszelle-326x245.jpg 326w, https:\/\/speyer24news.com\/wp-content\/uploads\/2019\/06\/Ausn\u00fcchterungszelle-80x60.jpg 80w\" sizes=\"(max-width: 800px) 100vw, 800px\" \/><figcaption class=\"wp-element-caption\">Beispielbild Zelle \/ Verhaftung, dient lediglich der Visualisierung<\/figcaption><\/figure><\/div>\n\n\n<p>Am 19.01.2024, gegen 01:30 Uhr, wurde die Polizei wegen einer Auseinandersetzung mit einem 25-j\u00e4hrigen Gast zu einer Gastst\u00e4tte in der Carl-Bosch-Stra\u00dfe gerufen. Der 25-J\u00e4hrige hatte zwei andere Anwesende bedr\u00e4ngt und sollte daher die Gastst\u00e4tte verlassen. Dem wollte der junge Mann nicht nachkommen. Auch als er von mehreren Anwesenden vor die T\u00fcr geschoben wurde, versuchte er sich mit Gewalt erneut Zutritt zur Gastst\u00e4tte zu verschaffen. Hierbei besch\u00e4digte er unter anderem einen Rollladen. Einen 43-J\u00e4hrigen, der ihn abhalten wollt durch das Fenster einzudringen, schlug der 25-J\u00e4hrige mehrfach und verletzte ihn hierdurch leicht. Im Verlauf der Anzeigenaufnahme verhielt sich der junge Mann zunehmend sehr aggressiv und musste fixiert werden. Er beleidigte und bedrohte die anwesenden Polizeikr\u00e4fte wiederholt. Au\u00dferdem griff er einen Polizeibeamten an und trat ihn. Der Beamte wurde leicht verletzt und musste nach dem Einsatz medizinisch versorgt werden. Der 25-J\u00e4hrige wurde in Gewahrsam genommen. Auch hier randalierte er weiter.<\/p>\n\n\n\n<p>Der 25-J\u00e4hrige wird sich wegen K\u00f6rperverletzung, Sachbesch\u00e4digung, Beleidigung, Widerstand gegen Vollstreckungsbeamte verantworten m\u00fcssen. Da er au\u00dferdem einen Joint mit Cannabis bei sich hatte, wurde auch eine Anzeige wegen des Versto\u00dfes gegen das Bet\u00e4ubungsmittelgesetz aufgenommen.<\/p>\n\n\n\n<p>Immer wieder werden Polizeibeamte und Polizeibeamtinnen Opfer von Gewalt. Die Taten reichen von Beleidigungen, \u00fcber Drohungen, anspucken bis hin zu k\u00f6rperlichen Angriffen. Die Polizei duldet keine Gewalt. Nicht gegen B\u00fcrgerinnen und B\u00fcrger und auch nicht gegen Polizeikr\u00e4fte. Jedwede Gewaltanwendung wird strafrechtlich verfolgt! Bei einer Widerstandhandlung drohen dem T\u00e4ter bis zu drei Jahre Freiheitsstrafe oder eine Geldstrafe.<\/p>\n\n\n\n<h2 class=\"wp-block-heading\">(Ludwigshafen) &#8211; Auseinandersetzung in Gastst\u00e4tte<\/h2>\n\n\n\n<p>In einer Gastst\u00e4tte in der Kanalstra\u00dfe kam es am 18.01.2024, gegen 23 Uhr, zu einer Auseinandersetzung zwischen mehreren G\u00e4sten. Zun\u00e4chst war ein 25-J\u00e4hriger mit einem bislang Unbekannten in Streit geraten in dessen Verlauf der Unbekannte ihn geschlagen habe. Als der 25-J\u00e4hrige daraufhin den Notruf w\u00e4hlte, sei eine etwa f\u00fcnfk\u00f6pfige Personengruppe an ihn herangetreten. Ein Mitglied der Gruppe habe ihm das Handy abgenommen, ein anderer, ein 42-J\u00e4hriger, habe ihn am Kragen gepackt und habe dann mit dem 25-J\u00e4hrigen die Gastst\u00e4tte verlassen. Aus Angst erneut geschlagen zu werden, habe dieser dem \u00c4lteren mit einer Flasche gegen den Kopf geschlagen. Danach sei der 25-J\u00e4hrige gefl\u00fcchtet. Der 42-J\u00e4hrige konnte durch Polizeikr\u00e4fte in der Gastst\u00e4tte angetroffen werden. Er war leicht verletzt. Eine Tatbeteiligung stritt er jedoch ab. Gegen beide M\u00e4nner wurden Ermittlungsverfahren wegen K\u00f6rperverletzung, bzw. wegen gef\u00e4hrlicher K\u00f6rperverletzung eingeleitet. Au\u00dferdem wurde eine Anzeige wegen Handydiebstahls aufgenommen.<\/p>\n\n\n\n<h2 class=\"wp-block-heading\">(Ludwigshafen) &#8211; Handy gestohlen<\/h2>\n\n\n\n<p>In einer Elektrohandlung im Hedwig-Laudien-Ring stahlen am Abend des 18.01.2024 eine 19-J\u00e4hrige und ihr gleichaltriger Begleiter ein Ausstellungshandy. Hierbei wurden sie beobachtet. Den Heranwachsenden gelang zun\u00e4chst die Flucht. Sie konnten durch die alarmierte Polizei in Tatortn\u00e4he jedoch rasch aufgefunden und zur\u00fcck zum Gesch\u00e4ft gebracht werden. Bei der Personendurchsuchung wurden bei dem 19-J\u00e4hirgen ein Einhandmesser, sowie zwei potentielle Hebelwerkzeuge festgestellt und sichergestellt. Das Handy hatten sie nicht mehr bei sich. Im weiteren Verlauf der Anzeigenaufnahme gestand die 19-J\u00e4hrige den Diebstahl und f\u00fchrte die Beamten zum Versteck des Handys.<\/p>\n\n\n\n<p>Die Heranwachsenden werden mit einer Anzeige wegen Gemeinschaftlichen Ladendiebstahls mit Waffen rechnen m\u00fcssen.<\/p>\n\n\n\n<h2 class=\"wp-block-heading\">(Ludwigshafen) &#8211; Einbruch in Kleintierzuchtverein \/ Zeugen gesucht<\/h2>\n\n\n\n<p>In der Zeit vom 17.01., 18 Uhr, bis zum 18.01.2024, 9:30 Uhr, brachen Unbekannte in die R\u00e4ume des Kleintierzuchtvereins in der Speyerer Stra\u00dfe ein. Gestohlen wurden zwei Gartenger\u00e4te, rund 70 Euro Kleingeld und Lebensmittel. Der Gesamtschaden bel\u00e4uft sich auf rund 1.000 Euro.<\/p>\n\n\n\n<ul>\n<li><strong>Haben Sie die Tat beobachtet oder k\u00f6nnen Sie Hinweise geben?<\/strong><\/li>\n\n\n\n<li><strong>Hinweise nimmt die Kriminalpolizei Ludwigshafen unter der Telefonnummer 0621 963-2773 oder per E-Mail\u00a0<a href=\"mailto:%20kiludwigshafen.k1.kdd@polizei.rlp.de\">kiludwigshafen.k1.kdd@polizei.rlp.de<\/a>\u00a0entgegen.<\/strong><\/li>\n<\/ul>\n\n\n\n<h2 class=\"wp-block-heading\">(Ludwigshafen) &#8211; In zwei Gastst\u00e4tten eingebrochen \/ Zeugen gesucht<\/h2>\n\n\n\n<p>In der Nacht auf Donnerstag (18.01.2024) zwischen 02:30 Uhr und 03:30 Uhr wurden zwei Gastst\u00e4tten in der Ludwigstra\u00dfe und in der Frankenthaler Stra\u00dfe aufgebrochen. In der Ludwigstra\u00dfe entwendeten der oder die unbekannten T\u00e4ter die Kasse mit Bargeld und brachen zwei Spielautomaten auf. Wie viel Geld aus den Automaten gestohlen wurde, ist noch unklar. Der entstandene Schaden wird auf \u00fcber 6.000 Euro gesch\u00e4tzt. In der Frankenthaler Stra\u00dfe brachen Unbekannte eine Shisha-Bar auf und stahlen einen Tresor. Die Schadensh\u00f6he wird derzeit ermittelt. Ob ein Zusammenhang zwischen den Taten besteht, wird ebenfalls zurzeit ermittelt.<\/p>\n\n\n\n<ul>\n<li><strong>Haben Sie etwas in der Ludwigstra\u00dfe oder in der Frankenthaler Stra\u00dfe beobachtet oder k\u00f6nnen Sie Hinweise geben?<\/strong><\/li>\n\n\n\n<li><strong>Hinweise nimmt die Kriminalpolizei Ludwigshafen unter der Telefonnummer 0621 963-2773 oder per E-Mail\u00a0<a href=\"mailto:%20kiludwigshafen.k1.kdd@polizei.rlp.de\">kiludwigshafen.k1.kdd@polizei.rlp.de<\/a>\u00a0entgegen.<\/strong><\/li>\n<\/ul>\n\n\n\n<h2 class=\"wp-block-heading\">(Ludwigshafen) &#8211; Einbruch in Kleingartenanlage<\/h2>\n\n\n\n<p>In den letzten zwei Wochen (03.01.-18.01.2024) brachen Unbekannte in einen Kleingarten im Riedsaumpark ein und stahlen einen Rasenm\u00e4her, einen Vertikutierer und einen Stromerzeuger. Der Schaden bel\u00e4uft sich auf rund 1.200 Euro.<\/p>\n\n\n\n<ul>\n<li><strong>K\u00f6nnen Sie Hinweise geben?<\/strong><\/li>\n\n\n\n<li><strong>Dann melden Sie sich bei der Polizeiinspektion Ludwigshafen 2, Telefonnummer 0621 963-2222 oder per E-Mail\u00a0<a href=\"mailto:%20piludwigshafen2@polizei.rlp.de\">piludwigshafen2@polizei.rlp.de<\/a>\u00a0.<\/strong><\/li>\n<\/ul>\n\n\n\n<h2 class=\"wp-block-heading\">(Mannheim) &#8211; Gr\u00f6\u00dferer Polizeieinsatz nach Bedrohungslage<a href=\"https:\/\/www.facebook.com\/sharer.php?u=https%3A%2F%2Fwww.presseportal.de%2Fblaulicht%2Fpm%2F14915%2F5695683%2F%3Futm_source%3Dfacebook%26utm_medium%3Dsocial\"><\/a><a href=\"https:\/\/twitter.com\/intent\/tweet?text=POL-MA%3A%20Mannheim%3A%20Gr%C3%B6%C3%9Ferer%20Polizeieinsatz%20nach%20Bedrohungslage%20-%20PM%20Nr.%201&amp;url=https%3A%2F%2Fwww.presseportal.de%2Fblaulicht%2Fpm%2F14915%2F5695683%2F%3Futm_source%3Dtwitter%26utm_medium%3Dsocial&amp;hashtags=ots&amp;lang=de\"><\/a><a href=\"https:\/\/web.whatsapp.com\/send?text=POL-MA%3A%20Mannheim%3A%20Gr%C3%B6%C3%9Ferer%20Polizeieinsatz%20nach%20Bedrohungslage%20-%20PM%20Nr.%201%0A%0Ahttps%3A%2F%2Fwww.presseportal.de%2Fblaulicht%2Fpm%2F14915%2F5695683%2F%3Futm_source%3Dwhatsapp%26utm_medium%3Dsocial\"><\/a><a href=\"https:\/\/www.xing.com\/app\/user?op=share;url=https%3A%2F%2Fwww.presseportal.de%2Fblaulicht%2Fpm%2F14915%2F5695683%2F%3Futm_source%3Dxing%26utm_medium%3Dsocial\"><\/a><a href=\"http:\/\/www.linkedin.com\/shareArticle?mini=true&amp;url=https%3A%2F%2Fwww.presseportal.de%2Fblaulicht%2Fpm%2F14915%2F5695683%2F%3Futm_source%3Dlinkedin%26utm_medium%3Dsocial&amp;title=POL-MA%3A+Mannheim%3A+Gr%C3%B6%C3%9Ferer+Polizeieinsatz+nach+Bedrohungslage+-+PM+Nr.+1\"><\/a><a href=\"mailto:?subject=POL-MA%3A%20Mannheim%3A%20Gr%C3%B6%C3%9Ferer%20Polizeieinsatz%20nach%20Bedrohungslage%20-%20PM%20Nr.%201&amp;body=https:\/\/www.presseportal.de\/blaulicht\/pm\/14915\/5695683\"><\/a><\/h2>\n\n\n<div class=\"wp-block-image\">\n<figure class=\"aligncenter size-full\"><img decoding=\"async\" loading=\"lazy\" width=\"678\" height=\"381\" src=\"https:\/\/speyer24news.com\/wp-content\/uploads\/2021\/04\/Polizei-678x381.jpg\" alt=\"\" class=\"wp-image-35265\" srcset=\"https:\/\/speyer24news.com\/wp-content\/uploads\/2021\/04\/Polizei-678x381.jpg 678w, https:\/\/speyer24news.com\/wp-content\/uploads\/2021\/04\/Polizei-678x381-300x169.jpg 300w\" sizes=\"(max-width: 678px) 100vw, 678px\" \/><\/figure><\/div>\n\n\n<p>Aktuell kommt es zu einem gr\u00f6\u00dferen Polizeieinsatz unter Hinzuziehung von Rettungskr\u00e4ften in der Neckarstadt. Aus einem Wohnanwesen wurde eine Bedrohungslage gemeldet. Aufgrund der aktuell anlaufenden Ermittlungen k\u00f6nnen derzeit noch keine Angaben zum Hintergrund des Geschehens gemacht werden. (<em>19.01.2024 \u2013 13:38<\/em>)<\/p>\n\n\n\n<h2 class=\"wp-block-heading has-text-align-center\">Pressemeldung Nr. 2<\/h2>\n\n\n<div class=\"wp-block-image\">\n<figure class=\"aligncenter size-full\"><img decoding=\"async\" loading=\"lazy\" width=\"800\" height=\"533\" src=\"https:\/\/speyer24news.com\/wp-content\/uploads\/2021\/10\/Festnahme-Handschellen.jpg\" alt=\"\" class=\"wp-image-41224\" srcset=\"https:\/\/speyer24news.com\/wp-content\/uploads\/2021\/10\/Festnahme-Handschellen.jpg 800w, https:\/\/speyer24news.com\/wp-content\/uploads\/2021\/10\/Festnahme-Handschellen-300x200.jpg 300w, https:\/\/speyer24news.com\/wp-content\/uploads\/2021\/10\/Festnahme-Handschellen-768x512.jpg 768w\" sizes=\"(max-width: 800px) 100vw, 800px\" \/><figcaption class=\"wp-element-caption\">Beispielbild Handschelle \/ Verhaftung, dient lediglich der Visualisierung<\/figcaption><\/figure><\/div>\n\n\n<p>Aufgrund einer Bedrohungslage in einem Wohnanwesen in der Neckarpromenade kam es heute zu einem gr\u00f6\u00dferen Polizeieinsatz, da Hinweise auf eine m\u00f6gliche Bewaffnung eines 47-j\u00e4hrige Tatverd\u00e4chtigen vorlagen. Gegen 14:45 Uhr wurde der Tatverd\u00e4chtige von Einsatzkr\u00e4ften vorl\u00e4ufig festgenommen. Bei der Festnahme hat der Tatverd\u00e4chtige Widerstand geleistet. Nach einer medizinischen Versorgung wurde der Tatverd\u00e4chtige in ein psychatrisches Krankenhaus eingeliefert.<\/p>\n\n\n\n<p>Die Ermittlungen dauern weiterhin an. Zu den Hintergr\u00fcnden des Geschehens k\u00f6nnen zum jetzigen Zeitpunkt noch keine weiteren Angaben gemacht werden.<\/p>\n\n\n\n<p>Es bestand zu keinem Zeitpunkt eine Gefahr f\u00fcr die Bewohnerinnen und Bewohner sowie f\u00fcr die Bev\u00f6lkerung.<\/p>\n\n\n\n<h2 class=\"wp-block-heading\">(Mannheim) &#8211; Brennender M\u00fcllcontainer in der Innenstadt \/ Polizei sucht Zeugen<\/h2>\n\n\n\n<p>Aus bislang noch unbekannter Ursache geriet am Freitag gegen 5 Uhr ein Restm\u00fcllcontainer in der Fre\u00dfgasse in Brand. Als die Feuerwehr eintraf, brannte das Beh\u00e4ltnis lichterloh. Ob der Container mutwillig angez\u00fcndet wurde oder ob das Feuer fahrl\u00e4ssig entstand, ist Gegenstand der nun vom Polizeirevier Mannheim-Oststadt eingeleiteten Ermittlungen. Der Schaden wird auf 300 Euro gesch\u00e4tzt.<\/p>\n\n\n\n<ul>\n<li><strong>Zeugen, die sachdienliche Hinweise geben k\u00f6nnen, werden gebeten, sich beim Polizeirevier Mannheim-Oststadt unter der Telefonnummer 0621-174-3310 zu melden.<\/strong><\/li>\n<\/ul>\n\n\n\n<h2 class=\"wp-block-heading\">(Mannheim) &#8211; Warnhinweis f\u00fchrt zu Nackenschlag \/ Polizei sucht Zeugen<\/h2>\n\n\n\n<p>Am Donnerstag lief ein 50-J\u00e4hriger auf dem Gehweg die Hochuferstra\u00dfe entlang. Als gegen 19:30 Uhr eine Frau auf einem E-Scooter auf der Stra\u00dfe an ihm vorbeisauste, rief er ihr hinterher, um sie vor der vereisten Fahrbahn zu warnen. Pl\u00f6tzlich sprach ihn ein Unbekannter an, welcher sich hinter ihm befand mit dem Hinweis, dass dies seine Tochter sei. Als der 50-J\u00e4hrige sich umdrehen wollte, um nach dem Mann zu sehen, erhielt er unvermittelt einen heftigen Schlag in den Nacken versetzt, so dass er zu Boden fiel und sich verletzte. Nach einer kurzen Benommenheit sah er sich nach dem unbekannten Angreifer um, konnte ihn aber nicht mehr entdecken.<\/p>\n\n\n\n<ul>\n<li><strong>Zeugen, die sachdienliche Hinweise geben k\u00f6nnen, werden gebeten, sich beim Verkehrsdienst Mannheim unter der Telefonnummer 0621-174-4222 zu melden.<\/strong><\/li>\n<\/ul>\n\n\n\n<h2 class=\"wp-block-heading\">(Heidelberg) &#8211; Verkehrsunfall auf der Montpellierbr\u00fccke \/ Speyerer Stra\u00dfe<\/h2>\n\n\n\n<p>Aufgrund eines Verkehrsunfalls auf der Montpellierbr\u00fccke \/ Speyerer Stra\u00dfe sind derzeit Einsatzkr\u00e4fte der Polizei und des Rettungsdienstes im Einsatz. Es kommt zu Beeintr\u00e4chtigungen des Verkehrs. Es wird nachberichtet. (<em>19.01.2024 \u2013 18:48<\/em>)<\/p>\n\n\n\n<h2 class=\"wp-block-heading\">(Heidelberg) &#8211; Diebstahl aus Fahrradkorb \/ Polizei sucht Zeugen<\/h2>\n\n\n\n<p>Am Donnerstagabend gegen 20:30 Uhr entwendete eine bislang unbekannte T\u00e4terschaft in der Kurf\u00fcrsten-Anlage in der H\u00f6he eines Einkaufmarkts den Rucksack einer 51-J\u00e4hrigen aus deren Fahrradkorb. Es entstand ein Diebstahlschaden in H\u00f6he von sch\u00e4tzungsweise 180 Euro. Das Polizeirevier Heidelberg-Mitte leitete die Ermittlungen wegen des Diebstahls ein.<\/p>\n\n\n\n<ul>\n<li><strong>Zeugen, die sachdienliche Hinweise geben k\u00f6nnen, werden gebeten sich bei dem Polizeirevier Heidelberg-Mitte unter der Telefonnummer 06221 1857-0 zu melden.<\/strong><\/li>\n<\/ul>\n\n\n\n<h2 class=\"wp-block-heading\">(Heidelberg) &#8211; LKW besch\u00e4digt Verkehrsschild vor Krankenhaus<\/h2>\n\n\n\n<p>Am Donnerstag um kurz nach 10 Uhr beobachtete ein Zeuge eine Verkehrsunfallflucht in der Stra\u00dfe Im Neuenheimer Feld. Demnach stie\u00df ein bislang Unbekannter mit seinem LKW gegen ein am Fahrbahnrand befindliches Verkehrszeichen in der Einfahrt eines Krankenhauses. Im Anschluss verlie\u00df der LKW-Fahrer die Unfall\u00f6rtlichkeit, ohne seiner Feststellungspflicht als Unfallverursacher nachzukommen. Der Schaden bel\u00e4uft sich auf sch\u00e4tzungsweise 1.500 bis 2.000 Euro. Das Polizeirevier Heidelberg-Nord leitete die Ermittlungen wegen einer Verkehrsunfallflucht ein.<\/p>\n\n\n\n<h2 class=\"wp-block-heading\">(Heidelberg) &#8211; Unfall auf Br\u00fccke mit ungeahnten Folgen \/ Polizei sucht Zeugen<\/h2>\n\n\n\n<p>Am fr\u00fchen Nachmittag des vergangenen Mittwochs fuhr eine 41-J\u00e4hrige mit einem VW auf der L 598 von Sandhausen in Richtung Kirchheim. Ungef\u00e4hr zur selben Zeit war ein 62-J\u00e4hriger mit seinem BMW in der Gegenrichtung von Kirchheim kommend unterwegs. Gegen 13:45 Uhr bog der Mann auf der Br\u00fccke \u00fcber die B 535 an einer Ampel nach links ab. Nach derzeitigem Ermittlungsstand traf zeitgleich die 41-J\u00e4hrige mit ihrem VW an der dortigen Ampelanlage ein, missachtete das f\u00fcr sie geltende Rotlicht und kollidierte so mit dem gerade abbiegenden BMW. Verletzt wurde durch den Unfall niemand, aber es entstand ein erheblicher Sachschaden, der auf 15.000 Euro gesch\u00e4tzt wird. Beide Autos mussten abgeschleppt werden. Als die 41-J\u00e4hrige von einem Mann von der Unfallstelle abgeholt werden sollte, bemerkte die den Unfall bearbeitende Streife, dass der 68-j\u00e4hrige Mann alkoholisiert war. Ein Atemtest ergab einen Wert von \u00fcber 1,3 Promille. Der 68-J\u00e4hrige musste in der Folge eine Blutprobe und seinen F\u00fchrerschein abgeben. Er wird sich wegen Trunkenheit im Verkehr verantworten m\u00fcssen. Die genauen Hintergr\u00fcnde des eigentlichen Unfalls sind Gegenstand der vom Polizeirevier Heidelberg-S\u00fcd eingeleiteten Ermittlungen.<\/p>\n\n\n\n<ul>\n<li><strong>Zeugen, die sachdienliche Hinweise geben k\u00f6nnen, werden gebeten, sich beim Polizeirevier Heidelberg-S\u00fcd unter der Telefonnummer 06221-34180 zu melden.<\/strong><\/li>\n<\/ul>\n\n\n\n<h2 class=\"wp-block-heading\">(B 535 \/ B 36 &#8211; Gem. Schwetzingen \/ Rhein-Neckar-Kreis) &#8211; Autokran rutscht in Schutzplanke \/ Aufwendige Bergungsarbeiten<\/h2>\n\n\n<div class=\"wp-block-image\">\n<figure class=\"aligncenter size-full\"><img decoding=\"async\" loading=\"lazy\" width=\"800\" height=\"533\" src=\"https:\/\/speyer24news.com\/wp-content\/uploads\/2021\/08\/Polizei-Blaulicht-Nacht.jpg\" alt=\"\" class=\"wp-image-39755\" srcset=\"https:\/\/speyer24news.com\/wp-content\/uploads\/2021\/08\/Polizei-Blaulicht-Nacht.jpg 800w, https:\/\/speyer24news.com\/wp-content\/uploads\/2021\/08\/Polizei-Blaulicht-Nacht-300x200.jpg 300w, https:\/\/speyer24news.com\/wp-content\/uploads\/2021\/08\/Polizei-Blaulicht-Nacht-768x512.jpg 768w\" sizes=\"(max-width: 800px) 100vw, 800px\" \/><\/figure><\/div>\n\n\n<p>Kurz vor 10 Uhr am Donnerstagmorgen rutschte ein 72 Tonnen schwerer Autokran auf der Bundesstra\u00dfe 535\/B36 kurz nach der Anschlussstelle Mannheim\/Schwetzingen in Fahrtrichtung Heidelberg aufgrund nicht angepasster Geschwindigkeit gegen die rechtsseitige Schutzplanke und fuhr sich im angrenzenden Gr\u00fcnstreifen fest.<\/p>\n\n\n\n<p>Da sich die Bergung des Schwerfahrzeugs sehr aufwendig gestaltete, musste ab ca. 12:45 Uhr nicht nur der rechte Fahrstreifen der B 535 in gesperrt werden, sondern die komplette Richtungsfahrbahn Heidelberg. Ebenfalls von der Sperrung betroffen war auch die Abfahrt von der BAB 6 auf die B 535. Erst gegen 20 Uhr konnte der Autokran geborgen werden.<\/p>\n\n\n\n<p>Anschlie\u00dfend wurde das schwere Bergeger\u00e4t abgebaut und noch die Fahrbahn von Schnee und Eis befreit, bevor gegen 21:30 Uhr beide Fahrstreifen der B 535 wieder freigegeben werden konnten. Der entstandene Sachschaden wird auf ca. 15.000 EUR gesch\u00e4tzt.<\/p>\n\n\n\n<h2 class=\"wp-block-heading\">(Sinsheim \/ Rhein-Neckar-Kreis) &#8211; T\u00e4tlicher Angriff auf Gemeindevollzugsbeamten \/ Zeugenaufruf<\/h2>\n\n\n<div class=\"wp-block-image\">\n<figure class=\"aligncenter size-full\"><img decoding=\"async\" loading=\"lazy\" width=\"801\" height=\"600\" src=\"https:\/\/speyer24news.com\/wp-content\/uploads\/2020\/05\/Zeugen-gesucht-Neutral.jpg\" alt=\"\" class=\"wp-image-26598\" srcset=\"https:\/\/speyer24news.com\/wp-content\/uploads\/2020\/05\/Zeugen-gesucht-Neutral.jpg 801w, https:\/\/speyer24news.com\/wp-content\/uploads\/2020\/05\/Zeugen-gesucht-Neutral-300x225.jpg 300w, https:\/\/speyer24news.com\/wp-content\/uploads\/2020\/05\/Zeugen-gesucht-Neutral-768x575.jpg 768w, https:\/\/speyer24news.com\/wp-content\/uploads\/2020\/05\/Zeugen-gesucht-Neutral-678x509.jpg 678w, https:\/\/speyer24news.com\/wp-content\/uploads\/2020\/05\/Zeugen-gesucht-Neutral-326x245.jpg 326w, https:\/\/speyer24news.com\/wp-content\/uploads\/2020\/05\/Zeugen-gesucht-Neutral-80x60.jpg 80w\" sizes=\"(max-width: 801px) 100vw, 801px\" \/><\/figure><\/div>\n\n\n<p>Am Donnerstag um 12:35 Uhr kam es in der Burggasse zu einem Parkversto\u00df, welcher durch einen Mitarbeiter des Gemeindevollzugsdienstes geahndet werden sollte. Der betroffene 30-j\u00e4hrige Verantwortliche des abgestellten Fahrzeuges war jedoch dabei, seine Mittagspause in dem ordnungswidrig abgestellten Fahrzeug zu vollziehen. Der Gemeindevollzugsbeamte wies den 30-J\u00e4hrigen auf sein Fehlverhalten hin und bat ihn, wegzufahren. Dem kam der 30-J\u00e4hrige jedoch nicht nach, weshalb der Gemeindemitarbeiter begann, einen Strafzettel auszuf\u00fcllen. Dem 30-J\u00e4hrigen passte die Arbeitsweise des Vollzugsbeamten offensichtlich nicht. Er stieg aus seinem Fahrzeug aus und stie\u00df den Vollzugsbeamten nach hinten, woraufhin dieser wiederum einen Schritt nach hinten machen musste, um sein Gleichgewicht nicht zu verlieren. Nachdem ein Passant schlichtend eingriff, setzte sich der 30-J\u00e4hrige in sein Fahrzeug und fuhr davon. Das Polizeirevier Sinsheim hat die Ermittlungen eingeleitet. Zeugen die sachdienliche Angaben machen k\u00f6nnen, werden gebeten, sich unter der Tel.-Nr.: 07261\/6900 beim Polizeirevier Sinsheim zu melden.<\/p>\n\n\n\n<h2 class=\"wp-block-heading\">(Neckargem\u00fcnd \/ Rhein-Neckar-Kreis) &#8211; Raub vor Lebensmittelmarkt \/ Zeugen gesucht<\/h2>\n\n\n\n<p>Am Donnerstag, in der Zeit zwischen 20:00 Uhr und 21:35 Uhr, verabredeten sich ein 15-J\u00e4hriger und ein 16-J\u00e4hriger vor einem Lebensmittelmarkt in der G\u00fcterbahnhofstra\u00dfe. Unmittelbar vor dem Eingangsbereich des Einkaufsgesch\u00e4fts erschienen pl\u00f6tzlich zwei bisher unbekannte und maskierte T\u00e4ter, wobei einer der T\u00e4ter den 15-J\u00e4hrigen mit Tritten und Schl\u00e4gen traktierte. Hierdruch wurde der 15-J\u00e4hrige leicht verletzt. W\u00e4hrend dessen entwendete der Unbekannte aus der Hosentasche des 15-J\u00e4hrigen einen Bargeldbetrag im niedrigen dreistelligen Bereich. Der 16-J\u00e4hrige fl\u00fcchtete in den Lebensmittelmarkt, wo er durch den anderen unbekannten T\u00e4ter bis in den Kassenbereich verfolgt wurde. Dort entriss der Unbekannte dem 16-J\u00e4hrigen eine T\u00fcte mit Kleidung. Anschlie\u00dfend fl\u00fcchteten beide T\u00e4ter in Richtung Bahnhof Neckargem\u00fcnd.<\/p>\n\n\n\n<ul>\n<li><strong>Die Kriminalpolizeidirektion Heidelberg hat die Ermittlungen aufgenommen und bittet Zeugen, welche Hinweise zu den beiden T\u00e4tern geben k\u00f6nnen, sich unter der Tel.: 0621\/174-4444 zu melden.<\/strong><\/li>\n<\/ul>\n\n\n\n<h2 class=\"wp-block-heading\">(Hemsbach \/ Rhein-Neckar-Kreis) &#8211; 8.000 Euro Sachschaden nach Kollision zweier Autos<\/h2>\n\n\n\n<p>Am Donnerstag um 15:40 Uhr kam es in der Frankfurter Stra\u00dfe auf der H\u00f6he der Kreuzung zur Gartenstra\u00dfe zu einer Kollision zwischen zwei Autos. Ein 44-J\u00e4hriger befuhr mit seinem Audi die Gartenstra\u00dfe in Richtung Landstra\u00dfe. An der Kreuzung zur Gartenstra\u00dfe missachtete er an der Kreuzung zur Gartenstra\u00dfe die Vorfahrt eines von rechts kommenden 34-J\u00e4hrigen Mercedesfahrer. In der Folge kam es zu einer Kollision der beiden Autos. Verletzt wurde gl\u00fccklicherweise niemand. Der Sachschaden bel\u00e4uft sich sch\u00e4tzungsweise auf 8.000 Euro. Eine Streife des Polizeireviers Weinheim nahm den Unfall auf und veranlasste den Austausch der Personalien der beiden Unfallbeteiligten.<\/p>\n","protected":false},"excerpt":{"rendered":"<div class=\"mh-excerpt\"><p>Polizeimeldungen vom Freitag (19.01.2024) (Speyer) &#8211; Versuchter Einbruch in Keller Im Zeitraum von Mittwoch, 21:30 Uhr bis Donnerstag, 19:50 Uhr verschafften sich unbekannte T\u00e4ter zun\u00e4chst gewaltsam mit einem unbekannten Hebelwerkzeug Zugang zum Hausflur eines Mehrfamilienhauses <a class=\"mh-excerpt-more\" href=\"https:\/\/speyer24news.com\/?p=57546\" title=\"Polizeimeldungen Freitag (19.01.24)\">[&#8230;]<\/a><\/p>\n<\/div>","protected":false},"author":3,"featured_media":26162,"comment_status":"open","ping_status":"open","sticky":false,"template":"","format":"standard","meta":{"_monsterinsights_skip_tracking":false,"_monsterinsights_sitenote_active":false,"_monsterinsights_sitenote_note":"","_monsterinsights_sitenote_category":0,"footnotes":""},"categories":[15659],"tags":[7273,7243,7244,10926,13554,350,14537,15084,15267,14538,15361,702,61,2555,14113,6955,6986,6263,63,105,11150,6987,53,13540,16956,4683,14958,12967,102,13626,213,14325,14324,13553,13541,16955,2625,380],"aioseo_notices":[],"amp_enabled":true,"_links":{"self":[{"href":"https:\/\/speyer24news.com\/index.php?rest_route=\/wp\/v2\/posts\/57546"}],"collection":[{"href":"https:\/\/speyer24news.com\/index.php?rest_route=\/wp\/v2\/posts"}],"about":[{"href":"https:\/\/speyer24news.com\/index.php?rest_route=\/wp\/v2\/types\/post"}],"author":[{"embeddable":true,"href":"https:\/\/speyer24news.com\/index.php?rest_route=\/wp\/v2\/users\/3"}],"replies":[{"embeddable":true,"href":"https:\/\/speyer24news.com\/index.php?rest_route=%2Fwp%2Fv2%2Fcomments&post=57546"}],"version-history":[{"count":3,"href":"https:\/\/speyer24news.com\/index.php?rest_route=\/wp\/v2\/posts\/57546\/revisions"}],"predecessor-version":[{"id":57549,"href":"https:\/\/speyer24news.com\/index.php?rest_route=\/wp\/v2\/posts\/57546\/revisions\/57549"}],"wp:featuredmedia":[{"embeddable":true,"href":"https:\/\/speyer24news.com\/index.php?rest_route=\/wp\/v2\/media\/26162"}],"wp:attachment":[{"href":"https:\/\/speyer24news.com\/index.php?rest_route=%2Fwp%2Fv2%2Fmedia&parent=57546"}],"wp:term":[{"taxonomy":"category","embeddable":true,"href":"https:\/\/speyer24news.com\/index.php?rest_route=%2Fwp%2Fv2%2Fcategories&post=57546"},{"taxonomy":"post_tag","embeddable":true,"href":"https:\/\/speyer24news.com\/index.php?rest_route=%2Fwp%2Fv2%2Ftags&post=57546"}],"curies":[{"name":"wp","href":"https:\/\/api.w.org\/{rel}","templated":true}]}}