{"id":57580,"date":"2024-02-06T18:12:21","date_gmt":"2024-02-06T17:12:21","guid":{"rendered":"https:\/\/speyer24news.com\/?p=57580"},"modified":"2024-02-07T11:48:11","modified_gmt":"2024-02-07T10:48:11","slug":"stadtnotizen-verkehrsnotizen-aus-speyer-98","status":"publish","type":"post","link":"https:\/\/speyer24news.com\/?p=57580","title":{"rendered":"Stadtnotizen &#038; Verkehrsnotizen aus Speyer"},"content":{"rendered":"<style type=\"text\/css\">\r\n\t.ads_top_disp{}\r\n\t.ads_top_corner_disp{ float:left; margin:0px 10px 10px 0px; }\r\n\t.ads_first_p_disp{}\r\n\t.ads_bottom_disp{}\r\n\t<\/style>\n<h1 class=\"wp-block-heading has-text-align-center\">Stadtnotizen<\/h1>\n\n\n<div class=\"wp-block-image\">\n<figure class=\"aligncenter size-full\"><img decoding=\"async\" loading=\"lazy\" width=\"800\" height=\"600\" src=\"https:\/\/speyer24news.com\/wp-content\/uploads\/2020\/01\/Speyer-Stadtnachrichten-2.jpg\" alt=\"\" class=\"wp-image-23901\" srcset=\"https:\/\/speyer24news.com\/wp-content\/uploads\/2020\/01\/Speyer-Stadtnachrichten-2.jpg 800w, https:\/\/speyer24news.com\/wp-content\/uploads\/2020\/01\/Speyer-Stadtnachrichten-2-300x225.jpg 300w, https:\/\/speyer24news.com\/wp-content\/uploads\/2020\/01\/Speyer-Stadtnachrichten-2-768x576.jpg 768w, https:\/\/speyer24news.com\/wp-content\/uploads\/2020\/01\/Speyer-Stadtnachrichten-2-678x509.jpg 678w, https:\/\/speyer24news.com\/wp-content\/uploads\/2020\/01\/Speyer-Stadtnachrichten-2-326x245.jpg 326w, https:\/\/speyer24news.com\/wp-content\/uploads\/2020\/01\/Speyer-Stadtnachrichten-2-80x60.jpg 80w\" sizes=\"(max-width: 800px) 100vw, 800px\" \/><\/figure><\/div>\n\n\n<h2 class=\"wp-block-heading\">Schulungstermine f\u00fcr Projekt Nachbarschaftshilfe im Jahr 2024<\/h2>\n\n\n<div class=\"wp-block-image\">\n<figure class=\"aligncenter size-full\"><img decoding=\"async\" loading=\"lazy\" width=\"800\" height=\"590\" src=\"https:\/\/speyer24news.com\/wp-content\/uploads\/2022\/04\/Nachbarschaftshilfe-Speyer-Logo.jpg\" alt=\"\" class=\"wp-image-45167\" srcset=\"https:\/\/speyer24news.com\/wp-content\/uploads\/2022\/04\/Nachbarschaftshilfe-Speyer-Logo.jpg 800w, https:\/\/speyer24news.com\/wp-content\/uploads\/2022\/04\/Nachbarschaftshilfe-Speyer-Logo-300x221.jpg 300w, https:\/\/speyer24news.com\/wp-content\/uploads\/2022\/04\/Nachbarschaftshilfe-Speyer-Logo-768x566.jpg 768w, https:\/\/speyer24news.com\/wp-content\/uploads\/2022\/04\/Nachbarschaftshilfe-Speyer-Logo-80x60.jpg 80w\" sizes=\"(max-width: 800px) 100vw, 800px\" \/><\/figure><\/div>\n\n\n<p>Ab dem 11. M\u00e4rz beginnt der erste von insgesamt drei Schulungszeitr\u00e4umen im Jahr 2024 f\u00fcr das Ehrenamt der Nachbarschaftshilfe. Inzwischen bringen sich schon \u00fcber 40 Freiwillige f\u00fcr dieses besondere Projekt ein, es werden aber weiterhin noch viele helfende H\u00e4nde gesucht.<\/p>\n\n\n\n<h3 class=\"wp-block-heading\">In diesem Jahr wird die Schulung, die in sechs Module inklusive kostenlosem Erste-Hilfe-Kurs gegliedert ist, dreimal angeboten: <\/h3>\n\n\n\n<ol>\n<li><strong>vom 11. M\u00e4rz bis 8. April<\/strong><\/li>\n\n\n\n<li><strong>vom 4. Juni bis 2. Juli<\/strong><\/li>\n\n\n\n<li><strong>vom 17. September bis 15. Oktober 2024.<\/strong><\/li>\n<\/ol>\n\n\n<div class=\"wp-block-image\">\n<figure class=\"aligncenter size-full\"><img decoding=\"async\" loading=\"lazy\" width=\"800\" height=\"600\" src=\"https:\/\/speyer24news.com\/wp-content\/uploads\/2022\/10\/Nachbarschaftshilfe-Harald-Weber.jpg\" alt=\"\" class=\"wp-image-49863\" srcset=\"https:\/\/speyer24news.com\/wp-content\/uploads\/2022\/10\/Nachbarschaftshilfe-Harald-Weber.jpg 800w, https:\/\/speyer24news.com\/wp-content\/uploads\/2022\/10\/Nachbarschaftshilfe-Harald-Weber-300x225.jpg 300w, https:\/\/speyer24news.com\/wp-content\/uploads\/2022\/10\/Nachbarschaftshilfe-Harald-Weber-768x576.jpg 768w, https:\/\/speyer24news.com\/wp-content\/uploads\/2022\/10\/Nachbarschaftshilfe-Harald-Weber-678x509.jpg 678w, https:\/\/speyer24news.com\/wp-content\/uploads\/2022\/10\/Nachbarschaftshilfe-Harald-Weber-326x245.jpg 326w, https:\/\/speyer24news.com\/wp-content\/uploads\/2022\/10\/Nachbarschaftshilfe-Harald-Weber-80x60.jpg 80w\" sizes=\"(max-width: 800px) 100vw, 800px\" \/><figcaption class=\"wp-element-caption\">Hilfenehmer der Nachbarschaftshilfe beim Messebesuch.<br><em>Foto: \u00a9 Speyer 24 NEWS<\/em><\/figcaption><\/figure><\/div>\n\n\n<h4 class=\"wp-block-heading\">Einf\u00fchrungsveranstaltung<\/h4>\n\n\n\n<p>Montag, 11. M\u00e4rz 15 bis 17.30 Uhr<br>Dienstag, 4. Juni 15 bis 17.30 Uhr<br>Dienstag, 17. September 15 bis 17.30 Uhr<\/p>\n\n\n\n<h4 class=\"wp-block-heading\">Krankheitsbilder<\/h4>\n\n\n\n<p>Dienstag, 19. M\u00e4rz 15 bis 18 Uhr<br>Dienstag, 18. Juni 15 bis 18 Uhr<br>Montag, 23. September 15 bis 18 Uhr<\/p>\n\n\n\n<h4 class=\"wp-block-heading\">Kostenloser Erste-Hilfe-Kurs<\/h4>\n\n\n\n<p>Samstag, 23, M\u00e4rz 9 bis 17 Uhr<br>Samstag, 15. Juni 9 bis 17 Uhr<br>Samstag, 28. September 9 bis 17 Uhr<\/p>\n\n\n\n<h4 class=\"wp-block-heading\">Besch\u00e4ftigungsm\u00f6glichkeiten<\/h4>\n\n\n\n<p>Montag, 25.&nbsp; M\u00e4rz 15 bis 18 Uhr<br>Dienstag, 11. Juni 15 bis 18 Uhr<br>Dienstag, 1. Oktober 15 bis 18 Uhr<\/p>\n\n\n\n<h4 class=\"wp-block-heading\">Kommunikation und Konfliktl\u00f6sung<\/h4>\n\n\n\n<p>Dienstag, 2. April 14 bis 17 Uhr<br>Montag, 24. Juni 14 bis 17 Uhr<br>Montag, 7. Oktober 14 bis 17 Uhr<\/p>\n\n\n\n<h4 class=\"wp-block-heading\">Selbstmanagement und Reflexionskompetenz<\/h4>\n\n\n\n<p>Montag, 8. April 14 bis 17 Uhr<br>Dienstag, 2. Juli 14 bis 17 Uhr<br>Dienstag, 15. Oktober 14 bis 17 Uhr<\/p>\n\n\n<div class=\"wp-block-image\">\n<figure class=\"aligncenter size-full\"><img decoding=\"async\" loading=\"lazy\" width=\"800\" height=\"599\" src=\"https:\/\/speyer24news.com\/wp-content\/uploads\/2024\/02\/Nachbarschaftshilfefest-2023.jpg\" alt=\"\" class=\"wp-image-57581\" srcset=\"https:\/\/speyer24news.com\/wp-content\/uploads\/2024\/02\/Nachbarschaftshilfefest-2023.jpg 800w, https:\/\/speyer24news.com\/wp-content\/uploads\/2024\/02\/Nachbarschaftshilfefest-2023-300x225.jpg 300w, https:\/\/speyer24news.com\/wp-content\/uploads\/2024\/02\/Nachbarschaftshilfefest-2023-768x575.jpg 768w, https:\/\/speyer24news.com\/wp-content\/uploads\/2024\/02\/Nachbarschaftshilfefest-2023-678x509.jpg 678w, https:\/\/speyer24news.com\/wp-content\/uploads\/2024\/02\/Nachbarschaftshilfefest-2023-326x245.jpg 326w, https:\/\/speyer24news.com\/wp-content\/uploads\/2024\/02\/Nachbarschaftshilfefest-2023-80x60.jpg 80w\" sizes=\"(max-width: 800px) 100vw, 800px\" \/><figcaption class=\"wp-element-caption\">Nachbarschaftshilfefest 2023<br><em>Foto: \u00a9 Stadt Speyer<\/em><\/figcaption><\/figure><\/div>\n\n\n<p>Mit dem im Kurs erlernten Wissen k\u00f6nnen die Nachbarschaftshelfenden dann Senior*innen im Alltag unter die Arme greifen: beispielsweise indem sie diese zu Arztbesuchen oder zum Einkaufen begleiten, Gespr\u00e4che f\u00fchren oder Gesellschaftsspiele spielen.<\/p>\n\n\n\n<p>Das Engagement der aktiven Ehrenamtlichen ist gro\u00df und die Hilfe wird von den Senior*innen in Speyer sehr gerne angenommen. Dementsprechend lang ist die Warteliste an \u00e4lteren Menschen, die in ihrem Alltag unterst\u00fctzt werden m\u00f6chten.<\/p>\n\n\n\n<p>Ob Student*in oder Rentner*in, ob deutsch-, franz\u00f6sisch- oder arabischsprachig, ob beruflich eingebunden oder zeitlich flexibel \u2013 jede*r ab 18 Jahren ist willkommen, sich f\u00fcr das Ehrenamt zu melden.<\/p>\n\n\n\n<p>Das Ehrenamt wird mit einer Aufwandsentsch\u00e4digung von 7 Euro pro Stunde honoriert.<\/p>\n\n\n\n<p><strong><em>Umfangreiche Informationen sowie das Anmeldeformular sind auf der Homepage der Stadt Speyer abrufbar:&nbsp;<a href=\"https:\/\/deref-web.de\/mail\/client\/Efy3Gd8GgQA\/dereferrer\/?redirectUrl=http%3A%2F%2Fwww.speyer.de%2Fnachbarschaftshilfe\" target=\"_blank\" rel=\"noreferrer noopener\">www.speyer.de\/nachbarschaftshilfe<\/a>. Telefonisch kann unter 06232 14-2665 Kontakt aufgenommen werden.<\/em><\/strong><\/p>\n\n\n\n<p><em>Text: Stadtverwaltung Speyer Foto: (1) Speyer 24 NEWS; (2) Stadt Speyer<br>06.02.2024<\/em><\/p>\n\n\n\n<h2 class=\"wp-block-heading\">Der neue Vorstand des Jugendstadtrats ist gew\u00e4hlt<\/h2>\n\n\n<div class=\"wp-block-image\">\n<figure class=\"aligncenter size-full\"><img decoding=\"async\" loading=\"lazy\" width=\"800\" height=\"616\" src=\"https:\/\/speyer24news.com\/wp-content\/uploads\/2024\/02\/JSR-Vorstand.jpg\" alt=\"\" class=\"wp-image-57633\" srcset=\"https:\/\/speyer24news.com\/wp-content\/uploads\/2024\/02\/JSR-Vorstand.jpg 800w, https:\/\/speyer24news.com\/wp-content\/uploads\/2024\/02\/JSR-Vorstand-300x231.jpg 300w, https:\/\/speyer24news.com\/wp-content\/uploads\/2024\/02\/JSR-Vorstand-768x591.jpg 768w\" sizes=\"(max-width: 800px) 100vw, 800px\" \/><figcaption class=\"wp-element-caption\"><em>v.l.<\/em>: Niklas Misske, Karina Wicke, Rebeca de Souza Batista.<br><em>Foto: Stadt Speyer<\/em><\/figcaption><\/figure><\/div>\n\n\n<p>In seiner konstituierenden Sitzung am Montag, 5. Februar 2024, hat der Speyerer Jugendstadtrat seinen neuen Vorstand gew\u00e4hlt. Den Vorsitz \u00fcbernimmt Karina Wicke. Ihre beiden Stellvertretenden sind Rebeca de Souza Batista und Niklas Misske. Die Vorsitzenden freuen sich auf ihre Amtszeit und \u00fcber das in sie gesetzte Vertrauen der Mitglieder. Sie hoffen, an die Erfolge der Vergangenheit ankn\u00fcpfen zu k\u00f6nnen, und freuen sich auf eine konstruktive Zusammenarbeit mit der Verwaltung und den politisch Verantwortlichen der Stadt Speyer.<\/p>\n\n\n<div class=\"wp-block-image\">\n<figure class=\"aligncenter size-full\"><img decoding=\"async\" loading=\"lazy\" width=\"800\" height=\"600\" src=\"https:\/\/speyer24news.com\/wp-content\/uploads\/2024\/02\/JSR.jpg\" alt=\"\" class=\"wp-image-57634\" srcset=\"https:\/\/speyer24news.com\/wp-content\/uploads\/2024\/02\/JSR.jpg 800w, https:\/\/speyer24news.com\/wp-content\/uploads\/2024\/02\/JSR-300x225.jpg 300w, https:\/\/speyer24news.com\/wp-content\/uploads\/2024\/02\/JSR-768x576.jpg 768w, https:\/\/speyer24news.com\/wp-content\/uploads\/2024\/02\/JSR-678x509.jpg 678w, https:\/\/speyer24news.com\/wp-content\/uploads\/2024\/02\/JSR-326x245.jpg 326w, https:\/\/speyer24news.com\/wp-content\/uploads\/2024\/02\/JSR-80x60.jpg 80w\" sizes=\"(max-width: 800px) 100vw, 800px\" \/><figcaption class=\"wp-element-caption\">Der vollst\u00e4ndige, neu gew\u00e4hlte Jugendstadtrat (JSR) der Stadt Speyer.<br><em>Foto: Stadt Speyer<\/em><\/figcaption><\/figure><\/div>\n\n\n<p>Der Speyerer Jugendstadtrat befindet sich seit seiner Gr\u00fcndung im Jahr 2009 nunmehr in seiner achten Wahlperiode.<\/p>\n\n\n\n<p><em>Stadtverwaltung Speyer<br>06.02.2024<\/em><\/p>\n\n\n\n<h2 class=\"wp-block-heading\">Festplatz: Parktickets f\u00fcr kostenlose Fahrten mit Linie 561 nutzen<\/h2>\n\n\n<div class=\"wp-block-image\">\n<figure class=\"aligncenter size-full\"><img decoding=\"async\" loading=\"lazy\" width=\"800\" height=\"600\" src=\"https:\/\/speyer24news.com\/wp-content\/uploads\/2022\/10\/Busverkehr-OePNV-Bus-Speyer-Nahverkehr.jpg\" alt=\"\" class=\"wp-image-49868\" srcset=\"https:\/\/speyer24news.com\/wp-content\/uploads\/2022\/10\/Busverkehr-OePNV-Bus-Speyer-Nahverkehr.jpg 800w, https:\/\/speyer24news.com\/wp-content\/uploads\/2022\/10\/Busverkehr-OePNV-Bus-Speyer-Nahverkehr-300x225.jpg 300w, https:\/\/speyer24news.com\/wp-content\/uploads\/2022\/10\/Busverkehr-OePNV-Bus-Speyer-Nahverkehr-768x576.jpg 768w, https:\/\/speyer24news.com\/wp-content\/uploads\/2022\/10\/Busverkehr-OePNV-Bus-Speyer-Nahverkehr-678x509.jpg 678w, https:\/\/speyer24news.com\/wp-content\/uploads\/2022\/10\/Busverkehr-OePNV-Bus-Speyer-Nahverkehr-326x245.jpg 326w, https:\/\/speyer24news.com\/wp-content\/uploads\/2022\/10\/Busverkehr-OePNV-Bus-Speyer-Nahverkehr-80x60.jpg 80w\" sizes=\"(max-width: 800px) 100vw, 800px\" \/><figcaption class=\"wp-element-caption\">\u00d6ffentlicher Personen Nahverkehr (\u00d6PNV) in Speyer<br><em>Foto: \u00a9 Stadt Speyer<\/em><\/figcaption><\/figure><\/div>\n\n\n<p>Entspannt und kostenfrei mit dem Bus vom Festplatz in die City: Ein Angebot der Stadt Speyer in Kooperation mit dem Verkehrsverbund Rhein-Neckar l\u00e4dt alle Besucherinnen und Besucher der Stadt sowie die Speyerinnen und Speyer dazu ein, vom Auto auf den \u00f6ffentlichen Nahverkehr umzusteigen.&nbsp;<\/p>\n\n\n\n<p>Die von der Stadt Speyer ausgegebenen Parkscheine f\u00fcr den Festplatz gelten am aufgedruckten G\u00fcltigkeitstag als Fahrschein und berechtigen eine Person zu beliebig vielen Fahrten mit der Linie 561.<\/p>\n\n\n\n<p>\u201eMit der kostenlosen Nutzung dieser Buslinie m\u00f6chten wir es allen Nutzerinnen und Nutzern des Festplatzes erm\u00f6glichen, schnell und umweltfreundlich ins Herz unserer Stadt zu gelangen\u201c, wirbt Oberb\u00fcrgermeisterin Stefanie Seiler f\u00fcr das&nbsp;Angebot, das zun\u00e4chst <strong>noch bis 31. Dezember 2024<\/strong> gilt. \u201eDamit k\u00f6nnen wir allen, die&nbsp;f\u00fcr ihre t\u00e4glichen Besorgungen auf ein Auto angewiesen sind, eine ad\u00e4quate Parkm\u00f6glichkeit anbieten und gleichzeitig unsere Innenstadt von L\u00e4rm- und Schadstoffemissionen entlasten.\u201c<\/p>\n\n\n\n<p>Die Linie 561 entspricht dem fr\u00fcheren City-Shuttle und wird von Montag bis einschlie\u00dflich Freitag bis 20 Uhr und an Wochenenden bis 18 Uhr im Zehn-Minuten-Takt bedient. Danach verkehrt die Linie von Montag bis einschlie\u00dflich Samstag bis 24 Uhr und an Sonntagen bis 20 Uhr im 20-Minuten-Takt. Sie startet am Hauptbahnhof und ist die einzige Linie, die \u00fcber die Maximilianstra\u00dfe f\u00e4hrt. Auf direktem Weg k\u00f6nnen so vom Hauptbahnhof aus die Fu\u00dfg\u00e4ngerzone, der Dom, das Historische Museum der Pfalz, das Technik Museum Speyer und das Bademaxx angesteuert werden.<\/p>\n\n\n\n<h4 class=\"wp-block-heading\"><em>Weitere Informationen zur Linie 561 und dem gesamten Linienb\u00fcndel Speyer k\u00f6nnen unter&nbsp;<a href=\"https:\/\/deref-web.de\/mail\/client\/8FjD6S_84BM\/dereferrer\/?redirectUrl=http%3A%2F%2Fwww.speyer.de%2Fde%2Fstandort%2Fverkehr%2Foepnv\" target=\"_blank\" rel=\"noreferrer noopener\">www.speyer.de\/de\/standort\/verkehr\/oepnv<\/a>&nbsp;abgerufen werden.<\/em><\/h4>\n\n\n\n<p><em>Stadtverwaltung Speyer<br>06.02.2024<\/em><\/p>\n\n\n\n<h2 class=\"wp-block-heading\">Wahlhelferinnen und Wahlhelfer gesucht<\/h2>\n\n\n<div class=\"wp-block-image\">\n<figure class=\"aligncenter size-full\"><img decoding=\"async\" loading=\"lazy\" width=\"800\" height=\"576\" src=\"https:\/\/speyer24news.com\/wp-content\/uploads\/2022\/05\/Wahlen-Waehlen-Stimmabgabe-Wahlurne-Abstimmung.jpg\" alt=\"\" class=\"wp-image-46117\" srcset=\"https:\/\/speyer24news.com\/wp-content\/uploads\/2022\/05\/Wahlen-Waehlen-Stimmabgabe-Wahlurne-Abstimmung.jpg 800w, https:\/\/speyer24news.com\/wp-content\/uploads\/2022\/05\/Wahlen-Waehlen-Stimmabgabe-Wahlurne-Abstimmung-300x216.jpg 300w, https:\/\/speyer24news.com\/wp-content\/uploads\/2022\/05\/Wahlen-Waehlen-Stimmabgabe-Wahlurne-Abstimmung-768x553.jpg 768w\" sizes=\"(max-width: 800px) 100vw, 800px\" \/><\/figure><\/div>\n\n\n<p>Zur Unterst\u00fctzung der Europa- und Kommunalwahlen sowie der Wahl des Bezirkstags des Bezirksverbands Pfalz sucht die Stadtverwaltung Speyer 576 Wahlhelferinnen und Wahlhelfer f\u00fcr den <strong>Wahlsonntag, 9. Juni 2024.<\/strong><\/p>\n\n\n\n<p>\u201eUm die Wahl reibungslos durchzuf\u00fchren und die vorl\u00e4ufigen Endergebnisse am Wahlabend m\u00f6glichst schnell zu ermitteln, sind wir auf die Unterst\u00fctzung der \u00fcber 500 ehrenamtlichen Wahlhelferinnen und Wahlhelfer angewiesen\u201c, ruft Oberb\u00fcrgermeisterin Stefanie Seiler die B\u00fcrgerschaft zur tatkr\u00e4ftigen Mithilfe auf. \u201eNeben zahlreichen Mitarbeiterinnen und Mitarbeitern der Stadtverwaltung bringen sich jedes Mal auch viele engagierte B\u00fcrgerinnen und B\u00fcrger als Wahlhelferinnen und Wahlhelfer in den insgesamt 59 Wahlvorst\u00e4nden ein und leisten damit einen unverzichtbaren Beitrag zur Demokratie.\u201c<\/p>\n\n\n\n<p>Wer als Wahlhelferin oder Wahlhelfer mitwirken m\u00f6chte, sollte folgende Voraussetzungen erf\u00fcllen: Interessierte m\u00fcssen selbst in Speyer wahlberechtigt, also deutsche Staatsangeh\u00f6rige oder Staatsangeh\u00f6rige eines EU-Mitgliedstaates und mindestens 18 Jahre alt sein, sowie seit mindestens drei Monaten in Speyer ihren Hauptwohnsitz haben beziehungsweise ins W\u00e4hlerverzeichnis eingetragen sein (EU-Staatsangeh\u00f6rige).<\/p>\n\n\n\n<p>In jedem der 44 Urnenstimmbezirke und in den 15 Briefwahlbezirken wird ein eigenst\u00e4ndiger Wahlvorstand eingesetzt, der aus Wahlvorsteherin\/Wahlvorsteher und Stellvertreterin\/Stellvertreter sowie bis zu f\u00fcnf Beisitzerinnen und Beisitzern und einer Schriftf\u00fchrerin\/einem Schriftf\u00fchrer und einer stellvertretenden Schriftf\u00fchrerin\/einem stellvertretenden Schriftf\u00fchrer, also insgesamt aus bis zu&nbsp;neun&nbsp;Personen, besteht. Die Briefwahlvorst\u00e4nde bestehen aus jeweils zw\u00f6lf Personen.<\/p>\n\n\n\n<p>Bei Bedarf werden dem Wahlvorstand dar\u00fcber hinaus Hilfskr\u00e4fte zugewiesen. Der gesamte Wahlvorstand ist f\u00fcr die reibungslose und ordnungsgem\u00e4\u00dfe Durchf\u00fchrung der Wahl im Stimmbezirk und f\u00fcr die Ermittlung und Feststellung der vorl\u00e4ufigen Wahlergebnisse zust\u00e4ndig.<\/p>\n\n\n\n<p>In den Wochen vor der Wahl werden zu unterschiedlichen Tageszeiten Schulungen angeboten, die die Wahlvorsteherinnen und Wahlvorsteher sowie die Schriftf\u00fchrerinnen und Schriftf\u00fchrer ausf\u00fchrlich auf ihre Aufgaben vorbereiten. Die Teilnahme an diesen Schulungen ist freiwillig.<\/p>\n\n\n\n<p>Die Mitglieder eines Wahlvorstandes \u00fcben ihre T\u00e4tigkeit ehrenamtlich aus und erhalten daf\u00fcr ein sogenanntes Erfrischungsgeld in H\u00f6he von 50 Euro.<\/p>\n\n\n\n<h4 class=\"wp-block-heading\"><em>Interessierte B\u00fcrgerinnen und B\u00fcrger, die als Wahlhelferinnen und Wahlhelfer unterst\u00fctzen m\u00f6chten, werden gebeten, sich unter Angabe ihrer pers\u00f6nlichen Daten schriftlich bei der Stadtverwaltung Speyer, Wahlamt, Maximilianstra\u00dfe 100, 67346 Speyer, oder per E-Mail an&nbsp;<a href=\"mailto:wahlen@stadt-speyer.de\" target=\"_blank\" rel=\"noreferrer noopener\">wahlen@stadt-speyer.de<\/a>&nbsp;zu melden. Alternativ ist eine Online-Bewerbung unter&nbsp;<a href=\"https:\/\/deref-web.de\/mail\/client\/f2AsIGSMBhk\/dereferrer\/?redirectUrl=https%3A%2F%2Fwww.speyer.de%2Fde%2Frathaus%2Fwahlen%2Fkommunal-und-europawahlen-2024%2F\" target=\"_blank\" rel=\"noreferrer noopener\">https:\/\/www.speyer.de\/de\/rathaus\/wahlen\/kommunal-und-europawahlen-2024\/<\/a>&nbsp;m\u00f6glich.<\/em><\/h4>\n\n\n\n<p><em>Stadtverwaltung Speyer<br>01.02.2024<\/em><\/p>\n\n\n\n<h2 class=\"wp-block-heading has-text-align-center\">Veranstaltungen des Seniorenb\u00fcro Speyer<\/h2>\n\n\n<div class=\"wp-block-image\">\n<figure class=\"aligncenter size-full\"><img decoding=\"async\" loading=\"lazy\" width=\"800\" height=\"491\" src=\"https:\/\/speyer24news.com\/wp-content\/uploads\/2022\/09\/Seniorenbuero-Speyer-1.jpg\" alt=\"\" class=\"wp-image-49163\" srcset=\"https:\/\/speyer24news.com\/wp-content\/uploads\/2022\/09\/Seniorenbuero-Speyer-1.jpg 800w, https:\/\/speyer24news.com\/wp-content\/uploads\/2022\/09\/Seniorenbuero-Speyer-1-300x184.jpg 300w, https:\/\/speyer24news.com\/wp-content\/uploads\/2022\/09\/Seniorenbuero-Speyer-1-768x471.jpg 768w\" sizes=\"(max-width: 800px) 100vw, 800px\" \/><\/figure><\/div>\n\n\n<h2 class=\"wp-block-heading\">Literaturfreunde: \u201eDie Muschel\u201c von und mit Ulrike Gr\u00f6mling am 9. Februar<\/h2>\n\n\n<div class=\"wp-block-image\">\n<figure class=\"aligncenter size-full\"><img decoding=\"async\" loading=\"lazy\" width=\"800\" height=\"579\" src=\"https:\/\/speyer24news.com\/wp-content\/uploads\/2022\/12\/Literaturfreunde-Seniorenbuero-Speyer.jpg\" alt=\"\" class=\"wp-image-50310\" srcset=\"https:\/\/speyer24news.com\/wp-content\/uploads\/2022\/12\/Literaturfreunde-Seniorenbuero-Speyer.jpg 800w, https:\/\/speyer24news.com\/wp-content\/uploads\/2022\/12\/Literaturfreunde-Seniorenbuero-Speyer-300x217.jpg 300w, https:\/\/speyer24news.com\/wp-content\/uploads\/2022\/12\/Literaturfreunde-Seniorenbuero-Speyer-768x556.jpg 768w\" sizes=\"(max-width: 800px) 100vw, 800px\" \/><\/figure><\/div>\n\n\n<p>Die Speyerer Autorin Ulrike Gr\u00f6mling liest am <strong>Freitag, 9. Februar 2024, 16 Uhr<\/strong>, bei den Literaturfreunden des Seniorenb\u00fcros aus ihrem Buch \u201eDie Muschel\u201c. Sie beschreibt in ihren Kurzgeschichten oft das Besondere im Allt\u00e4glichen und gewann daf\u00fcr 2018 den zweiten Preis beim Wettbewerb des Literarischen Vereins der Pfalz.<\/p>\n\n\n\n<p>Der Literaturkreis trifft sich im Veranstaltungsraum des Seniorenb\u00fcros, Maulbronner Hof 1a. Eine Anmeldung ist nicht erforderlich.<\/p>\n\n\n\n<h2 class=\"wp-block-heading\">Zweite Tagesfahrt am 21. Februar zum Kloster Maulbronn<\/h2>\n\n\n<div class=\"wp-block-image\">\n<figure class=\"aligncenter size-full\"><img decoding=\"async\" loading=\"lazy\" width=\"800\" height=\"600\" src=\"https:\/\/speyer24news.com\/wp-content\/uploads\/2022\/04\/Senioren-Alte-Menschen-Ausflug.jpg\" alt=\"\" class=\"wp-image-45166\" srcset=\"https:\/\/speyer24news.com\/wp-content\/uploads\/2022\/04\/Senioren-Alte-Menschen-Ausflug.jpg 800w, https:\/\/speyer24news.com\/wp-content\/uploads\/2022\/04\/Senioren-Alte-Menschen-Ausflug-300x225.jpg 300w, https:\/\/speyer24news.com\/wp-content\/uploads\/2022\/04\/Senioren-Alte-Menschen-Ausflug-768x576.jpg 768w, https:\/\/speyer24news.com\/wp-content\/uploads\/2022\/04\/Senioren-Alte-Menschen-Ausflug-678x509.jpg 678w, https:\/\/speyer24news.com\/wp-content\/uploads\/2022\/04\/Senioren-Alte-Menschen-Ausflug-326x245.jpg 326w, https:\/\/speyer24news.com\/wp-content\/uploads\/2022\/04\/Senioren-Alte-Menschen-Ausflug-80x60.jpg 80w\" sizes=\"(max-width: 800px) 100vw, 800px\" \/><\/figure><\/div>\n\n\n<p>Die zweite Tagesfahrt des Seniorenb\u00fcros in diesem Jahr f\u00fchrt am Mittwoch, 21. Februar 2024, zum Kloster Maulbronn. Morgens erfahren die Teilnehmenden bei einer F\u00fchrung durch die Steinhauerstube in Schmie alles \u00fcber die Geschichte der Steinhauerkunst im Mittelalter. Danach besteht die M\u00f6glichkeit zu einem gemeinsamen Mittagessen. Nachmittags wird das Kloster Maulbronn mit einer F\u00fchrung erkundet. Im Anschluss daran steht den Teilnehmenden freie Zeit f\u00fcr einen Bummel oder f\u00fcr die Einkehr in ein Caf\u00e9 zur Verf\u00fcgung. Die Tagesfahrt ist nicht f\u00fcr Menschen, die einen Rollator oder einen Rollstuhl nutzen, geeignet.<\/p>\n\n\n\n<p>Interessierte k\u00f6nnen sich am&nbsp;<strong>6. und 7. Februar 2024<\/strong>&nbsp;bis 12 Uhr auf die&nbsp;<strong>Vormerkliste<\/strong>&nbsp;setzen lassen. Das Seniorenb\u00fcro ist telefonisch unter der Nummer 06232-14-2661 (Anrufbeantworter) oder per E-Mail an&nbsp;<a href=\"mailto:seniorenbuero@stadt-speyer.de\" target=\"_blank\" rel=\"noreferrer noopener\">seniorenbuero@stadt-speyer.de<\/a>&nbsp;erreichbar. Die Pl\u00e4tze sind begrenzt.<\/p>\n\n\n\n<p>F\u00fcr die verbindliche Anmeldung und Bezahlung m\u00fcssen die Teilnehmenden am Dienstag, 13. Februar 2024, zwischen 9.30 und 10.30 Uhr im Seniorenb\u00fcro, Maulbronner Hof 1a, vorbeikommen. Der Flyer mit den weiteren Tagesfahrten in der ersten H\u00e4lfte des Jahres 2024 ist ebenfalls im Seniorenb\u00fcro erh\u00e4ltlich.<\/p>\n\n\n\n<p><em>Stadtverwaltung Speyer \/ Seniorenb\u00fcro Speyer<br>31.01.2024<\/em><\/p>\n\n\n\n<h2 class=\"wp-block-heading has-text-align-center\">Veranstaltungen der Volkshochschule Speyer im Februar<\/h2>\n\n\n<div class=\"wp-block-image\">\n<figure class=\"aligncenter size-full\"><img decoding=\"async\" loading=\"lazy\" width=\"667\" height=\"500\" src=\"https:\/\/speyer24news.com\/wp-content\/uploads\/2019\/10\/Villa-Ecarius.jpg\" alt=\"\" class=\"wp-image-20878\" srcset=\"https:\/\/speyer24news.com\/wp-content\/uploads\/2019\/10\/Villa-Ecarius.jpg 667w, https:\/\/speyer24news.com\/wp-content\/uploads\/2019\/10\/Villa-Ecarius-300x225.jpg 300w, https:\/\/speyer24news.com\/wp-content\/uploads\/2019\/10\/Villa-Ecarius-326x245.jpg 326w, https:\/\/speyer24news.com\/wp-content\/uploads\/2019\/10\/Villa-Ecarius-80x60.jpg 80w\" sizes=\"(max-width: 667px) 100vw, 667px\" \/><\/figure><\/div>\n\n\n<p>Die Volkshochschule (VHS) Speyer wartet im Februar wieder mit vielen informativen Veranstaltungen auf. Die folgende \u00dcbersicht stellt einige beispielhafte H\u00f6hepunkte des Programms im n\u00e4chsten Monat vor.<\/p>\n\n\n\n<h2 class=\"wp-block-heading\">Ergr\u00fcndung der inneren Verfasstheit Chinas: Vortrag mit Prof. Dr. Thomas Heberer am 15. Februar<\/h2>\n\n\n\n<p>Ein faszinierender Vortrag mit dem Titel \u201eChinas innere Verfasstheit und innenpolitische Logik\u201c findet am <strong>Donnerstag, 15. Februar 2024<\/strong>, um 19 Uhr im Vortragssaal der Villa Ecarius statt. Prof. Dr. Thomas Heberer, renommierter Seniorprofessor f\u00fcr Politik und Gesellschaft Chinas am Institut f\u00fcr Ostasienwissenschaften der Universit\u00e4t Duisburg-Essen, wird dabei versuchen, das Land und seine innere Entwicklung f\u00fcr die Zuh\u00f6rerschaft anschaulich darzustellen und Vorurteile abzubauen.<\/p>\n\n\n\n<p>China bleibt f\u00fcr Europa oft ein Mysterium, doch der Referent wird mit seiner langj\u00e4hrigen Expertise und Forschung versuchen, Licht in dieses \u201eBuch mit sieben Siegeln\u201c zu bringen. Er wird verschiedene Aspekte beleuchten, darunter die langfristigen Entwicklungsziele Chinas, die Kernprobleme des Landes, die Rolle der Zentralregierung im Vergleich zu lokalen Akteuren und die Bedeutung der \u201eZivilisierung\u201c als Element des Modernisierungsprozesses in China. Als einer der angesehensten Chinaexperten Deutschlands und dar\u00fcber hinaus gilt Prof. Dr. Heberer als herausragender Referent, der sein Publikum mit fundiertem Wissen und einer differenzierten Perspektive beeindruckt.<\/p>\n\n\n\n<h4 class=\"wp-block-heading\"><em>Die Teilnahme an der Veranstaltung ist kostenfrei. Eine Anmeldung unter&nbsp;<a href=\"https:\/\/deref-web.de\/mail\/client\/ohzr0M7jvUA\/dereferrer\/?redirectUrl=http%3A%2F%2Fwww.vhs-speyer.de%2Fvortraege\" target=\"_blank\" rel=\"noreferrer noopener\">www.vhs-speyer.de\/vortraege<\/a>&nbsp;ist erforderlich.<\/em><\/h4>\n\n\n\n<h2 class=\"wp-block-heading\">Lebensr\u00e4ume schaffen: Vortrag mit Petra Moser am 22. Februar<\/h2>\n\n\n\n<p>Bei dem Vortrag \u201eDer Naturgarten \u2013 Lebensr\u00e4ume schaffen und Biodiversit\u00e4t f\u00f6rdern\u201c wird die renommierte Referentin Petra Moser am <strong>Donnerstag, 22. Februar 2024<\/strong>, um 19 Uhr im Weiterbildungszentrum tiefe Einblicke in die Welt der Naturg\u00e4rten gew\u00e4hren.<\/p>\n\n\n\n<p>Der Vortrag ist ein Angebot in Kooperation mit der Bieneninitiative im Rahmen der Kampagne \u201eTausende G\u00e4rten \u2013 Tausende Arten\u201c. Die Teilnehmenden werden ermutigt, der Natur in ihren G\u00e4rten ein Zuhause zu geben, indem sie \u00fcber 40 Prozent der bedrohten Pflanzenarten integrieren. Durch die Verwendung von einheimischen Wildpflanzen und die Schaffung von Funktionsfl\u00e4chen wie B\u00e4nken als Trockenmauern wird der Garten nicht nur zum Erholungsraum f\u00fcr den Menschen, sondern auch zum Lebensraum f\u00fcr eine vielf\u00e4ltige Flora und Fauna.<\/p>\n\n\n\n<p>\u201eWas Naturg\u00e4rten sch\u00f6n macht, ist nicht das Design, sondern, dass wir in ihnen das Leben erleben\u201c, sagt Andreas Winkler, Naturgartenpionier aus der Schweiz. Der Vortrag bietet eine inspirierende Vision f\u00fcr die Gestaltung von Naturg\u00e4rten der Zukunft und l\u00e4dt dazu ein, sich intensiv mit diesem Thema auseinanderzusetzen.<\/p>\n\n\n\n<h4 class=\"wp-block-heading\"><em>Die Teilnahme an der Veranstaltung ist kostenfrei. Um eine Anmeldung unter&nbsp;<a href=\"https:\/\/deref-web.de\/mail\/client\/ohzr0M7jvUA\/dereferrer\/?redirectUrl=http%3A%2F%2Fwww.vhs-speyer.de%2Fvortraege\" target=\"_blank\" rel=\"noreferrer noopener\">www.vhs-speyer.de\/vortraege<\/a>&nbsp;wird gebeten.<\/em><\/h4>\n\n\n\n<h2 class=\"wp-block-heading\">Die faszinierende Welt der Spinnen im Garten entdecken: Vortrag mit Dr. Hubert H\u00f6fer am 27. Februar<\/h2>\n\n\n\n<p>Ein spannender Vortrag mit dem Titel \u201eAchtung Achtbeiner \u2013 Spinnen im Garten\u201c erwartet die Besucherinnen und Besucher am <strong>Dienstag, 27. Februar 2024<\/strong>, um 19 Uhr. Der renommierte Kurator f\u00fcr Spinnentiere des Karlsruher Naturkundemuseums, Dr. Hubert H\u00f6fer, wird die Teilnehmenden in die geheimnisvolle Welt der Spinnen entf\u00fchren und ihre Vielfalt sowie ihre wichtigen Funktionen in \u00d6kosystemen erl\u00e4utern. Dabei wird er darauf hinweisen, dass Spinnen eine entscheidende Rolle im nat\u00fcrlichen Gleichgewicht spielen. Ohne sie w\u00fcrden wir buchst\u00e4blich bis zu den Knien in Insekten stehen, da Spinnen j\u00e4hrlich zwischen 400 und 800 Millionen Tonnen Insekten und andere Kleintiere fressen.<\/p>\n\n\n\n<p>Die kostenfreie Veranstaltung ist Teil der Initiative \u201eTausende G\u00e4rten \u2013 Tausende Arten\u201c und wird in Kooperation mit der Pollichia Kreisgruppe Speyer, der Stadtbibliothek und dem Nachhaltigkeitsmanagement der Stadt Speyer organisiert. Sie findet in der gem\u00fctlichen Leseecke der Stadtbibliothek statt.<\/p>\n\n\n\n<h4 class=\"wp-block-heading\"><em>Da die Teilnehmendenzahl begrenzt ist, wird um eine Anmeldung unter&nbsp;<a href=\"https:\/\/deref-web.de\/mail\/client\/ohzr0M7jvUA\/dereferrer\/?redirectUrl=http%3A%2F%2Fwww.vhs-speyer.de%2Fvortraege\" target=\"_blank\" rel=\"noreferrer noopener\">www.vhs-speyer.de\/vortraege<\/a>&nbsp;gebeten.<\/em><\/h4>\n\n\n\n<h2 class=\"wp-block-heading\">Bewusst einkaufen: Vortrag zum Thema Nachhaltigkeit in der Sportartikelbranche am 29. Februar<\/h2>\n\n\n\n<p>An Sportbegeisterte und Interessierte richtet sich der informative Vortrag \u201eWie fair sind unsere Sportartikel? \u2013 Wie erkenne ich \u00f6kologisch und sozial nachhaltige Produkte?\u201c am <strong>Donnerstag, 29. Februar 2024<\/strong>, um 19 Uhr im Vortragssaal der Villa Ecarius.<\/p>\n\n\n\n<p>Die Veranstaltung, die in Kooperation mit dem Nachhaltigkeitsmanagement der Stadt Speyer und der Speyerer Freiwilligenagentur stattfindet, stellt wichtige Fragen zur Herstellung von Sportartikeln. Ein Gro\u00dfteil unserer Kleidung und Sportartikel wird in Asien produziert, wo Arbeits- und Menschenrechtsverletzungen h\u00e4ufig vorkommen. Trotz globaler Sportregeln gibt es keine einheitlichen Standards f\u00fcr Arbeits- und Umweltschutz. Welche Herausforderungen entstehen dadurch f\u00fcr Mensch und Umwelt? Und wie k\u00f6nnen Sportler*innen und Fans darauf achten, ethisch korrekte Produkte zu erwerben?<\/p>\n\n\n\n<p>Diese und weitere Fragen werden von R. Franz von der Romero Initiative (CIR), Teil der Kampagne f\u00fcr saubere Kleidung (CCC), behandelt. Der Vortrag bietet Einblicke in die Hintergr\u00fcnde der Sportartikelproduktion und zeigt auf, warum es wichtig ist, sich f\u00fcr faire und nachhaltige Produkte zu interessieren.<\/p>\n\n\n\n<h4 class=\"wp-block-heading\"><em>Die Teilnahme an der Veranstaltung ist kostenfrei. Um eine Anmeldung unter&nbsp;<a href=\"https:\/\/deref-web.de\/mail\/client\/ohzr0M7jvUA\/dereferrer\/?redirectUrl=http%3A%2F%2Fwww.vhs-speyer.de%2Fvortraege\" target=\"_blank\" rel=\"noreferrer noopener\">www.vhs-speyer.de\/vortraege<\/a>&nbsp;wird gebeten.<\/em><\/h4>\n\n\n\n<h3 class=\"wp-block-heading\">Das komplette VHS-Programm kann unter&nbsp;<a href=\"https:\/\/deref-web.de\/mail\/client\/B0XjTwx5fcQ\/dereferrer\/?redirectUrl=http%3A%2F%2Fwww.vhs-speyer.de%2Fprogramm\" target=\"_blank\" rel=\"noreferrer noopener\">www.vhs-speyer.de\/programm<\/a>&nbsp;abgerufen werden. Bei Fragen sind die Mitarbeitenden der Volkshochschule Speyer unter der Telefonnummer 06232-14-1360 und per E-Mail an&nbsp;<a href=\"mailto:vhs@stadt-speyer.de\" target=\"_blank\" rel=\"noreferrer noopener\">vhs@stadt-speyer.de<\/a>&nbsp;erreichbar.<\/h3>\n\n\n\n<p><em>Stadtverwaltung Speyer \/ Volkshochschule Speyer<br>31.01.2024<\/em><\/p>\n\n\n\n<h2 class=\"wp-block-heading\">Mario Daum \u00fcbernimmt Leitung der Wirtschaftsf\u00f6rderung<\/h2>\n\n\n<div class=\"wp-block-image\">\n<figure class=\"aligncenter size-full\"><img decoding=\"async\" loading=\"lazy\" width=\"800\" height=\"533\" src=\"https:\/\/speyer24news.com\/wp-content\/uploads\/2024\/02\/Mario_Daum-hohe-Aufloesung_4000px\u00a9-PicturePeople.jpg\" alt=\"\" class=\"wp-image-57582\" srcset=\"https:\/\/speyer24news.com\/wp-content\/uploads\/2024\/02\/Mario_Daum-hohe-Aufloesung_4000px\u00a9-PicturePeople.jpg 800w, https:\/\/speyer24news.com\/wp-content\/uploads\/2024\/02\/Mario_Daum-hohe-Aufloesung_4000px\u00a9-PicturePeople-300x200.jpg 300w, https:\/\/speyer24news.com\/wp-content\/uploads\/2024\/02\/Mario_Daum-hohe-Aufloesung_4000px\u00a9-PicturePeople-768x512.jpg 768w\" sizes=\"(max-width: 800px) 100vw, 800px\" \/><\/figure><\/div>\n\n\n<p>Die Stabsstelle Wirtschaftsf\u00f6rderung, Stadtmarketing und Veranstaltungen der Stadtverwaltung Speyer erh\u00e4lt mit Mario Daum zum 1. Februar 2024 eine neue Leitung. Der 38-J\u00e4hrige vertritt die bisherige Stelleninhaberin Katja Gerwig w\u00e4hrend ihrer Elternzeit.<\/p>\n\n\n\n<p>\u201eMario Daum bringt ein tiefgehendes Verst\u00e4ndnis f\u00fcr wirtschaftspolitische Zusammenh\u00e4nge sowie umf\u00e4ngliche Erfahrungen in der konzeptionellen und strategischen Arbeit im Bereich der Arbeitswelt und des Dienstleistungssektors mit. Mit seinen fachlichen Qualifikationen hat er das Auswahlgremium ebenso \u00fcberzeugt wie mit seiner sympathischen Art und seiner sp\u00fcrbaren Motivation, den Wirtschaftsstandort Speyer in enger Zusammenarbeit mit dem Team der Stabsstelle weiter voranzubringen\u201c, erl\u00e4utert Oberb\u00fcrgermeisterin Stefanie Seiler die Entscheidung.<\/p>\n\n\n\n<p>Mario Daum wurde 1985 in Rastatt geboren, ist heute in W\u00f6rth am Rhein zu Hause und hat sich in den vergangenen Jahren sehr intensiv mit der wirtschaftlichen Entwicklung unterschiedlicher Branchen besch\u00e4ftigt, um die entsprechenden Herausforderungen zu identifizieren. Dabei war es stets sein Ziel, Handlungsans\u00e4tze f\u00fcr die relevanten Akteur*innen zu entwickeln, um aktiv in die Gestaltung einzutreten.<\/p>\n\n\n\n<p>Nach einer dualen Ausbildung zum Versicherungskaufmann studierte Daum Soziologie, Sozialpsychologie und Politikwissenschaft an der Universit\u00e4t Mannheim. Im Anschluss war er unter anderem als wissenschaftlicher Mitarbeiter am Mannheimer Zentrum f\u00fcr Europ\u00e4ische Sozialforschung besch\u00e4ftigt. Zuletzt war Daum als Projektleiter und wissenschaftlicher Mitarbeiter der in Stuttgart ans\u00e4ssigen INPUT Consulting gGmbH f\u00fcr die Durchf\u00fchrung und Leitung anwendungsorientierter Forschungsvorhaben sowie das Einwerben von Drittmitteln auf Bundes- und europ\u00e4ischer Ebene verantwortlich. Ehrenamtlich engagiert sich der verheiratete Vater zweier Kinder beispielsweise seit vielen Jahren als Mitglied und seit 2022 auch als ein Sprecher des Netzwerks Arbeitsforschung Baden-W\u00fcrttemberg, das unter anderem den Dialog zwischen Forschung, Wirtschaft und Politik zum Ziel hat.<\/p>\n\n\n\n<p>Seiner neuen Position an der Spitze der st\u00e4dtischen Wirtschaftsf\u00f6rderung blickt Mario Daum neugierig und motiviert entgegen: \u201eIch freue mich sehr auf die bevorstehenden Aufgaben. Es ist mir ein besonderes Anliegen, als Schnittstelle zwischen den Unternehmen und der Verwaltung sowie Stadtpolitik zu dienen und dabei Anregungen aufzunehmen. Die lokale Wirtschaft steht allgemein vor gro\u00dfen Herausforderungen, die wir als Stadt zusammen bew\u00e4ltigen k\u00f6nnen. Dazu m\u00f6chte ich zeitnah in den direkten Austausch mit den Unternehmer*innen treten, um Speyer gemeinsam mit meinem kompetenten und engagierten Team erfolgreich weiterzuentwickeln.\u201c<\/p>\n\n\n\n<p><em>Text: Stadtverwaltung Speyer <em>Foto: \u00a9 PicturePeople<\/em> <br>29.01.2024<\/em><\/p>\n\n\n\n<h2 class=\"wp-block-heading\">Die Altstadt ruft: Stadt sucht Veranstalter des Altstadtrocks<\/h2>\n\n\n<div class=\"wp-block-image\">\n<figure class=\"aligncenter size-full\"><img decoding=\"async\" loading=\"lazy\" width=\"800\" height=\"532\" src=\"https:\/\/speyer24news.com\/wp-content\/uploads\/2024\/02\/230908Altstadtfest119_\u00a9-Klaus-Venus.jpg\" alt=\"\" class=\"wp-image-57583\" srcset=\"https:\/\/speyer24news.com\/wp-content\/uploads\/2024\/02\/230908Altstadtfest119_\u00a9-Klaus-Venus.jpg 800w, https:\/\/speyer24news.com\/wp-content\/uploads\/2024\/02\/230908Altstadtfest119_\u00a9-Klaus-Venus-300x200.jpg 300w, https:\/\/speyer24news.com\/wp-content\/uploads\/2024\/02\/230908Altstadtfest119_\u00a9-Klaus-Venus-768x511.jpg 768w\" sizes=\"(max-width: 800px) 100vw, 800px\" \/><figcaption class=\"wp-element-caption\">Feiernde Menschen beim Altstadtfest 2023<br><em>Foto: \u00a9 Klaus Venus<\/em><\/figcaption><\/figure><\/div>\n\n\n<p>Am 6. und 7. September 2024 findet das 47. Altstadtfest statt. F\u00fcr einen beliebten Programmpunkt auf der Steinb\u00fchne im Domgarten, den Altstadtrock, sucht die Stadtverwaltung Speyer noch einen Veranstalter.<\/p>\n\n\n\n<p>Interessierte Dienstleister k\u00f6nnen sich ab sofort und bis sp\u00e4testens Dienstag, 30. April 2024, schriftlich bei der Stabsstelle Wirtschaftsf\u00f6rderung, Messen, M\u00e4rkte und Veranstaltungen mit einem Veranstaltungskonzept unter Angabe der vorgesehenen Programmpunkte um die Ausrichtung des diesj\u00e4hrigen Altstadtrocks bewerben. Angeboten werden sollen Speisen und Getr\u00e4nke sowie ein Live-Musikprogramm auf der Steinb\u00fchne an beiden Abenden des Altstadtfestes.<\/p>\n\n\n\n<h4 class=\"wp-block-heading\">Dem Veranstaltungskonzept sind folgende Informationen beizuf\u00fcgen:<\/h4>\n\n\n\n<ol>\n<li><strong>die Firmenbezeichnung, vollst\u00e4ndiger Vor- und Zuname des*der Inhaber*in sowie die st\u00e4ndige Anschrift mit Telefonnummer, Gewerbesitz, Steuernummer und Angaben \u00fcber das zust\u00e4ndige Finanzamt<\/strong><\/li>\n\n\n\n<li><strong>Nachweis einer ausreichenden Haftpflichtversicherung<\/strong><\/li>\n\n\n\n<li><strong>eine Beschreibung der eingeplanten Gesch\u00e4fte, des Waren- und Leistungsangebots (ausf\u00fchrliche Schilderung) sowie aktuelle Fotos aller Aufbauten<\/strong><\/li>\n\n\n\n<li><strong>genaue Angabe \u00fcber Frontl\u00e4nge, Tiefe, H\u00f6he, St\u00fctzen usw. (Bruttoma\u00dfe einschlie\u00dflich Blindfronten und Deichsel); bei gr\u00f6\u00dferen Gesch\u00e4ften au\u00dferdem eine Grundrissskizze<\/strong><\/li>\n\n\n\n<li><strong>Angaben \u00fcber ben\u00f6tigte Wasser- und Abwasseranschl\u00fcsse sowie die erforderlichen Stromanschlusswerte in kW (Licht- und Kraftstrom)<\/strong><\/li>\n<\/ol>\n\n\n\n<p>Die Bewerbungsfrist ist eine Ausschlussfrist. Versp\u00e4tet eingehende oder unvollst\u00e4ndige Bewerbungen k\u00f6nnen nicht ber\u00fccksichtigt werden. Einzureichen sind die Bewerbungen bei der<\/p>\n\n\n\n<ul>\n<li>Stadtverwaltung Speyer<\/li>\n\n\n\n<li>Stabsstelle Wirtschaftsf\u00f6rderung, Stadtmarketing und Veranstaltungen<\/li>\n\n\n\n<li>Messen &amp; M\u00e4rkte<\/li>\n\n\n\n<li>Kleine Pfaffengasse 21<\/li>\n\n\n\n<li>67346 Speyer<\/li>\n<\/ul>\n\n\n\n<p><em>Text: Stadtverwaltung Speyer Foto: \u00a9 Klaus Venus<br>26.01.2024<\/em><\/p>\n\n\n\n<h2 class=\"wp-block-heading\">Neues Veranstaltungsformat in Speyer: Garten- und Pflanzenmarkt auf der Maximilianstra\u00dfe \u2013 Teilnahmeaufruf f\u00fcr interessierte Betriebe<\/h2>\n\n\n<div class=\"wp-block-image\">\n<figure class=\"aligncenter size-full\"><img decoding=\"async\" loading=\"lazy\" width=\"800\" height=\"570\" src=\"https:\/\/speyer24news.com\/wp-content\/uploads\/2022\/04\/Wilhelma-Impro-13.04-20.jpg\" alt=\"\" class=\"wp-image-44537\" srcset=\"https:\/\/speyer24news.com\/wp-content\/uploads\/2022\/04\/Wilhelma-Impro-13.04-20.jpg 800w, https:\/\/speyer24news.com\/wp-content\/uploads\/2022\/04\/Wilhelma-Impro-13.04-20-300x214.jpg 300w, https:\/\/speyer24news.com\/wp-content\/uploads\/2022\/04\/Wilhelma-Impro-13.04-20-768x547.jpg 768w\" sizes=\"(max-width: 800px) 100vw, 800px\" \/><\/figure><\/div>\n\n\n<p>Wenn die ersten warmen Sonnenstrahlen zu sp\u00fcren sind und Fr\u00fchbl\u00fcher ihre K\u00f6pfe aus der Erde strecken, dann hei\u00dft es auch in Speyer: Fr\u00fchlingszeit ist Gartenzeit. Der Saisonbeginn wird in diesem Jahr in Speyer mit einem neuen Veranstaltungsformat geb\u00fchrend eingel\u00e4utet: Von Samstag, 20. April bis Sonntag, 21. April 2024 werden auf der Maximilianstra\u00dfe vielf\u00e4ltige Produkte rund um das Thema Garten und Inspirationen f\u00fcr das eigene gr\u00fcne Paradies angeboten. Interessierte Unternehmer*innen k\u00f6nnen sich f\u00fcr eine Teilnahme an der Veranstaltung <strong>ab sofort und bis einschlie\u00dflich 15. M\u00e4rz 2024<\/strong> bei der Stabsstelle Wirtschaftsf\u00f6rderung, Stadtmarketing und Veranstaltungen, mit einem Veranstaltungskonzept bewerben.<\/p>\n\n\n\n<p>\u201eSpeyer hat ein breitgef\u00e4chertes Angebot an Veranstaltungen, das immer weiter w\u00e4chst. In diesem Jahr wollen wir einen Gartenmarkt ins Leben rufen und Gartenausstellerinnen und -ausstellern die M\u00f6glichkeit geben, ihr reichhaltiges Sortiment zu pr\u00e4sentieren\u201c, gibt Oberb\u00fcrgermeisterin Stefanie Seiler das neue Veranstaltungsformat bekannt.<\/p>\n\n\n\n<p>So sollen im April Blumen, Pflanzen und Kr\u00e4uter aller Art die Speyerer Innenstadt in ein bl\u00fchendes Farbenmeer verwandeln: Von Orchideen, Hortensien und bl\u00fchenden Staudenpflanzen, Obstgeh\u00f6lzen, Seerosen, Sumpf- und Wasserpflanzen bis hin zu Bonsaib\u00e4umen finden Hobbyg\u00e4rtner*innen alles, was das Herz begehrt, um die gew\u00fcnschte Wohlf\u00fchloase f\u00fcr den Sommer zu schaffen. Aber auch Gartentechnik, Outdoor-M\u00f6bel, dekorative Accessoires und viele weitere Highlights sollen ihren Platz finden.<\/p>\n\n\n\n<p>\u201eDer Fokus des Konzepts liegt auf Qualit\u00e4t und soll hiesige ebenso wie \u00fcberregionale G\u00e4rtnereien und Betriebe unterst\u00fctzen. Denn die Beratung vor Ort ist unersetzlich und kann gerade im Bereich Natur und Pflanzen tolle Impulse setzen\u201c, erkl\u00e4rt Oberb\u00fcrgermeisterin Stefanie Seiler und l\u00e4dt Betriebe dazu ein, sich f\u00fcr den Speyerer Garten- und Pflanzenmarkt zu bewerben.<\/p>\n\n\n\n<p>Unternehmer*innen, die Interesse daran haben, an der Veranstaltung mitzuwirken, k\u00f6nnen sich bis einschlie\u00dflich 15. M\u00e4rz 2024 bewerben: per E-Mail an&nbsp;<a href=\"mailto:heidi.jester@stadt-speyer.de\" target=\"_blank\" rel=\"noreferrer noopener\">heidi.jester@stadt-speyer.de<\/a>&nbsp;oder postalisch an Stadtverwaltung Speyer, Heidi Jester, Kleine Pfaffengasse 21, 67346 Speyer. Das Anmeldeformular zum Download sowie weitere Informationen zur Veranstaltung stehen unter&nbsp;<a href=\"https:\/\/deref-web.de\/mail\/client\/rvHzbi9kNCc\/dereferrer\/?redirectUrl=http%3A%2F%2Fwww.speyer.de%2Fde%2Fveranstaltungen%2Fgartenmarkt-2024%2F\" target=\"_blank\" rel=\"noreferrer noopener\">www.speyer.de\/de\/veranstaltungen\/gartenmarkt-2024\/<\/a>&nbsp;zur Verf\u00fcgung.<\/p>\n\n\n\n<p>F\u00fcr Fragen ist Heidi Jester, Abteilung Wirtschaftsf\u00f6rderung, telefonisch unter der Nummer 06232 14-2748 erreichbar.<\/p>\n\n\n\n<p><em>Text: Stadtverwaltung Speyer Foto: \u00a9 <\/em>Speyer 24 NEWS<em><br>25.01.2024<\/em><\/p>\n\n\n\n<h2 class=\"wp-block-heading\">Kiwanis Club spendet f\u00fcr Willkommensangebot der Fr\u00fchen Hilfen<\/h2>\n\n\n<div class=\"wp-block-image\">\n<figure class=\"aligncenter size-full\"><img decoding=\"async\" loading=\"lazy\" width=\"800\" height=\"600\" src=\"https:\/\/speyer24news.com\/wp-content\/uploads\/2024\/02\/fotoschlafsack0419hell.jpg\" alt=\"\" class=\"wp-image-57584\" srcset=\"https:\/\/speyer24news.com\/wp-content\/uploads\/2024\/02\/fotoschlafsack0419hell.jpg 800w, https:\/\/speyer24news.com\/wp-content\/uploads\/2024\/02\/fotoschlafsack0419hell-300x225.jpg 300w, https:\/\/speyer24news.com\/wp-content\/uploads\/2024\/02\/fotoschlafsack0419hell-768x576.jpg 768w, https:\/\/speyer24news.com\/wp-content\/uploads\/2024\/02\/fotoschlafsack0419hell-678x509.jpg 678w, https:\/\/speyer24news.com\/wp-content\/uploads\/2024\/02\/fotoschlafsack0419hell-326x245.jpg 326w, https:\/\/speyer24news.com\/wp-content\/uploads\/2024\/02\/fotoschlafsack0419hell-80x60.jpg 80w\" sizes=\"(max-width: 800px) 100vw, 800px\" \/><\/figure><\/div>\n\n\n<p>Gut gebettet: Dank der Willkommenspakete der Fr\u00fchen Hilfen f\u00fcr Eltern k\u00f6nnen Neugeborene in Speyer besonders gut schlafen. Die Fr\u00fchen Hilfen der Stadtverwaltung Speyer \u00fcberreichen frisch gebackenen Eltern eine Willkommensmappe sowie einen alvi-Schlafsack f\u00fcr ihr Baby. Diese Initiative wird nun mit einer Spende \u00fcber 2.000 Euro von dem Kiwanis Club Speyer unterst\u00fctzt.<\/p>\n\n\n\n<p>\u201eEin Schlafsack ist f\u00fcr S\u00e4uglinge besonders gut geeignet, da so nicht die Gefahr besteht, dass das Kind unter eine Decke rutscht und nicht gen\u00fcgend Luft bekommt\u201c, erkl\u00e4rt B\u00fcrgermeisterin Monika Kabs. \u201eNicht jede Familie kann sich aber einen hochwertigen Schlafsack leisten, weshalb das Angebot der Fr\u00fchen Hilfen eine tolle Unterst\u00fctzung ist\u201c, findet die Sozialdezernentin und dankt dem Verein Kiwanis f\u00fcr die finanzielle F\u00f6rderung.<\/p>\n\n\n\n<p>Die Fr\u00fchen Hilfen sind eine Bundesstiftung und in zahlreichen Kommunen in ganz Deutschland an verschiedene Institutionen angegliedert. Zu den zentralen Aufgaben z\u00e4hlt die niederschwellige und pr\u00e4ventive Betreuung von Schwangeren und Familien mit Kindern von 0 bis 3 Jahren.<\/p>\n\n\n\n<p>Um die Familien besser erreichen zu k\u00f6nnen, werden von der Stadtverwaltung Speyer kostenlose Willkommensbesuche f\u00fcr alle Speyerer Eltern nach der Geburt ihres Kindes angeboten. Dabei erhalten sie Informationen zu den Themen kindliche Entwicklung, lokale Unterst\u00fctzungsangebote und finanzielle Hilfen. Im Willkommenspaket enthalten ist au\u00dferdem ein hochwertiger Schlafsack f\u00fcr das Neugeborene.<\/p>\n\n\n\n<p><em>Text: Stadtverwaltung Speyer Foto: \u00a9 Stadt Speyer, Fr\u00fche Hilfen<\/em>.<em><br>25.01.2024<\/em><\/p>\n\n\n\n<h2 class=\"wp-block-heading\">Neue Geschwindigkeitsdisplays in Speyer im Einsatz<\/h2>\n\n\n<div class=\"wp-block-image\">\n<figure class=\"aligncenter size-full is-resized\"><img decoding=\"async\" loading=\"lazy\" width=\"800\" height=\"604\" src=\"https:\/\/speyer24news.com\/wp-content\/uploads\/2024\/02\/Geschwindigkeitsdisplay_Fritz-Ober-Strasse_\u00a9-Stadt-Speyer.jpg\" alt=\"\" class=\"wp-image-57585\" style=\"aspect-ratio:1.3245033112582782;width:800px;height:auto\" srcset=\"https:\/\/speyer24news.com\/wp-content\/uploads\/2024\/02\/Geschwindigkeitsdisplay_Fritz-Ober-Strasse_\u00a9-Stadt-Speyer.jpg 800w, https:\/\/speyer24news.com\/wp-content\/uploads\/2024\/02\/Geschwindigkeitsdisplay_Fritz-Ober-Strasse_\u00a9-Stadt-Speyer-300x227.jpg 300w, https:\/\/speyer24news.com\/wp-content\/uploads\/2024\/02\/Geschwindigkeitsdisplay_Fritz-Ober-Strasse_\u00a9-Stadt-Speyer-768x580.jpg 768w, https:\/\/speyer24news.com\/wp-content\/uploads\/2024\/02\/Geschwindigkeitsdisplay_Fritz-Ober-Strasse_\u00a9-Stadt-Speyer-326x245.jpg 326w, https:\/\/speyer24news.com\/wp-content\/uploads\/2024\/02\/Geschwindigkeitsdisplay_Fritz-Ober-Strasse_\u00a9-Stadt-Speyer-80x60.jpg 80w\" sizes=\"(max-width: 800px) 100vw, 800px\" \/><figcaption class=\"wp-element-caption\">Eine der vier neuen Geschwindigkeitsanzeigen, hier in der Fritz-Ober-Stra\u00dfe.<br><em>Foto: \u00a9 Stadt Speyer<\/em><\/figcaption><\/figure><\/div>\n\n\n<p>Die Stadtverwaltung Speyer verf\u00fcgt seit Kurzem \u00fcber vier neue Geschwindigkeitsanzeigen. Diese werden zusammen mit zwei bereits vorhandenen Displays an verschiedenen Stellen im Stadtgebiet platziert, bevor sie nach voraussichtlich vier bis sechs Wochen an einen neuen Standort wechseln.<\/p>\n\n\n\n<p>Derzeit befinden sich die Geschwindigkeitsdisplays \u2013 zwei pro Standort und eines pro Fahrtrichtung \u2013 in der Sch\u00fctzenstra\u00dfe, in der Petschengasse und in der Fritz-Ober-Stra\u00dfe vor der Integrierten Gesamtschule. Als weitere Standorte sind die Landwehrstra\u00dfe, die Gilgenstra\u00dfe und im Mausbergweg vor der Salierschule vorgesehen.<\/p>\n\n\n\n<p>\u201eWir versprechen uns durch den regelm\u00e4\u00dfigen Einsatz der Displays, dass die gefahrene Geschwindigkeit und folglich auch die L\u00e4rmbelastung f\u00fcr die Anwohnenden sp\u00fcrbar sinken werden\u201c, erkl\u00e4rt Oberb\u00fcrgermeisterin Stefanie Seiler. \u201eDa sich bei einer geringen Geschwindigkeit der Reaktions- und Bremsweg verk\u00fcrzt, ist davon auszugehen, dass die Sicherheit allgemein zunimmt. Insbesondere f\u00fcr Kinder und \u00e4ltere Menschen steigt die Verkehrssicherheit, da ihnen aufgrund der geringeren Geschwindigkeit der Fahrzeuge mehr Zeit zum Reagieren bleibt und sie sich sicherer durch den \u00f6ffentlichen Raum bewegen k\u00f6nnen.\u201c<\/p>\n\n\n\n<p>Bei Tempo 30 nimmt der Geschwindigkeitsunterschied zwischen Auto und Radfahrenden ab. Dadurch erh\u00f6ht sich zum einen die Sicherheit f\u00fcr die Radfahrenden, zum anderen l\u00e4sst der Zeitvorteil durch Fahrten mit dem Auto nach.<\/p>\n\n\n\n<p>\u201eWir hoffen, dass dadurch auch mehr Menschen dazu animiert werden, das Auto \u00f6fters mal stehen zu lassen und stattdessen aufs Rad zu steigen\u201c, erl\u00e4utert Beigeordnete und Umweltdezernentin Irmgard M\u00fcnch-Weinmann die weiteren Hintergr\u00fcnde. \u201eDies wird sich positiv auf das Klima in unserer Stadt auswirken, da weniger Schadstoffemissionen und L\u00e4rmimmissionen entstehen. Dar\u00fcber hinaus appellieren wir als Stadtverwaltung an alle Verkehrsteilnehmenden, sich an die Geschwindigkeitsbegrenzungen und an die Stra\u00dfenverkehrsordnung zu halten und somit die Stra\u00dfen f\u00fcr alle ein St\u00fcck weit sicherer zu machen.\u201c<\/p>\n\n\n\n<p><em>Text: Stadtverwaltung Speyer Foto: \u00a9 Stadt Speyer<br>25.01.2024<\/em><\/p>\n\n\n\n<h2 class=\"wp-block-heading\">Ein weiteres St\u00fcck Stadtgeschichte: \u00dcbergabe des Protokollhefts der G\u00e4rtnerzunft Speyer von 1829<\/h2>\n\n\n<div class=\"wp-block-image\">\n<figure class=\"aligncenter size-full\"><img decoding=\"async\" loading=\"lazy\" width=\"800\" height=\"533\" src=\"https:\/\/speyer24news.com\/wp-content\/uploads\/2024\/02\/IMG_4003.jpg\" alt=\"\" class=\"wp-image-57586\" srcset=\"https:\/\/speyer24news.com\/wp-content\/uploads\/2024\/02\/IMG_4003.jpg 800w, https:\/\/speyer24news.com\/wp-content\/uploads\/2024\/02\/IMG_4003-300x200.jpg 300w, https:\/\/speyer24news.com\/wp-content\/uploads\/2024\/02\/IMG_4003-768x512.jpg 768w\" sizes=\"(max-width: 800px) 100vw, 800px\" \/><figcaption class=\"wp-element-caption\"><em>v.l.<\/em>: Fritz Hochreither, Theo Germann, B\u00fcrgermeisterin Monika Kabs, Vorsitzender des Verkehrsvereins Speyer Uwe W\u00f6hlert<br><em>Foto: \u00a9 Stadt Speyer<\/em><\/figcaption><\/figure><\/div>\n\n\n<p>Am Dienstag, 23. Januar 2024 wurde das Protokollheft der Speyerer G\u00e4rtnerzunft mit Eintragungen ab 1829 feierlich an das Stadtarchiv Speyer \u00fcbergeben. Drei weitere Schriftst\u00fccke aus Privatbesitz fanden zudem ihren Weg in die fachkundigen H\u00e4nde der st\u00e4dtischen Mitarbeitenden und konnten bei der offiziellen \u00dcbergabe in ihrer Vielf\u00e4ltigkeit betrachtet werden.<\/p>\n\n\n\n<p>\u201eDas Ged\u00e4chtnis unserer Stadt gewinnt durch solche Aufbewahrungen, weshalb sie in ihrer Bedeutung f\u00fcr die Stadtgeschichte unwiederbringlich sind\u201c, erkl\u00e4rte B\u00fcrgermeisterin Monika Kabs und lobte das Engagement der Spender Fritz Hochreither und Theo Germann. \u201eEs braucht Menschen wie Sie, die diese Bedeutung erkennen und daf\u00fcr Sorge tragen, dass sich die vielen B\u00fcrgerinnen und B\u00fcrger unserer Stadt daran erfreuen k\u00f6nnen\u201c, so die Kulturdezernentin, die an dieser Stelle auch dem Verkehrsverein f\u00fcr die Vermittlung ihren Dank aussprach.<\/p>\n\n\n<div class=\"wp-block-image\">\n<figure class=\"aligncenter size-full\"><img decoding=\"async\" loading=\"lazy\" width=\"800\" height=\"533\" src=\"https:\/\/speyer24news.com\/wp-content\/uploads\/2024\/02\/IMG_4005.jpg\" alt=\"\" class=\"wp-image-57587\" srcset=\"https:\/\/speyer24news.com\/wp-content\/uploads\/2024\/02\/IMG_4005.jpg 800w, https:\/\/speyer24news.com\/wp-content\/uploads\/2024\/02\/IMG_4005-300x200.jpg 300w, https:\/\/speyer24news.com\/wp-content\/uploads\/2024\/02\/IMG_4005-768x512.jpg 768w\" sizes=\"(max-width: 800px) 100vw, 800px\" \/><\/figure><\/div>\n\n\n<p>Der aufsehenerregende Fund ergab sich dank der vielf\u00e4ltigen Aktivit\u00e4ten des Verkehrsvereins Speyer und der damit verbundenen \u00d6ffentlichkeitswirkung.<\/p>\n\n\n\n<p>So \u00fcbergab Uwe W\u00f6hlert, Vorsitzender des Verkehrsvereins, im Jahr 2022 dem Stadtarchiv die G\u00e4steb\u00fccher des Museums SchPIRA, dessen Betreuung der Verkehrsverein seit der Gr\u00fcndung \u00fcbernahm.<\/p>\n\n\n\n<p>Im Sommer 2023 konnten sodann die Protokollb\u00fccher des Speyerer Stammtisches die \u201ePfalzgrafen\u201c an das Stadtarchiv \u00fcbergeben werden, nachdem zuvor bereits das Protokollbuch der Speyerer Gastronomen (ab 1946) im Original \u00fcbernommen und als gebundene Kopie an das Stadtarchiv gegangen sind.<\/p>\n\n\n<div class=\"wp-block-image\">\n<figure class=\"aligncenter size-full\"><img decoding=\"async\" loading=\"lazy\" width=\"800\" height=\"534\" src=\"https:\/\/speyer24news.com\/wp-content\/uploads\/2024\/02\/IMG_4002.jpg\" alt=\"\" class=\"wp-image-57588\" srcset=\"https:\/\/speyer24news.com\/wp-content\/uploads\/2024\/02\/IMG_4002.jpg 800w, https:\/\/speyer24news.com\/wp-content\/uploads\/2024\/02\/IMG_4002-300x200.jpg 300w, https:\/\/speyer24news.com\/wp-content\/uploads\/2024\/02\/IMG_4002-768x513.jpg 768w\" sizes=\"(max-width: 800px) 100vw, 800px\" \/><\/figure><\/div>\n\n\n<p>Dies veranlasste Fritz Hochreither und Theo Germann zur \u00dcbergabe des Protokollhefts der G\u00e4rtnerzunft Speyer ab 1829 sowie der Rechnung an die Restauration zum Bayrischen Hof von 1877 von Philipp Setzer, dem Auszug aus dem Protokollbuch des Verwaltungsausschusses des B\u00fcrgerhospitals Speyers vom Oktober 1926 und des Kassenbuchs des Volks-Chors Speyer 1949\u20131954 an das Stadtarchiv Speyer.<\/p>\n\n\n\n<p>\u201eViele Schriftst\u00fccke m\u00f6gen auf den ersten Blick vielleicht unbedeutend erscheinen, k\u00f6nnen die Sammlungen des Stadtarchivs wom\u00f6glich aber ungemein bereichern und uns unsere Stadt noch ein St\u00fcck n\u00e4her bringen\u201c, appelliert Monika Kabs, historische Fotografien, Briefe oder Alben nicht achtlos zu entsorgen. \u201eDie reiche Stadtgeschichte Speyers weist noch L\u00fccken auf, auch in der j\u00fcngeren Vergangenheit, und wartet nur darauf, dass diese geschlossen werden.\u201c<\/p>\n\n\n\n<p><em>Text: Stadtverwaltung Speyer Foto: \u00a9 Stadt Speyer<br>26.01.2024<\/em><\/p>\n\n\n\n<h1 class=\"wp-block-heading has-text-align-center\">Verkehrsnotizen<\/h1>\n\n\n<div class=\"wp-block-image\">\n<figure class=\"aligncenter\"><img decoding=\"async\" loading=\"lazy\" width=\"800\" height=\"565\" src=\"https:\/\/speyer24news.com\/wp-content\/uploads\/2020\/01\/Baustelle-2.jpg\" alt=\"\" class=\"wp-image-23900\" srcset=\"https:\/\/speyer24news.com\/wp-content\/uploads\/2020\/01\/Baustelle-2.jpg 800w, https:\/\/speyer24news.com\/wp-content\/uploads\/2020\/01\/Baustelle-2-300x212.jpg 300w, https:\/\/speyer24news.com\/wp-content\/uploads\/2020\/01\/Baustelle-2-768x542.jpg 768w\" sizes=\"(max-width: 800px) 100vw, 800px\" \/><\/figure><\/div>\n\n\n<h2 class=\"wp-block-heading\"><strong>NEU: <\/strong>Spaldinger Stra\u00dfe und Rinkenbergerweg voll gesperrt<\/h2>\n\n\n\n<p>Aufgrund von Baumpflegema\u00dfnahmen wird die Spaldinger Stra\u00dfe zwischen Holunderweg und Birkenweg <strong>am Mittwoch, 14. Februar 2024, und am Donnerstag, 15. Februar 2024, jeweils von 7 bis 17 Uhr<\/strong> voll gesperrt. Au\u00dferdem wird der Rinkenbergerweg in zwei Abschnitten zwischen der L 454 und Kurzer Gewann <strong>am Donnerstag, 15. Februar 2024, von 7 bis 17 Uhr<\/strong> voll gesperrt. Entsprechende Umleitungen werden eingerichtet.<\/p>\n\n\n\n<p>F\u00fcr R\u00fcckfragen steht die Stra\u00dfenverkehrsbeh\u00f6rde unter der Rufnummer 06232-14-2938 zur Verf\u00fcgung.<\/p>\n\n\n\n<p><em>Stadtverwaltung Speyer<br>06.02.2024<\/em><\/p>\n\n\n\n<h2 class=\"wp-block-heading\">Hirschgraben in Fahrtrichtung Bahnhofstra\u00dfe gesperrt<\/h2>\n\n\n\n<p>Aufgrund eines Wasserrohrbruchs in der Bahnhofstra\u00dfe wird die Stra\u00dfe am Hirschgraben in Fahrtrichtung Bahnhofstra\u00dfe <strong>ab Montag, 29. Januar 2024, bis voraussichtlich Freitag, 9. Februar 2024<\/strong>, f\u00fcr den Verkehr voll gesperrt.<\/p>\n\n\n\n<p>Die Stra\u00dfe wird einseitig als Sackgasse ausgewiesen. Der Durchgang f\u00fcr Menschen, die zu Fu\u00df oder mit dem Fahrrad unterwegs sind, ist weiterhin m\u00f6glich. Mit Blick auf die Lage des Baufeldes muss zus\u00e4tzlich der Linksabbieger von der Bahnhofstra\u00dfe in die Stra\u00dfe am Hirschgraben gesperrt werden. Eine Umleitung \u00fcber die Prinz-Luitpold-Stra\u00dfe und Wormser Landstra\u00dfe wird eingerichtet.<\/p>\n\n\n\n<p>F\u00fcr R\u00fcckfragen steht die Stra\u00dfenverkehrsbeh\u00f6rde unter der Rufnummer 06232-14-2938 zur Verf\u00fcgung.<\/p>\n\n\n\n<p><em>Stadtverwaltung Speyer<br>26.01.2024<\/em><\/p>\n\n\n\n<h2 class=\"wp-block-heading\">Hilgardstra\u00dfe voll gesperrt<\/h2>\n\n\n\n<p>Wegen Arbeiten im Auftrag der Entsorgungsbetriebe und Stadtwerke Speyer wird die Hilgardstra\u00dfe zwischen der Neufferstra\u00dfe und Am Drachenturm&nbsp;<strong>ab Montag, 29. Januar 2024, bis voraussichtlich Freitag, 19. April 2024<\/strong>, f\u00fcr den Verkehr vollst\u00e4ndig gesperrt und beidseitig als Sackgasse ausgewiesen. Eine Umleitung wird eingerichtet.<\/p>\n\n\n\n<p>F\u00fcr R\u00fcckfragen steht die Stra\u00dfenverkehrsbeh\u00f6rde unter der Telefonnummer 06232-14-2938 zur Verf\u00fcgung.<\/p>\n\n\n\n<p><em>Stadtverwaltung Speyer<br>17.01.2024<\/em><\/p>\n\n\n\n<h2 class=\"wp-block-heading\">Carl-Goerdeler-Stra\u00dfe gesperrt<\/h2>\n\n\n\n<p>Aufgrund von Kanalarbeiten im Auftrag der Entsorgungsbetriebe Speyer wird die Carl-Goerdeler-Stra\u00dfe auf H\u00f6he der Hausnummern 4\u201312&nbsp;<strong>seit Montag, 8. Januar bis voraussichtlich 28. M\u00e4rz 2024<\/strong>&nbsp;f\u00fcr den Verkehr voll gesperrt.<\/p>\n\n\n\n<p>Die Stra\u00dfe wird beidseitig als Sackgasse ausgewiesen. Der Durchgang f\u00fcr Zufu\u00dfgehende ist weiterhin m\u00f6glich.<\/p>\n\n\n\n<p>F\u00fcr R\u00fcckfragen steht die Stra\u00dfenverkehrsbeh\u00f6rde unter der Rufnummer 14-2938 zur Verf\u00fcgung.<\/p>\n\n\n\n<p><em>Stadtverwaltung Speyer<br>08.01.2024<\/em><\/p>\n\n\n\n<h2 class=\"wp-block-heading\">Geibstra\u00dfe halbseitig gesperrt<\/h2>\n\n\n\n<p>Aufgrund von Arbeiten im Auftrag der Stadtwerke Speyer wird die Geibstra\u00dfe<strong>&nbsp;vom 8. Januar bis voraussichtlich 1. M\u00e4rz 2024<\/strong>&nbsp;auf H\u00f6he der Br\u00fccke B39 in Fahrtrichtung S\u00fcden gesperrt und eine Einbahnstra\u00dfe eingerichtet.<\/p>\n\n\n\n<p>Der Verkehr aus Richtung Norden, Hafenstra\u00dfe, wird \u00fcber die Klipfelsau umgeleitet.<\/p>\n\n\n\n<p>F\u00fcr R\u00fcckfragen steht die Stra\u00dfenverkehrsbeh\u00f6rde unter der Telefonnummer 14-2938 zur Verf\u00fcgung.<\/p>\n\n\n\n<p><em>Stadtverwaltung Speyer<br>21.12.2023<\/em><\/p>\n\n\n\n<h2 class=\"wp-block-heading\">Ge\u00e4nderte Verkehrsf\u00fchrung am Bahn\u00fcbergang Sch\u00fctzenstra\u00dfe nach Modernisierung durch die Deutsche Bahn<\/h2>\n\n\n\n<p>Wie am 13. Juli 2022 im gemeinsamen Verkehrsausschuss und Ausschuss f\u00fcr Stadtentwicklung, Bauen und Konversion mitgeteilt wurde, m\u00fcssen im Zuge der Modernisierung des Bahn\u00fcbergangs Sch\u00fctzenstra\u00dfe die derzeit bundesweit g\u00fcltigen Sicherheitsanforderungen umgesetzt werden. Hierbei gilt es, das Risiko eines R\u00fcckstaus auf den Gleisen auszuschlie\u00dfen.<\/p>\n\n\n\n<p>Hierzu bestehen gem\u00e4\u00df Planungen der Deutschen Bahn zwei M\u00f6glichkeiten: Ein sogenanntes vorgeschaltetes Lichtzeichen oder ein Verbot des Linksabbiegens mittels Verkehrszeichen. Wie sich im Verlauf der Modernisierungsarbeiten herausstellte, konnte die Deutsche Bahn das urspr\u00fcnglich bevorzugte vorgeschaltete Lichtzeichen nicht wie geplant bis zur Wiederinbetriebnahme des Bahn\u00fcbergangs installieren, da der Mast des vorgeschalteten Lichtzeichens aufgrund von Konflikten mit vorhandenen unterirdischen Leitungen nicht im \u00f6ffentlichen Stra\u00dfenraum platziert werden konnte. Bis eine L\u00f6sung zur Platzierung des Masts gefunden ist, muss demnach die Alternativvariante umgesetzt werden.<\/p>\n\n\n\n<p>Daher ist ab sofort ein Linksabbiegen von der Sch\u00fctzenstra\u00dfe in die Hasenstra\u00dfe nicht mehr zul\u00e4ssig. Die Zufahrt zum Oberk\u00e4mmerer-Gebiet erfolgt von S\u00fcden \u00fcber die Holzstra\u00dfe und die Br\u00fccke \u00fcber den Gie\u00dfh\u00fcbelbach oder \u00fcber den Bahn\u00fcbergang Alte Schwegenheimer Stra\u00dfe.<\/p>\n\n\n\n<p>Die Stadt Speyer bittet im Namen der Deutschen Bahn die Verkehrsteilnehmenden und Anwohnenden um Verst\u00e4ndnis f\u00fcr die Beeintr\u00e4chtigungen.<\/p>\n\n\n\n<p><em>Stadtverwaltung Speyer<br>02.09.2022<\/em><\/p>\n\n\n\n<h2 class=\"wp-block-heading\">Baustellen\u00fcbersicht der Stadt Speyer<\/h2>\n\n\n<div class=\"wp-block-image\">\n<figure class=\"aligncenter\"><img decoding=\"async\" loading=\"lazy\" width=\"800\" height=\"384\" src=\"https:\/\/speyer24news.com\/wp-content\/uploads\/2022\/03\/Baustelle-Speyer-Facebook.jpg\" alt=\"\" class=\"wp-image-43610\" srcset=\"https:\/\/speyer24news.com\/wp-content\/uploads\/2022\/03\/Baustelle-Speyer-Facebook.jpg 800w, https:\/\/speyer24news.com\/wp-content\/uploads\/2022\/03\/Baustelle-Speyer-Facebook-300x144.jpg 300w, https:\/\/speyer24news.com\/wp-content\/uploads\/2022\/03\/Baustelle-Speyer-Facebook-768x369.jpg 768w\" sizes=\"(max-width: 800px) 100vw, 800px\" \/><\/figure><\/div>\n\n\n<p>Ab sofort stellt die Stadt Speyer eine neue Baustellenliste zur Verf\u00fcgung, die die bisherige Kommunikation von laufenden und kommenden Baustellen erweitert und b\u00fcrgerfreundlicher gestaltet.<\/p>\n\n\n\n<p>Die bisher zur Verf\u00fcgung gestellte Liste \u201eAlle Baustellen\u201c f\u00fchrt alle Baustellen, die sich innerhalb des Speyerer Stadtgebiets befinden, stichpunktartig auf. Diese technische Liste gibt auch einen \u00dcberblick \u00fcber die betroffenen Sparten wie Strom, Gas, oder Wasser.<\/p>\n\n\n\n<p>Die nun neu hinzugekommene Liste \u201eWichtigste Baustellen\u201c beinhaltet Baustellen, von denen ein bedeutender Teil der Verkehrsteilnehmenden in Speyer signifikant betroffen ist, beispielsweise wegen ihrer lange Dauer und\/oder weil wichtige Stra\u00dfen im Netz betroffen sind. Es werden zus\u00e4tzlich zu den Baustellen im Speyerer Stadtgebiet auch wichtige Baustellen in der n\u00e4heren Umgebung aufgef\u00fchrt, beispielsweise auf der B9 und B39. Dar\u00fcber hinaus soll auch der in den Jahren 2023 und 2024 geplante Verkehrsversuch zum Postplatz Eingang in diese Auflistung finden. Neben dem voraussichtlichen Zeitraum und der Ursache werden auch die Umleitungen f\u00fcr die verschiedenen Verkehrsarten und bei Bedarf erg\u00e4nzende Informationen dargestellt. Am Ende der Liste findet sich ferner eine \u00dcbersicht zu m\u00f6glichen Ansprechpartner*innen.<\/p>\n\n\n\n<p>Die neue Baustellenliste ist chronologisch sortiert, sodass die B\u00fcrger*innen auf den ersten Blick neu hinzukommende Baustellen erkennen und f\u00fcr ihre n\u00e4chste Fahrt ber\u00fccksichtigen k\u00f6nnen \u2013 ohne frustriert erst an der Baustellenabsperrung wenden m\u00fcssen. Zeit- und nervenschonend f\u00fcr die B\u00fcrgerschaft \u2013 aber auch gut f\u00fcr die Umwelt, da unn\u00f6tiger Verkehr vermieden wird.<\/p>\n\n\n\n<p>Die \u00dcbersicht \u00fcber die Baustellensituation wird immer freitags aktualisiert und ist unter&nbsp;<a href=\"http:\/\/www.speyer.de\/baustellen\"><strong>www.speyer.de\/baustellen<\/strong><\/a>&nbsp;im NEWS-TICKER zu finden.<br>Des Weiteren gibt es auf der Baustellenseite der Stadt Speyer wie gewohnt detaillierte Informationen zu laufenden und kommenden Gro\u00dfbaustellen.<\/p>\n\n\n\n<p><em>Stadtverwaltung Speyer<br>18.03.2022<\/em><a href=\"https:\/\/speyer24news.com\/?p=57459&amp;fbclid=IwAR1ZjcsXWg__8CSGtibiruL48aSNJ0paCAWG7iY5MgGuKoOg5ZMwDEt5E2A#\"><\/a><\/p>\n","protected":false},"excerpt":{"rendered":"<div class=\"mh-excerpt\"><p>Stadtnotizen Schulungstermine f\u00fcr Projekt Nachbarschaftshilfe im Jahr 2024 Ab dem 11. M\u00e4rz beginnt der erste von insgesamt drei Schulungszeitr\u00e4umen im Jahr 2024 f\u00fcr das Ehrenamt der Nachbarschaftshilfe. Inzwischen bringen sich schon \u00fcber 40 Freiwillige f\u00fcr <a class=\"mh-excerpt-more\" href=\"https:\/\/speyer24news.com\/?p=57580\" title=\"Stadtnotizen &#038; Verkehrsnotizen aus Speyer\">[&#8230;]<\/a><\/p>\n<\/div>","protected":false},"author":3,"featured_media":46477,"comment_status":"open","ping_status":"open","sticky":false,"template":"","format":"standard","meta":{"_monsterinsights_skip_tracking":false,"_monsterinsights_sitenote_active":false,"_monsterinsights_sitenote_note":"","_monsterinsights_sitenote_category":0,"footnotes":""},"categories":[47],"tags":[17285,2912,17286,15920,17284,15307,16764,13163,14555,13640,17170,17291,17292,17289,17287,17293,6430,4810,12336,1416,652,1476,17290,15582,12703,15395,12704,17288,17294,7737,5874,6,657,14546,1296,15524,658,1114,786,513,3132,1285,9868,17282,17283,3284],"aioseo_notices":[],"amp_enabled":true,"_links":{"self":[{"href":"https:\/\/speyer24news.com\/index.php?rest_route=\/wp\/v2\/posts\/57580"}],"collection":[{"href":"https:\/\/speyer24news.com\/index.php?rest_route=\/wp\/v2\/posts"}],"about":[{"href":"https:\/\/speyer24news.com\/index.php?rest_route=\/wp\/v2\/types\/post"}],"author":[{"embeddable":true,"href":"https:\/\/speyer24news.com\/index.php?rest_route=\/wp\/v2\/users\/3"}],"replies":[{"embeddable":true,"href":"https:\/\/speyer24news.com\/index.php?rest_route=%2Fwp%2Fv2%2Fcomments&post=57580"}],"version-history":[{"count":4,"href":"https:\/\/speyer24news.com\/index.php?rest_route=\/wp\/v2\/posts\/57580\/revisions"}],"predecessor-version":[{"id":57640,"href":"https:\/\/speyer24news.com\/index.php?rest_route=\/wp\/v2\/posts\/57580\/revisions\/57640"}],"wp:featuredmedia":[{"embeddable":true,"href":"https:\/\/speyer24news.com\/index.php?rest_route=\/wp\/v2\/media\/46477"}],"wp:attachment":[{"href":"https:\/\/speyer24news.com\/index.php?rest_route=%2Fwp%2Fv2%2Fmedia&parent=57580"}],"wp:term":[{"taxonomy":"category","embeddable":true,"href":"https:\/\/speyer24news.com\/index.php?rest_route=%2Fwp%2Fv2%2Fcategories&post=57580"},{"taxonomy":"post_tag","embeddable":true,"href":"https:\/\/speyer24news.com\/index.php?rest_route=%2Fwp%2Fv2%2Ftags&post=57580"}],"curies":[{"name":"wp","href":"https:\/\/api.w.org\/{rel}","templated":true}]}}