{"id":57637,"date":"2024-02-07T11:51:32","date_gmt":"2024-02-07T10:51:32","guid":{"rendered":"https:\/\/speyer24news.com\/?p=57637"},"modified":"2024-02-07T11:54:33","modified_gmt":"2024-02-07T10:54:33","slug":"stadt-verkehrsnotizen-speyer","status":"publish","type":"post","link":"https:\/\/speyer24news.com\/?p=57637","title":{"rendered":"Stadtnotizen &#038; Verkehrsnotizen Speyer"},"content":{"rendered":"<style type=\"text\/css\">\r\n\t.ads_top_disp{}\r\n\t.ads_top_corner_disp{ float:left; margin:0px 10px 10px 0px; }\r\n\t.ads_first_p_disp{}\r\n\t.ads_bottom_disp{}\r\n\t<\/style><div class=\"wp-block-image\">\n<figure class=\"aligncenter size-full\"><img decoding=\"async\" loading=\"lazy\" width=\"800\" height=\"600\" src=\"https:\/\/speyer24news.com\/wp-content\/uploads\/2020\/01\/Speyer-Stadtnachrichten-2.jpg\" alt=\"\" class=\"wp-image-23901\" srcset=\"https:\/\/speyer24news.com\/wp-content\/uploads\/2020\/01\/Speyer-Stadtnachrichten-2.jpg 800w, https:\/\/speyer24news.com\/wp-content\/uploads\/2020\/01\/Speyer-Stadtnachrichten-2-300x225.jpg 300w, https:\/\/speyer24news.com\/wp-content\/uploads\/2020\/01\/Speyer-Stadtnachrichten-2-768x576.jpg 768w, https:\/\/speyer24news.com\/wp-content\/uploads\/2020\/01\/Speyer-Stadtnachrichten-2-678x509.jpg 678w, https:\/\/speyer24news.com\/wp-content\/uploads\/2020\/01\/Speyer-Stadtnachrichten-2-326x245.jpg 326w, https:\/\/speyer24news.com\/wp-content\/uploads\/2020\/01\/Speyer-Stadtnachrichten-2-80x60.jpg 80w\" sizes=\"(max-width: 800px) 100vw, 800px\" \/><\/figure><\/div>\n\n\n<h2 class=\"wp-block-heading\">Gewinner*innen des Wellensiek-Video-Preises 2020 bis 2022 gek\u00fcrt<\/h2>\n\n\n<div class=\"wp-block-image\">\n<figure class=\"aligncenter size-full\"><img decoding=\"async\" loading=\"lazy\" width=\"800\" height=\"510\" src=\"https:\/\/speyer24news.com\/wp-content\/uploads\/2024\/02\/Wellensiek_Video_Preis-2_\u00a9-Offener-Kanal-Speyer.jpg\" alt=\"\" class=\"wp-image-57638\" srcset=\"https:\/\/speyer24news.com\/wp-content\/uploads\/2024\/02\/Wellensiek_Video_Preis-2_\u00a9-Offener-Kanal-Speyer.jpg 800w, https:\/\/speyer24news.com\/wp-content\/uploads\/2024\/02\/Wellensiek_Video_Preis-2_\u00a9-Offener-Kanal-Speyer-300x191.jpg 300w, https:\/\/speyer24news.com\/wp-content\/uploads\/2024\/02\/Wellensiek_Video_Preis-2_\u00a9-Offener-Kanal-Speyer-768x490.jpg 768w\" sizes=\"(max-width: 800px) 100vw, 800px\" \/><\/figure><\/div>\n\n\n<p>Die drei Gewinner*innen des renommierten Wellensiek-Video-Preises wurden bei der Verleihung am Dienstag, 6. Februar 2024, im Media:Tor geb\u00fchrend gefeiert. Der Preis, initiiert von T\u00f6ns Wellensiek, zeichnet herausragende Filmprojekte mit Bezug zu Speyer aus und f\u00f6rdert damit lokale K\u00fcnstler*innen, Medienmacher*innen und Kreativschaffende.<\/p>\n\n\n\n<p>Am Dienstagabend wurden die Beitr\u00e4ge der Jahre 2020 bis 2022 pr\u00e4miert. Aufgrund der Corona-Pandemie konnte die Auszeichnung nun mit ein wenig Verzug stattfinden. Eine Jury, bestehend aus B\u00fcrgermeisterin und Kulturdezernentin Monika Kabs, Tanja Binder, der Leiterin des Fachbereichs Kultur, Tourismus, Bildung und Sport der Stadtverwaltung Speyer, und Ludwig Asal, dem Beauftragten der Medienanstalt Rheinland-Pfalz, hat die Gewinner*innen ausgew\u00e4hlt.<\/p>\n\n\n\n<p>Den mit 1000 Euro dotierten ersten Platz belegten Victoria Kretzler und Team f\u00fcr ihren Beitrag \u201eVertreibung aus dem Paradies\u201c, eine tiefgreifende Darstellung des Konflikts zwischen Anwohnerwohlbefinden und Livemusik im Paradiesgarten beim Altstadtfest. Martin Kuznetsov erreichte mit \u201eWith | Out | You\u201c, einem einf\u00fchlsamen Kurzfilm \u00fcber das Thema des Loslassens, den zweiten Platz (dotiert mit 900 Euro). Dritte wurde Friederike Pohsner mit \u201eJungesSpeyer\u201c, einer aufschlussreichen Dokumentation \u00fcber verschiedene Angebote f\u00fcr junge Menschen in Speyer. Sie erhielt daf\u00fcr ein Preisgeld in H\u00f6he von 800 Euro.<\/p>\n\n\n<div class=\"wp-block-image\">\n<figure class=\"aligncenter size-full\"><img decoding=\"async\" loading=\"lazy\" width=\"800\" height=\"525\" src=\"https:\/\/speyer24news.com\/wp-content\/uploads\/2024\/02\/Wellensiek_Video_Preis-1_\u00a9-Offener-Kanal-Speyer.jpg\" alt=\"\" class=\"wp-image-57639\" srcset=\"https:\/\/speyer24news.com\/wp-content\/uploads\/2024\/02\/Wellensiek_Video_Preis-1_\u00a9-Offener-Kanal-Speyer.jpg 800w, https:\/\/speyer24news.com\/wp-content\/uploads\/2024\/02\/Wellensiek_Video_Preis-1_\u00a9-Offener-Kanal-Speyer-300x197.jpg 300w, https:\/\/speyer24news.com\/wp-content\/uploads\/2024\/02\/Wellensiek_Video_Preis-1_\u00a9-Offener-Kanal-Speyer-768x504.jpg 768w\" sizes=\"(max-width: 800px) 100vw, 800px\" \/><figcaption class=\"wp-element-caption\"><em>v.l.<\/em>: Rainer Bach, Martin Kuznetsov und David Schneider (2. Platz), Victoria Kretzler und Anton Kramer (1. Platz), (auf dem Bildschirm) Gabriele Kimmle und Friederike Pohsner (3. Platz), Gudrun Wellensiek, B\u00fcrgermeisterin Monika Kabs, Tanja Binder<br><em>Foto: \u00a9 Offener Kanal Speyer<\/em><\/figcaption><\/figure><\/div>\n\n\n<p>\u201eDie inhaltliche Bandbreite und die gelungene visuelle Umsetzung der eingereichten Beitr\u00e4ge haben uns sehr beeindruckt und uns die Entscheidung nicht leicht gemacht\u201c, res\u00fcmiert B\u00fcrgermeisterin Monika Kabs und spricht der T\u00f6ns-Wellensiek-Stiftung ihren Dank f\u00fcr die zur Verf\u00fcgung gestellten, gro\u00dfz\u00fcgigen Preisgelder aus. \u201eWir sind \u00fcberzeugt, dass wir mit den Siegerbeitr\u00e4gen drei Filme ausgew\u00e4hlt haben, die uns einen frischen Blick auf vertraute Orte in unserer Stadt beziehungsweise auf ein die Zeit \u00fcberdauerndes Thema erlauben und somit nicht nur f\u00fcr Speyerinnen und Speyerer, sondern f\u00fcr alle Filmbegeisterten sehenswert sind.\u201c<\/p>\n\n\n\n<p>Die von Rainer Bach moderierte und von Judith Schweizer an der Violine begleitete Preisverleihung wurde aufgezeichnet und kann am Donnerstag, 8. Februar 2024, um 18 Uhr im Offenen Kanal Speyer im Kabelfernsehen und auf dem YouTube-Kanal des Senders angeschaut werden.<\/p>\n\n\n\n<h4 class=\"wp-block-heading\">\u00dcber die T\u00f6ns-Wellensiek-Stiftung<\/h4>\n\n\n\n<p>Die T\u00f6ns-Wellensiek-Stiftung engagiert sich seit 2008 f\u00fcr die F\u00f6rderung kultureller Projekte in Speyer. Mit der Vergabe des Wellensiek-Video-Preises unterst\u00fctzt sie aktiv die lokale Filmkunst und bietet Kreativen eine Plattform, um ihre Arbeiten einem breiteren Publikum zu pr\u00e4sentieren. Die T\u00f6ns-Wellensiek-Stiftung, seit 2017 unter dem Dach der Kulturstiftung Speyer, f\u00f6rdert Kunst und Kultur in Speyer und der ganzen Pfalz.<\/p>\n\n\n\n<h3 class=\"wp-block-heading\">\u00dcber den Offenen Kanal Speyer<\/h3>\n\n\n\n<p>Der Offene Kanal Speyer ist eine Plattform f\u00fcr lokale Medienproduktionen und bietet B\u00fcrgerinnen und B\u00fcrgern die M\u00f6glichkeit, eigene Sendungen zu produzieren und auszustrahlen. Er steht f\u00fcr die Vielf\u00e4ltigkeit der Stadt, Kreativit\u00e4t und die F\u00f6rderung von Medienkompetenz.<\/p>\n\n\n\n<p><em>Text: Stadtverwaltung Speyer <em>Foto: \u00a9 Offener Kanal Speyer<\/em><br>07.02.2024<\/em><\/p>\n\n\n\n<h2 class=\"wp-block-heading has-text-align-center\">Verkehrsnotizen<\/h2>\n\n\n<div class=\"wp-block-image\">\n<figure class=\"aligncenter size-full\"><img decoding=\"async\" loading=\"lazy\" width=\"800\" height=\"565\" src=\"https:\/\/speyer24news.com\/wp-content\/uploads\/2020\/01\/Baustelle-2.jpg\" alt=\"\" class=\"wp-image-23900\" srcset=\"https:\/\/speyer24news.com\/wp-content\/uploads\/2020\/01\/Baustelle-2.jpg 800w, https:\/\/speyer24news.com\/wp-content\/uploads\/2020\/01\/Baustelle-2-300x212.jpg 300w, https:\/\/speyer24news.com\/wp-content\/uploads\/2020\/01\/Baustelle-2-768x542.jpg 768w\" sizes=\"(max-width: 800px) 100vw, 800px\" \/><\/figure><\/div>\n\n\n<h2 class=\"wp-block-heading\"><strong>NEU: <\/strong>Rietburgstra\u00dfe gesperrt<\/h2>\n\n\n\n<p>Zwecks Aufstellung einer Betonpumpe zum Gie\u00dfen einer Bodenplatte wird die Rietburgstra\u00dfe auf H\u00f6he der Hausnummer 5 <strong>am Dienstag, 13. Februar 2024 von 13 bis 16 Uhr<\/strong> f\u00fcr den Verkehr voll gesperrt.<\/p>\n\n\n\n<p>Der Durchgang f\u00fcr Zufu\u00dfgehende ist weiterhin m\u00f6glich.<\/p>\n\n\n\n<p>F\u00fcr R\u00fcckfragen steht die Stra\u00dfenverkehrsbeh\u00f6rde unter der Rufnummer 14-2938 zur Verf\u00fcgung.<\/p>\n\n\n\n<p><em>Stadtverwaltung Speyer<br>07.02.2024<\/em><\/p>\n\n\n\n<h2 class=\"wp-block-heading\">Spaldinger Stra\u00dfe und Rinkenbergerweg voll gesperrt<\/h2>\n\n\n\n<p>Aufgrund von Baumpflegema\u00dfnahmen wird die Spaldinger Stra\u00dfe zwischen Holunderweg und Birkenweg&nbsp;<strong>am Mittwoch, 14. Februar 2024, und am Donnerstag, 15. Februar 2024, jeweils von 7 bis 17 Uhr<\/strong>&nbsp;voll gesperrt. Au\u00dferdem wird der Rinkenbergerweg in zwei Abschnitten zwischen der L 454 und Kurzer Gewann&nbsp;<strong>am Donnerstag, 15. Februar 2024, von 7 bis 17 Uhr<\/strong>&nbsp;voll gesperrt. Entsprechende Umleitungen werden eingerichtet.<\/p>\n\n\n\n<p>F\u00fcr R\u00fcckfragen steht die Stra\u00dfenverkehrsbeh\u00f6rde unter der Rufnummer 06232-14-2938 zur Verf\u00fcgung.<\/p>\n\n\n\n<p><em>Stadtverwaltung Speyer<br>06.02.2024<\/em><\/p>\n\n\n\n<h2 class=\"wp-block-heading\">Hirschgraben in Fahrtrichtung Bahnhofstra\u00dfe gesperrt<\/h2>\n\n\n\n<p>Aufgrund eines Wasserrohrbruchs in der Bahnhofstra\u00dfe wird die Stra\u00dfe am Hirschgraben in Fahrtrichtung Bahnhofstra\u00dfe&nbsp;<strong>ab Montag, 29. Januar 2024, bis voraussichtlich Freitag, 9. Februar 2024<\/strong>, f\u00fcr den Verkehr voll gesperrt.<\/p>\n\n\n\n<p>Die Stra\u00dfe wird einseitig als Sackgasse ausgewiesen. Der Durchgang f\u00fcr Menschen, die zu Fu\u00df oder mit dem Fahrrad unterwegs sind, ist weiterhin m\u00f6glich. Mit Blick auf die Lage des Baufeldes muss zus\u00e4tzlich der Linksabbieger von der Bahnhofstra\u00dfe in die Stra\u00dfe am Hirschgraben gesperrt werden. Eine Umleitung \u00fcber die Prinz-Luitpold-Stra\u00dfe und Wormser Landstra\u00dfe wird eingerichtet.<\/p>\n\n\n\n<p>F\u00fcr R\u00fcckfragen steht die Stra\u00dfenverkehrsbeh\u00f6rde unter der Rufnummer 06232-14-2938 zur Verf\u00fcgung.<\/p>\n\n\n\n<p><em>Stadtverwaltung Speyer<br>26.01.2024<\/em><\/p>\n\n\n\n<h2 class=\"wp-block-heading\">Hilgardstra\u00dfe voll gesperrt<\/h2>\n\n\n\n<p>Wegen Arbeiten im Auftrag der Entsorgungsbetriebe und Stadtwerke Speyer wird die Hilgardstra\u00dfe zwischen der Neufferstra\u00dfe und Am Drachenturm&nbsp;<strong>ab Montag, 29. Januar 2024, bis voraussichtlich Freitag, 19. April 2024<\/strong>, f\u00fcr den Verkehr vollst\u00e4ndig gesperrt und beidseitig als Sackgasse ausgewiesen. Eine Umleitung wird eingerichtet.<\/p>\n\n\n\n<p>F\u00fcr R\u00fcckfragen steht die Stra\u00dfenverkehrsbeh\u00f6rde unter der Telefonnummer 06232-14-2938 zur Verf\u00fcgung.<\/p>\n\n\n\n<p><em>Stadtverwaltung Speyer<br>17.01.2024<\/em><\/p>\n\n\n\n<h2 class=\"wp-block-heading\">Carl-Goerdeler-Stra\u00dfe gesperrt<\/h2>\n\n\n\n<p>Aufgrund von Kanalarbeiten im Auftrag der Entsorgungsbetriebe Speyer wird die Carl-Goerdeler-Stra\u00dfe auf H\u00f6he der Hausnummern 4\u201312&nbsp;<strong>seit Montag, 8. Januar bis voraussichtlich 28. M\u00e4rz 2024<\/strong>&nbsp;f\u00fcr den Verkehr voll gesperrt.<\/p>\n\n\n\n<p>Die Stra\u00dfe wird beidseitig als Sackgasse ausgewiesen. Der Durchgang f\u00fcr Zufu\u00dfgehende ist weiterhin m\u00f6glich.<\/p>\n\n\n\n<p>F\u00fcr R\u00fcckfragen steht die Stra\u00dfenverkehrsbeh\u00f6rde unter der Rufnummer 14-2938 zur Verf\u00fcgung.<\/p>\n\n\n\n<p><em>Stadtverwaltung Speyer<br>08.01.2024<\/em><\/p>\n\n\n\n<h2 class=\"wp-block-heading\">Geibstra\u00dfe halbseitig gesperrt<\/h2>\n\n\n\n<p>Aufgrund von Arbeiten im Auftrag der Stadtwerke Speyer wird die Geibstra\u00dfe<strong>&nbsp;vom 8. Januar bis voraussichtlich 1. M\u00e4rz 2024<\/strong>&nbsp;auf H\u00f6he der Br\u00fccke B39 in Fahrtrichtung S\u00fcden gesperrt und eine Einbahnstra\u00dfe eingerichtet.<\/p>\n\n\n\n<p>Der Verkehr aus Richtung Norden, Hafenstra\u00dfe, wird \u00fcber die Klipfelsau umgeleitet.<\/p>\n\n\n\n<p>F\u00fcr R\u00fcckfragen steht die Stra\u00dfenverkehrsbeh\u00f6rde unter der Telefonnummer 14-2938 zur Verf\u00fcgung.<\/p>\n\n\n\n<p><em>Stadtverwaltung Speyer<br>21.12.2023<\/em><\/p>\n\n\n\n<h2 class=\"wp-block-heading\">Ge\u00e4nderte Verkehrsf\u00fchrung am Bahn\u00fcbergang Sch\u00fctzenstra\u00dfe nach Modernisierung durch die Deutsche Bahn<\/h2>\n\n\n\n<p>Wie am 13. Juli 2022 im gemeinsamen Verkehrsausschuss und Ausschuss f\u00fcr Stadtentwicklung, Bauen und Konversion mitgeteilt wurde, m\u00fcssen im Zuge der Modernisierung des Bahn\u00fcbergangs Sch\u00fctzenstra\u00dfe die derzeit bundesweit g\u00fcltigen Sicherheitsanforderungen umgesetzt werden. Hierbei gilt es, das Risiko eines R\u00fcckstaus auf den Gleisen auszuschlie\u00dfen.<\/p>\n\n\n\n<p>Hierzu bestehen gem\u00e4\u00df Planungen der Deutschen Bahn zwei M\u00f6glichkeiten: Ein sogenanntes vorgeschaltetes Lichtzeichen oder ein Verbot des Linksabbiegens mittels Verkehrszeichen. Wie sich im Verlauf der Modernisierungsarbeiten herausstellte, konnte die Deutsche Bahn das urspr\u00fcnglich bevorzugte vorgeschaltete Lichtzeichen nicht wie geplant bis zur Wiederinbetriebnahme des Bahn\u00fcbergangs installieren, da der Mast des vorgeschalteten Lichtzeichens aufgrund von Konflikten mit vorhandenen unterirdischen Leitungen nicht im \u00f6ffentlichen Stra\u00dfenraum platziert werden konnte. Bis eine L\u00f6sung zur Platzierung des Masts gefunden ist, muss demnach die Alternativvariante umgesetzt werden.<\/p>\n\n\n\n<p>Daher ist ab sofort ein Linksabbiegen von der Sch\u00fctzenstra\u00dfe in die Hasenstra\u00dfe nicht mehr zul\u00e4ssig. Die Zufahrt zum Oberk\u00e4mmerer-Gebiet erfolgt von S\u00fcden \u00fcber die Holzstra\u00dfe und die Br\u00fccke \u00fcber den Gie\u00dfh\u00fcbelbach oder \u00fcber den Bahn\u00fcbergang Alte Schwegenheimer Stra\u00dfe.<\/p>\n\n\n\n<p>Die Stadt Speyer bittet im Namen der Deutschen Bahn die Verkehrsteilnehmenden und Anwohnenden um Verst\u00e4ndnis f\u00fcr die Beeintr\u00e4chtigungen.<\/p>\n\n\n\n<p><em>Stadtverwaltung Speyer<br>02.09.2022<\/em><\/p>\n\n\n\n<h2 class=\"wp-block-heading\">Baustellen\u00fcbersicht der Stadt Speyer<\/h2>\n\n\n<div class=\"wp-block-image\">\n<figure class=\"aligncenter\"><img decoding=\"async\" loading=\"lazy\" width=\"800\" height=\"384\" src=\"https:\/\/speyer24news.com\/wp-content\/uploads\/2022\/03\/Baustelle-Speyer-Facebook.jpg\" alt=\"\" class=\"wp-image-43610\" srcset=\"https:\/\/speyer24news.com\/wp-content\/uploads\/2022\/03\/Baustelle-Speyer-Facebook.jpg 800w, https:\/\/speyer24news.com\/wp-content\/uploads\/2022\/03\/Baustelle-Speyer-Facebook-300x144.jpg 300w, https:\/\/speyer24news.com\/wp-content\/uploads\/2022\/03\/Baustelle-Speyer-Facebook-768x369.jpg 768w\" sizes=\"(max-width: 800px) 100vw, 800px\" \/><\/figure><\/div>\n\n\n<p>Ab sofort stellt die Stadt Speyer eine neue Baustellenliste zur Verf\u00fcgung, die die bisherige Kommunikation von laufenden und kommenden Baustellen erweitert und b\u00fcrgerfreundlicher gestaltet.<\/p>\n\n\n\n<p>Die bisher zur Verf\u00fcgung gestellte Liste \u201eAlle Baustellen\u201c f\u00fchrt alle Baustellen, die sich innerhalb des Speyerer Stadtgebiets befinden, stichpunktartig auf. Diese technische Liste gibt auch einen \u00dcberblick \u00fcber die betroffenen Sparten wie Strom, Gas, oder Wasser.<\/p>\n\n\n\n<p>Die nun neu hinzugekommene Liste \u201eWichtigste Baustellen\u201c beinhaltet Baustellen, von denen ein bedeutender Teil der Verkehrsteilnehmenden in Speyer signifikant betroffen ist, beispielsweise wegen ihrer lange Dauer und\/oder weil wichtige Stra\u00dfen im Netz betroffen sind. Es werden zus\u00e4tzlich zu den Baustellen im Speyerer Stadtgebiet auch wichtige Baustellen in der n\u00e4heren Umgebung aufgef\u00fchrt, beispielsweise auf der B9 und B39. Dar\u00fcber hinaus soll auch der in den Jahren 2023 und 2024 geplante Verkehrsversuch zum Postplatz Eingang in diese Auflistung finden. Neben dem voraussichtlichen Zeitraum und der Ursache werden auch die Umleitungen f\u00fcr die verschiedenen Verkehrsarten und bei Bedarf erg\u00e4nzende Informationen dargestellt. Am Ende der Liste findet sich ferner eine \u00dcbersicht zu m\u00f6glichen Ansprechpartner*innen.<\/p>\n\n\n\n<p>Die neue Baustellenliste ist chronologisch sortiert, sodass die B\u00fcrger*innen auf den ersten Blick neu hinzukommende Baustellen erkennen und f\u00fcr ihre n\u00e4chste Fahrt ber\u00fccksichtigen k\u00f6nnen \u2013 ohne frustriert erst an der Baustellenabsperrung wenden m\u00fcssen. Zeit- und nervenschonend f\u00fcr die B\u00fcrgerschaft \u2013 aber auch gut f\u00fcr die Umwelt, da unn\u00f6tiger Verkehr vermieden wird.<\/p>\n\n\n\n<p>Die \u00dcbersicht \u00fcber die Baustellensituation wird immer freitags aktualisiert und ist unter&nbsp;<a href=\"http:\/\/www.speyer.de\/baustellen\"><strong>www.speyer.de\/baustellen<\/strong><\/a>&nbsp;im NEWS-TICKER zu finden.<br>Des Weiteren gibt es auf der Baustellenseite der Stadt Speyer wie gewohnt detaillierte Informationen zu laufenden und kommenden Gro\u00dfbaustellen.<\/p>\n\n\n\n<p><em>Stadtverwaltung Speyer<br>18.03.2022<\/em><\/p>\n","protected":false},"excerpt":{"rendered":"<div class=\"mh-excerpt\"><p>Gewinner*innen des Wellensiek-Video-Preises 2020 bis 2022 gek\u00fcrt Die drei Gewinner*innen des renommierten Wellensiek-Video-Preises wurden bei der Verleihung am Dienstag, 6. Februar 2024, im Media:Tor geb\u00fchrend gefeiert. Der Preis, initiiert von T\u00f6ns Wellensiek, zeichnet herausragende Filmprojekte <a class=\"mh-excerpt-more\" href=\"https:\/\/speyer24news.com\/?p=57637\" title=\"Stadtnotizen &#038; Verkehrsnotizen Speyer\">[&#8230;]<\/a><\/p>\n<\/div>","protected":false},"author":3,"featured_media":46477,"comment_status":"open","ping_status":"open","sticky":false,"template":"","format":"standard","meta":{"_monsterinsights_skip_tracking":false,"_monsterinsights_sitenote_active":false,"_monsterinsights_sitenote_note":"","_monsterinsights_sitenote_category":0,"footnotes":""},"categories":[47],"tags":[15307,16764,13163,14555,13640,15429,17170,6430,4810,12336,17321,8393,17322,17325,17294,5874,6,13124,657,14546,1296,17323,17324,9617,9636,658,17319,17320],"aioseo_notices":[],"amp_enabled":true,"_links":{"self":[{"href":"https:\/\/speyer24news.com\/index.php?rest_route=\/wp\/v2\/posts\/57637"}],"collection":[{"href":"https:\/\/speyer24news.com\/index.php?rest_route=\/wp\/v2\/posts"}],"about":[{"href":"https:\/\/speyer24news.com\/index.php?rest_route=\/wp\/v2\/types\/post"}],"author":[{"embeddable":true,"href":"https:\/\/speyer24news.com\/index.php?rest_route=\/wp\/v2\/users\/3"}],"replies":[{"embeddable":true,"href":"https:\/\/speyer24news.com\/index.php?rest_route=%2Fwp%2Fv2%2Fcomments&post=57637"}],"version-history":[{"count":2,"href":"https:\/\/speyer24news.com\/index.php?rest_route=\/wp\/v2\/posts\/57637\/revisions"}],"predecessor-version":[{"id":57642,"href":"https:\/\/speyer24news.com\/index.php?rest_route=\/wp\/v2\/posts\/57637\/revisions\/57642"}],"wp:featuredmedia":[{"embeddable":true,"href":"https:\/\/speyer24news.com\/index.php?rest_route=\/wp\/v2\/media\/46477"}],"wp:attachment":[{"href":"https:\/\/speyer24news.com\/index.php?rest_route=%2Fwp%2Fv2%2Fmedia&parent=57637"}],"wp:term":[{"taxonomy":"category","embeddable":true,"href":"https:\/\/speyer24news.com\/index.php?rest_route=%2Fwp%2Fv2%2Fcategories&post=57637"},{"taxonomy":"post_tag","embeddable":true,"href":"https:\/\/speyer24news.com\/index.php?rest_route=%2Fwp%2Fv2%2Ftags&post=57637"}],"curies":[{"name":"wp","href":"https:\/\/api.w.org\/{rel}","templated":true}]}}