{"id":57656,"date":"2024-02-08T18:28:14","date_gmt":"2024-02-08T17:28:14","guid":{"rendered":"https:\/\/speyer24news.com\/?p=57656"},"modified":"2024-02-08T18:28:16","modified_gmt":"2024-02-08T17:28:16","slug":"radarfallen-blitzer-geschwindigkeitsmessung-fuer-die-kw-07-12-02-18-02-2024","status":"publish","type":"post","link":"https:\/\/speyer24news.com\/?p=57656","title":{"rendered":"Radarfallen \/ Blitzer \/ Geschwindigkeitsmessung f\u00fcr die KW 07 (12.02. \u2013 18.02.2024)"},"content":{"rendered":"<style type=\"text\/css\">\r\n\t.ads_top_disp{}\r\n\t.ads_top_corner_disp{ float:left; margin:0px 10px 10px 0px; }\r\n\t.ads_first_p_disp{}\r\n\t.ads_bottom_disp{}\r\n\t<\/style>\n<h2 class=\"wp-block-heading\"><strong>(Mannheim) \u2013\u00a0<\/strong>Geschwindigkeitskontrollen f\u00fcr die Woche vom 12. bis 16. Februar<\/h2>\n\n\n<div class=\"wp-block-image\">\n<figure class=\"aligncenter\"><img decoding=\"async\" loading=\"lazy\" width=\"640\" height=\"497\" src=\"https:\/\/speyer24news.com\/wp-content\/uploads\/2020\/12\/Blitzer-2.jpg\" alt=\"\" class=\"wp-image-31937\" srcset=\"https:\/\/speyer24news.com\/wp-content\/uploads\/2020\/12\/Blitzer-2.jpg 640w, https:\/\/speyer24news.com\/wp-content\/uploads\/2020\/12\/Blitzer-2-300x233.jpg 300w\" sizes=\"(max-width: 640px) 100vw, 640px\" \/><\/figure><\/div>\n\n\n<h3 class=\"wp-block-heading\">Die Stadt Mannheim f\u00fchrt  in folgenden Stra\u00dfen mobile Geschwindigkeitskontrollen durch:<\/h3>\n\n\n\n<ul>\n<li><strong>Friedrich-Ebert-Stra\u00dfe<\/strong><\/li>\n\n\n\n<li><strong>K\u00e4fertaler Stra\u00dfe<\/strong><\/li>\n\n\n\n<li><strong>Kloppenheimer Stra\u00dfe<\/strong><\/li>\n\n\n\n<li><strong>Mallaustra\u00dfe<\/strong><\/li>\n\n\n\n<li><strong>Mutterstadter Platz (Rheinauschule)<\/strong><\/li>\n\n\n\n<li><strong>Osterburker Stra\u00dfe<\/strong><\/li>\n\n\n\n<li><strong>Relaisstra\u00dfe<\/strong><\/li>\n\n\n\n<li><strong>Rheinauer Ring<\/strong><\/li>\n\n\n\n<li><strong>R\u00f6merstra\u00dfe (Wallstadtschule)<\/strong><\/li>\n\n\n\n<li><strong>Turley Stra\u00dfe<\/strong><\/li>\n\n\n\n<li><strong>Winterstra\u00dfe (Pfingstbergschule)<\/strong><\/li>\n\n\n\n<li><strong>Zum Herrenried (K\u00e4the-Kollwitz-Schule)<\/strong><\/li>\n<\/ul>\n\n\n\n<p>Kurzfristige \u00c4nderungen oder zus\u00e4tzliche Messstellen sind aus aktuellem Anlass m\u00f6glich.<\/p>\n\n\n\n<p><em>Stadt Mannheim<br>08.02.2024<\/em><\/p>\n\n\n\n<h2 class=\"wp-block-heading\"><strong>(Ludwigshafen) \u2013\u00a0<\/strong>Radarkontrollen f\u00fcr die Woche vom 12. Februar bis 18. Februar 2024<\/h2>\n\n\n<div class=\"wp-block-image\">\n<figure class=\"aligncenter\"><img decoding=\"async\" loading=\"lazy\" width=\"800\" height=\"600\" src=\"https:\/\/speyer24news.com\/wp-content\/uploads\/2020\/03\/Blitzer-1.jpg\" alt=\"\" class=\"wp-image-25724\" srcset=\"https:\/\/speyer24news.com\/wp-content\/uploads\/2020\/03\/Blitzer-1.jpg 800w, https:\/\/speyer24news.com\/wp-content\/uploads\/2020\/03\/Blitzer-1-300x225.jpg 300w, https:\/\/speyer24news.com\/wp-content\/uploads\/2020\/03\/Blitzer-1-768x576.jpg 768w, https:\/\/speyer24news.com\/wp-content\/uploads\/2020\/03\/Blitzer-1-678x509.jpg 678w, https:\/\/speyer24news.com\/wp-content\/uploads\/2020\/03\/Blitzer-1-326x245.jpg 326w, https:\/\/speyer24news.com\/wp-content\/uploads\/2020\/03\/Blitzer-1-80x60.jpg 80w\" sizes=\"(max-width: 800px) 100vw, 800px\" \/><\/figure><\/div>\n\n\n<h3 class=\"wp-block-heading\">Die Stadt Ludwigshafen nimmt in folgenden Stadtteilen Radarkontrollen vor:<\/h3>\n\n\n\n<ul>\n<li><strong>Montag, 12. Februar: Oggersheim, S\u00fcd und Pfingstweide<\/strong><\/li>\n\n\n\n<li><strong>Dienstag, 13. Februar: Mitte, Ruchheim und Gartenstadt<\/strong><\/li>\n\n\n\n<li><strong>Mittwoch, 14. Februar: Nord, Friesenheim und Edigheim<\/strong><\/li>\n\n\n\n<li><strong>Donnerstag, 15. Februar: Mundenheim, Maudach und S\u00fcd<\/strong><\/li>\n\n\n\n<li><strong>Freitag, 16. Februar: Friesenheim, West und Oppau<\/strong><\/li>\n<\/ul>\n\n\n\n<p>Kurzfristige \u00c4nderungen beh\u00e4lt sich der Bereich Stra\u00dfenverkehr vor. Kontrollen k\u00f6nnen auch kurzfristig an anderen Stellen stattfinden.<\/p>\n\n\n\n<p><em>Stadt Ludwigshafen am Rhein<br>08.02.2024<\/em><\/p>\n\n\n\n<h2 class=\"wp-block-heading\"><strong>(Polizeipr\u00e4sidium Rheinpfalz) \u2013&nbsp;<\/strong>Geschwindigkeitsmessungen im Februar 2024<\/h2>\n\n\n<div class=\"wp-block-image\">\n<figure class=\"aligncenter\"><img decoding=\"async\" loading=\"lazy\" width=\"800\" height=\"450\" src=\"https:\/\/speyer24news.com\/wp-content\/uploads\/2020\/12\/Blitzer-Logo.jpg\" alt=\"\" class=\"wp-image-31938\" srcset=\"https:\/\/speyer24news.com\/wp-content\/uploads\/2020\/12\/Blitzer-Logo.jpg 800w, https:\/\/speyer24news.com\/wp-content\/uploads\/2020\/12\/Blitzer-Logo-300x169.jpg 300w, https:\/\/speyer24news.com\/wp-content\/uploads\/2020\/12\/Blitzer-Logo-768x432.jpg 768w, https:\/\/speyer24news.com\/wp-content\/uploads\/2020\/12\/Blitzer-Logo-678x381.jpg 678w\" sizes=\"(max-width: 800px) 100vw, 800px\" \/><\/figure><\/div>\n\n\n<p>\u00dcberh\u00f6hte beziehungsweise nicht angepasste Geschwindigkeit bleibt weiter eine Hauptunfallursache: 2022 wurden im Zust\u00e4ndigkeitsbereich des Polizeipr\u00e4sidiums Rheinpfalz wegen nicht angepasster oder \u00fcberh\u00f6hter Geschwindigkeit 1.896 Verkehrsunf\u00e4lle registriert. Im Jahr 2021 waren dies noch 1.792 Verkehrsunf\u00e4lle.<\/p>\n\n\n\n<h4 class=\"wp-block-heading\"><em>Die Verkehrsunfallstatistik 2022 mit ausf\u00fchrlichen Informationen zur Unfalllage und unseren Ma\u00dfnahmen finden Sie auf unserer Internetseite&nbsp;<a href=\"https:\/\/s.rlp.de\/YSXrl\">https:\/\/s.rlp.de\/YSXrl<\/a>&nbsp;.<\/em><\/h4>\n\n\n\n<p>Die Verkehrs\u00fcberwachung mittels Verkehrskontrollen geh\u00f6rt zu den zentralen Aufgaben der Polizei.<\/p>\n\n\n\n<h3 class=\"wp-block-heading\"><strong>Im Monat Februar finden daher im Bezirk des Polizeipr\u00e4sidiums Rheinpfalz wie folgt Geschwindigkeitskontrollen statt:<\/strong><\/h3>\n\n\n\n<h3 class=\"wp-block-heading\">Im Gebiet der Polizeidirektion&nbsp;<strong>Ludwigshafen<\/strong>:<\/h3>\n\n\n\n<ul>\n<li><strong>12.02.2024, Bereich Ludwigshafen<\/strong><\/li>\n\n\n\n<li><strong>23.02.2024, Bereich Limburgerhof<\/strong><\/li>\n\n\n\n<li><strong>28.02.2024, Bereich Neuhofen<\/strong><\/li>\n<\/ul>\n\n\n\n<h3 class=\"wp-block-heading\">Im Gebiet der Polizeidirektion&nbsp;<strong>Landau<\/strong>:<\/h3>\n\n\n\n<ul>\n<li><strong>14.02.2024, Bereich Landau<\/strong><\/li>\n\n\n\n<li><strong>20.02.2024, Bereich Lustadt<\/strong><\/li>\n\n\n\n<li><strong>26.02.2024, Bereich Waldhambach<\/strong><\/li>\n<\/ul>\n\n\n\n<h3 class=\"wp-block-heading\">Im Gebiet der Polizeidirektion&nbsp;<strong>Neustadt<\/strong>:<\/h3>\n\n\n\n<ul>\n<li><strong>09.02.2024, Bereich Wattenheim<\/strong><\/li>\n\n\n\n<li><strong>13.02.2024, Bereich Neustadt<\/strong><\/li>\n\n\n\n<li><strong>22.02.2024, Bereich Wattenheim<\/strong><\/li>\n\n\n\n<li><strong>29.02.2024, Bereich Weisenheim am Berg<\/strong><\/li>\n<\/ul>\n\n\n\n<p>Die Polizei weist ausdr\u00fccklich darauf hin, dass Kontrollen auch au\u00dferhalb der genannten Zeiten und \u00d6rtlichkeiten stattfinden.<\/p>\n\n\n\n<p><em>Polizeipr\u00e4sidium Rheinpfalz<br>29.01.2024<\/em><\/p>\n","protected":false},"excerpt":{"rendered":"<div class=\"mh-excerpt\"><p>(Mannheim) \u2013\u00a0Geschwindigkeitskontrollen f\u00fcr die Woche vom 12. bis 16. Februar Die Stadt Mannheim f\u00fchrt in folgenden Stra\u00dfen mobile Geschwindigkeitskontrollen durch: Kurzfristige \u00c4nderungen oder zus\u00e4tzliche Messstellen sind aus aktuellem Anlass m\u00f6glich. Stadt Mannheim08.02.2024 (Ludwigshafen) \u2013\u00a0Radarkontrollen f\u00fcr <a class=\"mh-excerpt-more\" href=\"https:\/\/speyer24news.com\/?p=57656\" title=\"Radarfallen \/ Blitzer \/ Geschwindigkeitsmessung f\u00fcr die KW 07 (12.02. \u2013 18.02.2024)\">[&#8230;]<\/a><\/p>\n<\/div>","protected":false},"author":3,"featured_media":33649,"comment_status":"open","ping_status":"open","sticky":false,"template":"","format":"standard","meta":{"_monsterinsights_skip_tracking":false,"_monsterinsights_sitenote_active":false,"_monsterinsights_sitenote_note":"","_monsterinsights_sitenote_category":0,"footnotes":""},"categories":[64],"tags":[18,7702,4819,4814,7703,15144,19,5148,4822,4817,5149,16228,4228,17342,16999,16998,17000,17343,58,779,5152,4821,4816,5153,15146,153,56,59,227,17,7699,7068,7004,7700,15142,427],"aioseo_notices":[],"amp_enabled":true,"_links":{"self":[{"href":"https:\/\/speyer24news.com\/index.php?rest_route=\/wp\/v2\/posts\/57656"}],"collection":[{"href":"https:\/\/speyer24news.com\/index.php?rest_route=\/wp\/v2\/posts"}],"about":[{"href":"https:\/\/speyer24news.com\/index.php?rest_route=\/wp\/v2\/types\/post"}],"author":[{"embeddable":true,"href":"https:\/\/speyer24news.com\/index.php?rest_route=\/wp\/v2\/users\/3"}],"replies":[{"embeddable":true,"href":"https:\/\/speyer24news.com\/index.php?rest_route=%2Fwp%2Fv2%2Fcomments&post=57656"}],"version-history":[{"count":2,"href":"https:\/\/speyer24news.com\/index.php?rest_route=\/wp\/v2\/posts\/57656\/revisions"}],"predecessor-version":[{"id":57683,"href":"https:\/\/speyer24news.com\/index.php?rest_route=\/wp\/v2\/posts\/57656\/revisions\/57683"}],"wp:featuredmedia":[{"embeddable":true,"href":"https:\/\/speyer24news.com\/index.php?rest_route=\/wp\/v2\/media\/33649"}],"wp:attachment":[{"href":"https:\/\/speyer24news.com\/index.php?rest_route=%2Fwp%2Fv2%2Fmedia&parent=57656"}],"wp:term":[{"taxonomy":"category","embeddable":true,"href":"https:\/\/speyer24news.com\/index.php?rest_route=%2Fwp%2Fv2%2Fcategories&post=57656"},{"taxonomy":"post_tag","embeddable":true,"href":"https:\/\/speyer24news.com\/index.php?rest_route=%2Fwp%2Fv2%2Ftags&post=57656"}],"curies":[{"name":"wp","href":"https:\/\/api.w.org\/{rel}","templated":true}]}}