{"id":57700,"date":"2024-02-10T09:01:58","date_gmt":"2024-02-10T08:01:58","guid":{"rendered":"https:\/\/speyer24news.com\/?p=57700"},"modified":"2024-02-10T09:02:00","modified_gmt":"2024-02-10T08:02:00","slug":"polizeimeldungen-freitag-09-02-24","status":"publish","type":"post","link":"https:\/\/speyer24news.com\/?p=57700","title":{"rendered":"Polizeimeldungen Freitag (09.02.24)"},"content":{"rendered":"<style type=\"text\/css\">\r\n\t.ads_top_disp{}\r\n\t.ads_top_corner_disp{ float:left; margin:0px 10px 10px 0px; }\r\n\t.ads_first_p_disp{}\r\n\t.ads_bottom_disp{}\r\n\t<\/style>\n<h2 class=\"wp-block-heading\">Polizeimeldungen vom Freitag (09.02.2024)<\/h2>\n\n\n<div class=\"wp-block-image\">\n<figure class=\"aligncenter size-full\"><img decoding=\"async\" loading=\"lazy\" width=\"375\" height=\"500\" src=\"https:\/\/speyer24news.com\/wp-content\/uploads\/2022\/03\/Aktuelles-Polizeilogo.jpg\" alt=\"\" class=\"wp-image-43591\" srcset=\"https:\/\/speyer24news.com\/wp-content\/uploads\/2022\/03\/Aktuelles-Polizeilogo.jpg 375w, https:\/\/speyer24news.com\/wp-content\/uploads\/2022\/03\/Aktuelles-Polizeilogo-225x300.jpg 225w\" sizes=\"(max-width: 375px) 100vw, 375px\" \/><\/figure><\/div>\n\n\n<h2 class=\"wp-block-heading\">(Speyer) &#8211; Einbruch in B\u00e4ckerei<\/h2>\n\n\n\n<p>In der Nacht von Donnerstag auf Freitag brachen unbekannte T\u00e4ter in eine B\u00e4ckereifiliale in der Bahnhofstra\u00dfe ein. Die unbekannten T\u00e4ter verschafften sich zun\u00e4chst auf unbekannte Art und Weise Zugang zum Geb\u00e4ude und hebelten dann eine T\u00fcr zur B\u00e4ckereifiliale auf. Im Inneren entwendeten sie insgesamt 1700 Euro Bargeld.<\/p>\n\n\n\n<ul>\n<li><strong>Wer hat im genannten Zeitraum in der N\u00e4he der Wilhelmi B\u00e4ckerei in der Bahnhofstra\u00dfe verd\u00e4chtige Wahrnehmungen gemacht, kann T\u00e4terhinweise oder sonstige sachdienliche Hinweise geben? Die Polizei bittet Zeugen um Mitteilung an Tel. 06232\/137-0 oder per E-Mail an\u00a0<a href=\"mailto:%20pispeyer@polizei.rlp.de\">pispeyer@polizei.rlp.de<\/a><\/strong><\/li>\n<\/ul>\n\n\n\n<h2 class=\"wp-block-heading\">(Speyer) &#8211; Ladendiebstahl diverser Sachen<\/h2>\n\n\n\n<p>Am Donnerstagabend, kurz nach 19 Uhr beobachte der Ladendetektiv eines Lebensmittelgesch\u00e4fts in der Auestra\u00dfe zwei M\u00e4nner dabei, als sie abwechselnd mehrere Gegenst\u00e4nde und Lebensmittel im Gesamtwert von knapp 64 Euro in einen mitgebrachten Rucksack steckten. Anschlie\u00dfend zahlten die beiden 21- und 28-Jahre alten M\u00e4nner an der Kasse diverse andere Gegenst\u00e4nde, jedoch nicht den Inhalt des Rucksacks. Beim Verlassen des Gesch\u00e4fts wurde sie von Mitarbeitern angehalten und die Polizei informiert.<\/p>\n\n\n\n<h2 class=\"wp-block-heading\">(Schifferstadt) &#8211; Verkehrskontrollen<\/h2>\n\n\n\n<p>Am Donnerstagvormittag wurden bei einer Kontrolle der aufgrund einer Baustelle eingerichteten Einbahnstra\u00dfenregelung in der Speyerer Stra\u00dfe 4 Verst\u00f6\u00dfe geahndet. Weiterhin wurden 5 Gurtverst\u00f6\u00dfe sanktioniert und M\u00e4ngelberichte aufgrund nicht mitgef\u00fchrten F\u00fchrerscheinen ausgestellt.<\/p>\n\n\n\n<h2 class=\"wp-block-heading\">(Hochdorf-Assenheim) &#8211; Unfallflucht<\/h2>\n\n\n\n<p>Am Donnerstagmorgen, gegen 06:00 Uhr, wurde ein besch\u00e4digter PKW im Bereich der Westerstra\u00dfe mitgeteilt. Bei der \u00dcberpr\u00fcfung vor Ort konnte der unverschlossene PKW mit einem seitlichen Streifschaden festgestellt werden. Der 44-j\u00e4hrige Fahrer wurde an seiner Wohnanschrift im Bereich der VG Dannstadt-Schauernheim angetroffen. Ein Drogenschnelltest verlief positiv, sodass eine Blutprobe folgte. Vermutlich stammt der Schaden an dem PKW von einer Kollision mit einer Leitplanke. Ermittlungen wegen Unfallflucht wurden aufgenommen. Der Schaden an dem PKW betr\u00e4gt etwa 5.000 Euro. <\/p>\n\n\n\n<ul>\n<li><strong>Zeugen werden gebeten, sich unter der Telefonnummer 06235 &#8211; 495-0 oder per E-Mail (<a href=\"mailto:pischifferstadt@polizei.rlp.de\">pischifferstadt@polizei.rlp.de<\/a>) bei der Polizeiinspektion Schifferstadt zu melden.<\/strong><\/li>\n<\/ul>\n\n\n\n<h2 class=\"wp-block-heading\">(Germersheim) &#8211; 17-J\u00e4hriger greift Polizisten an<\/h2>\n\n\n<div class=\"wp-block-image\">\n<figure class=\"aligncenter size-full\"><img decoding=\"async\" loading=\"lazy\" width=\"800\" height=\"600\" src=\"https:\/\/speyer24news.com\/wp-content\/uploads\/2019\/06\/Ausn\u00fcchterungszelle.jpg\" alt=\"\" class=\"wp-image-15212\" srcset=\"https:\/\/speyer24news.com\/wp-content\/uploads\/2019\/06\/Ausn\u00fcchterungszelle.jpg 800w, https:\/\/speyer24news.com\/wp-content\/uploads\/2019\/06\/Ausn\u00fcchterungszelle-300x225.jpg 300w, https:\/\/speyer24news.com\/wp-content\/uploads\/2019\/06\/Ausn\u00fcchterungszelle-768x576.jpg 768w, https:\/\/speyer24news.com\/wp-content\/uploads\/2019\/06\/Ausn\u00fcchterungszelle-678x509.jpg 678w, https:\/\/speyer24news.com\/wp-content\/uploads\/2019\/06\/Ausn\u00fcchterungszelle-326x245.jpg 326w, https:\/\/speyer24news.com\/wp-content\/uploads\/2019\/06\/Ausn\u00fcchterungszelle-80x60.jpg 80w\" sizes=\"(max-width: 800px) 100vw, 800px\" \/><figcaption class=\"wp-element-caption\">Beispielbild Zelle \/ Verhaftung, dient lediglich der Visualisierung<\/figcaption><\/figure><\/div>\n\n\n<p>Am Donnerstagabend wurde die Polizeiinspektion Germersheim \u00fcber eine hilflose Person am Tournuser Platz informiert. Vor Ort trafen die Beamten auf einen 17-J\u00e4hrigen, der bei der anschlie\u00dfenden Kontrolle unvermittelt einen Polizeibeamten schubste. Im Anschluss wehrte er sich massiv gegen die Fixierung und trat nach den Polizisten. Dazu beleidigte er die Beamten fortlaufend. Da er sich nicht beruhigen lie\u00df, wurde er in Gewahrsam genommen. Auf der Dienststelle wurde ihm aufgrund der Alkoholisierung zus\u00e4tzlich eine Blutprobe entnommen. Die Beamten wurden bei dem Einsatz leicht verletzt. Ein entsprechendes Strafverfahren wurde eingeleitet.<\/p>\n\n\n\n<h2 class=\"wp-block-heading\">(R\u00fclzheim) &#8211; Berauscht aus dem Verkehr gezogen<\/h2>\n\n\n\n<p>Mit drogentypischen Auff\u00e4lligkeiten fiel am Donnerstagabend ein 21-j\u00e4hriger Autofahrer auf. Gegen 19:30 Uhr wurde er durch eine Streife der Polizeiinspektion Germersheim in der Stra\u00dfe &#8222;Am Stadion&#8220; kontrolliert. Als in seinem Fahrzeug dann auch noch Bet\u00e4ubungsmittelreste aufgefunden wurden, gab er zu, am Tag zuvor Marihuana konsumiert zu haben. Ihm wurde eine Blutprobe entnommen. Auf ihn kommt nun ein entsprechendes Verfahren zu.<\/p>\n\n\n\n<h2 class=\"wp-block-heading\">(Neupotz) &#8211; Einbruch in ein Wohnhaus<\/h2>\n\n\n\n<p>Am gestrigen Tag, den 08.02.2024 zwischen 17:45 und 19:30 kam es zu einem Einbruchsdiebstahl. Bisher unbekannte T\u00e4ter drangen gewaltsam in ein Wohnhaus An der Kapplach in Neupotz ein.<\/p>\n\n\n\n<p>Ersten Feststellungen zufolge d\u00fcrften Verm\u00f6genswerte in H\u00f6he eines f\u00fcnfstelligen Betrages entwendet worden sein. Die Kriminalpolizei Landau hat die Ermittlungen aufgenommen.<\/p>\n\n\n\n<ul>\n<li><strong>Hinweise nimmt die Polizei Landau unter 06341\/287-3002 entgegen.<\/strong><\/li>\n<\/ul>\n\n\n\n<h2 class=\"wp-block-heading\">(Kandel) &#8211; Zeugenaufruf nach Verkehrsunfallflucht<\/h2>\n\n\n\n<p>Im Zeitraum vom 07.02.2024 zwischen 05:00 Uhr und 13:30 Uhr wurde durch einen bislang unbekannten Verkehrsteilnehmer ein Zaun im Bereich der Stra\u00dfe Horstring Nr. 12 in 76870 Kandel besch\u00e4digt. Bei dem Unfallverursacher kann es sich um einen LKW handeln. Dieser hat wom\u00f6glich beim Rangieren den Zaun an der o.g. Anschrift besch\u00e4digt und entfernte sich anschlie\u00dfend von der Unfall\u00f6rtlichkeit.<\/p>\n\n\n\n<ul>\n<li><strong>Zeugen, die sachdienliche Hinweise zum Unfallhergang oder zum Unfallverursacher machen k\u00f6nnen, werden gebeten sich mit der Polizeiinspektion in W\u00f6rth in Verbindung zu setzen!<\/strong><\/li>\n<\/ul>\n\n\n\n<h2 class=\"wp-block-heading\">(Herxheim) &#8211; Randalierer an der Festhalle<\/h2>\n\n\n\n<p>Am 09.02.2024 wurden der Polizei Landau gegen 00:10 Uhr randalierende Minderj\u00e4hrige im Bereich der Festhalle gemeldet. Hiernach sollen zwei Minderj\u00e4hrige gegen Autos getreten haben. Als sie vom Sicherheitsdienst der Festhalle angesprochen wurden, warf einer der Minderj\u00e4hrigen gezielt eine Glasflasche nach dem Mitarbeiter des Sicherheitsdienstes. Gl\u00fccklicherweise verfehlte dieser sein Ziel. Die beiden Randalierer konnten vor Ort angetroffen werden. Hierbei scheiterte ein Fluchtversuch zu Fu\u00df. Die beiden 13- und 14-J\u00e4hrigen wurden an Erziehungsberechtigte \u00fcberstellt. Ob Fahrzeuge besch\u00e4digt wurden, ist Gegenstand polizeilicher Ermittlungen. Strafverfahren wegen versuchter gef\u00e4hrlicher K\u00f6rperverletzung und Sachbesch\u00e4digung wurden eingeleitet. Das Jugendamt wurde \u00fcber den Vorfall in Kenntnis gesetzt. <\/p>\n\n\n\n<ul>\n<li><strong>Die Polizei bittet Zeugen, die Hinweise zu der Tat oder dem T\u00e4ter geben k\u00f6nnen sich per Email an\u00a0<a href=\"mailto:%20pilandau@polizei.rlp.de\">pilandau@polizei.rlp.de<\/a>\u00a0oder telefonisch unter 06341-287-0 bei der Polizeiinspektion Landau zu melden.<\/strong><\/li>\n<\/ul>\n\n\n\n<h2 class=\"wp-block-heading\">(Landau) &#8211; Schreie aus dem Auto m\u00fcnden in Verkehrsdelikt<\/h2>\n\n\n\n<p>Am 09.02.2024 wurde der Polizei Landau gegen 01:00 Uhr ein geparkter PKW im Ostring in Landau gemeldet, aus dem eine Person herausschreien w\u00fcrde. Vor Ort konnte ein 28-J\u00e4hriger angetroffen werden. Bei diesem konnte Alkoholgeruch festgestellt werden. Da er kurz zuvor mit seinem PKW gefahren war, wurde er zur Dienststelle verbracht. Ein dortiger Test ergab einen Wert von 0,9 Promille. Ein Ordnungswidrigkeitenverfahren wurde eingeleitet. Er wird sich nun auf ein Bu\u00dfgeld in H\u00f6he von 500 Euro, 2 Prunkte in der Verkehrss\u00fcnderdatei sowie ein einmonatiges Fahrverbot einstellen m\u00fcssen. Der Grund f\u00fcr das Schreien konnte hingegen nicht in Erfahrung gebracht werden.<\/p>\n\n\n\n<h2 class=\"wp-block-heading\">(Edenkoben \/ Edesheim \/ Kirrweiler) &#8211; Geschwindigkeitskontrollen<\/h2>\n\n\n\n<p>Am Freitagvormittag wurden durch die Edenkobener Polizei an drei \u00d6rtlichkeiten Geschwindigkeitskontrollen durchgef\u00fchrt. Vorbildlich fuhren die meisten Verkehrsteilnehmer in der Luitpoldstra\u00dfe in Edenkoben. Hier wurden innerhalb einer halben Stunde lediglich zwei Autofahrer ertappt, die die angeordnete H\u00f6chstgeschwindigkeit von 30km\/h \u00fcberschritten. Weniger vorbildlich hingegen waren die Autofahrer in Edesheim in der Staatsstra\u00dfe und in Kirrweiler am Bahnhof unterwegs. In Edesheim wurden in knapp eindreiviertel Stunden 35 Autofahrer kontrolliert, die schneller als die erlaubten 30km\/h unterwegs waren. Hier fuhr der schnellste fast doppelt so schnell wie erlaubt mit 57km\/h. In Kirrweiler fuhren in etwas weniger als einer Stunde zehn Fahrer schneller die erlaubten 50km\/h, die Spitzenreiterin 74km\/h. <\/p>\n\n\n\n<h4 class=\"wp-block-heading\"><em><strong>Die Polizei appelliert: <\/strong>Geschwindigkeits\u00fcberschreitungen sind nach wie vor eine der Hauptunfallursachen. Passen Sie Ihre Geschwindigkeit stets den \u00f6rtlichen Begebenheiten an und halten Sie sich an die angeordneten H\u00f6chstgeschwindigkeiten.<\/em><\/h4>\n\n\n\n<h2 class=\"wp-block-heading\">(Neustadt) &#8211; Verkehrskontrolle deckt mehrere Vergehen auf<\/h2>\n\n\n\n<p>Am 09.02.2024 um 11:20 Uhr wurde ein 41-J\u00e4hriger aus Weinheim mit seinem Transporter in der Talstra\u00dfe in 67434 Neustadt\/W. einer Verkehrskontrolle unterzogen. Im Verlauf der Kontrolle ergaben sich Hinweise, dass der Fahrer unter dem Einfluss von Bet\u00e4ubungsmittel steht. Ein Vortest reagierte letztlich positiv auf die Stoffgruppen Amfetamin, Metamfetamin und THC. Der Weinheimer r\u00e4umte hiernach auch den Konsum von diesen Stoffen ein. W\u00e4hrend der Durchsuchung des Fahrzeuges des Mannes konnte in dessen Rucksack zudem eine geringe Menge Cannabis aufgefunden und sichergestellt werden. Der 41-J\u00e4hrige musste sodann in der hiesigen Dienststelle eine Blutprobe abgeben und dessen Fahrzeugschl\u00fcssel wurde an einen Bekannten \u00fcbergeben. Nun kommt auf diesen ein Straf-, sowie ein Ordnungswidrigkeitenverfahren zu. Des Weiteren wird die zust\u00e4ndige F\u00fchrerscheinstelle \u00fcber den Vorfall in Kenntnis gesetzt.<\/p>\n\n\n\n<h2 class=\"wp-block-heading\">(Ha\u00dfloch) &#8211; F\u00fchren von Waffen bleibt auch an Fastnacht verboten<\/h2>\n\n\n<div class=\"wp-block-image\">\n<figure class=\"aligncenter size-full\"><img decoding=\"async\" loading=\"lazy\" width=\"800\" height=\"600\" src=\"https:\/\/speyer24news.com\/wp-content\/uploads\/2024\/02\/Schreckschuss.jpeg\" alt=\"\" class=\"wp-image-57702\" srcset=\"https:\/\/speyer24news.com\/wp-content\/uploads\/2024\/02\/Schreckschuss.jpeg 800w, https:\/\/speyer24news.com\/wp-content\/uploads\/2024\/02\/Schreckschuss-300x225.jpeg 300w, https:\/\/speyer24news.com\/wp-content\/uploads\/2024\/02\/Schreckschuss-768x576.jpeg 768w, https:\/\/speyer24news.com\/wp-content\/uploads\/2024\/02\/Schreckschuss-678x509.jpeg 678w, https:\/\/speyer24news.com\/wp-content\/uploads\/2024\/02\/Schreckschuss-326x245.jpeg 326w, https:\/\/speyer24news.com\/wp-content\/uploads\/2024\/02\/Schreckschuss-80x60.jpeg 80w\" sizes=\"(max-width: 800px) 100vw, 800px\" \/><\/figure><\/div>\n\n\n<p>Am fr\u00fchen Morgen des 09.02.2024, gegen 02:00 Uhr, wurde in der Lindenstra\u00dfe, in Ha\u00dfloch, ein PKW mit zwei Insassen einer allgemeinen Verkehrskontrolle unterzogen. Dabei blickte der kontrollierende Beamte bei Herantreten an den PKW direkt in den Lauf eines Revolvers, welcher sich auf dem Scho\u00df des Fahrers befand. Der 57-j\u00e4hrige Fahrer wurde sicherheitshalber mit erhobenen H\u00e4nden aus seinem Auto zitiert und durch einen der Polizeibeamten entwaffnet. Wie sich herausstellen sollte, handelte es sich bei dem Fahrer und seinem Beifahrer um zwei Fastnachter, welche gerade von einer Veranstaltung gekommen waren. Der Fahrer hatte sich als leichtbekleideter US-Polizist verkleidet und aus diesem Grund eine t\u00e4uschend echt aussehende Schreckschusswaffe dabei, f\u00fcr die er auch keine Berechtigung zum F\u00fchren vorweisen konnte. Sein Begleiter war ebenfalls in freiz\u00fcgiger Verkleidung. Dieser f\u00fchrte jedoch, als r\u00f6mischer Legion\u00e4r, keine Schusswaffen mit sich.<\/p>\n\n\n\n<p>So glimpflich wie sich der Sachverhalt im Nachhinein auch dargestellt haben mag, bittet die Polizei darum auch in der Fastnachtszeit vom F\u00fchren von Waffen aller Art in der \u00d6ffentlichkeit abzusehen um die \u00f6ffentliche Sicherheit und Ordnung nicht zu gef\u00e4hrden.<\/p>\n\n\n\n<h2 class=\"wp-block-heading\">(Ha\u00dfloch) &#8211; Vorfahrt missachtet \/ Eine Person leichtverletzt<\/h2>\n\n\n\n<p>Am Donnerstag, den 08.02.2024, kam es gegen 13:25 Uhr in Ha\u00dfloch zu einem Verkehrsunfall im Einm\u00fcndungsbereich Holidayparkstra\u00dfe\/Abfahrt L530 zur B\u00f6hlerstra\u00dfe. W\u00e4hrend die 52-j\u00e4hrige mit ihrem Pkw die bevorrechtigte Holidayparkstra\u00dfe in s\u00fcdliche Richtung befuhr, habe die 18-j\u00e4hrige Unfallverursacherin die B\u00f6hlerstra\u00dfe in Fahrtrichtung Holidayparkstra\u00dfe befahren, um im dortigen Einm\u00fcndungsbereich nach links in s\u00fcdliche Richtung abbiegen zu k\u00f6nnen. Im genannten Einm\u00fcndungsbereich sei es zum Zusammensto\u00df beider Pkw gekommen, infolge dessen beide Fahrzeuge geringwertig besch\u00e4digt wurden. Der Gesamtschaden wird derzeit auf ca. 4000EUR gesch\u00e4tzt. Durch den Unfall standen alle Unfallbeteiligten deutlich sichtbar unter Schock, eine Fahrzeugf\u00fchrerin klagte \u00fcber Kopfschmerzen.<\/p>\n\n\n\n<h2 class=\"wp-block-heading\">(Deidesheim) &#8211; Unfall nach Vorfahrtsversto\u00df<\/h2>\n\n\n\n<p>Am Donnerstag, den 08.02.2024, kam es gegen 18:34 Uhr in Deidesheim zu einem Verkehrsunfall mit erheblichen Folgen. Ein 25-j\u00e4hriger Autofahrer aus Bad D\u00fcrkheim befuhr die bevorrechtigte Weinstra\u00dfe in n\u00f6rdliche Richtung. Der 23-j\u00e4hrige Autofahrer aus Ruppertsberg befuhr zeitgleich die Steingasse, um im Einm\u00fcndungsbereich nach links in die Weinstra\u00dfe einbiegen zu k\u00f6nnen. Da der 23-j\u00e4hrige Unfallverursacher das Verkehrszeichen 205 (Vorfahrt) missachtete, kam es zum Zusammensto\u00df beider Autos, infolge dessen beide derart besch\u00e4digt wurden, dass sie abgeschleppt werden mussten. Der 25-j\u00e4hrige Fahrzeugf\u00fchrer klagte infolge des Zusammensto\u00dfes \u00fcber Schmerzen im Kopfbereich und im Knie, weshalb er ins Krankenhaus nach Bad D\u00fcrkheim zur \u00e4rztlichen Untersuchung verbracht werden musste. Der Gesamtschaden kann derzeit nicht beziffert werden.<\/p>\n\n\n\n<h2 class=\"wp-block-heading\">(Wattenheim) &#8211; Kennzeichendiebstahl<\/h2>\n\n\n\n<p>Am Donnerstag, 08.02.2024 im Zeitraum zwischen 04:20 Uhr und 18:10 Uhr wurden an einem Pkw, welcher auf dem \u00f6ffentlich zug\u00e4nglichen Parkplatz In den Grasg\u00e4rten in Wattenheim geparkt war, beide amtliche Kennzeichen entwendet. <\/p>\n\n\n\n<ul>\n<li><strong>Hinweise nimmt die Polizei Gr\u00fcnstadt unter 06359\/9312-0 oder per E-Mail (<a href=\"mailto:pigruenstadt@polizei.rlp.de\">pigruenstadt@polizei.rlp.de<\/a>) entgegen.<\/strong><\/li>\n<\/ul>\n\n\n\n<h2 class=\"wp-block-heading\">(Ludwigshafen) &#8211; Einsatzplanung Fastnachtsumzug Ludwigshafen 11.02.2024<\/h2>\n\n\n<div class=\"wp-block-image\">\n<figure class=\"aligncenter size-full\"><img decoding=\"async\" loading=\"lazy\" width=\"800\" height=\"600\" src=\"https:\/\/speyer24news.com\/wp-content\/uploads\/2019\/03\/02-03-19-Hockenheim-Faschingsumzug-108.jpg\" alt=\"\" class=\"wp-image-9497\" srcset=\"https:\/\/speyer24news.com\/wp-content\/uploads\/2019\/03\/02-03-19-Hockenheim-Faschingsumzug-108.jpg 800w, https:\/\/speyer24news.com\/wp-content\/uploads\/2019\/03\/02-03-19-Hockenheim-Faschingsumzug-108-300x225.jpg 300w, https:\/\/speyer24news.com\/wp-content\/uploads\/2019\/03\/02-03-19-Hockenheim-Faschingsumzug-108-768x576.jpg 768w, https:\/\/speyer24news.com\/wp-content\/uploads\/2019\/03\/02-03-19-Hockenheim-Faschingsumzug-108-678x509.jpg 678w, https:\/\/speyer24news.com\/wp-content\/uploads\/2019\/03\/02-03-19-Hockenheim-Faschingsumzug-108-326x245.jpg 326w, https:\/\/speyer24news.com\/wp-content\/uploads\/2019\/03\/02-03-19-Hockenheim-Faschingsumzug-108-80x60.jpg 80w\" sizes=\"(max-width: 800px) 100vw, 800px\" \/><\/figure><\/div>\n\n\n<p>Auch beim Fastnachtsumzug in Ludwighafen am 11.02.2024 ist uns die Sicherheit aller Feiernden ein wichtiges Anliegen. Nach einer Corona bedingten Pause findet der Faschingsumzug Ludwigshafen\/Mannheim das erste Mal seit 2020 wieder statt. Der letzte Umzug verlief weitestgehend friedlich. Damit dies auch in diesem Jahr so bleibt, sind wir f\u00fcr Ihre Sicherheit im Einsatz. In diesem Jahr neu ist die Streckenf\u00fchrung des Umzugs und die eingerichteten Action Points. Die Zugstrecke verl\u00e4uft wie folgt: Start Lagerhausstra\u00dfe (Ecke Wittelsbachstra\u00dfe und Schwanthalerallee) &#8211; Rheinallee &#8211; Rheinuferstra\u00dfe &#8211; Kaiser-Wilhelm-Stra\u00dfe &#8211; Zollhofstra\u00dfe &#8211; Aufl\u00f6sung des Zuges in H\u00f6he Platz der deutschen Einheit \u00fcber die Rheinuferstra\u00dfe. In der Rheinallee, im Be-reich Walzm\u00fchle, in der Kaiser-Wilhelm-Stra\u00dfe, im Bereich Bundesbankfiliale und am Platz der deutschen Einheit sind Actions Points mit gastronomischen und Unterhaltungsangeboten eingerichtet. Weitere Gastronomische Angebote wird es in der Pfalzgrafenstra\u00dfe und in der Heny-Roos Passage geben. Weitere Informationen zu der Veranstaltung finden Sie auf der Homepage der LU-KOM:&nbsp;<a target=\"_blank\" rel=\"noreferrer noopener\" href=\"https:\/\/s.rlp.de\/dzHOh\">https:\/\/s.rlp.de\/dzHOh<\/a><\/p>\n\n\n\n<p>Insbesondere im Stadtteil Mitte und S\u00fcd kann es aufgrund der Veranstaltung bereits in den fr\u00fchen Morgenstunden zu Sperrungen und Verkehrsbeeintr\u00e4chtigungen kommen. Reisen Sie daher rechtzeitig an und nutzen Sie am besten den \u00f6ffentlichen Personen- und Nahverkehr. F\u00fcr Ihre Sicherheit und auch damit wir einen besseren \u00dcberblick z.B. \u00fcber m\u00f6gliche Verkehrsbeeintr\u00e4chtigungen bekommen, wird die Polizei eine Drohne einsetzen. Des Weiteren wird ein Video\u00fcberwachungsfahrzeug der Polizei im Einsatz sein. Es werden jedoch nur im Bedarfsfall Videoaufnahmen aufgezeichnet. Hinweisschilder entlang der Aufzugsstrecke weisen auf die Video\u00fcberwachung hin. Weitere Informationen zum Datenschutz erhalten Sie hier:&nbsp;<a target=\"_blank\" rel=\"noreferrer noopener\" href=\"https:\/\/s.rlp.de\/htnlR\">https:\/\/s.rlp.de\/htnlR<\/a>.<\/p>\n\n\n\n<p>Informationen rund um den Fastnachtsumzug ver\u00f6ffentlichen wir am Fastnachtssonntag auf dem Presseportal&nbsp;<a target=\"_blank\" rel=\"noreferrer noopener\" href=\"https:\/\/s.rlp.de\/5vx\">https:\/\/s.rlp.de\/5vx<\/a>&nbsp;und auf unserem WhatsApp Kanal&nbsp;<a target=\"_blank\" rel=\"noreferrer noopener\" href=\"https:\/\/s.rlp.de\/bgkTn\">https:\/\/s.rlp.de\/bgkTn<\/a>.<\/p>\n\n\n\n<p>Das Polizeipr\u00e4sidium Rheinpfalz mit Sitz in Ludwigshafen am Rhein ist zust\u00e4ndig f\u00fcr die Sicherheit von \u00fcber 900.000 Menschen. Der Dienstbezirk der Beh\u00f6rde mit ihren rund 2.200 Mitarbeiterinnen und Mitarbeitern umfasst auf etwa 2.400 Quadratkilometern die komplette Vorder- und S\u00fcdpfalz mit den Landkreisen Bad D\u00fcrkheim, Germersheim, Rhein-Pfalz-Kreis und S\u00fcdliche Weinstra\u00dfe sowie die kreisfreien St\u00e4dte Frankenthal (Pfalz), Landau in der Pfalz, Ludwigshafen am Rhein, Neustadt a.d.W. und Speyer.<\/p>\n\n\n\n<h2 class=\"wp-block-heading\">(Ludwigshafen) &#8211; Falsches Gewinnversprechen<\/h2>\n\n\n\n<p>Eine 84-J\u00e4hrige aus Ludwigshafen wurde am Donnerstag (08.02.2024) von einer Frau einer Lotto-Agentur &#8222;Lotto-Top&#8220; angerufen, die ihr einen angeblichen Gewinn in H\u00f6he von 38.500 Euro versprach. Um den Gewinn zu erhalten m\u00fcsste sie nur eine Transportpauschale entrichten. Anschlie\u00dfend meldete sich telefonisch eine zweite Person, um die weitere \u00dcbergabe des Gewinns zu koordinieren. Die 84-J\u00e4hrige konnte noch rechtzeitig den Betrug erkennen und beendete das Telefonat.<\/p>\n\n\n\n<h2 class=\"wp-block-heading\">(Ludwigshafen) &#8211; Mit Baum kollidiert \/ Zeugen gesucht<\/h2>\n\n\n\n<p>Ein 47-j\u00e4hriger Fahrradfahrer war am Donnerstag (08.02.2024) auf einem Radweg in der Rohrlachstra\u00dfe unterwegs, als ihm auf demselben Radweg ein anderer Radfahrer entgegenkam. Um einen Zusammensto\u00df zu verhindern wich der 47-J\u00e4hrige aus, kollidierte hierbei mit einem Baum und st\u00fcrzte. Der entgegenkommende Radfahrer fuhr weiter. Der 47-J\u00e4hrige musste anschlie\u00dfend in einem Krankenhaus medizinisch behandelt werden. Die Polizei sucht nun Zeugen. <\/p>\n\n\n\n<ul>\n<li><strong>Wer hat den Unfall beobachtet? Hinweise bitte an die Polizeiinspektion Ludwigshafen 2, Telefonnummer 0621 963-2222 oder per E-Mail\u00a0<a href=\"mailto:%20piludwigshafen2@polizei.rlp.de\">piludwigshafen2@polizei.rlp.de<\/a><\/strong>\u00a0.<\/li>\n<\/ul>\n\n\n\n<h2 class=\"wp-block-heading\">(Ludwigshafen) &#8211; Verkehrsunfall mit Flucht \/ Zeugen gesucht<\/h2>\n\n\n\n<p>Am Donnerstag (08.02.2024), im Zeitraum zwischen 15:35 Uhr und 16:45 Uhr, besch\u00e4digte ein bislang unbekannter Fahrer mit seinem Fahrzeug einen grauen VW Golf mit Bad D\u00fcrkheimer Kennzeichen, welcher in der Otto-Stabel-Stra\u00dfe in Ludwigshafen geparkt war. Der Fahrer fl\u00fcchtete anschlie\u00dfend von der Unfall\u00f6rtlichkeit, ohne den Verkehrsunfall zu melden. Am geparkten VW Golf entstand ein Schaden von rund 1.000EUR.<\/p>\n\n\n\n<ul>\n<li><strong>Wer hat die Tat beobachtet oder kann Hinweise auf den Fahrer oder das fl\u00fcchtige Fahrzeug geben?<\/strong><\/li>\n\n\n\n<li><strong>Hinweise bitte an die Polizeiinspektion Ludwigshafen 1, Telefonnummer 0621 963-2122 oder per E-Mail\u00a0<a href=\"mailto:%20piludwigshafen1@polizei.rlp.de\">piludwigshafen1@polizei.rlp.de<\/a>\u00a0.<\/strong><\/li>\n<\/ul>\n\n\n\n<p>Die Polizei weist daraufhin, dass Unerlaubtes Entfernen von Unfallort kein Kavaliersdelikt ist! Der fl\u00fcchtige Fahrer muss mit einer Geld- oder Freiheitsstrafe bis zu 3 Jahren und evtl. mit einem F\u00fchrerscheinentzug rechnen. Au\u00dferdem kann der Fl\u00fcchtige den Kaskoschutz seiner Kfz-Versicherung verlieren und von seiner Versicherung an der Beteiligung des Fremdschadens beteiligt werden. Die Polizei r\u00e4t deshalb, jeden Unfall bei der Polizei zu melden.<\/p>\n\n\n\n<h2 class=\"wp-block-heading\">(Ludwigshafen) &#8211; Verkehrsunfall unter Beteiligungen eines Linienbusses<\/h2>\n\n\n\n<p>Am Donnerstag (08.02.2024), gegen 12:15 Uhr, fuhr ein 30-J\u00e4hriger mit seinem Auto r\u00fcckw\u00e4rts von einem Parkplatz auf die Mundenheimer Stra\u00dfe in Ludwigshafen auf. W\u00e4hrend des Ausparkens kollidierte das Auto des 30-J\u00e4hrigen mit einem auf der Mundenheimer Stra\u00dfe fahrenden Linienbus. Sowohl am Bus, als auch am Auto des 30-J\u00e4hrigen entstand jeweils ein Sachschaden von etwa 1.000EUR. Verletzt wurde niemand. W\u00e4hrend der Verkehrsunfallaufnahme durch die Polizei hatten die Busfahrg\u00e4ste die \u00d6rtlichkeit bereits verlassen.<\/p>\n\n\n\n<ul>\n<li><strong>Die Polizei bittet Fahrg\u00e4ste, welche sich zum Unfallzeitpunkt im Bus befanden, sich bei der Polizeiinspektion Ludwigshafen 1, Telefonnummer 0621 963-2122 oder per E-Mail (piludwigshafen1@polizei.rlp.de) zu melden.<\/strong><\/li>\n<\/ul>\n\n\n\n<h2 class=\"wp-block-heading\">(Ludwigshafen) &#8211; Radfahrer verursacht Unfall<\/h2>\n\n\n\n<p>Ein bislang unbekannter Fahrradfahrer \u00fcberquerte am Donnerstagvormittag (08.02.2024, 10:15 Uhr) die B\u00fcrgermeister-Gr\u00fcnzweig-Stra\u00dfe ohne auf den durchgehenden Verkehr zu achten. Ein 43-j\u00e4hriger LKW-Fahrer musste dadurch stark bremsen. Ein 42-j\u00e4hriger LKW-Fahrer, der hinter dem entgegenkommender LKW des 43-J\u00e4hrigen nach links abbiegen wollte, streifte den abrubt abgebremsten LKW des 43-J\u00e4hrigen. Der Radfahrer entfernte sich vom Unfallort. Bei dem Unfall wurden keine Personen verletzt. <\/p>\n\n\n\n<ul>\n<li><strong>Wer hat den Unfall beobachtet? Hinweise bitte an die Polizeiinspektion Ludwigshafen 2, Telefonnummer 0621 963-2222 oder per E-Mail\u00a0<a href=\"mailto:%20piludwigshafen2@polizei.rlp.de\">piludwigshafen2@polizei.rlp.de<\/a>\u00a0.<\/strong><\/li>\n<\/ul>\n\n\n\n<h2 class=\"wp-block-heading\">(Ludwigshafen) &#8211; Unbekannte stehlen Rucksack aus Auto<\/h2>\n\n\n\n<p>Unbekannte entwendeten am Donnerstag (08.02.2024) zwischen 07.10 Uhr und 08.30 Uhr einen Rucksack aus einem Transporter, welcher in der Gudrunstra\u00dfe parkte. Das Fahrzeug war w\u00e4hrend des Tatzeitraums nicht verschlossen. Im Rucksack befanden sich ein Tablet und ein Ausweis. Der Schaden bel\u00e4uft sich auf circa 150 Euro. Wer hat die Tat beobachtet?<\/p>\n\n\n\n<ul>\n<li><strong>Hinweise bitte an die Polizeiinspektion Ludwigshafen 2, Telefonnummer 0621 963-2222 oder per E-Mail\u00a0<a href=\"mailto:%20piludwigshafen2@polizei.rlp.de\">piludwigshafen2@polizei.rlp.de<\/a>\u00a0.<\/strong><\/li>\n<\/ul>\n\n\n\n<h2 class=\"wp-block-heading\">(Ludwigshafen) &#8211; Zigarettenautomat aufgebrochen<\/h2>\n\n\n\n<p>In der Nacht von Mittwoch (07.02.2024) auf Donnerstag (08.02.2024) hebelten Unbekannte einen Zigarettenautomaten in der St\u00fctzelstra\u00dfe auf und entwendeten Zigaretten und Bargeld in noch unbekannter H\u00f6he. <\/p>\n\n\n\n<ul>\n<li><strong>Wer hat etwas beobachtet? Hinweise bitte an die Polizeiinspektion Ludwigshafen 2, Telefonnummer 0621 963-2222 oder per E-Mail\u00a0<a href=\"mailto:%20piludwigshafen2@polizei.rlp.de\">piludwigshafen2@polizei.rlp.de<\/a>\u00a0.<\/strong><\/li>\n<\/ul>\n\n\n\n<h2 class=\"wp-block-heading\">(Mannheim) &#8211; Autoscheibe eingeschlagen und Handtasche entwendet \/ Zeugen gesucht!<\/h2>\n\n\n\n<p>Am Donnerstag zwischen 18:50 Uhr und 19:30 Uhr schlug eine derzeit noch unbekannte T\u00e4terschaft die Seitenscheibe eines in der Dynamostra\u00dfe abgestellten Hyundais ein und entwendete hieraus eine Handtasche. Hierbei entstand ein Schaden in H\u00f6he von mehreren hundert Euro. <\/p>\n\n\n\n<ul>\n<li><strong>Das Polizeirevier Mannheim-Innenstadt hat die weiteren Ermittlungen aufgenommen und sucht Zeugen, welche Hinweise zu dem T\u00e4ter oder der T\u00e4terin geben k\u00f6nnen. Diese werden gebeten, sich unter der Telefonnummer 0621\/1258-0 zu melden.<\/strong><\/li>\n<\/ul>\n\n\n\n<h4 class=\"wp-block-heading\"><em>Lassen Sie keine Wertgegenst\u00e4nde, Rucks\u00e4cke, Taschen oder elektronischen Ger\u00e4te im Fahrzeug zur\u00fcck! Auch wenn Sie das Auto nur kurz verlassen. Erfahrene Diebe kennen jedes Versteck.<\/em><\/h4>\n\n\n\n<h2 class=\"wp-block-heading\">(Mannheim) &#8211; Reifen platt gestochen \/ Polizei sucht Zeugen<\/h2>\n\n\n\n<p>Am Donnerstag zerstach eine bislang unbekannte T\u00e4terschaft mittels unbekanntem Werkzeug alle vier Reifen eines geparkten Autos in der Dornheimer Stra\u00dfe. Es entstand ein Sachschaden in H\u00f6he von sch\u00e4tzungsweise 400 Euro.<\/p>\n\n\n\n<p>Das Polizeirevier Mannheim-K\u00e4ferteil ermittelt nun wegen Sachbesch\u00e4digung.<\/p>\n\n\n\n<ul>\n<li><strong>Zeugen, die sachdienliche Hinweise geben k\u00f6nnen, werden gebeten sich bei dem Polizeirevier Mannheim-K\u00e4fertal unter der Telefonnummer 0621 71849-0 zu melden.<\/strong><\/li>\n<\/ul>\n\n\n\n<h2 class=\"wp-block-heading\">(Heidelberg) &#8211; Auto kommt auf Dach zum Liegen \/ Zeugen gesucht!<\/h2>\n\n\n\n<h3 class=\"wp-block-heading has-text-align-center\">Pressemitteilung Nr. 2<\/h3>\n\n\n<div class=\"wp-block-image\">\n<figure class=\"aligncenter size-full\"><img decoding=\"async\" loading=\"lazy\" width=\"801\" height=\"600\" src=\"https:\/\/speyer24news.com\/wp-content\/uploads\/2020\/05\/Zeugen-gesucht-Neutral.jpg\" alt=\"\" class=\"wp-image-26598\" srcset=\"https:\/\/speyer24news.com\/wp-content\/uploads\/2020\/05\/Zeugen-gesucht-Neutral.jpg 801w, https:\/\/speyer24news.com\/wp-content\/uploads\/2020\/05\/Zeugen-gesucht-Neutral-300x225.jpg 300w, https:\/\/speyer24news.com\/wp-content\/uploads\/2020\/05\/Zeugen-gesucht-Neutral-768x575.jpg 768w, https:\/\/speyer24news.com\/wp-content\/uploads\/2020\/05\/Zeugen-gesucht-Neutral-678x509.jpg 678w, https:\/\/speyer24news.com\/wp-content\/uploads\/2020\/05\/Zeugen-gesucht-Neutral-326x245.jpg 326w, https:\/\/speyer24news.com\/wp-content\/uploads\/2020\/05\/Zeugen-gesucht-Neutral-80x60.jpg 80w\" sizes=\"(max-width: 801px) 100vw, 801px\" \/><\/figure><\/div>\n\n\n<p>Nach dem Unfall, bei welchem sich am Donnerstag gegen 12:20 Uhr ein 72-j\u00e4hriger BMW-Fahrer mit seinem Auto \u00fcberschlug, liegen erste Ermittlungsergebnisse vor. Der 72-J\u00e4hrige war auf der Theodor-Heuss-Br\u00fccke in Richtung Bismarkplatz unterwegs, als er aus noch ungekl\u00e4rter Ursache von der Fahrbahn abkam und mit einem Ampelmast auf einer Verkehrsinsel kollidierte. Durch den Aufprall \u00fcberschlug sich das Auto und kam im Kreuzungsbereich Sofienstra\u00dfe\/Neckarstaden auf dem Dach zum Liegen. Umherfliegende Tr\u00fcmmerteile trafen einen 28-j\u00e4hrigen Radfahrer, weshalb dieser leicht verletzt in ein Krankenhaus gebracht wurde. Auch der BMW-Fahrer verletzte sich leicht und musste mit dem Rettungsdienst einem Krankenhaus zugef\u00fchrt werden. Aufgrund der defekten Ampelanlage musste der Verkehr bis zur Instandsetzung durch den Verkehrsdienst geregelt werden. Eine Fachfirma reinigte die Fahrbahn von ausgelaufenen Betriebsstoffen. Der BMW wurde abgeschleppt. <\/p>\n\n\n\n<ul>\n<li><strong>Der Verkehrsdienst Heidelberg hat die weiteren Ermittlungen aufgenommen und sucht Zeugen, welche Angaben zum Unfallhergang machen k\u00f6nnen und bittet diese, sich unter der Telefonnummer 0621\/174-4111 zu melden.<\/strong><\/li>\n<\/ul>\n\n\n\n<p>Mehrere r\u00fccksichtslose Autofahrerinnen und Autofahrer missachteten die polizeilichen Absperrma\u00dfnahmen, umfuhren Polizeifahrzeuge und durchfuhren die Unfallstelle sowie das Tr\u00fcmmerfeld. Auf die Ansprache der Einsatzkr\u00e4fte reagierten diese teilweise v\u00f6llig uneinsichtig.<\/p>\n\n\n\n<p>Das Polizeipr\u00e4sidium Mannheim weist darauf hin, dass es sich hierbei um eine Ordnungswidrigkeit oder in Einzelf\u00e4llen gar um eine Straftat handelt und appelliert an alle Verkehrsteilnehmerinnen und &#8211; teilnehmer, sich r\u00fccksichtsvoll im Stra\u00dfenverkehr zu verhalten. Absperrma\u00dfnahmen finden nicht grundlos statt und sind zu beachten, um Unfallopfer medizinisch betreuen zu k\u00f6nnen, den Einsatzkr\u00e4ften ein reibungsloses und sicheres Arbeiten zu erm\u00f6glichen und schlie\u00dflich auch um eine Gef\u00e4hrdung f\u00fcr Unbeteiligte auszuschlie\u00dfen.<\/p>\n\n\n\n<h2 class=\"wp-block-heading\">(Heidelberg) &#8211; Kollision nach Vorfahrtsmissachtung<\/h2>\n\n\n\n<p>Am Donnerstag fuhr eine 40-J\u00e4hrige mit einem Audi auf der Stra\u00dfe &#8222;Am Taubenfeld&#8220; in Richtung der Waldhofer Stra\u00dfe. An der dortigen Kreuzung missachtete nach derzeitigem Erkenntnisstand um kurz nach 08:30 Uhr ein aus der Waldhofer Stra\u00dfe kommender Volvo eines 62-J\u00e4hrigen die Vorfahrt des von links kommenden Audis. Bei der Kollision der beiden Fahrzeuge wurde zum Gl\u00fcck niemand verletzt, aber es entstand mit knapp 14.000 Euro ein erheblicher Sachschaden. Beide Autos mussten abgeschleppt werden. Der 62-J\u00e4hrige Unfallverursacher muss sich nun wegen der Missachtung der Vorfahrt verantworten.<\/p>\n\n\n\n<h2 class=\"wp-block-heading\">(Heidelberg) &#8211; Fahrstreifenwechsel f\u00fchrt zu Kollision<\/h2>\n\n\n\n<p>Am Donnerstag um 07:20 Uhr kam es auf der Speyerstra\u00dfe zu einer Kollision zwischen zwei Autos. Demnach befuhr ein 76-J\u00e4hriger mit seinem VW den linken Fahrstreifen der Speyerer Stra\u00dfe in Fahrtrichtung Heidelberg. Auf der H\u00f6he der Berufsfeuerwehr Heidelberg wechselte der 76-J\u00e4hrige auf den rechten Fahrstreifen und \u00fcbersah hierbei eine auf dem rechten Fahrstreifen befindliche 42-j\u00e4hrige BMW-Fahrerin. Hierbei touchierte der 76-J\u00e4hrige mit der rechten vorderen Seite seines VWs die linke Fahrer- sowie Hintert\u00fcr des BMWs der 42-J\u00e4hrigen. Es entstand ein Sachschaden in H\u00f6he von sch\u00e4tzungsweise 9.000 Euro.<\/p>\n\n\n\n<p>Eine Streife des Polizeireviers Heidelberg-S\u00fcd nahm den Unfall auf und veranlasste den Austausch der Personalien der Unfallbeteiligten.<\/p>\n\n\n\n<h2 class=\"wp-block-heading\">(Oftersheim \/ Rhein-Neckar-Kreis) &#8211; 18-J\u00e4hriger verletzt 22-J\u00e4hrigen mit Messer<\/h2>\n\n\n<div class=\"wp-block-image\">\n<figure class=\"aligncenter size-full\"><img decoding=\"async\" loading=\"lazy\" width=\"800\" height=\"621\" src=\"https:\/\/speyer24news.com\/wp-content\/uploads\/2021\/07\/Messer-Angriff-Bedrohung-2.jpg\" alt=\"\" class=\"wp-image-38504\" srcset=\"https:\/\/speyer24news.com\/wp-content\/uploads\/2021\/07\/Messer-Angriff-Bedrohung-2.jpg 800w, https:\/\/speyer24news.com\/wp-content\/uploads\/2021\/07\/Messer-Angriff-Bedrohung-2-300x233.jpg 300w, https:\/\/speyer24news.com\/wp-content\/uploads\/2021\/07\/Messer-Angriff-Bedrohung-2-768x596.jpg 768w\" sizes=\"(max-width: 800px) 100vw, 800px\" \/><figcaption class=\"wp-element-caption\">Symbolbild &#8222;\u00dcberfall Messer&#8220;, dient lediglich der Visualisierung<\/figcaption><\/figure><\/div>\n\n\n<p>Um kurz nach 2:30 Uhr kam es vor einer Schule in der Mannheimer Stra\u00dfe zu einer Auseinandersetzung zwischen zwei jungen M\u00e4nnern. Ein alkoholisierter 18-J\u00e4hriger fuchtelte dort mit einem Messer vor einer Gruppe Jugendlicher herum. Ein 22-J\u00e4hriger bemerkte dies und fordert den j\u00fcngeren Mann auf, dies zu unterlassen. Nach derzeitigen Erkenntnisstand stach der 18-J\u00e4hrige daraufhin gezielt in die Schulter des 22-J\u00e4hrigen und f\u00fcgte ihm dadurch eine kleine, ungef\u00e4hr 2 cm lange, Schnittwunde zu. Er kam zur weiteren medizinischen Behandlung in ein Krankenhaus. Polizeibeamtinnen und Polizeibeamte des Polizeireviers Schwetzingen nahmen den Tatverd\u00e4chtigen vorl\u00e4ufig fest und stellten das Messer sicher. Ein Test ergab, dass der 18-J\u00e4hrige mit fast 0,9 Promille alkoholisiert war. Zudem bestand der Verdacht, dass er unter der Wirkung von Bet\u00e4ubungsmitteln stand, weshalb er eine Blutprobe abgeben musste. Der 18-J\u00e4hrige muss sich nun wegen gef\u00e4hrlicher K\u00f6rperverletzung verantworten.<\/p>\n\n\n\n<h2 class=\"wp-block-heading\">(Leimen \/ Rhein-Neckar-Kreis) &#8211; Fahrstreifenwechsel f\u00fchrt zur Kollision \/ Polizei sucht Zeugen<\/h2>\n\n\n\n<p>Am Donnerstag um 16:15 Uhr kam es im Bereich der Kreuzung Rohrbacher Stra\u00dfe \/ B\u00fcrgermeister-Lingg-Stra\u00dfe bei einem Fahrstreifenwechsel zu einem Zusammensto\u00df zwischen einer 44-j\u00e4hrigen Renault-Fahrerin und einer 61-j\u00e4hrigen Citroen-Fahrerin. <\/p>\n\n\n\n<ul>\n<li><strong>Da die Aussagen der beiden Unfallbeteiligten zum Unfallhergang stark voneinander abweichen, sucht das Polizeirevier Wiesloch Zeugen, welche Angaben zum Unfallgeschehen machen k\u00f6nnen. Diese werden gebeten sich unter der Telefonnummer 06222 5709-0 zu melden.<\/strong><\/li>\n<\/ul>\n\n\n\n<h2 class=\"wp-block-heading\">(A 6 &#8211; ABK Walldorf \/ Rhein-Neckar-Kreis) &#8211; Verkehrsunfall mit mehreren Beteiligten auf der Autobahn<\/h2>\n\n\n\n<p>Am Freitag Abend um kurz vor 23:00 Uhr kam es auf der Bundesautobahn 6 zwischen dem Dreieck Hockenheim und dem Autobahnkreuz Walldorf zu einem Verkehrsunfall mit mehreren beteiligten Fahrzeugen. Rettungskr\u00e4fte und Polizei sind derzeit im Einsatz. Im Zuge der Verkehrsunfallaufnahme musste die Richtungsfahrbahn Heilbronn teilweise gesperrt werden. Es wird nachberichtet.<\/p>\n\n\n\n<h3 class=\"wp-block-heading has-text-align-center\">Pressemitteilung Nr. 2<\/h3>\n\n\n\n<p>Wie bereits berichtet&nbsp;<a target=\"_blank\" rel=\"noreferrer noopener\" href=\"https:\/\/www.presseportal.de\/blaulicht\/pm\/14915\/5711260\">https:\/\/www.presseportal.de\/blaulicht\/pm\/14915\/5711260<\/a><\/p>\n\n\n\n<p>ereignete sich um kurz vor 23:00 Uhr ein Verkehrsunfall mit Personenschaden auf der BAB 6, zwischen dem Dreieck Hockenheim und dem Autobahnkreuz Walldorf.<\/p>\n\n\n\n<p>Hierbei fuhr ein 23-j\u00e4hriger Tesla-Fahrer einer zeitgleich im \u00dcberholvorgang befindlichen 50-j\u00e4hrigen Land Rover-Fahrerin ungebremst auf. Durch die Kollision der beiden Fahrzeuge wurden die betreffenden Fahrzeug-F\u00fchrer als auch weitere in den Fahrzeugen befindliche Mitfahrer verletzt, durch Rettungskr\u00e4fte vor Ort medizinisch erstbetreut und teilweise auch in umliegende Klinken verbracht. Eine 22-j\u00e4hrige Mitfahrerin im Tesla, die Fahrerin des Land Rovers als auch eine 22-j\u00e4hrige Mitfahrerin wurden durch Rettungskr\u00e4fte, mit leichten Unfallverletzungen, zur weiteren Behandlung in umliegende Kliniken gebracht. Beide in den Verkehrsunfall verwickelte Fahrzeuge waren letztlich nicht mehr fahrbereit und mussten von der Unfallstelle abgeschleppt werden. Der durch den Unfall entstandene Sachschaden wurde auf 50.000 Euro gesch\u00e4tzt.<\/p>\n\n\n\n<h2 class=\"wp-block-heading\">(A 6 \/ Wiesloch \/ Sinsheim \/ Rhein-Neckar-Kreis) &#8211; Verkehrsunfall mit mehreren Fahrzeugen<\/h2>\n\n\n\n<p>Aufgrund eines Verkehrsunfalls mit mehreren beteiligten Fahrzeugen auf der Bundesautobahn A 6 zwischen den Anschlusstellen Wiesloch\/Rauenberg und Sinsheim kommt es in Fahrtrichtung Heilbronn derzeit zu Verkehrsbeeintr\u00e4chtigungen. Zum Unfallhergang und zu m\u00f6glichen Verletzten liegen derzeit noch keine Erkenntnisse vor. Polizei und Rettungskr\u00e4fte befinden sich an der Unfallstelle im Einsatz. Es wird nachberichtet.<\/p>\n\n\n\n<h3 class=\"wp-block-heading has-text-align-center\">Pressemitteilung Nr. 2<\/h3>\n\n\n\n<p>Bei dem Verkehrsunfall, der sich am Freitag gegen 15.35 Uhr auf der A 6 von Walldorf nach Heilbronn auf der H\u00f6he von Balsfeld ereignete, wurde keiner der Beteiligten verletzt. Vermutlich aufgrund nicht angepasster Geschwindigkeit zweier Beteiligter war es hier zu einem Unfall mit insgesamt 4 PKW gekommen, bei dem Sachschaden in H\u00f6he von ca. 50.000 Euro entstandt. Gegen 17.10 Uhr konnte die letzte der zeitweise gesperrten Fahrspuren wieder f\u00fcr den Verkehr freigegeben werden.<\/p>\n\n\n\n<h2 class=\"wp-block-heading\">(Wiesloch-Baiertal \/ Rhein-Neckar-Kreis) &#8211; Hund t\u00f6tet Gans \/ Zeugen gesucht!<\/h2>\n\n\n<div class=\"wp-block-image\">\n<figure class=\"aligncenter size-full\"><img decoding=\"async\" loading=\"lazy\" width=\"801\" height=\"600\" src=\"https:\/\/speyer24news.com\/wp-content\/uploads\/2020\/05\/Zeugen-gesucht-Neutral.jpg\" alt=\"\" class=\"wp-image-26598\" srcset=\"https:\/\/speyer24news.com\/wp-content\/uploads\/2020\/05\/Zeugen-gesucht-Neutral.jpg 801w, https:\/\/speyer24news.com\/wp-content\/uploads\/2020\/05\/Zeugen-gesucht-Neutral-300x225.jpg 300w, https:\/\/speyer24news.com\/wp-content\/uploads\/2020\/05\/Zeugen-gesucht-Neutral-768x575.jpg 768w, https:\/\/speyer24news.com\/wp-content\/uploads\/2020\/05\/Zeugen-gesucht-Neutral-678x509.jpg 678w, https:\/\/speyer24news.com\/wp-content\/uploads\/2020\/05\/Zeugen-gesucht-Neutral-326x245.jpg 326w, https:\/\/speyer24news.com\/wp-content\/uploads\/2020\/05\/Zeugen-gesucht-Neutral-80x60.jpg 80w\" sizes=\"(max-width: 801px) 100vw, 801px\" \/><\/figure><\/div>\n\n\n<p>Am Donnerstagmorgen gegen 09:50 Uhr fiel ein freilaufender Hund im Feldgebiet der Alten Hohl eine Gans an und t\u00f6tete diese. Der Gefl\u00fcgelbesitzer hatte seine Tiere wie gewohnt zum Freigang auf das nahegelegene Feld gelassen, von wo er pl\u00f6tzlich das laute Schnattern der Tiere vernahm. Bei der Nachschau stellte er zwei Hunde fest, welche die Tiere angriffen. Einer der beiden Hunde bekam eine Gans zu fassen und rannte mit dieser im Maul davon. Der Eigent\u00fcmer der Gans nahm die Verfolgung der Hunde auf, konnte sein Tier aber nicht mehr retten. Er fand die Gans leider nur noch leblos auf. Ein Hundehalter war nicht zu sehen. <\/p>\n\n\n\n<h3 class=\"wp-block-heading\">Die beiden Hunde werden wie folgt beschrieben: <\/h3>\n\n\n\n<ul>\n<li><strong>Ein Hund war schwarz, ca. 50cm hoch, hatte spitze Ohren und eine normale Statur. <\/strong><\/li>\n\n\n\n<li><strong>Der andere Hund war braun, ca. 50cm hoch mit abgeschnittenen oder kurzen Ohren.<\/strong><\/li>\n<\/ul>\n\n\n\n<ul>\n<li><strong>Das Polizeirevier hat die weiteren Ermittlungen aufgenommen und sucht nun Zeugen, welche Hinweise zu der Herkunft der Hunde geben k\u00f6nnen und bittet diese, sich unter der Telefonnummer 06222\/5709-0 zu melden.<\/strong><\/li>\n<\/ul>\n\n\n\n<h2 class=\"wp-block-heading\">(Rauenberg \/ Rhein-Neckar-Kreis) &#8211; Gro\u00dfe Notdurft auf Privatgrundst\u00fcck verrichtet<\/h2>\n\n\n\n<p>Am Donnerstag kurz nach 10:30 Uhr verrichtete eine bislang unbekannte \u00e4ltere Dame ihre gro\u00dfe Notdurft zwischen zwei Autos auf einem privaten Grundst\u00fcck in der Dielheimer Stra\u00dfe. Die Inhaberin des Grundst\u00fcckes sprach die \u00e4ltere Dame an, woraufhin diese zu verstehen gab, dass das jetzt sein m\u00fcsste und legte etwas Gras auf ihre Hinterlassenschaft.<\/p>\n\n\n\n<p>Das Polizeirevier Wiesloch hat ein Ordnungswidrigkeitenverfahren eingeleitet.<\/p>\n\n\n\n<h2 class=\"wp-block-heading\">(St.-Leon-Rot \/ Rhein-Neckar-Kreis) &#8211; Verkehrskontrolle endet in Verfolgungsfahrt<\/h2>\n\n\n\n<p>Als am Donnerstag um 12:30 Uhr eine Streife des Verkehrsdienstes Heidelberg ein Auto mit zwei Insassen mittels Signalgeber &#8222;Bitte Folgen&#8220; auf der A5 in Fahrtrichtung Heidelberg, kurz vor der Anschlussstelle Wiesloch-Walldorf, kontrollieren wollte, beschleunigte das Auto und fuhr \u00fcber den Standstreifen davon. An einem Parkplatz kam der hochmotorisierte Mercedes zum Stehen. Beim Eintreffen der Polizeibeamten konnte festgestellt werden, dass der Fahrer sowie der Beifahrer die Pl\u00e4tze getauscht hatten. Das Auto wurde beschlagnahmt. <\/p>\n\n\n\n<ul>\n<li><strong>Der Verkehrsdienst Heidelberg sucht nun Zeugen sowie Gesch\u00e4digte Verkehrsteilnehmer, welche durch das r\u00fccksichtslose Verhalten gef\u00e4hrdet wurden. Diese werden gebeten, sich unter der Telefonnummer 06227\/35826-0 zu melden.<\/strong><\/li>\n<\/ul>\n\n\n\n<p>Beide Personen m\u00fcssen sich nun wegen eines verbotenen Fahrzeugrennens verantworten.<\/p>\n\n\n\n<h2 class=\"wp-block-heading\">(Bammental \/ Rhein-Neckar-Kreis) &#8211; Passantin durch Hundebiss verletzt \/ Zeugen gesucht<\/h2>\n\n\n<div class=\"wp-block-image\">\n<figure class=\"aligncenter size-full\"><img decoding=\"async\" loading=\"lazy\" width=\"801\" height=\"600\" src=\"https:\/\/speyer24news.com\/wp-content\/uploads\/2020\/05\/Zeugen-gesucht-Neutral.jpg\" alt=\"\" class=\"wp-image-26598\" srcset=\"https:\/\/speyer24news.com\/wp-content\/uploads\/2020\/05\/Zeugen-gesucht-Neutral.jpg 801w, https:\/\/speyer24news.com\/wp-content\/uploads\/2020\/05\/Zeugen-gesucht-Neutral-300x225.jpg 300w, https:\/\/speyer24news.com\/wp-content\/uploads\/2020\/05\/Zeugen-gesucht-Neutral-768x575.jpg 768w, https:\/\/speyer24news.com\/wp-content\/uploads\/2020\/05\/Zeugen-gesucht-Neutral-678x509.jpg 678w, https:\/\/speyer24news.com\/wp-content\/uploads\/2020\/05\/Zeugen-gesucht-Neutral-326x245.jpg 326w, https:\/\/speyer24news.com\/wp-content\/uploads\/2020\/05\/Zeugen-gesucht-Neutral-80x60.jpg 80w\" sizes=\"(max-width: 801px) 100vw, 801px\" \/><\/figure><\/div>\n\n\n<p>Bereits am Dienstagvormittag, den 06.02.24, kam es im Paul-Linke-Weg um kurz nach 9 Uhr zu einem Vorfall beim Gassi gehen. W\u00e4hrend eine 58-J\u00e4hrige mit ihrem angeleinten Hund in Richtung Feldgebiet unterwegs war, kam ein aggressiver schwarzer Hund auf diese zu. Bevor sie sich in Sicherheit bringen konnte, biss der Hund zu und verletzte zun\u00e4chst den Vierbeiner der 58-J\u00e4hrigen an dessen Hinterlauf. Bei dem Versuch ihren Hund zu sch\u00fctzen, wurde sie durch den unbekannten Hund ins Schienbein gebissen und kam schlie\u00dflich zu Fall. Dabei verletzte sie sich nach bisherigen Erkenntnissen schwer und brach sich durch den Sturz den Arm. Der unbekannte Hundehalter, welcher zuvor vergeblich versucht hatte seinen unangeleinten Hund unter Kontrolle zu bringen, lies die verletzte Frau zur\u00fcck, ohne Hilfe zu leisten. <\/p>\n\n\n\n<h4 class=\"wp-block-heading\">Er kann durch die Gesch\u00e4digte beschrieben werden, als: <\/h4>\n\n\n\n<ul>\n<li><strong>45 Jahre<\/strong><\/li>\n\n\n\n<li><strong>ca. 1,90 Meter Gr\u00f6\u00dfe<\/strong><\/li>\n\n\n\n<li><strong>mit einem grau melierten Bart<\/strong><\/li>\n\n\n\n<li><strong>Zur Tatzeit trug er eine Strickm\u00fctze, eine Jeans und eine dunkle Jacke. <\/strong><\/li>\n<\/ul>\n\n\n\n<ul>\n<li><strong>Bei dem Hund handelte es sich um einen gro\u00dfen schwarzen Hund mit l\u00e4ngerem Haar, \u00e4hnlich eines Labradors, welcher auf den Namen &#8222;Jamie&#8220; h\u00f6rte.<\/strong><\/li>\n<\/ul>\n\n\n\n<p>Gegen den unbekannten Hundehalter wurde ein Ermittlungsverfahren wegen f\u00e4hrl\u00e4ssiger K\u00f6rperverletzung eingeleitet.<\/p>\n\n\n\n<ul>\n<li><strong>Personen, die sachdienliche Angaben zu dem Vorfall machen k\u00f6nnen, werden gebeten, sich beim Polizeiposten Meckesheim unter der Telefonnummer 06226\/1336 zu melden.<\/strong><\/li>\n<\/ul>\n\n\n\n<h2 class=\"wp-block-heading\">(Weinheim \/ Rhein-Neckar-Kreis) &#8211; Zeugen nach r\u00e4uberischem Diebstahl gesucht!<\/h2>\n\n\n<div class=\"wp-block-image\">\n<figure class=\"aligncenter size-full\"><img decoding=\"async\" loading=\"lazy\" width=\"800\" height=\"533\" src=\"https:\/\/speyer24news.com\/wp-content\/uploads\/2021\/11\/Schlaegerei.jpg\" alt=\"\" class=\"wp-image-42366\" srcset=\"https:\/\/speyer24news.com\/wp-content\/uploads\/2021\/11\/Schlaegerei.jpg 800w, https:\/\/speyer24news.com\/wp-content\/uploads\/2021\/11\/Schlaegerei-300x200.jpg 300w, https:\/\/speyer24news.com\/wp-content\/uploads\/2021\/11\/Schlaegerei-768x512.jpg 768w\" sizes=\"(max-width: 800px) 100vw, 800px\" \/><figcaption class=\"wp-element-caption\">Beispielbild Schl\u00e4gerei \/ K\u00f6rperverletzung, dient lediglich der Visualisierung<\/figcaption><\/figure><\/div>\n\n\n<p>Am Donnerstagvormittag gegen 10:20 Uhr versuchte ein derzeit noch unbekannter T\u00e4ter in einem Drogeriemarkt in der Hauptstra\u00dfe Parf\u00fcm im Wert von etwa 900 Euro zu entwenden und griff hierbei den Ladendetektiv an. Der Unbekannte verstaute mehrere Parf\u00fcmflaschen in einer pr\u00e4parierten Tasche, um somit ein Ausl\u00f6sen der Warensicherungsanlage zu umgehen. Er wurde jedoch vom Ladendetektiv bei der Tat beobachtet und beim Verlassen des Gesch\u00e4fts auf den Diebstahl angesprochen. Unvermittelt schlug der T\u00e4ter dem Angestellten mit der Faust ins Gesicht, um sich so die Flucht zu erm\u00f6glichen. Der Ladendetektiv ergriff den Mann jedoch an den Armen und versuchte diesen festzuhalten. Aufgrund des enormen Widerstands und weiteren Schl\u00e4gen ins Gesicht des Detektivs, gelang dem Unbekannten die Flucht in Richtung Institutstra\u00dfe. Die Beute lie\u00df er jedoch zur\u00fcck. Durch den Angriff wurde der Ladendetektiv leicht verletzt.<\/p>\n\n\n\n<h3 class=\"wp-block-heading\">Er wird wie folgt beschrieben: <\/h3>\n\n\n\n<ul>\n<li><strong>M\u00e4nnlich<\/strong><\/li>\n\n\n\n<li><strong>ca. 30 Jahre alt<\/strong><\/li>\n\n\n\n<li><strong>190 cm gro\u00df<\/strong><\/li>\n\n\n\n<li><strong>schlank<\/strong><\/li>\n\n\n\n<li><strong>ungepflegtes und nordafrikanisches Erscheinungsbild<\/strong><\/li>\n\n\n\n<li><strong>schwarze lange Jacke, gelbe Cap<\/strong><\/li>\n<\/ul>\n\n\n\n<ul>\n<li><strong>Das Polizeirevier Weinheim hat die weiteren Ermittlungen aufgenommen und bittet Zeugen, sich unter der Telefonnummer 06221\/1003-0 zu melden.<\/strong><\/li>\n<\/ul>\n","protected":false},"excerpt":{"rendered":"<div class=\"mh-excerpt\"><p>Polizeimeldungen vom Freitag (09.02.2024) (Speyer) &#8211; Einbruch in B\u00e4ckerei In der Nacht von Donnerstag auf Freitag brachen unbekannte T\u00e4ter in eine B\u00e4ckereifiliale in der Bahnhofstra\u00dfe ein. Die unbekannten T\u00e4ter verschafften sich zun\u00e4chst auf unbekannte Art <a class=\"mh-excerpt-more\" href=\"https:\/\/speyer24news.com\/?p=57700\" title=\"Polizeimeldungen Freitag (09.02.24)\">[&#8230;]<\/a><\/p>\n<\/div>","protected":false},"author":3,"featured_media":26162,"comment_status":"open","ping_status":"open","sticky":false,"template":"","format":"standard","meta":{"_monsterinsights_skip_tracking":false,"_monsterinsights_sitenote_active":false,"_monsterinsights_sitenote_note":"","_monsterinsights_sitenote_category":0,"footnotes":""},"categories":[15659],"tags":[7273,7243,7244,10926,13554,350,14537,15084,15267,14538,15361,702,61,2555,14113,6955,6986,6263,63,105,11150,6987,53,13540,16956,17274,4683,14958,12967,102,13626,213,14325,14324,13553,13541,16955,2625,380],"aioseo_notices":[],"amp_enabled":true,"_links":{"self":[{"href":"https:\/\/speyer24news.com\/index.php?rest_route=\/wp\/v2\/posts\/57700"}],"collection":[{"href":"https:\/\/speyer24news.com\/index.php?rest_route=\/wp\/v2\/posts"}],"about":[{"href":"https:\/\/speyer24news.com\/index.php?rest_route=\/wp\/v2\/types\/post"}],"author":[{"embeddable":true,"href":"https:\/\/speyer24news.com\/index.php?rest_route=\/wp\/v2\/users\/3"}],"replies":[{"embeddable":true,"href":"https:\/\/speyer24news.com\/index.php?rest_route=%2Fwp%2Fv2%2Fcomments&post=57700"}],"version-history":[{"count":2,"href":"https:\/\/speyer24news.com\/index.php?rest_route=\/wp\/v2\/posts\/57700\/revisions"}],"predecessor-version":[{"id":57703,"href":"https:\/\/speyer24news.com\/index.php?rest_route=\/wp\/v2\/posts\/57700\/revisions\/57703"}],"wp:featuredmedia":[{"embeddable":true,"href":"https:\/\/speyer24news.com\/index.php?rest_route=\/wp\/v2\/media\/26162"}],"wp:attachment":[{"href":"https:\/\/speyer24news.com\/index.php?rest_route=%2Fwp%2Fv2%2Fmedia&parent=57700"}],"wp:term":[{"taxonomy":"category","embeddable":true,"href":"https:\/\/speyer24news.com\/index.php?rest_route=%2Fwp%2Fv2%2Fcategories&post=57700"},{"taxonomy":"post_tag","embeddable":true,"href":"https:\/\/speyer24news.com\/index.php?rest_route=%2Fwp%2Fv2%2Ftags&post=57700"}],"curies":[{"name":"wp","href":"https:\/\/api.w.org\/{rel}","templated":true}]}}