{"id":57778,"date":"2024-02-20T19:29:51","date_gmt":"2024-02-20T18:29:51","guid":{"rendered":"https:\/\/speyer24news.com\/?p=57778"},"modified":"2024-02-20T19:34:39","modified_gmt":"2024-02-20T18:34:39","slug":"polizeimeldungen-wochenende-17-02-18-02-24","status":"publish","type":"post","link":"https:\/\/speyer24news.com\/?p=57778","title":{"rendered":"Polizeimeldungen Wochenende (17.02. \u2013 18.02.24)"},"content":{"rendered":"<style type=\"text\/css\">\r\n\t.ads_top_disp{}\r\n\t.ads_top_corner_disp{ float:left; margin:0px 10px 10px 0px; }\r\n\t.ads_first_p_disp{}\r\n\t.ads_bottom_disp{}\r\n\t<\/style>\n<h2 class=\"wp-block-heading\">Polizeimeldungen vom Wochenende (17.02. \u2013 18.02.2024)<\/h2>\n\n\n<div class=\"wp-block-image\">\n<figure class=\"aligncenter size-full\"><img decoding=\"async\" loading=\"lazy\" width=\"375\" height=\"500\" src=\"https:\/\/speyer24news.com\/wp-content\/uploads\/2022\/03\/Aktuelles-Polizeilogo.jpg\" alt=\"\" class=\"wp-image-43591\" srcset=\"https:\/\/speyer24news.com\/wp-content\/uploads\/2022\/03\/Aktuelles-Polizeilogo.jpg 375w, https:\/\/speyer24news.com\/wp-content\/uploads\/2022\/03\/Aktuelles-Polizeilogo-225x300.jpg 225w\" sizes=\"(max-width: 375px) 100vw, 375px\" \/><\/figure><\/div>\n\n\n<h2 class=\"wp-block-heading\">(Speyer) &#8211; Verkehrsunfall unter Alkoholeinfluss \/ Die Polizei ben\u00f6tigt Ihre Mithilfe<\/h2>\n\n\n<div class=\"wp-block-image\">\n<figure class=\"aligncenter size-full\"><img decoding=\"async\" loading=\"lazy\" width=\"600\" height=\"600\" src=\"https:\/\/speyer24news.com\/wp-content\/uploads\/2021\/02\/question-2309042_1920.jpg\" alt=\"\" class=\"wp-image-33695\" srcset=\"https:\/\/speyer24news.com\/wp-content\/uploads\/2021\/02\/question-2309042_1920.jpg 600w, https:\/\/speyer24news.com\/wp-content\/uploads\/2021\/02\/question-2309042_1920-150x150.jpg 150w, https:\/\/speyer24news.com\/wp-content\/uploads\/2021\/02\/question-2309042_1920-300x300.jpg 300w\" sizes=\"(max-width: 600px) 100vw, 600px\" \/><\/figure><\/div>\n\n\n<p>Am fr\u00fchen Sonntagmorgen konnte eine Streifenwagenbesatzung einen 31-j\u00e4hrigen aus Worms in der Wormser Stra\u00dfe in Speyer kontrollieren. Der schwarze VW Jetta des Tatverd\u00e4chtigen, welcher mit insgesamt drei M\u00e4nnern um die 30 Jahren besetzt war, wies an der Fahrerseite einen erheblichen und augenscheinlich frischen Unfallschaden auf. Der Fahrer stand deutlich unter dem Einfluss von Alkohol und pustete 2,45 Promille. Ihm wurde bei der Polizeiinspektion eine Blutprobe entnommen und sein F\u00fchrerschein wurde sichergestellt.<\/p>\n\n\n\n<p>Trotz intensiver Absuche konnte bisher kein Fahrzeug mit einem korrespondierenden Schaden festgestellt werden. Genau hier ben\u00f6tigen wir Ihre Mithilfe.<\/p>\n\n\n\n<ul>\n<li><strong>Haben Sie am Sonntagmorgen zwischen 2:45 Uhr und 3:30 Uhr im Bereich der Johannesstra\u00dfe\/Armbruststra\u00dfe oder der Altstadt einen schwarzen VW Jetta beobachtet? Jeder noch so zun\u00e4chst unbedeutend wirkende Hinweis k\u00f6nnte f\u00fcr das Ermittlungsverfahren entscheidend sein.<\/strong><\/li>\n\n\n\n<li><strong>Ihr Fahrzeug war zur Tatzeit in der Johannesstra\u00dfe \/ Armbruststra\u00dfe oder in der Altstadt geparkt und hat einen frischen Unfallschaden? Dann melden Sie sich unter Angabe des Aktenzeichens: 06\/1802 Stichwort: Presseaufruf; bei der Polizeiinspektion Speyer unter 06232 137-0 oder&nbsp;<a href=\"mailto:%20pispeyer@polizei.rlp.de\">pispeyer@polizei.rlp.de<\/a>.<\/strong><\/li>\n<\/ul>\n\n\n\n<h2 class=\"wp-block-heading\">(Speyer) &#8211; Mehrere Fahrten unter Alkoholeinfluss<\/h2>\n\n\n\n<p>In der Nacht von Samstag auf Sonntag kam es zu mehreren Verkehrsdelikten in Zusammenhang mit Alkoholeinfluss.<\/p>\n\n\n\n<ul>\n<li>Zun\u00e4chst teilte ein aufmerksamer B\u00fcrger mit, dass ein Audi A4 von der B39 in Fahrtrichtung Landauer Stra\u00dfe &#8222;Schlangenlinien&#8220; fahren w\u00fcrde. Zudem bremse er ohne sichtlichen Grund sein Fahrzeug ab und beschleunigte es wieder. Nachdem der Fahrer sein Fahrzeug geparkt hatte, konnte dieser durch die Polizei kontrolliert werden. Bei der Kontrolle konnte der Grund f\u00fcr die auff\u00e4llige Fahrweise festgestellt werden: Der Fahrer stand unter Alkoholeinfluss. Die Konsequenz: Die Entnahme einer Blutprobe und die Er\u00f6ffnung eines Strafverfahrens wegen Trunkenheit im Verkehr.<\/li>\n\n\n\n<li>Auch ein 60-j\u00e4hriger Speyrer muss sich einem Ermittlungsverfahren wegen Trunkenheit im Verkehr stellen. Er wurde von einer Streife gegen 23:43 Uhr dabei beobachtet, wie er seinen Skoda in der Bahnhofstra\u00dfe mehrfach ohne sichtlichen Grund in den Gegenverkehr gelenkt hatte. Auch bei dieser Verkehrskontrolle konnte deutlicher Alkoholgeruch festgestellt werden. Dem Fahrer wurde ebenfalls eine Blutprobe entnommen.<\/li>\n<\/ul>\n\n\n\n<h2 class=\"wp-block-heading\">(Speyer) &#8211; Serie von Diebst\u00e4hlen aus PKWs<\/h2>\n\n\n\n<p>Am Samstag, gegen 00:00 Uhr meldet eine Zeugin der Polizei, dass sie eine verd\u00e4chtige Person in der Kettelerstra\u00dfe wahrgenommen habe, welche sich an ihrem PKW zu schaffen mache. Der Mann sei durch die Stra\u00dfe gelaufen und habe an den T\u00fcrgriffen der geparkten PKWs gezogen, um diese nach M\u00f6glichkeit zu \u00f6ffnen.<\/p>\n\n\n\n<p>Auf Grund der durch die Zeugin abgegebene Beschreibung konnte ein Tatverd\u00e4chtiger durch die Polizeibeamten im Nahbereich festgestellt und einer Kontrolle unterzogen werden. Der Mann konnte keine plausiblen Angaben zu seinem Aufenthalt in der N\u00e4he der Tat\u00f6rtlichkeit machen.<\/p>\n\n\n\n<p>Die Beamten konnten in der Nacht insgesamt drei ge\u00f6ffnete und durchw\u00fchlte PKWs feststellen. Aus einem dieser PKWs sei nach Angaben eines Gesch\u00e4digten Bargeld in H\u00f6he von 100 Euro entwendet worden.<\/p>\n\n\n\n<h2 class=\"wp-block-heading\">(Speyer) &#8211; Randalierer wird festgenommen und inhaftiert<\/h2>\n\n\n<div class=\"wp-block-image\">\n<figure class=\"aligncenter size-full\"><img decoding=\"async\" loading=\"lazy\" width=\"800\" height=\"533\" src=\"https:\/\/speyer24news.com\/wp-content\/uploads\/2020\/06\/Zelle.jpg\" alt=\"\" class=\"wp-image-28203\" srcset=\"https:\/\/speyer24news.com\/wp-content\/uploads\/2020\/06\/Zelle.jpg 800w, https:\/\/speyer24news.com\/wp-content\/uploads\/2020\/06\/Zelle-300x200.jpg 300w, https:\/\/speyer24news.com\/wp-content\/uploads\/2020\/06\/Zelle-768x512.jpg 768w\" sizes=\"(max-width: 800px) 100vw, 800px\" \/><figcaption class=\"wp-element-caption\">Beispielbild Zelle \/ Verhaftung, dient lediglich der Visualisierung<\/figcaption><\/figure><\/div>\n\n\n<p>Am Freitagabend gegen 22:00 Uhr meldet ein Mitarbeiter des Diakonissenkrankenhauses in Speyer eine stark alkoholisierte, m\u00e4nnliche Person, welche sich nach Einlieferung renitent verhalten w\u00fcrde. Die Polizeibeamten vor Ort konnten im Rahmen der Sachverhaltskl\u00e4rung und Identit\u00e4tspr\u00fcfung des Mannes feststellen, dass gegen den diesen ein offener Haftbefehl bestand. Auf Grund Zahlungsunf\u00e4higkeit wurde der Mann durch die Beamten in die Justizvollzugsanstalt nach Frankenthal verbracht.<\/p>\n\n\n\n<h2 class=\"wp-block-heading\">(Speyer) &#8211; Eingeschlagene Heckscheibe an PKW<\/h2>\n\n\n\n<p>Am Freitag, kurz vor 7 Uhr wurde der Polizei durch eine Anwohnerin ein lautes Ger\u00e4usch in der Steingasse gemeldet. Die eingesetzten Beamten konnten vor Ort einen am Stra\u00dfenrand geparkten PKW feststellen, dessen Heckscheibe eingeschlagen wurde. In unmittelbarer N\u00e4he konnte durch die Zeugin eine dunkel gekleidete Person wahrgenommen werden, welche sich augenscheinlich schwankend von der Tat\u00f6rtlichkeit entfernte. Die Person konnte durch die Polizeibeamten vor Ort nicht mehr angetroffen werden. Aus dem Fahrzeug wurde nichts entwendet. Es entstand ein Sachschaden in H\u00f6he von 500 Euro.<\/p>\n\n\n\n<h2 class=\"wp-block-heading\">(B\u00f6hl-Iggelheim) &#8211; Sturz durch Hundesprung<\/h2>\n\n\n\n<p>Bereits am 15.02.2024 gegen 13:00 Uhr st\u00fcrzte eine 88-j\u00e4hrige Frau in der Hauptstra\u00dfe in B\u00f6hl-Iggelheim und verletzte sich. Wie der Polizei nachtr\u00e4glich mitgeteilt wurde, war die 88-j\u00e4hrige an genannter \u00d6rtlichkeit spazieren, als ein Hund auf sie zugelaufen kam, sie umrundete und letztlich an ihr hochsprang. Dabei st\u00fcrzte die Spazierg\u00e4ngerin und musste in einem Krankenhaus behandelt werden. Der Hundebesitzer zog seinen Hund weg und eilte der Dame zur Hilfe. Zu einem Austausch der Personalien sei es jedoch nicht gekommen. <\/p>\n\n\n\n<ul>\n<li><strong>Daher bittet die Polizei Schifferstadt darum, dass sich der Hundehalter oder auch Zeugen des Vorfalls auf der Dienststelle melden. Telefonnummer 06235 &#8211; 495-0 oder per E-Mail (<a href=\"mailto:pischifferstadt@polizei.rlp.de\">pischifferstadt@polizei.rlp.de<\/a><\/strong>).<\/li>\n<\/ul>\n\n\n\n<h2 class=\"wp-block-heading\">(B 9 \/ Germersheim) &#8211; Handykontrollen \/ Mehrere Handyverst\u00f6\u00dfe bei \u00dcberwachung auf der B 9 festgestellt!<\/h2>\n\n\n<div class=\"wp-block-image\">\n<figure class=\"aligncenter size-full\"><img decoding=\"async\" loading=\"lazy\" width=\"800\" height=\"594\" src=\"https:\/\/speyer24news.com\/wp-content\/uploads\/2023\/09\/Handy.jpg\" alt=\"\" class=\"wp-image-54494\" srcset=\"https:\/\/speyer24news.com\/wp-content\/uploads\/2023\/09\/Handy.jpg 800w, https:\/\/speyer24news.com\/wp-content\/uploads\/2023\/09\/Handy-300x223.jpg 300w, https:\/\/speyer24news.com\/wp-content\/uploads\/2023\/09\/Handy-768x570.jpg 768w, https:\/\/speyer24news.com\/wp-content\/uploads\/2023\/09\/Handy-80x60.jpg 80w\" sizes=\"(max-width: 800px) 100vw, 800px\" \/><\/figure><\/div>\n\n\n<p>Am Freitag, zwischen 14.00 bis 16.00 Uhr \u00fcberwachte eine Streifenbesatzung der Polizeiinspektion Germersheim den Stra\u00dfenverkehr auf der B 9 entlang Germersheim im Hinblick auf die Nutzung von Mobiltelefonen w\u00e4hrend der Fahrt. Die Streifenbesatzung konnte in dem o.a. Zeitraum 9 Verst\u00f6\u00dfe von Verkehrsteilnehmern ahnden, die w\u00e4hrend der Fahrt mit ihrem Mobiltelefon in der Hand telefonierten.<\/p>\n\n\n\n<h2 class=\"wp-block-heading\">(Landau) &#8211; Radfahrer zeigt Polizeibeamten den Mittelfinger<\/h2>\n\n\n\n<p>&#8222;Meine Sache, mein Problem, aber ihr k\u00f6nnt gerne meinen Mittelfinger sehn&#8220;&#8230; lautete vermutlich das Motto eines 19-j\u00e4hrigen, der in der Nacht auf Sonntag gegen 00:30 Uhr in deutlichen Schlangenlinien mit dem Fahrrad und laut schreiend an einer Polizeistreife in Landau vorbei fuhr. Die Polizeibeamten befanden sich gerade in einer Verkehrskontrolle und folgten dem Radfahrer, der sich in deutlichen Schlangenlinien fortbewegte. Kurz vor der Kontrolle zeigte der Radfahrer den Polizeibeamten ohne erkennbaren Grund den Mittelfinger. Da er offensichtlich unter Alkohol-\/Drogeneinfluss stand, wurde bei der Polizei Landau eine Blutprobe entnommen. Die Polizei erstattet Anzeige wegen Beleidigung und Trunkenheit im Verkehr, auch wird die verantwortliche F\u00fchrerscheinstelle unterrichtet.<\/p>\n\n\n\n<h2 class=\"wp-block-heading\">(Landau) &#8211; Unbelehrbar und uneinsichtig bei Verkehrskontrolle mit Ladungsversto\u00df<a href=\"https:\/\/www.facebook.com\/sharer.php?u=https%3A%2F%2Fwww.presseportal.de%2Fblaulicht%2Fpm%2F117686%2F5716229%2F%3Futm_source%3Dfacebook%26utm_medium%3Dsocial\"><\/a><a href=\"https:\/\/twitter.com\/intent\/tweet?text=POL-PDLD%3A%20Unbelehrbar%20und%20uneinsichtig%20bei%20Verkehrskontrolle%20mit%20Ladungsversto%C3%9F&amp;url=https%3A%2F%2Fwww.presseportal.de%2Fblaulicht%2Fpm%2F117686%2F5716229%2F%3Futm_source%3Dtwitter%26utm_medium%3Dsocial&amp;hashtags=ots&amp;lang=de\"><\/a><a href=\"https:\/\/web.whatsapp.com\/send?text=POL-PDLD%3A%20Unbelehrbar%20und%20uneinsichtig%20bei%20Verkehrskontrolle%20mit%20Ladungsversto%C3%9F%0A%0Ahttps%3A%2F%2Fwww.presseportal.de%2Fblaulicht%2Fpm%2F117686%2F5716229%2F%3Futm_source%3Dwhatsapp%26utm_medium%3Dsocial\"><\/a><a href=\"https:\/\/www.xing.com\/app\/user?op=share;url=https%3A%2F%2Fwww.presseportal.de%2Fblaulicht%2Fpm%2F117686%2F5716229%2F%3Futm_source%3Dxing%26utm_medium%3Dsocial\"><\/a><a href=\"http:\/\/www.linkedin.com\/shareArticle?mini=true&amp;url=https%3A%2F%2Fwww.presseportal.de%2Fblaulicht%2Fpm%2F117686%2F5716229%2F%3Futm_source%3Dlinkedin%26utm_medium%3Dsocial&amp;title=POL-PDLD%3A+Unbelehrbar+und+uneinsichtig+bei+Verkehrskontrolle+mit+Ladungsversto%C3%9F\"><\/a><a href=\"mailto:?subject=POL-PDLD%3A%20Unbelehrbar%20und%20uneinsichtig%20bei%20Verkehrskontrolle%20mit%20Ladungsversto%C3%9F&amp;body=https:\/\/www.presseportal.de\/blaulicht\/pm\/117686\/5716229\"><\/a><\/h2>\n\n\n<div class=\"wp-block-image\">\n<figure class=\"aligncenter\"><a href=\"https:\/\/cache.pressmailing.net\/thumbnail\/story_hires\/a95aee11-d189-4833-9ddb-e672b2db4142\/Ladung.JPG.jpg\"><img decoding=\"async\" src=\"https:\/\/cache.pressmailing.net\/thumbnail\/story_big\/a95aee11-d189-4833-9ddb-e672b2db4142\/pol-pdld-unbelehrbar-und-uneinsichtig-bei-verkehrskontrolle-mit-ladungsversto\" alt=\"POL-PDLD: Unbelehrbar und uneinsichtig bei Verkehrskontrolle mit Ladungsversto\u00df\"\/><\/a><\/figure><\/div>\n\n\n<p>Am Freitag den 16.02.2024 gegen 16:30 Uhr kontrollierten Polizeibeamte in der Zweibr\u00fccker Stra\u00dfe in Landau einen PKW mit Anh\u00e4nger. Auf dem Anh\u00e4nger wurde, v\u00f6llig ungesichert, ein gro\u00dfer Heuballen transportiert. Der 67-j\u00e4hrige Fahrer zeigte sich v\u00f6llig uneinsichtig, es sei doch schlie\u00dflich &#8222;noch nie etwas passiert!&#8220;. Auf das erste Mal lie\u00dfen es die Polizeibeamten nicht ankommen, die Weiterfahrt wurde bis zur Sicherung der Ladung untersagt. Gegen den Fahrer aus dem Kreis S\u00dcW wurde eine Verkehrs-OWI-Anzeige erstattet, bez\u00fcglich seines uneinsichtigen Verhaltens vor Ort wurde die zust\u00e4ndige Fahrerlaubnisbeh\u00f6rde unterrichtet.<\/p>\n\n\n\n<h2 class=\"wp-block-heading\">(Edesheim) &#8211; Alkoholisierter Fahrzeugf\u00fchrer bei Standkontrolle erwischt<\/h2>\n\n\n\n<p>Bei einer Verkehrskontrolle am Samstag, 17.02.2024 um 18:45 Uhr wurde ein 42-j\u00e4hriger Fahrzeugf\u00fchrer aus dem Landkreis Karlsruhe an der Leonard-Eckel-Siedlung angehalten. Da die Beamten deutlich Alkoholgeruch wahrnahmen, wurde dem Fahrer ein freiwilliger Atemalkoholtest angeboten. Dieser best\u00e4tigte den Verdacht, dass der Fahrer mit fast 1 Promille mit seinem Pkw unterwegs war. Die Beifahrerin bot sich bereitwillig an, die Fahrt nach der polizeilichen Ma\u00dfnahme fortzusetzen. Da sie aber ebenfalls zuvor Alkohol konsumiert hatte und der durchgef\u00fchrte Atemalkoholtest bei ihr sogar 1,5 Promille ergab, wurde ihr ebenfalls die Weiterfahrt mit dem Pkw untersagt. Den Fahrer erwartet nun neben einer Geldbu\u00dfe in H\u00f6he von 500 EUR und zwei Punkten in Flensburg noch ein einmonatiges Fahrverbot. Die Fahrt nach Hause musste das Paar mit dem Taxi antreten.<\/p>\n\n\n\n<h2 class=\"wp-block-heading\">(Neustadt) &#8211; Alkoholisiert gegen den Baum gefahren&#8230;<\/h2>\n\n\n\n<p>&#8230; ist am 18.02.2024 um 11:00 Uhr ein 45-J\u00e4hriger aus Neustadt\/W. mit seinem Mountainbike in der Speyerdorfer Stra\u00dfe in 67433 Neustadt\/W.. Die Beamten konnten n\u00e4mlich im Rahmen der Unfallaufnahme starken Atemalkoholgeruch bei dem Radfahrer feststellen. Diesem wurde letztlich eine Blutprobe entnommen. Durch die Kollision zog sich dieser eine Sch\u00e4del-Basis-Fraktur zu, weshalb er station\u00e4r im Krankenhaus aufgenommen wurde. An dem Fahrrad entstand kein Sachschaden. Dieses wurde an eine Angeh\u00f6rige \u00fcbergeben. Da an der Unfall\u00f6rtlichkeit keinerlei Unfallzeugen festgestellt werden konnten, bittet die Polizei Neustadt\/W. Personen, welche sachdienliche Angaben machen k\u00f6nnen, sich bei dieser zu melden.<\/p>\n\n\n\n<h2 class=\"wp-block-heading\">(Neustadt) &#8211; Hungrige und durstige Einbrecher<\/h2>\n\n\n\n<p>Im Zeitraum vom 17.02.2024, 17:30 Uhr bis zum 18.02.2024 brachen bislang unbekannte T\u00e4ter das Kellerfenster der Hellerh\u00fctte im Pf\u00e4lzer Wald auf. Im Inneren der H\u00fctte entwendeten die T\u00e4ter diverse Wurstwaren und Bier. Dadurch entstand ein Gesamtschaden in H\u00f6he von 1500 Euro. <\/p>\n\n\n\n<ul>\n<li><strong>Hinweise, welche zur Aufkl\u00e4rung der Tat dienen, erbittet die Polizei Neustadt\/W. entweder per Mail an&nbsp;<a href=\"mailto:%20pineustadt@polizei.rlp.de\">pineustadt@polizei.rlp.de<\/a>&nbsp;oder per Tel. unter 06321\/854-0.<\/strong><\/li>\n<\/ul>\n\n\n\n<h2 class=\"wp-block-heading\">(Neustadt) &#8211; Einbruchsdiebstahl<\/h2>\n\n\n\n<p>Im Zeitraum vom 17.02.2024, 19:00 Uhr bis zum 18.02.2024, 00:15 Uhr wurde durch unbekannte T\u00e4terschaft die Hauseingangst\u00fcr eines Mehrfamilienhauses in der Robert-Stolz-Stra\u00dfe in 67433 Neustadt\/W. aufgebrochen. Im weiteren Verlauf wurde eine Wohnungst\u00fcr im ersten Obergeschoss aufgebrochen und die Wohnr\u00e4ume durchw\u00fchlt. Ob etwas entwendet wurde, ist Bestandteil der laufenden Ermittlungen.<\/p>\n\n\n\n<h2 class=\"wp-block-heading\">(Neustadt) &#8211; Zeugenaufruf nach Verkehrsunfallflucht<\/h2>\n\n\n\n<p>Am 17.02.2024 im Zeitraum von 08:30 Uhr bis 19:10 Uhr parkte eine 47-J\u00e4hrige ihren Mercedes auf dem Parkplatz eines Supermarktes in der Talstra\u00dfe 67434 Neustadt\/W.. Als sie zu ihrem Fahrzeug zur\u00fcckkehrte, stellte sie einen Schaden an ihrem Fahrzeugheck fest. Der Unfallverursacher entfernte sich von der Unfall\u00f6rtlichkeit, ohne seinen Pflichten nachzukommen. <\/p>\n\n\n\n<ul>\n<li><strong>Zeugen, welche sachdienliche Hinweise zu dem Unfallhergang machen k\u00f6nnen, werde gebeten, sich bei der Polizei Neustadt\/W. zu melden.<\/strong><\/li>\n<\/ul>\n\n\n\n<h2 class=\"wp-block-heading\">(Neustadt) &#8211; Taschendiebstahl in der Fu\u00dfg\u00e4ngerzone<\/h2>\n\n\n\n<p>Am 17.02.2024 im Zeitraum zwischen 16:00 Uhr und 16:15 Uhr befand sich eine 85-j\u00e4hrige Neustadterin fu\u00dfl\u00e4ufig in der Fu\u00dfg\u00e4ngerzone in der Hauptstra\u00dfe in 67433 Neustadt\/W.. Hierbei trug sie ihren Rucksack eng am K\u00f6rper. Als die Dame in einem Gesch\u00e4ft bezahlen wollte, bemerkte sie, dass durch unbekannte T\u00e4terschaft ihr Geldbeutel entwendet wurde. Hierdurch entstand ein Schaden in H\u00f6he von 250 Euro. Die Polizei weist in diesem Zusammenhang nochmals ausdr\u00fccklich darauf hin, dass Rucksack bestm\u00f6glich geschlossen und eng am K\u00f6rper zu tragen sind, damit Unbefugte keinen Zugriff auf solche erlangen k\u00f6nnen.<\/p>\n\n\n\n<h2 class=\"wp-block-heading\">(Neustadt) &#8211; Betrunken im Stra\u00dfenverkehr unterwegs<\/h2>\n\n\n\n<p>Am 16.02.2024 um 21:50 Uhr wurde hiesiger Dienststelle ein auff\u00e4llig fahrender BMW im Bereich der Chemnitzer Stra\u00dfe in 67433 Neustadt\/W. gemeldet. Das Fahrzeug konnte letztlich im Bereich eines Schnellimbisses einer Verkehrskontrolle unterzogen werden. Der Grund f\u00fcr die auff\u00e4llige und teilweise unsichere Fahrweise war schnell gefunden, da die 48-j\u00e4hrige Fahrerin unter Alkoholeinfluss stand. Ein entsprechender Vortest ergab einen Wert von 1,4 Promille, weshalb der Dame eine Blutprobe entnommen und deren F\u00fchrerschein sichergestellt wurde. Da auch die Beifahrerin der Frau alkoholisiert war, wurde der Fahrzeugschl\u00fcssel ebenfalls sichergestellt. Nun kommt auf die BMW-Fahrerin aus Neustadt\/W. ein Strafverfahren wegen der begangenen Trunkenheitsfahrt zu. Zudem wird die zust\u00e4ndige F\u00fchrerscheinstelle \u00fcber den Vorfall informiert.<\/p>\n\n\n\n<h2 class=\"wp-block-heading\">(Ha\u00dfloch) &#8211; Fluchtversuch mit Kleinkraftrad gescheitert<\/h2>\n\n\n\n<p>Am 18.02.2024 gegen 11:25 Uhr sollte ein Kleinkraftrad in der Stra\u00dfe ,,Am Schachtelgraben&#8220; in 67454 Ha\u00dfloch einer Verkehrskontrolle unterzogen werden. Dieser versuchte sich jedoch mit \u00fcberh\u00f6hter Geschwindigkeit der Kontrolle zu entziehen. Die Flucht f\u00fchrte durch mehrere Stra\u00dfen und Parkpl\u00e4tze in Ha\u00dfloch. Schlussendlich fuhr der Kleinkraftradfahrer auf einen unbefestigten landwirtschaftlichen Weg, sodass dieser die Kontrolle \u00fcber sein Kleinkraftrad verlor und zu Fall kam. Im Anschluss fl\u00fcchtet der 20-J\u00e4hrige in ein angrenzendes Waldst\u00fcck, wo dieser letztendlich gestellt werden konnte. Urs\u00e4chlich f\u00fcr die Flucht war eine fehlende g\u00fcltige Fahrerlaubnis f\u00fchr das Kleinkraftrad, sowie der Einfluss von Bet\u00e4ubungsmitteln. Das gef\u00fchrte Kleinkraftrad wurde zwecks der \u00dcberpr\u00fcfung der H\u00f6chstgeschwindigkeit sichergestellt. Dem 20 Jahre alten Ha\u00dflocher wurde in hiesiger Dienststelle eine Blutprobe entnommen. Nun muss sich der 20-J\u00e4hrige in mehreren Strafverfahren, sowie Ordnungswidrigkeitenverfahren verantworten. Weiter wird die zust\u00e4ndige F\u00fchrerscheinstelle \u00fcber den Vorfall in Kenntnis gesetzt.<\/p>\n\n\n\n<h2 class=\"wp-block-heading\">(Bad D\u00fcrkheim) &#8211; Alkoholisiert am Steuer<\/h2>\n\n\n\n<p>Am fr\u00fchen Sonntag Morgen, 18.02.2024 gegen 01:40 Uhr, wurde der F\u00fchrer eines BMW, aufgrund unsicherer Fahrweise, in der Bruchstra\u00dfe in Bad D\u00fcrkheim einer Verkehrskontrolle unterzogen. Im Rahmen der Verkehrskontrolle konnte bei dem 41-j\u00e4hrigen Fahrzeugf\u00fchrer aus Ha\u00dfloch deutlicher Alkoholgeruch in der Atemluft festgestellt werden. Ein freiwillig durchgef\u00fchrter Atemalkoholtest ergab einen Wert von 1,14 Promille. Dem Fahrzeugf\u00fchrer wurde im weiteren Verlauf eine Blutprobe entnommen und der F\u00fchrerschein wurde sichergestellt. Den 41-j\u00e4hrigen erwartet nun ein Strafverfahren wegen einer Trunkenheitsfahrt gem\u00e4\u00df \u00a7316 StGB.<\/p>\n\n\n\n<h2 class=\"wp-block-heading\">(Bad D\u00fcrkheim) &#8211; Berauscht am Steuer<\/h2>\n\n\n\n<p>Im Rahmen einer Verkehrskontrolle am fr\u00fchen Samstag Morgen, 17.02.2024 gegen 02:20 Uhr, in der Kaiserslauterer Stra\u00dfe konnte bei einem 22-j\u00e4hrigen Fahrzeugf\u00fchrer aus Bad D\u00fcrkheim Alkoholgeruch in der Atemluft festgestellt werden. Ein freiwillig durchgef\u00fchrter Atemalkoholtest ergab einen Wert von 1,18 Promille. Zus\u00e4tzlich gab der 22-j\u00e4hrige an, dass er in den letzten 24 Stunden Marihuana konsumiert habe. Einen freiwilligen Drogenvortest verweigerte der Fahrzeugf\u00fchrer. Dem jungen Mann wurde im weiteren Verlauf eine Blutprobe entnommen und der F\u00fchrerschein wurde sichergestellt. Den jungen Mann erwartet nun ein Strafverfahren wegen einer &#8222;Trunkenheitsfahrt&#8220; gem\u00e4\u00df \u00a7316 StGB. Die zust\u00e4ndige F\u00fchrerscheinstelle wurde ebenfalls \u00fcber den Vorfall in Kenntnis gesetzt.<\/p>\n\n\n\n<h2 class=\"wp-block-heading\">(Weisenheim am Berg) &#8211; Zeugensuche nach Einbr\u00fcchen in Wohnh\u00e4user<\/h2>\n\n\n\n<p>Am Abend des 17.02.2024, zwischen 20:00 Uhr und 23:00 Uhr, mussten zwei Wohnparteien der Ortschaft Weisenheim am Berg feststellen, dass bislang unbekannte T\u00e4ter in ihre Wohnh\u00e4user eingebrochen waren. Hierzu verschafften sich die bislang unbekannten T\u00e4ter Zugang zu den Objekten, indem sie ein Fenster aufhebelten. Die Ermittlungen bez\u00fcglich der entwendeten Gegenst\u00e4nde bzw. der genauen Schadensh\u00f6he dauern noch an. <\/p>\n\n\n\n<ul>\n<li><strong>Hinweise bitte an die Polizeiinspektion Bad D\u00fcrkheim, Tel. 06322\/963-0, oder&nbsp;<a href=\"mailto:%20pibadduerkheim@polizei.rlp.de\">pibadduerkheim@polizei.rlp.de<\/a><\/strong><\/li>\n<\/ul>\n\n\n\n<h2 class=\"wp-block-heading\">(Gr\u00fcnstadt) &#8211; PKW unter dem Einfluss von Bet\u00e4ubungsmittel gef\u00fchrt<\/h2>\n\n\n\n<p>Am Samstag den 17.02.2024 kontrollierte eine Streife der Polizeiinspektion Gr\u00fcnstadt gegen 10:12 Uhr in Gr\u00fcnstadt einen 41-j\u00e4hrigen Mann aus Ebertsheim in seinem PKW. In der Kontrolle stellten die Beamten fest, dass der Fahrzeugf\u00fchrer unter dem Einfluss von Bet\u00e4ubungsmitteln stand. Ein durchgef\u00fchrter Drogenvortest verlief positiv auf THC, dem Wirkstoff von Cannabis. Der Mann musste die Beamten zur Entnahme einer Blutprobe auf die Dienststelle begleiten. Auf ihn kommt nun ein Ordnungswidrigkeits- sowie ein Strafverfahren zu. Au\u00dferdem wird die zust\u00e4ndige F\u00fchrerscheinstelle \u00fcber den Versto\u00df in Kenntnis gesetzt.<\/p>\n\n\n\n<h2 class=\"wp-block-heading\">(Gr\u00fcnstadt) &#8211; Verkehrsunfall beim Abbiegen \/ Person verletzt<\/h2>\n\n\n\n<p>Am 16.02.204 gegen 19:00 Uhr kam es im Kreuzerweg in Gr\u00fcnstadt zu einem Verkehrsunfall zwischen einem PKW und einem Fu\u00dfg\u00e4nger, wodurch der Fu\u00dfg\u00e4nger schwer verletzt wurde.<\/p>\n\n\n\n<p>Der 36-j\u00e4hrige Fahrer eines VW befuhr die Sausenheimer Stra\u00dfe aus Richtung Sausenheim kommend. Der 79-j\u00e4hrige Fu\u00dfg\u00e4nger passierte im Einm\u00fcndungsbereich Kreuzerweg \/ Sausenheimer Stra\u00dfe fu\u00dfl\u00e4ufig die Lichtzeichenanlage. Der Fahrzeugf\u00fchrer bog mit seinem PKW von der Sausenheimer Stra\u00dfe nach rechts auf den Kreuzerweg ab und \u00fcbersah hierbei den kreuzenden Fu\u00dfg\u00e4nger. Sowohl die Lichtzeichenanlage des Fu\u00dfg\u00e4ngers, als auch die Lichtzeichenanlage des PKW-Fahrers zeigten gr\u00fcnes Licht. Der Fu\u00dfg\u00e4nger wurde nach der Kollision zur weiteren medizinischen Versorgung in ein nahegelegenes Krankenhaus verbracht.<\/p>\n\n\n\n<p>Es gilt beim Abbiegen die besondere Vorsicht, da auch kreuzende Fu\u00dfg\u00e4ngerampeln gr\u00fcnes Licht geschaltet haben k\u00f6nnen.<\/p>\n\n\n\n<h2 class=\"wp-block-heading\">(Gr\u00fcnstadt) &#8211; E-Scooter Fahrer unter Drogeneinfluss<\/h2>\n\n\n\n<p>Am 16.02.2024 gegen 17:24 Uhr wurde ein 22-j\u00e4hriger E-Scooter Fahrer aus Gro\u00dfkarlbach in der Friedrich-Ebert-Stra\u00dfe in Gr\u00fcnstadt einer allgemeinen Verkehrskontrolle unterzogen. Im Verlauf der Kontrolle fielen den Beamten drogentypische Auff\u00e4lligkeiten auf. Ein freiwillig durchgef\u00fchrter Drogentest reagierte positiv auf THC. Dem Fahrer wurde die Weiterfahrt untersagt und die Blutentnahme angeordnet.<\/p>\n\n\n\n<p>Auf den Fahrer kommt nun ein Ordnungswidrigkeits- sowie ein Strafverfahren zu. Au\u00dferdem wird die zust\u00e4ndige F\u00fchrerscheinstelle \u00fcber den Versto\u00df in Kenntnis gesetzt.<\/p>\n\n\n\n<h2 class=\"wp-block-heading\">(Gro\u00dfkarlbach) &#8211; Jugendliche besch\u00e4digen Fahrzeuge \/ Zeugenaufruf<\/h2>\n\n\n\n<p>Am 16.02.2024 gegen 22:41 Uhr kam es in der K\u00e4ndelgasse in Gro\u00dfkarlbach zu einer Sachbesch\u00e4digung an zwei Fahrzeugen. Die Gesch\u00e4digte konnte drei Jugendliche, im Alter zwischen 14-17 Jahre, dabei beobachten, wie diese ihren sowie den PKW ihres Mannes besch\u00e4digten. Die Gesch\u00e4digte sprach die Jugendlichen an, woraufhin sich diese von der \u00d6rtlichkeit entfernten.<\/p>\n\n\n\n<p>Die Schadensh\u00f6he ist derzeit nicht bekannt.<\/p>\n\n\n\n<ul>\n<li><strong>Falls Ihr Fahrzeug zum besagten Zeitpunkt ebenfalls besch\u00e4digt wurde oder Sie Hinweise zur Tat geben k\u00f6nnen, werden Sie gebeten sich mit der Polizeiinspektion Gr\u00fcnstadt in Verbindung zu setzen.<\/strong><\/li>\n<\/ul>\n\n\n\n<h2 class=\"wp-block-heading\">(Lambsheim) &#8211; Verkehrsunfallflucht nach Trunkenheitsfahrt<\/h2>\n\n\n\n<p>Am Sonntagmorgen, den 18.02.2024 gegen 08:50 Uhr, fuhr eine 37-j\u00e4hrige Frau mit ihrem PKW Mercedes Benz r\u00fcckw\u00e4rts in eine Garage in der Hauptstra\u00dfe in Lambsheim. Hierbei besch\u00e4digte sie neben einem Verkehrsschild die Garagenmauer. Im Anschluss entfernte sie sich unerlaubt von der Unfallstelle. Durch eine Polizeistreife konnte die Fahrerin am Ortsausgang Lambsheim festgestellt und einer Kontrolle unterzogen werden. Der am Heck total besch\u00e4digte Mercedes war nicht mehr fahrbereit. Ein freiwillig durchgef\u00fchrter Atemalkoholtest ergab einen Wert von 2,19 Promille. Der Fahrerin wurde anschlie\u00dfend eine Blutprobe entnommen. Sie muss nun mit weiteren Konsequenzen rechnen.<\/p>\n\n\n\n<ul>\n<li><strong>Zeugen werden gebeten sich an die Polizeiwache Maxdorf unter der Tel.-Nr.: 06237\/934-1100 zu wenden. Gerne nehmen wir Ihre Hinweise auch per E-Mail unter&nbsp;<a href=\"mailto:%20pwmaxdorf@polizei.rlp.de\">pwmaxdorf@polizei.rlp.de<\/a>&nbsp;entgegen.<\/strong><\/li>\n<\/ul>\n\n\n\n<h2 class=\"wp-block-heading\">(Frankenthal) &#8211; Widerstand mit Patient im Stadtklinikum<\/h2>\n\n\n\n<p>In der Nacht zum 17.02.2024 meldete ein Frankenthaler B\u00fcrger, dass ein Mann mit einer blutenden Kopfverletzung eine Stra\u00dfe in Frankenthal langlaufen w\u00fcrde. Der 56 -j\u00e4hrige Gesch\u00e4digte konnte von den Beamten angetroffen werden und gab an, dass ein unbekannter T\u00e4ter ihn zuvor mit mehreren Gegenst\u00e4nden angegriffen und verletzte habe. Der Verletzte wurde aufgrund seiner Verletzungen in die Stadtklinik Frankenthal verbracht. In der Stadtklinik wollte der 56-j\u00e4hrige Verletzte trotz akuter Behandlungsbed\u00fcrftigkeit die Notaufnahme verlassen. Durch die anwesenden Polizeibeamten wurde dies verhindert. Der Mann leistete dabei Widerstand. Gegen den Mann wurde ein entsprechendes Strafverfahren eingeleitet. Das K\u00f6rperverletzungsdelikt zu seinem Nachteil ist Gegenstand weiterer Ermittlungen.<\/p>\n\n\n\n<p>Die Polizei duldet keine Gewalt. Nicht gegen B\u00fcrgerinnen und B\u00fcrger und nicht gegen Polizeibeamtinnen und Polizeibeamte. Jedwede Gewaltanwendung wird strafrechtlich verfolgt! Bei einer Widerstandhandlung drohen dem T\u00e4ter bis zu drei Jahre Freiheitsstrafe oder eine Geldstrafe.<\/p>\n\n\n\n<h2 class=\"wp-block-heading\">(Frankenthal) &#8211; Maskierter T\u00e4ter in der Kleingartenanlage<\/h2>\n\n\n<div class=\"wp-block-image\">\n<figure class=\"aligncenter size-large\"><img decoding=\"async\" loading=\"lazy\" width=\"1024\" height=\"941\" src=\"https:\/\/speyer24news.com\/wp-content\/uploads\/2020\/07\/Maskierter-T\u00e4ter-1024x941-1024x941.jpg\" alt=\"\" class=\"wp-image-28719\" srcset=\"https:\/\/speyer24news.com\/wp-content\/uploads\/2020\/07\/Maskierter-T\u00e4ter-1024x941.jpg 1024w, https:\/\/speyer24news.com\/wp-content\/uploads\/2020\/07\/Maskierter-T\u00e4ter-1024x941-300x276.jpg 300w, https:\/\/speyer24news.com\/wp-content\/uploads\/2020\/07\/Maskierter-T\u00e4ter-1024x941-768x706.jpg 768w\" sizes=\"(max-width: 1024px) 100vw, 1024px\" \/><figcaption class=\"wp-element-caption\">Symbolbild \u00dcberfall \/ Zeugen gesucht, dient lediglich der Visualisierung<\/figcaption><\/figure><\/div>\n\n\n<p>Am 16.02.204, zwischen 00:15-00:32 Uhr, gelangte ein bisher unbekannter, maskierter Mann unberechtigt in einen Kleingarten einer Kleingartenanlage im Bereich des Sauweidewegs in Frankenthal. Der 71-j\u00e4hrige Grundst\u00fcckbesitzer konnte durch seine auf dem Grundst\u00fcck installierte Kameras sehen, wie der Mann vermutlich mit einer Softair-Waffe auf die Kameras sowie einen Scheinwerfer schoss und diese besch\u00e4digte. In die Gartenh\u00fctte des Gesch\u00e4digten gelangte der maskierte T\u00e4ter jedoch nicht.<\/p>\n\n\n\n<h2 class=\"wp-block-heading\">(Bobenheim-Roxheim) &#8211; Diebstahl aus Pkw<\/h2>\n\n\n\n<p>Am 16.02.2024, zwischen 12:00 &#8211; 12:30 Uhr, schlug ein unbekannter T\u00e4ter die Seitenscheibe des Pkws Autos der 88-j\u00e4hrigen Gesch\u00e4digten ein. Nach Einschlagen der Scheibe entwendete der T\u00e4ter eine Geldb\u00f6rse, welche auf einem der Sitze abgelegt wurde. Das Auto war auf dem Friedhofsparkplatz in Bobenheim-Roxheim geparkt. Auto-Einbrecher haben es in der Regel besonders auf Navigationsger\u00e4te, Autoradios, Mobiltelefone, Notebooks sowie sonstige zur\u00fcckgelassene Wertsachen wie Handtaschen oder Kleidung mit Scheckkarten, Papieren und Bargeld abgesehen. Es ist davon auszugehen, dass die T\u00e4ter die Parkpl\u00e4tze beobachten und kurz nach Abstellen eines Pkw sofort agieren. Aus diesem Grund ist besonders in der dunklen Jahreszeit in den Abendstunden erh\u00f6hte Sorgfalt beim Abstellen und Verlassen des eigenen Fahrzeugs geboten. <\/p>\n\n\n\n<ul>\n<li><strong>Verschlie\u00dfen sie ihr Fahrzeug auch bei kurzer Parkdauer und \u00fcberpr\u00fcfen sie den Schlie\u00dfzustand. <\/strong><\/li>\n\n\n\n<li><strong>Achten sie beim Verlassen des Fahrzeugs auf Personen in ihrem Umkreis, die sie gegebenenfalls beobachten.<\/strong><\/li>\n\n\n\n<li><strong>Lassen sie insbesondere keinerlei Wertgegenst\u00e4nde sichtbar im Fahrzeug zur\u00fcck. Selbst bei Kleinstgegenst\u00e4nden, ergibt sich ein Anreiz f\u00fcr den T\u00e4ter. <\/strong><\/li>\n<\/ul>\n\n\n\n<h4 class=\"wp-block-heading\"><em>Weiterf\u00fchrende Informationen zu diesem und auch anderen Themen finden Sie auf der Internetpr\u00e4senz der polizeilichen Kriminalpr\u00e4vention unter&nbsp;<a href=\"https:\/\/www.polizei-beratung.de\/\" target=\"_blank\" rel=\"noreferrer noopener\">www.polizei-beratung.de<\/a>. <\/em><\/h4>\n\n\n\n<p>Wir wollen, dass Sie sicher Leben &#8211; ihre Polizei Frankenthal<\/p>\n\n\n\n<h2 class=\"wp-block-heading\">(Bobenheim-Roxheim) &#8211; Rucksack aus Pkw entwendet<\/h2>\n\n\n\n<p>Bislang unbekannte T\u00e4ter schlugen am Freitag zwischen 10:30 und 11:30 Uhr die Beifahrerscheibe an einem am Rheinufer geparkten Pkw VW Golf ein und entwendeten einen Rucksack mit pers\u00f6nlichen Dokumenten. <\/p>\n\n\n\n<ul>\n<li><strong>Hinweise nimmt die Polizei in Frankenthal unter der Telefonnummer 06233-3031 entgegen.<\/strong><\/li>\n<\/ul>\n\n\n\n<h2 class=\"wp-block-heading\">(Ludwigshafen) &#8211; Schutzgewahrsam nach starker Alkoholisierung<\/h2>\n\n\n<div class=\"wp-block-image\">\n<figure class=\"aligncenter size-full\"><img decoding=\"async\" loading=\"lazy\" width=\"800\" height=\"600\" src=\"https:\/\/speyer24news.com\/wp-content\/uploads\/2019\/06\/Ausn\u00fcchterungszelle.jpg\" alt=\"\" class=\"wp-image-15212\" srcset=\"https:\/\/speyer24news.com\/wp-content\/uploads\/2019\/06\/Ausn\u00fcchterungszelle.jpg 800w, https:\/\/speyer24news.com\/wp-content\/uploads\/2019\/06\/Ausn\u00fcchterungszelle-300x225.jpg 300w, https:\/\/speyer24news.com\/wp-content\/uploads\/2019\/06\/Ausn\u00fcchterungszelle-768x576.jpg 768w, https:\/\/speyer24news.com\/wp-content\/uploads\/2019\/06\/Ausn\u00fcchterungszelle-678x509.jpg 678w, https:\/\/speyer24news.com\/wp-content\/uploads\/2019\/06\/Ausn\u00fcchterungszelle-326x245.jpg 326w, https:\/\/speyer24news.com\/wp-content\/uploads\/2019\/06\/Ausn\u00fcchterungszelle-80x60.jpg 80w\" sizes=\"(max-width: 800px) 100vw, 800px\" \/><figcaption class=\"wp-element-caption\">Beispielbild Zelle \/ Verhaftung, dient lediglich der Visualisierung<\/figcaption><\/figure><\/div>\n\n\n<p>Am 18.02.2024 gegen 01:00 Uhr konnte ein stark alkoholisierter Mann auf dem Gehweg festgestellt, der augenscheinlich nicht mehr wegef\u00e4hig war. Ein Atemalkoholtest ergab einen Wert von 3,58 Promille. Die Person wurde im Anschluss dem Gewahrsam zugef\u00fchrt und konnte die Dienststelle bei relativer N\u00fcchternheit wieder verlassen.<\/p>\n\n\n\n<h2 class=\"wp-block-heading\">(Ludwigshafen) &#8211; Personenkontrolle f\u00fchrt zum Auffinden von Waffen und Bet\u00e4ubungsmittel<\/h2>\n\n\n\n<p>Am 17.02.2024 gegen 14:30 Uhr wurde ein 25-j\u00e4hriger Fu\u00dfg\u00e4nger einer Personenkontrolle unterzogen. Bei seiner Durchsuchung konnte eine geringe Menge an Bet\u00e4ubungsmittel, ein Teleskopschlagstock, sowie ein Einhandmesser fest- und sichergestellt werden. Gegen die Person wurde Verfahren wegen des Versto\u00dfes gegen das Waffengesetz und Bet\u00e4ubungsmittelgesetz eingeleitet.<\/p>\n\n\n\n<h2 class=\"wp-block-heading\">(Ludwigshafen) &#8211; Wohnungsbrand in Hochhaus<\/h2>\n\n\n\n<h3 class=\"wp-block-heading\">Gemeinsame Pressemitteilung von Staatsanwaltschaft Frankenthal\/Pfalz und Polizeipr\u00e4sidium Rheinpfalz<\/h3>\n\n\n<div class=\"wp-block-image\">\n<figure class=\"aligncenter size-full\"><img decoding=\"async\" loading=\"lazy\" width=\"640\" height=\"428\" src=\"https:\/\/speyer24news.com\/wp-content\/uploads\/2021\/02\/Feuerwehr-Polizei.jpg\" alt=\"\" class=\"wp-image-33096\" srcset=\"https:\/\/speyer24news.com\/wp-content\/uploads\/2021\/02\/Feuerwehr-Polizei.jpg 640w, https:\/\/speyer24news.com\/wp-content\/uploads\/2021\/02\/Feuerwehr-Polizei-300x201.jpg 300w\" sizes=\"(max-width: 640px) 100vw, 640px\" \/><\/figure><\/div>\n\n\n<p>Aus bislang ungekl\u00e4rter Ursache kam es am 17.02.24 gegen 00:00h in der Bertolt-Brecht-Stra\u00dfe zu einem Wohnungsbrand in einem Mehrfamilienhaus. Durch die Feuerwehr Ludwigshafen wurde das Haus ger\u00e4umt und das Feuer gel\u00f6scht, bevor es auf andere Wohnungen \u00fcbergreifen konnte. Drei Bewohner wurden zur Beobachtung in umliegende Krankenh\u00e4user eingeliefert. Die betroffene Wohnung brannte vollst\u00e4ndig aus. Der Sachschaden wird auf 200.000 &#8211; 300.000 EUR gesch\u00e4tzt. Die betroffene und f\u00fcnf weitere Wohnungen sind aktuell nicht mehr bewohnbar. Die Bewohner der unversehrten Wohnungen konnten noch in der Nacht in diese zur\u00fcckkehren. W\u00e4hrend der L\u00f6scharbeiten musste die Bertolt-Brecht-Stra\u00dfe f\u00fcr ca. vier Stunden gesperrt werden.<\/p>\n\n\n\n<p>Die Staatsanwaltschaft Frankenthal und die Kriminalpolizei haben die Ermittlungen zur Brandursache aufgenommen.<\/p>\n\n\n\n<h2 class=\"wp-block-heading\">(Ludwigshafen) &#8211; R\u00e4uberischer Diebstahl in Supermarkt \/ Mitarbeiterin verletzt<\/h2>\n\n\n<div class=\"wp-block-image\">\n<figure class=\"aligncenter size-full\"><img decoding=\"async\" loading=\"lazy\" width=\"801\" height=\"600\" src=\"https:\/\/speyer24news.com\/wp-content\/uploads\/2020\/05\/Zeugen-gesucht-Neutral.jpg\" alt=\"\" class=\"wp-image-26598\" srcset=\"https:\/\/speyer24news.com\/wp-content\/uploads\/2020\/05\/Zeugen-gesucht-Neutral.jpg 801w, https:\/\/speyer24news.com\/wp-content\/uploads\/2020\/05\/Zeugen-gesucht-Neutral-300x225.jpg 300w, https:\/\/speyer24news.com\/wp-content\/uploads\/2020\/05\/Zeugen-gesucht-Neutral-768x575.jpg 768w, https:\/\/speyer24news.com\/wp-content\/uploads\/2020\/05\/Zeugen-gesucht-Neutral-678x509.jpg 678w, https:\/\/speyer24news.com\/wp-content\/uploads\/2020\/05\/Zeugen-gesucht-Neutral-326x245.jpg 326w, https:\/\/speyer24news.com\/wp-content\/uploads\/2020\/05\/Zeugen-gesucht-Neutral-80x60.jpg 80w\" sizes=\"(max-width: 801px) 100vw, 801px\" \/><\/figure><\/div>\n\n\n<p>Am Freitag, den 16.02.2024, gegen 09:40 Uhr kam es in einer Penny-Filiale in der Frankenthaler Stra\u00dfe zu einem r\u00e4uberischen Diebstahl. Hierbei wurde eine Mitarbeiterin der Filiale leicht verletzt. Diese hatte den unbekannten T\u00e4ter zuvor aufgrund des Verdachtes eines Diebstahls angesprochen. Der Beschuldigte soll der Mitarbeiterin unter anderem mehrfach ins Gesicht geschlagen haben und sei dann samt Diebesgut in Richtung Valentin-Bauer-Stra\u00dfe gefl\u00fcchtet. Der T\u00e4ter konnte im Nahbereich nicht mehr festgestellt werden. Eine Schadensh\u00f6he ist nicht bekannt.<\/p>\n\n\n\n<ul>\n<li><strong>Der T\u00e4ter soll 17 bis 19 Jahre alt, 175cm bis 180cm gro\u00df und schlank gewesen sein. <\/strong><\/li>\n\n\n\n<li><strong>Er habe eine dunkle Jacke und einen roten Rucksack getragen haben.<\/strong><\/li>\n<\/ul>\n\n\n\n<ul>\n<li><strong>Zeugen werden gebeten sich bei der Polizeiinspektion Ludwigshafen 2 unter Tel. 0621\/963-2222 oder per Mail&nbsp;<a href=\"mailto:%20piludwigshafen2@polizei.rlp.de\">piludwigshafen2@polizei.rlp.de<\/a>&nbsp;zu melden.<\/strong><\/li>\n<\/ul>\n\n\n\n<h2 class=\"wp-block-heading\">(Mannheim) &#8211; Vereinzelte St\u00f6rungen und Verkehrsbeeintr\u00e4chtigungen bei Fu\u00dfballspiel<\/h2>\n\n\n<div class=\"wp-block-image\">\n<figure class=\"aligncenter size-full\"><img decoding=\"async\" loading=\"lazy\" width=\"800\" height=\"512\" src=\"https:\/\/speyer24news.com\/wp-content\/uploads\/2021\/06\/football-1448551_1280.png\" alt=\"\" class=\"wp-image-37686\" srcset=\"https:\/\/speyer24news.com\/wp-content\/uploads\/2021\/06\/football-1448551_1280.png 800w, https:\/\/speyer24news.com\/wp-content\/uploads\/2021\/06\/football-1448551_1280-300x192.png 300w, https:\/\/speyer24news.com\/wp-content\/uploads\/2021\/06\/football-1448551_1280-768x492.png 768w\" sizes=\"(max-width: 800px) 100vw, 800px\" \/><\/figure><\/div>\n\n\n<p>Am Sonntag kam es im Bereich der Mannheimer Innenstadt zu Verkehrsbeeintr\u00e4chtigungen und vereinzelten St\u00f6rungen im Zusammenhang mit dem Fu\u00dfballspiel des SV Waldhof Mannheim gegen den 1. FC Saarbr\u00fccken. So kam es im Bereich des Hauptbahnhofes und des Carl-Benz-Stadions zu Beeintr\u00e4chtigungen im innerst\u00e4dtischen Schienen- und Stra\u00dfenverkehr. Noch bei der Anreise wurde eine Zuschauerin aus Saarbr\u00fccken durch Pyrotechnik schwer an der Hand verletzt. Hierbei war auch ein Rettungshubschrauber eingesetzt. Im weiteren Verlauf kam es zu vereinzelten St\u00f6rungen, unter anderem zu mehreren Vermummungen. Die identifizierten Personen m\u00fcssen nun einer Anzeige entgegensehen. Nach dem Spiel konnte vor dem Stadion das Aufeinandertreffen der beiden Lager vor dem Stadion verhindert werden. Die Polizei war mit starken Kr\u00e4ften der Bundespolizei, des Polizeipr\u00e4sidiums Einsatz sowie des Polizeipr\u00e4sidiums Mannheim im Einsatz.<\/p>\n\n\n\n<h2 class=\"wp-block-heading\">(Mannheim) &#8211; Verkehrsunfall mit hohem Sachschaden beim Fahrstreifenwechsel<\/h2>\n\n\n\n<p>Am Samstag, gegen 19:30 Uhr, fuhr eine 60-J\u00e4hrige mit ihrem Volvo die Hafenbahnstra\u00dfe auf dem rechten der beiden Fahrstreifen. Auf H\u00f6he eines gr\u00f6\u00dferen Parkplatzes wollte diese auf den linken Fahrstreifen wechseln und \u00fcbersah hierbei eine dort ordnungsgem\u00e4\u00df fahrende 50-j\u00e4hrige VW-Fahrerin. Infolge der Kollision entstand ein gesch\u00e4tzter Sachschaden von jeweils ca. 20.000 Euro. Beide Fahrzeuge waren nicht mehr fahrbereit und mussten durch eine Fachfirma abgeschleppt werden. Verletzt wurde gl\u00fccklicherweise niemand.<\/p>\n\n\n\n<p>Der Verkehrsunfall wurde durch das Polizeirevier Mannheim-Neckarstadt aufgenommen.<\/p>\n\n\n\n<h2 class=\"wp-block-heading\">(Mannheim) &#8211; Verkehrsst\u00f6rungen durch Versammlung<\/h2>\n\n\n<div class=\"wp-block-image\">\n<figure class=\"aligncenter size-large\"><img decoding=\"async\" loading=\"lazy\" width=\"1024\" height=\"512\" src=\"https:\/\/speyer24news.com\/wp-content\/uploads\/2022\/01\/Demonstration-1024x512.png\" alt=\"\" class=\"wp-image-43221\" srcset=\"https:\/\/speyer24news.com\/wp-content\/uploads\/2022\/01\/Demonstration-1024x512.png 1024w, https:\/\/speyer24news.com\/wp-content\/uploads\/2022\/01\/Demonstration-300x150.png 300w, https:\/\/speyer24news.com\/wp-content\/uploads\/2022\/01\/Demonstration-768x384.png 768w, https:\/\/speyer24news.com\/wp-content\/uploads\/2022\/01\/Demonstration.png 1200w\" sizes=\"(max-width: 1024px) 100vw, 1024px\" \/><\/figure><\/div>\n\n\n<p>Am  Samstagnachmittag und -abend kam es im Innenstadtbereich Mannheims zu Verkehrsbeeintr\u00e4chtigungen aufgrund einer Versammlung. Die angemeldete Versammlung startete gegen 17 Uhr am Marktplatz und zog anschlie\u00dfend als Aufzug durch verschiedene Stra\u00dfen in der Innenstadt und endete gegen 20 Uhr am Ehrenhof. Am Marktplatz musste das Aufeinandertreffen der Versammlung mit einer spontanen Gegenversammlung durch eine Trennung mit Polizeikr\u00e4ften verhindert werden. Die Versammlung verlief, bis auf Beeintr\u00e4chtigungen im Stra\u00dfen- und Schienenverkehr, st\u00f6rungsfrei. In der Spitze nahmen etwa 500 Personen an dem Aufzug teil. Die Polizei war mit starken Kr\u00e4ften im Einsatz um den st\u00f6rungsfreien Verlauf zu sichern.<\/p>\n\n\n\n<h2 class=\"wp-block-heading\">(Heidelberg) &#8211; Verbaler Streit endet mit Messerstich \/ Zeugen gesucht!<\/h2>\n\n\n<div class=\"wp-block-image\">\n<figure class=\"aligncenter size-full\"><img decoding=\"async\" loading=\"lazy\" width=\"800\" height=\"533\" src=\"https:\/\/speyer24news.com\/wp-content\/uploads\/2022\/04\/Mann-Wuetend-Streit.jpg\" alt=\"\" class=\"wp-image-45247\" srcset=\"https:\/\/speyer24news.com\/wp-content\/uploads\/2022\/04\/Mann-Wuetend-Streit.jpg 800w, https:\/\/speyer24news.com\/wp-content\/uploads\/2022\/04\/Mann-Wuetend-Streit-300x200.jpg 300w, https:\/\/speyer24news.com\/wp-content\/uploads\/2022\/04\/Mann-Wuetend-Streit-768x512.jpg 768w\" sizes=\"(max-width: 800px) 100vw, 800px\" \/><figcaption class=\"wp-element-caption\">Symbolfoto &#8222;Streit&#8220;<\/figcaption><\/figure><\/div>\n\n\n<p>Am Freitagabend gegen kurz vor 22.00 Uhr kam es vor dem Hauptbahnhof in Heidelberg zun\u00e4chst zu einem Streitgespr\u00e4ch zwischen einem 64-j\u00e4hrigen Gesch\u00e4digten und seinem 24-j\u00e4hrigen Kontrahenten. Im Zuge der weiteren Auseinandersetzung erlitt der Gesch\u00e4digte eine Stichverletzung im Bauchbereich, welche im Nachgang medizinisch versorgt werden musste. Der 24-j\u00e4hrige T\u00e4ter konnte im Anschluss an die Tat durch Kr\u00e4fte der Bundespolizei im Bereich des Bahnhofes vorl\u00e4ufig festgenommen werden. <\/p>\n\n\n\n<ul>\n<li><strong>Zeugen, welche sachdienliche Hinweise zum vorliegenden Sachverhalt geben k\u00f6nnen werden gebeten, sich mit dem Kriminaldauerdienst des Polizeipr\u00e4sidiums Mannheim, Tel. 0621\/174-4444, in Verbindung zu setzen.<\/strong><\/li>\n<\/ul>\n\n\n\n<h2 class=\"wp-block-heading\">(Wiesloch \/ Rhein-Neckar-Kreis) &#8211; LKW mit Lebensmitteln f\u00e4hrt sich fest \/ Fahrer betrunken<\/h2>\n\n\n\n<p>Am 17.02.24 gegen 03:50 Uhr meldete sich eine aufmerksame Zeugin bei der Polizei und teilte mit, dass sich ein LKW im Bereich des Hoschketkreisels in Wiesloch festgefahren haben. Sie habe den Fahrer angesprochen, dieser habe jedoch abgelehnt die Polizei zu verst\u00e4ndigen. Da der LKW aber weder vor noch zur\u00fcck kam, meldete sich die Frau \u00fcber den Polizeinotruf. Als die Beamten des Polizeireviers Wiesloch vor Ort eintrafen, kl\u00e4rte sich auch schnell, warum der Fahrer jede Hilfe ablehnte. Er war stark betrunken und nicht mehr in der Lage das Fahrzeug sicher zu f\u00fchren. Ein Alkoholtest ergab einen Wert von \u00fcber 2 Promille. Dem 53-j\u00e4hrigen Fahrer wurde die Weiterfahrt untersagt und eine Blutprobe entnommen. Sein F\u00fchrerschein wurde beschlagnahmt. Der LKW, der mit gek\u00fchlten Lebensmitteln beladen war, musste abgeschleppt werden. Die Versorgung der Bev\u00f6lkerung mit ausreichenden Lebensmitteln ist aber nach wie vor sichergestellt.<\/p>\n\n\n\n<h2 class=\"wp-block-heading\">(St. Leon-Rot \/ Rhein-Neckar-Kreis) &#8211; 57-J\u00e4hriger gef\u00e4hrdet Verkehrsteilnehmer \/ Polizei sucht Zeugen und Gesch\u00e4digte<\/h2>\n\n\n\n<p>Am Freitagabend, gegen 18 Uhr, teilte ein Verkehrsteilnehmer der Polizei mit, dass in St. Leon-Rot ein Audi unterwegs sei, dessen Fahrer eine auff\u00e4llige Fahrweise an den Tag lege. Die Fahrstrecke f\u00fchrte von der L546 weiter \u00fcber die Walldorfer Stra\u00dfe, Hauptstra\u00dfe und &#8222;An der Autobahn&#8220;. Hierbei fiel auf, dass der Fahrzeugf\u00fchrer extrem langsam und unsicher fuhr. Des Weiteren bewegte er sich in Schlangenlinien, kam auf den Gr\u00fcnstreifen und geriet zeitweise sogar in den Gegenverkehr. In H\u00f6he eines Veranstaltungszentrums in St. Leon-Rot kam er dabei soweit in den Gegenverkehr, dass ein dort fahrendes Fahrzeug sehr weit nach rechts ausweichen musste, um einen Unfall zu verhindern. Im weiteren Verlauf konnte der 57-j\u00e4hrige Fahrzeugf\u00fchrer durch eine Polizeistreife einer Kontrolle unterzogen werden. Er verweigerte hierbei jegliche Ma\u00dfnahmen. Auf der Dienststelle wurde dem Betroffenen eine Blutprobe entnommen und sein F\u00fchrerschein beschlagnahmt. Der Grund seiner auff\u00e4lligen Fahrweise ist nun Gegenstand weiterer polizeilicher Ermittlungen.<\/p>\n\n\n\n<ul>\n<li><strong>Das Polizeirevier Wiesloch bittet Zeugen und Gesch\u00e4digte sich unter Tel.: 06222-5709-0 zu melden.<\/strong><\/li>\n<\/ul>\n\n\n\n<h2 class=\"wp-block-heading\">(Eppelheim \/ Rhein-Neckar-Kreis) &#8211; 70-J\u00e4hrige vermisst \/ R\u00fccknahme der \u00d6ffentlichkeitsfahndung<\/h2>\n\n\n<div class=\"wp-block-image\">\n<figure class=\"aligncenter size-full\"><img decoding=\"async\" loading=\"lazy\" width=\"800\" height=\"533\" src=\"https:\/\/speyer24news.com\/wp-content\/uploads\/2023\/06\/Kleeblatt-Glueck.jpg\" alt=\"\" class=\"wp-image-52491\" srcset=\"https:\/\/speyer24news.com\/wp-content\/uploads\/2023\/06\/Kleeblatt-Glueck.jpg 800w, https:\/\/speyer24news.com\/wp-content\/uploads\/2023\/06\/Kleeblatt-Glueck-300x200.jpg 300w, https:\/\/speyer24news.com\/wp-content\/uploads\/2023\/06\/Kleeblatt-Glueck-768x512.jpg 768w\" sizes=\"(max-width: 800px) 100vw, 800px\" \/><\/figure><\/div>\n\n\n<p>Die seit Donnerstag, 15.02.2024, vermisste 70-j\u00e4hrige Maria D. konnte nach einem Hinweis leicht unterk\u00fchlt im Bereich HD-Rohrbach\/Emmertsgrund angetroffen werden. Sie wurde vorsorglich durch einen Rettungsdienst in ein Krankenhaus transportiert.<\/p>\n\n\n\n<h2 class=\"wp-block-heading\">(A 5 \/ Hirschberg \/ Rhein-Neckar-Kreis) &#8211; A 5 &#8211; Weinheim Richtung Heidelberg, nach Verkehrsunfall aktuell gesperrt<\/h2>\n\n\n\n<p>Aktuell befinden sich Einsatzkr\u00e4fte von Polizei, Rettungsdienst und Feuerwehr auf der BAB 5, H\u00f6he Hirschberg in Richtung Heidelberg, nach einem Verkehrsunfall mit mehreren Fahrzeugen im Einsatz. Weitere Informationen, insbesondere zur Anzahl der beteiligten Fahrzeuge oder verletzten Personen, liegen aktuell noch nicht vor. Die BAB 5 ist aktuell in Richtung S\u00fcden gesperrt. Es wird nachberichtet. (<em>16.02.2024 \u2013 19:47<\/em>)<\/p>\n\n\n\n<h3 class=\"wp-block-heading has-text-align-center\">A 5 wieder frei &#8211; Pressemeldung Nr. 2<\/h3>\n\n\n\n<p>Wie bereits berichtet, ereignete sich am Freitagabend, gegen 19.15 Uhr, ein Verkehrsunfall auf der BAB 5, zwischen den Anschlussstellen Hirschberg und Ladenburg, in Fahrtrichtung Heidelberg. Nach ersten Erkenntnissen kam es kurz vor der Anschlussstelle Ladenburg zur Kollision eines Pkw mit einem Gelenkbus. Durch den Zusammensto\u00df der Fahrzeuge wurden insgesamt 5 Personen verletzt. Nach Abschluss der Unfallaufnahme, Bergung der verunfallten Fahrzeuge und Fahrbahnreinigung konnte die BAB 5 in Richtung Heidelberg ab 23.00 Uhr wieder f\u00fcr den Verkehr freigegeben werden. Die Ermittlungen zur Unfallursache dauern zum Berichtzeitpunkt noch an. Es wird nachberichtet.<\/p>\n\n\n\n<h3 class=\"wp-block-heading has-text-align-center\">Pressemeldung Nr. 3<\/h3>\n\n\n\n<p>Am Freitagabend gegen 19.15 Uhr kam es, wie bereits berichtet, auf der BAB5, in H\u00f6he der Ausfahrt Frankfurt-Ladenburg, zu einem Verkehrsunfall. Der 47-j\u00e4hrige Fahrzeugf\u00fchrer eines mit 13 Personen besetzten Gelenkbusses befuhr zun\u00e4chste die L536 von Schriesheim kommend in Richtung der AS Ladenburg. Aus bislang ungekl\u00e4rter Ursache fuhr der 47-J\u00e4hrige an der Anschlussstelle 35 \u00fcber den Verz\u00f6gerungsstreifen in die falsche Richtung, also entgegengesetzt auf die S\u00fcdfahrbahn der BAB 5 auf. Als der Bus-Lenker seinen Fehler erkannte versuchte er diesen eigenst\u00e4ndig auf der BAB zu wenden. Hierbei kam es zu einer Kollision mit einem Pkw, welcher den rechten Fahrstreifen der Hauptfahrbahn befuhr. Der 68-j\u00e4hrige Fahrer sowie seine 59-j\u00e4hrige Beifahrerin in ihrem Audi Q5 wurden hierbei schwer verletzt. Sie mussten nach erster medizinischer Versorgung vor Ort in ein umliegendes Krankenhaus verbracht werden. Im unfallverursachenden Gelenkbus wurden gl\u00fccklicherweise nur drei Fahrg\u00e4ste leicht verletzt. Die beiden am Unfall beteiligten Fahrzeuge wurden durch die Kollision stark besch\u00e4digt und waren nicht mehr fahrbereit, weshalb Abschlepp- sowie Bergeunternehmen am Unfallort t\u00e4tig werden mussten. An dem Gelenkbus entstand Sachschaden in H\u00f6he von ca. 50.000 Euro, an dem Audi entstand Toalschaden in H\u00f6he von ca. 20.000 Euro. F\u00fcr den Zeitraum der Unfallaufnahme musste die BAB 5 von ca. 19.30 Uhr bis 23.00 Uhr voll gesperrt werden. Zu gr\u00f6\u00dferen Verkehrsbehinderungen kam es aber nicht. Die Freiwillige Feuerwehr aus Hirschberg war mit insgesamt vier Fahrzeugen und 20 Einsatzkr\u00e4ften am Unfallort. Der Rettungsdienst war mit drei RTW-Besatzungen und einem leitenden Notarzt im Einsatz. Die Unfallaufnahme erfolgte durch Beamte des Verkehrsdienstes Mannheim, Verkehrsgruppe BAB. Die Ermittlungen dauern an.<\/p>\n\n\n\n<h2 class=\"wp-block-heading\">(Weinheim \/ Rhein-Neckar-Kreis) &#8211; Auseinandersetzung in einer Diskothek \/ Zeugen gesucht<\/h2>\n\n\n\n<figure class=\"wp-block-image size-full\"><img decoding=\"async\" loading=\"lazy\" width=\"800\" height=\"533\" src=\"https:\/\/speyer24news.com\/wp-content\/uploads\/2021\/11\/Schlaegerei.jpg\" alt=\"\" class=\"wp-image-42366\" srcset=\"https:\/\/speyer24news.com\/wp-content\/uploads\/2021\/11\/Schlaegerei.jpg 800w, https:\/\/speyer24news.com\/wp-content\/uploads\/2021\/11\/Schlaegerei-300x200.jpg 300w, https:\/\/speyer24news.com\/wp-content\/uploads\/2021\/11\/Schlaegerei-768x512.jpg 768w\" sizes=\"(max-width: 800px) 100vw, 800px\" \/><figcaption class=\"wp-element-caption\">Beispielbild Schl\u00e4gerei \/ K\u00f6rperverletzung, dient lediglich der Visualisierung<\/figcaption><\/figure>\n\n\n\n<p>Am fr\u00fchen Sonntagmorgen, gegen 03:30 Uhr, kam es in einer Weinheimer Diskothek zu einer K\u00f6rperverletzung. Nach derzeitigem Kenntnisstand rempelte ein 21-J\u00e4hriger versehentlich einen anderen Gast an. Daraufhin schlug dieser Unbekannte dem jungen Mann mit der Faust ins Gesicht, worauf er auf den Boden fiel und bewusstlos liegen blieb. Anschlie\u00dfend schlug er einem 19-J\u00e4hrigen mit der Faust in das Gesicht und fl\u00fcchtete aus der Lokalit\u00e4t.<\/p>\n\n\n\n<p>Der 21-J\u00e4hrige wurde in ein Krankenhaus verbracht und station\u00e4r aufgenommen. Der 19-J\u00e4hrige, welcher nicht unerhebliche Verletzungen an zwei Z\u00e4hnen erlitt, wurde nach ambulanter Behandlung in einem Krankenhaus wieder entlassen.<\/p>\n\n\n\n<ul>\n<li><strong>Zeugen, welche Hinweise zur Tat oder dem T\u00e4ter geben k\u00f6nnen, werden gebeten, sich beim Polizeirevier Weinheim, Tel.: 06201-10030, zu melden.<\/strong><\/li>\n<\/ul>\n","protected":false},"excerpt":{"rendered":"<div class=\"mh-excerpt\"><p>Polizeimeldungen vom Wochenende (17.02. \u2013 18.02.2024) (Speyer) &#8211; Verkehrsunfall unter Alkoholeinfluss \/ Die Polizei ben\u00f6tigt Ihre Mithilfe Am fr\u00fchen Sonntagmorgen konnte eine Streifenwagenbesatzung einen 31-j\u00e4hrigen aus Worms in der Wormser Stra\u00dfe in Speyer kontrollieren. Der <a class=\"mh-excerpt-more\" href=\"https:\/\/speyer24news.com\/?p=57778\" title=\"Polizeimeldungen Wochenende (17.02. \u2013 18.02.24)\">[&#8230;]<\/a><\/p>\n<\/div>","protected":false},"author":3,"featured_media":26162,"comment_status":"open","ping_status":"open","sticky":false,"template":"","format":"standard","meta":{"_monsterinsights_skip_tracking":false,"_monsterinsights_sitenote_active":false,"_monsterinsights_sitenote_note":"","_monsterinsights_sitenote_category":0,"footnotes":""},"categories":[15659],"tags":[7273,7243,7244,10926,13554,350,14537,15084,15267,14538,15361,702,61,2555,14113,6955,6986,6263,63,105,11150,6987,53,13540,16956,17274,4683,14958,12967,102,13626,213,14325,14324,13553,13541,16955,2625,380],"aioseo_notices":[],"amp_enabled":true,"_links":{"self":[{"href":"https:\/\/speyer24news.com\/index.php?rest_route=\/wp\/v2\/posts\/57778"}],"collection":[{"href":"https:\/\/speyer24news.com\/index.php?rest_route=\/wp\/v2\/posts"}],"about":[{"href":"https:\/\/speyer24news.com\/index.php?rest_route=\/wp\/v2\/types\/post"}],"author":[{"embeddable":true,"href":"https:\/\/speyer24news.com\/index.php?rest_route=\/wp\/v2\/users\/3"}],"replies":[{"embeddable":true,"href":"https:\/\/speyer24news.com\/index.php?rest_route=%2Fwp%2Fv2%2Fcomments&post=57778"}],"version-history":[{"count":3,"href":"https:\/\/speyer24news.com\/index.php?rest_route=\/wp\/v2\/posts\/57778\/revisions"}],"predecessor-version":[{"id":57782,"href":"https:\/\/speyer24news.com\/index.php?rest_route=\/wp\/v2\/posts\/57778\/revisions\/57782"}],"wp:featuredmedia":[{"embeddable":true,"href":"https:\/\/speyer24news.com\/index.php?rest_route=\/wp\/v2\/media\/26162"}],"wp:attachment":[{"href":"https:\/\/speyer24news.com\/index.php?rest_route=%2Fwp%2Fv2%2Fmedia&parent=57778"}],"wp:term":[{"taxonomy":"category","embeddable":true,"href":"https:\/\/speyer24news.com\/index.php?rest_route=%2Fwp%2Fv2%2Fcategories&post=57778"},{"taxonomy":"post_tag","embeddable":true,"href":"https:\/\/speyer24news.com\/index.php?rest_route=%2Fwp%2Fv2%2Ftags&post=57778"}],"curies":[{"name":"wp","href":"https:\/\/api.w.org\/{rel}","templated":true}]}}