{"id":57849,"date":"2024-02-24T10:16:26","date_gmt":"2024-02-24T09:16:26","guid":{"rendered":"https:\/\/speyer24news.com\/?p=57849"},"modified":"2024-02-24T10:16:27","modified_gmt":"2024-02-24T09:16:27","slug":"speyer-dreck-weg-tag-2024","status":"publish","type":"post","link":"https:\/\/speyer24news.com\/?p=57849","title":{"rendered":"Speyer \/ Dreck-weg-Tag 2024"},"content":{"rendered":"<style type=\"text\/css\">\r\n\t.ads_top_disp{}\r\n\t.ads_top_corner_disp{ float:left; margin:0px 10px 10px 0px; }\r\n\t.ads_first_p_disp{}\r\n\t.ads_bottom_disp{}\r\n\t<\/style>\n<h2 class=\"wp-block-heading\">Dreck-weg-Tag 2024: Am 1. und 2. M\u00e4rz ein Zeichen gegen Verm\u00fcllung setzen<\/h2>\n\n\n<div class=\"wp-block-image\">\n<figure class=\"aligncenter size-full\"><img decoding=\"async\" loading=\"lazy\" width=\"800\" height=\"519\" src=\"https:\/\/speyer24news.com\/wp-content\/uploads\/2022\/04\/DWT2.jpg\" alt=\"\" class=\"wp-image-43978\" srcset=\"https:\/\/speyer24news.com\/wp-content\/uploads\/2022\/04\/DWT2.jpg 800w, https:\/\/speyer24news.com\/wp-content\/uploads\/2022\/04\/DWT2-300x195.jpg 300w, https:\/\/speyer24news.com\/wp-content\/uploads\/2022\/04\/DWT2-768x498.jpg 768w\" sizes=\"(max-width: 800px) 100vw, 800px\" \/><\/figure><\/div>\n\n\n<p>Im Rahmen der Kampagne \u201eSauberes Speyer \u2013 Helft mit\u201c veranstaltet die Stadt Speyer <strong>am Freitag, 1., und Samstag, 2. M\u00e4rz 2024<\/strong>, bereits den 21. Dreck-weg-Tag. Zahlreiche Freiwillige werden auch in diesem Jahr wieder wilden M\u00fcll auf Speyerer Gemarkung einsammeln und ordnungsgem\u00e4\u00df entsorgen.<\/p>\n\n\n\n<p>20 Kindertagesst\u00e4tten, 14 Schulen und 57 Privatinitiativen, Vereine, Verb\u00e4nde und Parteien haben sich bislang f\u00fcr die gemeinschaftliche M\u00fcllsammelaktion am ersten M\u00e4rzwochenende angemeldet. <strong>Anmeldungen sind weiterhin m\u00f6glich bei Sabine Vick, telefonisch unter der Nummer 06232-14 2783 oder per E-Mail an\u00a0<a href=\"mailto:sabine.vick@stadt-speyer.de\" target=\"_blank\" rel=\"noreferrer noopener\">sabine.vick@stadt-speyer.de<\/a>.<\/strong><\/p>\n\n\n\n<p>\u201eWir freuen uns sehr, dass auch in diesem Jahr wieder so viele Speyerinnen und Speyerer mitanpacken m\u00f6chten\u201c, lobt Oberb\u00fcrgermeisterin Stefanie Seiler die anhaltende Einsatzbereitschaft der B\u00fcrgerinnen und B\u00fcrger. \u201eDies zeigt einmal mehr, dass viele Menschen bereit sind, Verantwortung f\u00fcr unsere Stadt und f\u00fcr die Umwelt zu \u00fcbernehmen.\u201c<\/p>\n\n\n\n<p>\u201eGrunds\u00e4tzlich hoffe ich, dass es uns als Gesellschaft in absehbarer Zukunft gelingen wird, von sch\u00e4dlichen Einwegverpackungen auf nachhaltige und ressourcenschonende Mehrwegsysteme umzustellen. Getreu meiner Devise \u201aDer beste Abfall ist der, der gar nicht erst entsteht\u2018 w\u00fcrden Aktionen wie der Dreck-weg-Tag damit obsolet werden. Da dies noch nicht der Fall ist, ist es wichtig, dass wir uns weiter aktiv und gemeinschaftlich f\u00fcr ein sauberes Speyer einsetzen. Deshalb freuen wir uns \u00fcber jede und jeden, die das Teilnehmerbarometer beim diesj\u00e4hrigen Dreck-weg-Tag weiter ansteigen lassen\u201c, betont Beigeordnete und Umweltdezernentin Irmgard M\u00fcnch-Weinmann.<\/p>\n\n\n<div class=\"wp-block-image\">\n<figure class=\"aligncenter size-full\"><img decoding=\"async\" loading=\"lazy\" width=\"500\" height=\"657\" src=\"https:\/\/speyer24news.com\/wp-content\/uploads\/2022\/04\/DWT1.jpg\" alt=\"\" class=\"wp-image-43977\" srcset=\"https:\/\/speyer24news.com\/wp-content\/uploads\/2022\/04\/DWT1.jpg 500w, https:\/\/speyer24news.com\/wp-content\/uploads\/2022\/04\/DWT1-228x300.jpg 228w\" sizes=\"(max-width: 500px) 100vw, 500px\" \/><\/figure><\/div>\n\n\n<p>Der kollektive Fr\u00fchjahrsputz startet am Freitag, 1. M\u00e4rz 2024, mit den Kindertagesst\u00e4tten und Schulen. Am Samstag, 2. M\u00e4rz 2024, werden Vereine, Parteien und Privatinitiativen dem M\u00fcll in Stadt, Wald und Flur zu Leibe r\u00fccken. An diesem Samstag liegen M\u00fcll- und Wertstoffs\u00e4cke, die wie gewohnt von den Stadtwerken Speyer und den Entsorgungsbetrieben Speyer bereitgestellt werden, ab 8 Uhr zur Abholung in der Walderholung bereit. Handschuhe und Greifzangen k\u00f6nnen nicht zur Verf\u00fcgung gestellt werden, sondern m\u00fcssen bei Bedarf von den Teilnehmenden selbst mitgebracht werden.<\/p>\n\n\n\n<p>Mitarbeitende des st\u00e4dtischen Baubetriebshofs und der Abteilung Stadtgr\u00fcn fahren an beiden Dreck-weg-Tagen die \u00fcber 100 Sammelpunkte im Stadtgebiet an und sorgen mit mehreren LKWs daf\u00fcr, dass der gesammelte M\u00fcll rasch abtransportiert wird. Die Stadtwerke Speyer und die Entsorgungsbetriebe Speyer k\u00fcmmern sich um Glasbeh\u00e4lter und gro\u00dfe Abfallcontainer an der Walderholung. Der Dreck-weg-Tag wird auch in diesem Jahr wieder durch Geld- und Sachspenden verschiedener Firmen unterst\u00fctzt.<\/p>\n\n\n<div class=\"wp-block-image\">\n<figure class=\"aligncenter size-large\"><img decoding=\"async\" loading=\"lazy\" width=\"1024\" height=\"236\" src=\"https:\/\/speyer24news.com\/wp-content\/uploads\/2021\/05\/IMG_20200616_111157-1024x236.jpg\" alt=\"\" class=\"wp-image-36582\" srcset=\"https:\/\/speyer24news.com\/wp-content\/uploads\/2021\/05\/IMG_20200616_111157-1024x236.jpg 1024w, https:\/\/speyer24news.com\/wp-content\/uploads\/2021\/05\/IMG_20200616_111157-300x69.jpg 300w, https:\/\/speyer24news.com\/wp-content\/uploads\/2021\/05\/IMG_20200616_111157-768x177.jpg 768w, https:\/\/speyer24news.com\/wp-content\/uploads\/2021\/05\/IMG_20200616_111157.jpg 1200w\" sizes=\"(max-width: 1024px) 100vw, 1024px\" \/><\/figure><\/div>\n\n\n<p>Nach vollbrachter Arbeit k\u00f6nnen sich die kleinen und gro\u00dfen Umweltsch\u00fctzer*innen wieder auf eine <strong>gemeinsame Abschlussveranstaltung am Samstag, 2. M\u00e4rz 2024<\/strong>, in der <strong>Walderholung <\/strong>freuen:\u00a0Ab 12 Uhr serviert die Schnelle Einsatzgruppe Verpflegung der Feuerwehr Speyer dort einen warmen Mittagstisch, bei dem sich alle Teilnehmenden nach Herzenslust st\u00e4rken k\u00f6nnen.<\/p>\n\n\n\n<p><\/p>\n","protected":false},"excerpt":{"rendered":"<div class=\"mh-excerpt\"><p>Dreck-weg-Tag 2024: Am 1. und 2. M\u00e4rz ein Zeichen gegen Verm\u00fcllung setzen Im Rahmen der Kampagne \u201eSauberes Speyer \u2013 Helft mit\u201c veranstaltet die Stadt Speyer am Freitag, 1., und Samstag, 2. M\u00e4rz 2024, bereits den <a class=\"mh-excerpt-more\" href=\"https:\/\/speyer24news.com\/?p=57849\" title=\"Speyer \/ Dreck-weg-Tag 2024\">[&#8230;]<\/a><\/p>\n<\/div>","protected":false},"author":3,"featured_media":44012,"comment_status":"open","ping_status":"open","sticky":false,"template":"","format":"standard","meta":{"_monsterinsights_skip_tracking":false,"_monsterinsights_sitenote_active":false,"_monsterinsights_sitenote_note":"","_monsterinsights_sitenote_category":0,"footnotes":""},"categories":[9,13721],"tags":[204,17443,17444,5865,17445,35,216,5113,36,11353,13145,17446,17448,17449,17447,11169,11170,1533,7097,699,6,31,1442,33,6287,14238,13893,394,8866,1263,8397,218,6571],"aioseo_notices":[],"amp_enabled":true,"_links":{"self":[{"href":"https:\/\/speyer24news.com\/index.php?rest_route=\/wp\/v2\/posts\/57849"}],"collection":[{"href":"https:\/\/speyer24news.com\/index.php?rest_route=\/wp\/v2\/posts"}],"about":[{"href":"https:\/\/speyer24news.com\/index.php?rest_route=\/wp\/v2\/types\/post"}],"author":[{"embeddable":true,"href":"https:\/\/speyer24news.com\/index.php?rest_route=\/wp\/v2\/users\/3"}],"replies":[{"embeddable":true,"href":"https:\/\/speyer24news.com\/index.php?rest_route=%2Fwp%2Fv2%2Fcomments&post=57849"}],"version-history":[{"count":1,"href":"https:\/\/speyer24news.com\/index.php?rest_route=\/wp\/v2\/posts\/57849\/revisions"}],"predecessor-version":[{"id":57850,"href":"https:\/\/speyer24news.com\/index.php?rest_route=\/wp\/v2\/posts\/57849\/revisions\/57850"}],"wp:featuredmedia":[{"embeddable":true,"href":"https:\/\/speyer24news.com\/index.php?rest_route=\/wp\/v2\/media\/44012"}],"wp:attachment":[{"href":"https:\/\/speyer24news.com\/index.php?rest_route=%2Fwp%2Fv2%2Fmedia&parent=57849"}],"wp:term":[{"taxonomy":"category","embeddable":true,"href":"https:\/\/speyer24news.com\/index.php?rest_route=%2Fwp%2Fv2%2Fcategories&post=57849"},{"taxonomy":"post_tag","embeddable":true,"href":"https:\/\/speyer24news.com\/index.php?rest_route=%2Fwp%2Fv2%2Ftags&post=57849"}],"curies":[{"name":"wp","href":"https:\/\/api.w.org\/{rel}","templated":true}]}}