{"id":57856,"date":"2024-02-24T10:54:47","date_gmt":"2024-02-24T09:54:47","guid":{"rendered":"https:\/\/speyer24news.com\/?p=57856"},"modified":"2024-02-24T10:54:49","modified_gmt":"2024-02-24T09:54:49","slug":"kultur-speyer-16","status":"publish","type":"post","link":"https:\/\/speyer24news.com\/?p=57856","title":{"rendered":"Kultur \/ Speyer"},"content":{"rendered":"<style type=\"text\/css\">\r\n\t.ads_top_disp{}\r\n\t.ads_top_corner_disp{ float:left; margin:0px 10px 10px 0px; }\r\n\t.ads_first_p_disp{}\r\n\t.ads_bottom_disp{}\r\n\t<\/style>\n<h2 class=\"wp-block-heading\">Bundesweite Er\u00f6ffnung des Tags des offenen Denkmals\u00ae 2024 in Speyer<\/h2>\n\n\n\n<h3 class=\"wp-block-heading\">DSD w\u00e4hlt rheinland-pf\u00e4lzische Stadt als Austragungsort f\u00fcr zentralen Auftakt<\/h3>\n\n\n<div class=\"wp-block-image\">\n<figure class=\"aligncenter size-full\"><img decoding=\"async\" loading=\"lazy\" width=\"800\" height=\"549\" src=\"https:\/\/speyer24news.com\/wp-content\/uploads\/2024\/02\/PK-Tag-des-offenen-Denkmals_1.jpg\" alt=\"\" class=\"wp-image-57857\" srcset=\"https:\/\/speyer24news.com\/wp-content\/uploads\/2024\/02\/PK-Tag-des-offenen-Denkmals_1.jpg 800w, https:\/\/speyer24news.com\/wp-content\/uploads\/2024\/02\/PK-Tag-des-offenen-Denkmals_1-300x206.jpg 300w, https:\/\/speyer24news.com\/wp-content\/uploads\/2024\/02\/PK-Tag-des-offenen-Denkmals_1-768x527.jpg 768w\" sizes=\"(max-width: 800px) 100vw, 800px\" \/><figcaption class=\"wp-element-caption\">Die Deutsche Stiftung Denkmalschutz (DSD), vertreten durch Dr. Skudelny, Vorstand der DSD, reicht den Staffelstab an Oberb\u00fcrgermeisterin Stefanie Seiler weiter.<br><em>Foto: \u00a9 Johannes Stender<\/em><\/figcaption><\/figure><\/div>\n\n\n<p>Die Deutsche Stiftung Denkmalschutz (DSD) reicht den Staffelstab von M\u00fcnster in Nordrhein-Westfalen nach Speyer in Rheinland-Pfalz weiter. Bei einem Pressegespr\u00e4ch im Speyerer Altp\u00f6rtel gab die DSD als bundesweite Koordinatorin des gr\u00f6\u00dften Kulturevents Deutschlands bekannt, dass der zentrale Auftakt der bundesweiten Er\u00f6ffnung nach Rheinland-Pfalz kommt. Am Sonntag, den 8. September 2024, wird die Er\u00f6ffnungsveranstaltung mit vielf\u00e4ltigem Rahmenprogramm die Speyerer Innenstadt beleben. Die Open Air-B\u00fchne auf der Maximilianstra\u00dfe an der Alten M\u00fcnz mit Blick auf den Dom lockt G\u00e4ste von nah und fern. Das bundesweit gr\u00f6\u00dfte Kulturevent wird somit in einer der SchUM-St\u00e4dte, Teil des UNESCO-Welterbes, zentral er\u00f6ffnet.<\/p>\n\n\n<div class=\"wp-block-image\">\n<figure class=\"aligncenter size-full\"><img decoding=\"async\" loading=\"lazy\" width=\"800\" height=\"573\" src=\"https:\/\/speyer24news.com\/wp-content\/uploads\/2024\/02\/PK-Tag-des-offenen-Denkmals_2.jpg\" alt=\"\" class=\"wp-image-57858\" srcset=\"https:\/\/speyer24news.com\/wp-content\/uploads\/2024\/02\/PK-Tag-des-offenen-Denkmals_2.jpg 800w, https:\/\/speyer24news.com\/wp-content\/uploads\/2024\/02\/PK-Tag-des-offenen-Denkmals_2-300x215.jpg 300w, https:\/\/speyer24news.com\/wp-content\/uploads\/2024\/02\/PK-Tag-des-offenen-Denkmals_2-768x550.jpg 768w\" sizes=\"(max-width: 800px) 100vw, 800px\" \/><figcaption class=\"wp-element-caption\">Dr. Skudelny und Oberb\u00fcrgermeisteirn Stefanie Seiler auf dem Altp\u00f6rtel mit dem UNESCO Welterbest\u00e4tte, Dom zu Speyer, im Hintergrund.<br><em>Foto: \u00a9 Johannes Stender<\/em><\/figcaption><\/figure><\/div>\n\n\n<p>Die Er\u00f6ffnung findet als Open-Air-Veranstaltung statt. Die DSD bringt Angebote wie einen interaktiven Markt der M\u00f6glichkeiten mit Akteuren der Denkmalpflege sowie ein vielseitiges B\u00fchnenprogramm mit hochkar\u00e4tigen G\u00e4sten mit. Das Benefizkonzert Grundton D in Kooperation mit dem Deutschlandfunk rundet das Programm um die zentrale Er\u00f6ffnung musikalisch ab.<br>An diesem zweiten Sonntag im September \u00f6ffnen sich dar\u00fcber hinaus zahlreiche Denkmaltore in der Stadt. Passend zum Jahresmotto \u201eWahr-Zeichen. Zeitzeugen der Geschichte\u201c kann in ganz Speyer entdeckt werden, welche Rolle Wahrzeichen f\u00fcr die B\u00fcrgerinnen und B\u00fcrger spielen. Ob Kaiserdom, SchUM-St\u00e4tte oder Altp\u00f6rtel: Am Tag des offenen Denkmals erhalten Interessierte die einzigartige M\u00f6glichkeit, sonst nicht zug\u00e4ngliche Orte oder Altbekanntes mit neuem Blick zu entdecken.<\/p>\n\n\n\n<p>Nicht ohne Grund hat die DSD f\u00fcr die Bekanntgabe das Altp\u00f6rtel gew\u00e4hlt. Die R\u00e4umlichkeiten des mittelalterlichen und noch original erhaltenen Stadttors, welches seit 2020 nur eingeschr\u00e4nkt im Rahmen von F\u00fchrungen zug\u00e4nglich ist, k\u00f6nnen mitsamt des Kerkers am Tag des offenen Denkmals besichtigt werden.<\/p>\n\n\n\n<p>420 gesch\u00fctzte Einzeldenkmale machen gemeinsam mit weiteren Natur- und Bodendenkmalen die besondere Denkmalstruktur der Stadt aus. Speyer begeistert mit Spuren aus einer \u00fcber zweitausendj\u00e4hrigen Geschichte. \u201eDas vielschichtige Repertoire an Denkmalkultur in Speyer hat uns \u00fcberzeugt\u201c, so Dr. Skudelny, Vorstand der DSD. \u201eWir sind uns sicher, in der rheinland-pf\u00e4lzischen Stadt ein herausragendes Programm f\u00fcr die bundesweit zentrale Er\u00f6ffnung des Tags des offenen Denkmals 2024 aufzustellen. Speyer ist als SchUM-St\u00e4tte ein wertvolles Wahrzeichen und Symbol einer lebendigen j\u00fcdischen Tradition, die hier bis heute eine bedeutende Rolle spielt \u2013 in den heutigen Konfliktzeiten umso mehr.\u201c So ist beispielsweise die Mikwe, das j\u00fcdische Ritualbad, in Speyer als eines der \u00e4ltesten seiner Art erhalten.<\/p>\n\n\n<div class=\"wp-block-image\">\n<figure class=\"aligncenter size-full\"><img decoding=\"async\" loading=\"lazy\" width=\"800\" height=\"600\" src=\"https:\/\/speyer24news.com\/wp-content\/uploads\/2024\/02\/PK-Tag-des-offenen-Denkmals_3.jpg\" alt=\"\" class=\"wp-image-57859\" srcset=\"https:\/\/speyer24news.com\/wp-content\/uploads\/2024\/02\/PK-Tag-des-offenen-Denkmals_3.jpg 800w, https:\/\/speyer24news.com\/wp-content\/uploads\/2024\/02\/PK-Tag-des-offenen-Denkmals_3-300x225.jpg 300w, https:\/\/speyer24news.com\/wp-content\/uploads\/2024\/02\/PK-Tag-des-offenen-Denkmals_3-768x576.jpg 768w, https:\/\/speyer24news.com\/wp-content\/uploads\/2024\/02\/PK-Tag-des-offenen-Denkmals_3-678x509.jpg 678w, https:\/\/speyer24news.com\/wp-content\/uploads\/2024\/02\/PK-Tag-des-offenen-Denkmals_3-326x245.jpg 326w, https:\/\/speyer24news.com\/wp-content\/uploads\/2024\/02\/PK-Tag-des-offenen-Denkmals_3-80x60.jpg 80w\" sizes=\"(max-width: 800px) 100vw, 800px\" \/><figcaption class=\"wp-element-caption\">Dr. Skudelny, Vorstand der DSD ist begeistert von der Mikwe, dem j\u00fcdische Ritualbad, in Speyer als eines der \u00e4ltesten seiner Art.<br><em>Foto: \u00a9 Johannes Stender<\/em><\/figcaption><\/figure><\/div>\n\n\n<p>\u201eAls einzige Stadt in Rheinland-Pfalz besitzen wir mit dem Kaiserdom und der SchUM-St\u00e4tte Judenhof zwei UNESCO Welterbest\u00e4tten, womit einmal mehr deutlich wird, dass das Kulturerbe erhaltens- und sch\u00fctzenswert ist\u201c, verweist Oberb\u00fcrgermeisterin Stefanie Seiler auf den bedeutenden Stellenwert, den der Denkmalschutz auf die Stadt Speyer hat, und dankt all jenen, die sich f\u00fcr den Erhalt und die Pflege dieses Erbes einsetzen. \u201eUmso mehr freuen wir uns, dass die Deutsche Stiftung Denkmalschutz sich f\u00fcr unsere Stadt entschieden hat und wir Austragungsort f\u00fcr ein au\u00dfergew\u00f6hnliches Denkmalfest werden.\u201c<\/p>\n\n\n\n<p>F\u00fcr das geplante Stadtprogramm werden Denkmalengagierte gesucht: Wer im Besitz eines Denkmals ist oder sich f\u00fcr eines in Speyer oder Umgebung engagiert, kann sich am diesj\u00e4hrigen Tag des offenen Denkmals beteiligen und das eigene Denkmal einem breiten Publikum zeigen. Geeignet sind sowohl die gro\u00dfen bekannten Kirchen, Museen, \u00f6ffentliche Bauten, Burgen oder Schl\u00f6sser als auch private Denkmalh\u00e4user, Industriebauten oder jegliche Art von Bodendenkmal. <strong>Interessierte wenden sich bitte an folgende Mail-Adresse: <a href=\"mailto:denise.gerner@stadt-speyer.de\">denise.gerner@stadt-speyer.de<\/a><\/strong><\/p>\n\n\n\n<h4 class=\"wp-block-heading\">Auch bundesweit sind alle Engagierten, Vereine und Institutionen eingeladen, ihre Denkmale im gr\u00f6\u00dften Schaufenster der Denkmalpflege zu pr\u00e4sentieren und zu zeigen, welche \u201eWahr-Zeichen\u201c in ihnen stecken \u2013 Anmeldestart ist ab April. Mehr zum gr\u00f6\u00dften Kulturevent Deutschlands finden Sie online unter: <a href=\"http:\/\/www.tag-des-offenen-denkmals.de\/\" title=\"\"><strong>www.tag-des-offenen-denkmals.de\/<\/strong><\/a>.<\/h4>\n\n\n<div class=\"wp-block-image\">\n<figure class=\"aligncenter size-full\"><img decoding=\"async\" loading=\"lazy\" width=\"800\" height=\"533\" src=\"https:\/\/speyer24news.com\/wp-content\/uploads\/2024\/02\/PK-Tag-des-offenen-Denkmals_4.jpg\" alt=\"\" class=\"wp-image-57860\" srcset=\"https:\/\/speyer24news.com\/wp-content\/uploads\/2024\/02\/PK-Tag-des-offenen-Denkmals_4.jpg 800w, https:\/\/speyer24news.com\/wp-content\/uploads\/2024\/02\/PK-Tag-des-offenen-Denkmals_4-300x200.jpg 300w, https:\/\/speyer24news.com\/wp-content\/uploads\/2024\/02\/PK-Tag-des-offenen-Denkmals_4-768x512.jpg 768w\" sizes=\"(max-width: 800px) 100vw, 800px\" \/><figcaption class=\"wp-element-caption\">Die Deutsche Stiftung Denkmalschutz (DSD) reicht den Staffelstab von M\u00fcnster in Nordrhein-Westfalen nach Speyer in Rheinland-Pfalz weiter.<br><em>Foto: \u00a9 Johannes Stender<\/em><\/figcaption><\/figure><\/div>\n\n\n<p>Der <strong>Tag des offenen Denkmals<\/strong> ist die gr\u00f6\u00dfte Kulturveranstaltung Deutschlands. Seit 1993 wird sie von der Deutschen Stiftung Denkmalschutz (DSD), die unter der Schirmherrschaft des Bundespr\u00e4sidenten steht, bundesweit koordiniert. Die DSD ist f\u00fcr das Konzept des Aktionstags verantwortlich, legt das j\u00e4hrliche Motto fest und stellt ein umfassendes Online-Programm sowie zahlreiche kostenlose Werbemedien zur Verf\u00fcgung. Sie unterst\u00fctzt die Veranstalter mit bundesweiter Presse- und \u00d6ffentlichkeitsarbeit sowie einem breiten Serviceangebot. Seit 1998 wird der Tag des offenen Denkmals am zweiten Sonntag im September bundesweit in wechselnden St\u00e4dten feierlich er\u00f6ffnet. Eine hochkar\u00e4tig besetzte Open-Air-Veranstaltung ist dabei nur eines der vielen Highlights, die die jeweilige Er\u00f6ffnungsstadt erwartet. Der Tag des offenen Denkmals ist der deutsche Beitrag zu den European Heritage Days. Mit diesem Tag schafft die private Denkmalschutzstiftung gro\u00dfe Aufmerksamkeit f\u00fcr die Denkmalpflege in Deutschland. Vor Ort gestaltet wird der Tag von unz\u00e4hligen Veranstaltern \u2013 von Denkmaleigent\u00fcmern, Vereinen und Initiativen bis hin zu hauptamtlichen Denkmalpflegern \u2013, ohne die die Durchf\u00fchrung des Tags des offenen Denkmals nicht m\u00f6glich w\u00e4re. Der Tag des offenen Denkmals ist eine gesch\u00fctzte Marke der Deutschen Stiftung Denkmalschutz.<\/p>\n\n\n\n<p><em>Text: Stadtverwaltung Speyer Foto: \u00a9 Johannes Stender<br>21.02.2024<\/em><\/p>\n","protected":false},"excerpt":{"rendered":"<div class=\"mh-excerpt\"><p>Bundesweite Er\u00f6ffnung des Tags des offenen Denkmals\u00ae 2024 in Speyer DSD w\u00e4hlt rheinland-pf\u00e4lzische Stadt als Austragungsort f\u00fcr zentralen Auftakt Die Deutsche Stiftung Denkmalschutz (DSD) reicht den Staffelstab von M\u00fcnster in Nordrhein-Westfalen nach Speyer in Rheinland-Pfalz <a class=\"mh-excerpt-more\" href=\"https:\/\/speyer24news.com\/?p=57856\" title=\"Kultur \/ Speyer\">[&#8230;]<\/a><\/p>\n<\/div>","protected":false},"author":3,"featured_media":47039,"comment_status":"open","ping_status":"open","sticky":false,"template":"","format":"standard","meta":{"_monsterinsights_skip_tracking":false,"_monsterinsights_sitenote_active":false,"_monsterinsights_sitenote_note":"","_monsterinsights_sitenote_category":0,"footnotes":""},"categories":[14,9],"tags":[9031,9032,17464,17466,17467,17465,17461,17459,17460,17462,275,17458,3370,11953,577,2200,3369,3015,17463,17450,17451,17453,17452,17454,17469,17468,17470,17455,17456,17457],"aioseo_notices":[],"amp_enabled":true,"_links":{"self":[{"href":"https:\/\/speyer24news.com\/index.php?rest_route=\/wp\/v2\/posts\/57856"}],"collection":[{"href":"https:\/\/speyer24news.com\/index.php?rest_route=\/wp\/v2\/posts"}],"about":[{"href":"https:\/\/speyer24news.com\/index.php?rest_route=\/wp\/v2\/types\/post"}],"author":[{"embeddable":true,"href":"https:\/\/speyer24news.com\/index.php?rest_route=\/wp\/v2\/users\/3"}],"replies":[{"embeddable":true,"href":"https:\/\/speyer24news.com\/index.php?rest_route=%2Fwp%2Fv2%2Fcomments&post=57856"}],"version-history":[{"count":1,"href":"https:\/\/speyer24news.com\/index.php?rest_route=\/wp\/v2\/posts\/57856\/revisions"}],"predecessor-version":[{"id":57861,"href":"https:\/\/speyer24news.com\/index.php?rest_route=\/wp\/v2\/posts\/57856\/revisions\/57861"}],"wp:featuredmedia":[{"embeddable":true,"href":"https:\/\/speyer24news.com\/index.php?rest_route=\/wp\/v2\/media\/47039"}],"wp:attachment":[{"href":"https:\/\/speyer24news.com\/index.php?rest_route=%2Fwp%2Fv2%2Fmedia&parent=57856"}],"wp:term":[{"taxonomy":"category","embeddable":true,"href":"https:\/\/speyer24news.com\/index.php?rest_route=%2Fwp%2Fv2%2Fcategories&post=57856"},{"taxonomy":"post_tag","embeddable":true,"href":"https:\/\/speyer24news.com\/index.php?rest_route=%2Fwp%2Fv2%2Ftags&post=57856"}],"curies":[{"name":"wp","href":"https:\/\/api.w.org\/{rel}","templated":true}]}}