{"id":57950,"date":"2024-02-26T09:35:13","date_gmt":"2024-02-26T08:35:13","guid":{"rendered":"https:\/\/speyer24news.com\/?p=57950"},"modified":"2024-02-26T09:35:15","modified_gmt":"2024-02-26T08:35:15","slug":"wirtschaft-finanzen-rente-35","status":"publish","type":"post","link":"https:\/\/speyer24news.com\/?p=57950","title":{"rendered":"Wirtschaft \/ Finanzen \/ Rente"},"content":{"rendered":"<style type=\"text\/css\">\r\n\t.ads_top_disp{}\r\n\t.ads_top_corner_disp{ float:left; margin:0px 10px 10px 0px; }\r\n\t.ads_first_p_disp{}\r\n\t.ads_bottom_disp{}\r\n\t<\/style>\n<h1 class=\"wp-block-heading has-text-align-center\">Deutsche Rentenversicherung Rheinland-Pfalz<\/h1>\n\n\n<div class=\"wp-block-image\">\n<figure class=\"aligncenter size-full\"><img decoding=\"async\" loading=\"lazy\" width=\"800\" height=\"224\" src=\"https:\/\/speyer24news.com\/wp-content\/uploads\/2021\/03\/Deutsche_Rentenversicherung_Rheinland-Pfalz_logo.png\" alt=\"\" class=\"wp-image-33737\" srcset=\"https:\/\/speyer24news.com\/wp-content\/uploads\/2021\/03\/Deutsche_Rentenversicherung_Rheinland-Pfalz_logo.png 800w, https:\/\/speyer24news.com\/wp-content\/uploads\/2021\/03\/Deutsche_Rentenversicherung_Rheinland-Pfalz_logo-300x84.png 300w, https:\/\/speyer24news.com\/wp-content\/uploads\/2021\/03\/Deutsche_Rentenversicherung_Rheinland-Pfalz_logo-768x215.png 768w\" sizes=\"(max-width: 800px) 100vw, 800px\" \/><\/figure><\/div>\n\n\n<h2 class=\"wp-block-heading\">Noch bis 2. April m\u00f6glich: Freiwillige Beitr\u00e4ge zur Rentenversicherung f\u00fcr 2023 einzahlen<\/h2>\n\n\n\n<p>Freiwillige Beitr\u00e4ge zur gesetzlichen Rentenversicherung k\u00f6nnen f\u00fcr 2023 noch bis zum 2. April gezahlt werden. Dies kann sich f\u00fcr alle lohnen, die nicht rentenversicherungspflichtig sind. Denn freiwillige Beitr\u00e4ge erh\u00f6hen die Rente, k\u00f6nnen einen Rentenanspruch begr\u00fcnden und sich auch steuerlich auswirken.<\/p>\n\n\n\n<h4 class=\"wp-block-heading\">H\u00f6he des Beitrags<\/h4>\n\n\n\n<p>Die H\u00f6he des freiwilligen Beitrags ist frei w\u00e4hlbar zwischen dem Mindestbeitrag von monatlich 100,07 Euro und dem f\u00fcr 2023 geltenden H\u00f6chstbeitrag von monatlich 1 357,80 Euro. Auf der \u00dcberweisung sind Versicherungsnummer, Vor- und Zuname sowie der Zeitraum, f\u00fcr den die Beitr\u00e4ge bestimmt sind, anzugeben.<\/p>\n\n\n\n<h4 class=\"wp-block-heading\">Warum es sich lohnen kann<\/h4>\n\n\n\n<p>Wegen des g\u00fcnstigen Beitragssatzes in der gesetzlichen Rentenversicherung kann es f\u00fcr Selbst\u00e4ndige, Hausfrauen und andere Personen, die nicht rentenversicherungspflichtig sind, interessant sein, freiwillige Beitr\u00e4ge zu zahlen. Sie z\u00e4hlen nicht nur f\u00fcr Mindestversicherungszeiten, sondern k\u00f6nnen die sp\u00e4tere Rente erh\u00f6hen. Ein Beispiel: F\u00fcr ein Jahr freiwillige Beitr\u00e4ge in H\u00f6he von 100,07 Euro monatlich gibt es &#8211; Stand heute &#8211; jeden Monat 5,35 Euro mehr Rente. \u00dcber die Rentenanpassungen kann sich dieser Betrag in der Zukunft weiter erh\u00f6hen.<\/p>\n\n\n\n<p>Au\u00dferdem kann es auch steuerlich interessant sein, freiwillige Beitr\u00e4ge zu zahlen. Ausk\u00fcnfte dazu geben die Finanz\u00e4mter, die Steuerberater oder die Lohnsteuerhilfevereine.<\/p>\n\n\n\n<h4 class=\"wp-block-heading\"><em>Weitere Ausk\u00fcnfte gibt es bei der Deutschen Rentenversicherung Rhein-land-Pfalz, \u00fcber das kostenfreie Servicetelefon unter 0800 1000 480 16 und im Internet unter\u00a0<a href=\"https:\/\/deref-web.de\/mail\/client\/l0gGdhcyLmQ\/dereferrer\/?redirectUrl=http%3A%2F%2Fwww.drv-rlp.de\" target=\"_blank\" rel=\"noreferrer noopener\">www.drv-rlp.de<\/a>.<\/em><\/h4>\n\n\n\n<p><em>Deutsche Rentenversicherung Rheinland-Pfalz, Speyer<br>15.02.2024<\/em><\/p>\n\n\n\n<h2 class=\"wp-block-heading\">F\u00fcr Schulausbildung Beitr\u00e4ge zur Rentenversicherung nachzahlen<\/h2>\n\n\n\n<ul>\n<li><strong>Nur bis zum 45. Lebensjahr m\u00f6glich<\/strong><\/li>\n\n\n\n<li><strong>Rentenl\u00fccke schlie\u00dfen und Rente erh\u00f6hen<\/strong><\/li>\n<\/ul>\n\n\n\n<p>Wer nach dem 16. Lebensjahr die Schule besucht oder studiert hat, kann f\u00fcr einen Teil dieser Zeiten freiwillige Beitr\u00e4ge in die Rentenversicherung einzahlen. Damit ist es m\u00f6glich, L\u00fccken im Rentenkonto zu schlie\u00dfen, Mindestversicherungszeiten zu erf\u00fcllen und die Rente zu erh\u00f6hen.<\/p>\n\n\n\n<h4 class=\"wp-block-heading\">L\u00fccken im Rentenkonto durch Schulausbildung<\/h4>\n\n\n\n<p>Bereits fr\u00fch k\u00f6nnen erste L\u00fccken im Rentenkonto entstehen, denn bei einer schulischen Ausbildung werden &#8211; anders als bei betrieblichen Ausbildungen &#8211; keine Beitr\u00e4ge zur Rentenversicherung gezahlt. Im Rentenkonto werden lediglich ab dem 17. Lebensjahr bis zu acht Jahre als Anrechnungszeiten ber\u00fccksichtigt.<\/p>\n\n\n\n<h4 class=\"wp-block-heading\">Beitr\u00e4ge nachzahlen bis zum 45. Lebensjahr<\/h4>\n\n\n\n<p>Nur bis zum 45. Lebensjahr k\u00f6nnen Versicherte mit freiwilligen Beitr\u00e4gen diese L\u00fccken wegen Schulausbildung schlie\u00dfen. M\u00f6glich ist das f\u00fcr Zeiten einer schulischen Ausbildung oder berufsvorbereitenden Bildungsma\u00dfnahme zwischen dem 16. und 17. Lebensjahr, eine l\u00e4nger als acht Jahre dauernde Fach- oder Hochschulausbildung nach dem 17. Lebensjahr sowie f\u00fcr Zeiten, in denen man nach Abschluss eines Studiums noch immatrikuliert war.<br>Wichtig dabei: F\u00fcr diese Monate d\u00fcrfen weder Beitragszeiten, z. B. durch einen versicherungspflichtigen Minijob, noch Anrechnungszeiten im Rentenkonto ber\u00fccksichtigt sein.<br>Gezahlt werden kann jeder Betrag zwischen dem aktuellen Mindestbeitrag von 100,07 Euro und dem H\u00f6chstbeitrag von 1 404,30 Euro.<\/p>\n\n\n\n<h4 class=\"wp-block-heading\">Vorher Konto pr\u00fcfen und beraten lassen<\/h4>\n\n\n\n<p>Wer sich f\u00fcr eine Nachzahlung interessiert, sollte auf jeden Fall die im Versicherungskonto gespeicherten Daten pr\u00fcfen und sich bei einer Beratungsstelle der Deutschen Rentenversicherung in Speyer, Kaiserslautern, Mainz, Bad Kreuznach, Tier, Koblenz oder Andernach beraten lassen. Einen Beratungstermin kann man telefonisch direkt bei der Beratungsstelle vereinbaren. Die Kontaktdaten der Auskunfts- und Beratungsstellen gibt es auf\u00a0<a href=\"https:\/\/deref-web.de\/mail\/client\/Uor1t2mTpK0\/dereferrer\/?redirectUrl=http%3A%2F%2Fwww.drv-rlp.de%2Fberatung\" target=\"_blank\" rel=\"noreferrer noopener\">www.drv-rlp.de\/beratung<\/a>.<\/p>\n\n\n\n<p>Beantragen kann man die Nachzahlung von freiwilligen Beitr\u00e4gen f\u00fcr Ausbildungszeiten mit dem Formular V0080 \u00fcber die Online-Dienste der Deutschen Rentenversicherung auf&nbsp;<a href=\"https:\/\/deref-web.de\/mail\/client\/Q83Bftpx2OI\/dereferrer\/?redirectUrl=http%3A%2F%2Fwww.eservice-drv.de%2Feantrag\" target=\"_blank\" rel=\"noreferrer noopener\">www.eservice-drv.de\/eantrag<\/a>.<\/p>\n\n\n\n<p>\u00dcbrigens k\u00f6nnen die freiwilligen Beitr\u00e4ge f\u00fcr Ausbildungszeiten auch als Aufwendungen f\u00fcr die Altersvorsorge bei der Steuer geltend gemacht werden. Konkrete Ausk\u00fcnfte hierzu erteilen Lohnsteuerhilfevereine, Steuerberater oder Finanz\u00e4mter.<\/p>\n\n\n\n<h4 class=\"wp-block-heading\">Weitere Ausk\u00fcnfte gibt es bei der Deutschen Rentenversicherung Rheinland-Pfalz, \u00fcber das kostenfreie Servicetelefon unter 0800 1000 480 16 und im Internet unter\u00a0<a href=\"https:\/\/deref-web.de\/mail\/client\/l0gGdhcyLmQ\/dereferrer\/?redirectUrl=http%3A%2F%2Fwww.drv-rlp.de\" target=\"_blank\" rel=\"noreferrer noopener\">www.drv-rlp.de<\/a>.<\/h4>\n\n\n\n<p><em>Deutsche Rentenversicherung Rheinland-Pfalz, Speyer<br>01.02.2024<\/em><\/p>\n\n\n\n<h1 class=\"wp-block-heading has-text-align-center\">Bundesagentur f\u00fcr Arbeit<\/h1>\n\n\n<div class=\"wp-block-image\">\n<figure class=\"aligncenter size-full\"><img decoding=\"async\" loading=\"lazy\" width=\"800\" height=\"533\" src=\"https:\/\/speyer24news.com\/wp-content\/uploads\/2021\/02\/Agentur-f\u00fcr-Arbeit.jpg\" alt=\"\" class=\"wp-image-33223\" srcset=\"https:\/\/speyer24news.com\/wp-content\/uploads\/2021\/02\/Agentur-f\u00fcr-Arbeit.jpg 800w, https:\/\/speyer24news.com\/wp-content\/uploads\/2021\/02\/Agentur-f\u00fcr-Arbeit-300x200.jpg 300w, https:\/\/speyer24news.com\/wp-content\/uploads\/2021\/02\/Agentur-f\u00fcr-Arbeit-768x512.jpg 768w\" sizes=\"(max-width: 800px) 100vw, 800px\" \/><\/figure><\/div>\n\n\n<h2 class=\"wp-block-heading\">Kurzzeitige Besch\u00e4ftigung: Unternehmen k\u00f6nnen f\u00fcr Spitzenzeiten befristet Personal aus dem Ausland rekrutieren<\/h2>\n\n\n\n<p><strong>N\u00fcrnberg \/ Deutschland &#8211; <\/strong>Am 1. M\u00e4rz tritt die zweite Stufe des neuen \u201eFachkr\u00e4fteeinwanderungsgesetzes\u201c in Kraft. Ein Bestandteil ist die sogenannte kurzzeitige kontingentierte Besch\u00e4ftigung, die das Fachkr\u00e4fteeinwanderungsgesetz erg\u00e4nzt. Diese erm\u00f6glicht es Arbeitgebern, in Spitzenzeiten kurzfristig ausl\u00e4ndische Arbeitskr\u00e4fte einzustellen.<\/p>\n\n\n\n<p>\u201eDie neue kurzzeitige Besch\u00e4ftigung er\u00f6ffnet Arbeitgebern, etwa mit Saisongesch\u00e4ft, eine gute M\u00f6glichkeit, ausl\u00e4ndische Arbeitskr\u00e4fte anzuwerben, sozialversicherungspflichtig und nach Tarif einzustellen. Das kann in Spitzenzeiten helfen, wenn es nicht m\u00f6glich ist, ausreichend inl\u00e4ndisches Potential zu erschlie\u00dfen\u201c sagt Vanesa Ahuja, BA-Vorst\u00e4ndin f\u00fcr das internationale Gesch\u00e4ft.<br>Die neue Regelung gibt Arbeitgebern die M\u00f6glichkeit, f\u00fcr Engp\u00e4sse in Spitzenzeiten, etwa im Hotel- und Gastst\u00e4ttengewerbe oder an Flugh\u00e4fen, ausl\u00e4ndische Arbeitnehmerinnen und Arbeitnehmer f\u00fcr bis zu acht Monate einzustellen. Eine Berufsausbildung oder ein Studium sind nicht erforderlich. Die BA kann die Zustimmung bzw. die Arbeitserlaubnis grunds\u00e4tzlich f\u00fcr jede Besch\u00e4ftigung im Inland erteilen.<br>T\u00e4tigkeiten etwa in der Gastronomie sind wegen der Arbeitszeiten am Abend oder Wochenende beispielsweise f\u00fcr inl\u00e4ndische Alleinerziehende mit Kindern nicht immer m\u00f6glich.<\/p>\n\n\n\n<h4 class=\"wp-block-heading\">Rekrutierung durch die Unternehmen<\/h4>\n\n\n\n<p>Die Arbeitskr\u00e4fte werden von den Unternehmen selbst rekrutiert und angeworben, die BA verantwortet die Pr\u00fcfung der Voraussetzungen.<br>Voraussetzungen sind unter anderem eine inl\u00e4ndische Besch\u00e4ftigung von mindestens 30 Stunden pro Woche, die Bindung des Arbeitgebers an einen Tarifvertrag und eine Verg\u00fctung zu den geltenden tariflichen Bestimmungen, sowie die \u00dcbernahme der Reisekosten durch den Arbeitgeber.<\/p>\n\n\n\n<h4 class=\"wp-block-heading\">BA legt Kontingent fest<\/h4>\n\n\n\n<p>Zudem sieht die Regelung ein Kontingent vor, das die BA festsetzt. F\u00fcr das Jahr 2024 hat die BA ein Kontingent von 25.000 Zustimmungen f\u00fcr alle Branchen festgesetzt. Davon ausgenommen sind Erntehelfer in der Landwirtschaft.<br>Arbeitgeber k\u00f6nnen bei der BA eine Arbeitserlaubnis oder eine Vorabzustimmung zu einem Aufenthaltstitel f\u00fcr Arbeitskr\u00e4fte aus dem Ausland ab M\u00e4rz auch bequem online unter\u00a0<a href=\"https:\/\/deref-web.de\/mail\/client\/3R3Q8WQnhPA\/dereferrer\/?redirectUrl=http%3A%2F%2Fwww.arbeitsagentur.de\" target=\"_blank\" rel=\"noreferrer noopener\"><strong>www.arbeitsagentur.de<\/strong><\/a>\u00a0beantragen.<\/p>\n\n\n\n<p><em>Bundesagentur f\u00fcr Arbeit<br>20.02.2024<\/em><\/p>\n\n\n\n<h2 class=\"wp-block-heading\">Arbeitsmarkt im Januar 2024<\/h2>\n\n\n\n<h3 class=\"wp-block-heading\">Jahr beginnt wie \u00fcblich mit steigender Arbeitslosigkeit<\/h3>\n\n\n\n<p>\u201eDer allj\u00e4hrliche Anstieg der Arbeitslosigkeit zum Jahreswechsel f\u00e4llt in diesem Jahr geringer aus. Auch die Besch\u00e4ftigung und Arbeitskr\u00e4ftenachfrage zeigen sich konstant, sodass sich der Arbeitsmarkt zu Jahresbeginn trotz der anhaltenden Wirtschaftsschw\u00e4che stabil zeigt\u201c, sagte die Vorstandsvorsitzende der Bundesagentur f\u00fcr Arbeit (BA), Andrea Nahles, heute anl\u00e4sslich der monatlichen Pressekonferenz in N\u00fcrnberg.<\/p>\n\n\n\n<ul>\n<li><strong>Arbeitslosenzahl im Januar: +169.000 auf 2.805.000<\/strong><\/li>\n\n\n\n<li><strong>Arbeitslosenzahl im Vorjahresvergleich: +189.000<\/strong><\/li>\n\n\n\n<li><strong>Arbeitslosenquote gegen\u00fcber Vormonat: +0,4 Prozentpunkte auf 6,1 Prozent<\/strong><\/li>\n<\/ul>\n\n\n\n<h4 class=\"wp-block-heading\">Arbeitslosigkeit, Unterbesch\u00e4ftigung und Erwerbslosigkeit<\/h4>\n\n\n\n<p>Die Arbeitslosigkeit ist im Januar 2024 wie jahreszeitlich \u00fcblich gestiegen, und zwar um 169.000 auf 2.805.000. Saisonbereinigt hat die Zahl der Arbeitslosen gegen\u00fcber dem Vormonat um 2.000 abgenommen. Verglichen mit dem Januar des vorigen Jahres ist die Arbeitslosenzahl um 189.000 h\u00f6her. Die Arbeitslosenquote stieg von Dezember auf Januar um 0,4 Prozentpunkte auf 6,1 Prozent. Gegen\u00fcber dem Vorjahresmonat hat sich die Quote ebenfalls um 0,4 Prozentpunkte erh\u00f6ht. Die vom Statistischen Bundesamt nach dem ILO-Erwerbskonzept ermittelte Erwerbslosenquote belief sich im Dezember auf 2,9 Prozent.<\/p>\n\n\n\n<p>Die Unterbesch\u00e4ftigung, die neben der Arbeitslosigkeit auch Arbeitsmarktpolitik und kurzfristige Arbeitsunf\u00e4higkeit umfasst, ist saisonbereinigt gegen\u00fcber dem Vormonat um 4.000 gesunken. Sie lag im Januar 2024 bei 3.609.000 Personen. Das waren 156.000 mehr als vor einem Jahr, davon 43.000 Staatsangeh\u00f6rige aus der Ukraine.<br>Kurzarbeit<\/p>\n\n\n\n<p>Vor Beginn von Kurzarbeit m\u00fcssen Betriebe eine Anzeige \u00fcber den voraussichtlichen Arbeitsausfall erstatten. Nach aktuellen Daten wurde vom 1. bis einschlie\u00dflich 25. Januar f\u00fcr 46.000 Personen konjunkturelle Kurzarbeit angezeigt, deutlich weniger als zum vergleichbaren Zeitpunkt im Vormonat.<br>Aktuelle Daten zur tats\u00e4chlichen Inanspruchnahme stehen bis November 2023 zur Verf\u00fcgung. So wurde nach vorl\u00e4ufigen hochgerechneten Daten der BA in diesem Monat f\u00fcr 181.000 Besch\u00e4ftigte konjunkturelles Kurzarbeitergeld gezahlt, nach 170.000 im Oktober und 147.000 im September.<\/p>\n\n\n\n<h4 class=\"wp-block-heading\">Erwerbst\u00e4tigkeit und Besch\u00e4ftigung<\/h4>\n\n\n\n<p>Nach Angaben des Statistischen Bundesamtes ist die Zahl der Erwerbst\u00e4tigen (nach dem Inlandskonzept) im Dezember 2023 saisonbereinigt gegen\u00fcber dem Vormonat leicht um 24.000 gestiegen. Mit 46,09 Millionen Personen fiel sie im Vergleich zum Vorjahr um 207.000 h\u00f6her aus. Die sozialversicherungspflichtige Besch\u00e4ftigung ist von Oktober auf November 2023 saisonbereinigt geringf\u00fcgig um 6.000 gestiegen. Im Vergleich zum Vorjahr hat sie im November nach Hochrechnungen der BA um 217.000 auf 35,11 Millionen Besch\u00e4ftigte zugenommen, wobei der Anstieg allein auf ausl\u00e4ndischen Staatsangeh\u00f6rigen beruht. 7,63 Millionen Personen hatten im November 2023 eine geringf\u00fcgig entlohnte Besch\u00e4ftigung, 149.000 mehr als im Vorjahresmonat. Davon waren 4,2 Millionen ausschlie\u00dflich und 3,44 Millionen im Nebenjob geringf\u00fcgig entlohnt besch\u00e4ftigt.<\/p>\n\n\n\n<h4 class=\"wp-block-heading\">Arbeitskr\u00e4ftenachfrage<\/h4>\n\n\n\n<p>Im Januar waren 699.000 Arbeitsstellen bei der BA gemeldet, 66.000 weniger als vor einem Jahr. Der BA-Stellenindex (BA X) \u2013 ein Indikator f\u00fcr die Nachfrage nach Personal in Deutschland, der neben dem Bestand an gemeldeten Arbeitsstellen auch den Zugang ber\u00fccksichtigt \u2013 blieb im Januar 2024 unver\u00e4ndert bei<br>116 Punkten. Im Vergleich zum Vorjahresmonat verzeichnet der BA-X einen R\u00fcckgang von 11 Punkten.<\/p>\n\n\n\n<h4 class=\"wp-block-heading\">Geldleistungen bei Arbeitslosigkeit und Hilfebed\u00fcrftigkeit<\/h4>\n\n\n\n<p>921.000 Personen erhielten im Januar 2024 Arbeitslosengeld, 89.000 mehr als vor einem Jahr. Die Zahl der erwerbsf\u00e4higen Leistungsberechtigten in der Grundsicherung f\u00fcr Arbeitsuchende (SGB II) lag im Januar bei 3.971.000. Gegen\u00fcber Januar 2023 war dies ein Anstieg um 79.000 Personen. 7,2 Prozent der in Deutschland lebenden Personen im erwerbsf\u00e4higen Alter waren damit hilfebed\u00fcrftig.<\/p>\n\n\n\n<h4 class=\"wp-block-heading\">Ausbildungsmarkt<\/h4>\n\n\n\n<p>In der Nachvermittlungszeit am Ausbildungsmarkt f\u00fcr einen sofortigen Ausbildungsbeginn waren von Oktober 2023 bis Januar 2024 mit 64.000 gut 1.000 junge Menschen mehr auf Ausbildungssuche als im letzten Jahr. Dem standen 85.000 gemeldete betriebliche Ausbildungsstellen gegen\u00fcber, knapp 4.000 mehr als im Vorjahr. 28.000 Bewerberinnen und Bewerber waren im Januar 2024 noch unversorgt und weitere 18.000 suchten trotz Alternative weiterhin eine Ausbildungsstelle. Gleichzeitig waren 18.000 Ausbildungsstellen noch unbesetzt.<br>F\u00fcr das neue Berichtsjahr 2023\/24 sind bislang 3 Prozent mehr Bewerberinnen und Bewerber gemeldet als im Vorjahreszeitraum. Die Zahl der betrieblichen Ausbildungsstellen liegt 1 Prozent unter dem Vorjahreswert. Im Januar ist der Ausbildungsmarkt allerdings noch sehr stark in Bewegung.<\/p>\n\n\n\n<h4 class=\"wp-block-heading\">Den ausf\u00fchrlichen Monatsbericht finden Sie im Internet unter <a href=\"https:\/\/deref-web.de\/mail\/client\/cCyeWcf-PFg\/dereferrer\/?redirectUrl=https%3A%2F%2Fstatistik.arbeitsagentur.de\" target=\"_blank\" rel=\"noreferrer noopener\">https:\/\/statistik.arbeitsagentur.de<\/a>.<\/h4>\n\n\n\n<p><em>Bundesagentur f\u00fcr Arbeit<br>31.01.2024<\/em><\/p>\n\n\n\n<h1 class=\"wp-block-heading has-text-align-center\">Stadtwerke Speyer (SWS) GmbH<\/h1>\n\n\n<div class=\"wp-block-image\">\n<figure class=\"aligncenter size-full\"><img decoding=\"async\" loading=\"lazy\" width=\"600\" height=\"209\" src=\"https:\/\/speyer24news.com\/wp-content\/uploads\/2020\/10\/SWS-Logo-1024x356.jpg\" alt=\"\" class=\"wp-image-30557\" srcset=\"https:\/\/speyer24news.com\/wp-content\/uploads\/2020\/10\/SWS-Logo-1024x356.jpg 600w, https:\/\/speyer24news.com\/wp-content\/uploads\/2020\/10\/SWS-Logo-1024x356-300x105.jpg 300w\" sizes=\"(max-width: 600px) 100vw, 600px\" \/><\/figure><\/div>\n\n<div class=\"wp-block-image\">\n<figure class=\"aligncenter size-full\"><img decoding=\"async\" loading=\"lazy\" width=\"640\" height=\"421\" src=\"https:\/\/speyer24news.com\/wp-content\/uploads\/2020\/10\/SWS-Kundenzentrum.jpg\" alt=\"\" class=\"wp-image-31027\" srcset=\"https:\/\/speyer24news.com\/wp-content\/uploads\/2020\/10\/SWS-Kundenzentrum.jpg 640w, https:\/\/speyer24news.com\/wp-content\/uploads\/2020\/10\/SWS-Kundenzentrum-300x197.jpg 300w\" sizes=\"(max-width: 640px) 100vw, 640px\" \/><\/figure><\/div>\n\n\n<h2 class=\"wp-block-heading\">SWS erneut ausgezeichnet<\/h2>\n\n\n\n<h3 class=\"wp-block-heading\">G\u00fctesiegel motiviert f\u00fcr t\u00e4gliche Arbeit<\/h3>\n\n\n<div class=\"wp-block-image\">\n<figure class=\"aligncenter size-full\"><img decoding=\"async\" loading=\"lazy\" width=\"800\" height=\"593\" src=\"https:\/\/speyer24news.com\/wp-content\/uploads\/2024\/02\/DanielSimonte_SWS.jpg\" alt=\"\" class=\"wp-image-57955\" srcset=\"https:\/\/speyer24news.com\/wp-content\/uploads\/2024\/02\/DanielSimonte_SWS.jpg 800w, https:\/\/speyer24news.com\/wp-content\/uploads\/2024\/02\/DanielSimonte_SWS-300x222.jpg 300w, https:\/\/speyer24news.com\/wp-content\/uploads\/2024\/02\/DanielSimonte_SWS-768x569.jpg 768w, https:\/\/speyer24news.com\/wp-content\/uploads\/2024\/02\/DanielSimonte_SWS-80x60.jpg 80w\" sizes=\"(max-width: 800px) 100vw, 800px\" \/><figcaption class=\"wp-element-caption\">Daniel Simonte, Bereichsleiter Vertrieb\/Handel bei den SWS, mit dem G\u00fctesiegel \u201eHerausragender Regionalversorger\u201c<br><em>Foto: \u00a9 SWS<\/em><\/figcaption><\/figure><\/div>\n\n\n<p><strong>Speyer &#8211; <\/strong>Die Stadtwerke Speyer (SWS) wurden von der Deutschen Gesellschaft f\u00fcr Verbraucherstudien (DtGV) erneut mit dem G\u00fctesiegel \u201eHerausragender Regionalversorger\u201c im Bereich Strom und Erdgas ausgezeichnet.<\/p>\n\n\n\n<p>\u201eWir sind stolz darauf, das Qualit\u00e4tssiegel zum dritten Mal in Folge erhalten zu haben &#8211; gerade in diesen schwierigen Zeiten\u201c, betont Daniel Simonte, Bereichsleiter Vertrieb\/Handel bei den SWS und erg\u00e4nzt: \u201eDiese Auszeichnung ist eine Best\u00e4tigung unserer kontinuierlichen Arbeit und unseres regionalen Engagements. Als Infrastrukturdienstleister ist es unsere Aufgabe, die Menschen vor Ort aktiv bei den Herausforderungen der Energiewende zu unterst\u00fctzen. Die Auszeichnung motiviert uns, weiterhin innovative L\u00f6sungen zu entwickeln und unser Bestes zu geben.\u201c<\/p>\n\n\n\n<p>Zum Hintergrund: Seit 2014 f\u00fchrt die DtGV Untersuchungen zum nationalen Energieangebot durch. Um die besondere Leistungsf\u00e4higkeit und Vorteile der Versorger vor Ort hervorzuheben, sind seit 2017 umfassende Pr\u00fcfungen auf regionaler Ebene hinzugekommen. Diese basieren auf Leistungen in den Bereichen Kundenservice, Internetauftritt, Tarifoptionen, Nachhaltigkeit und regionales Engagement. Das DtGV-G\u00fctesiegel steht f\u00fcr Qualit\u00e4t und Verl\u00e4sslichkeit bei regionalen Strom- und Erdgasanbietern.<\/p>\n\n\n\n<p><em>Text: Stadtwerke Speyer GmbH Foto: \u00a9 SWS<br>16.02.2024<\/em><\/p>\n\n\n\n<h2 class=\"wp-block-heading\">Wind f\u00fcr nachhaltige Produktion<\/h2>\n\n\n\n<h3 class=\"wp-block-heading\">Haltermann Carless und SWS kooperieren<\/h3>\n\n\n\n<h3 class=\"wp-block-heading\">Das Speyerer Unternehmen Haltermann Carless Deutschland GmbH gilt als f\u00fchrender Anbieter von nachhaltigen Kohlenwasserstoffen. Der Vertrieb l\u00e4uft weltweit. Die Produktion erfordert einen hohen Stromverbrauch. Dieser soll nun mit Unterst\u00fctzung der Stadtwerke Speyer (SWS) umweltfreundlicher gestaltet werden \u2013 mit Windenergie aus der Region.<\/h3>\n\n\n<div class=\"wp-block-image\">\n<figure class=\"aligncenter size-full\"><img decoding=\"async\" loading=\"lazy\" width=\"800\" height=\"600\" src=\"https:\/\/speyer24news.com\/wp-content\/uploads\/2024\/02\/PC090080.jpg\" alt=\"\" class=\"wp-image-57960\" srcset=\"https:\/\/speyer24news.com\/wp-content\/uploads\/2024\/02\/PC090080.jpg 800w, https:\/\/speyer24news.com\/wp-content\/uploads\/2024\/02\/PC090080-300x225.jpg 300w, https:\/\/speyer24news.com\/wp-content\/uploads\/2024\/02\/PC090080-768x576.jpg 768w, https:\/\/speyer24news.com\/wp-content\/uploads\/2024\/02\/PC090080-678x509.jpg 678w, https:\/\/speyer24news.com\/wp-content\/uploads\/2024\/02\/PC090080-326x245.jpg 326w, https:\/\/speyer24news.com\/wp-content\/uploads\/2024\/02\/PC090080-80x60.jpg 80w\" sizes=\"(max-width: 800px) 100vw, 800px\" \/><figcaption class=\"wp-element-caption\">Der Windpark in der Eifel produziert 40 Prozent den Strombedarfs von Haltermann Carless, Standort Speyer<br><em>Foto: \u00a9 WEAG AG<\/em><\/figcaption><\/figure><\/div>\n\n\n<p>Rund 120 Mitarbeitende besch\u00e4ftigt Haltermann Carless am Standort Speyer, der 1965 in Betrieb genommen wurde. Hier laufen unter anderem neun Destillationskolonnen, eine Verlade- und Mischstation, 175 Tanks und 600 Pumpen. Eine Menge Energie, die daf\u00fcr ben\u00f6tigt wird. Auf der Suche nach einer nachhaltigen Energieform, die gleichzeitig Preisstabilit\u00e4t bietet, kamen die Verantwortlichen von Haltermann Carless mit den Stadtwerken Speyer ins Gespr\u00e4ch.<\/p>\n\n\n\n<p>Das SWS-Produkt \u201eBusiness Flex\u201c erregte ihre Aufmerksamkeit \u2013 mit dem Ziel, die eigene Produktion mit Strom aus erneuerbaren Energien zu betreiben. Da die Nutzung von Solarenergie am Standort aktuell und kurzfristig nicht umsetzbar war, fand Christoph Doll, Teamleiter Gesch\u00e4ftskundenvertrieb\/Energiehandel, eine Alternativl\u00f6sung. \u201eWir haben nach einem Windpark in unserem Verbund gesucht, der Festpreise anbietet\u201c, erkl\u00e4rt er. Im Windpark Waldk\u00f6nigen in Daun in der Eifel wurde Christoph Doll f\u00fcndig. Anlagenbetreiber dort ist die WEAG Future Energies, ein Partnerunternehmen der SWS.<\/p>\n\n\n\n<p>\u201eDie Stadtwerke Speyer haben mit dem Windparkbetreiber einen Vertrag geschlossen und wickeln die Lieferung an Haltermann Carless \u00fcber ein virtuelles Bilanzkreissystem ab\u201c, f\u00fchrt Daniel Simonte, Bereichsleiter Vertrieb\/Handel bei den SWS, zum Grundkonstrukt aus. Ein Portfoliomanagement-Vertrag \u201eBusiness Flex\u201c ist geschlossen worden, der f\u00fcr alle Seiten Vorteile bringt. \u201eDie WEAG profitiert, da die Energiegewinnung in \u00e4lteren Windparks nicht mehr finanziell gef\u00f6rdert wird. Haltermann Carless profitiert von stabilen Preisen und Energielieferungen und wir als SWS fungieren als Bindeglied zwischen dem Endkunden und dem Anbieter\u201c, zeigt Daniel Simonte auf. Etwa 40 Prozent der ben\u00f6tigten Strommenge \u2013 insgesamt wird von einem j\u00e4hrlichen Wert im Bereich von 4.500.000 Kilowattstunden ausgegangen \u2013 kann von Haltermann Carless aus dem Windpark Waldk\u00f6nigen genutzt werden. \u201eDen Rest beschaffen wir nach Wunsch des Kunden auf dem Termin- oder Spotmarkt\u201c, erkl\u00e4rt Christoph Doll.<\/p>\n\n\n<div class=\"wp-block-image\">\n<figure class=\"aligncenter size-full\"><img decoding=\"async\" loading=\"lazy\" width=\"800\" height=\"533\" src=\"https:\/\/speyer24news.com\/wp-content\/uploads\/2024\/02\/Haltermann-Carless-Speyer_Plant-View-w-Hydrogenation-Unit.jpg\" alt=\"\" class=\"wp-image-57961\" srcset=\"https:\/\/speyer24news.com\/wp-content\/uploads\/2024\/02\/Haltermann-Carless-Speyer_Plant-View-w-Hydrogenation-Unit.jpg 800w, https:\/\/speyer24news.com\/wp-content\/uploads\/2024\/02\/Haltermann-Carless-Speyer_Plant-View-w-Hydrogenation-Unit-300x200.jpg 300w, https:\/\/speyer24news.com\/wp-content\/uploads\/2024\/02\/Haltermann-Carless-Speyer_Plant-View-w-Hydrogenation-Unit-768x512.jpg 768w\" sizes=\"(max-width: 800px) 100vw, 800px\" \/><figcaption class=\"wp-element-caption\">Haltermann Carless hat es sich zum Ziel gesetzt, im Jahr 2045 \u201eNet Zero\u201c zu sein. Durch die Nutzung von Windenergie aus der Region k\u00f6nnen im Jahr 1.600 Tonnen CO<sub>2<\/sub>\u00a0eingespart werden.<br><em>Foto: \u00a9 Haltermann Carless<\/em><\/figcaption><\/figure><\/div>\n\n\n<p>Mit dieser L\u00f6sung ist das Unternehmen mehr als zufrieden. \u201eHaltermann Carless m\u00f6chte nicht nur nachhaltige Rohstoffe einsetzen und zukunftsf\u00e4hige Produkte entwickeln, sondern auch die Produktion entsprechend umweltvertr\u00e4glich gestalten\u201c, stellt Dr. Maximilian Budde, zust\u00e4ndig f\u00fcr Development &amp; Sustainability, heraus. Wesentlich ist f\u00fcr ihn, dass der Strom regional erzeugt und genutzt wird, was einen weiteren Mehrwert darstellt und die Treibhausgasemissionen in der Lieferkette reduziert. \u201eSchlie\u00dflich k\u00f6nnen durch das Einspeisen der Windenergie \u00fcber 1.600 Tonnen CO<sub>2<\/sub>\u00a0j\u00e4hrlich eingespart werden\u201c, so Maximilian Budde. \u201eHaltermann Carless ist eine der ersten Firmen, die einen Windpark ins Unternehmen integriert\u201c, macht Daniel Simonte deutlich. Er hofft auf Nachahmende in der Wirtschaft, um das Produkt \u201eBusiness Flex\u201c weiter ausbauen zu k\u00f6nnen. Individuelle L\u00f6sungen sollen und k\u00f6nnen f\u00fcr alle Interessierte gefunden werden. Der Vertrag f\u00fcr die Versorgung mit Energie aus dem Windpark in der Eifel ist zun\u00e4chst auf ein Jahr abgeschlossen. \u201eWir m\u00f6chten uns dahingehend weiterentwickeln, dass k\u00fcnftig Mehrjahresvertr\u00e4ge unterschrieben werden\u201c, k\u00fcndigt Christoph Doll an.<\/p>\n\n\n\n<p><em>Text: Stadtwerke Speyer GmbH Foto: (1) \u00a9 WEAG AG; (2) \u00a9 Haltermann Carless<br>14.02.2024<\/em><\/p>\n\n\n\n<h2 class=\"wp-block-heading\">Fortschrittliche Entwicklung bescheinigt<\/h2>\n\n\n\n<h3 class=\"wp-block-heading\">SWS im Technischen Sicherheitsmanagement zertifiziert<\/h3>\n\n\n<div class=\"wp-block-image\">\n<figure class=\"aligncenter size-full\"><img decoding=\"async\" loading=\"lazy\" width=\"800\" height=\"519\" src=\"https:\/\/speyer24news.com\/wp-content\/uploads\/2024\/02\/240201AuszeichnungTSM04-Kopie.jpg\" alt=\"\" class=\"wp-image-57963\" srcset=\"https:\/\/speyer24news.com\/wp-content\/uploads\/2024\/02\/240201AuszeichnungTSM04-Kopie.jpg 800w, https:\/\/speyer24news.com\/wp-content\/uploads\/2024\/02\/240201AuszeichnungTSM04-Kopie-300x195.jpg 300w, https:\/\/speyer24news.com\/wp-content\/uploads\/2024\/02\/240201AuszeichnungTSM04-Kopie-768x498.jpg 768w\" sizes=\"(max-width: 800px) 100vw, 800px\" \/><figcaption class=\"wp-element-caption\">Die SWS wurden erneut zertifiziert in den Sparten Erdgas, Wasser und Strom: v. l. J\u00fcrgen Hermes (SWS), Michael Kesselmeier (SWS), Heinz Flick (DVGW), Wolfgang B\u00fchring (SWS), Adalbert Kreiser (SWS).<br><em>Foto: \u00a9 SWS<\/em><\/figcaption><\/figure><\/div>\n\n\n<p>Die Stadtwerke Speyer (SWS) sind ein gut aufgestelltes Unternehmen mit einer kontinuierlich positiven Entwicklung. So beschrieb der Gesch\u00e4ftsf\u00fchrer des Deutschen Vereins des Gas- und Wasserfachs (DVGW), Heinz Flick, den Energieversorger in der Domstadt.<\/p>\n\n\n\n<p>Zwei Zertifikate zur Best\u00e4tigung der erfolgreich durchgef\u00fchrten Audits zum Technischen Sicherheitsmanagement (TSM) hatte er Anfang Februar nach Speyer mitgebracht. Pr\u00fcfungsschwerpunkte des Managementsystems f\u00fcr Versorgungsunternehmen waren unter anderem die Aufbau- und Ablauforganisation des Unternehmens inklusive Dokumentationen, rechtskonformes Handeln nach den anerkannten Regeln der Technik und die Arbeitssicherheit. Zum f\u00fcnften Mal erhielten die SWS das Zertifikat f\u00fcr den Bereich Gas\/Wasser, zum vierten Mal f\u00fcr den Bereich Strom.<\/p>\n\n\n\n<p>\u201eSpeyer war eines der ersten Unternehmen in Rheinland-Pfalz, das an der Zertifizierung teilgenommen hat\u201c, sagte Heinz Flick und erg\u00e4nzte: \u201eBei der Versorgung mit Gas, Wasser und Strom m\u00fcssen umfangreiche Anforderungen aus Gesetzen, Verordnungen und dem technischen Regelwerk eingehalten werden.\u201c Konkret nannte Heinz Flick hierzu weit \u00fcber 100 Regeln, die zu beachten seien. Im Detail wurden zum Beispiel \u00fcberpr\u00fcft, wie der Gesch\u00e4ftsf\u00fchrer die Unternehmensorganisation aufgebaut hat, wie schnell die Reaktionen im St\u00f6rfall sind und wie und in welcher Qualit\u00e4t die Abl\u00e4ufe organisiert und vorgegeben wurden. Die Zertifizierung bringt wesentliche Vorteile mit sich, meinte Heinz Flick: \u201eDas TSM ist sehr praxisorientiert, was zur Optimierung der t\u00e4glichen Arbeit f\u00fchrt. Das dient zum einen dem Unternehmen und bringt sowohl Kundschaft als auch Mitarbeitenden mehr Sicherheit.\u201c<\/p>\n\n\n\n<p>J\u00fcrgen Hermes, Bereichsleiter Anlagen\/Netze bei den SWS, wies unter anderem auf die immer wichtiger werdenden Dokumentationen im Netz- und Anlagenbereich hin. \u201eNetz- und Fachdaten der Anlagen m\u00fcssen nachvollziehbar erfasst werden. Auch das St\u00f6rfallmanagement ist ein wichtiges Thema. St\u00f6rmeldungen m\u00fcssen im zeitlichen Ablauf von der Eingangs- bis zur Fertigmeldung l\u00fcckenlos mit Zeitangaben erfasst werden\u201c, betonte er. In dem Bereich ist ein Ergebnis vergangener Pr\u00fcfungen zu finden, wie SWS-Gesch\u00e4ftsf\u00fchrer Wolfgang B\u00fchring einwirft: die Fortf\u00fchrung und Verfeinerung der Digitalisierung der Dokumentation. F\u00fcr ihn steht au\u00dfer Frage, das Unternehmen regelm\u00e4\u00dfig zertifizieren zu lassen. \u201eWir m\u00fcssen auch daf\u00fcr sorgen, dass die, die f\u00fcr uns arbeiten, ihren Job richtig machen\u201c, merkte er an und meint damit die Firmen, die zur Umsetzung von baulichen Ma\u00dfnahmen \u2013 beispielsweise zur Verlegung von Gas- und Wassernetz oder Arbeiten im Stromnetz \u2013 beauftragt werden.<\/p>\n\n\n\n<p>Michael Kesselmeier, verantwortlich f\u00fcr Netz- und Qualit\u00e4tsmanagement, machte deutlich, dass auch die verl\u00e4sslichen Angaben der Kundschaft f\u00fcr einen sicheren Betrieb notwendig seien. Eingehende Unterlagen f\u00fcr elektrische Anlagen wie Stromerzeugungsanlagen, W\u00e4rmpumpen, E-Ladestationen werden gepr\u00fcft. Michael Kesselmeier hat wie Adalbert Kreiser, stellvertretender Leiter im Bereich Anlagen\/Netze, und etwa 15 weitere Mitarbeitende ma\u00dfgeblichen Anteil an der TSM-Pr\u00fcfung.<\/p>\n\n\n\n<p>Im Bereich des Trinkwassers wurden laut Heinz Flick unter anderem F\u00f6rderung, Aufbereitung, Speicherung und Verteilung \u00fcberpr\u00fcft. \u201eAuch bei diesen Prozessen sind eine gro\u00dfe Anzahl von Vorgaben einzuhalten. Schlie\u00dflich geht es beim Trinkwasser um das Lebensmittel Nummer 1, da muss die Qualit\u00e4t stimmen\u201c, machte er deutlich. Eine immense Aufgabe habe das Unternehmen gleichsam im Gas- und Strom-Bereich zu bew\u00e4ltigen. Auch hier helfe das TSM, Schwachstellen aufzuzeigen, zu detektieren und letztendlich anzugehen.<\/p>\n\n\n\n<p>Im Gas- und Wasserbereich sind aktuell 31 Versorgungsunternehmen in Rheinland-Pfalz zertifiziert. Deutschlandweit sind 379 Unternehmen nach TSM \u2013 Sparte Strom \u2013 gepr\u00fcft. \u201eGut ein halbes Jahr Vorbereitungszeit fordert die Zertifizierung\u201c, informierte J\u00fcrgen Hermes. Eingebunden waren Ingenieure, Techniker, Meister und Fachmonteure. Wichtig sei besonders, dass sich das Personal mit dem Thema identifiziere, so der Bereichsleiter.\u00a0 Heinz Fick lobte zum Abschluss: \u201eDie Stadtwerke Speyer haben eine motivierte und fachlich versierte Mannschaft.\u201c<\/p>\n\n\n\n<p><em>Text: Stadtwerke Speyer GmbH Foto: \u00a9 SWS<br>12.02.2024<\/em><\/p>\n\n\n\n<h1 class=\"wp-block-heading has-text-align-center\">Sparkasse Vorderpfalz<\/h1>\n\n\n<div class=\"wp-block-image\">\n<figure class=\"aligncenter size-large\"><img decoding=\"async\" loading=\"lazy\" width=\"1024\" height=\"768\" src=\"https:\/\/speyer24news.com\/wp-content\/uploads\/2019\/10\/Sparkasse-Vorderpfalz-1-1024x768-1-1024x768.jpg\" alt=\"\" class=\"wp-image-20972\" srcset=\"https:\/\/speyer24news.com\/wp-content\/uploads\/2019\/10\/Sparkasse-Vorderpfalz-1-1024x768-1.jpg 1024w, https:\/\/speyer24news.com\/wp-content\/uploads\/2019\/10\/Sparkasse-Vorderpfalz-1-1024x768-1-300x225.jpg 300w, https:\/\/speyer24news.com\/wp-content\/uploads\/2019\/10\/Sparkasse-Vorderpfalz-1-1024x768-1-768x576.jpg 768w, https:\/\/speyer24news.com\/wp-content\/uploads\/2019\/10\/Sparkasse-Vorderpfalz-1-1024x768-1-678x509.jpg 678w, https:\/\/speyer24news.com\/wp-content\/uploads\/2019\/10\/Sparkasse-Vorderpfalz-1-1024x768-1-326x245.jpg 326w, https:\/\/speyer24news.com\/wp-content\/uploads\/2019\/10\/Sparkasse-Vorderpfalz-1-1024x768-1-80x60.jpg 80w\" sizes=\"(max-width: 1024px) 100vw, 1024px\" \/><\/figure><\/div>\n\n\n<h2 class=\"wp-block-heading\">Experten-Vortragsreihe der Sparkasse informiert \u00fcber Erbrecht<\/h2>\n\n\n\n<h3 class=\"wp-block-heading\">Kostenfreie Veranstaltung in Ludwigshafen Ruchheim bietet wertvolle Einblicke<\/h3>\n\n\n<div class=\"wp-block-image\">\n<figure class=\"aligncenter size-full\"><img decoding=\"async\" loading=\"lazy\" width=\"800\" height=\"536\" src=\"https:\/\/speyer24news.com\/wp-content\/uploads\/2024\/02\/erben_vererben_veranstaltung_2023.jpg\" alt=\"\" class=\"wp-image-57962\" srcset=\"https:\/\/speyer24news.com\/wp-content\/uploads\/2024\/02\/erben_vererben_veranstaltung_2023.jpg 800w, https:\/\/speyer24news.com\/wp-content\/uploads\/2024\/02\/erben_vererben_veranstaltung_2023-300x201.jpg 300w, https:\/\/speyer24news.com\/wp-content\/uploads\/2024\/02\/erben_vererben_veranstaltung_2023-768x515.jpg 768w\" sizes=\"(max-width: 800px) 100vw, 800px\" \/><figcaption class=\"wp-element-caption\">Jetzt anmelden, solange Pl\u00e4tze verf\u00fcgbar sind. Die Sparkasse Vorderpfalz l\u00e4dt Interessenten herzlich ein zur Vortragsveranstaltung &#8222;Erben und Vererben&#8220; am 12. M\u00e4rz um 18:30 Uhr.<\/figcaption><\/figure><\/div>\n\n\n<p><strong>Ludwigshafen-Ruchheim &#8211; <\/strong>Das komplexe Thema der Nachlassregelung, Erbengemeinschaften und Pflichtteile wirft oft zahlreiche Fragen auf. Um Klarheit zu schaffen und wertvolle Tipps zu bieten, veranstaltet die Sparkasse Vorderpfalz die Vortragsreihe &#8222;Erben und Vererben&#8220;. Die 23. Veranstaltung dieser Reihe findet am 12. M\u00e4rz im Gemeinschaftssaal in Ludwigshafen Ruchheim, Schlossstra\u00dfe 1a, statt. Die T\u00fcren \u00f6ffnen sich um 18:00 Uhr f\u00fcr Interessierte, und das informative Programm beginnt um 18:30 Uhr. Da die verf\u00fcgbaren Pl\u00e4tze begrenzt sind, ist eine Anmeldung unter der Nummer 0621\/5992-1261 unbedingt erforderlich.<\/p>\n\n\n\n<p>Martin May, Leiter Generationenmanagement bei der Sparkasse Vorderpfalz, unterstreicht die Bedeutung einer durchdachten Nachlassplanung: &#8222;Eine durchdachte Nachlassplanung ist entscheidend, um den eigenen W\u00fcnschen gerecht zu werden und gleichzeitig einen reibungslosen \u00dcbergang sicherzustellen.&#8220; Die Veranstaltung richtet sich an Erblasser, Erben und jene, die ihre Nachfolge sorgf\u00e4ltig planen m\u00f6chten. May f\u00fcgt hinzu: &#8222;Teilnehmern bieten wir nicht nur Fachwissen, sondern auch die M\u00f6glichkeit, individuelle Fragen zu kl\u00e4ren.&#8220;<\/p>\n\n\n\n<h4 class=\"wp-block-heading\">Hilfreiche Einblicke von Experten<\/h4>\n\n\n\n<p>Obwohl der Gedanke an den eigenen Tod unangenehm sein mag, kann eine rechtzeitige Planung Sorgen mindern und f\u00fcr eine geordnete \u00dcbergabe sorgen. Ein rechtsg\u00fcltiges Testament spielt hierbei eine zentrale Rolle. Die gesetzliche Erbfolge muss nicht immer den Vorstellungen des Verstorbenen entsprechen. &#8222;Die Gestaltung eines Testaments und die Frage nach den erbberechtigten Personen besch\u00e4ftigen viele Menschen. Ebenso sind M\u00f6glichkeiten zur Steuerersparnis, die Funktion eines Testamentsvollstreckers und die potenzielle Einbindung von Stiftungen in die Nachlassplanung Themen von Interesse&#8220;, erkl\u00e4rt Martin May.<\/p>\n\n\n\n<p>Im Rahmen dieser Veranstaltung wird die renommierte Fachanw\u00e4ltin f\u00fcr Erbrecht, Nina Lenz-Brendel, Einblicke in die komplexen Aspekte des Erbrechts bieten. Dank ihrer umfassenden Expertise wird sie nicht nur relevante Informationen vermitteln, sondern auch praxisnahe Einsichten in h\u00e4ufig auftretende Fehleinsch\u00e4tzungen erm\u00f6glichen. Zus\u00e4tzlich werden die Generationenmanager der Sparkasse vor Ort sein, um ihre Fachkompetenz einzubringen.<\/p>\n\n\n\n<p>Das Ziel dieser Veranstaltung ist es, den Teilnehmern zu helfen, ein besseres Verst\u00e4ndnis f\u00fcr die vielschichtige Natur der Nachlassplanung zu entwickeln. Angesichts der rechtlichen, finanziellen und oft auch emotionalen Aspekte in diesem Bereich ist es entscheidend, die richtigen Schritte zu kennen. Die anwesenden Experten haben das gemeinsame Ziel, die Teilnehmer dabei zu unterst\u00fctzen, fundierte Entscheidungen zu treffen, die als Grundlage f\u00fcr ihre zuk\u00fcnftige Nachlassplanung dienen k\u00f6nnen. May unterstreicht diese Intention: &#8222;Wir sind uns der Komplexit\u00e4t der Nachlassplanung bewusst. Unser Bestreben ist es, den Teilnehmern dabei zu helfen, die notwendigen Schritte zu unternehmen, um gut informierte Entscheidungen f\u00fcr ihre zuk\u00fcnftige Nachlassplanung zu treffen.&#8220;<\/p>\n\n\n\n<h4 class=\"wp-block-heading\">Anmeldung und Platzreservierung<\/h4>\n\n\n\n<p>Die Teilnahme an den informativen Vortr\u00e4gen ist kostenfrei, jedoch sind die Pl\u00e4tze begrenzt. Um sicherzustellen, dass Interessenten dabei sein k\u00f6nnen, ist eine telefonische Sitzplatzreservierung bei der Sparkasse Vorderpfalz unter 0621\/5992-1261 notwendig.<\/p>\n\n\n\n<p><em>Sparkasse Vorderpfalz<br>14.02.2024<\/em><\/p>\n\n\n\n<h2 class=\"wp-block-heading\">Planspiel B\u00f6rse: Sch\u00fclerteams aus Ludwigshafen gewinnen<\/h2>\n\n\n<div class=\"wp-block-image\">\n<figure class=\"aligncenter size-full\"><img decoding=\"async\" loading=\"lazy\" width=\"800\" height=\"594\" src=\"https:\/\/speyer24news.com\/wp-content\/uploads\/2023\/02\/Boerse_Bulle_Baer_Fotolia_87594069_X_1.jpg\" alt=\"\" class=\"wp-image-51377\" srcset=\"https:\/\/speyer24news.com\/wp-content\/uploads\/2023\/02\/Boerse_Bulle_Baer_Fotolia_87594069_X_1.jpg 800w, https:\/\/speyer24news.com\/wp-content\/uploads\/2023\/02\/Boerse_Bulle_Baer_Fotolia_87594069_X_1-300x223.jpg 300w, https:\/\/speyer24news.com\/wp-content\/uploads\/2023\/02\/Boerse_Bulle_Baer_Fotolia_87594069_X_1-768x570.jpg 768w, https:\/\/speyer24news.com\/wp-content\/uploads\/2023\/02\/Boerse_Bulle_Baer_Fotolia_87594069_X_1-80x60.jpg 80w\" sizes=\"(max-width: 800px) 100vw, 800px\" \/><figcaption class=\"wp-element-caption\">Bulle und B\u00e4r, Synonyme der B\u00f6rse: Sch\u00fclerinnen und Sch\u00fcler aus Ludwigshafen gewinnen bei Planspiel B\u00f6rse der Sparkasse Vorderpfalz.<br><em>Foto: \u00a9 Fotolia<\/em><\/figcaption><\/figure><\/div>\n\n\n<p><strong>Ludwigshafen \/ Vorderpfalz &#8211;<\/strong> In einem spannenden Wettbewerb haben sich Sch\u00fclerinnen und Sch\u00fcler aus Ludwigshafen beim Planspiel B\u00f6rse der Sparkasse Vorderpfalz bewiesen. \u00dcber einen Zeitraum von siebzehn Wochen beteiligten sich insgesamt 243 Jugendliche von allgemein- und berufsbildenden Schulen an diesem einzigartigen Finanzspiel. Die Herausforderung f\u00fcr die 102 teilnehmenden Spielgruppen aus Ludwigshafen, Speyer und dem Rhein-Pfalz-Kreis bestand darin, ein fiktives Startkapital von 50.000 Euro durch kluge Investitionen in vorgegebene Wertpapiere zu vermehren. Nach dem Abschluss des Planspiels zog die Sparkasse Vorderpfalz Bilanz.<\/p>\n\n\n\n<p>Die Spitzenposition sicherte sich das Team &#8222;Nich anfassen&#8220; von der BBS Technik 1 Ludwigshafen. Durch geschicktes Handeln verfolgten sie den B\u00f6rsenverlauf genau und steigerten ihr Startkapital von 50.000 Euro auf beeindruckende 60.986,72 Euro. Den zweiten Platz erlangte die Gruppe &#8222;Sch\u00e4fbl&#8220;, ebenfalls von der BBS Technik 1 Ludwigshafen, mit einem Depotstand von 59.738,29 Euro. Das Sch\u00fclerteam &#8222;Tipico1701&#8220; holte sich mit einem Depotwert von 58.442,70 Euro den verdienten dritten Platz. Zus\u00e4tzlich sicherte sich das Team &#8222;IAMMEHANIK&#8220; von der BBS Technik 1 Ludwigshafen den Nachhaltigkeitspreis mit einem Ertrag von 6.226,61 Euro.<\/p>\n\n\n\n<h4 class=\"wp-block-heading\">Finanzielle Bildung als \u00f6ffentlicher Auftrag<\/h4>\n\n\n\n<p>Das Planspiel B\u00f6rse, organisiert von der Sparkasse Vorderpfalz im Rahmen ihres \u00f6ffentlichen Auftrags zur finanziellen Bildung, erfreut sich \u00fcber eine lebendige Teilnahme. Oliver Kolb, Vorstandsmitglied der Sparkasse Vorderpfalz, betont: \u201eDie rege Teilnahme am Planspiel B\u00f6rse freut uns sehr, und wir gratulieren den Siegern sowie allen Teilnehmern herzlich. Die erfolgreichsten Sch\u00fcler-Teams werden mit Geldpreisen im Gesamtwert von 1.500 Euro belohnt, w\u00e4hrend das Team mit dem h\u00f6chsten Nachhaltigkeitsertrag zus\u00e4tzlich 300 Euro erh\u00e4lt.&#8220;<\/p>\n\n\n\n<h4 class=\"wp-block-heading\">Herausforderungen eines turbulenten B\u00f6rsenjahres<\/h4>\n\n\n\n<p>Das vergangene B\u00f6rsenjahr war gepr\u00e4gt von Turbulenzen, dennoch haben die Sch\u00fclerinnen und Sch\u00fcler beeindruckende Leistungen erbracht. Kolb erkl\u00e4rt: \u201eDas Planspiel B\u00f6rse zu gewinnen war keine leichte Aufgabe, da es ein turbulentes Jahr an den B\u00f6rsen war. Der DAX erreichte zum Jahresende ein Rekordhoch dank sinkender Energiepreise und der Hoffnung auf sinkende Zinsen. Dieser positive Trend setzte sich zu Beginn des neuen Jahres fort. Erfolg erforderte eine intensive Auseinandersetzung mit den Entwicklungen, t\u00e4gliches Beobachten von Kursen, das Lesen von Meldungen sowie das Verfolgen von Wertpapieren und Unternehmen. Die Sch\u00fclerinnen und Sch\u00fcler haben nicht nur finanzielle F\u00e4higkeiten entwickelt, sondern auch gelernt, Informationen zu beschaffen und durch geschickte Anlagestrategien in Entscheidungen einzubeziehen. Diese F\u00e4higkeiten sind in Wirtschaft und Gesellschaft von zunehmender Bedeutung.\u201c<\/p>\n\n\n\n<h4 class=\"wp-block-heading\">Abbau von Ber\u00fchrungs\u00e4ngsten und Wissensdefiziten<\/h4>\n\n\n\n<p>Ein weiterer positiver Aspekt des Planspiels B\u00f6rse ist der Abbau von Ber\u00fchrungs\u00e4ngsten und Wissensdefiziten im Bereich B\u00f6rse. Die Teilnehmerinnen und Teilnehmer konnten wertvolle Erfahrungen im Umgang mit Gewinn und Verlust sammeln und erlernten risikobewusstes Handeln. Oliver Kolb f\u00fcgt hinzu: \u201eAuch nachhaltige Geldanlagen stehen beim Planspiel B\u00f6rse hoch im Kurs. Investitionen in nachhaltig wirtschaftende Unternehmen wurden in einem separaten Ranking bewertet und pr\u00e4miert.\u201c<\/p>\n\n\n\n<p>Das Planspiel B\u00f6rse der Sparkasse Vorderpfalz leistet somit einen wichtigen Beitrag zur finanziellen Bildung der Jugendlichen und st\u00e4rkt ihre Kompetenzen im Umgang mit Finanzthemen und der B\u00f6rse.<\/p>\n\n\n\n<p><em>Text: Sparkasse Vorderpfalz Foto: \u00a9 Fotolia<br>02.02.2024<\/em><\/p>\n\n\n\n<h2 class=\"wp-block-heading\">Sparkasse Vorderpfalz: Neuer Leiter f\u00fcr die Gesch\u00e4ftsstelle Bobenheim-Roxheim<\/h2>\n\n\n<div class=\"wp-block-image\">\n<figure class=\"aligncenter size-full\"><img decoding=\"async\" loading=\"lazy\" width=\"500\" height=\"729\" src=\"https:\/\/speyer24news.com\/wp-content\/uploads\/2024\/02\/Roth-Markus-2023.jpg\" alt=\"\" class=\"wp-image-57965\" srcset=\"https:\/\/speyer24news.com\/wp-content\/uploads\/2024\/02\/Roth-Markus-2023.jpg 500w, https:\/\/speyer24news.com\/wp-content\/uploads\/2024\/02\/Roth-Markus-2023-206x300.jpg 206w\" sizes=\"(max-width: 500px) 100vw, 500px\" \/><figcaption class=\"wp-element-caption\">Markus Roth hat die Leitung der Sparkassengesch\u00e4ftsstelle Bobenheim-Roxheim \u00fcbernommen.<\/figcaption><\/figure><\/div>\n\n\n<p><strong>Bobenheim-Roxheim &#8211; <\/strong>Die Sparkasse Vorderpfalz gibt einen Wechsel in der Leitung ihrer Gesch\u00e4ftsstelle Bobenheim-Roxheim bekannt. Markus Roth hat die Verantwortung \u00fcbernommen und tritt die Nachfolge von Herrn Arthur Drewitz an, der als Verm\u00f6genskundenberater das Verm\u00f6genskundencenter Ludwigshafen verst\u00e4rkt.<\/p>\n\n\n\n<p>Markus Roth \u00e4u\u00dferte sich zu seiner neuen Position: \u201eDie \u00dcbernahme dieser Verantwortung bedeutet f\u00fcr mich eine spannende Herausforderung. Jeder Kunde hat individuelle Ziele und W\u00fcnsche, und es ist unsere Aufgabe, eine umfassende und ergebnisoffene Beratung anzubieten. Mein Team und ich freuen uns darauf, diese Herausforderung mit Freude, Fachkompetenz und reichlich Erfahrung anzugehen.\u201c<\/p>\n\n\n\n<p>Mit einer Ausbildung als Bankkaufmann, den Abschl\u00fcssen als Bankfachwirt (IHK) und Bankbetriebswirt (Frankfurt-School of Finance and Management) bringt der 36-j\u00e4hrige Finanzexperte, Markus Roth, umfangreiche Fachkenntnisse in die Leitung der Gesch\u00e4ftsstelle ein. Seine Expertise erstreckt sich \u00fcber Anlageberatung, Kredit- und Allfinanzgesch\u00e4ft sowie umfassende Erfahrung im Bauspar- und Versicherungsgesch\u00e4ft.<\/p>\n\n\n\n<p>Die Sparkasse Vorderpfalz setzt damit auf eine versierte F\u00fchrungskraft, die nicht nur \u00fcber fundiertes Fachwissen verf\u00fcgt, sondern auch mit einem breiten Erfahrungsspektrum im Finanzsektor aufwarten kann. Dies unterstreicht das Bestreben der Sparkasse, ihren Kundinnen und Kunden stets eine kompetente und bedarfsgerechte Beratung zu bieten.<\/p>\n\n\n\n<p><em>Sparkasse Vorderpfalz<br>26.01.2024<\/em><\/p>\n\n\n\n<h2 class=\"wp-block-heading\">Sparkasse Vorderpfalz f\u00f6rdert Jugendsportabzeichen, Schulen und Sportvereine<\/h2>\n\n\n<div class=\"wp-block-image\">\n<figure class=\"aligncenter size-full\"><img decoding=\"async\" loading=\"lazy\" width=\"500\" height=\"661\" src=\"https:\/\/speyer24news.com\/wp-content\/uploads\/2019\/08\/Traue-Thomas_2.jpg\" alt=\"\" class=\"wp-image-18379\" srcset=\"https:\/\/speyer24news.com\/wp-content\/uploads\/2019\/08\/Traue-Thomas_2.jpg 500w, https:\/\/speyer24news.com\/wp-content\/uploads\/2019\/08\/Traue-Thomas_2-227x300.jpg 227w\" sizes=\"(max-width: 500px) 100vw, 500px\" \/><figcaption class=\"wp-element-caption\">Sparkassen-Chef Thomas Traue betont: \u201eMit unserer j\u00e4hrlichen Aktion m\u00f6chten wir junge Menschen f\u00fcr das Jugendsportabzeichen begeistern und zugleich die teilnehmenden Schulen und Sportvereine mit Spenden unterst\u00fctzen.\u201c<\/figcaption><\/figure><\/div>\n\n\n<p>Die Sparkasse Vorderpfalz setzt auch im laufenden Jahr ihr Engagement f\u00fcr den Jugendsport fort und unterst\u00fctzt Schulen sowie Sportvereine in Ludwigshafen, Speyer, Schifferstadt und dem Rhein-Pfalz-Kreis. Jedes Jugendsportabzeichen, das im Jahr 2023 in diesen Regionen erworben wurde, wird mit einer F\u00f6rderung von f\u00fcnf Euro pro Teilnehmerin oder Teilnehmer belohnt. Der Betrag flie\u00dft direkt an die Schulen oder Sportvereine, in denen das Jugendsportabzeichen abgelegt wurde, und kann beispielsweise f\u00fcr die Anschaffung neuer Sportger\u00e4te genutzt werden.<\/p>\n\n\n\n<h4 class=\"wp-block-heading\">Anmeldung bis 31. M\u00e4rz 2024 erforderlich<\/h4>\n\n\n\n<p>Um von dieser unterst\u00fctzenden Aktion zu profitieren, m\u00fcssen Schulen und Sportvereine, in denen die Jugendsportabzeichen erworben wurden, sich bis sp\u00e4testens 31. M\u00e4rz 2024 online auf der Webseite der Sparkasse Vorderpfalz unter&nbsp;<a href=\"https:\/\/deref-web.de\/mail\/client\/VkbSvX0qYoY\/dereferrer\/?redirectUrl=http%3A%2F%2Fwww.sparkasse-vorderpfalz.de%2Fjugendsportabzeichen\" target=\"_blank\" rel=\"noreferrer noopener\">www.sparkasse-vorderpfalz.de\/jugendsportabzeichen<\/a>&nbsp;registrieren. Die F\u00f6rdermittel stehen f\u00fcr verschiedene Zwecke zur Verf\u00fcgung, darunter auch der Kauf neuer Sportger\u00e4te. Detaillierte Informationen zu den Teilnahmebedingungen sind auf der Webseite verf\u00fcgbar. Die Auszahlung der Spendenbetr\u00e4ge erfolgt ab September 2024.<\/p>\n\n\n\n<p>Thomas Traue, Vorstandsvorsitzender der Sparkasse Vorderpfalz, betont die Bedeutung der Aktion: &#8222;Mit unserer j\u00e4hrlichen Initiative m\u00f6chten wir junge Menschen f\u00fcr das Jugendsportabzeichen begeistern und gleichzeitig die teilnehmenden Schulen und Sportvereine finanziell unterst\u00fctzen. Diese F\u00f6rderung liegt uns am Herzen, denn Sport f\u00f6rdert Gemeinschaft und verbindet Menschen. Wir ermutigen alle Schulen und Sportvereine, sich erneut bis sp\u00e4testens 31. M\u00e4rz 2024 auf unserer Sparkassenwebseite zu registrieren, um von der F\u00f6rderung zu profitieren. Als \u00f6ffentlich-rechtliche und regional verankerte Sparkasse setzen wir uns seit vielen Jahren f\u00fcr Sport und Bewegung in unserem Gesch\u00e4ftsgebiet in Ludwigshafen, Speyer und dem Rhein-Pfalz-Kreis ein.\u201c<\/p>\n\n\n\n<p><em>Sparkasse Vorderpfalz<br>22.01.2024<\/em><\/p>\n\n\n\n<h2 class=\"wp-block-heading\">Gl\u00fcckstreffer in Speyer: PS-Sparer der Sparkasse Vorderpfalz sichert sich 25.000 Euro Hauptgewinn<\/h2>\n\n\n<div class=\"wp-block-image\">\n<figure class=\"aligncenter size-full\"><img decoding=\"async\" loading=\"lazy\" width=\"800\" height=\"533\" src=\"https:\/\/speyer24news.com\/wp-content\/uploads\/2023\/06\/Kleeblatt-Glueck.jpg\" alt=\"\" class=\"wp-image-52491\" srcset=\"https:\/\/speyer24news.com\/wp-content\/uploads\/2023\/06\/Kleeblatt-Glueck.jpg 800w, https:\/\/speyer24news.com\/wp-content\/uploads\/2023\/06\/Kleeblatt-Glueck-300x200.jpg 300w, https:\/\/speyer24news.com\/wp-content\/uploads\/2023\/06\/Kleeblatt-Glueck-768x512.jpg 768w\" sizes=\"(max-width: 800px) 100vw, 800px\" \/><figcaption class=\"wp-element-caption\">Gl\u00fcckstreffer in Speyer: PS-Sparer der Sparkasse Vorderpfalz gewinnt 25.000 Euro Hauptpreis.<\/figcaption><\/figure><\/div>\n\n\n<p>Ein gl\u00fccklicher PS-Sparer der Sparkasse Vorderpfalz aus Speyer darf sich \u00fcber einen au\u00dfergew\u00f6hnlichen Start ins neue Jahr freuen. In der Januar-Auslosung der PS-Sparlotterie der rheinland-pf\u00e4lzischen Sparkassen gelang ihm der Gewinn des begehrten Hauptpreises in H\u00f6he von 25.000 Euro.<\/p>\n\n\n\n<h4 class=\"wp-block-heading\">PS-Sparen: Mehr als nur Gl\u00fccksspiel<\/h4>\n\n\n\n<p>Die PS-Sparlotterie, angeboten von der Sparkasse Vorderpfalz, erm\u00f6glicht es allen Kunden, monatlich attraktive Gewinne zu erzielen. Der Erwerb eines PS-Loses f\u00fcr 5 Euro in allen Gesch\u00e4ftsstellen der Sparkasse Vorderpfalz gen\u00fcgt, um an den Verlosungen teilzunehmen. Alexander Jusmann, Leiter Marketing und Kommunikation der Sparkasse Vorderpfalz, unterstreicht die Mehrwerte des PS-Sparens: &#8222;Mit einem PS-Los sichert man nicht nur die Chance auf attraktive Gewinne, sondern investiert auch in die eigene finanzielle Zukunft. Vier Euro des Lospreises werden auf ein Sparkonto eingezahlt, w\u00e4hrend ein Euro als Einsatz f\u00fcr die Auslosung dient.&#8220;<\/p>\n\n\n\n<h4 class=\"wp-block-heading\">Soziales Engagement vor Ort<\/h4>\n\n\n\n<p>Nicht nur die gl\u00fccklichen Gewinner profitieren von der PS-Sparlotterie. Ein Teil des Los-Einsatzes flie\u00dft zur\u00fcck in die Region, durch Spenden an Vereine und gemeinn\u00fctzige Organisationen. Jusmann betont: &#8222;Durch den Kauf eines PS-Loses tragen die Teilnehmer nicht nur zur eigenen Gewinnchance bei, sondern erm\u00f6glichen auch eine nachhaltige F\u00f6rderung von Vereinen und Organisationen vor Ort.&#8220;<\/p>\n\n\n\n<p>Interessierte finden weitere Informationen zu den PS-Losen und haben die M\u00f6glichkeit zum bequemen Online-Kauf auf der Webseite der Sparkasse Vorderpfalz unter\u00a0<a href=\"https:\/\/deref-web.de\/mail\/client\/UCWqhCnu_RM\/dereferrer\/?redirectUrl=http%3A%2F%2Fwww.sparkasse-vorderpfalz.de%2Fpslose\" target=\"_blank\" rel=\"noreferrer noopener\">www.sparkasse-vorderpfalz.de\/pslose<\/a>.<\/p>\n\n\n\n<p><em>Sparkasse Vorderpfalz<br>19.01.2024<\/em><\/p>\n\n\n\n<h1 class=\"wp-block-heading has-text-align-center\">Industriegewerkschaft Bauen-Agrar-Umwelt (IG BAU)<br>Bezirksverband Rheinhessen-Vorderpfalz<\/h1>\n\n\n<div class=\"wp-block-image\">\n<figure class=\"aligncenter size-full\"><img decoding=\"async\" loading=\"lazy\" width=\"600\" height=\"242\" src=\"https:\/\/speyer24news.com\/wp-content\/uploads\/2020\/04\/IG-Bauen-Agragr-Umwelt-Logo.png\" alt=\"\" class=\"wp-image-26509\" srcset=\"https:\/\/speyer24news.com\/wp-content\/uploads\/2020\/04\/IG-Bauen-Agragr-Umwelt-Logo.png 600w, https:\/\/speyer24news.com\/wp-content\/uploads\/2020\/04\/IG-Bauen-Agragr-Umwelt-Logo-300x121.png 300w\" sizes=\"(max-width: 600px) 100vw, 600px\" \/><\/figure><\/div>\n\n\n<h2 class=\"wp-block-heading\">\u201eInflation hat L\u00f6cher in die Bau-Lohnt\u00fcten gefressen\u201c<\/h2>\n\n\n\n<h3 class=\"wp-block-heading\">420 Bau-Jobs in Speyer attraktiver machen: 500 Euro als \u201eLohn-Magnet\u201c f\u00fcr den Bau<\/h3>\n\n\n<div class=\"wp-block-image\">\n<figure class=\"aligncenter size-full\"><img decoding=\"async\" loading=\"lazy\" width=\"800\" height=\"582\" src=\"https:\/\/speyer24news.com\/wp-content\/uploads\/2024\/02\/Lohn-Magnet-fuer-den-Bau.jpg\" alt=\"\" class=\"wp-image-57958\" srcset=\"https:\/\/speyer24news.com\/wp-content\/uploads\/2024\/02\/Lohn-Magnet-fuer-den-Bau.jpg 800w, https:\/\/speyer24news.com\/wp-content\/uploads\/2024\/02\/Lohn-Magnet-fuer-den-Bau-300x218.jpg 300w, https:\/\/speyer24news.com\/wp-content\/uploads\/2024\/02\/Lohn-Magnet-fuer-den-Bau-768x559.jpg 768w\" sizes=\"(max-width: 800px) 100vw, 800px\" \/><figcaption class=\"wp-element-caption\">H\u00e4lt nicht nur das Geld am K\u00fchlschrank, sondern auch die Arbeiter auf dem Bau \u2013 der \u201eLohn-Magnet\u201c: Deswegen fordert die IG BAU 500 Euro mehr Lohn. Denn Deutschland stehe vor einer<br>Sanierungsoffensive, um das Land f\u00fcr die Zukunft fit zu machen. Und daf\u00fcr brauche es fair bezahlte<br>Fachkr\u00e4fte, so die IG BAU Rheinhessen-Vorderpfalz.<br><em>Foto: IG BAU | Tobias Seifert<\/em><\/figcaption><\/figure><\/div>\n\n\n<p>Auf dem Bau geht es um vollere Lohnt\u00fcten: Bauarbeiter in Speyer sollen mehr verdienen. Das will die Industriegewerkschaft Bauen-Agrar-Umwelt (IG\u00a0BAU) jetzt bei Tarifverhandlungen durchsetzen. \u201eEs geht um einen Fixbetrag f\u00fcr alle: um 500\u00a0Euro pro Monat mehr im Portemonnaie. Egal, ob f\u00fcr den Bauhelfer oder f\u00fcr den Polier \u2013 f\u00fcr den Kranf\u00fchrer, Stra\u00dfenbauer oder f\u00fcr die B\u00fcroangestellte im Bauunternehmen\u201c, sagt R\u00fcdiger Wunderlich.<\/p>\n\n\n\n<p>Der Bezirksvorsitzende der IG BAU Rheinhessen-Vorderpfalz spricht von einem \u201eLohn-Plus, das bei allen ankommt\u201c. Insgesamt gibt es nach Angaben der Gewerkschaft in Speyer rund 420\u00a0Bau-Besch\u00e4ftigte. Die IG\u00a0BAU Rheinhessen-Vorderpfalz beruft sich dabei auf aktuelle Zahlen der Bundesagentur f\u00fcr Arbeit. Die bundesweiten Tarifverhandlungen f\u00fcr das Bauhauptgewerbe starten noch im Februar.<\/p>\n\n\n\n<p>\u201eWichtig ist, dass alle Lohnt\u00fcten demn\u00e4chst um den gleichen Euro-Betrag dicker werden. Das bringt gerade denen einen ordentlichen Schub, die bislang weniger auf dem Bau verdienen\u201c, so Wunderlich. Wer auf dem Bau bei Wind und Wetter arbeite, mache einen harten Job. Das Lohn-Plus sei deshalb vor allem auch eine Frage des Respekts.<\/p>\n\n\n\n<p>\u201eAu\u00dferdem hat die Inflation in den letzten zwei Jahren richtige L\u00f6cher in die Lohnt\u00fcten gefressen. Und der Preisdruck ist nach wie vor hoch \u2013 Miete, Heizen, Einkaufen, Autoreparatur \u2026 \u2013 das Leben spielt sich auf einem anderen Preisniveau ab. Und darauf muss der Bau jetzt reagieren\u201c, so R\u00fcdiger Wunderlich. Die Branche habe \u201elange genug Lohndisziplin\u201c ge\u00fcbt. Jetzt sei ein \u201eNachholeffekt beim Bau-Lohn\u201c f\u00e4llig.<\/p>\n\n\n\n<p>\u00dcber zu wenig Arbeit k\u00f6nne sich der Bau \u00fcbrigens nicht beklagen. Im Gegenteil: \u201eOb in der Infrastruktur, beim Wohnungsbau oder der Energiewende \u2013 der Bau hat gut zu tun, um Deutschland f\u00fcr die Zukunft fit zu machen. Wer will, dass Bauarbeiter weiter zur Stange halten und volle Kraft auf den Baustellen geben, der muss sie jetzt auch besser bezahlen\u201c, so die IG BAU Rheinhessen-Vorderpfalz.<\/p>\n\n\n\n<p>F\u00fcr Carsten Burckhardt als Verhandlungsf\u00fchrer der IG BAU ist das Lohn-Plus vor allem auch eine Frage der \u201eJob-Attraktivit\u00e4t der Branche\u201c: \u201e500 Euro mehr im Portemonnaie \u2013 das ist der Lohn-Magnet, den der Bau jetzt braucht. Sonst laufen ihm die Leute weg. Die Bauarbeiter wissen schlie\u00dflich genau, was woanders los ist \u2013 was da zu holen ist.\u201c Burckhardt ist im Bundesvorstand der IG BAU f\u00fcr die Bauwirtschaft zust\u00e4ndig. Am Verhandlungstisch trifft er auf die Tarifpartner vom Bauhandwerk und von der Bauindustrie.<\/p>\n\n\n\n<p><em>Text: Industriegewerkschaft Bauen-Agrar-Umwelt, Bezirksverband Rheinhessen-Vorderpfalz <em>Foto: IG BAU | Tobias Seifert<\/em><br>15.02.2024<\/em><\/p>\n\n\n\n<h2 class=\"wp-block-heading has-text-align-center\">PALAZZO SANDRO GRUPPE<\/h2>\n\n\n\n<h2 class=\"wp-block-heading has-text-align-center\">Landau | Kaiserslautern | Saarbr\u00fccken | Trier<\/h2>\n\n\n<div class=\"wp-block-image\">\n<figure class=\"aligncenter size-full\"><img decoding=\"async\" loading=\"lazy\" width=\"800\" height=\"620\" src=\"https:\/\/speyer24news.com\/wp-content\/uploads\/2024\/02\/Palazzologo_signatur.png\" alt=\"\" class=\"wp-image-57954\" srcset=\"https:\/\/speyer24news.com\/wp-content\/uploads\/2024\/02\/Palazzologo_signatur.png 800w, https:\/\/speyer24news.com\/wp-content\/uploads\/2024\/02\/Palazzologo_signatur-300x233.png 300w, https:\/\/speyer24news.com\/wp-content\/uploads\/2024\/02\/Palazzologo_signatur-768x595.png 768w\" sizes=\"(max-width: 800px) 100vw, 800px\" \/><\/figure><\/div>\n\n\n<h2 class=\"wp-block-heading\">Ball der Wirtschaft S\u00fcdpfalz: Erfolgreicher Galaabend in der Jugendstil-Festhalle Landau<\/h2>\n\n\n<div class=\"wp-block-image\">\n<figure class=\"aligncenter size-full\"><img decoding=\"async\" loading=\"lazy\" width=\"800\" height=\"570\" src=\"https:\/\/speyer24news.com\/wp-content\/uploads\/2024\/02\/Ball-der-Wirtschaft-LD-2.jpg\" alt=\"\" class=\"wp-image-57953\" srcset=\"https:\/\/speyer24news.com\/wp-content\/uploads\/2024\/02\/Ball-der-Wirtschaft-LD-2.jpg 800w, https:\/\/speyer24news.com\/wp-content\/uploads\/2024\/02\/Ball-der-Wirtschaft-LD-2-300x214.jpg 300w, https:\/\/speyer24news.com\/wp-content\/uploads\/2024\/02\/Ball-der-Wirtschaft-LD-2-768x547.jpg 768w\" sizes=\"(max-width: 800px) 100vw, 800px\" \/><figcaption class=\"wp-element-caption\">Ausgelassene Stimmung beim &#8222;Ball der Wirtschaft&#8220; in der Jugendstil-Festhalle Landau.<br><em>Foto: Nicolas Schwaa<\/em>b<\/figcaption><\/figure><\/div>\n\n\n<p><strong>Landau &#8211; <\/strong>Am Abend des 17. Februars 2024 feierte der Ball der Wirtschaft S\u00fcdpfalz seine Premiere in der stilvollen Kulisse der Jugendstil-Festhalle Landau. Mit 340 begeisterten Teilnehmern war die Veranstaltung restlos ausverkauft und bot einen Galaabend der Extraklasse.<\/p>\n\n\n\n<p>Unter der Schirmherrschaft von Landrat Dietmar Seefeldt des Kreises S\u00fcdliche Weinstra\u00dfe und des Kreissprechers Dominic Bach der Wirtschaftsjunioren S\u00fcdpfalz, dem Ausrichter des Balls, wurde die Veranstaltung feierlich er\u00f6ffnet. Die G\u00e4ste genossen eine exklusive Atmosph\u00e4re, die von Eleganz und Glamour gepr\u00e4gt war. Das Programm des Abends bestand aus verschiedenen Showacts und beinhaltete inspirierende Worte von Keynote Speaker Dr. Maximilian Lude. Lude widmete sich dem Thema: Was bedeutet Zukunftssicherung f\u00fcr (Familien)Unternehmen in einer sich rasant und exponentiell entwickelnden Welt von morgen?<\/p>\n\n\n<div class=\"wp-block-image\">\n<figure class=\"aligncenter size-full\"><img decoding=\"async\" loading=\"lazy\" width=\"800\" height=\"564\" src=\"https:\/\/speyer24news.com\/wp-content\/uploads\/2024\/02\/Ball-der-Wirtschaft-LD-1.jpg\" alt=\"\" class=\"wp-image-57952\" srcset=\"https:\/\/speyer24news.com\/wp-content\/uploads\/2024\/02\/Ball-der-Wirtschaft-LD-1.jpg 800w, https:\/\/speyer24news.com\/wp-content\/uploads\/2024\/02\/Ball-der-Wirtschaft-LD-1-300x212.jpg 300w, https:\/\/speyer24news.com\/wp-content\/uploads\/2024\/02\/Ball-der-Wirtschaft-LD-1-768x541.jpg 768w\" sizes=\"(max-width: 800px) 100vw, 800px\" \/><figcaption class=\"wp-element-caption\">Worte des Dankes eines \u00fcberraschten und fast sprachlosen<br>Alexander Kurz, Unternehmer des Jahres 2024. Kurz m\u00f6chte die von den<br>Wirtschaftsjunioren S\u00fcdpfalz ausgelobten 1.500\u20ac Preisgeld an die Kinder- und<br>Jugendfarm Landau in Landau spenden.<br><em>Foto: Nicolas Schwaab<\/em><\/figcaption><\/figure><\/div>\n\n\n<p>Ein besonderer H\u00f6hepunkt des Balls war die Auszeichnung von Alexander Kurz (Inhaber Gaumenfreunde Event GmbH) als Unternehmer des Jahres. Die Wahl erfolgte durch eine renommierte vierk\u00f6pfige Jury, bestehend aus Thomas Hirsch, Vorstand des Sparkassenverbandes, Marco Feig, Vizepr\u00e4sident der IHK Pfalz, Birgit Schwarz, stellvertretende Chefredakteurin der Rheinpfalz, sowie Staatsminister Andy Becht. &#8222;Der erste Ball der Wirtschaft S\u00fcdpfalz war ein voller Erfolg, und wir freuen uns \u00fcber das positive Feedback unserer G\u00e4ste. Die gro\u00dfartige Resonanz best\u00e4rkt uns in unserem Bestreben, den Ball der Wirtschaft S\u00fcdpfalz als j\u00e4hrliches Highlight fest im Veranstaltungskalender zu etablieren&#8220;, kommentierte Steven Birkmeyer, Gesch\u00e4ftsf\u00fchrer der WJ S\u00fcdpfalz Veranstaltungs UG.<\/p>\n\n\n\n<p>Aufgrund der \u00fcberw\u00e4ltigenden Nachfrage nach Tickets k\u00fcndigte Birkmeyer bereits den Termin f\u00fcr das kommende Jahr an: Der Ball der Wirtschaft S\u00fcdpfalz 2025 findet am 15. Februar statt. Interessenten werden gebeten, sich fr\u00fchzeitig um Karten zu bem\u00fchen, da erneut mit einer hohen Nachfrage gerechnet wird.<\/p>\n\n\n\n<p><em>PALAZZO SANDRO GRUPPE<br>20.02.2024<\/em><\/p>\n\n\n\n<h1 class=\"wp-block-heading has-text-align-center\">MAG Mannheimer Ausstellungs-GmbH<\/h1>\n\n\n<div class=\"wp-block-image\">\n<figure class=\"aligncenter size-large\"><img decoding=\"async\" loading=\"lazy\" width=\"1024\" height=\"585\" src=\"https:\/\/speyer24news.com\/wp-content\/uploads\/2024\/02\/MAG-Mannheimer-Ausstellungs-GmbH-1024x585.jpg\" alt=\"\" class=\"wp-image-57951\" srcset=\"https:\/\/speyer24news.com\/wp-content\/uploads\/2024\/02\/MAG-Mannheimer-Ausstellungs-GmbH-1024x585.jpg 1024w, https:\/\/speyer24news.com\/wp-content\/uploads\/2024\/02\/MAG-Mannheimer-Ausstellungs-GmbH-300x171.jpg 300w, https:\/\/speyer24news.com\/wp-content\/uploads\/2024\/02\/MAG-Mannheimer-Ausstellungs-GmbH-768x438.jpg 768w, https:\/\/speyer24news.com\/wp-content\/uploads\/2024\/02\/MAG-Mannheimer-Ausstellungs-GmbH.jpg 1200w\" sizes=\"(max-width: 1024px) 100vw, 1024px\" \/><\/figure><\/div>\n\n\n<h2 class=\"wp-block-heading\">Jobs for Future mit super Ergebnissen!<\/h2>\n\n\n<div class=\"wp-block-image\">\n<figure class=\"aligncenter size-full\"><img decoding=\"async\" loading=\"lazy\" width=\"450\" height=\"393\" src=\"https:\/\/speyer24news.com\/wp-content\/uploads\/2022\/07\/Jobs-for-future-Logo-allgemein.jpg\" alt=\"\" class=\"wp-image-47432\" srcset=\"https:\/\/speyer24news.com\/wp-content\/uploads\/2022\/07\/Jobs-for-future-Logo-allgemein.jpg 450w, https:\/\/speyer24news.com\/wp-content\/uploads\/2022\/07\/Jobs-for-future-Logo-allgemein-300x262.jpg 300w\" sizes=\"(max-width: 450px) 100vw, 450px\" \/><\/figure><\/div>\n\n\n<h3 class=\"wp-block-heading\">Messe f\u00fcr Arbeitspl\u00e4tze, Aus- und Weiterbildung, Studium schlie\u00dft nach drei Tagen mit 25.701 Besuchern<\/h3>\n\n\n\n<p>Mit 25.701 Besuchern (Vorjahr: 17.297) ist die dreit\u00e4gige Jobs for Future \u2013 Messe f\u00fcr Arbeitspl\u00e4tze, Aus- und Weiterbildung, Studium in der Maimarkthalle Mannheim am Samstagabend zu Ende gegangen. 319 Aussteller berieten Sch\u00fcler und Studierende, halfen bei der Berufsorientierung und erl\u00e4uterten Berufsbilder. Viele boten aktuelle Stellen f\u00fcr Fachkr\u00e4fte an. Weiterbildung und Umschulungsangebote fanden gro\u00dfes Interesse. Bei einer Umfrage zeigten sich die Aussteller hochzufrieden \u00fcber die guten Gespr\u00e4che. An zahlreichen St\u00e4nden wurden direkt Bewerbungen entgegengenommen. Fast alle befragten Aussteller haben jetzt schon ihre Teilnahme f\u00fcr Februar 2025 zugesagt.<\/p>\n\n\n\n<p>Genau 787 Gespr\u00e4che z\u00e4hlte Einstellungsberaterin Bianca Erbs am Stand der Polizei bis Freitagabend. \u201eDas Interesse ist noch gr\u00f6\u00dfer als in den Vorjahren\u201c, freuten sich viele Aussteller. Mehrere Aussteller gaben an, bereits am zweiten Tag ihr Messeziel erreicht zu haben. Unter den Arbeitsuchenden waren auch viele Gefl\u00fcchtete \u2013 gr\u00f6\u00dftenteils aus der Ukraine. Sie kamen in die Maimarkthalle, um einen Arbeitsplatz zu finden oder Infos zur Anerkennung ihrer Abschl\u00fcsse zu sammeln. Das Regionalb\u00fcro f\u00fcr berufliche Fortbildung bot Beratungen in verschiedenen Sprachen an.<\/p>\n\n\n\n<p>Mit 70 km\/h im F\u00fchrerstand der Lok, wenn auch nur auf dem Bildschirm am Stand der Deutschen Bahn \u2013 da blieben viele stehen. Allein 4 Lokf\u00fchrer-Berufe waren hier im Angebot,&nbsp; von insgesamt 50 Ausbildungswegen bei der Bahn. \u00dcber eine derartige Vielfalt bei Gro\u00dfunternehmen und Institutionen staunten die Besucher oft. Im pers\u00f6nlichen Gespr\u00e4ch war Zeit, die verschiedenen M\u00f6glichkeiten zu kl\u00e4ren und auf pers\u00f6nliche St\u00e4rken der Interessierten einzugehen. Ausstellern fiel auf, dass auch j\u00fcngere Sch\u00fclerinnen und Sch\u00fcler zur Jobs for Future kamen und somit mehr Zeit f\u00fcr die Berufsorientierung haben. Steigendes Interesse meldeten Gesundheitswesen und sozialer Bereich, Handwerk, Hotellerie und technische Berufe. Stark war die Nachfrage auch nach Praktika und Freiwilligem Sozialen Jahr.<\/p>\n\n\n\n<p>Gut besucht waren die Bewerbungstrainings auf der Empore. Bei den Vortr\u00e4gen und Workshops in den Info-Foren hatten Berufsfindung, Social Media, technische Studieng\u00e4nge und ChatGPT die Nase vorn.<\/p>\n\n\n\n<p>Aussteller wollten ebenfalls auf dem Laufenden bleiben und sch\u00e4tzten daher das Netzwerken untereinander. Mit Freude gaben Azubis an zahlreichen St\u00e4nden ihre Erfahrung an Gleichaltrige, aber auch Menschen anderer Altersklassen weiter. Ein Ausbilder beim Verband&nbsp; GaLaBau hatte selbst vor Jahren als Azubi am Stand gepflastert und konnte von seinem Werdegang berichten. Die Werkst\u00fccke aus dem 3D-Drucker bei BASF 3D Printing fand ein Rentner so spannend, dass er sich gleich nach einer Ausbildung erkundigte.<\/p>\n\n\n\n<h4 class=\"wp-block-heading\">Die n\u00e4chste Jobs for Future \u2013 Messe f\u00fcr Arbeitspl\u00e4tze, Aus- und Weiterbildung, Studium findet vom 20. bis 22. Februar 2025 in der Maimarkthalle Mannheim statt.<\/h4>\n\n\n\n<p><em>MAG Mannheimer Ausstellungs-GmbH<br>24.02.2024<\/em><\/p>\n\n\n\n<h1 class=\"wp-block-heading has-text-align-center\">Deutschen Fertighaus Center Mannheim<\/h1>\n\n\n<div class=\"wp-block-image\">\n<figure class=\"aligncenter size-full\"><img decoding=\"async\" loading=\"lazy\" width=\"800\" height=\"343\" src=\"https:\/\/speyer24news.com\/wp-content\/uploads\/2022\/07\/Deutsches-Fertighaus-Center-Logo.jpg\" alt=\"\" class=\"wp-image-47581\" srcset=\"https:\/\/speyer24news.com\/wp-content\/uploads\/2022\/07\/Deutsches-Fertighaus-Center-Logo.jpg 800w, https:\/\/speyer24news.com\/wp-content\/uploads\/2022\/07\/Deutsches-Fertighaus-Center-Logo-300x129.jpg 300w, https:\/\/speyer24news.com\/wp-content\/uploads\/2022\/07\/Deutsches-Fertighaus-Center-Logo-768x329.jpg 768w\" sizes=\"(max-width: 800px) 100vw, 800px\" \/><\/figure><\/div>\n\n\n<h2 class=\"wp-block-heading\">Fertigh\u00e4user im Licht der Nacht!<\/h2>\n\n\n\n<h3 class=\"wp-block-heading\">Am 1. M\u00e4rz l\u00e4dt das Deutsche Fertighaus Center Mannheim zur \u201eNacht der Musterh\u00e4user\u201c ein \u2013 Eintritt frei<\/h3>\n\n\n<div class=\"wp-block-image\">\n<figure class=\"aligncenter size-full\"><img decoding=\"async\" loading=\"lazy\" width=\"800\" height=\"600\" src=\"https:\/\/speyer24news.com\/wp-content\/uploads\/2019\/09\/Deutsches_Fertighaus_Center_Mannheim_Herbstfest_2018__20_.jpg\" alt=\"\" class=\"wp-image-19451\" srcset=\"https:\/\/speyer24news.com\/wp-content\/uploads\/2019\/09\/Deutsches_Fertighaus_Center_Mannheim_Herbstfest_2018__20_.jpg 800w, https:\/\/speyer24news.com\/wp-content\/uploads\/2019\/09\/Deutsches_Fertighaus_Center_Mannheim_Herbstfest_2018__20_-300x225.jpg 300w, https:\/\/speyer24news.com\/wp-content\/uploads\/2019\/09\/Deutsches_Fertighaus_Center_Mannheim_Herbstfest_2018__20_-768x576.jpg 768w, https:\/\/speyer24news.com\/wp-content\/uploads\/2019\/09\/Deutsches_Fertighaus_Center_Mannheim_Herbstfest_2018__20_-678x509.jpg 678w, https:\/\/speyer24news.com\/wp-content\/uploads\/2019\/09\/Deutsches_Fertighaus_Center_Mannheim_Herbstfest_2018__20_-326x245.jpg 326w, https:\/\/speyer24news.com\/wp-content\/uploads\/2019\/09\/Deutsches_Fertighaus_Center_Mannheim_Herbstfest_2018__20_-80x60.jpg 80w\" sizes=\"(max-width: 800px) 100vw, 800px\" \/><\/figure><\/div>\n\n\n<p>Fr\u00f6hliche Lichtinstallationen und ein Feierabendgetr\u00e4nk gratis: Damit l\u00e4utet das Deutsche Fertighaus Center Mannheim am 1. M\u00e4rz das Wochenende ein \u2013 und f\u00fcr manche vielleicht auch den ersten Schritt zum eigenen Haus. Zur \u201eNacht der Musterh\u00e4user\u201c sind die \u00d6ffnungszeiten bis 21 Uhr verl\u00e4ngert, damit Bauinteressierte in aller Ruhe durch die rund 40 Musterh\u00e4user von 30 Herstellern schlendern k\u00f6nnen. Fachberater und Bauexperten erwarten sie mit kleinen Aktionen, aktuellen Bau-Infos und pers\u00f6nlicher Beratung. Wer also erfahren m\u00f6chte, wie im Jahr 2024 nachhaltig, energieeffizient, clever finanziert und gef\u00f6rdert gebaut werden kann, sollte sich den 1. M\u00e4rz schon mal notieren. Regionale K\u00f6stlichkeiten, chillige Musik und das Gl\u00fccksrad am Infostand schaffen ein Wohlf\u00fchlambiente, in dem es sich gut Pl\u00e4ne schmieden l\u00e4sst. Der Eintritt ist frei.<\/p>\n\n\n\n<h4 class=\"wp-block-heading\">info:<\/h4>\n\n\n\n<p><strong>Deutsches Fertighaus Center Mannheim<\/strong><\/p>\n\n\n\n<p>am Maimarktgel\u00e4nde, verkehrsg\u00fcnstig an der BAB 656<\/p>\n\n\n\n<p>Ge\u00f6ffnet: mittwochs bis sonntags von 10 bis 17 Uhr<\/p>\n\n\n\n<p>Eintritt frei.<\/p>\n\n\n\n<p>Weitere Infos unter<\/p>\n\n\n\n<p><a href=\"https:\/\/deref-web.de\/mail\/client\/sE5MqihKDnU\/dereferrer\/?redirectUrl=http%3A%2F%2Fwww.deutsches-fertighaus-center.de&amp;lm\" target=\"_blank\" rel=\"noreferrer noopener\">www.deutsches-fertighaus-center.de<\/a><\/p>\n\n\n\n<p><a href=\"https:\/\/deref-web.de\/mail\/client\/ejmltSXKa_E\/dereferrer\/?redirectUrl=http%3A%2F%2Fwww.facebook.com%2FDeutschesFertighausCenter.MA&amp;lm\" target=\"_blank\" rel=\"noreferrer noopener\">www.facebook.com\/DeutschesFertighausCenter.MA<\/a><\/p>\n\n\n\n<p><em>MEAG \u2013 Mannheimer Eigenheim-Ausstellungs-GmbH<br>07.02.2024<\/em><\/p>\n\n\n\n<h1 class=\"wp-block-heading has-text-align-center\">infoRoad GmbH \/ clever-tanken.de<\/h1>\n\n\n<div class=\"wp-block-image\">\n<figure class=\"aligncenter size-full\"><img decoding=\"async\" loading=\"lazy\" width=\"800\" height=\"384\" src=\"https:\/\/speyer24news.com\/wp-content\/uploads\/2023\/06\/Clever-Tanken.png\" alt=\"\" class=\"wp-image-52446\" srcset=\"https:\/\/speyer24news.com\/wp-content\/uploads\/2023\/06\/Clever-Tanken.png 800w, https:\/\/speyer24news.com\/wp-content\/uploads\/2023\/06\/Clever-Tanken-300x144.png 300w, https:\/\/speyer24news.com\/wp-content\/uploads\/2023\/06\/Clever-Tanken-768x369.png 768w\" sizes=\"(max-width: 800px) 100vw, 800px\" \/><\/figure><\/div>\n\n\n<h2 class=\"wp-block-heading\">Auswertung von Clever Tanken zeigt:\u00a0Kraftstoffpreise im Januar 2024 leicht angezogen<\/h2>\n\n\n\n<ul>\n<li>Super E10 rund 2 Cent, Diesel rund 1 Cent teurer als im Dezember 2023<\/li>\n\n\n\n<li>Super&nbsp;E10 im Januar am g\u00fcnstigsten in Bochum, Bielefeld und Essen<\/li>\n\n\n\n<li>Super&nbsp;E10 im Januar am teuersten in Hannover, Frankfurt am Main und Bremen<\/li>\n\n\n\n<li>Diesel&nbsp;im Januar&nbsp;am g\u00fcnstigsten inBielefeld, Bonn und Bochum<\/li>\n\n\n\n<li>Diesel im Januar am teuersten in Leipzig, Hamburg und Hannover<\/li>\n<\/ul>\n\n\n<div class=\"wp-block-image\">\n<figure class=\"aligncenter size-full\"><img decoding=\"async\" loading=\"lazy\" width=\"600\" height=\"600\" src=\"https:\/\/speyer24news.com\/wp-content\/uploads\/2024\/02\/20240201_ct_Grafik_Sever-Tanken_big.jpg\" alt=\"\" class=\"wp-image-57964\" srcset=\"https:\/\/speyer24news.com\/wp-content\/uploads\/2024\/02\/20240201_ct_Grafik_Sever-Tanken_big.jpg 600w, https:\/\/speyer24news.com\/wp-content\/uploads\/2024\/02\/20240201_ct_Grafik_Sever-Tanken_big-300x300.jpg 300w, https:\/\/speyer24news.com\/wp-content\/uploads\/2024\/02\/20240201_ct_Grafik_Sever-Tanken_big-150x150.jpg 150w\" sizes=\"(max-width: 600px) 100vw, 600px\" \/><\/figure><\/div>\n\n\n<p><strong>N\u00fcrnberg &#8211;<\/strong> Trotz der Erh\u00f6hung der CO2-Steuer in Deutschland und der gestiegenen Roh\u00f6lpreise haben die Kraftstoffpreise im Januar hierzulande nur leicht zugelegt. Das zeigt die aktuelle Auswertung des Verbraucherinformationsdienstes Clever Tanken. Danach kostete der Liter Super E10 im Monatsdurchschnitt rund 2 Cent mehr als im Dezember 2023, der Liter Diesel war rund 1 Cent teurer als im Vormonat.<\/p>\n\n\n\n<p>Nach der aktuellen Auswertung von Clever Tanken kostete ein Liter Super E10 im Januar im bundesweiten Durchschnitt rund 1,7366 Euro. Das sind rund 1,68 Cent mehr als im Dezember (1,7198 Euro). Vier Tankf\u00fcllungen \u00e0 60 Liter kosteten damit rund 416,78 Euro. Das sind rund 4,03 Euro mehr als im Vormonat. Im Vergleich zum Vorjahresmonat (1,7503 Euro) war der Liter Super E10 im Januar 2024 um rund 1,37 Cent je Liter g\u00fcnstiger. Bei vier Tankf\u00fcllungen \u00e0 60 Liter entspricht dies einer Ersparnis von etwa 3,29 Euro gegen\u00fcber Januar 2023.<\/p>\n\n\n\n<p>F\u00fcr einen Liter Diesel zahlten die Autofahrerinnen und Autofahrer in Deutschland im Januar rund 1,7106 Euro. Das waren etwa 1,17 Cent mehr als im Dezember (1,6989 Euro). Vier Tankf\u00fcllungen \u00e0 60 Liter kosteten im Januar rund 410,54 Euro und damit 2,81 Euro mehr als im Vormonat. Im Vergleich zum Vorjahresmonat (1,8400 Euro) war der Liter Diesel im Januar 2024 um rund 12,94 Cent billiger. Vier Tankf\u00fcllungen \u00e0 60 Liter kosteten damit rund 31,06 Euro weniger als im Januar 2023.<\/p>\n\n\n\n<h4 class=\"wp-block-heading\">Benzin-Diesel-Schere \u00f6ffnet sich im Januar leicht<\/h4>\n\n\n\n<p>Der Liter Super E10 kostete im Januar rund 0,0260 Euro mehr als der Liter Diesel. Damit hat sich die Benzin-Diesel-Schere gegen\u00fcber Dezember um rund 0,0051 Euro zugunsten von Diesel ge\u00f6ffnet.<\/p>\n\n\n\n<p>Steffen Bock begr\u00fcndet die geringe Differenz damit, dass die Nachfrage nach Heiz\u00f6l saisonal bedingt weiterhin hoch ist und sich dies in hohen Dieselpreisen an den Zapfs\u00e4ulen widerspiegelt.Dennoch meint der Experte, dass der Preis f\u00fcr Dieselkraftstoff mit Blick auf den Steuerunterschied von rund 18 Cent je Liter weiterhin zu hoch erscheint.<\/p>\n\n\n\n<h4 class=\"wp-block-heading\">Die g\u00fcnstigsten und teuersten Tanktage im Januar<\/h4>\n\n\n\n<p>Der g\u00fcnstigste Tanktag f\u00fcr Super E10 war Dienstag, der 16. Januar. An diesem Tag kostete der Liter Super E10 im Bundesdurchschnitt 1,7270 Euro. Diesel war am Dienstag, den 2. Januar, mit 1,6990 Euro je Liter am g\u00fcnstigsten.<\/p>\n\n\n\n<p>Am teuersten waren beide Kraftstoffsorten dagegen am Sonntag, den 28. Januar. 1,7480 Euro kostete an diesem Tag der Liter Super E10 und 1,7300 Euro der Liter Diesel.<\/p>\n\n\n\n<h4 class=\"wp-block-heading\">St\u00e4dteranking Januar 2024: Bochum ist g\u00fcnstigste Super-E10-Tankstadt<\/h4>\n\n\n\n<p>Beim monatlichen Clever-Tanken-Preisvergleich der 20 gr\u00f6\u00dften deutschen St\u00e4dte setzte sich im Januar Bochum (1,7064 Euro) an die Spitze. Auf den Pl\u00e4tzen zwei und drei folgten Bielefeld (1,7072 Euro) und wie im Vormonat Essen (1,7088 Euro).<\/p>\n\n\n\n<p>Am teuersten war Super E10 im Januar in Hannover (1,7597 Euro), Frankfurt am Main (1,7550 Euro) und Bremen (1,7473 Euro).<\/p>\n\n\n\n<p>Vier Tankf\u00fcllungen \u00e0 60 Liter Super E10 kosteten im teuren Hannover durchschnittlich rund 422,33 Euro und damit rund 12,79 Euro mehr als im g\u00fcnstigen Bochum.<\/p>\n\n\n\n<p>Im St\u00e4dteranking der Dieselpreise gab es im Januar wenig Bewegung in der Kategorie der g\u00fcnstigsten Tankst\u00e4dte. Bielefeld (1,6741 Euro) tauschte mit Bonn (1,6743 Euro) die Pl\u00e4tze eins und zwei. Bochum (1,6826 Euro) belegte erneut den dritten Platz.<\/p>\n\n\n\n<p>Die Kategorie der teuersten Dieseltankst\u00e4dte f\u00fchrte im Januar zum zweiten Mal in Folge Leipzig (1,7840 Euro) an. Hamburg (1,7272 Euro) und Hannover (1,7234 Euro) folgten auf den Pl\u00e4tzen zwei und drei.<\/p>\n\n\n\n<h4 class=\"wp-block-heading\">Gr\u00fcnde f\u00fcr den Preisanstieg im Januar<\/h4>\n\n\n\n<p>Als Gr\u00fcnde f\u00fcr die Erh\u00f6hung der Kraftstoffpreise im Januar nennt Steffen Bock vor allem die gestiegenen Roh\u00f6lpreise. Deren Aufwind ist seiner Meinung nach wiederum auf drei Hauptgr\u00fcnde zur\u00fcckzuf\u00fchren. Erstens: die Spannungen im Nahen Osten. \u201eVor allem die Angriffe der jemenitischen Huthi-Rebellen auf Handelsschiffe im Roten Meer und im Golf von Aden wirken sich aktuell auf den Roh\u00f6lpreis aus. Die USA und Gro\u00dfbritannien reagieren mit Milit\u00e4rschl\u00e4gen. Und die Reedereien umfahren eine f\u00fcr den Waren- und \u00d6ltransport wichtige Seeroute durch das Rote Meer. Dadurch steigen die Transportkosten\u201c, erl\u00e4utert Bock.<\/p>\n\n\n\n<p>Ein zweiter Grund f\u00fcr den Anstieg der Roh\u00f6lpreise ist der R\u00fcckgang der Lagerbest\u00e4nde in den USA. Als dritte Ursache nennt Steffen Bock die Geldpolitik in China, die sich ebenfalls auf den Roh\u00f6lpreis auswirkt. Dort hat die Zentralbank ihre Geldpolitik weiter gelockert, um die schw\u00e4chelnde Wirtschaft anzukurbeln. \u201eChina ist einer der gr\u00f6\u00dften \u00d6lverbraucher der Welt. Wird dort wieder mehr Roh\u00f6l gekauft, steigen die Preise weltweit\u201c, sagt Steffen Bock.<\/p>\n\n\n\n<p>Dass die Roh\u00f6lpreise nicht noch st\u00e4rker angezogen haben, ist laut der Meinung des Experten vor allem auf die eher geringe Nachfrage nach \u00d6l und Kraftstoff aufgrund der schwachen Weltkonjunktur zur\u00fcckzuf\u00fchren.<\/p>\n\n\n\n<p>In Deutschland hat sich ein weiterer Faktor auf die Kraftstoffpreise ausgewirkt: die Erh\u00f6hung der CO2-Steuer. So werden seit dem 1. Januar 2024 rund 12,7 Cent CO2-Steuer pro Liter Benzin und rund 14,2 Cent pro Liter Diesel f\u00e4llig. Im Vergleich zu 2023 verteuert sich der Liter Benzin damit grunds\u00e4tzlich um rund 4,3 Cent und der Liter Diesel um rund 4,7 Cent.<\/p>\n\n\n\n<p>Steffen Bock, Gr\u00fcnder und Gesch\u00e4ftsf\u00fchrer von Clever Tanken: \u201eDass die Kraftstoffpreise trotz der Erh\u00f6hung der CO2-Steuer im Januar nicht st\u00e4rker gestiegen sind, liegt daran, dass die Mineral\u00f6lkonzerne die Erh\u00f6hung bereits in den Monaten vor dem Jahreswechsel eingepreist haben. Dies war m\u00f6glich, weil die Roh\u00f6lpreise von Mitte Oktober bis Mitte Dezember deutlich gesunken sind. Auch derzeit liegen sie auf einem vergleichsweise niedrigen Niveau.\u201c<\/p>\n\n\n\n<h4 class=\"wp-block-heading\">Ausblick<\/h4>\n\n\n\n<p>F\u00fcr den Februar rechnet Steffen Bock damit, dass die Entwicklung der Kraftstoffpreise weiterhin ma\u00dfgeblich vom \u00d6lpreis beeinflusst wird. \u201eWie sich der \u00d6lpreis aber entwickelt, ist aufgrund globaler Krisen wie dem Krieg in der Ukraine und im Nahen Osten derzeit nicht kalkulierbar.\u201c<\/p>\n\n\n\n<h4 class=\"wp-block-heading\">Regelm\u00e4\u00dfiger Preisvergleich lohnt sich<\/h4>\n\n\n\n<p>Wie auch immer sich die Preise in den kommenden Wochen entwickeln werden: Die regionalen Preismechanismen bleiben bestehen. Deshalb sollten Autofahrerinnen und Autofahrer immer den optimalen Zeitpunkt zum Tanken finden. Steffen Bock r\u00e4t daher, regelm\u00e4\u00dfig die Kraftstoffpreise \u00fcber Apps, Navigationsger\u00e4te oder das Internet zu vergleichen. iPhone-Nutzer k\u00f6nnen dies mit der App von Clever Tanken auch \u00fcber CarPlay tun.<\/p>\n\n\n\n<p>Autobahntankstellen sollten Autofahrer meiden, wenn dies ohne Umwege m\u00f6glich ist. Denn sie sind aufgrund ihrer g\u00fcnstigen Lage und der geringen Konkurrenz in der n\u00e4heren Umgebung oft teurer als beispielsweise Tankstellen in gr\u00f6\u00dferen Innenst\u00e4dten.<\/p>\n\n\n\n<p>Au\u00dferdem sollten Autofahrer beachten, dass es mancherorts bis zu sechs Preisspitzen am Tag gibt \u2013 vor allem bei Markentankstellen. Steffen Bock: \u201eTeilweise gibt es an ein und derselben Tankstelle Unterschiede von bis zu 15 Cent pro Tag. Vergleicht man alle Tankstellen in einer Stadt, sind es auch schon mal bis zu 22 Cent innerhalb von 24 Stunden.\u201c G\u00fcnstige Tankzeiten finden sich \u00fcberall h\u00e4ufig zwischen 8 und 10 Uhr, 12 und 13 Uhr sowie 20 und 22 Uhr.<\/p>\n\n\n\n<p><em>infoRoad GmbH<br>01.02.2024<\/em><\/p>\n","protected":false},"excerpt":{"rendered":"<div class=\"mh-excerpt\"><p>Deutsche Rentenversicherung Rheinland-Pfalz Noch bis 2. April m\u00f6glich: Freiwillige Beitr\u00e4ge zur Rentenversicherung f\u00fcr 2023 einzahlen Freiwillige Beitr\u00e4ge zur gesetzlichen Rentenversicherung k\u00f6nnen f\u00fcr 2023 noch bis zum 2. April gezahlt werden. Dies kann sich f\u00fcr alle <a class=\"mh-excerpt-more\" href=\"https:\/\/speyer24news.com\/?p=57950\" title=\"Wirtschaft \/ Finanzen \/ Rente\">[&#8230;]<\/a><\/p>\n<\/div>","protected":false},"author":3,"featured_media":30614,"comment_status":"open","ping_status":"open","sticky":false,"template":"","format":"standard","meta":{"_monsterinsights_skip_tracking":false,"_monsterinsights_sitenote_active":false,"_monsterinsights_sitenote_note":"","_monsterinsights_sitenote_category":0,"footnotes":""},"categories":[29],"tags":[5710,17540,17541,551,17544,10012,17533,17543,2988,15468,1088,17534,17535,17536,6449,9199,6613,16173,5787,14834,17542,13103,17538,17245,17539,3092,13105,13460,11045,11046,303,11044,1087,4698,14830,12488,14831,6539],"aioseo_notices":[],"amp_enabled":true,"_links":{"self":[{"href":"https:\/\/speyer24news.com\/index.php?rest_route=\/wp\/v2\/posts\/57950"}],"collection":[{"href":"https:\/\/speyer24news.com\/index.php?rest_route=\/wp\/v2\/posts"}],"about":[{"href":"https:\/\/speyer24news.com\/index.php?rest_route=\/wp\/v2\/types\/post"}],"author":[{"embeddable":true,"href":"https:\/\/speyer24news.com\/index.php?rest_route=\/wp\/v2\/users\/3"}],"replies":[{"embeddable":true,"href":"https:\/\/speyer24news.com\/index.php?rest_route=%2Fwp%2Fv2%2Fcomments&post=57950"}],"version-history":[{"count":1,"href":"https:\/\/speyer24news.com\/index.php?rest_route=\/wp\/v2\/posts\/57950\/revisions"}],"predecessor-version":[{"id":57966,"href":"https:\/\/speyer24news.com\/index.php?rest_route=\/wp\/v2\/posts\/57950\/revisions\/57966"}],"wp:featuredmedia":[{"embeddable":true,"href":"https:\/\/speyer24news.com\/index.php?rest_route=\/wp\/v2\/media\/30614"}],"wp:attachment":[{"href":"https:\/\/speyer24news.com\/index.php?rest_route=%2Fwp%2Fv2%2Fmedia&parent=57950"}],"wp:term":[{"taxonomy":"category","embeddable":true,"href":"https:\/\/speyer24news.com\/index.php?rest_route=%2Fwp%2Fv2%2Fcategories&post=57950"},{"taxonomy":"post_tag","embeddable":true,"href":"https:\/\/speyer24news.com\/index.php?rest_route=%2Fwp%2Fv2%2Ftags&post=57950"}],"curies":[{"name":"wp","href":"https:\/\/api.w.org\/{rel}","templated":true}]}}