{"id":57971,"date":"2024-02-26T19:05:30","date_gmt":"2024-02-26T18:05:30","guid":{"rendered":"https:\/\/speyer24news.com\/?p=57971"},"modified":"2024-02-26T21:14:29","modified_gmt":"2024-02-26T20:14:29","slug":"polizeimeldungen-montag-26-02-24","status":"publish","type":"post","link":"https:\/\/speyer24news.com\/?p=57971","title":{"rendered":"Polizeimeldungen Montag (26.02.24)"},"content":{"rendered":"<style type=\"text\/css\">\r\n\t.ads_top_disp{}\r\n\t.ads_top_corner_disp{ float:left; margin:0px 10px 10px 0px; }\r\n\t.ads_first_p_disp{}\r\n\t.ads_bottom_disp{}\r\n\t<\/style>\n<h2 class=\"wp-block-heading\">Polizeimeldungen vom Montag (26.02.2024)<\/h2>\n\n\n<div class=\"wp-block-image\">\n<figure class=\"aligncenter size-full\"><img decoding=\"async\" loading=\"lazy\" width=\"375\" height=\"500\" src=\"https:\/\/speyer24news.com\/wp-content\/uploads\/2022\/03\/Aktuelles-Polizeilogo.jpg\" alt=\"\" class=\"wp-image-43591\" srcset=\"https:\/\/speyer24news.com\/wp-content\/uploads\/2022\/03\/Aktuelles-Polizeilogo.jpg 375w, https:\/\/speyer24news.com\/wp-content\/uploads\/2022\/03\/Aktuelles-Polizeilogo-225x300.jpg 225w\" sizes=\"(max-width: 375px) 100vw, 375px\" \/><\/figure><\/div>\n\n\n<h2 class=\"wp-block-heading\">(Speyer) &#8211; Unfall durch berauschten Radfahrer<\/h2>\n\n\n\n<p>Am Sonntagnachmittag, gegen 16 Uhr fuhr ein 45-j\u00e4hriger Radfahrer in Schlangenlinien im Eselsdamm in Richtung Petschengasse. Er kam ohne \u00e4u\u00dfere Einwirkungen von seiner Fahrbahn auf die linke Fahrbahnseite ab und ber\u00fchrte hier den Bordstein, wodurch er komplett die Kontrolle \u00fcber das Fahrrad verlor und gegen einen ordnungsgem\u00e4\u00df geparkten PKW stie\u00df. Infolge des Zusammensto\u00dfes st\u00fcrzte der Mann zu Boden. Der Mann erlitt durch den Sturz eine blutende Kopfwunde und wurde von Passanten bis zum Eintreffen der Polizei vor Ort erstversorgt. Gegen\u00fcber der Polizei zeigte sich der Radfahrer aggressiv und unkooperativ. Die eingesetzten Beamten stellten bei dem Mann Atemalkoholgeruch und drogentypische Ausfallerscheinungen fest. Er wurde schlie\u00dflich in ein Krankenhaus verbracht. Im Krankenhaus wurde ihm durch einen Arzt eine Blutprobe entnommen, jegliche weitere medizinische Behandlung lehnte der Mann trotz der Platzwunde ab, weshalb er im Anschluss das Krankenhaus verlie\u00df. Das Fahrrad wurde nur leicht besch\u00e4digt, am PKW entstand ein Schaden in H\u00f6he von ca. 3000 Euro.<\/p>\n\n\n\n<h2 class=\"wp-block-heading\">(Schifferstadt) &#8211; Trunkenheit im Verkehr<\/h2>\n\n\n\n<p>Im Rahmen einer allgemeinen Verkehrskontrolle am Sonntagabend in der Carl-Benz-Stra\u00dfe konnte bei einem 35-j\u00e4hrigen Verkehrsteilnehmer starker Alkoholgeruch wahrgenommen werden. Ein vor Ort durchgef\u00fchrter Alkoholtest best\u00e4tigte die Annahme &#8211; knapp 1,7 Promille wurden gemessen. Nach der Entnahme einer Blutprobe und Untersagung der Weiterfahrt wurde der Mann auf freien Fu\u00df entlassen. Ihn erwartet nun ein Strafverfahren wegen Trunkenheit im Verkehr.<\/p>\n\n\n\n<h2 class=\"wp-block-heading\">(Hochdorf-Assenheim) &#8211; Beim Abbiegen \u00fcbersehen<\/h2>\n\n\n\n<p>Zu einem folgenschweren Verkehrsunfall kam es am vergangenen Sonntagnachmittag auf der L530 zwischen Dannstadt-Schauernheim und Mutterstadt. Ein 87-j\u00e4hriger fuhr zuvor aus Dannstadt-Schauernheim kommend in Richtung Mutterstadt. Als er in H\u00f6he der Abfahrt zur BAB65 nach links abbiegen wollte, \u00fcbersah er den entgegenkommenden Pkw einer 60-j\u00e4hrigen aus Hochdorf-Assenheim und stie\u00df mit diesem zusammen. Durch den Zusammensto\u00df wurden sowohl die 60-j\u00e4hrige als auch die 52-j\u00e4hrige Beifahrerin des Unfallverursachers leicht verletzt. Beide wurden zur weiteren Versorgung in ein Krankenhaus verbracht. An beiden Fahrzeugen, die nicht mehr fahrbereit waren, entstand ein Sachschaden von knapp 24.000 Euro.<\/p>\n\n\n\n<h2 class=\"wp-block-heading\">(Herxheim) &#8211; 2 x Fahren ohne Versicherungsschutz<\/h2>\n\n\n\n<p>Innerhalb von 20 Minuten konnten zwei Personen festgestellt werden, die am 25.02.2024 jeweils ohne Versicherungsschutz mit ihrem E-Scooter in Herxheim unterwegs waren. Um 15:20 Uhr konnte in der Franz-Schubert-Stra\u00dfe ein 36-J\u00e4hriger und um 15:40 Uhr in der St.-Christophorus-Stra\u00dfe ein 14-J\u00e4hriger kontrolliert werden. Die Weiterfahrt wurde untersagt und Strafverfahren wegen Verst\u00f6\u00dfen gegen das Pflichtversicherungsgesetz eingeleitet.<\/p>\n\n\n\n<h2 class=\"wp-block-heading\">(Kandel) &#8211; Einbruch in Gesch\u00e4ft scheitert<\/h2>\n\n\n\n<p>Am Wochenende haben unbekannte T\u00e4ter versucht in ein Gesch\u00e4ft in Kandel in der Hauptstra\u00dfe einzubrechen. An der Eingangst\u00fcr wurde die Glasscheibe eingeschlagen und es wurde versucht die T\u00fcr aufzuhebeln. Offensichtlich gelang es den T\u00e4tern aber nicht in das Gesch\u00e4ft einzudringen. <\/p>\n\n\n\n<ul>\n<li><strong>Zeugen, welche verd\u00e4chtige Wahrnehmungen gemacht haben, sollen sich bitte mit der Polizei W\u00f6rth unter 07271 92210 oder&nbsp;<a href=\"mailto:%20piwoerth@polizei.rlp.de\">piwoerth@polizei.rlp.de<\/a>&nbsp;in Verbindung setzen.<\/strong><\/li>\n<\/ul>\n\n\n\n<h2 class=\"wp-block-heading\">(Walsheim) &#8211; Einbruchversuch scheitert \/ Zeugen gesucht<\/h2>\n\n\n\n<p>Zwischen dem 22.02.20224 und dem 25.02.2024 versuchten unbekannte T\u00e4ter in das Rathaus in Walsheim einzubrechen. Hierbei wurde versucht zwei T\u00fcren aufzuhebeln, was jedoch misslang. Die Schadensh\u00f6he betr\u00e4gt circa 1000 Euro. Ein Strafverfahren wurde eingeleitet und die polizeilichen Ermittlungen aufgenommen. <\/p>\n\n\n\n<ul>\n<li><strong>Die Polizei bittet Zeugen, die Hinweise zu der Tat oder dem T\u00e4ter geben k\u00f6nnen, sich per Email an&nbsp;<a href=\"mailto:%20pilandau@polizei.rlp.de\">pilandau@polizei.rlp.de<\/a>&nbsp;oder telefonisch unter 06341-287-0 bei der Polizeiinspektion Landau zu melden.<\/strong><\/li>\n<\/ul>\n\n\n\n<h2 class=\"wp-block-heading\">(Annweiler) &#8211; Auseinandersetzung zwischen zwei Frauen am Wasgau \/ Zeugen gesucht<\/h2>\n\n\n<div class=\"wp-block-image\">\n<figure class=\"aligncenter size-full\"><img decoding=\"async\" loading=\"lazy\" width=\"801\" height=\"600\" src=\"https:\/\/speyer24news.com\/wp-content\/uploads\/2020\/05\/Zeugen-gesucht-Neutral.jpg\" alt=\"\" class=\"wp-image-26598\" srcset=\"https:\/\/speyer24news.com\/wp-content\/uploads\/2020\/05\/Zeugen-gesucht-Neutral.jpg 801w, https:\/\/speyer24news.com\/wp-content\/uploads\/2020\/05\/Zeugen-gesucht-Neutral-300x225.jpg 300w, https:\/\/speyer24news.com\/wp-content\/uploads\/2020\/05\/Zeugen-gesucht-Neutral-768x575.jpg 768w, https:\/\/speyer24news.com\/wp-content\/uploads\/2020\/05\/Zeugen-gesucht-Neutral-678x509.jpg 678w, https:\/\/speyer24news.com\/wp-content\/uploads\/2020\/05\/Zeugen-gesucht-Neutral-326x245.jpg 326w, https:\/\/speyer24news.com\/wp-content\/uploads\/2020\/05\/Zeugen-gesucht-Neutral-80x60.jpg 80w\" sizes=\"(max-width: 801px) 100vw, 801px\" \/><\/figure><\/div>\n\n\n<p>Am Montag kam es gegen 12:30h am Wasgau-Markt zwischen einer 22-j\u00e4hrigen und einer 21-j\u00e4hrigen Frau zun\u00e4chst zu einer verbalen Auseinandersetzung, welche in einer wechselseitigen K\u00f6rperverletzung gipfelte. Die 22-J\u00e4hrige suchte anschlie\u00dfend zur Anzeigenerstattung die Polizeidienststelle auf. <\/p>\n\n\n\n<ul>\n<li><strong>Die Polizeiwache Annweiler sucht Zeugen, welche das Geschehen beobachtet haben. Insbesondere soll ein l\u00e4nglicher, grauer Audi gehupt haben, als eine der Frauen beinahe auf die Stra\u00dfe gesto\u00dfen worden sei.<\/strong><\/li>\n<\/ul>\n\n\n\n<h2 class=\"wp-block-heading\">(Annweiler) &#8211; Ohne F\u00fchrerschein gefahren&#8230;<\/h2>\n\n\n\n<p>&#8230;ist am Freitag, 23.Februar, 14:35h in Annweiler ein 42-J\u00e4hriger aus dem Landkreis Bad D\u00fcrkheim. Er konnte in einem Gewerbegebiet mit seinem Pkw kontrolliert werden. Ihn erwartet nun ein Strafverfahren, die Weiterfahrt wurde ihm untersagt.<\/p>\n\n\n\n<h2 class=\"wp-block-heading\">(Neustadt) &#8211; Unter Drogeneinfluss zur Arbeit<\/h2>\n\n\n\n<p>Am 16.02.2024 um 08:00 Uhr wurde ein Seat in der Quellenstra\u00dfe in 67433 Neustadt\/W. einer allgemein Verkehrskontrolle unterzogen. Der 40-j\u00e4hrige Fahrer aus Neustadt\/W. war zu diesem Zeitpunkt auf dem Weg zu seiner Arbeitsstelle. Im Verlauf der Kontrolle konnten bei dem Neustadter Auff\u00e4lligkeiten festgestellt werden, welche auf eine aktuelle Bet\u00e4ubungsmittelbeeinflussung schlie\u00dfen lie\u00dfen. Ein Vortest reagierte letztlich positiv auf die Stoffgruppen Amfetamin und Metamfetamin, weshalb dem Mann eine Blutprobe entnommen und der Fahrzeugschl\u00fcssel an eine Angeh\u00f6rige \u00fcbergeben wurde. Nun kommt auf den 40-J\u00e4hrigen ein Straf-, sowie Ordnungswidrigkeitenverfahren zu. Au\u00dferdem wird die zust\u00e4ndige F\u00fchrerscheinstelle \u00fcber den Vorfall informiert.<\/p>\n\n\n\n<h2 class=\"wp-block-heading\">(Gr\u00fcnstadt) &#8211; Fahrraddiebstahl<\/h2>\n\n\n\n<p>Am Donnerstag, 22.02.2024 gegen 14:00 Uhr wurde das Fahrrad des Gesch\u00e4digten aus dessen Hofeinfahrt in der Maybachstra\u00dfe durch eine bislang unbekannte, m\u00e4nnliche Person entwendet. Der T\u00e4ter wurde bei der Tat durch eine \u00dcberwachungskamera des Gesch\u00e4digten, welche er auf seinem Grundst\u00fcck angebracht hat, videografiert. Die Ermittlungen dauern an. <\/p>\n\n\n\n<ul>\n<li><strong>Zeugenhinweise nimmt die Polizeiinspektion Gr\u00fcnstadt unter 06359\/9312-0 oder per E-Mail (<a href=\"mailto:pigruenstadt@polizei.rlp.de\">pigruenstadt@polizei.rlp.de<\/a>) entgegen.<\/strong><\/li>\n<\/ul>\n\n\n\n<h2 class=\"wp-block-heading\">(Frankenthal) &#8211; Raubdelikt zum Nachteil eines Hotels<\/h2>\n\n\n<div class=\"wp-block-image\">\n<figure class=\"aligncenter size-large\"><img decoding=\"async\" loading=\"lazy\" width=\"1024\" height=\"941\" src=\"https:\/\/speyer24news.com\/wp-content\/uploads\/2020\/07\/Maskierter-T\u00e4ter-1024x941-1024x941.jpg\" alt=\"\" class=\"wp-image-28719\" srcset=\"https:\/\/speyer24news.com\/wp-content\/uploads\/2020\/07\/Maskierter-T\u00e4ter-1024x941.jpg 1024w, https:\/\/speyer24news.com\/wp-content\/uploads\/2020\/07\/Maskierter-T\u00e4ter-1024x941-300x276.jpg 300w, https:\/\/speyer24news.com\/wp-content\/uploads\/2020\/07\/Maskierter-T\u00e4ter-1024x941-768x706.jpg 768w\" sizes=\"(max-width: 1024px) 100vw, 1024px\" \/><figcaption class=\"wp-element-caption\">Symbolbild \u00dcberfall \/ Zeugen gesucht, dient lediglich der Visualisierung<\/figcaption><\/figure><\/div>\n\n\n<p>Am 26.02.2024, gegen 05.10 Uhr, wurde durch die im Empfangsbereich t\u00e4tige 56-j\u00e4hrige Gesch\u00e4digte eines Hotels in der Mahlastra\u00dfe ein Raub gemeldet. Vor Ort konnte in Erfahrung gebracht werden, dass ein bislang unbekannter m\u00e4nnlicher T\u00e4ter sich zun\u00e4chst in der Lobby aufhielt. Kurze Zeit sp\u00e4ter riss er die T\u00fcr zur Rezeption auf, \u00f6ffnete die Kasse und entnahm einen mittleren dreistelligen Betrag, hierbei \u00e4u\u00dferte er, dass sich die Angestellte ruhig verhalten solle, er habe ein Messer dabei. Hiernach fl\u00fcchtete er in unbekannte Richtung. Eine sofort eingeleitete Fahndung f\u00fchrte nicht zur Ergreifung des T\u00e4ters. <\/p>\n\n\n\n<h4 class=\"wp-block-heading\">Dieser wird beschrieben als:<\/h4>\n\n\n\n<ul>\n<li><strong>m\u00e4nnlich<\/strong><\/li>\n\n\n\n<li><strong>etwa 170cm gro\u00df<\/strong><\/li>\n\n\n\n<li><strong>hagere Gestalt<\/strong><\/li>\n\n\n\n<li><strong>kurze dunkelblonde Haare<\/strong><\/li>\n\n\n\n<li><strong>bekleidet mit hellgr\u00fcnem Parka und dunkle Jeans<\/strong><\/li>\n\n\n\n<li><strong>insgesamt ungepflegt<\/strong><\/li>\n<\/ul>\n\n\n\n<ul>\n<li><strong>Zeugen werden gebeten sich an die Polizeiinspektion Frankenthal unter der Tel.-Nr.: 06233\/313-0 oder an die Polizeiwache Maxdorf unter der Tel.-Nr.: 06237\/934-1100 zu wenden. Gerne nehmen wir Ihre Hinweise auch per E-Mail unter&nbsp;<a href=\"mailto:%20pifrankenthal@polizei.rlp.de\">pifrankenthal@polizei.rlp.de<\/a>&nbsp;entgegen.<\/strong><\/li>\n<\/ul>\n\n\n\n<h2 class=\"wp-block-heading\">(Frankenthal) &#8211; Einbr\u00fcche in Kleingartenanlage<\/h2>\n\n\n\n<p>In der Zeit von 24.02.2024, 19.30 Uhr, bis 25.02.2024, 10.30 Uhr, kam es in einer Kleingartenanlage am Pappelweg zu mehreren Einbr\u00fcchen in Gartenh\u00e4user. Derzeit sind 5 Gesch\u00e4digte bekannt. Das Diebesgut und die Schadensh\u00f6he sind derzeit noch nicht bekannt. Etwaige weitere Gesch\u00e4digte werden gebeten, sich mit der Polizei in Frankenthal in Verbindung zu setzen.<\/p>\n\n\n\n<ul>\n<li><strong>Zeugen werden gebeten sich an die Polizeiinspektion Frankenthal unter der Tel.-Nr.: 06233\/313-0 oder an die Polizeiwache Maxdorf unter der Tel.-Nr.: 06237\/934-1100 zu wenden. Gerne nehmen wir Ihre Hinweise auch per E-Mail unter&nbsp;<a href=\"mailto:%20pifrankenthal@polizei.rlp.de\">pifrankenthal@polizei.rlp.de<\/a>&nbsp;entgegen.<\/strong><\/li>\n<\/ul>\n\n\n\n<h2 class=\"wp-block-heading\">(Frankenthal) &#8211; Trunkenheit im Verkehr<\/h2>\n\n\n\n<p>Am 25.02.2024, gegen 06.00 Uhr, wurde an einer Ampel in der Peter-Rosegger-Str. ein Pkw gemeldet, in welchem ein schlafender Mann sitzen w\u00fcrde. Durch die Streife wurde der Pkw dort festgestellt. Der Fahrer, ein 37-j\u00e4hriger Mann aus Frankenthal, war augenscheinlich aufgrund \u00fcberm\u00e4\u00dfigen Alkoholkonsums an der Ampel eingeschlafen. Ein Atemalkoholtest ergab einen Wert von 2,19 Promille. Ihm wurde auf der Dienststelle eine Blutprobe entnommen, der F\u00fchrerschein sichergestellt und ein Strafverfahren eingeleitet.<\/p>\n\n\n\n<h2 class=\"wp-block-heading\">(Ludwigshafen) &#8211; Brand in Mehrfamilienhaus<\/h2>\n\n\n\n<p>Am Montagmorgen (26.02.2024), gegen 05:40 Uhr, kam es in der Parsevalstra\u00dfe zu einem Brand in der K\u00fcche einer Wohnung eines Mehrfamilienhauses. Die 70-J\u00e4hrige Bewohnerin wurde von der Feuerwehr gerettet und in ein Krankenhaus gebracht. Sie war nicht ansprechbar. Die anderen Bewohner des Hauses blieben unverletzt. Nach ersten Sch\u00e4tzungen bel\u00e4uft sich der Schaden auf ca. 20.000 Euro.<\/p>\n\n\n\n<p>Die Kriminalpolizei Ludwigshafen hat die Ermittlungen zur Brandursache aufgenommen.<\/p>\n\n\n\n<h2 class=\"wp-block-heading\">(Ludwigshafen) &#8211; Nach Streit mit Schreckschusspistole geschossen<\/h2>\n\n\n<div class=\"wp-block-image\">\n<figure class=\"aligncenter size-full\"><img decoding=\"async\" loading=\"lazy\" width=\"800\" height=\"479\" src=\"https:\/\/speyer24news.com\/wp-content\/uploads\/2020\/04\/pistol-2948729_1920.jpg\" alt=\"\" class=\"wp-image-26577\" srcset=\"https:\/\/speyer24news.com\/wp-content\/uploads\/2020\/04\/pistol-2948729_1920.jpg 800w, https:\/\/speyer24news.com\/wp-content\/uploads\/2020\/04\/pistol-2948729_1920-300x180.jpg 300w, https:\/\/speyer24news.com\/wp-content\/uploads\/2020\/04\/pistol-2948729_1920-768x460.jpg 768w\" sizes=\"(max-width: 800px) 100vw, 800px\" \/><\/figure><\/div>\n\n\n<p>Am Sonntagabend (25.02.2024), gegen 22:00 Uhr, gerieten zwei 18-J\u00e4hrige in der Ebertstra\u00dfe in Streit. Hierbei zog einer der Beteiligten eine Schreckschusswaffe und schoss mehrfach. Anschlie\u00dfend trennten sich die beiden Streitparteien. Durch die Sch\u00fcsse wurde niemand verletzt. Die Schreckschusswaffe wurde durch Polizeikr\u00e4fte sichergestellt.<\/p>\n\n\n\n<ul>\n<li><strong>Es werden nun Zeugen gesucht, die den Vorfall beobachtete haben. Hinweise bitte an die Polizeiinspektion Ludwigshafen 2, Telefonnummer 0621 963-2222 oder per E-Mail&nbsp;<a href=\"mailto:%20piludwigshafen2@polizei.rlp.de\">piludwigshafen2@polizei.rlp.de<\/a>&nbsp;.<\/strong><\/li>\n<\/ul>\n\n\n\n<h2 class=\"wp-block-heading\">(Ludwigshafen) &#8211; Widerstand nach Trunkenheitsfahrt<\/h2>\n\n\n<div class=\"wp-block-image\">\n<figure class=\"aligncenter size-full\"><img decoding=\"async\" loading=\"lazy\" width=\"800\" height=\"533\" src=\"https:\/\/speyer24news.com\/wp-content\/uploads\/2021\/10\/Festnahme-Handschellen.jpg\" alt=\"\" class=\"wp-image-41224\" srcset=\"https:\/\/speyer24news.com\/wp-content\/uploads\/2021\/10\/Festnahme-Handschellen.jpg 800w, https:\/\/speyer24news.com\/wp-content\/uploads\/2021\/10\/Festnahme-Handschellen-300x200.jpg 300w, https:\/\/speyer24news.com\/wp-content\/uploads\/2021\/10\/Festnahme-Handschellen-768x512.jpg 768w\" sizes=\"(max-width: 800px) 100vw, 800px\" \/><figcaption class=\"wp-element-caption\">Beispielbild Handschelle \/ Verhaftung, dient lediglich der Visualisierung<\/figcaption><\/figure><\/div>\n\n\n<p>Nachdem ein 29-j\u00e4hriger PKW-Fahrer am Sonntagabend (25.02.2024), gegen 21:15 Uhr, einer Verkehrskontrolle unterzogen wurde und sich Hinweise auf Drogenkonsum ergaben, wurde er zu einer Polizeidienststelle gebracht, wo ihm eine Blutprobe entnommen werden sollte. In der Dienststelle fertigte der 29-J\u00e4hrige Aufnahmen von den Polizeikr\u00e4ften mit seinem Handy, weshalb dieses f\u00fcr die Dauer der polizeilichen Ma\u00dfnahmen sichergestellt werden sollte. Der 29-J\u00e4hrige war damit nicht einverstanden, reagierte hoch aggressiv, sodass er durch mehrere Polizeikr\u00e4fte gefesselt werden musste. Daraufhin beruhigte sich die Situation. Durch die Widerstandshandlung des 29-J\u00e4hrigen wurden zwei Polizeibeamte leicht verletzt. Im Anschluss wurde der Mann aus der Ma\u00dfnahme entlassen. Der 29-J\u00e4hrige muss ich nun wegen Widerstand gegen Vollstreckungsbeamte und Trunkenheit im Verkehr verantworten.<\/p>\n\n\n\n<h2 class=\"wp-block-heading\">(Ludwigshafen) &#8211; Fahrzeug entwendet \/ Zeugen gesucht<\/h2>\n\n\n\n<p>Am Sonntag (25.02.2024), zwischen 00:30 und 14:40 Uhr, entwendeten Unbekannte eine in der Benckiserstra\u00dfe abgestellte, silberne Mercedes C-Klasse im Wert von circa 10.000 Euro.<\/p>\n\n\n\n<ul>\n<li><strong>Wer hat die Tat beobachtet und kann Hinweise auf die T\u00e4ter geben? Hinweise bitte an die Polizeiinspektion Ludwigshafen 1, Telefonnummer 0621 963-2122 oder per E-Mail&nbsp;<a href=\"mailto:%20piludwigshafen1@polizei.rlp.de\">piludwigshafen1@polizei.rlp.de<\/a><\/strong>&nbsp;.<\/li>\n<\/ul>\n\n\n\n<h2 class=\"wp-block-heading\">(Mannheim) &#8211; Gesch\u00e4digte von Dieseldiebstahl gesucht<\/h2>\n\n\n<div class=\"wp-block-image\">\n<figure class=\"aligncenter size-full\"><img decoding=\"async\" loading=\"lazy\" width=\"800\" height=\"578\" src=\"https:\/\/speyer24news.com\/wp-content\/uploads\/2022\/03\/diesel-g59e827b3c_1920.jpg\" alt=\"\" class=\"wp-image-43466\" srcset=\"https:\/\/speyer24news.com\/wp-content\/uploads\/2022\/03\/diesel-g59e827b3c_1920.jpg 800w, https:\/\/speyer24news.com\/wp-content\/uploads\/2022\/03\/diesel-g59e827b3c_1920-300x217.jpg 300w, https:\/\/speyer24news.com\/wp-content\/uploads\/2022\/03\/diesel-g59e827b3c_1920-768x555.jpg 768w\" sizes=\"(max-width: 800px) 100vw, 800px\" \/><\/figure><\/div>\n\n\n<p>Am fr\u00fchen Montagmorgen gegen 03 Uhr stoppte eine Polizeistreife des Verkehrsdienstes Mannheims, Verkehrsgruppe Bundesautobahn, einen 36-j\u00e4hrigen Audi-Fahrer in der Schlachthofstra\u00dfe, welcher ohne im Besitz einer g\u00fcltigen Fahrerlaubnis zu sein, am Stra\u00dfenverkehr teilnahm. W\u00e4hrend der Kontrolle warf der Mann pl\u00f6tzlich ohne ersichtlichen Grund dessen Autoschl\u00fcssel in ein nahegelegenes bepflanztes Grundst\u00fcck. Nachdem die Personalien sowie die strafprozessualen Ma\u00dfnahmen wegen des Fahrens ohne Fahrerlaubnis gesichert waren und keine weiteren Anhaltspunkte f\u00fcr Straftaten vorlagen, durfte der Mann gehen. Bei einer intensiven Suche nach dem Schl\u00fcssel, gelang es den Beamten schlie\u00dflich, diesen zu finden. Als sie den Kofferraum des Autos \u00f6ffneten, wurde ihnen klar, weshalb der 36-J\u00e4hrige versuchte, den Schl\u00fcssel verschwinden zu lassen. Im Inneren stellten die Polizisten neun Kanister gef\u00fcllt mit \u00fcber 200 Liter Diesel fest. Ebenso stellten die Ermittler weitere Tatmittel wie einen Schlauch und einen Trichter zum Abf\u00fcllen des Diebesguts sicher. <\/p>\n\n\n\n<ul>\n<li><strong>Der Verkehrsdienst Mannheim sucht nun Gesch\u00e4digte, welchen entsprechender Kraftstoff entwendet wurde sowie Zeugen, welche verd\u00e4chtige Wahrnehmungen im Zusammenhang mit dem Dieseldiebstahl gemacht haben und bittet diese, sich unter der Telefonnummer 0621\/47093-0 zu melden.<\/strong><\/li>\n<\/ul>\n\n\n\n<h2 class=\"wp-block-heading\">(Mannheim) &#8211; Unfall auf dem Luisenring mir erheblichem Sachschaden<\/h2>\n\n\n\n<p>Am Sonntag fuhr nach derzeitigem Erkenntnisstand eine 29-J\u00e4hrige mit ihrem BWM auf dem Luisenring in Richtung Kurpfalzkreisel. Um kurz nach Mitternacht wollte sie nach links in die Neckarvorlandstra\u00dfe abbiegen. Dabei missachtete sie die Vorfahrt einer 21-j\u00e4hrigen Fahrerin eines Hyundais, die auf dem Luisenring in Richtung Parkring unterwegs war. Durch die Kollision kam der Hyundai ins unkontrollierte Schleudern, welches erst im Gleisbett der Stra\u00dfenbahn endete. Die 21-J\u00e4hrige verletzte sich bei dem Unfall leicht und kam zur weiteren Behandlung in ein Krankenhaus. Der Gesamtschaden wird auf 13.000 Euro gesch\u00e4tzt. Der Hyundai musste abgeschleppt werden. Das Polizeirevier Mannheim-Innenstadt \u00fcbernahm die weiteren Unfallermittlungen.<\/p>\n\n\n\n<h2 class=\"wp-block-heading\">(Mannheim) &#8211; Zigarettenautomaten aufgebrochen \/ Zeugen gesucht<\/h2>\n\n\n\n<p>Bislang unbekannte T\u00e4ter brachen am Sonntagvormittag, zwischen 10:10 Uhr und 10:22 Uhr, im Stadtteil Feudenheim zwei Zigarettenautomaten auf. Die in der Andreas-Hofer-Stra\u00dfe und Eberbacher Stra\u00dfe stehenden Automaten wurden jeweils mit einem unbekannten Gegenstand aufgebrochen. Anschlie\u00dfend entwendeten die Unbekannten einen Bargeldbetrag in bislang noch unbekannter H\u00f6he.<\/p>\n\n\n\n<ul>\n<li><strong>Zeugenhinweise nimmt das Polizeirevier Mannheim-K\u00e4fertal, unter der Tel.: 0621\/71849-0, entgegen.<\/strong><\/li>\n<\/ul>\n\n\n\n<h2 class=\"wp-block-heading\">(Mannheim) &#8211; Zwei M\u00e4nner mit Schreckschusswaffen vorl\u00e4ufig festgenommen<\/h2>\n\n\n<div class=\"wp-block-image\">\n<figure class=\"aligncenter size-full\"><img decoding=\"async\" loading=\"lazy\" width=\"800\" height=\"533\" src=\"https:\/\/speyer24news.com\/wp-content\/uploads\/2023\/06\/Waffe-Pistole-Ueberfall.jpg\" alt=\"\" class=\"wp-image-52492\" srcset=\"https:\/\/speyer24news.com\/wp-content\/uploads\/2023\/06\/Waffe-Pistole-Ueberfall.jpg 800w, https:\/\/speyer24news.com\/wp-content\/uploads\/2023\/06\/Waffe-Pistole-Ueberfall-300x200.jpg 300w, https:\/\/speyer24news.com\/wp-content\/uploads\/2023\/06\/Waffe-Pistole-Ueberfall-768x512.jpg 768w\" sizes=\"(max-width: 800px) 100vw, 800px\" \/><\/figure><\/div>\n\n\n<p>Ein 21-J\u00e4hriger und 19-j\u00e4hriger Mann wurden Sonntagfr\u00fch durch Beamtinnen und Beamte des Polizeireviers Mannheim-Innenstadt vorl\u00e4ufig festgenommen, nachdem diese zuvor gegen 02:30 Uhr in den O-Quadraten, die der Waffenverbotszone unterliegen, mit Schreckschusswaffen hantiert haben.<\/p>\n\n\n\n<p>Nachdem die Polizei dahingegen alarmiert wurde, dass zwei M\u00e4nner mit Schreckschusswaffen Sch\u00fcsse abgaben und vorerst Richtung Paradeplatz fl\u00fcchteten, konnten diese von den Einsatzkr\u00e4ften festgestellt und einer Kontrolle unterzogen werden. Die zwei Schreckschusswaffen konnten sichergestellt werden. F\u00fcr weitere polizeiliche Ma\u00dfnahmen wurden beide M\u00e4nner auf das Polizeirevier gebracht. Ein Atemalkoholtest ergab zudem beim 21-J\u00e4hrigen circa 1,0 Promille und beim 19-J\u00e4rhigen fast 0,8 Promille.<\/p>\n\n\n\n<p>Ein Passant erlitt durch die Schussger\u00e4usche starke Schmerzen in Trommelfell, ben\u00f6tigte aber keine \u00e4rztliche Versorgung vor Ort. Dieser sucht in den folgenden Tagen eigenst\u00e4ndig eine Arztpraxis auf.<\/p>\n\n\n\n<p>Die beiden M\u00e4nner wurden nach den Ma\u00dfnahmen wieder entlassen. Das Polizeirevier Mannheim-Innenstadt hat die weiteren Ermittlungen \u00fcbernommen. Die zwei M\u00e4nner erwarten nun unter anderem eine Anzeige wegen schwerer K\u00f6rperverletzung, Versto\u00df gegen die Waffenverbotszone sowie Versto\u00df gegen das Waffengesetzt.<\/p>\n\n\n\n<h2 class=\"wp-block-heading\">(Mannheim) &#8211; Drei Fahrzeuge aufgebrochen \/ Zeugen gesucht<\/h2>\n\n\n\n<p>Zwischen Samstagnachmittag und Sonntagmorgen wurden in der Mannheimer Innenstadt und der Schwetzingerstadt insgesamt die Scheiben dreier Fahrzeuge aufgebrochen. <\/p>\n\n\n\n<p>Im Quadrat R2 schlugen die bisher unbekannten T\u00e4ter am Samstag zwischen 20 und 21 Uhr die hintere Scheibe auf der Fahrerseite ein und entwendeten mehrere Wertgegenst\u00e4nde sowie Bargeld. Der Gesamtschaden liegt im mittleren vierstelligen Bereich. <\/p>\n\n\n\n<p>In einem Parkhaus in N2 zerst\u00f6rten die Unbekannten zwischen Samstag, 16:30 Uhr und Sonntag, 8 Uhr, die hintere Scheibe auf der Beifahrerseite eines BMWs. In diesem Fall wurde aus dem PKW nichts entwendet. <\/p>\n\n\n\n<p>In der Tor\u00e4ckerstra\u00dfe der Schwetzingerstadt brach eine unbekannte T\u00e4terschaft zwischen Samstagabend, 20 Uhr und Sonntag, 0:30 Uhr, einen Mercedes auf, welcher auf einem Parkplatz abgestellt war. Aus dem Auto wurde eine Tasche mit Geldbeutel sowie diverse Kosmetika im Gesamtwert von rund 600 Euro entwendet. <\/p>\n\n\n\n<p>Die Polizei hat in allen F\u00e4llen die Ermittlungen wegen besonders schweren Falls des Diebstahls aufgenommen. <\/p>\n\n\n\n<ul>\n<li><strong>Zeugen, welcher verd\u00e4chtige Beobachtungen gemacht haben, werden gebeten sich an das Polizeirevier Mannheim-Oststadt unter Tel.: 0621\/174-3310 oder an das Polizeirevier Mannheim-Innenstadt unter Tel.: 0621\/1258-0 zu wenden.<\/strong><\/li>\n<\/ul>\n\n\n\n<h2 class=\"wp-block-heading\">(Mannheim) &#8211; Raser gestoppt \/ Zeugen gesucht<\/h2>\n\n\n\n<p>Am Samstagabend gegen 20:15 Uhr stoppte eine Polizeistreife des Polizeireviers Mannheim-Oststadt einen 28-j\u00e4hrigen Tesla-Fahrer, welcher mit deutlich \u00fcberh\u00f6hter Geschwindigkeit am Cahn-Garnier-Ufer entlangraste. Der Mann fiel dem Streifenteam durch dessen r\u00fccksichtsloses und riskantes Fahrverhalten auf und beschleunigte das Fahrzeug immer wieder auf die h\u00f6chstm\u00f6gliche Geschwindigkeit. <\/p>\n\n\n\n<ul>\n<li><strong>Da unklar ist, ob der Mann bereits im Vorfeld weitere Verkehrsteilnehmer gef\u00e4hrdete, sucht das Polizeirevier Mannheim-Oststadt nach Gesch\u00e4digten und bittet diese, sich unter der Telefonnummer 0621\/174-3310 zu melden.<\/strong><\/li>\n<\/ul>\n\n\n\n<h2 class=\"wp-block-heading\">(Mannheim) &#8211; Brennender Unrat f\u00fchrt zu Polizeieinsatz \/ Polizei sucht Zeugen<\/h2>\n\n\n\n<p>Im Laufe des Samstagmorgens wurden zwei Br\u00e4nde im Jungbusch gemeldet. Um kurz nach 06:30 Uhr war in der B\u00f6ckstra\u00dfe Unrat, welcher vor einem Kellerabteil gelagert war, in Brand geraten. Um kurz vor 7 Uhr kam es zu einer Rauchentwicklung in der Beilstra\u00dfe. Hier brannte M\u00fcll in einem Anbau hinter dem eigentlichen Wohngeb\u00e4ude. Eine Gefahr f\u00fcr die Anwohnenden ging durch die kleinen Br\u00e4nde nach derzeitigen Erkenntnissen nicht aus. Ob \u00fcberhaupt ein Schaden entstanden ist, bedarf der weiteren Abkl\u00e4rung. Da die genaue Ursache der Feuer noch nicht klar ist, \u00fcbernahm das Kriminalkommissariat Mannheim die weiteren Ermittlungen.<\/p>\n\n\n\n<ul>\n<li><strong>Zeugen, die sachdienliche Hinweise geben k\u00f6nnen, werden gebeten, sich beim kriminalpolizeilichen Hinweistelefon unter der Telefonnummer 0621\/174-4444 zu melden.<\/strong><\/li>\n<\/ul>\n\n\n\n<h2 class=\"wp-block-heading\">(Heidelberg) &#8211; Reizende Substanz verletzt 15 Sch\u00fcler<\/h2>\n\n\n<div class=\"wp-block-image\">\n<figure class=\"aligncenter size-full\"><img decoding=\"async\" loading=\"lazy\" width=\"800\" height=\"532\" src=\"https:\/\/speyer24news.com\/wp-content\/uploads\/2021\/06\/Unbekannte-Substanz.jpg\" alt=\"\" class=\"wp-image-37729\" srcset=\"https:\/\/speyer24news.com\/wp-content\/uploads\/2021\/06\/Unbekannte-Substanz.jpg 800w, https:\/\/speyer24news.com\/wp-content\/uploads\/2021\/06\/Unbekannte-Substanz-300x200.jpg 300w, https:\/\/speyer24news.com\/wp-content\/uploads\/2021\/06\/Unbekannte-Substanz-768x511.jpg 768w\" sizes=\"(max-width: 800px) 100vw, 800px\" \/><\/figure><\/div>\n\n\n<p>Eine noch unbekannte Substanz verursachte am Montagmittag gegen 12 Uhr im H\u00f6lderlin-Gymnasium in der Pl\u00f6ck Atemwegs- und Hautreizungen bei 15 Kindern. Nachdem bei mehreren Sch\u00fclern entsprechende Symptome auftraten, wurde die Schule, welche von etwa 800 Sch\u00fclern besucht war, ger\u00e4umt. Ein Gro\u00dfaufgebot an Rettungskr\u00e4ften, unter anderem der Gefahrgutzug der Berufsfeuerwehr Heidelberg, befanden sich im Einsatz. W\u00e4hrend der Einsatzma\u00dfnahmen musste die Pl\u00f6ck sowie die Friedrich-Ebert-Anlage auf H\u00f6he des P9 gesperrt werden. Die Feuerwehr entnahm Luftproben, welche derzeit noch untersucht und analysiert werden. Die 15 leicht verletzten Kinder wurden vorsorglich in ein Krankenhaus gebracht. Aufgrund des Vorfalls entschloss sich die Schulleitung dazu, den Schulbetrieb f\u00fcr den restlichen Schultag einzustellen.<\/p>\n\n\n\n<h3 class=\"wp-block-heading has-text-align-center\">Pressemitteilung Nr. 2<\/h3>\n\n\n\n<p>Wie bereits berichtet,&nbsp;<a target=\"_blank\" rel=\"noreferrer noopener\" href=\"https:\/\/www.presseportal.de\/blaulicht\/pm\/14915\/5722486\">www.presseportal.de\/blaulicht\/pm\/14915\/5722486<\/a>, kam es im H\u00f6lderlin-Gymnasium in der Pl\u00f6ck bei 15 Kindern zu Atemwegs- und Hautreizungen. Durch die Feuerwehr wurde vor Ort eine Luftprobe entnommen, welche mittlerweile untersucht wurde. Durch die Analyse wurden keinerlei Stoffe festgestellt, welche f\u00fcr eine derart entsprechende Atemwegsverletzung verantwortlich sein konnte. Die 15 Kinder, die vorsorglich in einem Krankenhaus untersucht wurden, konnten mittlerweile ohne Beschwerden wieder entlassen werden. Die weiteren Ermittlungen wurden durch das Polizeirevier Heidelberg Mitte aufgenommen.<\/p>\n\n\n\n<h2 class=\"wp-block-heading\">(L 531 \/ Heidelberg) &#8211; Fahrzeugbrand<\/h2>\n\n\n\n<p>Aktuell kommt es auf einem Feldweg parallel zur L 531 in Richtung Heidelberg aufgrund eines Fahrzeugbrands zu einem Einsatz von Polizei und der Feuerwehr. \u00dcber die Ursache liegen noch keine Erkenntnisse vor. Der Fahrer ist unverletzt und konnte das Fahrzeug eigenst\u00e4ndig verlassen.<\/p>\n\n\n\n<p>Aufgrund der Einsatzma\u00dfnahmen kann es zu Verkehrsbeeintr\u00e4chtigungen kommen. (<em>26.02.2024 \u2013 08:38<\/em>)<\/p>\n\n\n\n<h2 class=\"wp-block-heading\">(A 5 \/ Heidelberg) &#8211; Rund 30.000 Euro Sachschaden nach Auffahrunfall<\/h2>\n\n\n\n<p>Wom\u00f6glich aufgrund nicht angepasster Geschwindigkeit verursachte ein 23-j\u00e4hriger Fiat-Fahrer am Freitagnachmittag auf der BAB 5 zwischen der Anschlussstelle Dossenheim und dem Autobahnkreuz Heidelberg einen Unfall, bei dem ein 20-J\u00e4hriger leicht verletzt wurde. Als der 23-J\u00e4hrige gegen 16:40 Uhr die linke Fahrspur der BAB 5 entlangfuhr, kollidierte dieser mit dem vorausfahrenden 20-j\u00e4hrigen Audi-Fahrer. Dieser wiederum wurde auf einen ebenfalls vor ihm fahrenden 39-j\u00e4hrigen Jeep-Fahrer aufgeschoben. Durch den Zusammensto\u00df wurde der 20-J\u00e4hrige leicht verletzt. Eine weitere medizinische Versorgung in einem Krankenhaus war jedoch nicht notwendig. Der 23-J\u00e4hrige sowie der 39-J\u00e4hrige blieben unverletzt. Der Audi sowie der Fiat mussten abgeschleppt werden. Insgesamt entstand ein Sachschaden von rund 30.000 Euro. F\u00fcr die Unfallaufnahme mussten der linke und rechte Fahrstreifen gesperrt werden. Der Verkehr konnte \u00fcber den Standstreifen vorbeigeleitet werden.<\/p>\n\n\n\n<h2 class=\"wp-block-heading\">(Sandhausen \/ Rhein-Neckar-Kreis) &#8211; Brand in einem Wohnhaus<\/h2>\n\n\n\n<p>Aus bislang unbekannter Ursache geriet am Montag gegen 11 Uhr das Sofa im Wohnzimmer eines Hauses in der Stra\u00dfe Am Friedhof in Brand. Anschlie\u00dfend griffen die Flammen auf den Rollladenkasten \u00fcber. F\u00fcr die L\u00f6scharbeiten sperrte die Feuerwehr die Waldstra\u00dfe. Die Bewohner konnten sich rechtzeitig ins Freie retten, jedoch verletzte sich eine Person durch eine Rauchgasintoxikation leicht. Die genaue Brandursache ist derzeit noch unklar.<\/p>\n\n\n\n<h2 class=\"wp-block-heading\">(A 5 \/ St. Leon-Rot \/ Rhein-Neckar-Kreis) &#8211; Unfallflucht durch LKW \/ Polizei sucht Zeugen<\/h2>\n\n\n\n<p>Zu einem Beinahezusammensto\u00df zweier LKW kam es in der Nacht von Freitag auf Samstag. Ein 48-J\u00e4hriger war mit einem LKW auf der BAB 5 in Richtung Karlsruhe unterwegs. Ungef\u00e4hr auf der H\u00f6he von St. Leon-Rot wurde er von einem anderen LKW \u00fcberholt. Das andere Fahrzeug scherte um kurz nach Mitternacht so knapp wieder ein, dass der 48-J\u00e4hrige ruckartig nach rechts ausweichen musste, um einen Zusammensto\u00df zu vermeiden. Dabei kam sein LKW nach rechts von der Fahrbahn ab und kollidierte mit mehreren Leitplanken-Elementen. Am Fahrzeug entstand ein Schaden von knapp 4.000 Euro. Die H\u00f6he des Schadens an der Leitplanke ist derzeit nicht bekannt. Eine Beschreibung des Unfallverursachers liegt bislang nicht vor. <\/p>\n\n\n\n<ul>\n<li><strong>Zeugen, die sachdienliche Hinweise geben k\u00f6nnen, werden gebeten, sich bei der Au\u00dfenstelle des Verkehrsdienstes in Walldorf unter der Telefonnummer 06227-35826-0 zu melden.<\/strong><\/li>\n<\/ul>\n\n\n\n<h2 class=\"wp-block-heading\">(Meckesheim \/ Rhein-Neckar-Kreis) &#8211; Vater betrunken mit Sohn im Auto unterwegs<\/h2>\n\n\n\n<p>Am Sonntag gegen 18:30 Uhr stoppten Beamte des Polizeireviers Neckargem\u00fcnd in der Zuzenh\u00e4user Stra\u00dfe einen betrunkenen Opel-Fahrer, welcher mit seinem 10-j\u00e4hrigen Sohn auf der R\u00fcckbank unterwegs war. Der 41-J\u00e4hrige fuhr in eine station\u00e4r eingerichtete Kontrollstelle, wo den Polizisten w\u00e4hrend der Kontrolle der Alkoholgeruch, ausgehend von dem Mann auffiel. Ein Atemalkoholtest best\u00e4tigte schlie\u00dflich den Verdacht. Der 10-j\u00e4hrige Junge wurde vor Ort von der Mutter abgeholt, w\u00e4hrend der 41-J\u00e4hrige auf der Dienststelle eine Blutprobe abgeben musste. Auch den F\u00fchrerschein behielten die Beamten ein.<\/p>\n","protected":false},"excerpt":{"rendered":"<div class=\"mh-excerpt\"><p>Polizeimeldungen vom Montag (26.02.2024) (Speyer) &#8211; Unfall durch berauschten Radfahrer Am Sonntagnachmittag, gegen 16 Uhr fuhr ein 45-j\u00e4hriger Radfahrer in Schlangenlinien im Eselsdamm in Richtung Petschengasse. Er kam ohne \u00e4u\u00dfere Einwirkungen von seiner Fahrbahn auf <a class=\"mh-excerpt-more\" href=\"https:\/\/speyer24news.com\/?p=57971\" title=\"Polizeimeldungen Montag (26.02.24)\">[&#8230;]<\/a><\/p>\n<\/div>","protected":false},"author":3,"featured_media":26162,"comment_status":"open","ping_status":"open","sticky":false,"template":"","format":"standard","meta":{"_monsterinsights_skip_tracking":false,"_monsterinsights_sitenote_active":false,"_monsterinsights_sitenote_note":"","_monsterinsights_sitenote_category":0,"footnotes":""},"categories":[15659],"tags":[7273,7243,7244,10926,13554,350,14537,15084,15267,14538,15361,702,61,2555,14113,6955,6986,6263,63,105,11150,6987,53,13540,16956,4683,14958,9154,12967,102,13626,213,14325,14324,13553,13541,16955,380],"aioseo_notices":[],"amp_enabled":true,"_links":{"self":[{"href":"https:\/\/speyer24news.com\/index.php?rest_route=\/wp\/v2\/posts\/57971"}],"collection":[{"href":"https:\/\/speyer24news.com\/index.php?rest_route=\/wp\/v2\/posts"}],"about":[{"href":"https:\/\/speyer24news.com\/index.php?rest_route=\/wp\/v2\/types\/post"}],"author":[{"embeddable":true,"href":"https:\/\/speyer24news.com\/index.php?rest_route=\/wp\/v2\/users\/3"}],"replies":[{"embeddable":true,"href":"https:\/\/speyer24news.com\/index.php?rest_route=%2Fwp%2Fv2%2Fcomments&post=57971"}],"version-history":[{"count":3,"href":"https:\/\/speyer24news.com\/index.php?rest_route=\/wp\/v2\/posts\/57971\/revisions"}],"predecessor-version":[{"id":58036,"href":"https:\/\/speyer24news.com\/index.php?rest_route=\/wp\/v2\/posts\/57971\/revisions\/58036"}],"wp:featuredmedia":[{"embeddable":true,"href":"https:\/\/speyer24news.com\/index.php?rest_route=\/wp\/v2\/media\/26162"}],"wp:attachment":[{"href":"https:\/\/speyer24news.com\/index.php?rest_route=%2Fwp%2Fv2%2Fmedia&parent=57971"}],"wp:term":[{"taxonomy":"category","embeddable":true,"href":"https:\/\/speyer24news.com\/index.php?rest_route=%2Fwp%2Fv2%2Fcategories&post=57971"},{"taxonomy":"post_tag","embeddable":true,"href":"https:\/\/speyer24news.com\/index.php?rest_route=%2Fwp%2Fv2%2Ftags&post=57971"}],"curies":[{"name":"wp","href":"https:\/\/api.w.org\/{rel}","templated":true}]}}