{"id":58043,"date":"2024-02-27T06:52:57","date_gmt":"2024-02-27T05:52:57","guid":{"rendered":"https:\/\/speyer24news.com\/?p=58043"},"modified":"2024-02-27T06:52:58","modified_gmt":"2024-02-27T05:52:58","slug":"kirchen-12","status":"publish","type":"post","link":"https:\/\/speyer24news.com\/?p=58043","title":{"rendered":"Kirchen"},"content":{"rendered":"<style type=\"text\/css\">\r\n\t.ads_top_disp{}\r\n\t.ads_top_corner_disp{ float:left; margin:0px 10px 10px 0px; }\r\n\t.ads_first_p_disp{}\r\n\t.ads_bottom_disp{}\r\n\t<\/style>\n<h2 class=\"wp-block-heading\">Neue Pfarrerinnen und Pfarrer entsendet<\/h2>\n\n\n\n<h3 class=\"wp-block-heading\">Wort Gottes hat N\u00e4hrkraft<\/h3>\n\n\n<div class=\"wp-block-image\">\n<figure class=\"aligncenter size-full\"><img decoding=\"async\" loading=\"lazy\" width=\"800\" height=\"587\" src=\"https:\/\/speyer24news.com\/wp-content\/uploads\/2024\/02\/20240226-Neue-PfarrerInnen-Foto.jpg\" alt=\"\" class=\"wp-image-58044\" srcset=\"https:\/\/speyer24news.com\/wp-content\/uploads\/2024\/02\/20240226-Neue-PfarrerInnen-Foto.jpg 800w, https:\/\/speyer24news.com\/wp-content\/uploads\/2024\/02\/20240226-Neue-PfarrerInnen-Foto-300x220.jpg 300w, https:\/\/speyer24news.com\/wp-content\/uploads\/2024\/02\/20240226-Neue-PfarrerInnen-Foto-768x564.jpg 768w, https:\/\/speyer24news.com\/wp-content\/uploads\/2024\/02\/20240226-Neue-PfarrerInnen-Foto-80x60.jpg 80w\" sizes=\"(max-width: 800px) 100vw, 800px\" \/><figcaption class=\"wp-element-caption\">In der Dreifaltigkeitskirche (v. links): Marianne Wagner, Philipp Loos, Karin Schwartz, Elisabeth Lang, Ulrich Hofeditz, Sarah Schulze und Dorothee W\u00fcst.<br><em>Foto: Klaus Landry<\/em><\/figcaption><\/figure><\/div>\n\n\n<p><strong>Speyer &#8211;<\/strong> Die Evangelische Kirche der Pfalz hat drei neue Pfarrerinnen und zwei neue Pfarrer entsendet. Kirchenpr\u00e4sidentin Dorothee W\u00fcst sowie Personaldezernentin und Oberkirchenr\u00e4tin Marianne Wagner \u00fcberreichten in einer Feierstunde in der Dreifaltigkeitskirche in Speyer die Urkunden.<\/p>\n\n\n\n<p>Ulrich Hofeditz wird Pfarrer der Kirchengemeinde Schmalenberg im Dekanat Pirmasens, Elisabeth Lang Pfarrerin der Kirchengemeinde Bexbach im Dekanat Homburg. Philipp Loos wird Pfarrer der Kirchengemeinde Waldfischbach im Dekanat Pirmasens, Sarah Schulze \u00fcbernimmt in Lambrecht im Dekanat Neustadt ihre erste Pfarrstelle. Karin Schwartz wird mit einer 50-Prozent-Stelle Pfarrerin zur Dienstleistung im Dekanat An Alsenz und Lauter.<\/p>\n\n\n\n<p>Marianne Wagner rief die Pfarrerinnen und Pfarrer dazu auf, sich die Kraft der Gemeinschaft, die sie auf ihrem Weg erlebt h\u00e4tten, zu bewahren. Sich gegenseitig st\u00e4rken zu k\u00f6nnen, sei ein gro\u00dfer Schatz.<\/p>\n\n\n\n<p>In ihrer Ansprache blickte Dorothee W\u00fcst auf Ambivalenzen in der Versuchung Jesu in der W\u00fcste und assoziierte damit Herausforderungen f\u00fcr die Kirche. N\u00f6tig seien sowohl konkretes diakonisches Handeln als auch das Wort Gottes, das eine N\u00e4hrkraft anderer Art habe. Zur Kirche geh\u00f6rten Werte, \u201enach denen ich mein Leben ausrichten kann\u201c. Gottes Anwesenheit k\u00f6nne man nicht mit vollen Kirchen erzwingen, das Ziel sollte nicht sein, m\u00f6glichst viele Mitglieder zu haben. \u201eUmgekehrt verliert die Welt, wenn wir als Kirchen nichts tun, das Bewusstsein, dass da mit Gott jemand ist, dem wir Vertrauen entgegenbringen k\u00f6nnen\u201c, sagte W\u00fcst.<\/p>\n\n\n\n<p><em>Text: Evangelische Kirche der Pfalz, Florian Riesterer Foto: Klaus Landry<br>26.02.2024<\/em><\/p>\n\n\n\n<h2 class=\"wp-block-heading\">Ausbildung zum Gottesdienstleiter<\/h2>\n\n\n\n<h3 class=\"wp-block-heading\">Dreiteilige Ausbildung von M\u00e4rz bis Mai<\/h3>\n\n\n<div class=\"wp-block-image\">\n<figure class=\"aligncenter size-full\"><img decoding=\"async\" loading=\"lazy\" width=\"800\" height=\"551\" src=\"https:\/\/speyer24news.com\/wp-content\/uploads\/2024\/02\/Gottesdienstleiter.jpg\" alt=\"\" class=\"wp-image-58047\" srcset=\"https:\/\/speyer24news.com\/wp-content\/uploads\/2024\/02\/Gottesdienstleiter.jpg 800w, https:\/\/speyer24news.com\/wp-content\/uploads\/2024\/02\/Gottesdienstleiter-300x207.jpg 300w, https:\/\/speyer24news.com\/wp-content\/uploads\/2024\/02\/Gottesdienstleiter-768x529.jpg 768w\" sizes=\"(max-width: 800px) 100vw, 800px\" \/><\/figure><\/div>\n\n\n<p><strong>Speyer \/ Neustadt &#8211; <\/strong>Christinnen und Christen versammeln sich und treten ein in den Dialog mit Gott und den Menschen untereinander. Sie h\u00f6ren das Wort Gottes, gedenken des Lebens, Leidens und der Auferstehung ihres Herrn Jesus. Damit die Feier der Liturgie in den einzelnen Gemeinden lebendig bleibt, f\u00f6rdert das Bistum Speyer die Vielfalt liturgischer Feierformen in den Gemeinden und damit auch die Ausbildung von\u00a0Gottesdienstleiter:innen. Diese Ausbildung bef\u00e4higt Ehrenamtliche dazu, Gottesdienste zu gestalten und zu leiten.<\/p>\n\n\n\n<p>Am 16. M\u00e4rz startet die dreiteilige Ausbildung unter der Leitung von Clemens Schirmer, Liturgiereferent im Bistum Speyer. An drei Terminen (16.3., 27.4., 18.5.) werden dabei die Grundelemente des Gottesdienstes, wie Verk\u00fcndigungen, Lieder oder Gebete, sowie die Wort-Gottes-Feier am Sonntag behandelt. Nach erfolgreichem Abschluss der Ausbildung erhalten die&nbsp;Teilnehmer:innen&nbsp;eine bisch\u00f6fliche Beauftragung, die ihnen erlaubt, in ihrer Pfarrei bzw. Gemeinde regelm\u00e4\u00dfig Gottesdienste zu leiten.<\/p>\n\n\n\n<h4 class=\"wp-block-heading\"><em>Weitere Informationen gibt es im Flyer zur Veranstaltung. Das Ausbildungskonzept sowie das Anmeldeformular finden sich auf der Website des Bistums Speyer.<\/em><\/h4>\n\n\n\n<div class=\"wp-block-file\"><object class=\"wp-block-file__embed\" data=\"https:\/\/speyer24news.com\/wp-content\/uploads\/2024\/02\/AusbildungGottesdienstleitung2024.flyer_.pdf\" type=\"application\/pdf\" style=\"width:100%;height:600px\" aria-label=\"Einbettung von AusbildungGottesdienstleitung2024.flyer_.\"><\/object><a id=\"wp-block-file--media-d362320d-134b-4f7a-a77e-1c70051c1c7c\" href=\"https:\/\/speyer24news.com\/wp-content\/uploads\/2024\/02\/AusbildungGottesdienstleitung2024.flyer_.pdf\">AusbildungGottesdienstleitung2024.flyer_<\/a><a href=\"https:\/\/speyer24news.com\/wp-content\/uploads\/2024\/02\/AusbildungGottesdienstleitung2024.flyer_.pdf\" class=\"wp-block-file__button wp-element-button\" download aria-describedby=\"wp-block-file--media-d362320d-134b-4f7a-a77e-1c70051c1c7c\">Herunterladen<\/a><\/div>\n\n\n\n<p><em>Bistum Speyer<br>26.02.2024<\/em><\/p>\n\n\n\n<h2 class=\"wp-block-heading\">\u201eEine intensive, spannende und sehr arbeitsreiche Zeit\u201c<\/h2>\n\n\n\n<h3 class=\"wp-block-heading\">Breites Themenspektrum von Satzungs\u00e4nderung bis Synodaler Weg bei der Di\u00f6zesanversammlung am 24. Februar 2024<\/h3>\n\n\n<div class=\"wp-block-image\">\n<figure class=\"aligncenter size-full\"><img decoding=\"async\" loading=\"lazy\" width=\"800\" height=\"600\" src=\"https:\/\/speyer24news.com\/wp-content\/uploads\/2024\/02\/Dioezesanversammlung-24.02.24.jpg\" alt=\"\" class=\"wp-image-58045\" srcset=\"https:\/\/speyer24news.com\/wp-content\/uploads\/2024\/02\/Dioezesanversammlung-24.02.24.jpg 800w, https:\/\/speyer24news.com\/wp-content\/uploads\/2024\/02\/Dioezesanversammlung-24.02.24-300x225.jpg 300w, https:\/\/speyer24news.com\/wp-content\/uploads\/2024\/02\/Dioezesanversammlung-24.02.24-768x576.jpg 768w, https:\/\/speyer24news.com\/wp-content\/uploads\/2024\/02\/Dioezesanversammlung-24.02.24-678x509.jpg 678w, https:\/\/speyer24news.com\/wp-content\/uploads\/2024\/02\/Dioezesanversammlung-24.02.24-326x245.jpg 326w, https:\/\/speyer24news.com\/wp-content\/uploads\/2024\/02\/Dioezesanversammlung-24.02.24-80x60.jpg 80w\" sizes=\"(max-width: 800px) 100vw, 800px\" \/><\/figure><\/div>\n\n\n<p><strong>Ludwigshafen &#8211; <\/strong>Zur 12. und letzten regul\u00e4ren Di\u00f6zesanversammlung dieser Amtszeit lud der Vorstand am 24. Februar in das Heinrich Pesch Haus in Ludwigshafen ein. Eine Vielfalt an Themen stand auf dem Programm, von Strategieprozess \u00fcber Innovation und Transformation bis zur Verabschiedung einer neuen Satzung.<\/p>\n\n\n\n<p>Anl\u00e4sslich des zweiten Jahrestags des russischen Angriffs erinnerte Bischof Dr. Karl-Heinz Wiesemann in seiner Er\u00f6ffnung an den \u201eschrecklichen Beginn dieser aggressiven Invasion\u201c, aber auch an die vielen weiteren Kriege und Konflikte weltweit. Er rief die Mitglieder der Di\u00f6zesanversammlung zu einem Augenblick des Innehaltens und des Gebets auf.<\/p>\n\n\n\n<h4 class=\"wp-block-heading\">Oberkirchenrat Markus J\u00e4ckle von der Evangelischen Landeskirche der Pfalz zu Gast<\/h4>\n\n\n\n<p>Als Gast \u00fcbermittelte Oberkirchenrat Markus J\u00e4ckle Gr\u00fc\u00dfe von der Landeskirche der Pfalz. Er betonte die gemeinsamen Herausforderungen beider Kirchen, beispielsweise die im Rahmen der 6. Kirchenmitgliedschaft-Untersuchung festgestellten Entwicklungen. Glaube und Spiritualit\u00e4t nehmen demnach ab, auch wenn die konfessionellen Grenzen gleichzeitig zunehmend verschwinden. Er betonte: \u201eWir werden neue Wege suchen m\u00fcssen, denn ich finde, unsere Gesellschaft und unsere Welt braucht die Kirche, braucht den Glauben.\u201c In dem Sinne solle man \u201egemeinsam mutig vorangehen\u201c.<\/p>\n\n\n\n<h4 class=\"wp-block-heading\">Vorstellung des Haushalts durch Di\u00f6zesan\u00f6konom Peter Schappert<\/h4>\n\n\n\n<p>\u201eWir als Kirche sind in einer schwierigen wirtschaftlichen Lage, die jetzt Handlungen und Ver\u00e4nderungen erfordert\u201c, er\u00f6ffnete Di\u00f6zesan\u00f6konom Peter Schappert die Vorstellung des Haushalts. Nach einem \u00dcberblick \u00fcber die Entwicklung der Kirchenmitglieder und die einzelnen Posten des Haushalts f\u00fchrte er aus, dass das Bistum aktuell von R\u00fccklagen lebt. Bis sp\u00e4testens 2027 m\u00fcssten die Ausgaben wieder ausgeglichen sein. Die Di\u00f6zesanversammlung sei deshalb unter anderem mit Hilfe des Strategieprozesses beraten worden, Priorit\u00e4ten im Haushaltsplan zu setzen.<\/p>\n\n\n\n<h4 class=\"wp-block-heading\">Neukonzeptionierung der Abteilung Jugendseelsorge im Strategieprozess<\/h4>\n\n\n\n<p>Im Zuge des Strategieprozesses soll die Abteilung Jugendseelsorge und ihre Arbeit neu aufgestellt werden. Abteilungsleiter Thomas Held erkl\u00e4rte, dass daf\u00fcr vier Schwerpunkte gesetzt wurden: Die Pfarreien sollen mehr unterst\u00fctzt, die Kooperation mit Schulen intensiviert werden. Die Katholischen Jugendzentralen wurden auf vier Standorte (Ludwigshafen, Kaiserslautern, Landau, St. Ingbert) zentriert und sollen weiter an die Bed\u00fcrfnisse der Jugendlichen im Bistum angepasst werden. Durch eine Ver\u00e4nderung des Leitungsmodells sowie eine Stellenreduzierung k\u00f6nnen weitere Einsparungen vorgenommen werden.<\/p>\n\n\n\n<h4 class=\"wp-block-heading\">Neue Satzung macht die Arbeit agiler und flexibler<\/h4>\n\n\n\n<p>Bereits zu Beginn der Vollversammlung blickte die Vorsitzende Gabriele Kemper zur\u00fcck auf eine \u201eintensive, spannende und sehr arbeitsreiche Zeit\u201c. Die Mitglieder der Di\u00f6zesanversammlung werden noch bis November im Amt bleiben, ab dann wird \u201eder Charme der Di\u00f6zesanversammlung ein anderer sein\u201c, so Kemper.<\/p>\n\n\n\n<p>In den vergangenen knapp zwei Jahren wurde die bestehende Satzung der Di\u00f6zesanversammlung weiterentwickelt. Durch diese neue Satzung wird die Versammlung in der n\u00e4chsten Amtszeit in ihrer Gesamtzahl halbiert, von aktuell etwa 120 Mitgliedern auf zuk\u00fcnftig circa 60. Dadurch soll die Arbeit agiler und flexibler werden. Die Gremien werden nicht mehr in G\u00e4nze vertreten sein; pastorale kirchliche Handlungsfelder wie Caritas, Kindertagesst\u00e4tten oder Religionsunterricht werden gest\u00e4rkt. In der neuen Zusammensetzung wird die Anzahl der ehrenamtlichen Mitglieder im Vergleich zu den Hauptamtlichen leicht \u00fcberwiegen.<\/p>\n\n\n\n<p>Nach einer lebhaften Diskussion wurde der vorgestellte Satzungsentwurf mit einigen \u00c4nderungen mit gro\u00dfer Mehrheit angenommen. Im weiteren Verlauf der Versammlung wurde zudem der Ausschuss \u201eSynodale Prozesse\u201c gegr\u00fcndet.<\/p>\n\n\n\n<h4 class=\"wp-block-heading\">R\u00fcckblick auf Gespr\u00e4che mit Betroffenenbeirat<\/h4>\n\n\n\n<p>Der stellvertretende Vorsitzende der UAK (Unabh\u00e4ngige Aufarbeitungskommission), Dr. Karl Kunzmann, stellte der Versammlung die Leitthemen der Kommission vor. Er sprach von einer konstruktiven Zusammenarbeit auf Augenh\u00f6he und hob die \u201ebisher sehr gute Aufarbeitung hervor\u201c \u2013 auch wenn es noch einige Aufgaben zu l\u00f6sen g\u00e4be. Klaus&nbsp;Scheunig, Vorstandsmitglied der Di\u00f6zesanversammlung, erinnerte an die Begegnung mit dem Betroffenenbeirat im vergangenen November: \u201eMan kann sagen, dass das der intensivste und auch bedr\u00fcckendste Moment aller bisherigen 11 Di\u00f6zesanversammlungen war.\u201c Das Thema sexueller Missbrauch m\u00fcsse ein fester Bestandteil auch k\u00fcnftiger Versammlungen sein: \u201eEs w\u00e4re Verrat am Evangelium, weiterzumachen wie bisher\u201c, betonte&nbsp;Scheunig.<\/p>\n\n\n\n<p>Generalvikar Magin zeigte sich entschlossen, den Lebensgeschichten der von Missbrauch Betroffenen Raum zu geben. Es sei nicht ausreichend, Missbrauch nur aufzuarbeiten, auch die Kirche selbst m\u00fcsse als vorbildlich sicherer Ort gelten.<\/p>\n\n\n\n<p>Um dem Thema nochmal \u201eRaum und Stimme zu geben\u201c, teilte sich die Versammlung im Anschluss zu gemeinsamen Gespr\u00e4chen in kleine Gruppen auf, um die Begegnungen mit Betroffenen von Missbrauch zu reflektieren.<\/p>\n\n\n\n<h4 class=\"wp-block-heading\">Innovation und Transformation<\/h4>\n\n\n\n<p>Thomas Kiefer, Hauptabteilungsleiter der Seelsorge, stellte weitere Schritte auf dem Weg zu einer missionarischen Kirche vor. Sowohl Transformation als auch Innovation w\u00fcrden dabei eine wichtige Rolle spielen. Als Transformation beschrieb Kiefer die F\u00f6rderung bestehender und gut funktionierender Wege der Glaubensvermittlung, als Innovation bis dato nicht praktizierte Formen. Daf\u00fcr wurden zwei Stellen ausgeschrieben, die in der ebenfalls neu eingerichteten Stabsstelle f\u00fcr Innovation und Transformation den Prozess f\u00f6rdern und begleiten sollen.<\/p>\n\n\n\n<h4 class=\"wp-block-heading\">Abschlie\u00dfender Dank an alle Mitglieder<\/h4>\n\n\n\n<p>In einer abschlie\u00dfenden Fragerunde ging es unter anderem um die Themen Gemeindestrukturen, Ehrenamt, Kita-Tr\u00e4gerstruktur, Klimaschutz und Kommunikationsleitfaden. Zum Ende schloss Gabriele Kemper die Sitzung mit einem gro\u00dfen Dank an alle Ehrenamtlichen: \u201eVier Jahre lang sind wir gemeinsam gewachsen. In teils langen Sitzungen haben wir immer wieder das Gespr\u00e4ch gesucht. Nun gehen wir im Bistum Speyer den synodalen Weg weiter!\u201c<\/p>\n\n\n\n<p>Bischof Wiesemann erg\u00e4nzte: \u201eWir haben gezeigt, dass wir als dieses Gremium gemeinsam die Zukunft unserer Di\u00f6zese gestalten wollen.\u201c Er bezeichnete die Di\u00f6zesanversammlung als \u201egelebte&nbsp;Synodalit\u00e4t, als Teil der L\u00f6sung, nicht des Problems\u201c. Er dankte allen, die sich mit gro\u00dfem Engagement beteiligen; es sei \u201ein dieser schwierigen Zeit nicht selbstverst\u00e4ndlich, gemeinsam Verantwortung zu \u00fcbernehmen.\u201c<\/p>\n\n\n\n<p><em>Text: Bistum Speyer Foto: Marco Fraleoni<br>26.02.2024<\/em><\/p>\n","protected":false},"excerpt":{"rendered":"<div class=\"mh-excerpt\"><p>Neue Pfarrerinnen und Pfarrer entsendet Wort Gottes hat N\u00e4hrkraft Speyer &#8211; Die Evangelische Kirche der Pfalz hat drei neue Pfarrerinnen und zwei neue Pfarrer entsendet. Kirchenpr\u00e4sidentin Dorothee W\u00fcst sowie Personaldezernentin und Oberkirchenr\u00e4tin Marianne Wagner \u00fcberreichten <a class=\"mh-excerpt-more\" href=\"https:\/\/speyer24news.com\/?p=58043\" title=\"Kirchen\">[&#8230;]<\/a><\/p>\n<\/div>","protected":false},"author":3,"featured_media":26096,"comment_status":"open","ping_status":"open","sticky":false,"template":"","format":"standard","meta":{"_monsterinsights_skip_tracking":false,"_monsterinsights_sitenote_active":false,"_monsterinsights_sitenote_note":"","_monsterinsights_sitenote_category":0,"footnotes":""},"categories":[120],"tags":[174,17567,14307,2360,17565,17564,17566,17563,121,4865,13940,7933,9417,6],"aioseo_notices":[],"amp_enabled":true,"_links":{"self":[{"href":"https:\/\/speyer24news.com\/index.php?rest_route=\/wp\/v2\/posts\/58043"}],"collection":[{"href":"https:\/\/speyer24news.com\/index.php?rest_route=\/wp\/v2\/posts"}],"about":[{"href":"https:\/\/speyer24news.com\/index.php?rest_route=\/wp\/v2\/types\/post"}],"author":[{"embeddable":true,"href":"https:\/\/speyer24news.com\/index.php?rest_route=\/wp\/v2\/users\/3"}],"replies":[{"embeddable":true,"href":"https:\/\/speyer24news.com\/index.php?rest_route=%2Fwp%2Fv2%2Fcomments&post=58043"}],"version-history":[{"count":1,"href":"https:\/\/speyer24news.com\/index.php?rest_route=\/wp\/v2\/posts\/58043\/revisions"}],"predecessor-version":[{"id":58048,"href":"https:\/\/speyer24news.com\/index.php?rest_route=\/wp\/v2\/posts\/58043\/revisions\/58048"}],"wp:featuredmedia":[{"embeddable":true,"href":"https:\/\/speyer24news.com\/index.php?rest_route=\/wp\/v2\/media\/26096"}],"wp:attachment":[{"href":"https:\/\/speyer24news.com\/index.php?rest_route=%2Fwp%2Fv2%2Fmedia&parent=58043"}],"wp:term":[{"taxonomy":"category","embeddable":true,"href":"https:\/\/speyer24news.com\/index.php?rest_route=%2Fwp%2Fv2%2Fcategories&post=58043"},{"taxonomy":"post_tag","embeddable":true,"href":"https:\/\/speyer24news.com\/index.php?rest_route=%2Fwp%2Fv2%2Ftags&post=58043"}],"curies":[{"name":"wp","href":"https:\/\/api.w.org\/{rel}","templated":true}]}}