{"id":58064,"date":"2024-02-27T08:47:11","date_gmt":"2024-02-27T07:47:11","guid":{"rendered":"https:\/\/speyer24news.com\/?p=58064"},"modified":"2024-02-27T08:47:12","modified_gmt":"2024-02-27T07:47:12","slug":"kultur-technik-museum-speyer-11","status":"publish","type":"post","link":"https:\/\/speyer24news.com\/?p=58064","title":{"rendered":"Kultur \/ Technik Museum Speyer"},"content":{"rendered":"<style type=\"text\/css\">\r\n\t.ads_top_disp{}\r\n\t.ads_top_corner_disp{ float:left; margin:0px 10px 10px 0px; }\r\n\t.ads_first_p_disp{}\r\n\t.ads_bottom_disp{}\r\n\t<\/style><div class=\"wp-block-image\">\n<figure class=\"aligncenter size-full\"><img decoding=\"async\" loading=\"lazy\" width=\"800\" height=\"602\" src=\"https:\/\/speyer24news.com\/wp-content\/uploads\/2024\/02\/Drehorgelserinade-TMSP-2024-@-Speyer-24-NEWS-1.jpg\" alt=\"\" class=\"wp-image-57998\" srcset=\"https:\/\/speyer24news.com\/wp-content\/uploads\/2024\/02\/Drehorgelserinade-TMSP-2024-@-Speyer-24-NEWS-1.jpg 800w, https:\/\/speyer24news.com\/wp-content\/uploads\/2024\/02\/Drehorgelserinade-TMSP-2024-@-Speyer-24-NEWS-1-300x226.jpg 300w, https:\/\/speyer24news.com\/wp-content\/uploads\/2024\/02\/Drehorgelserinade-TMSP-2024-@-Speyer-24-NEWS-1-768x578.jpg 768w, https:\/\/speyer24news.com\/wp-content\/uploads\/2024\/02\/Drehorgelserinade-TMSP-2024-@-Speyer-24-NEWS-1-678x509.jpg 678w, https:\/\/speyer24news.com\/wp-content\/uploads\/2024\/02\/Drehorgelserinade-TMSP-2024-@-Speyer-24-NEWS-1-326x245.jpg 326w, https:\/\/speyer24news.com\/wp-content\/uploads\/2024\/02\/Drehorgelserinade-TMSP-2024-@-Speyer-24-NEWS-1-80x60.jpg 80w\" sizes=\"(max-width: 800px) 100vw, 800px\" \/><\/figure><\/div>\n\n\n<h2 class=\"wp-block-heading\">Erlebnisf\u00fchrungen f\u00fcr Fans von Fans in der Transall des Technik Museum Speyer am 09. und 10. M\u00e4rz 2024 sowie am 26. Oktober 2024<\/h2>\n\n\n\n<h3 class=\"wp-block-heading\">Mitglieder des Vereins Classic Aviators erkl\u00e4ren die Transall und starten den Motor<\/h3>\n\n\n<div class=\"wp-block-image\">\n<figure class=\"aligncenter size-full\"><img decoding=\"async\" loading=\"lazy\" width=\"800\" height=\"533\" src=\"https:\/\/speyer24news.com\/wp-content\/uploads\/2021\/06\/Transall-im-Technik-Museum-Speyer.jpg\" alt=\"\" class=\"wp-image-37595\" srcset=\"https:\/\/speyer24news.com\/wp-content\/uploads\/2021\/06\/Transall-im-Technik-Museum-Speyer.jpg 800w, https:\/\/speyer24news.com\/wp-content\/uploads\/2021\/06\/Transall-im-Technik-Museum-Speyer-300x200.jpg 300w, https:\/\/speyer24news.com\/wp-content\/uploads\/2021\/06\/Transall-im-Technik-Museum-Speyer-768x512.jpg 768w\" sizes=\"(max-width: 800px) 100vw, 800px\" \/><\/figure><\/div>\n\n\n<p><strong>Speyer &#8211; <\/strong>Als die Transall 2011 in Speyer landete, h\u00e4tte niemand daran gedacht, dass die Maschine jemals wieder startet. Einige Jahre stand das imposante Flugzeug nur als statisches Ausstellungsst\u00fcck im Museumsareal. Doch dann hatten zwei Flugzeugfans eine Idee, die alles \u00e4nderte. Peter Horsch (Classic Aviators) und Markus Willimek (ehemaliger Bordtechniker der Transall) wollten das m\u00e4chtige Flugzeug unbedingt wieder zum Leben erwecken. Gesagt \u2013 getan! \u00dcber mehrere Monate hinweg k\u00fcmmerten sich die beiden Enthusiasten um die \u201eTrall\u201c. Das Ergebnis ihrer Arbeit gab es beim BRAZZELTAG 2019 live zu sehen, zu h\u00f6ren und zu sp\u00fcren. <\/p>\n\n\n<div class=\"wp-block-image\">\n<figure class=\"aligncenter size-full\"><img decoding=\"async\" loading=\"lazy\" width=\"800\" height=\"534\" src=\"https:\/\/speyer24news.com\/wp-content\/uploads\/2024\/02\/Peter-Horsch-von-den-Classic-Aviators-in-der-Transall.jpg\" alt=\"\" class=\"wp-image-58065\" srcset=\"https:\/\/speyer24news.com\/wp-content\/uploads\/2024\/02\/Peter-Horsch-von-den-Classic-Aviators-in-der-Transall.jpg 800w, https:\/\/speyer24news.com\/wp-content\/uploads\/2024\/02\/Peter-Horsch-von-den-Classic-Aviators-in-der-Transall-300x200.jpg 300w, https:\/\/speyer24news.com\/wp-content\/uploads\/2024\/02\/Peter-Horsch-von-den-Classic-Aviators-in-der-Transall-768x513.jpg 768w\" sizes=\"(max-width: 800px) 100vw, 800px\" \/><\/figure><\/div>\n\n\n<p>\u201eEs war ein Erlebnis f\u00fcr alle Sinne und ein Muss f\u00fcr jeden Flugzeug-Fan. Wo sonst kommt man in den Genuss den Start des Motors einer Transall hautnah zu erleben\u201c, schw\u00e4rmt Peter Horsch. Seitdem sind die Flugzeugfans regelm\u00e4\u00dfig f\u00fcr das Museum im Einsatz. \u201eDie Leute interessieren sich sehr f\u00fcr diese Maschine. Der Zuspruch ist enorm und bei all unseren Terminen sind immer viele Fans aller Altersklassen da, um sich das Flugzeug anzusehen. Daher kommen wir immer wieder gern ins Technik Museum Speyer\u201c, berichtet Willimek. Max Knierer (ehemaliger Hydrauliktechniker der Transall) ist mittlerweile ebenfalls festes Mitglied der Transall-Museums-Crew. Nicht nur durch seinen tatkr\u00e4ftigen Einsatz bei der Instandhaltung der Maschine, auch bei den Erlebnisf\u00fchrungen selbst ist Knierer nicht mehr wegzudenken und beantwortet mit ansteckender Begeisterung die zahlreichen Besucherfragen. Das gesamte Team bietet <strong>am 09. und 10. M\u00e4rz 2024 sowie am 26. Oktober 2024 Erlebnis-F\u00fchrungen<\/strong> an. Der Motor wird jeweils um 11 Uhr und um 16 Uhr gestartet. Ein regul\u00e4res Tagesticket des Technik Museum Speyer gen\u00fcgt zur Teilnahme an den F\u00fchrungen. Eine Reservierung ist nicht erforderlich. <\/p>\n\n\n\n<h4 class=\"wp-block-heading\"><em>Informationen zu den F\u00fchrungen sind unter\u00a0<a href=\"https:\/\/deref-web.de\/mail\/client\/ZpkeSANXWwE\/dereferrer\/?redirectUrl=http%3A%2F%2Fwww.technik-museum.de%2Ftransall\" target=\"_blank\" rel=\"noreferrer noopener\">www.technik-museum.de\/transall<\/a>\u00a0zu finden.<\/em><\/h4>\n\n\n\n<h3 class=\"wp-block-heading\">Infos zur Transall C 160<\/h3>\n\n\n<div class=\"wp-block-image\">\n<figure class=\"aligncenter size-full\"><img decoding=\"async\" loading=\"lazy\" width=\"800\" height=\"534\" src=\"https:\/\/speyer24news.com\/wp-content\/uploads\/2024\/02\/Transall-mit-geoeffneten-Tueren-im-Technik-Museum-Speyer.jpg\" alt=\"\" class=\"wp-image-58066\" srcset=\"https:\/\/speyer24news.com\/wp-content\/uploads\/2024\/02\/Transall-mit-geoeffneten-Tueren-im-Technik-Museum-Speyer.jpg 800w, https:\/\/speyer24news.com\/wp-content\/uploads\/2024\/02\/Transall-mit-geoeffneten-Tueren-im-Technik-Museum-Speyer-300x200.jpg 300w, https:\/\/speyer24news.com\/wp-content\/uploads\/2024\/02\/Transall-mit-geoeffneten-Tueren-im-Technik-Museum-Speyer-768x513.jpg 768w\" sizes=\"(max-width: 800px) 100vw, 800px\" \/><\/figure><\/div>\n\n\n<p>2011 wurden erstmals Transportflugzeuge der Deutschen Luftwaffe vom Typ Transall C 160 ausgemustert. Tausende Soldaten lernten das robuste Flugzeug als zuverl\u00e4ssiges Transportmittel kennen. Die erste Maschine die ausgemustert wurde landete am Dienstag, 12. April 2011 um 8.45 Uhr auf dem Flugplatz Speyer und wurde Teil der gro\u00dfen Luftfahrtausstellung der Technik Museen Sinsheim und Speyer. Ende der f\u00fcnfziger und Anfang der sechziger Jahre wurde von der Bundesluftwaffe und der franz\u00f6sischen Luftwaffe ein taktisches Transportflugzeug ben\u00f6tigt. Die Entwicklung des robusten Flugzeugs lag in den H\u00e4nden von den Vereinigten Flugtechnischen Werken Bremen, dem Hamburger Flugzeugbau und der franz\u00f6sischen Firma Nord Aviation. Der erste von drei Prototypen flog im Februar 1963. Die deutsche Luftwaffe erhielt ihre erste Maschine am 30. April 1968. Weitere 110 Transall Flugzeuge folgten und l\u00f6sten die davor genutzte \u201eNoratlas\u201c Nord 2501 ab. Beim Personentransport stehen 93 Sitzpl\u00e4tze zur Verf\u00fcgung. Beim Kranken- bzw. Verwundetentransport haben 62 Krankentragen und vier Betreuer Platz. Dazu kommen jeweils f\u00fcnf Mann Besatzung. Es k\u00f6nnen 16.000 kg zugeladen werden. Fahrzeuge haben die M\u00f6glichkeit \u00fcber die hintere Laderampe direkt in das Flugzeug zu fahren. Die Transall ist ein freitragender Schulterdecker mit 40 m L\u00e4nge, einer Spannweite von 40 Metern und einer H\u00f6he von 12,3 Metern. Der Antrieb der beiden Vierblattschrauben mit einem Durchmesser von 5,4 Metern erfolgt durch zwei Rolls-Royce-Triebwerke mit einer Nennleistung von je 5747 PS. Die mittlere Reisegeschwindigkeit betr\u00e4gt 490 km\/h, die H\u00f6chstgeschwindigkeit 520 km\/h. Die Steigleistung liegt bei 8 m\/s. Die Maschine erreicht eine Dienstgipfelh\u00f6he von etwa 30.000 Fu\u00df.<\/p>\n\n\n\n<h3 class=\"wp-block-heading\">Sehen Sie hier unseren Kurzclip anl\u00e4sslich des Turbinenstarts der Transall beim Brazzeltag 2019:<\/h3>\n\n\n\n<figure class=\"wp-block-embed aligncenter is-type-video is-provider-youtube wp-block-embed-youtube wp-embed-aspect-16-9 wp-has-aspect-ratio\"><div class=\"wp-block-embed__wrapper\">\n<iframe loading=\"lazy\" title=\"Transall Turbinenstart anl\u00e4sslich des Brazzeltages 2019\" width=\"500\" height=\"281\" src=\"https:\/\/www.youtube.com\/embed\/_wluD4bvdXA?feature=oembed\" frameborder=\"0\" allow=\"accelerometer; autoplay; clipboard-write; encrypted-media; gyroscope; picture-in-picture; web-share\" allowfullscreen><\/iframe>\n<\/div><\/figure>\n\n\n\n<p><em>Text &amp; Foto: Technik Museen Sinsheim Speyer Video: Speyer 24 NEWS<br>13.02.2024<\/em><\/p>\n","protected":false},"excerpt":{"rendered":"<div class=\"mh-excerpt\"><p>Erlebnisf\u00fchrungen f\u00fcr Fans von Fans in der Transall des Technik Museum Speyer am 09. und 10. M\u00e4rz 2024 sowie am 26. Oktober 2024 Mitglieder des Vereins Classic Aviators erkl\u00e4ren die Transall und starten den Motor <a class=\"mh-excerpt-more\" href=\"https:\/\/speyer24news.com\/?p=58064\" title=\"Kultur \/ Technik Museum Speyer\">[&#8230;]<\/a><\/p>\n<\/div>","protected":false},"author":3,"featured_media":33809,"comment_status":"open","ping_status":"open","sticky":false,"template":"","format":"standard","meta":{"_monsterinsights_skip_tracking":false,"_monsterinsights_sitenote_active":false,"_monsterinsights_sitenote_note":"","_monsterinsights_sitenote_category":0,"footnotes":""},"categories":[14],"tags":[17576,17577,577,2200,8446,6,133,5880,12036,12035,17574,17575],"aioseo_notices":[],"amp_enabled":true,"_links":{"self":[{"href":"https:\/\/speyer24news.com\/index.php?rest_route=\/wp\/v2\/posts\/58064"}],"collection":[{"href":"https:\/\/speyer24news.com\/index.php?rest_route=\/wp\/v2\/posts"}],"about":[{"href":"https:\/\/speyer24news.com\/index.php?rest_route=\/wp\/v2\/types\/post"}],"author":[{"embeddable":true,"href":"https:\/\/speyer24news.com\/index.php?rest_route=\/wp\/v2\/users\/3"}],"replies":[{"embeddable":true,"href":"https:\/\/speyer24news.com\/index.php?rest_route=%2Fwp%2Fv2%2Fcomments&post=58064"}],"version-history":[{"count":1,"href":"https:\/\/speyer24news.com\/index.php?rest_route=\/wp\/v2\/posts\/58064\/revisions"}],"predecessor-version":[{"id":58067,"href":"https:\/\/speyer24news.com\/index.php?rest_route=\/wp\/v2\/posts\/58064\/revisions\/58067"}],"wp:featuredmedia":[{"embeddable":true,"href":"https:\/\/speyer24news.com\/index.php?rest_route=\/wp\/v2\/media\/33809"}],"wp:attachment":[{"href":"https:\/\/speyer24news.com\/index.php?rest_route=%2Fwp%2Fv2%2Fmedia&parent=58064"}],"wp:term":[{"taxonomy":"category","embeddable":true,"href":"https:\/\/speyer24news.com\/index.php?rest_route=%2Fwp%2Fv2%2Fcategories&post=58064"},{"taxonomy":"post_tag","embeddable":true,"href":"https:\/\/speyer24news.com\/index.php?rest_route=%2Fwp%2Fv2%2Ftags&post=58064"}],"curies":[{"name":"wp","href":"https:\/\/api.w.org\/{rel}","templated":true}]}}