{"id":58118,"date":"2024-02-28T16:37:47","date_gmt":"2024-02-28T15:37:47","guid":{"rendered":"https:\/\/speyer24news.com\/?p=58118"},"modified":"2024-02-28T16:37:49","modified_gmt":"2024-02-28T15:37:49","slug":"wilhelma-zoologisch-botanischer-garten-stuttgart-36","status":"publish","type":"post","link":"https:\/\/speyer24news.com\/?p=58118","title":{"rendered":"Wilhelma &#8211; Zoologisch-Botanischer Garten Stuttgart"},"content":{"rendered":"<style type=\"text\/css\">\r\n\t.ads_top_disp{}\r\n\t.ads_top_corner_disp{ float:left; margin:0px 10px 10px 0px; }\r\n\t.ads_first_p_disp{}\r\n\t.ads_bottom_disp{}\r\n\t<\/style><div class=\"wp-block-image\">\n<figure class=\"aligncenter size-full\"><img decoding=\"async\" loading=\"lazy\" width=\"800\" height=\"600\" src=\"https:\/\/speyer24news.com\/wp-content\/uploads\/2020\/09\/IMG_20200828_112835.jpg\" alt=\"\" class=\"wp-image-30180\" srcset=\"https:\/\/speyer24news.com\/wp-content\/uploads\/2020\/09\/IMG_20200828_112835.jpg 800w, https:\/\/speyer24news.com\/wp-content\/uploads\/2020\/09\/IMG_20200828_112835-300x225.jpg 300w, https:\/\/speyer24news.com\/wp-content\/uploads\/2020\/09\/IMG_20200828_112835-768x576.jpg 768w, https:\/\/speyer24news.com\/wp-content\/uploads\/2020\/09\/IMG_20200828_112835-678x509.jpg 678w, https:\/\/speyer24news.com\/wp-content\/uploads\/2020\/09\/IMG_20200828_112835-326x245.jpg 326w, https:\/\/speyer24news.com\/wp-content\/uploads\/2020\/09\/IMG_20200828_112835-80x60.jpg 80w\" sizes=\"(max-width: 800px) 100vw, 800px\" \/><\/figure><\/div>\n\n\n<h2 class=\"wp-block-heading\">Ein hohes Tier zieht an den Neckar<\/h2>\n\n\n\n<h3 class=\"wp-block-heading\">Giraffenbulle Tilodi\u00a0neu in der Wilhelma<\/h3>\n\n\n<div class=\"wp-block-image\">\n<figure class=\"aligncenter size-full\"><img decoding=\"async\" loading=\"lazy\" width=\"800\" height=\"533\" src=\"https:\/\/speyer24news.com\/wp-content\/uploads\/2024\/02\/KW-09a-Giraffenbulle-Tilodi-26.02.2024-Bild-1.jpg\" alt=\"\" class=\"wp-image-58128\" srcset=\"https:\/\/speyer24news.com\/wp-content\/uploads\/2024\/02\/KW-09a-Giraffenbulle-Tilodi-26.02.2024-Bild-1.jpg 800w, https:\/\/speyer24news.com\/wp-content\/uploads\/2024\/02\/KW-09a-Giraffenbulle-Tilodi-26.02.2024-Bild-1-300x200.jpg 300w, https:\/\/speyer24news.com\/wp-content\/uploads\/2024\/02\/KW-09a-Giraffenbulle-Tilodi-26.02.2024-Bild-1-768x512.jpg 768w\" sizes=\"(max-width: 800px) 100vw, 800px\" \/><figcaption class=\"wp-element-caption\">Der Giraffenbulle Tilodi ist neu in der Wilhelma<br><em>Foto:\u00a0Wilhelma Stuttgart \/ Birger Meierjohann<\/em><\/figcaption><\/figure><\/div>\n\n\n<p>Die Giraffendamen der Wilhelma haben wieder m\u00e4nnliche Gesellschaft: Ende Februar 2024 ist der 2022 in Kopenhagen geborene Netzgiraffenbulle Tilodi im Zoologisch-Botanischen Garten Stuttgart eingezogen. Bisher bestand die Netzgiraffengruppe in der Wilhelma aus drei Weibchen: Der sieben Jahre alten Sala, der elfj\u00e4hrigen Lindani und der bereits 23 Jahre alten Nyiri.<\/p>\n\n\n<div class=\"wp-block-image\">\n<figure class=\"aligncenter size-full\"><img decoding=\"async\" loading=\"lazy\" width=\"800\" height=\"533\" src=\"https:\/\/speyer24news.com\/wp-content\/uploads\/2024\/02\/KW-09a-Giraffenbulle-Tilodi-26.02.2024-Bild-2.jpg\" alt=\"\" class=\"wp-image-58132\" srcset=\"https:\/\/speyer24news.com\/wp-content\/uploads\/2024\/02\/KW-09a-Giraffenbulle-Tilodi-26.02.2024-Bild-2.jpg 800w, https:\/\/speyer24news.com\/wp-content\/uploads\/2024\/02\/KW-09a-Giraffenbulle-Tilodi-26.02.2024-Bild-2-300x200.jpg 300w, https:\/\/speyer24news.com\/wp-content\/uploads\/2024\/02\/KW-09a-Giraffenbulle-Tilodi-26.02.2024-Bild-2-768x512.jpg 768w\" sizes=\"(max-width: 800px) 100vw, 800px\" \/><figcaption class=\"wp-element-caption\">Tilodi erkundet sein neues Zuhause<br><em>Foto:\u00a0Wilhelma Stuttgart \/ Birger Meierjohann<\/em><\/figcaption><\/figure><\/div>\n\n\n<p>Bei der Netzgiraffe handelt es sich um eine seltene Unterart der Nordgiraffe. Ihr Verbreitungsgebiet ist auf die Dornbuschsavannen im Norden Kenias und angrenzende Regionen in \u00c4thiopien und Somalia beschr\u00e4nkt. Die Weltnaturschutzorganisation IUCN geht dort von nur noch 15.000 Tieren aus \u2013 bei abnehmender Tendenz: Der Bestand ist in den letzten 30 Jahren um 56 % gesunken. Wilderei und Lebensraumverlust sind die Hauptgr\u00fcnde, warum die Netzgiraffe in ihrer ostafrikanischen Heimat als bedroht gilt und sie fast nur noch in Schutzgebieten vorkommt.<\/p>\n\n\n<div class=\"wp-block-image\">\n<figure class=\"aligncenter size-full\"><img decoding=\"async\" loading=\"lazy\" width=\"800\" height=\"533\" src=\"https:\/\/speyer24news.com\/wp-content\/uploads\/2024\/02\/KW-09a-Giraffenbulle-Tilodi-26.02.2024-Bild-5.jpg\" alt=\"\" class=\"wp-image-58129\" srcset=\"https:\/\/speyer24news.com\/wp-content\/uploads\/2024\/02\/KW-09a-Giraffenbulle-Tilodi-26.02.2024-Bild-5.jpg 800w, https:\/\/speyer24news.com\/wp-content\/uploads\/2024\/02\/KW-09a-Giraffenbulle-Tilodi-26.02.2024-Bild-5-300x200.jpg 300w, https:\/\/speyer24news.com\/wp-content\/uploads\/2024\/02\/KW-09a-Giraffenbulle-Tilodi-26.02.2024-Bild-5-768x512.jpg 768w\" sizes=\"(max-width: 800px) 100vw, 800px\" \/><figcaption class=\"wp-element-caption\">Erste Kontakte mit Giraffendame Lindani<br><em>Foto:\u00a0Wilhelma Stuttgart \/ Birger Meierjohann<\/em><\/figcaption><\/figure><\/div>\n\n\n<p>Die Wilhelma hat eine lange Erfahrung in der Haltung von Netzgiraffen: Schon seit 1951 begeistern hier die langh\u00e4lsigen Publikumslieblinge die Besucher*innen. Von 1970 bis 2015 kamen in der Wilhelma rund 40 Giraffenk\u00e4lber zur Welt und trugen ma\u00dfgeblich zum Aufbau einer stabilen Reservepopulation in menschlicher Obhut bei.\u00a0Nachdem der Zuchtbulle Hanck 2021 verstarb, gab es in der Wilhelma zeitweise keinen Giraffennachwuchs. Umso gr\u00f6\u00dfer sind die Erwartungen, dass Tilodi zuk\u00fcnftig im Rahmen des Ex-Situ Zuchtprogramms des Europ\u00e4ischen Zooverbandes EAZA f\u00fcr Nachkommen sorgen wird. Noch m\u00fcssen sich die Besucher*innen der Wilhelma damit aber etwas gedulden. Huftier-Kuratorin Dr. Ulrike Rademacher erkl\u00e4rt: \u201eTilodi ist 20 Monate alt und kommt gerade erst in die Pubert\u00e4t. Wir hoffen aber, dass er nach Einsetzen der Geschlechtsreife der neue Zuchtbulle der Wilhelma wird.\u201c<\/p>\n\n\n\n<figure class=\"wp-block-gallery has-nested-images columns-default is-cropped wp-block-gallery-1 is-layout-flex wp-block-gallery-is-layout-flex\">\n<figure class=\"wp-block-image size-large\"><img decoding=\"async\" loading=\"lazy\" width=\"800\" height=\"533\" data-id=\"58128\" src=\"https:\/\/speyer24news.com\/wp-content\/uploads\/2024\/02\/KW-09a-Giraffenbulle-Tilodi-26.02.2024-Bild-1.jpg\" alt=\"\" class=\"wp-image-58128\" srcset=\"https:\/\/speyer24news.com\/wp-content\/uploads\/2024\/02\/KW-09a-Giraffenbulle-Tilodi-26.02.2024-Bild-1.jpg 800w, https:\/\/speyer24news.com\/wp-content\/uploads\/2024\/02\/KW-09a-Giraffenbulle-Tilodi-26.02.2024-Bild-1-300x200.jpg 300w, https:\/\/speyer24news.com\/wp-content\/uploads\/2024\/02\/KW-09a-Giraffenbulle-Tilodi-26.02.2024-Bild-1-768x512.jpg 768w\" sizes=\"(max-width: 800px) 100vw, 800px\" \/><\/figure>\n\n\n\n<figure class=\"wp-block-image size-large\"><img decoding=\"async\" loading=\"lazy\" width=\"800\" height=\"533\" data-id=\"58132\" src=\"https:\/\/speyer24news.com\/wp-content\/uploads\/2024\/02\/KW-09a-Giraffenbulle-Tilodi-26.02.2024-Bild-2.jpg\" alt=\"\" class=\"wp-image-58132\" srcset=\"https:\/\/speyer24news.com\/wp-content\/uploads\/2024\/02\/KW-09a-Giraffenbulle-Tilodi-26.02.2024-Bild-2.jpg 800w, https:\/\/speyer24news.com\/wp-content\/uploads\/2024\/02\/KW-09a-Giraffenbulle-Tilodi-26.02.2024-Bild-2-300x200.jpg 300w, https:\/\/speyer24news.com\/wp-content\/uploads\/2024\/02\/KW-09a-Giraffenbulle-Tilodi-26.02.2024-Bild-2-768x512.jpg 768w\" sizes=\"(max-width: 800px) 100vw, 800px\" \/><\/figure>\n\n\n\n<figure class=\"wp-block-image size-large\"><img decoding=\"async\" loading=\"lazy\" width=\"800\" height=\"533\" data-id=\"58130\" src=\"https:\/\/speyer24news.com\/wp-content\/uploads\/2024\/02\/KW-09a-Giraffenbulle-Tilodi-26.02.2024-Bild-3.jpg\" alt=\"\" class=\"wp-image-58130\" srcset=\"https:\/\/speyer24news.com\/wp-content\/uploads\/2024\/02\/KW-09a-Giraffenbulle-Tilodi-26.02.2024-Bild-3.jpg 800w, https:\/\/speyer24news.com\/wp-content\/uploads\/2024\/02\/KW-09a-Giraffenbulle-Tilodi-26.02.2024-Bild-3-300x200.jpg 300w, https:\/\/speyer24news.com\/wp-content\/uploads\/2024\/02\/KW-09a-Giraffenbulle-Tilodi-26.02.2024-Bild-3-768x512.jpg 768w\" sizes=\"(max-width: 800px) 100vw, 800px\" \/><\/figure>\n\n\n\n<figure class=\"wp-block-image size-large\"><img decoding=\"async\" loading=\"lazy\" width=\"800\" height=\"533\" data-id=\"58131\" src=\"https:\/\/speyer24news.com\/wp-content\/uploads\/2024\/02\/KW-09a-Giraffenbulle-Tilodi-26.02.2024-Bild-4.jpg\" alt=\"\" class=\"wp-image-58131\" srcset=\"https:\/\/speyer24news.com\/wp-content\/uploads\/2024\/02\/KW-09a-Giraffenbulle-Tilodi-26.02.2024-Bild-4.jpg 800w, https:\/\/speyer24news.com\/wp-content\/uploads\/2024\/02\/KW-09a-Giraffenbulle-Tilodi-26.02.2024-Bild-4-300x200.jpg 300w, https:\/\/speyer24news.com\/wp-content\/uploads\/2024\/02\/KW-09a-Giraffenbulle-Tilodi-26.02.2024-Bild-4-768x512.jpg 768w\" sizes=\"(max-width: 800px) 100vw, 800px\" \/><\/figure>\n\n\n\n<figure class=\"wp-block-image size-large\"><img decoding=\"async\" loading=\"lazy\" width=\"800\" height=\"533\" data-id=\"58129\" src=\"https:\/\/speyer24news.com\/wp-content\/uploads\/2024\/02\/KW-09a-Giraffenbulle-Tilodi-26.02.2024-Bild-5.jpg\" alt=\"\" class=\"wp-image-58129\" srcset=\"https:\/\/speyer24news.com\/wp-content\/uploads\/2024\/02\/KW-09a-Giraffenbulle-Tilodi-26.02.2024-Bild-5.jpg 800w, https:\/\/speyer24news.com\/wp-content\/uploads\/2024\/02\/KW-09a-Giraffenbulle-Tilodi-26.02.2024-Bild-5-300x200.jpg 300w, https:\/\/speyer24news.com\/wp-content\/uploads\/2024\/02\/KW-09a-Giraffenbulle-Tilodi-26.02.2024-Bild-5-768x512.jpg 768w\" sizes=\"(max-width: 800px) 100vw, 800px\" \/><\/figure>\n<\/figure>\n\n\n\n<p><em>Text: Wilhelma &#8211; Zoologisch-Botanischer Garten Stuttgart Foto:\u00a0Wilhelma Stuttgart \/ Birger Meierjohann<br>26.02.2024<\/em><\/p>\n\n\n\n<h2 class=\"wp-block-heading\">Sonderausstellung im Wintergarten<\/h2>\n\n\n\n<h3 class=\"wp-block-heading\">Sauer macht lustig: Die Zitrusschau in der Wilhelma startet<\/h3>\n\n\n<div class=\"wp-block-image\">\n<figure class=\"aligncenter size-full\"><img decoding=\"async\" loading=\"lazy\" width=\"500\" height=\"750\" src=\"https:\/\/speyer24news.com\/wp-content\/uploads\/2024\/02\/KW08b-Zitrusschau-22.02.2024-Bild-01.jpg\" alt=\"\" class=\"wp-image-58137\" srcset=\"https:\/\/speyer24news.com\/wp-content\/uploads\/2024\/02\/KW08b-Zitrusschau-22.02.2024-Bild-01.jpg 500w, https:\/\/speyer24news.com\/wp-content\/uploads\/2024\/02\/KW08b-Zitrusschau-22.02.2024-Bild-01-200x300.jpg 200w\" sizes=\"(max-width: 500px) 100vw, 500px\" \/><figcaption class=\"wp-element-caption\">Die Zitrusschau in der Wilhelma pr\u00e4sentiert zahlreiche Zitrusgew\u00e4chse und ihre Fr\u00fcchte.<br><em>Foto:\u00a0Wilhelma Stuttgart \/ Birger Meierjohann<\/em><\/figcaption><\/figure><\/div>\n\n\n<p>Seit dem 22. Februar 2024 liegt im Wintergarten in der Historischen Gew\u00e4chshauszeile der Wilhelma wieder ein fruchtig-frisches Aroma in der Luft: Die 15. allj\u00e4hrliche Zitrusschau hat begonnen. Bis Ostern werden mehr als 25 Arten und Sorten an Zitruspflanzen pr\u00e4sentiert \u2013 von den Ovalen Kumquats mit ihren nur wenige Zentimeter langen Fr\u00fcchten bis hin zu zwei Kilogramm schweren Pampelmusen.<\/p>\n\n\n<div class=\"wp-block-image\">\n<figure class=\"aligncenter size-full\"><img decoding=\"async\" loading=\"lazy\" width=\"800\" height=\"533\" src=\"https:\/\/speyer24news.com\/wp-content\/uploads\/2024\/02\/KW08b-Zitrusschau_Birnenfoermige-Zitronat-Zitrone-2024-02-22-Bild-02.jpg\" alt=\"\" class=\"wp-image-58135\" srcset=\"https:\/\/speyer24news.com\/wp-content\/uploads\/2024\/02\/KW08b-Zitrusschau_Birnenfoermige-Zitronat-Zitrone-2024-02-22-Bild-02.jpg 800w, https:\/\/speyer24news.com\/wp-content\/uploads\/2024\/02\/KW08b-Zitrusschau_Birnenfoermige-Zitronat-Zitrone-2024-02-22-Bild-02-300x200.jpg 300w, https:\/\/speyer24news.com\/wp-content\/uploads\/2024\/02\/KW08b-Zitrusschau_Birnenfoermige-Zitronat-Zitrone-2024-02-22-Bild-02-768x512.jpg 768w\" sizes=\"(max-width: 800px) 100vw, 800px\" \/><figcaption class=\"wp-element-caption\">Zitronatzitronen kamen schon zur Zeit von Alexander dem Gro\u00dfen in den Mittelmeerraum.<br><em>Foto:\u00a0Wilhelma Stuttgart \/ Birger Meierjohann<\/em><\/figcaption><\/figure><\/div>\n\n\n<p>Zitruspflanzen geh\u00f6ren zu den Rautengew\u00e4chsen und kommen weltweit in 28 Arten und mehreren Hundert Sorten vor. Ihr Ursprung liegt im Osten Asiens. In China kultivierte man die ersten Sorten bereits vor mehr als 4.000 Jahren. Die Zitronatzitrone war die erste Zitrusfrucht, die w\u00e4hrend der Eroberungsz\u00fcge von Alexander dem Gro\u00dfen von Persien aus in den Mittelmeerraum gebracht wurde \u2013 heute eines der bedeutendsten Anbaugebiete zahlreicher Zitrusarten. Die bitteren Fr\u00fcchte der Zitronatzitrone sind zwar nicht essbar, allerdings verwendete man ihre \u00e4therischen \u00d6le schon in der Antike f\u00fcr die Herstellung von Parf\u00fcm, Medikamenten und als Insektenschutz. Als schmackhaftes Obst kamen Zitrusfr\u00fcchte erst im 15. Jahrhundert in Form s\u00fc\u00dfer Orangen nach Europa. Die Einsatzm\u00f6glichkeiten der zahlreichen Zitrusarten und Sorten sind vielf\u00e4ltig: Die Echte Limette bringt beispielsweise die frische Note in Cocktails wie den Mojito. Die Bl\u00e4tter der Kaffir-Limette, f\u00fcr deren runzlige und saftarme Fr\u00fcchte es kaum Verwendung gibt, sind in der asiatischen K\u00fcche ein begehrtes Gew\u00fcrz. Die Gefurchte Pomeranze, eine Variante der Bitterorange, ist als rohe Frucht kaum genie\u00dfbar \u2013 aber umso schmackhafter als Marmelade. Einen ungew\u00f6hnlich klingenden Namen tr\u00e4gt die Deutsche Landsknechthose: Die Schale dieser seltenen, bereits im 16. Jahrhundert gez\u00fcchteten Bitterorangen-Sorte ist orange-gelb gestreift und erinnert damit an die namensgebende Tracht, die heute noch zur Uniform der Vatikan-Garde geh\u00f6rt.<\/p>\n\n\n<div class=\"wp-block-image\">\n<figure class=\"aligncenter size-full\"><img decoding=\"async\" loading=\"lazy\" width=\"800\" height=\"533\" src=\"https:\/\/speyer24news.com\/wp-content\/uploads\/2024\/02\/KW08b-Zitrusschau_Gefurchte-Pomeranze-2024-02-22-Bild-03.jpg\" alt=\"\" class=\"wp-image-58134\" srcset=\"https:\/\/speyer24news.com\/wp-content\/uploads\/2024\/02\/KW08b-Zitrusschau_Gefurchte-Pomeranze-2024-02-22-Bild-03.jpg 800w, https:\/\/speyer24news.com\/wp-content\/uploads\/2024\/02\/KW08b-Zitrusschau_Gefurchte-Pomeranze-2024-02-22-Bild-03-300x200.jpg 300w, https:\/\/speyer24news.com\/wp-content\/uploads\/2024\/02\/KW08b-Zitrusschau_Gefurchte-Pomeranze-2024-02-22-Bild-03-768x512.jpg 768w\" sizes=\"(max-width: 800px) 100vw, 800px\" \/><figcaption class=\"wp-element-caption\">Die Gefurchte Pomeranze geh\u00f6rt zu den Bitterorangen.<br><em>Foto:\u00a0Wilhelma Stuttgart \/ Birger Meierjohann<\/em><\/figcaption><\/figure><\/div>\n\n\n<p>Auch in der Popkultur haben Zitrusgew\u00e4chse schon f\u00fcr Aufmerksamkeit gesorgt: Ganz besonders im Jahr 1996, als die Band Fools Garden vier Wochen lang mit dem Hit \u201eLemon Tree\u201c den ersten Platz der deutschen Single-Charts belegte. In R\u00fcckbesinnung auf diesen Megaerfolg \u00fcbernahm Fools Garden erst k\u00fcrzlich die Patenschaft f\u00fcr einen Zitronenbaum in der Wilhelma.<\/p>\n\n\n\n<p>Die immergr\u00fcnen Zitruspflanzen \u00fcberraschen mit einigen Besonderheiten: Eigentlich handelt es sich bei Zitrusfr\u00fcchten um Beeren, die so genannten Endokarp-Beeren. Diese sind von einer wei\u00dflichen Schicht, dem Mesokarp und schlie\u00dflich der ledrigen und wachsartigen Au\u00dfenhaut, dem Exokarp, umgeben. Au\u00dferdem ist f\u00fcr Zitrusgew\u00e4chse charakteristisch, dass sie fast das ganze Jahr \u00fcber gleichzeitig Bl\u00fcten und Fr\u00fcchte tragen k\u00f6nnen. Ihre Hauptbl\u00fctezeit ist aber gegen Ende des Winters erreicht, sodass die Pflanzen nun einen besonders intensiven Duft verstr\u00f6men und dem Wintergarten der Wilhelma ein mediterranes Flair verleihen.<\/p>\n\n\n\n<figure class=\"wp-block-gallery has-nested-images columns-default is-cropped wp-block-gallery-3 is-layout-flex wp-block-gallery-is-layout-flex\">\n<figure class=\"wp-block-image size-large\"><img decoding=\"async\" loading=\"lazy\" width=\"500\" height=\"750\" data-id=\"58137\" src=\"https:\/\/speyer24news.com\/wp-content\/uploads\/2024\/02\/KW08b-Zitrusschau-22.02.2024-Bild-01.jpg\" alt=\"\" class=\"wp-image-58137\" srcset=\"https:\/\/speyer24news.com\/wp-content\/uploads\/2024\/02\/KW08b-Zitrusschau-22.02.2024-Bild-01.jpg 500w, https:\/\/speyer24news.com\/wp-content\/uploads\/2024\/02\/KW08b-Zitrusschau-22.02.2024-Bild-01-200x300.jpg 200w\" sizes=\"(max-width: 500px) 100vw, 500px\" \/><\/figure>\n\n\n\n<figure class=\"wp-block-image size-large\"><img decoding=\"async\" loading=\"lazy\" width=\"800\" height=\"533\" data-id=\"58135\" src=\"https:\/\/speyer24news.com\/wp-content\/uploads\/2024\/02\/KW08b-Zitrusschau_Birnenfoermige-Zitronat-Zitrone-2024-02-22-Bild-02.jpg\" alt=\"\" class=\"wp-image-58135\" srcset=\"https:\/\/speyer24news.com\/wp-content\/uploads\/2024\/02\/KW08b-Zitrusschau_Birnenfoermige-Zitronat-Zitrone-2024-02-22-Bild-02.jpg 800w, https:\/\/speyer24news.com\/wp-content\/uploads\/2024\/02\/KW08b-Zitrusschau_Birnenfoermige-Zitronat-Zitrone-2024-02-22-Bild-02-300x200.jpg 300w, https:\/\/speyer24news.com\/wp-content\/uploads\/2024\/02\/KW08b-Zitrusschau_Birnenfoermige-Zitronat-Zitrone-2024-02-22-Bild-02-768x512.jpg 768w\" sizes=\"(max-width: 800px) 100vw, 800px\" \/><\/figure>\n\n\n\n<figure class=\"wp-block-image size-large\"><img decoding=\"async\" loading=\"lazy\" width=\"800\" height=\"533\" data-id=\"58134\" src=\"https:\/\/speyer24news.com\/wp-content\/uploads\/2024\/02\/KW08b-Zitrusschau_Gefurchte-Pomeranze-2024-02-22-Bild-03.jpg\" alt=\"\" class=\"wp-image-58134\" srcset=\"https:\/\/speyer24news.com\/wp-content\/uploads\/2024\/02\/KW08b-Zitrusschau_Gefurchte-Pomeranze-2024-02-22-Bild-03.jpg 800w, https:\/\/speyer24news.com\/wp-content\/uploads\/2024\/02\/KW08b-Zitrusschau_Gefurchte-Pomeranze-2024-02-22-Bild-03-300x200.jpg 300w, https:\/\/speyer24news.com\/wp-content\/uploads\/2024\/02\/KW08b-Zitrusschau_Gefurchte-Pomeranze-2024-02-22-Bild-03-768x512.jpg 768w\" sizes=\"(max-width: 800px) 100vw, 800px\" \/><\/figure>\n\n\n\n<figure class=\"wp-block-image size-large\"><img decoding=\"async\" loading=\"lazy\" width=\"800\" height=\"533\" data-id=\"58133\" src=\"https:\/\/speyer24news.com\/wp-content\/uploads\/2024\/02\/KW08b-Zitrusschau_Gewoehnliche-Mandarine-Blueten-22.02.2024-Bild-04.jpg\" alt=\"\" class=\"wp-image-58133\" srcset=\"https:\/\/speyer24news.com\/wp-content\/uploads\/2024\/02\/KW08b-Zitrusschau_Gewoehnliche-Mandarine-Blueten-22.02.2024-Bild-04.jpg 800w, https:\/\/speyer24news.com\/wp-content\/uploads\/2024\/02\/KW08b-Zitrusschau_Gewoehnliche-Mandarine-Blueten-22.02.2024-Bild-04-300x200.jpg 300w, https:\/\/speyer24news.com\/wp-content\/uploads\/2024\/02\/KW08b-Zitrusschau_Gewoehnliche-Mandarine-Blueten-22.02.2024-Bild-04-768x512.jpg 768w\" sizes=\"(max-width: 800px) 100vw, 800px\" \/><\/figure>\n\n\n\n<figure class=\"wp-block-image size-large\"><img decoding=\"async\" loading=\"lazy\" width=\"500\" height=\"750\" data-id=\"58136\" src=\"https:\/\/speyer24news.com\/wp-content\/uploads\/2024\/02\/KW08b-Zitrusschau_Ovale-Kumquat-22.02.202-Bild-05.jpg\" alt=\"\" class=\"wp-image-58136\" srcset=\"https:\/\/speyer24news.com\/wp-content\/uploads\/2024\/02\/KW08b-Zitrusschau_Ovale-Kumquat-22.02.202-Bild-05.jpg 500w, https:\/\/speyer24news.com\/wp-content\/uploads\/2024\/02\/KW08b-Zitrusschau_Ovale-Kumquat-22.02.202-Bild-05-200x300.jpg 200w\" sizes=\"(max-width: 500px) 100vw, 500px\" \/><\/figure>\n<\/figure>\n\n\n\n<p><em>Text: Wilhelma &#8211; Zoologisch-Botanischer Garten Stuttgart Foto:\u00a0Wilhelma Stuttgart \/ Birger Meierjohann<br>22.02.2024<\/em><\/p>\n\n\n\n<h2 class=\"wp-block-heading\">Schwingaffenhaus wird geschlossen<\/h2>\n\n\n\n<h3 class=\"wp-block-heading\">Gibbons verlassen die Wilhelma<\/h3>\n\n\n<div class=\"wp-block-image\">\n<figure class=\"aligncenter size-full\"><img decoding=\"async\" loading=\"lazy\" width=\"800\" height=\"533\" src=\"https:\/\/speyer24news.com\/wp-content\/uploads\/2024\/02\/KW-08a-Weisshandgibbons-21.02.2024-Bild-1.jpg\" alt=\"\" class=\"wp-image-58138\" srcset=\"https:\/\/speyer24news.com\/wp-content\/uploads\/2024\/02\/KW-08a-Weisshandgibbons-21.02.2024-Bild-1.jpg 800w, https:\/\/speyer24news.com\/wp-content\/uploads\/2024\/02\/KW-08a-Weisshandgibbons-21.02.2024-Bild-1-300x200.jpg 300w, https:\/\/speyer24news.com\/wp-content\/uploads\/2024\/02\/KW-08a-Weisshandgibbons-21.02.2024-Bild-1-768x512.jpg 768w\" sizes=\"(max-width: 800px) 100vw, 800px\" \/><figcaption class=\"wp-element-caption\">Wei\u00dfhandgibbons kommen in zwei Farbvarianten vor. Das M\u00e4nnchen Sundar hat ein r\u00f6tliches Fell.<br><em>Foto:\u00a0Wilhelma Stuttgart \/ Birger Meierjohann<\/em><\/figcaption><\/figure><\/div>\n\n\n<p>Es ist Zeit, sich von zwei beliebten Bewohnern der Wilhelma zu verabschieden: In der letzten Februarwoche werden die beiden Wei\u00dfhandgibbons den Zoologisch-Botanischen Garten Stuttgart verlassen. Der Hansenberg-Zoo im d\u00e4nischen Kolding soll nun ihr neues Zuhause werden. Das Gibbon-M\u00e4nnchen Sundar ist elf Jahre alt und stammt aus einem Zoo in den Niederlanden. Seine Partnerin Kedua kam vor zw\u00f6lf Jahren in der Wilhelma zur Welt.<\/p>\n\n\n<div class=\"wp-block-image\">\n<figure class=\"aligncenter size-full\"><img decoding=\"async\" loading=\"lazy\" width=\"800\" height=\"533\" src=\"https:\/\/speyer24news.com\/wp-content\/uploads\/2024\/02\/KW-08a-Weisshandgibbons-21.02.2024-Bild-2.jpg\" alt=\"\" class=\"wp-image-58139\" srcset=\"https:\/\/speyer24news.com\/wp-content\/uploads\/2024\/02\/KW-08a-Weisshandgibbons-21.02.2024-Bild-2.jpg 800w, https:\/\/speyer24news.com\/wp-content\/uploads\/2024\/02\/KW-08a-Weisshandgibbons-21.02.2024-Bild-2-300x200.jpg 300w, https:\/\/speyer24news.com\/wp-content\/uploads\/2024\/02\/KW-08a-Weisshandgibbons-21.02.2024-Bild-2-768x512.jpg 768w\" sizes=\"(max-width: 800px) 100vw, 800px\" \/><figcaption class=\"wp-element-caption\">Das Weibchen Kedua hat eine dunkle F\u00e4rbung.<br><em>Foto:\u00a0Wilhelma Stuttgart \/ Birger Meierjohann<\/em><\/figcaption><\/figure><\/div>\n\n\n<p>Wilhelma-Direktor Dr. Thomas K\u00f6lpin erkl\u00e4rt: \u201eDer Abschied von den Gibbons f\u00e4llt uns nicht leicht. Jeden Vormittag haben sie mit ihrem lauten Gesang die Ger\u00e4uschkulisse der Wilhelma gepr\u00e4gt. Es ist es uns wichtig, unsere Tiere in gute H\u00e4nde zu geben.\u201c<\/p>\n\n\n\n<p>Die Wilhelma blickt zur\u00fcck auf eine lange Tradition der Haltung von Wei\u00dfhandgibbons. Seit 1976 kamen hier insgesamt 21 Jungtiere zu Welt \u2013 ein voller Erfolg f\u00fcr das Ex-Situ Zuchtprogramm des Europ\u00e4ischen Zooverbands EAZA. Die Wilhelma konnte durch diese Nachzuchten einen gro\u00dfen Beitrag f\u00fcr die Reservepopulation des Wei\u00dfhandgibbons in menschlicher Obhut leisten. In ihrer s\u00fcdostasiatischen Heimat gilt der Bestand dieser Primatenart als stark gef\u00e4hrdet.<\/p>\n\n\n<div class=\"wp-block-image\">\n<figure class=\"aligncenter size-full\"><img decoding=\"async\" loading=\"lazy\" width=\"500\" height=\"750\" src=\"https:\/\/speyer24news.com\/wp-content\/uploads\/2024\/02\/KW-08a-Weisshandgibbons-21.02.2024-Bild-3.jpg\" alt=\"\" class=\"wp-image-58140\" srcset=\"https:\/\/speyer24news.com\/wp-content\/uploads\/2024\/02\/KW-08a-Weisshandgibbons-21.02.2024-Bild-3.jpg 500w, https:\/\/speyer24news.com\/wp-content\/uploads\/2024\/02\/KW-08a-Weisshandgibbons-21.02.2024-Bild-3-200x300.jpg 200w\" sizes=\"(max-width: 500px) 100vw, 500px\" \/><figcaption class=\"wp-element-caption\">Mit ihren kr\u00e4ftigen, langen Armen sind Wei\u00dfhandgibbons perfekte Kletterer.<br><em>Foto:\u00a0Wilhelma Stuttgart \/ Birger Meierjohann<\/em><\/figcaption><\/figure><\/div>\n\n\n<p>Grund f\u00fcr die Entscheidung der Wilhelma, vorerst auf die Haltung von Gibbons zu verzichten, ist der bauliche Zustand des in den 1970er Jahren errichteten Schwingaffenhauses. Aufgrund statischer Probleme ist das in die Jahre gekommene Geb\u00e4ude nicht l\u00e4nger nutzbar. Bereits im Januar wurden daher die ebenfalls in der gleichen Anlage gehaltenen Haubenlanguren an den Zoo in Lodz (Polen) abgegeben. F\u00fcr den Winter 2024\/2025 ist der Abriss des Schwingaffenhauses geplant.<\/p>\n\n\n\n<p><em>Text: Wilhelma &#8211; Zoologisch-Botanischer Garten Stuttgart Foto:\u00a0Wilhelma Stuttgart \/ Birger Meierjohann<br>21.02.2024<\/em><\/p>\n\n\n\n<h2 class=\"wp-block-heading\">Neue Vogelarten aus Asien und Afrika<\/h2>\n\n\n\n<h3 class=\"wp-block-heading\">Gefiederte Neuzug\u00e4nge in der Wilhelma<\/h3>\n\n\n<div class=\"wp-block-image\">\n<figure class=\"aligncenter size-full\"><img decoding=\"async\" loading=\"lazy\" width=\"800\" height=\"533\" src=\"https:\/\/speyer24news.com\/wp-content\/uploads\/2024\/02\/KW07a-Schwarzschnabelstorch-15.02.2024-Bild-1.jpg\" alt=\"\" class=\"wp-image-58146\" srcset=\"https:\/\/speyer24news.com\/wp-content\/uploads\/2024\/02\/KW07a-Schwarzschnabelstorch-15.02.2024-Bild-1.jpg 800w, https:\/\/speyer24news.com\/wp-content\/uploads\/2024\/02\/KW07a-Schwarzschnabelstorch-15.02.2024-Bild-1-300x200.jpg 300w, https:\/\/speyer24news.com\/wp-content\/uploads\/2024\/02\/KW07a-Schwarzschnabelstorch-15.02.2024-Bild-1-768x512.jpg 768w\" sizes=\"(max-width: 800px) 100vw, 800px\" \/><\/figure><\/div>\n\n\n<p>Die Artenvielfalt der Wilhelma wurde diesen Winter um gleich mehrere Vogelarten bereichert: Erst seit Februar ist in einer Voliere im Bereich der Vogelfreifluganlage ein Paar Schwarzschnabelst\u00f6rche zu sehen. Es handelt sich um eine Storchenart, die als Brutvogel nur noch im Nordosten Chinas und im S\u00fcdosten Sibiriens vorkommt. In seinem Verbreitungsgebiet ist der Schwarzschnabelstorch vom Aussterben bedroht, unter anderem aufgrund der Trockenlegung von Feuchtgebieten und menschlicher St\u00f6rungen. Im Gegensatz zu seinem nahen europ\u00e4ischen Verwandten, dem Wei\u00dfstorch, von welchem er sich durch seinen dunklen Schnabel, seine wei\u00dfe Iris und seine kr\u00e4ftigere Gestalt unterscheidet, ist der Schwarzschnabelstorch kein Kulturfolger, sondern eine in der Natur sehr scheue Art, welche die N\u00e4he zum Menschen meidet. <\/p>\n\n\n<div class=\"wp-block-image\">\n<figure class=\"aligncenter size-full\"><img decoding=\"async\" loading=\"lazy\" width=\"800\" height=\"533\" src=\"https:\/\/speyer24news.com\/wp-content\/uploads\/2024\/02\/KW07a-Rotkehlspint-15.02.2024-Bild-2.jpg\" alt=\"\" class=\"wp-image-58147\" srcset=\"https:\/\/speyer24news.com\/wp-content\/uploads\/2024\/02\/KW07a-Rotkehlspint-15.02.2024-Bild-2.jpg 800w, https:\/\/speyer24news.com\/wp-content\/uploads\/2024\/02\/KW07a-Rotkehlspint-15.02.2024-Bild-2-300x200.jpg 300w, https:\/\/speyer24news.com\/wp-content\/uploads\/2024\/02\/KW07a-Rotkehlspint-15.02.2024-Bild-2-768x512.jpg 768w\" sizes=\"(max-width: 800px) 100vw, 800px\" \/><\/figure><\/div>\n\n\n<p>Die Organisation Birdlife International sch\u00e4tzt, dass nur noch zwischen 1.000 und 2.500 geschlechtsreife Tiere in ihren nat\u00fcrlichen Lebensr\u00e4umen vorkommen. Wilhelma-Direktor Dr. Thomas K\u00f6lpin betont daher: \u201eUnser Ziel ist es, mit der Zucht der Schwarzschnabelst\u00f6rche im Rahmen des Ex-Situ Programm des europ\u00e4ischen Zooverbandes EAZA einen Beitrag zum Erhalt der Art zu leisten.\u201c<\/p>\n\n\n<div class=\"wp-block-image\">\n<figure class=\"aligncenter size-full\"><img decoding=\"async\" loading=\"lazy\" width=\"800\" height=\"533\" src=\"https:\/\/speyer24news.com\/wp-content\/uploads\/2024\/02\/KW07a-Rotkehlspint-15.02.2024-Bild-3.jpg\" alt=\"\" class=\"wp-image-58148\" srcset=\"https:\/\/speyer24news.com\/wp-content\/uploads\/2024\/02\/KW07a-Rotkehlspint-15.02.2024-Bild-3.jpg 800w, https:\/\/speyer24news.com\/wp-content\/uploads\/2024\/02\/KW07a-Rotkehlspint-15.02.2024-Bild-3-300x200.jpg 300w, https:\/\/speyer24news.com\/wp-content\/uploads\/2024\/02\/KW07a-Rotkehlspint-15.02.2024-Bild-3-768x512.jpg 768w\" sizes=\"(max-width: 800px) 100vw, 800px\" \/><\/figure><\/div>\n\n\n<p>Bereits im Dezember 2023 haben die aus dem tropischen Afrika stammenden Rotkehlspinte und Halsbandbrachschwalben ihre Gemeinschaftsvoliere im Haus f\u00fcr Kleins\u00e4uger, V\u00f6gel und Insektivoren bezogen. Rotkehlspinte geh\u00f6ren zu den Bienenfressern. Wie auch alle anderen Vertreter aus dieser Familie graben Rotkehlspinte ihre Brutr\u00f6hren in sandige oder lehmige H\u00e4nge, wie z. B. an Flussufern. Andreas Frei, Vogelkurator der Wilhelma, erkl\u00e4rt dazu: \u201eEigens f\u00fcr die Rotkehlspinte haben wir eine naturnahe Lehmwand in der Voliere angelegt. <\/p>\n\n\n<div class=\"wp-block-image\">\n<figure class=\"aligncenter size-full\"><img decoding=\"async\" loading=\"lazy\" width=\"800\" height=\"533\" src=\"https:\/\/speyer24news.com\/wp-content\/uploads\/2024\/02\/KW07b-Halsbandbrachschwalbe-15.02.2024-Bild-4.jpg\" alt=\"\" class=\"wp-image-58149\" srcset=\"https:\/\/speyer24news.com\/wp-content\/uploads\/2024\/02\/KW07b-Halsbandbrachschwalbe-15.02.2024-Bild-4.jpg 800w, https:\/\/speyer24news.com\/wp-content\/uploads\/2024\/02\/KW07b-Halsbandbrachschwalbe-15.02.2024-Bild-4-300x200.jpg 300w, https:\/\/speyer24news.com\/wp-content\/uploads\/2024\/02\/KW07b-Halsbandbrachschwalbe-15.02.2024-Bild-4-768x512.jpg 768w\" sizes=\"(max-width: 800px) 100vw, 800px\" \/><\/figure><\/div>\n\n\n<p>Wir sind zuversichtlich, dass diese angenommen wird und wir bald die ersten Bruterfolge verzeichnen k\u00f6nnen.\u201c Vergesellschaftet sind die Rotkehlspinte unter anderem mit Halsbandbrachschwalben, einer weiteren Art, die neu in der Wilhelma ist. Halsbandbrachschwalben sind in ihrer afrikanischen Heimat entlang von Fl\u00fcssen verbreitet und br\u00fcten dort auf freiliegenden Felsen und Sandb\u00e4nken. Sie ern\u00e4hren sich von Insekten, die sie im Flug erbeuten. Die Wilhelma ist aktuell die einzige zoologische Einrichtung in ganz Europa, in welcher Halsbandbrachschwalben gehalten werden.<\/p>\n\n\n\n<p><em>Text: Wilhelma &#8211; Zoologisch-Botanischer Garten Stuttgart Foto:\u00a0Wilhelma Stuttgart \/ Birger Meierjohann<br>15.02.2024<\/em><\/p>\n\n\n\n<h2 class=\"wp-block-heading\">In der Wilhelma in Stuttgart ist die Bl\u00fcte der Kamelien in vollem Gange<\/h2>\n\n\n\n<h3 class=\"wp-block-heading\">Bezaubernde Bl\u00fctenpracht im Kamelienhaus<\/h3>\n\n\n<div class=\"wp-block-image\">\n<figure class=\"aligncenter size-full\"><img decoding=\"async\" loading=\"lazy\" width=\"800\" height=\"533\" src=\"https:\/\/speyer24news.com\/wp-content\/uploads\/2024\/02\/KW06b-Kamelienbluete-09.02.2024-Bild-1.jpg\" alt=\"\" class=\"wp-image-58141\" srcset=\"https:\/\/speyer24news.com\/wp-content\/uploads\/2024\/02\/KW06b-Kamelienbluete-09.02.2024-Bild-1.jpg 800w, https:\/\/speyer24news.com\/wp-content\/uploads\/2024\/02\/KW06b-Kamelienbluete-09.02.2024-Bild-1-300x200.jpg 300w, https:\/\/speyer24news.com\/wp-content\/uploads\/2024\/02\/KW06b-Kamelienbluete-09.02.2024-Bild-1-768x512.jpg 768w\" sizes=\"(max-width: 800px) 100vw, 800px\" \/><\/figure><\/div>\n\n\n<p>Es ist wieder so weit: In der Historischen Gew\u00e4chshauszeile der Wilhelma ist eine wahre Farbenpracht zu bestaunen \u2013 die Bl\u00fcte der Kamelien erreicht ihre Hochphase. Ein Meer aus wei\u00dfen, gelben, rosafarbenen und roten Bl\u00fcten bringt Leben in die zweite Winterh\u00e4lfte.<\/p>\n\n\n\n<p>Die immergr\u00fcne Kamelie geh\u00f6rt zu den \u00e4ltesten Kulturpflanzen Ostasiens, wo sie in \u00fcber 200 Arten vorkommt. Ihre Heimat sind dort k\u00fchle Bergregionen mit feuchten und kalkarmen B\u00f6den. Auch eine der bekanntesten Nutzpflanzen der Welt geh\u00f6rt zu den Kamelien: N\u00e4mlich der Teestrauch (<em>Camellia sinensis<\/em>), dessen kleine wei\u00dfe Bl\u00fcten nur eine zarte Vorahnung davon geben, welche Pracht andere Arten aus seiner Familie entfalten.<\/p>\n\n\n<div class=\"wp-block-image\">\n<figure class=\"aligncenter size-full\"><img decoding=\"async\" loading=\"lazy\" width=\"800\" height=\"533\" src=\"https:\/\/speyer24news.com\/wp-content\/uploads\/2024\/02\/KW06b-Kamelienbluete-09.02.2024-Bild-2.jpg\" alt=\"\" class=\"wp-image-58142\" srcset=\"https:\/\/speyer24news.com\/wp-content\/uploads\/2024\/02\/KW06b-Kamelienbluete-09.02.2024-Bild-2.jpg 800w, https:\/\/speyer24news.com\/wp-content\/uploads\/2024\/02\/KW06b-Kamelienbluete-09.02.2024-Bild-2-300x200.jpg 300w, https:\/\/speyer24news.com\/wp-content\/uploads\/2024\/02\/KW06b-Kamelienbluete-09.02.2024-Bild-2-768x512.jpg 768w\" sizes=\"(max-width: 800px) 100vw, 800px\" \/><\/figure><\/div>\n\n\n<p>Namenspatron der Gattung \u201e<em>Camellia<\/em>\u201c ist der Jesuitenpater Georg Joseph Kamel, der um 1700 als Missionar auf den Philippinen wirkte und zahlreiche dort heimische Pflanzenarten beschrieb. Carl von Linn\u00e9 ist es zu verdanken, dass die Gattung dem Pater zu Ehren benannt wurde. Es ist \u00fcberliefert, dass die ersten Kamelien im 18. Jahrhundert nach Europa kamen, wo man besonders in Adelskreisen schnell Gefallen an ihnen fand. Es wurde gro\u00dfer Aufwand betrieben, um neue Variet\u00e4ten und Sorten zu importieren und zu z\u00fcchten. Die Bl\u00fcten der Kamelie schm\u00fcckten im 19. Jahrhundert B\u00e4lle und Bankette \u2013 sie wurde zur Modeblume einer ganzen Epoche.<\/p>\n\n\n<div class=\"wp-block-image\">\n<figure class=\"aligncenter size-full\"><img decoding=\"async\" loading=\"lazy\" width=\"800\" height=\"533\" src=\"https:\/\/speyer24news.com\/wp-content\/uploads\/2024\/02\/KW06b-Kamelienbluete-09.02.2024-Bild-3.jpg\" alt=\"\" class=\"wp-image-58143\" srcset=\"https:\/\/speyer24news.com\/wp-content\/uploads\/2024\/02\/KW06b-Kamelienbluete-09.02.2024-Bild-3.jpg 800w, https:\/\/speyer24news.com\/wp-content\/uploads\/2024\/02\/KW06b-Kamelienbluete-09.02.2024-Bild-3-300x200.jpg 300w, https:\/\/speyer24news.com\/wp-content\/uploads\/2024\/02\/KW06b-Kamelienbluete-09.02.2024-Bild-3-768x512.jpg 768w\" sizes=\"(max-width: 800px) 100vw, 800px\" \/><\/figure><\/div>\n\n\n<p>Weltweit existieren mittlerweile rund 30.000 Kameliensorten \u2013 von denen ein Gro\u00dfteil allerdings von nur einer Art, der\u00a0<em>Camellia japonica<\/em>\u00a0abstammt. Die G\u00e4rtnerinnen und G\u00e4rtner der Wilhelma k\u00fcmmern sich heute um die Pflege von rund 20 Arten und 150 Sorten, die sich sowohl in der Farbe als auch der Form ihrer Bl\u00fcten, aber auch in ihrem Duft unterscheiden. Die Kameliensammlung in der Wilhelma ist nicht nur botanisch, sondern auch historisch ein wahrer Schatz: Noch heute sind 23 stattliche Kamelienstr\u00e4ucher erhalten, die K\u00f6nig Wilhelm I. von W\u00fcrttemberg (1781-1864) pers\u00f6nlich anschaffen lie\u00df.<\/p>\n\n\n<div class=\"wp-block-image\">\n<figure class=\"aligncenter size-full\"><img decoding=\"async\" loading=\"lazy\" width=\"800\" height=\"533\" src=\"https:\/\/speyer24news.com\/wp-content\/uploads\/2024\/02\/KW06b-Kamelienbluete-09.02.2024-Bild-4.jpg\" alt=\"\" class=\"wp-image-58144\" srcset=\"https:\/\/speyer24news.com\/wp-content\/uploads\/2024\/02\/KW06b-Kamelienbluete-09.02.2024-Bild-4.jpg 800w, https:\/\/speyer24news.com\/wp-content\/uploads\/2024\/02\/KW06b-Kamelienbluete-09.02.2024-Bild-4-300x200.jpg 300w, https:\/\/speyer24news.com\/wp-content\/uploads\/2024\/02\/KW06b-Kamelienbluete-09.02.2024-Bild-4-768x512.jpg 768w\" sizes=\"(max-width: 800px) 100vw, 800px\" \/><\/figure><\/div>\n\n\n<p>Schon jetzt fiebern die G\u00e4rtnerinnen und G\u00e4rtner der Wilhelma einem gro\u00dfen Ereignis entgegen: Auch dieses Jahr nimmt die Wilhelma wieder an der renommierten Kamelienbl\u00fctenschau teil, die vom 2. M\u00e4rz bis zum 14. April 2024 im s\u00e4chsischen Pirna-Zuschendorf stattfinden wird. 2023 wurde dort die vom Zoologisch-Botanischen Garten Stuttgart ins Rennen gebrachte \u201eWilhelma Nr. 20\u201c als sch\u00f6nste Kamelienbl\u00fcte Deutschlands gek\u00fcrt. Es bleibt spannend, ob die Wilhelma auch 2024 wieder mit einem so spektakul\u00e4ren Erfolg auftrumpfen wird.<\/p>\n\n\n<div class=\"wp-block-image\">\n<figure class=\"aligncenter size-full\"><img decoding=\"async\" loading=\"lazy\" width=\"800\" height=\"533\" src=\"https:\/\/speyer24news.com\/wp-content\/uploads\/2024\/02\/KW06b-Kamelienbluete-09.02.2024-Bild-5.jpg\" alt=\"\" class=\"wp-image-58145\" srcset=\"https:\/\/speyer24news.com\/wp-content\/uploads\/2024\/02\/KW06b-Kamelienbluete-09.02.2024-Bild-5.jpg 800w, https:\/\/speyer24news.com\/wp-content\/uploads\/2024\/02\/KW06b-Kamelienbluete-09.02.2024-Bild-5-300x200.jpg 300w, https:\/\/speyer24news.com\/wp-content\/uploads\/2024\/02\/KW06b-Kamelienbluete-09.02.2024-Bild-5-768x512.jpg 768w\" sizes=\"(max-width: 800px) 100vw, 800px\" \/><\/figure><\/div>\n\n\n<p><em>Text: Wilhelma &#8211; Zoologisch-Botanischer Garten Stuttgart Foto:\u00a0Wilhelma Stuttgart \/ Birger Meierjohann<br>09.02.2024<\/em><\/p>\n\n\n\n<h2 class=\"wp-block-heading\">Nachwuchs im Amazonienhaus der Wilhelma<\/h2>\n\n\n\n<h3 class=\"wp-block-heading\">Babysegen bei den Wei\u00dfkopfsakis<\/h3>\n\n\n<div class=\"wp-block-image\">\n<figure class=\"aligncenter size-full\"><img decoding=\"async\" loading=\"lazy\" width=\"800\" height=\"534\" src=\"https:\/\/speyer24news.com\/wp-content\/uploads\/2024\/02\/KW6a-Weisskopfsaki-08.02.2024-Bild-1-1.jpg\" alt=\"\" class=\"wp-image-58154\" srcset=\"https:\/\/speyer24news.com\/wp-content\/uploads\/2024\/02\/KW6a-Weisskopfsaki-08.02.2024-Bild-1-1.jpg 800w, https:\/\/speyer24news.com\/wp-content\/uploads\/2024\/02\/KW6a-Weisskopfsaki-08.02.2024-Bild-1-1-300x200.jpg 300w, https:\/\/speyer24news.com\/wp-content\/uploads\/2024\/02\/KW6a-Weisskopfsaki-08.02.2024-Bild-1-1-768x513.jpg 768w\" sizes=\"(max-width: 800px) 100vw, 800px\" \/><figcaption class=\"wp-element-caption\">Nachwuchs bei den Wei\u00dfkopfsakis in der Wilhelma.<br><em>Foto:\u00a0Wilhelma Stuttgart \/ Birger Meierjohann<\/em><\/figcaption><\/figure><\/div>\n\n\n<p>Bereits am 14. Januar 2024 wurde bei den Wei\u00dfkopfsakis, einer s\u00fcdamerikanischen Primatenart im Amazonienhaus der Wilhelma, ein Affenbaby geboren. Anf\u00e4nglich konnte man nur mit viel Gl\u00fcck und Geduld einen Blick auf das winzige, im dichten Fell seiner Mutter Paulina festgeklammerte Jungtier erhaschen. Mittlerweile ist das \u00c4ffchen schon so kr\u00e4ftig, dass es immer h\u00e4ufiger sein K\u00f6pfchen hebt und neugierig seine Umgebung betrachtet. Noch steht sein Geschlecht nicht definitiv fest \u2013 die Tierpfleger*innen im Amazonienhaus vermuten allerdings, dass es sich um ein Weibchen handelt. Genau wie in der Natur leben die Wei\u00dfkopfsakis in der Wilhelma in einer Familiengruppe, die aktuell aus dem 14-j\u00e4hrigen M\u00e4nnchen Milow, seinen beiden Partnerinnen Paulina (10 Jahre) und Riane (11 Jahre), sowie den drei Jungtieren Rio (5 Monate), Piet (1 Jahr) und nat\u00fcrlich dem im Januar geborenen Nesth\u00e4kchen besteht. Die Wilhelma beteiligt sich auch mit dieser Art am Ex-Situ Zuchtprogramm des europ\u00e4ischen Zooverbandes EAZA und hilft auf diese Weise dabei, eine stabile Reservepopulation in menschlicher Obhut aufzubauen.<\/p>\n\n\n<div class=\"wp-block-image\">\n<figure class=\"aligncenter size-full\"><img decoding=\"async\" loading=\"lazy\" width=\"800\" height=\"534\" src=\"https:\/\/speyer24news.com\/wp-content\/uploads\/2024\/02\/KW6a-Weisskopfsaki-08.02.2024-Bild-4-1.jpg\" alt=\"\" class=\"wp-image-58155\" srcset=\"https:\/\/speyer24news.com\/wp-content\/uploads\/2024\/02\/KW6a-Weisskopfsaki-08.02.2024-Bild-4-1.jpg 800w, https:\/\/speyer24news.com\/wp-content\/uploads\/2024\/02\/KW6a-Weisskopfsaki-08.02.2024-Bild-4-1-300x200.jpg 300w, https:\/\/speyer24news.com\/wp-content\/uploads\/2024\/02\/KW6a-Weisskopfsaki-08.02.2024-Bild-4-1-768x513.jpg 768w\" sizes=\"(max-width: 800px) 100vw, 800px\" \/><figcaption class=\"wp-element-caption\">Das namensgebende wei\u00dfe Gesicht zeigen nur die erwachsenen M\u00e4nnchen.<br><em>Foto:\u00a0Wilhelma Stuttgart \/ Birger Meierjohann<\/em><\/figcaption><\/figure><\/div>\n\n\n<p>Wei\u00dfkopfsakis stammen aus den W\u00e4ldern des n\u00f6rdlichen Brasiliens sowie Surinam, Guyana und Franz\u00f6sisch-Guyana. Die M\u00e4nnchen sind aufgrund der namensgebenden wei\u00dfen Gesichtsmaske unverkennbar. Die Gesichter der Weibchen sind eher br\u00e4unlich. Wei\u00dfkopfsakis halten sich gerne in den unteren und mittleren Stockwerken des Waldes auf, kommen aber nur selten auf den Boden. Da sie bis zu 10 Meter von Baum zu Baum springen k\u00f6nnen, werden sie in Guyana auch als \u201efliegende Affen\u201c bezeichnet. In ihrer Anlage im Amazonienhaus der Wilhelma sind die Wei\u00dfkopfsakis mit Goldkopf-L\u00f6wen\u00e4ffchen, Zweifingerfaultieren und Waldschildkr\u00f6ten vergesellschaftet.<\/p>\n\n\n\n<figure class=\"wp-block-gallery has-nested-images columns-2 is-cropped wp-block-gallery-5 is-layout-flex wp-block-gallery-is-layout-flex\">\n<figure class=\"wp-block-image size-large\"><img decoding=\"async\" loading=\"lazy\" width=\"800\" height=\"534\" data-id=\"58152\" src=\"https:\/\/speyer24news.com\/wp-content\/uploads\/2024\/02\/KW6a-Weisskopfsaki-08.02.2024-Bild-1.jpg\" alt=\"\" class=\"wp-image-58152\" srcset=\"https:\/\/speyer24news.com\/wp-content\/uploads\/2024\/02\/KW6a-Weisskopfsaki-08.02.2024-Bild-1.jpg 800w, https:\/\/speyer24news.com\/wp-content\/uploads\/2024\/02\/KW6a-Weisskopfsaki-08.02.2024-Bild-1-300x200.jpg 300w, https:\/\/speyer24news.com\/wp-content\/uploads\/2024\/02\/KW6a-Weisskopfsaki-08.02.2024-Bild-1-768x513.jpg 768w\" sizes=\"(max-width: 800px) 100vw, 800px\" \/><\/figure>\n\n\n\n<figure class=\"wp-block-image size-large\"><img decoding=\"async\" loading=\"lazy\" width=\"800\" height=\"533\" data-id=\"58153\" src=\"https:\/\/speyer24news.com\/wp-content\/uploads\/2024\/02\/KW6a-Weisskopfsaki-08.02.2024-Bild-2.jpg\" alt=\"\" class=\"wp-image-58153\" srcset=\"https:\/\/speyer24news.com\/wp-content\/uploads\/2024\/02\/KW6a-Weisskopfsaki-08.02.2024-Bild-2.jpg 800w, https:\/\/speyer24news.com\/wp-content\/uploads\/2024\/02\/KW6a-Weisskopfsaki-08.02.2024-Bild-2-300x200.jpg 300w, https:\/\/speyer24news.com\/wp-content\/uploads\/2024\/02\/KW6a-Weisskopfsaki-08.02.2024-Bild-2-768x512.jpg 768w\" sizes=\"(max-width: 800px) 100vw, 800px\" \/><\/figure>\n\n\n\n<figure class=\"wp-block-image size-large\"><img decoding=\"async\" loading=\"lazy\" width=\"800\" height=\"533\" data-id=\"58150\" src=\"https:\/\/speyer24news.com\/wp-content\/uploads\/2024\/02\/KW6a-Weisskopfsaki-08.02.2024-Bild-3.jpg\" alt=\"\" class=\"wp-image-58150\" srcset=\"https:\/\/speyer24news.com\/wp-content\/uploads\/2024\/02\/KW6a-Weisskopfsaki-08.02.2024-Bild-3.jpg 800w, https:\/\/speyer24news.com\/wp-content\/uploads\/2024\/02\/KW6a-Weisskopfsaki-08.02.2024-Bild-3-300x200.jpg 300w, https:\/\/speyer24news.com\/wp-content\/uploads\/2024\/02\/KW6a-Weisskopfsaki-08.02.2024-Bild-3-768x512.jpg 768w\" sizes=\"(max-width: 800px) 100vw, 800px\" \/><\/figure>\n\n\n\n<figure class=\"wp-block-image size-large\"><img decoding=\"async\" loading=\"lazy\" width=\"800\" height=\"534\" data-id=\"58151\" src=\"https:\/\/speyer24news.com\/wp-content\/uploads\/2024\/02\/KW6a-Weisskopfsaki-08.02.2024-Bild-4.jpg\" alt=\"\" class=\"wp-image-58151\" srcset=\"https:\/\/speyer24news.com\/wp-content\/uploads\/2024\/02\/KW6a-Weisskopfsaki-08.02.2024-Bild-4.jpg 800w, https:\/\/speyer24news.com\/wp-content\/uploads\/2024\/02\/KW6a-Weisskopfsaki-08.02.2024-Bild-4-300x200.jpg 300w, https:\/\/speyer24news.com\/wp-content\/uploads\/2024\/02\/KW6a-Weisskopfsaki-08.02.2024-Bild-4-768x513.jpg 768w\" sizes=\"(max-width: 800px) 100vw, 800px\" \/><\/figure>\n<\/figure>\n\n\n\n<p><em>Text: Wilhelma &#8211; Zoologisch-Botanischer Garten Stuttgart Foto:\u00a0Wilhelma Stuttgart \/ Birger Meierjohann<br>08.02.2024<\/em><\/p>\n","protected":false},"excerpt":{"rendered":"<div class=\"mh-excerpt\"><p>Ein hohes Tier zieht an den Neckar Giraffenbulle Tilodi\u00a0neu in der Wilhelma Die Giraffendamen der Wilhelma haben wieder m\u00e4nnliche Gesellschaft: Ende Februar 2024 ist der 2022 in Kopenhagen geborene Netzgiraffenbulle Tilodi im Zoologisch-Botanischen Garten Stuttgart <a class=\"mh-excerpt-more\" href=\"https:\/\/speyer24news.com\/?p=58118\" title=\"Wilhelma &#8211; Zoologisch-Botanischer Garten Stuttgart\">[&#8230;]<\/a><\/p>\n<\/div>","protected":false},"author":3,"featured_media":30171,"comment_status":"open","ping_status":"open","sticky":false,"template":"","format":"standard","meta":{"_monsterinsights_skip_tracking":false,"_monsterinsights_sitenote_active":false,"_monsterinsights_sitenote_note":"","_monsterinsights_sitenote_category":0,"footnotes":""},"categories":[14],"tags":[8421,8422,17627,17628,17623,17624,17621,17622,577,17617,17636,17637,17638,17625,17626,17629,17630,17633,17631,17632,17619,17620,8419,12978,8420,11544,17634,17635,8811,6716,8418],"aioseo_notices":[],"amp_enabled":true,"_links":{"self":[{"href":"https:\/\/speyer24news.com\/index.php?rest_route=\/wp\/v2\/posts\/58118"}],"collection":[{"href":"https:\/\/speyer24news.com\/index.php?rest_route=\/wp\/v2\/posts"}],"about":[{"href":"https:\/\/speyer24news.com\/index.php?rest_route=\/wp\/v2\/types\/post"}],"author":[{"embeddable":true,"href":"https:\/\/speyer24news.com\/index.php?rest_route=\/wp\/v2\/users\/3"}],"replies":[{"embeddable":true,"href":"https:\/\/speyer24news.com\/index.php?rest_route=%2Fwp%2Fv2%2Fcomments&post=58118"}],"version-history":[{"count":1,"href":"https:\/\/speyer24news.com\/index.php?rest_route=\/wp\/v2\/posts\/58118\/revisions"}],"predecessor-version":[{"id":58156,"href":"https:\/\/speyer24news.com\/index.php?rest_route=\/wp\/v2\/posts\/58118\/revisions\/58156"}],"wp:featuredmedia":[{"embeddable":true,"href":"https:\/\/speyer24news.com\/index.php?rest_route=\/wp\/v2\/media\/30171"}],"wp:attachment":[{"href":"https:\/\/speyer24news.com\/index.php?rest_route=%2Fwp%2Fv2%2Fmedia&parent=58118"}],"wp:term":[{"taxonomy":"category","embeddable":true,"href":"https:\/\/speyer24news.com\/index.php?rest_route=%2Fwp%2Fv2%2Fcategories&post=58118"},{"taxonomy":"post_tag","embeddable":true,"href":"https:\/\/speyer24news.com\/index.php?rest_route=%2Fwp%2Fv2%2Ftags&post=58118"}],"curies":[{"name":"wp","href":"https:\/\/api.w.org\/{rel}","templated":true}]}}