{"id":58222,"date":"2024-03-01T07:35:48","date_gmt":"2024-03-01T06:35:48","guid":{"rendered":"https:\/\/speyer24news.com\/?p=58222"},"modified":"2024-03-01T07:36:21","modified_gmt":"2024-03-01T06:36:21","slug":"stadtnotiz-speyer-9","status":"publish","type":"post","link":"https:\/\/speyer24news.com\/?p=58222","title":{"rendered":"Stadtnotiz Speyer \/ Veranstaltung"},"content":{"rendered":"<style type=\"text\/css\">\r\n\t.ads_top_disp{}\r\n\t.ads_top_corner_disp{ float:left; margin:0px 10px 10px 0px; }\r\n\t.ads_first_p_disp{}\r\n\t.ads_bottom_disp{}\r\n\t<\/style><div class=\"wp-block-image\">\n<figure class=\"aligncenter size-full\"><img decoding=\"async\" loading=\"lazy\" width=\"800\" height=\"600\" src=\"https:\/\/speyer24news.com\/wp-content\/uploads\/2020\/01\/Speyer-Stadtnachrichten-2.jpg\" alt=\"\" class=\"wp-image-23901\" srcset=\"https:\/\/speyer24news.com\/wp-content\/uploads\/2020\/01\/Speyer-Stadtnachrichten-2.jpg 800w, https:\/\/speyer24news.com\/wp-content\/uploads\/2020\/01\/Speyer-Stadtnachrichten-2-300x225.jpg 300w, https:\/\/speyer24news.com\/wp-content\/uploads\/2020\/01\/Speyer-Stadtnachrichten-2-768x576.jpg 768w, https:\/\/speyer24news.com\/wp-content\/uploads\/2020\/01\/Speyer-Stadtnachrichten-2-678x509.jpg 678w, https:\/\/speyer24news.com\/wp-content\/uploads\/2020\/01\/Speyer-Stadtnachrichten-2-326x245.jpg 326w, https:\/\/speyer24news.com\/wp-content\/uploads\/2020\/01\/Speyer-Stadtnachrichten-2-80x60.jpg 80w\" sizes=\"(max-width: 800px) 100vw, 800px\" \/><\/figure><\/div>\n\n\n<h2 class=\"wp-block-heading\">\u201eMittwochabend im Stadtarchiv\u201c \u2013 Vortrag \u00fcber Edith Stein am 13. M\u00e4rz<\/h2>\n\n\n<div class=\"wp-block-image\">\n<figure class=\"aligncenter size-full\"><img decoding=\"async\" loading=\"lazy\" width=\"450\" height=\"600\" src=\"https:\/\/speyer24news.com\/wp-content\/uploads\/2024\/03\/Edith_Stein-@-Oekumenisches-Heiligenlexikon.jpg\" alt=\"\" class=\"wp-image-58224\" srcset=\"https:\/\/speyer24news.com\/wp-content\/uploads\/2024\/03\/Edith_Stein-@-Oekumenisches-Heiligenlexikon.jpg 450w, https:\/\/speyer24news.com\/wp-content\/uploads\/2024\/03\/Edith_Stein-@-Oekumenisches-Heiligenlexikon-225x300.jpg 225w\" sizes=\"(max-width: 450px) 100vw, 450px\" \/><\/figure><\/div>\n\n\n<p>Beim n\u00e4chsten Vortrag der Veranstaltungsreihe spricht Dr. Lenelotte M\u00f6ller am <strong>Mittwoch, 13. M\u00e4rz 2024, 18.30 Uhr<\/strong>, im Historischen Ratssaal \u00fcber Edith Stein.<\/p>\n\n\n\n<p>Die Philosophin und Karmelitin Dr. Edith Stein, deren Leben auf eindrucksvolle und ersch\u00fctternde Weise europ\u00e4ische Geschichte des 20. Jahrhunderts widerspiegelt, lehrte von 1923 bis 1932 an den Schulen des Dominikanerinnenklosters St. Magdalena in Speyer. Der Vortrag reicht von der Herkunft ihrer Familie im 19. Jahrhundert bis zur Heiligsprechung 1998.<\/p>\n\n\n\n<p>Dr. Lenelotte M\u00f6ller ist die Schulleiterin des Friedrich-Magnus-Schwerd-Gymnasiums in Speyer und Pr\u00e4sidentin der Pf\u00e4lzischen Gesellschaft zur F\u00f6rderung der Wissenschaften.&nbsp;<\/p>\n\n\n\n<p><em>Text: Stadtverwaltung Speyer Foto:&nbsp;\u00d6kumenisches Heiligenlexikon<br>29.02.2024<\/em><\/p>\n","protected":false},"excerpt":{"rendered":"<div class=\"mh-excerpt\"><p>\u201eMittwochabend im Stadtarchiv\u201c \u2013 Vortrag \u00fcber Edith Stein am 13. M\u00e4rz Beim n\u00e4chsten Vortrag der Veranstaltungsreihe spricht Dr. Lenelotte M\u00f6ller am Mittwoch, 13. M\u00e4rz 2024, 18.30 Uhr, im Historischen Ratssaal \u00fcber Edith Stein. Die Philosophin <a class=\"mh-excerpt-more\" href=\"https:\/\/speyer24news.com\/?p=58222\" title=\"Stadtnotiz Speyer \/ Veranstaltung\">[&#8230;]<\/a><\/p>\n<\/div>","protected":false},"author":3,"featured_media":46477,"comment_status":"open","ping_status":"open","sticky":false,"template":"","format":"standard","meta":{"_monsterinsights_skip_tracking":false,"_monsterinsights_sitenote_active":false,"_monsterinsights_sitenote_note":"","_monsterinsights_sitenote_category":0,"footnotes":""},"categories":[47,13],"tags":[17649,3451,17647,1896,6,17650,11970,2674,7262,13124,657,1296,17648],"aioseo_notices":[],"amp_enabled":true,"_links":{"self":[{"href":"https:\/\/speyer24news.com\/index.php?rest_route=\/wp\/v2\/posts\/58222"}],"collection":[{"href":"https:\/\/speyer24news.com\/index.php?rest_route=\/wp\/v2\/posts"}],"about":[{"href":"https:\/\/speyer24news.com\/index.php?rest_route=\/wp\/v2\/types\/post"}],"author":[{"embeddable":true,"href":"https:\/\/speyer24news.com\/index.php?rest_route=\/wp\/v2\/users\/3"}],"replies":[{"embeddable":true,"href":"https:\/\/speyer24news.com\/index.php?rest_route=%2Fwp%2Fv2%2Fcomments&post=58222"}],"version-history":[{"count":2,"href":"https:\/\/speyer24news.com\/index.php?rest_route=\/wp\/v2\/posts\/58222\/revisions"}],"predecessor-version":[{"id":58226,"href":"https:\/\/speyer24news.com\/index.php?rest_route=\/wp\/v2\/posts\/58222\/revisions\/58226"}],"wp:featuredmedia":[{"embeddable":true,"href":"https:\/\/speyer24news.com\/index.php?rest_route=\/wp\/v2\/media\/46477"}],"wp:attachment":[{"href":"https:\/\/speyer24news.com\/index.php?rest_route=%2Fwp%2Fv2%2Fmedia&parent=58222"}],"wp:term":[{"taxonomy":"category","embeddable":true,"href":"https:\/\/speyer24news.com\/index.php?rest_route=%2Fwp%2Fv2%2Fcategories&post=58222"},{"taxonomy":"post_tag","embeddable":true,"href":"https:\/\/speyer24news.com\/index.php?rest_route=%2Fwp%2Fv2%2Ftags&post=58222"}],"curies":[{"name":"wp","href":"https:\/\/api.w.org\/{rel}","templated":true}]}}