{"id":58252,"date":"2024-03-01T11:18:22","date_gmt":"2024-03-01T10:18:22","guid":{"rendered":"https:\/\/speyer24news.com\/?p=58252"},"modified":"2024-03-01T11:26:20","modified_gmt":"2024-03-01T10:26:20","slug":"stadtnotizen-verkehrsnotizen-speyer-42","status":"publish","type":"post","link":"https:\/\/speyer24news.com\/?p=58252","title":{"rendered":"Stadtnotizen &amp; Verkehrsnotizen Speyer"},"content":{"rendered":"<style type=\"text\/css\">\r\n\t.ads_top_disp{}\r\n\t.ads_top_corner_disp{ float:left; margin:0px 10px 10px 0px; }\r\n\t.ads_first_p_disp{}\r\n\t.ads_bottom_disp{}\r\n\t<\/style>\n<h1 class=\"wp-block-heading has-text-align-center\">Stadtnotizen<\/h1>\n\n\n<div class=\"wp-block-image\">\n<figure class=\"aligncenter\"><img decoding=\"async\" loading=\"lazy\" width=\"800\" height=\"600\" src=\"https:\/\/speyer24news.com\/wp-content\/uploads\/2020\/01\/Speyer-Stadtnachrichten-2.jpg\" alt=\"\" class=\"wp-image-23901\" srcset=\"https:\/\/speyer24news.com\/wp-content\/uploads\/2020\/01\/Speyer-Stadtnachrichten-2.jpg 800w, https:\/\/speyer24news.com\/wp-content\/uploads\/2020\/01\/Speyer-Stadtnachrichten-2-300x225.jpg 300w, https:\/\/speyer24news.com\/wp-content\/uploads\/2020\/01\/Speyer-Stadtnachrichten-2-768x576.jpg 768w, https:\/\/speyer24news.com\/wp-content\/uploads\/2020\/01\/Speyer-Stadtnachrichten-2-678x509.jpg 678w, https:\/\/speyer24news.com\/wp-content\/uploads\/2020\/01\/Speyer-Stadtnachrichten-2-326x245.jpg 326w, https:\/\/speyer24news.com\/wp-content\/uploads\/2020\/01\/Speyer-Stadtnachrichten-2-80x60.jpg 80w\" sizes=\"(max-width: 800px) 100vw, 800px\" \/><\/figure><\/div>\n\n\n<h1 class=\"wp-block-heading has-text-align-center\">Seniorenb\u00fcro Speyer<\/h1>\n\n\n<div class=\"wp-block-image\">\n<figure class=\"aligncenter size-full\"><img decoding=\"async\" loading=\"lazy\" width=\"800\" height=\"491\" src=\"https:\/\/speyer24news.com\/wp-content\/uploads\/2022\/09\/Seniorenbuero-Speyer-1.jpg\" alt=\"\" class=\"wp-image-49163\" srcset=\"https:\/\/speyer24news.com\/wp-content\/uploads\/2022\/09\/Seniorenbuero-Speyer-1.jpg 800w, https:\/\/speyer24news.com\/wp-content\/uploads\/2022\/09\/Seniorenbuero-Speyer-1-300x184.jpg 300w, https:\/\/speyer24news.com\/wp-content\/uploads\/2022\/09\/Seniorenbuero-Speyer-1-768x471.jpg 768w\" sizes=\"(max-width: 800px) 100vw, 800px\" \/><\/figure><\/div>\n\n\n<h2 class=\"wp-block-heading\">Literaturfreunde: Lew N. Tolstois Novelle \u201eWieviel Erde braucht der Mensch?\u201c mit Vera Dreyer am 8. M\u00e4rz<\/h2>\n\n\n<div class=\"wp-block-image\">\n<figure class=\"aligncenter size-full\"><img decoding=\"async\" loading=\"lazy\" width=\"800\" height=\"579\" src=\"https:\/\/speyer24news.com\/wp-content\/uploads\/2022\/12\/Literaturfreunde-Seniorenbuero-Speyer.jpg\" alt=\"\" class=\"wp-image-50310\" srcset=\"https:\/\/speyer24news.com\/wp-content\/uploads\/2022\/12\/Literaturfreunde-Seniorenbuero-Speyer.jpg 800w, https:\/\/speyer24news.com\/wp-content\/uploads\/2022\/12\/Literaturfreunde-Seniorenbuero-Speyer-300x217.jpg 300w, https:\/\/speyer24news.com\/wp-content\/uploads\/2022\/12\/Literaturfreunde-Seniorenbuero-Speyer-768x556.jpg 768w\" sizes=\"(max-width: 800px) 100vw, 800px\" \/><\/figure><\/div>\n\n\n<p>Vera Dreyer liest am Freitag, 8. M\u00e4rz 2024, 16 Uhr, bei den Literaturfreunden des Seniorenb\u00fcros aus der Novelle \u201eWieviel Erde braucht der Mensch?\u201c des Autors Lew N. Tolstoi. Geschrieben 1885 hielt Stefan Zweig die Novelle f\u00fcr w\u00fcrdig, sie an die Seite der Erz\u00e4hlungen des Alten Testaments zu stellen.<\/p>\n\n\n\n<p>Der Literaturkreis trifft sich im Veranstaltungsraum des Seniorenb\u00fcros, Maulbronner Hof 1a. Eine Anmeldung ist nicht erforderlich.<\/p>\n\n\n\n<p><em>Stadtverwaltung Speyer \/ Seniorenb\u00fcro<br>01.03.2024<\/em><\/p>\n\n\n\n<h2 class=\"wp-block-heading\">Dritte Tagesfahrt am 19. M\u00e4rz nach Stra\u00dfburg<\/h2>\n\n\n<div class=\"wp-block-image\">\n<figure class=\"aligncenter size-full\"><img decoding=\"async\" loading=\"lazy\" width=\"800\" height=\"600\" src=\"https:\/\/speyer24news.com\/wp-content\/uploads\/2022\/04\/Senioren-Alte-Menschen-Ausflug.jpg\" alt=\"\" class=\"wp-image-45166\" srcset=\"https:\/\/speyer24news.com\/wp-content\/uploads\/2022\/04\/Senioren-Alte-Menschen-Ausflug.jpg 800w, https:\/\/speyer24news.com\/wp-content\/uploads\/2022\/04\/Senioren-Alte-Menschen-Ausflug-300x225.jpg 300w, https:\/\/speyer24news.com\/wp-content\/uploads\/2022\/04\/Senioren-Alte-Menschen-Ausflug-768x576.jpg 768w, https:\/\/speyer24news.com\/wp-content\/uploads\/2022\/04\/Senioren-Alte-Menschen-Ausflug-678x509.jpg 678w, https:\/\/speyer24news.com\/wp-content\/uploads\/2022\/04\/Senioren-Alte-Menschen-Ausflug-326x245.jpg 326w, https:\/\/speyer24news.com\/wp-content\/uploads\/2022\/04\/Senioren-Alte-Menschen-Ausflug-80x60.jpg 80w\" sizes=\"(max-width: 800px) 100vw, 800px\" \/><\/figure><\/div>\n\n\n<p>Die dritte Tagesfahrt des Seniorenb\u00fcros in diesem Jahr f\u00fchrt am Dienstag, 19. M\u00e4rz 2024, nach Stra\u00dfburg. Vor Ort werden eine Stadtrundfahrt und eine F\u00fchrung in der Kathedrale angeboten. Die Tagesfahrt ist nicht f\u00fcr Menschen, die einen Rollator oder einen Rollstuhl nutzen, geeignet.<\/p>\n\n\n\n<p>Interessierte k\u00f6nnen sich am&nbsp;<strong>5. und 6. M\u00e4rz 2024<\/strong>&nbsp;bis 12 Uhr auf die&nbsp;<strong>Vormerkliste<\/strong>&nbsp;setzen lassen. Das Seniorenb\u00fcro ist telefonisch unter der Nummer 06232-14-2661 (Anrufbeantworter) oder per E-Mail an&nbsp;<a href=\"mailto:seniorenbuero@stadt-speyer.de\" target=\"_blank\" rel=\"noreferrer noopener\">seniorenbuero@stadt-speyer.de<\/a>&nbsp;erreichbar. Die Pl\u00e4tze sind begrenzt.<\/p>\n\n\n\n<p>F\u00fcr die verbindliche Anmeldung und Bezahlung m\u00fcssen die Teilnehmenden am Dienstag, 12. M\u00e4rz 2024, zwischen 9.30 und 10.30 Uhr im Seniorenb\u00fcro, Maulbronner Hof 1a, vorbeikommen. Der Flyer mit den weiteren Tagesfahrten in der ersten H\u00e4lfte des Jahres 2024 ist ebenfalls im Seniorenb\u00fcro erh\u00e4ltlich.<\/p>\n\n\n\n<p><em>Stadtverwaltung Speyer \/ Seniorenb\u00fcro<br>01.03.2024<\/em><\/p>\n\n\n\n<h2 class=\"wp-block-heading\">Tagesordnung zum Seniorenbeirat am 14. M\u00e4rz 2024<\/h2>\n\n\n\n<h3 class=\"wp-block-heading\">E i n l a d u n g in den Maulbronner Hof 1a zur Sitzung des Seniorenbeirates der Stadt Speyer in der Amtsperiode 2019 &#8211; 2024, f\u00fcr alle Mitglieder und deren Stellvertreter<\/h3>\n\n\n\n<h4 class=\"wp-block-heading\"><strong>!! Donnerstag, 14. M\u00e4rz 2024, 14.30 Uhr !!<\/strong><\/h4>\n\n\n\n<p>in den Veranstaltungsraum des Seniorenb\u00fcros im Maulbronner Hof 1a<\/p>\n\n\n\n<p><strong>Begr\u00fc\u00dfung<br>Protokolle<br>Tagesordnung<\/strong><\/p>\n\n\n\n<ol>\n<li><strong>Leitlinien des Seniorenbeirats<\/strong><\/li>\n\n\n\n<li><strong>Infos vom Vorstand und den Arbeitsgruppen (Soziales, Verkehr, Wohnen im Alter, Kultur\/Digitales\/Presse)<\/strong><br>Jede Arbeitsgruppe bereitet bitte Ihre Themen f\u00fcr eine aktuelle Vorstellung vor. Es soll dem aktuellen Stand der Themen des Seniorenbeirates Raum gegeben werden.<\/li>\n\n\n\n<li><strong>Verschiedenes<\/strong><\/li>\n<\/ol>\n\n\n\n<p>Ich w\u00fcrde mich freuen, wenn viele Mitglieder und deren Stellvertreter zu der Sitzung kommen k\u00f6nnten.<\/p>\n\n\n\n<h4 class=\"wp-block-heading\">Wichtig<\/h4>\n\n\n\n<p>Bitte melden Sie sich im Seniorenb\u00fcro ab, wenn Sie nicht teilnehmen k\u00f6nnen: E-Mail: <a href=\"mailto:seniorenbuero@stadt-speyer.de\">seniorenbuero@stadt-speyer.de<\/a> oder Tel. 06232\/142661.<\/p>\n\n\n\n<p>Mit freundlichen Gr\u00fc\u00dfen<\/p>\n\n\n\n<p>Ludwig Schultheis<br>Vorsitzender<\/p>\n\n\n\n<p><em>Stadtverwaltung Speyer \/ Seniorenberat<br>29.02.2024<\/em><\/p>\n\n\n\n<h1 class=\"wp-block-heading has-text-align-center\">Verkehrsnotizen<\/h1>\n\n\n<div class=\"wp-block-image\">\n<figure class=\"aligncenter\"><img decoding=\"async\" loading=\"lazy\" width=\"800\" height=\"565\" src=\"https:\/\/speyer24news.com\/wp-content\/uploads\/2020\/01\/Baustelle-2.jpg\" alt=\"\" class=\"wp-image-23900\" srcset=\"https:\/\/speyer24news.com\/wp-content\/uploads\/2020\/01\/Baustelle-2.jpg 800w, https:\/\/speyer24news.com\/wp-content\/uploads\/2020\/01\/Baustelle-2-300x212.jpg 300w, https:\/\/speyer24news.com\/wp-content\/uploads\/2020\/01\/Baustelle-2-768x542.jpg 768w\" sizes=\"(max-width: 800px) 100vw, 800px\" \/><\/figure><\/div>\n\n\n<h2 class=\"wp-block-heading\"><strong>NEU:<\/strong> B 39 \u2013 Speyer; Erneuerung der Closwegbr\u00fccke<\/h2>\n\n\n\n<p><strong>Der Landesbetrieb Mobilit\u00e4t (LBM) Speyer informiert, dass die Erneuerungsarbeiten der Closwegbr\u00fccke in Speyer in K\u00fcrze zum Abschluss kommen.<\/strong><\/p>\n\n\n<div class=\"wp-block-image\">\n<figure class=\"aligncenter size-full\"><img decoding=\"async\" loading=\"lazy\" width=\"800\" height=\"571\" src=\"https:\/\/speyer24news.com\/wp-content\/uploads\/2024\/03\/Closwegbruecke@LBMSpeyer.jpg\" alt=\"\" class=\"wp-image-58254\" srcset=\"https:\/\/speyer24news.com\/wp-content\/uploads\/2024\/03\/Closwegbruecke@LBMSpeyer.jpg 800w, https:\/\/speyer24news.com\/wp-content\/uploads\/2024\/03\/Closwegbruecke@LBMSpeyer-300x214.jpg 300w, https:\/\/speyer24news.com\/wp-content\/uploads\/2024\/03\/Closwegbruecke@LBMSpeyer-768x548.jpg 768w\" sizes=\"(max-width: 800px) 100vw, 800px\" \/><\/figure><\/div>\n\n\n<p>Die noch ausstehenden Asphaltarbeiten sowie abschlie\u00dfenden Restarbeiten werden in der kommenden Woche abgeschlossen; von daher wird die neue Br\u00fccke nach einer Bauzeit von rund elf Monaten voraussichtlich Ende der 10. KW wieder f\u00fcr den Verkehr freigegeben. Das im Jahr 1966 erbaute Bauwerk stellte die wichtigste Verkehrsverbindung zwischen dem Stadtteil Vogelgesang und der Innenstadt dar. Aufgrund des Schadensumfangs und den wachsenden Anforderungen an Br\u00fcckenbauwerke war eine wirtschaftliche Instandsetzung der alten Br\u00fccke nicht mehr m\u00f6glich, so dass diese durch einen Neubau ersetzt werden musste.<\/p>\n\n\n\n<p>W\u00e4hrend den Bauarbeiten wurde der Closweg im Bereich der Br\u00fccke bis zur Fertigstellung der gesamten Ma\u00dfnahme f\u00fcr den Verkehr voll gesperrt. Hierf\u00fcr wurde eine inner\u00f6rtliche Umleitungsstrecke eingerichtet. Die Bundesstra\u00dfe 39 musste w\u00e4hrend der gesamten Bauzeit an drei Wochenenden voll gesperrt werden. Hierzu wurde der Verkehr gro\u00dfr\u00e4umig \u00fcber die B 39, L 722, A 61 und die B 9 umgeleitet. Ansonsten konnte der Verkehr auf der B 39 mit eingeschr\u00e4nkter Fahrbahnbreite ungehindert flie\u00dfen.<\/p>\n\n\n\n<p>Die gesamten Baukosten der Erneuerungsma\u00dfnahme belaufen sich auf rund 1,9 Mio. Euro.<br>Die Kosten tr\u00e4gt die Bundesrepublik Deutschland.<\/p>\n\n\n<div class=\"wp-block-image\">\n<figure class=\"alignleft size-full\"><img decoding=\"async\" loading=\"lazy\" width=\"400\" height=\"144\" src=\"https:\/\/speyer24news.com\/wp-content\/uploads\/2021\/03\/lbm.png\" alt=\"\" class=\"wp-image-34212\" srcset=\"https:\/\/speyer24news.com\/wp-content\/uploads\/2021\/03\/lbm.png 400w, https:\/\/speyer24news.com\/wp-content\/uploads\/2021\/03\/lbm-300x108.png 300w\" sizes=\"(max-width: 400px) 100vw, 400px\" \/><\/figure><\/div>\n\n\n<h4 class=\"wp-block-heading\">Ausf\u00fchrliche Informationen zur Baustelle finden Sie auch unter<\/h4>\n\n\n\n<p><a href=\"https:\/\/lbm.rlp.de\/de\/grossprojekte-themen\/grossprojekte\/b-39-closwegbruecke-speyer\/\" title=\"\"><strong>B 39, Closwegbr\u00fccke Speyer | Landesbetrieb Mobilit\u00e4t Rheinland-Pfalz (rlp.de)<\/strong><\/a><\/p>\n\n\n\n<p>Der Landesbetrieb Mobilit\u00e4t Speyer bedankt sich bei den Anwohnern sowie den Verkehrsteilnehmern f\u00fcr das w\u00e4hrend der Bauzeit aufgebrachte Verst\u00e4ndnis hinsichtlich der entstandenen L\u00e4rmbel\u00e4stigungen sowie den durch die Sperrungen verbundenen Verkehrsbehinderungen.<\/p>\n\n\n\n<p><em>Landesbetriebs Mobilit\u00e4t (LBM) Speyer<br>01.03.2024<\/em><\/p>\n\n\n\n<h2 class=\"wp-block-heading\">Domplatz gesperrt<\/h2>\n\n\n\n<p>Zur Aufstellung eines Krans f\u00fcr die Sanierung des Historischen Museums wird die Stra\u00dfe Domplatz entlang des Historischen Museums&nbsp;<strong>am 6. und 7. M\u00e4rz 2024 jeweils in der Zeit von 20 Uhr bis 6 Uhr<\/strong>&nbsp;voll gesperrt. Eine Umleitung wird eingerichtet.<\/p>\n\n\n\n<p>F\u00fcr R\u00fcckfragen steht die Stra\u00dfenverkehrsbeh\u00f6rde unter der Telefonnummer 14-2938 zur Verf\u00fcgung.<\/p>\n\n\n\n<p><em>Stadtverwaltung Speyer<br>28.02.2024<\/em><\/p>\n\n\n\n<h2 class=\"wp-block-heading\">Teilsperrung vor der Ro\u00dfmarktstra\u00dfe 39<\/h2>\n\n\n\n<p>Die Stadtverwaltung Speyer informiert, dass aufgrund einer Baustelleneinrichtung eine halbseitige Sperrung der Ro\u00dfmarktstra\u00dfe vor dem Haus Nr. 39&nbsp;<strong>bis voraussichtlich 13. M\u00e4rz 2024<\/strong>&nbsp;eingerichtet werden muss. Fu\u00dfg\u00e4nger*innen k\u00f6nnen die Ro\u00dfmarktstra\u00dfe weiterhin passieren; die Gesch\u00e4fte in der Ro\u00dfmarktstra\u00dfe sind von der Maximilianstra\u00dfe aus weiterhin erreichbar.<\/p>\n\n\n\n<p><em>Stadtverwaltung Speyer<br>16.02.2024<\/em><\/p>\n\n\n\n<h2 class=\"wp-block-heading\">Hilgardstra\u00dfe voll gesperrt<\/h2>\n\n\n\n<p>Wegen Arbeiten im Auftrag der Entsorgungsbetriebe und Stadtwerke Speyer wird die Hilgardstra\u00dfe zwischen der Neufferstra\u00dfe und Am Drachenturm&nbsp;<strong>ab Montag, 29. Januar 2024, bis voraussichtlich Freitag, 19. April 2024<\/strong>, f\u00fcr den Verkehr vollst\u00e4ndig gesperrt und beidseitig als Sackgasse ausgewiesen. Eine Umleitung wird eingerichtet.<\/p>\n\n\n\n<p>F\u00fcr R\u00fcckfragen steht die Stra\u00dfenverkehrsbeh\u00f6rde unter der Telefonnummer 06232-14-2938 zur Verf\u00fcgung.<\/p>\n\n\n\n<p><em>Stadtverwaltung Speyer<br>17.01.2024<\/em><\/p>\n\n\n\n<h2 class=\"wp-block-heading\">Carl-Goerdeler-Stra\u00dfe gesperrt<\/h2>\n\n\n\n<p>Aufgrund von Kanalarbeiten im Auftrag der Entsorgungsbetriebe Speyer wird die Carl-Goerdeler-Stra\u00dfe auf H\u00f6he der Hausnummern 4\u201312&nbsp;<strong>seit Montag, 8. Januar bis voraussichtlich 28. M\u00e4rz 2024<\/strong>&nbsp;f\u00fcr den Verkehr voll gesperrt.<\/p>\n\n\n\n<p>Die Stra\u00dfe wird beidseitig als Sackgasse ausgewiesen. Der Durchgang f\u00fcr Zufu\u00dfgehende ist weiterhin m\u00f6glich.<\/p>\n\n\n\n<p>F\u00fcr R\u00fcckfragen steht die Stra\u00dfenverkehrsbeh\u00f6rde unter der Rufnummer 14-2938 zur Verf\u00fcgung.<\/p>\n\n\n\n<p><em>Stadtverwaltung Speyer<br>08.01.2024<\/em><\/p>\n\n\n\n<h2 class=\"wp-block-heading\">Ge\u00e4nderte Verkehrsf\u00fchrung am Bahn\u00fcbergang Sch\u00fctzenstra\u00dfe nach Modernisierung durch die Deutsche Bahn<\/h2>\n\n\n\n<p>Wie am 13. Juli 2022 im gemeinsamen Verkehrsausschuss und Ausschuss f\u00fcr Stadtentwicklung, Bauen und Konversion mitgeteilt wurde, m\u00fcssen im Zuge der Modernisierung des Bahn\u00fcbergangs Sch\u00fctzenstra\u00dfe die derzeit bundesweit g\u00fcltigen Sicherheitsanforderungen umgesetzt werden. Hierbei gilt es, das Risiko eines R\u00fcckstaus auf den Gleisen auszuschlie\u00dfen.<\/p>\n\n\n\n<p>Hierzu bestehen gem\u00e4\u00df Planungen der Deutschen Bahn zwei M\u00f6glichkeiten: Ein sogenanntes vorgeschaltetes Lichtzeichen oder ein Verbot des Linksabbiegens mittels Verkehrszeichen. Wie sich im Verlauf der Modernisierungsarbeiten herausstellte, konnte die Deutsche Bahn das urspr\u00fcnglich bevorzugte vorgeschaltete Lichtzeichen nicht wie geplant bis zur Wiederinbetriebnahme des Bahn\u00fcbergangs installieren, da der Mast des vorgeschalteten Lichtzeichens aufgrund von Konflikten mit vorhandenen unterirdischen Leitungen nicht im \u00f6ffentlichen Stra\u00dfenraum platziert werden konnte. Bis eine L\u00f6sung zur Platzierung des Masts gefunden ist, muss demnach die Alternativvariante umgesetzt werden.<\/p>\n\n\n\n<p>Daher ist ab sofort ein Linksabbiegen von der Sch\u00fctzenstra\u00dfe in die Hasenstra\u00dfe nicht mehr zul\u00e4ssig. Die Zufahrt zum Oberk\u00e4mmerer-Gebiet erfolgt von S\u00fcden \u00fcber die Holzstra\u00dfe und die Br\u00fccke \u00fcber den Gie\u00dfh\u00fcbelbach oder \u00fcber den Bahn\u00fcbergang Alte Schwegenheimer Stra\u00dfe.<\/p>\n\n\n\n<p>Die Stadt Speyer bittet im Namen der Deutschen Bahn die Verkehrsteilnehmenden und Anwohnenden um Verst\u00e4ndnis f\u00fcr die Beeintr\u00e4chtigungen.<\/p>\n\n\n\n<p><em>Stadtverwaltung Speyer<br>02.09.2022<\/em><\/p>\n\n\n\n<h2 class=\"wp-block-heading\">Baustellen\u00fcbersicht der Stadt Speyer<\/h2>\n\n\n<div class=\"wp-block-image\">\n<figure class=\"aligncenter\"><img decoding=\"async\" loading=\"lazy\" width=\"800\" height=\"384\" src=\"https:\/\/speyer24news.com\/wp-content\/uploads\/2022\/03\/Baustelle-Speyer-Facebook.jpg\" alt=\"\" class=\"wp-image-43610\" srcset=\"https:\/\/speyer24news.com\/wp-content\/uploads\/2022\/03\/Baustelle-Speyer-Facebook.jpg 800w, https:\/\/speyer24news.com\/wp-content\/uploads\/2022\/03\/Baustelle-Speyer-Facebook-300x144.jpg 300w, https:\/\/speyer24news.com\/wp-content\/uploads\/2022\/03\/Baustelle-Speyer-Facebook-768x369.jpg 768w\" sizes=\"(max-width: 800px) 100vw, 800px\" \/><\/figure><\/div>\n\n\n<p>Ab sofort stellt die Stadt Speyer eine neue Baustellenliste zur Verf\u00fcgung, die die bisherige Kommunikation von laufenden und kommenden Baustellen erweitert und b\u00fcrgerfreundlicher gestaltet.<\/p>\n\n\n\n<p>Die bisher zur Verf\u00fcgung gestellte Liste \u201eAlle Baustellen\u201c f\u00fchrt alle Baustellen, die sich innerhalb des Speyerer Stadtgebiets befinden, stichpunktartig auf. Diese technische Liste gibt auch einen \u00dcberblick \u00fcber die betroffenen Sparten wie Strom, Gas, oder Wasser.<\/p>\n\n\n\n<p>Die nun neu hinzugekommene Liste \u201eWichtigste Baustellen\u201c beinhaltet Baustellen, von denen ein bedeutender Teil der Verkehrsteilnehmenden in Speyer signifikant betroffen ist, beispielsweise wegen ihrer lange Dauer und\/oder weil wichtige Stra\u00dfen im Netz betroffen sind. Es werden zus\u00e4tzlich zu den Baustellen im Speyerer Stadtgebiet auch wichtige Baustellen in der n\u00e4heren Umgebung aufgef\u00fchrt, beispielsweise auf der B9 und B39. Dar\u00fcber hinaus soll auch der in den Jahren 2023 und 2024 geplante Verkehrsversuch zum Postplatz Eingang in diese Auflistung finden. Neben dem voraussichtlichen Zeitraum und der Ursache werden auch die Umleitungen f\u00fcr die verschiedenen Verkehrsarten und bei Bedarf erg\u00e4nzende Informationen dargestellt. Am Ende der Liste findet sich ferner eine \u00dcbersicht zu m\u00f6glichen Ansprechpartner*innen.<\/p>\n\n\n\n<p>Die neue Baustellenliste ist chronologisch sortiert, sodass die B\u00fcrger*innen auf den ersten Blick neu hinzukommende Baustellen erkennen und f\u00fcr ihre n\u00e4chste Fahrt ber\u00fccksichtigen k\u00f6nnen \u2013 ohne frustriert erst an der Baustellenabsperrung wenden m\u00fcssen. Zeit- und nervenschonend f\u00fcr die B\u00fcrgerschaft \u2013 aber auch gut f\u00fcr die Umwelt, da unn\u00f6tiger Verkehr vermieden wird.<\/p>\n\n\n\n<p>Die \u00dcbersicht \u00fcber die Baustellensituation wird immer freitags aktualisiert und ist unter&nbsp;<a href=\"http:\/\/www.speyer.de\/baustellen\"><strong>www.speyer.de\/baustellen<\/strong><\/a>&nbsp;im NEWS-TICKER zu finden.<br>Des Weiteren gibt es auf der Baustellenseite der Stadt Speyer wie gewohnt detaillierte Informationen zu laufenden und kommenden Gro\u00dfbaustellen.<\/p>\n\n\n\n<p><em>Stadtverwaltung Speyer<br>18.03.2022<\/em><\/p>\n","protected":false},"excerpt":{"rendered":"<div class=\"mh-excerpt\"><p>Stadtnotizen Seniorenb\u00fcro Speyer Literaturfreunde: Lew N. Tolstois Novelle \u201eWieviel Erde braucht der Mensch?\u201c mit Vera Dreyer am 8. M\u00e4rz Vera Dreyer liest am Freitag, 8. M\u00e4rz 2024, 16 Uhr, bei den Literaturfreunden des Seniorenb\u00fcros aus <a class=\"mh-excerpt-more\" href=\"https:\/\/speyer24news.com\/?p=58252\" title=\"Stadtnotizen &amp; Verkehrsnotizen Speyer\">[&#8230;]<\/a><\/p>\n<\/div>","protected":false},"author":3,"featured_media":46477,"comment_status":"open","ping_status":"open","sticky":false,"template":"","format":"standard","meta":{"_monsterinsights_skip_tracking":false,"_monsterinsights_sitenote_active":false,"_monsterinsights_sitenote_note":"","_monsterinsights_sitenote_category":0,"footnotes":""},"categories":[15370,47],"tags":[15307,14555,13640,15429,17170,17688,7171,4810,385,17252,2310,15583,15582,15295,15374,16143,17687,7737,7262,13124,657,14546,1296,15094,17091,15524,658,1114],"aioseo_notices":[],"amp_enabled":true,"_links":{"self":[{"href":"https:\/\/speyer24news.com\/index.php?rest_route=\/wp\/v2\/posts\/58252"}],"collection":[{"href":"https:\/\/speyer24news.com\/index.php?rest_route=\/wp\/v2\/posts"}],"about":[{"href":"https:\/\/speyer24news.com\/index.php?rest_route=\/wp\/v2\/types\/post"}],"author":[{"embeddable":true,"href":"https:\/\/speyer24news.com\/index.php?rest_route=\/wp\/v2\/users\/3"}],"replies":[{"embeddable":true,"href":"https:\/\/speyer24news.com\/index.php?rest_route=%2Fwp%2Fv2%2Fcomments&post=58252"}],"version-history":[{"count":3,"href":"https:\/\/speyer24news.com\/index.php?rest_route=\/wp\/v2\/posts\/58252\/revisions"}],"predecessor-version":[{"id":58260,"href":"https:\/\/speyer24news.com\/index.php?rest_route=\/wp\/v2\/posts\/58252\/revisions\/58260"}],"wp:featuredmedia":[{"embeddable":true,"href":"https:\/\/speyer24news.com\/index.php?rest_route=\/wp\/v2\/media\/46477"}],"wp:attachment":[{"href":"https:\/\/speyer24news.com\/index.php?rest_route=%2Fwp%2Fv2%2Fmedia&parent=58252"}],"wp:term":[{"taxonomy":"category","embeddable":true,"href":"https:\/\/speyer24news.com\/index.php?rest_route=%2Fwp%2Fv2%2Fcategories&post=58252"},{"taxonomy":"post_tag","embeddable":true,"href":"https:\/\/speyer24news.com\/index.php?rest_route=%2Fwp%2Fv2%2Ftags&post=58252"}],"curies":[{"name":"wp","href":"https:\/\/api.w.org\/{rel}","templated":true}]}}