{"id":58263,"date":"2024-03-01T16:54:10","date_gmt":"2024-03-01T15:54:10","guid":{"rendered":"https:\/\/speyer24news.com\/?p=58263"},"modified":"2024-03-01T16:54:12","modified_gmt":"2024-03-01T15:54:12","slug":"polizeimeldungen-freitag-01-03-24","status":"publish","type":"post","link":"https:\/\/speyer24news.com\/?p=58263","title":{"rendered":"Polizeimeldungen Freitag (01.03.24)"},"content":{"rendered":"<style type=\"text\/css\">\r\n\t.ads_top_disp{}\r\n\t.ads_top_corner_disp{ float:left; margin:0px 10px 10px 0px; }\r\n\t.ads_first_p_disp{}\r\n\t.ads_bottom_disp{}\r\n\t<\/style>\n<h2 class=\"wp-block-heading\">Polizeimeldungen vom Freitag (01.03.2024)<\/h2>\n\n\n<div class=\"wp-block-image\">\n<figure class=\"aligncenter size-full\"><img decoding=\"async\" loading=\"lazy\" width=\"375\" height=\"500\" src=\"https:\/\/speyer24news.com\/wp-content\/uploads\/2022\/03\/Aktuelles-Polizeilogo.jpg\" alt=\"\" class=\"wp-image-43591\" srcset=\"https:\/\/speyer24news.com\/wp-content\/uploads\/2022\/03\/Aktuelles-Polizeilogo.jpg 375w, https:\/\/speyer24news.com\/wp-content\/uploads\/2022\/03\/Aktuelles-Polizeilogo-225x300.jpg 225w\" sizes=\"(max-width: 375px) 100vw, 375px\" \/><\/figure><\/div>\n\n\n<h2 class=\"wp-block-heading\">(Speyer) &#8211; Unfall mit verletzter Fu\u00dfg\u00e4ngerin<\/h2>\n\n\n<div class=\"wp-block-image\">\n<figure class=\"aligncenter size-full\"><img decoding=\"async\" loading=\"lazy\" width=\"801\" height=\"600\" src=\"https:\/\/speyer24news.com\/wp-content\/uploads\/2020\/05\/Zeugen-gesucht-Neutral.jpg\" alt=\"\" class=\"wp-image-26598\" srcset=\"https:\/\/speyer24news.com\/wp-content\/uploads\/2020\/05\/Zeugen-gesucht-Neutral.jpg 801w, https:\/\/speyer24news.com\/wp-content\/uploads\/2020\/05\/Zeugen-gesucht-Neutral-300x225.jpg 300w, https:\/\/speyer24news.com\/wp-content\/uploads\/2020\/05\/Zeugen-gesucht-Neutral-768x575.jpg 768w, https:\/\/speyer24news.com\/wp-content\/uploads\/2020\/05\/Zeugen-gesucht-Neutral-678x509.jpg 678w, https:\/\/speyer24news.com\/wp-content\/uploads\/2020\/05\/Zeugen-gesucht-Neutral-326x245.jpg 326w, https:\/\/speyer24news.com\/wp-content\/uploads\/2020\/05\/Zeugen-gesucht-Neutral-80x60.jpg 80w\" sizes=\"(max-width: 801px) 100vw, 801px\" \/><\/figure><\/div>\n\n\n<p>Am Donnerstag kam es zwischen 17:15 &#8211; 17:30 Uhr zu einem Unfall zwischen einem unbekannten PKW und einer Fu\u00dfg\u00e4ngerin in der Winternheimer Stra\u00dfe, nahe des Kreisverkehrs zu Lindenstra\u00dfe und Paul-Egell-Stra\u00dfe. Die 84-j\u00e4hrige Frau schob ihr Fahrrad vom Kreisverkehr kommend in Richtung der Winternheimer Stra\u00dfe. Auf H\u00f6he der Unterf\u00fchrung der B39 wurde sie von hinten durch einen unbekannten, hellen PKW angefahren und st\u00fcrzte mitsamt ihrem Fahrrad zu Boden. Der unbekannte Fahrer des PKW hatte daraufhin noch angehalten und stieg aus dem Fahrzeug aus. Nachdem er etwas zu der Frau gesagt hatte, stieg er wieder in seinen PKW und fuhr davon, ohne sich weiter um die 84-J\u00e4hrige zu k\u00fcmmern. Die Frau wurde vom Rettungsdienst in ein Krankenhaus, sie klagte \u00fcber Schmerzen im Beinbereich. <\/p>\n\n\n\n<ul>\n<li><strong>Den PKW konnte die Frau als hell, silber- oder graufarben beschreiben. <\/strong><\/li>\n\n\n\n<li><strong>Den Fahrer beschrieb sie als s\u00fcdl\u00e4ndischen Ph\u00e4notypen mit kurzen, dunklen Haaren und ca. 70 Jahre alt.<\/strong><\/li>\n<\/ul>\n\n\n\n<ul>\n<li><strong>Wer kann Hinweise zu dem Unfall oder dem hellen PKW geben? Zeugen, oder der PKW-Fahrer selbst, werden gebeten, sich mit der Polizei Speyer telefonisch oder per E-Mail (Tel. 06232 \/ 137-0, E-Mail an\u00a0<a href=\"mailto:%20pispeyer@polizei.rlp.de\">pispeyer@polizei.rlp.de<\/a>) in Verbindung zu setzen.<\/strong><\/li>\n<\/ul>\n\n\n\n<h2 class=\"wp-block-heading\">(Speyer) &#8211; Unfallflucht mit geparktem PKW, Zeugen gesucht<\/h2>\n\n\n\n<p>Im Zeitraum vom 26.02, gegen 19 Uhr bis 29.02., gegen 15 Uhr wurde ein ordnungsgem\u00e4\u00df am Fahrbahnrand geparkter, lilafarbener Peugeot Kleinwagen in der Theodor-Heuss-Stra\u00dfe am linken Fahrzeugheck besch\u00e4digt. Ein unbekannter Verkehrsteilnehmer touchierte den besagten Bereich des PKW und entfernte sich anschlie\u00dfend unerlaubt von der Unfallstelle.<\/p>\n\n\n\n<ul>\n<li><strong>Wer kann Hinweise zu dem Unfall geben? Zeugen, oder der Unfallverursacher selbst, werden gebeten, sich mit der Polizei Speyer telefonisch oder per E-Mail (Tel. 06232 \/ 137-0, E-Mail an\u00a0<a href=\"mailto:%20pispeyer@polizei.rlp.de\">pispeyer@polizei.rlp.de<\/a>) in Verbindung zu setzen.<\/strong><\/li>\n<\/ul>\n\n\n\n<h2 class=\"wp-block-heading\">(Schifferstadt) &#8211; Verkehrskontrollen<\/h2>\n\n\n\n<p>Am vergangenen Donnerstagmorgen f\u00fchrten Beamte und Beamtinnen der Polizeiinspektion Schifferstadt auf der L533 zwischen Waldsee und Altrip sowie auf der K30 zwischen Schifferstadt und Waldsee mehrere Geschwindigkeitskontrollen durch. Bei erlaubten 50 km\/h wurden auf der L533 insgesamt zw\u00f6lf Verkehrsteilnehmer festgestellt, die zu schnell waren. Bei erlaubten 70 km\/h auf der K30 wurden insgesamt 17 Verst\u00f6\u00dfe festgestellt, Spitzenreiter war ein Verkehrsteilnehmer mit gemessenen 107 km\/h. Dar\u00fcber hinaus wurden noch sieben Gurtverst\u00f6\u00dfe geahndet. Pech hatte ein 35-j\u00e4hriger Mann aus Waldsee. Bei einer \u00dcberpr\u00fcfung wurde festgestellt, dass gegen ihn ein Haftbefehl besteht. Nach Zahlung des offenstehenden Betrages wurde der Mann wieder auf freien Fu\u00df entlassen.<\/p>\n\n\n\n<h2 class=\"wp-block-heading\">(Mutterstadt) &#8211; Brand auf Recyclinghof<\/h2>\n\n\n\n<h3 class=\"wp-block-heading\">Gemeinsame Pressemitteilung der Staatsanwaltschaft Frankenthal\/Pfalz und des Polizeipr\u00e4sidiums Rheinpfalz<\/h3>\n\n\n<div class=\"wp-block-image\">\n<figure class=\"aligncenter size-full\"><img decoding=\"async\" loading=\"lazy\" width=\"800\" height=\"533\" src=\"https:\/\/speyer24news.com\/wp-content\/uploads\/2023\/02\/Symboldbild-Feuerwehr.jpg\" alt=\"\" class=\"wp-image-50884\" srcset=\"https:\/\/speyer24news.com\/wp-content\/uploads\/2023\/02\/Symboldbild-Feuerwehr.jpg 800w, https:\/\/speyer24news.com\/wp-content\/uploads\/2023\/02\/Symboldbild-Feuerwehr-300x200.jpg 300w, https:\/\/speyer24news.com\/wp-content\/uploads\/2023\/02\/Symboldbild-Feuerwehr-768x512.jpg 768w\" sizes=\"(max-width: 800px) 100vw, 800px\" \/><\/figure><\/div>\n\n\n<p>Am Donnerstag (29.02.2024) brach kurz nach 14 Uhr aus bislang ungekl\u00e4rter Ursache ein Feuer in einer Schreddermaschine auf einem Recyclinghof in der Stra\u00dfe &#8222;In der der Schlicht&#8220; in Mutterstadt aus. Der entstandene Schaden wird auf rund 500.000 Euro gesch\u00e4tzt.<\/p>\n\n\n\n<p>Die Staatsanwaltschaft Frankenthal und die Kriminalpolizei Ludwigshafen haben die Ermittlungen zur Bandursache aufgenommen.<\/p>\n\n\n\n<h2 class=\"wp-block-heading\">(Dudenhofen &amp; Otterstadt) &#8211; Diebst\u00e4hle aus PKW<\/h2>\n\n\n\n<p>Am 27.02.2024, gegen 02:20 Uhr \u00f6ffnete ein unbekannter T\u00e4ter einen unverschlossenen PKW vor einem Anwesen in der Maxburgstra\u00dfe in <strong>Dudenhofen <\/strong>und entwendete aus diesem 5 Euro Bargeld.<\/p>\n\n\n\n<p>In der Nacht auf Freitag, gegen 02:21 Uhr meldete ein Zeuge in der Nemeterstra\u00dfe in <strong>Otterstadt <\/strong>eine unbekannte m\u00e4nnliche Person, welche kurz zuvor an den T\u00fcrgriffen seines PKW gezogen hatte und sich anschlie\u00dfend wieder entfernte, da sich die T\u00fcren nicht haben \u00f6ffnen lassen. Der Zeuge konnte dies \u00fcber seine Klingelkamera beobachten. Durch die Polizei wurde kurze Zeit sp\u00e4ter ein 24-j\u00e4hriger Mann festgenommen, dessen Erscheinungsbild der Beschreibung des Zeugen entsprach. Er befand sich einem PKW einige Hausnummern weiter, zu dem er sich zuvor unberechtigt Zugang verschafft hatte. Bei der Durchsuchung des Mannes wurden diverse Gegenst\u00e4nde, wie Feuerzeug, Kaugummis, Lutschdragees, Gutschein f\u00fcr eine Autow\u00e4sche sowie 32 Euro M\u00fcnzgeld ein 10 Euroschein aufgefunden, welche h\u00e4ufig in Fahrzeugen mitgef\u00fchrt werden.<\/p>\n\n\n\n<ul>\n<li><strong>Wer hat zu oben genannten Zeitr\u00e4umen an den Tat\u00f6rtlichkeiten verd\u00e4chtige Wahrnehmungen gemacht, kann T\u00e4terhinweise oder sonstige sachdienliche Hinweise geben? Die Polizei bittet Zeugen um Mitteilung an Tel. 06232\/137-0 oder per E-Mail an\u00a0<a href=\"mailto:%20pispeyer@polizei.rlp.de\">pispeyer@polizei.rlp.de<\/a><\/strong><\/li>\n<\/ul>\n\n\n\n<h2 class=\"wp-block-heading\">(Lustadt) &#8211; Schulweg\u00fcberwachung<\/h2>\n\n\n\n<p>An der Grundschule in Germersheim \u00fcberwachte die Polizei und das Ordnungsamt am Donnerstagmorgen den Schulweg. Erfreulicherweise war das Anliefer- und Parkverhalten der &#8222;Elterntaxis&#8220; insgesamt sehr positiv.<\/p>\n\n\n\n<h2 class=\"wp-block-heading\">(Germersheim) &#8211; Warnung vor Diebst\u00e4hlen aus Auto<\/h2>\n\n\n\n<p>Am Mittwoch kam es im Stadtgebiet Germersheim (Mainzer Stra\u00dfe und August-Keiler-Stra\u00dfe) zu gleich zwei Diebst\u00e4hlen aus Fahrzeugen. Aus den beiden geparkten Autos entwendeten die bislang unbekannten T\u00e4ter mehrere Wertgegenst\u00e4nde. Dies f\u00fchrte bei den Gesch\u00e4digten zu Verwunderung, da s\u00e4mtliche Autot\u00fcren abgeschlossen waren und es keine Aufbruchspuren gab. Wir m\u00f6chten dies zum Anlass nehmen, um an eine bekannte Masche zu erinnern. Die Diebe nutzen sogenannte Jammer (&#8222;Blockierer&#8220;), mit denen sie den Schlie\u00dfimpuls der Fernbedienung st\u00f6ren, wenn der Fahrer sie im Weggehen bet\u00e4tigt &#8211; das Auto bleibt offen. Wir raten, nach dem Verlassen des Fahrzeugs immer zu \u00fcberpr\u00fcfen, ob die Fernbedienung die Zentralverriegelung auch wirklich aktiviert hat.<\/p>\n\n\n\n<h2 class=\"wp-block-heading\">(Bellheim) &#8211; Fahrradunfall mit Kind<\/h2>\n\n\n\n<p>Am Donnerstagmittag befuhr ein 10-j\u00e4hriger Fahrradfahrer den Gehweg auf der Hauptstra\u00dfe in Bellheim. Aufgrund eines Fahrfehlers st\u00fcrzte das Kind und musste mit Gesichtsverletzungen in ein Krankenhaus gebracht werden.<\/p>\n\n\n\n<h2 class=\"wp-block-heading\">(Neuburg) &#8211; Reifenstecher unterwegs<\/h2>\n\n\n\n<p>Mittwochnacht besch\u00e4digten unbekannte T\u00e4ter in der Schifferstra\u00dfe mehrere Fahrzeuge. Es wurden entsprechende Einstichstellen festgestellt.<\/p>\n\n\n\n<ul>\n<li><strong>Zeugen \/ weitere Gesch\u00e4digte werden gebeten sich mit der Polizei W\u00f6rth in Verbindung zu setzen.<\/strong><\/li>\n<\/ul>\n\n\n\n<h2 class=\"wp-block-heading\">(Landau) &#8211; Kleinkraftrad besch\u00e4digt \/ Zeugen gesucht<\/h2>\n\n\n<div class=\"wp-block-image\">\n<figure class=\"aligncenter size-full\"><img decoding=\"async\" loading=\"lazy\" width=\"801\" height=\"600\" src=\"https:\/\/speyer24news.com\/wp-content\/uploads\/2020\/05\/Zeugen-gesucht-Neutral.jpg\" alt=\"\" class=\"wp-image-26598\" srcset=\"https:\/\/speyer24news.com\/wp-content\/uploads\/2020\/05\/Zeugen-gesucht-Neutral.jpg 801w, https:\/\/speyer24news.com\/wp-content\/uploads\/2020\/05\/Zeugen-gesucht-Neutral-300x225.jpg 300w, https:\/\/speyer24news.com\/wp-content\/uploads\/2020\/05\/Zeugen-gesucht-Neutral-768x575.jpg 768w, https:\/\/speyer24news.com\/wp-content\/uploads\/2020\/05\/Zeugen-gesucht-Neutral-678x509.jpg 678w, https:\/\/speyer24news.com\/wp-content\/uploads\/2020\/05\/Zeugen-gesucht-Neutral-326x245.jpg 326w, https:\/\/speyer24news.com\/wp-content\/uploads\/2020\/05\/Zeugen-gesucht-Neutral-80x60.jpg 80w\" sizes=\"(max-width: 801px) 100vw, 801px\" \/><\/figure><\/div>\n\n\n<p>Am 29.02.2024 besch\u00e4digten unbekannte T\u00e4ter das Kleinkraftrad des 15-j\u00e4hrigen Gesch\u00e4digten, welches in der Langstra\u00dfe in Landau abgestellt war. Unter anderem wurde hierbei die Sitzbank zerschnitten und der Helm entwendet. Die Schadensh\u00f6he betr\u00e4gt circa 600 Euro. Der Tatzeitraum kann auf 30 Minuten eingegrenzt werden (19:40 Uhr &#8211; 20:10 Uhr). <\/p>\n\n\n\n<ul>\n<li><strong>Die Polizei bittet Zeugen, die Hinweise zu der Tat oder dem T\u00e4ter geben k\u00f6nnen, sich per Email an\u00a0<a href=\"mailto:%20pilandau@polizei.rlp.de\">pilandau@polizei.rlp.de<\/a>\u00a0oder telefonisch unter 06341-287-0 bei der Polizeiinspektion Landau zu melden.<\/strong><\/li>\n<\/ul>\n\n\n\n<h2 class=\"wp-block-heading\">(Landau) &#8211; T\u00fcren eingetreten \/ Zeugen gesucht<\/h2>\n\n\n<div class=\"wp-block-image\">\n<figure class=\"aligncenter size-full\"><img decoding=\"async\" loading=\"lazy\" width=\"801\" height=\"600\" src=\"https:\/\/speyer24news.com\/wp-content\/uploads\/2020\/05\/Zeugen-gesucht-Neutral.jpg\" alt=\"\" class=\"wp-image-26598\" srcset=\"https:\/\/speyer24news.com\/wp-content\/uploads\/2020\/05\/Zeugen-gesucht-Neutral.jpg 801w, https:\/\/speyer24news.com\/wp-content\/uploads\/2020\/05\/Zeugen-gesucht-Neutral-300x225.jpg 300w, https:\/\/speyer24news.com\/wp-content\/uploads\/2020\/05\/Zeugen-gesucht-Neutral-768x575.jpg 768w, https:\/\/speyer24news.com\/wp-content\/uploads\/2020\/05\/Zeugen-gesucht-Neutral-678x509.jpg 678w, https:\/\/speyer24news.com\/wp-content\/uploads\/2020\/05\/Zeugen-gesucht-Neutral-326x245.jpg 326w, https:\/\/speyer24news.com\/wp-content\/uploads\/2020\/05\/Zeugen-gesucht-Neutral-80x60.jpg 80w\" sizes=\"(max-width: 801px) 100vw, 801px\" \/><\/figure><\/div>\n\n\n<p>Am 29.02.2024 drangen unbekannte T\u00e4ter in die Wohnung des 25-j\u00e4hrigen Gesch\u00e4digten in der Trappengasse in Landau ein. Hierbei wurden zwei T\u00fcren eingetreten und der Briefkasten gewaltsam ge\u00f6ffnet. Entwendet wurde nichts. Die Schadensh\u00f6he betr\u00e4gt circa 300 Euro. Der Tatzeitraum kann auf 20 Minuten eingegrenzt werden (19:10 Uhr &#8211; 19:30 Uhr). <\/p>\n\n\n\n<ul>\n<li><strong>Die Polizei bittet Zeugen, die Hinweise zu der Tat oder dem T\u00e4ter geben k\u00f6nnen, sich per Email an\u00a0<a href=\"mailto:%20pilandau@polizei.rlp.de\">pilandau@polizei.rlp.de<\/a>\u00a0oder telefonisch unter 06341-287-0 bei der Polizeiinspektion Landau zu melden.<\/strong><\/li>\n<\/ul>\n\n\n\n<h2 class=\"wp-block-heading\">(Landau) &#8211; Betrunken Unfall verursacht<\/h2>\n\n\n\n<p>Am 29.02.2024 befuhr gegen 13:05 Uhr ein 63-j\u00e4hriger Ford-Fahrer die Maximilianstra\u00dfe in Richtung Paul-von-Denis-Stra\u00dfe in Landau. An einer roten Ampel fuhr er auf eine wartende 42-j\u00e4hrige Honda-Fahrerin auf. Bei dem 63-J\u00e4hrigen konnte bei der Unfallaufnahme Alkoholgeruch wahrgenommen werden. Ein Alkoholtest ergab einen Wert von 2,37 Promille. Daher wurde ihm auf der Dienststelle eine Blutprobe entnommen und sein F\u00fchrerschein sichergestellt. Die Schadenh\u00f6he betr\u00e4gt circa 500 Euro. Ein Strafverfahren wegen Stra\u00dfenverkehrsgef\u00e4hrdung wurde eingeleitet.<\/p>\n\n\n\n<h2 class=\"wp-block-heading\">(Kirrweiler) &#8211; Eigent\u00fcmer von E-Bike gesucht!<a href=\"https:\/\/www.facebook.com\/sharer.php?u=https%3A%2F%2Fwww.presseportal.de%2Fblaulicht%2Fpm%2F117686%2F5726149%2F%3Futm_source%3Dfacebook%26utm_medium%3Dsocial\"><\/a><a href=\"https:\/\/twitter.com\/intent\/tweet?text=POL-PDLD%3A%20Eigent%C3%BCmer%20von%20E-Bike%20gesucht%21&amp;url=https%3A%2F%2Fwww.presseportal.de%2Fblaulicht%2Fpm%2F117686%2F5726149%2F%3Futm_source%3Dtwitter%26utm_medium%3Dsocial&amp;hashtags=ots&amp;lang=de\"><\/a><a href=\"https:\/\/web.whatsapp.com\/send?text=POL-PDLD%3A%20Eigent%C3%BCmer%20von%20E-Bike%20gesucht%21%0A%0Ahttps%3A%2F%2Fwww.presseportal.de%2Fblaulicht%2Fpm%2F117686%2F5726149%2F%3Futm_source%3Dwhatsapp%26utm_medium%3Dsocial\"><\/a><a href=\"https:\/\/www.xing.com\/app\/user?op=share;url=https%3A%2F%2Fwww.presseportal.de%2Fblaulicht%2Fpm%2F117686%2F5726149%2F%3Futm_source%3Dxing%26utm_medium%3Dsocial\"><\/a><a href=\"http:\/\/www.linkedin.com\/shareArticle?mini=true&amp;url=https%3A%2F%2Fwww.presseportal.de%2Fblaulicht%2Fpm%2F117686%2F5726149%2F%3Futm_source%3Dlinkedin%26utm_medium%3Dsocial&amp;title=POL-PDLD%3A+Eigent%C3%BCmer+von+E-Bike+gesucht%21\"><\/a><a href=\"mailto:?subject=POL-PDLD%3A%20Eigent%C3%BCmer%20von%20E-Bike%20gesucht%21&amp;body=https:\/\/www.presseportal.de\/blaulicht\/pm\/117686\/5726149\"><\/a><\/h2>\n\n\n<div class=\"wp-block-image\">\n<figure class=\"aligncenter\"><a href=\"https:\/\/cache.pressmailing.net\/thumbnail\/story_hires\/76225884-fdf7-414e-b347-9a9f9f98032d\/E-Bike.jpeg.jpg\"><img decoding=\"async\" src=\"https:\/\/cache.pressmailing.net\/thumbnail\/story_big\/76225884-fdf7-414e-b347-9a9f9f98032d\/pol-pdld-eigent-mer-von-e-bike-gesucht\" alt=\"POL-PDLD: Eigent\u00fcmer von E-Bike gesucht!\"\/><\/a><\/figure><\/div>\n\n\n<p>Gesucht wird von der Polizei in Edenkoben der Eigent\u00fcmer eines blauen E-Bikes der Marke Bulls. An dem in Kirrweiler am Bahnhof abgestellten E-Bike wurde das Schaltwerk entwendet. <\/p>\n\n\n\n<ul>\n<li><strong>Der Eigent\u00fcmer oder Zeugen, die Angaben diesbez\u00fcglich machen k\u00f6nnen, werden gebeten sich bei der Polizei in Edenkoben zu melden.<\/strong><\/li>\n<\/ul>\n\n\n\n<h2 class=\"wp-block-heading\">(Bobenheim-Roxheim) &#8211; Erstmeldung Einbruch in Wohnhaus mit T\u00e4terkontakt<\/h2>\n\n\n<div class=\"wp-block-image\">\n<figure class=\"aligncenter size-large\"><img decoding=\"async\" loading=\"lazy\" width=\"1024\" height=\"941\" src=\"https:\/\/speyer24news.com\/wp-content\/uploads\/2020\/07\/Maskierter-T\u00e4ter-1024x941-1024x941.jpg\" alt=\"\" class=\"wp-image-28719\" srcset=\"https:\/\/speyer24news.com\/wp-content\/uploads\/2020\/07\/Maskierter-T\u00e4ter-1024x941.jpg 1024w, https:\/\/speyer24news.com\/wp-content\/uploads\/2020\/07\/Maskierter-T\u00e4ter-1024x941-300x276.jpg 300w, https:\/\/speyer24news.com\/wp-content\/uploads\/2020\/07\/Maskierter-T\u00e4ter-1024x941-768x706.jpg 768w\" sizes=\"(max-width: 1024px) 100vw, 1024px\" \/><figcaption class=\"wp-element-caption\">Symbolbild \u00dcberfall \/ Zeugen gesucht, dient lediglich der Visualisierung<\/figcaption><\/figure><\/div>\n\n\n<p>Am 01.03.2024, gegen 11.20 Uhr, wurde von einem Zeugen ein Einbruch in ein Wohnhaus in der Bahnhofstra\u00dfe gemeldet. Durch den Zeugen wurden drei Personen mit Kapuze auf der Dachterrasse des Anwesens festgestellt. Nachdem er diese ansprach, fl\u00fcchteten diese in Richtung Bahnhof. Durch weitere Zeugen wurde mitgeteilt, dass die drei Personen in einen Pkw gestiegen seien und in Richtung Ernst-Roth-Stra\u00dfe davonfuhren. Bei dem Fahrzeug soll es sich um einen <strong>schwarzen VW Passat<\/strong> gehandelt haben. Trotz sofort eingeleiteter Fahndungsma\u00dfnahmen konnte der Pkw nicht mehr festgestellt werden. Bei der Tatortaufnahme konnte festgestellt werden, dass im Obergeschoss ein Fenster eingeschlagen war und das Schlafzimmer durchw\u00fchlt war. Zur Tatbeute kann derzeit noch keine Auskunft gegeben werden. Zeugen werden gebeten, sich mit der Polizei in Frankenthal in Verbindung zu setzen.<\/p>\n\n\n\n<ul>\n<li><strong>Zeugen werden gebeten sich an die Polizeiinspektion Frankenthal unter der Tel.-Nr.: 06233\/313-0 oder an die Polizeiwache Maxdorf unter der Tel.-Nr.: 06237\/934-1100 zu wenden. Gerne nehmen wir Ihre Hinweise auch per E-Mail unter\u00a0<a href=\"mailto:%20pifrankenthal@polizei.rlp.de\">pifrankenthal@polizei.rlp.de<\/a>\u00a0entgegen.<\/strong><\/li>\n<\/ul>\n\n\n\n<h2 class=\"wp-block-heading\">(Gr\u00fcnstadt) &#8211; Zahlreiche Verkehrsverst\u00f6\u00dfe<\/h2>\n\n\n\n<p>Am Freitag, 01.03.2024 in der Zeit zwischen 12:30 Uhr und 13:30 Uhr wurden im Bereich des Mitfahrerparkplatzes in Gr\u00fcnstadt Verkehrskontrollen durchgef\u00fchrt. In 11 F\u00e4llen wurde aufgrund der verbotswidrigen Nutzung eines Mobiltelefons w\u00e4hrend der Fahrt ein Bu\u00dfgeldverfahren eingeleitet. In 4 weiteren F\u00e4llen wurden Kontrollaufforderungen ausgestellt.<\/p>\n\n\n\n<h2 class=\"wp-block-heading\">(Gr\u00fcnstadt) &#8211; Zwei Betrugsversuche<\/h2>\n\n\n\n<p>Am Freitagmorgen, 01.03.2023 wurden bei der Polizeiinspektion Gr\u00fcnstadt zwei Betrugsversuche zur Anzeige gebracht. Hierbei erhielten ein 88-j\u00e4hriger Gesch\u00e4digter sowie eine 90-j\u00e4hrige Gesch\u00e4digte aus Gr\u00fcnstadt Anrufe eines angeblichen Polizeibeamten. Der Anrufer gab in den Telefonaten vor, dass ein Einbrecher festgenommen wurde, welcher eine Liste mitf\u00fchrte, auf der auch die Adressen der Gesch\u00e4digten aufgef\u00fchrt seien. Aufgrund dessen gehe man davon aus, dass in der Zukunft auch bei den Angerufenen eingebrochen werden k\u00f6nnte. Der Anrufer fragte die Gesch\u00e4digten, ob sie Bargeld, Goldm\u00fcnzen oder sonstige Wertgegenst\u00e4nde zuhause h\u00e4tten und erhoffte sich somit, Informationen \u00fcber die Gesch\u00e4digten zu erlangen. Beide Gesch\u00e4digten handelten umsichtig, indem sie keinerlei Informationen preisgaben und das Gespr\u00e4ch beendeten, weshalb es in keinem Fall zu einem Schaden kam.<\/p>\n\n\n\n<ul>\n<li><strong>Die Polizei warnt eindringlich davor, pers\u00f6nliche Angaben sowie Ausk\u00fcnfte \u00fcber Bargeld und Wertgegenst\u00e4nde am Telefon zu machen.<\/strong><\/li>\n\n\n\n<li><strong>Die Polizei weist ausdr\u00fccklich daraufhin, dass sie niemals B\u00fcrgerinnen und B\u00fcrger am Telefon dazu auffordert, Ausk\u00fcnfte \u00fcber ihre Verm\u00f6gensverh\u00e4ltnisse oder die Aufbewahrung von Wertsachen zu geben.<\/strong><\/li>\n<\/ul>\n\n\n\n<h4 class=\"wp-block-heading\"><em>Tipps zur Kriminalpr\u00e4vention finden Sie unter\u00a0<a href=\"https:\/\/www.polizei-beratung.de\/\" target=\"_blank\" rel=\"noreferrer noopener\">www.polizei-beratung.de<\/a><\/em><\/h4>\n\n\n\n<h2 class=\"wp-block-heading\">(Pr\u00e4sidialbereich Rheinpfalz) &#8211; Polizeipr\u00e4sidium Rheinpfalz \/ Verkehrsunfallbilanz des Jahres 2023: Leichter Anstieg der Unfallzahlen<\/h2>\n\n\n<div class=\"wp-block-image\">\n<figure class=\"aligncenter size-full\"><img decoding=\"async\" loading=\"lazy\" width=\"800\" height=\"600\" src=\"https:\/\/speyer24news.com\/wp-content\/uploads\/2021\/06\/Unfall-Polizei.jpg\" alt=\"\" class=\"wp-image-38279\" srcset=\"https:\/\/speyer24news.com\/wp-content\/uploads\/2021\/06\/Unfall-Polizei.jpg 800w, https:\/\/speyer24news.com\/wp-content\/uploads\/2021\/06\/Unfall-Polizei-300x225.jpg 300w, https:\/\/speyer24news.com\/wp-content\/uploads\/2021\/06\/Unfall-Polizei-768x576.jpg 768w, https:\/\/speyer24news.com\/wp-content\/uploads\/2021\/06\/Unfall-Polizei-678x509.jpg 678w, https:\/\/speyer24news.com\/wp-content\/uploads\/2021\/06\/Unfall-Polizei-326x245.jpg 326w, https:\/\/speyer24news.com\/wp-content\/uploads\/2021\/06\/Unfall-Polizei-80x60.jpg 80w\" sizes=\"(max-width: 800px) 100vw, 800px\" \/><\/figure><\/div>\n\n\n<p>Die Anzahl der Verkehrsunf\u00e4lle 2023 ist, im Vergleich zum Vorjahr, leicht angestiegen. Lag die Gesamtzahl der Verkehrsunf\u00e4lle im Jahr 2022 noch bei 28.709, so sind im Jahr 2023 insgesamt 29.741 Verkehrsunf\u00e4lle zu verzeichnen. Dies entspricht einem Anstieg von 3,6 Prozent. In der Langzeitbetrachtung liegen die Verkehrsunfallzahlen jedoch in den meisten Bereichen im Mehrjahresdurchschnitt. Nach dem starken R\u00fcckgang der Unfallzahlen in den vergangenen Jahren, n\u00e4hern sich diese \u00fcberwiegend wieder an das Niveau vor der Corona-Pandemie an. Die Zahl der Verungl\u00fcckten stieg um etwa 3 Prozent: von 3.985 im Jahr 2022 auf 4.100 Personen im Jahr 2023. 35 Personen wurden im Zusammenhang mit Verkehrsunf\u00e4llen t\u00f6dlich verletzt (2022: 27), 526 Personen wurden schwer verletzt (2022: 560) und 3.539 Personen leicht verletzt (2022: 3.398). Hier zeigt sich im Bereich der Schwer- und Leichtverletzten im Vergleich zum Jahr vor der Corona-Pandemie ein leichter R\u00fcckgang der Zahlen. Bei den t\u00f6dlichen Verkehrsunf\u00e4llen verzeichnen wir hingegen im Langzeitvergleich einen Anstieg. Im Jahr 2019 verungl\u00fcckten insgesamt 4.263 Personen, hiervon 33 t\u00f6dlich. 687 Personen wurden schwer und 3.543 Personen leicht verletzt.<\/p>\n\n\n\n<p>Verkehrsunfallentwicklung mit Blick auf verschiedene Risikogruppen: Bei den Risikogruppen Kinder (0 &#8211; 14 Jahre), junge Fahrende (im Alter von 18 &#8211; 24 Jahren) sowie Seniorinnen und Senioren \u00fcber 65 konnte ein Anstieg der Verkehrsunfallzahlen im Vergleich zu den Vorjahren registriert werden, das Niveau der Zahlen aus 2019 wurde aber noch nicht erreicht. Bei den Fahrenden von motorisierten Zweir\u00e4dern, von Pedelecs oder Fahrr\u00e4dern ist ein leichter R\u00fcckgang der Verkehrsunfallzahlen zu verzeichnen.<\/p>\n\n\n\n<p>Die aufgenommenen Verkehrsunf\u00e4lle mit Beteiligung von Kindern stieg um fast 6 Prozent auf 406 Unf\u00e4lle an. Im Jahr 2022 waren es noch 384 Verkehrsunf\u00e4lle. Hierbei verungl\u00fcckten insgesamt 320 Kinder. Ein Kind wurde im Zusammenhang mit einem Verkehrsunfall get\u00f6tet (2022: 0); 21 Kinder wurden schwer verletzt (2022: 21) und 298 leicht verletzt (2022: 264).<\/p>\n\n\n\n<p>Die Risikogruppe junge Fahrende (18 &#8211; 24-J\u00e4hrige) war an 5.550 Verkehrsunf\u00e4llen beteiligt (+2,3 Prozent; 2022: 5.423 Unf\u00e4lle). Ebenso stiegen die Verkehrsunfallzahlen der Risikogruppe Senioren (Personen ab 65 Jahren) auf 7.010; 2022 waren 6.623 Senioren in Verkehrsunf\u00e4lle verwickelt. Dies entspricht einem Anstieg von 5,8 Prozent. 2023 verungl\u00fcckten 16 Personen \u00fcber 65 Jahren bei Verkehrsunf\u00e4llen t\u00f6dlich. Dies stellt fast die H\u00e4lfte aller t\u00f6dlich Verungl\u00fcckten im Jahr 2023 dar (35 Verkehrstote insgesamt).<\/p>\n\n\n\n<p>Verkehrsunf\u00e4lle mit Pedelecs oder Fahrr\u00e4dern registrierten wir auf \u00e4hnlichem Niveau wie im Vorjahr. W\u00e4hrend es im Jahr 2022 noch 1.510 Unf\u00e4lle waren, reduzierte sich die Zahl auf 1.497 (-0,86 Prozent). Von insgesamt 35 Verkehrstoten im Jahr 2023 sind hiervon 10 der Risikogruppe der Rad- und Pedelecfahrenden zuzuordnen, somit verstarben 2023 drei Menschen mehr als im Vorjahr (2022: 7). Schwer verletzt wurden im Jahr 2023 159 (2022: 190), leicht verletzt 936 Personen (2022: 989).<\/p>\n\n\n\n<p>Seit 2020 nehmen der Verkauf und die Leihangebote von sogenannten &#8222;E-Scootern&#8220; stetig zu. Diese Entwicklung spiegelt sich auch in den Verkehrsunfallzahlen wider. In den letzten drei Jahren haben sich die Verkehrsunf\u00e4lle in Zusammenhang mit E-Scootern nahezu vervierfacht (2023: 120; 2020: 34).<\/p>\n\n\n\n<p>Fahrerinnen und Fahrer motorisierter Zweir\u00e4der waren seltener in Verkehrsunf\u00e4lle verwickelt als im Vorjahr (2023: 541 &#8211; 2022 waren es 573 F\u00e4lle). Die Anzahl von drei t\u00f6dlich Verungl\u00fcckten im Jahr 2022 stieg jedoch 2023 auf 7; schwer verletzt wurden 93 (2022: 118), leicht verletzt 263 Personen (2022: 267).<\/p>\n\n\n\n<p>Die Gesamtzahl der Unf\u00e4lle mit Beteiligung von Schwerverkehr sank um 7,9 Prozent bei einer Anzahl von 2.974 (2022: 3.228). Auch wenn die absoluten Unfallzahlen im Vergleich zum Vorjahr angestiegen sind, liegen sie mit Blick auf die altersbezogenen Risikogruppen unter dem Niveau der Jahre vor der Corona-Pandemie.<\/p>\n\n\n\n<h4 class=\"wp-block-heading\">Hauptunfallursache ist weiter Abstand:<\/h4>\n\n\n\n<p>Die h\u00e4ufigste Unfallursache 2023 war ein zu geringer Sicherheitsabstand. Bei 9.705 Unf\u00e4llen, dies entspricht 32,6% anteilig an der Gesamtunfallzahl, wurde kein ausreichender Sicherheitsabstand eingehalten (2022: 9.352). Hierunter fallen sowohl Verkehrsunf\u00e4lle, welche aufgrund nicht ausreichendem Sicherheitsabstand zum Vorausfahrenden verursacht wurden, als auch solche, die sich durch einen ungen\u00fcgenden Seitenabstand ereigneten.<\/p>\n\n\n\n<p>Auch \u00fcberh\u00f6hte Geschwindigkeit bleibt mit einem Anteil von 6,9% weiter eine Hauptunfallursache. Aufgrund nicht angepasster oder \u00fcberh\u00f6hter Geschwindigkeit wurden 2.062 Verkehrsunf\u00e4lle registriert. Im Jahr 2022 waren dies noch 1.896 (+8,8%) Verkehrsunf\u00e4lle.<\/p>\n\n\n\n<p>Bei Verkehrsunf\u00e4llen unter der Einwirkung berauschender Mittel konnte insgesamt ein R\u00fcckgang festgestellt werden. Insgesamt waren bei 641 Verkehrsunf\u00e4llen berauschende Mittel, also Alkohol, Drogen und\/oder Medikamente urs\u00e4chlich f\u00fcr den Unfall (2022: 694). Dies entspricht einer Abnahme von etwa 8 Prozent. Bei der Unfallursache Alkohol sank die Anzahl der registrierten Unf\u00e4lle von 623 aus dem Jahr 2022 auf 563*. Die Zahl der Verkehrsunf\u00e4lle mit der Ursache Drogeneinfluss stieg hingegen um 10 Prozent (2023:121, 2022: 110; Anmerkung: Bei einem Mischkonsum von Alkohol und Drogen kommt es zu einer statistischen Doppelerfassung).<\/p>\n\n\n\n<h4 class=\"wp-block-heading\">Verkehrsunfallpr\u00e4vention 2023:<\/h4>\n\n\n\n<p>Die Reduzierung von Verkehrsunf\u00e4llen und die Minimierung von Unfallfolgen waren auch im vergangenen Jahr Schwerpunkte der polizeilichen Pr\u00e4ventionsarbeit. Neben der Erh\u00f6hung der Verkehrssicherheit durch Verkehrskontrollen, wollen wir auch die im Zusammenhang mit dem Stra\u00dfenverkehr entstehenden Risiken fortlaufend ins \u00f6ffentliche Bewusstsein r\u00fccken und nochmals verdeutlichen. Dabei wollen wir durch zielgruppen- und ursachenorientierte Pr\u00e4ventionsma\u00dfnahmen die Verkehrsunfallrisiken minimieren und die Anzahl der Verkehrsunf\u00e4lle sowie die schweren Unfallfolgen reduzieren. Hierzu wurden pr\u00e4sidialweit Pr\u00e4ventionsma\u00dfnahmen durchgef\u00fchrt.<\/p>\n\n\n\n<p>Beispielsweise erreichte die Polizeipuppenb\u00fchne mit ihrer Kriminal- und Verkehrspr\u00e4ventionsarbeit 1.636 Kinder und 455 Erwachsene. Die Jugendverkehrsschule beschulte mit der Radfahrausbildung 8.091 Kinder. Im Jahr 2023 konnten mit dem Pr\u00e4ventionsangebot &#8222;Drogen im Stra\u00dfenverkehr&#8220; 44 Schulklassen mit 1.091 Sch\u00fclerinnen und Sch\u00fclern erreicht werden. Zur Verhinderung von Verkehrsunf\u00e4llen unter dem Einfluss berauschender Mittel, f\u00fchrten Polizeikr\u00e4fte des Polizeipr\u00e4sidiums verst\u00e4rkt Verkehrskontrollen durch. Hierbei wurden 1.642 Fahrzeugf\u00fchrende unter Alkoholeinfluss und 1.094 Fahrerinnen und Fahrer unter dem Einfluss von Drogen festgestellt. Dar\u00fcber hinaus konnten Polizeikr\u00e4fte in 562 F\u00e4llen verhindern, dass berauschte Personen mit einem Fahrzeug am Stra\u00dfenverkehr teilnahmen.<\/p>\n\n\n\n<p>Im Jahr 2023 wurde im Dienstbezirk des Polizeipr\u00e4sidiums Rheinpfalz die Geschwindigkeit von ca. 26 Millionen Fahrzeugen durch Geschwindigkeitsmessanlagen gemessen. Daraus resultierten 430.159 Bu\u00dfgelder oder Verwarnungen. Dar\u00fcber hinaus wurden 2.946 Antr\u00e4ge auf Fahrverbote gestellt.<\/p>\n\n\n\n<p>Das Polizeipr\u00e4sidium Rheinpfalz beteiligte sich zudem an Kontrollwochen des europaweiten Polizeinetzwerks ROADPOL (<a target=\"_blank\" rel=\"noreferrer noopener\" href=\"https:\/\/www.roadpol.eu\/\">www.roadpol.eu<\/a>). Mit der &#8222;Vision Zero&#8220; verfolgen wir dabei das langfristige europaweite Ziel, die Zahl der Verkehrsunfalltoten auf nahezu Null zu senken.<\/p>\n\n\n\n<h4 class=\"wp-block-heading\"><em>Das Lagebild zur Verkehrsunfallstatistik 2023 mit ausf\u00fchrlichen Informationen zur Unfalllage und den polizeilichen Ma\u00dfnahmen finden Sie auf unserer Internetseite\u00a0<a href=\"https:\/\/s.rlp.de\/YSXrl\" target=\"_blank\" rel=\"noreferrer noopener\">https:\/\/s.rlp.de\/YSXrl<\/a>\u00a0. (Verkehrsstatistik f\u00fcr den Raum Ludwigshafen)<\/em><\/h4>\n\n\n\n<h2 class=\"wp-block-heading\">(Ludwigshafen) &#8211; In Garage eingebrochen<\/h2>\n\n\n\n<p>Ein E-Bike und ein E-Scooter wurden in der Nacht auf Freitag (01.03.2024), zwischen 2:30 Uhr und 05:20 Uhr, aus einer Garage in der Friedrichstra\u00dfe gestohlen. Die Schadensh\u00f6he wird auf rund 5.000 Euro gesch\u00e4tzt. Um zur Garage zu gelangen, mussten die bislang unbekannten T\u00e4ter ein etwa 2m hohes Hoftor \u00fcberwinden.<\/p>\n\n\n\n<ul>\n<li><strong>Wir bitten um Hinweise aus der Bev\u00f6lkerung. Wer kann Angaben zur Tat, den T\u00e4tern oder einem m\u00f6glichen Fluchtfahrzeug machen? Wer hat z.B. beobachtet, wie die Unbekannten das Tor \u00fcberwunden haben oder in welche Richtung sie geflohen sind? Hinweise bitte an die Polizeiinspektion Ludwigshafen 2, Telefonnummer 0621 963-2222 oder per E-Mail\u00a0<a href=\"mailto:%20piludwigshafen2@polizei.rlp.de\">piludwigshafen2@polizei.rlp.de<\/a>\u00a0.<\/strong><\/li>\n<\/ul>\n\n\n\n<h2 class=\"wp-block-heading\">(Ludwigshafen) &#8211; Auseinandersetzung in Host-Schork-Stra\u00dfe \/ Zeugenhinweise erbeten<\/h2>\n\n\n<div class=\"wp-block-image\">\n<figure class=\"aligncenter size-full\"><img decoding=\"async\" loading=\"lazy\" width=\"800\" height=\"533\" src=\"https:\/\/speyer24news.com\/wp-content\/uploads\/2021\/11\/Schlaegerei.jpg\" alt=\"\" class=\"wp-image-42366\" srcset=\"https:\/\/speyer24news.com\/wp-content\/uploads\/2021\/11\/Schlaegerei.jpg 800w, https:\/\/speyer24news.com\/wp-content\/uploads\/2021\/11\/Schlaegerei-300x200.jpg 300w, https:\/\/speyer24news.com\/wp-content\/uploads\/2021\/11\/Schlaegerei-768x512.jpg 768w\" sizes=\"(max-width: 800px) 100vw, 800px\" \/><figcaption class=\"wp-element-caption\">Beispielbild Schl\u00e4gerei \/ K\u00f6rperverletzung, dient lediglich der Visualisierung<\/figcaption><\/figure><\/div>\n\n\n<p>In der Horst-Schork-Stra\u00dfe kam es am 29.02.2024, gegen 18:35 Uhr, zu einer Auseinandersetzung zwischen mehreren Personen, das meldete ein Zeuge. Im Verlauf des Streits sei ein bislang Unbekannter zun\u00e4chst geschlagen und dann mit einem waffen\u00e4hnlichen Gegenstand bedroht worden. Die Beteiligten seien im Anschluss in <strong>einem Audi und einem hellen Kleinwagen<\/strong> davongefahren.<\/p>\n\n\n\n<ul>\n<li><strong>Bei den Beteiligten soll es sich um eine Gruppe aus mindestens 5-6 m\u00e4nnlichen Personen gehandelt haben. Alle seien etwa 18-20 Jahre alt gewesen.<\/strong><\/li>\n<\/ul>\n\n\n\n<ul>\n<li><strong>Sie haben den Vorfall ebenfalls beobachtet oder k\u00f6nnen n\u00e4here Angaben zu den jungen M\u00e4nnern machen? Hinweise bitte an die Polizeiinspektion Ludwigshafen 2, Telefonnummer 0621 963-2222 oder per E-Mail\u00a0<a href=\"mailto:%20piludwigshafen2@polizei.rlp.de\">piludwigshafen2@polizei.rlp.de<\/a>\u00a0.<\/strong><\/li>\n<\/ul>\n\n\n\n<h2 class=\"wp-block-heading\">(Ludwigshafen) &#8211; Mit Pfefferspray verletzt<\/h2>\n\n\n<div class=\"wp-block-image\">\n<figure class=\"aligncenter size-full\"><img decoding=\"async\" loading=\"lazy\" width=\"800\" height=\"605\" src=\"https:\/\/speyer24news.com\/wp-content\/uploads\/2023\/10\/Pfefferspray-Spray-Reizgas.jpg\" alt=\"\" class=\"wp-image-55357\" srcset=\"https:\/\/speyer24news.com\/wp-content\/uploads\/2023\/10\/Pfefferspray-Spray-Reizgas.jpg 800w, https:\/\/speyer24news.com\/wp-content\/uploads\/2023\/10\/Pfefferspray-Spray-Reizgas-300x227.jpg 300w, https:\/\/speyer24news.com\/wp-content\/uploads\/2023\/10\/Pfefferspray-Spray-Reizgas-768x581.jpg 768w, https:\/\/speyer24news.com\/wp-content\/uploads\/2023\/10\/Pfefferspray-Spray-Reizgas-80x60.jpg 80w\" sizes=\"(max-width: 800px) 100vw, 800px\" \/><\/figure><\/div>\n\n\n<p>Bei einem Streit zwischen Jugendlichen im Alter von 14 bis 17 Jahren wurde am Donnerstagabend (29.02.2024, 18 Uhr) ein 14-J\u00e4hriger leicht durch Pfefferspray verletzt. Er wurde medizinisch versorgt. Zur Auseinandersetzung war es am Hans-Warsch-Platz gekommen. W\u00e4hrend des Handgemenges wurde das Pfefferspray verspr\u00fcht. <\/p>\n\n\n\n<ul>\n<li><strong>Da die Angaben der Jugendlichen widerspr\u00fcchlich sind, bitte die Polizeiinspektion Ludwigshafen 1 um Zeugenhinweise unter Telefonnummer 0621 963-2122 oder per E-Mail\u00a0<a href=\"mailto:%20piludwigshafen1@polizei.rlp.de\">piludwigshafen1@polizei.rlp.de<\/a>.<\/strong><\/li>\n<\/ul>\n\n\n\n<h2 class=\"wp-block-heading\">(Ludwigshafen) &#8211; Verteilerkasten besch\u00e4digt \/ Zeugen gesucht<\/h2>\n\n\n\n<p>In der Zeit vom 28.02.2024, 9 Uhr, bis zum 29.02.2024, 12:30 Uhr, besch\u00e4digten Unbekannte einen Strom- und Telefonverteilerkasten in der Bruchwiesenstra\u00dfe. Der Schaden bel\u00e4uft sich auf rund 300 Euro.<\/p>\n\n\n\n<ul>\n<li><strong>Haben Sie die Tat beobachtet oder k\u00f6nnen Sie Hinweise geben?<\/strong><\/li>\n\n\n\n<li><strong>Hinweise bitte an die Polizeiinspektion Ludwigshafen 1, Telefonnummer 0621 963-2122 oder per E-Mail\u00a0<a href=\"mailto:%20piludwigshafen1@polizei.rlp.de\">piludwigshafen1@polizei.rlp.de<\/a>\u00a0.<\/strong><\/li>\n<\/ul>\n\n\n\n<h2 class=\"wp-block-heading\">(Ludwigshafen) &#8211; E-Scooter-Fahrer leicht verletzt<\/h2>\n\n\n\n<p>Eine 54-j\u00e4hrige Autofahrerin wollte am 29.02.2024, gegen 12 Uhr, von der Burgundenstra\u00dfe in die Valentin-Bauer-Stra\u00dfe abbiegen. Dabei stie\u00df sie mit einem 55-j\u00e4hrigen E-Scooter-Fahrer zusammen, der in entgegengesetzter Richtung auf dem Fahrradschutzstreifen fuhr. Der 55-J\u00e4hrige wurde leicht verletzt. Der Sachschaden wird auf etwa 750 Euro gesch\u00e4tzt.<\/p>\n\n\n\n<h2 class=\"wp-block-heading\">(Ludwigshafen) &#8211; Versuchte Erpressung nach &#8222;Sex-Chat&#8220;<\/h2>\n\n\n<div class=\"wp-block-image\">\n<figure class=\"aligncenter size-full\"><img decoding=\"async\" loading=\"lazy\" width=\"800\" height=\"600\" src=\"https:\/\/speyer24news.com\/wp-content\/uploads\/2021\/04\/Sextortion.jpg\" alt=\"\" class=\"wp-image-35258\" srcset=\"https:\/\/speyer24news.com\/wp-content\/uploads\/2021\/04\/Sextortion.jpg 800w, https:\/\/speyer24news.com\/wp-content\/uploads\/2021\/04\/Sextortion-300x225.jpg 300w, https:\/\/speyer24news.com\/wp-content\/uploads\/2021\/04\/Sextortion-768x576.jpg 768w, https:\/\/speyer24news.com\/wp-content\/uploads\/2021\/04\/Sextortion-678x509.jpg 678w, https:\/\/speyer24news.com\/wp-content\/uploads\/2021\/04\/Sextortion-326x245.jpg 326w, https:\/\/speyer24news.com\/wp-content\/uploads\/2021\/04\/Sextortion-80x60.jpg 80w\" sizes=\"(max-width: 800px) 100vw, 800px\" \/><\/figure><\/div>\n\n\n<p>Ein 38-J\u00e4hriger aus Ludwigshafen lernte am Donnerstag (29.02.2024) \u00fcber Facebook eine unbekannte Frau kennen und chattete mit ihr \u00fcber den Messenger. Bei einem Videoanruf zeigte sich die Frau freiz\u00fcgig und forderte den 38-J\u00e4hrigen auf sich ebenfalls zu entkleiden. Nach dem Chat erpresste die Unbekannte den Mann und drohte damit, Aufnahmen von dem Videochat zu ver\u00f6ffentlichen, wenn er nicht die geforderte Summe von 6.500 Euro zahle. Der Mann ging nicht auf die Forderung ein und erstattete Anzeige bei der Polizei.<\/p>\n\n\n\n<p>Beachten Sie die Tipps Ihrer Polizei, um sich vor &#8222;sexueller Erpressung&#8220; zu sch\u00fctzen:<\/p>\n\n\n\n<ul>\n<li><strong>Nehmen Sie keine Freundschaftsanfragen von fremden Personen an.<\/strong><\/li>\n\n\n\n<li><strong>Pr\u00fcfen Sie regelm\u00e4\u00dfig Ihre Account- und Privatsph\u00e4reeinstellungen.<\/strong><\/li>\n\n\n\n<li><strong>Seien Sie zur\u00fcckhaltend mit der Ver\u00f6ffentlichung pers\u00f6nlicher Daten wie Anschrift, Geburtsdatum oder Arbeitgeber.<\/strong><\/li>\n\n\n\n<li><strong>Stimmen Sie nicht vorschnell einem Videochat zu.<\/strong><\/li>\n\n\n\n<li><strong>Im Zweifel: kleben Sie die Chatkamera zun\u00e4chst ab, um lediglich verbal zu kommunizieren und das Geschehen zu beobachten.<\/strong><\/li>\n\n\n\n<li><strong>Stimmen Sie keinen Entbl\u00f6\u00dfungen oder intimen Handlungen in Videochats zu, wenn Sie die Person erst seit kurzem kennen.<\/strong><\/li>\n\n\n\n<li><strong>Halten Sie Betriebs- sowie Virenschutzsysteme auf Ihren online-genutzten Endger\u00e4ten wie Smartphone, Laptop, Tablet oder Computer immer auf dem aktuellen Stand, um sich vor Schadsoftware, sogenannter Malware, zu sch\u00fctzen. Es gibt Malware, die Ihre Webcam problemlos aktiviert und Sie damit jederzeit filmen kann.<\/strong><\/li>\n<\/ul>\n\n\n\n<h4 class=\"wp-block-heading\">Falls Sie bereits erpresst werden:<\/h4>\n\n\n\n<ul>\n<li><strong>\u00dcberweisen Sie kein Geld. Die Erpressung h\u00f6rt nach der Zahlung meist nicht auf.<\/strong><\/li>\n\n\n\n<li><strong>Erstatten Sie Anzeige bei der Polizei.<\/strong><\/li>\n\n\n\n<li><strong>Kontaktieren Sie den Betreiber der Seite und veranlassen Sie, dass das Bildmaterial gel\u00f6scht wird. Nicht angemessene Inhalte kann man dem Seitenbetreiber meist \u00fcber eigens hierf\u00fcr eingerichtete Buttons melden.<\/strong><\/li>\n\n\n\n<li><strong>Brechen Sie den Kontakt zu der anonymen Person sofort ab, reagieren Sie nicht auf Nachrichten.<\/strong><\/li>\n\n\n\n<li><strong>Sichern Sie die Chatverl\u00e4ufe und Nachrichten mittels Screenshot. <\/strong><\/li>\n<\/ul>\n\n\n\n<h4 class=\"wp-block-heading\"><em>Weitere Informationen zu dem Thema erhalten Sie unter:\u00a0<a href=\"https:\/\/www.polizei-beratung.de\/\" target=\"_blank\" rel=\"noreferrer noopener\">www.polizei-beratung.de<\/a><\/em><\/h4>\n\n\n\n<h2 class=\"wp-block-heading\">(Ludwigshafen) &#8211; Mehrere Diebst\u00e4hle aus Autos<\/h2>\n\n\n\n<p>Am Donnerstag (29.02.2024) wurden der Polizei Ludwigshafen mehrere Diebst\u00e4hle aus Autos gemeldet.<\/p>\n\n\n\n<p>In der Nacht von Mittwoch auf Donnerstag stahlen Unbekannte ein Messer aus einem geparkten Golf in der Almenstra\u00dfe. Im gleichen Zeitraum wurde aus einem geparkten Ford Mondeo Kleingeld und die Zulassungsbescheinigung gestohlen. Der Schaden bel\u00e4uft sich in beiden F\u00e4llen auf rund 10 &#8211; 20 Euro.<\/p>\n\n\n\n<p>Ebenfalls in der Nacht auf Donnerstag durchw\u00fchlten Unbekannte einen Mercedes Benz in der Neuh\u00f6fer Stra\u00dfe. Gestohlen wurde hier nach ersten Erkenntnissen nichts.<\/p>\n\n\n\n<p>Zwei hochwertige Taschen mit Bargeld und Dokumenten wurden in der Nacht auf Donnerstag aus einem geparkten Toyota in der Entenstra\u00dfe gestohlen. Der entstandene Schaden wird auf rund 2.400 Euro gesch\u00e4tzt. An alle vier Autos konnten keine Aufbruchspuren festgestellt werden. Wie der oder die T\u00e4ter die Autos \u00f6ffnen konnten oder ob diese nicht abgeschlossen waren, ist Bestandteil der Ermittlungen.<\/p>\n\n\n\n<h2 class=\"wp-block-heading\">(Ludwigshafen) &#8211; Kleinkraftrad gestohlen<\/h2>\n\n\n\n<p>In der Nacht von Mittwoch (28.02.2024, 20:30 Uhr) auf Donnerstag (29.02.2024, 7 Uhr) wurde das Kleinkraftrad der Marke Alpha-Motors gestohlen. Dieses parkte zur fraglichen Zeit in der B\u00fcrgermeister-Fries-Stra\u00dfe. Eine genaue Schadensh\u00f6he steht bislang nicht fest.<\/p>\n\n\n\n<ul>\n<li><strong>Hinweise bitte an die Polizeiinspektion Ludwigshafen 2, Telefonnummer 0621 963-2222 oder per E-Mail\u00a0<a href=\"mailto:%20piludwigshafen2@polizei.rlp.de\">piludwigshafen2@polizei.rlp.de<\/a>\u00a0.<\/strong><\/li>\n<\/ul>\n\n\n\n<h2 class=\"wp-block-heading\">(Mannheim) &#8211; Urteile im Marktplatz-Prozess \/ Weiteres Vorgehen im disziplinarrechtlichen Verfahren beim Polizeipr\u00e4sidium Mannheim<\/h2>\n\n\n<div class=\"wp-block-image\">\n<figure class=\"aligncenter size-full\"><img decoding=\"async\" loading=\"lazy\" width=\"800\" height=\"600\" src=\"https:\/\/speyer24news.com\/wp-content\/uploads\/2021\/05\/hammer-802296_1920.jpg\" alt=\"\" class=\"wp-image-36242\" srcset=\"https:\/\/speyer24news.com\/wp-content\/uploads\/2021\/05\/hammer-802296_1920.jpg 800w, https:\/\/speyer24news.com\/wp-content\/uploads\/2021\/05\/hammer-802296_1920-300x225.jpg 300w, https:\/\/speyer24news.com\/wp-content\/uploads\/2021\/05\/hammer-802296_1920-768x576.jpg 768w, https:\/\/speyer24news.com\/wp-content\/uploads\/2021\/05\/hammer-802296_1920-678x509.jpg 678w, https:\/\/speyer24news.com\/wp-content\/uploads\/2021\/05\/hammer-802296_1920-326x245.jpg 326w, https:\/\/speyer24news.com\/wp-content\/uploads\/2021\/05\/hammer-802296_1920-80x60.jpg 80w\" sizes=\"(max-width: 800px) 100vw, 800px\" \/><\/figure><\/div>\n\n\n<p>Am Freitag wurden durch das Landgericht Mannheim die Urteile im Verfahren gegen zwei Polizeibeamte nach einem tragischen Todesfall eines 47-J\u00e4hrigen bei einem Polizeieinsatz am Mannheimer Marktplatz am 2. Mai 2022 gef\u00e4llt. Mit Eintritt der Rechtskraft der Urteile werden beim Polizeipr\u00e4sidium Mannheim auch die Disziplinarverfahren gegen die beiden Polizeibeamten weitergef\u00fchrt. Es handelt sich beim Disziplinarverfahren um ein unabh\u00e4ngiges Verfahren, bei welchem die f\u00fcr Beamtinnen und Beamte geltenden Regelungen und Pflichten betrachtet werden. Hierzu werden zun\u00e4chst die justiziellen Akten analysiert und in der Folge die weiteren f\u00fcr die Polizei g\u00fcltigen Regelungen gepr\u00fcft. Die tats\u00e4chlichen Feststellungen des Urteils sind im Disziplinarverfahren bindend und werden mitaufgenommen.<\/p>\n\n\n\n<h2 class=\"wp-block-heading\">(Mannheim \/ Heidelberg) &#8211; Umfangreiche Kontrollma\u00dfnahmen an den Haupt- und Fernbusbahnh\u00f6fen<\/h2>\n\n\n<div class=\"wp-block-image\">\n<figure class=\"aligncenter size-full\"><img decoding=\"async\" loading=\"lazy\" width=\"800\" height=\"447\" src=\"https:\/\/speyer24news.com\/wp-content\/uploads\/2022\/09\/Kontrolle-2.jpg\" alt=\"\" class=\"wp-image-49124\" srcset=\"https:\/\/speyer24news.com\/wp-content\/uploads\/2022\/09\/Kontrolle-2.jpg 800w, https:\/\/speyer24news.com\/wp-content\/uploads\/2022\/09\/Kontrolle-2-300x168.jpg 300w, https:\/\/speyer24news.com\/wp-content\/uploads\/2022\/09\/Kontrolle-2-768x429.jpg 768w\" sizes=\"(max-width: 800px) 100vw, 800px\" \/><\/figure><\/div>\n\n\n<p>Am Donnerstag dem 29.02.2024 f\u00fchrte das Polizeipr\u00e4sidium Mannheim gemeinsam mit der Bundespolizeiinspektion Karlsruhe zwischen 12 und 20 Uhr gro\u00dfangelegte Kontrollen durch. Schwerpunkt der Aktion war es, in den Bahnh\u00f6fen und deren Umfeld gegen Eigentumsdelikte, Drogenkriminalit\u00e4t und Ordnungsst\u00f6rungen vorzugehen. In Mannheim und in Heidelberg wurden insgesamt 283 Personen kontrolliert und 13 Straftaten festgestellt. Bei einer der kontrollierten Personen bestand eine europ\u00e4ische Fahndungsausschreibung. Insgesamt wurden in diesem Rahmen 117 Personen kontrolliert.<\/p>\n\n\n\n<p>Doch nicht nur die Bahnhofsgeb\u00e4ude und deren Vorpl\u00e4tze standen im Fokus der Kontrollen. An den naheliegenden Fernbusbahnh\u00f6fen nahmen die Beamtinnen und Beamten ankommende Reisebusse unter die Lupe. Dabei stand nicht nur die Suche nach Straft\u00e4tern unter den Fernbusfahrern im Mittelpunkt &#8211; Spezialisten der Verkehrspolizeiinspektion pr\u00fcften insgesamt 36 Fernbusse auf Leib und Nieren. Beim technischen Zustand sowie den Ruhezeiten der Busfahrer wurden zahlreiche M\u00e4ngel festgestellt. Ein Fernreisebus wurde aufgrund technischer M\u00e4ngel einem Sachverst\u00e4ndigen vorgef\u00fchrt und nach dessen Begutachtung als verkehrsunsicher eingestuft. Eine Weiterfahrt wurde dem Unternehmen untersagt.<\/p>\n\n\n\n<h4 class=\"wp-block-heading\">Insgesamt konnten bei den Kontrollma\u00dfnahmen nachfolgende Verst\u00f6\u00dfe festgestellt und geahndet werden:<\/h4>\n\n\n\n<ul>\n<li><strong>10 Verst\u00f6\u00dfe gegen das BtMG<\/strong><\/li>\n\n\n\n<li><strong>1 Versto\u00df gegen das Umsatzsteuergesetz<\/strong><\/li>\n\n\n\n<li><strong>2 Verst\u00f6\u00dfe gegen das AufenthG<\/strong><\/li>\n\n\n\n<li><strong>4 Ausschreibungen zur Aufenthaltsermittlung<\/strong><\/li>\n\n\n\n<li><strong>1 Versto\u00df gegen das WaffG<\/strong><\/li>\n\n\n\n<li><strong>1 Versto\u00df gegen eine r\u00e4umliche Beschr\u00e4nkung<\/strong><\/li>\n<\/ul>\n\n\n\n<p>Die Hauptbahnh\u00f6fe beider St\u00e4dte werden t\u00e4glich von tausenden Menschen frequentiert. Das Polizeipr\u00e4sidium Mannheim und die Bundespolizeiinspektion Karlsruhe werden ihre Kontrollen fortsetzen, damit sich Reisende an diesen Pl\u00e4tzen sicher f\u00fchlen k\u00f6nnen.<\/p>\n\n\n\n<h2 class=\"wp-block-heading\">(Mannheim) &#8211; Fahrzeug f\u00e4hrt gegen Baum und verletzt Radfahrerin<\/h2>\n\n\n\n<h3 class=\"wp-block-heading has-text-align-center\">Pressemeldung Nr. 2<\/h3>\n\n\n\n<p>Wie bereits berichtet&nbsp;<a target=\"_blank\" rel=\"noreferrer noopener\" href=\"http:\/\/presseportal.de\/blaulicht\/pm\/14915\/5725137\">http:\/\/presseportal.de\/blaulicht\/pm\/14915\/5725137<\/a>&nbsp;kam es am Donnerstag zu einem Unfall in der Germaniastra\u00dfe.<\/p>\n\n\n\n<p>Eine 17-j\u00e4hrige Radfahrerin befuhr um 14:42 Uhr die Luisenstra\u00dfe in Neckarau und bog nach links in die Germaniastra\u00dfe ab. Eine entgegenkommende 83-j\u00e4hrige Fahrerin eines Seat wurde von der tiefstehenden Sonne derart geblendet, dass sie die Radfahrerin \u00fcbersah und das Hinterrad der Jugendlichen erwischte. Die 17-J\u00e4hrige wurde hierdurch auf die Stra\u00dfe geworfen. Nach der Kollision trat die Seniorin vermutlich versehentlich auf das Gaspedal und lenkte ihr Auto nach rechts in einen geparkten Pkw. Der geparkte Peugeot wiederum wies den Seat durch den Aufprall in einen Baum ab, welcher ebenfalls in Mitleidenschaft gezogen wurde.<\/p>\n\n\n\n<p>Die Jugendliche wurde schwer, aber nicht lebensgef\u00e4hrlich, die Seniorin leicht verletzt in ein nahegelegenes Krankenhaus transportiert.<\/p>\n\n\n\n<p>Die Gesamtschadensh\u00f6he der Fahrzeuge, des Rades und des Baumes belaufen sich auf mehrere tausend Euro im vierstelligen Bereich.<\/p>\n\n\n\n<p>Der Verkehrsdienst Mannheim des Polizeipr\u00e4sidiums Mannheim hat die Ermittlungen eingeleitet.<\/p>\n\n\n\n<h2 class=\"wp-block-heading\">(Mannheim) &#8211; Farbschmierereien in der Sportanlage Gartenschauweg \/ Polizei sucht Zeugen<\/h2>\n\n\n\n<p>Zu einem nicht n\u00e4her bestimmbaren Zeitpunkt zwischen Dienstagabend und Mittwochnachmittag verunstaltete eine bislang noch unbekannte T\u00e4terschaft die Einrichtungen der Sportanlage im Stadtteil Mannheim-Oststadt im Gartenschauweg mit insgesamt f\u00fcnf Farbschmierereien. Diese wurden in Schriftform mit schwarzer Spr\u00fchfarbe auf W\u00e4nde und Plakate aufgebracht. Die dadurch entstandene Schadenh\u00f6he ist bislang noch nicht bekannt. Die Polizei nahm die Ermittlungen wegen Sachbesch\u00e4digung auf.<\/p>\n\n\n\n<ul>\n<li><strong>Zeugen, die sachdienliche Hinweise geben k\u00f6nnen, werden gebeten, sich beim polizeilichen Hinweistelefon unter der Telefonnummer 0621\/174-4444 zu melden.<\/strong><\/li>\n<\/ul>\n\n\n\n<h2 class=\"wp-block-heading\">(Heidelberg-Ziegelhausen) &#8211; Polizeihubschrauber aufgrund Suche nach vermisster Person im Einsatz<\/h2>\n\n\n<div class=\"wp-block-image\">\n<figure class=\"aligncenter size-full\"><img decoding=\"async\" loading=\"lazy\" width=\"800\" height=\"600\" src=\"https:\/\/speyer24news.com\/wp-content\/uploads\/2020\/07\/Hubschrauber-bei-Personensuche.jpg\" alt=\"\" class=\"wp-image-29175\" srcset=\"https:\/\/speyer24news.com\/wp-content\/uploads\/2020\/07\/Hubschrauber-bei-Personensuche.jpg 800w, https:\/\/speyer24news.com\/wp-content\/uploads\/2020\/07\/Hubschrauber-bei-Personensuche-300x225.jpg 300w, https:\/\/speyer24news.com\/wp-content\/uploads\/2020\/07\/Hubschrauber-bei-Personensuche-768x576.jpg 768w, https:\/\/speyer24news.com\/wp-content\/uploads\/2020\/07\/Hubschrauber-bei-Personensuche-678x509.jpg 678w, https:\/\/speyer24news.com\/wp-content\/uploads\/2020\/07\/Hubschrauber-bei-Personensuche-326x245.jpg 326w, https:\/\/speyer24news.com\/wp-content\/uploads\/2020\/07\/Hubschrauber-bei-Personensuche-80x60.jpg 80w\" sizes=\"(max-width: 800px) 100vw, 800px\" \/><figcaption class=\"wp-element-caption\">Polizeihubschrauber bei Suchma\u00dfnahme in der Nacht, Bilddient lediglich der Visualisierung<\/figcaption><\/figure><\/div>\n\n\n<p>Derzeit befindet sich im Bereich Heidelberg Schlierbach\/Ziegelhausen, aufgrund der Suche nach einer vermissten Person, ein Polizeihubschrauber im Einsatz. (<em>01.03.2024 \u2013 03:49<\/em>)<\/p>\n\n\n\n<h3 class=\"wp-block-heading has-text-align-center\">Suche nach vermisster Person mit Polizeihubschrauber beendet \/ Pressemeldung Nr. 2<\/h3>\n\n\n\n<p>Die Suche im Bereich Heidelberg, Schlierbach\/Ziegelhausen nach einer vermissten Person, bei welcher auch ein Polizeihubschrauber zum Einsatz kam, ist beendet. (<em>01.03.2024 \u2013 04:45<\/em>)<\/p>\n\n\n\n<h2 class=\"wp-block-heading\">(Heidelberg) &#8211; Unachtsamkeit f\u00fchrte zu einem Verkehrsunfall mit gro\u00dfem Sachschaden<\/h2>\n\n\n\n<p>Am Donnerstag gegen 11:00 Uhr achtete der 43-j\u00e4hrige Fahrer eines gro\u00dfen LKW\u00b4s bei einem Fahrstreifenwechsel nicht gen\u00fcgend auf den seitlich rechts hinter ihm fahrenden Verkehr und schrammte in der Berliner Stra\u00dfe auf H\u00f6he eines Forschungszentrums in Richtung Erst-Walz-Br\u00fccke den Fiat einer 53-J\u00e4hrigen. Das Auto wurde dabei aufgrund der ungleichen Gr\u00f6\u00dfen-und Gewichtsverh\u00e4ltnisse um 180 Grad herumgedreht und kam schlussendlich entgegen der Fahrtrichtung zum Stehen. Dabei wurde die komplette linke Seite besch\u00e4digt. Der PKW war danach nicht mehr fahrbereit. Die Fahrerin wurde leicht verletzt und zur ambulanten Behandlung in ein Krankenhaus verbracht. Am LKW wurde durch Unfall ein Trittbrett besch\u00e4digt. Der Schaden wird mit etwa 100 Euro beziffert, w\u00e4hrend dem PKW ein Sachschaden von etwa 3.000 Euro zuzuschreiben ist. Die Fahrbahn musste aufgrund der Unfallaufnahme und Bergung des Fahrzeugs vor\u00fcbergehend gesperrt werden.<\/p>\n\n\n\n<h2 class=\"wp-block-heading\">(Plankstadt \/ Rhein-Neckar-Kreis) &#8211; Nach Verkehrsunfallflucht Zeugen gesucht<\/h2>\n\n\n\n<p>Am Donnerstag suchte eine 18-J\u00e4hrige das Polizeirevier Schwetzingen auf, um Anzeige wegen Verkehrsunfallflucht zu ersttaten. Bereits am Morgen gegen 07:40 Uhr fuhr die 18-J\u00e4hrige mit ihrem Fahrrad die Paul-B\u00f6nner-Stra\u00dfe in Fahrtrichtung Friedrichstra\u00dfe entlang. Als sie daraufhin nach links auf den Waldpfad abbiegen wollte, \u00fcberholte sie pl\u00f6tzlich ein bislang unbekannter Autofahrer und streifte sie, sodass sie das Gleichgewicht verlor und zu Boden st\u00fcrzte. Hierdurch verletzte sich die 18-J\u00e4hrige leicht. Der Unbekannte fl\u00fcchtete von der \u00d6rtlichkeit. Ein \u00e4lteres Ehepaar wurde auf die am Boden liegende Frau aufmerksam und eilten ihr zur Hilfe. Eine Hinzuziehung der Polizei lehnte die 18-J\u00e4hrige jedoch aufgrund ihres Schockzustandes ab und suchte erst zu einem sp\u00e4teren Zeitpunkt das Polizeirevier auf. Ob das hilfeleistende Ehepaar den Unfallhergang beobachten konnte, ist bislang nicht bekannt.<\/p>\n\n\n\n<ul>\n<li><strong>Bei dem Fahrzeug des Unbekannten soll es sich um ein schwarzes Cabrio mit Heidelberger Zulassung gehandelt haben.<\/strong><\/li>\n\n\n\n<li><strong>Zeugen, insbesondere das zur Hilfe eilende Ehepaar, werden gebeten, sich unter der Tel.: 06202\/288-0 zu melden.<\/strong><\/li>\n<\/ul>\n\n\n\n<h2 class=\"wp-block-heading\">(A 5 \/ Walldorf \/ Rhein-Neckar-Kreis) &#8211; Auffahrunfall im stockenden Verkehr<\/h2>\n\n\n\n<p>Bei einem Verkehrsunfall auf der A5 wurde am Donnerstagmorgen eine 27-j\u00e4hrige Frau leicht verletzt. Sie war mit ihrem Mercedes in Richtung Frankfurt unterwegs, als sie aufgrund stockenden Verkehrs auf H\u00f6he des Parkplatzes &#8222;Bandholz&#8220; anhalten musste. Ein nachfolgender 20-j\u00e4hriger Ford-Fahrer bemerkte zu sp\u00e4t, dass der Mercedes stoppte. Durch den Aufprall wurde die 27-J\u00e4hrige leicht verletzt. Der Gesamtschaden liegt bei 8.000 Euro.<\/p>\n\n\n\n<h2 class=\"wp-block-heading\">(Eberbach \/ Rhein-Neckar-Kreis) &#8211; Opel-Fahrer missachtet Vorfahrt und verursacht Unfall<\/h2>\n\n\n\n<p>Am Donnerstag, um 23:20 Uhr, fuhr ein 23-j\u00e4hriger Opel-Fahrer die Zwingerstra\u00dfe in Fahrtrichtung Neckarstra\u00dfe entlang. Am dortigen Einm\u00fcndungsbereich missachtete der 23-J\u00e4hrige die Vorfahrt einer 21-j\u00e4hrigen VW-Fahrerin und kollidierte mit dieser. Hierdurch entstand ein Gesamtschaden von knapp 23.000 Euro. Aufgrund der Besch\u00e4digungen war der VW nicht mehr fahrbereit und musste abgeschleppt werden. Gl\u00fccklicherweise wurde niemand verletzt.<\/p>\n\n\n\n<h2 class=\"wp-block-heading\">(A 5 \/ Schriesheim \/ Rhein-Neckar-Kreis) &#8211; Fahrstreifenwechsel f\u00fchrt zu Unfall mit einem Verletzten<\/h2>\n\n\n\n<p>Ein 62-J\u00e4hriger fuhr am Donnerstag mit einem Ford auf der linken Spur der BAB 5 in Richtung Frankfurt. Auf der H\u00f6he der Anschlussstelle Ladenburg kam es gegen 12 Uhr zu einem Auffahrunfall mit einem Dacia, der zuvor von der rechten auf die linke Spur wechselte. Durch die Kollision kam der Dacia ins Schleudern und schrammte an den Betongleitw\u00e4nden, welche die zwei Fahrtrichtungen trennen, entlang. Kurz danach wurde das Auto nach rechts abgewiesen, wo es letztendlich auf dem Standstreifen zum Stehen kam. Der 70-j\u00e4hrige Fahrer des Dacias kam leicht verletzt in ein Krankenhaus. Der 62-j\u00e4hrige Fahrer des Fords wurde nach derzeitigem Kenntnisstand nicht verletzt. Er wurde jedoch vorsorglich f\u00fcr weitere Untersuchungen ebenfalls in ein Krankenhaus transportiert. Beide Fahrzeuge mussten abgeschleppt werden. Der durch den Unfall entstandene Gesamtschaden wird auf 6.500 Euro gesch\u00e4tzt. Da die beiden Autofahrer widerspr\u00fcchliche Aussagen zum Unfallgeschehen machten, nahm der Verkehrsdienst Mannheim die Ermittlungen auf.<\/p>\n\n\n\n<h2 class=\"wp-block-heading\">(Schriesheim \/ Rhein-Neckar-Kreis) &#8211; Illegale M\u00fcllablagerung \/ Ca. 50 Altreifen auf Parkplatz entsorgt &#8211; Polizei sucht Zeugen<a href=\"https:\/\/www.facebook.com\/sharer.php?u=https%3A%2F%2Fwww.presseportal.de%2Fblaulicht%2Fpm%2F14915%2F5725943%2F%3Futm_source%3Dfacebook%26utm_medium%3Dsocial\"><\/a><a href=\"https:\/\/twitter.com\/intent\/tweet?text=POL-MA%3A%20Schriesheim%2FRhein-Neckar-Kreis%3A%20Illegale%20M%C3%BCllablagerung%20-%20Ca.%2050%20Altreifen%20auf%20Parkplatz%20entsorgt%20-%20Polizei%20sucht%20Zeugen&amp;url=https%3A%2F%2Fwww.presseportal.de%2Fblaulicht%2Fpm%2F14915%2F5725943%2F%3Futm_source%3Dtwitter%26utm_medium%3Dsocial&amp;hashtags=ots&amp;lang=de\"><\/a><a href=\"https:\/\/web.whatsapp.com\/send?text=POL-MA%3A%20Schriesheim%2FRhein-Neckar-Kreis%3A%20Illegale%20M%C3%BCllablagerung%20-%20Ca.%2050%20Altreifen%20auf%20Parkplatz%20entsorgt%20-%20Polizei%20sucht%20Zeugen%0A%0Ahttps%3A%2F%2Fwww.presseportal.de%2Fblaulicht%2Fpm%2F14915%2F5725943%2F%3Futm_source%3Dwhatsapp%26utm_medium%3Dsocial\"><\/a><a href=\"https:\/\/www.xing.com\/app\/user?op=share;url=https%3A%2F%2Fwww.presseportal.de%2Fblaulicht%2Fpm%2F14915%2F5725943%2F%3Futm_source%3Dxing%26utm_medium%3Dsocial\"><\/a><a href=\"http:\/\/www.linkedin.com\/shareArticle?mini=true&amp;url=https%3A%2F%2Fwww.presseportal.de%2Fblaulicht%2Fpm%2F14915%2F5725943%2F%3Futm_source%3Dlinkedin%26utm_medium%3Dsocial&amp;title=POL-MA%3A+Schriesheim%2FRhein-Neckar-Kreis%3A+Illegale+M%C3%BCllablagerung+-+Ca.+50+Altreifen+auf+Parkplatz+entsorgt+-+Polizei+sucht+Zeugen\"><\/a><a href=\"mailto:?subject=POL-MA%3A%20Schriesheim%2FRhein-Neckar-Kreis%3A%20Illegale%20M%C3%BCllablagerung%20-%20Ca.%2050%20Altreifen%20auf%20Parkplatz%20entsorgt%20-%20Polizei%20sucht%20Zeugen&amp;body=https:\/\/www.presseportal.de\/blaulicht\/pm\/14915\/5725943\"><\/a><\/h2>\n\n\n<div class=\"wp-block-image\">\n<figure class=\"aligncenter\"><a href=\"https:\/\/cache.pressmailing.net\/thumbnail\/story_hires\/6c52abc3-afa1-4638-8df1-ceded97a214f\/BildAltreifen.jpg.jpg\"><img decoding=\"async\" src=\"https:\/\/cache.pressmailing.net\/thumbnail\/story_big\/6c52abc3-afa1-4638-8df1-ceded97a214f\/pol-ma-schriesheim-rhein-neckar-kreis-illegale-m-llablagerung-ca-50-altreifen-auf-parkplatz-entsorgt\" alt=\"POL-MA: Schriesheim\/Rhein-Neckar-Kreis: Illegale M\u00fcllablagerung - Ca. 50 Altreifen auf Parkplatz entsorgt - Polizei sucht Zeugen\"\/><\/a><\/figure><\/div>\n\n\n<p>Bislang unbekannte T\u00e4ter haben in der Zeit zwischen Mittwoch, 19 Uhr, und Donnerstag, 07 Uhr, ca. 50 Altreifen auf dem Parkplatz R\u00fcckhaltebecken der L 536 illegal entsorgt. Hinweise auf den M\u00fcllentsorger liegen derzeit noch nicht vor. <\/p>\n\n\n\n<ul>\n<li><strong>Der Polizeiposten Schriesheim bittet nun Zeugen, welche sachdienliche Hinweise geben k\u00f6nnen, sich unter der Tel.: 06203\/61301 zu melden.<\/strong><\/li>\n<\/ul>\n\n\n\n<h2 class=\"wp-block-heading\">(Ladenburg \/ Rhein-Neckar-Kreis) &#8211; Gef\u00e4hrlicher Eingriff in den Stra\u00dfenverkehr \/ Plastikkette \u00fcber Radweg gespannt &#8211; Zeugen gesucht<\/h2>\n\n\n<div class=\"wp-block-image\">\n<figure class=\"aligncenter size-full\"><img decoding=\"async\" loading=\"lazy\" width=\"800\" height=\"592\" src=\"https:\/\/speyer24news.com\/wp-content\/uploads\/2023\/02\/Achtung.jpeg\" alt=\"\" class=\"wp-image-51381\" srcset=\"https:\/\/speyer24news.com\/wp-content\/uploads\/2023\/02\/Achtung.jpeg 800w, https:\/\/speyer24news.com\/wp-content\/uploads\/2023\/02\/Achtung-300x222.jpeg 300w, https:\/\/speyer24news.com\/wp-content\/uploads\/2023\/02\/Achtung-768x568.jpeg 768w, https:\/\/speyer24news.com\/wp-content\/uploads\/2023\/02\/Achtung-80x60.jpeg 80w\" sizes=\"(max-width: 800px) 100vw, 800px\" \/><\/figure><\/div>\n\n\n<p>Nur durch ein Bremsman\u00f6ver konnte am Donnerstagmorgen gegen 06:20 Uhr ein 46-J\u00e4hriger auf seinem E-Scooter einen Sturz \u00fcber eine Plastikkette, die \u00fcber den gesamten Radweg in der Sudetenstra\u00dfe \/ L 597 gespannt war, verhindern. Jedoch rutschte der E-Scooter durch das Bremsen zur Seite, woraufhin der 46-J\u00e4hrige sein Gleichgewicht verlor und st\u00fcrzte. Der Mann zog sich leichte Verletzungen zu. Ebenso wurde teilweise die Kleidung sowie der E-Scooter durch den Sturz besch\u00e4digt. Die H\u00f6he des Schadens kann noch nicht beziffert werden. Die Kette war mehrfach um zwei Warnbarken gewickelt, die jeweils auf den Gr\u00fcnstreifen standen und in einer H\u00f6he von ca. 1,20 Metern \u00fcber den Radweg gezogen wurde.<\/p>\n\n\n\n<ul>\n<li><strong>Das Polizeirevier Ladenburg hat die Ermittlungen aufgenommen und bittet in diesem Zusammenhang Zeugen, welche sachdienliche Hinweise geben k\u00f6nnen, sich unter der Tel.: 06203\/9305-0 zu melden.<\/strong><\/li>\n<\/ul>\n\n\n\n<h2 class=\"wp-block-heading\">(Leutershausen \/ Rhein-Neckar-Kreis) &#8211; Mehrere Sachbesch\u00e4digungen durch Graffiti<\/h2>\n\n\n\n<p>In der Nacht von Mittwoch auf Donnerstag kam es im Zeitraum zwischen 20 Uhr und 6 Uhr zu mehreren Sachbesch\u00e4digungen in der Hauptstra\u00dfe und der Gro\u00dfsachsener Stra\u00dfe. Hierbei wurden zwei Anwesen und ein Wohnmobil mit Graffitis beschmiert. Da es sich bei den Schriftz\u00fcgen, um den gleichen Inhalt handelt, geht die Polizei von einem Zusammenhang der Taten aus. Hinweise zu der bislang unbekannten T\u00e4terschaft liegen derzeit nicht vor.<\/p>\n\n\n\n<ul>\n<li><strong>Zeugen, die Hinweise zu der Tat oder der bislang unbekannten T\u00e4terschaft geben k\u00f6nnen oder weitere Gesch\u00e4digte werden gebeten sich bei dem Polizeiposten Schriesheim zu melden, unter: 06203-61301<\/strong><\/li>\n<\/ul>\n\n\n\n<h2 class=\"wp-block-heading\">(Hirschberg \/ Rhein-Neckar-Kreis) &#8211; Zeugenaufruf nach gef\u00e4hrlicher K\u00f6rperverletzung in Weinheim<\/h2>\n\n\n\n<h3 class=\"wp-block-heading has-text-align-center\">Pressemeldung Nr. 2<\/h3>\n\n\n<div class=\"wp-block-image\">\n<figure class=\"aligncenter size-full\"><img decoding=\"async\" loading=\"lazy\" width=\"801\" height=\"600\" src=\"https:\/\/speyer24news.com\/wp-content\/uploads\/2020\/05\/Zeugen-gesucht-Neutral.jpg\" alt=\"\" class=\"wp-image-26598\" srcset=\"https:\/\/speyer24news.com\/wp-content\/uploads\/2020\/05\/Zeugen-gesucht-Neutral.jpg 801w, https:\/\/speyer24news.com\/wp-content\/uploads\/2020\/05\/Zeugen-gesucht-Neutral-300x225.jpg 300w, https:\/\/speyer24news.com\/wp-content\/uploads\/2020\/05\/Zeugen-gesucht-Neutral-768x575.jpg 768w, https:\/\/speyer24news.com\/wp-content\/uploads\/2020\/05\/Zeugen-gesucht-Neutral-678x509.jpg 678w, https:\/\/speyer24news.com\/wp-content\/uploads\/2020\/05\/Zeugen-gesucht-Neutral-326x245.jpg 326w, https:\/\/speyer24news.com\/wp-content\/uploads\/2020\/05\/Zeugen-gesucht-Neutral-80x60.jpg 80w\" sizes=\"(max-width: 801px) 100vw, 801px\" \/><\/figure><\/div>\n\n\n<p>Am 24.02.2024 kam es gegen 01:52 Uhr im Kurpf\u00e4lzer Zollhof, im Rahmen einer Jahrgangsfeier, zu einer gef\u00e4hrlichen K\u00f6rperverletzung. Ein 17-j\u00e4hriger Jugendlicher aus Weinheim nahm an der Jahrgangsfeier teil und geriet hierbei auf der Tanzfl\u00e4che in eine k\u00f6rperliche Auseinandersetzung mit mehreren bislang unbekannten m\u00e4nnlichen Personen. Der Jugendliche st\u00fcrzte hierbei zu Boden und wurde in der Folge mittels Tritten gegen den Kopf, den R\u00fccken und in den Bauch traktiert. Da sich auf der Feier eine Vielzahl an Personen befand, bittet die Polizei um Video- und Bildmaterial der G\u00e4ste, um Hinweise auf die unbekannten T\u00e4ter zu erlangen.<\/p>\n\n\n\n<ul>\n<li><strong>Zeugen, die an dem Abend Bilder oder Videos der Feier fertigten, werden gebeten sich beim Polizeiposten Hemsbach zu melden, unter: 06201-71207.<\/strong><\/li>\n<\/ul>\n\n\n\n<h2 class=\"wp-block-heading\">(A 659 \/ Viernheim \/ Weinheim \/ Rhein-Neckar-Kreis) &#8211; Verkehrsrowdy gef\u00e4hrdet zahlreiche Verkehrsteilnehmer \/ Polizei sucht Zeugen und Gesch\u00e4digte<\/h2>\n\n\n<div class=\"wp-block-image\">\n<figure class=\"aligncenter size-full\"><img decoding=\"async\" loading=\"lazy\" width=\"801\" height=\"600\" src=\"https:\/\/speyer24news.com\/wp-content\/uploads\/2020\/05\/Zeugen-gesucht-Neutral.jpg\" alt=\"\" class=\"wp-image-26598\" srcset=\"https:\/\/speyer24news.com\/wp-content\/uploads\/2020\/05\/Zeugen-gesucht-Neutral.jpg 801w, https:\/\/speyer24news.com\/wp-content\/uploads\/2020\/05\/Zeugen-gesucht-Neutral-300x225.jpg 300w, https:\/\/speyer24news.com\/wp-content\/uploads\/2020\/05\/Zeugen-gesucht-Neutral-768x575.jpg 768w, https:\/\/speyer24news.com\/wp-content\/uploads\/2020\/05\/Zeugen-gesucht-Neutral-678x509.jpg 678w, https:\/\/speyer24news.com\/wp-content\/uploads\/2020\/05\/Zeugen-gesucht-Neutral-326x245.jpg 326w, https:\/\/speyer24news.com\/wp-content\/uploads\/2020\/05\/Zeugen-gesucht-Neutral-80x60.jpg 80w\" sizes=\"(max-width: 801px) 100vw, 801px\" \/><\/figure><\/div>\n\n\n<p>Am Samstag war gegen 15 Uhr ein 37-J\u00e4hriger mit seiner Familie in einem Ford der der linken Spur der BAB 659 von Mannheim in Richtung Viernheim unterwegs. Auf H\u00f6he einer Tankstelle fiel dem Mann ein hinter ihm fahrender <strong>VW Mulitvan<\/strong> auf, der auf der Spur in Schlangenlinien immer wieder von rechts nach links pendelte. Dann \u00fcberholte der VW rechts und setzte sich direkt vor den Ford, obwohl hierf\u00fcr auf Grund des dichten Verkehrsaufkommens nicht ausreichend Platz war. In Folge dessen leitete das Assistenzsystem des Fords eine Gefahrenbremsung ein. Durch die automatische Gurtstraffung verletzten sich die beiden Kinder leicht. Anschlie\u00dfend n\u00f6tigte der Fahrer des VW durch extrem dichtes Auffahren den vor ihm fahrenden Land Rover die linke Spur freizugeben, was allerdings auf Grund des Verkehrs gar nicht m\u00f6glich war. Als er so nicht weiterkam, fuhr der Fahrer des VW ganz nach rechts auf den Standstreifen, \u00fcberholte dort mehrere Fahrzeuge und zog dann wieder nach links auf die \u00dcberholspur. Augenscheinlich um dem anderen Autofahrer eine Lektion zu erteilen, bremste der VW-Fahrer stark ab, aktivierte den Warnblinker und fuhr in Schlangenlinien \u00fcber beide Fahrstreifen. Auf der B 38 \u00fcberholte der VW mehrere andere Fahrzeuge rechts und setzte sich anschlie\u00dfend knapp vor sie. Dieses gef\u00e4hrliche und r\u00fccksichtslose Fahrverhalten setzte der VW-Fahrer fort, bis er an der Einm\u00fcndung zur Viernheimer Stra\u00dfe nach links in Richtung Saukopftunnel abbog. Der Verkehrsdienst Mannheim \u00fcbernahm die weiteren Ermittlungen hinsichtlich einer Gef\u00e4hrdung des Stra\u00dfenverkehrs sowie der N\u00f6tigung.<\/p>\n\n\n\n<ul>\n<li><strong>Zeugen, die sachdienliche Hinweise geben k\u00f6nnen oder weitere Gesch\u00e4digte werden gebeten, sich beim Verkehrsdienst Mannheim unter der Telefonnummer 0621-174 4222 zu melden.<\/strong><\/li>\n<\/ul>\n","protected":false},"excerpt":{"rendered":"<div class=\"mh-excerpt\"><p>Polizeimeldungen vom Freitag (01.03.2024) (Speyer) &#8211; Unfall mit verletzter Fu\u00dfg\u00e4ngerin Am Donnerstag kam es zwischen 17:15 &#8211; 17:30 Uhr zu einem Unfall zwischen einem unbekannten PKW und einer Fu\u00dfg\u00e4ngerin in der Winternheimer Stra\u00dfe, nahe des <a class=\"mh-excerpt-more\" href=\"https:\/\/speyer24news.com\/?p=58263\" title=\"Polizeimeldungen Freitag (01.03.24)\">[&#8230;]<\/a><\/p>\n<\/div>","protected":false},"author":3,"featured_media":26162,"comment_status":"open","ping_status":"open","sticky":false,"template":"","format":"standard","meta":{"_monsterinsights_skip_tracking":false,"_monsterinsights_sitenote_active":false,"_monsterinsights_sitenote_note":"","_monsterinsights_sitenote_category":0,"footnotes":""},"categories":[15659],"tags":[7273,7243,7244,10926,13554,350,14537,15084,15267,14538,15361,702,61,2555,14113,6955,6986,6263,63,105,11150,6987,53,13540,16956,4683,14958,9154,102,13626,213,14325,14324,13553,13541,16955,2625,380],"aioseo_notices":[],"amp_enabled":true,"_links":{"self":[{"href":"https:\/\/speyer24news.com\/index.php?rest_route=\/wp\/v2\/posts\/58263"}],"collection":[{"href":"https:\/\/speyer24news.com\/index.php?rest_route=\/wp\/v2\/posts"}],"about":[{"href":"https:\/\/speyer24news.com\/index.php?rest_route=\/wp\/v2\/types\/post"}],"author":[{"embeddable":true,"href":"https:\/\/speyer24news.com\/index.php?rest_route=\/wp\/v2\/users\/3"}],"replies":[{"embeddable":true,"href":"https:\/\/speyer24news.com\/index.php?rest_route=%2Fwp%2Fv2%2Fcomments&post=58263"}],"version-history":[{"count":2,"href":"https:\/\/speyer24news.com\/index.php?rest_route=\/wp\/v2\/posts\/58263\/revisions"}],"predecessor-version":[{"id":58265,"href":"https:\/\/speyer24news.com\/index.php?rest_route=\/wp\/v2\/posts\/58263\/revisions\/58265"}],"wp:featuredmedia":[{"embeddable":true,"href":"https:\/\/speyer24news.com\/index.php?rest_route=\/wp\/v2\/media\/26162"}],"wp:attachment":[{"href":"https:\/\/speyer24news.com\/index.php?rest_route=%2Fwp%2Fv2%2Fmedia&parent=58263"}],"wp:term":[{"taxonomy":"category","embeddable":true,"href":"https:\/\/speyer24news.com\/index.php?rest_route=%2Fwp%2Fv2%2Fcategories&post=58263"},{"taxonomy":"post_tag","embeddable":true,"href":"https:\/\/speyer24news.com\/index.php?rest_route=%2Fwp%2Fv2%2Ftags&post=58263"}],"curies":[{"name":"wp","href":"https:\/\/api.w.org\/{rel}","templated":true}]}}