{"id":58288,"date":"2024-03-03T09:09:58","date_gmt":"2024-03-03T08:09:58","guid":{"rendered":"https:\/\/speyer24news.com\/?p=58288"},"modified":"2024-03-03T09:10:07","modified_gmt":"2024-03-03T08:10:07","slug":"polizeimeldungen-samstag-02-03-24","status":"publish","type":"post","link":"https:\/\/speyer24news.com\/?p=58288","title":{"rendered":"Polizeimeldungen Samstag (02.03.24)"},"content":{"rendered":"<style type=\"text\/css\">\r\n\t.ads_top_disp{}\r\n\t.ads_top_corner_disp{ float:left; margin:0px 10px 10px 0px; }\r\n\t.ads_first_p_disp{}\r\n\t.ads_bottom_disp{}\r\n\t<\/style>\n<h2 class=\"wp-block-heading\">Polizeimeldungen vom Samstag (02.03.2024)<\/h2>\n\n\n<div class=\"wp-block-image\">\n<figure class=\"aligncenter size-full\"><img decoding=\"async\" loading=\"lazy\" width=\"375\" height=\"500\" src=\"https:\/\/speyer24news.com\/wp-content\/uploads\/2022\/03\/Aktuelles-Polizeilogo.jpg\" alt=\"\" class=\"wp-image-43591\" srcset=\"https:\/\/speyer24news.com\/wp-content\/uploads\/2022\/03\/Aktuelles-Polizeilogo.jpg 375w, https:\/\/speyer24news.com\/wp-content\/uploads\/2022\/03\/Aktuelles-Polizeilogo-225x300.jpg 225w\" sizes=\"(max-width: 375px) 100vw, 375px\" \/><\/figure><\/div>\n\n\n<h2 class=\"wp-block-heading\">(Speyer) &#8211; T\u00e4uschungsversuch nach Trunkenheitsfahrt<\/h2>\n\n\n\n<p>Im Rahmen einer eingerichteten Kontrollstelle in der Wormser Landstra\u00dfe in Speyer wurde in der Nacht zum Samstag gegen 00.30 Uhr ein PKW Kia einer allgemeinen Verkehrskontrolle unterzogen. Im Zuge der Verkehrskontrolle konnten Anzeichen f\u00fcr eine m\u00f6gliche Beeinflussung durch Bet\u00e4ubungsmittel bei dem 22-j\u00e4hrigen Fahrer festgestellt werden. Bei einem auf freiwilliger Basis durchgef\u00fchrten Urintest wurde pl\u00f6tzlich eine schwarze T\u00fcte neben dem Schuh des Fahrers aufgefunden. Es stellte sich heraus, dass es sich um einen Beutel Kunsturin handelte. Der 22-J\u00e4hrige gestand schlie\u00dflich, vor kurzem Bet\u00e4ubungsmittel konsumiert zu haben, weshalb eine Blutprobe entnommen wurde. Den 22-j\u00e4hrigen Mann aus Neustadt erwartet nun ein Ordnungswidrigkeitenverfahren.<\/p>\n\n\n\n<h2 class=\"wp-block-heading\">(Speyer) &#8211; Motorradfahrer bei Unfall verletzt<\/h2>\n\n\n\n<p>Am Freitagmittag gegen kurz nach 12.00 Uhr befuhr ein 81-j\u00e4hriger Mann mit seinem PKW die Brunckstra\u00dfe in Richtung der Siemensstra\u00dfe mit dem Ziel nach links in diese abzubiegen. Zur gleichen Zeit befuhr ein 46-j\u00e4hriger Motorradfahrer die Siemensstra\u00dfe in Fahrtrichtung Innenstadt. Der 81-J\u00e4hrige bog nach links ab, ohne den aus seiner Sicht von rechts kommenden vorfahrtsberechtigten PKW-Fahrer durchfahren zu lassen. Trotz eines Ausweichman\u00f6vers des Motorradfahrers kam es zu einer Kollision beider Fahrzeuge, wodurch der Motorradfahrer st\u00fcrzte. Er wurde vorsorglich in ein umliegendes Krankenhaus verbracht. An beiden Fahrzeugen entstand Sachschaden von insgesamt ca. 5500 Euro.<\/p>\n\n\n\n<h2 class=\"wp-block-heading\">(Freisbach) &#8211; Hubschraubereinsatz bei Personensuche<\/h2>\n\n\n<div class=\"wp-block-image\">\n<figure class=\"aligncenter size-full\"><img decoding=\"async\" loading=\"lazy\" width=\"800\" height=\"600\" src=\"https:\/\/speyer24news.com\/wp-content\/uploads\/2020\/07\/Hubschrauber-bei-Personensuche.jpg\" alt=\"\" class=\"wp-image-29175\" srcset=\"https:\/\/speyer24news.com\/wp-content\/uploads\/2020\/07\/Hubschrauber-bei-Personensuche.jpg 800w, https:\/\/speyer24news.com\/wp-content\/uploads\/2020\/07\/Hubschrauber-bei-Personensuche-300x225.jpg 300w, https:\/\/speyer24news.com\/wp-content\/uploads\/2020\/07\/Hubschrauber-bei-Personensuche-768x576.jpg 768w, https:\/\/speyer24news.com\/wp-content\/uploads\/2020\/07\/Hubschrauber-bei-Personensuche-678x509.jpg 678w, https:\/\/speyer24news.com\/wp-content\/uploads\/2020\/07\/Hubschrauber-bei-Personensuche-326x245.jpg 326w, https:\/\/speyer24news.com\/wp-content\/uploads\/2020\/07\/Hubschrauber-bei-Personensuche-80x60.jpg 80w\" sizes=\"(max-width: 800px) 100vw, 800px\" \/><figcaption class=\"wp-element-caption\">Polizeihubschrauber bei Suchma\u00dfnahme in der Nacht, Bilddient lediglich der Visualisierung<\/figcaption><\/figure><\/div>\n\n\n<p>Am sp\u00e4ten Abend des 01.03.2024, kam es zu Suchma\u00dfnahmen unter Einbeziehung eines Polizeihubschraubers sowie Kr\u00e4ften der Feuerwehr im Bereich Freisbach. Der Hubschrauber unterst\u00fctzte die Suche nach einem Kind, welches nachts vermeintlich alleine in der Ortsrandlage von Freisbach gesehen wurde. Das Kind hatte sich lediglich bei einem Spaziergang kurzzeitig von seiner Mutter entfernt und konnte im Einsatzverlauf wohlbehalten bei seiner Familie angetroffen werden.<\/p>\n\n\n\n<h2 class=\"wp-block-heading\">(Germersheim) &#8211; Schl\u00e4gerei vor Gastst\u00e4tte<\/h2>\n\n\n<div class=\"wp-block-image\">\n<figure class=\"aligncenter size-full\"><img decoding=\"async\" loading=\"lazy\" width=\"800\" height=\"533\" src=\"https:\/\/speyer24news.com\/wp-content\/uploads\/2021\/11\/Schlaegerei.jpg\" alt=\"\" class=\"wp-image-42366\" srcset=\"https:\/\/speyer24news.com\/wp-content\/uploads\/2021\/11\/Schlaegerei.jpg 800w, https:\/\/speyer24news.com\/wp-content\/uploads\/2021\/11\/Schlaegerei-300x200.jpg 300w, https:\/\/speyer24news.com\/wp-content\/uploads\/2021\/11\/Schlaegerei-768x512.jpg 768w\" sizes=\"(max-width: 800px) 100vw, 800px\" \/><figcaption class=\"wp-element-caption\">Beispielbild Schl\u00e4gerei \/ K\u00f6rperverletzung, dient lediglich der Visualisierung<\/figcaption><\/figure><\/div>\n\n\n<p>Gegen ca. 02:30 Uhr kam es am fr\u00fchen Morgen des 02.03.2024 zu einer Schl\u00e4gerei mit mehreren Beteiligten innerhalb einer Gastst\u00e4tte in der Ludwigstra\u00dfe. Bei Eintreffen konnten lediglich noch drei Gesch\u00e4digte festgestellt werden. Diese waren allesamt leicht verletzt, eine medizinische Versorgung war nicht vonn\u00f6ten. Nach Zeugenangaben seien diese zuvor von ca. 10-15 Personen angegriffen worden. Hierbei soll es auch zur Verwendung von Pfefferspray gekommen sein. Fahndungsma\u00dfnahmen nach den zurzeit noch unbekannten T\u00e4tern blieben erfolglos. Die Hintergr\u00fcnde sowie der genaue Tatablauf sind derzeit Bestandteil der polizeilichen Ermittlungen.<\/p>\n\n\n\n<ul>\n<li><strong>Zeugen werden gebeten, sich unter der Telefonnummer 07274\/9580 oder per E-Mail an\u00a0<a href=\"mailto:%20pigermersheim@polizei.rlp.de\">pigermersheim@polizei.rlp.de<\/a>\u00a0mit der Polizei Germersheim in Verbindung zu setzen.<\/strong><\/li>\n<\/ul>\n\n\n\n<h2 class=\"wp-block-heading\">(Germersheim) &#8211; Berauscht auf dem E-Scooter<\/h2>\n\n\n\n<p>Beamte der Polizei Germersheim konnten am Nachmittag des 01.03.2024 zwei Personen auf einem E-Scooter feststellen. Im Rahmen der sich anschlie\u00dfenden Verkehrskontrolle in der Innenstadt konnten beim Fahrer drogentypische Auff\u00e4lligkeiten festgestellt werden. Der 42-j\u00e4hrige Mann r\u00e4umte schlie\u00dflich den vorausgegangenen Konsum von Amfetamin ein. Er wurde hieraufhin zur Polizei nach Germersheim verbracht wo eine Blutprobe entnommen wurde. Obendrein stellte sich heraus, dass der genutzte Roller bislang noch nicht versichert war. Dies m\u00fcndete in einer weiteren Anzeige wegen Versto\u00dfes gegen das Pflichtversicherungsgesetz. Die Weiterreise musste nach Beendigung der polizeilichen Ma\u00dfnahmen zu Fu\u00df fortgesetzt werden.<\/p>\n\n\n\n<h2 class=\"wp-block-heading\">(B 9 \/ Rheinzabern) &#8211; Schwerer Verkehrsunfall<a href=\"https:\/\/www.facebook.com\/sharer.php?u=https%3A%2F%2Fwww.presseportal.de%2Fblaulicht%2Fpm%2F117686%2F5726370%2F%3Futm_source%3Dfacebook%26utm_medium%3Dsocial\"><\/a><a href=\"https:\/\/twitter.com\/intent\/tweet?text=POL-PDLD%3A%20Rheinzabern%20-%20Schwerer%20Verkehrsunfall%20B9%2C%20Erg%C3%A4nzung%20Unfallzeit&amp;url=https%3A%2F%2Fwww.presseportal.de%2Fblaulicht%2Fpm%2F117686%2F5726370%2F%3Futm_source%3Dtwitter%26utm_medium%3Dsocial&amp;hashtags=ots&amp;lang=de\"><\/a><a href=\"https:\/\/web.whatsapp.com\/send?text=POL-PDLD%3A%20Rheinzabern%20-%20Schwerer%20Verkehrsunfall%20B9%2C%20Erg%C3%A4nzung%20Unfallzeit%0A%0Ahttps%3A%2F%2Fwww.presseportal.de%2Fblaulicht%2Fpm%2F117686%2F5726370%2F%3Futm_source%3Dwhatsapp%26utm_medium%3Dsocial\"><\/a><a href=\"https:\/\/www.xing.com\/app\/user?op=share;url=https%3A%2F%2Fwww.presseportal.de%2Fblaulicht%2Fpm%2F117686%2F5726370%2F%3Futm_source%3Dxing%26utm_medium%3Dsocial\"><\/a><a href=\"http:\/\/www.linkedin.com\/shareArticle?mini=true&amp;url=https%3A%2F%2Fwww.presseportal.de%2Fblaulicht%2Fpm%2F117686%2F5726370%2F%3Futm_source%3Dlinkedin%26utm_medium%3Dsocial&amp;title=POL-PDLD%3A+Rheinzabern+-+Schwerer+Verkehrsunfall+B9%2C+Erg%C3%A4nzung+Unfallzeit\"><\/a><a href=\"mailto:?subject=POL-PDLD%3A%20Rheinzabern%20-%20Schwerer%20Verkehrsunfall%20B9%2C%20Erg%C3%A4nzung%20Unfallzeit&amp;body=https:\/\/www.presseportal.de\/blaulicht\/pm\/117686\/5726370\"><\/a><\/h2>\n\n\n\n<p>Zwei verletzte Personen und zwei PKW mit wirtschaftlichen Totalschaden waren das Ergebnis eines Verkehrsunfalls am 02.03.2024, gegen 10:40 Uhr auf der B9 zwischen den Anschlussstellen R\u00fclzheim und Rheinzabern. Die beiden Fahrzeuge fuhren in Fahrtrichtung Germersheim. Auf der B9 in H\u00f6he der Anschlussstelle Neupotz \u00fcbersah der 50-j\u00e4hrige Fahrzeugf\u00fchrer, nach aktuellem Stand der Ermittlungen, beim Spurwechsel nach links den von hinten ann\u00e4hernden 34-j\u00e4hrigen Fahrzeugf\u00fchrer. Infolgedessen kam es zum Zusammensto\u00df der beiden Fahrzeuge. Durch den Zusammensto\u00df wurde ein Fahrzeug in die Mittelleitplanke und das andere Fahrzeug in den Graben neben der Fahrbahn geschleudert. Das Fahrzeug, welches in den Graben geschleudert wurde \u00fcberschlug sich zudem mehrfach. Die beiden Fahrzeugf\u00fchrer wurden durch den Verkehrsunfall derart verletzt, dass sie durch Rettungskr\u00e4fte in ein \u00f6rtliches Krankenhaus zur Behandlung gebracht werden mussten. Sofern Zeugen bestehen sollten, welche den Verkehrsunfall wahrgenommen haben und sachdienliche Angaben zum Hergang machen k\u00f6nnen, werden gebeten sich mit der Polizeiinspektion W\u00f6rth in Verbindung zu setzten.<\/p>\n\n\n\n<p>F\u00fcr die Unfallaufnahme musste die Richtungsfahrbahn Germersheim f\u00fcr 2,5 Stunden vollgesperrt werden.<\/p>\n\n\n\n<h2 class=\"wp-block-heading\">(Bad Bergzabern) &#8211; Verkehrs\u00fcberwachung<\/h2>\n\n\n\n<p>Innerhalb von 45 Minuten wurden am Samstagmittag 18 Autofahrer geb\u00fchrenpflichtig verwarnt, weil sie das Stoppschild an der Einm\u00fcndung Landauer Stra\u00dfe\/Weinstra\u00dfe missachteten. Ein weiterer Fahrer wurde ohne angelegten Sicherheitsgurt festgestellt. Stoppschilder sollen Unf\u00e4lle an vielbefahrenen oder schlecht einsehbaren Kreuzungen\/Einm\u00fcndungen verhindern. Wird das Verkehrszeichen missachtet und es kommt zu einer Gef\u00e4hrdung, muss mit einem Bu\u00dfgeld in H\u00f6he von 100 Euro und einem Punkt in Flensburg gerechnet werden. Wir durch solches Verhalten ein Unfall verursacht, erh\u00f6ht sich das Bu\u00dfgeld auf 120 Euro.<\/p>\n\n\n\n<h2 class=\"wp-block-heading\">(Ilbesheim bei Landau) &#8211; \u00dcber Verkehrsinsel gefahren, Verkehrszeichen besch\u00e4digt, gefl\u00fcchtet und anschlie\u00dfend bei der Polizei gestellt<\/h2>\n\n\n\n<p>Am 01.03.2024, gegen 18 Uhr, ereignete sich auf der Landstra\u00dfe 509 in Richtung Eschbach ein Verkehrsunfall, bei dem ein bisher nicht identifizierter Audi-Fahrer beteiligt war. Vermutlich auf Grund \u00fcberh\u00f6hter Geschwindigkeit kam der Fahrzeugf\u00fchrer von der Fahrbahn ab und fuhr \u00fcber eine Verkehrsinsel. Hierbei wurde ein Verkehrszeichen aus seiner Verankerung gerissen. Anschlie\u00dfend fl\u00fcchtete der Fahrer von der Unfallstelle. Das Fahrzeug wurde im Bereich der Front, der Beifahrerseite sowie am rechten Radkasten stark besch\u00e4digt. Zwei Augenzeugen konnten den Vorfall beobachten und den Fahrer sowie die Farbe und Marke des PKW erkennen. Bei dem Fahrer soll es sich um einen circa 50-j\u00e4hrigen Mann und bei dem Fahrzeug um einen grauen Audi gehandelt haben.<\/p>\n\n\n\n<p>Am Morgen des 02.03.2024 stellte sich der Mann selbstst\u00e4ndig bei der Polizeiinspektion Landau. Er gab an, dass er auf Grund Unachtsamkeit von der Fahrbahn abgekommen sei und das Ausma\u00df des Schadens erst am Samstag festgestellt habe.<\/p>\n\n\n\n<p>Der Mann muss sich nun wegen einem Verkehrsunfall mit anschlie\u00dfender Flucht verantworten.<\/p>\n\n\n\n<ul>\n<li><strong>Die Polizei bittet Zeugen, die Hinweise zu der Tat oder dem T\u00e4ter geben k\u00f6nnen, sich per Email an\u00a0<a href=\"mailto:%20pilandau@polizei.rlp.de\">pilandau@polizei.rlp.de<\/a>\u00a0oder telefonisch unter 06341-287-0 bei der Polizeiinspektion Landau zu melden.<\/strong><\/li>\n<\/ul>\n\n\n\n<h2 class=\"wp-block-heading\">(Ilbesheim bei Landau) &#8211; Unter THC-Einfluss auf dem E-Scooter unterwegs<\/h2>\n\n\n\n<p>Am Freitag, den 01.03.2024 gegen 11:00 Uhr, befuhr ein 41-j\u00e4hriger Mann mit seinem E-Scooter den Obertorplatz in Landau. Im Rahmen einer durchgef\u00fchrten Verkehrskontrolle ergaben sich bei dem Fahrer drogentypische Auffallerscheinungen. Ein freiwilliger Urintest reagierte positiv auf den Wirkstoff THC. Dem Mann wurde daraufhin eine Blutprobe entnommen. Die Weiterfahrt mit dem E-Scooter wurde ihm untersagt. Er muss sich nun wegen einer Trunkenheitsfahrt verantworten.<\/p>\n\n\n\n<h2 class=\"wp-block-heading\">(Landau) &#8211; Ab dem 01.03.2024 \/ Wechselpflicht der Versicherungskennzeichen<\/h2>\n\n\n<div class=\"wp-block-image\">\n<figure class=\"aligncenter size-full\"><img decoding=\"async\" loading=\"lazy\" width=\"800\" height=\"478\" src=\"https:\/\/speyer24news.com\/wp-content\/uploads\/2021\/03\/Versicherungskennzeichen_GDV_2020-2022_01gdv.jpg\" alt=\"\" class=\"wp-image-33795\" srcset=\"https:\/\/speyer24news.com\/wp-content\/uploads\/2021\/03\/Versicherungskennzeichen_GDV_2020-2022_01gdv.jpg 800w, https:\/\/speyer24news.com\/wp-content\/uploads\/2021\/03\/Versicherungskennzeichen_GDV_2020-2022_01gdv-300x179.jpg 300w, https:\/\/speyer24news.com\/wp-content\/uploads\/2021\/03\/Versicherungskennzeichen_GDV_2020-2022_01gdv-768x459.jpg 768w\" sizes=\"(max-width: 800px) 100vw, 800px\" \/><figcaption class=\"wp-element-caption\">Foto: www.gdv.de<\/figcaption><\/figure><\/div>\n\n\n<p>Vier Verst\u00f6\u00dfe gegen das Pflichtversicherungsgesetz wurden am 01.03.2024 im Dienstgebiet der Polizeiinspektion Landau bereits festgestellt.<\/p>\n\n\n\n<p>Als Halter eines Rollers oder Mofas wird ein g\u00fcltiges Versicherungskennzeichen ben\u00f6tigt. Zudem ist dieses f\u00fcr Elektrokleinstfahrzeuge, wie etwa E-Scooter und Segways vorgeschrieben. Ab dem 01.03.2024 sollten Halter darauf achten, dass an ihren Fahrzeugen ein g\u00fcltiges Versicherungskennzeichen angebracht ist. Das alte, schwarze Versicherungskennzeichen ist mit Beendigung des Monats Februar abgelaufen und die Versicherung f\u00fcr das dazugeh\u00f6rige Fahrzeug demnach erloschen. Das neue und g\u00fcltige Versicherungskennzeichen hat die Farbe Blau.<\/p>\n\n\n\n<h2 class=\"wp-block-heading\">(Landau) &#8211; Trickdiebstahl nach Geldabhebung<\/h2>\n\n\n\n<p>Am 01.03.2024, gegen 10:15 Uhr, wurde eine 77-j\u00e4hrige Frau aus dem Landkreis S\u00fcdliche Weinstra\u00dfe Opfer eines Trickbetruges.<\/p>\n\n\n\n<p>Nachdem sie 500 Euro Bargeld in der Sparkassen Filiale in der Ostbahnstra\u00dfe abhob und auf dem Kundenparkplatz in ihr Fahrzeug einstieg, wurde sie von einem unbekannten Mann angesprochen. Mit dem Vorwand, dass einige Reiszwecke vor ihrem Reifen liegen w\u00fcrden, wurde sie nochmals aus ihrem PKW gelockt. Dieser Moment wurde genutzt, um in die auf dem Beifahrersitz befindliche Handtasche zu greifen und das Bargeld zu entwenden.<\/p>\n\n\n\n<ul>\n<li><strong>Die Polizei bittet Zeugen, die Hinweise zu der Tat oder dem T\u00e4ter geben k\u00f6nnen, sich per Email an\u00a0<a href=\"mailto:%20pilandau@polizei.rlp.de\">pilandau@polizei.rlp.de<\/a>\u00a0oder telefonisch unter 06341-287-0 bei der Polizeiinspektion Landau zu melden.<\/strong><\/li>\n<\/ul>\n\n\n\n<h2 class=\"wp-block-heading\">(Edesheim) &#8211; Geschwindigkeitskontrolle in der Staatsstra\u00dfe<a href=\"https:\/\/www.facebook.com\/sharer.php?u=https%3A%2F%2Fwww.presseportal.de%2Fblaulicht%2Fpm%2F117686%2F5726299%2F%3Futm_source%3Dfacebook%26utm_medium%3Dsocial\"><\/a><a href=\"https:\/\/twitter.com\/intent\/tweet?text=POL-PDLD%3A%20Geschwindigkeitskontrolle%20in%20der%20Staatsstra%C3%9Fe&amp;url=https%3A%2F%2Fwww.presseportal.de%2Fblaulicht%2Fpm%2F117686%2F5726299%2F%3Futm_source%3Dtwitter%26utm_medium%3Dsocial&amp;hashtags=ots&amp;lang=de\"><\/a><a href=\"https:\/\/web.whatsapp.com\/send?text=POL-PDLD%3A%20Geschwindigkeitskontrolle%20in%20der%20Staatsstra%C3%9Fe%0A%0Ahttps%3A%2F%2Fwww.presseportal.de%2Fblaulicht%2Fpm%2F117686%2F5726299%2F%3Futm_source%3Dwhatsapp%26utm_medium%3Dsocial\"><\/a><a href=\"https:\/\/www.xing.com\/app\/user?op=share;url=https%3A%2F%2Fwww.presseportal.de%2Fblaulicht%2Fpm%2F117686%2F5726299%2F%3Futm_source%3Dxing%26utm_medium%3Dsocial\"><\/a><a href=\"http:\/\/www.linkedin.com\/shareArticle?mini=true&amp;url=https%3A%2F%2Fwww.presseportal.de%2Fblaulicht%2Fpm%2F117686%2F5726299%2F%3Futm_source%3Dlinkedin%26utm_medium%3Dsocial&amp;title=POL-PDLD%3A+Geschwindigkeitskontrolle+in+der+Staatsstra%C3%9Fe\"><\/a><a href=\"mailto:?subject=POL-PDLD%3A%20Geschwindigkeitskontrolle%20in%20der%20Staatsstra%C3%9Fe&amp;body=https:\/\/www.presseportal.de\/blaulicht\/pm\/117686\/5726299\"><\/a><\/h2>\n\n\n\n<p>Am Freitagabend, den 01.03.24 im Zeitraum von 17:30 Uhr bis 18:05 Uhr f\u00fchrte die Polizei Edenkoben eine Geschwindigkeitskontrolle in der Staatsstra\u00dfe in Edesheim durch. Bei erlaubten 30 km\/h konnten acht Geschwindigkeitsverst\u00f6\u00dfe festgestellt werden. Den unr\u00fchmlichen Spitzenreiter, welcher mit einer Geschwindigkeit von 53 km\/h gemessen wurde, erwartet nun ein Bu\u00dfgeld in H\u00f6he von 70EUR. Weiterhin wurde ein Fahrzeug aufgrund eines Mangels beanstandet.<\/p>\n\n\n\n<h2 class=\"wp-block-heading\">(Edesheim) &#8211; Ohne Versicherungsschutz unterwegs<a href=\"https:\/\/www.facebook.com\/sharer.php?u=https%3A%2F%2Fwww.presseportal.de%2Fblaulicht%2Fpm%2F117686%2F5726296%2F%3Futm_source%3Dfacebook%26utm_medium%3Dsocial\"><\/a><a href=\"https:\/\/twitter.com\/intent\/tweet?text=POL-PDLD%3A%20Ohne%20Versicherungsschutz%20unterwegs&amp;url=https%3A%2F%2Fwww.presseportal.de%2Fblaulicht%2Fpm%2F117686%2F5726296%2F%3Futm_source%3Dtwitter%26utm_medium%3Dsocial&amp;hashtags=ots&amp;lang=de\"><\/a><a href=\"https:\/\/web.whatsapp.com\/send?text=POL-PDLD%3A%20Ohne%20Versicherungsschutz%20unterwegs%0A%0Ahttps%3A%2F%2Fwww.presseportal.de%2Fblaulicht%2Fpm%2F117686%2F5726296%2F%3Futm_source%3Dwhatsapp%26utm_medium%3Dsocial\"><\/a><a href=\"https:\/\/www.xing.com\/app\/user?op=share;url=https%3A%2F%2Fwww.presseportal.de%2Fblaulicht%2Fpm%2F117686%2F5726296%2F%3Futm_source%3Dxing%26utm_medium%3Dsocial\"><\/a><a href=\"http:\/\/www.linkedin.com\/shareArticle?mini=true&amp;url=https%3A%2F%2Fwww.presseportal.de%2Fblaulicht%2Fpm%2F117686%2F5726296%2F%3Futm_source%3Dlinkedin%26utm_medium%3Dsocial&amp;title=POL-PDLD%3A+Ohne+Versicherungsschutz+unterwegs\"><\/a><a href=\"mailto:?subject=POL-PDLD%3A%20Ohne%20Versicherungsschutz%20unterwegs&amp;body=https:\/\/www.presseportal.de\/blaulicht\/pm\/117686\/5726296\"><\/a><\/h2>\n\n\n\n<p>Am Freitagmorgen, den 01.03.24 gegen 08:00 Uhr, wurde eine 38-J\u00e4hrige aufgrund eines an ihrem genutzten E-Scooter angebrachten schwarzen Versicherungskennzeichens in der Staatsstra\u00dfe in Edesheim einer Verkehrskontrolle unterzogen. Hierbei konnte festgestellt werden, dass der E-Scooter seit dem 01.03.24 nicht mehr versichert war, weshalb ein Strafverfahren wegen des Versto\u00dfes gegen das Pflichtversicherungsgesetz gegen die 38-J\u00e4hrige eingeleitet wurde.<\/p>\n\n\n\n<h4 class=\"wp-block-heading\"><em>In diesem Zusammenhang m\u00f6chte die Polizei Edenkoben Sie auf das neue Versicherungsjahr hinweisen. Vergessen Sie nicht ab dem 01.03.24 das blaue Versicherungskennzeichen an ihrem E-Scooter, Mofa, Moped oder Roller anzubringen.<\/em><\/h4>\n\n\n\n<h2 class=\"wp-block-heading\">(Edenkoben) &#8211; Geschwindigkeitskontrolle in der Radeburger Stra\u00dfe<\/h2>\n\n\n\n<p>Am Freitagvormittag, den 01.03.24, wurde eine Geschwindigkeitskontrolle in der Radeburger Stra\u00dfe in Edenkoben durchgef\u00fchrt. Innerhalb einer Dreiviertelstunde konnten acht Geschwindigkeitsverst\u00f6\u00dfe festgestellt werden. Der unr\u00fchmliche Spitzenreiter wurde bei einer erlaubten Geschwindigkeit von 30km\/h mit einer Geschwindigkeit von 63 km\/h gemessen. Ihn erwartet ein Bu\u00dfgeld in H\u00f6he von 180EUR sowie ein Punkt im Fahreignungsregister.<\/p>\n\n\n\n<p>\u00dcberh\u00f6hte Geschwindigkeit stellt eine der Hauptunfallursachen im Stra\u00dfenverkehr dar. Halten Sie sich an die erlaubte H\u00f6chstgeschwindigkeit. Hierdurch k\u00f6nnen Verkehrsunf\u00e4lle verhindert und die Unfallfolgen reduziert werden.<\/p>\n\n\n\n<h2 class=\"wp-block-heading\">(Neustadt) &#8211; Alkoholisiert auf dem Heimweg von der Firmenfeier<a href=\"https:\/\/www.facebook.com\/sharer.php?u=https%3A%2F%2Fwww.presseportal.de%2Fblaulicht%2Fpm%2F117687%2F5726243%2F%3Futm_source%3Dfacebook%26utm_medium%3Dsocial\"><\/a><a href=\"https:\/\/twitter.com\/intent\/tweet?text=POL-PDNW%3A%20Alkoholisiert%20auf%20dem%20Heimweg%20von%20der%20Firmenfeier&amp;url=https%3A%2F%2Fwww.presseportal.de%2Fblaulicht%2Fpm%2F117687%2F5726243%2F%3Futm_source%3Dtwitter%26utm_medium%3Dsocial&amp;hashtags=ots&amp;lang=de\"><\/a><a href=\"https:\/\/web.whatsapp.com\/send?text=POL-PDNW%3A%20Alkoholisiert%20auf%20dem%20Heimweg%20von%20der%20Firmenfeier%0A%0Ahttps%3A%2F%2Fwww.presseportal.de%2Fblaulicht%2Fpm%2F117687%2F5726243%2F%3Futm_source%3Dwhatsapp%26utm_medium%3Dsocial\"><\/a><a href=\"https:\/\/www.xing.com\/app\/user?op=share;url=https%3A%2F%2Fwww.presseportal.de%2Fblaulicht%2Fpm%2F117687%2F5726243%2F%3Futm_source%3Dxing%26utm_medium%3Dsocial\"><\/a><a href=\"http:\/\/www.linkedin.com\/shareArticle?mini=true&amp;url=https%3A%2F%2Fwww.presseportal.de%2Fblaulicht%2Fpm%2F117687%2F5726243%2F%3Futm_source%3Dlinkedin%26utm_medium%3Dsocial&amp;title=POL-PDNW%3A+Alkoholisiert+auf+dem+Heimweg+von+der+Firmenfeier\"><\/a><a href=\"mailto:?subject=POL-PDNW%3A%20Alkoholisiert%20auf%20dem%20Heimweg%20von%20der%20Firmenfeier&amp;body=https:\/\/www.presseportal.de\/blaulicht\/pm\/117687\/5726243\"><\/a><\/h2>\n\n\n\n<p>Am 02.03.2024 um 02:20 Uhr wurde ein 34-J\u00e4hriger aus Neustadt\/W. in der Speyerdorfer Stra\u00dfe mit seinem Fahrrad einer Verkehrskontrolle unterzogen. Der Mann befand sich zu diesem Zeitpunkt auf dem Heimweg von einer Firmenfeier. W\u00e4hrend der Kontrolle konnte ausgehend von dem Radfahrer starker Atemalkoholgeruch durch die Beamten wahrgenommen werden. Ein Vortest ergab letztlich einen Wert von 1,85 Promille. Das Fahrrad wurde sodann an der \u00d6rtlichkeit verschlossen und der Schl\u00fcssel des Schlosses sichergestellt. Dem Neustadter wurde abschlie\u00dfend eine Blutprobe entnommen. Nun kommt auf diesen ein Strafverfahren wegen der begangenen Trunkenheitsfahrt zu. Au\u00dferdem wird die zust\u00e4ndige F\u00fchrerscheinstelle \u00fcber den Sachverhalt in Kenntnis gesetzt.<\/p>\n\n\n\n<h2 class=\"wp-block-heading\">(Neustadt) &#8211; Durch unsichere Fahrweise aufgefallen&#8230;<\/h2>\n\n\n\n<p>&#8230; ist ein 31-j\u00e4hriger aus Ha\u00dfloch, welcher am 01.03.2024 um 23:50 Uhr mit seinem Fahrrad die Wiesenstra\u00dfe in 67433 Neustadt\/W. durch eine Streifenbesatzung fahrend festgestellt wurde. Der Radfahrer schwankte hierbei sehr stark. Auf Ansprache durch die Beamten reagierte dieser zun\u00e4chst nicht, sp\u00e4ter erst verz\u00f6gert. Beim Absteigen konnte sich der Ha\u00dflocher nur sehr schwer auf den Beinen halten. Der Grund f\u00fcr diese Ausfallerscheinungen war schnell gefunden, da der 31-J\u00e4hrige unter dem Einfluss von Kokain, Ecstasy, Amfetamin, Metamfetamin und Cannabis stand. Daher wurde dessen Fahrrad sichergestellt und diesem eine Blutprobe entnommen. W\u00e4hrend seiner Durchsuchung h\u00e4ndigte dieser zudem noch eine geringe Menge Amfetamin aus, welches letztlich sichergestellt wurde. Nun kommen auf den Radler mehrere Strafverfahren zu. Zudem wird die zust\u00e4ndige F\u00fchrerscheinstelle \u00fcber den Vorfall informiert.<\/p>\n\n\n\n<h2 class=\"wp-block-heading\">(Bad D\u00fcrkheim) &#8211; Abgelaufener Versicherungsschutz<\/h2>\n\n\n\n<p>Am Freitag, den 01.03.2024, zwischen 10:00 Uhr und 13:00 Uhr, konnten im Stadtgebiet Bad D\u00fcrkheim &#8211; in drei unabh\u00e4ngigen Kontrollen &#8211; Kleinkraftr\u00e4der mit abgelaufenen Versicherungskennzeichen kontrolliert werden. Gegen die jeweiligen Fahrzeugf\u00fchrer wurden Strafverfahren (Verst\u00f6\u00dfe gegen das Pflichtversicherungsgesetz) eingeleitet. In diesem Zusammenhang macht die Polizei darauf aufmerksam, dass die Versicherungskennzeichen aus 2023 mit Ablauf des Monats Februar ung\u00fcltig wurden. Die Fahrer der betreffenden Fahrzeuge sollten sich umgehend neue Versicherungskennzeichen besorgen. Ein F\u00fchren dieser Fahrzeuge mit den alten Kennzeichen im \u00f6ffentlichen Verkehrsraum ist nicht mehr zul\u00e4ssig.<\/p>\n\n\n\n<h2 class=\"wp-block-heading\">(Gr\u00fcnstadt) &#8211; Verkehrsunfallflucht<\/h2>\n\n\n\n<p>Am Freitag, den 01.03.2024, kam es zwischen 10:30 &#8211; 11:15 Uhr zu einer Verkehrsunfallflucht auf dem Parkplatz eines Einkaufsmarktes in der Daimlerstra\u00dfe in Gr\u00fcnstadt. Ein bislang unbekannter Fahrzeugf\u00fchrer touchierte vermutlich beim Ein- oder Ausparken in eine Parkbucht den Ford Fiesta eines 63-j\u00e4hrigen Mannes, der seinen Pkw ordnungsgem\u00e4\u00df in einer daneben befindlichen Parkbucht geparkt hatte. Der Unfallverursacher entfernte sich im Anschluss von der Unfallstelle ohne einen Personalienaustausch zu gew\u00e4hrleisten. Am Pkw des 63-J\u00e4hrigen entstand leichter Sachschaden an der linken, hinteren Sto\u00dfstange in H\u00f6he von ca. 1000,-EUR.<\/p>\n\n\n\n<ul>\n<li><strong>Hinweise zu dem Unfallverursacher und dem Unfallhergang nimmt die Polizeiinspektion Gr\u00fcnstadt unter der Telefonnummer: 06359 9312-0 oder per Mail:\u00a0<a href=\"mailto:%20pigruenstadt@polizei.rlp.de\">pigruenstadt@polizei.rlp.de<\/a>\u00a0entgegen.<\/strong><\/li>\n<\/ul>\n\n\n\n<h2 class=\"wp-block-heading\">(Gr\u00fcnstadt) &#8211; Verkehrsunfall durch Vorfahrtsmissachtung<a href=\"https:\/\/www.facebook.com\/sharer.php?u=https%3A%2F%2Fwww.presseportal.de%2Fblaulicht%2Fpm%2F117687%2F5726266%2F%3Futm_source%3Dfacebook%26utm_medium%3Dsocial\"><\/a><a href=\"https:\/\/twitter.com\/intent\/tweet?text=POL-PDNW%3A%20Gr%C3%BCnstadt%20-%20Verkehrsunfall%20durch%20Vorfahrtsmissachtung&amp;url=https%3A%2F%2Fwww.presseportal.de%2Fblaulicht%2Fpm%2F117687%2F5726266%2F%3Futm_source%3Dtwitter%26utm_medium%3Dsocial&amp;hashtags=ots&amp;lang=de\"><\/a><a href=\"https:\/\/web.whatsapp.com\/send?text=POL-PDNW%3A%20Gr%C3%BCnstadt%20-%20Verkehrsunfall%20durch%20Vorfahrtsmissachtung%0A%0Ahttps%3A%2F%2Fwww.presseportal.de%2Fblaulicht%2Fpm%2F117687%2F5726266%2F%3Futm_source%3Dwhatsapp%26utm_medium%3Dsocial\"><\/a><a href=\"https:\/\/www.xing.com\/app\/user?op=share;url=https%3A%2F%2Fwww.presseportal.de%2Fblaulicht%2Fpm%2F117687%2F5726266%2F%3Futm_source%3Dxing%26utm_medium%3Dsocial\"><\/a><a href=\"http:\/\/www.linkedin.com\/shareArticle?mini=true&amp;url=https%3A%2F%2Fwww.presseportal.de%2Fblaulicht%2Fpm%2F117687%2F5726266%2F%3Futm_source%3Dlinkedin%26utm_medium%3Dsocial&amp;title=POL-PDNW%3A+Gr%C3%BCnstadt+-+Verkehrsunfall+durch+Vorfahrtsmissachtung\"><\/a><a href=\"mailto:?subject=POL-PDNW%3A%20Gr%C3%BCnstadt%20-%20Verkehrsunfall%20durch%20Vorfahrtsmissachtung&amp;body=https:\/\/www.presseportal.de\/blaulicht\/pm\/117687\/5726266\"><\/a><\/h2>\n\n\n<div class=\"wp-block-image\">\n<figure class=\"aligncenter\"><a href=\"https:\/\/cache.pressmailing.net\/thumbnail\/story_hires\/c21755db-0c77-46e8-aa20-38dab12db5a8\/VU.jpg.jpg\"><img decoding=\"async\" src=\"https:\/\/cache.pressmailing.net\/thumbnail\/story_big\/c21755db-0c77-46e8-aa20-38dab12db5a8\/pol-pdnw-gr-nstadt-verkehrsunfall-durch-vorfahrtsmissachtung\" alt=\"POL-PDNW: Gr\u00fcnstadt - Verkehrsunfall durch Vorfahrtsmissachtung\"\/><\/a><\/figure><\/div>\n\n\n<p>Am Freitag, den 01.03.2024, kam es gegen 08:00 Uhr zu einem Zusammensto\u00df zweier Pkw im Kreuzungsbereich Philipp-Kranz-Stra\u00dfe, Dahlienweg, Freundchenstra\u00dfe in Gr\u00fcnstadt. Eine 37-j\u00e4hrige Ford-Fahrerin \u00fcberquerte den genannten Kreuzungsbereich von der Philipp-Kranz-Stra\u00dfe aus kommend in den Dahlienweg und missachtete dabei die Vorfahrt einer von rechts aus der Freundchenstra\u00dfe kommenden, 51-j\u00e4hrigen VW-Fahrerin. Diese wurde durch den Zusammensto\u00df leicht verletzt. An beiden Pkw entstand ein Gesamtschaden von ca. 6000,-EUR.<\/p>\n\n\n\n<h2 class=\"wp-block-heading\">(Maxdorf) &#8211; Brand eines Kraftfahrzeugrollers<\/h2>\n\n\n\n<p>Am 01.03.2024, gegen 22:00 Uhr, brannte in einem Waldst\u00fcck in H\u00f6he der Kurpfalzstra\u00dfe in Maxdorf ein Kraftfahrzeugroller. Nach Beendigung der L\u00f6scharbeiten konnte festgestellt werden, dass der Roller g\u00e4nzlich ausgebrannt ist. Die Ursache des Brandes ist bislang nicht bekannt. <\/p>\n\n\n\n<ul>\n<li><strong>Zeugen werden gebeten sich an die Polizeiinspektion Frankenthal unter der Tel.-Nr.: 06233\/313-0 oder an die Polizeiwache Maxdorf unter der Tel.-Nr.: 06237\/934-1100 zu wenden. Gerne nehmen wir Ihre Hinweise auch per E-Mail unter\u00a0<a href=\"mailto:%20pifrankenthal@polizei.rlp.de\">pifrankenthal@polizei.rlp.de<\/a>\u00a0entgegen.<\/strong><\/li>\n<\/ul>\n\n\n\n<h2 class=\"wp-block-heading\">(L 453 \/ Heuchelheim) &#8211; Verkehrsunfallflucht mit beteiligtem Linienbus<\/h2>\n\n\n<div class=\"wp-block-image\">\n<figure class=\"aligncenter size-full\"><img decoding=\"async\" loading=\"lazy\" width=\"801\" height=\"600\" src=\"https:\/\/speyer24news.com\/wp-content\/uploads\/2020\/05\/Zeugen-gesucht-Neutral.jpg\" alt=\"\" class=\"wp-image-26598\" srcset=\"https:\/\/speyer24news.com\/wp-content\/uploads\/2020\/05\/Zeugen-gesucht-Neutral.jpg 801w, https:\/\/speyer24news.com\/wp-content\/uploads\/2020\/05\/Zeugen-gesucht-Neutral-300x225.jpg 300w, https:\/\/speyer24news.com\/wp-content\/uploads\/2020\/05\/Zeugen-gesucht-Neutral-768x575.jpg 768w, https:\/\/speyer24news.com\/wp-content\/uploads\/2020\/05\/Zeugen-gesucht-Neutral-678x509.jpg 678w, https:\/\/speyer24news.com\/wp-content\/uploads\/2020\/05\/Zeugen-gesucht-Neutral-326x245.jpg 326w, https:\/\/speyer24news.com\/wp-content\/uploads\/2020\/05\/Zeugen-gesucht-Neutral-80x60.jpg 80w\" sizes=\"(max-width: 801px) 100vw, 801px\" \/><\/figure><\/div>\n\n\n<p>Am 01.03.2024, gegen 15:15 Uhr, kam es auf der L453 in Fahrtrichtung Heuchelheim, von Dirmstein kommend, in Folge eines \u00dcberholman\u00f6vers zu einem Verkehrsunfall. An dem \u00fcberholten Linienbus entstand hierbei ein Schaden an der vorderen Fahrzeugseite links. Durch Zeugen konnte das verursachende Fahrzeug als schwarzes Cabrio der Marke Audi beschrieben werden, welcher sich im Anschluss von der \u00d6rtlichkeit entfernte. Die Schadensh\u00f6he betr\u00e4gt circa 750 Euro. <\/p>\n\n\n\n<ul>\n<li><strong>Zeugen werden gebeten sich an die Polizeiinspektion Frankenthal unter der Tel.-Nr.: 06233\/313-0 oder an die Polizeiwache Maxdorf unter der Tel.-Nr.: 06237\/934-1100 zu wenden. Gerne nehmen wir Ihre Hinweise auch per E-Mail unter\u00a0<a href=\"mailto:%20pifrankenthal@polizei.rlp.de\">pifrankenthal@polizei.rlp.de<\/a>\u00a0entgegen.<\/strong><\/li>\n<\/ul>\n\n\n\n<h2 class=\"wp-block-heading\">(Frankenthal-Studernheim) &#8211; Versuchter Einbruchsdiebstahl in der Frankenthaler Stra\u00dfe<a href=\"https:\/\/www.facebook.com\/sharer.php?u=https%3A%2F%2Fwww.presseportal.de%2Fblaulicht%2Fpm%2F117688%2F5726287%2F%3Futm_source%3Dfacebook%26utm_medium%3Dsocial\"><\/a><a href=\"https:\/\/twitter.com\/intent\/tweet?text=POL-PDLU%3A%20versuchter%20Einbruchsdiebstahl%20in%20der%20Frankenthaler%20Stra%C3%9Fe&amp;url=https%3A%2F%2Fwww.presseportal.de%2Fblaulicht%2Fpm%2F117688%2F5726287%2F%3Futm_source%3Dtwitter%26utm_medium%3Dsocial&amp;hashtags=ots&amp;lang=de\"><\/a><a href=\"https:\/\/web.whatsapp.com\/send?text=POL-PDLU%3A%20versuchter%20Einbruchsdiebstahl%20in%20der%20Frankenthaler%20Stra%C3%9Fe%0A%0Ahttps%3A%2F%2Fwww.presseportal.de%2Fblaulicht%2Fpm%2F117688%2F5726287%2F%3Futm_source%3Dwhatsapp%26utm_medium%3Dsocial\"><\/a><a href=\"https:\/\/www.xing.com\/app\/user?op=share;url=https%3A%2F%2Fwww.presseportal.de%2Fblaulicht%2Fpm%2F117688%2F5726287%2F%3Futm_source%3Dxing%26utm_medium%3Dsocial\"><\/a><a href=\"http:\/\/www.linkedin.com\/shareArticle?mini=true&amp;url=https%3A%2F%2Fwww.presseportal.de%2Fblaulicht%2Fpm%2F117688%2F5726287%2F%3Futm_source%3Dlinkedin%26utm_medium%3Dsocial&amp;title=POL-PDLU%3A+versuchter+Einbruchsdiebstahl+in+der+Frankenthaler+Stra%C3%9Fe\"><\/a><a href=\"mailto:?subject=POL-PDLU%3A%20versuchter%20Einbruchsdiebstahl%20in%20der%20Frankenthaler%20Stra%C3%9Fe&amp;body=https:\/\/www.presseportal.de\/blaulicht\/pm\/117688\/5726287\"><\/a><\/h2>\n\n\n\n<p>Am 02.03.2024, gegen 03:00 Uhr, nahm der 57-J\u00e4hrige Bewohner eines Einfamilienhauses Ger\u00e4usche im Erdgeschoss des Anwesens wahr, ehe er an seiner Hauseingangst\u00fcr eine m\u00e4nnliche Person wahrnahm. Dieser hebelte mit unbekanntem Werkzeug die Eingangst\u00fcr auf und erblickte sodann den Bewohner. Daraufhin entfernte sich der unbekannte T\u00e4ter fu\u00dfl\u00e4ufig. Wertgegenst\u00e4nde wurden nicht entwendet, es entstand jedoch Sachschaden an der Eingangst\u00fcr in unbekannter H\u00f6he. Der T\u00e4ter wird als m\u00e4nnlich, vergleichsweise gro\u00df und von schlanker Statur beschrieben. Die Polizei betreibt hierzu weitere Ermittlungen. <\/p>\n\n\n\n<ul>\n<li><strong>Zeugen werden gebeten sich an die Polizeiinspektion Frankenthal unter der Tel.-Nr.: 06233\/313-0 oder an die Polizeiwache Maxdorf unter der Tel.-Nr.: 06237\/934-1100 zu wenden. Gerne nehmen wir Ihre Hinweise auch per E-Mail unter\u00a0<a href=\"mailto:%20pifrankenthal@polizei.rlp.de\">pifrankenthal@polizei.rlp.de<\/a>\u00a0entgegen.<\/strong><\/li>\n<\/ul>\n\n\n\n<h2 class=\"wp-block-heading\">(B 9 Frankenthal-Studernheim) &#8211; Zeugenaufruf<\/h2>\n\n\n\n<h3 class=\"wp-block-heading has-text-align-center\">Nachtragsmeldung zur Sperrung der B9<\/h3>\n\n\n\n<p>Am Freitag, den 01.03.2024, kam es gegen 14:45 Uhr zu einer Verkehrsunfallflucht auf der B9, in Fahrtrichtung Speyer, zwischen den Anschlussstellen Frankenthal-Studernheim und Oggersheim-Maxdorf. Nach derzeitigem Stand der Ermittlungen befuhr ein 45-j\u00e4hriger LKW-Fahrer hinter einer 46-j\u00e4hrigen PKW-Fahrerin die B9 in Richtung Speyer. Beide wurden durch einen Fiat \u00fcberholt, welcher derart knapp vor der 46-j\u00e4hrigen Frankenthalerin einscherte, dass diese eine Gefahrenbremsung einleiten musste. Aufgrund dessen fuhr ihr der LKW ins Fahrzeugheck. Durch den Aufprall wurde unter anderen die Ladung, ein Beh\u00e4ltnis mit insgesamt 24 Tonnen Kaurit-Leim, besch\u00e4digt und der Leim floss auf die Fahrbahn. Der Fiat setzte seine Fahrt fort.<\/p>\n\n\n\n<p>Aufgrund des auslaufenden Leims, bei welchem es sich nicht um Gefahrgut handelte, musste die Richtungsfahrbahn Speyer der B9 zwischen den Anschlussstellen Frankenthal-Studernheim und Oggersheim-Maxdorf zum Zwecke der Fahrbahnreinigung bis ca. 19:15 Uhr gesperrt werden. Hierdurch kam es zu erheblichen Verkehrsbeeintr\u00e4chtigungen.<\/p>\n\n\n\n<p>Durch den Verkehrsunfall wurde gl\u00fccklicher Weise niemand verletzt. Der Sachschaden, inklusive Reinigungsarbeiten, d\u00fcrfte sich auf etwa 15.000 Euro belaufen.<\/p>\n\n\n\n<p>Im Einsatz waren neben der Polizeiautobahnstation Ruchheim die Polizeiinspektion Frankenthal, die Polizeiwache Oggersheim, die Feuerwehr Frankenthal, die Werksfeuerwehr der BASF und die Stra\u00dfenmeisterei Gr\u00fcnstadt.<\/p>\n\n\n\n<ul>\n<li><strong>Die Polizeiautobahnstation Ruchheim bittet Zeugen, die Angaben zu dem Fiat oder dessen Fahrer\/-in machen k\u00f6nnen, sich unter 06237 9330 oder via E-Mail an\u00a0<a href=\"mailto:%20pastruchheim@polizei.rlp.de\">pastruchheim@polizei.rlp.de<\/a>\u00a0zu wenden.<\/strong><\/li>\n<\/ul>\n\n\n\n<h2 class=\"wp-block-heading\">(Ludwigshafen-Oppau) &#8211; Streit zwischen Autofahrern eskaliert<\/h2>\n\n\n<div class=\"wp-block-image\">\n<figure class=\"aligncenter size-full\"><img decoding=\"async\" loading=\"lazy\" width=\"800\" height=\"533\" src=\"https:\/\/speyer24news.com\/wp-content\/uploads\/2022\/04\/Mann-Wuetend-Streit.jpg\" alt=\"\" class=\"wp-image-45247\" srcset=\"https:\/\/speyer24news.com\/wp-content\/uploads\/2022\/04\/Mann-Wuetend-Streit.jpg 800w, https:\/\/speyer24news.com\/wp-content\/uploads\/2022\/04\/Mann-Wuetend-Streit-300x200.jpg 300w, https:\/\/speyer24news.com\/wp-content\/uploads\/2022\/04\/Mann-Wuetend-Streit-768x512.jpg 768w\" sizes=\"(max-width: 800px) 100vw, 800px\" \/><figcaption class=\"wp-element-caption\">Symbolfoto &#8222;Streit&#8220;<\/figcaption><\/figure><\/div>\n\n\n<p>Am Freitagnachmittag kam es an der Kreuzung zwischen der K1 und der Bgm.-Trupp-Stra\u00dfe in Ludwigshafen Oppau zun\u00e4chst zu einem Missverst\u00e4ndnis zwischen zwei Verkehrsteilnehmern. Ein 39-j\u00e4hriger Pkw-Fahrer aus dem Raum Heppenheim und ein 48-j\u00e4hriger Pkw-Fahrer aus dem Raum Ludwigshafen beschuldigten sich gegenseitig, dem anderen die Vorfahrt genommen zu haben.<\/p>\n\n\n\n<p>Zun\u00e4chst gerieten die beiden M\u00e4nner nur verbal aneinander. Nachdem beide ihr Fahrzeug verlassen hatten, entwickelte sich eine handfeste Auseinandersetzung. Im Anschluss daran stiegen die beiden Kontrahenten wieder in ihre Fahrzeuge und suchten gleichzeitig die Polizeiinspektion Ludwigshafen 2 auf, um dort Anzeige zu erstatten. Dort zeigten sie sich gegenseitig wegen K\u00f6rperverletzung und einer Beleidigung an.<\/p>\n\n\n\n<h2 class=\"wp-block-heading\">(Ludwigshafen-Friesenheim) &#8211; Einbruchsserie in Kleingartenanlage<\/h2>\n\n\n\n<p>Im Gemeinn\u00fctzigen Kleingartenbauverein der BASF kam es vermutlich in der Nacht zum Freitag zu mehreren Einbr\u00fcchen in G\u00e4rten entlang des Teichgartenwegs. Vier Gesch\u00e4digte haben sich bisher bei der Polizei gemeldet. Es wurde festgestellt, dass mehrere elektrische Gartenger\u00e4te gestohlen wurden.<\/p>\n\n\n\n<ul>\n<li><strong>Hinweise nimmt die Polizeiinspektion Ludwigshafen 2 unter Tel.: 0621\/963-2222 oder per E-Mail:\u00a0<a href=\"mailto:%20piludwigshafen2@polizei.rlp.de\">piludwigshafen2@polizei.rlp.de<\/a>\u00a0entgegen.<\/strong><\/li>\n<\/ul>\n\n\n\n<h2 class=\"wp-block-heading\">(Mannheim-Innenstadt) &#8211; Frontalzusammensto\u00df zweier Pkw im Hafengebiet<a href=\"https:\/\/www.facebook.com\/sharer.php?u=https%3A%2F%2Fwww.presseportal.de%2Fblaulicht%2Fpm%2F14915%2F5726429%2F%3Futm_source%3Dfacebook%26utm_medium%3Dsocial\"><\/a><a href=\"https:\/\/twitter.com\/intent\/tweet?text=POL-MA%3A%20Mannheim%2FInnenstadt%3A%20Frontalzusammensto%C3%9F%20zweier%20Pkw%20im%20Hafengebiet%20-%20PM%201&amp;url=https%3A%2F%2Fwww.presseportal.de%2Fblaulicht%2Fpm%2F14915%2F5726429%2F%3Futm_source%3Dtwitter%26utm_medium%3Dsocial&amp;hashtags=ots&amp;lang=de\"><\/a><a href=\"https:\/\/web.whatsapp.com\/send?text=POL-MA%3A%20Mannheim%2FInnenstadt%3A%20Frontalzusammensto%C3%9F%20zweier%20Pkw%20im%20Hafengebiet%20-%20PM%201%0A%0Ahttps%3A%2F%2Fwww.presseportal.de%2Fblaulicht%2Fpm%2F14915%2F5726429%2F%3Futm_source%3Dwhatsapp%26utm_medium%3Dsocial\"><\/a><a href=\"https:\/\/www.xing.com\/app\/user?op=share;url=https%3A%2F%2Fwww.presseportal.de%2Fblaulicht%2Fpm%2F14915%2F5726429%2F%3Futm_source%3Dxing%26utm_medium%3Dsocial\"><\/a><a href=\"http:\/\/www.linkedin.com\/shareArticle?mini=true&amp;url=https%3A%2F%2Fwww.presseportal.de%2Fblaulicht%2Fpm%2F14915%2F5726429%2F%3Futm_source%3Dlinkedin%26utm_medium%3Dsocial&amp;title=POL-MA%3A+Mannheim%2FInnenstadt%3A+Frontalzusammensto%C3%9F+zweier+Pkw+im+Hafengebiet+-+PM+1\"><\/a><a href=\"mailto:?subject=POL-MA%3A%20Mannheim%2FInnenstadt%3A%20Frontalzusammensto%C3%9F%20zweier%20Pkw%20im%20Hafengebiet%20-%20PM%201&amp;body=https:\/\/www.presseportal.de\/blaulicht\/pm\/14915\/5726429\"><\/a><\/h2>\n\n\n\n<p>Derzeit sind Polizei und Rettungskr\u00e4ffte in der Rheinvorlandstra\u00dfe bei einem Verkehrsunfall im Einsatz, bei welchem nach ersten Erkenntnissen zwei Pkw frontal zusammenstie\u00dfen. Bislang konnten zwei Verletzte Personen festgestellt werden. \u00dcber den genauen Unfallhergang, \u00fcber die schwere der Verletzungen und die Schadensh\u00f6he liegen noch keine Erkenntnisse vor. (<em>02.03.2024 \u2013 23:46<\/em>)<\/p>\n\n\n\n<h2 class=\"wp-block-heading\">(Mannheim-Seckenheim) &#8211; Fr\u00fchjahrsputz zu ernst genommen<\/h2>\n\n\n\n<p>Am Freitagabend kam es gegen 20:30 Uhr zu einem Einsatz wegen eines angeblichen Chlorgasaustrittes, bei dem sich eine Person verletzt habe. Beim Eintreffen der Funkwagenbesatzung war bereits ein Gro\u00dfaufgebot der Feuerwehr sowie ein Rettungswagen vor Ort. Durch die Sanit\u00e4ter wurde die verletzte Person zwischenzeitlich versorgt. Bei der \u00dcberpr\u00fcfung des vermeintlichen &#8222;Gaslecks&#8220; wurde festgestellt, dass die verletzte Person beim Putzen zwei handels\u00fcbliche Reinigungsmittel vermischt hatte, wobei D\u00e4mpfe entstanden sind, die leichte Atemwegsreizungen erzeugten. Bei der abschlie\u00dfenden Messung der Feuerwehr in der betroffenen Wohnung konnte keinerlei Gas festgestellt werden.<\/p>\n\n\n\n<h2 class=\"wp-block-heading\">(Heidelberg-Altstadt) &#8211; Gef\u00e4hrliche K\u00f6rperverletzung in Heidelberg<\/h2>\n\n\n<div class=\"wp-block-image\">\n<figure class=\"aligncenter size-full\"><img decoding=\"async\" loading=\"lazy\" width=\"800\" height=\"533\" src=\"https:\/\/speyer24news.com\/wp-content\/uploads\/2021\/11\/Schlaegerei.jpg\" alt=\"\" class=\"wp-image-42366\" srcset=\"https:\/\/speyer24news.com\/wp-content\/uploads\/2021\/11\/Schlaegerei.jpg 800w, https:\/\/speyer24news.com\/wp-content\/uploads\/2021\/11\/Schlaegerei-300x200.jpg 300w, https:\/\/speyer24news.com\/wp-content\/uploads\/2021\/11\/Schlaegerei-768x512.jpg 768w\" sizes=\"(max-width: 800px) 100vw, 800px\" \/><figcaption class=\"wp-element-caption\">Beispielbild Schl\u00e4gerei \/ K\u00f6rperverletzung, dient lediglich der Visualisierung<\/figcaption><\/figure><\/div>\n\n\n<p>Am 01.03.2024 kam es gegen 23:55 Uhr in der Heidelberger Altstadt zu einer gef\u00e4hrlichen K\u00f6rperverletzung. Eine aufmerksame Zeugin verst\u00e4ndigte die Polizei und meldete, dass eine Gruppe mit etwa drei M\u00e4nnern eine Person mit einem Baseballschl\u00e4ger schlagen w\u00fcrden. Vor Ort haben die Beamten durch verschiedene Zeugenaussaugen ermitteln k\u00f6nnen, dass es sich um eine wechselseitige K\u00f6rperverletzung handelte. Einer der Beschuldigten gab an, dass er aufgrund einer Auseinandersetzung mit einer Eisenhalskette geschlagen wurde. Die Situation hat sich daraufhin so zugespitzt, dass der Beschuldigte mit einem stock\u00e4hnlichen Gegenstand, den die Anruferin als Baseballschl\u00e4ger wahrnahm, angegangen wurde. Die genauen Hintergr\u00fcnde der Schl\u00e4gerei sowie die jeweiligen Tathandlungen der daran beteiligten Personen ist Gegenstand der, durch das Polizeirevier Heidelberg-Mitte gef\u00fchrten, Ermittlungen. Die Beteiligten wiesen leichte Verletzungen auf, welche zun\u00e4chst nicht unmittelbar versorgt werden mussten. <\/p>\n\n\n\n<ul>\n<li><strong>Zeugen, die sachdienliche Hinweise geben k\u00f6nnen, werden gebeten, sich mit dem Polizeirevier Heidelberg-Mitte unter der Telefonnummer 06221\/1857-0 in Verbindung zu setzen.<\/strong><\/li>\n<\/ul>\n\n\n\n<h2 class=\"wp-block-heading\">(Waibstadt \/ Rhein-Neckar-Kreis) &#8211; Feuer entlarvt Umwelts\u00fcnder<\/h2>\n\n\n\n<p>Am fr\u00fchen Samstagmorgen wurde w\u00e4hrend der Streifenfahrt im Bereich der alten Sinsheimer Stra\u00dfe in Waibstadt ein ca. 2 Meter hohes Feuer festgestellt. Bei der \u00dcberpr\u00fcfung der \u00d6rtlichkeit fanden die Beamten auf einem eingez\u00e4unten Gartengrundst\u00fcck Metalltonne, aus welcher die hohen Flammen schlugen. In der Tonne konnten verschiedene Materialien festgestellt werden, welche brannten und schmorten. Die Tonne war bis knapp unter den Rand bef\u00fcllt und roch nach verbranntem Kunststoff. Bei der \u00e4u\u00dferen Begutachtung der Tonne stellte man fest, dass diese wohl zum Verbrennen von Materialien, mittels Bohrungen von Luftl\u00f6chern im unteren Bereich, bearbeitet wurde. Eine verantwortliche Person konnte zun\u00e4chst nicht angetroffen werden. Aufgrund der N\u00e4he zu einer alten Holzlaube und einigen B\u00e4umen konnte das Feuer nicht unbeaufsichtigt belassen werden und die Freiwillige Feuerwehr Waibstadt r\u00fcckte zur L\u00f6schung der Flammen an. Nach dem L\u00f6schen der Flammen, konnte in der Tonne verschmortes Plastik, Konservendosen und Metallreste festgestellt werden. Des Weiteren fand man eine, im Grass stehende, ungesch\u00fctzte Autobatterie. Der Besitzer des Grundst\u00fccks wurde ermittelt und muss nun mit einer Anzeige rechnen.<\/p>\n\n\n\n<h2 class=\"wp-block-heading\">(Weinheim \/ Rhein-Neckar-Kreis) &#8211; E-Bike entwendet, geortet und wieder aufgefunden<\/h2>\n\n\n\n<p>Am Freitag den 01.03.2024 meldete eine Anruferin sich telefonisch beim Polizeirevier Weinheim, um den Diebstahl ihres E-Bikes anzuzeigen. Das Fahrrad wurde aus dem Keller des Mehrparteienhauses in welchem die Gesch\u00e4digte lebt entwendet. Mittels eines am E-Bike angebrachten Trackers konnte das Rad in Ludwigshafen geortet werden. Ebenso teilte die Anruferin mit, dass derzeit Bauarbeiter einer Baufirma im Haus t\u00e4tig w\u00e4ren, der Name der Firma konnte nicht genannt werden. Bei der \u00dcberpr\u00fcfung der vom Tracker angezeigten Anschrift durch die Polizei Ludwigshafen, konnte das Fahrrad aufgefunden und sichergestellt werden. Nach Angaben der Beamten handelt es sich bei der \u00d6rtlichkeit um eine Bauarbeiterunterkunft. In welchem Zusammenhang der Auffindeort und die Arbeiter stehen ist nun Gegenstand der weiteren Ermittlungen durch das Polizeirevier Weinheim.<\/p>\n","protected":false},"excerpt":{"rendered":"<div class=\"mh-excerpt\"><p>Polizeimeldungen vom Samstag (02.03.2024) (Speyer) &#8211; T\u00e4uschungsversuch nach Trunkenheitsfahrt Im Rahmen einer eingerichteten Kontrollstelle in der Wormser Landstra\u00dfe in Speyer wurde in der Nacht zum Samstag gegen 00.30 Uhr ein PKW Kia einer allgemeinen Verkehrskontrolle <a class=\"mh-excerpt-more\" href=\"https:\/\/speyer24news.com\/?p=58288\" title=\"Polizeimeldungen Samstag (02.03.24)\">[&#8230;]<\/a><\/p>\n<\/div>","protected":false},"author":3,"featured_media":26162,"comment_status":"open","ping_status":"open","sticky":false,"template":"","format":"standard","meta":{"_monsterinsights_skip_tracking":false,"_monsterinsights_sitenote_active":false,"_monsterinsights_sitenote_note":"","_monsterinsights_sitenote_category":0,"footnotes":""},"categories":[15659],"tags":[7273,7243,7244,10926,13554,350,14537,15084,15267,14538,15361,702,61,2555,14113,6955,6986,6263,63,105,11150,6987,53,13540,16956,17274,4683,14958,12967,102,13626,213,14325,14324,13553,13541,16955,2625,380],"aioseo_notices":[],"amp_enabled":true,"_links":{"self":[{"href":"https:\/\/speyer24news.com\/index.php?rest_route=\/wp\/v2\/posts\/58288"}],"collection":[{"href":"https:\/\/speyer24news.com\/index.php?rest_route=\/wp\/v2\/posts"}],"about":[{"href":"https:\/\/speyer24news.com\/index.php?rest_route=\/wp\/v2\/types\/post"}],"author":[{"embeddable":true,"href":"https:\/\/speyer24news.com\/index.php?rest_route=\/wp\/v2\/users\/3"}],"replies":[{"embeddable":true,"href":"https:\/\/speyer24news.com\/index.php?rest_route=%2Fwp%2Fv2%2Fcomments&post=58288"}],"version-history":[{"count":2,"href":"https:\/\/speyer24news.com\/index.php?rest_route=\/wp\/v2\/posts\/58288\/revisions"}],"predecessor-version":[{"id":58291,"href":"https:\/\/speyer24news.com\/index.php?rest_route=\/wp\/v2\/posts\/58288\/revisions\/58291"}],"wp:featuredmedia":[{"embeddable":true,"href":"https:\/\/speyer24news.com\/index.php?rest_route=\/wp\/v2\/media\/26162"}],"wp:attachment":[{"href":"https:\/\/speyer24news.com\/index.php?rest_route=%2Fwp%2Fv2%2Fmedia&parent=58288"}],"wp:term":[{"taxonomy":"category","embeddable":true,"href":"https:\/\/speyer24news.com\/index.php?rest_route=%2Fwp%2Fv2%2Fcategories&post=58288"},{"taxonomy":"post_tag","embeddable":true,"href":"https:\/\/speyer24news.com\/index.php?rest_route=%2Fwp%2Fv2%2Ftags&post=58288"}],"curies":[{"name":"wp","href":"https:\/\/api.w.org\/{rel}","templated":true}]}}