{"id":58313,"date":"2024-03-03T11:41:03","date_gmt":"2024-03-03T10:41:03","guid":{"rendered":"https:\/\/speyer24news.com\/?p=58313"},"modified":"2024-03-03T17:29:16","modified_gmt":"2024-03-03T16:29:16","slug":"polizeimeldungen-sonntag-03-03-24","status":"publish","type":"post","link":"https:\/\/speyer24news.com\/?p=58313","title":{"rendered":"Polizeimeldungen Sonntag (03.03.24)"},"content":{"rendered":"<style type=\"text\/css\">\r\n\t.ads_top_disp{}\r\n\t.ads_top_corner_disp{ float:left; margin:0px 10px 10px 0px; }\r\n\t.ads_first_p_disp{}\r\n\t.ads_bottom_disp{}\r\n\t<\/style>\n<h2 class=\"wp-block-heading\">Polizeimeldungen vom Sonntag (03.03.2024)<\/h2>\n\n\n<div class=\"wp-block-image\">\n<figure class=\"aligncenter size-full\"><img decoding=\"async\" loading=\"lazy\" width=\"375\" height=\"500\" src=\"https:\/\/speyer24news.com\/wp-content\/uploads\/2022\/03\/Aktuelles-Polizeilogo.jpg\" alt=\"\" class=\"wp-image-43591\" srcset=\"https:\/\/speyer24news.com\/wp-content\/uploads\/2022\/03\/Aktuelles-Polizeilogo.jpg 375w, https:\/\/speyer24news.com\/wp-content\/uploads\/2022\/03\/Aktuelles-Polizeilogo-225x300.jpg 225w\" sizes=\"(max-width: 375px) 100vw, 375px\" \/><\/figure><\/div>\n\n\n<h2 class=\"wp-block-heading\">(Speyer) &#8211; K\u00f6rperverletzung in der Innenstadt<\/h2>\n\n\n<div class=\"wp-block-image\">\n<figure class=\"aligncenter size-full\"><img decoding=\"async\" loading=\"lazy\" width=\"800\" height=\"600\" src=\"https:\/\/speyer24news.com\/wp-content\/uploads\/2019\/06\/Ausn\u00fcchterungszelle.jpg\" alt=\"\" class=\"wp-image-15212\" srcset=\"https:\/\/speyer24news.com\/wp-content\/uploads\/2019\/06\/Ausn\u00fcchterungszelle.jpg 800w, https:\/\/speyer24news.com\/wp-content\/uploads\/2019\/06\/Ausn\u00fcchterungszelle-300x225.jpg 300w, https:\/\/speyer24news.com\/wp-content\/uploads\/2019\/06\/Ausn\u00fcchterungszelle-768x576.jpg 768w, https:\/\/speyer24news.com\/wp-content\/uploads\/2019\/06\/Ausn\u00fcchterungszelle-678x509.jpg 678w, https:\/\/speyer24news.com\/wp-content\/uploads\/2019\/06\/Ausn\u00fcchterungszelle-326x245.jpg 326w, https:\/\/speyer24news.com\/wp-content\/uploads\/2019\/06\/Ausn\u00fcchterungszelle-80x60.jpg 80w\" sizes=\"(max-width: 800px) 100vw, 800px\" \/><figcaption class=\"wp-element-caption\">Beispielbild Zelle \/ Verhaftung, dient lediglich der Visualisierung<\/figcaption><\/figure><\/div>\n\n\n<p>Gegen 00:30 Uhr gerieten in der Nacht zu Sonntag ein 31-J\u00e4hriger und ein 44-J\u00e4hriger Mann auf der Maximilianstra\u00dfe in einen Streit. Zeugen machten einen zuf\u00e4llig vorbeifahrenden Streifenwagen der Polizei auf die Situation aufmerksam. Beim Eintreffen der Beamten lag der 44-J\u00e4hrige leicht verletzt auf dem Boden. Gem\u00e4\u00df \u00fcbereinstimmender Angaben hatte ihm der 31-J\u00e4hrige mehrere Schl\u00e4ge auf den Kopf verpasst. Der T\u00e4ter wurde zur Verhinderung weiterer Straftaten in Gewahrsam genommen, ein Atemalkoholtest ergab zuvor bei ihm 2,61 Promille.<\/p>\n\n\n\n<h2 class=\"wp-block-heading\">(Speyer) &#8211; Mit Drogen auf E-Scooter unterwegs<\/h2>\n\n\n\n<p>Sonntagnacht wurde gegen Mitternacht ein 50-j\u00e4hriger Speyerer mit einem E-Scooter in der Wormser Landstra\u00dfe einer Verkehrskontrolle unterzogen. Im Rahmen dieser Kontrolle zeigte der Mann drogentypische Auffallerscheinungen. Er r\u00e4umte den Konsum von Marihuana und Amphetamin ein. Bei einer Durchsuchung des Mannes konnten zudem geringe Mengen Marihuana und Amphetamin aufgefunden und beschlagnahmt werden. Dem Mann wurde die Weiterfahrt untersagt und eine Blutprobe entnommen. Gegen ihn wurde nun ein Ordnungswidrigkeitenverfahren wegen des Fahrens unter Drogeneinfluss und eine Strafanzeige wegen des Drogenbesitzes eingeleitet.<\/p>\n\n\n\n<h2 class=\"wp-block-heading\">(Otterstadt) &#8211; Einbruchversuch Seglerverein<\/h2>\n\n\n\n<p>Im Zeitraum 27.03. &#8211; 02.03.2024 kam es zu einem Einbruchversuch in ein Vereinsheim der Segler-Vereinigung Mannheim e.V., welches sich am Altrhein bei Otterstadt befindet. Die Hebelversuche der T\u00e4ter scheiterten jedoch an einer massiven Stahlt\u00fcr des Vereinsheims.<\/p>\n\n\n\n<ul>\n<li><strong>Wer kann Hinweise zu der Tat geben? Zeugen werden gebeten sich mit der Polizei Speyer telefonisch oder per E-Mail (Tel. 06232 \/ 137-0, E-Mail an&nbsp;<a href=\"mailto:%20pispeyer@polizei.rlp.de\">pispeyer@polizei.rlp.de<\/a>) in Verbindung zu setzen.<\/strong><\/li>\n<\/ul>\n\n\n\n<h2 class=\"wp-block-heading\">(Zeiskam) &#8211; Verkehrsunfall unter Medikamenteneinfluss<a href=\"https:\/\/www.facebook.com\/sharer.php?u=https%3A%2F%2Fwww.presseportal.de%2Fblaulicht%2Fpm%2F117686%2F5726464%2F%3Futm_source%3Dfacebook%26utm_medium%3Dsocial\"><\/a><a href=\"https:\/\/twitter.com\/intent\/tweet?text=POL-PDLD%3A%20Verkehrsunfall%20unter%20Medikamenteneinfluss&amp;url=https%3A%2F%2Fwww.presseportal.de%2Fblaulicht%2Fpm%2F117686%2F5726464%2F%3Futm_source%3Dtwitter%26utm_medium%3Dsocial&amp;hashtags=ots&amp;lang=de\"><\/a><a href=\"https:\/\/web.whatsapp.com\/send?text=POL-PDLD%3A%20Verkehrsunfall%20unter%20Medikamenteneinfluss%0A%0Ahttps%3A%2F%2Fwww.presseportal.de%2Fblaulicht%2Fpm%2F117686%2F5726464%2F%3Futm_source%3Dwhatsapp%26utm_medium%3Dsocial\"><\/a><a href=\"https:\/\/www.xing.com\/app\/user?op=share;url=https%3A%2F%2Fwww.presseportal.de%2Fblaulicht%2Fpm%2F117686%2F5726464%2F%3Futm_source%3Dxing%26utm_medium%3Dsocial\"><\/a><a href=\"http:\/\/www.linkedin.com\/shareArticle?mini=true&amp;url=https%3A%2F%2Fwww.presseportal.de%2Fblaulicht%2Fpm%2F117686%2F5726464%2F%3Futm_source%3Dlinkedin%26utm_medium%3Dsocial&amp;title=POL-PDLD%3A+Verkehrsunfall+unter+Medikamenteneinfluss\"><\/a><a href=\"mailto:?subject=POL-PDLD%3A%20Verkehrsunfall%20unter%20Medikamenteneinfluss&amp;body=https:\/\/www.presseportal.de\/blaulicht\/pm\/117686\/5726464\"><\/a><\/h2>\n\n\n<div class=\"wp-block-image\">\n<figure class=\"aligncenter\"><a href=\"https:\/\/cache.pressmailing.net\/thumbnail\/story_hires\/1199be8c-8ae1-4473-be4d-929c0678b4c6\/VUZ.jpg.jpg\"><img decoding=\"async\" src=\"https:\/\/cache.pressmailing.net\/thumbnail\/story_big\/1199be8c-8ae1-4473-be4d-929c0678b4c6\/pol-pdld-verkehrsunfall-unter-medikamenteneinfluss\" alt=\"POL-PDLD: Verkehrsunfall unter Medikamenteneinfluss\"\/><\/a><\/figure><\/div>\n\n\n<p>Am Abend des 02.03.2024 kam ein 39J\u00e4hriger Germersheimer mit seinem Pkw beim Linksabbiegen zur Auffahrt der B272 in H\u00f6he der Anschlussstelle Zeiskam von der Fahrbahn ab. Hierbei setzte er sein Fahrzeug auf die Schutzplanke auf, wodurch sowohl diese wie auch das Fahrzeug besch\u00e4digt wurden. Bei der Unfallaufnahme ergaben sich Hinweise darauf, dass der Fahrer aufgrund der Einnahme von Medikamenten nicht mehr verkehrst\u00fcchtig gewesen war. Aus diesem Grund wurde gegen ihn ein Ermittlungsverfahren wegen des Verdachtes der Stra\u00dfenverkehrsgef\u00e4hrdung eingeleitet. Ihm wurde daher eine Blutprobe entnommen und sein F\u00fchrerschein wurde sichergestellt.<\/p>\n\n\n\n<h2 class=\"wp-block-heading\">(Kandel) &#8211; Einbruch in Realschule<\/h2>\n\n\n\n<p>In der Nacht vom 01.03.2024 auf den 02.03.2024 gegen 23:00 Uhr sind bislang mehrere unbekannte T\u00e4ter in die Realschule Kandel in der Jahnstra\u00dfe eingebrochen. Die T\u00e4ter gelangten durch das Einschlagen eines Fensters in das Geb\u00e4ude und entwendeten im Rahmen dessen diverse Gegenst\u00e4nde. Bei dem Diebesgut handelt es sich haupts\u00e4chlich um Elektronikartikel. Die T\u00e4ter fl\u00fcchteten anschlie\u00dfend und hinterlie\u00dfen eine Spur der Verw\u00fcstung. Es konnten vor Ort mehrere Spuren gesichert werden. Die genaue Schadensh\u00f6he und die Auswertung der Spurenlage bedarf weiterer Ermittlungen. <\/p>\n\n\n\n<ul>\n<li><strong>Sofern Zeugen bestehen sollten, welche den Sachverhalt wahrgenommen haben und sachdienliche Angaben machen k\u00f6nnen, werden gebeten, sich mit der Polizeiinspektion W\u00f6rth in Verbindung zu setzten.<\/strong><\/li>\n<\/ul>\n\n\n\n<h2 class=\"wp-block-heading\">(Kandel) &#8211; Trunkenheit im Verkehr<\/h2>\n\n\n\n<p>Am Freitag, den 01.03.2024, gegen 23:00 Uhr, wurde ein 60-j\u00e4hriger PKW-Fahrer in Kandel einer allgemeinen Verkehrskontrolle unterzogen. Im Rahmen dieser konnten die Beamten deutlicher Atemalkoholgeruch beim Fahrer feststellen. Ein auf freiwilliger Basis durchgef\u00fchrter Atemalkoholtest ergab 1,21 Promille. Die Weiterfahrt wurde untersagt und der F\u00fchrerschein mit dem Zweck des Entzugs der Fahrerlaubnis beschlagnahmt. Dem Fahrer wurde eine Blutprobe entnommen und ein entsprechendes Strafverfahren eingeleitet.<\/p>\n\n\n\n<h2 class=\"wp-block-heading\">(Minfeld) &#8211; Einbruchsdiebstahl in Vereinsheim<\/h2>\n\n\n\n<p>In der Nacht vom 01.03.2024 auf den 02.03.2024 wurde durch bislang unbekannte T\u00e4ter in das Vereinsheim des SV Minfeld in der Jahnstra\u00dfe eingebrochen. Die T\u00e4ter gelangten in das Geb\u00e4ude, indem sie eine T\u00fcr aufhebelten. Bei der Tatausf\u00fchrung wurde circa 500,- Euro Bargeld entwendet. An der angegangenen T\u00fcr entstand durch das Aufhebeln ein erheblicher Sachschaden. Die \u00f6rtliche Polizei hat die Ermittlungen aufgenommen.<\/p>\n\n\n\n<ul>\n<li><strong>Zeugen, welche den Sachverhalt wahrgenommen haben und sachdienliche Angaben machen k\u00f6nnen, werden gebeten, sich mit der Polizeiinspektion W\u00f6rth in Verbindung zu setzen.<\/strong><\/li>\n<\/ul>\n\n\n\n<h2 class=\"wp-block-heading\">(Rohrbach) &#8211; Verkehrsunfall unter Alkoholeinfluss f\u00fchrt zu wirtschaftlichem Totalschaden<\/h2>\n\n\n\n<p>Am 03.03.2024, gegen 03:53 Uhr, befuhr ein 40-j\u00e4hriger Opel-Fahrer die Landesstra\u00dfe 493 von Herxheim kommend in Fahrtrichtung Rohrbach. Auf Grund von Alkoholeinfluss des Fahrers kam das Fahrzeug von der Fahrbahn ab, touchierte einen Leitpfosten und kam schlie\u00dflich im Graben zum Stillstand. Der Fahrer blieb gl\u00fccklicherweise unverletzt. Bei dem 40-J\u00e4hrigen konnte w\u00e4hrend der Unfallaufnahme Alkoholgeruch wahrgenommen werden. Ein Alkoholtest ergab einen Wert von 1,81 Promille. Daher wurde dem Fahrer auf der Polizeidienststelle eine Blutprobe entnommen und sein F\u00fchrerschein sichergestellt. Am Fahrzeug entstand wirtschaftlicher Totalschaden und dieses musste abgeschleppt werden. Ebenso entstand gro\u00dffl\u00e4chiger Flurschaden. Gegen den Mann wurde nun ein Strafverfahren eingeleitet.<\/p>\n\n\n\n<h2 class=\"wp-block-heading\">(Landau) &#8211; Fahrunt\u00fcchtig und ohne Versicherung auf E-Scooter unterwegs<\/h2>\n\n\n\n<p>Am 03. M\u00e4rz, gegen 02:45 Uhr, wurde ein 20-j\u00e4hriger Mann aus dem Landkreis S\u00fcdliche Weinstra\u00dfe einer Verkehrskontrolle unterzogen. Der Fahrer war auf seinem E-Scooter ohne angebrachtes Versicherungskennzeichen unterwegs, weshalb die Beamten der Polizeiinspektion Landau auf ihn aufmerksam wurden. Bei der anschlie\u00dfenden \u00dcberpr\u00fcfung stellte sich heraus, dass der E-Scooter keinen g\u00fcltigen Versicherungsschutz besitzt. Weiterhin ergaben sich bei dem Fahrer drogentypische Auffallerscheinungen. Ein freiwilliger Urintest reagierte positiv auf die Wirkstoffe THC, Amphetamin, Metamphetamin sowie Kokain. Infolgedessen wurde dem Fahrer eine Blutprobe entnommen und der E-Scooter sichergestellt. Der Mann muss sich nun wegen einer Trunkenheitsfahrt und eines Versto\u00dfes gegen das Pflichtversicherungsgesetz verantworten.<\/p>\n\n\n\n<h2 class=\"wp-block-heading\">(Ebertsheim) &#8211; Fahrradfahrer bei Verkehrsunfall verletzt<\/h2>\n\n\n\n<p>Am Samstag, den 02.03.2024, kam es kurz nach 14:00 Uhr im Bereich der L 395 zwischen Ebertsheim und Eisenberg zu einem Verkehrsunfall zwischen einem 53-j\u00e4hrigen Fahrradfahrer und einem 24-j\u00e4hrigen Pkw-Fahrer. Diese fuhren beide in Richtung Eisenberg. Als der Fahrradfahrer gerade nach links auf den neben der Fahrbahn gelegenen Radweg abbiegen wollte, wurde er durch den Pkw-Fahrer mit dessen VW Golf \u00fcberholt. Hierbei kam es zum Zusammensto\u00df zwischen dem Fahrrad und dem Pkw, wodurch der Fahrradfahrer st\u00fcrzte. Der Fahrradfahrer, welcher einen Schutzhelm trug, wurde im Oberk\u00f6rperbereich leicht verletzt und im Anschluss in ein umliegendes Krankenhaus verbracht. An beiden Fahrzeugen entstand leichter Sachschaden in H\u00f6he von insgesamt ca. 600,-EUR.<\/p>\n\n\n\n<h2 class=\"wp-block-heading\">(Gr\u00fcnstadt) &#8211; Motorradfahrer gest\u00fcrzt<\/h2>\n\n\n\n<p>Am Samstag, den 02.03.2024, kam es gegen 09:15 Uhr im Bereich des Kreisverkehrs Obers\u00fclzer Stra\u00dfe, Industriestra\u00dfe in Gr\u00fcnstadt zu einem Alleinunfall eines 66-j\u00e4hrigen Motorradfahrers. Dieser befuhr mit seiner Royal Enfield die Obers\u00fclzer Stra\u00dfe in Fahrtrichtung Obers\u00fclzen. Vermutlich aufgrund eines Fahrfehlers kam er im genannten Kreisverkehr zu Fall. Der 66-J\u00e4hrige wurde gl\u00fccklicherweise nur leicht im Schulterbereich verletzt. Er wurde zur weiteren Behandlung in ein umliegendes Krankenhaus verbracht. Am Motorrad entstand leichter Sachschaden in H\u00f6he von ca. 1000,-EUR.<\/p>\n\n\n\n<h2 class=\"wp-block-heading\">(K2 \/ Lambsheim) &#8211; \u00dcberschlagender PKW auf Landstra\u00dfe<\/h2>\n\n\n\n<p>Am 02.03.2024, gegen 20:40 Uhr, befuhr ein mit vier Personen besetzter PKW die K2 zwischen Lambsheim und Gerolsheim. In einer Rechtskurve verlor der Fahrer ohne Fremdeinwirkung die Kontrolle \u00fcber sein Fahrzeug, woraufhin es nach rechts von der Stra\u00dfe abkam und sich \u00fcberschlug. Der Fahrer sowie ein weiterer Insasse verletzten sich dabei leicht. Hinweise auf eine Fahrunt\u00fcchtigkeit konnten nicht erlangt werden, die Unfallursache bedarf weiterer Ermittlungen. F\u00fcr die Unfallaufnahme und die R\u00e4umung der Unfallstelle musste die Landstra\u00dfe voll gesperrt werden. <\/p>\n\n\n\n<ul>\n<li><strong>Zeugen werden gebeten sich an die Polizeiinspektion Frankenthal unter der Tel.-Nr.: 06233\/313-0 oder an die Polizeiwache Maxdorf unter der Tel.-Nr.: 06237\/934-1100 zu wenden. Gerne nehmen wir Ihre Hinweise auch per E-Mail unter&nbsp;<a href=\"mailto:%20pifrankenthal@polizei.rlp.de\">pifrankenthal@polizei.rlp.de<\/a>&nbsp;entgegen.<\/strong><\/li>\n<\/ul>\n\n\n\n<h2 class=\"wp-block-heading\">(Ludwigshafen) &#8211; Diebstahlsserie aus PKW<\/h2>\n\n\n\n<p>In der Nacht von Freitag, 01.03.2024 auf Samstag, den 02.03.2024, kam es im Bereich Ludwigshafen-Maudach und Ludwigshafen-Gartenstadt zu insgesamt vier Diebst\u00e4hlen aus vermutlich unverschlossenen PKW. Hierbei wurden durch den oder die T\u00e4ter die Fahrzeuge nach Wertgegenst\u00e4nden durchw\u00fchlt. Es konnte eine Jacke, eine Sonnenbrille und 20 Euro Bargeld durch die T\u00e4ter erbeutet werden. T\u00e4terhinweise konnten bislang noch nicht erlangt werden. In diesem Zusammenhang bittet die Polizei darum, geparkte Fahrzeuge regelm\u00e4\u00dfig zu verriegeln.<\/p>\n\n\n\n<ul>\n<li><strong>Hinweise nimmt die Polizeiinspektion Ludwigshafen 1 unter Tel.: 0621\/963-2122 oder per E-Mail:&nbsp;<a href=\"mailto:%20piludwigshafen1@polizei.rlp.de\">piludwigshafen1@polizei.rlp.de<\/a>&nbsp;entgegen.<\/strong><\/li>\n<\/ul>\n\n\n\n<h2 class=\"wp-block-heading\">(Mannheim-Innenstadt) &#8211; Zeugenaufruf nach Verkehrsunfall mit Personenschaden<\/h2>\n\n\n\n<h3 class=\"wp-block-heading has-text-align-center\">Pressemeldung Nr. 2<\/h3>\n\n\n\n<p>Wie bereits berichtet&nbsp;<a href=\"https:\/\/www.presseportal.de\/blaulicht\/pm\/14915\/5726429\" target=\"_blank\" rel=\"noreferrer noopener\">https:\/\/www.presseportal.de\/blaulicht\/pm\/14915\/5726429<\/a>&nbsp;kam es im Laufe der Nacht zu einem Verkehrsunfall in der Rheinvorlandstra\u00dfe.<\/p>\n\n\n<div class=\"wp-block-image\">\n<figure class=\"aligncenter size-full\"><img decoding=\"async\" loading=\"lazy\" width=\"801\" height=\"600\" src=\"https:\/\/speyer24news.com\/wp-content\/uploads\/2020\/05\/Zeugen-gesucht-Neutral.jpg\" alt=\"\" class=\"wp-image-26598\" srcset=\"https:\/\/speyer24news.com\/wp-content\/uploads\/2020\/05\/Zeugen-gesucht-Neutral.jpg 801w, https:\/\/speyer24news.com\/wp-content\/uploads\/2020\/05\/Zeugen-gesucht-Neutral-300x225.jpg 300w, https:\/\/speyer24news.com\/wp-content\/uploads\/2020\/05\/Zeugen-gesucht-Neutral-768x575.jpg 768w, https:\/\/speyer24news.com\/wp-content\/uploads\/2020\/05\/Zeugen-gesucht-Neutral-678x509.jpg 678w, https:\/\/speyer24news.com\/wp-content\/uploads\/2020\/05\/Zeugen-gesucht-Neutral-326x245.jpg 326w, https:\/\/speyer24news.com\/wp-content\/uploads\/2020\/05\/Zeugen-gesucht-Neutral-80x60.jpg 80w\" sizes=\"(max-width: 801px) 100vw, 801px\" \/><\/figure><\/div>\n\n\n<p>Nach aktuellem Ermittlungsstand befuhr ein 23-J\u00e4hriger die Rheinvorlandstra\u00dfe mit einem Audi A6 und kollidierte hierbei mit einem r\u00fcckw\u00e4rts ausparkenden Mercedes-Benz A 35 AMG. Fahrer und Beifahrer des Mercedes, beide 29 Jahre alt, wurden hierbei leicht verletzt und ambulant in einem Krankenhaus behandelt. Der Fahrer des Audi verblieb unverletzt. Sowohl der Audi als auch der Mercedes erlitten einen Totalschaden und es entstand ein Gesamtschaden von ca. 70.000 EUR.<\/p>\n\n\n\n<p>Es wurden Hinweise bekannt, dass sich kurz zuvor der Fahrer des Audi A6 ein Rennen mit einem ebenso hochmotorisierten, silberfarbenen 5er BMW geliefert haben soll. Alle beteiligten Fahrzeuge sind vermutlich der Poser-Szene zuzuordnen. <\/p>\n\n\n\n<p><strong>Zeugen, die hierzu Beobachtungen gemacht haben, werden gebeten sich an das Polizeirevier Mannheim-Innenstadt unter der Telefonnummer 0621\/1258-0 zu wenden.<\/strong><\/p>\n\n\n\n<h2 class=\"wp-block-heading\">(Mannheim-Neuostheim) &#8211; Sch\u00e4ferhund erfolgreich eingefangen<\/h2>\n\n\n\n<p>Ein entlaufener Sch\u00e4ferhund hielt die Polizeihundef\u00fchrerstaffel in der Nacht zu Sonntag auf Trapp. Nachdem der Sch\u00e4ferhund am 29.02.2024 entlaufen war, wurde er am Sonntagmorgen im Bereich M\u00fchlfeld Weg III und kurzzeitig auch auf der Fahrbahn der angrenzenden Schnellstra\u00dfe gesichtet. Zu einer Gef\u00e4hrdung von Verkehrsteilnehmern kam es dabei zwar nicht, da diese aber nicht auszuschlie\u00dfen war, versuchten die Kollegen den Hund einzufangen und lockten ihn dazu auf ein umz\u00e4untes Gel\u00e4nde. Dort gelang es dann einem Tierarzt und den Spezialisten der Tierrettung Rhein-Neckar den Hund mit einem Blasrohr und Narkosepfeil zu bet\u00e4uben und ihn so unverletzt und stressfrei einzufangen. Mittlerweile ist der Hund wieder bei Bewusstsein und erfreut sich bester Gesundheit. Der Hundehalter wurde bereits verst\u00e4ndigt.<\/p>\n\n\n\n<h2 class=\"wp-block-heading\">(Neckarbischofsheim \/ Rhein-Neckar-Kreis) &#8211; Polizeihubschrauber im Einsatz<\/h2>\n\n\n<div class=\"wp-block-image\">\n<figure class=\"aligncenter size-full\"><img decoding=\"async\" loading=\"lazy\" width=\"640\" height=\"480\" src=\"https:\/\/speyer24news.com\/wp-content\/uploads\/2020\/07\/Hubschraubersuche-der-Polizei.jpg\" alt=\"\" class=\"wp-image-29364\" srcset=\"https:\/\/speyer24news.com\/wp-content\/uploads\/2020\/07\/Hubschraubersuche-der-Polizei.jpg 640w, https:\/\/speyer24news.com\/wp-content\/uploads\/2020\/07\/Hubschraubersuche-der-Polizei-300x225.jpg 300w, https:\/\/speyer24news.com\/wp-content\/uploads\/2020\/07\/Hubschraubersuche-der-Polizei-326x245.jpg 326w, https:\/\/speyer24news.com\/wp-content\/uploads\/2020\/07\/Hubschraubersuche-der-Polizei-80x60.jpg 80w\" sizes=\"(max-width: 640px) 100vw, 640px\" \/><\/figure><\/div>\n\n\n<p>Aufgrund eines Polizeieinsatzes im Bereich Neckarbischofsheim, kommt es momentan zum Einsatz eines Polizeihubschraubers. (<em>03.03.2024 \u2013 01:23<\/em>)<\/p>\n\n\n\n<h2 class=\"wp-block-heading\">(Schriesheim \/ Rhein-Neckar-Kreis) &#8211; Brand von 250 Strohballen<\/h2>\n\n\n<div class=\"wp-block-image\">\n<figure class=\"aligncenter size-full\"><img decoding=\"async\" loading=\"lazy\" width=\"800\" height=\"450\" src=\"https:\/\/speyer24news.com\/wp-content\/uploads\/2021\/04\/Feuer.jpg\" alt=\"\" class=\"wp-image-34958\" srcset=\"https:\/\/speyer24news.com\/wp-content\/uploads\/2021\/04\/Feuer.jpg 800w, https:\/\/speyer24news.com\/wp-content\/uploads\/2021\/04\/Feuer-300x169.jpg 300w, https:\/\/speyer24news.com\/wp-content\/uploads\/2021\/04\/Feuer-768x432.jpg 768w, https:\/\/speyer24news.com\/wp-content\/uploads\/2021\/04\/Feuer-678x381.jpg 678w\" sizes=\"(max-width: 800px) 100vw, 800px\" \/><figcaption class=\"wp-element-caption\">Beispielbild Feuer \/ Brand, dient lediglich der Visualisierung.<\/figcaption><\/figure><\/div>\n\n\n<p>Im Laufe des Sonntagmorgens kam es auf dem Feldgebiet \u00f6stlich der A5 zwischen Schriesheim und Leutershausen zu einem gr\u00f6\u00dferen Feuerwehreinsatz. Ausl\u00f6ser waren 250 in Brand geratene Strohballen. Die freiwillige Feuerwehr \u00fcbernahm die L\u00f6scharbeiten vor Ort, ein Herunterbrennen der Strohballen konnte jedoch nicht verhindert werden. Zu keinem Zeitpunkt bestand eine Gefahr f\u00fcr die Bev\u00f6lkerung. Es entstand ein Sachschaden von ca. 15.000 EUR. Die Brandursache ist aktuell noch Teil der laufenden Ermittlungen.<\/p>\n\n\n\n<h2 class=\"wp-block-heading\">(B 3 \/ Weinheim \/ Rhein-Neckar-Kreis) &#8211; Zeugenaufruf nach gef\u00e4hrlichem Eingriff in den Stra\u00dfenverkehr<\/h2>\n\n\n<div class=\"wp-block-image\">\n<figure class=\"aligncenter size-full\"><img decoding=\"async\" loading=\"lazy\" width=\"800\" height=\"592\" src=\"https:\/\/speyer24news.com\/wp-content\/uploads\/2023\/02\/Achtung.jpeg\" alt=\"\" class=\"wp-image-51381\" srcset=\"https:\/\/speyer24news.com\/wp-content\/uploads\/2023\/02\/Achtung.jpeg 800w, https:\/\/speyer24news.com\/wp-content\/uploads\/2023\/02\/Achtung-300x222.jpeg 300w, https:\/\/speyer24news.com\/wp-content\/uploads\/2023\/02\/Achtung-768x568.jpeg 768w, https:\/\/speyer24news.com\/wp-content\/uploads\/2023\/02\/Achtung-80x60.jpeg 80w\" sizes=\"(max-width: 800px) 100vw, 800px\" \/><\/figure><\/div>\n\n\n<p>In der vergangenen Nacht von Samstag auf Sonntag legte eine bislang unbekannte Person mehrere Gullideckel auf die Fahrbahn der Bundesstra\u00dfe B3 zwischen Weinheim und Schriesheim. Ein Verkehrsteilnehmer bemerkte zwei der Gullideckel zu sp\u00e4t und kollidierte mit diesen. Am Seat entstand ein Sachschaden von ca. 1000 EUR, der 20-j\u00e4hrige Fahrer selbst verblieb unverletzt.<\/p>\n\n\n\n<ul>\n<li><strong>Zeugen die Hinweise zum T\u00e4ter oder Tatgeschehen geben k\u00f6nnen, werden gebeten sich beim Polizeirevier Weinheim unter der Telefonnummer 06201\/1003-0 zu melden.<\/strong><\/li>\n<\/ul>\n","protected":false},"excerpt":{"rendered":"<div class=\"mh-excerpt\"><p>Polizeimeldungen vom Sonntag (03.03.2024) (Speyer) &#8211; K\u00f6rperverletzung in der Innenstadt Gegen 00:30 Uhr gerieten in der Nacht zu Sonntag ein 31-J\u00e4hriger und ein 44-J\u00e4hriger Mann auf der Maximilianstra\u00dfe in einen Streit. Zeugen machten einen zuf\u00e4llig <a class=\"mh-excerpt-more\" href=\"https:\/\/speyer24news.com\/?p=58313\" title=\"Polizeimeldungen Sonntag (03.03.24)\">[&#8230;]<\/a><\/p>\n<\/div>","protected":false},"author":3,"featured_media":26162,"comment_status":"open","ping_status":"open","sticky":false,"template":"","format":"standard","meta":{"_monsterinsights_skip_tracking":false,"_monsterinsights_sitenote_active":false,"_monsterinsights_sitenote_note":"","_monsterinsights_sitenote_category":0,"footnotes":""},"categories":[15659],"tags":[7273,7243,7244,10926,13554,350,14537,15084,15267,14538,15361,702,61,2555,14113,6955,6986,6263,63,105,11150,6987,53,13540,16956,4683,14958,9154,12967,102,13626,213,14325,14324,13553,13541,16955,2625,380],"aioseo_notices":[],"amp_enabled":true,"_links":{"self":[{"href":"https:\/\/speyer24news.com\/index.php?rest_route=\/wp\/v2\/posts\/58313"}],"collection":[{"href":"https:\/\/speyer24news.com\/index.php?rest_route=\/wp\/v2\/posts"}],"about":[{"href":"https:\/\/speyer24news.com\/index.php?rest_route=\/wp\/v2\/types\/post"}],"author":[{"embeddable":true,"href":"https:\/\/speyer24news.com\/index.php?rest_route=\/wp\/v2\/users\/3"}],"replies":[{"embeddable":true,"href":"https:\/\/speyer24news.com\/index.php?rest_route=%2Fwp%2Fv2%2Fcomments&post=58313"}],"version-history":[{"count":4,"href":"https:\/\/speyer24news.com\/index.php?rest_route=\/wp\/v2\/posts\/58313\/revisions"}],"predecessor-version":[{"id":58327,"href":"https:\/\/speyer24news.com\/index.php?rest_route=\/wp\/v2\/posts\/58313\/revisions\/58327"}],"wp:featuredmedia":[{"embeddable":true,"href":"https:\/\/speyer24news.com\/index.php?rest_route=\/wp\/v2\/media\/26162"}],"wp:attachment":[{"href":"https:\/\/speyer24news.com\/index.php?rest_route=%2Fwp%2Fv2%2Fmedia&parent=58313"}],"wp:term":[{"taxonomy":"category","embeddable":true,"href":"https:\/\/speyer24news.com\/index.php?rest_route=%2Fwp%2Fv2%2Fcategories&post=58313"},{"taxonomy":"post_tag","embeddable":true,"href":"https:\/\/speyer24news.com\/index.php?rest_route=%2Fwp%2Fv2%2Ftags&post=58313"}],"curies":[{"name":"wp","href":"https:\/\/api.w.org\/{rel}","templated":true}]}}