{"id":58389,"date":"2024-03-06T18:13:27","date_gmt":"2024-03-06T17:13:27","guid":{"rendered":"https:\/\/speyer24news.com\/?p=58389"},"modified":"2024-03-26T16:57:51","modified_gmt":"2024-03-26T15:57:51","slug":"personensuche-vermisste-person-16","status":"publish","type":"post","link":"https:\/\/speyer24news.com\/?p=58389","title":{"rendered":"Personensuche \/ Vermisste Person"},"content":{"rendered":"<style type=\"text\/css\">\r\n\t.ads_top_disp{}\r\n\t.ads_top_corner_disp{ float:left; margin:0px 10px 10px 0px; }\r\n\t.ads_first_p_disp{}\r\n\t.ads_bottom_disp{}\r\n\t<\/style>\n<h2 class=\"wp-block-heading\">(Limburgerhof) \u2013 R\u00fccknahme \u00d6ffentlichkeitsfahndung \/ 13-J\u00e4hrige vermisst<\/h2>\n\n\n\n<h3 class=\"wp-block-heading\">Nachtrag zur \u00d6ffentlichkeitsfahndung vom 21.03.2024&nbsp;<a href=\"https:\/\/www.presseportal.de\/blaulicht\/pm\/117696\/5741087\">https:\/\/www.presseportal.de\/blaulicht\/pm\/117696\/5741087<\/a><\/h3>\n\n\n<div class=\"wp-block-image\">\n<figure class=\"aligncenter\"><img decoding=\"async\" loading=\"lazy\" width=\"800\" height=\"533\" src=\"https:\/\/speyer24news.com\/wp-content\/uploads\/2023\/06\/Kleeblatt-Glueck.jpg\" alt=\"\" class=\"wp-image-52491\" srcset=\"https:\/\/speyer24news.com\/wp-content\/uploads\/2023\/06\/Kleeblatt-Glueck.jpg 800w, https:\/\/speyer24news.com\/wp-content\/uploads\/2023\/06\/Kleeblatt-Glueck-300x200.jpg 300w, https:\/\/speyer24news.com\/wp-content\/uploads\/2023\/06\/Kleeblatt-Glueck-768x512.jpg 768w\" sizes=\"(max-width: 800px) 100vw, 800px\" \/><\/figure><\/div>\n\n\n<p>Die am 20.03.2024 als vermisst gemeldete 13-J\u00e4hrige konnte am 22.03.2024 wohlbehalten angetroffen werden.<\/p>\n\n\n\n<p><em>Polizeipr\u00e4sidium Rheinpfalz<br>25.03.2024<\/em><\/p>\n\n\n\n<h2 class=\"wp-block-heading\">\u00d6ffentlichkeitsfahndung nach 13-J\u00e4hriger<\/h2>\n\n\n\n<p><strong>(Limburgerhof) \u2013 <\/strong>Seit Mittwoch, 20.03.2024, wird eine 13-J\u00e4hrige aus Limburgerhof vermisst. Zuletzt wurde sie am Mittwoch gegen 21:15 Uhr in Ludwigshafen-S\u00fcd gesehen. Seitdem ist ihr Aufenthaltsort unbekannt. Durch die bisherigen polizeilichen Ma\u00dfnahmen konnte sie nicht aufgefunden werden, so dass wir die \u00d6ffentlichkeit um Mithilfe bitten.<\/p>\n\n\n\n<h3 class=\"wp-block-heading\">Beschreibung der 13-J\u00e4hrigen:<\/h3>\n\n\n\n<ul>\n<li><strong>ca. 1,55 \u2013 1,60 m gro\u00df<\/strong><\/li>\n\n\n\n<li><strong>schwarze Jogginghose<\/strong><\/li>\n\n\n\n<li><strong>wei\u00dfe Sneaker<\/strong><\/li>\n\n\n\n<li><strong>schwarzes bauchfreies Oberteil<\/strong><\/li>\n\n\n\n<li><strong>schwarze Jacke<\/strong><\/li>\n<\/ul>\n\n\n\n<ul>\n<li><strong>Zeugen, die Hinweise auf den Aufenthalt der Vermissten geben k\u00f6nnen, werden gebeten, sich unter der Telefonnummer 0621-963-2773 oder per E-Mail&nbsp;<a href=\"mailto:kiludwigshafen.k1.kdd@polizei.rlp.de\" target=\"_blank\" rel=\"noreferrer noopener\">kiludwigshafen.k1.kdd@polizei.rlp.de<\/a>&nbsp;an den Kriminaldauerdienst zu wenden.<\/strong><\/li>\n<\/ul>\n\n\n\n<p><em>Polizeipr\u00e4sidium Rheinpfalz<br>21.03.2024<\/em><\/p>\n\n\n\n<h2 class=\"wp-block-heading\">R\u00fccknahme der \u00d6ffentlichkeitsfahndung nach vermisster 13-J\u00e4hriger<\/h2>\n\n\n\n<h3 class=\"wp-block-heading\">Nachtrag zur Pressemeldung vom 06.03.2024<\/h3>\n\n\n<div class=\"wp-block-image\">\n<figure class=\"aligncenter size-full\"><img decoding=\"async\" loading=\"lazy\" width=\"800\" height=\"533\" src=\"https:\/\/speyer24news.com\/wp-content\/uploads\/2023\/06\/Kleeblatt-Glueck.jpg\" alt=\"\" class=\"wp-image-52491\" srcset=\"https:\/\/speyer24news.com\/wp-content\/uploads\/2023\/06\/Kleeblatt-Glueck.jpg 800w, https:\/\/speyer24news.com\/wp-content\/uploads\/2023\/06\/Kleeblatt-Glueck-300x200.jpg 300w, https:\/\/speyer24news.com\/wp-content\/uploads\/2023\/06\/Kleeblatt-Glueck-768x512.jpg 768w\" sizes=\"(max-width: 800px) 100vw, 800px\" \/><\/figure><\/div>\n\n\n<p><strong>(Limburgerhof \/ Ludwigshafen) \u2013 <\/strong>Die am 03.03.2024 als vermisst gemeldete 13-J\u00e4hrige Lena S. konnte zwischenzeitlich wohlbehalten aufgefunden werden.<\/p>\n\n\n\n<p><em>Polizeipr\u00e4sidium Rheinpfalz<br>07.03.2024<\/em><\/p>\n\n\n\n<h2 class=\"wp-block-heading\">\u00d6ffentlichkeitsfahndung: 13-J\u00e4hrige vermisst<\/h2>\n\n\n\n<p><strong>(Limburgerhof \/ Ludwigshafen) \u2013 <\/strong>Seit dem 03.03.2024 wird die 13-j\u00e4hrige Lena S. aus Limburgerhof vermisst. Letztmalig wurde sie in einer Jugendeinrichtung im Limburgerhof gesehen, als sie sich auf den Weg nach Ludwigshafen begab.<\/p>\n\n\n\n<p>Trotz durchgef\u00fchrter Suchma\u00dfnahmen konnte die Vermisste bislang nicht angetroffen werden. Daher bittet die Polizei die Bev\u00f6lkerung um Mithilfe.<\/p>\n\n\n\n<ul>\n<li><strong>Wer hat Lena gesehen oder kann Hinweise zu ihrem Aufenthalt geben?<\/strong><\/li>\n<\/ul>\n\n\n\n<h3 class=\"wp-block-heading\">Beschreibung der Vermissten:<\/h3>\n\n\n\n<ul>\n<li><strong>circa 1,55m<\/strong><\/li>\n\n\n\n<li><strong>schlanke Statur<\/strong><\/li>\n\n\n\n<li><strong>lange r\u00f6tliche, glatte Haare<\/strong><\/li>\n\n\n\n<li><strong>blaues Oberteil<\/strong><\/li>\n\n\n\n<li><strong>beige Hose<\/strong><\/li>\n\n\n\n<li><strong>schwarzer Rucksack<\/strong><\/li>\n<\/ul>\n\n\n\n<h4 class=\"wp-block-heading\">Zeugen, die Hinweise auf den Aufenthalt der Vermissten geben k\u00f6nnen, werden gebeten, sich unter der Telefonnummer 0621 963-2773 oder per E-Mail&nbsp;<a href=\"mailto:%20kiludwigshafen.k1.kdd@polizei.rlp.de\">kiludwigshafen.k1.kdd@polizei.rlp.de<\/a>&nbsp;zu melden.<\/h4>\n\n\n\n<p><em>Polizeipr\u00e4sidium Rheinpfalz<br>06.03.2024<\/em><\/p>\n","protected":false},"excerpt":{"rendered":"<div class=\"mh-excerpt\"><p>(Limburgerhof) \u2013 R\u00fccknahme \u00d6ffentlichkeitsfahndung \/ 13-J\u00e4hrige vermisst Nachtrag zur \u00d6ffentlichkeitsfahndung vom 21.03.2024&nbsp;https:\/\/www.presseportal.de\/blaulicht\/pm\/117696\/5741087 Die am 20.03.2024 als vermisst gemeldete 13-J\u00e4hrige konnte am 22.03.2024 wohlbehalten angetroffen werden. Polizeipr\u00e4sidium Rheinpfalz25.03.2024 \u00d6ffentlichkeitsfahndung nach 13-J\u00e4hriger (Limburgerhof) \u2013 Seit Mittwoch, 20.03.2024, <a class=\"mh-excerpt-more\" href=\"https:\/\/speyer24news.com\/?p=58389\" title=\"Personensuche \/ Vermisste Person\">[&#8230;]<\/a><\/p>\n<\/div>","protected":false},"author":3,"featured_media":29028,"comment_status":"open","ping_status":"open","sticky":false,"template":"","format":"standard","meta":{"_monsterinsights_skip_tracking":false,"_monsterinsights_sitenote_active":false,"_monsterinsights_sitenote_note":"","_monsterinsights_sitenote_category":0,"footnotes":""},"categories":[15659],"tags":[221,153,2388,16819,10661,1881,10369,11152,16551,17752,17644,16606,17753,17646,1117,16818,11286],"aioseo_notices":[],"amp_enabled":true,"_links":{"self":[{"href":"https:\/\/speyer24news.com\/index.php?rest_route=\/wp\/v2\/posts\/58389"}],"collection":[{"href":"https:\/\/speyer24news.com\/index.php?rest_route=\/wp\/v2\/posts"}],"about":[{"href":"https:\/\/speyer24news.com\/index.php?rest_route=\/wp\/v2\/types\/post"}],"author":[{"embeddable":true,"href":"https:\/\/speyer24news.com\/index.php?rest_route=\/wp\/v2\/users\/3"}],"replies":[{"embeddable":true,"href":"https:\/\/speyer24news.com\/index.php?rest_route=%2Fwp%2Fv2%2Fcomments&post=58389"}],"version-history":[{"count":4,"href":"https:\/\/speyer24news.com\/index.php?rest_route=\/wp\/v2\/posts\/58389\/revisions"}],"predecessor-version":[{"id":59085,"href":"https:\/\/speyer24news.com\/index.php?rest_route=\/wp\/v2\/posts\/58389\/revisions\/59085"}],"wp:featuredmedia":[{"embeddable":true,"href":"https:\/\/speyer24news.com\/index.php?rest_route=\/wp\/v2\/media\/29028"}],"wp:attachment":[{"href":"https:\/\/speyer24news.com\/index.php?rest_route=%2Fwp%2Fv2%2Fmedia&parent=58389"}],"wp:term":[{"taxonomy":"category","embeddable":true,"href":"https:\/\/speyer24news.com\/index.php?rest_route=%2Fwp%2Fv2%2Fcategories&post=58389"},{"taxonomy":"post_tag","embeddable":true,"href":"https:\/\/speyer24news.com\/index.php?rest_route=%2Fwp%2Fv2%2Ftags&post=58389"}],"curies":[{"name":"wp","href":"https:\/\/api.w.org\/{rel}","templated":true}]}}