{"id":58405,"date":"2024-03-06T20:53:13","date_gmt":"2024-03-06T19:53:13","guid":{"rendered":"https:\/\/speyer24news.com\/?p=58405"},"modified":"2024-03-06T20:53:14","modified_gmt":"2024-03-06T19:53:14","slug":"stadtnotizen-verkehrsnotizen-speyer-43","status":"publish","type":"post","link":"https:\/\/speyer24news.com\/?p=58405","title":{"rendered":"Stadtnotizen &amp; Verkehrsnotizen Speyer"},"content":{"rendered":"<style type=\"text\/css\">\r\n\t.ads_top_disp{}\r\n\t.ads_top_corner_disp{ float:left; margin:0px 10px 10px 0px; }\r\n\t.ads_first_p_disp{}\r\n\t.ads_bottom_disp{}\r\n\t<\/style>\n<h1 class=\"wp-block-heading has-text-align-center\">Stadtnotizen<\/h1>\n\n\n<div class=\"wp-block-image\">\n<figure class=\"aligncenter\"><img decoding=\"async\" loading=\"lazy\" width=\"800\" height=\"600\" src=\"https:\/\/speyer24news.com\/wp-content\/uploads\/2020\/01\/Speyer-Stadtnachrichten-2.jpg\" alt=\"\" class=\"wp-image-23901\" srcset=\"https:\/\/speyer24news.com\/wp-content\/uploads\/2020\/01\/Speyer-Stadtnachrichten-2.jpg 800w, https:\/\/speyer24news.com\/wp-content\/uploads\/2020\/01\/Speyer-Stadtnachrichten-2-300x225.jpg 300w, https:\/\/speyer24news.com\/wp-content\/uploads\/2020\/01\/Speyer-Stadtnachrichten-2-768x576.jpg 768w, https:\/\/speyer24news.com\/wp-content\/uploads\/2020\/01\/Speyer-Stadtnachrichten-2-678x509.jpg 678w, https:\/\/speyer24news.com\/wp-content\/uploads\/2020\/01\/Speyer-Stadtnachrichten-2-326x245.jpg 326w, https:\/\/speyer24news.com\/wp-content\/uploads\/2020\/01\/Speyer-Stadtnachrichten-2-80x60.jpg 80w\" sizes=\"(max-width: 800px) 100vw, 800px\" \/><\/figure><\/div>\n\n\n<h2 class=\"wp-block-heading\">Kleine Finissage der Ausstellung \u201ein ART we trust!\u201c von und mit BUJA am 10. M\u00e4rz<\/h2>\n\n\n\n<p>Am kommenden Sonntag, 10. M\u00e4rz 2024, endet in der St\u00e4dtischen Galerie im Kulturhof Flachsgasse die Ausstellung \u201ein ART we trust!\u201c von BUJA mit einer kleinen Finissage ab 15 Uhr. Der K\u00fcnstler f\u00fchrt dabei noch einmal durch die Ausstellung und wird im Anschluss bei einem Glas Sekt mit den Besucherinnen und Besuchern ins Gespr\u00e4ch kommen.<\/p>\n\n\n\n<p>Unter dem b\u00fcrgerlichen Namen Ren\u00e9 Burjack wurde der K\u00fcnstler 1978 in Heidelberg geboren, seit 2011 tritt er mit verschiedenen Kunstaktionen unter dem K\u00fcnstlernamen BUJA in die \u00d6ffentlichkeit. Seine Kunst irritiert, st\u00f6\u00dft an, bewegt und er\u00f6ffnet neue Blicke auf Allt\u00e4gliches und Bekanntes.<\/p>\n\n\n\n<p>Seit 2014 arbeitet BUJA als freischaffender K\u00fcnstler im Studio \ud83d\ude00 in Dudenhofen bei Speyer. Zu der Wahl seines Ausstellungstitels sagt der K\u00fcnstler: \u201eVielleicht ist die Kunst in diesen unsicheren Zeiten die letzte Bastion und Gr\u00f6\u00dfe, die einem einen klaren Blick auf die Welt gibt.\u201c<\/p>\n\n\n\n<p>Die Ausstellung in der St\u00e4dtischen Galerie kann noch diese Woche von Donnerstag bis Sonntag, jeweils von 11 bis 18 Uhr, bei freiem Eintritt besucht werden.<\/p>\n\n\n\n<p><em>Stadtverwaltung Speyer<br>06.03.2024<\/em><\/p>\n\n\n\n<h2 class=\"wp-block-heading\">B\u00fcrgerbeteiligungen des Verbandes Region Rhein-Neckar zu Freifl\u00e4chen-Photovoltaik und Windenergie<\/h2>\n\n\n<div class=\"wp-block-image\">\n<figure class=\"aligncenter size-full\"><img decoding=\"async\" loading=\"lazy\" width=\"800\" height=\"600\" src=\"https:\/\/speyer24news.com\/wp-content\/uploads\/2020\/04\/Photovoltaikanlage-Wilfried-Dietrich-Halle.jpg\" alt=\"\" class=\"wp-image-26358\" srcset=\"https:\/\/speyer24news.com\/wp-content\/uploads\/2020\/04\/Photovoltaikanlage-Wilfried-Dietrich-Halle.jpg 800w, https:\/\/speyer24news.com\/wp-content\/uploads\/2020\/04\/Photovoltaikanlage-Wilfried-Dietrich-Halle-300x225.jpg 300w, https:\/\/speyer24news.com\/wp-content\/uploads\/2020\/04\/Photovoltaikanlage-Wilfried-Dietrich-Halle-768x576.jpg 768w, https:\/\/speyer24news.com\/wp-content\/uploads\/2020\/04\/Photovoltaikanlage-Wilfried-Dietrich-Halle-678x509.jpg 678w, https:\/\/speyer24news.com\/wp-content\/uploads\/2020\/04\/Photovoltaikanlage-Wilfried-Dietrich-Halle-326x245.jpg 326w, https:\/\/speyer24news.com\/wp-content\/uploads\/2020\/04\/Photovoltaikanlage-Wilfried-Dietrich-Halle-80x60.jpg 80w\" sizes=\"(max-width: 800px) 100vw, 800px\" \/><\/figure><\/div>\n\n\n<p>Der Verband Region Rhein-Neckar f\u00fchrt bis Montag, 29. April 2024, gleich zwei B\u00fcrgerbeteiligungen durch: Bei der einen geht es um die Offenlage zur Aufstellung des Teilregionalplans Freifl\u00e4chen-Photovoltaik zum Einheitlichen Regionalplan Rhein-Neckar, bei der anderen um die Fortschreibung des Teilregionalplans Windenergie zum Einheitlichen Regionalplan Rhein-Neckar.<\/p>\n\n\n\n<p>Klimaschutz ist eine zentrale Aufgabe der Regionalplanung und -entwicklung. Mit der Energiewende soll k\u00fcnftig eine klimaneutrale Energieversorgung bei gleichzeitiger Unabh\u00e4ngigkeit vom Import fossiler Brenn-, Kraft- und Heizstoffe erreicht werden. Eine wichtige Strategie dabei ist der Ausbau von erneuerbaren Energien. Dies unterst\u00fctzt der Verband Region Rhein-Neckar als wesentliche S\u00e4ule der Energiewende. Als langfristige Perspektive wird eine Vollversorgung der Metropolregion Rhein-Neckar mit erneuerbaren Energien, m\u00f6glichst weitgehend aus regionalen Quellen, verfolgt. Wie aus dem vom Verband Region Rhein-Neckar ver\u00f6ffentlichten Regionalen Energiekonzept hervorgeht, bieten dabei insbesondere die Wind- und Solarenergie erhebliche Potenziale.<\/p>\n\n\n<div class=\"wp-block-image\">\n<figure class=\"aligncenter size-full\"><img decoding=\"async\" loading=\"lazy\" width=\"640\" height=\"480\" src=\"https:\/\/speyer24news.com\/wp-content\/uploads\/2022\/07\/Windrad-1-1.jpg\" alt=\"\" class=\"wp-image-47579\" srcset=\"https:\/\/speyer24news.com\/wp-content\/uploads\/2022\/07\/Windrad-1-1.jpg 640w, https:\/\/speyer24news.com\/wp-content\/uploads\/2022\/07\/Windrad-1-1-300x225.jpg 300w, https:\/\/speyer24news.com\/wp-content\/uploads\/2022\/07\/Windrad-1-1-326x245.jpg 326w, https:\/\/speyer24news.com\/wp-content\/uploads\/2022\/07\/Windrad-1-1-80x60.jpg 80w\" sizes=\"(max-width: 640px) 100vw, 640px\" \/><\/figure><\/div>\n\n\n<h4 class=\"wp-block-heading\">Die Planunterlagen f\u00fcr beide Vorhaben werden vom 5. M\u00e4rz 2024 bis zum 29. April 2024 an folgenden Stellen ausgelegt und k\u00f6nnen dort eingesehen werden:<\/h4>\n\n\n\n<ul>\n<li><strong>Speyer: <\/strong>Stadtverwaltung Speyer, Abteilung Stadtplanung, 3. OG, Zimmer 301, Stadthaus, Maximilianstra\u00dfe 100, 67346 Speyer, montags bis donnerstags von 8 bis 12 Uhr und von 14 bis 16 Uhr sowie freitags von 8 bis 12 Uhr<\/li>\n\n\n\n<li><strong>Mannheim:<\/strong> Verband Region Rhein-Neckar, M 1, 4-5, 68161 Mannheim, EG\/Empfangsbereich, montags bis donnerstags von 8.30 bis 16 Uhr und freitags von 8.30 bis 13 Uhr<\/li>\n<\/ul>\n\n\n\n<ul>\n<li>online zu Freifl\u00e4chen-Photovoltaik:\u00a0<a href=\"https:\/\/deref-web.de\/mail\/client\/sdcWVtSaBQY\/dereferrer\/?redirectUrl=http%3A%2F%2Fwww.m-r-n.com%2Fphotovoltaik\" target=\"_blank\" rel=\"noreferrer noopener\">www.m-r-n.com\/photovoltaik<\/a><\/li>\n\n\n\n<li>online zu Windenergie:\u00a0<a href=\"https:\/\/deref-web.de\/mail\/client\/uVleiwy9dak\/dereferrer\/?redirectUrl=http%3A%2F%2Fwww.m-r-n.com%2Fwindenergie\" target=\"_blank\" rel=\"noreferrer noopener\">www.m-r-n.com\/windenergie<\/a><\/li>\n<\/ul>\n\n\n\n<h4 class=\"wp-block-heading\">Anregungen zum Planentwurf k\u00f6nnen bis Montag, 16. Mai 2024, \u2013 und somit noch bis zweieinhalb Wochen nach Ablauf der Auslegungsfrist \u2013 beim Verband Region Rhein-Neckar wie folgt vorgebracht werden:<\/h4>\n\n\n\n<ul>\n<li><strong>schriftlich an Verband Region Rhein-Neckar, M 1, 4-5, 68161 Mannheim<\/strong><\/li>\n\n\n\n<li><strong>per E-Mail an\u00a0<a href=\"mailto:Photovoltaik.Beteiligung@vrrn.de\" target=\"_blank\" rel=\"noreferrer noopener\">Photovoltaik.Beteiligung@vrrn.de<\/a>\u00a0(zu Freifl\u00e4chen-Photovoltaik)<\/strong><\/li>\n\n\n\n<li><strong>per E-Mail an\u00a0<a href=\"mailto:Windenergie.Beteiligung@vrrn.de\" target=\"_blank\" rel=\"noreferrer noopener\">Windenergie.Beteiligung@vrrn.de<\/a>\u00a0(zu Windenergie)<\/strong><\/li>\n<\/ul>\n\n\n\n<p>Erg\u00e4nzend werden die Planunterlagen auch \u00fcber eine Online-Beteiligungsplattform des Verbandes Region Rhein-Neckar unter&nbsp;<a href=\"https:\/\/deref-web.de\/mail\/client\/Xw03ypI-W4U\/dereferrer\/?redirectUrl=http%3A%2F%2Fwww.beteiligung-regionalplan.de%2Fvrrn-photovoltaik\" target=\"_blank\" rel=\"noreferrer noopener\">www.beteiligung-regionalplan.de\/vrrn-photovoltaik<\/a>&nbsp;beziehungsweise unter&nbsp;<a href=\"https:\/\/deref-web.de\/mail\/client\/pKfkw-h8R_8\/dereferrer\/?redirectUrl=http%3A%2F%2Fwww.beteiligung-regionalplan.de%2Fvrrn-windenergie\" target=\"_blank\" rel=\"noreferrer noopener\">www.beteiligung-regionalplan.de\/vrrn-windenergie<\/a>&nbsp;bereitgestellt. Dort k\u00f6nnen Anregungen unmittelbar digital abgegeben werden.<\/p>\n\n\n\n<p><em>Text: Stadtverwaltung Speyer Foto: Fundus, Speyer 24 NEWS<br>05.03.2024<\/em><\/p>\n\n\n\n<h2 class=\"wp-block-heading\">Sammelergebnis Dreck-weg-Tag 2024<\/h2>\n\n\n<div class=\"wp-block-image\">\n<figure class=\"aligncenter size-full\"><img decoding=\"async\" loading=\"lazy\" width=\"600\" height=\"562\" src=\"https:\/\/speyer24news.com\/wp-content\/uploads\/2024\/03\/DwT_Restmuell.jpg\" alt=\"\" class=\"wp-image-58406\" srcset=\"https:\/\/speyer24news.com\/wp-content\/uploads\/2024\/03\/DwT_Restmuell.jpg 600w, https:\/\/speyer24news.com\/wp-content\/uploads\/2024\/03\/DwT_Restmuell-300x281.jpg 300w\" sizes=\"(max-width: 600px) 100vw, 600px\" \/><\/figure><\/div>\n\n\n<p>Beim 21. Dreck-weg-Tag am 1. und 2. M\u00e4rz 2024 haben insgesamt&nbsp;3.195 Helfer*innen&nbsp;aus&nbsp;Kitas, Schulen, Vereinen&nbsp;und Verb\u00e4nden, Parteien sowie Privatinitiativen dem wilden M\u00fcll die rote&nbsp;Karte gezeigt.<\/p>\n\n\n\n<p>50\u00a0Kubikmeter Restm\u00fcll, welcher dank des engagierten Radladerfahrers vom Fuhrpark sehr gut verdichtet ist, sowie\u00a0vier\u00a0Kubikmeter Glas und\u00a0drei\u00a0Kubikmeter Metallschrott\u00a0lautet die vorl\u00e4ufige Sammelbilanz. Darunter befanden sich\u00a0zehn Altreifen, zwei Gef\u00e4\u00dfe mit Alt\u00f6l, eine K\u00fchlhaust\u00fcr, ein Kanu und eine Hollywoodschaukel.<\/p>\n\n\n<div class=\"wp-block-image\">\n<figure class=\"aligncenter size-full\"><img decoding=\"async\" loading=\"lazy\" width=\"800\" height=\"538\" src=\"https:\/\/speyer24news.com\/wp-content\/uploads\/2024\/03\/DwT_Schrott.jpg\" alt=\"\" class=\"wp-image-58407\" srcset=\"https:\/\/speyer24news.com\/wp-content\/uploads\/2024\/03\/DwT_Schrott.jpg 800w, https:\/\/speyer24news.com\/wp-content\/uploads\/2024\/03\/DwT_Schrott-300x202.jpg 300w, https:\/\/speyer24news.com\/wp-content\/uploads\/2024\/03\/DwT_Schrott-768x516.jpg 768w\" sizes=\"(max-width: 800px) 100vw, 800px\" \/><\/figure><\/div>\n\n\n<p>Beim im Anschluss stattfindenden gemeinsamen Helferfest in der Walderholung versorgte die&nbsp;SEGV (Schnelle Einsatzgruppe Verpflegung) der Feuerwehr Speyer die zahlreich erschienenen Teilnehmer*innen mit leckerem Mittagessen.<\/p>\n\n\n\n<p><em>Text: Stadtverwaltung Speyer Foto: \u00a9 Stadtwerke Speyer<br>04.03.2024<\/em><\/p>\n\n\n\n<h1 class=\"wp-block-heading has-text-align-center\">Verkehrsnotizen<\/h1>\n\n\n<div class=\"wp-block-image\">\n<figure class=\"aligncenter\"><img decoding=\"async\" loading=\"lazy\" width=\"800\" height=\"565\" src=\"https:\/\/speyer24news.com\/wp-content\/uploads\/2020\/01\/Baustelle-2.jpg\" alt=\"\" class=\"wp-image-23900\" srcset=\"https:\/\/speyer24news.com\/wp-content\/uploads\/2020\/01\/Baustelle-2.jpg 800w, https:\/\/speyer24news.com\/wp-content\/uploads\/2020\/01\/Baustelle-2-300x212.jpg 300w, https:\/\/speyer24news.com\/wp-content\/uploads\/2020\/01\/Baustelle-2-768x542.jpg 768w\" sizes=\"(max-width: 800px) 100vw, 800px\" \/><\/figure><\/div>\n\n\n<h2 class=\"wp-block-heading\"><strong>NEU: <\/strong>Akazienweg voll gesperrt<\/h2>\n\n\n\n<p>Aufgrund von Arbeiten im Auftrag der Entsorgungsbetriebe Speyer wird der Akazienweg auf H\u00f6he der Hausnummer 26 <strong>von Montag, 11. M\u00e4rz 2024, bis voraussichtlich Freitag, 15. M\u00e4rz 2024<\/strong>, f\u00fcr den Verkehr gesperrt.<\/p>\n\n\n\n<p>Die Stra\u00dfe wird in dieser Zeit als Sackgasse ausgewiesen; eine Umleitung wird eingerichtet. Der Durchgang f\u00fcr Menschen zu Fu\u00df ist weiterhin m\u00f6glich.<\/p>\n\n\n\n<p>F\u00fcr R\u00fcckfragen steht die Stra\u00dfenverkehrsbeh\u00f6rde unter der Rufnummer 06232 14-2938 zur Verf\u00fcgung.<\/p>\n\n\n\n<p><em>Stadtverwaltung Speyer<br>05.03.2024<\/em><\/p>\n\n\n\n<h2 class=\"wp-block-heading\">B 39 \u2013 Speyer; Erneuerung der Closwegbr\u00fccke<\/h2>\n\n\n\n<p><strong>Der Landesbetrieb Mobilit\u00e4t (LBM) Speyer informiert, dass die Erneuerungsarbeiten der Closwegbr\u00fccke in Speyer in K\u00fcrze zum Abschluss kommen.<\/strong><\/p>\n\n\n<div class=\"wp-block-image\">\n<figure class=\"aligncenter\"><img decoding=\"async\" loading=\"lazy\" width=\"800\" height=\"571\" src=\"https:\/\/speyer24news.com\/wp-content\/uploads\/2024\/03\/Closwegbruecke@LBMSpeyer.jpg\" alt=\"\" class=\"wp-image-58254\" srcset=\"https:\/\/speyer24news.com\/wp-content\/uploads\/2024\/03\/Closwegbruecke@LBMSpeyer.jpg 800w, https:\/\/speyer24news.com\/wp-content\/uploads\/2024\/03\/Closwegbruecke@LBMSpeyer-300x214.jpg 300w, https:\/\/speyer24news.com\/wp-content\/uploads\/2024\/03\/Closwegbruecke@LBMSpeyer-768x548.jpg 768w\" sizes=\"(max-width: 800px) 100vw, 800px\" \/><\/figure><\/div>\n\n\n<p>Die noch ausstehenden Asphaltarbeiten sowie abschlie\u00dfenden Restarbeiten werden in der kommenden Woche abgeschlossen; von daher wird die neue Br\u00fccke nach einer Bauzeit von rund elf Monaten voraussichtlich Ende der 10. KW wieder f\u00fcr den Verkehr freigegeben. Das im Jahr 1966 erbaute Bauwerk stellte die wichtigste Verkehrsverbindung zwischen dem Stadtteil Vogelgesang und der Innenstadt dar. Aufgrund des Schadensumfangs und den wachsenden Anforderungen an Br\u00fcckenbauwerke war eine wirtschaftliche Instandsetzung der alten Br\u00fccke nicht mehr m\u00f6glich, so dass diese durch einen Neubau ersetzt werden musste.<\/p>\n\n\n\n<p>W\u00e4hrend den Bauarbeiten wurde der Closweg im Bereich der Br\u00fccke bis zur Fertigstellung der gesamten Ma\u00dfnahme f\u00fcr den Verkehr voll gesperrt. Hierf\u00fcr wurde eine inner\u00f6rtliche Umleitungsstrecke eingerichtet. Die Bundesstra\u00dfe 39 musste w\u00e4hrend der gesamten Bauzeit an drei Wochenenden voll gesperrt werden. Hierzu wurde der Verkehr gro\u00dfr\u00e4umig \u00fcber die B 39, L 722, A 61 und die B 9 umgeleitet. Ansonsten konnte der Verkehr auf der B 39 mit eingeschr\u00e4nkter Fahrbahnbreite ungehindert flie\u00dfen.<\/p>\n\n\n\n<p>Die gesamten Baukosten der Erneuerungsma\u00dfnahme belaufen sich auf rund 1,9 Mio. Euro.<br>Die Kosten tr\u00e4gt die Bundesrepublik Deutschland.<\/p>\n\n\n\n<figure class=\"wp-block-image\"><img decoding=\"async\" loading=\"lazy\" width=\"400\" height=\"144\" src=\"https:\/\/speyer24news.com\/wp-content\/uploads\/2021\/03\/lbm.png\" alt=\"\" class=\"wp-image-34212\" srcset=\"https:\/\/speyer24news.com\/wp-content\/uploads\/2021\/03\/lbm.png 400w, https:\/\/speyer24news.com\/wp-content\/uploads\/2021\/03\/lbm-300x108.png 300w\" sizes=\"(max-width: 400px) 100vw, 400px\" \/><\/figure>\n\n\n\n<h4 class=\"wp-block-heading\">Ausf\u00fchrliche Informationen zur Baustelle finden Sie auch unter<\/h4>\n\n\n\n<p><a href=\"https:\/\/lbm.rlp.de\/de\/grossprojekte-themen\/grossprojekte\/b-39-closwegbruecke-speyer\/\"><strong>B 39, Closwegbr\u00fccke Speyer | Landesbetrieb Mobilit\u00e4t Rheinland-Pfalz (rlp.de)<\/strong><\/a><\/p>\n\n\n\n<p>Der Landesbetrieb Mobilit\u00e4t Speyer bedankt sich bei den Anwohnern sowie den Verkehrsteilnehmern f\u00fcr das w\u00e4hrend der Bauzeit aufgebrachte Verst\u00e4ndnis hinsichtlich der entstandenen L\u00e4rmbel\u00e4stigungen sowie den durch die Sperrungen verbundenen Verkehrsbehinderungen.<\/p>\n\n\n\n<p><em>Landesbetriebs Mobilit\u00e4t (LBM) Speyer<br>01.03.2024<\/em><\/p>\n\n\n\n<h2 class=\"wp-block-heading\">Domplatz gesperrt<\/h2>\n\n\n\n<p>Zur Aufstellung eines Krans f\u00fcr die Sanierung des Historischen Museums wird die Stra\u00dfe Domplatz entlang des Historischen Museums&nbsp;<strong>am 6. und 7. M\u00e4rz 2024 jeweils in der Zeit von 20 Uhr bis 6 Uhr<\/strong>&nbsp;voll gesperrt. Eine Umleitung wird eingerichtet.<\/p>\n\n\n\n<p>F\u00fcr R\u00fcckfragen steht die Stra\u00dfenverkehrsbeh\u00f6rde unter der Telefonnummer 14-2938 zur Verf\u00fcgung.<\/p>\n\n\n\n<p><em>Stadtverwaltung Speyer<br>28.02.2024<\/em><\/p>\n\n\n\n<h2 class=\"wp-block-heading\">Teilsperrung vor der Ro\u00dfmarktstra\u00dfe 39<\/h2>\n\n\n\n<p>Die Stadtverwaltung Speyer informiert, dass aufgrund einer Baustelleneinrichtung eine halbseitige Sperrung der Ro\u00dfmarktstra\u00dfe vor dem Haus Nr. 39&nbsp;<strong>bis voraussichtlich 13. M\u00e4rz 2024<\/strong>&nbsp;eingerichtet werden muss. Fu\u00dfg\u00e4nger*innen k\u00f6nnen die Ro\u00dfmarktstra\u00dfe weiterhin passieren; die Gesch\u00e4fte in der Ro\u00dfmarktstra\u00dfe sind von der Maximilianstra\u00dfe aus weiterhin erreichbar.<\/p>\n\n\n\n<p><em>Stadtverwaltung Speyer<br>16.02.2024<\/em><\/p>\n\n\n\n<h2 class=\"wp-block-heading\">Hilgardstra\u00dfe voll gesperrt<\/h2>\n\n\n\n<p>Wegen Arbeiten im Auftrag der Entsorgungsbetriebe und Stadtwerke Speyer wird die Hilgardstra\u00dfe zwischen der Neufferstra\u00dfe und Am Drachenturm&nbsp;<strong>ab Montag, 29. Januar 2024, bis voraussichtlich Freitag, 19. April 2024<\/strong>, f\u00fcr den Verkehr vollst\u00e4ndig gesperrt und beidseitig als Sackgasse ausgewiesen. Eine Umleitung wird eingerichtet.<\/p>\n\n\n\n<p>F\u00fcr R\u00fcckfragen steht die Stra\u00dfenverkehrsbeh\u00f6rde unter der Telefonnummer 06232-14-2938 zur Verf\u00fcgung.<\/p>\n\n\n\n<p><em>Stadtverwaltung Speyer<br>17.01.2024<\/em><\/p>\n\n\n\n<h2 class=\"wp-block-heading\">Carl-Goerdeler-Stra\u00dfe gesperrt<\/h2>\n\n\n\n<p>Aufgrund von Kanalarbeiten im Auftrag der Entsorgungsbetriebe Speyer wird die Carl-Goerdeler-Stra\u00dfe auf H\u00f6he der Hausnummern 4\u201312&nbsp;<strong>seit Montag, 8. Januar bis voraussichtlich 28. M\u00e4rz 2024<\/strong>&nbsp;f\u00fcr den Verkehr voll gesperrt.<\/p>\n\n\n\n<p>Die Stra\u00dfe wird beidseitig als Sackgasse ausgewiesen. Der Durchgang f\u00fcr Zufu\u00dfgehende ist weiterhin m\u00f6glich.<\/p>\n\n\n\n<p>F\u00fcr R\u00fcckfragen steht die Stra\u00dfenverkehrsbeh\u00f6rde unter der Rufnummer 14-2938 zur Verf\u00fcgung.<\/p>\n\n\n\n<p><em>Stadtverwaltung Speyer<br>08.01.2024<\/em><\/p>\n\n\n\n<h2 class=\"wp-block-heading\">Ge\u00e4nderte Verkehrsf\u00fchrung am Bahn\u00fcbergang Sch\u00fctzenstra\u00dfe nach Modernisierung durch die Deutsche Bahn<\/h2>\n\n\n\n<p>Wie am 13. Juli 2022 im gemeinsamen Verkehrsausschuss und Ausschuss f\u00fcr Stadtentwicklung, Bauen und Konversion mitgeteilt wurde, m\u00fcssen im Zuge der Modernisierung des Bahn\u00fcbergangs Sch\u00fctzenstra\u00dfe die derzeit bundesweit g\u00fcltigen Sicherheitsanforderungen umgesetzt werden. Hierbei gilt es, das Risiko eines R\u00fcckstaus auf den Gleisen auszuschlie\u00dfen.<\/p>\n\n\n\n<p>Hierzu bestehen gem\u00e4\u00df Planungen der Deutschen Bahn zwei M\u00f6glichkeiten: Ein sogenanntes vorgeschaltetes Lichtzeichen oder ein Verbot des Linksabbiegens mittels Verkehrszeichen. Wie sich im Verlauf der Modernisierungsarbeiten herausstellte, konnte die Deutsche Bahn das urspr\u00fcnglich bevorzugte vorgeschaltete Lichtzeichen nicht wie geplant bis zur Wiederinbetriebnahme des Bahn\u00fcbergangs installieren, da der Mast des vorgeschalteten Lichtzeichens aufgrund von Konflikten mit vorhandenen unterirdischen Leitungen nicht im \u00f6ffentlichen Stra\u00dfenraum platziert werden konnte. Bis eine L\u00f6sung zur Platzierung des Masts gefunden ist, muss demnach die Alternativvariante umgesetzt werden.<\/p>\n\n\n\n<p>Daher ist ab sofort ein Linksabbiegen von der Sch\u00fctzenstra\u00dfe in die Hasenstra\u00dfe nicht mehr zul\u00e4ssig. Die Zufahrt zum Oberk\u00e4mmerer-Gebiet erfolgt von S\u00fcden \u00fcber die Holzstra\u00dfe und die Br\u00fccke \u00fcber den Gie\u00dfh\u00fcbelbach oder \u00fcber den Bahn\u00fcbergang Alte Schwegenheimer Stra\u00dfe.<\/p>\n\n\n\n<p>Die Stadt Speyer bittet im Namen der Deutschen Bahn die Verkehrsteilnehmenden und Anwohnenden um Verst\u00e4ndnis f\u00fcr die Beeintr\u00e4chtigungen.<\/p>\n\n\n\n<p><em>Stadtverwaltung Speyer<br>02.09.2022<\/em><\/p>\n\n\n\n<h2 class=\"wp-block-heading\">Baustellen\u00fcbersicht der Stadt Speyer<\/h2>\n\n\n<div class=\"wp-block-image\">\n<figure class=\"aligncenter\"><img decoding=\"async\" loading=\"lazy\" width=\"800\" height=\"384\" src=\"https:\/\/speyer24news.com\/wp-content\/uploads\/2022\/03\/Baustelle-Speyer-Facebook.jpg\" alt=\"\" class=\"wp-image-43610\" srcset=\"https:\/\/speyer24news.com\/wp-content\/uploads\/2022\/03\/Baustelle-Speyer-Facebook.jpg 800w, https:\/\/speyer24news.com\/wp-content\/uploads\/2022\/03\/Baustelle-Speyer-Facebook-300x144.jpg 300w, https:\/\/speyer24news.com\/wp-content\/uploads\/2022\/03\/Baustelle-Speyer-Facebook-768x369.jpg 768w\" sizes=\"(max-width: 800px) 100vw, 800px\" \/><\/figure><\/div>\n\n\n<p>Ab sofort stellt die Stadt Speyer eine neue Baustellenliste zur Verf\u00fcgung, die die bisherige Kommunikation von laufenden und kommenden Baustellen erweitert und b\u00fcrgerfreundlicher gestaltet.<\/p>\n\n\n\n<p>Die bisher zur Verf\u00fcgung gestellte Liste \u201eAlle Baustellen\u201c f\u00fchrt alle Baustellen, die sich innerhalb des Speyerer Stadtgebiets befinden, stichpunktartig auf. Diese technische Liste gibt auch einen \u00dcberblick \u00fcber die betroffenen Sparten wie Strom, Gas, oder Wasser.<\/p>\n\n\n\n<p>Die nun neu hinzugekommene Liste \u201eWichtigste Baustellen\u201c beinhaltet Baustellen, von denen ein bedeutender Teil der Verkehrsteilnehmenden in Speyer signifikant betroffen ist, beispielsweise wegen ihrer lange Dauer und\/oder weil wichtige Stra\u00dfen im Netz betroffen sind. Es werden zus\u00e4tzlich zu den Baustellen im Speyerer Stadtgebiet auch wichtige Baustellen in der n\u00e4heren Umgebung aufgef\u00fchrt, beispielsweise auf der B9 und B39. Dar\u00fcber hinaus soll auch der in den Jahren 2023 und 2024 geplante Verkehrsversuch zum Postplatz Eingang in diese Auflistung finden. Neben dem voraussichtlichen Zeitraum und der Ursache werden auch die Umleitungen f\u00fcr die verschiedenen Verkehrsarten und bei Bedarf erg\u00e4nzende Informationen dargestellt. Am Ende der Liste findet sich ferner eine \u00dcbersicht zu m\u00f6glichen Ansprechpartner*innen.<\/p>\n\n\n\n<p>Die neue Baustellenliste ist chronologisch sortiert, sodass die B\u00fcrger*innen auf den ersten Blick neu hinzukommende Baustellen erkennen und f\u00fcr ihre n\u00e4chste Fahrt ber\u00fccksichtigen k\u00f6nnen \u2013 ohne frustriert erst an der Baustellenabsperrung wenden m\u00fcssen. Zeit- und nervenschonend f\u00fcr die B\u00fcrgerschaft \u2013 aber auch gut f\u00fcr die Umwelt, da unn\u00f6tiger Verkehr vermieden wird.<\/p>\n\n\n\n<p>Die \u00dcbersicht \u00fcber die Baustellensituation wird immer freitags aktualisiert und ist unter&nbsp;<a href=\"http:\/\/www.speyer.de\/baustellen\"><strong>www.speyer.de\/baustellen<\/strong><\/a>&nbsp;im NEWS-TICKER zu finden.<br>Des Weiteren gibt es auf der Baustellenseite der Stadt Speyer wie gewohnt detaillierte Informationen zu laufenden und kommenden Gro\u00dfbaustellen.<\/p>\n\n\n\n<p><em>Stadtverwaltung Speyer<br>18.03.2022<\/em><\/p>\n","protected":false},"excerpt":{"rendered":"<div class=\"mh-excerpt\"><p>Stadtnotizen Kleine Finissage der Ausstellung \u201ein ART we trust!\u201c von und mit BUJA am 10. M\u00e4rz Am kommenden Sonntag, 10. M\u00e4rz 2024, endet in der St\u00e4dtischen Galerie im Kulturhof Flachsgasse die Ausstellung \u201ein ART we <a class=\"mh-excerpt-more\" href=\"https:\/\/speyer24news.com\/?p=58405\" title=\"Stadtnotizen &amp; Verkehrsnotizen Speyer\">[&#8230;]<\/a><\/p>\n<\/div>","protected":false},"author":3,"featured_media":46477,"comment_status":"open","ping_status":"open","sticky":false,"template":"","format":"standard","meta":{"_monsterinsights_skip_tracking":false,"_monsterinsights_sitenote_active":false,"_monsterinsights_sitenote_note":"","_monsterinsights_sitenote_category":0,"footnotes":""},"categories":[47],"tags":[5966,8712,15307,16764,13163,17761,14555,13640,15429,17762,17763,17764,17765,17766,7101,17768,17770,17771,17170,5555,7171,17443,17444,17767,4810,16143,6,17772,4800,657,14546,1296,658,1114,14900,17769],"aioseo_notices":[],"amp_enabled":true,"_links":{"self":[{"href":"https:\/\/speyer24news.com\/index.php?rest_route=\/wp\/v2\/posts\/58405"}],"collection":[{"href":"https:\/\/speyer24news.com\/index.php?rest_route=\/wp\/v2\/posts"}],"about":[{"href":"https:\/\/speyer24news.com\/index.php?rest_route=\/wp\/v2\/types\/post"}],"author":[{"embeddable":true,"href":"https:\/\/speyer24news.com\/index.php?rest_route=\/wp\/v2\/users\/3"}],"replies":[{"embeddable":true,"href":"https:\/\/speyer24news.com\/index.php?rest_route=%2Fwp%2Fv2%2Fcomments&post=58405"}],"version-history":[{"count":1,"href":"https:\/\/speyer24news.com\/index.php?rest_route=\/wp\/v2\/posts\/58405\/revisions"}],"predecessor-version":[{"id":58408,"href":"https:\/\/speyer24news.com\/index.php?rest_route=\/wp\/v2\/posts\/58405\/revisions\/58408"}],"wp:featuredmedia":[{"embeddable":true,"href":"https:\/\/speyer24news.com\/index.php?rest_route=\/wp\/v2\/media\/46477"}],"wp:attachment":[{"href":"https:\/\/speyer24news.com\/index.php?rest_route=%2Fwp%2Fv2%2Fmedia&parent=58405"}],"wp:term":[{"taxonomy":"category","embeddable":true,"href":"https:\/\/speyer24news.com\/index.php?rest_route=%2Fwp%2Fv2%2Fcategories&post=58405"},{"taxonomy":"post_tag","embeddable":true,"href":"https:\/\/speyer24news.com\/index.php?rest_route=%2Fwp%2Fv2%2Ftags&post=58405"}],"curies":[{"name":"wp","href":"https:\/\/api.w.org\/{rel}","templated":true}]}}