{"id":58475,"date":"2024-03-09T21:05:10","date_gmt":"2024-03-09T20:05:10","guid":{"rendered":"https:\/\/speyer24news.com\/?p=58475"},"modified":"2024-03-09T21:05:11","modified_gmt":"2024-03-09T20:05:11","slug":"stadtnotizen-verkehrsnotizen-speyer-44","status":"publish","type":"post","link":"https:\/\/speyer24news.com\/?p=58475","title":{"rendered":"Stadtnotizen &amp; Verkehrsnotizen Speyer"},"content":{"rendered":"<style type=\"text\/css\">\r\n\t.ads_top_disp{}\r\n\t.ads_top_corner_disp{ float:left; margin:0px 10px 10px 0px; }\r\n\t.ads_first_p_disp{}\r\n\t.ads_bottom_disp{}\r\n\t<\/style>\n<h1 class=\"wp-block-heading has-text-align-center\">Stadtnotizen<\/h1>\n\n\n<div class=\"wp-block-image\">\n<figure class=\"aligncenter\"><img decoding=\"async\" loading=\"lazy\" width=\"800\" height=\"600\" src=\"https:\/\/speyer24news.com\/wp-content\/uploads\/2020\/01\/Speyer-Stadtnachrichten-2.jpg\" alt=\"\" class=\"wp-image-23901\" srcset=\"https:\/\/speyer24news.com\/wp-content\/uploads\/2020\/01\/Speyer-Stadtnachrichten-2.jpg 800w, https:\/\/speyer24news.com\/wp-content\/uploads\/2020\/01\/Speyer-Stadtnachrichten-2-300x225.jpg 300w, https:\/\/speyer24news.com\/wp-content\/uploads\/2020\/01\/Speyer-Stadtnachrichten-2-768x576.jpg 768w, https:\/\/speyer24news.com\/wp-content\/uploads\/2020\/01\/Speyer-Stadtnachrichten-2-678x509.jpg 678w, https:\/\/speyer24news.com\/wp-content\/uploads\/2020\/01\/Speyer-Stadtnachrichten-2-326x245.jpg 326w, https:\/\/speyer24news.com\/wp-content\/uploads\/2020\/01\/Speyer-Stadtnachrichten-2-80x60.jpg 80w\" sizes=\"(max-width: 800px) 100vw, 800px\" \/><\/figure><\/div>\n\n\n<h2 class=\"wp-block-heading\">Stadt Speyer verl\u00e4ngert \u00d6ffnungszeiten f\u00fcr Au\u00dfengastronomie<\/h2>\n\n\n<div class=\"wp-block-image\">\n<figure class=\"aligncenter size-full\"><img decoding=\"async\" loading=\"lazy\" width=\"800\" height=\"533\" src=\"https:\/\/speyer24news.com\/wp-content\/uploads\/2021\/05\/18-05-2021-Gemeinsame-Info-Gastro.jpg\" alt=\"\" class=\"wp-image-36851\" srcset=\"https:\/\/speyer24news.com\/wp-content\/uploads\/2021\/05\/18-05-2021-Gemeinsame-Info-Gastro.jpg 800w, https:\/\/speyer24news.com\/wp-content\/uploads\/2021\/05\/18-05-2021-Gemeinsame-Info-Gastro-300x200.jpg 300w, https:\/\/speyer24news.com\/wp-content\/uploads\/2021\/05\/18-05-2021-Gemeinsame-Info-Gastro-768x512.jpg 768w\" sizes=\"(max-width: 800px) 100vw, 800px\" \/><\/figure><\/div>\n\n\n<p>Speyerer Gastronomiebetriebe k\u00f6nnen ihre Au\u00dfenbereiche ab Freitag, 15. M\u00e4rz 2024, l\u00e4nger \u00f6ffnen: Ab dann ist eine Bewirtung der Freisitze in der Nacht zu einem Samstag, zu einem Sonntag und an Tagen vor einem gesetzlichen Feiertag bis 24 Uhr und an allen anderen Tagen bis 23 Uhr erlaubt. Die Stadt Speyer hat als zust\u00e4ndige Beh\u00f6rde eine entsprechende Allgemeinverf\u00fcgung erlassen.&nbsp;<\/p>\n\n\n\n<p>\u201eSobald die Tage wieder l\u00e4nger werden und die Temperaturen steigen, zieht es die Menschen auch in den Abend- und Nachtstunden verst\u00e4rkt nach drau\u00dfen. Vor allem an Wochenenden und vor Feiertagen versp\u00fcren viele den Wunsch, mit Freundinnen und Freunden oder mit der Familie bei einem leckeren Essen im Freien gemeinsam eine gute Zeit zu verbringen\u201c, f\u00fchrt Oberb\u00fcrgermeisterin Stefanie Seiler aus. \u201eIn seiner Sitzung im Juli 2023 hat der Stadtrat entschieden, diesem Wunsch mit einer Lockerung der Sperrstunde in den Fr\u00fchjahrs- und Sommermonaten nachzukommen. Zudem k\u00f6nnen wir mit der Verl\u00e4ngerung der \u00d6ffnungszeiten die gastronomischen Betriebe in unserer Stadt unterst\u00fctzen und sie vor Nachteilen im Wettbewerb mit anderen Kommunen bewahren.\u201c<\/p>\n\n\n\n<p>Beigeordnete und Ordnungsdezernentin Irmgard M\u00fcnch-Weinmann erg\u00e4nzt: \u201eEs ist uns wichtig, den Menschen in Speyer und aus der Umgebung wieder ein attraktives Nachtleben anbieten zu k\u00f6nnen. Eine Abwanderung ins Umland, wie sie in der Vergangenheit zu beobachten war, wollen wir damit k\u00fcnftig vermeiden. Mit der zeitlichen Befristung der verl\u00e4ngerten Freisitze und der Tatsache, dass nicht an allen Tagen bis 24 Uhr ge\u00f6ffnet werden darf, behalten wir zugleich den Schutz der Nachtruhe der Anwohnenden im Blick.\u201c<\/p>\n\n\n\n<p>Die von der Stadtverwaltung Speyer erlassene Allgemeinverf\u00fcgung zu den verl\u00e4ngerten Au\u00dfenbewirtungszeiten gilt vom 15. M\u00e4rz bis zum 31. Oktober 2024 und vom 15. M\u00e4rz bis zum 31. Oktober 2025. Die Verf\u00fcgung regelt auch, dass musikalische Veranstaltungen in der Au\u00dfengastronomie unter Einhaltung der zul\u00e4ssigen L\u00e4rmwerte einmal pro Monat pro Fl\u00e4che an Freitagen und Samstagen bis 24 Uhr bei der st\u00e4dtischen Ordnungsbeh\u00f6rde beantragt werden k\u00f6nnen.<\/p>\n\n\n\n<p>Es ist geplant, die gesammelten Erfahrungen nach den festgelegten Zeitr\u00e4umen in diesem und im folgenden Jahr auszuwerten.<\/p>\n\n\n\n<p><em>Text: Stadtverwaltung Speyer Foto: Stadt Landau<br>08.03.2024<\/em><\/p>\n\n\n\n<h2 class=\"wp-block-heading\">Letztes Druckerwochenende der Saison 2023\/24 am 23. und 24. M\u00e4rz<\/h2>\n\n\n<div class=\"wp-block-image\">\n<figure class=\"aligncenter size-full\"><img decoding=\"async\" loading=\"lazy\" width=\"800\" height=\"600\" src=\"https:\/\/speyer24news.com\/wp-content\/uploads\/2024\/03\/usus_Druckerwochenende-\u00a9-Uta-Schneider-Ulrike-Stoltz.jpg\" alt=\"\" class=\"wp-image-58476\" srcset=\"https:\/\/speyer24news.com\/wp-content\/uploads\/2024\/03\/usus_Druckerwochenende-\u00a9-Uta-Schneider-Ulrike-Stoltz.jpg 800w, https:\/\/speyer24news.com\/wp-content\/uploads\/2024\/03\/usus_Druckerwochenende-\u00a9-Uta-Schneider-Ulrike-Stoltz-300x225.jpg 300w, https:\/\/speyer24news.com\/wp-content\/uploads\/2024\/03\/usus_Druckerwochenende-\u00a9-Uta-Schneider-Ulrike-Stoltz-768x576.jpg 768w, https:\/\/speyer24news.com\/wp-content\/uploads\/2024\/03\/usus_Druckerwochenende-\u00a9-Uta-Schneider-Ulrike-Stoltz-678x509.jpg 678w, https:\/\/speyer24news.com\/wp-content\/uploads\/2024\/03\/usus_Druckerwochenende-\u00a9-Uta-Schneider-Ulrike-Stoltz-326x245.jpg 326w, https:\/\/speyer24news.com\/wp-content\/uploads\/2024\/03\/usus_Druckerwochenende-\u00a9-Uta-Schneider-Ulrike-Stoltz-80x60.jpg 80w\" sizes=\"(max-width: 800px) 100vw, 800px\" \/><figcaption class=\"wp-element-caption\">K\u00fcnstlerinnen-Duo &lt;usus><br><em>Foto: \u00a9 Uta Schneider &amp; Ulrike Stoltz<\/em><\/figcaption><\/figure><\/div>\n\n\n<p>Die Saison 2023\/24 der Druckerwochenenden in der Winkeldruckerey im Kulturhof Flachsgasse endet am Samstag, 23., und Sonntag, 24. M\u00e4rz 2024, jeweils von 11 bis 18 Uhr, mit dem K\u00fcnstlerinnen-Duo &lt;usus&gt;: Uta Schneider und Ulrike Stoltz.<\/p>\n\n\n\n<p>Die befreundeten K\u00fcnstlerinnen arbeiten seit 1986 zusammen, seit 2001 als Duo &lt;usus&gt;. Neben K\u00fcnstlerb\u00fcchern fertigen sie Zeichnungen, Texte, Installationen und Druckgrafik. Ihre Arbeiten wurden international ausgestellt und angekauft; die K\u00fcnstlerinnen wurden weltweit zu Vortr\u00e4gen eingeladen. Die beiden arbeiten analog und digital, in Auflage oder als Unikat und sind technisch nicht festgelegt. Gemeinsam waren sie \u201eartists in residence\u201c bei Nexus Press in Atlanta (2001) und erhielten den Kulturpreis der Stadt Offenbach am Main 2003 sowie 2005 den ersten Seoul Book Arts Award (Korea).<\/p>\n\n\n\n<p>Uta Schneider war 1994 Stipendiatin im K\u00fcnstlerhaus Lukas in Ahrenshoop und wurde 1998 mit dem Kunstpreis des Neuen Kunsthauses Ahrenshoop ausgezeichnet. 2014 war sie Stipendiatin im Mus\u00e9e Boribana in Dakar (Senegal). Ulrike Stoltz erhielt den K\u00fcnstlerbuchpreis 2020 der Herzog August Bibliothek Wolfenb\u00fcttel.<\/p>\n\n\n\n<p>F\u00fcr das Wochenende in Speyer planen sie, sich mit der Bildlichkeit von Schrift im Druck zu besch\u00e4ftigen. Sie wollen ihre Arbeit aus dem Umgang mit dem vor Ort vorhandenen Material und den sich daraus ergebenden M\u00f6glichkeiten entwickeln.<\/p>\n\n\n\n<p><em>Text: Stadtverwaltung Speyer Foto: \u00a9 Uta Schneider &amp; Ulrike Stoltz<br>08.03.2024<\/em><\/p>\n\n\n\n<h2 class=\"wp-block-heading\">Modul \u201eFinanzen\u201c des Alltagsf\u00fchrerscheins der Jugendberufsagentur Plus Speyer startet im April<\/h2>\n\n\n\n<p>Die Jugendberufsagentur Plus Speyer ber\u00e4t und unterst\u00fctzt junge Menschen im Alter von 15 bis 25 Jahren mit Wohnsitz in Speyer beim \u00dcbergang von der Schule in den Beruf. Auch der sogenannte Alltagsf\u00fchrerschein, der aus vier Modulen besteht, geh\u00f6rt zu ihrem Angebot. Das Modul \u201eFinanzen\u201c beginnt am 4. April 2024. Anmeldungen sind ab sofort m\u00f6glich.<\/p>\n\n\n\n<p>Der Alltagsf\u00fchrerschein will Jugendlichen und jungen Erwachsenen dabei helfen, sich auf den Alltag als Erwachsene und ein Leben in den eigenen vier W\u00e4nden vorzubereiten. Er besteht aus den vier Modulen \u201eFinanzen\u201c, \u201eKochen\/Ern\u00e4hrung\u201c, \u201eWohnen\/Alltag\u201c und \u201eGesundheit\u201c, die kostenfrei und auch einzeln belegt werden k\u00f6nnen. Jedes Modul umfasst sechs Termine, die jeweils etwa zwei Stunden dauern. F\u00fcr eine Teilnahme sind keine Vorkenntnisse erforderlich.<\/p>\n\n\n\n<p>Jedes Modul vermittelt unterschiedliche Fertigkeiten und wird nach erfolgreicher Teilnahme durch ein Zertifikat best\u00e4tigt. Wer den Alltagsf\u00fchrerschein erhalten m\u00f6chte, muss alle vier Module besuchen.<\/p>\n\n\n\n<p>Als n\u00e4chstes startet das Modul \u201eFinanzen\u201c am Donnerstag, 4. April 2024, 17 bis 19 Uhr, in der Jugendf\u00f6rderung (JuF\u00f6), Seekatzstra\u00dfe 5, Speyer. Dabei werden beispielsweise Fragen zu Vertr\u00e4gen, zum Online-Shopping, zu versteckten Kosten beim Gaming, zu Bankgesch\u00e4ften, zum Konsumverhalten und zu Versicherungen beantwortet. Eine erfahrene Schuldnerberaterin leitet die Gruppe und ist offen f\u00fcr alle Fragen der Teilnehmenden.<\/p>\n\n\n\n<p>Am 4. Juni 2024 beginnt das Modul \u201eKochen\u201c, das dienstags von 17.30 bis 19.30 Uhr in der K\u00fcche der JuF\u00f6 angeboten wird. Hier werden leckere Gerichte aus europ\u00e4ischen L\u00e4ndern gemeinsam zubereitet und nat\u00fcrlich auch verzehrt. Tipps rund um den Einkauf, die Aufbewahrung, Kochvideos und Nachhaltigkeit geh\u00f6ren ebenfalls zum Angebot.<\/p>\n\n\n\n<p>Anmeldungen f\u00fcr die Module des Alltagsf\u00fchrerscheins nimmt Katharina Bentz-Hellmann von der Jugendberufsagentur Plus Speyer entgegen. Sie ist per E-Mail an&nbsp;<a href=\"mailto:katharina.bentz-hellmann@vfbb-speyer.net\" target=\"_blank\" rel=\"noreferrer noopener\">katharina.bentz-hellmann@vfbb-speyer.net<\/a>&nbsp;und telefonisch unter der Nummer 06232-14-1904 erreichbar.<\/p>\n\n\n\n<h4 class=\"wp-block-heading\">\u00dcber die Jugendberufsagentur Plus Speyer<\/h4>\n\n\n\n<p>Die Jugendberufsagentur Plus Speyer (JBA+ Speyer) ist eine Einrichtung der drei Kooperationspartner*innen Berufsberatung der Agentur f\u00fcr Arbeit Ludwigshafen, Jobcenter Vorderpfalz-Ludwigshafen und der Jugendhilfe der Stadt Speyer. Gef\u00f6rdert wird die JBA+ Speyer durch das Ministerium f\u00fcr Arbeit, Soziales, Transformation und Digitalisierung Rheinland-Pfalz aus Mitteln des Europ\u00e4ischen Sozialfonds (ESF+) und vom Jobcenter Vorderpfalz-Ludwigshafen. Au\u00dferdem wird sie von der Firma Gabis GmbH kofinanziert.<\/p>\n\n\n\n<p>Weitere Informationen zur Jugendberufsagentur Plus Speyer und zum Alltagsf\u00fchrerschein sind online unter\u00a0<a href=\"https:\/\/deref-web.de\/mail\/client\/lOgP2O7XdwQ\/dereferrer\/?redirectUrl=https%3A%2F%2Fwww.xn--juf-una.de%2Fprogramm%2Fschul-und-jugendsozialarbeit%2Fjugendberufsagentur-plus.html\" target=\"_blank\" rel=\"noreferrer noopener\">https:\/\/www.xn--juf-una.de\/programm\/schul-und-jugendsozialarbeit\/jugendberufsagentur-plus.html<\/a>\u00a0zu finden.<\/p>\n\n\n\n<p><em>Stadtverwaltung Speyer<br>07.03.2024<\/em><\/p>\n\n\n\n<h1 class=\"wp-block-heading has-text-align-center\">Verkehrsnotizen<\/h1>\n\n\n<div class=\"wp-block-image\">\n<figure class=\"aligncenter\"><img decoding=\"async\" loading=\"lazy\" width=\"800\" height=\"565\" src=\"https:\/\/speyer24news.com\/wp-content\/uploads\/2020\/01\/Baustelle-2.jpg\" alt=\"\" class=\"wp-image-23900\" srcset=\"https:\/\/speyer24news.com\/wp-content\/uploads\/2020\/01\/Baustelle-2.jpg 800w, https:\/\/speyer24news.com\/wp-content\/uploads\/2020\/01\/Baustelle-2-300x212.jpg 300w, https:\/\/speyer24news.com\/wp-content\/uploads\/2020\/01\/Baustelle-2-768x542.jpg 768w\" sizes=\"(max-width: 800px) 100vw, 800px\" \/><\/figure><\/div>\n\n\n<h2 class=\"wp-block-heading\">Akazienweg voll gesperrt<\/h2>\n\n\n\n<p>Aufgrund von Arbeiten im Auftrag der Entsorgungsbetriebe Speyer wird der Akazienweg auf H\u00f6he der Hausnummer 26&nbsp;<strong>von Montag, 11. M\u00e4rz 2024, bis voraussichtlich Freitag, 15. M\u00e4rz 2024<\/strong>, f\u00fcr den Verkehr gesperrt.<\/p>\n\n\n\n<p>Die Stra\u00dfe wird in dieser Zeit als Sackgasse ausgewiesen; eine Umleitung wird eingerichtet. Der Durchgang f\u00fcr Menschen zu Fu\u00df ist weiterhin m\u00f6glich.<\/p>\n\n\n\n<p>F\u00fcr R\u00fcckfragen steht die Stra\u00dfenverkehrsbeh\u00f6rde unter der Rufnummer 06232 14-2938 zur Verf\u00fcgung.<\/p>\n\n\n\n<p><em>Stadtverwaltung Speyer<br>05.03.2024<\/em><\/p>\n\n\n\n<h2 class=\"wp-block-heading\">B 39 \u2013 Speyer; Erneuerung der Closwegbr\u00fccke<\/h2>\n\n\n\n<p><strong>Der Landesbetrieb Mobilit\u00e4t (LBM) Speyer informiert, dass die Erneuerungsarbeiten der Closwegbr\u00fccke in Speyer in K\u00fcrze zum Abschluss kommen.<\/strong><\/p>\n\n\n<div class=\"wp-block-image\">\n<figure class=\"aligncenter\"><img decoding=\"async\" loading=\"lazy\" width=\"800\" height=\"571\" src=\"https:\/\/speyer24news.com\/wp-content\/uploads\/2024\/03\/Closwegbruecke@LBMSpeyer.jpg\" alt=\"\" class=\"wp-image-58254\" srcset=\"https:\/\/speyer24news.com\/wp-content\/uploads\/2024\/03\/Closwegbruecke@LBMSpeyer.jpg 800w, https:\/\/speyer24news.com\/wp-content\/uploads\/2024\/03\/Closwegbruecke@LBMSpeyer-300x214.jpg 300w, https:\/\/speyer24news.com\/wp-content\/uploads\/2024\/03\/Closwegbruecke@LBMSpeyer-768x548.jpg 768w\" sizes=\"(max-width: 800px) 100vw, 800px\" \/><\/figure><\/div>\n\n\n<p>Die noch ausstehenden Asphaltarbeiten sowie abschlie\u00dfenden Restarbeiten werden in der kommenden Woche abgeschlossen; von daher wird die neue Br\u00fccke nach einer Bauzeit von rund elf Monaten voraussichtlich Ende der 10. KW wieder f\u00fcr den Verkehr freigegeben. Das im Jahr 1966 erbaute Bauwerk stellte die wichtigste Verkehrsverbindung zwischen dem Stadtteil Vogelgesang und der Innenstadt dar. Aufgrund des Schadensumfangs und den wachsenden Anforderungen an Br\u00fcckenbauwerke war eine wirtschaftliche Instandsetzung der alten Br\u00fccke nicht mehr m\u00f6glich, so dass diese durch einen Neubau ersetzt werden musste.<\/p>\n\n\n\n<p>W\u00e4hrend den Bauarbeiten wurde der Closweg im Bereich der Br\u00fccke bis zur Fertigstellung der gesamten Ma\u00dfnahme f\u00fcr den Verkehr voll gesperrt. Hierf\u00fcr wurde eine inner\u00f6rtliche Umleitungsstrecke eingerichtet. Die Bundesstra\u00dfe 39 musste w\u00e4hrend der gesamten Bauzeit an drei Wochenenden voll gesperrt werden. Hierzu wurde der Verkehr gro\u00dfr\u00e4umig \u00fcber die B 39, L 722, A 61 und die B 9 umgeleitet. Ansonsten konnte der Verkehr auf der B 39 mit eingeschr\u00e4nkter Fahrbahnbreite ungehindert flie\u00dfen.<\/p>\n\n\n\n<p>Die gesamten Baukosten der Erneuerungsma\u00dfnahme belaufen sich auf rund 1,9 Mio. Euro.<br>Die Kosten tr\u00e4gt die Bundesrepublik Deutschland.<\/p>\n\n\n<div class=\"wp-block-image\">\n<figure class=\"alignleft\"><img decoding=\"async\" loading=\"lazy\" width=\"400\" height=\"144\" src=\"https:\/\/speyer24news.com\/wp-content\/uploads\/2021\/03\/lbm.png\" alt=\"\" class=\"wp-image-34212\" srcset=\"https:\/\/speyer24news.com\/wp-content\/uploads\/2021\/03\/lbm.png 400w, https:\/\/speyer24news.com\/wp-content\/uploads\/2021\/03\/lbm-300x108.png 300w\" sizes=\"(max-width: 400px) 100vw, 400px\" \/><\/figure><\/div>\n\n\n<h4 class=\"wp-block-heading\">Ausf\u00fchrliche Informationen zur Baustelle finden Sie auch unter<\/h4>\n\n\n\n<p><a href=\"https:\/\/lbm.rlp.de\/de\/grossprojekte-themen\/grossprojekte\/b-39-closwegbruecke-speyer\/\"><strong>B 39, Closwegbr\u00fccke Speyer | Landesbetrieb Mobilit\u00e4t Rheinland-Pfalz (rlp.de)<\/strong><\/a><\/p>\n\n\n\n<p>Der Landesbetrieb Mobilit\u00e4t Speyer bedankt sich bei den Anwohnern sowie den Verkehrsteilnehmern f\u00fcr das w\u00e4hrend der Bauzeit aufgebrachte Verst\u00e4ndnis hinsichtlich der entstandenen L\u00e4rmbel\u00e4stigungen sowie den durch die Sperrungen verbundenen Verkehrsbehinderungen.<\/p>\n\n\n\n<p><em>Landesbetriebs Mobilit\u00e4t (LBM) Speyer<br>01.03.2024<\/em><\/p>\n\n\n\n<h2 class=\"wp-block-heading\">Teilsperrung vor der Ro\u00dfmarktstra\u00dfe 39<\/h2>\n\n\n\n<p>Die Stadtverwaltung Speyer informiert, dass aufgrund einer Baustelleneinrichtung eine halbseitige Sperrung der Ro\u00dfmarktstra\u00dfe vor dem Haus Nr. 39&nbsp;<strong>bis voraussichtlich 13. M\u00e4rz 2024<\/strong>&nbsp;eingerichtet werden muss. Fu\u00dfg\u00e4nger*innen k\u00f6nnen die Ro\u00dfmarktstra\u00dfe weiterhin passieren; die Gesch\u00e4fte in der Ro\u00dfmarktstra\u00dfe sind von der Maximilianstra\u00dfe aus weiterhin erreichbar.<\/p>\n\n\n\n<p><em>Stadtverwaltung Speyer<br>16.02.2024<\/em><\/p>\n\n\n\n<h2 class=\"wp-block-heading\">Hilgardstra\u00dfe voll gesperrt<\/h2>\n\n\n\n<p>Wegen Arbeiten im Auftrag der Entsorgungsbetriebe und Stadtwerke Speyer wird die Hilgardstra\u00dfe zwischen der Neufferstra\u00dfe und Am Drachenturm&nbsp;<strong>ab Montag, 29. Januar 2024, bis voraussichtlich Freitag, 19. April 2024<\/strong>, f\u00fcr den Verkehr vollst\u00e4ndig gesperrt und beidseitig als Sackgasse ausgewiesen. Eine Umleitung wird eingerichtet.<\/p>\n\n\n\n<p>F\u00fcr R\u00fcckfragen steht die Stra\u00dfenverkehrsbeh\u00f6rde unter der Telefonnummer 06232-14-2938 zur Verf\u00fcgung.<\/p>\n\n\n\n<p><em>Stadtverwaltung Speyer<br>17.01.2024<\/em><\/p>\n\n\n\n<h2 class=\"wp-block-heading\">Carl-Goerdeler-Stra\u00dfe gesperrt<\/h2>\n\n\n\n<p>Aufgrund von Kanalarbeiten im Auftrag der Entsorgungsbetriebe Speyer wird die Carl-Goerdeler-Stra\u00dfe auf H\u00f6he der Hausnummern 4\u201312&nbsp;<strong>seit Montag, 8. Januar bis voraussichtlich 28. M\u00e4rz 2024<\/strong>&nbsp;f\u00fcr den Verkehr voll gesperrt.<\/p>\n\n\n\n<p>Die Stra\u00dfe wird beidseitig als Sackgasse ausgewiesen. Der Durchgang f\u00fcr Zufu\u00dfgehende ist weiterhin m\u00f6glich.<\/p>\n\n\n\n<p>F\u00fcr R\u00fcckfragen steht die Stra\u00dfenverkehrsbeh\u00f6rde unter der Rufnummer 14-2938 zur Verf\u00fcgung.<\/p>\n\n\n\n<p><em>Stadtverwaltung Speyer<br>08.01.2024<\/em><\/p>\n\n\n\n<h2 class=\"wp-block-heading\">Ge\u00e4nderte Verkehrsf\u00fchrung am Bahn\u00fcbergang Sch\u00fctzenstra\u00dfe nach Modernisierung durch die Deutsche Bahn<\/h2>\n\n\n\n<p>Wie am 13. Juli 2022 im gemeinsamen Verkehrsausschuss und Ausschuss f\u00fcr Stadtentwicklung, Bauen und Konversion mitgeteilt wurde, m\u00fcssen im Zuge der Modernisierung des Bahn\u00fcbergangs Sch\u00fctzenstra\u00dfe die derzeit bundesweit g\u00fcltigen Sicherheitsanforderungen umgesetzt werden. Hierbei gilt es, das Risiko eines R\u00fcckstaus auf den Gleisen auszuschlie\u00dfen.<\/p>\n\n\n\n<p>Hierzu bestehen gem\u00e4\u00df Planungen der Deutschen Bahn zwei M\u00f6glichkeiten: Ein sogenanntes vorgeschaltetes Lichtzeichen oder ein Verbot des Linksabbiegens mittels Verkehrszeichen. Wie sich im Verlauf der Modernisierungsarbeiten herausstellte, konnte die Deutsche Bahn das urspr\u00fcnglich bevorzugte vorgeschaltete Lichtzeichen nicht wie geplant bis zur Wiederinbetriebnahme des Bahn\u00fcbergangs installieren, da der Mast des vorgeschalteten Lichtzeichens aufgrund von Konflikten mit vorhandenen unterirdischen Leitungen nicht im \u00f6ffentlichen Stra\u00dfenraum platziert werden konnte. Bis eine L\u00f6sung zur Platzierung des Masts gefunden ist, muss demnach die Alternativvariante umgesetzt werden.<\/p>\n\n\n\n<p>Daher ist ab sofort ein Linksabbiegen von der Sch\u00fctzenstra\u00dfe in die Hasenstra\u00dfe nicht mehr zul\u00e4ssig. Die Zufahrt zum Oberk\u00e4mmerer-Gebiet erfolgt von S\u00fcden \u00fcber die Holzstra\u00dfe und die Br\u00fccke \u00fcber den Gie\u00dfh\u00fcbelbach oder \u00fcber den Bahn\u00fcbergang Alte Schwegenheimer Stra\u00dfe.<\/p>\n\n\n\n<p>Die Stadt Speyer bittet im Namen der Deutschen Bahn die Verkehrsteilnehmenden und Anwohnenden um Verst\u00e4ndnis f\u00fcr die Beeintr\u00e4chtigungen.<\/p>\n\n\n\n<p><em>Stadtverwaltung Speyer<br>02.09.2022<\/em><\/p>\n\n\n\n<h2 class=\"wp-block-heading\">Baustellen\u00fcbersicht der Stadt Speyer<\/h2>\n\n\n<div class=\"wp-block-image\">\n<figure class=\"aligncenter\"><img decoding=\"async\" loading=\"lazy\" width=\"800\" height=\"384\" src=\"https:\/\/speyer24news.com\/wp-content\/uploads\/2022\/03\/Baustelle-Speyer-Facebook.jpg\" alt=\"\" class=\"wp-image-43610\" srcset=\"https:\/\/speyer24news.com\/wp-content\/uploads\/2022\/03\/Baustelle-Speyer-Facebook.jpg 800w, https:\/\/speyer24news.com\/wp-content\/uploads\/2022\/03\/Baustelle-Speyer-Facebook-300x144.jpg 300w, https:\/\/speyer24news.com\/wp-content\/uploads\/2022\/03\/Baustelle-Speyer-Facebook-768x369.jpg 768w\" sizes=\"(max-width: 800px) 100vw, 800px\" \/><\/figure><\/div>\n\n\n<p>Ab sofort stellt die Stadt Speyer eine neue Baustellenliste zur Verf\u00fcgung, die die bisherige Kommunikation von laufenden und kommenden Baustellen erweitert und b\u00fcrgerfreundlicher gestaltet.<\/p>\n\n\n\n<p>Die bisher zur Verf\u00fcgung gestellte Liste \u201eAlle Baustellen\u201c f\u00fchrt alle Baustellen, die sich innerhalb des Speyerer Stadtgebiets befinden, stichpunktartig auf. Diese technische Liste gibt auch einen \u00dcberblick \u00fcber die betroffenen Sparten wie Strom, Gas, oder Wasser.<\/p>\n\n\n\n<p>Die nun neu hinzugekommene Liste \u201eWichtigste Baustellen\u201c beinhaltet Baustellen, von denen ein bedeutender Teil der Verkehrsteilnehmenden in Speyer signifikant betroffen ist, beispielsweise wegen ihrer lange Dauer und\/oder weil wichtige Stra\u00dfen im Netz betroffen sind. Es werden zus\u00e4tzlich zu den Baustellen im Speyerer Stadtgebiet auch wichtige Baustellen in der n\u00e4heren Umgebung aufgef\u00fchrt, beispielsweise auf der B9 und B39. Dar\u00fcber hinaus soll auch der in den Jahren 2023 und 2024 geplante Verkehrsversuch zum Postplatz Eingang in diese Auflistung finden. Neben dem voraussichtlichen Zeitraum und der Ursache werden auch die Umleitungen f\u00fcr die verschiedenen Verkehrsarten und bei Bedarf erg\u00e4nzende Informationen dargestellt. Am Ende der Liste findet sich ferner eine \u00dcbersicht zu m\u00f6glichen Ansprechpartner*innen.<\/p>\n\n\n\n<p>Die neue Baustellenliste ist chronologisch sortiert, sodass die B\u00fcrger*innen auf den ersten Blick neu hinzukommende Baustellen erkennen und f\u00fcr ihre n\u00e4chste Fahrt ber\u00fccksichtigen k\u00f6nnen \u2013 ohne frustriert erst an der Baustellenabsperrung wenden m\u00fcssen. Zeit- und nervenschonend f\u00fcr die B\u00fcrgerschaft \u2013 aber auch gut f\u00fcr die Umwelt, da unn\u00f6tiger Verkehr vermieden wird.<\/p>\n\n\n\n<p>Die \u00dcbersicht \u00fcber die Baustellensituation wird immer freitags aktualisiert und ist unter&nbsp;<a href=\"http:\/\/www.speyer.de\/baustellen\"><strong>www.speyer.de\/baustellen<\/strong><\/a>&nbsp;im NEWS-TICKER zu finden.<br>Des Weiteren gibt es auf der Baustellenseite der Stadt Speyer wie gewohnt detaillierte Informationen zu laufenden und kommenden Gro\u00dfbaustellen.<\/p>\n\n\n\n<p><em>Stadtverwaltung Speyer<br>18.03.2022<\/em><\/p>\n","protected":false},"excerpt":{"rendered":"<div class=\"mh-excerpt\"><p>Stadtnotizen Stadt Speyer verl\u00e4ngert \u00d6ffnungszeiten f\u00fcr Au\u00dfengastronomie Speyerer Gastronomiebetriebe k\u00f6nnen ihre Au\u00dfenbereiche ab Freitag, 15. M\u00e4rz 2024, l\u00e4nger \u00f6ffnen: Ab dann ist eine Bewirtung der Freisitze in der Nacht zu einem Samstag, zu einem Sonntag <a class=\"mh-excerpt-more\" href=\"https:\/\/speyer24news.com\/?p=58475\" title=\"Stadtnotizen &amp; Verkehrsnotizen Speyer\">[&#8230;]<\/a><\/p>\n<\/div>","protected":false},"author":3,"featured_media":46477,"comment_status":"open","ping_status":"open","sticky":false,"template":"","format":"standard","meta":{"_monsterinsights_skip_tracking":false,"_monsterinsights_sitenote_active":false,"_monsterinsights_sitenote_note":"","_monsterinsights_sitenote_category":0,"footnotes":""},"categories":[47],"tags":[5966,17810,17811,17803,17804,17813,8712,17812,15307,16764,13163,14555,13640,15429,17170,5555,17688,17356,17357,4810,17809,17805,17806,16143,6,4800,7262,13124,657,14546,1296,658,1114,3274,15292],"aioseo_notices":[],"amp_enabled":true,"_links":{"self":[{"href":"https:\/\/speyer24news.com\/index.php?rest_route=\/wp\/v2\/posts\/58475"}],"collection":[{"href":"https:\/\/speyer24news.com\/index.php?rest_route=\/wp\/v2\/posts"}],"about":[{"href":"https:\/\/speyer24news.com\/index.php?rest_route=\/wp\/v2\/types\/post"}],"author":[{"embeddable":true,"href":"https:\/\/speyer24news.com\/index.php?rest_route=\/wp\/v2\/users\/3"}],"replies":[{"embeddable":true,"href":"https:\/\/speyer24news.com\/index.php?rest_route=%2Fwp%2Fv2%2Fcomments&post=58475"}],"version-history":[{"count":2,"href":"https:\/\/speyer24news.com\/index.php?rest_route=\/wp\/v2\/posts\/58475\/revisions"}],"predecessor-version":[{"id":58478,"href":"https:\/\/speyer24news.com\/index.php?rest_route=\/wp\/v2\/posts\/58475\/revisions\/58478"}],"wp:featuredmedia":[{"embeddable":true,"href":"https:\/\/speyer24news.com\/index.php?rest_route=\/wp\/v2\/media\/46477"}],"wp:attachment":[{"href":"https:\/\/speyer24news.com\/index.php?rest_route=%2Fwp%2Fv2%2Fmedia&parent=58475"}],"wp:term":[{"taxonomy":"category","embeddable":true,"href":"https:\/\/speyer24news.com\/index.php?rest_route=%2Fwp%2Fv2%2Fcategories&post=58475"},{"taxonomy":"post_tag","embeddable":true,"href":"https:\/\/speyer24news.com\/index.php?rest_route=%2Fwp%2Fv2%2Ftags&post=58475"}],"curies":[{"name":"wp","href":"https:\/\/api.w.org\/{rel}","templated":true}]}}