{"id":58496,"date":"2024-03-10T12:10:00","date_gmt":"2024-03-10T11:10:00","guid":{"rendered":"https:\/\/speyer24news.com\/?p=58496"},"modified":"2024-03-10T12:10:02","modified_gmt":"2024-03-10T11:10:02","slug":"wirtschaft-finanzen-rente-37","status":"publish","type":"post","link":"https:\/\/speyer24news.com\/?p=58496","title":{"rendered":"Wirtschaft \/ Finanzen \/ Rente"},"content":{"rendered":"<style type=\"text\/css\">\r\n\t.ads_top_disp{}\r\n\t.ads_top_corner_disp{ float:left; margin:0px 10px 10px 0px; }\r\n\t.ads_first_p_disp{}\r\n\t.ads_bottom_disp{}\r\n\t<\/style>\n<h1 class=\"wp-block-heading has-text-align-center\">Bundesagentur f\u00fcr Arbeit<\/h1>\n\n\n<div class=\"wp-block-image\">\n<figure class=\"aligncenter size-full\"><img decoding=\"async\" loading=\"lazy\" width=\"800\" height=\"533\" src=\"https:\/\/speyer24news.com\/wp-content\/uploads\/2021\/02\/Agentur-f\u00fcr-Arbeit.jpg\" alt=\"\" class=\"wp-image-33223\" srcset=\"https:\/\/speyer24news.com\/wp-content\/uploads\/2021\/02\/Agentur-f\u00fcr-Arbeit.jpg 800w, https:\/\/speyer24news.com\/wp-content\/uploads\/2021\/02\/Agentur-f\u00fcr-Arbeit-300x200.jpg 300w, https:\/\/speyer24news.com\/wp-content\/uploads\/2021\/02\/Agentur-f\u00fcr-Arbeit-768x512.jpg 768w\" sizes=\"(max-width: 800px) 100vw, 800px\" \/><\/figure><\/div>\n\n\n<h2 class=\"wp-block-heading\">Frauen auf dem Arbeitsmarkt: mehr Teilzeit, mehr Ausl\u00e4nderinnen, aber nicht mehr F\u00fchrungsverantwortung<\/h2>\n\n\n\n<p><strong>N\u00fcrnberg \/ Deutschland &#8211; <\/strong>Die sozialversicherungspflichtige Besch\u00e4ftigung in Deutschland ist im vergangenen Jahr (Stichtag 30. Juni 2023) um 264.000 auf das Rekordhoch von 34,7 Millionen gestiegen. Zu diesem Anstieg trugen auch die Frauen bei: Deren sozialversicherungspflichtige Besch\u00e4ftigung ist 2023 um 118.000 auf insgesamt 16,1 Millionen gewachsen.<\/p>\n\n\n\n<p>Die Besch\u00e4ftigungsquote, also der Anteil der sozialversicherungspflichtig besch\u00e4ftigten Frauen im Alter von 15 bis zur Regelaltersgrenze, liegt mit 58,7 Prozent nach wie vor deutlich unter der Quote der M\u00e4nner (65,8 Prozent). Dabei gibt es erhebliche regionale Unterschiede: In Ostdeutschland bewegen sich die Besch\u00e4ftigungsquoten bei Frauen und M\u00e4nnern traditionell auf vergleichbar hohem Niveau. Zuletzt vergr\u00f6\u00dferte sich der Abstand jedoch auch hier leicht zuungunsten der Frauen. Ende Juni 2023 lag die Besch\u00e4ftigungsquote der Frauen in Ostdeutschland mit 61,8 Prozent etwas unter der von M\u00e4nnern mit 63,9 Prozent. In Westdeutschland hingegen f\u00e4llt die Besch\u00e4ftigungsquote der Frauen mit 58,0 Prozent weiterhin deutlich niedriger aus als die der M\u00e4nner (66,2 Prozent).<\/p>\n\n\n\n<h4 class=\"wp-block-heading\">Besch\u00e4ftigungsplus durch ausl\u00e4ndische Frauen und mehr Teilzeit<\/h4>\n\n\n\n<p>Die sozialversicherungspflichtige Besch\u00e4ftigung bei den Frauen legte vor allem durch kr\u00e4ftige Zuw\u00e4chse bei der Teilzeitbesch\u00e4ftigung zu (+102.000). Fast die H\u00e4lfte aller Frauen (49,8 Prozent) arbeitet in Teilzeit. Bei den M\u00e4nnern sind es nur knapp 13 Prozent.<\/p>\n\n\n\n<p>Das Besch\u00e4ftigungsplus bei den Frauen beruht \u2013 wie bei den M\u00e4nnern \u2013 ausschlie\u00dflich auf ausl\u00e4ndischen Staatsangeh\u00f6rigen. Die Besch\u00e4ftigung von deutschen Frauen nahm im vergangenen Jahr um 32.000 leicht ab. Hingegen stieg die sozialversicherungspflichtige Besch\u00e4ftigung von ausl\u00e4ndischen Frauen um 150.000 an. Der Anteil von Frauen mit ausl\u00e4ndischem Pass an allen weiblichen sozialversicherungspflichtigen Besch\u00e4ftigten hat sich in den letzten zehn Jahren mehr als verdoppelt und betr\u00e4gt derzeit 13 Prozent.<\/p>\n\n\n\n<h4 class=\"wp-block-heading\">Frauen in F\u00fchrungspositionen immer noch unterrepr\u00e4sentiert<\/h4>\n\n\n\n<p>Das durchschnittliche Bruttoarbeitsentgelt von sozialversicherungspflichtig vollzeitbesch\u00e4ftigten Frauen liegt mit 3.413 Euro im Monat nach wie vor unter dem der M\u00e4nner mit 3.779 Euro. Der Abstand zwischen den Bruttoentgelten, also der unbereinigte Gender Pay Gap, hat sich im vergangenen Jahr um knapp acht Euro weiter leicht verringert. Auf den F\u00fchrungsetagen der Unternehmen bleiben Frauen nach wie vor deutlich unterrepr\u00e4sentiert. Der Anteil von Frauen auf der ersten F\u00fchrungsebene ist mit 28 Prozent unver\u00e4ndert niedrig; ihr Anteil auf der zweiten F\u00fchrungsebene hat sich seit 2016 nicht mehr erh\u00f6ht.<\/p>\n\n\n\n<p><em>Bundesagentur f\u00fcr Arbeit<br>07.03.2024<\/em><\/p>\n\n\n\n<h2 class=\"wp-block-heading\">Zukunft will gelernt sein<\/h2>\n\n\n\n<p><strong>Deutschland &#8211; <\/strong>Am Montag startet in Deutschland die \u201eWoche der Ausbildung\u201c. In unterschiedlichen Aktionen werben Arbeitsagenturen, Jobcenter und Jugendberufsagenturen gemeinsam mit ihren Partnerinnen und Partnern f\u00fcr betriebliche Ausbildung und informieren dar\u00fcber, welche Chancen sich daraus f\u00fcr junge Menschen und Unternehmen ergeben.<\/p>\n\n\n\n<p>Die diesj\u00e4hrige Aktionswoche vom 11. bis 15. M\u00e4rz 2024 steht unter dem Motto \u201eZukunft will gelernt sein\u201c. Dabei sind die Chancen auf einen Ausbildungsplatz g\u00fcnstig. Die Zahl der Ausbildungsstellen, die die Unternehmen den Agenturen f\u00fcr Arbeit von Oktober 2023 bis Februar 2024 meldeten, hat im Vergleich zum Vorjahr abgenommen. Insgesamt meldeten die Betriebe 414.000 Ausbildungsstellen, 11.000 weniger als vor einem Jahr. Gleichzeitig stieg die Zahl der Bewerberinnen und Bewerber um 4.000 auf 286.000. Wie in den Vorjahren sind weiterhin deutlich mehr Stellen als Bewerberinnen und Bewerber gemeldet. F\u00fcr Unternehmen bleibt es herausfordernd, Ausbildungsstellen zu besetzen.<\/p>\n\n\n\n<p>Bundesweit \u00f6ffnen viele Unternehmen ihre T\u00fcren f\u00fcr Sch\u00fcler*innen und ausbildungsinteressierte junge Menschen zur Woche der Ausbildung und informieren \u00fcber ihre Ausbildungsangebote. Junge Menschen und ihre Eltern k\u00f6nnen sich vor Ort im Rahmen umfangreicher Veranstaltungen von den Vorteilen einer Ausbildung \u00fcberzeugen. Die Themen der bundesweit rund 300 Einzelveranstaltungen sind breit gef\u00e4chert. Von berufsorientierenden Impulsen wie \u201eBerufe f\u00fcr eine Gr\u00fcne Zukunft\u201c oder einer Roadshow der Berufsberatung der Arbeitsagentur zu den Schulh\u00f6fen der Berufskollegs Dortmund gibt es auch ganz praktische Tipps wie etwa \u201eBewerbungsmappencheck\u201c, \u201eFinde dein Wunschpraktikum\u201c oder \u201eWerd\u2018 ein Pro! So findest du deinen Ausbildungsplatz\u201c.<\/p>\n\n\n\n<p>Die Arbeitsagenturen, Jobcenter, Jugendberufsagenturen und ihre Partnerinnen und Partner am Ausbildungsmarkt machen in der Aktionswoche auf die vielen Ausbildungsangebote in den 324 Ausbildungsberufen aufmerksam: Berufsberaterinnen und Berufsberater informieren im pers\u00f6nlichen Gespr\u00e4ch, per Telefon, Videokommunikation oder in Veranstaltungen \u00fcber Berufe, Ausbildungsvoraussetzungen und beantworten Fragen rund um die Ausbildung, Bewerbungen oder Praktika.<\/p>\n\n\n\n<p>Der Arbeitgeber-Service in den Arbeitsagenturen informiert Ausbildungsverantwortliche in Unternehmen im Rahmen der Woche der Ausbildung dar\u00fcber, wie sie mit Hilfe betrieblicher Ausbildung ihren Fachkr\u00e4ftebedarf von morgen sichern k\u00f6nnen, wie sie sich f\u00fcr Jugendliche als attraktiver Ausbildungsbetrieb pr\u00e4sentieren k\u00f6nnen und welche Rekrutierungswege geeignet sind, um Auszubildende zu gewinnen. Dar\u00fcber hinaus werden F\u00f6rderm\u00f6glichkeiten vorgestellt, die dazu beitragen, Ausbildungsverh\u00e4ltnisse zu stabilisieren und Auszubildende erfolgreich zum Berufsabschluss zu f\u00fchren.<\/p>\n\n\n\n<p>Andrea Nahles, Vorstandsvorsitzende der Bundesagentur f\u00fcr Arbeit: \u201eEine Berufsausbildung ist f\u00fcr junge Menschen das beste Fundament f\u00fcr ein erfolgreiches Berufsleben. Und ihre Chancen auf einen Ausbildungsplatz sind gut. Trotzdem ist und bleibt die Ausbildungsvermittlung kein Selbstl\u00e4ufer. Vielen jungen Menschen ist gar nicht bewusst, dass die neueste Technik auch in vermeintlich angestaubten Berufen angekommen ist. Das gilt beispielsweise f\u00fcr Dachdecker, die mithilfe einer Drohne den Zustand eines Daches einsch\u00e4tzen. Es lohnt sich also ein Blick hinter die Kulissen. In der Woche der Ausbildung \u00f6ffnen Ausbildungsbetriebe den Jugendlichen ihre T\u00fcren, um ihnen diese spannenden M\u00f6glichkeiten aufzuzeigen. Mit der Woche der Ausbildung unterst\u00fctzen wir die jungen Menschen und die Ausbildungsbetriebe gleicherma\u00dfen.\u201c<\/p>\n\n\n\n<h4 class=\"wp-block-heading\">Weitere Informationen zur Woche der Ausbildung finden Sie hier:\u00a0<a href=\"https:\/\/deref-web.de\/mail\/client\/Dj63RxS5Gtg\/dereferrer\/?redirectUrl=https%3A%2F%2Fwww.arbeitsagentur.de%2Fk%2Fausbildungklarmachen\" target=\"_blank\" rel=\"noreferrer noopener\">https:\/\/www.arbeitsagentur.de\/k\/ausbildungklarmachen<\/a><\/h4>\n\n\n\n<p>Viele der Angebote zur Woche der Ausbildung finden sich auf den lokalen Internetseiten der Arbeitsagenturen und Jugendberufsagenturen.<\/p>\n\n\n\n<p><em>Bundesagentur f\u00fcr Arbeit<br>06.03.2024<\/em><\/p>\n\n\n\n<h1 class=\"wp-block-heading has-text-align-center\">Deutsche Rentenversicherung Rheinland-Pfalz<\/h1>\n\n\n<div class=\"wp-block-image\">\n<figure class=\"aligncenter size-full\"><img decoding=\"async\" loading=\"lazy\" width=\"800\" height=\"224\" src=\"https:\/\/speyer24news.com\/wp-content\/uploads\/2021\/03\/Deutsche_Rentenversicherung_Rheinland-Pfalz_logo.png\" alt=\"\" class=\"wp-image-33737\" srcset=\"https:\/\/speyer24news.com\/wp-content\/uploads\/2021\/03\/Deutsche_Rentenversicherung_Rheinland-Pfalz_logo.png 800w, https:\/\/speyer24news.com\/wp-content\/uploads\/2021\/03\/Deutsche_Rentenversicherung_Rheinland-Pfalz_logo-300x84.png 300w, https:\/\/speyer24news.com\/wp-content\/uploads\/2021\/03\/Deutsche_Rentenversicherung_Rheinland-Pfalz_logo-768x215.png 768w\" sizes=\"(max-width: 800px) 100vw, 800px\" \/><\/figure><\/div>\n\n\n<h2 class=\"wp-block-heading\">Neu bei Erwerbsminderungsrenten: Zur\u00fcck in den Beruf ohne Risiko<\/h2>\n\n\n\n<p><strong>Speyer &#8211; <\/strong>Bessere Chancen auf eine erfolgreiche R\u00fcckkehr in den Beruf gibt es jetzt f\u00fcr Erwerbsminderungsrentnerinnen und -rentner. Seit Anfang des Jahres k\u00f6nnen sie auf Probe arbeiten oder eine bereits ausge\u00fcbte T\u00e4tigkeit ausweiten ohne Nachteil f\u00fcr ihre Rente.<\/p>\n\n\n\n<h4 class=\"wp-block-heading\">Rente und Arbeit besser miteinander kombinieren<\/h4>\n\n\n\n<p>M\u00f6glich ist das Arbeiten auf Probe grunds\u00e4tzlich bis zu sechs Monaten, im Einzelfall aber auch l\u00e4nger oder k\u00fcrzer. Rente und Arbeit sind so besser miteinander zu kombinieren und der Weg zur\u00fcck ins Berufsleben wird leichter. Das ist wichtig, denn h\u00e4ufig sind Erwerbsminderungsrenten zeitlich befristet. Mit der Arbeit auf Probe k\u00f6nnen Betroffene fr\u00fchzeitig testen, wie fit sie sind und was im Beruf noch m\u00f6glich ist.<\/p>\n\n\n\n<p>Ist der Arbeitsversuch erfolgreich und wird die Erwerbst\u00e4tigkeit auf Dauer ausge\u00fcbt, pr\u00fcft die Rentenversicherung, ob die Rente weiterhin zu zahlen ist oder diese wegfallen kann.<\/p>\n\n\n\n<h4 class=\"wp-block-heading\">Keine R\u00fcckzahlung mehr<\/h4>\n\n\n\n<p>Positiv f\u00fcr die Betroffenen ist auch, dass die w\u00e4hrend des Arbeitsversuchs erhaltenen Rentenzahlungen nicht mehr zur\u00fcckzuzahlen sind. Das war bisher nicht so. Wer bisher eine Erwerbsminderungsrente bezogen hat, konnte nicht zur\u00fcck in den Job, ohne den Rentenanspruch aufs Spiel zu setzen. Folge war oft, dass bereits erhaltene Rentenzahlungen zur\u00fcckgezahlt werden mussten.<\/p>\n\n\n\n<h4 class=\"wp-block-heading\">Rentenversicherung vorab informieren<\/h4>\n\n\n\n<p>Erwerbsminderungsrentnerinnen und -rentner, die sich f\u00fcr diese neue M\u00f6glichkeit interessieren, sollten ihren Rentenversicherungstr\u00e4ger \u00fcber den zeitlichen Umfang, die Art der T\u00e4tigkeit und den voraussichtlichen Verdienst vorab informieren. Denn wie bisher wird das Arbeitseinkommen auf die Rente angerechnet und es sind Hinzuverdienstgrenzen zu beachten. Bei teilweiser Erwerbsminderung liegt diese zurzeit mindestens bei rund 37.117 Euro, bei Renten wegen voller Erwerbsminderung sind es rund 18.558 Euro j\u00e4hrlich.<\/p>\n\n\n\n<p><em>Deutsche Rentenversicherung Rheinland-Pfalz, Speyer<br>07.03.2024<\/em><\/p>\n\n\n\n<h1 class=\"wp-block-heading has-text-align-center\">Stadtwerke Speyer GmbH \/ Bademaxx Speyer<\/h1>\n\n\n<div class=\"wp-block-image\">\n<figure class=\"aligncenter size-full\"><img decoding=\"async\" loading=\"lazy\" width=\"600\" height=\"209\" src=\"https:\/\/speyer24news.com\/wp-content\/uploads\/2020\/10\/SWS-Logo-1024x356.jpg\" alt=\"\" class=\"wp-image-30557\" srcset=\"https:\/\/speyer24news.com\/wp-content\/uploads\/2020\/10\/SWS-Logo-1024x356.jpg 600w, https:\/\/speyer24news.com\/wp-content\/uploads\/2020\/10\/SWS-Logo-1024x356-300x105.jpg 300w\" sizes=\"(max-width: 600px) 100vw, 600px\" \/><\/figure><\/div>\n\n<div class=\"wp-block-image\">\n<figure class=\"aligncenter size-full\"><img decoding=\"async\" loading=\"lazy\" width=\"640\" height=\"421\" src=\"https:\/\/speyer24news.com\/wp-content\/uploads\/2020\/10\/SWS-Kundenzentrum.jpg\" alt=\"\" class=\"wp-image-31027\" srcset=\"https:\/\/speyer24news.com\/wp-content\/uploads\/2020\/10\/SWS-Kundenzentrum.jpg 640w, https:\/\/speyer24news.com\/wp-content\/uploads\/2020\/10\/SWS-Kundenzentrum-300x197.jpg 300w\" sizes=\"(max-width: 640px) 100vw, 640px\" \/><\/figure><\/div>\n\n\n<h2 class=\"wp-block-heading\">bademaxx geschlossen<\/h2>\n\n\n<div class=\"wp-block-image\">\n<figure class=\"aligncenter size-full\"><img decoding=\"async\" loading=\"lazy\" width=\"640\" height=\"427\" src=\"https:\/\/speyer24news.com\/wp-content\/uploads\/2020\/10\/Bademaxx.jpg\" alt=\"\" class=\"wp-image-30615\" srcset=\"https:\/\/speyer24news.com\/wp-content\/uploads\/2020\/10\/Bademaxx.jpg 640w, https:\/\/speyer24news.com\/wp-content\/uploads\/2020\/10\/Bademaxx-300x200.jpg 300w\" sizes=\"(max-width: 640px) 100vw, 640px\" \/><\/figure><\/div>\n\n\n<p><strong>Speyer \/ Bademaxx &#8211;<\/strong> Am <strong>Sonntag, 17. M\u00e4rz 2024<\/strong>, bleibt das Sport- und Erlebnisbad bademaxx in der Speyerer Geibstra\u00dfe f\u00fcr die \u00d6ffentlichkeit geschlossen. Der Wassersportverein Speyer veranstaltet an diesem Tag sein internationales Schwimmfest \u201eStart in den Fr\u00fchling\u201c.<\/p>\n\n\n\n<p><em>Stadtwerke Speyer GmbH<br>08.03.2024<\/em><\/p>\n\n\n\n<h2 class=\"wp-block-heading\">Anpassung der Preise im bademaxx \/ Vorteile f\u00fcr SWS-Energiekunden<\/h2>\n\n\n\n<p><strong>Der Aufsichtsrat der Stadtwerke Speyer (SWS) hat am 7. M\u00e4rz eine Anpassung der Eintrittspreise f\u00fcr Hallenbad, Freibad und Sauna des Sport- und Erlebnisbades bademaxx beschlossen. Ab 1. Mai 2024 sollen diese umgesetzt werden.<\/strong><\/p>\n\n\n<div class=\"wp-block-image\">\n<figure class=\"aligncenter size-full\"><img decoding=\"async\" loading=\"lazy\" width=\"800\" height=\"532\" src=\"https:\/\/speyer24news.com\/wp-content\/uploads\/2024\/03\/Bademaxx.jpg\" alt=\"\" class=\"wp-image-58500\" srcset=\"https:\/\/speyer24news.com\/wp-content\/uploads\/2024\/03\/Bademaxx.jpg 800w, https:\/\/speyer24news.com\/wp-content\/uploads\/2024\/03\/Bademaxx-300x200.jpg 300w, https:\/\/speyer24news.com\/wp-content\/uploads\/2024\/03\/Bademaxx-768x511.jpg 768w\" sizes=\"(max-width: 800px) 100vw, 800px\" \/><\/figure><\/div>\n\n\n<p><strong>Speyer \/ Bademaxx &#8211;<\/strong> \u201eDas bademaxx ist als Freizeitfaktor unverzichtbar f\u00fcr Speyer. Damit diese einzigartige Attraktion auch in Zukunft erhalten bleiben kann, ist leider eine Anpassung der Preise im Sport- und Erlebnisbad notwendig. So sind infolge der Energiekrise die Sach- und Personalkosten deutlich gestiegen, weshalb ein entsprechender Ausgleich unumg\u00e4nglich ist. Die Kundinnen und Kunden der Stadtwerke sollen aber durch verschiedene Ma\u00dfnahmen entlastet werden\u201c, k\u00fcndigt Oberb\u00fcrgermeisterin Stefanie Seiler an.<\/p>\n\n\n\n<p>\u201eDie Preisstruktur bleibt in ihrer Art erhalten, nicht in allen Kategorien werden die Konditionen erh\u00f6ht\u201c, erg\u00e4nzt SWS-Gesch\u00e4ftsf\u00fchrer Wolfgang B\u00fchring, der auch f\u00fcr die Betriebsf\u00fchrung des bademaxx in der Geibstra\u00dfe verantwortlich ist.<\/p>\n\n\n\n<p>\u201eSeit der letzten Preisanpassung vor etwa f\u00fcnfeinhalb Jahren \u2013 zum 1. Januar 2019 \u2013 sind neben Energie und Personalkosten auch die Betriebskosten drastisch gestiegen\u201c, betont der Stadtwerke-Chef und f\u00fchrt weiter aus: \u201eAllein f\u00fcr die Energiebeschaffung mussten wir eine Kostenexplosion im dreistelligen Prozentbereich verkraften, die Personalkosten sind um fast 20 Prozent gestiegen.\u201c Durch die Coronazeit und Energiekrise wurden die Preise stabil gehalten, um die Bade- und Saunag\u00e4ste nicht weiter zu belasten. \u201eJetzt aber m\u00fcssen wir reagieren, damit das Defizit nicht \u00fcber zwei Millionen Euro rutscht. Schlie\u00dflich sind wir gefordert, auch den wirtschaftlichen Anforderungen des B\u00e4derbetriebs gerecht zu werden\u201c, macht B\u00fchring deutlich. Daher seien die Anpassungen jetzt unumg\u00e4nglich.<\/p>\n\n\n\n<p><strong>Zu den Details: <\/strong>Kinder bis f\u00fcnf Jahre sind nach wie vor frei. Die Preise f\u00fcr die Tageskarten im Hallenbad und Freibad bleiben stabil. Konditionen f\u00fcr die Freibad-Saisonkarte und Kurztarife im Freibad werden zwischen 8 und 17 Prozent angepasst. Konkret zahlen Erwachsene k\u00fcnftig f\u00fcr eine 2-Stunden-Karte im Hallenbad 4,90 Euro statt bisher 4,20 Euro, Erm\u00e4\u00dfigte 3,80 Euro statt 3,30 Euro. Aufzahlungsgeb\u00fchren je halbe Stunde bis zur Tageskarte bleiben stabil. F\u00fcr Erwachsene kostet die Freibad-Saisonkarte dann 110 Euro, f\u00fcr Erm\u00e4\u00dfigte 50 Euro. Erm\u00e4\u00dfigte Tarife gelten weiterhin f\u00fcr Sch\u00fcler*innen, Studierende und Schwerbehinderte mit bestimmten Merkzeichen.<\/p>\n\n\n\n<p>Der Eintritt in die bademaxx-Sauna kostet k\u00fcnftig drei Euro mehr. F\u00fcr die Drei-Stunden-Karte sind dann 17 Euro, f\u00fcr die Tageskarte 20 Euro zu zahlen. Hier liegen die Preisanpassungen zwischen 18 und 21 Prozent. Die Nutzung von Hallen- und Freibad bleibt im Preis enthalten.<\/p>\n\n\n\n<p>Nach wie vor ist der Erwerb von Wertkarten m\u00f6glich, durch die der Eintritt \u2013 je nach H\u00f6he des erworbenen Guthabens \u2013 um bis zu 20 Prozent rabattiert werden kann. \u201eBade- und Saunag\u00e4ste, die regelm\u00e4\u00dfig zu uns kommen, sollen Vorteile haben\u201c, \u00e4u\u00dfert sich B\u00fchring zum Hintergrund der Wertkarten. G\u00e4ste, die zus\u00e4tzlich Energiekunden der SWS sind, k\u00f6nnen ab 1. Mai von weiteren Verg\u00fcnstigungen profitieren.<\/p>\n\n\n\n<p>Diese machen einen zus\u00e4tzlichen Rabatt von 10 Prozent auf die Wertkarten, die regul\u00e4r mit Guthaben von 100, 200 und 300 Euro angeboten werden, aus. Saisonkarten f\u00fcr das Freibad werden f\u00fcr SWS-Energiekunden ebenfalls mit einem Treue-Rabatt von 10 Prozent verkauft. Beim Kauf der Einmalkarten muss die SWS-Kundschaft die letzte Energieabrechnung vorzeigen, die nicht \u00e4lter als ein Jahr sein darf. \u201eAls kommunales Versorgungsunternehmen tragen wir eine gesellschaftspolitische Verantwortung und engagieren uns f\u00fcr Sport, Wellness und Gesundheit\u201c, sagt B\u00fchring und fasst zusammen: \u201eEnergiekunden, die uns die Treue halten, und darin unterst\u00fctzen, dass wir hier vor Ort aktiv bleiben k\u00f6nnen, wollen wir mit zus\u00e4tzlichen Boni belohnen.\u201c<\/p>\n\n\n\n<p>Mit dem Abklingen der Corona- und Energiekrise haben sich die Besucherzahlen 2023 wieder normalisiert. Im Vorjahr besuchten insgesamt 330.000 Personen das bademaxx. 290.000 das Bad und 40.000 die Sauna.<\/p>\n\n\n\n<p><em>Stadtwerke Speyer GmbH<br>07.03.2024<\/em><\/p>\n\n\n\n<h2 class=\"wp-block-heading\">Rheinh\u00e4user F\u00e4hre: Weiterbetrieb beschlossen \/ Saisoner\u00f6ffnung am 22. M\u00e4rz geplant<\/h2>\n\n\n\n<p><strong>Die F\u00e4hrverbindung von Speyer nach Rheinhausen soll von 2024 bis 2026 fortgef\u00fchrt werden. So der Beschluss des Aufsichtsrats der Stadtwerke Speyer (SWS) am 7. M\u00e4rz 2024.<\/strong><\/p>\n\n\n<div class=\"wp-block-image\">\n<figure class=\"aligncenter size-full\"><img decoding=\"async\" loading=\"lazy\" width=\"800\" height=\"533\" src=\"https:\/\/speyer24news.com\/wp-content\/uploads\/2024\/03\/kl230820Faehre21.jpg\" alt=\"\" class=\"wp-image-58501\" srcset=\"https:\/\/speyer24news.com\/wp-content\/uploads\/2024\/03\/kl230820Faehre21.jpg 800w, https:\/\/speyer24news.com\/wp-content\/uploads\/2024\/03\/kl230820Faehre21-300x200.jpg 300w, https:\/\/speyer24news.com\/wp-content\/uploads\/2024\/03\/kl230820Faehre21-768x512.jpg 768w\" sizes=\"(max-width: 800px) 100vw, 800px\" \/><\/figure><\/div>\n\n\n<p><strong>Speyer \/ Rheinhausen &#8211;<\/strong> \u201eDie 1995 \u201ewiederbelebte\u201c historische F\u00e4hrverbindung zwischen Speyer und Rheinhausen wurde im letzten Jahr durch das Schifffahrtsunternehmen Sztander \u00fcbernommen\u201c, informiert SWS-Gesch\u00e4ftsf\u00fchrer Wolfgang B\u00fchring. Jetzt stand die Vertragsverl\u00e4ngerung an. Zur Durchf\u00fchrung des F\u00e4hrdienstes zahlen die Verkehrsbetriebe Speyer (VBS), eine 100-prozentige Tochtergesellschaft der SWS, einen maximalen Anteil von j\u00e4hrlich 17.500 Euro an dem j\u00e4hrlichen Entgelt f\u00fcr das Schifffahrtsunternehmen.<\/p>\n\n\n\n<p>Der Beschluss steht unter dem Vorbehalt, dass auch die Gemeinde Oberhausen-Rheinhausen dem Weiterbetrieb der F\u00e4hrverbindung f\u00fcr die Jahre 2024 bis 2026 zustimmen und ebenfalls einen F\u00f6rderbeitrag in H\u00f6he von j\u00e4hrlich bis zu 17.500 Euro leisten wird.<\/p>\n\n\n\n<p>Der F\u00e4hrbetrieb kann nicht kostendeckend durchgef\u00fchrt werden. Um das Angebot weiterhin aufrechtzuerhalten, zahlen die Partner je zur H\u00e4lfte ein Entgelt von maximal 35.000 Euro, das Schiffsf\u00fchrer Sebastian Sztander f\u00fcr den Betrieb ben\u00f6tigt.<\/p>\n\n\n\n<p>Die F\u00e4hrsaison beginnt in diesem Jahr voraussichtlich am 22. M\u00e4rz. Erwachsene zahlen 2 Euro f\u00fcr eine einfache Fahrt und 3,50 Euro f\u00fcr Hin- und R\u00fcckfahrt. Mit Fahrrad kostet die \u00dcberfahrt einfach 2,80 Euro bzw. 5,00 Euro mit R\u00fcckfahrt. Kinder unter sechs Jahre sind frei. Bis zum Alter von 14 Jahren ist die Bef\u00f6rderung erm\u00e4\u00dfigt m\u00f6glich.<\/p>\n\n\n\n<p><em>Stadtwerke Speyer GmbH<br>07.03.2024<\/em><\/p>\n\n\n\n<h2 class=\"wp-block-heading\">SWS-Umweltpreis: 8.100 Euro f\u00fcr drei Projekte \/ Engagement f\u00fcr Klimaschutz in Speyer<\/h2>\n\n\n<div class=\"wp-block-image\">\n<figure class=\"aligncenter size-full\"><img decoding=\"async\" loading=\"lazy\" width=\"800\" height=\"534\" src=\"https:\/\/speyer24news.com\/wp-content\/uploads\/2024\/03\/AdobeStock_547432433_k.jpg\" alt=\"\" class=\"wp-image-58502\" srcset=\"https:\/\/speyer24news.com\/wp-content\/uploads\/2024\/03\/AdobeStock_547432433_k.jpg 800w, https:\/\/speyer24news.com\/wp-content\/uploads\/2024\/03\/AdobeStock_547432433_k-300x200.jpg 300w, https:\/\/speyer24news.com\/wp-content\/uploads\/2024\/03\/AdobeStock_547432433_k-768x513.jpg 768w\" sizes=\"(max-width: 800px) 100vw, 800px\" \/><figcaption class=\"wp-element-caption\">Die Bieneninitiative Speyer will Praxisworkshops organisieren. Dabei sollen auch Trockenmauern f\u00fcr Eidechsen angelegt werden.<br><em>Foto: Adobe Stock ll911<\/em><\/figcaption><\/figure><\/div>\n\n\n<p><strong>Speyer &#8211;<\/strong> Drei Projekte werden von der Stiftung der Stadtwerke Speyer (SWS) f\u00fcr erneuerbare Energien und Umwelt in diesem Jahr gef\u00f6rdert. 8.100 Euro aus dem ausgelobten Umweltpreis verteilen sich nach der Entscheidung des Stiftungsrates auf drei Einrichtungen aus der Domstadt: den Verein der Freunde und F\u00f6rderer der Rucksackschule, das Miteinander e. V. Aussiedler Netzwerk und die Bieneninitiative.<\/p>\n\n\n\n<p>Aus insgesamt f\u00fcnf Antr\u00e4gen wurden die Preistr\u00e4ger*innen ausgew\u00e4hlt. \u201eIch freue mich sehr, dass wir in Speyer so engagierte Umwelt-Einrichtungen haben, die regelm\u00e4\u00dfig tolle Projekte auf die Beine stellen. Mit den vielf\u00e4ltigen Bildungsma\u00dfnahmen, Projekten und Exkursionen k\u00f6nnen noch mehr Menschen dazu motiviert werden, den eigenen Lebensraum zu sch\u00fctzen und zu erhalten, und auch Tieren und Pflanzen ein wertvolles Zuhause zu geben. Den unerm\u00fcdlichen Einsatz der vielen Ehrenamtlichen gilt es unbedingt zu f\u00f6rdern\u201c, bekr\u00e4ftigt Oberb\u00fcrgermeisterin Stefanie Seiler. SWS-Gesch\u00e4ftsf\u00fchrer Wolfgang B\u00fchring macht dazu deutlich: \u201eDer Umweltpreis soll ein Anreiz sein, sich weiterhin und intensiver mit dem Klimawandel auseinanderzusetzen, neue Ideen zu entwickeln und diese praktisch umzusetzen.&#8220;<\/p>\n\n\n\n<p>2.900 Euro erh\u00e4lt der <strong>Verein der Freunde und F\u00f6rderer der Rucksackschule<\/strong>. Mit dem <strong>Projekt \u201eInsektenwelt: Eine Vielfalt am Verschwinden?\u201c<\/strong> sollen schwerpunktm\u00e4\u00dfig Sch\u00fclerinnen und Sch\u00fcler f\u00fcr die Bedeutung der Insekten als Lebensgrundlage auf der Erde sensibilisiert werden. \u00dcber zwei Jahre sind Fachexkursionen und Vortr\u00e4ge mit Naturp\u00e4dagogen geplant.<\/p>\n\n\n\n<p>2.300 Euro kann das <strong>Miteinander e. V. Aussiedler Netzwerk<\/strong> dank der Stiftung in das <strong>Projekt &#8222;\u00d6kokids &#8211; Kinder entdecken Zusammenh\u00e4nge in der Natur&#8220;<\/strong> stecken. Workshops zu den Themen Luftverschmutzung, Wasserqualit\u00e4t, Bodenbeschaffenheit, Biotope und Pflanzenvielfalt soll es geben. Neben Honoraren f\u00fcr Fachkr\u00e4fte fallen Kosten f\u00fcr Experimentiersets an.<\/p>\n\n\n\n<p>Um das Thema <strong>\u201eMehr Natur in Speyerer G\u00e4rten\u201c<\/strong> geht es der <strong>Bieneninitiative Speyer<\/strong> in Kooperation mit der <strong>Volkshochschule<\/strong>. Der Fokus liegt auf Praxisworkshops. Interessierte sollen dabei unter fachlicher Anleitung einer Biologin und Naturgartengestalterin Lebensraumelemente wie Magerbeet, Trockenmauer, Eidechsenburg, Kr\u00e4uterrasen selbst anlegen. 2.900 Euro werden der Bieneninitiative daf\u00fcr zuteil.<\/p>\n\n\n\n<p>Urspr\u00fcnglich waren 10.000 Euro f\u00fcr den Umweltpreis ausgelobt worden Die restlichen F\u00f6rdergelder von 1.900 Euro werden auf das n\u00e4chste Jahr \u00fcbertragen. Die beiden weiteren Projektbewerbungen konnten die Auswahlkriterien nicht erf\u00fcllen. Weitere Anfragen gingen nicht ein.<\/p>\n\n\n\n<p>Bewerbungen f\u00fcr den Umweltpreis 2025 k\u00f6nnen schon jetzt inklusive einer kurzen Beschreibung der Organisation und des Projekts (Situation, Idee, zeitlicher Ablauf und Kosten) abgegeben werden: Stadtwerke Speyer GmbH, Georg-Peter-S\u00fc\u00df-Stra\u00dfe 2. 67346 Speyer oder per E-Mail an <a href=\"mailto:annika.nau@stadtwerke-speyer.de\">annika.nau@stadtwerke-speyer.de<\/a>, Stichwort: Umwelt-Stiftung. Die Projekte m\u00fcssen in den Jahren 2025\/26 umgesetzt werden.<\/p>\n\n\n\n<p><em>Text: Stadtwerke Speyer GmbH Foto: Adobe Stock ll911<br>07.03.2024<\/em><\/p>\n\n\n\n<h2 class=\"wp-block-heading\">Speyer Crowd startet Oster-Aktion<\/h2>\n\n\n\n<h3 class=\"wp-block-heading\">Jetzt Gelder f\u00fcr Projekte sammeln!<\/h3>\n\n\n<div class=\"wp-block-image\">\n<figure class=\"aligncenter size-full\"><img decoding=\"async\" loading=\"lazy\" width=\"800\" height=\"640\" src=\"https:\/\/speyer24news.com\/wp-content\/uploads\/2024\/03\/RZ_sws_2069_001_Crowd_Osteraktion_PR_100x80.jpg\" alt=\"\" class=\"wp-image-58508\" srcset=\"https:\/\/speyer24news.com\/wp-content\/uploads\/2024\/03\/RZ_sws_2069_001_Crowd_Osteraktion_PR_100x80.jpg 800w, https:\/\/speyer24news.com\/wp-content\/uploads\/2024\/03\/RZ_sws_2069_001_Crowd_Osteraktion_PR_100x80-300x240.jpg 300w, https:\/\/speyer24news.com\/wp-content\/uploads\/2024\/03\/RZ_sws_2069_001_Crowd_Osteraktion_PR_100x80-768x614.jpg 768w\" sizes=\"(max-width: 800px) 100vw, 800px\" \/><\/figure><\/div>\n\n\n<p><strong>Speyer &amp; Region &#8211; <\/strong>Die Stadtwerke Speyer (SWS) starten mit ihrer F\u00f6rder-Plattform, der Speyer Crowd, eine bunte Oster-Aktion f\u00fcr gute Taten. Damit sollen ab sofort einfach und transparent mittels Crowdfunding Gelder f\u00fcr gemeinn\u00fctzige Projekte gesammelt werden. Mitmachen k\u00f6nnen Engagierte im sportlichen, kulturellen, sozialen oder \u00f6kologischen Bereich oder einem \u00e4hnlich bedeutsamen gesellschaftspolitischen Segment. Hauptsache, die Projekte bereichern das Leben in der Domstadt und im Netzgebiet der SWS.<\/p>\n\n\n\n<p><strong>Bewerbungsschluss f\u00fcr die Aktion ist der\u00a028. M\u00e4rz 2024. Ab\u00a08. April\u00a0sollen alle Oster-Projekte online gehen. Dann werden bis\u00a06. Mai\u00a0Gelder\u00a0von Unterst\u00fctzenden gesammelt.<\/strong><\/p>\n\n\n\n<p>Die SWS stellen daf\u00fcr einen zus\u00e4tzlichen F\u00f6rdertopf in H\u00f6he von 3.000 Euro bereit. Jede Spende von mindestens 10 Euro wird von den Stadtwerken mit 15 Euro aus dem F\u00f6rdertopf erg\u00e4nzt. Schon mit kleinen Spendensummen tragen Spender*innen dazu bei, die bunten Projekte f\u00fcr gute Taten in Speyer und dem SWS-Netzgebiet (R\u00f6merberg, Dudenhofen, Harthausen und Otterstadt) zu f\u00f6rdern.&nbsp;Immer mittwochs finden kostenlose Online-Seminare statt. Dort erhalten Interessierte Tipps wie Crowdfunding-Projekte erfolgreich umgesetzt werden k\u00f6nnen.<\/p>\n\n\n\n<p>Jetzt ist das Engagement&nbsp;der Projektstartenden&nbsp;gefragt! Die ersten drei&nbsp;Projekte mit einer Mindestzielsumme von 1.000 Euro&nbsp;erhalten einen Start-Zuschuss von 300 Euro. F\u00fcr ihren Einsatz bekommen die Unterst\u00fctzer*innen in der Regel kleine Pr\u00e4mien wie z. B. freien Eintritt, Gutscheine, K\u00fcnstler-Autogramme, die besten Kuchen-Rezepte, pers\u00f6nliche Videokonzerte \u2013 es gibt viele M\u00f6glichkeiten, der Kreativit\u00e4t sind keine Grenzen gesetzt.<\/p>\n\n\n\n<h4 class=\"wp-block-heading\">Weitere Infos und Fragen unter&nbsp;<a href=\"https:\/\/deref-web.de\/mail\/client\/XZro17jAY34\/dereferrer\/?redirectUrl=http%3A%2F%2Fwww.speyer-crowd.de%2Fostern2024\" target=\"_blank\" rel=\"noreferrer noopener\">www.speyer-crowd.de\/ostern2024<\/a>, E-Mail:&nbsp;<a href=\"mailto:engagement@stadtwerke-speyer.de\" target=\"_blank\" rel=\"noreferrer noopener\">engagement@stadtwerke-speyer.de<\/a><\/h4>\n\n\n\n<p>Mit der Speyer Crowd ist es den SWS bis jetzt gelungen, dass 31 Projekte erfolgreich umgesetzt werden konnten. 1.948 Unterst\u00fctzende haben eine Spendensumme von \u00fcber 130.000 Euro f\u00fcr Speyer und die Region generiert.<\/p>\n\n\n\n<p><em>Stadtwerke Speyer GmbH<br>04.03.2024<\/em><\/p>\n\n\n\n<h1 class=\"wp-block-heading has-text-align-center\">Sparkasse Vorderpfalz<\/h1>\n\n\n<div class=\"wp-block-image\">\n<figure class=\"aligncenter size-full\"><img decoding=\"async\" loading=\"lazy\" width=\"800\" height=\"229\" src=\"https:\/\/speyer24news.com\/wp-content\/uploads\/2021\/07\/Sparkasse-Vorderpfalz-Logo.png\" alt=\"\" class=\"wp-image-38515\" srcset=\"https:\/\/speyer24news.com\/wp-content\/uploads\/2021\/07\/Sparkasse-Vorderpfalz-Logo.png 800w, https:\/\/speyer24news.com\/wp-content\/uploads\/2021\/07\/Sparkasse-Vorderpfalz-Logo-300x86.png 300w, https:\/\/speyer24news.com\/wp-content\/uploads\/2021\/07\/Sparkasse-Vorderpfalz-Logo-768x220.png 768w\" sizes=\"(max-width: 800px) 100vw, 800px\" \/><\/figure><\/div>\n\n<div class=\"wp-block-image\">\n<figure class=\"aligncenter size-large\"><img decoding=\"async\" loading=\"lazy\" width=\"1024\" height=\"768\" src=\"https:\/\/speyer24news.com\/wp-content\/uploads\/2019\/10\/Sparkasse-Vorderpfalz-1-1024x768-1-1024x768.jpg\" alt=\"\" class=\"wp-image-20972\" srcset=\"https:\/\/speyer24news.com\/wp-content\/uploads\/2019\/10\/Sparkasse-Vorderpfalz-1-1024x768-1.jpg 1024w, https:\/\/speyer24news.com\/wp-content\/uploads\/2019\/10\/Sparkasse-Vorderpfalz-1-1024x768-1-300x225.jpg 300w, https:\/\/speyer24news.com\/wp-content\/uploads\/2019\/10\/Sparkasse-Vorderpfalz-1-1024x768-1-768x576.jpg 768w, https:\/\/speyer24news.com\/wp-content\/uploads\/2019\/10\/Sparkasse-Vorderpfalz-1-1024x768-1-678x509.jpg 678w, https:\/\/speyer24news.com\/wp-content\/uploads\/2019\/10\/Sparkasse-Vorderpfalz-1-1024x768-1-326x245.jpg 326w, https:\/\/speyer24news.com\/wp-content\/uploads\/2019\/10\/Sparkasse-Vorderpfalz-1-1024x768-1-80x60.jpg 80w\" sizes=\"(max-width: 1024px) 100vw, 1024px\" \/><\/figure><\/div>\n\n\n<h2 class=\"wp-block-heading\">Mitarbeiterstiftung der Sparkasse Vorderpfalz f\u00f6rdert soziale Projekte mit 1.810 Euro<\/h2>\n\n\n<div class=\"wp-block-image\">\n<figure class=\"aligncenter size-full\"><img decoding=\"async\" loading=\"lazy\" width=\"800\" height=\"648\" src=\"https:\/\/speyer24news.com\/wp-content\/uploads\/2024\/03\/Laubscher_Marcus_2023.jpg\" alt=\"\" class=\"wp-image-58504\" srcset=\"https:\/\/speyer24news.com\/wp-content\/uploads\/2024\/03\/Laubscher_Marcus_2023.jpg 800w, https:\/\/speyer24news.com\/wp-content\/uploads\/2024\/03\/Laubscher_Marcus_2023-300x243.jpg 300w, https:\/\/speyer24news.com\/wp-content\/uploads\/2024\/03\/Laubscher_Marcus_2023-768x622.jpg 768w\" sizes=\"(max-width: 800px) 100vw, 800px\" \/><figcaption class=\"wp-element-caption\">Marcus Laubscher vom Stiftungsbeirat betont: \u201eDie Mitarbeiterstiftung bietet uns eine einzigartige M\u00f6glichkeit, direkt an gemeinn\u00fctzigen Projekten in unserer Region mitzuwirken. Unsere Unterst\u00fctzung erm\u00f6glicht es den ausgew\u00e4hlten Organisationen, wertvolle Arbeit zu leisten und positive Ver\u00e4nderungen in der Gesellschaft herbeizuf\u00fchren.&#8220;<\/figcaption><\/figure><\/div>\n\n\n<p><strong>Ludwigshafen \/ Speyer &#8211; <\/strong>Die Mitarbeiterstiftung der Sparkasse Vorderpfalz setzt auch in diesem Jahr ihr Engagement f\u00fcr soziale Projekte fort und unterst\u00fctzt ausgew\u00e4hlte Organisationen mit einer Gesamtsumme von 1.810 Euro. Seit ihrer Gr\u00fcndung im Jahr 2013 f\u00f6rdert die Stiftung verschiedene Bereiche der Gesellschaft und tr\u00e4gt damit aktiv zur Verbesserung der Lebenssituation in der Region bei.<\/p>\n\n\n\n<h4 class=\"wp-block-heading\">Partizipation der Mitarbeiterinnen und Mitarbeiter<\/h4>\n\n\n\n<p>Die besondere St\u00e4rke der Mitarbeiterstiftung der Sparkasse Vorderpfalz liegt in der aktiven Beteiligung der Mitarbeiterinnen und Mitarbeiter bei der Entscheidung \u00fcber die Mittelverwendung. Durch diese partizipative Ma\u00dfnahme wird sichergestellt, dass die Spenden gezielt an Organisationen flie\u00dfen, die von den Mitarbeitern als besonders unterst\u00fctzungsw\u00fcrdig erachtet werden.<\/p>\n\n\n\n<h4 class=\"wp-block-heading\">Ausgew\u00e4hlte Projekte<\/h4>\n\n\n\n<p>In diesem Jahr f\u00f6rdert die Mitarbeiterstiftung der Sparkasse Vorderpfalz folgende Organisationen:<\/p>\n\n\n\n<p>1.&nbsp;&nbsp;&nbsp;&nbsp;<strong>Tierschutzverein Speyer und Umgebung e.V.<\/strong>: Der Verein engagiert sich seit langem f\u00fcr den Schutz und das Wohl von Tieren in der Region. Die finanzielle Unterst\u00fctzung durch die Stiftung erm\u00f6glicht es dem Tierschutzverein, seine wichtige Arbeit fortzuf\u00fchren und hilfsbed\u00fcrftige Tiere zu versorgen.<\/p>\n\n\n\n<p>2.&nbsp;&nbsp;&nbsp;&nbsp;<strong>SeHt e.V. &#8211; Selbst\u00e4ndigkeitsHilfe bei Teilleistungsschw\u00e4che<\/strong>: Der Verein widmet sich der F\u00f6rderung und Unterst\u00fctzung von Menschen mit Teilleistungsschw\u00e4chen, um ihnen ein selbstbestimmtes Leben zu erm\u00f6glichen. Die Spende der Mitarbeiterstiftung tr\u00e4gt dazu bei, dass Menschen mit Teilleistungsschw\u00e4che eine optimale Betreuung und F\u00f6rderung erfahren.<\/p>\n\n\n\n<p>3.&nbsp;&nbsp;&nbsp;&nbsp;<strong>Vereinigung der Helfer und F\u00f6rderer des Technischen Hilfswerk Ludwigshafen e.V.<\/strong>: Das Technische Hilfswerk leistet einen wertvollen Beitrag in Not- und Katastrophenf\u00e4llen. Die Spende der Mitarbeiterstiftung hilft dem Verein, seine Ausr\u00fcstung zu verbessern und die Einsatzbereitschaft aufrechtzuerhalten.<\/p>\n\n\n\n<p>Die Mitarbeiter der Sparkasse haben durch ihre Abstimmung und die jeweiligen, zweckgebundenen Spenden entschieden die ersten beiden Organisationen mit jeweils 755 Euro und die Vereinigung der Helfer und F\u00f6rderer des THW Ludwigshafen e.V. mit 300 Euro zu unterst\u00fctzen.<\/p>\n\n\n\n<p>Marcus Laubscher, Mitglied des Stiftungsbeirats der Mitarbeiterstiftung, betont die Bedeutung des Engagements und die Motivation der Mitarbeiter: &#8222;Die Mitarbeiterstiftung bietet uns eine einzigartige M\u00f6glichkeit, direkt an gemeinn\u00fctzigen Projekten in unserer Region mitzuwirken. Unsere Unterst\u00fctzung erm\u00f6glicht es den ausgew\u00e4hlten Organisationen, wertvolle Arbeit zu leisten und positive Ver\u00e4nderungen in der Gesellschaft herbeizuf\u00fchren. Es ist sch\u00f6n zu sehen, wie unser Einsatz konkrete Verbesserungen bewirken kann.&#8220;<\/p>\n\n\n\n<h4 class=\"wp-block-heading\">Langfristiges Engagement<\/h4>\n\n\n\n<p>Seit ihrer Gr\u00fcndung haben die Mitarbeiter der Sparkasse Vorderpfalz insgesamt rund 30.000 Euro als Stiftungskapital eingebracht und \u00fcber 20.500 Euro an Spenden ausgezahlt. Die Verwaltung der Stiftung und die Entscheidung \u00fcber die Mittelverwendung obliegen dem Stiftungsbeirat, der sich aus sechs Mitgliedern zusammensetzt, darunter Sina Best, Christopher Schulz, Ralf Wetzel, Vasiliki Avramidou, Ingo Kattengell und Marcus Laubscher.<\/p>\n\n\n\n<h4 class=\"wp-block-heading\">Unabh\u00e4ngige Finanzierung<\/h4>\n\n\n\n<p>Die Mitarbeiterstiftung handelt unabh\u00e4ngig von den umfangreichen Stiftungs-, Spenden- und Sponsoringgeldern der Sparkasse Vorderpfalz und deren eigenen Sparkassenstiftungen. Regelm\u00e4\u00dfige Spendenaufrufe unter den Mitarbeitern helfen, das j\u00e4hrliche Spendenbudget der Stiftung zus\u00e4tzlich zu den Stiftungsertr\u00e4gen zu erh\u00f6hen.<\/p>\n\n\n\n<p><em>Sparkasse Vorderpfalz<br>06.03.2024<\/em><\/p>\n\n\n\n<h1 class=\"wp-block-heading has-text-align-center\">GoodSpaces RheinVilla Speyer<\/h1>\n\n\n<div class=\"wp-block-image\">\n<figure class=\"aligncenter size-large\"><img decoding=\"async\" loading=\"lazy\" width=\"1024\" height=\"576\" src=\"https:\/\/speyer24news.com\/wp-content\/uploads\/2024\/03\/Goodspaces-Rheinvilla-1024x576.jpg\" alt=\"\" class=\"wp-image-58498\" srcset=\"https:\/\/speyer24news.com\/wp-content\/uploads\/2024\/03\/Goodspaces-Rheinvilla-1024x576.jpg 1024w, https:\/\/speyer24news.com\/wp-content\/uploads\/2024\/03\/Goodspaces-Rheinvilla-300x169.jpg 300w, https:\/\/speyer24news.com\/wp-content\/uploads\/2024\/03\/Goodspaces-Rheinvilla-768x432.jpg 768w, https:\/\/speyer24news.com\/wp-content\/uploads\/2024\/03\/Goodspaces-Rheinvilla-678x381.jpg 678w, https:\/\/speyer24news.com\/wp-content\/uploads\/2024\/03\/Goodspaces-Rheinvilla.jpg 1200w\" sizes=\"(max-width: 1024px) 100vw, 1024px\" \/><\/figure><\/div>\n\n\n<h2 class=\"wp-block-heading\">DER WEG ZU SINNVOLLER ARBEIT BEGINNT IM INNEREN<\/h2>\n\n\n<div class=\"wp-block-image\">\n<figure class=\"aligncenter size-full\"><img decoding=\"async\" loading=\"lazy\" width=\"800\" height=\"460\" src=\"https:\/\/speyer24news.com\/wp-content\/uploads\/2024\/03\/Goodspaces.jpg\" alt=\"\" class=\"wp-image-58499\" srcset=\"https:\/\/speyer24news.com\/wp-content\/uploads\/2024\/03\/Goodspaces.jpg 800w, https:\/\/speyer24news.com\/wp-content\/uploads\/2024\/03\/Goodspaces-300x173.jpg 300w, https:\/\/speyer24news.com\/wp-content\/uploads\/2024\/03\/Goodspaces-768x442.jpg 768w\" sizes=\"(max-width: 800px) 100vw, 800px\" \/><\/figure><\/div>\n\n\n<p><strong>RheinVilla Speyer &#8211; <\/strong>Nach dem erfolgreichen Abschluss der Afterwork-Veranstaltungen im vergangenen Jahr im Rahmen der Inner Development Goals, geht die Veranstaltungsreihe in die zweite Runde &#8211; diesmal unter dem neuen Namen: <strong>GoodWork MeetUp<\/strong>. Das erste MeetUp fand bereits am 07.03.2024 mit gro\u00dfem Erfolg statt. Unter der Leitung von Marie Kurz erhielten die 13 Anwesenden Einblicke in die yogischen Lebensregeln. Der Abend begann mit einem fesselnden Impulsvortrag, gefolgt von angeregten Diskussionen und Netzwerkm\u00f6glichkeiten. Die Veranstaltungsreihe in der RheinVilla richtet sich insbesondere an Selbstst\u00e4ndige aus und um Speyer, die sich mit Gleichgesinnten austauschen m\u00f6chten. Aber auch Interessierte sind in dem denkmalgesch\u00fctzen Geb\u00e4ude willkommen.<\/p>\n\n\n\n<p>Marie Kurz, eine Expertin f\u00fcr Yoga und Meditation, pr\u00e4sentierte die Yamas und Niyamas, ethische und pers\u00f6nliche Grunds\u00e4tze des Yoga. Diese dienen zur Selbstregulierung, sozialen Verantwortung sowie zur Selbstbeobachtung und spirituellen Disziplin. Diese Lehren sind nicht nur relevant f\u00fcr das pers\u00f6nliche Wachstum, sondern k\u00f6nnen auch die berufliche Entwicklung ma\u00dfgeblich beeinflussen.<\/p>\n\n\n\n<p>Das kommende GoodWork MeetUp am 11. April wird von Oliver Piller geleitet, der \u00fcber psychologische Sicherheit in Organisationen sprechen wird. Interessierte sind herzlich eingeladen, an der kostenlosen Veranstaltungen teilzunehmen.<\/p>\n\n\n\n<p>&#8222;Wir freuen uns darauf, weiterhin inspirierende Veranstaltungen anzubieten und Menschen aus Speyer zusammenzubringen, die sich f\u00fcr pers\u00f6nliches und berufliches Wachstum interessieren&#8220;, sagt Lorina Brugger, Space Managerin der RheinVilla und nebenberuflich selbstst\u00e4ndige Workshop Trainerin.<\/p>\n\n\n\n<h4 class=\"wp-block-heading\">Die kommenden Termine des GoodWork MeetUp 2024 sind wie folgt:<\/h4>\n\n\n\n<ul>\n<li><strong>11. April: \u00dcber psychologische Sicherheit in Organisationen<\/strong><\/li>\n\n\n\n<li><strong>06. Juni: Flow: Der Weg zum inneren Gleichgewicht<\/strong><\/li>\n\n\n\n<li><strong>12. September: Energieraum Wald &amp; Nervensystem<\/strong><\/li>\n\n\n\n<li><strong>10. Oktober: Bessere Meetings: Methoden f\u00fcr Spa\u00df &amp; Effizienz<\/strong><\/li>\n<\/ul>\n\n\n\n<p>F\u00fcr weitere Informationen und Anmeldungen zum GoodWork MeetUp kontaktieren Sie bitte Lorina Brugger per E-Mail an <a href=\"mailto:rheinvilla@goodspaces.de\">rheinvilla@goodspaces.de<\/a>. Die Anmeldung erfolgt \u00fcber die <a href=\"http:\/\/goodspaces.de\" title=\"\">goodspaces.de<\/a> Website.<\/p>\n\n\n\n<p><em>GoodSpaces GmbH<br>08.03.2024<\/em><\/p>\n\n\n\n<h1 class=\"wp-block-heading has-text-align-center\">Ahorn Camp GmbH<\/h1>\n\n\n<div class=\"wp-block-image\">\n<figure class=\"aligncenter size-full\"><img decoding=\"async\" loading=\"lazy\" width=\"800\" height=\"563\" src=\"https:\/\/speyer24news.com\/wp-content\/uploads\/2024\/03\/Ahorncamp.jpg\" alt=\"\" class=\"wp-image-58503\" srcset=\"https:\/\/speyer24news.com\/wp-content\/uploads\/2024\/03\/Ahorncamp.jpg 800w, https:\/\/speyer24news.com\/wp-content\/uploads\/2024\/03\/Ahorncamp-300x211.jpg 300w, https:\/\/speyer24news.com\/wp-content\/uploads\/2024\/03\/Ahorncamp-768x540.jpg 768w\" sizes=\"(max-width: 800px) 100vw, 800px\" \/><\/figure><\/div>\n\n\n<h2 class=\"wp-block-heading\">Einlaufm\u00e4dchen beim Frauentagsspiel: Ahorn Camp und Eintracht Frankfurt erf\u00fcllen Tr\u00e4ume<\/h2>\n\n\n\n<p><strong>Frankfurt \/ Speyer &#8211; <\/strong>Der Frauentag steht vor der T\u00fcr und mit ihm eine besondere Aktion, die Herzen h\u00f6herschlagen l\u00e4sst. Das Unternehmen Ahorn Camp, Namenssponsor der U21 Eintracht Frankfurt Trainings- und Spielst\u00e4tte &#8211; Ahorn Camp Sportpark, wird am Sonntag, den 10. M\u00e4rz eine unvergessliche Erfahrung schaffen. Beim Spiel der Eintracht gegen TSG Hoffenheim wird der Reisemobilanbieter elf Einlaufm\u00e4dchen stellen. Aus einer Vielzahl von Bewerbungen wurden die Gewinnerinnen ausgew\u00e4hlt, die gemeinsam mit ihren Idolen im Deutsche Bank Park vor \u00fcber 50.000 Zuschauern einlaufen d\u00fcrfen.<\/p>\n\n\n\n<p>Die Gewinnerinnen werden mit speziell f\u00fcr diese Aktion entworfenen Trikots von Ahorn Camp ausgestattet und erhalten die exklusive Gelegenheit, einen einzigartigen Blick hinter die Kulissen des Stadions zu werfen. Doch damit nicht genug: Am Ahorn Camp Promotionstand auf dem Stadiongel\u00e4nde erwartet sie eine besondere \u00dcberraschung. Als Anerkennung f\u00fcr ihren Mut und ihre Teilnahme erhalten sie eine \u00dcberraschungstasche, gef\u00fcllt mit Erinnerungsst\u00fccken an diesen unvergesslichen Tag.<\/p>\n\n\n\n<p>&#8222;Als Familienunternehmen ist es uns bei Ahorn Camp ein besonderes Anliegen, den Sport zu unterst\u00fctzen. Der Mannschaftssport, bei dem das Team entscheidend ist, harmoniert dabei perfekt mit unseren Unternehmenswerten Pr\u00e4zision, Leidenschaft und Tempo. Wir sind begeistert, dass wir am Frauentag Teil der Einlaufkinderaktion sein d\u00fcrfen. Es ist f\u00fcr uns eine Freude, elf M\u00e4dchen die M\u00f6glichkeit zu geben, ihren Traum zu leben und sie auf ihrem Weg zu st\u00e4rken&#8220;, sagt Alexander Reichmann, Gesch\u00e4ftsf\u00fchrer der Ahorn Camp GmbH.<\/p>\n\n\n\n<p>An dem Spieltag bietet Ahorn Camp allen reiselustigen Fu\u00dfballfans die M\u00f6glichkeit, sich \u00fcber die breite Modellpalette \u2013 vom kompakten Van bis zum ger\u00e4umigen Wohnmobil \u2013 zu informieren und diese direkt vor Ort zu erkunden. Als exklusives Angebot erhalten nicht nur alle Vereinsmitglieder von Eintracht Frankfurt einen exklusiven Preisnachlass von 10% auf die Miete eines Vans oder Wohnmobils, sondern ALLE Zuschauer. Eine fantastische Gelegenheit, das n\u00e4chste Abenteuer zu planen und dabei auch noch zu sparen.<\/p>\n\n\n\n<h4 class=\"wp-block-heading\">Weitere Informationen finden Sie auf der Website unter\u00a0<a href=\"https:\/\/deref-web.de\/mail\/client\/_Xq0rv4U2HQ\/dereferrer\/?redirectUrl=http%3A%2F%2Fwww.ahorn-camp.de\" target=\"_blank\" rel=\"noreferrer noopener\">www.ahorn-camp.de<\/a><\/h4>\n\n\n\n<p><em>Ahorn Camp GmbH<br>07.03.2024<\/em><\/p>\n\n\n\n<h1 class=\"wp-block-heading has-text-align-center\">Eisenbahn- und Verkehrsgewerkschaft (EVG)<\/h1>\n\n\n<div class=\"wp-block-image\">\n<figure class=\"aligncenter size-full\"><img decoding=\"async\" loading=\"lazy\" width=\"800\" height=\"440\" src=\"https:\/\/speyer24news.com\/wp-content\/uploads\/2021\/11\/EVG-Eisenbahnergewerkschaft.png\" alt=\"\" class=\"wp-image-42899\" srcset=\"https:\/\/speyer24news.com\/wp-content\/uploads\/2021\/11\/EVG-Eisenbahnergewerkschaft.png 800w, https:\/\/speyer24news.com\/wp-content\/uploads\/2021\/11\/EVG-Eisenbahnergewerkschaft-300x165.png 300w, https:\/\/speyer24news.com\/wp-content\/uploads\/2021\/11\/EVG-Eisenbahnergewerkschaft-768x422.png 768w\" sizes=\"(max-width: 800px) 100vw, 800px\" \/><\/figure><\/div>\n\n\n<h2 class=\"wp-block-heading\">EVG-DEMONSTRATION IN MAINZ<\/h2>\n\n\n\n<h3 class=\"wp-block-heading\">Donnerstag 14. M\u00e4rz 2024 \/\/ 11:00 \u2013 14:00 Uhr<\/h3>\n\n\n\n<h4 class=\"wp-block-heading\">Cargo Zentrale, Rheinstra\u00dfe 2, 55116 Mainz \/\/ parallel zur Aufsichtsratssitzung von DB Cargo<\/h4>\n\n\n<div class=\"wp-block-image\">\n<figure class=\"aligncenter size-full\"><img decoding=\"async\" loading=\"lazy\" width=\"800\" height=\"579\" src=\"https:\/\/speyer24news.com\/wp-content\/uploads\/2024\/03\/24-02-16-Cargo-Rot-NEWS.jpg\" alt=\"\" class=\"wp-image-58497\" srcset=\"https:\/\/speyer24news.com\/wp-content\/uploads\/2024\/03\/24-02-16-Cargo-Rot-NEWS.jpg 800w, https:\/\/speyer24news.com\/wp-content\/uploads\/2024\/03\/24-02-16-Cargo-Rot-NEWS-300x217.jpg 300w, https:\/\/speyer24news.com\/wp-content\/uploads\/2024\/03\/24-02-16-Cargo-Rot-NEWS-768x556.jpg 768w\" sizes=\"(max-width: 800px) 100vw, 800px\" \/><\/figure><\/div>\n\n\n<p><strong>Mainz &#8211; <\/strong>Statt auf Wachstum zu setzen, m\u00f6chte der Vorstand von DB Cargo dem Unternehmen eine Schrumpfkur verpassen. Viele Arbeitspl\u00e4tze sind in Gefahr, nicht nur bei DB Cargo. Die ganze Eisenbahn- und Verkehrsgewerkschaft (EVG)\u00a0steht auf. Gemeinsamen machen wir den Verantwortlichen bei der Deutschen Bahn deutlich: So geht ihr nicht mit unseren Kolleginnen und Kollegen um!<\/p>\n\n\n\n<p>Seit 15 Jahren schreibt DB Cargo rote Zahlen. 15 Jahren hatten Vorst\u00e4nde und hoch bezahlte Berater Zeit, gegenzusteuern. Praktikable Vorschl\u00e4ge der Betriebsr\u00e4te hatte es gegeben. Passiert ist nichts; die j\u00e4hrlichen Millionenverluste blieben.<\/p>\n\n\n\n<p>Jetzt droht die EU-Kommission mit Strafen &#8211; und pl\u00f6tzlich muss gespart werden: am einfachsten durch Arbeitsplatzabbau. 1.800 Stellen sollen bei DB Cargo dem Rotstift zum Opfer fallen &#8211; mindestens. \u201eTransformation\u201c wird das genannt.<\/p>\n\n\n\n<p>Deshalb sagen wir am Donnerstag, den 14.3.2024, gemeinsam \u00bbNein\u00ab zu den Schrumpfpl\u00e4nen bei DB Cargo.<\/p>\n\n\n\n<p><em>Eisenbahn- und Verkehrsgewerkschaft (EVG)<br>09.03.2024<\/em><\/p>\n\n\n\n<h1 class=\"wp-block-heading has-text-align-center\">Audiotainment S\u00fcdwest GmbH &amp; Co. KG<\/h1>\n\n\n<div class=\"wp-block-image\">\n<figure class=\"aligncenter size-full\"><img decoding=\"async\" loading=\"lazy\" width=\"800\" height=\"480\" src=\"https:\/\/speyer24news.com\/wp-content\/uploads\/2024\/03\/Audiotainment-Suedwestmedia-GmbH-Logo.jpg\" alt=\"\" class=\"wp-image-58243\" srcset=\"https:\/\/speyer24news.com\/wp-content\/uploads\/2024\/03\/Audiotainment-Suedwestmedia-GmbH-Logo.jpg 800w, https:\/\/speyer24news.com\/wp-content\/uploads\/2024\/03\/Audiotainment-Suedwestmedia-GmbH-Logo-300x180.jpg 300w, https:\/\/speyer24news.com\/wp-content\/uploads\/2024\/03\/Audiotainment-Suedwestmedia-GmbH-Logo-768x461.jpg 768w\" sizes=\"(max-width: 800px) 100vw, 800px\" \/><\/figure><\/div>\n\n\n<h2 class=\"wp-block-heading\">bigFM reagiert auf ge\u00e4nderte Nachrichtennutzung der Generation Z und Alpha und macht die News mit den Social Media Trends auf<\/h2>\n\n\n<div class=\"wp-block-image\">\n<figure class=\"aligncenter size-full\"><img decoding=\"async\" loading=\"lazy\" width=\"800\" height=\"600\" src=\"https:\/\/speyer24news.com\/wp-content\/uploads\/2024\/03\/bigFM_News_Pressefotl_Simoleit_ATSW.jpeg\" alt=\"\" class=\"wp-image-58505\" srcset=\"https:\/\/speyer24news.com\/wp-content\/uploads\/2024\/03\/bigFM_News_Pressefotl_Simoleit_ATSW.jpeg 800w, https:\/\/speyer24news.com\/wp-content\/uploads\/2024\/03\/bigFM_News_Pressefotl_Simoleit_ATSW-300x225.jpeg 300w, https:\/\/speyer24news.com\/wp-content\/uploads\/2024\/03\/bigFM_News_Pressefotl_Simoleit_ATSW-768x576.jpeg 768w, https:\/\/speyer24news.com\/wp-content\/uploads\/2024\/03\/bigFM_News_Pressefotl_Simoleit_ATSW-678x509.jpeg 678w, https:\/\/speyer24news.com\/wp-content\/uploads\/2024\/03\/bigFM_News_Pressefotl_Simoleit_ATSW-326x245.jpeg 326w, https:\/\/speyer24news.com\/wp-content\/uploads\/2024\/03\/bigFM_News_Pressefotl_Simoleit_ATSW-80x60.jpeg 80w\" sizes=\"(max-width: 800px) 100vw, 800px\" \/><figcaption class=\"wp-element-caption\">Processed with VSCO with c1pro preset<\/figcaption><\/figure><\/div>\n\n\n<p><strong>Mannheim<\/strong> &#8211; bigFM strukturiert die st\u00fcndlichen Nachrichten komplett neu.<\/p>\n\n\n\n<p>\u201eDa wir wissen, dass die 14\u201335-J\u00e4hrigen gerade am Morgen bereits umfassend informiert sind, bevor sie \u00fcberhaupt das Radio einschalten, mussten wir uns was Neues einfallen lassen und haben in den letzten 12 Monaten unser Nachrichtenangebot komplett \u00fcberarbeitet\u201c, sagt bigFM Programmchef Till Simoleit. Dabei ver\u00e4ndert bigFM den klassischen Aufbau der News:\u00a0<\/p>\n\n\n\n<p>Gestartet wird seit dieser Woche mit den Social Media Trends, danach geht\u2019s weiter mit den wichtigsten Themen aus aller Welt zu Politik, Wirtschaft und Gesellschaft. Mit speziellen Themen-Clustern wie bigKlima und bigMusic setzt der Sender am Ende der News nochmal ganz eigene Akzente. \u00a0\u00a0<\/p>\n\n\n\n<p>Unterst\u00fctzt wird das junge Nachrichten-Team dabei auch durch KI und die Erfahrungen, die man mit assistierenden Nachrichten-Crawlern und Social Media Scannern bei dem KI-Radio-Projekt bigGPT gesammelt hat.<\/p>\n\n\n<div class=\"wp-block-image\">\n<figure class=\"aligncenter size-full\"><img decoding=\"async\" loading=\"lazy\" width=\"800\" height=\"600\" src=\"https:\/\/speyer24news.com\/wp-content\/uploads\/2024\/03\/till_simoleit_bigFM_anie_nagel_atsw.jpg\" alt=\"\" class=\"wp-image-58506\" srcset=\"https:\/\/speyer24news.com\/wp-content\/uploads\/2024\/03\/till_simoleit_bigFM_anie_nagel_atsw.jpg 800w, https:\/\/speyer24news.com\/wp-content\/uploads\/2024\/03\/till_simoleit_bigFM_anie_nagel_atsw-300x225.jpg 300w, https:\/\/speyer24news.com\/wp-content\/uploads\/2024\/03\/till_simoleit_bigFM_anie_nagel_atsw-768x576.jpg 768w, https:\/\/speyer24news.com\/wp-content\/uploads\/2024\/03\/till_simoleit_bigFM_anie_nagel_atsw-678x509.jpg 678w, https:\/\/speyer24news.com\/wp-content\/uploads\/2024\/03\/till_simoleit_bigFM_anie_nagel_atsw-326x245.jpg 326w, https:\/\/speyer24news.com\/wp-content\/uploads\/2024\/03\/till_simoleit_bigFM_anie_nagel_atsw-80x60.jpg 80w\" sizes=\"(max-width: 800px) 100vw, 800px\" \/><figcaption class=\"wp-element-caption\">bigFM Programmleiter Till Simoleit<br><em>Foto: Audiotainment S\u00fcdwest<\/em><\/figcaption><\/figure><\/div>\n\n\n<p>\u201eUnser Ziel ist es dabei, den bigFM-H\u00f6rer:innen in ihrer Social Media Welt Orientierung zu geben und mit &nbsp;neuen Themenschwerpunkten das junge Publikum gezielter zu erreichen und gerade bei der Generation Z und Alpha auch wieder das Interesse f\u00fcr Nachrichten zu wecken\u201c, so Simoleit weiter.<\/p>\n\n\n\n<p>Die Generation Z und Generation Alpha beziehen ihre Informationen unmittelbar nach dem Aufwachen direkt \u00fcber das Smartphone \u2013 \u00fcber ihre jeweiligen News-Apps sowie die Ausspielungen \u00fcber Social Media. &nbsp;Das hat j\u00fcngst eine repr\u00e4sentative Kantar Studie gezeigt, die die Privatsender in Baden-W\u00fcrttemberg und die Audiotainment S\u00fcdwest mit \u00fcber 1200 befragten H\u00f6rer:innen unter 30 Jahren beauftragt hatten. &nbsp;<\/p>\n\n\n\n<p>F\u00fcr Audiotainment S\u00fcdwest Progammgesch\u00e4ftsf\u00fchrerin Valerie Weber geht es um mehr: \u201eAls f\u00fchrender Jugendsender in Deutschland wollen wir der allgemeinen News-M\u00fcdigkeit und Nachrichten-Vermeidungshaltung der j\u00fcngeren Generationen gezielt entgegen gehen. \u00a0<br>\u00a0Wir wollen diesen Trend nicht einfach geschehen lassen. Mit den neuen Nachrichten machen wir den 14\u201335-J\u00e4hrigen ein empathisches und konstruktives Angebot: \u00a0wir kn\u00fcpfen an das \u201eSocial Media Erleben\u201c an, best\u00e4tigen oder korrigieren dort trendende Topics und liefern dann neben einem allgemeinen News-Block noch ein Special Interest-Thema.\u00a0<\/p>\n\n\n<div class=\"wp-block-image\">\n<figure class=\"aligncenter size-full\"><img decoding=\"async\" loading=\"lazy\" width=\"600\" height=\"600\" src=\"https:\/\/speyer24news.com\/wp-content\/uploads\/2024\/03\/valerie_weber_atsw.jpg\" alt=\"\" class=\"wp-image-58507\" srcset=\"https:\/\/speyer24news.com\/wp-content\/uploads\/2024\/03\/valerie_weber_atsw.jpg 600w, https:\/\/speyer24news.com\/wp-content\/uploads\/2024\/03\/valerie_weber_atsw-300x300.jpg 300w, https:\/\/speyer24news.com\/wp-content\/uploads\/2024\/03\/valerie_weber_atsw-150x150.jpg 150w\" sizes=\"(max-width: 600px) 100vw, 600px\" \/><figcaption class=\"wp-element-caption\">Audiotainment S\u00fcdwest Programmgesch\u00e4ftsf\u00fchrerin Valerie Weber<br><em>Foto: Audiotainment S\u00fcdwest<\/em><\/figcaption><\/figure><\/div>\n\n\n<p>Wenn sich junge Menschen weiter von Qualit\u00e4tsmedien abwenden, weil sie den Eindruck haben, dass wir nicht \u00fcber f\u00fcr sie relevante Themen berichten, dann ist das ein gef\u00e4hrlicher Trend\u201c.&nbsp;<\/p>\n\n\n\n<p>Simoleit erg\u00e4nzt: \u201eGehen Social Media Themen viral, pr\u00fcfen unsere Newsredakteure diese, ordnen sie journalistisch ein und bewerten sie in ihrer Relevanz\u201c&nbsp;<\/p>\n\n\n\n<p>Zudem wurden in \u00fcber 1000 Interviews im Rahmen der sendereigenen Forschung Jugendliche zu den f\u00fcr sie relevanten Themen befragt. Daraus ergeben&nbsp;sich aktuell f\u00fcnf Themengebiete, zu denen sich die bigFM-Zielgruppe mehr Informationen erwartet als andere gesellschaftliche Gruppen:&nbsp;<\/p>\n\n\n\n<ul>\n<li>bigKlima (Nachhaltigkeit, Natur-\/Tierschutz, Energie, Ern\u00e4hrung),&nbsp;<\/li>\n\n\n\n<li>bigCyber (Innovation\/Start-Ups, Social Media\/Apps, Technik, Wissenschaft\/Forschung),&nbsp;<\/li>\n\n\n\n<li>bigKarriere (Ausbildung\/Studium, Karriere\/Jobs, Finanzen),&nbsp;<\/li>\n\n\n\n<li>bigLove (Beziehungen, Sexualit\u00e4t, Gender\/Queer, Psychologie\/Mental Health) und<\/li>\n\n\n\n<li>bigMusic (K\u00fcnstlerinfos, Ver\u00f6ffentlichungen, Popkultur).<\/li>\n<\/ul>\n\n\n\n<p>Die neuen Nachrichten der nationalen Jugendmarke sind seit dieser Woche Deutschlandweit on-air zu h\u00f6ren und erreichen t\u00e4glich ein Millionen-Publikum. &nbsp;<\/p>\n\n\n\n<p><strong>bigFM<\/strong>&nbsp;ist die f\u00fchrende nationale multimediale Medienmarke in Deutschland und das Radioprogramm f\u00fcr junge musikinteressierte Erwachsene in Deutschland. bigFM ist Trend-Navigator f\u00fcr junges abwechslungsreiches Entertainment. bigFM steht f\u00fcr unterhaltsame und informierende Stories und Deutschlands biggste Beats.<\/p>\n\n\n\n<p>Das Programm wird regionalisiert f\u00fcr Baden-W\u00fcrttemberg, Rheinland-Pfalz, Saarland, Nordrhein-Westfalen, Niedersachsen mit Bremen und Hamburg sowie f\u00fcr Berlin und Brandenburg. Empfangbar ist bigFM zudem in weiten Teilen von Hessen und Bayern.<\/p>\n\n\n\n<p>bigFM ist als Medienmarke auch digital f\u00fcr seine Community der 14\u201339-J\u00e4hrigen mit Kernzielgruppe der 20\u201329-J\u00e4hrigen eine feste Instanz.<\/p>\n\n\n\n<p>Pro Tag erreicht bigFM 2,146 Millionen H\u00f6rer (ma 2023 Audio II) und generiert 7,323 Millionen Online Audio Sessions pro Monat (ma 2023 IP Audio IV). Produziert und verantwortet wird das Programm von der Audiotainment S\u00fcdwest.<\/p>\n\n\n\n<p><em>Audiotainment S\u00fcdwest GmbH &amp; Co. KG<br>05.03.2024<\/em><\/p>\n\n\n\n<h1 class=\"wp-block-heading has-text-align-center\">TARGOBANK AG<\/h1>\n\n\n<div class=\"wp-block-image\">\n<figure class=\"aligncenter size-full\"><img decoding=\"async\" loading=\"lazy\" width=\"800\" height=\"536\" src=\"https:\/\/speyer24news.com\/wp-content\/uploads\/2024\/03\/TARGOBANK.jpg\" alt=\"\" class=\"wp-image-58510\" srcset=\"https:\/\/speyer24news.com\/wp-content\/uploads\/2024\/03\/TARGOBANK.jpg 800w, https:\/\/speyer24news.com\/wp-content\/uploads\/2024\/03\/TARGOBANK-300x201.jpg 300w, https:\/\/speyer24news.com\/wp-content\/uploads\/2024\/03\/TARGOBANK-768x515.jpg 768w\" sizes=\"(max-width: 800px) 100vw, 800px\" \/><\/figure><\/div>\n\n\n<h2 class=\"wp-block-heading\">TARGOBANK erh\u00f6ht Stiftungskapital auf 10 Mio. Euro<\/h2>\n\n\n\n<ul>\n<li><strong>St\u00e4rkung der langfristigen Handlungsm\u00f6glichkeiten der TARGOBANK Stiftung<\/strong><\/li>\n\n\n\n<li><strong>Fokus auf Initiativen zu Umwelt-, Klima- und Gesundheitsschutz sowie finanzieller Bildung<\/strong><\/li>\n\n\n\n<li><strong>CSR als wichtige Komponente in der Strategie der TARGOBANK<\/strong><\/li>\n<\/ul>\n\n\n\n<p><strong>D\u00fcsseldorf &#8211; <\/strong>Im Rahmen der Gesellschaftlichen Dividende* hat die TARGOBANK AG das Kapital der TARGOBANK Stiftung von 1,5 Mio. Euro auf 10. Mio. Euro aufgestockt. Corporate Social Responsibility (CSR) ist eine wichtige Komponente im strategischen Plan der TARGOBANK. &#8222;Mit der signifikanten Aufstockung des Stiftungskapitals m\u00f6chten wir die langfristigen Handlungsm\u00f6glichkeiten der Stiftung f\u00fcr Initiativen zu Umwelt-, Klima- und Gesundheitsschutz sowie finanzieller Bildung deutlich st\u00e4rken &#8211; und so die Bedeutung und Sichtbarkeit der Stiftung erh\u00f6hen&#8220;, sagt Vorstandsvorsitzende Isabelle Chevelard, die seit dem 1. Februar 2023 auch den Vorsitz der TARGOBANK Stiftung innehat.<\/p>\n\n\n\n<p>Durch die mit dem Stiftungskapital erwirtschafteten Zinsertr\u00e4ge hat die Stiftung in der Zukunft bedeutend mehr finanzielle M\u00f6glichkeiten, Projekte und Organisationen im Rahmen ihres Stiftungszwecks zu f\u00f6rdern. So sichert ein h\u00f6heres Stiftungskapital nachhaltig die Handlungsf\u00e4higkeit der Stiftung. &#8222;In den kommenden Monaten werden wir unsere Prozesse neu aufstellen und die Stiftung zu einem wichtigen Teil der CSR-Strategie machen,&#8220; erl\u00e4utert der Gesch\u00e4ftsf\u00fchrer und stellvertretende Vorstandsvorsitzende der TARGOBANK Stiftung, Dr. Lars Goebel.<\/p>\n\n\n\n<h4 class=\"wp-block-heading\">*Gesellschaftliche Dividende<\/h4>\n\n\n\n<p>Im Januar 2023 hat der Mutterkonzern der TARGOBANK mit der sogenannten &#8220; Gesellschaftlichen Dividende (<a href=\"https:\/\/presse.creditmutuelalliancefederale.fr\/economy-societycredit-mutuel-alliance-federale-is-creating-a-social-dividend-that-will-see-it-contribute-15-of-its-income-around-e500-million-per-year1-to-build-a-more-sustainable-and-inclus\/\">https:\/\/presse.creditmutuelalliancefederale.fr\/economy-societycredit-mutuel-alliance-federale-is-creating-a-social-dividend-that-will-see-it-contribute-15-of-its-income-around-e500-million-per-year1-to-build-a-more-sustainable-and-inclus\/<\/a>) &#8220; eine Innovation eingef\u00fchrt, die ganz im Zeichen des Genossenschaftsgedankens steht und mit der die Cr\u00e9dit Mutuel Alliance F\u00e9d\u00e9rale ein neues und einzigartiges Zeichen gegen die Klimakrise und f\u00fcr gesellschaftliche Solidarit\u00e4t setzt: Jedes Jahr werden 15 Prozent des konsolidierten Nettoergebnisses in die Finanzierung von Projekten zur \u00f6kologischen und solidarischen Wende flie\u00dfen. Die H\u00e4lfte der Gesellschaftlichen Dividende wird in einen Impact-Fonds zur sozial\u00f6kologischen Transformation der Wirtschaft investiert. 35 Prozent werden f\u00fcr die Einf\u00fchrung von integrativen Bank- und Versicherungsdienstleistungen bereitgestellt. 15 Prozent der gesellschaftlichen Dividende flie\u00dfen in die Fondation Cr\u00e9dit Mutuel Alliance F\u00e9d\u00e9rale, um gro\u00dfe Projekte f\u00fcr Solidarit\u00e4t und Umweltschutz auf lokaler und \u00fcberregionaler Ebene zu unterst\u00fctzen. Die erste Dividende in H\u00f6he von 525 Millionen Euro wurde bereits auf Basis der Gesch\u00e4ftsergebnisse aus 2022 umgesetzt.<\/p>\n\n\n\n<h4 class=\"wp-block-heading\">\u00dcber die TARGOBANK Stiftung<\/h4>\n\n\n\n<p>Die TARGOBANK Stiftung wurde im Jahr 1986 gegr\u00fcndet. Viele Jahre setzte sie sich daf\u00fcr ein, das Verst\u00e4ndnis der Menschen in Deutschland f\u00fcr \u00f6konomische Zusammenh\u00e4nge und finanzielle Grundlagen zu verbessern. Im Jahr 2020 wurde der Stiftungszweck entscheidend erweitert, um globale Herausforderungen wie Klima- und Gesundheitsschutz einzuschlie\u00dfen. Mit der F\u00f6rderung nachhaltiger Entwicklungschancen f\u00fcr alle Menschen folgt die TARGOBANK Stiftung damit auch dem Stiftungszweck der Fondation Cr\u00e9dit Mutuel Alliance F\u00e9d\u00e9rale.<\/p>\n\n\n\n<h4 class=\"wp-block-heading\">Weiterf\u00fchrende Informationen:\u00a0<a href=\"https:\/\/deref-web.de\/mail\/client\/IBLQTD1ifpU\/dereferrer\/?redirectUrl=http%3A%2F%2Fwww.targobank.de&amp;lm\" target=\"_blank\" rel=\"noreferrer noopener\">http:\/\/www.targobank.de<\/a><\/h4>\n\n\n\n<p><em>TARGOBANK AG<br>04.03.2024<\/em><\/p>\n\n\n\n<h1 class=\"wp-block-heading has-text-align-center\">infoRoad GmbH \/ Clever Tanken<\/h1>\n\n\n<div class=\"wp-block-image\">\n<figure class=\"aligncenter size-full\"><img decoding=\"async\" loading=\"lazy\" width=\"800\" height=\"384\" src=\"https:\/\/speyer24news.com\/wp-content\/uploads\/2023\/06\/Clever-Tanken.png\" alt=\"\" class=\"wp-image-52446\" srcset=\"https:\/\/speyer24news.com\/wp-content\/uploads\/2023\/06\/Clever-Tanken.png 800w, https:\/\/speyer24news.com\/wp-content\/uploads\/2023\/06\/Clever-Tanken-300x144.png 300w, https:\/\/speyer24news.com\/wp-content\/uploads\/2023\/06\/Clever-Tanken-768x369.png 768w\" sizes=\"(max-width: 800px) 100vw, 800px\" \/><\/figure><\/div>\n\n\n<h2 class=\"wp-block-heading\">Tanken im Februar deutlich teurer<\/h2>\n\n\n<div class=\"wp-block-image\">\n<figure class=\"aligncenter size-full\"><img decoding=\"async\" loading=\"lazy\" width=\"600\" height=\"600\" src=\"https:\/\/speyer24news.com\/wp-content\/uploads\/2024\/03\/20240301_ct_Grafik_Sever-Tanken_big.jpg\" alt=\"\" class=\"wp-image-58511\" srcset=\"https:\/\/speyer24news.com\/wp-content\/uploads\/2024\/03\/20240301_ct_Grafik_Sever-Tanken_big.jpg 600w, https:\/\/speyer24news.com\/wp-content\/uploads\/2024\/03\/20240301_ct_Grafik_Sever-Tanken_big-300x300.jpg 300w, https:\/\/speyer24news.com\/wp-content\/uploads\/2024\/03\/20240301_ct_Grafik_Sever-Tanken_big-150x150.jpg 150w\" sizes=\"(max-width: 600px) 100vw, 600px\" \/><\/figure><\/div>\n\n\n<ul>\n<li>Auswertung von Clever Tanken zeigt: Super E10 rund 3 Cent, Diesel rund 4 Cent teurer als im Januar<\/li>\n\n\n\n<li>Super&nbsp;E10 im Februar am g\u00fcnstigsten in Mannheim, Bonn und Bochum<\/li>\n\n\n\n<li>Super&nbsp;E10 im Februar am teuersten in Hamburg, Hannover und Bremen<\/li>\n\n\n\n<li>Diesel&nbsp;im Februar&nbsp;am g\u00fcnstigsten inBonn, Mannheim und Bochum<\/li>\n\n\n\n<li>Diesel im Februar am teuersten in Leipzig, Hamburg und Wuppertal<\/li>\n<\/ul>\n\n\n\n<p><strong>N\u00fcrnberg &#8211; Tanken ist im Februar wiederholt teurer geworden. Wie die aktuelle Auswertung des Verbraucherinformationsdienstes Clever Tanken zeigt, kostete der Liter Super E10 im Monatsdurchschnitt rund 3 Cent mehr als im Januar, der Liter Diesel war rund 4 Cent teurer als im Vormonat. Damit sind die Preise den zweiten Monat in Folge gestiegen.\u00a0<\/strong><\/p>\n\n\n\n<p>Nach Auswertung von Clever Tanken zahlten die Autofahrerinnen und Autofahrer im Februar im bundesweiten Durchschnitt rund 1,7617 Euro f\u00fcr einen Liter Super E10. Das sind rund 0,0251 Euro mehr als im Januar (1,7366 Euro). Vier Tankf\u00fcllungen \u00e0 60 Liter kosteten damit 422,81 Euro \u2013 rund 6,02 Euro mehr als im Vormonat. Im Vergleich zum Vorjahresmonat (1,7603 Euro) war der Liter Super E10 im Februar 2024 um rund 0,14 Cent pro Liter teurer. Bei vier Tankf\u00fcllungen \u00e0 60 Liter entspricht dies einer vergleichsweise minimalen Teuerung von rund 34 Cent gegen\u00fcber Februar 2023.<\/p>\n\n\n\n<p>Ein Liter Diesel kostete im Februar rund 1,7491&nbsp;Euro. Das waren etwa 0,0385&nbsp;Euro mehr als im Januar (1,7106&nbsp;Euro). F\u00fcr vier Tankf\u00fcllungen \u00e0 60 Liter zahlten Autofahrende im Februar rund 419,78&nbsp;Euro und damit 9,24&nbsp;Euro mehr als im Vormonat. Im Vergleich zum Vorjahresmonat (1,7645&nbsp;Euro) war der Liter Diesel im Februar 2024 rund 1,54&nbsp;Cent g\u00fcnstiger. Vier Tankf\u00fcllungen \u00e0 60&nbsp;Liter kosteten so rund 3,70&nbsp;Euro weniger als im Februar&nbsp;2023.<\/p>\n\n\n\n<h4 class=\"wp-block-heading\">Benzin-Diesel-Schere schlie\u00dft sich im Februar leicht<\/h4>\n\n\n\n<p>F\u00fcr einen Liter Super&nbsp;E10 zahlten Autofahrende im Februar rund 0,0126&nbsp;Euro mehr als f\u00fcr einen Liter Diesel. Damit hat sich die Preisschere zwischen Benzin und Diesel im Vergleich zum Januar (0,0260&nbsp;Euro) leicht um rund 0,0134&nbsp;Euro zulasten des Diesels geschlossen. Steffen Bock, Gr\u00fcnder und Gesch\u00e4ftsf\u00fchrer von Clever Tanken, h\u00e4lt den Dieselpreis angesichts der geringeren Steuerbelastung nach wie vor f\u00fcr zu hoch. \u201eAllerdings k\u00f6nnen Dieselfahrer darauf spekulieren, dass der Dieselpreis mit dem Ende der Heizsaison und damit der Heiz\u00f6lnachfrage in den kommenden Wochen sinkt.\u201c<\/p>\n\n\n\n<h4 class=\"wp-block-heading\">G\u00fcnstigste und teuerste Tanktage im Februar<\/h4>\n\n\n\n<p>Der g\u00fcnstigste Tanktag sowohl f\u00fcr Super E10 als auch f\u00fcr Diesel war Montag, der 5. Februar. An diesem Tag kostete der Liter Super E10 im bundesweiten Durchschnitt 1,7360 Euro, der Liter Diesel 1,7190 Euro.&nbsp;<\/p>\n\n\n\n<p>Am teuersten war Super E10 dagegen am Donnerstag, den 15. Februar, und am Sonntag, den 18. Februar. An diesen beiden Tagen kostete der Liter 1,7770 Euro. Der teuerste Diesel-Tanktag war wiederum Dienstag, der 13. Februar. 1,7700 Euro wurden an diesem Tag im Bundesdurchschnitt an den Zapfs\u00e4ulen verlangt. &nbsp;<\/p>\n\n\n\n<h4 class=\"wp-block-heading\">St\u00e4dteranking im Februar: Super E10 in Mannheim, Diesel in Bonn am g\u00fcnstigsten<\/h4>\n\n\n\n<p>Beim monatlichen Clever-Tanken-Preisvergleich der 20 gr\u00f6\u00dften deutschen St\u00e4dte belegte im Februar Mannheim (1,7300 Euro) die Poleposition. Auf den Pl\u00e4tzen zwei und drei folgten Bonn (1,7360 Euro) und Bochum (1,7406 Euro).&nbsp;<\/p>\n\n\n\n<p>Am teuersten war Super E10 im Februar dagegen in Hamburg (1,7844 Euro), Hannover (1,7831 Euro) und Bremen (1,7810 Euro).&nbsp;<\/p>\n\n\n\n<p>Vier Tankf\u00fcllungen \u00e0 60 Liter Super E10 kosteten im teuren Hamburg durchschnittlich rund 428,26 Euro und damit rund 13,06 Euro mehr als im g\u00fcnstigen Mannheim.<\/p>\n\n\n\n<p>Im St\u00e4dteranking der Dieselpreise belegte Bonn in der Kategorie der g\u00fcnstigsten Tankst\u00e4dte den ersten Platz. 1,7104 Euro kostete hier der Liter. Mannheim (1,7324 Euro) und Bochum (1,7333 Euro) folgten auf den Pl\u00e4tzen zwei und drei.<\/p>\n\n\n\n<p>In der Kategorie der teuersten Dieseltankst\u00e4dte lag im Februar zum dritten Mal in Folge Leipzig (1,8137 Euro) an der Spitze. Hamburg (1,7681 Euro) folgte zum zweiten Mal nacheinander auf Platz zwei. Wuppertal (1,7662 Euro) belegte den dritten Platz.&nbsp;<\/p>\n\n\n\n<h4 class=\"wp-block-heading\">Gr\u00fcnde f\u00fcr den Preisanstieg im Februar<\/h4>\n\n\n\n<p>Steffen Bock sieht den Hauptgrund f\u00fcr den Anstieg der Kraftstoffpreise im Februar in der Entwicklung der Roh\u00f6lpreise. Die Gr\u00fcnde f\u00fcr deren Auftrieb haben sich in den vergangenen Wochen kaum ver\u00e4ndert. So schl\u00e4gt sich die Angst vor einer Eskalation der Lage im \u00f6lreichen Nahen Osten in Risikoaufschl\u00e4gen nieder. Zudem sorgt der \u00d6lverbund Opec+ mit F\u00f6rderk\u00fcrzungen weiterhin f\u00fcr ein knappes Angebot auf dem Weltmarkt.&nbsp;<\/p>\n\n\n\n<p>Belastet wurde der \u00d6lpreis im Februar hingegen durch einen unerwartet hohen Lageraufbau in den USA, der Nachfragesorgen am \u00d6lmarkt sch\u00fcrte. Auch die Wachstumsschw\u00e4che Chinas bremst den \u00d6lpreisanstieg. Die zweitgr\u00f6\u00dfte Volkswirtschaft der Welt k\u00e4mpft derzeit mit sinkenden Verbraucherpreisen und den Folgen der Immobilienkrise.&nbsp;<\/p>\n\n\n\n<h4 class=\"wp-block-heading\">Ausblick<\/h4>\n\n\n\n<p>Experte Steffen Bock sieht die genannten Faktoren auch im M\u00e4rz f\u00fcr hohe \u00d6l- und damit Kraftstoffpreise verantwortlich. \u201eWie sich die \u00d6lpreise in den kommenden Wochen entwickeln werden, ist aufgrund globaler Krisen wie dem Krieg in der Ukraine und dem Konflikt im Nahen Osten derzeit nicht kalkulierbar. F\u00fcr den M\u00e4rz gehe ich aber von einem weiteren Aufw\u00e4rtstrend, maximal von einer Seitw\u00e4rtsbewegung der \u00d6lpreise und damit auch der Kraftstoffpreise aus.\u201c<\/p>\n\n\n\n<h4 class=\"wp-block-heading\">Regelm\u00e4\u00dfiger Preisvergleich lohnt sich<\/h4>\n\n\n\n<p>Um an den Zapfs\u00e4ulen zu sparen, r\u00e4t Steffen Bock Autofahrerinnen und Autofahrern, regelm\u00e4\u00dfig die Kraftstoffpreise \u00fcber Apps, Navigationsger\u00e4te oder das Internet zu vergleichen. iPhone-Nutzer k\u00f6nnen dies mit der App von Clever Tanken auch \u00fcber CarPlay tun.<\/p>\n\n\n\n<p>Autobahntankstellen sollten Autofahrende meiden, wenn dies ohne Umwege m\u00f6glich ist. Denn sie sind aufgrund ihrer g\u00fcnstigen Lage und der geringen Konkurrenz in der n\u00e4heren Umgebung oft teurer als beispielsweise Tankstellen in gr\u00f6\u00dferen Innenst\u00e4dten.<\/p>\n\n\n\n<p>Au\u00dferdem sollten Autofahrerinnen und Autofahrer beachten, dass mancherorts bis zu sechs Preisspitzen am Tag vorkommen \u2013 vor allem bei Markentankstellen. Steffen Bock: \u201eTeilweise gibt es an ein und derselben Tankstelle Unterschiede von bis zu 15 Cent pro Tag. Vergleicht man alle Tankstellen in einer Stadt, sind es auch schon mal bis zu 22 Cent innerhalb von 24 Stunden.\u201c G\u00fcnstige Tankzeiten finden sich \u00fcberall h\u00e4ufig zwischen 8 und 10 Uhr, 12 und 13 Uhr sowie 20 und 22 Uhr.<\/p>\n\n\n\n<p><em>infoRoad GmbH \/ Clever Tanken<br>01.03.2024<\/em><\/p>\n","protected":false},"excerpt":{"rendered":"<div class=\"mh-excerpt\"><p>Bundesagentur f\u00fcr Arbeit Frauen auf dem Arbeitsmarkt: mehr Teilzeit, mehr Ausl\u00e4nderinnen, aber nicht mehr F\u00fchrungsverantwortung N\u00fcrnberg \/ Deutschland &#8211; Die sozialversicherungspflichtige Besch\u00e4ftigung in Deutschland ist im vergangenen Jahr (Stichtag 30. Juni 2023) um 264.000 auf <a class=\"mh-excerpt-more\" href=\"https:\/\/speyer24news.com\/?p=58496\" title=\"Wirtschaft \/ Finanzen \/ Rente\">[&#8230;]<\/a><\/p>\n<\/div>","protected":false},"author":3,"featured_media":30614,"comment_status":"open","ping_status":"open","sticky":false,"template":"","format":"standard","meta":{"_monsterinsights_skip_tracking":false,"_monsterinsights_sitenote_active":false,"_monsterinsights_sitenote_note":"","_monsterinsights_sitenote_category":0,"footnotes":""},"categories":[29],"tags":[14910,17838,17840,27,4378,9854,551,16174,17544,10012,17533,17830,17839,17829,17833,14227,17837,16173,182,10322,17836,17834,6374,17832,14229,4844,303,6,11043,17835,31,17842,17831,10820,17841,1087,4698,14830,12488,14831,6539],"aioseo_notices":[],"amp_enabled":true,"_links":{"self":[{"href":"https:\/\/speyer24news.com\/index.php?rest_route=\/wp\/v2\/posts\/58496"}],"collection":[{"href":"https:\/\/speyer24news.com\/index.php?rest_route=\/wp\/v2\/posts"}],"about":[{"href":"https:\/\/speyer24news.com\/index.php?rest_route=\/wp\/v2\/types\/post"}],"author":[{"embeddable":true,"href":"https:\/\/speyer24news.com\/index.php?rest_route=\/wp\/v2\/users\/3"}],"replies":[{"embeddable":true,"href":"https:\/\/speyer24news.com\/index.php?rest_route=%2Fwp%2Fv2%2Fcomments&post=58496"}],"version-history":[{"count":2,"href":"https:\/\/speyer24news.com\/index.php?rest_route=\/wp\/v2\/posts\/58496\/revisions"}],"predecessor-version":[{"id":58513,"href":"https:\/\/speyer24news.com\/index.php?rest_route=\/wp\/v2\/posts\/58496\/revisions\/58513"}],"wp:featuredmedia":[{"embeddable":true,"href":"https:\/\/speyer24news.com\/index.php?rest_route=\/wp\/v2\/media\/30614"}],"wp:attachment":[{"href":"https:\/\/speyer24news.com\/index.php?rest_route=%2Fwp%2Fv2%2Fmedia&parent=58496"}],"wp:term":[{"taxonomy":"category","embeddable":true,"href":"https:\/\/speyer24news.com\/index.php?rest_route=%2Fwp%2Fv2%2Fcategories&post=58496"},{"taxonomy":"post_tag","embeddable":true,"href":"https:\/\/speyer24news.com\/index.php?rest_route=%2Fwp%2Fv2%2Ftags&post=58496"}],"curies":[{"name":"wp","href":"https:\/\/api.w.org\/{rel}","templated":true}]}}