{"id":58653,"date":"2024-03-14T19:44:20","date_gmt":"2024-03-14T18:44:20","guid":{"rendered":"https:\/\/speyer24news.com\/?p=58653"},"modified":"2024-03-17T07:49:18","modified_gmt":"2024-03-17T06:49:18","slug":"polizeimeldungen-mittwoch-13-03-24","status":"publish","type":"post","link":"https:\/\/speyer24news.com\/?p=58653","title":{"rendered":"Polizeimeldungen Mittwoch (13.03.24)"},"content":{"rendered":"<style type=\"text\/css\">\r\n\t.ads_top_disp{}\r\n\t.ads_top_corner_disp{ float:left; margin:0px 10px 10px 0px; }\r\n\t.ads_first_p_disp{}\r\n\t.ads_bottom_disp{}\r\n\t<\/style>\n<h2 class=\"wp-block-heading\">Polizeimeldungen vom Mittwoch (13.03.2024)<\/h2>\n\n\n<div class=\"wp-block-image\">\n<figure class=\"aligncenter size-full\"><img decoding=\"async\" loading=\"lazy\" width=\"375\" height=\"500\" src=\"https:\/\/speyer24news.com\/wp-content\/uploads\/2022\/03\/Aktuelles-Polizeilogo.jpg\" alt=\"\" class=\"wp-image-43591\" srcset=\"https:\/\/speyer24news.com\/wp-content\/uploads\/2022\/03\/Aktuelles-Polizeilogo.jpg 375w, https:\/\/speyer24news.com\/wp-content\/uploads\/2022\/03\/Aktuelles-Polizeilogo-225x300.jpg 225w\" sizes=\"(max-width: 375px) 100vw, 375px\" \/><\/figure><\/div>\n\n\n<h2 class=\"wp-block-heading\">(Speyer) &#8211; Ohne g\u00fcltigen &#8222;Lappen&#8220; Unfall verursacht<\/h2>\n\n\n\n<p>Am Dienstag, gegen 17:15 Uhr streifte ein 61-j\u00e4hriger PKW-Fahrer im Kiefernweg beim Vorbeifahren einen ordnungsgem\u00e4\u00df geparkten PKW und verursachte an diesem einen geringen Schaden in H\u00f6he von ca. 200 Euro. Bei der Unfallaufnahme stellte sich heraus, dass der 61-J\u00e4hrige nicht mehr in Besitz einer g\u00fcltigen Fahrerlaubnis ist, weshalb gegen ihn ein Verfahren wegen Fahren ohne Fahrerlaubnis eingeleitet wurde.<\/p>\n\n\n\n<h2 class=\"wp-block-heading\">(Speyer) &#8211; Diebstahl aus PKW<\/h2>\n\n\n\n<p>Am 11.03.2023, gegen 02:00 Uhr \u00f6ffnete ein unbekannter T\u00e4ter auf unbekannte Art und Weise einen ordnungsgem\u00e4\u00df geparkten PKW in der Franz-St\u00fctzel-Stra\u00dfe und entwendete aus diesem ca. 50 Euro Bargeld, zwei Jacken und mehrere Schl\u00fcssel. Gegen ca. 02:15 Uhr bekam die 26-j\u00e4hrige Fahrzeugeigent\u00fcmerin per App eine Mitteilung, dass ihr Fahrzeug nicht verschlossen sei. Bei der Nachschau stellte den Diebstahl fest, der unbekannte T\u00e4ter war bereits verschwunden.<\/p>\n\n\n\n<h4 class=\"wp-block-heading\">Die Polizei r\u00e4t dringend dazu, geparkte Fahrzeuge abzuschlie\u00dfen und gibt dar\u00fcber hinaus folgende Tipps: <\/h4>\n\n\n\n<ul>\n<li><strong>Stellen Sie Ihr Fahrzeug nicht nur zum Schutz vor Diebstahl auf gut beleuchteten und belebten Parkpl\u00e4tzen ab.<\/strong><\/li>\n\n\n\n<li><strong>Schlie\u00dfen Sie Ihr Fahrzeug grunds\u00e4tzlich ab. Achten Sie bei einem Funkschl\u00fcssel darauf, ob es tats\u00e4chlich verschlossen ist.<\/strong><\/li>\n\n\n\n<li><strong>Bei Fahrzeugen mit Keyless-Go-Funktion legen Sie den Fahrzeugschl\u00fcssel m\u00f6glichst weit entfernt, ggf. in einem metallischen Beh\u00e4ltnis, von Ihrem Fahrzeug ab.<\/strong><\/li>\n\n\n\n<li><strong>Lassen Sie keine Wertsachen oder Bargeld sichtbar liegen. Auch Verstecken ist nicht zu empfehlen, weil die Diebe jedes Versteck kennen. Hinzu kommt, dass diese Gegenst\u00e4nde vom Versicherungsschutz ausgeschlossen sind.<\/strong><\/li>\n\n\n\n<li><strong>Ausweise, Fahrzeugpapiere und andere Dokumente sollten niemals im Auto aufbewahrt werden. Nehmen Sie diese stets an sich, wenn Sie das Auto verlassen. Fertigen Sie vor einer Reise Kopien davon an. So haben Sie bei Verlust und Diebstahl alle Daten schnell zur Hand.<\/strong><\/li>\n<\/ul>\n\n\n\n<h2 class=\"wp-block-heading\">(Speyer) &#8211; Unfallverursacher gesucht<\/h2>\n\n\n\n<p>In der Zeit von Sonntag, 23:30 Uhr auf Montag, 12:30 Uhr verursachte ein unbekannter Verkehrsteilnehmer im Eselsdamm einen Verkehrsunfall und entfernte sich unerlaubt von der Unfallstelle. Im besagten Zeitraum parkte ein 46-J\u00e4hriger seinen PKW am Fahrbahnrand in einer eingezeichneten Parkfl\u00e4che vor dem Anwesen 54. Vermutlich stie\u00df der Unfallverursacher beim Ausparken von einem gegen\u00fcberliegenden Parkplatz in Queraufstellung mit seinem Fahrzeug gegen den PKW. Am PKW des 46-J\u00e4hrigen entstand ein Schaden in H\u00f6he von ca. 1000 Euro.<\/p>\n\n\n\n<ul>\n<li><strong>Wer kann Hinweise zu dem Unfall oder dem unfallverursachenden Fahrzeug geben? Zeugen, oder der Unfallverursacher selbst, werden gebeten, sich mit der Polizei Speyer telefonisch oder per E-Mail (Tel. 06232 \/ 137-0, E-Mail an&nbsp;<a href=\"mailto:%20pispeyer@polizei.rlp.de\">pispeyer@polizei.rlp.de<\/a>) in Verbindung zu setzen.<\/strong><\/li>\n<\/ul>\n\n\n\n<h2 class=\"wp-block-heading\">(Mutterstadt) &#8211; Drogeneinfluss bei PKW-Kontrolle<\/h2>\n\n\n\n<p>Am Dienstagabend gegen 22:40 Uhr wurde ein 20-J\u00e4hriger PKW-Fahrer in der Neustadter Stra\u00dfe einer Verkehrskontrolle unterzogen. Im Rahmen der Kontrolle konnten Hinweise auf eine Drogenbeeinflussung festgestellt werden. Durch einen Arzt wurde eine Blutprobe entnommen und die Weiterfahrt untersagt. Den Mann erwartet nun ein Ordnungswidrigkeitenverfahren und die F\u00fchrerscheinstelle wurde informiert.<\/p>\n\n\n\n<h2 class=\"wp-block-heading\">(B\u00f6hl-Iggelheim) &#8211; Unsichere Fahrweise \/ Weiterfahrt untersagt<\/h2>\n\n\n\n<p>Am 12.03.2024 gegen 11:55 Uhr wurde ein PKW auf der L528 mit unsicherer Fahrweise durch einen weiteren Verkehrsteilnehmer der Polizei gemeldet. Bei der anschlie\u00dfenden Kontrolle des 74-J\u00e4hrigen PKW-F\u00fchrers konnten Hinweise auf eine m\u00f6glicherweise medikamentenbedingte Fahruntauglichkeit erlangt werden. Daher wurde dem Fahrer durch einen Arzt eine Blutprobe entnommen und ein Strafverfahren eingeleitet. Die Weiterfahrt wurde ihm vor Ort untersagt.<\/p>\n\n\n\n<h2 class=\"wp-block-heading\">(R\u00fclzheim) &#8211; Schulweg\u00fcberwachung<\/h2>\n\n\n\n<p>Am Dienstagmorgen f\u00fchrten Bezirksbeamte der Polizei Germersheim zusammen mit dem Ordnungsamt der Verbandsgemeinde Schulwegkontrollen in R\u00fclzheim durch. Hierbei waren insgesamt vier Kinder nicht ordnungsgem\u00e4\u00df gesichert. Die Polizisten wurden durch mehrere Eltern angesprochen, die die Kontrolle sehr begr\u00fc\u00dften.<\/p>\n\n\n\n<h2 class=\"wp-block-heading\">(W\u00f6rth) &#8211; Fahren ohne Fahrerlaubnis<\/h2>\n\n\n\n<p>Dienstagabend wurde ein 25-j\u00e4hriger Mann aus W\u00f6rth einer Verkehrskontrolle unterzogen. Der Fahrzeugf\u00fchrer konnte keine g\u00fcltige Fahrerlaubnis vorweisen. Die Weiterfahrt wurde untersagt. Strafverfahren gegen den Fahrer sowie gegen den Halter (Zulassen des Fahrens ohne Fahrerlaubnis) wurden eingeleitet.<\/p>\n\n\n\n<h2 class=\"wp-block-heading\">(Kandel) &#8211; Alleinunfall unter Alkoholeinfluss<a href=\"https:\/\/www.facebook.com\/sharer.php?u=https%3A%2F%2Fwww.presseportal.de%2Fblaulicht%2Fpm%2F117686%2F5734378%2F%3Futm_source%3Dfacebook%26utm_medium%3Dsocial\"><\/a><a href=\"https:\/\/twitter.com\/intent\/tweet?text=POL-PDLD%3A%20Kandel%20-%20Alleinunfall%20unter%20Alkoholeinfluss&amp;url=https%3A%2F%2Fwww.presseportal.de%2Fblaulicht%2Fpm%2F117686%2F5734378%2F%3Futm_source%3Dtwitter%26utm_medium%3Dsocial&amp;hashtags=ots&amp;lang=de\"><\/a><a href=\"https:\/\/web.whatsapp.com\/send?text=POL-PDLD%3A%20Kandel%20-%20Alleinunfall%20unter%20Alkoholeinfluss%0A%0Ahttps%3A%2F%2Fwww.presseportal.de%2Fblaulicht%2Fpm%2F117686%2F5734378%2F%3Futm_source%3Dwhatsapp%26utm_medium%3Dsocial\"><\/a><a href=\"https:\/\/www.xing.com\/app\/user?op=share;url=https%3A%2F%2Fwww.presseportal.de%2Fblaulicht%2Fpm%2F117686%2F5734378%2F%3Futm_source%3Dxing%26utm_medium%3Dsocial\"><\/a><a href=\"http:\/\/www.linkedin.com\/shareArticle?mini=true&amp;url=https%3A%2F%2Fwww.presseportal.de%2Fblaulicht%2Fpm%2F117686%2F5734378%2F%3Futm_source%3Dlinkedin%26utm_medium%3Dsocial&amp;title=POL-PDLD%3A+Kandel+-+Alleinunfall+unter+Alkoholeinfluss\"><\/a><a href=\"mailto:?subject=POL-PDLD%3A%20Kandel%20-%20Alleinunfall%20unter%20Alkoholeinfluss&amp;body=https:\/\/www.presseportal.de\/blaulicht\/pm\/117686\/5734378\"><\/a><\/h2>\n\n\n<div class=\"wp-block-image\">\n<figure class=\"aligncenter\"><a href=\"https:\/\/cache.pressmailing.net\/thumbnail\/story_hires\/b69e8ffa-45a0-4b57-8e63-e5eff97c4cec\/Fahrzeug_im_Wald.jpg.jpg\"><img decoding=\"async\" src=\"https:\/\/cache.pressmailing.net\/thumbnail\/story_big\/b69e8ffa-45a0-4b57-8e63-e5eff97c4cec\/pol-pdld-kandel-alleinunfall-unter-alkoholeinfluss\" alt=\"POL-PDLD: Kandel - Alleinunfall unter Alkoholeinfluss\"\/><\/a><\/figure><\/div>\n\n\n<p>Dienstagnacht verursachte eine 36-j\u00e4hrige Frau im Kreisverkehr L549\/K10 (Hatzenb\u00fchler Kreisverkehr) einen Verkehrsunfall unter Alkoholeinfluss. Die Fahrzeugf\u00fchrerin war mit ihren zwei Kleinkindern unterwegs und \u00fcberfuhr den Kreisverkehr von Kandel kommend in Richtung Jockgrim. Anschlie\u00dfend kam sie von der Fahrbahn ab und landete im Wald. Schutzengel verhinderten einen Frontalzusammensto\u00df mit einem Baum. Das Fahrzeug kam wie durch ein Wunder zwischen mehreren B\u00e4umen zum Stillstand. Der Fahrerairbag l\u00f6ste dennoch aus. Bei der Unfallverursacherin ergab ein Alkoholtest einen Wert von 1,66 Promille. Ihr F\u00fchrerschein wurde daraufhin sichergestellt. Alle Beteiligten kamen vorsorglich in ein Krankenhaus. Dort wurde der Frau eine Blutprobe entnommen. Die Kinder wurden nach der Untersuchung der Gro\u00dfmutter \u00fcbergeben. Das zust\u00e4ndige Jugendamt wurde diesbez\u00fcglich verst\u00e4ndigt. Am abgeschleppten Fahrzeug entstand wirtschaftlicher Totalschaden. Aufgrund weiterer Besch\u00e4digungen wurden das Forstamt Bienwald, die Stra\u00dfenmeisterei Kandel und die Untere Wasserbeh\u00f6rde verst\u00e4ndigt.<\/p>\n\n\n\n<h2 class=\"wp-block-heading\">(Kandel) &#8211; Gemeinsame Schulwegkontrolle<\/h2>\n\n\n\n<p>Dienstagmorgen wurden in der Marktstra\u00dfe Schulwegkontrollen durchgef\u00fchrt. An der Kontrolle nahmen Mitarbeiter des Ordnungsamtes Kandel sowie Polizeikr\u00e4fte der Polizeiinspektion W\u00f6rth teil. Schwerpunkt der Kontrolle war die Thematik &#8222;Kindersicherung&#8220; sowie das Durchfahrtsverbot an der dortigen Bushaltestelle. Es ergaben sich 16 Verst\u00f6\u00dfe.<\/p>\n\n\n\n<h2 class=\"wp-block-heading\">(Klingenm\u00fcnster) &#8211; Radfahrerin beim Abbiegen \u00fcbersehen<\/h2>\n\n\n\n<p>Am 12.03.2024, um 10:30 Uhr, kam es in Klingenm\u00fcnster zu einem Verkehrsunfall mit Personenschaden. Der Fahrer eines Pkw Dacia Logan befuhr die Weinstra\u00dfe in Richtung Gleiszellen-Gleishorbach. An der Kreuzung in der Ortsmitte bog der 28-j\u00e4hrige Pkw-Fahrer nach links in Richtung Heuchelheim-Klingen ab und \u00fcbersah hierbei eine auf der Weinstra\u00dfe aus Richtung Gleiszellen-Gleishorbach kommende Radfahrerin. Die Radfahrerin stie\u00df gegen die Beifahrerseite des Pkw und st\u00fcrzte. Hierbei zog sich die 34-J\u00e4hrige leichte Verletzungen zu, welche im Krankenhaus ambulant behandelt wurden. An den Fahrzeugen entstand ein Sachschaden in H\u00f6he von 2000.- Euro.<\/p>\n\n\n\n<h2 class=\"wp-block-heading\">(Landau) &#8211; 4 x fehlender Versicherungsschutz<\/h2>\n\n\n\n<p>Gleich vier Verst\u00f6\u00dfe gegen das Pflichtversicherungsgesetz wurden am 12.03.2024 zur Anzeige gebracht. In drei F\u00e4llen handelte es sich um E-Scooter, in einem Fall um einen PKW ohne vorgeschriebenen Versicherungsschutz. In allen F\u00e4llen wurden entsprechende Strafverfahren eingeleitet.<\/p>\n\n\n\n<h2 class=\"wp-block-heading\">(Landau) &#8211; Verkehrskontrollen<\/h2>\n\n\n\n<p>Am 12.03.2024 kam es zu diversen Verkehrskontrollen im Stadtgebiet Landau. Zwischen 09:30 Uhr und 11:30 Uhr wurde eine Standkontrolle im Bereich der Queichheimer Br\u00fccke durchgef\u00fchrt. Hierbei mussten sechs Fahrzeugf\u00fchrer beanzeigt werden, weil sie w\u00e4hrend der Fahrt das Mobiltelefon benutzten. Sie m\u00fcssen sich auf ein Bu\u00dfgeld in H\u00f6he von 100 Euro sowie einen Punkt in der Verkehrss\u00fcnderdatei einstellen. Zwei Fahrzeugf\u00fchrer wurden geb\u00fchrenpflichtig verwarnt, da sie nicht angeschnallt waren.<\/p>\n\n\n\n<p>Zwischen 12 Uhr und 13 Uhr wurde die bestehende Einbahnstra\u00dfenregelung im Bereich der Otto-Kie\u00dfling-Stra\u00dfe kontrolliert. Hier wurden drei Verwarnungen ausgesprochen.<\/p>\n\n\n\n<p>Auch am Nachmittag wurde der flie\u00dfende Verkehr kontrolliert. Ergebnis: Sieben Fahrzeugf\u00fchrer waren nicht angeschnallt und zwei Fahrzeugf\u00fchrer nutzten das Mobiltelefon w\u00e4hrend der Fahrt. Auch ein Rotlichtversto\u00df musste beanzeigt werden.<\/p>\n\n\n\n<h2 class=\"wp-block-heading\">(Landau) &#8211; Kaffeeautomat aufgehebelt<\/h2>\n\n\n\n<p>Am Dienstag wurde zur Anzeige gebracht, dass bereits am 10.03.2024 gegen 15:10 Uhr der Kaffeeautomat des &#8222;Boarding-House Landau&#8220; in der Industriestra\u00dfe aufgehebelt wurde. Der entstandene Sachschaden bel\u00e4uft sich auf circa 1000 Euro. Als T\u00e4ter konnte ein 28-J\u00e4hriger aus Landau ermittelt werden. Er wird sich nun in einem entsprechenden Strafverfahren verantworten m\u00fcssen.<\/p>\n\n\n\n<h2 class=\"wp-block-heading\">(A 65 \/ Edesheim) &#8211; LKW-Kontrollen auf der A65<\/h2>\n\n\n\n<p>Am Mittwoch, den 13.03.2024 wurde auf der Rastst\u00e4tte Pf\u00e4lzer Weinstra\u00dfe Ost auf der A65 eine Kontrollstelle zur \u00dcberpr\u00fcfung des LKW-Verkehrs eingerichtet.<\/p>\n\n\n\n<p>Anwesend waren neben Beamten des Polizeidirektion Landau auch Beamte der Zentralen Verkehrsdienste aus Schifferstadt und des Zolls. Im Zeitraum von 9:00 Uhr bis 13:30 Uhr konnten insgesamt 11 LKWs einer Verkehrskontrolle unterzogen werden. Bei sechs LKWs konnten teils erhebliche M\u00e4ngel festgestellt werden, sodass drei von ihnen die Weiterfahrt untersagt wurde. Insgesamt wurden drei Ordnungswidrigkeitenanzeigen unter anderem wegen mangelnder Ladungssicherung gefertigt.<\/p>\n\n\n\n<h2 class=\"wp-block-heading\">(A 65 \/ Neustadt) &#8211; Totalschaden nach Verkehrsunfallflucht<a href=\"https:\/\/www.facebook.com\/sharer.php?u=https%3A%2F%2Fwww.presseportal.de%2Fblaulicht%2Fpm%2F117686%2F5734719%2F%3Futm_source%3Dfacebook%26utm_medium%3Dsocial\"><\/a><a href=\"https:\/\/twitter.com\/intent\/tweet?text=POL-PDLD%3A%20Totalschaden%20nach%20Verkehrsunfallflucht&amp;url=https%3A%2F%2Fwww.presseportal.de%2Fblaulicht%2Fpm%2F117686%2F5734719%2F%3Futm_source%3Dtwitter%26utm_medium%3Dsocial&amp;hashtags=ots&amp;lang=de\"><\/a><a href=\"https:\/\/web.whatsapp.com\/send?text=POL-PDLD%3A%20Totalschaden%20nach%20Verkehrsunfallflucht%0A%0Ahttps%3A%2F%2Fwww.presseportal.de%2Fblaulicht%2Fpm%2F117686%2F5734719%2F%3Futm_source%3Dwhatsapp%26utm_medium%3Dsocial\"><\/a><a href=\"https:\/\/www.xing.com\/app\/user?op=share;url=https%3A%2F%2Fwww.presseportal.de%2Fblaulicht%2Fpm%2F117686%2F5734719%2F%3Futm_source%3Dxing%26utm_medium%3Dsocial\"><\/a><a href=\"http:\/\/www.linkedin.com\/shareArticle?mini=true&amp;url=https%3A%2F%2Fwww.presseportal.de%2Fblaulicht%2Fpm%2F117686%2F5734719%2F%3Futm_source%3Dlinkedin%26utm_medium%3Dsocial&amp;title=POL-PDLD%3A+Totalschaden+nach+Verkehrsunfallflucht\"><\/a><a href=\"mailto:?subject=POL-PDLD%3A%20Totalschaden%20nach%20Verkehrsunfallflucht&amp;body=https:\/\/www.presseportal.de\/blaulicht\/pm\/117686\/5734719\"><\/a><\/h2>\n\n\n<div class=\"wp-block-image\">\n<figure class=\"aligncenter\"><a href=\"https:\/\/cache.pressmailing.net\/thumbnail\/story_hires\/a44001d8-3960-4857-906e-8b221dcf1cfd\/VU.jpg.jpg\"><img decoding=\"async\" src=\"https:\/\/cache.pressmailing.net\/thumbnail\/story_big\/a44001d8-3960-4857-906e-8b221dcf1cfd\/pol-pdld-totalschaden-nach-verkehrsunfallflucht\" alt=\"POL-PDLD: Totalschaden nach Verkehrsunfallflucht\"\/><\/a><\/figure><\/div>\n\n\n<p>Am Mittwochmittag, den 13.03.24 gegen 14:50 Uhr befuhr ein bislang unbekannter Unfallverursacher mit seinem dunkelfarbenen Kleinwagen die linke Fahrspur der A65 in Fahrtrichtung Ludwigshafen. Ungef\u00e4hr 1500m vor der Anschlussstelle Neustadt-S\u00fcd wechselte der Unfallverursacher auf die rechte Fahrspur, wobei dieser nur knapp vor einem 50-j\u00e4hrigen Autofahrer aus dem Landkreis Bad D\u00fcrkheim einscherte. Nach einem Ausweichman\u00f6ver verlor der 50-J\u00e4hrige die Kontrolle \u00fcber sein Fahrzeug, kam nach rechts von der Fahrbahn ab und \u00fcberschlug sich. Der unbekannte Unfallverursacher setzte indes seine Fahrt fort. Der 50-J\u00e4hrige sowie dessen Beifahrer wurden gl\u00fccklicherweise nicht verletzt. Am Fahrzeug entstand wirtschaftlicher Totalschaden. Weiterhin wurde ein Leitpfosten besch\u00e4digt und es entstand Flurschaden. Der Gesamtschaden bel\u00e4uft sich auf ca. 14000EUR. Die rechte Fahrspur wurde bis zur Bergung des Fahrzeugs sowie der Beendigung der Fahrbahnreinigung bis ungef\u00e4hr 18:30 Uhr gesperrt, wodurch es zu Verkehrsbeeintr\u00e4chtigungen kam. Neben der Polizei waren die Feuerwehr Edenkoben sowie die Autobahnmeisterei Kandel im Einsatz.<\/p>\n\n\n\n<ul>\n<li><strong>Hinweise zu dem dunkelfarbenen Kleinwagen oder dem bislang unbekannten Unfallverursacher nimmt die Polizei Edenkoben unter 06323 9550 oder&nbsp;<a href=\"mailto:%20piedenkoben@polizei.rlp.de\">piedenkoben@polizei.rlp.de<\/a>&nbsp;entgegen.<\/strong><\/li>\n<\/ul>\n\n\n\n<h2 class=\"wp-block-heading\">(Neustadt-Hambach) &#8211; Vermisste 84-J\u00e4hrige<\/h2>\n\n\n<div class=\"wp-block-image\">\n<figure class=\"aligncenter size-full\"><img decoding=\"async\" loading=\"lazy\" width=\"500\" height=\"638\" src=\"https:\/\/speyer24news.com\/wp-content\/uploads\/2024\/03\/Vermisste-1.jpg\" alt=\"\" class=\"wp-image-58656\" srcset=\"https:\/\/speyer24news.com\/wp-content\/uploads\/2024\/03\/Vermisste-1.jpg 500w, https:\/\/speyer24news.com\/wp-content\/uploads\/2024\/03\/Vermisste-1-235x300.jpg 235w\" sizes=\"(max-width: 500px) 100vw, 500px\" \/><\/figure><\/div>\n\n\n<p>Seit Sonntag, den 10.03.2024, wird die 84-j\u00e4hrige Marie L. aus Neustadt-Hambach vermisst. Die Dame hat am Sonntag, um 15 Uhr, letztmals mit ihrem Sohn telefoniert, seitdem hat niemand Kontakt zu ihr. Ein Mobiltelefon hat sie nicht dabei, ein Fahrzeug besitzt sie nicht. Alle bisherigen polizeilichen Ma\u00dfnahmen verliefen erfolglos. Die Frau konnte weder zuhause noch im nahegelegen Umfeld aufgefunden werden. Bei der Absuche mit Diensthunden verlor sich ihre Spur am Friedhof in Hambach.<\/p>\n\n\n\n<p>Aufgrund Ihres Alters und der Notwendigkeit der Einnahme von Medikamenten ist anzunehmen, dass sich Frau L. in einer hilflosen Lage befindet. <\/p>\n\n\n\n<h4 class=\"wp-block-heading\">Personenbeschreibung:<\/h4>\n\n\n\n<ul>\n<li><strong>165 cm klein<\/strong><\/li>\n\n\n\n<li><strong>50 kg<\/strong><\/li>\n\n\n\n<li><strong>graue mittellange Haare<\/strong><\/li>\n\n\n\n<li><strong>2 schwarze Walkingst\u00f6cke<\/strong><\/li>\n<\/ul>\n\n\n\n<ul>\n<li><strong>Wer hat Frau L. nach dem 10.03.2024, 15 Uhr gesehen?<\/strong><\/li>\n\n\n\n<li><strong>Wer kann Hinweise zu ihrem Aufenthaltsort machen?<\/strong><\/li>\n<\/ul>\n\n\n\n<ul>\n<li><strong>Die Kriminalpolizei Neustadt bittet um Zeugenhinweise unter Telefonnummer 06321 \/ 854-0.<\/strong><\/li>\n<\/ul>\n\n\n\n<h2 class=\"wp-block-heading\">(Lambsheim) &#8211; Verkehrsunfall mit Verletzten Zeugen gesucht<\/h2>\n\n\n\n<p>Zu einem Verkehrsunfall mit Verletzten kam es am Dienstag, den 12.03.2024, gegen 18:00 Uhr an der Einm\u00fcndung der K2 zur L522 bei Lambsheim. Die 46- j\u00e4hrige Fahrerin eines Opels fuhr auf der L522 aus Richtung Lambsheim kommend in Fahrtrichtung Frankenthal. Ein 21-j\u00e4hriger Fahrer fuhr mit seinem VW auf der K2 aus Richtung Maxdorf kommend und wollte nach links auf die L522 abbiegen. Hierbei kam es zur Kollision. Sowohl die 46-J\u00e4hrige, als auch der 21-J\u00e4hrige und dessen Beifahrer wurden leicht verletzt. An beiden Fahrzeugen entstand Sachschaden. Die Fahrzeuge mussten abgeschleppt werden. <\/p>\n\n\n\n<ul>\n<li><strong>Zeugen, die Angaben zum Unfall machen k\u00f6nnen, werden gebeten sich an die Polizeiwache Maxdorf unter der Tel.-Nr.: 06237\/934-1100 oder an die Polizeiinspektion Frankenthal unter der Tel.-Nr.: 06233-3130 zu wenden. Gerne nehmen wir Ihre Hinweise auch per Mail unter&nbsp;<a href=\"mailto:%20pwmaxdorf@polizei.rlp.de\">pwmaxdorf@polizei.rlp.de<\/a>&nbsp;entgegen<\/strong><\/li>\n<\/ul>\n\n\n\n<h2 class=\"wp-block-heading\">(Ludwigshafen) &#8211; Polizeieinsatz<\/h2>\n\n\n<div class=\"wp-block-image\">\n<figure class=\"aligncenter size-full\"><img decoding=\"async\" loading=\"lazy\" width=\"801\" height=\"600\" src=\"https:\/\/speyer24news.com\/wp-content\/uploads\/2020\/05\/Zeugen-gesucht-Neutral.jpg\" alt=\"\" class=\"wp-image-26598\" srcset=\"https:\/\/speyer24news.com\/wp-content\/uploads\/2020\/05\/Zeugen-gesucht-Neutral.jpg 801w, https:\/\/speyer24news.com\/wp-content\/uploads\/2020\/05\/Zeugen-gesucht-Neutral-300x225.jpg 300w, https:\/\/speyer24news.com\/wp-content\/uploads\/2020\/05\/Zeugen-gesucht-Neutral-768x575.jpg 768w, https:\/\/speyer24news.com\/wp-content\/uploads\/2020\/05\/Zeugen-gesucht-Neutral-678x509.jpg 678w, https:\/\/speyer24news.com\/wp-content\/uploads\/2020\/05\/Zeugen-gesucht-Neutral-326x245.jpg 326w, https:\/\/speyer24news.com\/wp-content\/uploads\/2020\/05\/Zeugen-gesucht-Neutral-80x60.jpg 80w\" sizes=\"(max-width: 801px) 100vw, 801px\" \/><\/figure><\/div>\n\n\n<p>Am Mittwochnachmittag (13.03.2024), gegen 15:45 Uhr, kam es in Ludwigshafen-Rheing\u00f6nheim zu einem Polizeieinsatz, nachdem eine Frau von der Br\u00fccke der Eisenbahnstra\u00dfe auf die darunter verlaufende B44 fiel. Die Frau wurde schwer verletzt in ein Krankenhaus gebracht. Die Hintergr\u00fcnde zu dem Vorfall sind Gegenstand der laufenden Ermittlungen. Nach ersten Zeugenaussagen gibt es keinerlei Hinweise auf Fremdverschulden.<\/p>\n\n\n\n<p>Die B44 in Richtung Ludwigshafen &#8211; Mundenheim wurde zeitweise gesperrt, weshalb es aktuell zu Verkehrsbehinderungen kommt.<\/p>\n\n\n\n<ul>\n<li><strong>Hinweise bitte an die Polizeiinspektion Ludwigshafen 1, Telefonnummer 0621 963-2122 oder per E-Mail&nbsp;<a href=\"mailto:%20piludwigshafen1@polizei.rlp.de\">piludwigshafen1@polizei.rlp.de<\/a>&nbsp;.<\/strong><\/li>\n<\/ul>\n\n\n\n<h2 class=\"wp-block-heading\">(Ludwigshafen) &#8211; 12-J\u00e4hriger vermisst \/ \u00d6ffentlichkeitsfahndung<\/h2>\n\n\n<div class=\"wp-block-image\">\n<figure class=\"aligncenter size-full\"><img decoding=\"async\" loading=\"lazy\" width=\"800\" height=\"588\" src=\"https:\/\/speyer24news.com\/wp-content\/uploads\/2024\/03\/Vermisster-1.jpg\" alt=\"\" class=\"wp-image-58657\" srcset=\"https:\/\/speyer24news.com\/wp-content\/uploads\/2024\/03\/Vermisster-1.jpg 800w, https:\/\/speyer24news.com\/wp-content\/uploads\/2024\/03\/Vermisster-1-300x221.jpg 300w, https:\/\/speyer24news.com\/wp-content\/uploads\/2024\/03\/Vermisster-1-768x564.jpg 768w, https:\/\/speyer24news.com\/wp-content\/uploads\/2024\/03\/Vermisster-1-80x60.jpg 80w\" sizes=\"(max-width: 800px) 100vw, 800px\" \/><\/figure><\/div>\n\n\n<p>Seit Mittwoch, den 13.03.2024 wird der 12-j\u00e4hrige Aaron M. aus Ludwigshafen vermisst. Er verlie\u00df am Mittwochmorgen eine Betreuungseinrichtung in Ludwigshafen Gartenstadt und kehrte nicht dorthin zur\u00fcck. Trotz durchgef\u00fchrter Suchma\u00dfnahmen konnte der Vermisste bislang nicht angetroffen werden. Daher bittet die Polizei die Bev\u00f6lkerung um Mithilfe.<\/p>\n\n\n\n<h4 class=\"wp-block-heading\">Personenbeschreibung:<\/h4>\n\n\n\n<ul>\n<li><strong>160 cm gro\u00df<\/strong><\/li>\n\n\n\n<li><strong>60kg schwer<\/strong><\/li>\n\n\n\n<li><strong>Kurze dunkle Haare<\/strong><\/li>\n\n\n\n<li><strong>Schwarze Hose<\/strong><\/li>\n\n\n\n<li><strong>Brauner Pullover<\/strong><\/li>\n<\/ul>\n\n\n\n<ul>\n<li><strong>Wer hat Aaron gesehen oder kann Hinweise zu seinem Aufenthalt geben?<\/strong><\/li>\n<\/ul>\n\n\n\n<ul>\n<li><strong>Zeugen, die Hinweise auf den Aufenthalt des Vermissten geben k\u00f6nnen, werden gebeten, sich unter der Telefonnummer 0621-963-2122 an die Polizeiinspektion Ludwigshafen 1 zu wenden.<\/strong><\/li>\n<\/ul>\n\n\n\n<h4 class=\"wp-block-heading\">Wenn Sie den Vermissten sehen, behalten Sie diesen bitte im Blick und verst\u00e4ndigen Sie \u00fcber den Notruf 110 die Polizei!<\/h4>\n\n\n\n<h2 class=\"wp-block-heading\">(Ludwigshafen) &#8211; Unfallflucht in der Carl-Bosch-Stra\u00dfe \/ Zeugen gesucht<\/h2>\n\n\n\n<p>In der Zeit vom 12.03.2024, 22 Uhr bis zum 13.03.2024, 5 Uhr, fuhr ein Unbekannter in der Carl-Bosch-Stra\u00dfe gegen einen geparkten Seat. Dieses wurde durch den Zusammensto\u00df auf ein anderes geparktes Auto (Ford) geschoben. Der Unfallverursacher fl\u00fcchtete vom Unfallort, ohne sich um den entstandenen Schaden in H\u00f6he von rund 6.000 Euro zu k\u00fcmmern.<\/p>\n\n\n\n<ul>\n<li><strong>Haben Sie den Unfall beobachtet oder k\u00f6nnen Sie Hinweise geben?<\/strong><\/li>\n\n\n\n<li><strong>Dann melden Sie sich bitte bei der Polizeiinspektion Ludwigshafen 2, unter Telefonnummer 0621 963-2222 oder per E-Mail&nbsp;<a href=\"mailto:%20piludwigshafen2@polizei.rlp.de\">piludwigshafen2@polizei.rlp.de<\/a>&nbsp;.<\/strong><\/li>\n<\/ul>\n\n\n\n<h2 class=\"wp-block-heading\">(Ludwigshafen) &#8211; Alkoholisiert Unfall verursacht<\/h2>\n\n\n\n<p>Am Dienstagabend (12.03.2024, gegen 20 Uhr) verlor ein 19-j\u00e4hriger Autofahrer in der Yorckstra\u00dfe, vermutlich aufgrund \u00fcberh\u00f6hter Geschwindigkeit, die Kontrolle \u00fcber sein Auto. Vor der Einm\u00fcndung zur Mundenheimer Stra\u00dfe geriet das Auto auf die Gegenfahrbahn und kollidierte mit einem Br\u00fcckenpfeiler. Der Fahrer war leicht alkoholisiert. Ein Atemalkoholtest ergab einen Wert von 0,48 Promille. Durch den Unfall entstand ein Schaden in H\u00f6he von rund 15.000 Euro. Der 19-j\u00e4hrige Fahrer und seine 17-j\u00e4hrige Beifahrerin wurden durch den Unfall leicht verletzt. Beide wurden mit dem Rettungsdienst in ein Krankenhaus gebracht. Um die genaue Alkoholisierung festzustellen, wurde dem Fahrer im Krankenhaus eine Blutprobe entnommen. Au\u00dferdem stellten Polizeikr\u00e4fte den F\u00fchrerschein und das Auto des Mannes sicher. Er muss sich nun wegen Stra\u00dfenverkehrsgef\u00e4hrdung verantworten. Gegen ihn kann eine Freiheitsstrafe bis zu f\u00fcnf Jahre oder eine Geldstrafe verh\u00e4ngt werden. Au\u00dferdem wird die F\u00fchrerscheinstelle die Geeignetheit des Unfallverursachers \u00fcberpr\u00fcfen.<\/p>\n\n\n\n<h2 class=\"wp-block-heading\">(Ludwigshafen) &#8211; Betrunkener Fahrradfahrer in Unfall verwickelt<\/h2>\n\n\n\n<p>Dienstagabend (12.03.2024,18:14 Uhr) befuhr ein 29-J\u00e4hriger mit seinem Auto die K3 und wollte nach rechts in die Mannheimer Stra\u00dfe abbiegen. Hierbei stie\u00df er mit einem von rechts kommenden 32-j\u00e4hrigen Fahrradfahrer zusammen. Dieser st\u00fcrzte nicht und blieb unverletzt. Bei der Unfallaufnahme nahm die Polizei Alkoholgeruch bei dem Radfahrer war. Ein durchgef\u00fchrter Atemalkoholtest ergab 0,9 Promille, weswegen ihm eine Blutprobe entnommen wurde. Gegen die beiden Unfallbeteiligten laufen nun Ermittlungen.<\/p>\n\n\n\n<h2 class=\"wp-block-heading\">(Ludwigshafen) &#8211; Erpresserische Mail<\/h2>\n\n\n\n<p>Am Dienstagmorgen (12.03.2024, 10 Uhr) erhielt eine Ludwigshafenerin eine Mail, dass ihr Account gehackt worden sei. Eine bisher unbekannte Person erpresste die 54-J\u00e4hrige, mit der Verbreitung von Videos, und forderte 500 Dollar. Die Ludwigshafenerin \u00fcberwies das geforderte Geld nicht. Es entstand kein Sachschaden.<\/p>\n\n\n\n<h4 class=\"wp-block-heading\">Bitte beachten Sie:<\/h4>\n\n\n\n<ul>\n<li><strong>\u00dcberweisen Sie kein Geld. Die Erpressung h\u00f6rt nach der Zahlung meist nicht auf.<\/strong><\/li>\n\n\n\n<li><strong>Speichern Sie alle E-Mails als Beweis.<\/strong><\/li>\n\n\n\n<li><strong>Erstatten Sie Anzeige bei der Polizei.<\/strong><\/li>\n\n\n\n<li><strong>Machen Sie, wenn noch m\u00f6glich, bereits geleistete Zahlungen r\u00fcckg\u00e4ngig und erstatten Sie Anzeige bei der Polizei. Heben Sie \u00dcberweisungsbelege usw. auf.<\/strong><\/li>\n<\/ul>\n\n\n\n<h4 class=\"wp-block-heading\"><em>Auf der Internet-Seite&nbsp;<a href=\"https:\/\/s.rlp.de\/qtmtL\" target=\"_blank\" rel=\"noreferrer noopener\">https:\/\/s.rlp.de\/qtmtL<\/a>&nbsp;finden Sie umfangreiche Informationen zu diesem Thema.<\/em><\/h4>\n\n\n\n<h2 class=\"wp-block-heading\">(Ludwigshafen) &#8211; Auffahrunfall in der Saarlandstra\u00dfe &#8211; Unfallbeteiligter gesucht<\/h2>\n\n\n\n<p>Am Dienstagmorgen (12.03.2024), gegen 8:50 Uhr, fuhr eine 23-J\u00e4hrige mit ihrem Auto in der Saarlandstra\u00dfe auf einen Transporter mit Anh\u00e4nger auf, als dieser an der Einm\u00fcndung zur Herderstra\u00dfe bremsen musste. An ihrem Auto entstand ein Schaden in H\u00f6he von rund 5.000 Euro. Der wei\u00dfe Transporter fuhr nach dem Unfall weiter, ohne seine Daten zu hinterlassen. Die 23-J\u00e4hrige meldete den Unfall deshalb der Polizei. Bei dem fl\u00fcchtigen Transporter soll es sich um einen wei\u00dfen Transporter, vermutlich von einer Garten-\/Landschafts- oder Baufirma handeln. An dem Transporter befand sich ein Anh\u00e4nger.<\/p>\n\n\n\n<ul>\n<li><strong>Der Fahrer bzw. die Fahrerin des Transporters oder Zeugen die Hinweise geben k\u00f6nnen, werden gebeten sich bei der Polizeiinspektion Ludwigshafen 1, unter Telefonnummer 0621 963-2122 oder per E-Mail&nbsp;<a href=\"mailto:%20piludwigshafen1@polizei.rlp.de\">piludwigshafen1@polizei.rlp.de<\/a>&nbsp;zu melden.<\/strong><\/li>\n<\/ul>\n\n\n\n<h2 class=\"wp-block-heading\">(Ludwigshafen) &#8211; Roller gestohlen<\/h2>\n\n\n\n<p>Am sp\u00e4ten Montagabend (11.03.2024), gegen 23:00 Uhr, stahlen zwei Jugendliche einen Roller in der Eisenbahnstra\u00dfe. Der Schaden bel\u00e4uft sich auf rund 650 Euro. Die Jugendlichen wurden von einer Videokamera aufgezeichnet. Beide waren m\u00e4nnlich, einer trug eine dunkle und einer eine helle Kapuzenjacke. Zu einem versuchten Rollerdiebstahl kam es in der Zeit vom 11.03.2024, 20 Uhr bis zum 12.03.2024, 5 Uhr, in der Stra\u00dfe Im kurzen Winkel. Durch den Diebstahlsversuch wurde der Roller besch\u00e4digt. Die genaue Schadensh\u00f6he ist derzeit noch nicht bekannt. Ob ein Zusammenhang zwischen den Taten besteht, ist Bestandteil der Ermittlungen.<\/p>\n\n\n\n<ul>\n<li><strong>Haben Sie verd\u00e4chtige Personen in der Eisenbahnstra\u00dfe oder Im kurzen Winkel beobachtet?<\/strong><\/li>\n\n\n\n<li><strong>Dann melden Sie sich bitte bei der Polizeiinspektion Ludwigshafen 1, Telefonnummer 0621 963-2122 oder per E-Mail&nbsp;<a href=\"mailto:%20piludwigshafen1@polizei.rlp.de\">piludwigshafen1@polizei.rlp.de<\/a>&nbsp;.<\/strong><\/li>\n<\/ul>\n\n\n\n<h2 class=\"wp-block-heading\">(Ludwigshafen) &#8211; Falscher Microsoft-Mitarbeiter<\/h2>\n\n\n\n<p>Am 08.03.2024, gegen 11 Uhr, wurde eine 76-J\u00e4hrige beim Surfen im Internet auf eine Seite weitergeleitet, die sie nicht wegklicken konnte. Zudem erschien ein Hinweisfeld mit einer Telefonnummer. Die 76-J\u00e4hrige rief diese an. Am anderen Ende der Leitung antworte eine angeblicher Microsoft-Mitarbeiter und gab ihr gegen\u00fcber an, dass ihr Computer gehackt wurde. Die Seniorin sollte Xbox-Gutscheinkarten im Wert von 400 Euro kaufen, damit man ihr helfen k\u00f6nne. Die 76-J\u00e4hrige erkannte den Betrugsversuch und beendete das Telefonat. Es entstand kein Sachschaden.<\/p>\n\n\n\n<h2 class=\"wp-block-heading\">(Mannheim) &#8211; Betrunkener Autofahrer ohne F\u00fchrerschein in K\u00e4fertal unterwegs<\/h2>\n\n\n\n<p>Am Dienstag fiel einer Streife des Polizeireviers Mannheim-K\u00e4fertal ein Audi in der Waldstra\u00dfe durch eine unsichere Fahrweise auf. Bei der Kontrolle des Fahrers um kurz vor 23 Uhr zeigt sich, dass der 37-J\u00e4hrige deutlich unter Alkoholeinfluss stand. Ein Atemtest ergab einen Wert von \u00fcber 2,2 Promille. Dem Mann wurde die Weiterfahrt untersagt. Er musste eine Blutprobe abgeben. Eine g\u00fcltige Fahrerlaubnis besa\u00df der Mann nicht.<\/p>\n\n\n\n<p>Der 37-J\u00e4hrige muss sich nun wegen Trunkenheit im Stra\u00dfenverkehr sowie wegen des Fahrens ohne Fahrerlaubnis verantworten.<\/p>\n\n\n\n<h2 class=\"wp-block-heading\">(Mannheim) &#8211; 77-J\u00e4hrige besch\u00e4digt mehrere Fahrzeuge \/ 13.000 Euro Schaden<\/h2>\n\n\n\n<p>Zu einem Verkehrsunfall kam es am Dienstag gegen 12:10 Uhr in der Dudenstra\u00dfe. Eine 77-j\u00e4hrige Opel-Fahrerin befuhr die Dudenstra\u00dfe in Fahrtrichtung K\u00e4fertaler Stra\u00dfe. Auf H\u00f6he der Kreuzung zur Joseph-Meyer-Stra\u00dfe besch\u00e4digte die Frau im Vorbeifahren zwei am Fahrbahnrand geparkte BMW. Verletzt wurde gl\u00fccklicherweise niemand, das Auto der 77-J\u00e4hrigen war nicht mehr fahrbereit und musste abgeschleppt werden. Der entstandene Sachschaden bel\u00e4uft sich auf circa 13.000 Euro.<\/p>\n\n\n\n<h2 class=\"wp-block-heading\">(Mannheim) &#8211; Unbekannte bespr\u00fchen Parkhaus \/ Polizei sucht Zeugen<\/h2>\n\n\n\n<p>Zu einem nicht n\u00e4her bestimmbaren Zeitpunkt zwischen 8 Uhr am Donnerstag, den 07.03.2024 und 8 Uhr am Dienstag, den 12.03.2024 bespr\u00fchte eine bislang unbekannte T\u00e4terschaft ein Parkhaus in der Oskar-Meixner-Stra\u00dfe. Bei den gro\u00dffl\u00e4chig auf die Fassade angebrachten Farbschmierereien handelte es sich um mehrere Buchstabenk\u00fcrzel. Die genaue Schadensh\u00f6he ist bislang nicht bekannt. Das Polizeirevier Mannheim-Neckarau ermittelt nun wegen Sachbesch\u00e4digung.<\/p>\n\n\n\n<ul>\n<li><strong>Zeugen, die sachdienliche Hinweise geben k\u00f6nnen, werden gebeten, sich beim Polizeirevier Mannheim-Neckarau unter der Telefonnummer 0621-83397-0 zu melden.<\/strong><\/li>\n<\/ul>\n\n\n\n<h2 class=\"wp-block-heading\">(Mannheim) &#8211; Unbekannte entwenden Kabel in Neckarau \/ Polizei sucht Zeugen<\/h2>\n\n\n\n<p>Zu einem nicht n\u00e4her bestimmbaren Zeitpunkt zwischen 18 Uhr am Montag und 7 Uhr am Dienstag verschaffte sich eine bislang unbekannte T\u00e4terschaft Zutritt zu einer Firma in der Franz-Grashof-Stra\u00dfe. Dabei \u00fcberstieg sie einen Zaun und entwendete vom Gel\u00e4nde mehrere Kupferkabel und Kabelreste. Die genaue Schadensh\u00f6he ist bislang nicht bekannt. Das Polizeirevier Mannheim-Neckarau nahm die Ermittlungen hinsichtlich des besonders schweren Falls des Diebstahls auf.<\/p>\n\n\n\n<ul>\n<li><strong>Zeugen, die sachdienliche Hinweise geben k\u00f6nnen, werden gebeten, sich beim Polizeirevier Mannheim-Neckarau unter der Telefonnummer 0621\/83397-0 zu melden.<\/strong><\/li>\n<\/ul>\n\n\n\n<h2 class=\"wp-block-heading\">(Heidelberg \/ Mannheim \/ Rhein-Neckar-Kreis) &#8211; Polizeipr\u00e4sident Siegfried Kollmar unerwartet verstorben<\/h2>\n\n\n<div class=\"wp-block-image\">\n<figure class=\"aligncenter size-full\"><img decoding=\"async\" loading=\"lazy\" width=\"800\" height=\"594\" src=\"https:\/\/speyer24news.com\/wp-content\/uploads\/2024\/03\/Kollmar.jpeg\" alt=\"\" class=\"wp-image-58664\" srcset=\"https:\/\/speyer24news.com\/wp-content\/uploads\/2024\/03\/Kollmar.jpeg 800w, https:\/\/speyer24news.com\/wp-content\/uploads\/2024\/03\/Kollmar-300x223.jpeg 300w, https:\/\/speyer24news.com\/wp-content\/uploads\/2024\/03\/Kollmar-768x570.jpeg 768w, https:\/\/speyer24news.com\/wp-content\/uploads\/2024\/03\/Kollmar-80x60.jpeg 80w\" sizes=\"(max-width: 800px) 100vw, 800px\" \/><\/figure><\/div>\n\n\n<p>Am Abend des 12. M\u00e4rz erreichte uns unerwartet die Mitteilung, dass Polizeipr\u00e4sident Siegfried Kollmar nach einer geplanten Operation verstorben ist. Siegfried Kollmar war seit 2021 Polizeipr\u00e4sident des Polizeipr\u00e4sidiums Mannheim. Die Besch\u00e4ftigten des Polizeipr\u00e4sidiums sind tief betroffen vom Tod ihres Dienststellenleiters. Unsere Gedanken sind bei seiner Familie. Die Dienststelle wird bis auf weiteres durch Polizeivizepr\u00e4sidentin Ulrike Sch\u00e4fer geleitet.<\/p>\n\n\n\n<h2 class=\"wp-block-heading\">(Heidelberg) &#8211; Autofahrerin verursacht hohen Sachschaden bei Verkehrsunfall<\/h2>\n\n\n\n<p>Eine 32-j\u00e4hrige BMW-Fahrerin kollidierte am Montagnachmittag gegen 15 Uhr mit dem Volvo einer 36-j\u00e4hrigen m\u00e4nnlichen Person beim Verlassen eines Grundst\u00fcckes in der Rudolf-Diesel-Stra\u00dfe.<\/p>\n\n\n\n<p>Als die 32-J\u00e4hrige von einem Grundst\u00fcck in den flie\u00dfenden Verkehr der Rudolf-Diesel-Stra\u00dfe einfahren wollte, \u00fcbersah sie beim Einfahren nach links den im Verkehrsfluss befindlichen 36-j\u00e4hrigen Autofahrer. Dabei kam es in der weiteren Folge zu einem Zusammensto\u00df. Auf Grund der Besch\u00e4digungen sind beide Fahrzeuge nicht mehr fahrbereit und mussten abgeschleppt werden. Der Gesamtsachschaden wird auf ca. 30.000 Euro gesch\u00e4tzt. Zudem erlitt der 36-J\u00e4hrige durch den Aufprall leichte Verletzungen.<\/p>\n\n\n\n<p>Das Polizeirevier Heidelberg-Mitte hat die Ermittlungen aufgenommen.<\/p>\n\n\n\n<h2 class=\"wp-block-heading\">(Br\u00fchl \/ Rhein-Neckar-Kreis) &#8211; Einbruch in zwei Kellerparzellen<\/h2>\n\n\n<div class=\"wp-block-image\">\n<figure class=\"aligncenter size-full\"><img decoding=\"async\" loading=\"lazy\" width=\"333\" height=\"500\" src=\"https:\/\/speyer24news.com\/wp-content\/uploads\/2019\/10\/Kellereinbruch-RLP.jpg\" alt=\"\" class=\"wp-image-21489\" srcset=\"https:\/\/speyer24news.com\/wp-content\/uploads\/2019\/10\/Kellereinbruch-RLP.jpg 333w, https:\/\/speyer24news.com\/wp-content\/uploads\/2019\/10\/Kellereinbruch-RLP-200x300.jpg 200w\" sizes=\"(max-width: 333px) 100vw, 333px\" \/><\/figure><\/div>\n\n\n<p>Am Dienstag gegen 20 Uhr verschafften sich drei unbekannte Personen auf unbekannte Art und Weise Zutritt in ein Anwesen in der Normannenstra\u00dfe. Sie begaben sich in die Kellerr\u00e4umlichkeiten und brachen in zwei dortige Kellerparzellen ein. Aus einer Parzelle entwendeten sie eine Spielkonsole. Anschlie\u00dfend verlie\u00dfen sie das Anwesen und gingen in unbekannte Richtung davon. Ob weitere Sachen entwendet wurden und wie hoch der entstandene Diebstahlschaden ist, ist bislang noch unbekannt.<\/p>\n\n\n\n<h4 class=\"wp-block-heading\">Die drei T\u00e4ter k\u00f6nnen wie folgt beschrieben werden:<\/h4>\n\n\n\n<ol>\n<li><strong>T\u00e4ter: m\u00e4nnlich, ca. 14-16 Jahre alt, schlank, s\u00fcdosteurop\u00e4isches Aussehen, ca. 1,50 &#8211; 1,60 m, dunkle Haarfarbe, schwarze\/dunkelblaue Windjacke, dunkle Jeans, dunkle Schuhe<\/strong><\/li>\n\n\n\n<li><strong>T\u00e4ter: m\u00e4nnlich, ca. 14-16 Jahre alt, schlank, s\u00fcdosteurop\u00e4isches Aussehen, ca. 1,65 m, dunkle Haarfarbe, schwarze\/dunkelblaue Windjacke, dunkle Jeans, dunkle Schuhe<\/strong><\/li>\n\n\n\n<li><strong>T\u00e4ter: m\u00e4nnlich, ca. 14-16 Jahre alt, schlank, s\u00fcdosteurop\u00e4isches Aussehen, klein, dunkle Haare, rote Jacke<\/strong><\/li>\n<\/ol>\n\n\n\n<ul>\n<li><strong>Zeugen, die Hinweise zu den unbekannten T\u00e4tern oder der Tat geben k\u00f6nnen, werden gebeten, sich beim Polizeirevier Mannheim-Neckarau zu melden, unter: 0621-833970.<\/strong><\/li>\n<\/ul>\n\n\n\n<h2 class=\"wp-block-heading\">(Neulu\u00dfheim \/ Rhein-Neckar-Kreis) &#8211; Unbekannter Mann ohrfeigt 11-J\u00e4hrigen und fl\u00fcchtet<\/h2>\n\n\n<div class=\"wp-block-image\">\n<figure class=\"aligncenter size-full\"><img decoding=\"async\" loading=\"lazy\" width=\"800\" height=\"592\" src=\"https:\/\/speyer24news.com\/wp-content\/uploads\/2023\/02\/Achtung.jpeg\" alt=\"\" class=\"wp-image-51381\" srcset=\"https:\/\/speyer24news.com\/wp-content\/uploads\/2023\/02\/Achtung.jpeg 800w, https:\/\/speyer24news.com\/wp-content\/uploads\/2023\/02\/Achtung-300x222.jpeg 300w, https:\/\/speyer24news.com\/wp-content\/uploads\/2023\/02\/Achtung-768x568.jpeg 768w, https:\/\/speyer24news.com\/wp-content\/uploads\/2023\/02\/Achtung-80x60.jpeg 80w\" sizes=\"(max-width: 800px) 100vw, 800px\" \/><\/figure><\/div>\n\n\n<p>Am Freitag befand sich ein 11-J\u00e4hriger in einer Jugendeinrichtung in der Sankt-Leoner-Stra\u00dfe, als er gegen 17.30 Uhr beobachtete, wie ein unbekannter Mann die bereits verlassenen R\u00e4umlichkeiten eines Kindergartens betrat und nach kurzer Zeit diese wieder verlie\u00df. Der 11-J\u00e4hrige ging zu dem Unbekannten und fragte ihn, was er dort zu suchen hatte, woraufhin dieser dem 11-J\u00e4hrigen eine Ohrfeige gab und davonrannte.<\/p>\n\n\n\n<h4 class=\"wp-block-heading\">Der Mann kann wie folgt beschrieben werden:<\/h4>\n\n\n\n<ul>\n<li><strong>ca. 20 Jahre alt<\/strong><\/li>\n\n\n\n<li><strong>grasgr\u00fcne Steppjacke<\/strong><\/li>\n\n\n\n<li><strong>schwarzer Pullover unter der Jacke<\/strong><\/li>\n\n\n\n<li><strong>schwarze Jeans<\/strong><\/li>\n\n\n\n<li><strong>braune Haare<\/strong><\/li>\n\n\n\n<li><strong>schwarze Schildm\u00fctze<\/strong><\/li>\n\n\n\n<li><strong>Schuhe Nike schwarz mit wei\u00dfer Sohle<\/strong><\/li>\n\n\n\n<li><strong>Am G\u00fcrtel soll der Mann ein Messer in einer Halterung getragen haben.<\/strong><\/li>\n<\/ul>\n\n\n\n<ul>\n<li><strong>Zeugen, die Hinweise zu der Identit\u00e4t des Mannes geben k\u00f6nnen oder die Tat beobachtet haben, werden gebeten, sich bei dem Polizeiposten Neulu\u00dfheim zu melden, unter: 06205-31129.<\/strong><\/li>\n<\/ul>\n\n\n\n<h2 class=\"wp-block-heading\">(Neulu\u00dfheim \/ Rhein-Neckar-Kreis) &#8211; Zigarettenautomat aufgebrochen \/ Polizei sucht Zeugen<\/h2>\n\n\n\n<p>Im Zeitraum zwischen Dienstag, 20.02.2024, und Freitag, 23.02.2024, wurde ein Zigarettenautomat in der Sankt-Leoner-Stra\u00dfe aufgebrochen. Die bislang unbekannte T\u00e4terschaft brach gewaltsam den Automaten auf und entwendete Tabakwaren und Bargeld im Wert von circa 800 Euro. Der Automat wurde schwer besch\u00e4digt, der Sachschaden bel\u00e4uft sich auf \u00fcber 2.500 Euro.<\/p>\n\n\n\n<ul>\n<li><strong>Zeugen, die sachdienliche Hinweise geben k\u00f6nnen, werden gebeten sich beim Polizeiposten Neulu\u00dfheim, unter der Telefonnummer 06205-31129, zu melden.<\/strong><\/li>\n<\/ul>\n\n\n\n<h2 class=\"wp-block-heading\">(Wiesloch \/ Rhein-Neckar-Kreis) &#8211; Jugendlicher mit manipuliertem Mofa unterwegs<\/h2>\n\n\n\n<p>Am Montag fiel einer Streife des Polizeireviers Wiesloch ein junger Mann auf einem Mofa in der Parkstra\u00dfe auf, da an dem Kleinkraftrad ein laut dr\u00f6hnender Sportauspuff montiert war. Als die Streife den 16-j\u00e4hrigen Fahrer gegen 8 Uhr auf der H\u00f6he einer Schule kontrollierte, stellte sie rasch fest, dass an dem Fahrzeug noch einiges mehr ver\u00e4ndert worden war. Es zeigte sich, dass die maximal m\u00f6gliche H\u00f6chstgeschwindigkeit von 45 km\/h durch unzul\u00e4ssiges Tuning deutlich erh\u00f6ht wurde. Erste Tests ergaben eine Maximalgeschwindigkeit von fast 90 km\/h. Da somit nicht nur der Versicherungsschutz des Fahrzeugs erlosch, sondern auch eine nicht absch\u00e4tzbare Gefahr durch die Manipulationen entstand, wurde das Mofa sichergestellt. Auf einem Rollenpr\u00fcfstand wird die Polizei die tats\u00e4chliche Maximalgeschwindigkeit feststellen k\u00f6nnen.<\/p>\n\n\n\n<p>Der 16-J\u00e4hrige muss sich nun wegen des Fahrens ohne Fahrerlaubnis sowie eines Versto\u00dfes gegen das Pflichtversicherungsgesetz verantworten m\u00fcssen. Seine Eltern wurden \u00fcber die Gef\u00e4hrlichkeit des Fahrzeugs sowie die strafrechtlichen Konsequenzen in Kenntnis gesetzt.<\/p>\n\n\n\n<h2 class=\"wp-block-heading\">(A 5 \/ St. Leon-Rot \/ Rhein-Neckar-Kreis) &#8211; Auffahrunfall mit mehreren Fahrzeugen<\/h2>\n\n\n\n<p>Auf der BAB 5 aus Richtung Karlsruhe kommend in Richtung Heidelberg fahrend, kurz vor dem Kreuz Walldorf kam es am Mittwoch gegen 10:30 Uhr nach ersten Erkenntnissen zu einem Auffahrunfall, bei dem ein PKW zwischen zwei LKW eingeklemmt wurde. Eine Insassin des Autos wurde dabei leicht verletzt. Zum Zwecke der Unfallaufnahme ist die rechte Fahrspur gesperrt. In Folge dessen kommt es zu erheblichen Verkehrsbeeintr\u00e4chtigungen auf der Autobahn.<\/p>\n\n\n\n<h3 class=\"wp-block-heading has-text-align-center\">Pressemeldung Nr. 2<\/h3>\n\n\n\n<p>Nach einem Auffahrunfall auf der BAB 5 um kurz nach 10:30 Uhr auf der H\u00f6he von St. Leon-Rot in Fahrtrichtung Heidelberg kommt es auf Grund von Bergungsma\u00dfnahmen noch immer zu einer erheblichen Beeintr\u00e4chtigung des Verkehrs. Die aktuelle Staul\u00e4nge betr\u00e4gt knapp 11 Kilometer. Derzeit ist noch der rechte Fahrstreifen gesperrt. Eine Insassin des verunfallten Fords wurde leicht verletzt zur weiteren Behandlung in ein Krankenhaus gebracht. Insgesamt waren drei LKW sowie der Ford in den Auffahrunfall verwickelt. Dier Ermittlungen zur genauen Ursache dauern an.<\/p>\n\n\n\n<h2 class=\"wp-block-heading\">(Sinsheim \/ Rhein-Neckar-Kreis) &#8211; Diebstahl aus B\u00fcroraum<\/h2>\n\n\n\n<p>Zu einem nicht n\u00e4her bestimmbaren Zeitpunkt zwischen 13 Uhr und 18 Uhr am Dienstag stahl eine bislang unbekannte T\u00e4terschaft Wertgegenst\u00e4nde aus einem B\u00fcroraum in der Freitagsgasse. Da das eigentliche B\u00fcrogeb\u00e4ude f\u00fcr den Publikumsverkehr offenstand, konnte die T\u00e4terschaft problemlos das Treppenhaus betreten. Der im zweiten Obergeschoss befindliche B\u00fcroraum war nach derzeitigen Kenntnisstand zum Tatzeitpunkt unverschlossen. Die T\u00e4terschaft nahm daraus eine Tasche mit pers\u00f6nlichen Unterlagen sowie Bargeld an sich. Zudem stellte sich heraus, dass mehrere im Zimmer befindliche Schl\u00fcssel ebenfalls gestohlen wurden. Die genaue Schadenssumme ist bislang nicht bekannt. Das Polizeirevier Sinsheim ermittelt nun wegen Diebstahl<\/p>\n\n\n\n<h2 class=\"wp-block-heading\">(Sinsheim \/ Rhein-Neckar-Kreis) &#8211; Unbekannte Autofahrerin verletzt Fu\u00dfg\u00e4ngerin und fl\u00fcchtet \/ Zeugen gesucht!<\/h2>\n\n\n<div class=\"wp-block-image\">\n<figure class=\"aligncenter size-full\"><img decoding=\"async\" loading=\"lazy\" width=\"801\" height=\"600\" src=\"https:\/\/speyer24news.com\/wp-content\/uploads\/2020\/05\/Zeugen-gesucht-Neutral.jpg\" alt=\"\" class=\"wp-image-26598\" srcset=\"https:\/\/speyer24news.com\/wp-content\/uploads\/2020\/05\/Zeugen-gesucht-Neutral.jpg 801w, https:\/\/speyer24news.com\/wp-content\/uploads\/2020\/05\/Zeugen-gesucht-Neutral-300x225.jpg 300w, https:\/\/speyer24news.com\/wp-content\/uploads\/2020\/05\/Zeugen-gesucht-Neutral-768x575.jpg 768w, https:\/\/speyer24news.com\/wp-content\/uploads\/2020\/05\/Zeugen-gesucht-Neutral-678x509.jpg 678w, https:\/\/speyer24news.com\/wp-content\/uploads\/2020\/05\/Zeugen-gesucht-Neutral-326x245.jpg 326w, https:\/\/speyer24news.com\/wp-content\/uploads\/2020\/05\/Zeugen-gesucht-Neutral-80x60.jpg 80w\" sizes=\"(max-width: 801px) 100vw, 801px\" \/><\/figure><\/div>\n\n\n<p>Am Montagmittag um 12:50 Uhr fuhr eine bisher unbekannte Autofahrerin mit einem wei\u00dfen SUV die Werderstra\u00dfe entlang. An der Einm\u00fcndung zur Wilhelmstra\u00dfe kam diese zun\u00e4chst verkehrsbedingt zum Stehen. Als eine 17-j\u00e4rhige Fu\u00dfg\u00e4ngerin sowie ihre Begleitung die Stra\u00dfe queren wollten, soll die Unbekannte den beiden Fu\u00dfg\u00e4ngerinnen mit einem Handzeichen signalisiert haben, dass diese die Stra\u00dfe \u00fcberqueren k\u00f6nnen. Beim \u00dcberqueren der Stra\u00dfe fuhr die Fahrerin des wei\u00dffarbigen SUV jedoch pl\u00f6tzlich los und stie\u00df mit der linken K\u00f6rperseite der 17-J\u00e4hrigen zusammen. Die 17-J\u00e4hrige wurde hierdurch leicht verletzt.<\/p>\n\n\n\n<h4 class=\"wp-block-heading\">Die Fahrzeugf\u00fchrerin entfernte sich daraufhin ohne anzuhalten vom Unfallort und sie kann wie folgt beschrieben werden:<\/h4>\n\n\n\n<ul>\n<li><strong>Weiblich<\/strong><\/li>\n\n\n\n<li><strong>lange, braune Haare<\/strong><\/li>\n\n\n\n<li><strong>circa 20 Jahre alt<\/strong><\/li>\n<\/ul>\n\n\n\n<ul>\n<li><strong>Bei dem Fahrzeug handelte es sich vermutlich um einen wei\u00dffarbigen SUV der Marke Audi.<\/strong><\/li>\n<\/ul>\n\n\n\n<ul>\n<li><strong>Das Polizeirevier Sinsheim hat die Ermittlungen aufgenommen und bittet Zeugen, die Hinweise zum Fahrer\/zur Fahrerin oder zum Fahrzeug machen k\u00f6nnen oder sonstige sachdienliche Hinweise geben k\u00f6nnen, sich unter der Telefonnummer 07261-690-0 zu melden.<\/strong><\/li>\n<\/ul>\n\n\n\n<h2 class=\"wp-block-heading\">(Eberbach \/ Rhein-Neckar-Kreis) &#8211; 16-J\u00e4hrige f\u00e4hrt mit Auto und verunfallt<\/h2>\n\n\n\n<p>Am Dienstag um kurz vor 12 Uhr kollidierte eine 16-j\u00e4hrige Autofahrerin am Ledigsberg mit einer Mauer und verursachte einen Sachschaden in H\u00f6he von mehreren Tausend Euro. Ein aufmerksamer Verkehrsteilnehmer bemerkte die junge Frau aufgrund deren auff\u00e4lliger Fahrweise und verst\u00e4ndigte die Polizei. Noch vor Eintreffen des Streifenteams kollidierte die Frau mit einer Mauer. Verletzt wurde sie gl\u00fccklicherweise nicht. Es stellte sich heraus, dass die 16-J\u00e4hrige ohne das Wissen des Fahrzeugeigent\u00fcmers und ohne Fahrerlaubnis unterwegs war. Insgesamt entstand ein Sachschaden von fast 10.000 Euro. Die junge Frau erwartet nun ein Strafverfahren wegen des Fahrens ohne Fahrerlaubnis sowie der unbefugten Ingebrauchnahme von einem Auto.<\/p>\n\n\n\n<h2 class=\"wp-block-heading\">(Hirschberg \/ Rhein-Neckar-Kreis) &#8211; Tresor bei Einbruch entwendet<\/h2>\n\n\n\n<p>Eine bislang unbekannte T\u00e4terschaft brach am Dienstag zwischen 18.50 Uhr und 22 Uhr in ein Anwesen &#8218;Im Schwanenstein&#8216; ein. Mit einem unbekannten Gegenstand wurde die Wohnzimmerscheibe eingeworfen und sich so Zutritt zum Inneren verschafft. Hier durchw\u00fchlte die unbekannte T\u00e4terschaft die R\u00e4umlichkeiten und entwendete einen Tresor. In diesem befand sich Bargeld in vierstelliger H\u00f6he und verschiedene Dokumente. Da bei Ankunft der Anwohner nicht klar war, ob sich die unbekannte T\u00e4terschaft noch im Objekt befand, wurde dieses durch Polizeikr\u00e4fte umstellt und durchsucht. Es konnte niemand mehr angetroffen werden. Wie hoch der Sachschaden und der Diebstalschaden ist, ist bislang noch unbekannt.<\/p>\n\n\n\n<ul>\n<li><strong>Zeugen, die Hinweise zu der Tat oder der bislang unbekannten T\u00e4terschaft geben k\u00f6nnen, werden gebeten, sich beim Polizeirevier Weinheim zu melden, unter: 06201-10030.<\/strong><\/li>\n<\/ul>\n","protected":false},"excerpt":{"rendered":"<div class=\"mh-excerpt\"><p>Polizeimeldungen vom Mittwoch (13.03.2024) (Speyer) &#8211; Ohne g\u00fcltigen &#8222;Lappen&#8220; Unfall verursacht Am Dienstag, gegen 17:15 Uhr streifte ein 61-j\u00e4hriger PKW-Fahrer im Kiefernweg beim Vorbeifahren einen ordnungsgem\u00e4\u00df geparkten PKW und verursachte an diesem einen geringen Schaden <a class=\"mh-excerpt-more\" href=\"https:\/\/speyer24news.com\/?p=58653\" title=\"Polizeimeldungen Mittwoch (13.03.24)\">[&#8230;]<\/a><\/p>\n<\/div>","protected":false},"author":3,"featured_media":26162,"comment_status":"open","ping_status":"open","sticky":false,"template":"","format":"standard","meta":{"_monsterinsights_skip_tracking":false,"_monsterinsights_sitenote_active":false,"_monsterinsights_sitenote_note":"","_monsterinsights_sitenote_category":0,"footnotes":""},"categories":[15659],"tags":[7273,7243,7244,10926,13554,350,14537,15084,15267,14538,15361,702,61,2555,14113,6955,6986,6263,63,105,11150,6987,53,13540,16956,4683,14958,9154,12967,102,13626,213,14325,14324,13553,13541,16955,2625,380],"aioseo_notices":[],"amp_enabled":true,"_links":{"self":[{"href":"https:\/\/speyer24news.com\/index.php?rest_route=\/wp\/v2\/posts\/58653"}],"collection":[{"href":"https:\/\/speyer24news.com\/index.php?rest_route=\/wp\/v2\/posts"}],"about":[{"href":"https:\/\/speyer24news.com\/index.php?rest_route=\/wp\/v2\/types\/post"}],"author":[{"embeddable":true,"href":"https:\/\/speyer24news.com\/index.php?rest_route=\/wp\/v2\/users\/3"}],"replies":[{"embeddable":true,"href":"https:\/\/speyer24news.com\/index.php?rest_route=%2Fwp%2Fv2%2Fcomments&post=58653"}],"version-history":[{"count":7,"href":"https:\/\/speyer24news.com\/index.php?rest_route=\/wp\/v2\/posts\/58653\/revisions"}],"predecessor-version":[{"id":58689,"href":"https:\/\/speyer24news.com\/index.php?rest_route=\/wp\/v2\/posts\/58653\/revisions\/58689"}],"wp:featuredmedia":[{"embeddable":true,"href":"https:\/\/speyer24news.com\/index.php?rest_route=\/wp\/v2\/media\/26162"}],"wp:attachment":[{"href":"https:\/\/speyer24news.com\/index.php?rest_route=%2Fwp%2Fv2%2Fmedia&parent=58653"}],"wp:term":[{"taxonomy":"category","embeddable":true,"href":"https:\/\/speyer24news.com\/index.php?rest_route=%2Fwp%2Fv2%2Fcategories&post=58653"},{"taxonomy":"post_tag","embeddable":true,"href":"https:\/\/speyer24news.com\/index.php?rest_route=%2Fwp%2Fv2%2Ftags&post=58653"}],"curies":[{"name":"wp","href":"https:\/\/api.w.org\/{rel}","templated":true}]}}