{"id":58671,"date":"2024-03-16T11:35:40","date_gmt":"2024-03-16T10:35:40","guid":{"rendered":"https:\/\/speyer24news.com\/?p=58671"},"modified":"2024-03-17T07:50:48","modified_gmt":"2024-03-17T06:50:48","slug":"polizeimeldungen-donnerstag-14-03-24","status":"publish","type":"post","link":"https:\/\/speyer24news.com\/?p=58671","title":{"rendered":"Polizeimeldungen Donnerstag (14.03.24)"},"content":{"rendered":"<style type=\"text\/css\">\r\n\t.ads_top_disp{}\r\n\t.ads_top_corner_disp{ float:left; margin:0px 10px 10px 0px; }\r\n\t.ads_first_p_disp{}\r\n\t.ads_bottom_disp{}\r\n\t<\/style>\n<h2 class=\"wp-block-heading\">Polizeimeldungen vom Donnerstag (14.03.2024)<\/h2>\n\n\n<div class=\"wp-block-image\">\n<figure class=\"aligncenter size-full\"><img decoding=\"async\" loading=\"lazy\" width=\"375\" height=\"500\" src=\"https:\/\/speyer24news.com\/wp-content\/uploads\/2022\/03\/Aktuelles-Polizeilogo.jpg\" alt=\"\" class=\"wp-image-43591\" srcset=\"https:\/\/speyer24news.com\/wp-content\/uploads\/2022\/03\/Aktuelles-Polizeilogo.jpg 375w, https:\/\/speyer24news.com\/wp-content\/uploads\/2022\/03\/Aktuelles-Polizeilogo-225x300.jpg 225w\" sizes=\"(max-width: 375px) 100vw, 375px\" \/><\/figure><\/div>\n\n\n<h2 class=\"wp-block-heading\">(Speyer) &#8211; PKW mutwillig besch\u00e4digt<\/h2>\n\n\n\n<p>Am Mittwoch, in der Zeit zwischen 13:20 &#8211; 13:30 Uhr verkratzte ein unbekannter T\u00e4ter den PKW einer 42-J\u00e4hrigen auf dem Parkplatz eines Selbstbedienungs-Warenhauses in der Stra\u00dfe Am R\u00fcbsamenw\u00fchl. Das Fahrzeug wurde an der Fahrerseite verkratzt, es entstand ein Schaden in vierstelliger H\u00f6he.<\/p>\n\n\n\n<ul>\n<li><strong>Wer hat im genannten Zeitraum auf dem Parkplatz des E center Stiegler verd\u00e4chtige Wahrnehmungen gemacht, kann T\u00e4terhinweise oder sonstige sachdienliche Hinweise geben? Die Polizei bittet Zeugen um Mitteilung an Tel. 06232\/137-0 oder per E-Mail an&nbsp;<a href=\"mailto:%20pispeyer@polizei.rlp.de\">pispeyer@polizei.rlp.de<\/a><\/strong><\/li>\n<\/ul>\n\n\n\n<h2 class=\"wp-block-heading\">(Speyer) &#8211; Unfall mit verletztem Radfahrer<\/h2>\n\n\n\n<p>Am Mittwoch, kurz nach 13 Uhr fuhr ein 56-j\u00e4hriger PKW-Fahrer vom Closweg in Richtung Innenstadt. Ein 11-j\u00e4hriger Radfahrer fuhr in der Paul-Egell-Stra\u00dfe aus Richtung Landauer Stra\u00dfe kommend \u00fcber den Kreuzungsbereich Paul-Egell-Stra\u00dfe \/ Closweg, ohne auf den von rechts kommenden, vorfahrtsberechtigten PKW des 56-J\u00e4hrigen zu achten. Der PKW-Fahrer bremste ab, konnte dadurch einen Zusammensto\u00df jedoch nicht mehr verhindern, infolge dessen der 11-J\u00e4hrige am rechten Arm und Bein leicht verletzt wurde. Der Junge wurde vom Rettungsdienst f\u00fcr weitere Untersuchungen in ein Krankenhaus verbracht. Am PKW entstand ein Sachschaden in H\u00f6he von ca. 1500 Euro.<\/p>\n\n\n\n<h2 class=\"wp-block-heading\">(Neuhofen) &#8211; Fehlender Versicherungsschutz<\/h2>\n\n\n\n<p>Am Mittwochnachmittag, gegen 16:45 Uhr, wurde ein E-Scooter auf dem Fahrradweg neben der L534 kontrolliert, weil dieser mit einer 19-J\u00e4hrigen Fahrerin und einer 17-J\u00e4hrigen Beifahrerin besetzt war. Dabei stellte sich heraus, dass der E-Scooter nicht versichert war. Gegen Fahrzeugf\u00fchrerin wurde ein Strafverfahren eingeleitet. Hinweis der Polizei: F\u00fcr die Inbetriebnahme von handels\u00fcblichen E-Scootern wird eine Versicherung ben\u00f6tigt und der E-Scooter muss \u00fcber ein Versicherungskennzeichen verf\u00fcgen. Das Versicherungskennzeichen muss jedes Jahr zum 01.03. gewechselt werden.<\/p>\n\n\n\n<h2 class=\"wp-block-heading\">(Germersheim) &#8211; Unter Drogen-\/ Alkoholeinfluss und vieles mehr&#8230;<\/h2>\n\n\n<div class=\"wp-block-image\">\n<figure class=\"aligncenter size-full\"><img decoding=\"async\" loading=\"lazy\" width=\"800\" height=\"516\" src=\"https:\/\/speyer24news.com\/wp-content\/uploads\/2021\/11\/Stopp-Polizei.jpg\" alt=\"\" class=\"wp-image-42568\" srcset=\"https:\/\/speyer24news.com\/wp-content\/uploads\/2021\/11\/Stopp-Polizei.jpg 800w, https:\/\/speyer24news.com\/wp-content\/uploads\/2021\/11\/Stopp-Polizei-300x194.jpg 300w, https:\/\/speyer24news.com\/wp-content\/uploads\/2021\/11\/Stopp-Polizei-768x495.jpg 768w\" sizes=\"(max-width: 800px) 100vw, 800px\" \/><\/figure><\/div>\n\n\n<p>Gleich vier Fahrzeugf\u00fchrer fielen am Mittwochabend bei Verkehrskontrollen auf, weil sie unter Drogen- oder Alkoholeinfluss am Stra\u00dfenverkehr teilnahmen.<\/p>\n\n\n\n<p>Eine 37-j\u00e4hrige Autofahrerin wurde am Kirchenplatz kontrolliert. Dabei konnte im Fahrzeug ein versteckter Beutel mit &#8222;Clean Urin&#8220; aufgefunden werden. Da sie augenscheinlich unter dem Einfluss von Bet\u00e4ubungsmitteln stand, wurde ihr eine Blutprobe entnommen. In der Konrad-Nolte-Stra\u00dfe wurde anschlie\u00dfend ein 32-j\u00e4hriger Autofahrer, der unter dem Einfluss von Cannabis stand, aus dem Verkehr gezogen. Auch der Fahrer eines E Scooters ging den Polizisten in der Theobaldstra\u00dfe ins Netz. Der 24-J\u00e4hrige stand unter Drogeneinfluss und hatte zudem eine geringe Menge Bet\u00e4ubungsmittel dabei. Die entsprechenden Verfahren wurden eingeleitet.<\/p>\n\n\n\n<p>Bei der Verkehrskontrolle eines 56-j\u00e4hrigen Autofahrers in der Posthiusstra\u00dfe wurde starker Alkoholgeruch festgestellt. Ein Test vor Ort ergab 2,21 Promille. Auch ihm wurde eine Blutprobe entnommen und ein Ermittlungsverfahren eingeleitet.<\/p>\n\n\n\n<p>Zudem kontrollierten die Beamten insgesamt drei E Scooter Fahrer, deren Fahrzeuge nicht versichert waren. Auch gegen sie wurden Strafverfahren wegen Verst\u00f6\u00dfe gegen das Pflichtversicherungsgesetz eingeleitet.<\/p>\n\n\n\n<p>Abschlie\u00dfend wurde ein 15-j\u00e4hriger Rollerfahrer kontrolliert. Es stellte sich schnell heraus, dass sein Roller getunt war und deutlich schneller als die erlaubten 25 km\/h fuhr. Da er nicht im Besitz einer entsprechenden Fahrerlaubnis war, wurde ein Verfahren eingeleitet.<a href=\"https:\/\/www.facebook.com\/sharer.php?u=https%3A%2F%2Fwww.presseportal.de%2Fblaulicht%2Fpm%2F117686%2F5735371%2F%3Futm_source%3Dfacebook%26utm_medium%3Dsocial\"><\/a><a href=\"https:\/\/twitter.com\/intent\/tweet?text=POL-PDLD%3A%20Gemeinsame%20Presseerkl%C3%A4rung%20der%20Staatsanwaltschaft%20Landau%20und%20der%20Kriminalinspektion%20Landau&amp;url=https%3A%2F%2Fwww.presseportal.de%2Fblaulicht%2Fpm%2F117686%2F5735371%2F%3Futm_source%3Dtwitter%26utm_medium%3Dsocial&amp;hashtags=ots&amp;lang=de\"><\/a><a href=\"https:\/\/web.whatsapp.com\/send?text=POL-PDLD%3A%20Gemeinsame%20Presseerkl%C3%A4rung%20der%20Staatsanwaltschaft%20Landau%20und%20der%20Kriminalinspektion%20Landau%0A%0Ahttps%3A%2F%2Fwww.presseportal.de%2Fblaulicht%2Fpm%2F117686%2F5735371%2F%3Futm_source%3Dwhatsapp%26utm_medium%3Dsocial\"><\/a><a href=\"https:\/\/www.xing.com\/app\/user?op=share;url=https%3A%2F%2Fwww.presseportal.de%2Fblaulicht%2Fpm%2F117686%2F5735371%2F%3Futm_source%3Dxing%26utm_medium%3Dsocial\"><\/a><a href=\"http:\/\/www.linkedin.com\/shareArticle?mini=true&amp;url=https%3A%2F%2Fwww.presseportal.de%2Fblaulicht%2Fpm%2F117686%2F5735371%2F%3Futm_source%3Dlinkedin%26utm_medium%3Dsocial&amp;title=POL-PDLD%3A+Gemeinsame+Presseerkl%C3%A4rung+der+Staatsanwaltschaft+Landau+und+der+Kriminalinspektion+Landau\"><\/a><a href=\"mailto:?subject=POL-PDLD%3A%20Gemeinsame%20Presseerkl%C3%A4rung%20der%20Staatsanwaltschaft%20Landau%20und%20der%20Kriminalinspektion%20Landau&amp;body=https:\/\/www.presseportal.de\/blaulicht\/pm\/117686\/5735371\"><\/a><\/p>\n\n\n\n<h2 class=\"wp-block-heading\">(Neuburg) &#8211; Wasserleiche geborgen<\/h2>\n\n\n\n<h3 class=\"wp-block-heading\">Gemeinsame Presseerkl\u00e4rung der Staatsanwaltschaft Landau und der Kriminalinspektion Landau<\/h3>\n\n\n<div class=\"wp-block-image\">\n<figure class=\"aligncenter size-full\"><img decoding=\"async\" loading=\"lazy\" width=\"800\" height=\"533\" src=\"https:\/\/speyer24news.com\/wp-content\/uploads\/2021\/01\/Ruhe-in-Frieden.jpg\" alt=\"\" class=\"wp-image-32361\" srcset=\"https:\/\/speyer24news.com\/wp-content\/uploads\/2021\/01\/Ruhe-in-Frieden.jpg 800w, https:\/\/speyer24news.com\/wp-content\/uploads\/2021\/01\/Ruhe-in-Frieden-300x200.jpg 300w, https:\/\/speyer24news.com\/wp-content\/uploads\/2021\/01\/Ruhe-in-Frieden-768x512.jpg 768w\" sizes=\"(max-width: 800px) 100vw, 800px\" \/><\/figure><\/div>\n\n\n<p>Am 08.03.2024, um 16:40 Uhr, wurde im Bereich Neuburg eine m\u00e4nnliche Wasserleiche durch einen Zeugen im Altrhein festgestellt.<\/p>\n\n\n\n<p>Der ca. 1,70 m gro\u00dfe Verstorbene war mit einer braunen Winterjacke, einer schwarzen Fleecejacke, einem hellen Langarmshirt, einem hellen Unterhemd, einer schwarzen Cargohose mit G\u00fcrtel und dunklen Sneakers der Marke Skechers bekleidet.<\/p>\n\n\n\n<p>Der Leichnam wurde zwischenzeitlich aufgrund einer von der Staatsanwaltschaft Landau erwirkten Anordnung obduziert. Nach dem vorl\u00e4ufigen Ergebnis der Obduktion konnte die genaue Todesursache aufgrund der fortgeschrittenen Verwesung nicht festgestellt werden. Hinweise auf eine Gewalteinwirkung haben sich im Rahmen der Obduktion nicht ergeben. Nach Einsch\u00e4tzung der Rechtsmedizin ist von einem mittleren bis fortgeschrittenen Lebensalter des Verstorbenen und einer Liegezeit des Leichnams von mehreren Wochen auszugehen.<\/p>\n\n\n\n<p>Die Identit\u00e4t des Verstorbenen konnte bislang noch nicht gekl\u00e4rt werden. Die Ermittlungen der Kriminalpolizei Landau, auch zur Identifizierung des Verstorbenen, dauern an.<\/p>\n\n\n\n<h2 class=\"wp-block-heading\">(Landau) &#8211; Randalierer mit Taser geb\u00e4ndigt<\/h2>\n\n\n<div class=\"wp-block-image\">\n<figure class=\"aligncenter size-full\"><img decoding=\"async\" loading=\"lazy\" width=\"800\" height=\"425\" src=\"https:\/\/speyer24news.com\/wp-content\/uploads\/2020\/12\/Taser-PI-LU.jpg\" alt=\"\" class=\"wp-image-31596\" srcset=\"https:\/\/speyer24news.com\/wp-content\/uploads\/2020\/12\/Taser-PI-LU.jpg 800w, https:\/\/speyer24news.com\/wp-content\/uploads\/2020\/12\/Taser-PI-LU-300x159.jpg 300w, https:\/\/speyer24news.com\/wp-content\/uploads\/2020\/12\/Taser-PI-LU-768x408.jpg 768w\" sizes=\"(max-width: 800px) 100vw, 800px\" \/><\/figure><\/div>\n\n\n<p>Am 13.03.2024 wurde der Polizei Landau gegen 23 Uhr mitgeteilt, dass ein 40-J\u00e4hriger bei einer Tankstelle in der Maximilianstra\u00dfe in Landau randalieren w\u00fcrde. Herbie w\u00fcrde er gegen die bereits geschlossene Haupteingangst\u00fcr sowie ein Fahrzeug treten und M\u00fclleimer herumwerfen. Vor Ort sollte dieser einer Personenkontrolle unterzogen werden. Er zeigte sich verbal aggressiv und ging mit geballten F\u00e4usten auf die eingesetzten Beamten los. Noch bevor es zu einer k\u00f6rperlichen Auseinandersetzung kam, konnte der 40-J\u00e4hrige durch Einsatz des Tasers gestoppt und gefesselt werden. Zu allem \u00dcberfluss konnte vor Ort noch eine geringe Menge Haschisch aufgefunden und sichergestellt werden. Der Randalierer wurde nach Entnahme einer Blutprobe einem psychiatrischen Krankenhaus \u00fcberstellt. Er wird sich nun in mehreren Strafverfahren verantworten m\u00fcssen.<\/p>\n\n\n\n<h2 class=\"wp-block-heading\">(Landau) &#8211; Gashahn klemmt<\/h2>\n\n\n\n<p>Am 13.03.2024 wollte gegen 16:45 Uhr ein 18-J\u00e4hriger mit seinem Leichtkraftrad in der August-Croissant-Stra\u00dfe in Landau anfahren. Angeblich klemmte hierbei der Gashahn. Infolge dessen kollidierte der 18-J\u00e4hrige mit einem Baum. Durch den Unfall wurde der 18-J\u00e4hrige leicht verletzt. Die Schadensh\u00f6he betr\u00e4gt circa 500 Euro.<\/p>\n\n\n\n<h2 class=\"wp-block-heading\">(A 65 \/ Landau) &#8211; Unfall mit verletzter Person<a href=\"https:\/\/www.facebook.com\/sharer.php?u=https%3A%2F%2Fwww.presseportal.de%2Fblaulicht%2Fpm%2F117686%2F5735522%2F%3Futm_source%3Dfacebook%26utm_medium%3Dsocial\"><\/a><a href=\"https:\/\/twitter.com\/intent\/tweet?text=POL-PDLD%3A%20Unfall%20mit%20verletzter%20Person&amp;url=https%3A%2F%2Fwww.presseportal.de%2Fblaulicht%2Fpm%2F117686%2F5735522%2F%3Futm_source%3Dtwitter%26utm_medium%3Dsocial&amp;hashtags=ots&amp;lang=de\"><\/a><a href=\"https:\/\/web.whatsapp.com\/send?text=POL-PDLD%3A%20Unfall%20mit%20verletzter%20Person%0A%0Ahttps%3A%2F%2Fwww.presseportal.de%2Fblaulicht%2Fpm%2F117686%2F5735522%2F%3Futm_source%3Dwhatsapp%26utm_medium%3Dsocial\"><\/a><a href=\"https:\/\/www.xing.com\/app\/user?op=share;url=https%3A%2F%2Fwww.presseportal.de%2Fblaulicht%2Fpm%2F117686%2F5735522%2F%3Futm_source%3Dxing%26utm_medium%3Dsocial\"><\/a><a href=\"http:\/\/www.linkedin.com\/shareArticle?mini=true&amp;url=https%3A%2F%2Fwww.presseportal.de%2Fblaulicht%2Fpm%2F117686%2F5735522%2F%3Futm_source%3Dlinkedin%26utm_medium%3Dsocial&amp;title=POL-PDLD%3A+Unfall+mit+verletzter+Person\"><\/a><a href=\"mailto:?subject=POL-PDLD%3A%20Unfall%20mit%20verletzter%20Person&amp;body=https:\/\/www.presseportal.de\/blaulicht\/pm\/117686\/5735522\"><\/a><\/h2>\n\n\n<div class=\"wp-block-image\">\n<figure class=\"aligncenter\"><a href=\"https:\/\/cache.pressmailing.net\/thumbnail\/story_hires\/9fea2cc5-8002-4bce-ba2d-91c1eb5bbcb8\/VUA65I.JPG.jpg\"><img decoding=\"async\" src=\"https:\/\/cache.pressmailing.net\/thumbnail\/story_big\/9fea2cc5-8002-4bce-ba2d-91c1eb5bbcb8\/pol-pdld-unfall-mit-verletzter-person\" alt=\"POL-PDLD: Unfall mit verletzter Person\"\/><\/a><\/figure><\/div>\n\n\n<p>Ein 66-j\u00e4hriger VW-Fahrer fuhr zwischen den Anschlussstellen Landau-S\u00fcd und Landau-Zentrum in Richtung Neustadt auf dem rechten Fahrstreifen, als er einen vor sich fahrenden LKW \u00fcberholen wollte. Ohne zu Blinken fuhr er nach links, wo sich bereits ein von hinten kommender Skoda in H\u00f6he der Hinterachse des VW befand. Es kam zum Zusammensto\u00df der Fahrzeuge und beide gerieten in die Mitteilleitplanke. Am Skoda l\u00f6sten alle Airbags aus und der 48-j\u00e4hrige Fahrer zog sich eine Verletzung am Bein zu und wurde in ein Krankenhaus gebracht. Der linke Fahrstreifen musste bis zur Bergung der Fahrzeuge kurzzeitig abgesperrt werden.<\/p>\n\n\n\n<h2 class=\"wp-block-heading\">(Landau) &#8211; An Bordstein h\u00e4ngen geblieben<\/h2>\n\n\n\n<p>Am 13.03.2024 erhielt die Polizei Landau gegen 13:30 Uhr Kenntnis von einem verunfallten Fahrradfahrer in der Godramsteiner Hauptstra\u00dfe in Landau. Vor Ort konnte festgestellt werden, dass der 49-J\u00e4hrige von der Fahrbahn auf den Gehweg fahren wollte und hierbei aufgrund der Bordsteinkante st\u00fcrzte. Er wurde durch den Sturz leicht verletzt. Bei der Unfallaufnahme konnte Alkoholgeruch wahrgenommen werden. Ein durchgef\u00fchrter Test ergab einen Wert von 2,3 Promille. Auf der Dienststelle wurde ihm eine Blutprobe entnommen. Er wird sich nun in einem Strafverfahren wegen Trunkenheit im Verkehr verantworten m\u00fcssen.<\/p>\n\n\n\n<h2 class=\"wp-block-heading\">(Landau) &#8211; 2 x Reifen besch\u00e4digt \/ Zeugen gesucht<\/h2>\n\n\n\n<p>In der Nacht vom 12.03.2024 auf den 13.03.2024 wurde durch unbekannte T\u00e4ter bei zwei Fahrzeugen in der Johannes-Hoffmann-Stra\u00dfe in Landau-Wollmesheim jeweils ein Reifen platt gestochen. Die Schadensh\u00f6he betr\u00e4gt circa 200 Euro. Strafverfahren wegen Sachbesch\u00e4digung wurden eingeleitet. <\/p>\n\n\n\n<ul>\n<li><strong>Die Polizei bittet Zeugen, die Hinweise zu der Tat oder dem T\u00e4ter geben k\u00f6nnen, sich per Email an&nbsp;<a href=\"mailto:%20pilandau@polizei.rlp.de\">pilandau@polizei.rlp.de<\/a>&nbsp;oder telefonisch unter 06341-287-0 bei der Polizeiinspektion Landau zu melden.<\/strong><\/li>\n<\/ul>\n\n\n\n<h2 class=\"wp-block-heading\">(Neustadt) &#8211; Das dritte Mal negativ aufgefallen&#8230;<\/h2>\n\n\n\n<p>&#8230; ist ein 41-J\u00e4hriger aus Weinheim, welcher am 14.03.2024 um 11:15 Uhr in der Maximilianstra\u00dfe in 67433 Neustadt\/W. mit einem Sprinter einer Verkehrskontrolle unterzogen wurde. Hierbei konnte festgestellt werden, dass der Fahrer unter dem Einfluss von Amfetamin, Metamfetamin und THC steht, weshalb diesem eine Blutprobe entnommen wurde. Im Rahmen der weiteren Ermittlungen wurde bekannt, dass der Weinheimer bereits zum dritten Mal unter dem Einfluss berauschender Mittel ein Fahrzeug f\u00fchrte, weshalb auf diesen nun erneut ein Straf-, sowie Ordnungswidrigkeitenverfahren zukommt. Ferner wurde der F\u00fchrerschein des Mannes sichergestellt und wird der zust\u00e4ndigen F\u00fchrerscheinstelle mit dem Ziel der Entziehung vorgelegt. Au\u00dferdem wird die zust\u00e4ndige F\u00fchrerscheinstelle Der Fahrzeugschl\u00fcssel wurde einem Bekannten \u00fcbergeben.<\/p>\n\n\n\n<h2 class=\"wp-block-heading\">(Neustadt) &#8211; Innerhalb kurzer Zeit mehrere Verst\u00f6\u00dfe geahndet<\/h2>\n\n\n\n<p>Am 14.03.2024 im Zeitraum von 10:00 Uhr bis 10:45 Uhr wurde eine Kontrollstelle in der Talstra\u00dfe in 67434 Neustadt\/W. durchgef\u00fchrt. Hierbei konnten f\u00fcnf Fahrzeugf\u00fchrer festgestellt werden, welche den Sicherheitsgurt nicht angelegt hatten. Ferner konnte ein Fahrzeugf\u00fchrer keinen F\u00fchrerschein vorlegen. Diesem wurde eine sogenannte Kontrollaufforderung ausgeh\u00e4ndigt, mit welcher er bis zu einer gewissen Frist das Dokument vorlegen muss. Die Polizei weist darauf hin, dass durch das Nichtanlegen des Sicherheitsgurtes schwerste Personensch\u00e4den bei m\u00f6glichen Unf\u00e4llen entstehen k\u00f6nnen.<\/p>\n\n\n\n<h2 class=\"wp-block-heading\">(Ha\u00dfloch) &#8211; Opfer eines Trickbetr\u00fcgers<\/h2>\n\n\n\n<p>Ein bislang unbekannter T\u00e4ter klingelte am Mittwoch gegen 13:00 Uhr bei einem 83-j\u00e4hrigen Ha\u00dflocher und gab an, sich ausgesperrt zu haben und Geld f\u00fcr ein Zugticket kaufen zu m\u00fcssen. Der gutgl\u00e4ubige Rentner gab dem Mann zun\u00e4chst 50 Euro. Als dieser nach einem Glas Wasser fragte und der Ha\u00dflocher das Wasser aus der K\u00fcche holte, entwendete der T\u00e4ter w\u00e4hrenddessen aus dem Schlafzimmer des Rentners weitere 400 Euro Bargeld und verlie\u00df anschlie\u00dfend das Anwesen.<\/p>\n\n\n\n<p>Wir weisen nochmals ausdr\u00fccklich darauf hin, dass insbesondere \u00e4ltere Menschen gerne Zielgruppe solcher Trickbetr\u00fcger sind. Seien Sie vorsichtig und lassen Sie keine fremden Menschen in Ihre Wohnung. Im Zweifelsfall melden Sie sich bei Ihrer Polizeidienststelle.<\/p>\n\n\n\n<h2 class=\"wp-block-heading\">(Frankenthal) &#8211; Verdacht auf T\u00f6tungsdelikt in Frankenthal \/ Zeugen gesucht<\/h2>\n\n\n\n<h3 class=\"wp-block-heading\">Gemeinsame Pressemeldung der Staatsanwaltschaft Frankenthal\/Pfalz und des Polizeipr\u00e4sidiums Rheinpfalz<\/h3>\n\n\n\n<h3 class=\"wp-block-heading has-text-align-center\">Nachtrag zu unserer Pressemeldungen vom 11.03.2024<\/h3>\n\n\n<div class=\"wp-block-image\">\n<figure class=\"aligncenter size-full\"><img decoding=\"async\" loading=\"lazy\" width=\"801\" height=\"600\" src=\"https:\/\/speyer24news.com\/wp-content\/uploads\/2020\/05\/Zeugen-gesucht-Neutral.jpg\" alt=\"\" class=\"wp-image-26598\" srcset=\"https:\/\/speyer24news.com\/wp-content\/uploads\/2020\/05\/Zeugen-gesucht-Neutral.jpg 801w, https:\/\/speyer24news.com\/wp-content\/uploads\/2020\/05\/Zeugen-gesucht-Neutral-300x225.jpg 300w, https:\/\/speyer24news.com\/wp-content\/uploads\/2020\/05\/Zeugen-gesucht-Neutral-768x575.jpg 768w, https:\/\/speyer24news.com\/wp-content\/uploads\/2020\/05\/Zeugen-gesucht-Neutral-678x509.jpg 678w, https:\/\/speyer24news.com\/wp-content\/uploads\/2020\/05\/Zeugen-gesucht-Neutral-326x245.jpg 326w, https:\/\/speyer24news.com\/wp-content\/uploads\/2020\/05\/Zeugen-gesucht-Neutral-80x60.jpg 80w\" sizes=\"(max-width: 801px) 100vw, 801px\" \/><\/figure><\/div>\n\n\n<p>Nach dem T\u00f6tungsdelikt am 08.03.2024 in Frankenthal dauern die Ermittlungen weiter an. F\u00fcr die Rekonstruktion der Nachtatphase bitten Staatsanwaltschaft und Kriminalpolizei um Hinweise aus der Bev\u00f6lkerung:<\/p>\n\n\n\n<ul>\n<li><strong>Haben Sie am fr\u00fchen Morgen des 08.03.2024, zwischen 3 Uhr und 5 Uhr, Personen in Bobenheim-Roxheim gesehen, auf die die Beschreibung des Tatverd\u00e4chtigen zutreffen?<\/strong><\/li>\n<\/ul>\n\n\n\n<h4 class=\"wp-block-heading\">Der Tatverd\u00e4chtige wird wie folgt beschrieben: <\/h4>\n\n\n\n<ul>\n<li><strong>m\u00e4nnlich<\/strong><\/li>\n\n\n\n<li><strong>ca. 1,80 m gro\u00df<\/strong><\/li>\n\n\n\n<li><strong>schlank<\/strong><\/li>\n\n\n\n<li><strong>dunkelh\u00e4utig<\/strong><\/li>\n\n\n\n<li><strong>kurzes schwarzes gelocktes Haar<\/strong><\/li>\n\n\n\n<li><strong>Er m\u00fcsste zu dieser Zeit mit einem hellen Pullover und dunklen Hosen bekleidet gewesen sein.<\/strong><\/li>\n<\/ul>\n\n\n\n<ul>\n<li><strong>Hinweise nimmt die Kriminalpolizei Ludwigshafen unter der Telefonnummer 0621 963-2773 oder per E-Mail&nbsp;<a href=\"mailto:%20kiludwigshafen.k1.kdd@polizei.rlp.de\">kiludwigshafen.k1.kdd@polizei.rlp.de<\/a>&nbsp;entgegen.<\/strong><\/li>\n<\/ul>\n\n\n\n<h2 class=\"wp-block-heading\">(B 9 \/ Ludwigshafen) &#8211; Gurtkontrollen auf der B9 im Bereich Rheing\u00f6nheim<\/h2>\n\n\n\n<p>Am 14.03.24 f\u00fchrten Beamte der Polizeiautobahnstation Ruchheim auf der B9 im Bereich Rheing\u00f6nheim, Verkehrskontrollen mit Schwerpunkt hinsichtlich der Gurtanlegepflicht durch.<\/p>\n\n\n\n<p>Hierbei wurden insgesamt 36 Fahrzeuge kontrolliert. Bei 12 Lkws hatten die Fahrer den vorgeschriebenen Sicherheitsgurt w\u00e4hrend der Fahrt nicht angelegt. Zudem wurden 11 Pkws beanstandet, deren Fahrerinnen bzw. Fahrer gegen die Gurtpflicht verstie\u00dfen. Zudem waren in einem Fall in einem Pkw 3 Kinder nicht entsprechend gesichert. Diese sa\u00dfen v\u00f6llig unangeschnallt und ohne Kindersitz auf dem R\u00fccksitz. Der Fahrerin wurde die Weiterfahrt untersagt. Ein Bekannter brachte wenig sp\u00e4ter entsprechende Kindersitze zum Kontrollort. Erst nachdem die Kinder ordnungsgem\u00e4\u00df gesichert waren, durfte die Frau ihre Fahrt fortsetzen.<\/p>\n\n\n\n<p>Die Polizei m\u00f6chte hiermit nochmals daraufhin hinweisen, dass das nicht Anlegen des Sicherheitsgurtes w\u00e4hrend der Fahrt nicht nur eine Verkehrsordnungswidrigkeit darstellt, sondern auch ein erhebliches Sicherheitsrisiko f\u00fcr die Fahrzeuginsassen bedeutet. Im Falle einer Gefahrenbremsung, oder gar eines Unfalls, k\u00f6nnen ohne angelegten Sicherheitsgurt schwerwiegende Verletzungen bis hin zum Tode die Folge sein.<\/p>\n\n\n\n<h2 class=\"wp-block-heading\">(Ludwigshafen) &#8211; \u00d6ffentlichkeitsfahndung nach 12-j\u00e4hrigem Jugendlichen<\/h2>\n\n\n<div class=\"wp-block-image\">\n<figure class=\"aligncenter size-full\"><img decoding=\"async\" loading=\"lazy\" width=\"800\" height=\"588\" src=\"https:\/\/speyer24news.com\/wp-content\/uploads\/2024\/03\/Vermisster-1.jpg\" alt=\"\" class=\"wp-image-58657\" srcset=\"https:\/\/speyer24news.com\/wp-content\/uploads\/2024\/03\/Vermisster-1.jpg 800w, https:\/\/speyer24news.com\/wp-content\/uploads\/2024\/03\/Vermisster-1-300x221.jpg 300w, https:\/\/speyer24news.com\/wp-content\/uploads\/2024\/03\/Vermisster-1-768x564.jpg 768w, https:\/\/speyer24news.com\/wp-content\/uploads\/2024\/03\/Vermisster-1-80x60.jpg 80w\" sizes=\"(max-width: 800px) 100vw, 800px\" \/><\/figure><\/div>\n\n\n<p>Seit Donnerstag, 14.03.2024, wird ein in Ludwigshafen wohnender 12-j\u00e4hriger vermisst. Er verlie\u00df am Donnerstag gegen 07:00 Uhr eine Betreuungseinrichtung in Ludwigshafen Gartenstadt. Seitdem ist sein Aufenthaltsort unbekannt. Durch die bisherigen polizeilichen Ma\u00dfnahmen konnte der Junge nicht aufgefunden werden, so dass wir die \u00d6ffentlichkeit um Mithilfe bitten.<\/p>\n\n\n\n<h4 class=\"wp-block-heading\">Beschreibung:<\/h4>\n\n\n\n<ul>\n<li><strong>ca. 160 cm gro\u00df<\/strong><\/li>\n\n\n\n<li><strong>ca. 60 kg schwer<\/strong><\/li>\n\n\n\n<li><strong>kurze braune Haare<\/strong><\/li>\n<\/ul>\n\n\n\n<ul>\n<li><strong>Zeugen, die Hinweise auf den Aufenthalt der Vermissten geben k\u00f6nnen, werden gebeten, sich unter der Telefonnummer 0621-963-2122 an die Polizeiinspektion Ludwigshafen 1 zu wenden.<\/strong><\/li>\n<\/ul>\n\n\n\n<p>Wenn Sie den Vermissten sehen, behalten Sie diesen bitte im Blick und verst\u00e4ndigen Sie \u00fcber den Notruf 110 die Polizei!<\/p>\n\n\n\n<h2 class=\"wp-block-heading\">(Ludwigshafen) &#8211; Diebstahl aus Auto in der Bruchwiesenstra\u00dfe \/ Zeugen gesucht<\/h2>\n\n\n\n<p>In der Zeit zwischen dem 11.03.2024, gegen 8 Uhr und dem 13.03.2024, gegen 23 Uhr, stahlen bisher unbekannte Personen eine Bluetooth Box aus dem Kofferraum des Autos eines 32-J\u00e4hrigen. Dieser war in der Bruchwiesenstra\u00dfe bei einer Leihwagenfirma geparkt. Es entstand ein Sachschaden von rund 500 Euro. <\/p>\n\n\n\n<ul>\n<li><strong>Wer hat in der Bruchwiesenstra\u00dfe Beobachtungen gemacht? <\/strong><\/li>\n\n\n\n<li><strong>Sachdienliche Hinweise nimmt die Polizeiinspektion Ludwigshafen 1, Telefonnummer 0621 963-2122 oder per E-Mail&nbsp;<a href=\"mailto:%20piludwigshafen1@polizei.rlp.de\">piludwigshafen1@polizei.rlp.de<\/a>&nbsp;entgegen.<\/strong><\/li>\n<\/ul>\n\n\n\n<h2 class=\"wp-block-heading\">(Ludwigshafen) &#8211; Einbruchversuch scheitert \/ 35-J\u00e4hriger h\u00e4lt Einbrecher fest<\/h2>\n\n\n\n<p>Ein 37-J\u00e4hriger versuchte am Mittwochabend (13.03.2024, 22.42 Uhr) zusammen mit einem 22-J\u00e4hrigen in ein Wohnhaus in der Tullastra\u00dfe einzubrechen. Der 35-J\u00e4hrige Hausbewohner und die 33-j\u00e4hrige Hausbewohnerin wurden von dem Einbruch \u00fcberrascht und verst\u00e4ndigten umgehend die Polizei. Bis zum Eintreffen der Polizei hielt der 35-J\u00e4hrige den 37-j\u00e4hrigen Einbrecher im Garten fest. Der 37-J\u00e4hrige wurde im Anschluss zur einer Polizeidienststelle gebracht, wo ihm eine Blutprobe entnommen wurde. Zum Tatzeitpunkt stand er unter Alkoholeinfluss. Dem 22-j\u00e4hrigen Komplizen gelang zun\u00e4chst die Flucht. Er konnte im Nachhinein von der Polizei ermittelt werden.<\/p>\n\n\n\n<p>Dank des raschen und beherzten Eingreifens des 35-J\u00e4hrigen konnte ein Diebstahl verhindert werden.<\/p>\n\n\n\n<h4 class=\"wp-block-heading\">Zivilcourage geht uns alle an. Trotzdem ist es wichtig, sich dabei nicht selbst in Gefahr zu bringen. Wenn auch Sie einen verd\u00e4chtigen Sachverhalt beobachten, beachten Sie bitte die folgenden sechs einfachen Regeln:<\/h4>\n\n\n\n<ol>\n<li><strong>Hilf, aber bring dich nicht in Gefahr<\/strong><\/li>\n\n\n\n<li><strong>Ruf die Polizei unter 110<\/strong><\/li>\n\n\n\n<li><strong>Bitte andere um Mithilfe<\/strong><\/li>\n\n\n\n<li><strong>Pr\u00e4g dir T\u00e4termerkmale ein<\/strong><\/li>\n\n\n\n<li><strong>K\u00fcmmere dich um Opfer<\/strong><\/li>\n\n\n\n<li><strong>Sag als Zeuge aus<\/strong><\/li>\n<\/ol>\n\n\n\n<h4 class=\"wp-block-heading\"><em>Weitere Infos gibt es hier:&nbsp;<a href=\"https:\/\/www.aktion-tu-was.de\/\" target=\"_blank\" rel=\"noreferrer noopener\">https:\/\/www.aktion-tu-was.de\/<\/a>&nbsp;Zum Projekt &#8222;Zivile Helden&#8220;:&nbsp;<a href=\"https:\/\/www.zivile-helden.de\/\" target=\"_blank\" rel=\"noreferrer noopener\">https:\/\/www.zivile-helden.de\/<\/a><\/em><\/h4>\n\n\n\n<h2 class=\"wp-block-heading\">(Ludwigshafen) &#8211; Raub am Bahnhof in Mundenheim<\/h2>\n\n\n\n<p>Am Mittwochabend (13.03.2024), gegen 20 Uhr, forderte am Bahnhof Mundenheim ein 20-J\u00e4hriger einen 16-J\u00e4hrigen auf, ihm seine Wertgegenst\u00e4nde zu geben. Da der 16-J\u00e4hrige diese nicht herausgeben wollte, schlug ihn der 20-J\u00e4hrige, woraufhin er zu Boden st\u00fcrzte. Der T\u00e4ter stahl sodann das Handy aus der Hosentasche des Jugendlichen und fl\u00fcchtete. Da sich Beide kennen, konnte die Polizei den 20-J\u00e4hrigen ausfindig machen. Das Handy konnte bislang nicht aufgefunden werden.<\/p>\n\n\n\n<h2 class=\"wp-block-heading\">(Ludwigshafen) &#8211; Schl\u00e4gerei zwischen Jugendlichen \/ Zeugen gesucht<\/h2>\n\n\n<div class=\"wp-block-image\">\n<figure class=\"aligncenter size-full\"><img decoding=\"async\" loading=\"lazy\" width=\"800\" height=\"533\" src=\"https:\/\/speyer24news.com\/wp-content\/uploads\/2021\/11\/Schlaegerei.jpg\" alt=\"\" class=\"wp-image-42366\" srcset=\"https:\/\/speyer24news.com\/wp-content\/uploads\/2021\/11\/Schlaegerei.jpg 800w, https:\/\/speyer24news.com\/wp-content\/uploads\/2021\/11\/Schlaegerei-300x200.jpg 300w, https:\/\/speyer24news.com\/wp-content\/uploads\/2021\/11\/Schlaegerei-768x512.jpg 768w\" sizes=\"(max-width: 800px) 100vw, 800px\" \/><figcaption class=\"wp-element-caption\">Beispielbild Schl\u00e4gerei \/ K\u00f6rperverletzung, dient lediglich der Visualisierung<\/figcaption><\/figure><\/div>\n\n\n<p>Am Mittwochmittag (13.03.2024, 15:30 Uhr), kam es in einem Bus in der Rohrlachstra\u00dfe zu Streitigkeiten zwischen zwei Jugendlichen. Die Streitigkeiten entwickelten sich zu einer k\u00f6rperlichen Auseinandersetzung, wodurch einer der Beteiligten, ein 12-J\u00e4hriger leicht verletzt wurde. Bei dem anderen Jugendlichen soll es sich um einen etwa 14-J\u00e4hrigen handeln.<\/p>\n\n\n\n<h4 class=\"wp-block-heading\">Zur genauen Rekonstruktion der Tat bitten wir um Hinweise: <\/h4>\n\n\n\n<ul>\n<li><strong>Wer hat am Mittwoch die Auseinandersetzung beobachtet? <\/strong><\/li>\n\n\n\n<li><strong>Wir bitten insbesondere die Fahrg\u00e4ste, die zur Tatzeit im Bus sa\u00dfen, sich zu melden<\/strong>.<\/li>\n\n\n\n<li><strong>Hinweise bitte an die Polizeiinspektion Ludwigshafen 1, Telefonnummer 0621 963-2122 oder per E-Mail&nbsp;<a href=\"mailto:%20piludwigshafen1@polizei.rlp.de\">piludwigshafen1@polizei.rlp.de<\/a>.<\/strong><\/li>\n<\/ul>\n\n\n\n<h2 class=\"wp-block-heading\">(Ludwigshafen) &#8211; Fahrerflucht in der Scharnhorststra\u00dfe \/ Zeugen gesucht<\/h2>\n\n\n\n<p>Am 13.03.2024, gegen 08:18 Uhr bis 15:03 Uhr, parkte eine 42-J\u00e4hrige ihr Auto in der Scharnhorststra\u00dfe. Als sie zu ihrem VW zur\u00fcckkehrte, bemerkte sie einen Schaden an ihrem Fahrzeug. Ein bisher unbekannter Fahrer kollidierte vermutlich beim Ausparken mit dem Fahrzeugheck der 42-J\u00e4hrigen und entfernte sich anschlie\u00dfend von der Unfallstelle, ohne seinen Pflichten als Verkehrsunfallbeteiligter nachzukommen. Es entstand ein Sachschaden von rund 1.500 Euro. Die Ermittlungen wurden von der Polizeiinspektion 1 Ludwigshafen aufgenommen.<\/p>\n\n\n\n<p>Ein Gro\u00dfteil der Unfallfluchten wird auf Parkpl\u00e4tzen oder an am Stra\u00dfenrand geparkten Fahrzeugen begangen. <\/p>\n\n\n\n<h4 class=\"wp-block-heading\">Daher r\u00e4t die Polizei:<\/h4>\n\n\n\n<ul>\n<li><strong>Meiden Sie sehr enge Parkboxen.<\/strong><\/li>\n\n\n\n<li><strong>Merken oder fotografieren Sie sich das Kennzeichen der neben Ihnen stehenden Fahrzeuge.<\/strong><\/li>\n\n\n\n<li><strong>Gehen Sie lieber ein paar Schritte mehr.<\/strong><\/li>\n\n\n\n<li><strong>Klappen Sie den Au\u00dfenspiegel ein.<\/strong><\/li>\n<\/ul>\n\n\n\n<ul>\n<li><strong>Hinweise bitte an die Polizeiinspektion Ludwigshafen 1, Telefonnummer 0621 963-2122 oder per E-Mail&nbsp;<a href=\"mailto:%20piludwigshafen1@polizei.rlp.de\">piludwigshafen1@polizei.rlp.de<\/a>.<\/strong><\/li>\n<\/ul>\n\n\n\n<h2 class=\"wp-block-heading\">(Ludwigshafen) &#8211; K\u00fcchenfester besch\u00e4digt \/ Zeugen gesucht<\/h2>\n\n\n\n<p>Am Mittwochmittag (13.03.2024,12:30 Uhr), besch\u00e4digten bisher unbekannte Personen das K\u00fcchenfester einer 39-J\u00e4hrigen. Eine genaue Schadensh\u00f6he steht bislang nicht fest.<\/p>\n\n\n\n<ul>\n<li><strong>Wer konnte die Tat beobachten?<\/strong><\/li>\n\n\n\n<li><strong>Hinweise werden an die Polizeiwache Oggersheim unter Tel. 0621 963 &#8211; 2403 oder per E-Mail&nbsp;<a href=\"mailto:%20pwoggersheim@polizei.rlp.de\">pwoggersheim@polizei.rlp.de<\/a>&nbsp;erbeten.<\/strong><\/li>\n<\/ul>\n\n\n\n<h2 class=\"wp-block-heading\">(Ludwigshafen) &#8211; Einbruch in Wohnhaus<\/h2>\n\n\n\n<p>Unbekannte brachen am Mittwoch (13.03.2024), zwischen 9 Uhr und 11.23 Uhr, in ein Einfamilienhaus in der Raiffeisenstra\u00dfe ein und entwendeten Bargeld im niedrigen f\u00fcnfstelligen Bereich. <\/p>\n\n\n\n<ul>\n<li><strong>Hinweise nimmt die Kriminalpolizei Ludwigshafen unter der Telefonnummer 0621 963-2773 oder per E-Mail&nbsp;<a href=\"mailto:%20kiludwigshafen.k1.kdd@polizei.rlp.de\">kiludwigshafen.k1.kdd@polizei.rlp.de<\/a>&nbsp;entgegen.<\/strong><\/li>\n<\/ul>\n\n\n\n<h2 class=\"wp-block-heading\">(Ludwigshafen) &#8211; Auto gestohlen \/ Zeugen gesucht<\/h2>\n\n\n\n<p>Unbekannte entwendeten in dem Zeitraum vom 12.03.2024, 17.30 Uhr bis 13.03.2024, 11 Uhr einen wei\u00dfen BMW X3, der in der Moskauer Stra\u00dfe abgestellt war. Das Fahrzeug hat einen gesch\u00e4tzten Wert von 27.000 Euro. <\/p>\n\n\n\n<ul>\n<li><strong>Wer hat den Diebstahl beobachtet? <\/strong><\/li>\n\n\n\n<li><strong>Hinweise nimmt die Kriminalpolizei Ludwigshafen unter der Telefonnummer 0621 963-2773 oder per E-Mail&nbsp;<a href=\"mailto:%20kiludwigshafen.k1.kdd@polizei.rlp.de\">kiludwigshafen.k1.kdd@polizei.rlp.de<\/a>&nbsp;entgegen.<\/strong><\/li>\n<\/ul>\n\n\n\n<h2 class=\"wp-block-heading\">(Ludwigshafen) &#8211; Fahrerflucht in der Maxdorfer Stra\u00dfe<\/h2>\n\n\n\n<p>Am Mittwochmorgen (13.03.2024) zwischen 07:50 Uhr und 08:57 Uhr, missachtete ein bisher unbekannter Fahrer an der Kreuzung Maxdorfer Stra\u00dfe\/Pfalzgrafenstra\u00dfe die Vorfahrt einer 27-j\u00e4hrigen Autofahrerin. Es kam zum Zusammensto\u00df. Am Auto der 27-J\u00e4hrigen entstand ein gesch\u00e4tzter Sachschaden von 3.000 Euor.<\/p>\n\n\n\n<p>Der unbekannte Faherer entfernte sich von der Unfallstelle, ohne seinen Pflichten als Verkehrsunfallbeteiligtem nachzukommen. <\/p>\n\n\n\n<h4 class=\"wp-block-heading\">Er konnte wie folgte beschrieben werden:<\/h4>\n\n\n\n<ul>\n<li><strong>m\u00e4nnlich<\/strong><\/li>\n\n\n\n<li><strong>circa 50 Jahre alt<\/strong><\/li>\n\n\n\n<li><strong>etwa 1.70m-1.80m-dunkle <\/strong><\/li>\n\n\n\n<li><strong>lockige Haare<\/strong><\/li>\n\n\n\n<li><strong>Aknenarben im Gesicht<\/strong><\/li>\n<\/ul>\n\n\n\n<h2 class=\"wp-block-heading\">(Ludwigshafen) &#8211; Verkehrsunfall mit Personenschaden in der Sch\u00fctzenstra\u00dfe<\/h2>\n\n\n\n<p>Am 13.03.2024, gegen 06:25 Uhr, fuhr eine 30-J\u00e4hrige mit ihrem Auto die Pfalzgrafenstra\u00dfe entlang. Beim \u00dcberqueren der Sch\u00fctzenstra\u00dfe missachtete Fahrerin die Vorfahrt einer Stra\u00dfenbahn, welche kreuzte. Bahn und Auto kollidierten miteinander, wodurch die Autofahrerin verletzt wurde. Die 30-J\u00e4hrige wurde durch den Rettungsdienst in ein Krankhaus verbracht. Ihr Auto wurde abgeschleppt. Es entstand ein Sachschaden von rund 8.000 Euro.<\/p>\n\n\n\n<h2 class=\"wp-block-heading\">(Ludwigshafen) &#8211; Einbruch auf Firmengel\u00e4nde \/ Zeugen gesucht<\/h2>\n\n\n\n<p>In der Zeit vom 12.03.2024, gegen 22:55 Uhr, und 13.03.2024, gegen 01 Uhr, brachen bisher unbekannte Personen auf ein Firmengel\u00e4nde in der Bruchwiesenstra\u00dfe ein. Sie stahlen zwei Kabelspulen. <\/p>\n\n\n\n<ul>\n<li><strong>Wer hat im Tatzeitraum verd\u00e4chtige Personen im Bereich der Bruchwiesenstra\u00dfe gesehen? <\/strong><\/li>\n\n\n\n<li><strong>Hinweise bitte an die Polizeiinspektion Ludwigshafen 1, Telefonnummer 0621 963-2122 oder per E-Mail&nbsp;<a href=\"mailto:%20piludwigshafen1@polizei.rlp.de\">piludwigshafen1@polizei.rlp.de<\/a>&nbsp;.<\/strong>3<\/li>\n<\/ul>\n\n\n\n<h2 class=\"wp-block-heading\">(Mannheim) &#8211; Pkw in Brand geraten<\/h2>\n\n\n<div class=\"wp-block-image\">\n<figure class=\"aligncenter size-full\"><img decoding=\"async\" loading=\"lazy\" width=\"800\" height=\"533\" src=\"https:\/\/speyer24news.com\/wp-content\/uploads\/2023\/02\/Symboldbild-Feuerwehr.jpg\" alt=\"\" class=\"wp-image-50884\" srcset=\"https:\/\/speyer24news.com\/wp-content\/uploads\/2023\/02\/Symboldbild-Feuerwehr.jpg 800w, https:\/\/speyer24news.com\/wp-content\/uploads\/2023\/02\/Symboldbild-Feuerwehr-300x200.jpg 300w, https:\/\/speyer24news.com\/wp-content\/uploads\/2023\/02\/Symboldbild-Feuerwehr-768x512.jpg 768w\" sizes=\"(max-width: 800px) 100vw, 800px\" \/><\/figure><\/div>\n\n\n<p>Derzeit befinden sich Rettungskr\u00e4fte und Polizei im Bereich eines Parkplatzes der Rheinstra\u00dfe, unterhalb der Kurt-Schumacher-Br\u00fccke, bei einem Pkw-Vollbrand im Einsatz. \u00dcber die Brandursache liegen derzeit noch keine Erkenntnisse vor. Personen sind nicht betroffen. Durch die Einsatzma\u00dfnahmen kann es im unmittelbaren Nahbereich im abendlichen Feierabendverkehr zu Verkehrsbeeintr\u00e4chtigungen kommen. (<em>14.03.2024 \u2013 18:14<\/em>)<\/p>\n\n\n\n<h3 class=\"wp-block-heading has-text-align-center\">Pressemeldung Nr. 2<\/h3>\n\n\n\n<p>Am Donnerstagabend gegen 18.00 Uhr kam es im Bereich der Rheinstra\u00dfe, unterhalb der Kurt-Schumacher-Br\u00fccke, zu einem Brandgeschehen. Aus bislang noch unbekannter Ursache ging dort ein geparkter Ford Focus in Flammen auf. Durch die Berufsfeuerwehr Mannheim konnte der Brand zwar z\u00fcgig unter Kontrolle gebracht und schlie\u00dflich gel\u00f6scht werden, ein \u00dcbergreifen der Flammen auf zwei weitere Fahrzeuge lie\u00df sich jedoch nicht mehr verhindern. An zwei Fahrzeugen entstand Totalschaden in bislang unbekannter H\u00f6he. Zu gr\u00f6\u00dferen Verkehrsbehinderungen kam es nicht.<\/p>\n\n\n\n<h2 class=\"wp-block-heading\">(Mannheim) &#8211; Stra\u00dfenbahn erfasst E-Scooter. Eine Frau schwer verletzt<\/h2>\n\n\n\n<p>Am Donnerstag kam es um kurz vor 15:30 Uhr in der Tunnelstra\u00dfe auf H\u00f6he der Gl\u00fccksteinallee zu einem Zusammensto\u00df zwischen einer Stra\u00dfenbahn und der Fahrerin eines E-Scooters. Die Frau wurde nach ersten Erkenntnissen durch die Kollision schwer verletzt. Wie es zu dem Unfall kam, ist derzeit noch unklar.<\/p>\n\n\n\n<h3 class=\"wp-block-heading has-text-align-center\">Pressemeldung Nr. 2<\/h3>\n\n\n\n<p>Wie bereits berichtet, kam es am Donnerstag, gg. 15:30 Uhr, zu einem Verkehrsunfall zwischen einer E-Scooter-Fahrerin und einer Stra\u00dfenbahn.<\/p>\n\n\n\n<p>Laut Zeugenaussagen fuhr eine 43-J\u00e4hrige mit einem E-Scooter die Gl\u00fccksteinallee in Richtung Rennershofstra\u00dfe. Beim \u00dcberqueren der dortigen Stra\u00dfenbahngleise missachtete sie das f\u00fcr sie g\u00fcltige Rotlicht der Ampel und kollidierte mit der querenden Stra\u00dfenbahn (Linie 3). Trotz sofortiger Notbremsung konnte der 44-j\u00e4hrige Stra\u00dfenbahnfahrer den Unfall nicht mehr verhindern. Die 43-J\u00e4hrige erlitt schwere Verletzungen und wurde in ein Krankenhaus verbracht. Sie wurde bis zum Eintreffen des Rettungsdienstes durch Ersthelfer versorgt. Der Stra\u00dfenbahnfahrer erlitt einen Schock.<\/p>\n\n\n\n<p>F\u00fcr die Dauer der Verkehrsunfallaufnahme musste der Stra\u00dfenbahnverkehr f\u00fcr ca. eine Stunde gesperrt werden. Gr\u00f6\u00dfere Verkehrsbeeintr\u00e4chtigungen wurden nicht bekannt.<\/p>\n\n\n\n<p>Der entstandene Schaden wird auf ca. 1.200 Euro gesch\u00e4tzt.<\/p>\n\n\n\n<p>Die Ermittlungen zur genauen Unfallursache hat der Verkehrsdienst Mannheim \u00fcbernommen.<\/p>\n\n\n\n<h2 class=\"wp-block-heading\">(Mannheim) &#8211; \u00dcber Rot gefahren und Unfall verursacht; ca. 7.000 Euro Sachschaden<\/h2>\n\n\n\n<p>Am Mittwochabend um 21:25 Uhr fuhr ein 78-j\u00e4hriger Mercedes-Benz-Fahrer die Friedrich-Ebert-Stra\u00dfe entlang. Gleichzeitig fuhr ein 48-j\u00e4hriger Mercedes-Benz-Fahrer die Grenadierstra\u00dfe in Fahrtrichtung Friedrich-Ebert-Stra\u00dfe entlang. Hierbei missachtete der 48-J\u00e4hrige das f\u00fcr ihn geltende Rotlicht der Ampel und kollidierte im Kreuzungsbereich mit dem Fahrzeug des 78-J\u00e4hrigen. Der Sachschaden wird auf rund 7.000 Euro gesch\u00e4tzt. Die Fahrzeuge blieben fahrbereit und mussten nicht abgeschleppt werden. Verletzt wurde gl\u00fccklicherweise niemand.<\/p>\n\n\n\n<h2 class=\"wp-block-heading\">(Mannheim) &#8211; Rucksack aus geparktem Auto gestohlen \/ Polizei sucht Zeugen<\/h2>\n\n\n\n<p>Die kurze Abwesenheit eines 32-J\u00e4hrigen nutzte am Mittwochnachmittag eine bislang noch unbekannte T\u00e4terschaft aus und stahl einen Rucksack aus dem Inneren eines unverschlossen abgestellten Volvos. Der Mann hatte zuvor sein Auto beim Quadrat Q 5 geparkt und dieses um 17:30 Uhr f\u00fcr knapp 10 Minuten nicht mehr im Blick gehabt. Als er zu seinem Fahrzeug zur\u00fcckkehrte, bemerkte er, dass der Rucksack, welcher im Fu\u00dfraum der Beifahrerseite gelegen hatte, weg war. Der Wert des Rucksacks und dessen Inhalts wird auf knapp 2.000 Euro gesch\u00e4tzt. Das Polizeirevier Mannheim-Oststadt ermittelt nun wegen Diebstahl.<\/p>\n\n\n\n<ul>\n<li><strong>Zeugen, die sachdienliche Hinweise geben k\u00f6nnen, werden gebeten, sich beim Polizeirevier Mannheim-Oststadt unter der Telefonnummer 0621\/174-3310 zu melden.<\/strong><\/li>\n<\/ul>\n\n\n\n<h2 class=\"wp-block-heading\">(Mannheim) &#8211; Autofahrerin zwingt Stra\u00dfenbahn zur Vollbremsung \/ Fahrg\u00e4ste leicht verletzt<\/h2>\n\n\n\n<p>Eine Stra\u00dfenbahn der Linie 2 befuhr am Mittwoch gegen 10.30 Uhr die Mittelstra\u00dfe in Fahrtrichtung Ludwig-Jolly-Stra\u00dfe, als eine bislang unbekannte Fahrzeugf\u00fchrerin dieser die Vorfahrt nahm. Die unbekannte Fahrerin befuhr ebenfalls die Mittelstra\u00dfe und missachtete im Kreuzungsbereich der G\u00e4rtnerstra\u00dfe die Vorfahrt der herannahenden Stra\u00dfenbahn, sodass diese eine Vollbremsung einleiten musste. Durch die Bremsung wurden zwei Fahrg\u00e4ste der Stra\u00dfenbahn leicht verletzt und in umliegende Krankenh\u00e4user gebracht. Die unbekannte Fahrzeugf\u00fchrerin setzte im Anschluss ihre Fahrt in Richtung Ludwig-Jolly-Stra\u00dfe fort, ohne ihrer Pflicht als Unfallverursacherin nachzukommen. Es kam zu keinem Zusammensto\u00df beider Fahrzeuge.<\/p>\n\n\n\n<ul>\n<li><strong>Zeugen, die Hinweise auf die bislang unbekannte Fahrzeugf\u00fchrerin haben, werden gebeten sich beim Verkehrsdienst Mannheim zu melden, unter: 0621-174 4222.<\/strong><\/li>\n<\/ul>\n\n\n\n<h2 class=\"wp-block-heading\">(Mannheim) &#8211; 26-J\u00e4hrige vermisst \/ \u00d6ffentlichkeitsfahndung mit Fotoaufnahme<\/h2>\n\n\n<div class=\"wp-block-image\">\n<figure class=\"aligncenter size-full\"><img decoding=\"async\" loading=\"lazy\" width=\"600\" height=\"431\" src=\"https:\/\/speyer24news.com\/wp-content\/uploads\/2024\/03\/Unbenannt-273x300-1.jpg\" alt=\"\" class=\"wp-image-58673\" srcset=\"https:\/\/speyer24news.com\/wp-content\/uploads\/2024\/03\/Unbenannt-273x300-1.jpg 600w, https:\/\/speyer24news.com\/wp-content\/uploads\/2024\/03\/Unbenannt-273x300-1-300x216.jpg 300w\" sizes=\"(max-width: 600px) 100vw, 600px\" \/><\/figure><\/div>\n\n\n<p>Die in Griechenland lebende 26-j\u00e4hrige Fazeleh M. besucht seit mehreren Tagen mit weiteren Familienangeh\u00f6rigen Verwandte in Mannheim, Stadtteil Rheinau. Sie verlie\u00df am Mittwoch, den 13.03.2024 gegen 10 Uhr die Wohnanschrift der Verwandten und ist seither unbekannten Aufenthalts.<\/p>\n\n\n\n<p>Auf Grund einer kognitiven Einschr\u00e4nkung kann eine hilflose Lage nicht ausgeschlossen werden.<\/p>\n\n\n\n<h4 class=\"wp-block-heading\">Die Vermisste wird wie folgt beschrieben:<\/h4>\n\n\n\n<ul>\n<li><strong>Circa 170 cm gro\u00df<\/strong><\/li>\n\n\n\n<li><strong>kr\u00e4ftige Figur<\/strong><\/li>\n\n\n\n<li><strong>nackenlange, dunkle Haare<\/strong><\/li>\n\n\n\n<li><strong>s\u00fcdosteurop\u00e4isches Erscheinungsbild<\/strong><\/li>\n\n\n\n<li><strong>Sie trug bei ihrem Verschwinden eine schwarze Hose, ein schwarzes Oberteil, ein schwarzes Kopftuch und einen gr\u00fcn-schwarz-karierten Mantel. Die getragene Kleidung ist identisch mit der Abbildung der beigef\u00fcgten Fotoaufnahme der Vermissten.<\/strong><\/li>\n<\/ul>\n\n\n\n<ul>\n<li><strong>Personen, die sachdienliche Hinweise geben k\u00f6nnen, werden gebeten sich bei der Polizei unter der Telefonnummer 0621-174 4444 zu melden.<\/strong><\/li>\n<\/ul>\n\n\n\n<h2 class=\"wp-block-heading\">(Mannheim) &#8211; Vorfahrtsversto\u00df f\u00fchrt zum Unfall<\/h2>\n\n\n\n<p>Zu einer Kollision zweier Fahrzeuge kam es am Mittwoch gegen 8.25 Uhr im Kreuzungsbereich der Luzenbergstra\u00dfe und der Spiegelstra\u00dfe. Eine 45-j\u00e4hrige Hyundai-Fahrerin fuhr von der Spiegelstra\u00dfe in die Luzenbergstra\u00dfe und missachtete hierbei die Vorfahrt der Verkehrsteilnehmer auf der Luzenbergstra\u00dfe. Ein 32-j\u00e4hriger BMW-Fahrer, der sich zu diesem Zeitpunkt auf der rechten Fahrbahn der Luzenbergstra\u00dfe befand, kollidierte mit der 45-J\u00e4hrigen. Verletzt wurde bei dem Unfall keiner der Beteiligten. An den Fahrzeugen entstand Sachschaden in H\u00f6he von ca. 19.000 Euro.<\/p>\n\n\n\n<h2 class=\"wp-block-heading\">(A 6 \/ Schwetzingen &#8211; Hockenheim FR MA \/ Rhein-Neckar-Kreis) &#8211; Verkehrsbeeintr\u00e4chtigungen aufgrund eines Unfalls<\/h2>\n\n\n\n<p>Aktuell kommt es auf der BAB 6 Heilbronn in Richtung Mannheim zwischen Schwetzingen\/Hockenheim und Mannheim\/Schwetzingen aufgrund eines Unfalls zu Verkehrsbeeintr\u00e4chtigungen. Der Unfallhergang sowie die Schwere der Verletzungen sind aktuell noch nicht bekannt. Wir berichten nach.<\/p>\n\n\n\n<h3 class=\"wp-block-heading has-text-align-center\">Pressemeldung Nr. 2<\/h3>\n\n\n\n<p>Am Mittwoch ereignete sich um 11:10 Uhr auf der BAB 6 Ketsch zwischen der Anschlussstelle Schwetzingen\/Hockenheim und der Anschlussstelle Mannheim\/Schwetzingen ein Auffahrunfall zwischen einem Fahrschulauto und einem Nissan.<\/p>\n\n\n\n<p>Aufgrund des hohen Verkehrsaufkommens musste das mit zwei Personen besetzte Fahrschulauto auf der rechten Fahrspur verkehrsbedingt abbremsen. Der dahinter befindliche 64-j\u00e4hrige Nissan-Fahrer erkannten die Situation zu sp\u00e4t und fuhr dem Fahrschulauto hinten auf. Durch die Kollision wurden der Nissan-Fahrer sowie seine Beifahrerin schwer, jedoch nicht lebensgef\u00e4hrlich, verletzt. Die 37-j\u00e4hrige Fahrschullehrerin wurde leicht verletzt. Die Fahrsch\u00fclerin blieb unverletzt. Durch den Rettungsdienst wurden die verletzten Unfallbeteiligten in ein nahegelegenes Krankenhaus gebracht. Die Fahrzeuge mussten abgeschleppt werden. Die H\u00f6he des Sachschadens kann derzeit noch nicht beziffert werden. Durch die Unfallaufnahme sowie die Bergungsarbeiten kam es zu Staubildungen. Gegen 12:45 Uhr konnte die Fahrbahn f\u00fcr den Verkehr wieder freigegeben werden.<\/p>\n\n\n\n<h2 class=\"wp-block-heading\">(Br\u00fchl \/ Rhein-Neckar-Kreis) &#8211; Erneut Diebstahl eines fest verbauten Navigationsger\u00e4tes<\/h2>\n\n\n\n<p>Wieder einmal wurde durch eine bislang unbekannte T\u00e4terschaft ein fest eingebautes Navigationsger\u00e4t aus einem Fahrzeug entwendet. Ein 44-J\u00e4hriger stellte seinen Peugeot am Dienstag gegen 23 Uhr am Messplatz ab. Als er am Mittwochmorgen gegen 8.30 Uhr zu seinem Fahrzeug kam, stellte er den Diebstahl fest. Wie hoch der Sach- und Diebstahlsschaden ist, ist bislang noch unbekannt.<\/p>\n\n\n\n<ul>\n<li><strong>Zeugen, die sachdienliche Hinweise geben k\u00f6nnen, werden gebeten sich beim Polizeiposten Br\u00fchl zu melden, unter: 06202-71282.<\/strong><\/li>\n<\/ul>\n\n\n\n<h2 class=\"wp-block-heading\">(A 5 \/ St. Leon-Rot \/ Rhein-Neckar-Kreis) &#8211; Auffahrunfall mit mehreren Fahrzeugen<\/h2>\n\n\n\n<h3 class=\"wp-block-heading has-text-align-center\">Pressemeldung Nr. 4<\/h3>\n\n\n\n<p>Aktuellen Erkenntnissen zu Folge kam es am Mittwoch gegen 10:30 Uhr zu einem Auffahrunfall bei dem vier Fahrzeuge beteiligt waren.<\/p>\n\n\n\n<p>Ein 57-j\u00e4hriger LKW-Fahrer fuhr auf der BAB 5 in Fahrtrichtung Heidelberg auf dem rechten der drei vorhandenen Fahrstreifen. Hinter dem Fahrzeuggespann befand sich eine 19-j\u00e4hrige Autofahrerin und dahinter ein 44-j\u00e4hriger Mann mit seinem LKW. Alle drei Fahrzeugf\u00fchrer befanden sich zwischen der Anschlussstelle Kronau und dem Autobahnkreuz Walldorf, ungef\u00e4hr auf H\u00f6he St. Leon-Rot in selbige Fahrtrichtung. Auf Grund der Verkehrslage musste der vorausfahrende LKW-Fahrer halten. Die beiden hinter ihm befindlichen Fahrzeugf\u00fchrer kamen durch starkes Abbremsen ebenfalls zum Stillstand.<\/p>\n\n\n\n<p>Als die drei Verkehrsteilnehmer bereits standen, kollidierte ein 32-j\u00e4hriger LKW-Fahrer von hinten mit dem stehenden LKW des 44-J\u00e4hrigen. Durch die Wucht des Aufpralls wurden die drei stehenden Fahrzeuge zusammengeschoben. An den vier beteiligten Fahrzeugen entstand ein Gesamtsachschaden in H\u00f6he von etwa 7.500 Euro. Die Autofahrerin wurde in ihrem Ford durch die Kollision leicht verletzt und musste im Krankenhaus behandelt werden.<\/p>\n\n\n\n<p>Der Verkehrsdienst Heidelberg hat die Ermittlungen aufgenommen.<\/p>\n\n\n\n<h2 class=\"wp-block-heading\">(Dielheim \/ Rhein-Neckar-Kreis) &#8211; Unbekannter versucht gef\u00e4lschte Rezepte in Apotheke einzul\u00f6sen<\/h2>\n\n\n\n<p>Am Mittwoch gegen 15:30 Uhr wurde in einer Apotheke in Dielheim versucht mit einem gef\u00e4lschten Rezept an verschreibungspflichtige Medikamente zu gelangen.<\/p>\n\n\n\n<p>Eine derzeit noch unbekannte m\u00e4nnliche Person versuchte an ein Diabetiker-Medikament zu gelangen, welches ersten Ermittlungen zu Folge auch zum Abnehmen genutzt wird. Als die Apothekerin das Rezept jedoch genauer betrachtete, verlie\u00df der Unbekannte fluchtartig die Apotheke.<\/p>\n\n\n\n<p>Das Polizeirevier Wiesloch hat die Ermittlungen aufgenommen.<\/p>\n\n\n\n<h2 class=\"wp-block-heading\">(Sch\u00f6nau \/ Rhein-Neckar-Kreis) &#8211; Junger Mann mit Nacktbildern erpresst<\/h2>\n\n\n<div class=\"wp-block-image\">\n<figure class=\"aligncenter size-full\"><img decoding=\"async\" loading=\"lazy\" width=\"800\" height=\"600\" src=\"https:\/\/speyer24news.com\/wp-content\/uploads\/2021\/04\/Sextortion.jpg\" alt=\"\" class=\"wp-image-35258\" srcset=\"https:\/\/speyer24news.com\/wp-content\/uploads\/2021\/04\/Sextortion.jpg 800w, https:\/\/speyer24news.com\/wp-content\/uploads\/2021\/04\/Sextortion-300x225.jpg 300w, https:\/\/speyer24news.com\/wp-content\/uploads\/2021\/04\/Sextortion-768x576.jpg 768w, https:\/\/speyer24news.com\/wp-content\/uploads\/2021\/04\/Sextortion-678x509.jpg 678w, https:\/\/speyer24news.com\/wp-content\/uploads\/2021\/04\/Sextortion-326x245.jpg 326w, https:\/\/speyer24news.com\/wp-content\/uploads\/2021\/04\/Sextortion-80x60.jpg 80w\" sizes=\"(max-width: 800px) 100vw, 800px\" \/><\/figure><\/div>\n\n\n<p>Zun\u00e4chst ahnte ein 21-J\u00e4hriger aus Sch\u00f6nau nichts B\u00f6ses, als er am Montag von einer Unbekannten auf Instagram angeschrieben wurde. Nachdem sich der junge Mann im Chat rasch mit der Frau angefreundet hatte, tauschten beide \u00fcber die Plattform Snapchat Nacktbilder aus. Kurze Zeit sp\u00e4ter brach der Kontakt zu der vermeintlichen Frau ab und ein Mann drohte mit der Ver\u00f6ffentlichung der Bilder des jungen Mannes. Aus Sorge dar\u00fcber, dass die intimen Aufnahmen durch den unbekannten Erpresser \u00fcber die sozialen Medien an seine Freunde und Bekannte verbreitet werden, willigte er ein, Geld f\u00fcr die L\u00f6schung der Bilder zu \u00fcberweisen. Allerdings gen\u00fcgte die Summe dem unbekannten T\u00e4ter nicht und forderte danach noch mehr Geld. Daraufhin wandte sich der 21-J\u00e4hrige an die Polizei, welche nun wegen Erpressung auf sexueller Grundlage ermittelt.<\/p>\n\n\n\n<h2 class=\"wp-block-heading\">(Schriesheim \/ Rhein-Neckar-Kreis) &#8211; 52-j\u00e4hriger Tatverd\u00e4chtiger wegen des Verdachts des unerlaubten bewaffneten Handeltreibens mit Bet\u00e4ubungsmitteln in nicht geringer Menge in Untersuchungshaft<\/h2>\n\n\n\n<h3 class=\"wp-block-heading\">Gemeinsame Pressemitteilung der Staatsanwaltschaft Mannheim und des Polizeipr\u00e4sidiums Mannheim<\/h3>\n\n\n<div class=\"wp-block-image\">\n<figure class=\"aligncenter size-full\"><img decoding=\"async\" loading=\"lazy\" width=\"800\" height=\"533\" src=\"https:\/\/speyer24news.com\/wp-content\/uploads\/2020\/06\/Zelle.jpg\" alt=\"\" class=\"wp-image-28203\" srcset=\"https:\/\/speyer24news.com\/wp-content\/uploads\/2020\/06\/Zelle.jpg 800w, https:\/\/speyer24news.com\/wp-content\/uploads\/2020\/06\/Zelle-300x200.jpg 300w, https:\/\/speyer24news.com\/wp-content\/uploads\/2020\/06\/Zelle-768x512.jpg 768w\" sizes=\"(max-width: 800px) 100vw, 800px\" \/><figcaption class=\"wp-element-caption\">Beispielbild Zelle \/ Verhaftung, dient lediglich der Visualisierung<\/figcaption><\/figure><\/div>\n\n\n<p>Am 11.03.2024 soll um kurz nach 7 Uhr ein 52-J\u00e4hriger in seiner Wohnung in der Rennewartstra\u00dfe in Schriesheim unsachgem\u00e4\u00df mit Pyrotechnik hantiert haben, wodurch es aus bislang unbekannter Ursache zu einer Verpuffung kam. Im Rahmen der Ermittlungen wurden in der Wohnung des 52-J\u00e4hrigen fast ein Kilogramm Amphetamin, rund 20 Gramm Kokain, \u00fcber 800 Gramm Marihuana und mehrere Dutzend Cannabispflanzen aufgefunden. Es besteht der Verdacht, dass die Bet\u00e4ubungsmittel zum gewinnbringenden Weiterverkauf bestimmt waren. Dar\u00fcber hinaus konnten in der gesamten Wohnung des Mannes verteilt diverse Waffen und gef\u00e4hrliche Gegenst\u00e4nde festgestellt werden. Darunter befanden sich mehrere Schusswaffen, Messer sowie ein selbstgebautes Schwert.<\/p>\n\n\n\n<p>Auf Antrag der Staatsanwaltschaft erlie\u00df der zust\u00e4ndige Ermittlungsrichter des Amtsgerichts Mannheim am Dienstagnachmittag einen Haftbefehl gegen den Tatverd\u00e4chtigen wegen Fluchtgefahr und Verdunkelungsgefahr und setzte ihn in Vollzug. Der Tatverd\u00e4chtige wurde sodann in eine Justizvollzugsanstalt eingeliefert.<\/p>\n","protected":false},"excerpt":{"rendered":"<div class=\"mh-excerpt\"><p>Polizeimeldungen vom Donnerstag (14.03.2024) (Speyer) &#8211; PKW mutwillig besch\u00e4digt Am Mittwoch, in der Zeit zwischen 13:20 &#8211; 13:30 Uhr verkratzte ein unbekannter T\u00e4ter den PKW einer 42-J\u00e4hrigen auf dem Parkplatz eines Selbstbedienungs-Warenhauses in der Stra\u00dfe <a class=\"mh-excerpt-more\" href=\"https:\/\/speyer24news.com\/?p=58671\" title=\"Polizeimeldungen Donnerstag (14.03.24)\">[&#8230;]<\/a><\/p>\n<\/div>","protected":false},"author":3,"featured_media":26162,"comment_status":"open","ping_status":"open","sticky":false,"template":"","format":"standard","meta":{"_monsterinsights_skip_tracking":false,"_monsterinsights_sitenote_active":false,"_monsterinsights_sitenote_note":"","_monsterinsights_sitenote_category":0,"footnotes":""},"categories":[15659],"tags":[7273,7243,7244,10926,13554,350,14537,15084,15267,14538,15361,702,61,2555,14113,6955,6986,6263,63,105,11150,6987,53,13540,16956,4683,14958,9154,12967,102,13626,213,14325,14324,13553,13541,16955,2625,380],"aioseo_notices":[],"amp_enabled":true,"_links":{"self":[{"href":"https:\/\/speyer24news.com\/index.php?rest_route=\/wp\/v2\/posts\/58671"}],"collection":[{"href":"https:\/\/speyer24news.com\/index.php?rest_route=\/wp\/v2\/posts"}],"about":[{"href":"https:\/\/speyer24news.com\/index.php?rest_route=\/wp\/v2\/types\/post"}],"author":[{"embeddable":true,"href":"https:\/\/speyer24news.com\/index.php?rest_route=\/wp\/v2\/users\/3"}],"replies":[{"embeddable":true,"href":"https:\/\/speyer24news.com\/index.php?rest_route=%2Fwp%2Fv2%2Fcomments&post=58671"}],"version-history":[{"count":3,"href":"https:\/\/speyer24news.com\/index.php?rest_route=\/wp\/v2\/posts\/58671\/revisions"}],"predecessor-version":[{"id":58690,"href":"https:\/\/speyer24news.com\/index.php?rest_route=\/wp\/v2\/posts\/58671\/revisions\/58690"}],"wp:featuredmedia":[{"embeddable":true,"href":"https:\/\/speyer24news.com\/index.php?rest_route=\/wp\/v2\/media\/26162"}],"wp:attachment":[{"href":"https:\/\/speyer24news.com\/index.php?rest_route=%2Fwp%2Fv2%2Fmedia&parent=58671"}],"wp:term":[{"taxonomy":"category","embeddable":true,"href":"https:\/\/speyer24news.com\/index.php?rest_route=%2Fwp%2Fv2%2Fcategories&post=58671"},{"taxonomy":"post_tag","embeddable":true,"href":"https:\/\/speyer24news.com\/index.php?rest_route=%2Fwp%2Fv2%2Ftags&post=58671"}],"curies":[{"name":"wp","href":"https:\/\/api.w.org\/{rel}","templated":true}]}}