{"id":58787,"date":"2024-03-18T10:19:57","date_gmt":"2024-03-18T09:19:57","guid":{"rendered":"https:\/\/speyer24news.com\/?p=58787"},"modified":"2024-03-19T08:01:06","modified_gmt":"2024-03-19T07:01:06","slug":"radarfallen-blitzer-geschwindigkeitsmessung-fuer-die-kw-12-18-03-24-03-2024","status":"publish","type":"post","link":"https:\/\/speyer24news.com\/?p=58787","title":{"rendered":"Radarfallen \/ Blitzer \/ Geschwindigkeitsmessung f\u00fcr die KW 12 (18.03. \u2013 24.03.2024)"},"content":{"rendered":"<style type=\"text\/css\">\r\n\t.ads_top_disp{}\r\n\t.ads_top_corner_disp{ float:left; margin:0px 10px 10px 0px; }\r\n\t.ads_first_p_disp{}\r\n\t.ads_bottom_disp{}\r\n\t<\/style>\n<h2 class=\"wp-block-heading\"><strong>(Mannheim) \u2013&nbsp;<\/strong>Geschwindigkeitskontrollen f\u00fcr die Woche&nbsp;vom 18. bis 22. M\u00e4rz<\/h2>\n\n\n<div class=\"wp-block-image\">\n<figure class=\"aligncenter\"><img decoding=\"async\" loading=\"lazy\" width=\"640\" height=\"497\" src=\"https:\/\/speyer24news.com\/wp-content\/uploads\/2020\/12\/Blitzer-2.jpg\" alt=\"\" class=\"wp-image-31937\" srcset=\"https:\/\/speyer24news.com\/wp-content\/uploads\/2020\/12\/Blitzer-2.jpg 640w, https:\/\/speyer24news.com\/wp-content\/uploads\/2020\/12\/Blitzer-2-300x233.jpg 300w\" sizes=\"(max-width: 640px) 100vw, 640px\" \/><\/figure><\/div>\n\n\n<h3 class=\"wp-block-heading\">Die Stadt Mannheim f\u00fchrt vom 18. bis 22. M\u00e4rz in folgenden Stra\u00dfen Geschwindigkeitskontrollen durch:<\/h3>\n\n\n\n<ul>\n<li><strong>Gutenbergstra\u00dfe<\/strong><\/li>\n\n\n\n<li><strong>K\u00e4fertaler Stra\u00dfe<\/strong><\/li>\n\n\n\n<li><strong>Krefelder Stra\u00dfe<\/strong><\/li>\n\n\n\n<li><strong>K\u00fclsheimer Stra\u00dfe<\/strong><\/li>\n\n\n\n<li><strong>Mallaustra\u00dfe<\/strong><\/li>\n\n\n\n<li><strong>Osterburker Stra\u00dfe<\/strong><\/li>\n\n\n\n<li><strong>Relaisstra\u00dfe<\/strong><\/li>\n\n\n\n<li><strong>Rheinauer Ring<\/strong><\/li>\n\n\n\n<li><strong>Rhenaniastra\u00dfe<\/strong><\/li>\n\n\n\n<li><strong>R\u00f6merstra\u00dfe<\/strong><\/li>\n\n\n\n<li><strong>Turley-Stra\u00dfe<\/strong><\/li>\n<\/ul>\n\n\n\n<p>Kurzfristige \u00c4nderungen oder zus\u00e4tzliche Messstellen sind aus aktuellem Anlass m\u00f6glich.<\/p>\n\n\n\n<p><em>Stadt Mannheim<br>14.03.2024<\/em><\/p>\n\n\n\n<h2 class=\"wp-block-heading\"><strong>(Ludwigshafen) \u2013&nbsp;<\/strong>Radarkontrollen f\u00fcr die Woche vom 18. M\u00e4rz bis 24. M\u00e4rz 2024<\/h2>\n\n\n<div class=\"wp-block-image\">\n<figure class=\"aligncenter\"><img decoding=\"async\" loading=\"lazy\" width=\"800\" height=\"600\" src=\"https:\/\/speyer24news.com\/wp-content\/uploads\/2020\/03\/Blitzer-1.jpg\" alt=\"\" class=\"wp-image-25724\" srcset=\"https:\/\/speyer24news.com\/wp-content\/uploads\/2020\/03\/Blitzer-1.jpg 800w, https:\/\/speyer24news.com\/wp-content\/uploads\/2020\/03\/Blitzer-1-300x225.jpg 300w, https:\/\/speyer24news.com\/wp-content\/uploads\/2020\/03\/Blitzer-1-768x576.jpg 768w, https:\/\/speyer24news.com\/wp-content\/uploads\/2020\/03\/Blitzer-1-678x509.jpg 678w, https:\/\/speyer24news.com\/wp-content\/uploads\/2020\/03\/Blitzer-1-326x245.jpg 326w, https:\/\/speyer24news.com\/wp-content\/uploads\/2020\/03\/Blitzer-1-80x60.jpg 80w\" sizes=\"(max-width: 800px) 100vw, 800px\" \/><\/figure><\/div>\n\n\n<h3 class=\"wp-block-heading\">Die Stadt Ludwigshafen nimmt in folgenden Stadtteilen Radarkontrollen vor:<\/h3>\n\n\n\n<ul>\n<li><strong>Montag, 18. M\u00e4rz: Pfingstweide, Friesenheim und Oggersheim<\/strong><\/li>\n\n\n\n<li><strong>Dienstag, 19. M\u00e4rz: Rheing\u00f6nheim, Oppau und S\u00fcd<\/strong><\/li>\n\n\n\n<li><strong>Mittwoch, 20. M\u00e4rz: Mundenheim, Mitte und Nord<\/strong><\/li>\n\n\n\n<li><strong>Donnerstag, 21. M\u00e4rz: Friesenheim, Edigheim und West<\/strong><\/li>\n\n\n\n<li><strong>Freitag, 22. M\u00e4rz: Mundenheim, Gartenstadt und Maudach<\/strong><\/li>\n<\/ul>\n\n\n\n<p>Kurzfristige \u00c4nderungen beh\u00e4lt sich der Bereich Stra\u00dfenverkehr vor. Kontrollen k\u00f6nnen auch kurzfristig an anderen Stellen stattfinden.<\/p>\n\n\n\n<p><em>Stadt Ludwigshafen am Rhein<br>14.03.2024<\/em><\/p>\n\n\n\n<h2 class=\"wp-block-heading\"><strong>(Pr\u00e4sidialbereich Rheinpfalz)<\/strong>&nbsp;\u2013 Geschwindigkeitskontrollen im M\u00e4rz 2024<\/h2>\n\n\n<div class=\"wp-block-image\">\n<figure class=\"aligncenter\"><img decoding=\"async\" loading=\"lazy\" width=\"800\" height=\"450\" src=\"https:\/\/speyer24news.com\/wp-content\/uploads\/2020\/12\/Blitzer-Logo.jpg\" alt=\"\" class=\"wp-image-31938\" srcset=\"https:\/\/speyer24news.com\/wp-content\/uploads\/2020\/12\/Blitzer-Logo.jpg 800w, https:\/\/speyer24news.com\/wp-content\/uploads\/2020\/12\/Blitzer-Logo-300x169.jpg 300w, https:\/\/speyer24news.com\/wp-content\/uploads\/2020\/12\/Blitzer-Logo-768x432.jpg 768w, https:\/\/speyer24news.com\/wp-content\/uploads\/2020\/12\/Blitzer-Logo-678x381.jpg 678w\" sizes=\"(max-width: 800px) 100vw, 800px\" \/><\/figure><\/div>\n\n\n<p>Die Verkehrs\u00fcberwachung mittels Verkehrskontrollen geh\u00f6rt zu den zentralen Aufgaben der Polizei.<\/p>\n\n\n\n<h3 class=\"wp-block-heading\">Im M\u00e4rz finden daher im Bezirk des Polizeipr\u00e4sidiums Rheinpfalz wie folgt Geschwindigkeitskontrollen statt:<\/h3>\n\n\n\n<h3 class=\"wp-block-heading\">Im Gebiet der&nbsp;<strong>Polizeidirektion Ludwigshafen<\/strong>:<\/h3>\n\n\n\n<ul>\n<li><strong>20.03.2024, Bereich Dudenhofen<\/strong><\/li>\n\n\n\n<li><strong>29.03.2024, Bereich Lambsheim<\/strong><\/li>\n<\/ul>\n\n\n\n<h3 class=\"wp-block-heading\">Im Gebiet der&nbsp;<strong>Polizeidirektion Landau<\/strong>:<\/h3>\n\n\n\n<ul>\n<li><strong>18.03.2024, Bereich Steinfeld<\/strong><\/li>\n\n\n\n<li><strong>27.03.2024, Bereich Annweiler<\/strong><\/li>\n<\/ul>\n\n\n\n<h3 class=\"wp-block-heading\">Im Gebiet der&nbsp;<strong>Polizeidirektion Neustadt<\/strong>:<\/h3>\n\n\n\n<ul>\n<li><strong>21.03.2024, Bereich Meckenheim<\/strong><\/li>\n\n\n\n<li><strong>25.03.2024, Bereich Bockenheim<\/strong><\/li>\n<\/ul>\n\n\n\n<p>Die Polizei weist ausdr\u00fccklich darauf hin, dass Kontrollen auch au\u00dferhalb der genannten Zeiten und \u00d6rtlichkeiten stattfinden.<\/p>\n\n\n\n<p><em>Polizeipr\u00e4sidium Rheinpfalz<br>29.02.2024<\/em><\/p>\n","protected":false},"excerpt":{"rendered":"<div class=\"mh-excerpt\"><p>(Mannheim) \u2013&nbsp;Geschwindigkeitskontrollen f\u00fcr die Woche&nbsp;vom 18. bis 22. M\u00e4rz Die Stadt Mannheim f\u00fchrt vom 18. bis 22. M\u00e4rz in folgenden Stra\u00dfen Geschwindigkeitskontrollen durch: Kurzfristige \u00c4nderungen oder zus\u00e4tzliche Messstellen sind aus aktuellem Anlass m\u00f6glich. Stadt Mannheim14.03.2024 <a class=\"mh-excerpt-more\" href=\"https:\/\/speyer24news.com\/?p=58787\" title=\"Radarfallen \/ Blitzer \/ Geschwindigkeitsmessung f\u00fcr die KW 12 (18.03. \u2013 24.03.2024)\">[&#8230;]<\/a><\/p>\n<\/div>","protected":false},"author":3,"featured_media":33649,"comment_status":"open","ping_status":"open","sticky":false,"template":"","format":"standard","meta":{"_monsterinsights_skip_tracking":false,"_monsterinsights_sitenote_active":false,"_monsterinsights_sitenote_note":"","_monsterinsights_sitenote_category":0,"footnotes":""},"categories":[9],"tags":[18,7702,4819,4814,7703,14960,19,5148,4822,4817,5149,17773,4228,17342,16999,16998,17000,14750,947,5146,4820,4815,5147,14751,17,7699,7068,7004,7700,17917,16990,17424,16992,16991,16993,16994,949,5150,4818,4813,5151,14746,1310,17426,11898,16995,16997,16996],"aioseo_notices":[],"amp_enabled":true,"_links":{"self":[{"href":"https:\/\/speyer24news.com\/index.php?rest_route=\/wp\/v2\/posts\/58787"}],"collection":[{"href":"https:\/\/speyer24news.com\/index.php?rest_route=\/wp\/v2\/posts"}],"about":[{"href":"https:\/\/speyer24news.com\/index.php?rest_route=\/wp\/v2\/types\/post"}],"author":[{"embeddable":true,"href":"https:\/\/speyer24news.com\/index.php?rest_route=\/wp\/v2\/users\/3"}],"replies":[{"embeddable":true,"href":"https:\/\/speyer24news.com\/index.php?rest_route=%2Fwp%2Fv2%2Fcomments&post=58787"}],"version-history":[{"count":2,"href":"https:\/\/speyer24news.com\/index.php?rest_route=\/wp\/v2\/posts\/58787\/revisions"}],"predecessor-version":[{"id":58801,"href":"https:\/\/speyer24news.com\/index.php?rest_route=\/wp\/v2\/posts\/58787\/revisions\/58801"}],"wp:featuredmedia":[{"embeddable":true,"href":"https:\/\/speyer24news.com\/index.php?rest_route=\/wp\/v2\/media\/33649"}],"wp:attachment":[{"href":"https:\/\/speyer24news.com\/index.php?rest_route=%2Fwp%2Fv2%2Fmedia&parent=58787"}],"wp:term":[{"taxonomy":"category","embeddable":true,"href":"https:\/\/speyer24news.com\/index.php?rest_route=%2Fwp%2Fv2%2Fcategories&post=58787"},{"taxonomy":"post_tag","embeddable":true,"href":"https:\/\/speyer24news.com\/index.php?rest_route=%2Fwp%2Fv2%2Ftags&post=58787"}],"curies":[{"name":"wp","href":"https:\/\/api.w.org\/{rel}","templated":true}]}}