{"id":58807,"date":"2024-03-19T08:48:55","date_gmt":"2024-03-19T07:48:55","guid":{"rendered":"https:\/\/speyer24news.com\/?p=58807"},"modified":"2024-03-19T08:48:58","modified_gmt":"2024-03-19T07:48:58","slug":"polizeimeldungen-montag-17-03-24","status":"publish","type":"post","link":"https:\/\/speyer24news.com\/?p=58807","title":{"rendered":"Polizeimeldungen Montag (17.03.24)"},"content":{"rendered":"<style type=\"text\/css\">\r\n\t.ads_top_disp{}\r\n\t.ads_top_corner_disp{ float:left; margin:0px 10px 10px 0px; }\r\n\t.ads_first_p_disp{}\r\n\t.ads_bottom_disp{}\r\n\t<\/style>\n<h2 class=\"wp-block-heading\">Polizeimeldungen vom Montag (18.03.2024)<\/h2>\n\n\n<div class=\"wp-block-image\">\n<figure class=\"aligncenter size-full\"><img decoding=\"async\" loading=\"lazy\" width=\"375\" height=\"500\" src=\"https:\/\/speyer24news.com\/wp-content\/uploads\/2022\/03\/Aktuelles-Polizeilogo.jpg\" alt=\"\" class=\"wp-image-43591\" srcset=\"https:\/\/speyer24news.com\/wp-content\/uploads\/2022\/03\/Aktuelles-Polizeilogo.jpg 375w, https:\/\/speyer24news.com\/wp-content\/uploads\/2022\/03\/Aktuelles-Polizeilogo-225x300.jpg 225w\" sizes=\"(max-width: 375px) 100vw, 375px\" \/><\/figure><\/div>\n\n\n<h2 class=\"wp-block-heading\">(Speyer) &#8211; K\u00f6rperliche Auseinandersetzung in einer Asylaufnahmeeinrichtung<\/h2>\n\n\n<div class=\"wp-block-image\">\n<figure class=\"aligncenter size-full\"><img decoding=\"async\" loading=\"lazy\" width=\"800\" height=\"533\" src=\"https:\/\/speyer24news.com\/wp-content\/uploads\/2021\/11\/Schlaegerei.jpg\" alt=\"\" class=\"wp-image-42366\" srcset=\"https:\/\/speyer24news.com\/wp-content\/uploads\/2021\/11\/Schlaegerei.jpg 800w, https:\/\/speyer24news.com\/wp-content\/uploads\/2021\/11\/Schlaegerei-300x200.jpg 300w, https:\/\/speyer24news.com\/wp-content\/uploads\/2021\/11\/Schlaegerei-768x512.jpg 768w\" sizes=\"(max-width: 800px) 100vw, 800px\" \/><figcaption class=\"wp-element-caption\">Beispielbild Schl\u00e4gerei \/ K\u00f6rperverletzung, dient lediglich der Visualisierung<\/figcaption><\/figure><\/div>\n\n\n<p>Aus bislang ungekl\u00e4rter Ursache kam es am 18.03.2024, gegen 15.35 Uhr, in einer Asylaufnahmeeinrichtung zwischen mehreren Personen zu einer k\u00f6rperlichen Auseinandersetzung, bei der es nach aktuellem Sachstand jedoch nicht zu lebensbedrohlichen Verletzungen gekommen ist. Die polizeilichen Ermittlungen vor Ort dauern aktuell an. Es wird morgen im Laufe des Tages nachberichtet.<\/p>\n\n\n\n<h2 class=\"wp-block-heading\">(B 9 \/ Speyer) &#8211; Gef\u00e4hrliches Fahrman\u00f6ver auf der B9<\/h2>\n\n\n<div class=\"wp-block-image\">\n<figure class=\"aligncenter size-full\"><img decoding=\"async\" loading=\"lazy\" width=\"801\" height=\"600\" src=\"https:\/\/speyer24news.com\/wp-content\/uploads\/2020\/05\/Zeugen-gesucht-Neutral.jpg\" alt=\"\" class=\"wp-image-26598\" srcset=\"https:\/\/speyer24news.com\/wp-content\/uploads\/2020\/05\/Zeugen-gesucht-Neutral.jpg 801w, https:\/\/speyer24news.com\/wp-content\/uploads\/2020\/05\/Zeugen-gesucht-Neutral-300x225.jpg 300w, https:\/\/speyer24news.com\/wp-content\/uploads\/2020\/05\/Zeugen-gesucht-Neutral-768x575.jpg 768w, https:\/\/speyer24news.com\/wp-content\/uploads\/2020\/05\/Zeugen-gesucht-Neutral-678x509.jpg 678w, https:\/\/speyer24news.com\/wp-content\/uploads\/2020\/05\/Zeugen-gesucht-Neutral-326x245.jpg 326w, https:\/\/speyer24news.com\/wp-content\/uploads\/2020\/05\/Zeugen-gesucht-Neutral-80x60.jpg 80w\" sizes=\"(max-width: 801px) 100vw, 801px\" \/><\/figure><\/div>\n\n\n<p>Am Sonntagabend, kurz vor 20 Uhr fuhr ein 34-J\u00e4hriger mit seinem PKW auf dem rechten Fahrstreifen der B9 in Richtung Germersheim. An Auffahrt Speyer-West fuhr ein &#8222;giftgr\u00fcner&#8220; PKW der Marke Skoda auf die B9 in gleicher Richtung auf. Der PKW nutzte hierf\u00fcr jedoch nicht den Beschleunigungsstreifen, sondern fuhr direkt auf den rechten Fahrstreifen. In der Folge sah sich der 34-J\u00e4hrige gezwungen nach links auszuweichen, um einen Zusammensto\u00df mit dem Skoda zu verhindern. Zwischen zwei Au\u00dfenspiegeln beider Fahrzeuge kam es jedoch trotzdem zur Ber\u00fchrung, infolge dessen der Beifahrerspiegel des 34-J\u00e4hrigen nach vorne geklappt wurde, Besch\u00e4digungen wurden zun\u00e4chst nicht festgestellt. Der unbekannte Skoda-Fahrer setzte seine Fahrt unbeirrt fort, w\u00e4hrend der PKW des 34-J\u00e4hrigen aufgrund des Ausweichman\u00f6vers zun\u00e4chst ins Schlingern geriet, jedoch wieder eingefangen und am Fahrbahnrand zum Stillstand abgebremst wurde. Zwei unbeteiligte Verkehrsteilnehmer erkundigten sich anschlie\u00dfend nach dem Wohlbefinden des 34-J\u00e4hrigen, der sehr aufgel\u00f6st, ansonsten jedoch unverletzt war. Die beiden aufmerksamen Verkehrsteilnehmer setzten ihre Fahrt anschlie\u00dfend fort, der 34-J\u00e4hrige fuhr von der Bundesstra\u00dfe ab und verst\u00e4ndigte hiesige Dienststelle.<\/p>\n\n\n\n<ul>\n<li><strong>Bei dem Skoda handelte es sich um einen Crossover\/SUV, in &#8222;giftgr\u00fcner&#8220; Farbe und durchgehendem Leuchtband am Heck.<\/strong><\/li>\n<\/ul>\n\n\n\n<ul>\n<li><strong>Wer kann Hinweise zu dem Vorfall oder dem gr\u00fcnen Skoda geben? Zeugen, die beiden aufmerksamen Verkehrsteilnehmer oder der Skoda-Fahrer selbst, werden gebeten, sich mit der Polizei Speyer telefonisch oder per E-Mail (Tel. 06232 \/ 137-0, E-Mail an\u00a0<a href=\"mailto:%20pispeyer@polizei.rlp.de\">pispeyer@polizei.rlp.de<\/a>) in Verbindung zu setzen.<\/strong><\/li>\n<\/ul>\n\n\n\n<h2 class=\"wp-block-heading\">(Speyer) &#8211; Mehrere Trunkenheitsfahrten<\/h2>\n\n\n\n<p>Am Sonntagmittag wurde im Stadtgebiet bei zwei Verkehrskontrollen festgestellt, dass die jeweiligen Fahrer die Fahrzeuge unter Einfluss von berauschenden Mitteln f\u00fchrten.<\/p>\n\n\n\n<p>Bei einem 37-j\u00e4hrigen PKW-Fahrer bemerkten die eingesetzten Beamten w\u00e4hrend der Kontrolle in der Kurt-Schumacher-Stra\u00dfe Atemalkoholgeruch. Ein Atemalkoholtest ergab einen Wert von 0,63 Promille, weshalb mit dem Mann auf der Dienststelle eine Evidentialmessung durchgef\u00fchrt wurde.<\/p>\n\n\n\n<p>Ein 20-j\u00e4hriger PKW-Fahrer wurde in der Dietrich-Bonhoeffer-Stra\u00dfe kontrolliert. Er war nicht im Besitz einer entsprechenden Fahrerlaubnis, aber berauscht von Bet\u00e4ubungsmitteln. Ein Urin-Test reagierte positiv auf Kokain, weshalb ihm von einem Arzt eine Blutprobe entnommen wurde.<\/p>\n\n\n\n<p>Gegen die beiden Fahrzeugf\u00fchrer wurden Ordnungswidrigkeitsverfahren eingeleitet. Gegen den 20-J\u00e4hrigen zudem ein Strafverfahren wegen dem Fahren ohne Fahrerlaubnis.<\/p>\n\n\n\n<h2 class=\"wp-block-heading\">(Speyer) &#8211; Diebstahl eines Kleinkraftrades<a href=\"https:\/\/www.facebook.com\/sharer.php?u=https%3A%2F%2Fwww.presseportal.de%2Fblaulicht%2Fpm%2F117688%2F5737808%2F%3Futm_source%3Dfacebook%26utm_medium%3Dsocial\"><\/a><a href=\"https:\/\/twitter.com\/intent\/tweet?text=POL-PDLU%3A%20Speyer%20-%20Diebstahl%20eines%20Kleinkraftrades&amp;url=https%3A%2F%2Fwww.presseportal.de%2Fblaulicht%2Fpm%2F117688%2F5737808%2F%3Futm_source%3Dtwitter%26utm_medium%3Dsocial&amp;hashtags=ots&amp;lang=de\"><\/a><a href=\"https:\/\/web.whatsapp.com\/send?text=POL-PDLU%3A%20Speyer%20-%20Diebstahl%20eines%20Kleinkraftrades%0A%0Ahttps%3A%2F%2Fwww.presseportal.de%2Fblaulicht%2Fpm%2F117688%2F5737808%2F%3Futm_source%3Dwhatsapp%26utm_medium%3Dsocial\"><\/a><a href=\"https:\/\/www.xing.com\/app\/user?op=share;url=https%3A%2F%2Fwww.presseportal.de%2Fblaulicht%2Fpm%2F117688%2F5737808%2F%3Futm_source%3Dxing%26utm_medium%3Dsocial\"><\/a><a href=\"http:\/\/www.linkedin.com\/shareArticle?mini=true&amp;url=https%3A%2F%2Fwww.presseportal.de%2Fblaulicht%2Fpm%2F117688%2F5737808%2F%3Futm_source%3Dlinkedin%26utm_medium%3Dsocial&amp;title=POL-PDLU%3A+Speyer+-+Diebstahl+eines+Kleinkraftrades\"><\/a><a href=\"mailto:?subject=POL-PDLU%3A%20Speyer%20-%20Diebstahl%20eines%20Kleinkraftrades&amp;body=https:\/\/www.presseportal.de\/blaulicht\/pm\/117688\/5737808\"><\/a><\/h2>\n\n\n<div class=\"wp-block-image\">\n<figure class=\"aligncenter\"><a href=\"https:\/\/cache.pressmailing.net\/thumbnail\/story_hires\/5ccb3f1f-0416-4f17-a761-4199ac7fc8da\/RollerDiebstahl.jpg.jpg\"><img decoding=\"async\" src=\"https:\/\/cache.pressmailing.net\/thumbnail\/story_big\/5ccb3f1f-0416-4f17-a761-4199ac7fc8da\/pol-pdlu-speyer-diebstahl-eines-kleinkraftrades\" alt=\"POL-PDLU: Speyer - Diebstahl eines Kleinkraftrades\"\/><\/a><\/figure><\/div>\n\n\n<p>Am 17.03.2024, in der Zeit zwischen 10 &#8211; 18 Uhr entwendeten unbekannte T\u00e4ter einen Roller in der Stra\u00dfe Am Germansberg. Das schwarz-orange-farbene Kleinkraftrad der Marke Generic war unter einem Vordach vor einem Mehrparteienhaus abgestellt und mittels Lenkradschloss und zus\u00e4tzlichem Schloss am Vorderrad gesichert.<\/p>\n\n\n\n<ul>\n<li><strong>Wer hat zu oben genanntem Zeitraum Am Germansberg verd\u00e4chtige Wahrnehmungen gemacht, kann T\u00e4terhinweise oder sonstige sachdienliche Hinweise geben? Die Polizei bittet Zeugen um Mitteilung an Tel. 06232\/137-0 oder per E-Mail an\u00a0<a href=\"mailto:%20pispeyer@polizei.rlp.de\">pispeyer@polizei.rlp.de<\/a><\/strong><\/li>\n<\/ul>\n\n\n\n<h2 class=\"wp-block-heading\">(Waldsee) &#8211; Fahrt unter Alkoholeinfluss verhindert<\/h2>\n\n\n\n<p>Am 17.03.2024 gegen 18:30 Uhr wurden Polizeibeamte auf einen 69-J\u00e4hrigen Mann in seinem PKW in der Albert-Einstein-Allee aufmerksam. Bei dem Mann konnte deutlicher Atemalkoholgeruch wahrgenommen werden. Da sich keine Hinweise auf eine vorangegangene Fahrt unter Alkoholeinfluss ergaben, wurde lediglich der Schl\u00fcssel zur Verhinderung der Weiterfahrt pr\u00e4ventiv sichergestellt.<\/p>\n\n\n\n<h2 class=\"wp-block-heading\">(Mutterstadt) &#8211; Verkehrsunfall am S\u00fclzerhof \/ Hinweise erbeten<\/h2>\n\n\n\n<p>Am Sonntagabend (17.03.2024, 19:40 Uhr) verursachte ein 35-j\u00e4hriger Radfahrer vermutlich an der L524 in H\u00f6he des S\u00fclzerhofes einen Unfall mit einer bislang unbekannten Fahrradfahrerin. Statt seiner Pflicht als Verkehrsunfallbeteiligtem nachzukommen, fl\u00fcchtete der 35-J\u00e4hrige. Die Fahrradfahrerin, bei der es sich um ein junges M\u00e4dchen handelt, blieb nach derzeitigem Kenntnisstand unverletzt. Ihr Fahrrad war nach dem Unfall besch\u00e4digt. Das M\u00e4dchen wurde durch einen aufmerksamen 49-j\u00e4hrigen Zeugen in der Stra\u00dfe &#8222;Hillensheimer Hof&#8220; in Mutterstadt angesprochen. Als sie ihm von dem Unfall erz\u00e4hlte, machte sich der Zeuge auf die Suche nach dem Unfallverursacher. Durch den engagierten Einsatz des 49-J\u00e4hrigen konnte der 35-J\u00e4hrige in Ludwigshafen-Ruchheim von der Polizei kontrolliert werde. Er war alkoholisiert (2,42 Promille laut Atemalkoholtest) und wurde f\u00fcr die Entnahme einer Blutprobe zur Polizeidienststelle mitgenommen. Der Polizeikr\u00e4ften gegen\u00fcber r\u00e4umte er den Unfall sowie die Flucht ein. Er wird sich wegen Trunkenheit im Verkehr sowie Unfallflucht verantworten m\u00fcssen. Das M\u00e4dchen konnte nicht mehr angetroffen werden. Laut des Zeugen sei sie von ihrem Vater in einem wei\u00dfen SUV abgeholt worden. <\/p>\n\n\n\n<ul>\n<li><strong>Die Polizeiinspektion Schifferstadt bittet weitere Zeugen, insbesondere aber das unfallbeteiligte M\u00e4dchen, sich unter Telefonnummer 06235\/495-0 oder per E-Mail\u00a0<a href=\"mailto:%20pischifferstadt@polizei.rlp.de\">pischifferstadt@polizei.rlp.de<\/a>\u00a0zu melden.<\/strong><\/li>\n<\/ul>\n\n\n\n<h2 class=\"wp-block-heading\">(R\u00f6dersheim-Gronau) &#8211; Rollerdiebstahl<\/h2>\n\n\n\n<p>Am Sonntagabend (17.03.2024) im Zeitraum von 21 Uhr bis 22 Uhr ereignete sich der Diebstahl eines Motorrollers, welcher zuvor durch den 17-J\u00e4hrigen Eigent\u00fcmer auf einem Parkplatz in der Hauptstra\u00dfe abgestellt worden war. Der Schaden bel\u00e4uft sich auf etwa 800 Euro. <\/p>\n\n\n\n<ul>\n<li><strong>Die Polizeiinspektion Schifferstadt bittet m\u00f6gliche Zeugen des Diebstahls sich unter Telefonnummer 06235\/495-0 oder per E-Mail\u00a0<a href=\"mailto:%20pischifferstadt@polizei.rlp.de\">pischifferstadt@polizei.rlp.de<\/a>\u00a0zu melden.<\/strong><\/li>\n<\/ul>\n\n\n\n<h2 class=\"wp-block-heading\">(B\u00f6hl-Iggelheim) &#8211; Ohne F\u00fchrerschein und unter Drogeneinfluss<\/h2>\n\n\n\n<p>In der Nacht von Sonntag auf Montag gegen 00:50 Uhr wurde ein 35-J\u00e4hriger Roller-Fahrer in der M\u00fchlwiesenstra\u00dfe einer Verkehrskontrolle unterzogen. Der Fahrer war nicht im Besitz der erforderlichen Fahrerlaubnis. Im Rahmen der Kontrolle konnten konkrete Hinweise auf eine Beeinflussung durch Bet\u00e4ubungsmittel festgestellt werden. Zudem konnte im Rahmen einer Durchsuchung ein Beh\u00e4ltnis mit Bet\u00e4ubungsmitteln aufgefunden werden. Durch einen Arzt wurde eine Blutprobe auf der Polizeidienststelle entnommen und die Weiterfahrt untersagt. Den Fahrer erwarten nun mehrere Strafverfahren.<\/p>\n\n\n\n<h2 class=\"wp-block-heading\">(R\u00f6merberg) &#8211; Unfall mit Velomobil<\/h2>\n\n\n\n<p>Am Sonntag um 15 Uhr kam es im Kreuzungsbereich der L507 und K25 zwischen den Ortschaften R\u00f6merberg \/ Schwegenheim \/ Lingenfeld zu einem Unfall zwischen einem PKW und einem sogenanntes Velomobil (meist ein vollverkleidetes Liegedreirad). Ein 48-j\u00e4hriger PKW-Fahrer fuhr auf der K25 von R\u00f6merberg-Mechtersheim in Richtung Schwegenheim, im Kreuzungsbereich zur L507 \u00fcbersah er die bevorrechtigte 54-j\u00e4hrige Velomobilfahrerin, die von Lingenfeld kam und kollidierte mit ihrem Fahrzeug. Durch den Zusammensto\u00df st\u00fcrzte die 54-J\u00e4hrige und verletzte sich leicht am Arm. Eine Erstversorgung durch den Rettungsdienst lehnte sie ab. Am PKW des 48-J\u00e4hrigen entstand geringer Sachschaden in H\u00f6he von ca. 500 Euro. Am Velomobil entstand Sachschaden in H\u00f6he von ca. 10000 Euro.<\/p>\n\n\n\n<h2 class=\"wp-block-heading\">(Lustadt) &#8211; Brand in einem Recyclingbetrieb<\/h2>\n\n\n\n<p>Am Montagmittag, gegen 11:00 Uhr, kam es in einem Recyclingbetrieb in Lustadt zum Brand einer Containerschere.<\/p>\n\n\n\n<p>Ersten Sch\u00e4tzungen zu Folge d\u00fcrfte ein Sachschaden im hohen sechsstelligen Bereich entstanden sein. Personen wurden dabei nicht verletzt.<\/p>\n\n\n\n<p>Die genaue Brandursache ist nun Gegenstand der weiteren kriminalpolizeilichen Ermittlungen.<\/p>\n\n\n\n<h2 class=\"wp-block-heading\">(Landau) &#8211; N\u00f6tigung und Stra\u00dfenverkehrsgef\u00e4hrdung<\/h2>\n\n\n\n<p>Am 14.03.2024 gegen 17:00 Uhr befuhr die Gesch\u00e4digte die Ortsrandstra\u00dfe S\u00fcd-West in Herxheim. Zun\u00e4chst fuhr ein roter Audi Avant mehrfach dicht auf, bedr\u00e4ngte die Gesch\u00e4digte und bremste dann wieder in kurzem Abstand hinter ihr ab. Aufgrund dieses Verhaltens lie\u00df die Gesch\u00e4digte kurz vor dem Kreisel an der L542 den Audi passieren. Dieser beschleunigte und fuhr unvermittelt in den Kreisel ein. Zwei sich bereits im Kreisel befindliche Fahrradfahrer mussten hierbei stark abbremsen um einen Zusammenprall zu vermeiden. <\/p>\n\n\n\n<ul>\n<li><strong>Gesch\u00e4digte und Zeugen des Vorfalls werden gebeten sich bei der Polizei Landau unter der Tel.Nr. 06341\/287-0 zu melden.<\/strong><\/li>\n<\/ul>\n\n\n\n<h2 class=\"wp-block-heading\">(Annweiler) &#8211; Versuchter \u00dcberfall auf Tankstelle<\/h2>\n\n\n<div class=\"wp-block-image\">\n<figure class=\"aligncenter size-large\"><img decoding=\"async\" loading=\"lazy\" width=\"1024\" height=\"941\" src=\"https:\/\/speyer24news.com\/wp-content\/uploads\/2020\/07\/Maskierter-T\u00e4ter-1024x941-1024x941.jpg\" alt=\"\" class=\"wp-image-28719\" srcset=\"https:\/\/speyer24news.com\/wp-content\/uploads\/2020\/07\/Maskierter-T\u00e4ter-1024x941.jpg 1024w, https:\/\/speyer24news.com\/wp-content\/uploads\/2020\/07\/Maskierter-T\u00e4ter-1024x941-300x276.jpg 300w, https:\/\/speyer24news.com\/wp-content\/uploads\/2020\/07\/Maskierter-T\u00e4ter-1024x941-768x706.jpg 768w\" sizes=\"(max-width: 1024px) 100vw, 1024px\" \/><figcaption class=\"wp-element-caption\">Symbolbild \u00dcberfall \/ Zeugen gesucht, dient lediglich der Visualisierung<\/figcaption><\/figure><\/div>\n\n\n<p>Am 17.03.2024 versuchte gegen 22:45 Uhr ein unbekannter T\u00e4ter die Tankstelle in der Zweibr\u00fccker Stra\u00dfe in Annweiler zu \u00fcberfallen. Hierbei fuhr dieser zun\u00e4chst mit einem silbernen\/grauen Mercedes auf das Tankstellengel\u00e4nde. Anschlie\u00dfend versuchte er in das Innere der Tankstelle zu gelangen. Es befand sich zwar noch ein Mitarbeiter in der Tankstelle, die T\u00fcr zum Verkaufsraum war jedoch bereits verschlossen. Der T\u00e4ter lie\u00df von seinem Vorhaben ab und fl\u00fcchtete mit seinem PKW in Richtung Ortsmitte. Er war bei Tatausf\u00fchrung mit einer Sturmhaube bekleidet und hielt eine Waffe in der Hand. Ein Strafverfahren wurde eingeleitet und die polizeilichen Ermittlungen aufgenommen. <\/p>\n\n\n\n<ul>\n<li><strong>Die Polizei bittet Zeugen, die Hinweise zu der Tat oder dem T\u00e4ter geben k\u00f6nnen, sich per Email an\u00a0<a href=\"mailto:%20pilandau@polizei.rlp.de\">pilandau@polizei.rlp.de<\/a>\u00a0oder telefonisch unter 06341-287-0 bei der Polizeiinspektion Landau zu melden.<\/strong><\/li>\n<\/ul>\n\n\n\n<h2 class=\"wp-block-heading\">(Annweiler) &#8211; Im Wellbachtal aus Kurve geflogen<\/h2>\n\n\n\n<p>Am 17.03.2024 befuhr ein 35-J\u00e4hriger Yamaha-Fahrer gegen 16 Uhr die B48 von der B10 kommend in Richtung Johanniskreuz. In einer Rechtskurve sch\u00e4tzte dieser wohl den Kurvenradius falsch ein, verlor die Kontrolle \u00fcber sein Leichtkraftrad und st\u00fcrzte. Er wurde durch den Sturz gl\u00fccklicherweise nur leicht verletzt und wurde in ein umliegendes Krankenhaus verbracht. Die Schadensh\u00f6he betr\u00e4gt circa 500 Euro.<\/p>\n\n\n\n<h2 class=\"wp-block-heading\">(A 65 \/ Pf\u00e4lzer Weinstra\u00dfe West\/Ost) &#8211; Alkoholkontrolle<\/h2>\n\n\n\n<p>Vor Ende des Nachtfahrverbots um 22 Uhr wurden am Sonntagabend (20 Uhr bis 22 Uhr) 26 LKW-Fahrer hinsichtlich ihrer Verkehrstauglichkeit \u00fcberpr\u00fcft. Bei sechs Kraftfahrern musste der Fahrzeugschl\u00fcssel sowie die Ladepapiere sichergestellt werden, weil sie zwischen 1,06 und 2,6 Promille Atemalkohol intus hatten. Die Fahrer waren im Begriff, nach 22 Uhr ihre Tour fortzusetzen. Bis zur vollst\u00e4ndigen N\u00fcchternheit mussten sie pausieren.<\/p>\n\n\n\n<h2 class=\"wp-block-heading\">(Ha\u00dfloch) &#8211; Brand eines Gartenhauses<\/h2>\n\n\n\n<p>Am 17.03.2024 gegen 17:00 Uhr meldeten mehrere Verkehrsteilnehmer einen Brand eines Gartenhauses in der N\u00e4he der Landstra\u00dfe 532 in 67454 Ha\u00dfloch. Die Feuerwehr Ha\u00dfloch konnte den Brand schnell unter Kontrolle bringen, sodass ein Ausbreiten des Feuers verhindert werden konnte. Nach bisherigen Ermittlungen hat der Eigent\u00fcmer des Gartenhauses w\u00e4hrend des gesamten Nachmittags den Holzofen im Gartenhaus befeuert. Die Brandursache steht abschlie\u00dfend noch nicht fest. Es entstand ein Sachschaden in H\u00f6he von circa 25000EUR.<\/p>\n\n\n\n<h2 class=\"wp-block-heading\">(ZVD Rheinpfalz \/ A 6 &amp; A 61 \/ Gr\u00fcnstadt) &#8211; Massive Verst\u00f6\u00dfe gegen Sonntagsfahrverbot festgestellt<a href=\"https:\/\/www.facebook.com\/sharer.php?u=https%3A%2F%2Fwww.presseportal.de%2Fblaulicht%2Fpm%2F117687%2F5737455%2F%3Futm_source%3Dfacebook%26utm_medium%3Dsocial\"><\/a><a href=\"https:\/\/twitter.com\/intent\/tweet?text=POL-PDNW%3A%20ZVD%20Rheinpfalz%20-%20Massive%20Verst%C3%B6%C3%9Fe%20gegen%20Sonntagsfahrverbot%20festgestellt&amp;url=https%3A%2F%2Fwww.presseportal.de%2Fblaulicht%2Fpm%2F117687%2F5737455%2F%3Futm_source%3Dtwitter%26utm_medium%3Dsocial&amp;hashtags=ots&amp;lang=de\"><\/a><a href=\"https:\/\/web.whatsapp.com\/send?text=POL-PDNW%3A%20ZVD%20Rheinpfalz%20-%20Massive%20Verst%C3%B6%C3%9Fe%20gegen%20Sonntagsfahrverbot%20festgestellt%0A%0Ahttps%3A%2F%2Fwww.presseportal.de%2Fblaulicht%2Fpm%2F117687%2F5737455%2F%3Futm_source%3Dwhatsapp%26utm_medium%3Dsocial\"><\/a><a href=\"https:\/\/www.xing.com\/app\/user?op=share;url=https%3A%2F%2Fwww.presseportal.de%2Fblaulicht%2Fpm%2F117687%2F5737455%2F%3Futm_source%3Dxing%26utm_medium%3Dsocial\"><\/a><a href=\"http:\/\/www.linkedin.com\/shareArticle?mini=true&amp;url=https%3A%2F%2Fwww.presseportal.de%2Fblaulicht%2Fpm%2F117687%2F5737455%2F%3Futm_source%3Dlinkedin%26utm_medium%3Dsocial&amp;title=POL-PDNW%3A+ZVD+Rheinpfalz+-+Massive+Verst%C3%B6%C3%9Fe+gegen+Sonntagsfahrverbot+festgestellt\"><\/a><a href=\"mailto:?subject=POL-PDNW%3A%20ZVD%20Rheinpfalz%20-%20Massive%20Verst%C3%B6%C3%9Fe%20gegen%20Sonntagsfahrverbot%20festgestellt&amp;body=https:\/\/www.presseportal.de\/blaulicht\/pm\/117687\/5737455\"><\/a><\/h2>\n\n\n<div class=\"wp-block-image\">\n<figure class=\"aligncenter\"><a href=\"https:\/\/cache.pressmailing.net\/thumbnail\/story_hires\/ed1b4dc1-ba3a-4041-8cb6-5c77fbe2ce9d\/SVKII.JPG.jpg\"><img decoding=\"async\" src=\"https:\/\/cache.pressmailing.net\/thumbnail\/story_big\/ed1b4dc1-ba3a-4041-8cb6-5c77fbe2ce9d\/pol-pdnw-zvd-rheinpfalz-massive-verst-e-gegen-sonntagsfahrverbot-festgestellt\" alt=\"POL-PDNW: ZVD Rheinpfalz - Massive Verst\u00f6\u00dfe gegen Sonntagsfahrverbot festgestellt\"\/><\/a><\/figure><\/div>\n\n\n<p>Drei Verst\u00f6\u00dfe gegen das Sonntagsfahrverbot dokumentierten Polizeibeamte des Schwerverkehrskontrolltrupps des Polizeipr\u00e4sidiums Rheinpfalz bei Kontrollen des gewerblichen G\u00fcterverkehrs am Sonntag, den 17.03.2024. Insgesamt kontrollierten sie neun Fahrzeuge bzw. Fahrzeugkombinationen auf der BAB 6 und der BAB 61. Bei einem slowakischen Sattelzug fiel den Kontrolleuren auf, dass die ausgeh\u00e4ndigte Ausnahmegenehmigung des Logistikunternehmens f\u00fcr Fahrten an Sonn- und Feiertagen bereits seit Januar erloschen war. Wie die Beamten bei weiterf\u00fchrenden Ermittlungen feststellten, wurden die \u00fcber 30 Fahrzeuge der Spedition seit Ablauf der Genehmigung allerdings dennoch weiterhin regelm\u00e4\u00dfig, verbotswidrig an Sonntagen zu gewerblichen Transporten in Einsatz gebracht und mit ihnen lukrative Auftr\u00e4ge bedient. Hierdurch schaffte sich das Unternehmen einen rechtswidrigen Wettbewerbsvorteil. Die Weiterfahrt wurde bis Ablauf des Sonntagsfahrverbots untersagt. Ordnungswidrigkeitsanzeigen gegen die Fahrer der Mehrfahrerbesatzung sowie das Unternehmen wurden gefertigt. Folgema\u00dfnahmen wurden mit dem Bundesamt f\u00fcr Mobilit\u00e4t und Logistik sowie der zust\u00e4ndigen Genehmigungsbeh\u00f6rde abgestimmt. Dem Unternehmen droht nun die Absch\u00f6pfung der rechtswidrig erlangten Gewinne aller widerrechtlich durchgef\u00fchrten Fahrten seit Ablauf der Genehmigung, eine Unternehmenspr\u00fcfung im Ausland sowie die Ablehnung der Neuerteilung einer Ausnahmegenehmigung wegen Unzuverl\u00e4ssigkeit.<\/p>\n\n\n\n<h2 class=\"wp-block-heading\">(Maxdorf) &#8211; Einbruch in Garage und Gartenhaus \/ Zeugen gesucht<\/h2>\n\n\n\n<p>Unbekannte T\u00e4ter verschafften sich am Sonntag, den 17.03.2024, zwischen 00:45 Uhr und 13.30 Uhr Zugang zu einer Garage und einem Gartenhaus in Maxdorf, im Eppsteinerweg. Hierbei wurde ein E-Bike entwendet. Durch das gewaltsame \u00d6ffnen des Gartenhauses entstand an diesem Sachschaden. <\/p>\n\n\n\n<ul>\n<li><strong>Zeugen, die Angaben zur Tat oder dem T\u00e4ter machen k\u00f6nnen, werden gebeten sich an die Polizeiwache Maxdorf unter der Tel.-Nr.: 06237\/934-1100 oder an die Polizeiinspektion Frankenthal unter der Tel.-Nr.: 06233-3130 zu wenden. Gerne nehmen wir Ihre Hinweise auch per Mail unter\u00a0<a href=\"mailto:pwmaxdorf@polizei.rlp.de\" target=\"_blank\" rel=\"noreferrer noopener\">pwmaxdorf@polizei.rlp.de<\/a>\u00a0entgegen.<\/strong><\/li>\n<\/ul>\n\n\n\n<h2 class=\"wp-block-heading\">(Lambsheim) &#8211; Verkehrsunfall mit Verletzten unter Alkoholeinfluss<\/h2>\n\n\n\n<p>Am 17.03.2024, gegen 16.00 Uhr, wurde auf der K2 zwischen Lambsheim und Gerolsheim ein schwerer Verkehrsunfall gemeldet. Nach bisherigen Erkenntnissen befuhr eine 20-j\u00e4hrige Frau aus Ludwigshafen mit ihrem Pkw die K2 in Richtung Lambsheim. Augenscheinlich aufgrund Alkoholeinflusses verlor sie in einer Linkskurve die Kontrolle \u00fcber ihr Fahrzeug, fuhr zun\u00e4chst rechts in den Gr\u00fcnstreifen und geriet nach Gegenlenken in den Gegenverkehr und kollidierte dort frontal mit dem Pkw einer 60-j\u00e4hrigen Frau aus Gro\u00dfniedesheim. Hiernach \u00fcberschlug sich der Pkw der 20-J\u00e4hrigen und kam auf der Seite liegend im linksseitig Feld zum Stillstand. Die 20-J\u00e4hrige wurde eingeklemmt und musste durch die Feuerwehr befreit werden. Sie wurde verletzt in ein Krankenhaus in Ludwigshafen gebracht. Die 60-J\u00e4hrige und ihr 65-j\u00e4hriger Beifahrer wurden leichtverletzt. Beide Fahrzeuge waren nicht mehr fahrbereit und mussten abgeschleppt werden. Es entstand ein Sachschaden von gesch\u00e4tzten 23.000 Euro. Im Rahmen der Unfallaufnahme konnte bei der 20-J\u00e4hrigen Alkoholgeruch wahrgenommen werden. Ein Vortest ergab einen Wert von 1,2 Promille. Ihr wurde eine Blutprobe entnommen, der F\u00fchrerschein sichergestellt und ein Strafverfahren eingeleitet. F\u00fcr den Zeitraum der Unfallaufnahme musste die K2 komplett gesperrt werden.<\/p>\n\n\n\n<ul>\n<li><strong>Zeugen werden gebeten sich an die Polizeiinspektion Frankenthal unter der Tel.-Nr.: 06233\/313-0 oder an die Polizeiwache Maxdorf unter der Tel.-Nr.: 06237\/934-1100 zu wenden. Gerne nehmen wir Ihre Hinweise auch per E-Mail unter\u00a0<a href=\"mailto:%20pifrankenthal@polizei.rlp.de\">pifrankenthal@polizei.rlp.de<\/a>\u00a0entgegen.<\/strong><\/li>\n<\/ul>\n\n\n\n<h2 class=\"wp-block-heading\">(Frankenthal) &#8211; Verkehrsunfall unter Alkoholeinfluss<\/h2>\n\n\n\n<p>Am 17.03.2024, gegen 06.45 Uhr, wurde in der Stra\u00dfe Am Strandbad, H\u00f6he Unterf\u00fchrung B9, ein Verkehrsunfall gemeldet. Vor Ort konnte durch die Streife festgestellt werden, dass die Fahrerin, eine 23-j\u00e4hrige Frau aus Frankenthal, die Stra\u00dfe Am Strandbad in Richtung Benderstra\u00dfe befuhr, in H\u00f6he der Unterf\u00fchrung verlor sie die Kontrolle \u00fcber ihr Fahrzeug und kollidierte mit Warnbaken der dortigen Baustelle. Im Rahmen der Unfallaufnahme konnte bei ihr Alkoholgeruch wahrgenommen werden. Ein Alkoholtest ergab einen Wert von 0,86 Promille. Ihr wurde auf der Dienststelle eine Blutprobe entnommen, der F\u00fchrerschein sichergestellt und ein Strafverfahren eingeleitet. Es entstand ein Sachschaden von gesch\u00e4tzten 9000 Euro, verletzt wurde niemand.<\/p>\n\n\n\n<ul>\n<li><strong>Zeugen werden gebeten sich an die Polizeiinspektion Frankenthal unter der Tel.-Nr.: 06233\/313-0 oder an die Polizeiwache Maxdorf unter der Tel.-Nr.: 06237\/934-1100 zu wenden. Gerne nehmen wir Ihre Hinweise auch per E-Mail unter\u00a0<a href=\"mailto:%20pifrankenthal@polizei.rlp.de\">pifrankenthal@polizei.rlp.de<\/a>\u00a0entgegen.<\/strong><\/li>\n<\/ul>\n\n\n\n<h2 class=\"wp-block-heading\">(Ludwigshafen) &#8211; Jacke aus Gastst\u00e4tten-Toilette gestohlen<\/h2>\n\n\n\n<p>Ein 38-J\u00e4hriger verga\u00df am Sonntag (17.03.2024) gegen 15:30 Uhr, seine Hugo-Boss-Jacke in der Toilette einer Gastst\u00e4tte in der Schanzstra\u00dfe. Als er nach mehreren Stunden seine Jacke holen wollte, war diese gestohlen. In der Jacke befand sich ein Geldbeutel mit Dokumenten und einer hohen vierstelligen Bargeldsumme. Nach derzeitigem Ermittlungstand d\u00fcrfte es sich bei dem T\u00e4ter um einen der G\u00e4ste der Wirtschaft handeln.<\/p>\n\n\n\n<ul>\n<li><strong>Sie haben etwas beobachtet oder k\u00f6nnen Hinweise geben? Bitte wenden Sie sich an die Polizeiinspektion Ludwigshafen 2, Telefonnummer 0621 963-2222 oder per E-Mail\u00a0<a href=\"mailto:%20piludwigshafen2@polizei.rlp.de\">piludwigshafen2@polizei.rlp.de<\/a><\/strong>\u00a0.<\/li>\n<\/ul>\n\n\n\n<h2 class=\"wp-block-heading\">(Ludwigshafen) &#8211; Raub aus PKW<\/h2>\n\n\n\n<p>Am Sonntag, den 18.03.2024 gegen 12:10 Uhr kam es in der Von-Kieffer-Stra\u00dfe auf H\u00f6he des Parkplatzes &#8222;Am Sandloch&#8220; zu einem Raub. Dabei wurde ein 36-J\u00e4hriger von zwei Personen aus seinem Fahrzeug gezogen und von einer dieser beiden festgehalten. Die zweite Person entwendete w\u00e4hrenddessen aus dem Fahrzeug den Geldbeutel, in dem sich neben Dokumenten eine geringe Menge Bargeld befand. Nachdem die T\u00e4ter den Geldbeutel an sich nahmen, gingen diese zu ihrem Fahrzeug und fuhren davon. <\/p>\n\n\n\n<ul>\n<li><strong>Zu dem Fluchtfahrzeug sind die Marke und das Kennzeichen unbekannt. Die T\u00e4ter waren dunkel gekleidet mit schwarzem Pullover, etwa 1,80 m gro\u00df und breit gebaut. Bei der Tat trugen beide T\u00e4ter Skimasken und Handschuhe. <\/strong><\/li>\n<\/ul>\n\n\n\n<ul>\n<li><strong>Weitere Hinweise sind nicht bekannt. Haben Sie etwas beobachtet? K\u00f6nnen Sie z.B. Angaben zum Fluchtfahrzeug machen? Sachdienliche Hinweise bitte an die Polizeiinspektion Ludwigshafen 1, Telefonnummer 0621 963-2122 oder per E-Mail\u00a0<a href=\"mailto:%20piludwigshafen1@polizei.rlp.de\">piludwigshafen1@polizei.rlp.de<\/a>\u00a0.<\/strong><\/li>\n<\/ul>\n\n\n\n<h2 class=\"wp-block-heading\">(Ludwigshafen) &#8211; Brand unter der Hochstra\u00dfe<\/h2>\n\n\n\n<p>Am Samstag, den 16.03.2024 gegen 14:30 Uhr kam es unter der Hochstra\u00dfe in Ludwigshafen auf H\u00f6he der B\u00fcrgermeister-Kutterer-Stra\u00dfe zu einem Brand. Durch die Polizei wurde festgestellt, dass es sich um einen brennenden M\u00fcllberg handelte. Das Feuer konnte durch die Polizeibeamten mittels Feuerl\u00f6scher gel\u00f6scht werden. Durch das Feuer wurde eine S\u00e4ule der Br\u00fccke besch\u00e4digt. Ob weitere Bauteile des Br\u00fcckenabteils besch\u00e4digt wurden, wird derzeit gepr\u00fcft. Der betroffene Teil der Fahrbahn ist derzeit aufgrund einer Baustelle gesperrt, weshalb von keiner Gef\u00e4hrdung ausgegangen wird. Eine genaue Schadensh\u00f6he wird aktuell ermittelt. T\u00e4terhinweise liegen bislang nicht vor. <\/p>\n\n\n\n<ul>\n<li><strong>Aus diesen Grund bittet die Polizei um Ihre Mithilfe. Sachdienliche Hinweise bitte an die Polizeiinspektion Ludwigshafen 1, Telefonnummer 0621 963-2122 oder per E-Mail\u00a0<a href=\"mailto:%20piludwigshafen1@polizei.rlp.de\">piludwigshafen1@polizei.rlp.de<\/a><\/strong><\/li>\n<\/ul>\n\n\n\n<h2 class=\"wp-block-heading\">(Mannheim-Neckarau) &#8211; Pkw prallt gegen Geb\u00e4udemauer \/ Sachschaden<\/h2>\n\n\n\n<p>Am Montagabend gegen kurz vor 20.00 Uhr kam es in der Paul-Wittsack-Stra\u00dfe in Mannheim zu einem Verkehrsunfall an welchem ein Pkw alleinbeteiligt war. Der 49-j\u00e4hrige Fahrzeugf\u00fchrer eines KIA Ceed befuhr die Speyerer Stra\u00dfe in Richtung des Neckarauer \u00dcbergangs. Aufgrund eines medizinischen Notfalls verlor er in der Folge die Kontrolle \u00fcber sein Fahrzeug, fuhr \u00fcber die dortigen Stra\u00dfenbahnschienen in Richtung Hochschule Mannheim und prallte schlie\u00dflich gegen eine Geb\u00e4udemauer. Bei dem Unfall wurden weiter ein Fahrradabstellb\u00fcgel, sowie ein dort angeschlossenes Fahrrad samt Anh\u00e4nger komplett zerst\u00f6rt. Angaben zur Schadensh\u00f6he k\u00f6nnen derzeit noch nicht gemacht werden. Gl\u00fccklichweise wurde der 49-J\u00e4hrige bei dem Unfall nicht verletzt. Er kam allerdings nach medizinischer Erstversorgung vorsorglich mit einem Rettungswagen in ein umliegendes Krankenhaus. An seinem Fahrzeug entstand Totalschaden in H\u00f6he von ca. 10.000 Euro. Am Unfallort waren neben Polizei, auch Feuerwehr und Rettungsdienst sowie ein Notarzt im Einsatz. Zu gr\u00f6\u00dferen Verkehrsbehinderungen kam es nicht. Der nicht mehr fahrbereite KIA musste im Anschluss an die Unfallaufnahme abgeschleppt werden. Die Unfallaufnahme erfolgte durch Beamte des Polizeireviers Mannheim-Neckarau.<\/p>\n\n\n\n<h2 class=\"wp-block-heading\">(Mannheim-Waldhof) &#8211; Verkehrsunfall mit zwei verletzten Person und 10.000 Sachschaden<\/h2>\n\n\n\n<p>Zu einem Verkehrsunfall kam es am Sonntag gegen 17:10 Uhr in der Marburger Stra\u00dfe. Ein 84-j\u00e4hriger Skoda-Fahrer wollte von einem Parkplatz zur\u00fcck auf die Stra\u00dfe in den flie\u00dfenden Verkehr fahren und \u00fcbersah hierbei einen 47-J\u00e4hrigen Mercedes-Fahrer, welcher auf der Marburger Stra\u00dfe in Fahrtrichtung Darmst\u00e4dter Stra\u00dfe unterwegs war. Beide Fahrzeuge kollidierten miteinander, im Auto des Skoda-Fahrers l\u00f6sten die Airbags aus, der 84-j\u00e4hrige wurde leicht verletzt mit einem Rettungswagen in eine Klinik gebracht. Sein Auto war nicht mehr fahrbereit. Der 47-j\u00e4hrige Mercedes-Fahrer wurde ebenfalls leicht verletzt, konnte sich allerdings eigenst\u00e4ndig in \u00e4rztliche Behandlung geben. Der entstandene Sachschaden bel\u00e4uft sich auf rund 10.000 Euro.<\/p>\n\n\n\n<h2 class=\"wp-block-heading\">(Mannheim) &#8211; Mehrere Autos aufgebrochen \/ Zeugen gesucht!<\/h2>\n\n\n\n<p>In der Innenstadt wurden im Zeitraum von Samstag, gegen 22:30 Uhr, bis Sonntagmorgen, gegen 05:00 Uhr, im Quadrat S 6 drei Fahrzeuge aufgebrochen und Wertgegenst\u00e4nde entwendet.<\/p>\n\n\n\n<p>Die bislang unbekannte T\u00e4terschaft verschaffte sich Zutritt zu den Autos der Marke Mercedes-Benz, Audi und Opel. Hierbei wiesen zwei Fahrzeuge besch\u00e4digte Fenster auf und bei einem standen die T\u00fcren offen. Die T\u00e4terschaft entwendete jeweils Wertgegenst\u00e4nde aus dem Fahrzeuginneren. Die genaue H\u00f6he des Diebstahlsschadens sowie des Sachschadens kann bislang nicht beziffert werden.<\/p>\n\n\n\n<ul>\n<li><strong>Das Polizeirevier Mannheim-Oststadt hat die Ermittlungen aufgenommen. Zeugen werden gebeten, sich mit dem Polizeirevier Mannheim-Oststadt, Telefonnummer 0621 174-3310 in Verbindung zu setzen.<\/strong><\/li>\n<\/ul>\n\n\n\n<h2 class=\"wp-block-heading\">(Mannheim-Neckarstadt) &#8211; Ohne F\u00fchrerschein und unter Drogen unterwegs \/ Mann entzieht sich Verkehrskontrolle<\/h2>\n\n\n\n<p>In der Nacht von Samstag auf Sonntag, gegen 03:30 Uhr, wollte eine Streife in der Mittelstra\u00dfe einen 27-j\u00e4hrigen VW-Fahrer aufgrund dessen auff\u00e4lliger Fahrweise einer Verkehrskontrolle unterziehen. Als der Mann den Streifenwagen hinter sich bemerkte, beschleunigte dieser sofort seinen Wagen woraufhin die Polizeibeamten umgehen die Verfolgung aufnahmen. W\u00e4hrend der Verfolgungsfahrt fuhr der 27-j\u00e4hrige weiter grob fahrl\u00e4ssig, fl\u00fcchtete die gesamte Unterm\u00fchlaustra\u00dfe entlang und wich in der Stationsstra\u00dfe einem Streifenwagen erst in letzter Sekunde aus. In der Drosselstra\u00dfe stellte er sein Fahrzeug anschlie\u00dfend ab und fl\u00fcchtete zu Fu\u00df weiter. Hier konnte er kurze Zeit sp\u00e4ter festgestellt und widerstandslos festgenommen werden. Er wurde anschlie\u00dfend zum n\u00e4chstgelegenen Polizeirevier verbracht. Dort wurde er bei einem freiwilligen Urintest positiv auf verschiedene Bet\u00e4ubungsmittel getestet, woraufhin ihm eine Blutprobe entnommen wurde. Das Fahrzeug, welches der 27-J\u00e4hrige f\u00fcr seine Flucht nutzte, hatte er zuvor unbefugt in Besitz genommen. Ebenso ist der Mann nicht im Besitz einer g\u00fcltigen Fahrerlaubnis. Das Polizeirevier Mannheim-Neckarstadt hat die Ermittlungen aufgenommen.<\/p>\n\n\n\n<h2 class=\"wp-block-heading\">(Mannheim-Neckarau) &#8211; Verbotenes Kraftfahrzeugrennen \/ Zeugen gesucht<\/h2>\n\n\n\n<p>Zeugen berichteten in der Nacht von Samstag auf Sonntag gegen 01:00 Uhr von einer Fahrzeugf\u00fchrerin, welche mit sehr hoher Geschwindigkeit durch die Neckarauer Stra\u00dfe in Fahrtrichtung Innenstadt fuhr und dabei mehrere rote Ampeln missachtete. Auf H\u00f6he des Neckarauer \u00dcbergangs konnte die 19-j\u00e4hrige Chevrolet-Fahrerin von einer Streife gesichtet werden und fiel hier ebenfalls durch ihre grob verkehrswidrige und r\u00fccksichtlose Fahrweise auf. Neben dem Auto der jungen Frau fuhr ein schwarzer SUV, vermutlich ein Porsche, welcher ebenfalls mit deutlich \u00fcberh\u00f6hter Geschwindigkeit unterwegs war. Die 19-J\u00e4hrige konnte anschlie\u00dfend einer Verkehrskontrolle unterzogen werden. Sie erwartet nun ein Ermittlungsverfahren wegen eines verbotenen Kraftfahrzeugrennens.<\/p>\n\n\n\n<ul>\n<li><strong>Zeugen, die sachdienliche Hinweise zu den Fahrman\u00f6vern, vor allem aber auch zu dem beteiligten schwarzen SUV, geben k\u00f6nnen, werden gebeten sich beim Polizeirevier Mannheim-Neckarau, unter der Telefonnummer 0621-833970, zu melden.<\/strong><\/li>\n<\/ul>\n\n\n\n<h2 class=\"wp-block-heading\">(Mannheim) &#8211; Ladendiebe auf der Sch\u00f6nau verhaftet<\/h2>\n\n\n<div class=\"wp-block-image\">\n<figure class=\"aligncenter size-full\"><img decoding=\"async\" loading=\"lazy\" width=\"800\" height=\"533\" src=\"https:\/\/speyer24news.com\/wp-content\/uploads\/2021\/10\/Festnahme-Handschellen.jpg\" alt=\"\" class=\"wp-image-41224\" srcset=\"https:\/\/speyer24news.com\/wp-content\/uploads\/2021\/10\/Festnahme-Handschellen.jpg 800w, https:\/\/speyer24news.com\/wp-content\/uploads\/2021\/10\/Festnahme-Handschellen-300x200.jpg 300w, https:\/\/speyer24news.com\/wp-content\/uploads\/2021\/10\/Festnahme-Handschellen-768x512.jpg 768w\" sizes=\"(max-width: 800px) 100vw, 800px\" \/><figcaption class=\"wp-element-caption\">Beispielbild Handschelle \/ Verhaftung, dient lediglich der Visualisierung<\/figcaption><\/figure><\/div>\n\n\n<p>Am Samstag meldete die Angestellte eines Drogeriemarktes in der Sonderburger Stra\u00dfe, dass um kurz nach 19 Uhr zwei M\u00e4nner Parf\u00fcms aus dem Gesch\u00e4ft stahlen und dann in Richtung Waldhof fl\u00fcchteten. Eine Streife des Polizeireviers Mannheim-Sandhofen gelang es im Rahmen der sofort eingeleiteten Fahndung nach den Ladendieben zwei Tatverd\u00e4chtige vorl\u00e4ufig festzunehmen. Einer der M\u00e4nner, ein 44-J\u00e4hriger, hatte eine T\u00fcte mit sieben Parfums bei sich, die von der Polizei als Beweismittel sichergestellt wurde. Die weiteren Ermittlungen ergaben, dass die beiden M\u00e4nner auch am Vortag in genau dem gleichen Drogeriemarkt einen Diebstahl begangen hatten. An besagtem Freitag entwendeten sie um kurz vor 15:30 Uhr insgesamt 24 Parf\u00fcms. Der Gesamtschaden der Straftaten wird auf \u00fcber 800 Euro gesch\u00e4tzt. Der 44-J\u00e4hrige und sein 28-j\u00e4hriger Komplize m\u00fcssen sich nun wegen des Verdachts des gewerbsm\u00e4\u00dfigen Diebstahls vor Gericht verantworten.<\/p>\n\n\n\n<h2 class=\"wp-block-heading\">(Mannheim) &#8211; Unbekanntes Trio entwenden Bargeld und Getr\u00e4nke aus Gastst\u00e4tte<\/h2>\n\n\n\n<p>Am Samstag im Tatzeitraum zwischen 05:03 Uhr und 05:20 Uhr verschaffte sich eine dreik\u00f6pfige T\u00e4tergruppierung Zutritt zu einer Gastst\u00e4tte im Quadrat H 1 der Mannheimer Innenstadt. Ersten Ermittlungen zu Folge gelangten die Tatverd\u00e4chtigen \u00fcber ein Fenster in den Schankraum ohne dass dieses dadurch besch\u00e4digt wurde. Sie stahlen Bargeld in H\u00f6he von etwa 500 Euro sowie eine unbestimmte Anzahl an Getr\u00e4nken.<\/p>\n\n\n\n<ul>\n<li><strong>Die Polizei Mannheim-Oststadt hat die Ermittlungen aufgenommen und bittet um Mitteilung, wenn Zeugen sachdienliche Hinweise zu dem Sachverhalt machen k\u00f6nnen. Diese werden gebeten, sich beim Polizeirevier Mannheim-Oststadt unter der Telefonnummer 0621 174-3310 zu melden.<\/strong><\/li>\n<\/ul>\n\n\n\n<h2 class=\"wp-block-heading\">(Mannheim \/ Heidelberg \/ Rhein-Neckar-Kreis) &#8211; Schwerpunktkontrollen des Polizeipr\u00e4sidiums Mannheim zu Gurt- und Mobiltelefonnutzung<\/h2>\n\n\n<div class=\"wp-block-image\">\n<figure class=\"aligncenter size-full\"><img decoding=\"async\" loading=\"lazy\" width=\"800\" height=\"447\" src=\"https:\/\/speyer24news.com\/wp-content\/uploads\/2022\/09\/Kontrolle-2.jpg\" alt=\"\" class=\"wp-image-49124\" srcset=\"https:\/\/speyer24news.com\/wp-content\/uploads\/2022\/09\/Kontrolle-2.jpg 800w, https:\/\/speyer24news.com\/wp-content\/uploads\/2022\/09\/Kontrolle-2-300x168.jpg 300w, https:\/\/speyer24news.com\/wp-content\/uploads\/2022\/09\/Kontrolle-2-768x429.jpg 768w\" sizes=\"(max-width: 800px) 100vw, 800px\" \/><\/figure><\/div>\n\n\n<p>Das Land Baden-W\u00fcrttemberg arbeitet mit themenorientierten \u00dcberwachungsaktionen weiter auf das allgemeine Ziel der &#8222;Vision-Zero&#8220; hin. Im Zuge dessen soll die Zahl der bei Verkehrsunf\u00e4llen get\u00f6teten Personen in Baden-W\u00fcrttemberg bis 2030 um mindestens 60 Prozent, die Anzahl der Schwerverletzten um 30 Prozent gesenkt werden, ausgehend von den Zahlen des Jahres 2010.<\/p>\n\n\n\n<p>Um diese Vision Realit\u00e4t werden zu lassen, tr\u00e4gt das Polizeipr\u00e4sidium Mannheim durch Schwerpunktkontrollen zur Erh\u00f6hung der Verkehrssicherheit bei. Im Zeitraum vom 11.03. bis zum 17.03.2024 f\u00fchrten die Beamtinnen und Beamte der hiesigen Verkehrspolizeiinspektion zahlreiche Kontrollen mit der prim\u00e4ren Zielrichtung der \u00dcberwachung der Gurtanlegepflicht durch. Dies beinhaltete auch die \u00dcberpr\u00fcfung einer sachgem\u00e4\u00dfen Nutzung von Kinderr\u00fcckhaltesystemen. Da Ablenkung eine der Hauptunfallursachen darstellt, lag ein weiteres Augenmerk der Aktionswoche auf der Nutzung von Mobiltelefonen beim F\u00fchren eines Kraftfahrzeugs oder beim Fahrradfahren.<\/p>\n\n\n\n<p>Insgesamt konnten 59 Verst\u00f6\u00dfe gegen die Gurtanlegepflicht festgesellt werden. In 6 weiteren F\u00e4llen waren Kinder ohne ausreichende Sicherung transportiert worden. 161 Personen gelangten zur Anzeige auf Grund einer unzul\u00e4ssigen Mobiltelefonnutzung. Im Rahmen der Kontrollen ergaben sich 39 weitere Ordnungsverst\u00f6\u00dfe, die ebenfalls konsequent geahndet wurden. Im weiteren Verlauf des Jahres wird die Verkehrspolizeiinspektion des Polizeipr\u00e4sidiums Mannheim mit zahlreichen Schwerpunktkontrollen auch weiterhin zu einem sicheren Miteinander auf den Stra\u00dfen beitragen.<\/p>\n\n\n\n<h2 class=\"wp-block-heading\">(Heidelberg) &#8211; Brand eines Fahrradanh\u00e4ngers \/ Zeugen gesucht!<\/h2>\n\n\n\n<p>Durch eine bislang unbekannte T\u00e4terschaft wurde am Montag in den fr\u00fchen Morgenstunden gegen 00:15 Uhr ein Fahrradanh\u00e4nger f\u00fcr Kinder in Brand gesetzt.<\/p>\n\n\n\n<p>Der Anh\u00e4nger zum Transportieren von Kindern befand sich in der N\u00e4he eines Mehrfamilienhauses im Margot-Becke-Ring im Bereich der M\u00fclltonnen, als dieser entflammte. Die Feuerwehr konnte den Brand l\u00f6schen und ein \u00dcbergreifen der Flammen auf die umliegenden M\u00fclltonnen und Geb\u00e4ude verhindern. Verletzt wurde durch den Brand niemand. Eine Schadensh\u00f6he ist nicht zu beziffern. Die Ermittlungen wurden durch das Polizeirevier Heidelberg-S\u00fcd \u00fcbernommen.<\/p>\n\n\n\n<ul>\n<li><strong>Zeugen, die Hinweise auf die Tat oder die bislang unbekannte T\u00e4terschaft geben k\u00f6nnen, werden gebeten sich beim Polizeirevier Heidelberg-S\u00fcd unter der Telefonnummer 06221 3418-0 zu melden.<\/strong><\/li>\n<\/ul>\n\n\n\n<h2 class=\"wp-block-heading\">(Heidelberg) &#8211; Einbr\u00fcche in zwei Universit\u00e4tsgeb\u00e4ude<\/h2>\n\n\n\n<p>Im Laufe des Wochenendes brach eine bislang unbekannte T\u00e4terschaft sowohl in eine Fakult\u00e4t der Universit\u00e4t Heidelberg in der Kisselgasse als auch in ein Institut in der Stra\u00dfe Im Neuenheimer Feld ein. Der Einbruch in der Altstadt wurde am Samstagabend gegen 18 Uhr bemerkt. Eine unbekannte T\u00e4terschaft hatte ein B\u00fcroraum sowie mehrere darin befindliche Schubladen aufgebrochen. Die H\u00f6he der entstandenen Sch\u00e4den ist bislang noch unklar. In Neuenheim bemerkte eine Zeugin am Sonntag gegen 10:30 Uhr mehrere besch\u00e4digte B\u00fcrot\u00fcren in einem Institut der Universit\u00e4t Heidelberg. Mit massiver Gewalt ging die unbekannte T\u00e4terschaft vor, als sie die B\u00fcrot\u00fcren aufhebelte und sowohl die Rahmen als auch die T\u00fcren besch\u00e4digte. Der Schaden wird auf knapp 600 Euro gesch\u00e4tzt. Ob die Taten im Zusammenhang stehen, ist Teil der durch das Polizeirevier Heidelberg-Mitte sowie durch das Polizeirevier Heidelberg-Nord eingeleiteten Ermittlungen wegen der besonders schweren F\u00e4lle des Diebstahls.<\/p>\n\n\n\n<h2 class=\"wp-block-heading\">(B 535 \/ Heidelberg) &#8211; Oldtimer kommt von Stra\u00dfe ab und prallt gegen Baum<\/h2>\n\n\n\n<p>Am Samstag fuhr ein 53-J\u00e4hriger mit seinem Oldtimer auf der B 535 von Schwetzingen in Richtung Heidelberg. Als er um kurz nach 16:30 Uhr mit seinem historischen Citroen in Richtung Bruchhausen abfuhr, kam er vermutlich auf Grund eines technischen Defekt in einer Rechtskurve von der Fahrbahn ab und prallte trotz einer eingeleiteten Gefahrenbremsung gegen einen Baum. Dabei verletzte er sich leicht. Eine sofortige medizinische Behandlung in einem Krankenhaus war zum Gl\u00fcck nicht von N\u00f6ten, jedoch entstand an dem Oldtimer ein wirtschaftlicher Totalschaden. Die Wiederherstellungskosten werden auf knapp 25.000 Euro gesch\u00e4tzt. Zum Zwecke der Unfallaufnahme musste die Abfahrt zeitweise gesperrt werden. Das Polizeirevier Heidelberg-S\u00fcd ermittelt hinsichtlich der genauen Unfallursache.<\/p>\n\n\n\n<h2 class=\"wp-block-heading\">(Heidelberg) &#8211; Unfall auf Parkplatz eines Einkaufsmarktes \/ Fahrer fl\u00fcchtet &#8211; Zeugen gesucht!<\/h2>\n\n\n<div class=\"wp-block-image\">\n<figure class=\"aligncenter size-full\"><img decoding=\"async\" loading=\"lazy\" width=\"801\" height=\"600\" src=\"https:\/\/speyer24news.com\/wp-content\/uploads\/2020\/05\/Zeugen-gesucht-Neutral.jpg\" alt=\"\" class=\"wp-image-26598\" srcset=\"https:\/\/speyer24news.com\/wp-content\/uploads\/2020\/05\/Zeugen-gesucht-Neutral.jpg 801w, https:\/\/speyer24news.com\/wp-content\/uploads\/2020\/05\/Zeugen-gesucht-Neutral-300x225.jpg 300w, https:\/\/speyer24news.com\/wp-content\/uploads\/2020\/05\/Zeugen-gesucht-Neutral-768x575.jpg 768w, https:\/\/speyer24news.com\/wp-content\/uploads\/2020\/05\/Zeugen-gesucht-Neutral-678x509.jpg 678w, https:\/\/speyer24news.com\/wp-content\/uploads\/2020\/05\/Zeugen-gesucht-Neutral-326x245.jpg 326w, https:\/\/speyer24news.com\/wp-content\/uploads\/2020\/05\/Zeugen-gesucht-Neutral-80x60.jpg 80w\" sizes=\"(max-width: 801px) 100vw, 801px\" \/><\/figure><\/div>\n\n\n<p>Am Samstag im Zeitraum zwischen 12:50 Uhr und 13:05 Uhr besch\u00e4digte ein bisher unbekannter Autofahrer beziehungsweise eine unbekannte Autofahrerin ein geparktes Auto und entfernte sich danach unerlaubt vom Unfallort.<\/p>\n\n\n\n<p>Das Auto eines 57-J\u00e4hrigen wurde vermutlich beim Ausparken einer bislang unbekannten Person auf dem &#8222;REWE&#8220;-Parkplatz in der Felix-Wankel-Stra\u00dfe besch\u00e4digt. Hierbei wurde der graufarbige KIA Sportage an der Frontseite touchiert und es entstand ein Sachschaden in H\u00f6he von etwa 2.500 Euro.<\/p>\n\n\n\n<ul>\n<li><strong>Das Polizeirevier Heidelberg-S\u00fcd hat die Ermittlungen aufgenommen und bittet Zeugen, die Hinweise zum Fahrer\/zur Fahrerin oder zum Fahrzeug machen k\u00f6nnen oder sonstige sachdienliche Hinweise geben k\u00f6nnen, sich unter der Telefonnummer 06221 3418-0 zu melden.<\/strong><\/li>\n<\/ul>\n\n\n\n<h2 class=\"wp-block-heading\">(Oftersheim \/ Rhein-Neckar-Kreis) &#8211; Betrunken im Auto unterwegs<\/h2>\n\n\n\n<p>Einer Streife befuhr am Freitagabend gegen 18:30 Uhr die Stra\u00dfe &#8222;Wingertsbuckel&#8220;, als ihnen der Fahrer eines Ford Transit durch seine auff\u00e4llig Fahrweise auffiel. Aufgrund dessen wurde der 65-j\u00e4hrige Fahrer des Fords einer allgemeinen Verkehrskontrolle unterzogen. Hierbei kam schnell der Verdacht auf, dass der Mann Alkohol konsumiert hatte, weshalb bei ihm ein freiwilliger Atemalkoholtest durchgef\u00fchrt wurde. Dieser zeigte einen Wert von \u00fcber 1,6 Promille an. Der Mann wurde daraufhin auf das n\u00e4chstgelegene Polizeirevier verbracht, wo ihm eine Blutprobe entnommen wurde. Sein F\u00fchrerschein wurde sichergestellt und er darf vorerst kein Fahrzeug mehr im Stra\u00dfenverkehr f\u00fchren. Den Fahrzeugschl\u00fcssel nahm die Frau des 65-J\u00e4hrigen entgegen. Der Mann muss sich nun wegen Trunkenheit im Stra\u00dfenverkehr verantworten.<\/p>\n\n\n\n<h2 class=\"wp-block-heading\">(M\u00fchlhausen \/ Rettigheim \/ Rhein-Neckar-Kreis) &#8211; Einsatz eines Polizeihubschraubers zur Personensuche<\/h2>\n\n\n<div class=\"wp-block-image\">\n<figure class=\"aligncenter size-full\"><img decoding=\"async\" loading=\"lazy\" width=\"800\" height=\"600\" src=\"https:\/\/speyer24news.com\/wp-content\/uploads\/2020\/07\/Hubschrauber-bei-Personensuche.jpg\" alt=\"\" class=\"wp-image-29175\" srcset=\"https:\/\/speyer24news.com\/wp-content\/uploads\/2020\/07\/Hubschrauber-bei-Personensuche.jpg 800w, https:\/\/speyer24news.com\/wp-content\/uploads\/2020\/07\/Hubschrauber-bei-Personensuche-300x225.jpg 300w, https:\/\/speyer24news.com\/wp-content\/uploads\/2020\/07\/Hubschrauber-bei-Personensuche-768x576.jpg 768w, https:\/\/speyer24news.com\/wp-content\/uploads\/2020\/07\/Hubschrauber-bei-Personensuche-678x509.jpg 678w, https:\/\/speyer24news.com\/wp-content\/uploads\/2020\/07\/Hubschrauber-bei-Personensuche-326x245.jpg 326w, https:\/\/speyer24news.com\/wp-content\/uploads\/2020\/07\/Hubschrauber-bei-Personensuche-80x60.jpg 80w\" sizes=\"(max-width: 800px) 100vw, 800px\" \/><figcaption class=\"wp-element-caption\">Polizeihubschrauber bei Suchma\u00dfnahme in der Nacht, Bilddient lediglich der Visualisierung<\/figcaption><\/figure><\/div>\n\n\n<p>Aufgrund eines polizeilichen Einsatzes befindet sich aktuell der Polizeihubschrauber im Bereich M\u00fchlhausen\/Rettigheim. Hier wird eine m\u00e4nnliche Person gesucht, die sich eventuell in einer hilflosen Lage befindet. <\/p>\n\n\n\n<h4 class=\"wp-block-heading\">Der Mann wird wie folgt beschrieben: <\/h4>\n\n\n\n<ul>\n<li><strong>schwarze Haare<\/strong><\/li>\n\n\n\n<li><strong>ca. 25-30 Jahre<\/strong><\/li>\n\n\n\n<li><strong>ca. 175cm gro\u00df<\/strong><\/li>\n\n\n\n<li><strong>spanischer Akzent<\/strong><\/li>\n<\/ul>\n\n\n\n<ul>\n<li><strong>Personen, die Hinweise zum Aufenthaltsort des Mannes geben k\u00f6nnen, werden gebeten, sich mit dem Polizeirevier Wiesloch unter Tel. 062022\/ 57090 oder dem polizeilichen Notruf 110 in Verbindung zu setzten.<\/strong><\/li>\n<\/ul>\n\n\n\n<h3 class=\"wp-block-heading has-text-align-center\">Suche nach Person mit Polizeihubschrauber beendet \/ Pressemeldung Nr. 2<\/h3>\n\n\n\n<p>Aufgrund der Absuche des Bereiches um Rettigheim befanden sich in der Nacht vom Sonntag auf Montag mehrere Polizeikr\u00e4fte sowie ein Polizeihubschrauber im Einsatz. Im Rahmen dieser Suchma\u00dfnahmen konnte die gesuchte Person ermittelt und wohlbehalten angetroffen werden. Die Suchma\u00dfnahmen der Polizei sind beendet. (<em>18.03.2024 \u2013 03:38<\/em>)<\/p>\n\n\n\n<h2 class=\"wp-block-heading\">(A 6 \/ Dielheim \/ Rhein-Neckar-Kreis) &#8211; Autofahrerin verursacht Unfall beim \u00dcberholen auf der Autobahn<\/h2>\n\n\n\n<p>Am Freitag gegen 17:15 Uhr kollidieren zwei Autos miteinander in Folge eines \u00dcberholman\u00f6vers.<\/p>\n\n\n\n<p>Eine 52-j\u00e4hrige Chrysler-Fahrerin befand sich auf dem mittleren Fahrstreifen der BAB 6 zwischen der Anschlussstelle Wiesloch\/Rauenberg und Sinsheim, als sie zum \u00dcberholen ansetzte und dabei einen 58-j\u00e4hrigen Skoda-Fahrer auf der linken Fahrspur \u00fcbersah.<\/p>\n\n\n\n<p>Beim Fahrspurenwechsel der Unfallverursacherin kollidierten die beiden Autos miteinander, woraufhin an beiden Fahrzeugen Sch\u00e4den in H\u00f6he von etwa 6.500 Euro entstanden sind.<\/p>\n\n\n\n<p>Die Fahrzeuginsassen der beiden Fahrzeuge blieben unverletzt.<\/p>\n\n\n\n<h2 class=\"wp-block-heading\">(B 45 \/ Hoffenheim \/ Rhein-Neckar-Kreis) &#8211; Frau f\u00e4hrt berauscht in den Gr\u00fcnstreifen<\/h2>\n\n\n\n<p>Eine 24-J\u00e4hrige war am Samstagabend mit einem Opel auf der B 45 von Hoffenheim in Richtung Zuzenhausen unterwegs. Laut einer Zeugin geriet das Fahrzeug um kurz vor 18:30 Uhr aus nicht erkennbarem Grund nach links in den Gegenverkehr. Dann zog das Fahrzeug pl\u00f6tzlich scharf nach rechts, kam von der Fahrbahn auf den Gr\u00fcnstreifen und \u00fcberfuhr einen Leitpfosten. In einem Schlingerkurs ging die Fahrt weiter, bis diese in einem Reisighaufen neben der Stra\u00dfe endete. Durch das Fahrman\u00f6ver wurden mehrere Verkehrsteilnehmer gef\u00e4hrdet, aber gl\u00fccklicherweise niemand verletzt, auch die Fahrerin nicht. W\u00e4hrend der Unfallaufnahme ergaben sich bei ihr zahlreiche Hinweise auf eine Beeintr\u00e4chtigung der Fahrtauglichkeit. Ein Atemtest bei der 24-J\u00e4hrigen ergab, dass sie mit \u00fcber 1,8 Promille am Steuer gewesen war. Zudem reagierte ein Urintest positiv, so dass der Verdacht bestand, dass die Frau zuvor Kokain und Cannabis konsumiert hatte. Dar\u00fcber hinaus r\u00e4umte die Fahrerin ein, dass sie im Laufe des Tages mehrere Medikamente eingenommen hatte, die im Zusammenwirken mit Alkohol die Fahrt\u00fcchtigkeit beeinflussen k\u00f6nnen. Daher musste die Frau mehrere Blutproben abgeben. Einen F\u00fchrerschein konnte sie nicht vorweisen, da sie diesen laut ihren eigenen Angaben einige Monate zuvor irgendwo verloren hatte. Diesen Umstand hatte sie aber der zust\u00e4ndigen Beh\u00f6rde nicht gemeldet. Ob das der Wahrheit entspricht, ist Gegenstand der weiteren Ermittlungen, die durch das Polizeirevier Sinsheim unter anderem wegen einer Gef\u00e4hrdung des Stra\u00dfenverkehrs gef\u00fchrt werden.<\/p>\n\n\n\n<h2 class=\"wp-block-heading\">(Sinsheim \/ Rhein-Neckar-Kreis) &#8211; Drei Einbr\u00fcche in Wohnh\u00e4user<\/h2>\n\n\n\n<p>Im Zeitraum zwischen Freitag und Sonntag kam es in Sinsheim zu drei Einbr\u00fcchen in Wohnh\u00e4user, wobei es in einem Fall bei einem Versuch blieb.<\/p>\n\n\n\n<p>Am Freitag gegen 20 Uhr befand sich eine 36-j\u00e4hrige Hausbewohnerin im ersten Obergeschoss ihres Wohnhauses, als sie im Erdgeschoss ein klirrendes Ger\u00e4usch wahrnahm. Zun\u00e4chst ordnete sie dieses ihren Katzen zu, bis sie erneut ein solches Ger\u00e4usch wahrnahm und ins Erdgeschoss ging, um nach dem Rechten zu schauen. Hierzu schaltete sie das Licht im Flur an und stellte im Wohnzimmer fest, dass die Scheibe eines Fensters mit einem Stein eingeschlagen und dieses ge\u00f6ffnet wurde. Die unbekannte T\u00e4terschaft konnte sie jedoch weder im Haus, noch au\u00dferhalb feststellen. Umgehend wurde die Polizei informiert, welche den Sachverhalt vor Ort \u00fcbernahm. Die unbekannte T\u00e4terschaft konnte im Umkreis nicht mehr festgestellt werden. Gl\u00fccklicherweise hatte die 36-J\u00e4hrige die unbekannte T\u00e4terschaft noch rechtzeitig entdeckt, bevor diese etwas stehlen konnte.<\/p>\n\n\n\n<p>Anders erging es den Hauseigent\u00fcmern eines Wohnanwesens in der Dr. Bell-Stra\u00dfe. Diese stellten bei ihrer Ankunft fest, dass am Samstag im Zeitraum zwischen 18.15 Uhr und 23.45 Uhr \u00fcber ein aufgehebeltes Badfenster im r\u00fcckw\u00e4rtigen Bereich des Anwesens eingebrochen und die R\u00e4umlichkeiten im Erdgeschoss und im Dachgeschoss durchw\u00fchlt wurden. Entwendet wurde eine geringe Menge an Goldschmuck. Wie hoch der Diebstahls- sowie der entstandene Sachschaden ist, ist bislang unbekannt.<\/p>\n\n\n\n<p>In der Steinsbergstra\u00dfe kam es zwischen 18.30 Uhr und 23.45 Uhr ebenfalls zu einem Einbruch in ein Einfamilienhaus. Hier verschaffte sich die bislang unbekannte T\u00e4terschaft durch das Aufhebeln eines r\u00fcckw\u00e4rtig liegenden Wohnzimmerfensters Zutritt in die Innenr\u00e4ume des Wohnhauses und durchw\u00fchlte diese. Im Anschluss verlie\u00df die unbekannte T\u00e4terschaft die Wohnr\u00e4umlichkeiten \u00fcber die Balkont\u00fcr und den angrenzenden Garten. Es wurden Bargeld und Schmuck entwendet. Der Diebstahlsschaden bel\u00e4uft sich auf einen niedrigen vierstelligen Betrag. Wie hoch der entstandene Sachschaden ist, ist bislang noch unbekannt.<\/p>\n\n\n\n<p>Da sich die \u00d6rtlichkeiten der beiden vollendeten Einbr\u00fcche dicht beieinander befinden und die Taten im gleichen Zeitraum stattfanden, kann davon ausgegangen werden, dass es sich hierbei um die gleiche unbekannte T\u00e4terschaft handelt.<\/p>\n\n\n\n<ul>\n<li><strong>Zeugen, die sachdienliche Hinweise zu der Tat oder der bislang unbekannten T\u00e4terschaft geben k\u00f6nnen werden gebeten sich bei der Kriminalpolizei zu melden, unter 0621-174-4444.<\/strong><\/li>\n<\/ul>\n\n\n\n<h4 class=\"wp-block-heading\"><em>Wie Sie sich vor Einbr\u00fcchen besser sch\u00fctzen k\u00f6nnen, erfahren Sie hier:\u00a0<a href=\"https:\/\/www.polizei-beratung.de\/themen-und-tipps\/einbruch\/technische-sicherheit\/\" target=\"_blank\" rel=\"noreferrer noopener\">https:\/\/www.polizei-beratung.de\/themen-und-tipps\/einbruch\/technische-sicherheit\/<\/a><\/em><\/h4>\n\n\n\n<h2 class=\"wp-block-heading\">(Neckarbischofsheim \/ Rhein-Neckar-Kreis) &#8211; Berauscht im Stra\u00dfenverkehr unterwegs<\/h2>\n\n\n\n<p>Ein 18-j\u00e4hriger VW-Fahrer befuhr am Sonntagabend gegen 20:40 Uhr die Waibstadter-Stra\u00dfe als er durch eine Streife einer allgemeinen Verkehrskontrolle unterzogen wurde. Da sich der junge Mann auff\u00e4llig verhielt wurde bei ihm ein freiwilliger Drogenvortest durchgef\u00fchrt, welcher positiv auf THC reagierte. Er wurde daraufhin mit auf die Dienststelle genommen, wo ihm eine Blutprobe entnommen wurde. Die Weiterfahrt wurde ihm f\u00fcr 24 Stunden untersagt. Gegen den 18-J\u00e4hrigen wird nun wegen des Fahrens unter Bet\u00e4ubungsmitteleinfluss ermittelt, zudem muss er mit f\u00fchrerscheinrechtlichen Konsequenzen rechnen.<\/p>\n\n\n\n<h2 class=\"wp-block-heading\">(Neidenstein \/ Rhein-Neckar-Kreis) &#8211; Unfall zwischen Auto und Quad \/ Zwei schwer verletzte Personen<\/h2>\n\n\n\n<p>Zu einem Verkehrsunfall kam es am Sonntag gegen 13:35 Uhr an der Kreuzung Daisbachtalstra\u00dfe \/ L549. Ein 48-j\u00e4hriger BMW-Fahrer befuhr die Daisbachtalstra\u00dfe in Fahrtrichtung Neidenstein\/Waibstadt. Als er an der Kreuzung zur L 549 nach links in Richtung Neidenstein abbiegen wollte, \u00fcbersah er einen Quad-Fahrer, welcher von Neidenstein in Richtung Waibstadt unterwegs war und kollidierte mit diesem. Der 28-j\u00e4hrige Quad-Fahrer sowie seine 54-j\u00e4hrige Beifahrerin wurden dabei schwer verletzt und mit Rettungsw\u00e4gen in eine Klinik gefahren. Der entstandene Sachschaden liegt bei rund 10.000 Euro.<\/p>\n\n\n\n<h2 class=\"wp-block-heading\">(Eberbach \/ Rhein-Neckar-Kreis) &#8211; Flucht vor Polizeikontrolle &#8211; Fahrer unter Einfluss von Drogen, ohne F\u00fchrerschein und mit falschen Kennzeichen unterwegs<\/h2>\n\n\n\n<p>Am Sonntag gegen 15 Uhr versuchte sich ein 33-j\u00e4hriger VW-Fahrer auf der Friedrichdorfer Landstra\u00dfe einer Polizeikontrolle zu entziehen. Erst nach einer rasanten Verfolgungsfahrt mit \u00fcberh\u00f6hter Geschwindigkeit und diversen \u00dcberholman\u00f6vern seitens des fl\u00fcchtigen Fahrzeugf\u00fchrers konnte dieser in der Ortslage Eberbach gestoppt werden.<\/p>\n\n\n\n<p>Es stellte sich heraus, dass der Autofahrer das Fahrzeug unter dem Einfluss von Amphetamin und Cannabis fuhr und nicht im Besitz der notwendigen Fahrerlaubnis war. Zudem hatte der Mann falsche Kennzeichen am Fahrzeug angebracht und dieses nicht versichert. Woher die Kennzeichen stammen, ist bislang noch nicht bekannt.<\/p>\n\n\n\n<p>Im weiteren Verlauf wurde dem Fahrzeugf\u00fchrer die Weiterfahrt untersagt und ihm musste eine Blutprobe entnommen werden. Zudem wurden die am Fahrzeug befindlichen Kennzeichen als Beweismittel einbehalten.<\/p>\n\n\n\n<p>Die Polizei Eberbach hat die Ermittlungen aufgenommen.<\/p>\n\n\n\n<h2 class=\"wp-block-heading\">(Schriesheim \/ Rhein-Neckar-Kreis) &#8211; Missachtung der Vorfahrt f\u00fchrt zum Unfall \/ Beifahrerin wird eingeklemmt<\/h2>\n\n\n\n<p>Ein 36-j\u00e4hriger Citroen-Fahrer befuhr am Sonntag gegen 20.50 Uhr zusammen mit seiner Familie die Zentgrafenstra\u00dfe in \u00f6stliche Richtung, w\u00e4hrend ein 18-j\u00e4hriger Kia-Fahrer die Bismarckstra\u00dfe in n\u00f6rdliche Richtung befuhr. Im Kreuzungsbereich der beiden Stra\u00dfen kam es infolge einer Vorfahrtsmissachtung seitens des Citroen-Fahrers zur Kollision der beiden Fahrzeuge. Bei dem Unfall wurde die Beifahrerin des Citroen-Fahrers im Fahrzeug eingeschlossen und konnte erst durch die Freiwillige Feuerwehr Schriesheim aus dem Fahrzeug geborgen werden. Sie wurde zur medizinischen Behandlung durch den Rettungsdienst in ein Krankenhaus gebracht. Alle anderen Beteiligten blieben unverletzt. Beide Fahrzeuge mussten abgeschleppt werden und es entstand ein Sachschaden in H\u00f6he von ca. 18.000 Euro.<\/p>\n\n\n\n<h2 class=\"wp-block-heading\">(Hirschberg \/ Rhein-Neckar-Kreis) &#8211; Unbekannter Fahrzeugf\u00fchrer verursacht Sch\u00e4den auf Wiese \/ Polizei sucht Zeugen<\/h2>\n\n\n\n<p>Ein bislang unbekannter Fahrzeugf\u00fchrer besch\u00e4digte mit einem bislang unbekannten Fahrzeug die Wiese eines Bauernhofs. Der Eigent\u00fcmer der Wiese stellte am Sonntag gegen 8.30 Uhr fest, dass seine Wiese im &#8218;Gewann G\u00e4nskeitel&#8216; frische Besch\u00e4digungen aufwies, die vermuten lassen, dass ein Fahrzeugf\u00fchrer mit seinem Fahrzeug mehrere Kreise auf der Wiese zog und so einen Flurschaden in H\u00f6he eines niedrigen vierstelligen Betrages verursachte. Der Tatzeitraum der Sachbesch\u00e4digung muss zwischen Samstag 19.30 Uhr und Sonntag 8.30 Uhr liegen.<\/p>\n\n\n\n<ul>\n<li><strong>Zeugen, die sachdienliche Hinweise zu dem Fahrer, dem Fahrzeug oder der Tat geben k\u00f6nnen, werden gebeten, sich beim Polizeirevier Weinheim zu melden, unter: 06201-10030.<\/strong><\/li>\n<\/ul>\n\n\n\n<h2 class=\"wp-block-heading\">(Hemsbach \/ Rhein-Neckar-Kreis) &#8211; Unfall nach Vorfahrtsmissachtung<\/h2>\n\n\n\n<p>Am Samstag kam es an der Kreuzung der Richard-Wagner-Stra\u00dfe zur Friedrich-Ebert-Stra\u00dfe um kurz nach 16 Uhr zu einem Unfall zwischen zwei Autos. Nach derzeitigem Erkenntnisstand missachtete eine 18-J\u00e4hrige mit ihrem KIA die Vorfahrt eines von rechts kommenden Fords. Gl\u00fccklicherweise blieb es bei einem Blechschaden. Dessen H\u00f6he wird auf 6.000 Euro gesch\u00e4tzt. Die junge Fahrerin muss nun mit einem Bu\u00dfgeld und mit f\u00fchrerscheinrechtlichen Konsequenzen rechnen, da sie sich noch in der Probezeit befindet.<\/p>\n\n\n\n<h2 class=\"wp-block-heading\">(Laudenbach \/ Rhein-Neckar-Kreis) &#8211; Einbrecher stiehlt Kinderspardosen \/ Polizei sucht Zeugen<\/h2>\n\n\n<div class=\"wp-block-image\">\n<figure class=\"aligncenter size-full\"><img decoding=\"async\" loading=\"lazy\" width=\"800\" height=\"516\" src=\"https:\/\/speyer24news.com\/wp-content\/uploads\/2021\/07\/Diebstahl.jpg\" alt=\"\" class=\"wp-image-39167\" srcset=\"https:\/\/speyer24news.com\/wp-content\/uploads\/2021\/07\/Diebstahl.jpg 800w, https:\/\/speyer24news.com\/wp-content\/uploads\/2021\/07\/Diebstahl-300x194.jpg 300w, https:\/\/speyer24news.com\/wp-content\/uploads\/2021\/07\/Diebstahl-768x495.jpg 768w\" sizes=\"(max-width: 800px) 100vw, 800px\" \/><\/figure><\/div>\n\n\n<p>Einen Schockmoment gab es am Samstag f\u00fcr einen jungen Mann, als um kurz nach 14 Uhr pl\u00f6tzlich ein unbekannter Mann in seinem Zimmer stand. Jener sagte noch: &#8222;Sorry sir&#8220; und rannte davon. Nach ersten Erkenntnissen drang der Unbekannte am Nachmittag \u00fcber die unverschlossene Hintert\u00fcre in das Haus in der Herdichsgartenstra\u00dfe ein. Der Einbrecher durchsuchte mehrere R\u00e4ume und stahl, neben Elektronikger\u00e4ten, auch zwei Kinderspardosen. Nach dem ungeplanten Zusammentreffen mit dem Hausbewohner floh der Tatverd\u00e4chtige durch die Hintert\u00fcre. Die genaue Schadensh\u00f6he ist bis dato nicht bekannt.<\/p>\n\n\n\n<h4 class=\"wp-block-heading\">Der Tatverd\u00e4chtige war:<\/h4>\n\n\n\n<ul>\n<li><strong>40-50 Jahre alt<\/strong><\/li>\n\n\n\n<li><strong>ungef\u00e4hr 175 cm gro\u00df <\/strong><\/li>\n\n\n\n<li><strong>hatte schwarz-gr\u00e4uliche Haare<\/strong><\/li>\n\n\n\n<li><strong>Er war dunkel bekleidet und trug einen Vollbart.<\/strong><\/li>\n<\/ul>\n\n\n\n<ul>\n<li><strong>Zeugen, die sachdienliche Hinweise geben k\u00f6nnen, werden gebeten, sich beim Polizeirevier Weinheim unter der Telefonnummer 06201-10030 zu melden.<\/strong><\/li>\n<\/ul>\n","protected":false},"excerpt":{"rendered":"<div class=\"mh-excerpt\"><p>Polizeimeldungen vom Montag (18.03.2024) (Speyer) &#8211; K\u00f6rperliche Auseinandersetzung in einer Asylaufnahmeeinrichtung Aus bislang ungekl\u00e4rter Ursache kam es am 18.03.2024, gegen 15.35 Uhr, in einer Asylaufnahmeeinrichtung zwischen mehreren Personen zu einer k\u00f6rperlichen Auseinandersetzung, bei der es <a class=\"mh-excerpt-more\" href=\"https:\/\/speyer24news.com\/?p=58807\" title=\"Polizeimeldungen Montag (17.03.24)\">[&#8230;]<\/a><\/p>\n<\/div>","protected":false},"author":3,"featured_media":26162,"comment_status":"open","ping_status":"open","sticky":false,"template":"","format":"standard","meta":{"_monsterinsights_skip_tracking":false,"_monsterinsights_sitenote_active":false,"_monsterinsights_sitenote_note":"","_monsterinsights_sitenote_category":0,"footnotes":""},"categories":[15659],"tags":[7273,7243,7244,10926,13554,350,14537,15084,15267,14538,15361,702,61,2555,14113,6955,6986,6263,63,105,11150,6987,53,13540,16956,4683,14958,9154,12967,102,13626,213,14325,14324,13553,13541,16955,2625,380],"aioseo_notices":[],"amp_enabled":true,"_links":{"self":[{"href":"https:\/\/speyer24news.com\/index.php?rest_route=\/wp\/v2\/posts\/58807"}],"collection":[{"href":"https:\/\/speyer24news.com\/index.php?rest_route=\/wp\/v2\/posts"}],"about":[{"href":"https:\/\/speyer24news.com\/index.php?rest_route=\/wp\/v2\/types\/post"}],"author":[{"embeddable":true,"href":"https:\/\/speyer24news.com\/index.php?rest_route=\/wp\/v2\/users\/3"}],"replies":[{"embeddable":true,"href":"https:\/\/speyer24news.com\/index.php?rest_route=%2Fwp%2Fv2%2Fcomments&post=58807"}],"version-history":[{"count":2,"href":"https:\/\/speyer24news.com\/index.php?rest_route=\/wp\/v2\/posts\/58807\/revisions"}],"predecessor-version":[{"id":58811,"href":"https:\/\/speyer24news.com\/index.php?rest_route=\/wp\/v2\/posts\/58807\/revisions\/58811"}],"wp:featuredmedia":[{"embeddable":true,"href":"https:\/\/speyer24news.com\/index.php?rest_route=\/wp\/v2\/media\/26162"}],"wp:attachment":[{"href":"https:\/\/speyer24news.com\/index.php?rest_route=%2Fwp%2Fv2%2Fmedia&parent=58807"}],"wp:term":[{"taxonomy":"category","embeddable":true,"href":"https:\/\/speyer24news.com\/index.php?rest_route=%2Fwp%2Fv2%2Fcategories&post=58807"},{"taxonomy":"post_tag","embeddable":true,"href":"https:\/\/speyer24news.com\/index.php?rest_route=%2Fwp%2Fv2%2Ftags&post=58807"}],"curies":[{"name":"wp","href":"https:\/\/api.w.org\/{rel}","templated":true}]}}